{"id":252320,"date":"2022-08-02T13:35:24","date_gmt":"2022-08-02T09:35:24","guid":{"rendered":"https:\/\/www.meydan.tv\/?p=252320"},"modified":"2022-08-02T13:35:27","modified_gmt":"2022-08-02T09:35:27","slug":"kurdemirin-kecmis-icra-bascisinin-cezasi-azaldildi","status":"publish","type":"post","link":"https:\/\/www.meydan.tv\/az\/article\/kurdemirin-kecmis-icra-bascisinin-cezasi-azaldildi\/","title":{"rendered":"K\u00fcrd\u0259mirin ke\u00e7mi\u015f icra ba\u015f\u00e7\u0131s\u0131n\u0131n c\u0259zas\u0131 azald\u0131ld\u0131"},"content":{"rendered":"\n<p><\/p>\n\n\n\n<p><em>Dig\u0259r m\u0259murlar\u0131n da c\u0259zas\u0131 endirilib, ke\u00e7mi\u015f M\u0130S r\u0259isi azadl\u0131\u011fa burax\u0131ld\u0131<\/em><\/p>\n\n\n\n<p>K\u00fcrd\u0259mirin ke\u00e7mi\u015f icra ba\u015f\u00e7\u0131s\u0131, iki ildir h\u0259bsd\u0259 olan 57 ya\u015fl\u0131 Ceyhun C\u0259f\u0259rovun c\u0259zas\u0131 8 il 6 aydan 6 il\u0259 endirilib. Bu bar\u0259d\u0259 avqustun 2-d\u0259 \u015eirvan Apelyasiya M\u0259hk\u0259m\u0259sind\u0259 El\u015fad \u018fliyevin s\u0259drlik etdiyi hakiml\u0259r kollegiyas\u0131 q\u0259rar \u00e7\u0131xar\u0131b.<\/p>\n\n\n\n<p>Ceyhun C\u0259f\u0259rovun t\u0259qsirli say\u0131ld\u0131\u011f\u0131 r\u00fc\u015fv\u0259t alma v\u0259 ba\u015fqa madd\u0259l\u0259rd\u0259 c\u0259zan\u0131n minimum h\u0259ddi 6 ild\u0259n yuxar\u0131d\u0131r. Lakin Cinay\u0259t M\u0259c\u0259ll\u0259sinin 62-ci madd\u0259si m\u00fcst\u0259sna hallarda qanunda n\u0259z\u0259rd\u0259 tutulmu\u015f c\u0259zan\u0131n minimum h\u0259ddind\u0259n d\u0259 a\u015fa\u011f\u0131 c\u0259za t\u0259yin etm\u0259y\u0259 imkan verir. Sabiq icra ba\u015f\u00e7\u0131s\u0131na m\u00fcnasib\u0259td\u0259 d\u0259 bu madd\u0259 t\u0259tbiq olunub.<\/p>\n\n\n\n<p>Ceyhun C\u0259f\u0259rov icra ba\u015f\u00e7\u0131s\u0131 olark\u0259n onun birinci m\u00fcavini olmu\u015f Tac\u0259ddin Novruzov, icra hakimiyy\u0259tinin ke\u00e7mi\u015f \u015f\u00f6b\u0259 m\u00fcdiri Natiq K\u0259rimovun c\u0259zas\u0131 8 il 6 aydan 5 il 6 aya endirilib. K\u00fcrd\u0259mir rayon M\u0259rk\u0259zi X\u0259st\u0259xanas\u0131n\u0131n ke\u00e7mi\u015f direktoru Eynulla Novruzov, ba\u015f h\u0259kim M\u0259h\u0259mm\u0259d Musayev, rayonun T\u0259hsil \u015e\u00f6b\u0259sinin sabiq m\u00fcdiri, M\u0259tl\u0259b Allahverdiyev, ba\u015f m\u00fchasibi R\u0259c\u0259b H\u00fcseynovun c\u0259zas\u0131 da 7 ild\u0259n 5 il 6 aya q\u0259d\u0259r azald\u0131l\u0131b. Ya\u015f\u0131lla\u015fd\u0131rma \u0130dar\u0259sinin r\u0259isi olmu\u015f Emin Sad\u0131qovun 4 illik c\u0259zas\u0131 da yar\u0131bayar\u0131 azald\u0131laraq, 2 il olub.<\/p>\n\n\n\n<p>K\u00fcrd\u0259mir M\u0259nzil \u0130stismar Sah\u0259sinin ke\u00e7mi\u015f r\u0259isi S\u0259rv\u0259r M\u0259mm\u0259dov m\u0259hk\u0259m\u0259 zal\u0131ndan azadl\u0131\u011fa burax\u0131l\u0131b. \u015eirvan Apelyasiya M\u0259hk\u0259m\u0259si birinci instansiyan\u0131n ona k\u0259sdiyi c\u0259zan\u0131 d\u0259yi\u015fib. Onun h\u0259bsd\u0259 qald\u0131\u011f\u0131 2 illik m\u00fcdd\u0259t yet\u0259rli hesab edilib v\u0259 \u0259lav\u0259 olaraq, \u00fcz\u0259rin\u0259 500 manat c\u0259rim\u0259 c\u0259zas\u0131 qoyulub.<\/p>\n\n\n\n<p>Bundan ba\u015fqa, ke\u00e7mi\u015f icra ba\u015f\u00e7\u0131s\u0131, onun birinci m\u00fcavini v\u0259 icra hakimiyy\u0259tinin \u015f\u00f6b\u0259 m\u00fcdirinin \u0259mlaklar\u0131n\u0131n m\u00fcsadir\u0259 olunmas\u0131 haqda L\u0259nk\u0259ran A\u011f\u0131r Cinay\u0259tl\u0259r M\u0259hk\u0259m\u0259sinin q\u0259rar\u0131 da l\u0259\u011fv edilib. Bir qeyri-ya\u015fay\u0131\u015f sah\u0259si istisna olmaqla, qalan \u0259mlaklar\u0131n ham\u0131s\u0131n\u0131n \u00fcz\u0259rind\u0259n h\u0259bs g\u00f6t\u00fcr\u00fcl\u00fcb. S\u00f6hb\u0259t a\u015fa\u011f\u0131dak\u0131 \u0259mlaklardan gedir:<\/p>\n\n\n\n<p><em>Bak\u0131n\u0131n X\u0259z\u0259r rayonu, T\u00fcrkan q\u0259s\u0259b\u0259sind\u0259 0,0370 ha torpaq sah\u0259si;<\/em><\/p>\n\n\n\n<p><em>X\u0259z\u0259r rayonu, \u015e\u00fcv\u0259lan q\u0259s\u0259b\u0259sind\u0259 0,12 ha h\u0259y\u0259tyan\u0131 torpaq sah\u0259si;<\/em><\/p>\n\n\n\n<p><em>K\u00fcrd\u0259mir rayonu, Ataki\u015fili k\u0259ndind\u0259 f\u0259rdi ya\u015fay\u0131\u015f evi;<\/em><\/p>\n\n\n\n<p><em>Pirili k\u0259ndind\u0259 6,94 ha t\u0259s\u0259rr\u00fcfat t\u0259yinatl\u0131, 0,48 ha h\u0259y\u0259tyan\u0131 torpaq sah\u0259l\u0259ri;<\/em><\/p>\n\n\n\n<p><em>Karrar k\u0259ndind\u0259 2,07 ha t\u0259s\u0259rr\u00fcfat t\u0259yinatl\u0131 torpaq sah\u0259si;<\/em><\/p>\n\n\n\n<p><em>K\u00fcrd\u0259mir \u015f\u0259h\u0259ri, Bak\u0131 prospektind\u0259 0,0042 ha torpaq sah\u0259si;<\/em><\/p>\n\n\n\n<p><em>Xalid Q\u0259nb\u0259rov k\u00fc\u00e7\u0259si 15 v\u0259 17 \u00fcnvanlar\u0131nda \u00fcmumilikd\u0259 0,25 ha h\u0259y\u0259tyan\u0131 torpaq sah\u0259l\u0259ri;<\/em><\/p>\n\n\n\n<p><em>Bak\u0131 \u015f\u0259h\u0259ri, Bil\u0259c\u0259ri q\u0259s\u0259b\u0259sind\u0259 0, 3 ha torpaq sah\u0259si;<\/em><\/p>\n\n\n\n<p><em>Bak\u0131 \u015f\u0259h\u0259ri, \u015e\u00f6vk\u0259t M\u0259mm\u0259dova k\u00fc\u00e7\u0259si ev 7 \u00fcnvan\u0131nda m\u0259nzil;<\/em><\/p>\n\n\n\n<p><em>Bak\u0131 \u015f\u0259h\u0259ri, \u0130.Dada\u015fov k\u00fc\u00e7\u0259si 74 \u00fcnvan\u0131nda obyekt.<\/em><\/p>\n\n\n\n<p>Ceyhun C\u0259f\u0259rov da daxil olmaqla, t\u0259qsirl\u0259ndiril\u0259n \u015f\u0259xsl\u0259r r\u00fc\u015fv\u0259t almaqda, b\u00fcdc\u0259d\u0259n ayr\u0131lm\u0131\u015f v\u0259saitl\u0259ri m\u0259nims\u0259m\u0259kd\u0259 v\u0259 dig\u0259r \u0259m\u0259ll\u0259rd\u0259 ittiham olunur.<\/p>\n\n\n\n<p>Lakin ke\u00e7mi\u015f icra ba\u015f\u00e7\u0131s\u0131 m\u0259hk\u0259m\u0259d\u0259 dindiril\u0259rk\u0259n \u00f6z\u00fcn\u00fc t\u0259qsirli bilm\u0259yib.<\/p>\n\n\n\n<p>Ceyhun C\u0259f\u0259rov 2011-2014-c\u00fc ild\u0259 T\u0259rt\u0259r rayonunun icra ba\u015f\u00e7\u0131s\u0131 olub. 2014-c\u00fc ild\u0259 K\u00fcrd\u0259mir\u0259 icra ba\u015f\u00e7\u0131s\u0131 t\u0259yin edilib v\u0259 2020-ci ilin avqustunda h\u0259bs olunana q\u0259d\u0259r bu v\u0259zif\u0259d\u0259 \u00e7al\u0131\u015f\u0131b.<\/p>\n","protected":false},"excerpt":{"rendered":"<p>Dig\u0259r m\u0259murlar\u0131n da c\u0259zas\u0131 endirilib, ke\u00e7mi\u015f M\u0130S r\u0259isi azadl\u0131\u011fa burax\u0131ld\u0131 &#8230; <\/p>\n<p class=\"read-more-container\"><a title=\"K\u00fcrd\u0259mirin ke\u00e7mi\u015f icra ba\u015f\u00e7\u0131s\u0131n\u0131n c\u0259zas\u0131 azald\u0131ld\u0131\" class=\"read-more button\" href=\"https:\/\/www.meydan.tv\/az\/article\/kurdemirin-kecmis-icra-bascisinin-cezasi-azaldildi\/#more-252320\" aria-label=\"Read more about K\u00fcrd\u0259mirin ke\u00e7mi\u015f icra ba\u015f\u00e7\u0131s\u0131n\u0131n c\u0259zas\u0131 azald\u0131ld\u0131\">Davam\u0131<\/a><\/p>\n","protected":false},"author":8,"featured_media":159573,"comment_status":"closed","ping_status":"closed","sticky":false,"template":"","format":"standard","meta":{"_acf_changed":false,"_sitemap_exclude":false,"_sitemap_priority":"","_sitemap_frequency":"","footnotes":""},"categories":[60,56],"tags":[],"class_list":["post-252320","post","type-post","status-publish","format-standard","has-post-thumbnail","hentry","category-bolge","category-xeberler","infinite-scroll-item","generate-columns","tablet-grid-50","mobile-grid-100","grid-parent","grid-33","no-featured-image-padding"],"acf":[],"yoast_head":"<!-- This site is optimized with the Yoast SEO plugin v27.5 - https:\/\/yoast.com\/product\/yoast-seo-wordpress\/ -->\n<title>K\u00fcrd\u0259mirin ke\u00e7mi\u015f icra ba\u015f\u00e7\u0131s\u0131n\u0131n c\u0259zas\u0131 azald\u0131ld\u0131 - MEYDAN.TV<\/title>\n<meta name=\"robots\" content=\"index, follow, max-snippet:-1, max-image-preview:large, max-video-preview:-1\" \/>\n<link rel=\"canonical\" href=\"https:\/\/www.meydan.tv\/az\/article\/kurdemirin-kecmis-icra-bascisinin-cezasi-azaldildi\/\" \/>\n<meta property=\"og:locale\" content=\"az_AZ\" \/>\n<meta property=\"og:type\" content=\"article\" \/>\n<meta property=\"og:title\" content=\"K\u00fcrd\u0259mirin ke\u00e7mi\u015f icra ba\u015f\u00e7\u0131s\u0131n\u0131n c\u0259zas\u0131 azald\u0131ld\u0131 - MEYDAN.TV\" \/>\n<meta property=\"og:description\" content=\"Dig\u0259r m\u0259murlar\u0131n da c\u0259zas\u0131 endirilib, ke\u00e7mi\u015f M\u0130S r\u0259isi azadl\u0131\u011fa burax\u0131ld\u0131 ... Davam\u0131\" \/>\n<meta property=\"og:url\" content=\"https:\/\/www.meydan.tv\/az\/article\/kurdemirin-kecmis-icra-bascisinin-cezasi-azaldildi\/\" \/>\n<meta property=\"og:site_name\" content=\"MEYDAN.TV\" \/>\n<meta property=\"article:published_time\" content=\"2022-08-02T09:35:24+00:00\" \/>\n<meta property=\"article:modified_time\" content=\"2022-08-02T09:35:27+00:00\" \/>\n<meta property=\"og:image\" content=\"https:\/\/www.meydan.tv\/wp-content\/uploads\/ceyhun-ceferov-sekil.jpg\" \/>\n\t<meta property=\"og:image:width\" content=\"730\" \/>\n\t<meta property=\"og:image:height\" content=\"480\" \/>\n\t<meta property=\"og:image:type\" content=\"image\/jpeg\" \/>\n<meta name=\"author\" content=\"elli\" \/>\n<meta name=\"twitter:card\" content=\"summary_large_image\" \/>\n<meta name=\"twitter:creator\" content=\"@elli\" \/>\n<script type=\"application\/ld+json\" class=\"yoast-schema-graph\">{\"@context\":\"https:\\\/\\\/schema.org\",\"@graph\":[{\"@type\":\"Article\",\"@id\":\"https:\\\/\\\/www.meydan.tv\\\/az\\\/article\\\/kurdemirin-kecmis-icra-bascisinin-cezasi-azaldildi\\\/#article\",\"isPartOf\":{\"@id\":\"https:\\\/\\\/www.meydan.tv\\\/az\\\/article\\\/kurdemirin-kecmis-icra-bascisinin-cezasi-azaldildi\\\/\"},\"author\":{\"name\":\"elli\",\"@id\":\"https:\\\/\\\/www.meydan.tv\\\/az\\\/#\\\/schema\\\/person\\\/9cdbecf90d17180ce1dfbd95b08dcf47\"},\"headline\":\"K\u00fcrd\u0259mirin ke\u00e7mi\u015f icra ba\u015f\u00e7\u0131s\u0131n\u0131n c\u0259zas\u0131 azald\u0131ld\u0131\",\"datePublished\":\"2022-08-02T09:35:24+00:00\",\"dateModified\":\"2022-08-02T09:35:27+00:00\",\"mainEntityOfPage\":{\"@id\":\"https:\\\/\\\/www.meydan.tv\\\/az\\\/article\\\/kurdemirin-kecmis-icra-bascisinin-cezasi-azaldildi\\\/\"},\"wordCount\":666,\"publisher\":{\"@id\":\"https:\\\/\\\/www.meydan.tv\\\/az\\\/#organization\"},\"image\":{\"@id\":\"https:\\\/\\\/www.meydan.tv\\\/az\\\/article\\\/kurdemirin-kecmis-icra-bascisinin-cezasi-azaldildi\\\/#primaryimage\"},\"thumbnailUrl\":\"https:\\\/\\\/www.meydan.tv\\\/wp-content\\\/uploads\\\/ceyhun-ceferov-sekil.jpg\",\"articleSection\":[\"B\u00f6lg\u0259\",\"X\u0259b\u0259rl\u0259r\"],\"inLanguage\":\"az\"},{\"@type\":\"WebPage\",\"@id\":\"https:\\\/\\\/www.meydan.tv\\\/az\\\/article\\\/kurdemirin-kecmis-icra-bascisinin-cezasi-azaldildi\\\/\",\"url\":\"https:\\\/\\\/www.meydan.tv\\\/az\\\/article\\\/kurdemirin-kecmis-icra-bascisinin-cezasi-azaldildi\\\/\",\"name\":\"K\u00fcrd\u0259mirin ke\u00e7mi\u015f icra ba\u015f\u00e7\u0131s\u0131n\u0131n c\u0259zas\u0131 azald\u0131ld\u0131 - MEYDAN.TV\",\"isPartOf\":{\"@id\":\"https:\\\/\\\/www.meydan.tv\\\/az\\\/#website\"},\"primaryImageOfPage\":{\"@id\":\"https:\\\/\\\/www.meydan.tv\\\/az\\\/article\\\/kurdemirin-kecmis-icra-bascisinin-cezasi-azaldildi\\\/#primaryimage\"},\"image\":{\"@id\":\"https:\\\/\\\/www.meydan.tv\\\/az\\\/article\\\/kurdemirin-kecmis-icra-bascisinin-cezasi-azaldildi\\\/#primaryimage\"},\"thumbnailUrl\":\"https:\\\/\\\/www.meydan.tv\\\/wp-content\\\/uploads\\\/ceyhun-ceferov-sekil.jpg\",\"datePublished\":\"2022-08-02T09:35:24+00:00\",\"dateModified\":\"2022-08-02T09:35:27+00:00\",\"breadcrumb\":{\"@id\":\"https:\\\/\\\/www.meydan.tv\\\/az\\\/article\\\/kurdemirin-kecmis-icra-bascisinin-cezasi-azaldildi\\\/#breadcrumb\"},\"inLanguage\":\"az\",\"potentialAction\":[{\"@type\":\"ReadAction\",\"target\":[\"https:\\\/\\\/www.meydan.tv\\\/az\\\/article\\\/kurdemirin-kecmis-icra-bascisinin-cezasi-azaldildi\\\/\"]}]},{\"@type\":\"ImageObject\",\"inLanguage\":\"az\",\"@id\":\"https:\\\/\\\/www.meydan.tv\\\/az\\\/article\\\/kurdemirin-kecmis-icra-bascisinin-cezasi-azaldildi\\\/#primaryimage\",\"url\":\"https:\\\/\\\/www.meydan.tv\\\/wp-content\\\/uploads\\\/ceyhun-ceferov-sekil.jpg\",\"contentUrl\":\"https:\\\/\\\/www.meydan.tv\\\/wp-content\\\/uploads\\\/ceyhun-ceferov-sekil.jpg\",\"width\":730,\"height\":480,\"caption\":\"Ceyhun C\u0259f\u0259rov. M\u0259nb\u0259: K\u00fcrd\u0259mir Rayon \u0130cra Hakimiyy\u0259ti\"},{\"@type\":\"BreadcrumbList\",\"@id\":\"https:\\\/\\\/www.meydan.tv\\\/az\\\/article\\\/kurdemirin-kecmis-icra-bascisinin-cezasi-azaldildi\\\/#breadcrumb\",\"itemListElement\":[{\"@type\":\"ListItem\",\"position\":1,\"name\":\"Ana s\u0259hif\u0259\",\"item\":\"https:\\\/\\\/www.meydan.tv\\\/az\\\/\"},{\"@type\":\"ListItem\",\"position\":2,\"name\":\"B\u00f6lg\u0259\",\"item\":\"https:\\\/\\\/www.meydan.tv\\\/az\\\/section\\\/bolge\\\/\"},{\"@type\":\"ListItem\",\"position\":3,\"name\":\"K\u00fcrd\u0259mirin ke\u00e7mi\u015f icra ba\u015f\u00e7\u0131s\u0131n\u0131n c\u0259zas\u0131 azald\u0131ld\u0131\"}]},{\"@type\":\"WebSite\",\"@id\":\"https:\\\/\\\/www.meydan.tv\\\/az\\\/#website\",\"url\":\"https:\\\/\\\/www.meydan.tv\\\/az\\\/\",\"name\":\"MEYDAN.TV\",\"description\":\"Meydan TV Az\u0259rbaycan\u0131n media m\u0259kan\u0131ndak\u0131 alternativ s\u0259sidir\",\"publisher\":{\"@id\":\"https:\\\/\\\/www.meydan.tv\\\/az\\\/#organization\"},\"potentialAction\":[{\"@type\":\"SearchAction\",\"target\":{\"@type\":\"EntryPoint\",\"urlTemplate\":\"https:\\\/\\\/www.meydan.tv\\\/az\\\/?s={search_term_string}\"},\"query-input\":{\"@type\":\"PropertyValueSpecification\",\"valueRequired\":true,\"valueName\":\"search_term_string\"}}],\"inLanguage\":\"az\"},{\"@type\":\"Organization\",\"@id\":\"https:\\\/\\\/www.meydan.tv\\\/az\\\/#organization\",\"name\":\"Meydan TV\",\"url\":\"https:\\\/\\\/www.meydan.tv\\\/az\\\/\",\"logo\":{\"@type\":\"ImageObject\",\"inLanguage\":\"az\",\"@id\":\"https:\\\/\\\/www.meydan.tv\\\/az\\\/#\\\/schema\\\/logo\\\/image\\\/\",\"url\":\"https:\\\/\\\/www.meydan.tv\\\/wp-content\\\/uploads\\\/2021\\\/07\\\/meydan-logo.svg\",\"contentUrl\":\"https:\\\/\\\/www.meydan.tv\\\/wp-content\\\/uploads\\\/2021\\\/07\\\/meydan-logo.svg\",\"width\":195,\"height\":46,\"caption\":\"Meydan TV\"},\"image\":{\"@id\":\"https:\\\/\\\/www.meydan.tv\\\/az\\\/#\\\/schema\\\/logo\\\/image\\\/\"}},{\"@type\":\"Person\",\"@id\":\"https:\\\/\\\/www.meydan.tv\\\/az\\\/#\\\/schema\\\/person\\\/9cdbecf90d17180ce1dfbd95b08dcf47\",\"name\":\"elli\",\"sameAs\":[\"https:\\\/\\\/x.com\\\/elli\"]}]}<\/script>\n<!-- \/ Yoast SEO plugin. -->","yoast_head_json":{"title":"K\u00fcrd\u0259mirin ke\u00e7mi\u015f icra ba\u015f\u00e7\u0131s\u0131n\u0131n c\u0259zas\u0131 azald\u0131ld\u0131 - MEYDAN.TV","robots":{"index":"index","follow":"follow","max-snippet":"max-snippet:-1","max-image-preview":"max-image-preview:large","max-video-preview":"max-video-preview:-1"},"canonical":"https:\/\/www.meydan.tv\/az\/article\/kurdemirin-kecmis-icra-bascisinin-cezasi-azaldildi\/","og_locale":"az_AZ","og_type":"article","og_title":"K\u00fcrd\u0259mirin ke\u00e7mi\u015f icra ba\u015f\u00e7\u0131s\u0131n\u0131n c\u0259zas\u0131 azald\u0131ld\u0131 - MEYDAN.TV","og_description":"Dig\u0259r m\u0259murlar\u0131n da c\u0259zas\u0131 endirilib, ke\u00e7mi\u015f M\u0130S r\u0259isi azadl\u0131\u011fa burax\u0131ld\u0131 ... Davam\u0131","og_url":"https:\/\/www.meydan.tv\/az\/article\/kurdemirin-kecmis-icra-bascisinin-cezasi-azaldildi\/","og_site_name":"MEYDAN.TV","article_published_time":"2022-08-02T09:35:24+00:00","article_modified_time":"2022-08-02T09:35:27+00:00","og_image":[{"width":730,"height":480,"url":"https:\/\/www.meydan.tv\/wp-content\/uploads\/ceyhun-ceferov-sekil.jpg","type":"image\/jpeg"}],"author":"elli","twitter_card":"summary_large_image","twitter_creator":"@elli","schema":{"@context":"https:\/\/schema.org","@graph":[{"@type":"Article","@id":"https:\/\/www.meydan.tv\/az\/article\/kurdemirin-kecmis-icra-bascisinin-cezasi-azaldildi\/#article","isPartOf":{"@id":"https:\/\/www.meydan.tv\/az\/article\/kurdemirin-kecmis-icra-bascisinin-cezasi-azaldildi\/"},"author":{"name":"elli","@id":"https:\/\/www.meydan.tv\/az\/#\/schema\/person\/9cdbecf90d17180ce1dfbd95b08dcf47"},"headline":"K\u00fcrd\u0259mirin ke\u00e7mi\u015f icra ba\u015f\u00e7\u0131s\u0131n\u0131n c\u0259zas\u0131 azald\u0131ld\u0131","datePublished":"2022-08-02T09:35:24+00:00","dateModified":"2022-08-02T09:35:27+00:00","mainEntityOfPage":{"@id":"https:\/\/www.meydan.tv\/az\/article\/kurdemirin-kecmis-icra-bascisinin-cezasi-azaldildi\/"},"wordCount":666,"publisher":{"@id":"https:\/\/www.meydan.tv\/az\/#organization"},"image":{"@id":"https:\/\/www.meydan.tv\/az\/article\/kurdemirin-kecmis-icra-bascisinin-cezasi-azaldildi\/#primaryimage"},"thumbnailUrl":"https:\/\/www.meydan.tv\/wp-content\/uploads\/ceyhun-ceferov-sekil.jpg","articleSection":["B\u00f6lg\u0259","X\u0259b\u0259rl\u0259r"],"inLanguage":"az"},{"@type":"WebPage","@id":"https:\/\/www.meydan.tv\/az\/article\/kurdemirin-kecmis-icra-bascisinin-cezasi-azaldildi\/","url":"https:\/\/www.meydan.tv\/az\/article\/kurdemirin-kecmis-icra-bascisinin-cezasi-azaldildi\/","name":"K\u00fcrd\u0259mirin ke\u00e7mi\u015f icra ba\u015f\u00e7\u0131s\u0131n\u0131n c\u0259zas\u0131 azald\u0131ld\u0131 - MEYDAN.TV","isPartOf":{"@id":"https:\/\/www.meydan.tv\/az\/#website"},"primaryImageOfPage":{"@id":"https:\/\/www.meydan.tv\/az\/article\/kurdemirin-kecmis-icra-bascisinin-cezasi-azaldildi\/#primaryimage"},"image":{"@id":"https:\/\/www.meydan.tv\/az\/article\/kurdemirin-kecmis-icra-bascisinin-cezasi-azaldildi\/#primaryimage"},"thumbnailUrl":"https:\/\/www.meydan.tv\/wp-content\/uploads\/ceyhun-ceferov-sekil.jpg","datePublished":"2022-08-02T09:35:24+00:00","dateModified":"2022-08-02T09:35:27+00:00","breadcrumb":{"@id":"https:\/\/www.meydan.tv\/az\/article\/kurdemirin-kecmis-icra-bascisinin-cezasi-azaldildi\/#breadcrumb"},"inLanguage":"az","potentialAction":[{"@type":"ReadAction","target":["https:\/\/www.meydan.tv\/az\/article\/kurdemirin-kecmis-icra-bascisinin-cezasi-azaldildi\/"]}]},{"@type":"ImageObject","inLanguage":"az","@id":"https:\/\/www.meydan.tv\/az\/article\/kurdemirin-kecmis-icra-bascisinin-cezasi-azaldildi\/#primaryimage","url":"https:\/\/www.meydan.tv\/wp-content\/uploads\/ceyhun-ceferov-sekil.jpg","contentUrl":"https:\/\/www.meydan.tv\/wp-content\/uploads\/ceyhun-ceferov-sekil.jpg","width":730,"height":480,"caption":"Ceyhun C\u0259f\u0259rov. M\u0259nb\u0259: K\u00fcrd\u0259mir Rayon \u0130cra Hakimiyy\u0259ti"},{"@type":"BreadcrumbList","@id":"https:\/\/www.meydan.tv\/az\/article\/kurdemirin-kecmis-icra-bascisinin-cezasi-azaldildi\/#breadcrumb","itemListElement":[{"@type":"ListItem","position":1,"name":"Ana s\u0259hif\u0259","item":"https:\/\/www.meydan.tv\/az\/"},{"@type":"ListItem","position":2,"name":"B\u00f6lg\u0259","item":"https:\/\/www.meydan.tv\/az\/section\/bolge\/"},{"@type":"ListItem","position":3,"name":"K\u00fcrd\u0259mirin ke\u00e7mi\u015f icra ba\u015f\u00e7\u0131s\u0131n\u0131n c\u0259zas\u0131 azald\u0131ld\u0131"}]},{"@type":"WebSite","@id":"https:\/\/www.meydan.tv\/az\/#website","url":"https:\/\/www.meydan.tv\/az\/","name":"MEYDAN.TV","description":"Meydan TV Az\u0259rbaycan\u0131n media m\u0259kan\u0131ndak\u0131 alternativ s\u0259sidir","publisher":{"@id":"https:\/\/www.meydan.tv\/az\/#organization"},"potentialAction":[{"@type":"SearchAction","target":{"@type":"EntryPoint","urlTemplate":"https:\/\/www.meydan.tv\/az\/?s={search_term_string}"},"query-input":{"@type":"PropertyValueSpecification","valueRequired":true,"valueName":"search_term_string"}}],"inLanguage":"az"},{"@type":"Organization","@id":"https:\/\/www.meydan.tv\/az\/#organization","name":"Meydan TV","url":"https:\/\/www.meydan.tv\/az\/","logo":{"@type":"ImageObject","inLanguage":"az","@id":"https:\/\/www.meydan.tv\/az\/#\/schema\/logo\/image\/","url":"https:\/\/www.meydan.tv\/wp-content\/uploads\/2021\/07\/meydan-logo.svg","contentUrl":"https:\/\/www.meydan.tv\/wp-content\/uploads\/2021\/07\/meydan-logo.svg","width":195,"height":46,"caption":"Meydan TV"},"image":{"@id":"https:\/\/www.meydan.tv\/az\/#\/schema\/logo\/image\/"}},{"@type":"Person","@id":"https:\/\/www.meydan.tv\/az\/#\/schema\/person\/9cdbecf90d17180ce1dfbd95b08dcf47","name":"elli","sameAs":["https:\/\/x.com\/elli"]}]}},"_links":{"self":[{"href":"https:\/\/www.meydan.tv\/az\/wp-json\/wp\/v2\/posts\/252320","targetHints":{"allow":["GET"]}}],"collection":[{"href":"https:\/\/www.meydan.tv\/az\/wp-json\/wp\/v2\/posts"}],"about":[{"href":"https:\/\/www.meydan.tv\/az\/wp-json\/wp\/v2\/types\/post"}],"author":[{"embeddable":true,"href":"https:\/\/www.meydan.tv\/az\/wp-json\/wp\/v2\/users\/8"}],"replies":[{"embeddable":true,"href":"https:\/\/www.meydan.tv\/az\/wp-json\/wp\/v2\/comments?post=252320"}],"version-history":[{"count":1,"href":"https:\/\/www.meydan.tv\/az\/wp-json\/wp\/v2\/posts\/252320\/revisions"}],"predecessor-version":[{"id":252322,"href":"https:\/\/www.meydan.tv\/az\/wp-json\/wp\/v2\/posts\/252320\/revisions\/252322"}],"wp:featuredmedia":[{"embeddable":true,"href":"https:\/\/www.meydan.tv\/az\/wp-json\/wp\/v2\/media\/159573"}],"wp:attachment":[{"href":"https:\/\/www.meydan.tv\/az\/wp-json\/wp\/v2\/media?parent=252320"}],"wp:term":[{"taxonomy":"category","embeddable":true,"href":"https:\/\/www.meydan.tv\/az\/wp-json\/wp\/v2\/categories?post=252320"},{"taxonomy":"post_tag","embeddable":true,"href":"https:\/\/www.meydan.tv\/az\/wp-json\/wp\/v2\/tags?post=252320"}],"curies":[{"name":"wp","href":"https:\/\/api.w.org\/{rel}","templated":true}]}}