{"id":252316,"date":"2022-08-02T12:57:17","date_gmt":"2022-08-02T08:57:17","guid":{"rendered":"https:\/\/www.meydan.tv\/?p=252316"},"modified":"2022-08-02T12:57:28","modified_gmt":"2022-08-02T08:57:28","slug":"uc-nefer-minaya-dusdu-birinin-ayagi-kesildi","status":"publish","type":"post","link":"https:\/\/www.meydan.tv\/az\/article\/uc-nefer-minaya-dusdu-birinin-ayagi-kesildi\/","title":{"rendered":"\u00dc\u00e7 n\u0259f\u0259r minaya d\u00fc\u015fd\u00fc, birinin aya\u011f\u0131 k\u0259sildi"},"content":{"rendered":"\n<p><\/p>\n\n\n\n<p><em>Prokurorluq faktla ba\u011fl\u0131 ara\u015fd\u0131rma apar\u0131r<\/em><\/p>\n\n\n\n<p>Avqustun 2-d\u0259 s\u0259h\u0259r saat 10 rad\u0259l\u0259rind\u0259 F\u00fczuli rayonunun Qaraxanb\u0259yli k\u0259ndi \u0259razisind\u0259 \u00fc\u00e7 n\u0259f\u0259r minaya d\u00fc\u015f\u00fcb. Onlardan birinin aya\u011f\u0131 amputasiya olunub. Bu bar\u0259d\u0259 Ba\u015f Prokurorlu\u011fun m\u0259tbuat xidm\u0259tind\u0259n veril\u0259n m\u0259lumatda bildirilir ki, s\u00f6z\u00fcged\u0259n \u00fc\u00e7 n\u0259f\u0259r i\u015f\u011faldan azad edilmi\u015f \u0259razil\u0259rd\u0259 minat\u0259mizl\u0259m\u0259 i\u015fl\u0259ril\u0259 m\u0259\u015f\u011ful olan \u015firk\u0259tin \u0259m\u0259kda\u015flar\u0131 olub. Bunlar 32 ya\u015fl\u0131 Yadigar \u015e\u00fck\u00fcrov, 31 ya\u015fl\u0131 R\u00f6v\u015f\u0259n \u018flizad\u0259 v\u0259 46 ya\u015fl\u0131 Q\u0131lman H\u00fcseynovdur.<\/p>\n\n\n\n<p>Yadigar \u015e\u00fck\u00fcrov v\u0259 R\u00f6v\u015f\u0259n \u018flizad\u0259 m\u00fcxt\u0259lif d\u0259r\u0259c\u0259li b\u0259d\u0259n x\u0259sar\u0259tl\u0259ri al\u0131b, Q\u0131lman H\u00fcseynovun is\u0259 sa\u011f aya\u011f\u0131 amputasiya olunub.<\/p>\n\n\n\n<p>\u201cProkurorluq \u0259m\u0259kda\u015flar\u0131 hadis\u0259 yerin\u0259 bax\u0131\u015f ke\u00e7irib, m\u0259hk\u0259m\u0259-tibb ekspertizas\u0131 t\u0259yin edilib, dig\u0259r prosessual h\u0259r\u0259k\u0259tl\u0259r yerin\u0259 yetirilib. Faktla ba\u011fl\u0131 F\u00fczuli Rayon Prokurorlu\u011funda ara\u015fd\u0131rma apar\u0131l\u0131r\u201d, &#8211; prokurorluqdan bildirilib.<\/p>\n","protected":false},"excerpt":{"rendered":"<p>Prokurorluq faktla ba\u011fl\u0131 ara\u015fd\u0131rma apar\u0131r Avqustun 2-d\u0259 s\u0259h\u0259r saat 10 &#8230; <\/p>\n<p class=\"read-more-container\"><a title=\"\u00dc\u00e7 n\u0259f\u0259r minaya d\u00fc\u015fd\u00fc, birinin aya\u011f\u0131 k\u0259sildi\" class=\"read-more button\" href=\"https:\/\/www.meydan.tv\/az\/article\/uc-nefer-minaya-dusdu-birinin-ayagi-kesildi\/#more-252316\" aria-label=\"Read more about \u00dc\u00e7 n\u0259f\u0259r minaya d\u00fc\u015fd\u00fc, birinin aya\u011f\u0131 k\u0259sildi\">Davam\u0131<\/a><\/p>\n","protected":false},"author":8,"featured_media":156141,"comment_status":"closed","ping_status":"closed","sticky":false,"template":"","format":"standard","meta":{"_acf_changed":false,"_sitemap_exclude":false,"_sitemap_priority":"","_sitemap_frequency":"","footnotes":""},"categories":[60,56],"tags":[],"class_list":["post-252316","post","type-post","status-publish","format-standard","has-post-thumbnail","hentry","category-bolge","category-xeberler","infinite-scroll-item","generate-columns","tablet-grid-50","mobile-grid-100","grid-parent","grid-33","no-featured-image-padding"],"acf":[],"yoast_head":"<!-- This site is optimized with the Yoast SEO plugin v27.5 - https:\/\/yoast.com\/product\/yoast-seo-wordpress\/ -->\n<title>\u00dc\u00e7 n\u0259f\u0259r minaya d\u00fc\u015fd\u00fc, birinin aya\u011f\u0131 k\u0259sildi - MEYDAN.TV<\/title>\n<meta name=\"robots\" content=\"index, follow, max-snippet:-1, max-image-preview:large, max-video-preview:-1\" \/>\n<link rel=\"canonical\" href=\"https:\/\/www.meydan.tv\/az\/article\/uc-nefer-minaya-dusdu-birinin-ayagi-kesildi\/\" \/>\n<meta property=\"og:locale\" content=\"az_AZ\" \/>\n<meta property=\"og:type\" content=\"article\" \/>\n<meta property=\"og:title\" content=\"\u00dc\u00e7 n\u0259f\u0259r minaya d\u00fc\u015fd\u00fc, birinin aya\u011f\u0131 k\u0259sildi - MEYDAN.TV\" \/>\n<meta property=\"og:description\" content=\"Prokurorluq faktla ba\u011fl\u0131 ara\u015fd\u0131rma apar\u0131r Avqustun 2-d\u0259 s\u0259h\u0259r saat 10 ... Davam\u0131\" \/>\n<meta property=\"og:url\" content=\"https:\/\/www.meydan.tv\/az\/article\/uc-nefer-minaya-dusdu-birinin-ayagi-kesildi\/\" \/>\n<meta property=\"og:site_name\" content=\"MEYDAN.TV\" \/>\n<meta property=\"article:published_time\" content=\"2022-08-02T08:57:17+00:00\" \/>\n<meta property=\"article:modified_time\" content=\"2022-08-02T08:57:28+00:00\" \/>\n<meta property=\"og:image\" content=\"https:\/\/www.meydan.tv\/wp-content\/uploads\/esger-sayt-cover_1_mwkfox8.png\" \/>\n\t<meta property=\"og:image:width\" content=\"1280\" \/>\n\t<meta property=\"og:image:height\" content=\"720\" \/>\n\t<meta property=\"og:image:type\" content=\"image\/png\" \/>\n<meta name=\"author\" content=\"elli\" \/>\n<meta name=\"twitter:card\" content=\"summary_large_image\" \/>\n<meta name=\"twitter:creator\" content=\"@elli\" \/>\n<script type=\"application\/ld+json\" class=\"yoast-schema-graph\">{\"@context\":\"https:\\\/\\\/schema.org\",\"@graph\":[{\"@type\":\"Article\",\"@id\":\"https:\\\/\\\/www.meydan.tv\\\/az\\\/article\\\/uc-nefer-minaya-dusdu-birinin-ayagi-kesildi\\\/#article\",\"isPartOf\":{\"@id\":\"https:\\\/\\\/www.meydan.tv\\\/az\\\/article\\\/uc-nefer-minaya-dusdu-birinin-ayagi-kesildi\\\/\"},\"author\":{\"name\":\"elli\",\"@id\":\"https:\\\/\\\/www.meydan.tv\\\/az\\\/#\\\/schema\\\/person\\\/9cdbecf90d17180ce1dfbd95b08dcf47\"},\"headline\":\"\u00dc\u00e7 n\u0259f\u0259r minaya d\u00fc\u015fd\u00fc, birinin aya\u011f\u0131 k\u0259sildi\",\"datePublished\":\"2022-08-02T08:57:17+00:00\",\"dateModified\":\"2022-08-02T08:57:28+00:00\",\"mainEntityOfPage\":{\"@id\":\"https:\\\/\\\/www.meydan.tv\\\/az\\\/article\\\/uc-nefer-minaya-dusdu-birinin-ayagi-kesildi\\\/\"},\"wordCount\":188,\"publisher\":{\"@id\":\"https:\\\/\\\/www.meydan.tv\\\/az\\\/#organization\"},\"image\":{\"@id\":\"https:\\\/\\\/www.meydan.tv\\\/az\\\/article\\\/uc-nefer-minaya-dusdu-birinin-ayagi-kesildi\\\/#primaryimage\"},\"thumbnailUrl\":\"https:\\\/\\\/www.meydan.tv\\\/wp-content\\\/uploads\\\/esger-sayt-cover_1_mwkfox8.png\",\"articleSection\":[\"B\u00f6lg\u0259\",\"X\u0259b\u0259rl\u0259r\"],\"inLanguage\":\"az\"},{\"@type\":\"WebPage\",\"@id\":\"https:\\\/\\\/www.meydan.tv\\\/az\\\/article\\\/uc-nefer-minaya-dusdu-birinin-ayagi-kesildi\\\/\",\"url\":\"https:\\\/\\\/www.meydan.tv\\\/az\\\/article\\\/uc-nefer-minaya-dusdu-birinin-ayagi-kesildi\\\/\",\"name\":\"\u00dc\u00e7 n\u0259f\u0259r minaya d\u00fc\u015fd\u00fc, birinin aya\u011f\u0131 k\u0259sildi - MEYDAN.TV\",\"isPartOf\":{\"@id\":\"https:\\\/\\\/www.meydan.tv\\\/az\\\/#website\"},\"primaryImageOfPage\":{\"@id\":\"https:\\\/\\\/www.meydan.tv\\\/az\\\/article\\\/uc-nefer-minaya-dusdu-birinin-ayagi-kesildi\\\/#primaryimage\"},\"image\":{\"@id\":\"https:\\\/\\\/www.meydan.tv\\\/az\\\/article\\\/uc-nefer-minaya-dusdu-birinin-ayagi-kesildi\\\/#primaryimage\"},\"thumbnailUrl\":\"https:\\\/\\\/www.meydan.tv\\\/wp-content\\\/uploads\\\/esger-sayt-cover_1_mwkfox8.png\",\"datePublished\":\"2022-08-02T08:57:17+00:00\",\"dateModified\":\"2022-08-02T08:57:28+00:00\",\"breadcrumb\":{\"@id\":\"https:\\\/\\\/www.meydan.tv\\\/az\\\/article\\\/uc-nefer-minaya-dusdu-birinin-ayagi-kesildi\\\/#breadcrumb\"},\"inLanguage\":\"az\",\"potentialAction\":[{\"@type\":\"ReadAction\",\"target\":[\"https:\\\/\\\/www.meydan.tv\\\/az\\\/article\\\/uc-nefer-minaya-dusdu-birinin-ayagi-kesildi\\\/\"]}]},{\"@type\":\"ImageObject\",\"inLanguage\":\"az\",\"@id\":\"https:\\\/\\\/www.meydan.tv\\\/az\\\/article\\\/uc-nefer-minaya-dusdu-birinin-ayagi-kesildi\\\/#primaryimage\",\"url\":\"https:\\\/\\\/www.meydan.tv\\\/wp-content\\\/uploads\\\/esger-sayt-cover_1_mwkfox8.png\",\"contentUrl\":\"https:\\\/\\\/www.meydan.tv\\\/wp-content\\\/uploads\\\/esger-sayt-cover_1_mwkfox8.png\",\"width\":1280,\"height\":720,\"caption\":\"M\u0259nb\u0259: \\\"Bizim Yol\\\"\"},{\"@type\":\"BreadcrumbList\",\"@id\":\"https:\\\/\\\/www.meydan.tv\\\/az\\\/article\\\/uc-nefer-minaya-dusdu-birinin-ayagi-kesildi\\\/#breadcrumb\",\"itemListElement\":[{\"@type\":\"ListItem\",\"position\":1,\"name\":\"Ana s\u0259hif\u0259\",\"item\":\"https:\\\/\\\/www.meydan.tv\\\/az\\\/\"},{\"@type\":\"ListItem\",\"position\":2,\"name\":\"B\u00f6lg\u0259\",\"item\":\"https:\\\/\\\/www.meydan.tv\\\/az\\\/section\\\/bolge\\\/\"},{\"@type\":\"ListItem\",\"position\":3,\"name\":\"\u00dc\u00e7 n\u0259f\u0259r minaya d\u00fc\u015fd\u00fc, birinin aya\u011f\u0131 k\u0259sildi\"}]},{\"@type\":\"WebSite\",\"@id\":\"https:\\\/\\\/www.meydan.tv\\\/az\\\/#website\",\"url\":\"https:\\\/\\\/www.meydan.tv\\\/az\\\/\",\"name\":\"MEYDAN.TV\",\"description\":\"Meydan TV Az\u0259rbaycan\u0131n media m\u0259kan\u0131ndak\u0131 alternativ s\u0259sidir\",\"publisher\":{\"@id\":\"https:\\\/\\\/www.meydan.tv\\\/az\\\/#organization\"},\"potentialAction\":[{\"@type\":\"SearchAction\",\"target\":{\"@type\":\"EntryPoint\",\"urlTemplate\":\"https:\\\/\\\/www.meydan.tv\\\/az\\\/?s={search_term_string}\"},\"query-input\":{\"@type\":\"PropertyValueSpecification\",\"valueRequired\":true,\"valueName\":\"search_term_string\"}}],\"inLanguage\":\"az\"},{\"@type\":\"Organization\",\"@id\":\"https:\\\/\\\/www.meydan.tv\\\/az\\\/#organization\",\"name\":\"Meydan TV\",\"url\":\"https:\\\/\\\/www.meydan.tv\\\/az\\\/\",\"logo\":{\"@type\":\"ImageObject\",\"inLanguage\":\"az\",\"@id\":\"https:\\\/\\\/www.meydan.tv\\\/az\\\/#\\\/schema\\\/logo\\\/image\\\/\",\"url\":\"https:\\\/\\\/www.meydan.tv\\\/wp-content\\\/uploads\\\/2021\\\/07\\\/meydan-logo.svg\",\"contentUrl\":\"https:\\\/\\\/www.meydan.tv\\\/wp-content\\\/uploads\\\/2021\\\/07\\\/meydan-logo.svg\",\"width\":195,\"height\":46,\"caption\":\"Meydan TV\"},\"image\":{\"@id\":\"https:\\\/\\\/www.meydan.tv\\\/az\\\/#\\\/schema\\\/logo\\\/image\\\/\"}},{\"@type\":\"Person\",\"@id\":\"https:\\\/\\\/www.meydan.tv\\\/az\\\/#\\\/schema\\\/person\\\/9cdbecf90d17180ce1dfbd95b08dcf47\",\"name\":\"elli\",\"sameAs\":[\"https:\\\/\\\/x.com\\\/elli\"]}]}<\/script>\n<!-- \/ Yoast SEO plugin. -->","yoast_head_json":{"title":"\u00dc\u00e7 n\u0259f\u0259r minaya d\u00fc\u015fd\u00fc, birinin aya\u011f\u0131 k\u0259sildi - MEYDAN.TV","robots":{"index":"index","follow":"follow","max-snippet":"max-snippet:-1","max-image-preview":"max-image-preview:large","max-video-preview":"max-video-preview:-1"},"canonical":"https:\/\/www.meydan.tv\/az\/article\/uc-nefer-minaya-dusdu-birinin-ayagi-kesildi\/","og_locale":"az_AZ","og_type":"article","og_title":"\u00dc\u00e7 n\u0259f\u0259r minaya d\u00fc\u015fd\u00fc, birinin aya\u011f\u0131 k\u0259sildi - MEYDAN.TV","og_description":"Prokurorluq faktla ba\u011fl\u0131 ara\u015fd\u0131rma apar\u0131r Avqustun 2-d\u0259 s\u0259h\u0259r saat 10 ... Davam\u0131","og_url":"https:\/\/www.meydan.tv\/az\/article\/uc-nefer-minaya-dusdu-birinin-ayagi-kesildi\/","og_site_name":"MEYDAN.TV","article_published_time":"2022-08-02T08:57:17+00:00","article_modified_time":"2022-08-02T08:57:28+00:00","og_image":[{"width":1280,"height":720,"url":"https:\/\/www.meydan.tv\/wp-content\/uploads\/esger-sayt-cover_1_mwkfox8.png","type":"image\/png"}],"author":"elli","twitter_card":"summary_large_image","twitter_creator":"@elli","schema":{"@context":"https:\/\/schema.org","@graph":[{"@type":"Article","@id":"https:\/\/www.meydan.tv\/az\/article\/uc-nefer-minaya-dusdu-birinin-ayagi-kesildi\/#article","isPartOf":{"@id":"https:\/\/www.meydan.tv\/az\/article\/uc-nefer-minaya-dusdu-birinin-ayagi-kesildi\/"},"author":{"name":"elli","@id":"https:\/\/www.meydan.tv\/az\/#\/schema\/person\/9cdbecf90d17180ce1dfbd95b08dcf47"},"headline":"\u00dc\u00e7 n\u0259f\u0259r minaya d\u00fc\u015fd\u00fc, birinin aya\u011f\u0131 k\u0259sildi","datePublished":"2022-08-02T08:57:17+00:00","dateModified":"2022-08-02T08:57:28+00:00","mainEntityOfPage":{"@id":"https:\/\/www.meydan.tv\/az\/article\/uc-nefer-minaya-dusdu-birinin-ayagi-kesildi\/"},"wordCount":188,"publisher":{"@id":"https:\/\/www.meydan.tv\/az\/#organization"},"image":{"@id":"https:\/\/www.meydan.tv\/az\/article\/uc-nefer-minaya-dusdu-birinin-ayagi-kesildi\/#primaryimage"},"thumbnailUrl":"https:\/\/www.meydan.tv\/wp-content\/uploads\/esger-sayt-cover_1_mwkfox8.png","articleSection":["B\u00f6lg\u0259","X\u0259b\u0259rl\u0259r"],"inLanguage":"az"},{"@type":"WebPage","@id":"https:\/\/www.meydan.tv\/az\/article\/uc-nefer-minaya-dusdu-birinin-ayagi-kesildi\/","url":"https:\/\/www.meydan.tv\/az\/article\/uc-nefer-minaya-dusdu-birinin-ayagi-kesildi\/","name":"\u00dc\u00e7 n\u0259f\u0259r minaya d\u00fc\u015fd\u00fc, birinin aya\u011f\u0131 k\u0259sildi - MEYDAN.TV","isPartOf":{"@id":"https:\/\/www.meydan.tv\/az\/#website"},"primaryImageOfPage":{"@id":"https:\/\/www.meydan.tv\/az\/article\/uc-nefer-minaya-dusdu-birinin-ayagi-kesildi\/#primaryimage"},"image":{"@id":"https:\/\/www.meydan.tv\/az\/article\/uc-nefer-minaya-dusdu-birinin-ayagi-kesildi\/#primaryimage"},"thumbnailUrl":"https:\/\/www.meydan.tv\/wp-content\/uploads\/esger-sayt-cover_1_mwkfox8.png","datePublished":"2022-08-02T08:57:17+00:00","dateModified":"2022-08-02T08:57:28+00:00","breadcrumb":{"@id":"https:\/\/www.meydan.tv\/az\/article\/uc-nefer-minaya-dusdu-birinin-ayagi-kesildi\/#breadcrumb"},"inLanguage":"az","potentialAction":[{"@type":"ReadAction","target":["https:\/\/www.meydan.tv\/az\/article\/uc-nefer-minaya-dusdu-birinin-ayagi-kesildi\/"]}]},{"@type":"ImageObject","inLanguage":"az","@id":"https:\/\/www.meydan.tv\/az\/article\/uc-nefer-minaya-dusdu-birinin-ayagi-kesildi\/#primaryimage","url":"https:\/\/www.meydan.tv\/wp-content\/uploads\/esger-sayt-cover_1_mwkfox8.png","contentUrl":"https:\/\/www.meydan.tv\/wp-content\/uploads\/esger-sayt-cover_1_mwkfox8.png","width":1280,"height":720,"caption":"M\u0259nb\u0259: \"Bizim Yol\""},{"@type":"BreadcrumbList","@id":"https:\/\/www.meydan.tv\/az\/article\/uc-nefer-minaya-dusdu-birinin-ayagi-kesildi\/#breadcrumb","itemListElement":[{"@type":"ListItem","position":1,"name":"Ana s\u0259hif\u0259","item":"https:\/\/www.meydan.tv\/az\/"},{"@type":"ListItem","position":2,"name":"B\u00f6lg\u0259","item":"https:\/\/www.meydan.tv\/az\/section\/bolge\/"},{"@type":"ListItem","position":3,"name":"\u00dc\u00e7 n\u0259f\u0259r minaya d\u00fc\u015fd\u00fc, birinin aya\u011f\u0131 k\u0259sildi"}]},{"@type":"WebSite","@id":"https:\/\/www.meydan.tv\/az\/#website","url":"https:\/\/www.meydan.tv\/az\/","name":"MEYDAN.TV","description":"Meydan TV Az\u0259rbaycan\u0131n media m\u0259kan\u0131ndak\u0131 alternativ s\u0259sidir","publisher":{"@id":"https:\/\/www.meydan.tv\/az\/#organization"},"potentialAction":[{"@type":"SearchAction","target":{"@type":"EntryPoint","urlTemplate":"https:\/\/www.meydan.tv\/az\/?s={search_term_string}"},"query-input":{"@type":"PropertyValueSpecification","valueRequired":true,"valueName":"search_term_string"}}],"inLanguage":"az"},{"@type":"Organization","@id":"https:\/\/www.meydan.tv\/az\/#organization","name":"Meydan TV","url":"https:\/\/www.meydan.tv\/az\/","logo":{"@type":"ImageObject","inLanguage":"az","@id":"https:\/\/www.meydan.tv\/az\/#\/schema\/logo\/image\/","url":"https:\/\/www.meydan.tv\/wp-content\/uploads\/2021\/07\/meydan-logo.svg","contentUrl":"https:\/\/www.meydan.tv\/wp-content\/uploads\/2021\/07\/meydan-logo.svg","width":195,"height":46,"caption":"Meydan TV"},"image":{"@id":"https:\/\/www.meydan.tv\/az\/#\/schema\/logo\/image\/"}},{"@type":"Person","@id":"https:\/\/www.meydan.tv\/az\/#\/schema\/person\/9cdbecf90d17180ce1dfbd95b08dcf47","name":"elli","sameAs":["https:\/\/x.com\/elli"]}]}},"_links":{"self":[{"href":"https:\/\/www.meydan.tv\/az\/wp-json\/wp\/v2\/posts\/252316","targetHints":{"allow":["GET"]}}],"collection":[{"href":"https:\/\/www.meydan.tv\/az\/wp-json\/wp\/v2\/posts"}],"about":[{"href":"https:\/\/www.meydan.tv\/az\/wp-json\/wp\/v2\/types\/post"}],"author":[{"embeddable":true,"href":"https:\/\/www.meydan.tv\/az\/wp-json\/wp\/v2\/users\/8"}],"replies":[{"embeddable":true,"href":"https:\/\/www.meydan.tv\/az\/wp-json\/wp\/v2\/comments?post=252316"}],"version-history":[{"count":1,"href":"https:\/\/www.meydan.tv\/az\/wp-json\/wp\/v2\/posts\/252316\/revisions"}],"predecessor-version":[{"id":252317,"href":"https:\/\/www.meydan.tv\/az\/wp-json\/wp\/v2\/posts\/252316\/revisions\/252317"}],"wp:featuredmedia":[{"embeddable":true,"href":"https:\/\/www.meydan.tv\/az\/wp-json\/wp\/v2\/media\/156141"}],"wp:attachment":[{"href":"https:\/\/www.meydan.tv\/az\/wp-json\/wp\/v2\/media?parent=252316"}],"wp:term":[{"taxonomy":"category","embeddable":true,"href":"https:\/\/www.meydan.tv\/az\/wp-json\/wp\/v2\/categories?post=252316"},{"taxonomy":"post_tag","embeddable":true,"href":"https:\/\/www.meydan.tv\/az\/wp-json\/wp\/v2\/tags?post=252316"}],"curies":[{"name":"wp","href":"https:\/\/api.w.org\/{rel}","templated":true}]}}