{"id":252256,"date":"2022-08-01T16:24:24","date_gmt":"2022-08-01T12:24:24","guid":{"rendered":"https:\/\/www.meydan.tv\/?p=252256"},"modified":"2022-08-01T16:24:26","modified_gmt":"2022-08-01T12:24:26","slug":"bas-prokurorluq-belediyye-sedrinin-saxlanildigini-deyir","status":"publish","type":"post","link":"https:\/\/www.meydan.tv\/az\/article\/bas-prokurorluq-belediyye-sedrinin-saxlanildigini-deyir\/","title":{"rendered":"Ba\u015f Prokurorluq b\u0259l\u0259diyy\u0259 s\u0259drinin saxlan\u0131ld\u0131\u011f\u0131n\u0131 deyir"},"content":{"rendered":"\n<p><em>&#8220;Qabaqcadan \u0259lbir olaraq r\u00fc\u015fv\u0259t m\u00fcqabilind\u0259 torpaq sat\u0131blar&#8221;<\/em><\/p>\n\n\n\n<p>\u0130yulun 30-da Ab\u015feron rayon Saray B\u0259l\u0259diyy\u0259sinin s\u0259dri M\u0259hi H\u0259s\u0259nov saxlan\u0131l\u0131b.<\/p>\n\n\n\n<p>Bu bar\u0259d\u0259 Ba\u015f Prokurorluq m\u0259lumat <a href=\"https:\/\/genprosecutor.gov.az\/az\/post\/5452\" target=\"_blank\" rel=\"noreferrer noopener\">yay\u0131b.<\/a><\/p>\n\n\n\n<p>Bildirilir ki, h\u0259min g\u00fcn \u0130qtisadiyyat Nazirliyi yan\u0131nda \u018fmlak M\u0259s\u0259l\u0259l\u0259ri D\u00f6vl\u0259t Xidm\u0259tinin Xa\u00e7maz \u0259razi \u015f\u00f6b\u0259sinin m\u00fcdiri Ayd\u0131n C\u0259f\u0259rov, Q\u0259b\u0259l\u0259 \u0259razi \u015f\u00f6b\u0259sinin m\u00fcdiri Ba\u011fi M\u0259simov v\u0259 Sumqay\u0131t \u015f\u0259h\u0259r B\u0259l\u0259diyy\u0259sinin \u015f\u00f6b\u0259 m\u00fcdiri \u015e\u0131x\u0259li Abbasov da saxlan\u0131l\u0131b.<\/p>\n\n\n\n<p>M\u0259lumatda qeyd olunur ki, istintaq onlar\u0131n qabaqcadan \u0259lbir olaraq b\u0259l\u0259diyy\u0259 torpaqlar\u0131n\u0131n sat\u0131\u015f\u0131n\u0131 h\u0259yata ke\u00e7irm\u0259k v\u0259 bununla ba\u011fl\u0131 m\u00fcvafiq r\u0259y verilm\u0259si m\u00fcqabilind\u0259 r\u00fc\u015fv\u0259t almalar\u0131na \u0259sasl\u0131 \u015f\u00fcbh\u0259l\u0259r m\u00fc\u0259yy\u0259n edib.<\/p>\n\n\n\n<p>&#8220;Saxlan\u0131lara qar\u015f\u0131 Cinay\u0259t M\u0259c\u0259ll\u0259sinin 308.2 (a\u011f\u0131r n\u0259tic\u0259l\u0259r\u0259 s\u0259b\u0259b olan v\u0259zif\u0259 s\u0259lahiyy\u0259tl\u0259rind\u0259n sui-istifad\u0259), 311.3.1 (qabaqcadan \u0259lbir olan bir qrup \u015f\u0259xs t\u0259r\u0259find\u0259n r\u00fc\u015fv\u0259t alma), 311.3.2 (t\u0259krar r\u00fc\u015fv\u0259t alma), 32.5, 311.3.1 (r\u00fc\u015fv\u0259t almaqda k\u00f6m\u0259k\u00e7ilik) v\u0259 312.1-ci (r\u00fc\u015fv\u0259t verm\u0259) madd\u0259l\u0259ri il\u0259 cinay\u0259t i\u015fi a\u00e7\u0131l\u0131b&#8221;, &#8211; dey\u0259 m\u0259lumatda vur\u011fulan\u0131b.<\/p>\n\n\n\n<p>\u015e\u0259xsl\u0259rin \u00f6zl\u0259rinin ittihama m\u00fcnasib\u0259ti m\u0259lum deyil. <\/p>\n","protected":false},"excerpt":{"rendered":"<p>&#8220;Qabaqcadan \u0259lbir olaraq r\u00fc\u015fv\u0259t m\u00fcqabilind\u0259 torpaq sat\u0131blar&#8221; \u0130yulun 30-da Ab\u015feron &#8230; <\/p>\n<p class=\"read-more-container\"><a title=\"Ba\u015f Prokurorluq b\u0259l\u0259diyy\u0259 s\u0259drinin saxlan\u0131ld\u0131\u011f\u0131n\u0131 deyir\" class=\"read-more button\" href=\"https:\/\/www.meydan.tv\/az\/article\/bas-prokurorluq-belediyye-sedrinin-saxlanildigini-deyir\/#more-252256\" aria-label=\"Read more about Ba\u015f Prokurorluq b\u0259l\u0259diyy\u0259 s\u0259drinin saxlan\u0131ld\u0131\u011f\u0131n\u0131 deyir\">Davam\u0131<\/a><\/p>\n","protected":false},"author":8,"featured_media":232631,"comment_status":"closed","ping_status":"closed","sticky":false,"template":"","format":"standard","meta":{"_acf_changed":false,"_sitemap_exclude":false,"_sitemap_priority":"","_sitemap_frequency":"","footnotes":""},"categories":[60,56],"tags":[],"class_list":["post-252256","post","type-post","status-publish","format-standard","has-post-thumbnail","hentry","category-bolge","category-xeberler","infinite-scroll-item","generate-columns","tablet-grid-50","mobile-grid-100","grid-parent","grid-33","no-featured-image-padding"],"acf":[],"yoast_head":"<!-- This site is optimized with the Yoast SEO plugin v27.5 - https:\/\/yoast.com\/product\/yoast-seo-wordpress\/ -->\n<title>Ba\u015f Prokurorluq b\u0259l\u0259diyy\u0259 s\u0259drinin saxlan\u0131ld\u0131\u011f\u0131n\u0131 deyir - MEYDAN.TV<\/title>\n<meta name=\"robots\" content=\"index, follow, max-snippet:-1, max-image-preview:large, max-video-preview:-1\" \/>\n<link rel=\"canonical\" href=\"https:\/\/www.meydan.tv\/az\/article\/bas-prokurorluq-belediyye-sedrinin-saxlanildigini-deyir\/\" \/>\n<meta property=\"og:locale\" content=\"az_AZ\" \/>\n<meta property=\"og:type\" content=\"article\" \/>\n<meta property=\"og:title\" content=\"Ba\u015f Prokurorluq b\u0259l\u0259diyy\u0259 s\u0259drinin saxlan\u0131ld\u0131\u011f\u0131n\u0131 deyir - MEYDAN.TV\" \/>\n<meta property=\"og:description\" content=\"&#8220;Qabaqcadan \u0259lbir olaraq r\u00fc\u015fv\u0259t m\u00fcqabilind\u0259 torpaq sat\u0131blar&#8221; \u0130yulun 30-da Ab\u015feron ... Davam\u0131\" \/>\n<meta property=\"og:url\" content=\"https:\/\/www.meydan.tv\/az\/article\/bas-prokurorluq-belediyye-sedrinin-saxlanildigini-deyir\/\" \/>\n<meta property=\"og:site_name\" content=\"MEYDAN.TV\" \/>\n<meta property=\"article:published_time\" content=\"2022-08-01T12:24:24+00:00\" \/>\n<meta property=\"article:modified_time\" content=\"2022-08-01T12:24:26+00:00\" \/>\n<meta property=\"og:image\" content=\"https:\/\/www.meydan.tv\/wp-content\/uploads\/shutterstock_598274123-e1643101424514.jpg\" \/>\n\t<meta property=\"og:image:width\" content=\"1702\" \/>\n\t<meta property=\"og:image:height\" content=\"647\" \/>\n\t<meta property=\"og:image:type\" content=\"image\/jpeg\" \/>\n<meta name=\"author\" content=\"elli\" \/>\n<meta name=\"twitter:card\" content=\"summary_large_image\" \/>\n<meta name=\"twitter:creator\" content=\"@elli\" \/>\n<script type=\"application\/ld+json\" class=\"yoast-schema-graph\">{\"@context\":\"https:\\\/\\\/schema.org\",\"@graph\":[{\"@type\":\"Article\",\"@id\":\"https:\\\/\\\/www.meydan.tv\\\/az\\\/article\\\/bas-prokurorluq-belediyye-sedrinin-saxlanildigini-deyir\\\/#article\",\"isPartOf\":{\"@id\":\"https:\\\/\\\/www.meydan.tv\\\/az\\\/article\\\/bas-prokurorluq-belediyye-sedrinin-saxlanildigini-deyir\\\/\"},\"author\":{\"name\":\"elli\",\"@id\":\"https:\\\/\\\/www.meydan.tv\\\/az\\\/#\\\/schema\\\/person\\\/9cdbecf90d17180ce1dfbd95b08dcf47\"},\"headline\":\"Ba\u015f Prokurorluq b\u0259l\u0259diyy\u0259 s\u0259drinin saxlan\u0131ld\u0131\u011f\u0131n\u0131 deyir\",\"datePublished\":\"2022-08-01T12:24:24+00:00\",\"dateModified\":\"2022-08-01T12:24:26+00:00\",\"mainEntityOfPage\":{\"@id\":\"https:\\\/\\\/www.meydan.tv\\\/az\\\/article\\\/bas-prokurorluq-belediyye-sedrinin-saxlanildigini-deyir\\\/\"},\"wordCount\":254,\"publisher\":{\"@id\":\"https:\\\/\\\/www.meydan.tv\\\/az\\\/#organization\"},\"image\":{\"@id\":\"https:\\\/\\\/www.meydan.tv\\\/az\\\/article\\\/bas-prokurorluq-belediyye-sedrinin-saxlanildigini-deyir\\\/#primaryimage\"},\"thumbnailUrl\":\"https:\\\/\\\/www.meydan.tv\\\/wp-content\\\/uploads\\\/shutterstock_598274123-e1643101424514.jpg\",\"articleSection\":[\"B\u00f6lg\u0259\",\"X\u0259b\u0259rl\u0259r\"],\"inLanguage\":\"az\"},{\"@type\":\"WebPage\",\"@id\":\"https:\\\/\\\/www.meydan.tv\\\/az\\\/article\\\/bas-prokurorluq-belediyye-sedrinin-saxlanildigini-deyir\\\/\",\"url\":\"https:\\\/\\\/www.meydan.tv\\\/az\\\/article\\\/bas-prokurorluq-belediyye-sedrinin-saxlanildigini-deyir\\\/\",\"name\":\"Ba\u015f Prokurorluq b\u0259l\u0259diyy\u0259 s\u0259drinin saxlan\u0131ld\u0131\u011f\u0131n\u0131 deyir - MEYDAN.TV\",\"isPartOf\":{\"@id\":\"https:\\\/\\\/www.meydan.tv\\\/az\\\/#website\"},\"primaryImageOfPage\":{\"@id\":\"https:\\\/\\\/www.meydan.tv\\\/az\\\/article\\\/bas-prokurorluq-belediyye-sedrinin-saxlanildigini-deyir\\\/#primaryimage\"},\"image\":{\"@id\":\"https:\\\/\\\/www.meydan.tv\\\/az\\\/article\\\/bas-prokurorluq-belediyye-sedrinin-saxlanildigini-deyir\\\/#primaryimage\"},\"thumbnailUrl\":\"https:\\\/\\\/www.meydan.tv\\\/wp-content\\\/uploads\\\/shutterstock_598274123-e1643101424514.jpg\",\"datePublished\":\"2022-08-01T12:24:24+00:00\",\"dateModified\":\"2022-08-01T12:24:26+00:00\",\"breadcrumb\":{\"@id\":\"https:\\\/\\\/www.meydan.tv\\\/az\\\/article\\\/bas-prokurorluq-belediyye-sedrinin-saxlanildigini-deyir\\\/#breadcrumb\"},\"inLanguage\":\"az\",\"potentialAction\":[{\"@type\":\"ReadAction\",\"target\":[\"https:\\\/\\\/www.meydan.tv\\\/az\\\/article\\\/bas-prokurorluq-belediyye-sedrinin-saxlanildigini-deyir\\\/\"]}]},{\"@type\":\"ImageObject\",\"inLanguage\":\"az\",\"@id\":\"https:\\\/\\\/www.meydan.tv\\\/az\\\/article\\\/bas-prokurorluq-belediyye-sedrinin-saxlanildigini-deyir\\\/#primaryimage\",\"url\":\"https:\\\/\\\/www.meydan.tv\\\/wp-content\\\/uploads\\\/shutterstock_598274123-e1643101424514.jpg\",\"contentUrl\":\"https:\\\/\\\/www.meydan.tv\\\/wp-content\\\/uploads\\\/shutterstock_598274123-e1643101424514.jpg\",\"width\":1702,\"height\":647,\"caption\":\"Korrupsiya, Atstock Productions\\\/shutterstock\"},{\"@type\":\"BreadcrumbList\",\"@id\":\"https:\\\/\\\/www.meydan.tv\\\/az\\\/article\\\/bas-prokurorluq-belediyye-sedrinin-saxlanildigini-deyir\\\/#breadcrumb\",\"itemListElement\":[{\"@type\":\"ListItem\",\"position\":1,\"name\":\"Ana s\u0259hif\u0259\",\"item\":\"https:\\\/\\\/www.meydan.tv\\\/az\\\/\"},{\"@type\":\"ListItem\",\"position\":2,\"name\":\"B\u00f6lg\u0259\",\"item\":\"https:\\\/\\\/www.meydan.tv\\\/az\\\/section\\\/bolge\\\/\"},{\"@type\":\"ListItem\",\"position\":3,\"name\":\"Ba\u015f Prokurorluq b\u0259l\u0259diyy\u0259 s\u0259drinin saxlan\u0131ld\u0131\u011f\u0131n\u0131 deyir\"}]},{\"@type\":\"WebSite\",\"@id\":\"https:\\\/\\\/www.meydan.tv\\\/az\\\/#website\",\"url\":\"https:\\\/\\\/www.meydan.tv\\\/az\\\/\",\"name\":\"MEYDAN.TV\",\"description\":\"Meydan TV Az\u0259rbaycan\u0131n media m\u0259kan\u0131ndak\u0131 alternativ s\u0259sidir\",\"publisher\":{\"@id\":\"https:\\\/\\\/www.meydan.tv\\\/az\\\/#organization\"},\"potentialAction\":[{\"@type\":\"SearchAction\",\"target\":{\"@type\":\"EntryPoint\",\"urlTemplate\":\"https:\\\/\\\/www.meydan.tv\\\/az\\\/?s={search_term_string}\"},\"query-input\":{\"@type\":\"PropertyValueSpecification\",\"valueRequired\":true,\"valueName\":\"search_term_string\"}}],\"inLanguage\":\"az\"},{\"@type\":\"Organization\",\"@id\":\"https:\\\/\\\/www.meydan.tv\\\/az\\\/#organization\",\"name\":\"Meydan TV\",\"url\":\"https:\\\/\\\/www.meydan.tv\\\/az\\\/\",\"logo\":{\"@type\":\"ImageObject\",\"inLanguage\":\"az\",\"@id\":\"https:\\\/\\\/www.meydan.tv\\\/az\\\/#\\\/schema\\\/logo\\\/image\\\/\",\"url\":\"https:\\\/\\\/www.meydan.tv\\\/wp-content\\\/uploads\\\/2021\\\/07\\\/meydan-logo.svg\",\"contentUrl\":\"https:\\\/\\\/www.meydan.tv\\\/wp-content\\\/uploads\\\/2021\\\/07\\\/meydan-logo.svg\",\"width\":195,\"height\":46,\"caption\":\"Meydan TV\"},\"image\":{\"@id\":\"https:\\\/\\\/www.meydan.tv\\\/az\\\/#\\\/schema\\\/logo\\\/image\\\/\"}},{\"@type\":\"Person\",\"@id\":\"https:\\\/\\\/www.meydan.tv\\\/az\\\/#\\\/schema\\\/person\\\/9cdbecf90d17180ce1dfbd95b08dcf47\",\"name\":\"elli\",\"sameAs\":[\"https:\\\/\\\/x.com\\\/elli\"]}]}<\/script>\n<!-- \/ Yoast SEO plugin. -->","yoast_head_json":{"title":"Ba\u015f Prokurorluq b\u0259l\u0259diyy\u0259 s\u0259drinin saxlan\u0131ld\u0131\u011f\u0131n\u0131 deyir - MEYDAN.TV","robots":{"index":"index","follow":"follow","max-snippet":"max-snippet:-1","max-image-preview":"max-image-preview:large","max-video-preview":"max-video-preview:-1"},"canonical":"https:\/\/www.meydan.tv\/az\/article\/bas-prokurorluq-belediyye-sedrinin-saxlanildigini-deyir\/","og_locale":"az_AZ","og_type":"article","og_title":"Ba\u015f Prokurorluq b\u0259l\u0259diyy\u0259 s\u0259drinin saxlan\u0131ld\u0131\u011f\u0131n\u0131 deyir - MEYDAN.TV","og_description":"&#8220;Qabaqcadan \u0259lbir olaraq r\u00fc\u015fv\u0259t m\u00fcqabilind\u0259 torpaq sat\u0131blar&#8221; \u0130yulun 30-da Ab\u015feron ... Davam\u0131","og_url":"https:\/\/www.meydan.tv\/az\/article\/bas-prokurorluq-belediyye-sedrinin-saxlanildigini-deyir\/","og_site_name":"MEYDAN.TV","article_published_time":"2022-08-01T12:24:24+00:00","article_modified_time":"2022-08-01T12:24:26+00:00","og_image":[{"width":1702,"height":647,"url":"https:\/\/www.meydan.tv\/wp-content\/uploads\/shutterstock_598274123-e1643101424514.jpg","type":"image\/jpeg"}],"author":"elli","twitter_card":"summary_large_image","twitter_creator":"@elli","schema":{"@context":"https:\/\/schema.org","@graph":[{"@type":"Article","@id":"https:\/\/www.meydan.tv\/az\/article\/bas-prokurorluq-belediyye-sedrinin-saxlanildigini-deyir\/#article","isPartOf":{"@id":"https:\/\/www.meydan.tv\/az\/article\/bas-prokurorluq-belediyye-sedrinin-saxlanildigini-deyir\/"},"author":{"name":"elli","@id":"https:\/\/www.meydan.tv\/az\/#\/schema\/person\/9cdbecf90d17180ce1dfbd95b08dcf47"},"headline":"Ba\u015f Prokurorluq b\u0259l\u0259diyy\u0259 s\u0259drinin saxlan\u0131ld\u0131\u011f\u0131n\u0131 deyir","datePublished":"2022-08-01T12:24:24+00:00","dateModified":"2022-08-01T12:24:26+00:00","mainEntityOfPage":{"@id":"https:\/\/www.meydan.tv\/az\/article\/bas-prokurorluq-belediyye-sedrinin-saxlanildigini-deyir\/"},"wordCount":254,"publisher":{"@id":"https:\/\/www.meydan.tv\/az\/#organization"},"image":{"@id":"https:\/\/www.meydan.tv\/az\/article\/bas-prokurorluq-belediyye-sedrinin-saxlanildigini-deyir\/#primaryimage"},"thumbnailUrl":"https:\/\/www.meydan.tv\/wp-content\/uploads\/shutterstock_598274123-e1643101424514.jpg","articleSection":["B\u00f6lg\u0259","X\u0259b\u0259rl\u0259r"],"inLanguage":"az"},{"@type":"WebPage","@id":"https:\/\/www.meydan.tv\/az\/article\/bas-prokurorluq-belediyye-sedrinin-saxlanildigini-deyir\/","url":"https:\/\/www.meydan.tv\/az\/article\/bas-prokurorluq-belediyye-sedrinin-saxlanildigini-deyir\/","name":"Ba\u015f Prokurorluq b\u0259l\u0259diyy\u0259 s\u0259drinin saxlan\u0131ld\u0131\u011f\u0131n\u0131 deyir - MEYDAN.TV","isPartOf":{"@id":"https:\/\/www.meydan.tv\/az\/#website"},"primaryImageOfPage":{"@id":"https:\/\/www.meydan.tv\/az\/article\/bas-prokurorluq-belediyye-sedrinin-saxlanildigini-deyir\/#primaryimage"},"image":{"@id":"https:\/\/www.meydan.tv\/az\/article\/bas-prokurorluq-belediyye-sedrinin-saxlanildigini-deyir\/#primaryimage"},"thumbnailUrl":"https:\/\/www.meydan.tv\/wp-content\/uploads\/shutterstock_598274123-e1643101424514.jpg","datePublished":"2022-08-01T12:24:24+00:00","dateModified":"2022-08-01T12:24:26+00:00","breadcrumb":{"@id":"https:\/\/www.meydan.tv\/az\/article\/bas-prokurorluq-belediyye-sedrinin-saxlanildigini-deyir\/#breadcrumb"},"inLanguage":"az","potentialAction":[{"@type":"ReadAction","target":["https:\/\/www.meydan.tv\/az\/article\/bas-prokurorluq-belediyye-sedrinin-saxlanildigini-deyir\/"]}]},{"@type":"ImageObject","inLanguage":"az","@id":"https:\/\/www.meydan.tv\/az\/article\/bas-prokurorluq-belediyye-sedrinin-saxlanildigini-deyir\/#primaryimage","url":"https:\/\/www.meydan.tv\/wp-content\/uploads\/shutterstock_598274123-e1643101424514.jpg","contentUrl":"https:\/\/www.meydan.tv\/wp-content\/uploads\/shutterstock_598274123-e1643101424514.jpg","width":1702,"height":647,"caption":"Korrupsiya, Atstock Productions\/shutterstock"},{"@type":"BreadcrumbList","@id":"https:\/\/www.meydan.tv\/az\/article\/bas-prokurorluq-belediyye-sedrinin-saxlanildigini-deyir\/#breadcrumb","itemListElement":[{"@type":"ListItem","position":1,"name":"Ana s\u0259hif\u0259","item":"https:\/\/www.meydan.tv\/az\/"},{"@type":"ListItem","position":2,"name":"B\u00f6lg\u0259","item":"https:\/\/www.meydan.tv\/az\/section\/bolge\/"},{"@type":"ListItem","position":3,"name":"Ba\u015f Prokurorluq b\u0259l\u0259diyy\u0259 s\u0259drinin saxlan\u0131ld\u0131\u011f\u0131n\u0131 deyir"}]},{"@type":"WebSite","@id":"https:\/\/www.meydan.tv\/az\/#website","url":"https:\/\/www.meydan.tv\/az\/","name":"MEYDAN.TV","description":"Meydan TV Az\u0259rbaycan\u0131n media m\u0259kan\u0131ndak\u0131 alternativ s\u0259sidir","publisher":{"@id":"https:\/\/www.meydan.tv\/az\/#organization"},"potentialAction":[{"@type":"SearchAction","target":{"@type":"EntryPoint","urlTemplate":"https:\/\/www.meydan.tv\/az\/?s={search_term_string}"},"query-input":{"@type":"PropertyValueSpecification","valueRequired":true,"valueName":"search_term_string"}}],"inLanguage":"az"},{"@type":"Organization","@id":"https:\/\/www.meydan.tv\/az\/#organization","name":"Meydan TV","url":"https:\/\/www.meydan.tv\/az\/","logo":{"@type":"ImageObject","inLanguage":"az","@id":"https:\/\/www.meydan.tv\/az\/#\/schema\/logo\/image\/","url":"https:\/\/www.meydan.tv\/wp-content\/uploads\/2021\/07\/meydan-logo.svg","contentUrl":"https:\/\/www.meydan.tv\/wp-content\/uploads\/2021\/07\/meydan-logo.svg","width":195,"height":46,"caption":"Meydan TV"},"image":{"@id":"https:\/\/www.meydan.tv\/az\/#\/schema\/logo\/image\/"}},{"@type":"Person","@id":"https:\/\/www.meydan.tv\/az\/#\/schema\/person\/9cdbecf90d17180ce1dfbd95b08dcf47","name":"elli","sameAs":["https:\/\/x.com\/elli"]}]}},"_links":{"self":[{"href":"https:\/\/www.meydan.tv\/az\/wp-json\/wp\/v2\/posts\/252256","targetHints":{"allow":["GET"]}}],"collection":[{"href":"https:\/\/www.meydan.tv\/az\/wp-json\/wp\/v2\/posts"}],"about":[{"href":"https:\/\/www.meydan.tv\/az\/wp-json\/wp\/v2\/types\/post"}],"author":[{"embeddable":true,"href":"https:\/\/www.meydan.tv\/az\/wp-json\/wp\/v2\/users\/8"}],"replies":[{"embeddable":true,"href":"https:\/\/www.meydan.tv\/az\/wp-json\/wp\/v2\/comments?post=252256"}],"version-history":[{"count":2,"href":"https:\/\/www.meydan.tv\/az\/wp-json\/wp\/v2\/posts\/252256\/revisions"}],"predecessor-version":[{"id":252259,"href":"https:\/\/www.meydan.tv\/az\/wp-json\/wp\/v2\/posts\/252256\/revisions\/252259"}],"wp:featuredmedia":[{"embeddable":true,"href":"https:\/\/www.meydan.tv\/az\/wp-json\/wp\/v2\/media\/232631"}],"wp:attachment":[{"href":"https:\/\/www.meydan.tv\/az\/wp-json\/wp\/v2\/media?parent=252256"}],"wp:term":[{"taxonomy":"category","embeddable":true,"href":"https:\/\/www.meydan.tv\/az\/wp-json\/wp\/v2\/categories?post=252256"},{"taxonomy":"post_tag","embeddable":true,"href":"https:\/\/www.meydan.tv\/az\/wp-json\/wp\/v2\/tags?post=252256"}],"curies":[{"name":"wp","href":"https:\/\/api.w.org\/{rel}","templated":true}]}}