{"id":252250,"date":"2022-08-01T15:43:20","date_gmt":"2022-08-01T11:43:20","guid":{"rendered":"https:\/\/www.meydan.tv\/?p=252250"},"modified":"2022-08-01T15:43:21","modified_gmt":"2022-08-01T11:43:21","slug":"qirmizixac-komitesi-yelenovkadaki-hebsxanada-goruse-nail-ola-bilmeyib","status":"publish","type":"post","link":"https:\/\/www.meydan.tv\/az\/article\/qirmizixac-komitesi-yelenovkadaki-hebsxanada-goruse-nail-ola-bilmeyib\/","title":{"rendered":"Q\u0131rm\u0131z\u0131 Xa\u00e7 Komit\u0259si Yelenovkadaki h\u0259bsxanada g\u00f6r\u00fc\u015f\u0259 nail ola bilm\u0259yib"},"content":{"rendered":"\n<p><a href=\"https:\/\/novosti.dn.ua\/ru\/news\/328289-krasnyj-krest-do-sih-por-ne-poluchil-dostup-k-tyurme-v-elenovke\" target=\"_blank\" rel=\"noreferrer noopener\">&#8220;Donbassnews&#8221;<\/a>un x\u0259b\u0259ri<strong><em>\u00a0<\/em><\/strong><\/p>\n\n\n\n<p><strong><em>\u201cAil\u0259l\u0259r yax\u0131nlar\u0131n\u0131n ba\u015f\u0131na n\u0259 g\u0259lm\u0259si il\u0259 ba\u011fl\u0131 t\u0259cili x\u0259b\u0259rl\u0259r v\u0259 cavablar almal\u0131d\u0131r\u201d<\/em><\/strong><\/p>\n\n\n\n<p>Beyn\u0259lxalq Q\u0131rm\u0131z\u0131 Xa\u00e7 Komit\u0259si (BQXK) Yelenovkadak\u0131 h\u0259bsxanada h\u0259l\u0259 g\u00f6r\u00fc\u015f\u0259 nail ola bilm\u0259yib. C\u00fcm\u0259 g\u00fcn\u00fc h\u0259min h\u0259bsxanaya h\u00fccum zaman\u0131 onlarla ukraynal\u0131 h\u0259rbi \u0259sir h\u0259lak olub.<\/p>\n\n\n\n<p>\u201cReuters\u201d t\u0259\u015fkilat\u0131n b\u0259yanat\u0131na \u0259saslanaraq <a href=\"https:\/\/www.reuters.com\/world\/europe\/red-cross-condemns-attacks-ukrainian-pows-has-got-no-access-site-2022-07-31\/\" target=\"_blank\" rel=\"noreferrer noopener\">x\u0259b\u0259r verir<\/a>.\u00a0\u00a0\u00a0<\/p>\n\n\n\n<p>\u201cBiz h\u0259l\u0259 ki, h\u0259bsxanaya v\u0259 ya h\u00fccumdan z\u0259r\u0259r \u00e7\u0259kmi\u015f h\u0259rbi \u0259sirl\u0259r\u0259 ba\u015f \u00e7\u0259km\u0259k \u00fc\u00e7\u00fcn r\u0259smi icaz\u0259 ala bilm\u0259mi\u015fik. Haz\u0131rda maddi yard\u0131mla ba\u011fl\u0131 t\u0259klifimiz d\u0259 q\u0259bul olunmay\u0131b\u201d, \u2013 x\u0259b\u0259rd\u0259 deyilir.&nbsp;&nbsp;<\/p>\n\n\n\n<p>BQXK bundan \u0259lav\u0259, yaral\u0131lar\u0131n t\u0259xliy\u0259sini v\u0259 t\u0259m\u0259nnas\u0131z k\u00f6m\u0259k d\u0259 t\u0259klif edib.<\/p>\n\n\n\n<p>\u201cAil\u0259l\u0259r yax\u0131nlar\u0131n\u0131n ba\u015f\u0131na n\u0259 g\u0259lm\u0259si il\u0259 ba\u011fl\u0131 t\u0259cili x\u0259b\u0259rl\u0259r v\u0259 cavablar almal\u0131d\u0131r. T\u0259r\u0259fl\u0259r bunun \u00fc\u00e7\u00fcn \u0259ll\u0259rind\u0259n g\u0259l\u0259n h\u0259r \u015feyi etm\u0259li, o c\u00fcml\u0259d\u0259n h\u00fccum fakt\u0131n\u0131 ayd\u0131nla\u015fd\u0131rmaq \u00fc\u00e7\u00fcn t\u0259r\u0259fsiz istintaq aparmal\u0131d\u0131r\u201d, \u2013 b\u0259yanatda qeyd olunur.&nbsp;&nbsp;<\/p>\n\n\n\n<p>T\u0259\u015fkilatda onu da deyibl\u0259r ki, Q\u0131rm\u0131z\u0131 Xa\u00e7 qruplar\u0131 Yelenovkaya yollanma\u011fa haz\u0131rd\u0131r, bunun \u00fc\u00e7\u00fcn yax\u0131nl\u0131qdak\u0131 \u0259razid\u0259 art\u0131q tibbi, m\u0259hk\u0259m\u0259-tibbi v\u0259 humanitar briqadalar toplan\u0131b.<\/p>\n\n\n\n<p>Rusiya bu g\u00fcnl\u0259rd\u0259 BMT v\u0259 Q\u0131rm\u0131z\u0131 Xa\u00e7 ekspertl\u0259rini ukraynal\u0131 h\u0259rbi \u0259sirl\u0259rin Yelenovka koloniyas\u0131nda h\u0259lak oldu\u011fu yer\u0259 d\u0259v\u0259t etm\u0259y\u0259 <a href=\"https:\/\/novosti.dn.ua\/ru\/news\/328263-rossiya-govorit-chto-uzhe-ofitsialno-priglasila-ekspertov-oon-i-mkkk-v-koloniyu-elenovki\" target=\"_blank\" rel=\"noreferrer noopener\">raz\u0131l\u0131q verib<\/a>.\u00a0\u00a0<\/p>\n\n\n\n<p>\u201cDXR\u201d-n\u0131n \u0259razisind\u0259 yerl\u0259\u015f\u0259n Yelenovka koloniyas\u0131 iyulun 29-na ke\u00e7\u0259n gec\u0259 at\u0259\u015f\u0259 m\u0259ruz qal\u0131b. H\u0259min vaxt orada ukraynal\u0131 h\u0259rbi \u0259sirl\u0259r olub. T\u0259xmin\u0259n 50 n\u0259f\u0259r h\u0259lak olub, onlarla yaralanan var. Rusiya v\u0259 Ukrayna hakimiyy\u0259tl\u0259ri olayla ba\u011fl\u0131 bir-birini g\u00fcnahland\u0131r\u0131b.<\/p>\n\n\n\n<p>RF M\u00fcdafi\u0259 Nazirliyi Yelenovkada 50 h\u0259rbi \u0259sirin h\u0259lak oldu\u011funu v\u0259 73 h\u0259rbi \u0259sirin yaraland\u0131\u011f\u0131n\u0131 b\u0259yan edib.<\/p>\n","protected":false},"excerpt":{"rendered":"<p>&#8220;Donbassnews&#8221;un x\u0259b\u0259ri\u00a0 \u201cAil\u0259l\u0259r yax\u0131nlar\u0131n\u0131n ba\u015f\u0131na n\u0259 g\u0259lm\u0259si il\u0259 ba\u011fl\u0131 t\u0259cili &#8230; <\/p>\n<p class=\"read-more-container\"><a title=\"Q\u0131rm\u0131z\u0131 Xa\u00e7 Komit\u0259si Yelenovkadaki h\u0259bsxanada g\u00f6r\u00fc\u015f\u0259 nail ola bilm\u0259yib\" class=\"read-more button\" href=\"https:\/\/www.meydan.tv\/az\/article\/qirmizixac-komitesi-yelenovkadaki-hebsxanada-goruse-nail-ola-bilmeyib\/#more-252250\" aria-label=\"Read more about Q\u0131rm\u0131z\u0131 Xa\u00e7 Komit\u0259si Yelenovkadaki h\u0259bsxanada g\u00f6r\u00fc\u015f\u0259 nail ola bilm\u0259yib\">Davam\u0131<\/a><\/p>\n","protected":false},"author":16,"featured_media":249778,"comment_status":"closed","ping_status":"closed","sticky":false,"template":"","format":"standard","meta":{"_acf_changed":false,"_sitemap_exclude":false,"_sitemap_priority":"","_sitemap_frequency":"","footnotes":""},"categories":[64,56],"tags":[],"class_list":["post-252250","post","type-post","status-publish","format-standard","has-post-thumbnail","hentry","category-dunya","category-xeberler","infinite-scroll-item","generate-columns","tablet-grid-50","mobile-grid-100","grid-parent","grid-33","no-featured-image-padding"],"acf":[],"yoast_head":"<!-- This site is optimized with the Yoast SEO plugin v27.5 - https:\/\/yoast.com\/product\/yoast-seo-wordpress\/ -->\n<title>Q\u0131rm\u0131z\u0131 Xa\u00e7 Komit\u0259si Yelenovkadaki h\u0259bsxanada g\u00f6r\u00fc\u015f\u0259 nail ola bilm\u0259yib - MEYDAN.TV<\/title>\n<meta name=\"robots\" content=\"index, follow, max-snippet:-1, max-image-preview:large, max-video-preview:-1\" \/>\n<link rel=\"canonical\" href=\"https:\/\/www.meydan.tv\/az\/article\/qirmizixac-komitesi-yelenovkadaki-hebsxanada-goruse-nail-ola-bilmeyib\/\" \/>\n<meta property=\"og:locale\" content=\"az_AZ\" \/>\n<meta property=\"og:type\" content=\"article\" \/>\n<meta property=\"og:title\" content=\"Q\u0131rm\u0131z\u0131 Xa\u00e7 Komit\u0259si Yelenovkadaki h\u0259bsxanada g\u00f6r\u00fc\u015f\u0259 nail ola bilm\u0259yib - MEYDAN.TV\" \/>\n<meta property=\"og:description\" content=\"&#8220;Donbassnews&#8221;un x\u0259b\u0259ri\u00a0 \u201cAil\u0259l\u0259r yax\u0131nlar\u0131n\u0131n ba\u015f\u0131na n\u0259 g\u0259lm\u0259si il\u0259 ba\u011fl\u0131 t\u0259cili ... Davam\u0131\" \/>\n<meta property=\"og:url\" content=\"https:\/\/www.meydan.tv\/az\/article\/qirmizixac-komitesi-yelenovkadaki-hebsxanada-goruse-nail-ola-bilmeyib\/\" \/>\n<meta property=\"og:site_name\" content=\"MEYDAN.TV\" \/>\n<meta property=\"article:published_time\" content=\"2022-08-01T11:43:20+00:00\" \/>\n<meta property=\"article:modified_time\" content=\"2022-08-01T11:43:21+00:00\" \/>\n<meta property=\"og:image\" content=\"https:\/\/www.meydan.tv\/wp-content\/uploads\/image-from-ios-6-scaled.jpg\" \/>\n\t<meta property=\"og:image:width\" content=\"2560\" \/>\n\t<meta property=\"og:image:height\" content=\"1707\" \/>\n\t<meta property=\"og:image:type\" content=\"image\/jpeg\" \/>\n<meta name=\"author\" content=\"sevda\" \/>\n<meta name=\"twitter:card\" content=\"summary_large_image\" \/>\n<script type=\"application\/ld+json\" class=\"yoast-schema-graph\">{\"@context\":\"https:\\\/\\\/schema.org\",\"@graph\":[{\"@type\":\"Article\",\"@id\":\"https:\\\/\\\/www.meydan.tv\\\/az\\\/article\\\/qirmizixac-komitesi-yelenovkadaki-hebsxanada-goruse-nail-ola-bilmeyib\\\/#article\",\"isPartOf\":{\"@id\":\"https:\\\/\\\/www.meydan.tv\\\/az\\\/article\\\/qirmizixac-komitesi-yelenovkadaki-hebsxanada-goruse-nail-ola-bilmeyib\\\/\"},\"author\":{\"name\":\"sevda\",\"@id\":\"https:\\\/\\\/www.meydan.tv\\\/az\\\/#\\\/schema\\\/person\\\/49b5f2bad5b126bb8ea9320eeb3e4dc9\"},\"headline\":\"Q\u0131rm\u0131z\u0131 Xa\u00e7 Komit\u0259si Yelenovkadaki h\u0259bsxanada g\u00f6r\u00fc\u015f\u0259 nail ola bilm\u0259yib\",\"datePublished\":\"2022-08-01T11:43:20+00:00\",\"dateModified\":\"2022-08-01T11:43:21+00:00\",\"mainEntityOfPage\":{\"@id\":\"https:\\\/\\\/www.meydan.tv\\\/az\\\/article\\\/qirmizixac-komitesi-yelenovkadaki-hebsxanada-goruse-nail-ola-bilmeyib\\\/\"},\"wordCount\":385,\"publisher\":{\"@id\":\"https:\\\/\\\/www.meydan.tv\\\/az\\\/#organization\"},\"image\":{\"@id\":\"https:\\\/\\\/www.meydan.tv\\\/az\\\/article\\\/qirmizixac-komitesi-yelenovkadaki-hebsxanada-goruse-nail-ola-bilmeyib\\\/#primaryimage\"},\"thumbnailUrl\":\"https:\\\/\\\/www.meydan.tv\\\/wp-content\\\/uploads\\\/image-from-ios-6-scaled.jpg\",\"articleSection\":[\"D\u00fcnya\",\"X\u0259b\u0259rl\u0259r\"],\"inLanguage\":\"az\"},{\"@type\":\"WebPage\",\"@id\":\"https:\\\/\\\/www.meydan.tv\\\/az\\\/article\\\/qirmizixac-komitesi-yelenovkadaki-hebsxanada-goruse-nail-ola-bilmeyib\\\/\",\"url\":\"https:\\\/\\\/www.meydan.tv\\\/az\\\/article\\\/qirmizixac-komitesi-yelenovkadaki-hebsxanada-goruse-nail-ola-bilmeyib\\\/\",\"name\":\"Q\u0131rm\u0131z\u0131 Xa\u00e7 Komit\u0259si Yelenovkadaki h\u0259bsxanada g\u00f6r\u00fc\u015f\u0259 nail ola bilm\u0259yib - MEYDAN.TV\",\"isPartOf\":{\"@id\":\"https:\\\/\\\/www.meydan.tv\\\/az\\\/#website\"},\"primaryImageOfPage\":{\"@id\":\"https:\\\/\\\/www.meydan.tv\\\/az\\\/article\\\/qirmizixac-komitesi-yelenovkadaki-hebsxanada-goruse-nail-ola-bilmeyib\\\/#primaryimage\"},\"image\":{\"@id\":\"https:\\\/\\\/www.meydan.tv\\\/az\\\/article\\\/qirmizixac-komitesi-yelenovkadaki-hebsxanada-goruse-nail-ola-bilmeyib\\\/#primaryimage\"},\"thumbnailUrl\":\"https:\\\/\\\/www.meydan.tv\\\/wp-content\\\/uploads\\\/image-from-ios-6-scaled.jpg\",\"datePublished\":\"2022-08-01T11:43:20+00:00\",\"dateModified\":\"2022-08-01T11:43:21+00:00\",\"breadcrumb\":{\"@id\":\"https:\\\/\\\/www.meydan.tv\\\/az\\\/article\\\/qirmizixac-komitesi-yelenovkadaki-hebsxanada-goruse-nail-ola-bilmeyib\\\/#breadcrumb\"},\"inLanguage\":\"az\",\"potentialAction\":[{\"@type\":\"ReadAction\",\"target\":[\"https:\\\/\\\/www.meydan.tv\\\/az\\\/article\\\/qirmizixac-komitesi-yelenovkadaki-hebsxanada-goruse-nail-ola-bilmeyib\\\/\"]}]},{\"@type\":\"ImageObject\",\"inLanguage\":\"az\",\"@id\":\"https:\\\/\\\/www.meydan.tv\\\/az\\\/article\\\/qirmizixac-komitesi-yelenovkadaki-hebsxanada-goruse-nail-ola-bilmeyib\\\/#primaryimage\",\"url\":\"https:\\\/\\\/www.meydan.tv\\\/wp-content\\\/uploads\\\/image-from-ios-6-scaled.jpg\",\"contentUrl\":\"https:\\\/\\\/www.meydan.tv\\\/wp-content\\\/uploads\\\/image-from-ios-6-scaled.jpg\",\"width\":2560,\"height\":1707,\"caption\":\"\u0130ll\u00fcstrasiya: Meydan TV\"},{\"@type\":\"BreadcrumbList\",\"@id\":\"https:\\\/\\\/www.meydan.tv\\\/az\\\/article\\\/qirmizixac-komitesi-yelenovkadaki-hebsxanada-goruse-nail-ola-bilmeyib\\\/#breadcrumb\",\"itemListElement\":[{\"@type\":\"ListItem\",\"position\":1,\"name\":\"Ana s\u0259hif\u0259\",\"item\":\"https:\\\/\\\/www.meydan.tv\\\/az\\\/\"},{\"@type\":\"ListItem\",\"position\":2,\"name\":\"X\u0259b\u0259rl\u0259r\",\"item\":\"https:\\\/\\\/www.meydan.tv\\\/az\\\/section\\\/xeberler\\\/\"},{\"@type\":\"ListItem\",\"position\":3,\"name\":\"Q\u0131rm\u0131z\u0131 Xa\u00e7 Komit\u0259si Yelenovkadaki h\u0259bsxanada g\u00f6r\u00fc\u015f\u0259 nail ola bilm\u0259yib\"}]},{\"@type\":\"WebSite\",\"@id\":\"https:\\\/\\\/www.meydan.tv\\\/az\\\/#website\",\"url\":\"https:\\\/\\\/www.meydan.tv\\\/az\\\/\",\"name\":\"MEYDAN.TV\",\"description\":\"Meydan TV Az\u0259rbaycan\u0131n media m\u0259kan\u0131ndak\u0131 alternativ s\u0259sidir\",\"publisher\":{\"@id\":\"https:\\\/\\\/www.meydan.tv\\\/az\\\/#organization\"},\"potentialAction\":[{\"@type\":\"SearchAction\",\"target\":{\"@type\":\"EntryPoint\",\"urlTemplate\":\"https:\\\/\\\/www.meydan.tv\\\/az\\\/?s={search_term_string}\"},\"query-input\":{\"@type\":\"PropertyValueSpecification\",\"valueRequired\":true,\"valueName\":\"search_term_string\"}}],\"inLanguage\":\"az\"},{\"@type\":\"Organization\",\"@id\":\"https:\\\/\\\/www.meydan.tv\\\/az\\\/#organization\",\"name\":\"Meydan TV\",\"url\":\"https:\\\/\\\/www.meydan.tv\\\/az\\\/\",\"logo\":{\"@type\":\"ImageObject\",\"inLanguage\":\"az\",\"@id\":\"https:\\\/\\\/www.meydan.tv\\\/az\\\/#\\\/schema\\\/logo\\\/image\\\/\",\"url\":\"https:\\\/\\\/www.meydan.tv\\\/wp-content\\\/uploads\\\/2021\\\/07\\\/meydan-logo.svg\",\"contentUrl\":\"https:\\\/\\\/www.meydan.tv\\\/wp-content\\\/uploads\\\/2021\\\/07\\\/meydan-logo.svg\",\"width\":195,\"height\":46,\"caption\":\"Meydan TV\"},\"image\":{\"@id\":\"https:\\\/\\\/www.meydan.tv\\\/az\\\/#\\\/schema\\\/logo\\\/image\\\/\"}},{\"@type\":\"Person\",\"@id\":\"https:\\\/\\\/www.meydan.tv\\\/az\\\/#\\\/schema\\\/person\\\/49b5f2bad5b126bb8ea9320eeb3e4dc9\",\"name\":\"sevda\"}]}<\/script>\n<!-- \/ Yoast SEO plugin. -->","yoast_head_json":{"title":"Q\u0131rm\u0131z\u0131 Xa\u00e7 Komit\u0259si Yelenovkadaki h\u0259bsxanada g\u00f6r\u00fc\u015f\u0259 nail ola bilm\u0259yib - MEYDAN.TV","robots":{"index":"index","follow":"follow","max-snippet":"max-snippet:-1","max-image-preview":"max-image-preview:large","max-video-preview":"max-video-preview:-1"},"canonical":"https:\/\/www.meydan.tv\/az\/article\/qirmizixac-komitesi-yelenovkadaki-hebsxanada-goruse-nail-ola-bilmeyib\/","og_locale":"az_AZ","og_type":"article","og_title":"Q\u0131rm\u0131z\u0131 Xa\u00e7 Komit\u0259si Yelenovkadaki h\u0259bsxanada g\u00f6r\u00fc\u015f\u0259 nail ola bilm\u0259yib - MEYDAN.TV","og_description":"&#8220;Donbassnews&#8221;un x\u0259b\u0259ri\u00a0 \u201cAil\u0259l\u0259r yax\u0131nlar\u0131n\u0131n ba\u015f\u0131na n\u0259 g\u0259lm\u0259si il\u0259 ba\u011fl\u0131 t\u0259cili ... Davam\u0131","og_url":"https:\/\/www.meydan.tv\/az\/article\/qirmizixac-komitesi-yelenovkadaki-hebsxanada-goruse-nail-ola-bilmeyib\/","og_site_name":"MEYDAN.TV","article_published_time":"2022-08-01T11:43:20+00:00","article_modified_time":"2022-08-01T11:43:21+00:00","og_image":[{"width":2560,"height":1707,"url":"https:\/\/www.meydan.tv\/wp-content\/uploads\/image-from-ios-6-scaled.jpg","type":"image\/jpeg"}],"author":"sevda","twitter_card":"summary_large_image","schema":{"@context":"https:\/\/schema.org","@graph":[{"@type":"Article","@id":"https:\/\/www.meydan.tv\/az\/article\/qirmizixac-komitesi-yelenovkadaki-hebsxanada-goruse-nail-ola-bilmeyib\/#article","isPartOf":{"@id":"https:\/\/www.meydan.tv\/az\/article\/qirmizixac-komitesi-yelenovkadaki-hebsxanada-goruse-nail-ola-bilmeyib\/"},"author":{"name":"sevda","@id":"https:\/\/www.meydan.tv\/az\/#\/schema\/person\/49b5f2bad5b126bb8ea9320eeb3e4dc9"},"headline":"Q\u0131rm\u0131z\u0131 Xa\u00e7 Komit\u0259si Yelenovkadaki h\u0259bsxanada g\u00f6r\u00fc\u015f\u0259 nail ola bilm\u0259yib","datePublished":"2022-08-01T11:43:20+00:00","dateModified":"2022-08-01T11:43:21+00:00","mainEntityOfPage":{"@id":"https:\/\/www.meydan.tv\/az\/article\/qirmizixac-komitesi-yelenovkadaki-hebsxanada-goruse-nail-ola-bilmeyib\/"},"wordCount":385,"publisher":{"@id":"https:\/\/www.meydan.tv\/az\/#organization"},"image":{"@id":"https:\/\/www.meydan.tv\/az\/article\/qirmizixac-komitesi-yelenovkadaki-hebsxanada-goruse-nail-ola-bilmeyib\/#primaryimage"},"thumbnailUrl":"https:\/\/www.meydan.tv\/wp-content\/uploads\/image-from-ios-6-scaled.jpg","articleSection":["D\u00fcnya","X\u0259b\u0259rl\u0259r"],"inLanguage":"az"},{"@type":"WebPage","@id":"https:\/\/www.meydan.tv\/az\/article\/qirmizixac-komitesi-yelenovkadaki-hebsxanada-goruse-nail-ola-bilmeyib\/","url":"https:\/\/www.meydan.tv\/az\/article\/qirmizixac-komitesi-yelenovkadaki-hebsxanada-goruse-nail-ola-bilmeyib\/","name":"Q\u0131rm\u0131z\u0131 Xa\u00e7 Komit\u0259si Yelenovkadaki h\u0259bsxanada g\u00f6r\u00fc\u015f\u0259 nail ola bilm\u0259yib - MEYDAN.TV","isPartOf":{"@id":"https:\/\/www.meydan.tv\/az\/#website"},"primaryImageOfPage":{"@id":"https:\/\/www.meydan.tv\/az\/article\/qirmizixac-komitesi-yelenovkadaki-hebsxanada-goruse-nail-ola-bilmeyib\/#primaryimage"},"image":{"@id":"https:\/\/www.meydan.tv\/az\/article\/qirmizixac-komitesi-yelenovkadaki-hebsxanada-goruse-nail-ola-bilmeyib\/#primaryimage"},"thumbnailUrl":"https:\/\/www.meydan.tv\/wp-content\/uploads\/image-from-ios-6-scaled.jpg","datePublished":"2022-08-01T11:43:20+00:00","dateModified":"2022-08-01T11:43:21+00:00","breadcrumb":{"@id":"https:\/\/www.meydan.tv\/az\/article\/qirmizixac-komitesi-yelenovkadaki-hebsxanada-goruse-nail-ola-bilmeyib\/#breadcrumb"},"inLanguage":"az","potentialAction":[{"@type":"ReadAction","target":["https:\/\/www.meydan.tv\/az\/article\/qirmizixac-komitesi-yelenovkadaki-hebsxanada-goruse-nail-ola-bilmeyib\/"]}]},{"@type":"ImageObject","inLanguage":"az","@id":"https:\/\/www.meydan.tv\/az\/article\/qirmizixac-komitesi-yelenovkadaki-hebsxanada-goruse-nail-ola-bilmeyib\/#primaryimage","url":"https:\/\/www.meydan.tv\/wp-content\/uploads\/image-from-ios-6-scaled.jpg","contentUrl":"https:\/\/www.meydan.tv\/wp-content\/uploads\/image-from-ios-6-scaled.jpg","width":2560,"height":1707,"caption":"\u0130ll\u00fcstrasiya: Meydan TV"},{"@type":"BreadcrumbList","@id":"https:\/\/www.meydan.tv\/az\/article\/qirmizixac-komitesi-yelenovkadaki-hebsxanada-goruse-nail-ola-bilmeyib\/#breadcrumb","itemListElement":[{"@type":"ListItem","position":1,"name":"Ana s\u0259hif\u0259","item":"https:\/\/www.meydan.tv\/az\/"},{"@type":"ListItem","position":2,"name":"X\u0259b\u0259rl\u0259r","item":"https:\/\/www.meydan.tv\/az\/section\/xeberler\/"},{"@type":"ListItem","position":3,"name":"Q\u0131rm\u0131z\u0131 Xa\u00e7 Komit\u0259si Yelenovkadaki h\u0259bsxanada g\u00f6r\u00fc\u015f\u0259 nail ola bilm\u0259yib"}]},{"@type":"WebSite","@id":"https:\/\/www.meydan.tv\/az\/#website","url":"https:\/\/www.meydan.tv\/az\/","name":"MEYDAN.TV","description":"Meydan TV Az\u0259rbaycan\u0131n media m\u0259kan\u0131ndak\u0131 alternativ s\u0259sidir","publisher":{"@id":"https:\/\/www.meydan.tv\/az\/#organization"},"potentialAction":[{"@type":"SearchAction","target":{"@type":"EntryPoint","urlTemplate":"https:\/\/www.meydan.tv\/az\/?s={search_term_string}"},"query-input":{"@type":"PropertyValueSpecification","valueRequired":true,"valueName":"search_term_string"}}],"inLanguage":"az"},{"@type":"Organization","@id":"https:\/\/www.meydan.tv\/az\/#organization","name":"Meydan TV","url":"https:\/\/www.meydan.tv\/az\/","logo":{"@type":"ImageObject","inLanguage":"az","@id":"https:\/\/www.meydan.tv\/az\/#\/schema\/logo\/image\/","url":"https:\/\/www.meydan.tv\/wp-content\/uploads\/2021\/07\/meydan-logo.svg","contentUrl":"https:\/\/www.meydan.tv\/wp-content\/uploads\/2021\/07\/meydan-logo.svg","width":195,"height":46,"caption":"Meydan TV"},"image":{"@id":"https:\/\/www.meydan.tv\/az\/#\/schema\/logo\/image\/"}},{"@type":"Person","@id":"https:\/\/www.meydan.tv\/az\/#\/schema\/person\/49b5f2bad5b126bb8ea9320eeb3e4dc9","name":"sevda"}]}},"_links":{"self":[{"href":"https:\/\/www.meydan.tv\/az\/wp-json\/wp\/v2\/posts\/252250","targetHints":{"allow":["GET"]}}],"collection":[{"href":"https:\/\/www.meydan.tv\/az\/wp-json\/wp\/v2\/posts"}],"about":[{"href":"https:\/\/www.meydan.tv\/az\/wp-json\/wp\/v2\/types\/post"}],"author":[{"embeddable":true,"href":"https:\/\/www.meydan.tv\/az\/wp-json\/wp\/v2\/users\/16"}],"replies":[{"embeddable":true,"href":"https:\/\/www.meydan.tv\/az\/wp-json\/wp\/v2\/comments?post=252250"}],"version-history":[{"count":2,"href":"https:\/\/www.meydan.tv\/az\/wp-json\/wp\/v2\/posts\/252250\/revisions"}],"predecessor-version":[{"id":252252,"href":"https:\/\/www.meydan.tv\/az\/wp-json\/wp\/v2\/posts\/252250\/revisions\/252252"}],"wp:featuredmedia":[{"embeddable":true,"href":"https:\/\/www.meydan.tv\/az\/wp-json\/wp\/v2\/media\/249778"}],"wp:attachment":[{"href":"https:\/\/www.meydan.tv\/az\/wp-json\/wp\/v2\/media?parent=252250"}],"wp:term":[{"taxonomy":"category","embeddable":true,"href":"https:\/\/www.meydan.tv\/az\/wp-json\/wp\/v2\/categories?post=252250"},{"taxonomy":"post_tag","embeddable":true,"href":"https:\/\/www.meydan.tv\/az\/wp-json\/wp\/v2\/tags?post=252250"}],"curies":[{"name":"wp","href":"https:\/\/api.w.org\/{rel}","templated":true}]}}