{"id":252204,"date":"2022-07-31T10:12:34","date_gmt":"2022-07-31T06:12:34","guid":{"rendered":"https:\/\/www.meydan.tv\/?p=252204"},"modified":"2022-08-01T14:04:20","modified_gmt":"2022-08-01T10:04:20","slug":"semkirde-santajda-ittiham-olunan-polis-emekdasindan-daha-bir-sikayet","status":"publish","type":"post","link":"https:\/\/www.meydan.tv\/az\/article\/semkirde-santajda-ittiham-olunan-polis-emekdasindan-daha-bir-sikayet\/","title":{"rendered":"\u015e\u0259mkird\u0259 \u015fantajda ittiham olunan polis \u0259m\u0259kda\u015f\u0131ndan daha bir \u015fikay\u0259t"},"content":{"rendered":"\n<p><\/p>\n\n\n\n<p><em>Kamil Abdullayev: \u201cBiz\u0259 d\u0259 maraql\u0131d\u0131r ki, bu adamlar niy\u0259 c\u0259zas\u0131z qal\u0131r?\u201d<\/em><\/p>\n\n\n\n<p>\u015e\u0259mkir rayon Polis \u015e\u00f6b\u0259sinin \u0259m\u0259kda\u015flar\u0131 yen\u0259 d\u0259 t\u0259sir dair\u0259l\u0259rind\u0259 saxlad\u0131qlar\u0131 qad\u0131ndan istifad\u0259 ed\u0259r\u0259k, \u015fantajla rayon sakinl\u0259rind\u0259n pul t\u0259l\u0259b etm\u0259kd\u0259 ittiham olunurlar. Bir m\u00fcdd\u0259t \u00f6nc\u0259 \u015e\u0259mkird\u0259 i\u015f adam\u0131 Arzu Cabbarovun \u00f6l\u00fcm\u00fcnd\u0259 ad\u0131 hallanan polis \u0259m\u0259kda\u015f\u0131 Etibar Yaqubovdan bu d\u0259f\u0259 rayon sakini Kamil Abdullayev \u015fikay\u0259t\u00e7idir.<\/p>\n\n\n\n<p><strong>\u201cEtibar dedi ki, 1000 manat s\u0259n ver, 500 d\u0259 qon\u015fun\u2026\u201d<\/strong><\/p>\n\n\n\n<p>\u015e\u0259mkird\u0259 market i\u015fl\u0259tm\u0259kl\u0259 ail\u0259sini doland\u0131rd\u0131\u011f\u0131n\u0131 dey\u0259n Kamil Abdullayev bildirib ki, iyulun 12-d\u0259 tan\u0131\u015flardan birinin yas m\u0259clisin\u0259 getdiyin\u0259 g\u00f6r\u0259 ma\u011fazaya m\u00fcv\u0259qq\u0259ti n\u0259zar\u0259t etm\u0259yi 14 ya\u015fl\u0131 bac\u0131s\u0131 o\u011fluna tap\u015f\u0131r\u0131b. Onun s\u00f6zl\u0259rin\u0259 g\u00f6r\u0259, h\u0259min vaxt ma\u011fazaya \u018ffsan\u0259 adl\u0131 qad\u0131n g\u0259lib v\u0259 yeniyetm\u0259ni ona sata\u015fmaqda ittiham edib:<\/p>\n\n\n\n<p>\u201cH\u0259min m\u0259qamda qon\u015fumuz Kamil \u018fliyev d\u0259 ma\u011fazada olub. Qad\u0131na deyib ki, \u201cax\u0131 m\u0259n d\u0259 burada idim, o u\u015faq s\u0259n\u0259 sata\u015fmad\u0131\u201d. Bu hadis\u0259d\u0259n bir g\u00fcn sonra m\u0259n marketd\u0259 olanda polis \u0259m\u0259kda\u015f\u0131 Etibar Yaqubov g\u0259ldi, yan\u0131nda da Ruslan adl\u0131 ba\u015fqa bir polis vard\u0131. Etibar ba\u015flad\u0131 g\u00fcnd\u0259lik n\u0259 q\u0259d\u0259r qazand\u0131\u011f\u0131m\u0131 soru\u015fma\u011fa. Bir az bu m\u00f6vzuda sor\u011fu-sualdan sonra dedi ki, \u201cs\u0259nin haqq\u0131nda Daxili \u0130\u015fl\u0259r Nazirliyinin \u201c102\u201d xidm\u0259tin\u0259 \u015fikay\u0259t olunub, ma\u011fazada qad\u0131na sata\u015fm\u0131s\u0131n\u0131z. M\u0259ni d\u0259, qon\u015fumuz Kamil \u018fliyevi d\u0259 \u015f\u00f6b\u0259y\u0259 apard\u0131\u2026\u201d<\/p>\n\n\n\n<p>Kamil Abdullayev dan\u0131\u015f\u0131r ki, \u015e\u0259mkir Rayon Polis \u015e\u00f6b\u0259sind\u0259 izahat\u0131nda qad\u0131n\u0131n \u015f\u0259r atd\u0131\u011f\u0131n\u0131, bel\u0259 bir hadis\u0259nin ba\u015f verm\u0259diyini deyib. O iddia edir ki, polisl\u0259r bu m\u0259s\u0259l\u0259ni ba\u011flay\u0131b, ondan \u0259l \u00e7\u0259km\u0259l\u0259ri \u00fc\u00e7\u00fcn pul ist\u0259yibl\u0259r:<\/p>\n\n\n\n<p>\u201cEtibar m\u0259n\u0259 dedi ki, \u201c1000 manat s\u0259n ver, 500 d\u0259 qon\u015fun Kamil versin, bu s\u00f6hb\u0259t ba\u011flans\u0131n. Raz\u0131la\u015fmad\u0131m, dedim ki, bir q\u0259pik d\u0259 ver\u0259n deyil\u0259m. Sah\u0259 m\u00fcv\u0259kkili dedi ki, \u201cili\u015f\u0259c\u0259ks\u0259n\u201d. Polis \u015f\u00f6b\u0259sind\u0259n \u00e7\u0131xanda n\u00f6vb\u0259t\u00e7i hiss\u0259d\u0259n telefonumu ald\u0131m, \u00e7\u0131x\u0131b Daxili \u0130\u015fl\u0259r Nazirliyinin 102 xidm\u0259tin\u0259 z\u0259ng el\u0259m\u0259k ist\u0259yirdim ki, h\u0259min o \u018ffsan\u0259 adl\u0131 qad\u0131ndan z\u0259ng g\u0259ldi. M\u0259ni h\u0259d\u0259l\u0259yib dedi ki, \u201cs\u0259n el\u0259 bilirs\u0259n \u015f\u00f6b\u0259d\u0259n can\u0131n\u0131 qurtard\u0131n dey\u0259, m\u0259nd\u0259n d\u0259 can\u0131n\u0131 qurtara bil\u0259c\u0259ks\u0259n?\u201d Sual olunur, o qad\u0131na kim x\u0259b\u0259r vermi\u015fdi ki, m\u0259n polis \u015f\u00f6b\u0259sind\u0259n \u00e7\u0131xd\u0131m?\u201d<\/p>\n\n\n\n<p><strong>\u201cM\u0259nd\u0259n pul t\u0259l\u0259b etm\u0259sini t\u0259sdiql\u0259y\u0259n s\u0259s yaz\u0131s\u0131 var\u201d<\/strong><\/p>\n\n\n\n<p>T\u0259krar \u015e\u0259mkir Rayon Polis \u015e\u00f6b\u0259sin\u0259 qay\u0131d\u0131b, eyni sual\u0131 polis \u0259m\u0259kda\u015flar\u0131na da \u00fcnvanlay\u0131b, yeri bar\u0259d\u0259 \u018ffsan\u0259 adl\u0131 qad\u0131na kiml\u0259rin m\u0259lumat verdiyini soru\u015fub. Lakin polis \u0259m\u0259kda\u015flar\u0131 onu sakitl\u0259\u015fdirib.<\/p>\n\n\n\n<p>\u201cEtibar dedi ki, \u201cnarahat olma, biz ona tap\u015f\u0131rar\u0131q\u201d. M\u0259nim yan\u0131mda sah\u0259 m\u00fcv\u0259kkilinin telefonu il\u0259 qad\u0131na z\u0259ng edib dedi ki, \u201cbir d\u0259 o \u0259raziy\u0259 getm\u0259\u201d. Bir g\u00fcn sonra Etibar market\u0259 g\u0259lib m\u0259nd\u0259n 1000 manat\u0131, qon\u015fumuz Kamilgil\u0259 d\u0259 gedib, 500 manat\u0131 t\u0259l\u0259b edib. Etibar\u0131n m\u0259nd\u0259n pul t\u0259l\u0259b etm\u0259sini s\u00fcbut ed\u0259n s\u0259s yaz\u0131s\u0131 da var\u201d, &#8211; \u015fikay\u0259t\u00e7i bel\u0259 deyir.<\/p>\n\n\n\n<p>Kamil Abdullayev \u0259lav\u0259 edib ki, \u015e\u0259mkir Rayon Polis \u015e\u00f6b\u0259sinin \u0259m\u0259kda\u015f\u0131 Etibar Yaqubovun ad\u0131n\u0131 bir m\u00fcdd\u0259t \u0259vv\u0259l Arzu Cabbarovun \u00f6l\u00fcm i\u015fiyl\u0259 \u0259laq\u0259dar m\u0259tbuatdan oxuyub. H\u0259min i\u015fd\u0259 d\u0259 iddia olunur ki, polis \u0259m\u0259kda\u015flar\u0131 Yegan\u0259 adl\u0131 qad\u0131n\u0131 t\u0259limatland\u0131r\u0131b, m\u00fcxt\u0259lif i\u015f adamlar\u0131yla g\u00f6r\u00fc\u015fm\u0259y\u0259 g\u00f6nd\u0259rir, sonra da h\u0259min \u015f\u0259xsl\u0259ri \u015fantaj edib pul al\u0131rd\u0131.<\/p>\n\n\n\n<p><strong>\u201cH\u0259min hadis\u0259d\u0259 c\u0259zalansayd\u0131, indi biz\u0259 qar\u015f\u0131 bel\u0259 el\u0259m\u0259zdi\u201d<\/strong><\/p>\n\n\n\n<p>Arzu Cabbarovun \u00f6l\u00fcm\u00fcnd\u0259n sonra Yegan\u0259 Yusifova \u00f6z\u00fc d\u0259 bunu Meydan TV-y\u0259 m\u00fcsahib\u0259sind\u0259 etiraf <a href=\"https:\/\/www.meydan.tv\/az\/article\/polis-reisinin-muavini-is-adaminin-olumunde-gunahlandirilir\/\" target=\"_blank\" rel=\"noreferrer noopener\">etmi\u015fdi<\/a>.<\/p>\n\n\n\n<p>O bildirmi\u015fdi ki, n\u00f6vb\u0259ti qurban Arzu Cabbarov olub, onunla g\u00f6r\u00fc\u015fd\u00fckl\u0259ri vaxt polis \u0259m\u0259kda\u015f\u0131 q\u0259fil daxil olub, \u00e7\u0259kili\u015f etm\u0259y\u0259 ba\u015flay\u0131b v\u0259 bu zaman i\u015f adam\u0131 il\u0259 aralar\u0131nda m\u00fcbahis\u0259 yaran\u0131b. Polis dava zaman\u0131 s\u0131nm\u0131\u015f qap\u0131 \u015f\u00fc\u015f\u0259sil\u0259 Arzu Cabbarova z\u0259rb\u0259l\u0259r endirib. Z\u0259rb\u0259l\u0259rd\u0259n biri onun arteriya damar\u0131na d\u00fc\u015f\u00fcb. Yegan\u0259 Yusifovan\u0131n s\u00f6zl\u0259rin\u0259 g\u00f6r\u0259, h\u0259min vaxt hadis\u0259 yerind\u0259 olanlardan biri d\u0259 Etibar Yaqubov idi.<\/p>\n\n\n\n<p>Sonradan ad\u0131\u00e7\u0259kil\u0259n qad\u0131n\u0131n atas\u0131 Dilq\u0259m Yusifov <a href=\"https:\/\/www.meydan.tv\/az\/article\/semkir-sakini-oten-her-gun-qizimin-ve-ailemin-heyatina-tehlukedir\/\" target=\"_blank\" rel=\"noreferrer noopener\">bildirmi\u015fdi<\/a> ki, q\u0131z\u0131 h\u0259qiq\u0259ti dan\u0131\u015fmas\u0131n dey\u0259, g\u00fcnl\u0259rl\u0259 \u015e\u0259mkir Rayon Polis \u015e\u00f6b\u0259sind\u0259 saxlan\u0131l\u0131b, Arzu Cabbarovun onun \u00f6z\u00fcyl\u0259 m\u00fcbahis\u0259 z\u0259minind\u0259 damar\u0131n\u0131 do\u011fray\u0131b intihar etn\u0259si haqda yalan ifad\u0259 verm\u0259si \u00fc\u00e7\u00fcn i\u015fg\u0259nc\u0259l\u0259r\u0259 m\u0259ruz qal\u0131b. Ard\u0131nca polisl\u0259rin G\u0259nc\u0259d\u0259 kiray\u0259 tutduqlar\u0131 evd\u0259 gizl\u0259dilib. O m\u00fcdd\u0259td\u0259 dolan\u0131\u015f\u0131q \u00fc\u00e7\u00fcn Yegan\u0259 Yusifovan\u0131n bank kart\u0131na pul k\u00f6\u00e7\u00fcr\u0259nl\u0259rin biri Etibar Yaqubov olub.<\/p>\n\n\n\n<p>On g\u00fcn \u0259vv\u0259l Daxili \u0130\u015fl\u0259r Nazirliyi Yegan\u0259 Yusifovan\u0131n \u00f6z\u00fcn\u00fcn d\u0259l\u0259duzluq ittiham\u0131yla h\u0259bs olunmas\u0131 haqda m\u0259lumat yayd\u0131. M\u0259lumatda iddia olunur ki, ad\u0131\u00e7\u0259kil\u0259n qad\u0131n v\u0259t\u0259nda\u015flardan sosial m\u0259nzil, pensiya, i\u015f\u0259 q\u0259bul, sosial yard\u0131m d\u00fcz\u0259ltm\u0259k, h\u0259m\u00e7inin fala baxmaq ad\u0131yla pul alaraq, onlar\u0131 aldad\u0131b. O, \u00fcmumilikd\u0259 21 n\u0259f\u0259rin 56 min 940 manat pulunu \u0259l\u0259 ke\u00e7irm\u0259kd\u0259 ittiham olunurdu.<\/p>\n\n\n\n<figure class=\"wp-block-image size-full\"><img decoding=\"async\" width=\"1200\" height=\"800\" data-src=\"https:\/\/www.meydan.tv\/wp-content\/uploads\/untitled-design-15-5.jpg\" alt=\"\" class=\"wp-image-252174 lazyload\" src=\"data:image\/svg+xml;base64,PHN2ZyB3aWR0aD0iMSIgaGVpZ2h0PSIxIiB4bWxucz0iaHR0cDovL3d3dy53My5vcmcvMjAwMC9zdmciPjwvc3ZnPg==\" style=\"--smush-placeholder-width: 1200px; --smush-placeholder-aspect-ratio: 1200\/800;\" \/><figcaption>Kamil Abdullayev <\/figcaption><\/figure>\n\n\n\n<p>Yegan\u0259 Yusifova \u00f6z\u00fc d\u0259 \u0259vv\u0259ld\u0259n m\u00fcsahib\u0259sind\u0259 etiraf etmi\u015fdi ki, onlar polis \u015f\u00f6b\u0259sin\u0259 \u015fikay\u0259tl\u0259r olub. Bundan sonra polisl\u0259r onu \u00f6zl\u0259ril\u0259 \u0259m\u0259kda\u015fl\u0131\u011fa c\u0259lb edib, m\u00fcxt\u0259lif \u015f\u0259xsl\u0259rl\u0259 g\u00f6r\u00fc\u015fd\u00fcr\u00fcb, \u015fantajla onlar\u0131n pulunu al\u0131blar.<\/p>\n\n\n\n<p>Daxili \u0130\u015fl\u0259r Nazirliyi is\u0259 Yegan\u0259 Yusifovan\u0131n ist\u0259r polisl\u0259rin ondan \u015fantaj vasit\u0259si kimi istifad\u0259 etm\u0259si, ist\u0259rs\u0259 d\u0259 Arzu Cabbarovun \u00f6l\u00fcm\u00fcn\u00fcn s\u0259b\u0259bi haqda dedikl\u0259rini t\u0259kzib etmi\u015fdi.<\/p>\n\n\n\n<p>Kamil Abdullayev deyir ki, \u00f6z ba\u015f\u0131na g\u0259l\u0259nl\u0259rd\u0259n sonra Arzu Cabbarovala ba\u011fl\u0131 bir m\u00fcdd\u0259t \u0259vv\u0259l mediadan oxuduqlar\u0131n\u0131 xat\u0131rlay\u0131b v\u0259 m\u0259rhum i\u015f adam\u0131n\u0131n ail\u0259sini axtar\u0131b tap\u0131b:<\/p>\n\n\n\n<p>\u201cOnlardan soru\u015fdum ki, Etibar Yaqubov v\u0259 dig\u0259r polisl\u0259rd\u0259n \u015fikay\u0259tl\u0259ril\u0259 ba\u011fl\u0131 durum n\u0259 yerd\u0259dir. Etibar Yaqubov h\u0259min hadis\u0259d\u0259 c\u0259zaland\u0131r\u0131lsayd\u0131, indi biz\u0259 qar\u015f\u0131 bel\u0259 el\u0259m\u0259zdi. Bunlar \u00f6zl\u0259rini n\u0259 q\u0259d\u0259r arxay\u0131n hiss edirl\u0259r ki, bar\u0259l\u0259rind\u0259 prokurorluqda ara\u015fd\u0131rma getdiyi halda, yen\u0259 d\u0259 \u0259m\u0259ll\u0259rind\u0259n qalm\u0131rlar. Biz\u0259 d\u0259 maraql\u0131d\u0131r ki, bu adamlar niy\u0259 c\u0259zas\u0131z qal\u0131r? Ayd\u0131n m\u0259s\u0259l\u0259dir ki, c\u0259zas\u0131zl\u0131q m\u00fchiti d\u0259 yeni-yeni cinay\u0259tl\u0259r\u0259 yol a\u00e7\u0131r\u201d.<\/p>\n\n\n\n<p>\u201c<strong>\u015e\u0259mkir Rayon Prokurorlu\u011fu cinay\u0259tin \u00f6rt-basd\u0131r edilm\u0259si prosesind\u0259 i\u015ftirak edib\u201d<\/strong><\/p>\n\n\n\n<p>M\u0259rhum Arzu Cabbarovun h\u0259yat yolda\u015f\u0131 Z\u0259min\u0259 \u018fhm\u0259dova deyir ki, v\u0259kili istintaqa 10-dan art\u0131q v\u0259sat\u0259t, o c\u00fcml\u0259d\u0259n polis \u0259m\u0259kda\u015flar\u0131n\u0131n bu i\u015fd\u0259 rolunu t\u0259sdiql\u0259y\u0259n \u00e7oxsayl\u0131 faktlar, s\u0259s yaz\u0131lar\u0131 t\u0259qdim edib. Onun s\u00f6zl\u0259rin\u0259 g\u00f6r\u0259, t\u0259qdim olunan faktlar polisl\u0259rin Arzu Cabbarovla ba\u011fl\u0131 \u00f6nc\u0259d\u0259n plan qurmas\u0131n\u0131, hadis\u0259d\u0259n sonra Yegan\u0259 Yusifovan\u0131 gizl\u0259tm\u0259sini, ondan h\u0259qiq\u0259ti dan\u0131\u015fmama\u011f\u0131 t\u0259l\u0259b etm\u0259sini t\u0259sdiql\u0259yir.<\/p>\n\n\n\n<p>Z\u0259min\u0259 \u018fhm\u0259dova deyir ki, prokurorluq b\u00fct\u00fcn bu faktlar\u0131 obyektiv ara\u015fd\u0131rmaq niyy\u0259tind\u0259 deyil, prosesin gedi\u015fi bel\u0259 d\u00fc\u015f\u00fcnm\u0259y\u0259 \u0259sas verir:<\/p>\n\n\n\n<p>\u201cProkurorluq formal istintaq apar\u0131b, ax\u0131rda da cinay\u0259t i\u015fin\u0259 xitam verm\u0259k niyy\u0259tind\u0259 g\u00f6r\u00fcn\u00fcr. \u015e\u0259mkir rayon prokuroru Az\u0259r H\u0259t\u0259mov v\u0259 m\u00fcst\u0259ntiq Nicat M\u0259mm\u0259dli ilk g\u00fcnd\u0259n g\u00f6z\u0259l bilirdil\u0259r ki, Yegan\u0259 Yusifova \u015e\u0259mkir polisind\u0259 qanunsuz saxlan\u0131l\u0131r, ona cinay\u0259ti t\u00f6r\u0259d\u0259nl\u0259r t\u0259r\u0259fd\u0259n t\u0259sir olunur. Bunun qar\u015f\u0131s\u0131n\u0131 n\u0259inki almay\u0131blar, \u0259ksin\u0259, \u00f6zl\u0259ri d\u0259 cinay\u0259tin \u00f6rt-basd\u0131r edilm\u0259si prosesind\u0259 i\u015ftirak edibl\u0259r. \u0130ndi d\u0259 eyni add\u0131mlar\u0131 Ba\u015f Prokurorlu\u011fun \u0130stintaq \u0130dar\u0259si at\u0131r\u201d.<\/p>\n\n\n\n<p>Z\u0259min\u0259 \u018fhm\u0259dovan\u0131n v\u0259kili \u0130lqar R\u00fcst\u0259mov bu i\u015f \u00fczr\u0259 istintaqa yet\u0259rinc\u0259 tutarl\u0131 s\u00fcbutlar t\u0259qdim etdikl\u0259rini deyir. V\u0259kil d\u0259 \u015e\u0259mkir Rayon Prokurorlu\u011funda apar\u0131lm\u0131\u015f ilkin istintaqdan naraz\u0131d\u0131r. M\u00fcdafi\u0259\u00e7i bildirib ki, istintaq sirri oldu\u011funa g\u00f6r\u0259 bu bar\u0259d\u0259 \u00e7ox dan\u0131\u015fa bilmir.<\/p>\n\n\n\n<p>\u201c\u0130\u015f \u00fc\u00e7\u00fcn \u0259h\u0259miyy\u0259tli el\u0259 hallar var ki, cinay\u0259t ba\u015f ver\u0259nd\u0259n d\u0259rhal sonra &#8211; ilk g\u00fcnl\u0259rd\u0259 onlar\u0131 m\u00fc\u0259yy\u0259n etm\u0259k m\u00fcmk\u00fcn olard\u0131. Biz Yegan\u0259 Yusifovan\u0131n hadis\u0259d\u0259n sonra t\u0259xmin\u0259n 6-7 g\u00fcn \u015e\u0259mkir Rayon Polis \u015e\u00f6b\u0259sind\u0259 qanunsuz saxland\u0131\u011f\u0131n\u0131 t\u0259sdiql\u0259y\u0259n s\u00fcbutlar\u0131 t\u0259qdim etmi\u015fik. Ola bilm\u0259z ki, rayon prokurorlu\u011fu bunu bilm\u0259y\u0259ydi. Ona g\u00f6r\u0259 d\u0259 hesab edir\u0259m ki, \u015e\u0259mkir Rayon Prokurorlu\u011fuyla ba\u011fl\u0131 da xidm\u0259ti ara\u015fd\u0131rma apar\u0131lmal\u0131d\u0131r\u201d.<\/p>\n\n\n\n<p><strong>Daxili \u0130\u015fl\u0259r Nazirliyi: \u201cH\u0259m qad\u0131n\u0131n \u015fikay\u0259ti \u00fczr\u0259, h\u0259m d\u0259 s\u0259s yaz\u0131s\u0131yla ba\u011fl\u0131 ara\u015fd\u0131rma gedir\u201d<\/strong><\/p>\n\n\n\n<p>Daxili \u0130\u015fl\u0259r Nazirliyinin m\u0259tbuat xidm\u0259tind\u0259n Kamil Abdullayevin \u015fikay\u0259til\u0259 \u0259laq\u0259dar bildirilib ki, bu m\u0259s\u0259l\u0259 il\u0259 ba\u011fl\u0131 haz\u0131rda ara\u015fd\u0131rma apar\u0131l\u0131r. \u00c7\u00fcnki \u015e\u0259mkir rayon sakini olan bir qad\u0131n polis \u015f\u00f6b\u0259sin\u0259 \u015fikay\u0259t ed\u0259r\u0259k bildirib ki, \u015e\u0259mkird\u0259ki ma\u011fazalardan birind\u0259 yetkinlik ya\u015f\u0131na \u00e7atmayan bir n\u0259f\u0259r v\u0259 orada olan Kamil adl\u0131 adl\u0131 \u015f\u0259xs onun haqq\u0131nda nalayiq ifad\u0259l\u0259r i\u015fl\u0259dib g\u00fcl\u00fcbl\u0259r: <\/p>\n\n\n\n<p>\u201cQad\u0131n\u0131n \u015fikay\u0259ti \u0259sas\u0131nda da \u015e\u0259mkir Rayon Polis \u015e\u00f6b\u0259sind\u0259 m\u00fcvafiq ara\u015fd\u0131rmalar ba\u015flan\u0131l\u0131b. Haz\u0131rda ara\u015fd\u0131rmalar davam etdirilir\u201d.<\/p>\n\n\n\n<p>Polis \u0259m\u0259kda\u015f\u0131 Etibar Yaqubovun pul t\u0259l\u0259b etm\u0259sil\u0259 ba\u011fl\u0131 Kamil Abdullayevin t\u0259qdim etdiyi s\u0259s yaz\u0131s\u0131na g\u0259linc\u0259, Daxili \u0130\u015fl\u0259r Nazirliyind\u0259n bildirilib ki, bununla \u0259laq\u0259dar da m\u00fcvafiq ara\u015fd\u0131rma ba\u015flay\u0131b:<\/p>\n\n\n\n<p>\u201cAra\u015fd\u0131rmalar\u0131n n\u0259tic\u0259sind\u0259n as\u0131l\u0131 olaraq h\u0259r iki m\u0259s\u0259l\u0259y\u0259 h\u00fcquqi qiym\u0259t veril\u0259c\u0259k\u201d.<\/p>\n\n\n\n<figure class=\"wp-block-audio\"><audio controls src=\"https:\/\/www.meydan.tv\/wp-content\/uploads\/audio-2022-07-30-15-42-28.mp3\"><\/audio><\/figure>\n\n\n\n<p>S\u00f6z\u00fcged\u0259n s\u0259s yaz\u0131s\u0131nda t\u0259r\u0259fl\u0259rd\u0259n biri ist\u0259nil\u0259n pulun d\u00fcz\u0259lib-d\u00fcz\u0259lm\u0259diyini soru\u015fur. Dig\u0259r t\u0259r\u0259f is\u0259 bunun m\u00fcmk\u00fcn olmad\u0131\u011f\u0131n\u0131, c\u0259mi 100 manat\u0131 oldu\u011funu deyir.<\/p>\n","protected":false},"excerpt":{"rendered":"<p>Kamil Abdullayev: \u201cBiz\u0259 d\u0259 maraql\u0131d\u0131r ki, bu adamlar niy\u0259 c\u0259zas\u0131z &#8230; <\/p>\n<p class=\"read-more-container\"><a title=\"\u015e\u0259mkird\u0259 \u015fantajda ittiham olunan polis \u0259m\u0259kda\u015f\u0131ndan daha bir \u015fikay\u0259t\" class=\"read-more button\" href=\"https:\/\/www.meydan.tv\/az\/article\/semkirde-santajda-ittiham-olunan-polis-emekdasindan-daha-bir-sikayet\/#more-252204\" aria-label=\"Read more about \u015e\u0259mkird\u0259 \u015fantajda ittiham olunan polis \u0259m\u0259kda\u015f\u0131ndan daha bir \u015fikay\u0259t\">Davam\u0131<\/a><\/p>\n","protected":false},"author":8,"featured_media":252177,"comment_status":"closed","ping_status":"closed","sticky":false,"template":"","format":"standard","meta":{"_acf_changed":false,"_sitemap_exclude":false,"_sitemap_priority":"","_sitemap_frequency":"","footnotes":""},"categories":[60,79,56],"tags":[],"class_list":["post-252204","post","type-post","status-publish","format-standard","has-post-thumbnail","hentry","category-bolge","category-featured","category-xeberler","infinite-scroll-item","generate-columns","tablet-grid-50","mobile-grid-100","grid-parent","grid-33","no-featured-image-padding"],"acf":[],"yoast_head":"<!-- This site is optimized with the Yoast SEO plugin v27.5 - https:\/\/yoast.com\/product\/yoast-seo-wordpress\/ -->\n<title>\u015e\u0259mkird\u0259 \u015fantajda ittiham olunan polis \u0259m\u0259kda\u015f\u0131ndan daha bir \u015fikay\u0259t - MEYDAN.TV<\/title>\n<meta name=\"robots\" content=\"index, follow, max-snippet:-1, max-image-preview:large, max-video-preview:-1\" \/>\n<link rel=\"canonical\" href=\"https:\/\/www.meydan.tv\/az\/article\/semkirde-santajda-ittiham-olunan-polis-emekdasindan-daha-bir-sikayet\/\" \/>\n<meta property=\"og:locale\" content=\"az_AZ\" \/>\n<meta property=\"og:type\" content=\"article\" \/>\n<meta property=\"og:title\" content=\"\u015e\u0259mkird\u0259 \u015fantajda ittiham olunan polis \u0259m\u0259kda\u015f\u0131ndan daha bir \u015fikay\u0259t - MEYDAN.TV\" \/>\n<meta property=\"og:description\" content=\"Kamil Abdullayev: \u201cBiz\u0259 d\u0259 maraql\u0131d\u0131r ki, bu adamlar niy\u0259 c\u0259zas\u0131z ... Davam\u0131\" \/>\n<meta property=\"og:url\" content=\"https:\/\/www.meydan.tv\/az\/article\/semkirde-santajda-ittiham-olunan-polis-emekdasindan-daha-bir-sikayet\/\" \/>\n<meta property=\"og:site_name\" content=\"MEYDAN.TV\" \/>\n<meta property=\"article:published_time\" content=\"2022-07-31T06:12:34+00:00\" \/>\n<meta property=\"article:modified_time\" content=\"2022-08-01T10:04:20+00:00\" \/>\n<meta property=\"og:image\" content=\"https:\/\/www.meydan.tv\/wp-content\/uploads\/untitled-design-16-3.jpg\" \/>\n\t<meta property=\"og:image:width\" content=\"1200\" \/>\n\t<meta property=\"og:image:height\" content=\"800\" \/>\n\t<meta property=\"og:image:type\" content=\"image\/jpeg\" \/>\n<meta name=\"author\" content=\"elli\" \/>\n<meta name=\"twitter:card\" content=\"summary_large_image\" \/>\n<meta name=\"twitter:creator\" content=\"@elli\" \/>\n<script type=\"application\/ld+json\" class=\"yoast-schema-graph\">{\"@context\":\"https:\\\/\\\/schema.org\",\"@graph\":[{\"@type\":\"Article\",\"@id\":\"https:\\\/\\\/www.meydan.tv\\\/az\\\/article\\\/semkirde-santajda-ittiham-olunan-polis-emekdasindan-daha-bir-sikayet\\\/#article\",\"isPartOf\":{\"@id\":\"https:\\\/\\\/www.meydan.tv\\\/az\\\/article\\\/semkirde-santajda-ittiham-olunan-polis-emekdasindan-daha-bir-sikayet\\\/\"},\"author\":{\"name\":\"elli\",\"@id\":\"https:\\\/\\\/www.meydan.tv\\\/az\\\/#\\\/schema\\\/person\\\/9cdbecf90d17180ce1dfbd95b08dcf47\"},\"headline\":\"\u015e\u0259mkird\u0259 \u015fantajda ittiham olunan polis \u0259m\u0259kda\u015f\u0131ndan daha bir \u015fikay\u0259t\",\"datePublished\":\"2022-07-31T06:12:34+00:00\",\"dateModified\":\"2022-08-01T10:04:20+00:00\",\"mainEntityOfPage\":{\"@id\":\"https:\\\/\\\/www.meydan.tv\\\/az\\\/article\\\/semkirde-santajda-ittiham-olunan-polis-emekdasindan-daha-bir-sikayet\\\/\"},\"wordCount\":1892,\"publisher\":{\"@id\":\"https:\\\/\\\/www.meydan.tv\\\/az\\\/#organization\"},\"image\":{\"@id\":\"https:\\\/\\\/www.meydan.tv\\\/az\\\/article\\\/semkirde-santajda-ittiham-olunan-polis-emekdasindan-daha-bir-sikayet\\\/#primaryimage\"},\"thumbnailUrl\":\"https:\\\/\\\/www.meydan.tv\\\/wp-content\\\/uploads\\\/untitled-design-16-3.jpg\",\"articleSection\":[\"B\u00f6lg\u0259\",\"T\u00f6vsiy\u0259\",\"X\u0259b\u0259rl\u0259r\"],\"inLanguage\":\"az\"},{\"@type\":\"WebPage\",\"@id\":\"https:\\\/\\\/www.meydan.tv\\\/az\\\/article\\\/semkirde-santajda-ittiham-olunan-polis-emekdasindan-daha-bir-sikayet\\\/\",\"url\":\"https:\\\/\\\/www.meydan.tv\\\/az\\\/article\\\/semkirde-santajda-ittiham-olunan-polis-emekdasindan-daha-bir-sikayet\\\/\",\"name\":\"\u015e\u0259mkird\u0259 \u015fantajda ittiham olunan polis \u0259m\u0259kda\u015f\u0131ndan daha bir \u015fikay\u0259t - MEYDAN.TV\",\"isPartOf\":{\"@id\":\"https:\\\/\\\/www.meydan.tv\\\/az\\\/#website\"},\"primaryImageOfPage\":{\"@id\":\"https:\\\/\\\/www.meydan.tv\\\/az\\\/article\\\/semkirde-santajda-ittiham-olunan-polis-emekdasindan-daha-bir-sikayet\\\/#primaryimage\"},\"image\":{\"@id\":\"https:\\\/\\\/www.meydan.tv\\\/az\\\/article\\\/semkirde-santajda-ittiham-olunan-polis-emekdasindan-daha-bir-sikayet\\\/#primaryimage\"},\"thumbnailUrl\":\"https:\\\/\\\/www.meydan.tv\\\/wp-content\\\/uploads\\\/untitled-design-16-3.jpg\",\"datePublished\":\"2022-07-31T06:12:34+00:00\",\"dateModified\":\"2022-08-01T10:04:20+00:00\",\"breadcrumb\":{\"@id\":\"https:\\\/\\\/www.meydan.tv\\\/az\\\/article\\\/semkirde-santajda-ittiham-olunan-polis-emekdasindan-daha-bir-sikayet\\\/#breadcrumb\"},\"inLanguage\":\"az\",\"potentialAction\":[{\"@type\":\"ReadAction\",\"target\":[\"https:\\\/\\\/www.meydan.tv\\\/az\\\/article\\\/semkirde-santajda-ittiham-olunan-polis-emekdasindan-daha-bir-sikayet\\\/\"]}]},{\"@type\":\"ImageObject\",\"inLanguage\":\"az\",\"@id\":\"https:\\\/\\\/www.meydan.tv\\\/az\\\/article\\\/semkirde-santajda-ittiham-olunan-polis-emekdasindan-daha-bir-sikayet\\\/#primaryimage\",\"url\":\"https:\\\/\\\/www.meydan.tv\\\/wp-content\\\/uploads\\\/untitled-design-16-3.jpg\",\"contentUrl\":\"https:\\\/\\\/www.meydan.tv\\\/wp-content\\\/uploads\\\/untitled-design-16-3.jpg\",\"width\":1200,\"height\":800,\"caption\":\"Kamil Abdullayev. Foto: Meydan TV\"},{\"@type\":\"BreadcrumbList\",\"@id\":\"https:\\\/\\\/www.meydan.tv\\\/az\\\/article\\\/semkirde-santajda-ittiham-olunan-polis-emekdasindan-daha-bir-sikayet\\\/#breadcrumb\",\"itemListElement\":[{\"@type\":\"ListItem\",\"position\":1,\"name\":\"Ana s\u0259hif\u0259\",\"item\":\"https:\\\/\\\/www.meydan.tv\\\/az\\\/\"},{\"@type\":\"ListItem\",\"position\":2,\"name\":\"B\u00f6lg\u0259\",\"item\":\"https:\\\/\\\/www.meydan.tv\\\/az\\\/section\\\/bolge\\\/\"},{\"@type\":\"ListItem\",\"position\":3,\"name\":\"\u015e\u0259mkird\u0259 \u015fantajda ittiham olunan polis \u0259m\u0259kda\u015f\u0131ndan daha bir \u015fikay\u0259t\"}]},{\"@type\":\"WebSite\",\"@id\":\"https:\\\/\\\/www.meydan.tv\\\/az\\\/#website\",\"url\":\"https:\\\/\\\/www.meydan.tv\\\/az\\\/\",\"name\":\"MEYDAN.TV\",\"description\":\"Meydan TV Az\u0259rbaycan\u0131n media m\u0259kan\u0131ndak\u0131 alternativ s\u0259sidir\",\"publisher\":{\"@id\":\"https:\\\/\\\/www.meydan.tv\\\/az\\\/#organization\"},\"potentialAction\":[{\"@type\":\"SearchAction\",\"target\":{\"@type\":\"EntryPoint\",\"urlTemplate\":\"https:\\\/\\\/www.meydan.tv\\\/az\\\/?s={search_term_string}\"},\"query-input\":{\"@type\":\"PropertyValueSpecification\",\"valueRequired\":true,\"valueName\":\"search_term_string\"}}],\"inLanguage\":\"az\"},{\"@type\":\"Organization\",\"@id\":\"https:\\\/\\\/www.meydan.tv\\\/az\\\/#organization\",\"name\":\"Meydan TV\",\"url\":\"https:\\\/\\\/www.meydan.tv\\\/az\\\/\",\"logo\":{\"@type\":\"ImageObject\",\"inLanguage\":\"az\",\"@id\":\"https:\\\/\\\/www.meydan.tv\\\/az\\\/#\\\/schema\\\/logo\\\/image\\\/\",\"url\":\"https:\\\/\\\/www.meydan.tv\\\/wp-content\\\/uploads\\\/2021\\\/07\\\/meydan-logo.svg\",\"contentUrl\":\"https:\\\/\\\/www.meydan.tv\\\/wp-content\\\/uploads\\\/2021\\\/07\\\/meydan-logo.svg\",\"width\":195,\"height\":46,\"caption\":\"Meydan TV\"},\"image\":{\"@id\":\"https:\\\/\\\/www.meydan.tv\\\/az\\\/#\\\/schema\\\/logo\\\/image\\\/\"}},{\"@type\":\"Person\",\"@id\":\"https:\\\/\\\/www.meydan.tv\\\/az\\\/#\\\/schema\\\/person\\\/9cdbecf90d17180ce1dfbd95b08dcf47\",\"name\":\"elli\",\"sameAs\":[\"https:\\\/\\\/x.com\\\/elli\"]}]}<\/script>\n<!-- \/ Yoast SEO plugin. -->","yoast_head_json":{"title":"\u015e\u0259mkird\u0259 \u015fantajda ittiham olunan polis \u0259m\u0259kda\u015f\u0131ndan daha bir \u015fikay\u0259t - MEYDAN.TV","robots":{"index":"index","follow":"follow","max-snippet":"max-snippet:-1","max-image-preview":"max-image-preview:large","max-video-preview":"max-video-preview:-1"},"canonical":"https:\/\/www.meydan.tv\/az\/article\/semkirde-santajda-ittiham-olunan-polis-emekdasindan-daha-bir-sikayet\/","og_locale":"az_AZ","og_type":"article","og_title":"\u015e\u0259mkird\u0259 \u015fantajda ittiham olunan polis \u0259m\u0259kda\u015f\u0131ndan daha bir \u015fikay\u0259t - MEYDAN.TV","og_description":"Kamil Abdullayev: \u201cBiz\u0259 d\u0259 maraql\u0131d\u0131r ki, bu adamlar niy\u0259 c\u0259zas\u0131z ... Davam\u0131","og_url":"https:\/\/www.meydan.tv\/az\/article\/semkirde-santajda-ittiham-olunan-polis-emekdasindan-daha-bir-sikayet\/","og_site_name":"MEYDAN.TV","article_published_time":"2022-07-31T06:12:34+00:00","article_modified_time":"2022-08-01T10:04:20+00:00","og_image":[{"width":1200,"height":800,"url":"https:\/\/www.meydan.tv\/wp-content\/uploads\/untitled-design-16-3.jpg","type":"image\/jpeg"}],"author":"elli","twitter_card":"summary_large_image","twitter_creator":"@elli","schema":{"@context":"https:\/\/schema.org","@graph":[{"@type":"Article","@id":"https:\/\/www.meydan.tv\/az\/article\/semkirde-santajda-ittiham-olunan-polis-emekdasindan-daha-bir-sikayet\/#article","isPartOf":{"@id":"https:\/\/www.meydan.tv\/az\/article\/semkirde-santajda-ittiham-olunan-polis-emekdasindan-daha-bir-sikayet\/"},"author":{"name":"elli","@id":"https:\/\/www.meydan.tv\/az\/#\/schema\/person\/9cdbecf90d17180ce1dfbd95b08dcf47"},"headline":"\u015e\u0259mkird\u0259 \u015fantajda ittiham olunan polis \u0259m\u0259kda\u015f\u0131ndan daha bir \u015fikay\u0259t","datePublished":"2022-07-31T06:12:34+00:00","dateModified":"2022-08-01T10:04:20+00:00","mainEntityOfPage":{"@id":"https:\/\/www.meydan.tv\/az\/article\/semkirde-santajda-ittiham-olunan-polis-emekdasindan-daha-bir-sikayet\/"},"wordCount":1892,"publisher":{"@id":"https:\/\/www.meydan.tv\/az\/#organization"},"image":{"@id":"https:\/\/www.meydan.tv\/az\/article\/semkirde-santajda-ittiham-olunan-polis-emekdasindan-daha-bir-sikayet\/#primaryimage"},"thumbnailUrl":"https:\/\/www.meydan.tv\/wp-content\/uploads\/untitled-design-16-3.jpg","articleSection":["B\u00f6lg\u0259","T\u00f6vsiy\u0259","X\u0259b\u0259rl\u0259r"],"inLanguage":"az"},{"@type":"WebPage","@id":"https:\/\/www.meydan.tv\/az\/article\/semkirde-santajda-ittiham-olunan-polis-emekdasindan-daha-bir-sikayet\/","url":"https:\/\/www.meydan.tv\/az\/article\/semkirde-santajda-ittiham-olunan-polis-emekdasindan-daha-bir-sikayet\/","name":"\u015e\u0259mkird\u0259 \u015fantajda ittiham olunan polis \u0259m\u0259kda\u015f\u0131ndan daha bir \u015fikay\u0259t - MEYDAN.TV","isPartOf":{"@id":"https:\/\/www.meydan.tv\/az\/#website"},"primaryImageOfPage":{"@id":"https:\/\/www.meydan.tv\/az\/article\/semkirde-santajda-ittiham-olunan-polis-emekdasindan-daha-bir-sikayet\/#primaryimage"},"image":{"@id":"https:\/\/www.meydan.tv\/az\/article\/semkirde-santajda-ittiham-olunan-polis-emekdasindan-daha-bir-sikayet\/#primaryimage"},"thumbnailUrl":"https:\/\/www.meydan.tv\/wp-content\/uploads\/untitled-design-16-3.jpg","datePublished":"2022-07-31T06:12:34+00:00","dateModified":"2022-08-01T10:04:20+00:00","breadcrumb":{"@id":"https:\/\/www.meydan.tv\/az\/article\/semkirde-santajda-ittiham-olunan-polis-emekdasindan-daha-bir-sikayet\/#breadcrumb"},"inLanguage":"az","potentialAction":[{"@type":"ReadAction","target":["https:\/\/www.meydan.tv\/az\/article\/semkirde-santajda-ittiham-olunan-polis-emekdasindan-daha-bir-sikayet\/"]}]},{"@type":"ImageObject","inLanguage":"az","@id":"https:\/\/www.meydan.tv\/az\/article\/semkirde-santajda-ittiham-olunan-polis-emekdasindan-daha-bir-sikayet\/#primaryimage","url":"https:\/\/www.meydan.tv\/wp-content\/uploads\/untitled-design-16-3.jpg","contentUrl":"https:\/\/www.meydan.tv\/wp-content\/uploads\/untitled-design-16-3.jpg","width":1200,"height":800,"caption":"Kamil Abdullayev. Foto: Meydan TV"},{"@type":"BreadcrumbList","@id":"https:\/\/www.meydan.tv\/az\/article\/semkirde-santajda-ittiham-olunan-polis-emekdasindan-daha-bir-sikayet\/#breadcrumb","itemListElement":[{"@type":"ListItem","position":1,"name":"Ana s\u0259hif\u0259","item":"https:\/\/www.meydan.tv\/az\/"},{"@type":"ListItem","position":2,"name":"B\u00f6lg\u0259","item":"https:\/\/www.meydan.tv\/az\/section\/bolge\/"},{"@type":"ListItem","position":3,"name":"\u015e\u0259mkird\u0259 \u015fantajda ittiham olunan polis \u0259m\u0259kda\u015f\u0131ndan daha bir \u015fikay\u0259t"}]},{"@type":"WebSite","@id":"https:\/\/www.meydan.tv\/az\/#website","url":"https:\/\/www.meydan.tv\/az\/","name":"MEYDAN.TV","description":"Meydan TV Az\u0259rbaycan\u0131n media m\u0259kan\u0131ndak\u0131 alternativ s\u0259sidir","publisher":{"@id":"https:\/\/www.meydan.tv\/az\/#organization"},"potentialAction":[{"@type":"SearchAction","target":{"@type":"EntryPoint","urlTemplate":"https:\/\/www.meydan.tv\/az\/?s={search_term_string}"},"query-input":{"@type":"PropertyValueSpecification","valueRequired":true,"valueName":"search_term_string"}}],"inLanguage":"az"},{"@type":"Organization","@id":"https:\/\/www.meydan.tv\/az\/#organization","name":"Meydan TV","url":"https:\/\/www.meydan.tv\/az\/","logo":{"@type":"ImageObject","inLanguage":"az","@id":"https:\/\/www.meydan.tv\/az\/#\/schema\/logo\/image\/","url":"https:\/\/www.meydan.tv\/wp-content\/uploads\/2021\/07\/meydan-logo.svg","contentUrl":"https:\/\/www.meydan.tv\/wp-content\/uploads\/2021\/07\/meydan-logo.svg","width":195,"height":46,"caption":"Meydan TV"},"image":{"@id":"https:\/\/www.meydan.tv\/az\/#\/schema\/logo\/image\/"}},{"@type":"Person","@id":"https:\/\/www.meydan.tv\/az\/#\/schema\/person\/9cdbecf90d17180ce1dfbd95b08dcf47","name":"elli","sameAs":["https:\/\/x.com\/elli"]}]}},"_links":{"self":[{"href":"https:\/\/www.meydan.tv\/az\/wp-json\/wp\/v2\/posts\/252204","targetHints":{"allow":["GET"]}}],"collection":[{"href":"https:\/\/www.meydan.tv\/az\/wp-json\/wp\/v2\/posts"}],"about":[{"href":"https:\/\/www.meydan.tv\/az\/wp-json\/wp\/v2\/types\/post"}],"author":[{"embeddable":true,"href":"https:\/\/www.meydan.tv\/az\/wp-json\/wp\/v2\/users\/8"}],"replies":[{"embeddable":true,"href":"https:\/\/www.meydan.tv\/az\/wp-json\/wp\/v2\/comments?post=252204"}],"version-history":[{"count":4,"href":"https:\/\/www.meydan.tv\/az\/wp-json\/wp\/v2\/posts\/252204\/revisions"}],"predecessor-version":[{"id":252243,"href":"https:\/\/www.meydan.tv\/az\/wp-json\/wp\/v2\/posts\/252204\/revisions\/252243"}],"wp:featuredmedia":[{"embeddable":true,"href":"https:\/\/www.meydan.tv\/az\/wp-json\/wp\/v2\/media\/252177"}],"wp:attachment":[{"href":"https:\/\/www.meydan.tv\/az\/wp-json\/wp\/v2\/media?parent=252204"}],"wp:term":[{"taxonomy":"category","embeddable":true,"href":"https:\/\/www.meydan.tv\/az\/wp-json\/wp\/v2\/categories?post=252204"},{"taxonomy":"post_tag","embeddable":true,"href":"https:\/\/www.meydan.tv\/az\/wp-json\/wp\/v2\/tags?post=252204"}],"curies":[{"name":"wp","href":"https:\/\/api.w.org\/{rel}","templated":true}]}}