{"id":252188,"date":"2022-07-30T20:09:25","date_gmt":"2022-07-30T16:09:25","guid":{"rendered":"https:\/\/www.meydan.tv\/?p=252188"},"modified":"2022-07-30T22:20:53","modified_gmt":"2022-07-30T18:20:53","slug":"berde-sakini-oglumu-polisde-ya-oldurubler-ya-da-isgence-ile-ele-veziyyete-qoyublar-ki-adam-arasina-cixarmirlar","status":"publish","type":"post","link":"https:\/\/www.meydan.tv\/az\/article\/berde-sakini-oglumu-polisde-ya-oldurubler-ya-da-isgence-ile-ele-veziyyete-qoyublar-ki-adam-arasina-cixarmirlar\/","title":{"rendered":"B\u0259rd\u0259 sakini: \u201cO\u011flumu polisd\u0259 ya \u00f6ld\u00fcr\u00fcbl\u0259r, ya da i\u015fg\u0259nc\u0259 il\u0259 el\u0259 v\u0259ziyy\u0259t\u0259 qoyublar ki, adam aras\u0131na \u00e7\u0131xarm\u0131rlar\u201d"},"content":{"rendered":"\n<p><\/p>\n\n\n\n<p><em>Yax\u0131nlar\u0131 g\u00fcman edir ki, H\u00fcseyn H\u00fcseynova i\u015fg\u0259nc\u0259 verib, t\u00f6r\u0259tm\u0259diyi cinay\u0259ti etiraf etdir\u0259c\u0259kl\u0259r<\/em><\/p>\n\n\n\n<p>B\u0259rd\u0259d\u0259 k\u00fc\u00e7\u0259d\u0259 telefonla dan\u0131\u015fark\u0259n s\u00f6y\u00fc\u015f s\u00f6ym\u0259 ittiham\u0131yla iyulun 26-da h\u0259bs olunan H\u00fcseyn H\u00fcseynovun v\u0259kili 4 g\u00fcnd\u00fcr ki, onunla g\u00f6r\u00fc\u015f\u0259 bilmir. \u0130yulun 30-da saat 17.00-da G\u0259nc\u0259 Apelyasiya M\u0259hk\u0259m\u0259sind\u0259 onun haqq\u0131ndak\u0131 h\u0259bs q\u0259rar\u0131ndan veril\u0259n \u015fikay\u0259t\u0259 bax\u0131lmal\u0131yd\u0131. Lakin onu m\u0259hk\u0259m\u0259y\u0259 d\u0259 g\u0259tirm\u0259yibl\u0259r.<\/p>\n\n\n\n<p><strong>\u201c5 g\u00fcnd\u00fcr gizl\u0259dirl\u0259r, v\u0259kilin\u0259 d\u0259 g\u00f6st\u0259rmirl\u0259r\u201d<\/strong><\/p>\n\n\n\n<p>B\u0259rd\u0259nin Piyadalar k\u0259nd sakini olan 28 ya\u015fl\u0131 H\u00fcseyn H\u00fcseynovun atas\u0131 \u018fl\u0259m\u015fah H\u00fcseynov o\u011flunun v\u0259kil\u0259 g\u00f6st\u0259rilm\u0259m\u0259sind\u0259n ciddi narahatd\u0131r.<\/p>\n\n\n\n<p>\u201cQorxuram ki, ya onu \u00f6ld\u00fcr\u00fcbl\u0259r, ya da i\u015fg\u0259nc\u0259 il\u0259 el\u0259 v\u0259ziyy\u0259t\u0259 qoyublar ki, adam aras\u0131na \u00e7\u0131xar\u0131las\u0131 deyil. Yoxsa niy\u0259 5 g\u00fcnd\u00fcr onu gizl\u0259tsinl\u0259r? Adam\u0131 \u00f6z m\u0259hk\u0259m\u0259sin\u0259 g\u0259tirm\u0259yibl\u0259r. B\u0259rd\u0259 polisi deyir ki, saxlan\u0131lan \u015f\u0259xsl\u0259ri aparan ma\u015f\u0131nlar\u0131m\u0131z xarab olub. Bu, b\u0259han\u0259 d\u0259 deyil, adam\u0131 \u0259l\u0259 salmaqd\u0131r\u2026\u201d, &#8211; G\u0259nc\u0259 Apelyasiya M\u0259hk\u0259m\u0259sinin binas\u0131 qar\u015f\u0131s\u0131nda \u018fl\u0259m\u015fah H\u00fcseynov a\u011flaya-a\u011flaya dan\u0131\u015f\u0131r.<\/p>\n\n\n\n<p>H\u00fcseyn H\u00fcseynov \u0130nzibati X\u0259talar M\u0259c\u0259ll\u0259sinin 510 (x\u0131rda xuliqanl\u0131q) v\u0259 535-ci (polisin qanuni t\u0259l\u0259bin\u0259 tabe olmama) madd\u0259l\u0259ril\u0259 ittiham edil\u0259r\u0259k, B\u0259rd\u0259 Rayon M\u0259hk\u0259m\u0259sind\u0259 hakim qar\u015f\u0131s\u0131na \u00e7\u0131xar\u0131l\u0131b. Hakim Elsun \u018fhm\u0259dov onun haqq\u0131nda 1 ayl\u0131q inzibati h\u0259bs q\u0259rar\u0131 \u00e7\u0131xar\u0131b. Apelyasiya \u015fikay\u0259ti d\u0259 bu q\u0259rardan verilib.<\/p>\n\n\n\n<p>\u0130ddia olunur ki, H\u00fcseyn H\u00fcseynov iyulun 26-da \u201cB\u0259rd\u0259\u201d hotelin qar\u015f\u0131s\u0131nda telefonla uca s\u0259sl\u0259 dan\u0131\u015f\u0131b, s\u00f6y\u00fc\u015f s\u00f6y\u00fcb, h\u0259min vaxt onu intizama d\u0259v\u0259t ed\u0259n polis \u0259m\u0259kda\u015flar\u0131na m\u00fcqavim\u0259t g\u00f6st\u0259rib.<\/p>\n\n\n\n<p><strong>\u201cPolisl\u0259r m\u0259ni \u015f\u0259rl\u0259yib\u201d<\/strong><\/p>\n\n\n\n<p>M\u0259hk\u0259m\u0259 q\u0259rar\u0131nda yaz\u0131l\u0131b ki, H\u00fcseyn H\u00fcseynov \u00f6z\u00fcn\u00fc t\u0259qsirli bilm\u0259yib, polisl\u0259rin onu \u015f\u0259rl\u0259diyini deyib. O bildirib ki, \u201cB\u0259rd\u0259\u201d hotelin qar\u015f\u0131s\u0131nda ged\u0259nd\u0259 yox, kafed\u0259 oturub yem\u0259k yediyi vaxt polisl\u0259r g\u0259lib, onu d\u00f6y\u0259-d\u00f6y\u0259 B\u0259rd\u0259 Rayon Polis \u015e\u00f6b\u0259sin\u0259 apar\u0131blar. Polis \u015f\u00f6b\u0259sind\u0259 ona narkotik ittiham\u0131yla s\u0259n\u0259di imzalatd\u0131rma\u011fa \u00e7al\u0131\u015f\u0131blar. Lakin o, imtina edib. Bu s\u0259b\u0259bd\u0259n polis \u015f\u00f6b\u0259sind\u0259 d\u0259 polisl\u0259r onu d\u00f6y\u00fcb. H\u00fcseyn H\u00fcseynov polisl\u0259rin ona qar\u015f\u0131 d\u00fc\u015fm\u0259n\u00e7ilik etdiyini v\u0259 \u015f\u0259rl\u0259dikl\u0259rini vur\u011fulay\u0131b.<\/p>\n\n\n\n<p>Hakim Elsun \u018fhm\u0259dov q\u0259rar\u0131nda yaz\u0131b ki, \u201cpolisl\u0259rin ona qar\u015f\u0131 d\u00fc\u015fm\u0259n\u00e7ilik<\/p>\n\n\n\n<p>etm\u0259si v\u0259 ona \u015f\u0259r atd\u0131qlar\u0131n\u0131 t\u0259kidl\u0259 bildirm\u0259si H\u00fcseyn H\u00fcseynovun \u00f6z \u0259m\u0259lind\u0259n s\u0259mimi pe\u015fman\u00e7\u0131l\u0131q hissi ke\u00e7irm\u0259m\u0259sin\u0259 d\u0259lal\u0259t edir\u201d.<\/p>\n\n\n\n<p>M\u0259hk\u0259m\u0259d\u0259 dindiril\u0259n polisl\u0259r is\u0259 onun dedikl\u0259rini t\u0259kzib edib, telefonla dan\u0131\u015fanda s\u00f6y\u00fc\u015f s\u00f6yd\u00fcy\u00fcn\u0259 g\u00f6r\u0259 ona yax\u0131nla\u015f\u0131b intizama d\u0259v\u0259t edikl\u0259rini, lakin onun tabe olmay\u0131b m\u00fcqavim\u0259t g\u00f6st\u0259rdiyini iddia edibl\u0259r.<\/p>\n\n\n\n<p><strong>\u201cD\u0259rman, d\u00fcz-\u0259m\u0259lli \u0259rzaq alma\u011fa pul tapm\u0131r\u0131q\u201d<\/strong><\/p>\n\n\n\n<p>Atas\u0131 Meydan TV-y\u0259 dan\u0131\u015f\u0131r ki, H\u00fcseyn H\u00fcseynovu evd\u0259n D\u00f6vl\u0259t Sosial M\u00fcdafi\u0259 Fondunun B\u0259rd\u0259 \u015f\u00f6b\u0259sinin ad\u0131ndan \u00e7a\u011f\u0131r\u0131b \u00e7\u0131xar\u0131blar. Ail\u0259nin dolan\u0131\u015f\u0131\u011f\u0131n\u0131n \u00e7ox a\u011f\u0131r oldu\u011funu dey\u0259n \u018fl\u0259m\u015fah H\u00fcseynov bildirib ki, o\u011flunun 2 ya\u015f\u0131nda v\u0259 3 ayl\u0131q olmaqla, iki azya\u015fl\u0131 \u00f6vlad\u0131 var:<\/p>\n\n\n\n<p>\u201cAnas\u0131 da onkoloji x\u0259st\u0259likd\u0259n \u0259ziyy\u0259t \u00e7\u0259kir. \u0130nan\u0131n, d\u0259rman, d\u00fcz-\u0259m\u0259lli \u0259rzaq alma\u011fa pul tapm\u0131r\u0131q. Bu, n\u0259 oyundur bizim ba\u015f\u0131m\u0131za a\u00e7\u0131rlar? O u\u015faqlar\u0131n ah\u0131ndan qorxmurlar?\u201d<\/p>\n\n\n\n<p><strong>\u201cA\u00e7\u0131lmayan cinay\u0259ti boynuna qoymaq ist\u0259yirl\u0259r\u201d<\/strong><\/p>\n\n\n\n<p>\u018fl\u0259m\u015fah H\u00fcseynov ehtimal edir ki, B\u0259rd\u0259 Rayon Polis \u015e\u00f6b\u0259sinin \u0259m\u0259kda\u015flar\u0131 o\u011flunu polis\u0259 m\u00fcqavim\u0259t ad\u0131yla \u015f\u0259rl\u0259yib h\u0259bs etdirm\u0259kl\u0259 onu uzun m\u00fcdd\u0259t \u00f6z n\u0259zar\u0259tl\u0259rind\u0259 saxlamaq v\u0259 ba\u015fqa bir cinay\u0259ti boynuna qoymaq m\u0259qs\u0259di g\u00fcd\u00fcb.<\/p>\n\n\n\n<p>S\u00f6hb\u0259t 2016-c\u0131 ilin may\u0131nda B\u0259rd\u0259 rayonunun Piyadalar k\u0259ndind\u0259 ba\u015f vermi\u015f q\u0259tl hadis\u0259sind\u0259n gedir. K\u0259nd sakini, telefon t\u0259miri, fotoqrafl\u0131qla m\u0259\u015f\u011ful olan Bayramov Tahir Salman o\u011flu avtomobilind\u0259 q\u0259tl\u0259 yetirildikd\u0259n sonra yand\u0131r\u0131l\u0131b.<\/p>\n\n\n\n<p>Bu cinay\u0259t hadis\u0259si son vaxtlar efird\u0259 &#8211; Xo\u015fq\u0259d\u0259d\u0259m Hiday\u0259tq\u0131z\u0131n\u0131n apar\u0131c\u0131 oldu\u011fu verili\u015fd\u0259 ara\u015fd\u0131r\u0131l\u0131b. \u018fl\u0259m\u015fah H\u00fcseynov ehtiyat edir ki, a\u00e7\u0131lmayan cinay\u0259ti o\u011flunun \u00fcz\u0259rin\u0259 qoymaq ist\u0259yirl\u0259r:<\/p>\n\n\n\n<p>\u201cXo\u015fq\u0259d\u0259m Hiday\u0259tq\u0131z\u0131 efird\u0259 demi\u015fdi ki, bu m\u0259s\u0259l\u0259 il\u0259 \u0259laq\u0259dar m\u0259ni h\u0259d\u0259l\u0259yirl\u0259r. Ara\u015fd\u0131rs\u0131nlar ki, kimdir bunu el\u0259y\u0259n? B\u0259lk\u0259 d\u0259 cinay\u0259tin a\u00e7\u0131lmas\u0131 g\u00f6r\u00fcnt\u00fcs\u00fcn\u00fc yaratmaq \u00fc\u00e7\u00fcn o\u011fluma i\u015fg\u0259nc\u0259 verib boynuna qoymaq ist\u0259yibl\u0259r. O da i\u015fg\u0259nc\u0259y\u0259 d\u00f6zm\u0259yib, h\u0259yat\u0131n\u0131 itirib. Ya da sir-sif\u0259ti d\u0259h\u015f\u0259tli haldad\u0131r. M\u0259hk\u0259m\u0259 d\u0259 biz\u0259 bir s\u00f6z demir ki, bu adam\u0131 niy\u0259 g\u0259tirmirl\u0259r? Bu q\u0259d\u0259r \u00f6zba\u015f\u0131nal\u0131q olar?!\u201d<\/p>\n\n\n\n<p><strong>V\u0259kil: \u201cProkurorlu\u011fa da, Ombudsmana da demi\u015f\u0259m, d\u0259h\u015f\u0259tli v\u0259ziyy\u0259t yaran\u0131b\u201d<\/strong><\/p>\n\n\n\n<p>V\u0259kil \u018fziz Q\u0259mb\u0259rov Meydan TV-y\u0259 bildirib ki, iyulun 28-d\u0259 m\u00fcv\u0259kkili il\u0259 g\u00f6r\u00fc\u015fm\u0259kd\u0259n \u00f6tr\u00fc B\u0259rd\u0259 Rayon Polis \u015e\u00f6b\u0259sin\u0259 gets\u0259 d\u0259, ona icaz\u0259 verilm\u0259yib: <\/p>\n\n\n\n<p>\u201c\u00d6z\u00fcn\u00fc r\u0259is m\u00fcavini kimi t\u0259qdim ed\u0259n Tural adl\u0131 \u015f\u0259xs dedi ki, \u201cget, n\u0259 bilirs\u0259n el\u0259\u201d.<\/p>\n\n\n\n<p>V\u0259kil polis \u015f\u00f6b\u0259sinin qar\u015f\u0131s\u0131nda 4-5 saat g\u00f6zl\u0259y\u0259nd\u0259n sonra bu qurumun r\u0259hb\u0259rliyinin h\u0259r\u0259k\u0259tl\u0259rind\u0259n Daxili \u0130\u015fl\u0259r Nazirliyinin \u201c102\u201d xidm\u0259tin\u0259 \u015fikay\u0259t edib. H\u0259m\u00e7inin polis \u015f\u00f6b\u0259sind\u0259 v\u0259kil\u0259 qar\u015f\u0131 bu davran\u0131\u015f\u0131 sosial media hesab\u0131nda ictimail\u0259\u015fdirib. Bundan sonra polis \u015f\u00f6b\u0259sinin r\u0259isi onu q\u0259bul edib:<\/p>\n\n\n<div class=\"wp-block-image\">\n<figure class=\"alignleft size-full is-resized\"><img decoding=\"async\" data-src=\"https:\/\/www.meydan.tv\/wp-content\/uploads\/photo-2022-07-30-17-07-38.jpg\" alt=\"\" class=\"wp-image-252185 lazyload\" width=\"383\" height=\"383\" src=\"data:image\/svg+xml;base64,PHN2ZyB3aWR0aD0iMSIgaGVpZ2h0PSIxIiB4bWxucz0iaHR0cDovL3d3dy53My5vcmcvMjAwMC9zdmciPjwvc3ZnPg==\" style=\"--smush-placeholder-width: 383px; --smush-placeholder-aspect-ratio: 383\/383;\" \/><figcaption>Foto: \u018fziz Q\u0259mb\u0259rovun \u015f\u0259xsi arxivind\u0259n <\/figcaption><\/figure>\n<\/div>\n\n\n<p>\u201cFacebook-da bu bar\u0259d\u0259 yazandan sonra B\u0259rd\u0259 Rayon Polis \u015e\u00f6b\u0259sinin r\u0259isi \u018fnv\u0259r m\u00fc\u0259llim m\u0259ni q\u0259bul etdi. \u0130nsaf\u0259n, mehriban qar\u015f\u0131lad\u0131. Ancaq yen\u0259 d\u0259 h\u00fcquqlar\u0131n\u0131 m\u00fcdafi\u0259 etdiyim \u015f\u0259xsl\u0259 g\u00f6r\u00fc\u015fm\u0259y\u0259 icaz\u0259 verm\u0259di. S\u0259b\u0259b kimi is\u0259 dedi ki, guya inzibati qaydada saxlan\u0131lanlardan birind\u0259 COV\u0130D a\u015fkarlan\u0131b, ona g\u00f6r\u0259 d\u0259 bu sah\u0259 n\u0259zar\u0259t\u0259 g\u00f6t\u00fcr\u00fcl\u00fcb. T\u0259bii ki, buna inanmad\u0131m\u2026\u201d<\/p>\n\n\n\n<p>H\u0259min g\u00f6r\u00fc\u015fd\u0259n sonra v\u0259kil d\u0259 bu n\u0259tic\u0259y\u0259 g\u0259lib ki, H\u00fcseyn H\u00fcseynovun saxlanmas\u0131 haz\u0131rda Ba\u015f Prokurorlu\u011fun \u0130stintaq \u0130dar\u0259sind\u0259 ara\u015fd\u0131rmas\u0131 ged\u0259n, eyni zamanda efird\u0259 Xo\u015fq\u0259d\u0259m Hiday\u0259tq\u0131z\u0131n\u0131n ara\u015fd\u0131rd\u0131\u011f\u0131 q\u0259tl hadis\u0259sil\u0259 ba\u011fl\u0131d\u0131r:<\/p>\n\n\n\n<p>\u201cAil\u0259 d\u0259 bundan narahat idi ki, qanunsuz yollarla cinay\u0259t onun \u00fcz\u0259rin\u0259 qoyula bil\u0259r\u201d.<\/p>\n\n\n\n<p>V\u0259kil \u018fziz Q\u0259mb\u0259rov m\u00fcdafi\u0259 h\u00fcququnun pozulmas\u0131yla \u0259laq\u0259dar Ombudsman Aparat\u0131na, prokurorlu\u011fa da \u015fikay\u0259t edib:<\/p>\n\n\n\n<p>\u201cB\u0259rd\u0259 rayon prokurorunun k\u00f6m\u0259k\u00e7isi Seymur Musayevl\u0259 d\u0259 g\u00f6r\u00fc\u015fd\u00fcm, i\u015f bar\u0259d\u0259 prokurora m\u0259ruz\u0259 etdi. Dedil\u0259r ki, \u201ck\u00f6m\u0259k ed\u0259 bilmirik\u201d. D\u0259h\u015f\u0259tli v\u0259ziyy\u0259t yaran\u0131b. Adam\u0131 \u00f6z m\u0259hk\u0259m\u0259sin\u0259 g\u0259tirm\u0259m\u0259k, v\u0259kilin\u0259 g\u00f6st\u0259rm\u0259m\u0259yin ad\u0131 n\u0259dir, bilmir\u0259m. Ombudsman Aparat\u0131 \u015fikay\u0259tim\u0259 reaksiya verdi, amma g\u00f6r\u00fcn\u0259n odur ki, bu m\u0259s\u0259l\u0259d\u0259 Ombudsman da acizdi\u2026\u201d<\/p>\n\n\n\n<p>G\u0259nc\u0259 Apelyasiya M\u0259hk\u0259m\u0259sind\u0259n d\u0259 Meydan TV-y\u0259 iyulun 30-na H\u00fcseyn H\u00fcseynovun i\u015fi \u00fczr\u0259 m\u0259hk\u0259m\u0259 iclas\u0131 t\u0259yin edildiyini, lakin \u00f6z\u00fc g\u0259tirilm\u0259diyin\u0259 g\u00f6r\u0259 prosesin ke\u00e7irilm\u0259diyini t\u0259sdiql\u0259yibl\u0259r.<\/p>\n\n\n\n<p>Meydan TV h\u0259ft\u0259sonu oldu\u011fundan m\u0259s\u0259l\u0259y\u0259 D\u0130N-d\u0259n m\u00fcnasib\u0259t \u00f6yr\u0259n\u0259 bilm\u0259yib.<\/p>\n","protected":false},"excerpt":{"rendered":"<p>Yax\u0131nlar\u0131 g\u00fcman edir ki, H\u00fcseyn H\u00fcseynova i\u015fg\u0259nc\u0259 verib, t\u00f6r\u0259tm\u0259diyi cinay\u0259ti &#8230; <\/p>\n<p class=\"read-more-container\"><a title=\"B\u0259rd\u0259 sakini: \u201cO\u011flumu polisd\u0259 ya \u00f6ld\u00fcr\u00fcbl\u0259r, ya da i\u015fg\u0259nc\u0259 il\u0259 el\u0259 v\u0259ziyy\u0259t\u0259 qoyublar ki, adam aras\u0131na \u00e7\u0131xarm\u0131rlar\u201d\" class=\"read-more button\" href=\"https:\/\/www.meydan.tv\/az\/article\/berde-sakini-oglumu-polisde-ya-oldurubler-ya-da-isgence-ile-ele-veziyyete-qoyublar-ki-adam-arasina-cixarmirlar\/#more-252188\" aria-label=\"Read more about B\u0259rd\u0259 sakini: \u201cO\u011flumu polisd\u0259 ya \u00f6ld\u00fcr\u00fcbl\u0259r, ya da i\u015fg\u0259nc\u0259 il\u0259 el\u0259 v\u0259ziyy\u0259t\u0259 qoyublar ki, adam aras\u0131na \u00e7\u0131xarm\u0131rlar\u201d\">Davam\u0131<\/a><\/p>\n","protected":false},"author":8,"featured_media":252193,"comment_status":"closed","ping_status":"closed","sticky":false,"template":"","format":"standard","meta":{"_acf_changed":false,"_sitemap_exclude":false,"_sitemap_priority":"","_sitemap_frequency":"","footnotes":""},"categories":[60,79,56],"tags":[],"class_list":["post-252188","post","type-post","status-publish","format-standard","has-post-thumbnail","hentry","category-bolge","category-featured","category-xeberler","infinite-scroll-item","generate-columns","tablet-grid-50","mobile-grid-100","grid-parent","grid-33","no-featured-image-padding"],"acf":[],"yoast_head":"<!-- This site is optimized with the Yoast SEO plugin v27.5 - https:\/\/yoast.com\/product\/yoast-seo-wordpress\/ -->\n<title>B\u0259rd\u0259 sakini: \u201cO\u011flumu polisd\u0259 ya \u00f6ld\u00fcr\u00fcbl\u0259r, ya da i\u015fg\u0259nc\u0259 il\u0259 el\u0259 v\u0259ziyy\u0259t\u0259 qoyublar ki, adam aras\u0131na \u00e7\u0131xarm\u0131rlar\u201d - MEYDAN.TV<\/title>\n<meta name=\"robots\" content=\"index, follow, max-snippet:-1, max-image-preview:large, max-video-preview:-1\" \/>\n<link rel=\"canonical\" href=\"https:\/\/www.meydan.tv\/az\/article\/berde-sakini-oglumu-polisde-ya-oldurubler-ya-da-isgence-ile-ele-veziyyete-qoyublar-ki-adam-arasina-cixarmirlar\/\" \/>\n<meta property=\"og:locale\" content=\"az_AZ\" \/>\n<meta property=\"og:type\" content=\"article\" \/>\n<meta property=\"og:title\" content=\"B\u0259rd\u0259 sakini: \u201cO\u011flumu polisd\u0259 ya \u00f6ld\u00fcr\u00fcbl\u0259r, ya da i\u015fg\u0259nc\u0259 il\u0259 el\u0259 v\u0259ziyy\u0259t\u0259 qoyublar ki, adam aras\u0131na \u00e7\u0131xarm\u0131rlar\u201d - MEYDAN.TV\" \/>\n<meta property=\"og:description\" content=\"Yax\u0131nlar\u0131 g\u00fcman edir ki, H\u00fcseyn H\u00fcseynova i\u015fg\u0259nc\u0259 verib, t\u00f6r\u0259tm\u0259diyi cinay\u0259ti ... Davam\u0131\" \/>\n<meta property=\"og:url\" content=\"https:\/\/www.meydan.tv\/az\/article\/berde-sakini-oglumu-polisde-ya-oldurubler-ya-da-isgence-ile-ele-veziyyete-qoyublar-ki-adam-arasina-cixarmirlar\/\" \/>\n<meta property=\"og:site_name\" content=\"MEYDAN.TV\" \/>\n<meta property=\"article:published_time\" content=\"2022-07-30T16:09:25+00:00\" \/>\n<meta property=\"article:modified_time\" content=\"2022-07-30T18:20:53+00:00\" \/>\n<meta property=\"og:image\" content=\"https:\/\/www.meydan.tv\/wp-content\/uploads\/sayt-cover3-5.png\" \/>\n\t<meta property=\"og:image:width\" content=\"1280\" \/>\n\t<meta property=\"og:image:height\" content=\"720\" \/>\n\t<meta property=\"og:image:type\" content=\"image\/png\" \/>\n<meta name=\"author\" content=\"elli\" \/>\n<meta name=\"twitter:card\" content=\"summary_large_image\" \/>\n<meta name=\"twitter:creator\" content=\"@elli\" \/>\n<script type=\"application\/ld+json\" class=\"yoast-schema-graph\">{\"@context\":\"https:\\\/\\\/schema.org\",\"@graph\":[{\"@type\":\"Article\",\"@id\":\"https:\\\/\\\/www.meydan.tv\\\/az\\\/article\\\/berde-sakini-oglumu-polisde-ya-oldurubler-ya-da-isgence-ile-ele-veziyyete-qoyublar-ki-adam-arasina-cixarmirlar\\\/#article\",\"isPartOf\":{\"@id\":\"https:\\\/\\\/www.meydan.tv\\\/az\\\/article\\\/berde-sakini-oglumu-polisde-ya-oldurubler-ya-da-isgence-ile-ele-veziyyete-qoyublar-ki-adam-arasina-cixarmirlar\\\/\"},\"author\":{\"name\":\"elli\",\"@id\":\"https:\\\/\\\/www.meydan.tv\\\/az\\\/#\\\/schema\\\/person\\\/9cdbecf90d17180ce1dfbd95b08dcf47\"},\"headline\":\"B\u0259rd\u0259 sakini: \u201cO\u011flumu polisd\u0259 ya \u00f6ld\u00fcr\u00fcbl\u0259r, ya da i\u015fg\u0259nc\u0259 il\u0259 el\u0259 v\u0259ziyy\u0259t\u0259 qoyublar ki, adam aras\u0131na \u00e7\u0131xarm\u0131rlar\u201d\",\"datePublished\":\"2022-07-30T16:09:25+00:00\",\"dateModified\":\"2022-07-30T18:20:53+00:00\",\"mainEntityOfPage\":{\"@id\":\"https:\\\/\\\/www.meydan.tv\\\/az\\\/article\\\/berde-sakini-oglumu-polisde-ya-oldurubler-ya-da-isgence-ile-ele-veziyyete-qoyublar-ki-adam-arasina-cixarmirlar\\\/\"},\"wordCount\":1454,\"publisher\":{\"@id\":\"https:\\\/\\\/www.meydan.tv\\\/az\\\/#organization\"},\"image\":{\"@id\":\"https:\\\/\\\/www.meydan.tv\\\/az\\\/article\\\/berde-sakini-oglumu-polisde-ya-oldurubler-ya-da-isgence-ile-ele-veziyyete-qoyublar-ki-adam-arasina-cixarmirlar\\\/#primaryimage\"},\"thumbnailUrl\":\"https:\\\/\\\/www.meydan.tv\\\/wp-content\\\/uploads\\\/sayt-cover3-5.png\",\"articleSection\":[\"B\u00f6lg\u0259\",\"T\u00f6vsiy\u0259\",\"X\u0259b\u0259rl\u0259r\"],\"inLanguage\":\"az\"},{\"@type\":\"WebPage\",\"@id\":\"https:\\\/\\\/www.meydan.tv\\\/az\\\/article\\\/berde-sakini-oglumu-polisde-ya-oldurubler-ya-da-isgence-ile-ele-veziyyete-qoyublar-ki-adam-arasina-cixarmirlar\\\/\",\"url\":\"https:\\\/\\\/www.meydan.tv\\\/az\\\/article\\\/berde-sakini-oglumu-polisde-ya-oldurubler-ya-da-isgence-ile-ele-veziyyete-qoyublar-ki-adam-arasina-cixarmirlar\\\/\",\"name\":\"B\u0259rd\u0259 sakini: \u201cO\u011flumu polisd\u0259 ya \u00f6ld\u00fcr\u00fcbl\u0259r, ya da i\u015fg\u0259nc\u0259 il\u0259 el\u0259 v\u0259ziyy\u0259t\u0259 qoyublar ki, adam aras\u0131na \u00e7\u0131xarm\u0131rlar\u201d - MEYDAN.TV\",\"isPartOf\":{\"@id\":\"https:\\\/\\\/www.meydan.tv\\\/az\\\/#website\"},\"primaryImageOfPage\":{\"@id\":\"https:\\\/\\\/www.meydan.tv\\\/az\\\/article\\\/berde-sakini-oglumu-polisde-ya-oldurubler-ya-da-isgence-ile-ele-veziyyete-qoyublar-ki-adam-arasina-cixarmirlar\\\/#primaryimage\"},\"image\":{\"@id\":\"https:\\\/\\\/www.meydan.tv\\\/az\\\/article\\\/berde-sakini-oglumu-polisde-ya-oldurubler-ya-da-isgence-ile-ele-veziyyete-qoyublar-ki-adam-arasina-cixarmirlar\\\/#primaryimage\"},\"thumbnailUrl\":\"https:\\\/\\\/www.meydan.tv\\\/wp-content\\\/uploads\\\/sayt-cover3-5.png\",\"datePublished\":\"2022-07-30T16:09:25+00:00\",\"dateModified\":\"2022-07-30T18:20:53+00:00\",\"breadcrumb\":{\"@id\":\"https:\\\/\\\/www.meydan.tv\\\/az\\\/article\\\/berde-sakini-oglumu-polisde-ya-oldurubler-ya-da-isgence-ile-ele-veziyyete-qoyublar-ki-adam-arasina-cixarmirlar\\\/#breadcrumb\"},\"inLanguage\":\"az\",\"potentialAction\":[{\"@type\":\"ReadAction\",\"target\":[\"https:\\\/\\\/www.meydan.tv\\\/az\\\/article\\\/berde-sakini-oglumu-polisde-ya-oldurubler-ya-da-isgence-ile-ele-veziyyete-qoyublar-ki-adam-arasina-cixarmirlar\\\/\"]}]},{\"@type\":\"ImageObject\",\"inLanguage\":\"az\",\"@id\":\"https:\\\/\\\/www.meydan.tv\\\/az\\\/article\\\/berde-sakini-oglumu-polisde-ya-oldurubler-ya-da-isgence-ile-ele-veziyyete-qoyublar-ki-adam-arasina-cixarmirlar\\\/#primaryimage\",\"url\":\"https:\\\/\\\/www.meydan.tv\\\/wp-content\\\/uploads\\\/sayt-cover3-5.png\",\"contentUrl\":\"https:\\\/\\\/www.meydan.tv\\\/wp-content\\\/uploads\\\/sayt-cover3-5.png\",\"width\":1280,\"height\":720,\"caption\":\"\u018fl\u0259m\u015fah H\u00fcseynov. Foto: Meydan TV\"},{\"@type\":\"BreadcrumbList\",\"@id\":\"https:\\\/\\\/www.meydan.tv\\\/az\\\/article\\\/berde-sakini-oglumu-polisde-ya-oldurubler-ya-da-isgence-ile-ele-veziyyete-qoyublar-ki-adam-arasina-cixarmirlar\\\/#breadcrumb\",\"itemListElement\":[{\"@type\":\"ListItem\",\"position\":1,\"name\":\"Ana s\u0259hif\u0259\",\"item\":\"https:\\\/\\\/www.meydan.tv\\\/az\\\/\"},{\"@type\":\"ListItem\",\"position\":2,\"name\":\"B\u00f6lg\u0259\",\"item\":\"https:\\\/\\\/www.meydan.tv\\\/az\\\/section\\\/bolge\\\/\"},{\"@type\":\"ListItem\",\"position\":3,\"name\":\"B\u0259rd\u0259 sakini: \u201cO\u011flumu polisd\u0259 ya \u00f6ld\u00fcr\u00fcbl\u0259r, ya da i\u015fg\u0259nc\u0259 il\u0259 el\u0259 v\u0259ziyy\u0259t\u0259 qoyublar ki, adam aras\u0131na \u00e7\u0131xarm\u0131rlar\u201d\"}]},{\"@type\":\"WebSite\",\"@id\":\"https:\\\/\\\/www.meydan.tv\\\/az\\\/#website\",\"url\":\"https:\\\/\\\/www.meydan.tv\\\/az\\\/\",\"name\":\"MEYDAN.TV\",\"description\":\"Meydan TV Az\u0259rbaycan\u0131n media m\u0259kan\u0131ndak\u0131 alternativ s\u0259sidir\",\"publisher\":{\"@id\":\"https:\\\/\\\/www.meydan.tv\\\/az\\\/#organization\"},\"potentialAction\":[{\"@type\":\"SearchAction\",\"target\":{\"@type\":\"EntryPoint\",\"urlTemplate\":\"https:\\\/\\\/www.meydan.tv\\\/az\\\/?s={search_term_string}\"},\"query-input\":{\"@type\":\"PropertyValueSpecification\",\"valueRequired\":true,\"valueName\":\"search_term_string\"}}],\"inLanguage\":\"az\"},{\"@type\":\"Organization\",\"@id\":\"https:\\\/\\\/www.meydan.tv\\\/az\\\/#organization\",\"name\":\"Meydan TV\",\"url\":\"https:\\\/\\\/www.meydan.tv\\\/az\\\/\",\"logo\":{\"@type\":\"ImageObject\",\"inLanguage\":\"az\",\"@id\":\"https:\\\/\\\/www.meydan.tv\\\/az\\\/#\\\/schema\\\/logo\\\/image\\\/\",\"url\":\"https:\\\/\\\/www.meydan.tv\\\/wp-content\\\/uploads\\\/2021\\\/07\\\/meydan-logo.svg\",\"contentUrl\":\"https:\\\/\\\/www.meydan.tv\\\/wp-content\\\/uploads\\\/2021\\\/07\\\/meydan-logo.svg\",\"width\":195,\"height\":46,\"caption\":\"Meydan TV\"},\"image\":{\"@id\":\"https:\\\/\\\/www.meydan.tv\\\/az\\\/#\\\/schema\\\/logo\\\/image\\\/\"}},{\"@type\":\"Person\",\"@id\":\"https:\\\/\\\/www.meydan.tv\\\/az\\\/#\\\/schema\\\/person\\\/9cdbecf90d17180ce1dfbd95b08dcf47\",\"name\":\"elli\",\"sameAs\":[\"https:\\\/\\\/x.com\\\/elli\"]}]}<\/script>\n<!-- \/ Yoast SEO plugin. -->","yoast_head_json":{"title":"B\u0259rd\u0259 sakini: \u201cO\u011flumu polisd\u0259 ya \u00f6ld\u00fcr\u00fcbl\u0259r, ya da i\u015fg\u0259nc\u0259 il\u0259 el\u0259 v\u0259ziyy\u0259t\u0259 qoyublar ki, adam aras\u0131na \u00e7\u0131xarm\u0131rlar\u201d - MEYDAN.TV","robots":{"index":"index","follow":"follow","max-snippet":"max-snippet:-1","max-image-preview":"max-image-preview:large","max-video-preview":"max-video-preview:-1"},"canonical":"https:\/\/www.meydan.tv\/az\/article\/berde-sakini-oglumu-polisde-ya-oldurubler-ya-da-isgence-ile-ele-veziyyete-qoyublar-ki-adam-arasina-cixarmirlar\/","og_locale":"az_AZ","og_type":"article","og_title":"B\u0259rd\u0259 sakini: \u201cO\u011flumu polisd\u0259 ya \u00f6ld\u00fcr\u00fcbl\u0259r, ya da i\u015fg\u0259nc\u0259 il\u0259 el\u0259 v\u0259ziyy\u0259t\u0259 qoyublar ki, adam aras\u0131na \u00e7\u0131xarm\u0131rlar\u201d - MEYDAN.TV","og_description":"Yax\u0131nlar\u0131 g\u00fcman edir ki, H\u00fcseyn H\u00fcseynova i\u015fg\u0259nc\u0259 verib, t\u00f6r\u0259tm\u0259diyi cinay\u0259ti ... Davam\u0131","og_url":"https:\/\/www.meydan.tv\/az\/article\/berde-sakini-oglumu-polisde-ya-oldurubler-ya-da-isgence-ile-ele-veziyyete-qoyublar-ki-adam-arasina-cixarmirlar\/","og_site_name":"MEYDAN.TV","article_published_time":"2022-07-30T16:09:25+00:00","article_modified_time":"2022-07-30T18:20:53+00:00","og_image":[{"width":1280,"height":720,"url":"https:\/\/www.meydan.tv\/wp-content\/uploads\/sayt-cover3-5.png","type":"image\/png"}],"author":"elli","twitter_card":"summary_large_image","twitter_creator":"@elli","schema":{"@context":"https:\/\/schema.org","@graph":[{"@type":"Article","@id":"https:\/\/www.meydan.tv\/az\/article\/berde-sakini-oglumu-polisde-ya-oldurubler-ya-da-isgence-ile-ele-veziyyete-qoyublar-ki-adam-arasina-cixarmirlar\/#article","isPartOf":{"@id":"https:\/\/www.meydan.tv\/az\/article\/berde-sakini-oglumu-polisde-ya-oldurubler-ya-da-isgence-ile-ele-veziyyete-qoyublar-ki-adam-arasina-cixarmirlar\/"},"author":{"name":"elli","@id":"https:\/\/www.meydan.tv\/az\/#\/schema\/person\/9cdbecf90d17180ce1dfbd95b08dcf47"},"headline":"B\u0259rd\u0259 sakini: \u201cO\u011flumu polisd\u0259 ya \u00f6ld\u00fcr\u00fcbl\u0259r, ya da i\u015fg\u0259nc\u0259 il\u0259 el\u0259 v\u0259ziyy\u0259t\u0259 qoyublar ki, adam aras\u0131na \u00e7\u0131xarm\u0131rlar\u201d","datePublished":"2022-07-30T16:09:25+00:00","dateModified":"2022-07-30T18:20:53+00:00","mainEntityOfPage":{"@id":"https:\/\/www.meydan.tv\/az\/article\/berde-sakini-oglumu-polisde-ya-oldurubler-ya-da-isgence-ile-ele-veziyyete-qoyublar-ki-adam-arasina-cixarmirlar\/"},"wordCount":1454,"publisher":{"@id":"https:\/\/www.meydan.tv\/az\/#organization"},"image":{"@id":"https:\/\/www.meydan.tv\/az\/article\/berde-sakini-oglumu-polisde-ya-oldurubler-ya-da-isgence-ile-ele-veziyyete-qoyublar-ki-adam-arasina-cixarmirlar\/#primaryimage"},"thumbnailUrl":"https:\/\/www.meydan.tv\/wp-content\/uploads\/sayt-cover3-5.png","articleSection":["B\u00f6lg\u0259","T\u00f6vsiy\u0259","X\u0259b\u0259rl\u0259r"],"inLanguage":"az"},{"@type":"WebPage","@id":"https:\/\/www.meydan.tv\/az\/article\/berde-sakini-oglumu-polisde-ya-oldurubler-ya-da-isgence-ile-ele-veziyyete-qoyublar-ki-adam-arasina-cixarmirlar\/","url":"https:\/\/www.meydan.tv\/az\/article\/berde-sakini-oglumu-polisde-ya-oldurubler-ya-da-isgence-ile-ele-veziyyete-qoyublar-ki-adam-arasina-cixarmirlar\/","name":"B\u0259rd\u0259 sakini: \u201cO\u011flumu polisd\u0259 ya \u00f6ld\u00fcr\u00fcbl\u0259r, ya da i\u015fg\u0259nc\u0259 il\u0259 el\u0259 v\u0259ziyy\u0259t\u0259 qoyublar ki, adam aras\u0131na \u00e7\u0131xarm\u0131rlar\u201d - MEYDAN.TV","isPartOf":{"@id":"https:\/\/www.meydan.tv\/az\/#website"},"primaryImageOfPage":{"@id":"https:\/\/www.meydan.tv\/az\/article\/berde-sakini-oglumu-polisde-ya-oldurubler-ya-da-isgence-ile-ele-veziyyete-qoyublar-ki-adam-arasina-cixarmirlar\/#primaryimage"},"image":{"@id":"https:\/\/www.meydan.tv\/az\/article\/berde-sakini-oglumu-polisde-ya-oldurubler-ya-da-isgence-ile-ele-veziyyete-qoyublar-ki-adam-arasina-cixarmirlar\/#primaryimage"},"thumbnailUrl":"https:\/\/www.meydan.tv\/wp-content\/uploads\/sayt-cover3-5.png","datePublished":"2022-07-30T16:09:25+00:00","dateModified":"2022-07-30T18:20:53+00:00","breadcrumb":{"@id":"https:\/\/www.meydan.tv\/az\/article\/berde-sakini-oglumu-polisde-ya-oldurubler-ya-da-isgence-ile-ele-veziyyete-qoyublar-ki-adam-arasina-cixarmirlar\/#breadcrumb"},"inLanguage":"az","potentialAction":[{"@type":"ReadAction","target":["https:\/\/www.meydan.tv\/az\/article\/berde-sakini-oglumu-polisde-ya-oldurubler-ya-da-isgence-ile-ele-veziyyete-qoyublar-ki-adam-arasina-cixarmirlar\/"]}]},{"@type":"ImageObject","inLanguage":"az","@id":"https:\/\/www.meydan.tv\/az\/article\/berde-sakini-oglumu-polisde-ya-oldurubler-ya-da-isgence-ile-ele-veziyyete-qoyublar-ki-adam-arasina-cixarmirlar\/#primaryimage","url":"https:\/\/www.meydan.tv\/wp-content\/uploads\/sayt-cover3-5.png","contentUrl":"https:\/\/www.meydan.tv\/wp-content\/uploads\/sayt-cover3-5.png","width":1280,"height":720,"caption":"\u018fl\u0259m\u015fah H\u00fcseynov. Foto: Meydan TV"},{"@type":"BreadcrumbList","@id":"https:\/\/www.meydan.tv\/az\/article\/berde-sakini-oglumu-polisde-ya-oldurubler-ya-da-isgence-ile-ele-veziyyete-qoyublar-ki-adam-arasina-cixarmirlar\/#breadcrumb","itemListElement":[{"@type":"ListItem","position":1,"name":"Ana s\u0259hif\u0259","item":"https:\/\/www.meydan.tv\/az\/"},{"@type":"ListItem","position":2,"name":"B\u00f6lg\u0259","item":"https:\/\/www.meydan.tv\/az\/section\/bolge\/"},{"@type":"ListItem","position":3,"name":"B\u0259rd\u0259 sakini: \u201cO\u011flumu polisd\u0259 ya \u00f6ld\u00fcr\u00fcbl\u0259r, ya da i\u015fg\u0259nc\u0259 il\u0259 el\u0259 v\u0259ziyy\u0259t\u0259 qoyublar ki, adam aras\u0131na \u00e7\u0131xarm\u0131rlar\u201d"}]},{"@type":"WebSite","@id":"https:\/\/www.meydan.tv\/az\/#website","url":"https:\/\/www.meydan.tv\/az\/","name":"MEYDAN.TV","description":"Meydan TV Az\u0259rbaycan\u0131n media m\u0259kan\u0131ndak\u0131 alternativ s\u0259sidir","publisher":{"@id":"https:\/\/www.meydan.tv\/az\/#organization"},"potentialAction":[{"@type":"SearchAction","target":{"@type":"EntryPoint","urlTemplate":"https:\/\/www.meydan.tv\/az\/?s={search_term_string}"},"query-input":{"@type":"PropertyValueSpecification","valueRequired":true,"valueName":"search_term_string"}}],"inLanguage":"az"},{"@type":"Organization","@id":"https:\/\/www.meydan.tv\/az\/#organization","name":"Meydan TV","url":"https:\/\/www.meydan.tv\/az\/","logo":{"@type":"ImageObject","inLanguage":"az","@id":"https:\/\/www.meydan.tv\/az\/#\/schema\/logo\/image\/","url":"https:\/\/www.meydan.tv\/wp-content\/uploads\/2021\/07\/meydan-logo.svg","contentUrl":"https:\/\/www.meydan.tv\/wp-content\/uploads\/2021\/07\/meydan-logo.svg","width":195,"height":46,"caption":"Meydan TV"},"image":{"@id":"https:\/\/www.meydan.tv\/az\/#\/schema\/logo\/image\/"}},{"@type":"Person","@id":"https:\/\/www.meydan.tv\/az\/#\/schema\/person\/9cdbecf90d17180ce1dfbd95b08dcf47","name":"elli","sameAs":["https:\/\/x.com\/elli"]}]}},"_links":{"self":[{"href":"https:\/\/www.meydan.tv\/az\/wp-json\/wp\/v2\/posts\/252188","targetHints":{"allow":["GET"]}}],"collection":[{"href":"https:\/\/www.meydan.tv\/az\/wp-json\/wp\/v2\/posts"}],"about":[{"href":"https:\/\/www.meydan.tv\/az\/wp-json\/wp\/v2\/types\/post"}],"author":[{"embeddable":true,"href":"https:\/\/www.meydan.tv\/az\/wp-json\/wp\/v2\/users\/8"}],"replies":[{"embeddable":true,"href":"https:\/\/www.meydan.tv\/az\/wp-json\/wp\/v2\/comments?post=252188"}],"version-history":[{"count":1,"href":"https:\/\/www.meydan.tv\/az\/wp-json\/wp\/v2\/posts\/252188\/revisions"}],"predecessor-version":[{"id":252189,"href":"https:\/\/www.meydan.tv\/az\/wp-json\/wp\/v2\/posts\/252188\/revisions\/252189"}],"wp:featuredmedia":[{"embeddable":true,"href":"https:\/\/www.meydan.tv\/az\/wp-json\/wp\/v2\/media\/252193"}],"wp:attachment":[{"href":"https:\/\/www.meydan.tv\/az\/wp-json\/wp\/v2\/media?parent=252188"}],"wp:term":[{"taxonomy":"category","embeddable":true,"href":"https:\/\/www.meydan.tv\/az\/wp-json\/wp\/v2\/categories?post=252188"},{"taxonomy":"post_tag","embeddable":true,"href":"https:\/\/www.meydan.tv\/az\/wp-json\/wp\/v2\/tags?post=252188"}],"curies":[{"name":"wp","href":"https:\/\/api.w.org\/{rel}","templated":true}]}}