{"id":252168,"date":"2022-07-30T18:25:30","date_gmt":"2022-07-30T14:25:30","guid":{"rendered":"https:\/\/www.meydan.tv\/?p=252168"},"modified":"2022-07-30T18:25:32","modified_gmt":"2022-07-30T14:25:32","slug":"sehid-anasi-evim-qezali-veziyyetdedir-maddi-imkanim-catmir","status":"publish","type":"post","link":"https:\/\/www.meydan.tv\/az\/article\/sehid-anasi-evim-qezali-veziyyetdedir-maddi-imkanim-catmir\/","title":{"rendered":"\u015e\u0259hid anas\u0131: \u201cEvim q\u0259zal\u0131 v\u0259ziyy\u0259td\u0259dir, maddi imkan\u0131m \u00e7atm\u0131r\u201d"},"content":{"rendered":"\n<p><\/p>\n\n\n\n<p><em>\u201cYa\u015f\u0131m\u0131n el\u0259 vaxt\u0131d\u0131r ki, s\u0259br etm\u0259y\u0259 g\u00fcc\u00fcm qalmay\u0131b\u201d<\/em><\/p>\n\n\n\n<p>\u201cEvim q\u0259zal\u0131 v\u0259ziyy\u0259td\u0259dir, buna g\u00f6r\u0259 d\u0259 Sumqay\u0131tda ya\u015fayan o\u011flumun yan\u0131na k\u00f6\u00e7m\u00fc\u015f\u0259m. Onlar\u0131n da \u015f\u0259raiti yoxdur, burda ya\u015faya bilmir\u0259m. \u015e\u0259hid anas\u0131 kimi ill\u0259r \u0259vv\u0259l ev n\u00f6vb\u0259sin\u0259 g\u00f6t\u00fcrs\u0259l\u0259r d\u0259, m\u0259nzil vermirl\u0259r\u201d.<\/p>\n\n\n\n<p>Bunu Meydan TV-y\u0259 Birinci Qaraba\u011f M\u00fcharib\u0259sind\u0259 h\u0259yat\u0131n\u0131 itirmi\u015f Habil N\u0259ciyevin anas\u0131, 78 ya\u015fl\u0131 N\u0259sib\u0259 N\u0259ciyeva bildirib.<\/p>\n\n\n\n<p>Onun Lerik rayonunun Noda k\u0259ndind\u0259ki evi q\u0259zal\u0131 v\u0259ziyy\u0259t\u0259 d\u00fc\u015f\u00fcb, ya\u015fay\u0131\u015f \u00fc\u00e7\u00fcn t\u0259hl\u00fck\u0259li oldu\u011funa dair r\u0259y veribl\u0259r. O, 2005-ci ild\u0259n m\u0259nzil n\u00f6vb\u0259sin\u0259 g\u00f6t\u00fcr\u00fcl\u00fcb.<\/p>\n\n\n\n<p>\u201cSumqay\u0131tda qala bilmir\u0259m, k\u0259ndd\u0259ki evim d\u0259 da\u011f\u0131l\u0131b-t\u00f6k\u00fcl\u00fcb. M\u0259nd\u0259n sonra n\u00f6vb\u0259d\u0259 olanlara ev verilib, ya da evinin yerind\u0259 ev tikibl\u0259r. D\u0259f\u0259l\u0259rl\u0259 Lerik Rayon \u0130cra Hakimiyy\u0259tin\u0259 m\u00fcraci\u0259t etmi\u015f\u0259m, g\u0259lib bax\u0131b, yaz\u0131b gedibl\u0259r\u201d, &#8211; N\u0259sib\u0259 N\u0259ciyeva deyib.<\/p>\n\n\n\n<p>\u015eikay\u0259t\u00e7i bildirib ki, Sumqay\u0131tda yan\u0131nda ya\u015fad\u0131\u011f\u0131 o\u011flu da ikinci qrup h\u0259rbi \u0259lildir, maddi imkan\u0131 yoxdur:<\/p>\n\n\n\n<figure class=\"wp-block-image size-large\"><img decoding=\"async\" width=\"1095\" height=\"821\" data-src=\"https:\/\/www.meydan.tv\/wp-content\/uploads\/a07b1ca6-c700-4f30-8eaf-cdfe819dfe65-1095x821.jpg\" alt=\"\" class=\"wp-image-252165 lazyload\" src=\"data:image\/svg+xml;base64,PHN2ZyB3aWR0aD0iMSIgaGVpZ2h0PSIxIiB4bWxucz0iaHR0cDovL3d3dy53My5vcmcvMjAwMC9zdmciPjwvc3ZnPg==\" style=\"--smush-placeholder-width: 1095px; --smush-placeholder-aspect-ratio: 1095\/821;\" \/><figcaption>N\u0259sib\u0259 N\u0259ciyeva. M\u0259nb\u0259: Meydan TV<\/figcaption><\/figure>\n\n\n\n<p>\u201c\u015e\u0259hid anas\u0131 kimi ayl\u0131q yard\u0131m al\u0131ram. Amma bu ya\u015f\u0131mda o pulla ev al\u0131b, ya\u015faya bilmir\u0259m. \u018fm\u0259k v\u0259 \u018fhalinin Sosial M\u00fcdafi\u0259si Nazirliyind\u0259n 2016-c\u0131 ild\u0259n b\u0259ri deyirl\u0259r ki, s\u0259brli olun. Ya\u015f\u0131m\u0131n el\u0259 vaxt\u0131d\u0131r ki, s\u0259br etm\u0259y\u0259 g\u00fcc\u00fcm qalmay\u0131b\u201d.<\/p>\n\n\n\n<p>Ana \u0259lav\u0259 edir ki, o\u011flunun k\u0259nd q\u0259birstanl\u0131\u011f\u0131ndak\u0131 m\u0259zar\u0131 da u\u00e7ub-da\u011f\u0131l\u0131bm\u0131\u015f. Rayon r\u0259hb\u0259rliyin\u0259 edil\u0259n m\u00fcraci\u0259tl\u0259r is\u0259 n\u0259tic\u0259siz qal\u0131b:<\/p>\n\n\n\n<figure class=\"wp-block-image size-large\"><img decoding=\"async\" width=\"298\" height=\"821\" data-src=\"https:\/\/www.meydan.tv\/wp-content\/uploads\/b25c6f32-2227-4bc5-8c6f-65f9054af620-298x821.jpg\" alt=\"\" class=\"wp-image-252156 lazyload\" src=\"data:image\/svg+xml;base64,PHN2ZyB3aWR0aD0iMSIgaGVpZ2h0PSIxIiB4bWxucz0iaHR0cDovL3d3dy53My5vcmcvMjAwMC9zdmciPjwvc3ZnPg==\" style=\"--smush-placeholder-width: 298px; --smush-placeholder-aspect-ratio: 298\/821;\" \/><figcaption>Habil N\u0259ciyev. <\/figcaption><\/figure>\n\n\n\n<p>\u201cO\u011flum pensiyan\u0131n hesab\u0131na ba\u015fda\u015f\u0131n\u0131 d\u0259yi\u015fib. Birotaql\u0131 ev vers\u0259l\u0259r, he\u00e7 kim\u0259 m\u00f6htac olmadan \u00f6mr\u00fcm\u00fc ba\u015fa vurard\u0131m\u201d.<\/p>\n\n\n\n<p>M\u0259s\u0259l\u0259 il\u0259 ba\u011fl\u0131 Lerik Rayon \u0130cra Hakimiyy\u0259tind\u0259n V\u0259t\u0259n m\u00fcharib\u0259si i\u015ftirak\u00e7\u0131lar\u0131 v\u0259 \u015f\u0259hid ail\u0259l\u0259ri il\u0259 i\u015fin t\u0259\u015fkili \u015f\u00f6b\u0259si il\u0259 \u0259laq\u0259 yaratma\u011f\u0131 m\u0259sl\u0259h\u0259t bils\u0259l\u0259r d\u0259, d\u0259f\u0259l\u0259rl\u0259 edil\u0259n z\u0259ngl\u0259r\u0259 cavab verilm\u0259di.<\/p>\n\n\n\n<figure class=\"wp-block-image size-large\"><img decoding=\"async\" width=\"1095\" height=\"821\" data-src=\"https:\/\/www.meydan.tv\/wp-content\/uploads\/1d2047d8-fccb-4237-bc13-5bbcb5fa4ea9-1095x821.jpg\" alt=\"\" class=\"wp-image-252159 lazyload\" src=\"data:image\/svg+xml;base64,PHN2ZyB3aWR0aD0iMSIgaGVpZ2h0PSIxIiB4bWxucz0iaHR0cDovL3d3dy53My5vcmcvMjAwMC9zdmciPjwvc3ZnPg==\" style=\"--smush-placeholder-width: 1095px; --smush-placeholder-aspect-ratio: 1095\/821;\" \/><figcaption>Foto: Meydan TV<\/figcaption><\/figure>\n\n\n\n<p>\u018fm\u0259k v\u0259 \u018fhalinin Sosial M\u00fcdafi\u0259si Nazirliyind\u0259n is\u0259 Meydan TV-nin sor\u011fusuna cavab olaraq bildirilib ki, \u015f\u0259hidl\u0259rin ail\u0259 \u00fczvl\u0259ri v\u0259 m\u00fcharib\u0259 \u0259lill\u0259rinin m\u0259nzil \u015f\u0259raitinin yax\u015f\u0131la\u015fd\u0131r\u0131lmas\u0131na ehtiyac olduqda qanunvericiliy\u0259 uy\u011fun olaraq, qurumun tabeliyind\u0259ki Sosial Xidm\u0259tl\u0259r Agentliyi t\u0259r\u0259find\u0259n m\u0259nzil v\u0259 ya f\u0259rdi evl\u0259rl\u0259 t\u0259min edilirl\u0259r:<\/p>\n\n\n\n<p>\u201cHaqq\u0131nda m\u0259lumat veril\u0259n \u015f\u0259hidimiz Habil N\u0259ciyevin anas\u0131 N\u0259sib\u0259 xan\u0131m da imtiyazl\u0131 \u015f\u0259xs kimi Lerik Rayon \u0130cra Hakimiyy\u0259tind\u0259 ev n\u00f6vb\u0259sin\u0259 dayan\u0131b. \u015e\u0259hidimizin ail\u0259 \u00fczv\u00fcn\u00fcn f\u0259rdi evl\u0259 t\u0259minat\u0131na bu il \u0259rzind\u0259 bax\u0131lacaq\u201d.<\/p>\n","protected":false},"excerpt":{"rendered":"<p>\u201cYa\u015f\u0131m\u0131n el\u0259 vaxt\u0131d\u0131r ki, s\u0259br etm\u0259y\u0259 g\u00fcc\u00fcm qalmay\u0131b\u201d \u201cEvim q\u0259zal\u0131 &#8230; <\/p>\n<p class=\"read-more-container\"><a title=\"\u015e\u0259hid anas\u0131: \u201cEvim q\u0259zal\u0131 v\u0259ziyy\u0259td\u0259dir, maddi imkan\u0131m \u00e7atm\u0131r\u201d\" class=\"read-more button\" href=\"https:\/\/www.meydan.tv\/az\/article\/sehid-anasi-evim-qezali-veziyyetdedir-maddi-imkanim-catmir\/#more-252168\" aria-label=\"Read more about \u015e\u0259hid anas\u0131: \u201cEvim q\u0259zal\u0131 v\u0259ziyy\u0259td\u0259dir, maddi imkan\u0131m \u00e7atm\u0131r\u201d\">Davam\u0131<\/a><\/p>\n","protected":false},"author":8,"featured_media":252162,"comment_status":"closed","ping_status":"closed","sticky":false,"template":"","format":"standard","meta":{"_acf_changed":false,"_sitemap_exclude":false,"_sitemap_priority":"","_sitemap_frequency":"","footnotes":""},"categories":[60,79,56],"tags":[],"class_list":["post-252168","post","type-post","status-publish","format-standard","has-post-thumbnail","hentry","category-bolge","category-featured","category-xeberler","infinite-scroll-item","generate-columns","tablet-grid-50","mobile-grid-100","grid-parent","grid-33","no-featured-image-padding"],"acf":[],"yoast_head":"<!-- This site is optimized with the Yoast SEO plugin v27.5 - https:\/\/yoast.com\/product\/yoast-seo-wordpress\/ -->\n<title>\u015e\u0259hid anas\u0131: \u201cEvim q\u0259zal\u0131 v\u0259ziyy\u0259td\u0259dir, maddi imkan\u0131m \u00e7atm\u0131r\u201d - MEYDAN.TV<\/title>\n<meta name=\"robots\" content=\"index, follow, max-snippet:-1, max-image-preview:large, max-video-preview:-1\" \/>\n<link rel=\"canonical\" href=\"https:\/\/www.meydan.tv\/az\/article\/sehid-anasi-evim-qezali-veziyyetdedir-maddi-imkanim-catmir\/\" \/>\n<meta property=\"og:locale\" content=\"az_AZ\" \/>\n<meta property=\"og:type\" content=\"article\" \/>\n<meta property=\"og:title\" content=\"\u015e\u0259hid anas\u0131: \u201cEvim q\u0259zal\u0131 v\u0259ziyy\u0259td\u0259dir, maddi imkan\u0131m \u00e7atm\u0131r\u201d - MEYDAN.TV\" \/>\n<meta property=\"og:description\" content=\"\u201cYa\u015f\u0131m\u0131n el\u0259 vaxt\u0131d\u0131r ki, s\u0259br etm\u0259y\u0259 g\u00fcc\u00fcm qalmay\u0131b\u201d \u201cEvim q\u0259zal\u0131 ... Davam\u0131\" \/>\n<meta property=\"og:url\" content=\"https:\/\/www.meydan.tv\/az\/article\/sehid-anasi-evim-qezali-veziyyetdedir-maddi-imkanim-catmir\/\" \/>\n<meta property=\"og:site_name\" content=\"MEYDAN.TV\" \/>\n<meta property=\"article:published_time\" content=\"2022-07-30T14:25:30+00:00\" \/>\n<meta property=\"article:modified_time\" content=\"2022-07-30T14:25:32+00:00\" \/>\n<meta property=\"og:image\" content=\"https:\/\/www.meydan.tv\/wp-content\/uploads\/01c355d4-0549-47ac-86f9-5f7bdc1015a7-e1659191123182.jpg\" \/>\n\t<meta property=\"og:image:width\" content=\"1200\" \/>\n\t<meta property=\"og:image:height\" content=\"726\" \/>\n\t<meta property=\"og:image:type\" content=\"image\/jpeg\" \/>\n<meta name=\"author\" content=\"elli\" \/>\n<meta name=\"twitter:card\" content=\"summary_large_image\" \/>\n<meta name=\"twitter:creator\" content=\"@elli\" \/>\n<script type=\"application\/ld+json\" class=\"yoast-schema-graph\">{\"@context\":\"https:\\\/\\\/schema.org\",\"@graph\":[{\"@type\":\"Article\",\"@id\":\"https:\\\/\\\/www.meydan.tv\\\/az\\\/article\\\/sehid-anasi-evim-qezali-veziyyetdedir-maddi-imkanim-catmir\\\/#article\",\"isPartOf\":{\"@id\":\"https:\\\/\\\/www.meydan.tv\\\/az\\\/article\\\/sehid-anasi-evim-qezali-veziyyetdedir-maddi-imkanim-catmir\\\/\"},\"author\":{\"name\":\"elli\",\"@id\":\"https:\\\/\\\/www.meydan.tv\\\/az\\\/#\\\/schema\\\/person\\\/9cdbecf90d17180ce1dfbd95b08dcf47\"},\"headline\":\"\u015e\u0259hid anas\u0131: \u201cEvim q\u0259zal\u0131 v\u0259ziyy\u0259td\u0259dir, maddi imkan\u0131m \u00e7atm\u0131r\u201d\",\"datePublished\":\"2022-07-30T14:25:30+00:00\",\"dateModified\":\"2022-07-30T14:25:32+00:00\",\"mainEntityOfPage\":{\"@id\":\"https:\\\/\\\/www.meydan.tv\\\/az\\\/article\\\/sehid-anasi-evim-qezali-veziyyetdedir-maddi-imkanim-catmir\\\/\"},\"wordCount\":539,\"publisher\":{\"@id\":\"https:\\\/\\\/www.meydan.tv\\\/az\\\/#organization\"},\"image\":{\"@id\":\"https:\\\/\\\/www.meydan.tv\\\/az\\\/article\\\/sehid-anasi-evim-qezali-veziyyetdedir-maddi-imkanim-catmir\\\/#primaryimage\"},\"thumbnailUrl\":\"https:\\\/\\\/www.meydan.tv\\\/wp-content\\\/uploads\\\/01c355d4-0549-47ac-86f9-5f7bdc1015a7-e1659191123182.jpg\",\"articleSection\":[\"B\u00f6lg\u0259\",\"T\u00f6vsiy\u0259\",\"X\u0259b\u0259rl\u0259r\"],\"inLanguage\":\"az\"},{\"@type\":\"WebPage\",\"@id\":\"https:\\\/\\\/www.meydan.tv\\\/az\\\/article\\\/sehid-anasi-evim-qezali-veziyyetdedir-maddi-imkanim-catmir\\\/\",\"url\":\"https:\\\/\\\/www.meydan.tv\\\/az\\\/article\\\/sehid-anasi-evim-qezali-veziyyetdedir-maddi-imkanim-catmir\\\/\",\"name\":\"\u015e\u0259hid anas\u0131: \u201cEvim q\u0259zal\u0131 v\u0259ziyy\u0259td\u0259dir, maddi imkan\u0131m \u00e7atm\u0131r\u201d - MEYDAN.TV\",\"isPartOf\":{\"@id\":\"https:\\\/\\\/www.meydan.tv\\\/az\\\/#website\"},\"primaryImageOfPage\":{\"@id\":\"https:\\\/\\\/www.meydan.tv\\\/az\\\/article\\\/sehid-anasi-evim-qezali-veziyyetdedir-maddi-imkanim-catmir\\\/#primaryimage\"},\"image\":{\"@id\":\"https:\\\/\\\/www.meydan.tv\\\/az\\\/article\\\/sehid-anasi-evim-qezali-veziyyetdedir-maddi-imkanim-catmir\\\/#primaryimage\"},\"thumbnailUrl\":\"https:\\\/\\\/www.meydan.tv\\\/wp-content\\\/uploads\\\/01c355d4-0549-47ac-86f9-5f7bdc1015a7-e1659191123182.jpg\",\"datePublished\":\"2022-07-30T14:25:30+00:00\",\"dateModified\":\"2022-07-30T14:25:32+00:00\",\"breadcrumb\":{\"@id\":\"https:\\\/\\\/www.meydan.tv\\\/az\\\/article\\\/sehid-anasi-evim-qezali-veziyyetdedir-maddi-imkanim-catmir\\\/#breadcrumb\"},\"inLanguage\":\"az\",\"potentialAction\":[{\"@type\":\"ReadAction\",\"target\":[\"https:\\\/\\\/www.meydan.tv\\\/az\\\/article\\\/sehid-anasi-evim-qezali-veziyyetdedir-maddi-imkanim-catmir\\\/\"]}]},{\"@type\":\"ImageObject\",\"inLanguage\":\"az\",\"@id\":\"https:\\\/\\\/www.meydan.tv\\\/az\\\/article\\\/sehid-anasi-evim-qezali-veziyyetdedir-maddi-imkanim-catmir\\\/#primaryimage\",\"url\":\"https:\\\/\\\/www.meydan.tv\\\/wp-content\\\/uploads\\\/01c355d4-0549-47ac-86f9-5f7bdc1015a7-e1659191123182.jpg\",\"contentUrl\":\"https:\\\/\\\/www.meydan.tv\\\/wp-content\\\/uploads\\\/01c355d4-0549-47ac-86f9-5f7bdc1015a7-e1659191123182.jpg\",\"width\":1200,\"height\":726,\"caption\":\"Foto: Meydan TV\"},{\"@type\":\"BreadcrumbList\",\"@id\":\"https:\\\/\\\/www.meydan.tv\\\/az\\\/article\\\/sehid-anasi-evim-qezali-veziyyetdedir-maddi-imkanim-catmir\\\/#breadcrumb\",\"itemListElement\":[{\"@type\":\"ListItem\",\"position\":1,\"name\":\"Ana s\u0259hif\u0259\",\"item\":\"https:\\\/\\\/www.meydan.tv\\\/az\\\/\"},{\"@type\":\"ListItem\",\"position\":2,\"name\":\"B\u00f6lg\u0259\",\"item\":\"https:\\\/\\\/www.meydan.tv\\\/az\\\/section\\\/bolge\\\/\"},{\"@type\":\"ListItem\",\"position\":3,\"name\":\"\u015e\u0259hid anas\u0131: \u201cEvim q\u0259zal\u0131 v\u0259ziyy\u0259td\u0259dir, maddi imkan\u0131m \u00e7atm\u0131r\u201d\"}]},{\"@type\":\"WebSite\",\"@id\":\"https:\\\/\\\/www.meydan.tv\\\/az\\\/#website\",\"url\":\"https:\\\/\\\/www.meydan.tv\\\/az\\\/\",\"name\":\"MEYDAN.TV\",\"description\":\"Meydan TV Az\u0259rbaycan\u0131n media m\u0259kan\u0131ndak\u0131 alternativ s\u0259sidir\",\"publisher\":{\"@id\":\"https:\\\/\\\/www.meydan.tv\\\/az\\\/#organization\"},\"potentialAction\":[{\"@type\":\"SearchAction\",\"target\":{\"@type\":\"EntryPoint\",\"urlTemplate\":\"https:\\\/\\\/www.meydan.tv\\\/az\\\/?s={search_term_string}\"},\"query-input\":{\"@type\":\"PropertyValueSpecification\",\"valueRequired\":true,\"valueName\":\"search_term_string\"}}],\"inLanguage\":\"az\"},{\"@type\":\"Organization\",\"@id\":\"https:\\\/\\\/www.meydan.tv\\\/az\\\/#organization\",\"name\":\"Meydan TV\",\"url\":\"https:\\\/\\\/www.meydan.tv\\\/az\\\/\",\"logo\":{\"@type\":\"ImageObject\",\"inLanguage\":\"az\",\"@id\":\"https:\\\/\\\/www.meydan.tv\\\/az\\\/#\\\/schema\\\/logo\\\/image\\\/\",\"url\":\"https:\\\/\\\/www.meydan.tv\\\/wp-content\\\/uploads\\\/2021\\\/07\\\/meydan-logo.svg\",\"contentUrl\":\"https:\\\/\\\/www.meydan.tv\\\/wp-content\\\/uploads\\\/2021\\\/07\\\/meydan-logo.svg\",\"width\":195,\"height\":46,\"caption\":\"Meydan TV\"},\"image\":{\"@id\":\"https:\\\/\\\/www.meydan.tv\\\/az\\\/#\\\/schema\\\/logo\\\/image\\\/\"}},{\"@type\":\"Person\",\"@id\":\"https:\\\/\\\/www.meydan.tv\\\/az\\\/#\\\/schema\\\/person\\\/9cdbecf90d17180ce1dfbd95b08dcf47\",\"name\":\"elli\",\"sameAs\":[\"https:\\\/\\\/x.com\\\/elli\"]}]}<\/script>\n<!-- \/ Yoast SEO plugin. -->","yoast_head_json":{"title":"\u015e\u0259hid anas\u0131: \u201cEvim q\u0259zal\u0131 v\u0259ziyy\u0259td\u0259dir, maddi imkan\u0131m \u00e7atm\u0131r\u201d - MEYDAN.TV","robots":{"index":"index","follow":"follow","max-snippet":"max-snippet:-1","max-image-preview":"max-image-preview:large","max-video-preview":"max-video-preview:-1"},"canonical":"https:\/\/www.meydan.tv\/az\/article\/sehid-anasi-evim-qezali-veziyyetdedir-maddi-imkanim-catmir\/","og_locale":"az_AZ","og_type":"article","og_title":"\u015e\u0259hid anas\u0131: \u201cEvim q\u0259zal\u0131 v\u0259ziyy\u0259td\u0259dir, maddi imkan\u0131m \u00e7atm\u0131r\u201d - MEYDAN.TV","og_description":"\u201cYa\u015f\u0131m\u0131n el\u0259 vaxt\u0131d\u0131r ki, s\u0259br etm\u0259y\u0259 g\u00fcc\u00fcm qalmay\u0131b\u201d \u201cEvim q\u0259zal\u0131 ... Davam\u0131","og_url":"https:\/\/www.meydan.tv\/az\/article\/sehid-anasi-evim-qezali-veziyyetdedir-maddi-imkanim-catmir\/","og_site_name":"MEYDAN.TV","article_published_time":"2022-07-30T14:25:30+00:00","article_modified_time":"2022-07-30T14:25:32+00:00","og_image":[{"width":1200,"height":726,"url":"https:\/\/www.meydan.tv\/wp-content\/uploads\/01c355d4-0549-47ac-86f9-5f7bdc1015a7-e1659191123182.jpg","type":"image\/jpeg"}],"author":"elli","twitter_card":"summary_large_image","twitter_creator":"@elli","schema":{"@context":"https:\/\/schema.org","@graph":[{"@type":"Article","@id":"https:\/\/www.meydan.tv\/az\/article\/sehid-anasi-evim-qezali-veziyyetdedir-maddi-imkanim-catmir\/#article","isPartOf":{"@id":"https:\/\/www.meydan.tv\/az\/article\/sehid-anasi-evim-qezali-veziyyetdedir-maddi-imkanim-catmir\/"},"author":{"name":"elli","@id":"https:\/\/www.meydan.tv\/az\/#\/schema\/person\/9cdbecf90d17180ce1dfbd95b08dcf47"},"headline":"\u015e\u0259hid anas\u0131: \u201cEvim q\u0259zal\u0131 v\u0259ziyy\u0259td\u0259dir, maddi imkan\u0131m \u00e7atm\u0131r\u201d","datePublished":"2022-07-30T14:25:30+00:00","dateModified":"2022-07-30T14:25:32+00:00","mainEntityOfPage":{"@id":"https:\/\/www.meydan.tv\/az\/article\/sehid-anasi-evim-qezali-veziyyetdedir-maddi-imkanim-catmir\/"},"wordCount":539,"publisher":{"@id":"https:\/\/www.meydan.tv\/az\/#organization"},"image":{"@id":"https:\/\/www.meydan.tv\/az\/article\/sehid-anasi-evim-qezali-veziyyetdedir-maddi-imkanim-catmir\/#primaryimage"},"thumbnailUrl":"https:\/\/www.meydan.tv\/wp-content\/uploads\/01c355d4-0549-47ac-86f9-5f7bdc1015a7-e1659191123182.jpg","articleSection":["B\u00f6lg\u0259","T\u00f6vsiy\u0259","X\u0259b\u0259rl\u0259r"],"inLanguage":"az"},{"@type":"WebPage","@id":"https:\/\/www.meydan.tv\/az\/article\/sehid-anasi-evim-qezali-veziyyetdedir-maddi-imkanim-catmir\/","url":"https:\/\/www.meydan.tv\/az\/article\/sehid-anasi-evim-qezali-veziyyetdedir-maddi-imkanim-catmir\/","name":"\u015e\u0259hid anas\u0131: \u201cEvim q\u0259zal\u0131 v\u0259ziyy\u0259td\u0259dir, maddi imkan\u0131m \u00e7atm\u0131r\u201d - MEYDAN.TV","isPartOf":{"@id":"https:\/\/www.meydan.tv\/az\/#website"},"primaryImageOfPage":{"@id":"https:\/\/www.meydan.tv\/az\/article\/sehid-anasi-evim-qezali-veziyyetdedir-maddi-imkanim-catmir\/#primaryimage"},"image":{"@id":"https:\/\/www.meydan.tv\/az\/article\/sehid-anasi-evim-qezali-veziyyetdedir-maddi-imkanim-catmir\/#primaryimage"},"thumbnailUrl":"https:\/\/www.meydan.tv\/wp-content\/uploads\/01c355d4-0549-47ac-86f9-5f7bdc1015a7-e1659191123182.jpg","datePublished":"2022-07-30T14:25:30+00:00","dateModified":"2022-07-30T14:25:32+00:00","breadcrumb":{"@id":"https:\/\/www.meydan.tv\/az\/article\/sehid-anasi-evim-qezali-veziyyetdedir-maddi-imkanim-catmir\/#breadcrumb"},"inLanguage":"az","potentialAction":[{"@type":"ReadAction","target":["https:\/\/www.meydan.tv\/az\/article\/sehid-anasi-evim-qezali-veziyyetdedir-maddi-imkanim-catmir\/"]}]},{"@type":"ImageObject","inLanguage":"az","@id":"https:\/\/www.meydan.tv\/az\/article\/sehid-anasi-evim-qezali-veziyyetdedir-maddi-imkanim-catmir\/#primaryimage","url":"https:\/\/www.meydan.tv\/wp-content\/uploads\/01c355d4-0549-47ac-86f9-5f7bdc1015a7-e1659191123182.jpg","contentUrl":"https:\/\/www.meydan.tv\/wp-content\/uploads\/01c355d4-0549-47ac-86f9-5f7bdc1015a7-e1659191123182.jpg","width":1200,"height":726,"caption":"Foto: Meydan TV"},{"@type":"BreadcrumbList","@id":"https:\/\/www.meydan.tv\/az\/article\/sehid-anasi-evim-qezali-veziyyetdedir-maddi-imkanim-catmir\/#breadcrumb","itemListElement":[{"@type":"ListItem","position":1,"name":"Ana s\u0259hif\u0259","item":"https:\/\/www.meydan.tv\/az\/"},{"@type":"ListItem","position":2,"name":"B\u00f6lg\u0259","item":"https:\/\/www.meydan.tv\/az\/section\/bolge\/"},{"@type":"ListItem","position":3,"name":"\u015e\u0259hid anas\u0131: \u201cEvim q\u0259zal\u0131 v\u0259ziyy\u0259td\u0259dir, maddi imkan\u0131m \u00e7atm\u0131r\u201d"}]},{"@type":"WebSite","@id":"https:\/\/www.meydan.tv\/az\/#website","url":"https:\/\/www.meydan.tv\/az\/","name":"MEYDAN.TV","description":"Meydan TV Az\u0259rbaycan\u0131n media m\u0259kan\u0131ndak\u0131 alternativ s\u0259sidir","publisher":{"@id":"https:\/\/www.meydan.tv\/az\/#organization"},"potentialAction":[{"@type":"SearchAction","target":{"@type":"EntryPoint","urlTemplate":"https:\/\/www.meydan.tv\/az\/?s={search_term_string}"},"query-input":{"@type":"PropertyValueSpecification","valueRequired":true,"valueName":"search_term_string"}}],"inLanguage":"az"},{"@type":"Organization","@id":"https:\/\/www.meydan.tv\/az\/#organization","name":"Meydan TV","url":"https:\/\/www.meydan.tv\/az\/","logo":{"@type":"ImageObject","inLanguage":"az","@id":"https:\/\/www.meydan.tv\/az\/#\/schema\/logo\/image\/","url":"https:\/\/www.meydan.tv\/wp-content\/uploads\/2021\/07\/meydan-logo.svg","contentUrl":"https:\/\/www.meydan.tv\/wp-content\/uploads\/2021\/07\/meydan-logo.svg","width":195,"height":46,"caption":"Meydan TV"},"image":{"@id":"https:\/\/www.meydan.tv\/az\/#\/schema\/logo\/image\/"}},{"@type":"Person","@id":"https:\/\/www.meydan.tv\/az\/#\/schema\/person\/9cdbecf90d17180ce1dfbd95b08dcf47","name":"elli","sameAs":["https:\/\/x.com\/elli"]}]}},"_links":{"self":[{"href":"https:\/\/www.meydan.tv\/az\/wp-json\/wp\/v2\/posts\/252168","targetHints":{"allow":["GET"]}}],"collection":[{"href":"https:\/\/www.meydan.tv\/az\/wp-json\/wp\/v2\/posts"}],"about":[{"href":"https:\/\/www.meydan.tv\/az\/wp-json\/wp\/v2\/types\/post"}],"author":[{"embeddable":true,"href":"https:\/\/www.meydan.tv\/az\/wp-json\/wp\/v2\/users\/8"}],"replies":[{"embeddable":true,"href":"https:\/\/www.meydan.tv\/az\/wp-json\/wp\/v2\/comments?post=252168"}],"version-history":[{"count":1,"href":"https:\/\/www.meydan.tv\/az\/wp-json\/wp\/v2\/posts\/252168\/revisions"}],"predecessor-version":[{"id":252170,"href":"https:\/\/www.meydan.tv\/az\/wp-json\/wp\/v2\/posts\/252168\/revisions\/252170"}],"wp:featuredmedia":[{"embeddable":true,"href":"https:\/\/www.meydan.tv\/az\/wp-json\/wp\/v2\/media\/252162"}],"wp:attachment":[{"href":"https:\/\/www.meydan.tv\/az\/wp-json\/wp\/v2\/media?parent=252168"}],"wp:term":[{"taxonomy":"category","embeddable":true,"href":"https:\/\/www.meydan.tv\/az\/wp-json\/wp\/v2\/categories?post=252168"},{"taxonomy":"post_tag","embeddable":true,"href":"https:\/\/www.meydan.tv\/az\/wp-json\/wp\/v2\/tags?post=252168"}],"curies":[{"name":"wp","href":"https:\/\/api.w.org\/{rel}","templated":true}]}}