{"id":252097,"date":"2022-07-29T17:30:23","date_gmt":"2022-07-29T13:30:23","guid":{"rendered":"https:\/\/www.meydan.tv\/?p=252097"},"modified":"2022-07-29T17:30:25","modified_gmt":"2022-07-29T13:30:25","slug":"prezident-tesdiqledi-deputatlar-hakimler-ve-diger-memurlarin-maasi-artirildi","status":"publish","type":"post","link":"https:\/\/www.meydan.tv\/az\/article\/prezident-tesdiqledi-deputatlar-hakimler-ve-diger-memurlarin-maasi-artirildi\/","title":{"rendered":"Prezident t\u0259sdiql\u0259di: Deputatlar, hakiml\u0259r v\u0259 dig\u0259r m\u0259murlar\u0131n maa\u015f\u0131 art\u0131r\u0131ld\u0131"},"content":{"rendered":"\n<p><\/p>\n\n\n\n<p><em>M\u0259murlar\u0131n v\u0259zif\u0259 maa\u015f\u0131nda 1000 manatdan \u00e7ox art\u0131m var<\/em><\/p>\n\n\n\n<p>Sentyabr\u0131n 1-d\u0259n etibar\u0259n parlament s\u0259drinin, Konstitusiya v\u0259 Ali m\u0259hk\u0259m\u0259l\u0259rin s\u0259drl\u0259rinin, Ba\u015f prokurorun v\u0259 Hesablama Palatas\u0131n\u0131n r\u0259hb\u0259rliyind\u0259 t\u0259msil olnan \u015f\u0259xsl\u0259rin maa\u015f\u0131 art\u0131r\u0131lacaq.<\/p>\n\n\n\n<p>\u0130yulun 29-da Az\u0259rbaycan\u0131n Prezidenti \u0130lham \u018fliyev \u201cAz\u0259rbaycan Respublikas\u0131 Milli M\u0259clisi deputat\u0131n\u0131n statusu haqq\u0131nda\u201d qanuna edil\u0259n d\u0259yi\u015fiklikl\u0259ri <a href=\"https:\/\/president.az\/az\/articles\/view\/56766\" target=\"_blank\" rel=\"noreferrer noopener\">t\u0259sdiql\u0259yib<\/a>.<\/p>\n\n\n\n<p>D\u0259yi\u015fikliy\u0259 \u0259sas\u0259n, sentyabr\u0131n 1-d\u0259n etibar\u0259n Milli M\u0259clisin s\u0259drinin ayl\u0131q v\u0259zif\u0259 maa\u015f\u0131 3550 manat olacaq. Haz\u0131rda is\u0259 o, 2475 manat ayl\u0131q v\u0259zif\u0259 maa\u015f\u0131 al\u0131r.<\/p>\n\n\n\n<p>Yeni d\u00fcz\u0259li\u015fl\u0259 s\u00f6z\u00fcged\u0259n qanunun 21-ci madd\u0259sinin be\u015finci hiss\u0259sind\u0259ki \u201cbir misli m\u0259bl\u0259\u011find\u0259\u201d s\u00f6zl\u0259ri \u201ciki misli h\u0259cmind\u0259\u201d s\u00f6zl\u0259ri il\u0259 \u0259v\u0259zl\u0259nib. H\u0259min c\u00fcml\u0259 haz\u0131rda tam olaraq bel\u0259dir: <\/p>\n\n\n\n<p>\u201cMilli M\u0259clisin S\u0259dri, onun birinci m\u00fcavini v\u0259 m\u00fcavinl\u0259ri, Milli M\u0259clisin komit\u0259 v\u0259 komissiya s\u0259drl\u0259ri v\u0259 onlar\u0131n m\u00fcavinl\u0259ri, Milli M\u0259clisin deputatlar\u0131 h\u0259r ay v\u0259zif\u0259 maa\u015flar\u0131n\u0131n bir misli m\u0259bl\u0259\u011find\u0259 v\u0259zif\u0259 maa\u015f\u0131na \u0259lav\u0259 al\u0131rlar\u201d.<\/p>\n\n\n\n<p>Qanunun 29-cu madd\u0259sinin (Deputat\u0131n m\u0259zuniyy\u0259ti) ikinci c\u00fcml\u0259si d\u0259 yeni d\u00fcz\u0259li\u015fl\u0259 l\u0259\u011fv edilir. \u0130kinci c\u00fcml\u0259 bel\u0259dir: \u201cM\u0259zuniyy\u0259td\u0259 oldu\u011fu zaman deputata m\u00fcalic\u0259 olunmas\u0131 v\u0259 istirah\u0259t etm\u0259si \u00fc\u00e7\u00fcn onun iki ayl\u0131q v\u0259zif\u0259 maa\u015f\u0131 m\u0259bl\u0259\u011find\u0259 m\u00fcavin\u0259t verilir\u201d.<\/p>\n\n\n\n<p>D\u0259yi\u015fikliy\u0259 \u0259sas\u0259n, Milli M\u0259clis s\u0259drinin birinci m\u00fcavini v\u0259 m\u00fcavinl\u0259ri, Milli M\u0259clisin komit\u0259 v\u0259 komissiya s\u0259drl\u0259ri v\u0259 onlar\u0131n m\u00fcavinl\u0259ri, Milli M\u0259clisin deputatlar\u0131 h\u0259r ay v\u0259zif\u0259 maa\u015flar\u0131n\u0131n iki misli m\u0259bl\u0259\u011find\u0259 v\u0259zif\u0259 maa\u015f\u0131na \u0259lav\u0259 alacaqlar.<\/p>\n\n\n\n<p>Bu Qanun 2022-ci il iyulun 1-d\u0259n q\u00fcvv\u0259y\u0259 minir.<\/p>\n\n\n\n<p>Konstitusiya M\u0259hk\u0259m\u0259si haqq\u0131nda\u201d Qanuna edil\u0259n d\u0259yi\u015fiklikl\u0259 is\u0259 Konstitusiya M\u0259hk\u0259m\u0259si s\u0259drinin ayl\u0131q v\u0259zif\u0259 maa\u015f\u0131 3550 manat olacaq. Konstitusiya M\u0259hk\u0259m\u0259si s\u0259drinin ayl\u0131q v\u0259zif\u0259 maa\u015f\u0131 Az\u0259rbaycan Respublikas\u0131 Milli M\u0259clisi S\u0259drinin ayl\u0131q v\u0259zif\u0259 maa\u015f\u0131na b\u0259rab\u0259rdir.<\/p>\n\n\n\n<p>D\u0259yi\u015fiklikd\u0259 s\u00f6z\u00fcged\u0259n madd\u0259nin 72.2-ci (Konstitusiya M\u0259hk\u0259m\u0259si hakimin\u0259 \u0259m\u0259k m\u0259zuniyy\u0259tin\u0259 \u00e7\u0131xd\u0131\u011f\u0131 vaxt d\u00f6vl\u0259t b\u00fcdc\u0259si hesab\u0131na bird\u0259f\u0259lik \u00f6d\u0259m\u0259 qismind\u0259 iki ayl\u0131q \u0259m\u0259k haqq\u0131 m\u0259bl\u0259\u011find\u0259 m\u00fcavin\u0259t verilir) v\u0259 73.6-c\u0131 (Konstitusiya M\u0259hk\u0259m\u0259si hakiml\u0259rinin m\u00fcalic\u0259si \u00fc\u00e7\u00fcn m\u00fcvafiq icra hakimiyy\u0259ti orqan\u0131 t\u0259r\u0259find\u0259n m\u00fc\u0259yy\u0259n edil\u0259n qaydada onlara iki ayl\u0131q \u0259m\u0259k haqq\u0131 m\u0259bl\u0259\u011find\u0259 bird\u0259f\u0259lik m\u00fcavin\u0259t verilir) madd\u0259l\u0259ri l\u0259\u011fv edilir.<\/p>\n\n\n\n<p>Bu qanun da 2022-ci il sentyabr\u0131n 1-d\u0259n q\u00fcvv\u0259y\u0259 minir.<\/p>\n\n\n\n<p>Prezidentin dig\u0259r s\u0259r\u0259ncam\u0131 il\u0259 Ali M\u0259hk\u0259m\u0259nin s\u0259drinin ayl\u0131q v\u0259zif\u0259 maa\u015f\u0131 2475 manatdan 3550 manata q\u0259d\u0259r art\u0131r\u0131l\u0131b.<\/p>\n\n\n\n<p>\u00dcmumilikd\u0259 h\u0259r biri \u00fc\u00e7\u00fcn art\u0131m 1075 manat t\u0259\u015fkil edir.<\/p>\n\n\n\n<p>Prezidentin n\u00f6vb\u0259ti s\u0259r\u0259ncam\u0131 il\u0259 \u201cAz\u0259rbaycan Respublikas\u0131 prokurorluq orqanlar\u0131 i\u015f\u00e7il\u0259rinin maddi v\u0259 sosial t\u0259minat\u0131 haqq\u0131nda\u201d Qanuna edil\u0259n d\u0259yi\u015fiklik <a href=\"https:\/\/president.az\/az\/articles\/view\/56771\" target=\"_blank\" rel=\"noreferrer noopener\">t\u0259sdiql\u0259nib<\/a>.<\/p>\n\n\n\n<p>\u0130yulun 1-d\u0259n q\u00fcvv\u0259y\u0259 min\u0259n bu d\u0259yi\u015fikliy\u0259 \u0259sas\u0259n \u00f6lk\u0259nin Ba\u015f prokuroru sentyabr\u0131n 1-d\u0259n etibar\u0259n 3260 manat m\u0259bl\u0259\u011find\u0259 ayl\u0131q v\u0259zif\u0259 maa\u015f\u0131 alacaq. \u0130ndiy\u0259 q\u0259d\u0259r Ba\u015f prokurorun n\u0259 q\u0259d\u0259r m\u0259vacib ald\u0131\u011f\u0131 is\u0259 qanunda g\u00f6st\u0259rilm\u0259yib.<\/p>\n\n\n\n<p>\u201cHesablama Palatas\u0131 haqq\u0131nda\u201d Qanuna edil\u0259n d\u0259yi\u015fiklikl\u0259 palata s\u0259drinin ayl\u0131q v\u0259zif\u0259 maa\u015f\u0131 3150 manat alacaq. Onun m\u00fcavini 2800 manat, auditorlar\u0131 2625 manat m\u0259bl\u0259\u011find\u0259 ayl\u0131q v\u0259zif\u0259 maa\u015f\u0131 alacaqlar.<\/p>\n\n\n\n<p>Qanunla Hesablama Palatas\u0131 s\u0259drinin ayl\u0131q v\u0259zif\u0259 maa\u015f\u0131 v\u0259 dig\u0259r t\u0259minatlar\u0131 Az\u0259rbaycan Respublikas\u0131 Milli M\u0259clisi S\u0259drinin birinci m\u00fcavininin ayl\u0131q v\u0259zif\u0259 maa\u015f\u0131na v\u0259 t\u0259minatlar\u0131na b\u0259rab\u0259rdir.<\/p>\n\n\n\n<p>Hesablama Palatas\u0131 s\u0259drinin m\u00fcavininin ayl\u0131q v\u0259zif\u0259 maa\u015f\u0131 v\u0259 dig\u0259r t\u0259minatlar\u0131 Az\u0259rbaycan Respublikas\u0131 Milli M\u0259clisi S\u0259drinin m\u00fcavininin ayl\u0131q v\u0259zif\u0259 maa\u015f\u0131na v\u0259 t\u0259minatlar\u0131na b\u0259rab\u0259rdir.<\/p>\n\n\n\n<p>Hesablama Palatas\u0131n\u0131n auditorlar\u0131n\u0131n ayl\u0131q v\u0259zif\u0259 maa\u015f\u0131 v\u0259 dig\u0259r t\u0259minatlar\u0131 Az\u0259rbaycan Respublikas\u0131 Milli M\u0259clisinin komit\u0259 s\u0259drl\u0259rinin ayl\u0131q v\u0259zif\u0259 maa\u015flar\u0131na v\u0259 t\u0259minatlar\u0131na b\u0259rab\u0259rdir.<\/p>\n\n\n\n<p>Hesablama Palatas\u0131n\u0131n \u00fczvl\u0259rin\u0259 bir ayl\u0131q v\u0259zif\u0259 maa\u015f\u0131 h\u0259cmind\u0259 v\u0259zif\u0259 maa\u015f\u0131na \u0259lav\u0259 \u00f6d\u0259nilir.<\/p>\n","protected":false},"excerpt":{"rendered":"<p>M\u0259murlar\u0131n v\u0259zif\u0259 maa\u015f\u0131nda 1000 manatdan \u00e7ox art\u0131m var Sentyabr\u0131n 1-d\u0259n &#8230; <\/p>\n<p class=\"read-more-container\"><a title=\"Prezident t\u0259sdiql\u0259di: Deputatlar, hakiml\u0259r v\u0259 dig\u0259r m\u0259murlar\u0131n maa\u015f\u0131 art\u0131r\u0131ld\u0131\" class=\"read-more button\" href=\"https:\/\/www.meydan.tv\/az\/article\/prezident-tesdiqledi-deputatlar-hakimler-ve-diger-memurlarin-maasi-artirildi\/#more-252097\" aria-label=\"Read more about Prezident t\u0259sdiql\u0259di: Deputatlar, hakiml\u0259r v\u0259 dig\u0259r m\u0259murlar\u0131n maa\u015f\u0131 art\u0131r\u0131ld\u0131\">Davam\u0131<\/a><\/p>\n","protected":false},"author":8,"featured_media":252099,"comment_status":"closed","ping_status":"closed","sticky":false,"template":"","format":"standard","meta":{"_acf_changed":false,"_sitemap_exclude":false,"_sitemap_priority":"","_sitemap_frequency":"","footnotes":""},"categories":[62,56],"tags":[],"class_list":["post-252097","post","type-post","status-publish","format-standard","has-post-thumbnail","hentry","category-sosial","category-xeberler","infinite-scroll-item","generate-columns","tablet-grid-50","mobile-grid-100","grid-parent","grid-33","no-featured-image-padding"],"acf":[],"yoast_head":"<!-- This site is optimized with the Yoast SEO plugin v27.4 - https:\/\/yoast.com\/product\/yoast-seo-wordpress\/ -->\n<title>Prezident t\u0259sdiql\u0259di: Deputatlar, hakiml\u0259r v\u0259 dig\u0259r m\u0259murlar\u0131n maa\u015f\u0131 art\u0131r\u0131ld\u0131 - MEYDAN.TV<\/title>\n<meta name=\"robots\" content=\"index, follow, max-snippet:-1, max-image-preview:large, max-video-preview:-1\" \/>\n<link rel=\"canonical\" href=\"https:\/\/www.meydan.tv\/az\/article\/prezident-tesdiqledi-deputatlar-hakimler-ve-diger-memurlarin-maasi-artirildi\/\" \/>\n<meta property=\"og:locale\" content=\"az_AZ\" \/>\n<meta property=\"og:type\" content=\"article\" \/>\n<meta property=\"og:title\" content=\"Prezident t\u0259sdiql\u0259di: Deputatlar, hakiml\u0259r v\u0259 dig\u0259r m\u0259murlar\u0131n maa\u015f\u0131 art\u0131r\u0131ld\u0131 - MEYDAN.TV\" \/>\n<meta property=\"og:description\" content=\"M\u0259murlar\u0131n v\u0259zif\u0259 maa\u015f\u0131nda 1000 manatdan \u00e7ox art\u0131m var Sentyabr\u0131n 1-d\u0259n ... Davam\u0131\" \/>\n<meta property=\"og:url\" content=\"https:\/\/www.meydan.tv\/az\/article\/prezident-tesdiqledi-deputatlar-hakimler-ve-diger-memurlarin-maasi-artirildi\/\" \/>\n<meta property=\"og:site_name\" content=\"MEYDAN.TV\" \/>\n<meta property=\"article:published_time\" content=\"2022-07-29T13:30:23+00:00\" \/>\n<meta property=\"article:modified_time\" content=\"2022-07-29T13:30:25+00:00\" \/>\n<meta property=\"og:image\" content=\"https:\/\/www.meydan.tv\/wp-content\/uploads\/serencam-1.jpg\" \/>\n\t<meta property=\"og:image:width\" content=\"1200\" \/>\n\t<meta property=\"og:image:height\" content=\"702\" \/>\n\t<meta property=\"og:image:type\" content=\"image\/jpeg\" \/>\n<meta name=\"author\" content=\"elli\" \/>\n<meta name=\"twitter:card\" content=\"summary_large_image\" \/>\n<meta name=\"twitter:creator\" content=\"@elli\" \/>\n<script type=\"application\/ld+json\" class=\"yoast-schema-graph\">{\"@context\":\"https:\\\/\\\/schema.org\",\"@graph\":[{\"@type\":\"Article\",\"@id\":\"https:\\\/\\\/www.meydan.tv\\\/az\\\/article\\\/prezident-tesdiqledi-deputatlar-hakimler-ve-diger-memurlarin-maasi-artirildi\\\/#article\",\"isPartOf\":{\"@id\":\"https:\\\/\\\/www.meydan.tv\\\/az\\\/article\\\/prezident-tesdiqledi-deputatlar-hakimler-ve-diger-memurlarin-maasi-artirildi\\\/\"},\"author\":{\"name\":\"elli\",\"@id\":\"https:\\\/\\\/www.meydan.tv\\\/az\\\/#\\\/schema\\\/person\\\/9cdbecf90d17180ce1dfbd95b08dcf47\"},\"headline\":\"Prezident t\u0259sdiql\u0259di: Deputatlar, hakiml\u0259r v\u0259 dig\u0259r m\u0259murlar\u0131n maa\u015f\u0131 art\u0131r\u0131ld\u0131\",\"datePublished\":\"2022-07-29T13:30:23+00:00\",\"dateModified\":\"2022-07-29T13:30:25+00:00\",\"mainEntityOfPage\":{\"@id\":\"https:\\\/\\\/www.meydan.tv\\\/az\\\/article\\\/prezident-tesdiqledi-deputatlar-hakimler-ve-diger-memurlarin-maasi-artirildi\\\/\"},\"wordCount\":828,\"publisher\":{\"@id\":\"https:\\\/\\\/www.meydan.tv\\\/az\\\/#organization\"},\"image\":{\"@id\":\"https:\\\/\\\/www.meydan.tv\\\/az\\\/article\\\/prezident-tesdiqledi-deputatlar-hakimler-ve-diger-memurlarin-maasi-artirildi\\\/#primaryimage\"},\"thumbnailUrl\":\"https:\\\/\\\/www.meydan.tv\\\/wp-content\\\/uploads\\\/serencam-1.jpg\",\"articleSection\":[\"Sosial\",\"X\u0259b\u0259rl\u0259r\"],\"inLanguage\":\"az\"},{\"@type\":\"WebPage\",\"@id\":\"https:\\\/\\\/www.meydan.tv\\\/az\\\/article\\\/prezident-tesdiqledi-deputatlar-hakimler-ve-diger-memurlarin-maasi-artirildi\\\/\",\"url\":\"https:\\\/\\\/www.meydan.tv\\\/az\\\/article\\\/prezident-tesdiqledi-deputatlar-hakimler-ve-diger-memurlarin-maasi-artirildi\\\/\",\"name\":\"Prezident t\u0259sdiql\u0259di: Deputatlar, hakiml\u0259r v\u0259 dig\u0259r m\u0259murlar\u0131n maa\u015f\u0131 art\u0131r\u0131ld\u0131 - MEYDAN.TV\",\"isPartOf\":{\"@id\":\"https:\\\/\\\/www.meydan.tv\\\/az\\\/#website\"},\"primaryImageOfPage\":{\"@id\":\"https:\\\/\\\/www.meydan.tv\\\/az\\\/article\\\/prezident-tesdiqledi-deputatlar-hakimler-ve-diger-memurlarin-maasi-artirildi\\\/#primaryimage\"},\"image\":{\"@id\":\"https:\\\/\\\/www.meydan.tv\\\/az\\\/article\\\/prezident-tesdiqledi-deputatlar-hakimler-ve-diger-memurlarin-maasi-artirildi\\\/#primaryimage\"},\"thumbnailUrl\":\"https:\\\/\\\/www.meydan.tv\\\/wp-content\\\/uploads\\\/serencam-1.jpg\",\"datePublished\":\"2022-07-29T13:30:23+00:00\",\"dateModified\":\"2022-07-29T13:30:25+00:00\",\"breadcrumb\":{\"@id\":\"https:\\\/\\\/www.meydan.tv\\\/az\\\/article\\\/prezident-tesdiqledi-deputatlar-hakimler-ve-diger-memurlarin-maasi-artirildi\\\/#breadcrumb\"},\"inLanguage\":\"az\",\"potentialAction\":[{\"@type\":\"ReadAction\",\"target\":[\"https:\\\/\\\/www.meydan.tv\\\/az\\\/article\\\/prezident-tesdiqledi-deputatlar-hakimler-ve-diger-memurlarin-maasi-artirildi\\\/\"]}]},{\"@type\":\"ImageObject\",\"inLanguage\":\"az\",\"@id\":\"https:\\\/\\\/www.meydan.tv\\\/az\\\/article\\\/prezident-tesdiqledi-deputatlar-hakimler-ve-diger-memurlarin-maasi-artirildi\\\/#primaryimage\",\"url\":\"https:\\\/\\\/www.meydan.tv\\\/wp-content\\\/uploads\\\/serencam-1.jpg\",\"contentUrl\":\"https:\\\/\\\/www.meydan.tv\\\/wp-content\\\/uploads\\\/serencam-1.jpg\",\"width\":1200,\"height\":702,\"caption\":\"M\u0259nb\u0259: Az\u0259rtac\"},{\"@type\":\"BreadcrumbList\",\"@id\":\"https:\\\/\\\/www.meydan.tv\\\/az\\\/article\\\/prezident-tesdiqledi-deputatlar-hakimler-ve-diger-memurlarin-maasi-artirildi\\\/#breadcrumb\",\"itemListElement\":[{\"@type\":\"ListItem\",\"position\":1,\"name\":\"Ana s\u0259hif\u0259\",\"item\":\"https:\\\/\\\/www.meydan.tv\\\/az\\\/\"},{\"@type\":\"ListItem\",\"position\":2,\"name\":\"Sosial\",\"item\":\"https:\\\/\\\/www.meydan.tv\\\/az\\\/section\\\/sosial\\\/\"},{\"@type\":\"ListItem\",\"position\":3,\"name\":\"Prezident t\u0259sdiql\u0259di: Deputatlar, hakiml\u0259r v\u0259 dig\u0259r m\u0259murlar\u0131n maa\u015f\u0131 art\u0131r\u0131ld\u0131\"}]},{\"@type\":\"WebSite\",\"@id\":\"https:\\\/\\\/www.meydan.tv\\\/az\\\/#website\",\"url\":\"https:\\\/\\\/www.meydan.tv\\\/az\\\/\",\"name\":\"MEYDAN.TV\",\"description\":\"Meydan TV Az\u0259rbaycan\u0131n media m\u0259kan\u0131ndak\u0131 alternativ s\u0259sidir\",\"publisher\":{\"@id\":\"https:\\\/\\\/www.meydan.tv\\\/az\\\/#organization\"},\"potentialAction\":[{\"@type\":\"SearchAction\",\"target\":{\"@type\":\"EntryPoint\",\"urlTemplate\":\"https:\\\/\\\/www.meydan.tv\\\/az\\\/?s={search_term_string}\"},\"query-input\":{\"@type\":\"PropertyValueSpecification\",\"valueRequired\":true,\"valueName\":\"search_term_string\"}}],\"inLanguage\":\"az\"},{\"@type\":\"Organization\",\"@id\":\"https:\\\/\\\/www.meydan.tv\\\/az\\\/#organization\",\"name\":\"Meydan TV\",\"url\":\"https:\\\/\\\/www.meydan.tv\\\/az\\\/\",\"logo\":{\"@type\":\"ImageObject\",\"inLanguage\":\"az\",\"@id\":\"https:\\\/\\\/www.meydan.tv\\\/az\\\/#\\\/schema\\\/logo\\\/image\\\/\",\"url\":\"https:\\\/\\\/www.meydan.tv\\\/wp-content\\\/uploads\\\/2021\\\/07\\\/meydan-logo.svg\",\"contentUrl\":\"https:\\\/\\\/www.meydan.tv\\\/wp-content\\\/uploads\\\/2021\\\/07\\\/meydan-logo.svg\",\"width\":195,\"height\":46,\"caption\":\"Meydan TV\"},\"image\":{\"@id\":\"https:\\\/\\\/www.meydan.tv\\\/az\\\/#\\\/schema\\\/logo\\\/image\\\/\"}},{\"@type\":\"Person\",\"@id\":\"https:\\\/\\\/www.meydan.tv\\\/az\\\/#\\\/schema\\\/person\\\/9cdbecf90d17180ce1dfbd95b08dcf47\",\"name\":\"elli\",\"sameAs\":[\"https:\\\/\\\/x.com\\\/elli\"]}]}<\/script>\n<!-- \/ Yoast SEO plugin. -->","yoast_head_json":{"title":"Prezident t\u0259sdiql\u0259di: Deputatlar, hakiml\u0259r v\u0259 dig\u0259r m\u0259murlar\u0131n maa\u015f\u0131 art\u0131r\u0131ld\u0131 - MEYDAN.TV","robots":{"index":"index","follow":"follow","max-snippet":"max-snippet:-1","max-image-preview":"max-image-preview:large","max-video-preview":"max-video-preview:-1"},"canonical":"https:\/\/www.meydan.tv\/az\/article\/prezident-tesdiqledi-deputatlar-hakimler-ve-diger-memurlarin-maasi-artirildi\/","og_locale":"az_AZ","og_type":"article","og_title":"Prezident t\u0259sdiql\u0259di: Deputatlar, hakiml\u0259r v\u0259 dig\u0259r m\u0259murlar\u0131n maa\u015f\u0131 art\u0131r\u0131ld\u0131 - MEYDAN.TV","og_description":"M\u0259murlar\u0131n v\u0259zif\u0259 maa\u015f\u0131nda 1000 manatdan \u00e7ox art\u0131m var Sentyabr\u0131n 1-d\u0259n ... Davam\u0131","og_url":"https:\/\/www.meydan.tv\/az\/article\/prezident-tesdiqledi-deputatlar-hakimler-ve-diger-memurlarin-maasi-artirildi\/","og_site_name":"MEYDAN.TV","article_published_time":"2022-07-29T13:30:23+00:00","article_modified_time":"2022-07-29T13:30:25+00:00","og_image":[{"width":1200,"height":702,"url":"https:\/\/www.meydan.tv\/wp-content\/uploads\/serencam-1.jpg","type":"image\/jpeg"}],"author":"elli","twitter_card":"summary_large_image","twitter_creator":"@elli","schema":{"@context":"https:\/\/schema.org","@graph":[{"@type":"Article","@id":"https:\/\/www.meydan.tv\/az\/article\/prezident-tesdiqledi-deputatlar-hakimler-ve-diger-memurlarin-maasi-artirildi\/#article","isPartOf":{"@id":"https:\/\/www.meydan.tv\/az\/article\/prezident-tesdiqledi-deputatlar-hakimler-ve-diger-memurlarin-maasi-artirildi\/"},"author":{"name":"elli","@id":"https:\/\/www.meydan.tv\/az\/#\/schema\/person\/9cdbecf90d17180ce1dfbd95b08dcf47"},"headline":"Prezident t\u0259sdiql\u0259di: Deputatlar, hakiml\u0259r v\u0259 dig\u0259r m\u0259murlar\u0131n maa\u015f\u0131 art\u0131r\u0131ld\u0131","datePublished":"2022-07-29T13:30:23+00:00","dateModified":"2022-07-29T13:30:25+00:00","mainEntityOfPage":{"@id":"https:\/\/www.meydan.tv\/az\/article\/prezident-tesdiqledi-deputatlar-hakimler-ve-diger-memurlarin-maasi-artirildi\/"},"wordCount":828,"publisher":{"@id":"https:\/\/www.meydan.tv\/az\/#organization"},"image":{"@id":"https:\/\/www.meydan.tv\/az\/article\/prezident-tesdiqledi-deputatlar-hakimler-ve-diger-memurlarin-maasi-artirildi\/#primaryimage"},"thumbnailUrl":"https:\/\/www.meydan.tv\/wp-content\/uploads\/serencam-1.jpg","articleSection":["Sosial","X\u0259b\u0259rl\u0259r"],"inLanguage":"az"},{"@type":"WebPage","@id":"https:\/\/www.meydan.tv\/az\/article\/prezident-tesdiqledi-deputatlar-hakimler-ve-diger-memurlarin-maasi-artirildi\/","url":"https:\/\/www.meydan.tv\/az\/article\/prezident-tesdiqledi-deputatlar-hakimler-ve-diger-memurlarin-maasi-artirildi\/","name":"Prezident t\u0259sdiql\u0259di: Deputatlar, hakiml\u0259r v\u0259 dig\u0259r m\u0259murlar\u0131n maa\u015f\u0131 art\u0131r\u0131ld\u0131 - MEYDAN.TV","isPartOf":{"@id":"https:\/\/www.meydan.tv\/az\/#website"},"primaryImageOfPage":{"@id":"https:\/\/www.meydan.tv\/az\/article\/prezident-tesdiqledi-deputatlar-hakimler-ve-diger-memurlarin-maasi-artirildi\/#primaryimage"},"image":{"@id":"https:\/\/www.meydan.tv\/az\/article\/prezident-tesdiqledi-deputatlar-hakimler-ve-diger-memurlarin-maasi-artirildi\/#primaryimage"},"thumbnailUrl":"https:\/\/www.meydan.tv\/wp-content\/uploads\/serencam-1.jpg","datePublished":"2022-07-29T13:30:23+00:00","dateModified":"2022-07-29T13:30:25+00:00","breadcrumb":{"@id":"https:\/\/www.meydan.tv\/az\/article\/prezident-tesdiqledi-deputatlar-hakimler-ve-diger-memurlarin-maasi-artirildi\/#breadcrumb"},"inLanguage":"az","potentialAction":[{"@type":"ReadAction","target":["https:\/\/www.meydan.tv\/az\/article\/prezident-tesdiqledi-deputatlar-hakimler-ve-diger-memurlarin-maasi-artirildi\/"]}]},{"@type":"ImageObject","inLanguage":"az","@id":"https:\/\/www.meydan.tv\/az\/article\/prezident-tesdiqledi-deputatlar-hakimler-ve-diger-memurlarin-maasi-artirildi\/#primaryimage","url":"https:\/\/www.meydan.tv\/wp-content\/uploads\/serencam-1.jpg","contentUrl":"https:\/\/www.meydan.tv\/wp-content\/uploads\/serencam-1.jpg","width":1200,"height":702,"caption":"M\u0259nb\u0259: Az\u0259rtac"},{"@type":"BreadcrumbList","@id":"https:\/\/www.meydan.tv\/az\/article\/prezident-tesdiqledi-deputatlar-hakimler-ve-diger-memurlarin-maasi-artirildi\/#breadcrumb","itemListElement":[{"@type":"ListItem","position":1,"name":"Ana s\u0259hif\u0259","item":"https:\/\/www.meydan.tv\/az\/"},{"@type":"ListItem","position":2,"name":"Sosial","item":"https:\/\/www.meydan.tv\/az\/section\/sosial\/"},{"@type":"ListItem","position":3,"name":"Prezident t\u0259sdiql\u0259di: Deputatlar, hakiml\u0259r v\u0259 dig\u0259r m\u0259murlar\u0131n maa\u015f\u0131 art\u0131r\u0131ld\u0131"}]},{"@type":"WebSite","@id":"https:\/\/www.meydan.tv\/az\/#website","url":"https:\/\/www.meydan.tv\/az\/","name":"MEYDAN.TV","description":"Meydan TV Az\u0259rbaycan\u0131n media m\u0259kan\u0131ndak\u0131 alternativ s\u0259sidir","publisher":{"@id":"https:\/\/www.meydan.tv\/az\/#organization"},"potentialAction":[{"@type":"SearchAction","target":{"@type":"EntryPoint","urlTemplate":"https:\/\/www.meydan.tv\/az\/?s={search_term_string}"},"query-input":{"@type":"PropertyValueSpecification","valueRequired":true,"valueName":"search_term_string"}}],"inLanguage":"az"},{"@type":"Organization","@id":"https:\/\/www.meydan.tv\/az\/#organization","name":"Meydan TV","url":"https:\/\/www.meydan.tv\/az\/","logo":{"@type":"ImageObject","inLanguage":"az","@id":"https:\/\/www.meydan.tv\/az\/#\/schema\/logo\/image\/","url":"https:\/\/www.meydan.tv\/wp-content\/uploads\/2021\/07\/meydan-logo.svg","contentUrl":"https:\/\/www.meydan.tv\/wp-content\/uploads\/2021\/07\/meydan-logo.svg","width":195,"height":46,"caption":"Meydan TV"},"image":{"@id":"https:\/\/www.meydan.tv\/az\/#\/schema\/logo\/image\/"}},{"@type":"Person","@id":"https:\/\/www.meydan.tv\/az\/#\/schema\/person\/9cdbecf90d17180ce1dfbd95b08dcf47","name":"elli","sameAs":["https:\/\/x.com\/elli"]}]}},"_links":{"self":[{"href":"https:\/\/www.meydan.tv\/az\/wp-json\/wp\/v2\/posts\/252097","targetHints":{"allow":["GET"]}}],"collection":[{"href":"https:\/\/www.meydan.tv\/az\/wp-json\/wp\/v2\/posts"}],"about":[{"href":"https:\/\/www.meydan.tv\/az\/wp-json\/wp\/v2\/types\/post"}],"author":[{"embeddable":true,"href":"https:\/\/www.meydan.tv\/az\/wp-json\/wp\/v2\/users\/8"}],"replies":[{"embeddable":true,"href":"https:\/\/www.meydan.tv\/az\/wp-json\/wp\/v2\/comments?post=252097"}],"version-history":[{"count":1,"href":"https:\/\/www.meydan.tv\/az\/wp-json\/wp\/v2\/posts\/252097\/revisions"}],"predecessor-version":[{"id":252102,"href":"https:\/\/www.meydan.tv\/az\/wp-json\/wp\/v2\/posts\/252097\/revisions\/252102"}],"wp:featuredmedia":[{"embeddable":true,"href":"https:\/\/www.meydan.tv\/az\/wp-json\/wp\/v2\/media\/252099"}],"wp:attachment":[{"href":"https:\/\/www.meydan.tv\/az\/wp-json\/wp\/v2\/media?parent=252097"}],"wp:term":[{"taxonomy":"category","embeddable":true,"href":"https:\/\/www.meydan.tv\/az\/wp-json\/wp\/v2\/categories?post=252097"},{"taxonomy":"post_tag","embeddable":true,"href":"https:\/\/www.meydan.tv\/az\/wp-json\/wp\/v2\/tags?post=252097"}],"curies":[{"name":"wp","href":"https:\/\/api.w.org\/{rel}","templated":true}]}}