{"id":252054,"date":"2022-07-29T14:22:32","date_gmt":"2022-07-29T10:22:32","guid":{"rendered":"https:\/\/www.meydan.tv\/?p=252054"},"modified":"2022-07-29T14:22:34","modified_gmt":"2022-07-29T10:22:34","slug":"ordu-ile-bagli-yazanlara-xeberdarliq-prokurorluq-senzor-rolunu-oynayir","status":"publish","type":"post","link":"https:\/\/www.meydan.tv\/az\/article\/ordu-ile-bagli-yazanlara-xeberdarliq-prokurorluq-senzor-rolunu-oynayir\/","title":{"rendered":"Ordu il\u0259 ba\u011fl\u0131 yazanlara x\u0259b\u0259rdarl\u0131q: &#8220;Prokurorluq senzor rolunu oynay\u0131r&#8221;"},"content":{"rendered":"\n<p><\/p>\n\n\n\n<p><em>&#8220;\u0130st\u0259r Zakir Qaralov, ist\u0259rs\u0259 d\u0259 Kamran \u018fliyev olsun: mahiyy\u0259t d\u0259yi\u015fm\u0259yib&#8221;<\/em><\/p>\n\n\n\n<p>Ba\u015f Prokurorlu\u011fun sosial \u015f\u0259b\u0259k\u0259l\u0259rd\u0259 orduda ba\u015f ver\u0259n hadis\u0259l\u0259rl\u0259 ba\u011fl\u0131 payla\u015f\u0131m ed\u0259n \u015f\u0259xsl\u0259r\u0259 x\u0259b\u0259rdarl\u0131\u011f\u0131 davam edir.<\/p>\n\n\n\n<p>\u0130yulun 28-d\u0259 Prokurorluq &#8220;D18&#8221; H\u0259r\u0259kat\u0131n\u0131n ke\u00e7mi\u015f s\u0259dri Ruslan \u0130zz\u0259tliy\u0259 x\u0259b\u0259rdarl\u0131q edib.<\/p>\n\n\n\n<p>Bu bar\u0259d\u0259 Ruslan \u0130zz\u0259tli Meydan TV-y\u0259 dan\u0131\u015f\u0131b.<\/p>\n\n\n\n<p>O deyib ki, Ba\u015f Prokurorun m\u00fcavini Camal \u018fhm\u0259dov v\u0259 Cinay\u0259t t\u0259qibind\u0259n k\u0259nar icraatlar idar\u0259sinin r\u0259isinin m\u00fcavini \u015e\u0259m\u015fir \u015e\u0259m\u015firli t\u0259r\u0259find\u0259n q\u0259bul edilib: <\/p>\n\n\n\n<p>&#8220;M\u0259n\u0259 26 iyun Silahl\u0131 Q\u00fcvv\u0259l\u0259r g\u00fcn\u00fcnd\u0259 yazd\u0131\u011f\u0131m statusla ba\u011fl\u0131 x\u0259b\u0259rdarl\u0131q etdil\u0259r. Yazm\u0131\u015fd\u0131m ki, \u0130lham \u018fliyev v\u0259 komandas\u0131 bu g\u00fcn Qaraba\u011fa gedirs\u0259, orada t\u0259dbir ke\u00e7irirs\u0259, o haqq\u0131 ona qazil\u0259r v\u0259 h\u0259rb\u00e7il\u0259r verib. Ancaq n\u0259 yaz\u0131q ki, Silahl\u0131 Q\u00fcvv\u0259l\u0259r g\u00fcn\u00fcnd\u0259 d\u0259 qazil\u0259rin v\u0259 h\u0259rb\u00e7il\u0259rin probleml\u0259ri h\u0259ll edilm\u0259di. H\u0259r iki \u015f\u0259xs statusumun h\u00fcquqi \u0259sas\u0131 v\u0259 fakt\u0131m\u0131n olmad\u0131\u011f\u0131n\u0131 s\u00f6yl\u0259y\u0259nd\u0259 ifad\u0259 azadl\u0131\u011f\u0131m\u0131n oldu\u011funu bildirdim. \u018flav\u0259 etdim ki, h\u0259r bir c\u00fcml\u0259mi \u0259sasland\u0131ran kifay\u0259t q\u0259d\u0259r faktlar v\u0259 etirazlar var&#8221;.<\/p>\n\n\n\n<p>Ruslan \u0130zz\u0259tlinin s\u00f6zl\u0259rin\u0259 g\u00f6r\u0259, ona ilkin olaraq \u015fifahi x\u0259b\u0259rdarl\u0131q edilib: <\/p>\n\n\n\n<p>&#8220;Davaml\u0131 olaca\u011f\u0131 t\u0259qdird\u0259, \u0130nzibati X\u0259talar M\u0259c\u0259ll\u0259sin\u0259 \u0259sas\u0259n m\u0259hk\u0259m\u0259y\u0259 m\u00fcraci\u0259t ed\u0259c\u0259kl\u0259rini bildirdil\u0259r&#8221;.<\/p>\n\n\n\n<p>O hesab edir ki, Ba\u015f Prokurorlu\u011fun insanlar\u0131n d\u00fc\u015f\u00fcnc\u0259l\u0259rin\u0259 m\u00fcdaxil\u0259si senzuran\u0131n ba\u015fqa bir formada t\u0259tbiqidir: <\/p>\n\n\n\n<p>&#8220;T\u0259bii ki, ifad\u0259 azadl\u0131\u011f\u0131n\u0131n pozulmas\u0131d\u0131r&#8221;.<\/p>\n\n\n\n<p>&#8220;Hakimiyy\u0259t b\u0259lli meydan\u00e7a yarad\u0131b v\u0259 h\u0259r k\u0259sin orda oynamas\u0131n\u0131 ist\u0259yir. Kim k\u0259nara \u00e7\u0131xma\u011fa c\u0259hd edirs\u0259, bu c\u00fcr formalarda t\u0259zyiq edirl\u0259r. H\u00f6kum\u0259tin avtoritar siyas\u0259ti var, ist\u0259r h\u00fcquq-m\u00fchafiz\u0259 olsun, ist\u0259rs\u0259 d\u0259, ba\u015fqa orqanlar. Ona g\u00f6r\u0259 d\u0259 \u015f\u0259xsl\u0259rin d\u0259yi\u015fm\u0259si h\u0259min strategiyan\u0131n d\u0259yi\u015fm\u0259si anlam\u0131na g\u0259lmir. Ola bil\u0259r ki, \u015f\u0259xsl\u0259r\u0259 g\u00f6r\u0259 hakimiyy\u0259tin avtoritar siyas\u0259ti daha qabar\u0131q, yaxud passiv g\u00f6r\u00fcns\u00fcn. Bu bax\u0131mdan sistem qal\u0131rsa, kadrlar he\u00e7 n\u0259yi d\u0259yi\u015fmir&#8221;, &#8211; dey\u0259 Ruslan \u0130zz\u0259tli bildirib.<\/p>\n\n\n\n<figure class=\"wp-block-image size-large\"><img decoding=\"async\" data-src=\"https:\/\/www.meydan.tv\/wp-content\/uploads\/ruslan_izzetli-1200x800.jpg\" alt=\"\" class=\"wp-image-229156 lazyload\" src=\"data:image\/svg+xml;base64,PHN2ZyB3aWR0aD0iMSIgaGVpZ2h0PSIxIiB4bWxucz0iaHR0cDovL3d3dy53My5vcmcvMjAwMC9zdmciPjwvc3ZnPg==\" style=\"--smush-placeholder-width: 1200px; --smush-placeholder-aspect-ratio: 1200\/800;\" \/><figcaption>Ruslan \u0130zz\u0259tlinin \u015f\u0259xsi arxivi<\/figcaption><\/figure>\n\n\n\n<p>Ruslan \u0130zz\u0259tli \u015fifahi x\u0259b\u0259rdarl\u0131q oldu\u011fundan hans\u0131sa h\u00fcquqi add\u0131m atmayaca\u011f\u0131n\u0131 deyib.<\/p>\n\n\n\n<p>H\u00fcquq\u015f\u00fcnas \u018fl\u0259sg\u0259r M\u0259mm\u0259dli hesab edir ki, prokurorlu\u011fun davaml\u0131 \u015f\u0259kild\u0259 ifad\u0259 azadl\u0131\u011f\u0131na m\u00fcdaxil\u0259si qanunverciliyin Avropa standartlar\u0131ndan ciddi \u015f\u0259kild\u0259 uzaqla\u015fd\u0131r\u0131lmas\u0131ndan x\u0259b\u0259r verir.<\/p>\n\n\n\n<p>Ekspert Meydan TV-y\u0259 deyib ki, hakimiyy\u0259t 2015 v\u0259 2017-ci ill\u0259rd\u0259 bloklanma s\u0259lahiyy\u0259tinin qanunvericiliy\u0259 g\u0259tir\u0259nd\u0259n sonra sistemli add\u0131mlar at\u0131b: <\/p>\n\n\n\n<p>&#8220;O zaman biz m\u00fctamadi olaraq deyirdik ki, bu, art\u0131q Konstitusiyan\u0131n m\u00fc\u0259yy\u0259n etdiyi azadl\u0131qlara m\u00fcdaxil\u0259dir v\u0259 Avropa Konvensiyas\u0131na ziddir. Prokurorluq senzor roluna girm\u0259m\u0259li v\u0259 insanlar\u0131n m\u00fclahiz\u0259l\u0259rini ara\u015fd\u0131rmamal\u0131d\u0131r. Prokurorluq konkret olaraq qanunun pozulub-pozulmamas\u0131na baxmal\u0131d\u0131r. Qanun da ayd\u0131n olmal\u0131d\u0131r v\u0259 qada\u011fan edil\u0259n informasiya ifad\u0259si \u00e7ox m\u00fcc\u0259rr\u0259d ifad\u0259dir&#8221;.<\/p>\n\n\n\n<p>&#8220;Az\u0259rbaycanda informasiyan\u0131 a\u00e7\u0131q \u015f\u0259kild\u0259 qada\u011fan ed\u0259n &#8220;D\u00f6vl\u0259t sirri haqq\u0131nda&#8221; Qanun var. Qanunun V madd\u0259sinin 4 b\u0259ndind\u0259 yaz\u0131l\u0131b ki, d\u00f6vl\u0259tin m\u0259nafeyi bax\u0131m\u0131ndan bu informasiyalar m\u0259xfil\u0259\u015fdiril\u0259 bil\u0259r. Amma bu da h\u0259l\u0259 m\u0259xfi dem\u0259k deyil, h\u0259m d\u0259 d\u00f6vl\u0259t sirrinin pozulmas\u0131 cinay\u0259t m\u0259suliyy\u0259ti yarad\u0131r, inzibati yox&#8221;, &#8211; dey\u0259 o bildirib.<\/p>\n\n\n\n<p>\u018fl\u0259sg\u0259r M\u0259mm\u0259dli hesab edir ki, m\u00fclahiz\u0259l\u0259r he\u00e7 bir halda m\u00fchakim\u0259 v\u0259 t\u0259fti\u015f olunmamal\u0131d\u0131r: <\/p>\n\n\n\n<figure class=\"wp-block-image size-full\"><img decoding=\"async\" width=\"1000\" height=\"541\" data-src=\"https:\/\/www.meydan.tv\/wp-content\/uploads\/47246.jpg\" alt=\"H\u00fcquq\u015f\u00fcnas \u018fl\u0259sg\u0259r M\u0259mm\u0259dli\" class=\"wp-image-118714 lazyload\" src=\"data:image\/svg+xml;base64,PHN2ZyB3aWR0aD0iMSIgaGVpZ2h0PSIxIiB4bWxucz0iaHR0cDovL3d3dy53My5vcmcvMjAwMC9zdmciPjwvc3ZnPg==\" style=\"--smush-placeholder-width: 1000px; --smush-placeholder-aspect-ratio: 1000\/541;\" \/><figcaption>\u018fl\u0259sg\u0259r M\u0259mm\u0259dli, Foto: AFU<\/figcaption><\/figure>\n\n\n\n<p>&#8220;B\u0259li, yana\u015fmamla raz\u0131 olmaya bil\u0259rs\u0259n, h\u0259tta s\u0259ni rahats\u0131z da ed\u0259 bil\u0259r. Ancaq rahats\u0131z etm\u0259k s\u0259nin h\u00fcquqlar\u0131n\u0131 pozmad\u0131\u011f\u0131 m\u00fcdd\u0259tc\u0259, h\u00fcquqi m\u00fcdaxil\u0259 m\u00fcmk\u00fcn deyil. \u018fg\u0259r terrora t\u0259\u015fviq \u00e7a\u011f\u0131r\u0131\u015f\u0131 edirs\u0259ns\u0259, o zaman h\u00fcquqi m\u0259suliyy\u0259t yarad\u0131r. Amma \u0130nzibati X\u0259talar M\u0259c\u0259ll\u0259sin\u0259 bir formada f\u0259sil \u0259lav\u0259 edib ard\u0131nca prokurorlu\u011fa s\u0259lahiyy\u0259t verm\u0259k birm\u0259nal\u0131 olaraq \u00f6lk\u0259nin demokratik m\u00fchitd\u0259n uzaqla\u015fmas\u0131d\u0131r v\u0259 d\u00f6vl\u0259tin senzura roluna girm\u0259sidir. Ona g\u00f6r\u0259 m\u00fcvafiq qanunvericilik Konstitusiyan\u0131n 47 v\u0259 50, Konvensiyan\u0131n 10-cu madd\u0259l\u0259rin\u0259 zidd oldu\u011fundan yenid\u0259n bax\u0131lmal\u0131d\u0131r. \u00c7\u00fcnki ifad\u0259 azadl\u0131\u011f\u0131na kobud m\u00fcdaxil\u0259 yarad\u0131r v\u0259 Ba\u015f Prokurorluq senzor rolunda \u00e7\u0131x\u0131\u015f edir&#8221;.<\/p>\n\n\n\n<p>&#8220;M\u00fcdafi\u0259 X\u0259tti&#8221; H\u0259r\u0259kat\u0131n\u0131n t\u0259msil\u00e7isi R\u00fcf\u0259t S\u0259f\u0259rovun fikrinc\u0259, idar\u0259etm\u0259 orqanlar\u0131n\u0131n t\u0259m\u0259ll\u0259rin\u0259 avtoritarizm d\u0259rin n\u00fcfuz etdiyind\u0259n m\u00f6vcud durum yaran\u0131b.<\/p>\n\n\n\n<p>O, avtoritarizmin ba\u015fl\u0131ca s\u00fctunlar\u0131n\u0131n h\u00fcquq-m\u00fchafiz\u0259 orqanlar\u0131, x\u00fcsus\u0259n prokurorluq oldu\u011fu q\u0259na\u0259tind\u0259dir: &#8220;\u0130st\u0259r Zakir Qaralov, ist\u0259rs\u0259 d\u0259 Kamran \u018fliyev olsun: mahiyy\u0259t d\u0259yi\u015fm\u0259yib. Sistem d\u0259yi\u015fm\u0259s\u0259, azadl\u0131qlar h\u0259r g\u00fcn pozulacaq&#8221;.<\/p>\n\n\n\n<p>R\u00fcf\u0259t S\u0259f\u0259rov da haz\u0131rda Ba\u015f Prokurorlu\u011fun senzor rolunu oynad\u0131\u011f\u0131n\u0131 deyir: <\/p>\n\n\n\n<p>&#8220;27 iyulda bir s\u0131ra adamlar\u0131n Ba\u015f Prokurorlu\u011fa \u00e7a\u011f\u0131r\u0131lmas\u0131 \u00f6z\u00fcn\u00fcifad\u0259 v\u0259 m\u0259lumatyayma azadl\u0131\u011f\u0131na h\u00fccumdur. B\u0259li, &#8220;Prokurorluq haqq\u0131nda&#8221; Qanunun 24-c\u00fc madd\u0259sin\u0259 g\u00f6r\u0259 bu qurum inzibati qaydada i\u015f a\u00e7\u0131b m\u0259hk\u0259m\u0259 m\u0259suliyy\u0259tini qoya bil\u0259r. H\u0259m\u00e7inin \u201c\u0130nformasiya, informasiyala\u015fd\u0131rma v\u0259 informasiyan\u0131n m\u00fchafiz\u0259si haqq\u0131nda\u201d Qanunda da bir qrup x\u0259b\u0259rl\u0259rin yay\u0131lmas\u0131 qada\u011fan edilir. Bura terror\u00e7ulu\u011fun maliyy\u0259l\u0259\u015fm\u0259si, zorak\u0131l\u0131\u011f\u0131n t\u0259\u015fviqi, dini ekstremizm v\u0259 s. daxildir&#8221;.<\/p>\n\n\n\n<figure class=\"wp-block-image size-full\"><img decoding=\"async\" width=\"1136\" height=\"638\" data-src=\"https:\/\/www.meydan.tv\/wp-content\/uploads\/25690.jpg\" alt=\"R\u00fcf\u0259t S\u0259f\u0259rov\" class=\"wp-image-67241 lazyload\" src=\"data:image\/svg+xml;base64,PHN2ZyB3aWR0aD0iMSIgaGVpZ2h0PSIxIiB4bWxucz0iaHR0cDovL3d3dy53My5vcmcvMjAwMC9zdmciPjwvc3ZnPg==\" style=\"--smush-placeholder-width: 1136px; --smush-placeholder-aspect-ratio: 1136\/638;\" \/><figcaption>Foto: R\u00fcf\u0259t S\u0259f\u0259rovun \u015f\u0259xsi arxivind\u0259n<\/figcaption><\/figure>\n\n\n\n<p>&#8220;Son aylarda jurnalistl\u0259rin v\u0259 ictimai f\u0259allar\u0131n m\u0259hz Ba\u015f Prokurorluq vasit\u0259sil\u0259 c\u0259miyy\u0259td\u0259n t\u0259cridi hans\u0131sa informasiyalar\u0131n yay\u0131lmas\u0131 yox, ifad\u0259 azadl\u0131\u011f\u0131na kobud m\u00fcdaxil\u0259dir. D\u00fczd\u00fcr, Tofiq \u015eahmuradovun ad\u0131 &#8220;T\u0259rt\u0259r i\u015fi&#8221;nd\u0259 he\u00e7 d\u0259 pozitiv hallanmay\u0131b. Amma Ba\u015f Prokurorlu\u011fun onun bar\u0259sind\u0259 m\u0259lumat\u0131 sual yarad\u0131r: bu adam hans\u0131 d\u00f6vl\u0259t sirrini yay\u0131b ki, 1 ayl\u0131q h\u0259bs\u0259 m\u0259ruz qal\u0131b?! Yaxud Ruslan \u0130zz\u0259tli, jurnalistl\u0259r S\u0259xav\u0259t M\u0259mm\u0259d v\u0259 Fikr\u0259t F\u0259r\u0259m\u0259zo\u011flunun \u00e7a\u011f\u0131r\u0131lmas\u0131 birba\u015fa ifad\u0259 azadl\u0131\u011f\u0131na m\u00fcdaxil\u0259dir&#8221;.<\/p>\n\n\n\n<p>Jurnalist S\u0259xav\u0259t M\u0259mm\u0259d jurnalistl\u0259rin hans\u0131 \u0259m\u0259lin\u0259 g\u00f6r\u0259 inzibati c\u0259zaya m\u0259ruz qalmas\u0131n\u0131n onun \u00fc\u00e7\u00fcn qaranl\u0131q qald\u0131\u011f\u0131n\u0131 deyib.<\/p>\n\n\n\n<p>O, bu bar\u0259d\u0259 &#8220;Facebook&#8221; s\u0259hif\u0259sind\u0259 <a href=\"https:\/\/www.facebook.com\/sakhavat.memmed\/posts\/pfbid02hcedZNLbxcjonXzxVtF4mmFh8o5BZbPTzG99envuhytb81GHwYNz6g2vttZexipil\" target=\"_blank\" rel=\"noreferrer noopener\">yaz\u0131b<\/a>.<\/p>\n\n\n\n<p>S.M\u0259mm\u0259d vur\u011fulay\u0131b ki, ordu \u0259n a\u00e7\u0131q qurumdur v\u0259 orduda ba\u015f ver\u0259n \u0259n x\u0131rda hadis\u0259 bel\u0259 bir ne\u00e7\u0259 saniy\u0259d\u0259 yay\u0131la bilir: <\/p>\n\n\n\n<p>&#8220;Deyirl\u0259r, ordu m\u00fcq\u0259dd\u0259sdir. M\u0259n raz\u0131! Ancaq sual\u0131m var: ordu m\u0259nsubu olan biril\u0259ri \u00e7ap\u0131b-talay\u0131rsa, d\u00f6vl\u0259t b\u00fcdc\u0259sind\u0259n ayr\u0131lan v\u0259saiti yeyirs\u0259, korrupsiyaya, r\u00fc\u015fv\u0259t\u0259 qur\u015fan\u0131bsa, onu yazan jurnalist o m\u00fcq\u0259dd\u0259sliy\u0259 x\u0259l\u0259l g\u0259tirir, yoxsa h\u0259min ordu m\u0259nsublar\u0131? Bu da d\u00f6vl\u0259t sirri deyil ax\u0131. Hans\u0131 sayda zabitin saxlan\u0131ld\u0131\u011f\u0131n\u0131, hans\u0131 miqdarda yeyinti edildiyini DTX ictimayy\u0259t\u0259 t\u0259qdim edib. D\u00f6vl\u0259t sirri demi\u015fk\u0259n, jurnalistl\u0259ri d\u00f6vl\u0259t sirrini yaymaqda, &#8220;erm\u0259ni d\u0259yirman\u0131na su t\u00f6km\u0259k&#8221;d\u0259 ittiham edirl\u0259r. \u0130ndiy\u0259 q\u0259d\u0259r d\u00f6vl\u0259t sirrinin yay\u0131lmas\u0131na g\u00f6r\u0259 o sirri qorumal\u0131 olan hans\u0131sa \u015f\u0259xsin c\u0259zaland\u0131r\u0131lmas\u0131n\u0131 g\u00f6r\u00fcb, e\u015fid\u0259n olub? Bu, nec\u0259 d\u00f6vl\u0259t v\u0259 ya h\u0259rbi sirrdir ki, onu jurnalist, bloger, sosial media istifad\u0259\u00e7isi rahatl\u0131qla \u0259ld\u0259 edir v\u0259 yay\u0131r?&#8221;<\/p>\n\n\n\n<figure class=\"wp-block-image size-large\"><img decoding=\"async\" width=\"1200\" height=\"576\" data-src=\"https:\/\/www.meydan.tv\/wp-content\/uploads\/14543937_990369111090804_1477221849215057218_o-e1639996098180-1200x576.jpg\" alt=\"\" class=\"wp-image-229734 lazyload\" src=\"data:image\/svg+xml;base64,PHN2ZyB3aWR0aD0iMSIgaGVpZ2h0PSIxIiB4bWxucz0iaHR0cDovL3d3dy53My5vcmcvMjAwMC9zdmciPjwvc3ZnPg==\" style=\"--smush-placeholder-width: 1200px; --smush-placeholder-aspect-ratio: 1200\/576;\" \/><figcaption>S\u0259xav\u0259t M\u0259mm\u0259din \u015f\u0259xsi arxivind\u0259n<\/figcaption><\/figure>\n\n\n\n<p>&#8220;M\u0259nc\u0259, bu ittiham\u0131 s\u0259sl\u0259ndir\u0259nl\u0259r h\u0259m d\u0259 o sirri qoruyanlar\u0131 a\u015fa\u011f\u0131lay\u0131r. D\u00f6vl\u0259t v\u0259 ya h\u0259rbi sirr yaln\u0131z kompromat sava\u015flar\u0131 zaman\u0131 \u00f6t\u00fcr\u00fcl\u00fcr, \u0259ld\u0259 edilmir, birba\u015fa \u00f6t\u00fcr\u00fcl\u00fcr&#8221;, &#8211; dey\u0259 S\u0259xav\u0259t M\u0259mm\u0259d qeyd edib.<\/p>\n\n\n\n<p>\u0130yulun 27-d\u0259 Ba\u015f Prokurorluq sosial \u015f\u0259b\u0259k\u0259l\u0259rd\u0259 orduda ba\u015f ver\u0259n hadis\u0259l\u0259rl\u0259 ba\u011fl\u0131 payla\u015f\u0131m ed\u0259n \u015f\u0259xsl\u0259r\u0259 x\u0259b\u0259rdarl\u0131q edib.<\/p>\n\n\n\n<p>Qurumun yayd\u0131\u011f\u0131 m\u0259lumatda deyilir ki, \u201cjamaz.info\u201d sayt\u0131n\u0131n r\u0259hb\u0259ri Fikr\u0259t \u0130bi\u015fb\u0259yli (F\u0259r\u0259m\u0259zo\u011flu), \u201cmiq.az\u201d sayt\u0131n\u0131n r\u0259hb\u0259ri Aqil Al\u0131\u015fov Ba\u015f Prokurorlu\u011fa \u00e7a\u011f\u0131r\u0131l\u0131b, onlara x\u0259b\u0259rdarl\u0131q olunub.<\/p>\n\n\n\n<p>Ba\u015f Prokurorlu\u011fun m\u0259tbuat xidm\u0259tinin yayd\u0131\u011f\u0131 m\u0259lumatdan ayd\u0131n olur ki, eyni s\u0259b\u0259bl\u0259 x\u0259b\u0259rdarl\u0131q edil\u0259nl\u0259r aras\u0131nda \u015eirvan \u015f\u0259h\u0259r sakini El\u00e7in \u0130smay\u0131l, L\u0259nk\u0259ran rayon sakini \u018fli Cabbarl\u0131 v\u0259 Xa\u00e7maz sakini Nuran\u0259 F\u0259t\u0259liyeva da var.<\/p>\n\n\n\n<p>El\u0259 h\u0259min g\u00fcn Nizami Rayon M\u0259hk\u0259m\u0259sinin q\u0259rar\u0131yla Tofiq \u015eahmuradova 30 sutka inzibati h\u0259bs c\u0259zas\u0131 verilib. Tofiq \u015eahmuradov \u0130nzibati X\u0259talar M\u0259c\u0259ll\u0259sinin 388-1.1.1 (yay\u0131lmas\u0131 qada\u011fan edil\u0259n informasiyan\u0131n internetd\u0259 yerl\u0259\u015fdirilm\u0259si) madd\u0259sil\u0259 ittiham <a href=\"https:\/\/www.meydan.tv\/az\/article\/terter-isi-qurbanlarini-veten-xaini-adlandiran-bloger-ordudan-yazdigina-gore-hebs-olundu%ef%bf%bc\/\" target=\"_blank\" rel=\"noreferrer noopener\">olunub<\/a>.<\/p>\n","protected":false},"excerpt":{"rendered":"<p>&#8220;\u0130st\u0259r Zakir Qaralov, ist\u0259rs\u0259 d\u0259 Kamran \u018fliyev olsun: mahiyy\u0259t d\u0259yi\u015fm\u0259yib&#8221; &#8230; <\/p>\n<p class=\"read-more-container\"><a title=\"Ordu il\u0259 ba\u011fl\u0131 yazanlara x\u0259b\u0259rdarl\u0131q: &#8220;Prokurorluq senzor rolunu oynay\u0131r&#8221;\" class=\"read-more button\" href=\"https:\/\/www.meydan.tv\/az\/article\/ordu-ile-bagli-yazanlara-xeberdarliq-prokurorluq-senzor-rolunu-oynayir\/#more-252054\" aria-label=\"Read more about Ordu il\u0259 ba\u011fl\u0131 yazanlara x\u0259b\u0259rdarl\u0131q: &#8220;Prokurorluq senzor rolunu oynay\u0131r&#8221;\">Davam\u0131<\/a><\/p>\n","protected":false},"author":8,"featured_media":155994,"comment_status":"closed","ping_status":"closed","sticky":false,"template":"","format":"standard","meta":{"_acf_changed":false,"_sitemap_exclude":false,"_sitemap_priority":"","_sitemap_frequency":"","footnotes":""},"categories":[59,79,56],"tags":[],"class_list":["post-252054","post","type-post","status-publish","format-standard","has-post-thumbnail","hentry","category-siyaset","category-featured","category-xeberler","infinite-scroll-item","generate-columns","tablet-grid-50","mobile-grid-100","grid-parent","grid-33","no-featured-image-padding"],"acf":[],"yoast_head":"<!-- This site is optimized with the Yoast SEO plugin v27.4 - https:\/\/yoast.com\/product\/yoast-seo-wordpress\/ -->\n<title>Ordu il\u0259 ba\u011fl\u0131 yazanlara x\u0259b\u0259rdarl\u0131q: &quot;Prokurorluq senzor rolunu oynay\u0131r&quot; - MEYDAN.TV<\/title>\n<meta name=\"robots\" content=\"index, follow, max-snippet:-1, max-image-preview:large, max-video-preview:-1\" \/>\n<link rel=\"canonical\" href=\"https:\/\/www.meydan.tv\/az\/article\/ordu-ile-bagli-yazanlara-xeberdarliq-prokurorluq-senzor-rolunu-oynayir\/\" \/>\n<meta property=\"og:locale\" content=\"az_AZ\" \/>\n<meta property=\"og:type\" content=\"article\" \/>\n<meta property=\"og:title\" content=\"Ordu il\u0259 ba\u011fl\u0131 yazanlara x\u0259b\u0259rdarl\u0131q: &quot;Prokurorluq senzor rolunu oynay\u0131r&quot; - MEYDAN.TV\" \/>\n<meta property=\"og:description\" content=\"&#8220;\u0130st\u0259r Zakir Qaralov, ist\u0259rs\u0259 d\u0259 Kamran \u018fliyev olsun: mahiyy\u0259t d\u0259yi\u015fm\u0259yib&#8221; ... Davam\u0131\" \/>\n<meta property=\"og:url\" content=\"https:\/\/www.meydan.tv\/az\/article\/ordu-ile-bagli-yazanlara-xeberdarliq-prokurorluq-senzor-rolunu-oynayir\/\" \/>\n<meta property=\"og:site_name\" content=\"MEYDAN.TV\" \/>\n<meta property=\"article:published_time\" content=\"2022-07-29T10:22:32+00:00\" \/>\n<meta property=\"article:modified_time\" content=\"2022-07-29T10:22:34+00:00\" \/>\n<meta property=\"og:image\" content=\"https:\/\/www.meydan.tv\/wp-content\/uploads\/1612772145436814513_1000x669.jpg\" \/>\n\t<meta property=\"og:image:width\" content=\"1000\" \/>\n\t<meta property=\"og:image:height\" content=\"656\" \/>\n\t<meta property=\"og:image:type\" content=\"image\/jpeg\" \/>\n<meta name=\"author\" content=\"elli\" \/>\n<meta name=\"twitter:card\" content=\"summary_large_image\" \/>\n<meta name=\"twitter:creator\" content=\"@elli\" \/>\n<script type=\"application\/ld+json\" class=\"yoast-schema-graph\">{\"@context\":\"https:\\\/\\\/schema.org\",\"@graph\":[{\"@type\":\"Article\",\"@id\":\"https:\\\/\\\/www.meydan.tv\\\/az\\\/article\\\/ordu-ile-bagli-yazanlara-xeberdarliq-prokurorluq-senzor-rolunu-oynayir\\\/#article\",\"isPartOf\":{\"@id\":\"https:\\\/\\\/www.meydan.tv\\\/az\\\/article\\\/ordu-ile-bagli-yazanlara-xeberdarliq-prokurorluq-senzor-rolunu-oynayir\\\/\"},\"author\":{\"name\":\"elli\",\"@id\":\"https:\\\/\\\/www.meydan.tv\\\/az\\\/#\\\/schema\\\/person\\\/9cdbecf90d17180ce1dfbd95b08dcf47\"},\"headline\":\"Ordu il\u0259 ba\u011fl\u0131 yazanlara x\u0259b\u0259rdarl\u0131q: &#8220;Prokurorluq senzor rolunu oynay\u0131r&#8221;\",\"datePublished\":\"2022-07-29T10:22:32+00:00\",\"dateModified\":\"2022-07-29T10:22:34+00:00\",\"mainEntityOfPage\":{\"@id\":\"https:\\\/\\\/www.meydan.tv\\\/az\\\/article\\\/ordu-ile-bagli-yazanlara-xeberdarliq-prokurorluq-senzor-rolunu-oynayir\\\/\"},\"wordCount\":1660,\"publisher\":{\"@id\":\"https:\\\/\\\/www.meydan.tv\\\/az\\\/#organization\"},\"image\":{\"@id\":\"https:\\\/\\\/www.meydan.tv\\\/az\\\/article\\\/ordu-ile-bagli-yazanlara-xeberdarliq-prokurorluq-senzor-rolunu-oynayir\\\/#primaryimage\"},\"thumbnailUrl\":\"https:\\\/\\\/www.meydan.tv\\\/wp-content\\\/uploads\\\/1612772145436814513_1000x669.jpg\",\"articleSection\":[\"Siyas\u0259t\",\"T\u00f6vsiy\u0259\",\"X\u0259b\u0259rl\u0259r\"],\"inLanguage\":\"az\"},{\"@type\":\"WebPage\",\"@id\":\"https:\\\/\\\/www.meydan.tv\\\/az\\\/article\\\/ordu-ile-bagli-yazanlara-xeberdarliq-prokurorluq-senzor-rolunu-oynayir\\\/\",\"url\":\"https:\\\/\\\/www.meydan.tv\\\/az\\\/article\\\/ordu-ile-bagli-yazanlara-xeberdarliq-prokurorluq-senzor-rolunu-oynayir\\\/\",\"name\":\"Ordu il\u0259 ba\u011fl\u0131 yazanlara x\u0259b\u0259rdarl\u0131q: \\\"Prokurorluq senzor rolunu oynay\u0131r\\\" - MEYDAN.TV\",\"isPartOf\":{\"@id\":\"https:\\\/\\\/www.meydan.tv\\\/az\\\/#website\"},\"primaryImageOfPage\":{\"@id\":\"https:\\\/\\\/www.meydan.tv\\\/az\\\/article\\\/ordu-ile-bagli-yazanlara-xeberdarliq-prokurorluq-senzor-rolunu-oynayir\\\/#primaryimage\"},\"image\":{\"@id\":\"https:\\\/\\\/www.meydan.tv\\\/az\\\/article\\\/ordu-ile-bagli-yazanlara-xeberdarliq-prokurorluq-senzor-rolunu-oynayir\\\/#primaryimage\"},\"thumbnailUrl\":\"https:\\\/\\\/www.meydan.tv\\\/wp-content\\\/uploads\\\/1612772145436814513_1000x669.jpg\",\"datePublished\":\"2022-07-29T10:22:32+00:00\",\"dateModified\":\"2022-07-29T10:22:34+00:00\",\"breadcrumb\":{\"@id\":\"https:\\\/\\\/www.meydan.tv\\\/az\\\/article\\\/ordu-ile-bagli-yazanlara-xeberdarliq-prokurorluq-senzor-rolunu-oynayir\\\/#breadcrumb\"},\"inLanguage\":\"az\",\"potentialAction\":[{\"@type\":\"ReadAction\",\"target\":[\"https:\\\/\\\/www.meydan.tv\\\/az\\\/article\\\/ordu-ile-bagli-yazanlara-xeberdarliq-prokurorluq-senzor-rolunu-oynayir\\\/\"]}]},{\"@type\":\"ImageObject\",\"inLanguage\":\"az\",\"@id\":\"https:\\\/\\\/www.meydan.tv\\\/az\\\/article\\\/ordu-ile-bagli-yazanlara-xeberdarliq-prokurorluq-senzor-rolunu-oynayir\\\/#primaryimage\",\"url\":\"https:\\\/\\\/www.meydan.tv\\\/wp-content\\\/uploads\\\/1612772145436814513_1000x669.jpg\",\"contentUrl\":\"https:\\\/\\\/www.meydan.tv\\\/wp-content\\\/uploads\\\/1612772145436814513_1000x669.jpg\",\"width\":1000,\"height\":656,\"caption\":\"Foto: Az\u0259rtac\"},{\"@type\":\"BreadcrumbList\",\"@id\":\"https:\\\/\\\/www.meydan.tv\\\/az\\\/article\\\/ordu-ile-bagli-yazanlara-xeberdarliq-prokurorluq-senzor-rolunu-oynayir\\\/#breadcrumb\",\"itemListElement\":[{\"@type\":\"ListItem\",\"position\":1,\"name\":\"Ana s\u0259hif\u0259\",\"item\":\"https:\\\/\\\/www.meydan.tv\\\/az\\\/\"},{\"@type\":\"ListItem\",\"position\":2,\"name\":\"Siyas\u0259t\",\"item\":\"https:\\\/\\\/www.meydan.tv\\\/az\\\/section\\\/siyaset\\\/\"},{\"@type\":\"ListItem\",\"position\":3,\"name\":\"Ordu il\u0259 ba\u011fl\u0131 yazanlara x\u0259b\u0259rdarl\u0131q: &#8220;Prokurorluq senzor rolunu oynay\u0131r&#8221;\"}]},{\"@type\":\"WebSite\",\"@id\":\"https:\\\/\\\/www.meydan.tv\\\/az\\\/#website\",\"url\":\"https:\\\/\\\/www.meydan.tv\\\/az\\\/\",\"name\":\"MEYDAN.TV\",\"description\":\"Meydan TV Az\u0259rbaycan\u0131n media m\u0259kan\u0131ndak\u0131 alternativ s\u0259sidir\",\"publisher\":{\"@id\":\"https:\\\/\\\/www.meydan.tv\\\/az\\\/#organization\"},\"potentialAction\":[{\"@type\":\"SearchAction\",\"target\":{\"@type\":\"EntryPoint\",\"urlTemplate\":\"https:\\\/\\\/www.meydan.tv\\\/az\\\/?s={search_term_string}\"},\"query-input\":{\"@type\":\"PropertyValueSpecification\",\"valueRequired\":true,\"valueName\":\"search_term_string\"}}],\"inLanguage\":\"az\"},{\"@type\":\"Organization\",\"@id\":\"https:\\\/\\\/www.meydan.tv\\\/az\\\/#organization\",\"name\":\"Meydan TV\",\"url\":\"https:\\\/\\\/www.meydan.tv\\\/az\\\/\",\"logo\":{\"@type\":\"ImageObject\",\"inLanguage\":\"az\",\"@id\":\"https:\\\/\\\/www.meydan.tv\\\/az\\\/#\\\/schema\\\/logo\\\/image\\\/\",\"url\":\"https:\\\/\\\/www.meydan.tv\\\/wp-content\\\/uploads\\\/2021\\\/07\\\/meydan-logo.svg\",\"contentUrl\":\"https:\\\/\\\/www.meydan.tv\\\/wp-content\\\/uploads\\\/2021\\\/07\\\/meydan-logo.svg\",\"width\":195,\"height\":46,\"caption\":\"Meydan TV\"},\"image\":{\"@id\":\"https:\\\/\\\/www.meydan.tv\\\/az\\\/#\\\/schema\\\/logo\\\/image\\\/\"}},{\"@type\":\"Person\",\"@id\":\"https:\\\/\\\/www.meydan.tv\\\/az\\\/#\\\/schema\\\/person\\\/9cdbecf90d17180ce1dfbd95b08dcf47\",\"name\":\"elli\",\"sameAs\":[\"https:\\\/\\\/x.com\\\/elli\"]}]}<\/script>\n<!-- \/ Yoast SEO plugin. -->","yoast_head_json":{"title":"Ordu il\u0259 ba\u011fl\u0131 yazanlara x\u0259b\u0259rdarl\u0131q: \"Prokurorluq senzor rolunu oynay\u0131r\" - MEYDAN.TV","robots":{"index":"index","follow":"follow","max-snippet":"max-snippet:-1","max-image-preview":"max-image-preview:large","max-video-preview":"max-video-preview:-1"},"canonical":"https:\/\/www.meydan.tv\/az\/article\/ordu-ile-bagli-yazanlara-xeberdarliq-prokurorluq-senzor-rolunu-oynayir\/","og_locale":"az_AZ","og_type":"article","og_title":"Ordu il\u0259 ba\u011fl\u0131 yazanlara x\u0259b\u0259rdarl\u0131q: \"Prokurorluq senzor rolunu oynay\u0131r\" - MEYDAN.TV","og_description":"&#8220;\u0130st\u0259r Zakir Qaralov, ist\u0259rs\u0259 d\u0259 Kamran \u018fliyev olsun: mahiyy\u0259t d\u0259yi\u015fm\u0259yib&#8221; ... Davam\u0131","og_url":"https:\/\/www.meydan.tv\/az\/article\/ordu-ile-bagli-yazanlara-xeberdarliq-prokurorluq-senzor-rolunu-oynayir\/","og_site_name":"MEYDAN.TV","article_published_time":"2022-07-29T10:22:32+00:00","article_modified_time":"2022-07-29T10:22:34+00:00","og_image":[{"width":1000,"height":656,"url":"https:\/\/www.meydan.tv\/wp-content\/uploads\/1612772145436814513_1000x669.jpg","type":"image\/jpeg"}],"author":"elli","twitter_card":"summary_large_image","twitter_creator":"@elli","schema":{"@context":"https:\/\/schema.org","@graph":[{"@type":"Article","@id":"https:\/\/www.meydan.tv\/az\/article\/ordu-ile-bagli-yazanlara-xeberdarliq-prokurorluq-senzor-rolunu-oynayir\/#article","isPartOf":{"@id":"https:\/\/www.meydan.tv\/az\/article\/ordu-ile-bagli-yazanlara-xeberdarliq-prokurorluq-senzor-rolunu-oynayir\/"},"author":{"name":"elli","@id":"https:\/\/www.meydan.tv\/az\/#\/schema\/person\/9cdbecf90d17180ce1dfbd95b08dcf47"},"headline":"Ordu il\u0259 ba\u011fl\u0131 yazanlara x\u0259b\u0259rdarl\u0131q: &#8220;Prokurorluq senzor rolunu oynay\u0131r&#8221;","datePublished":"2022-07-29T10:22:32+00:00","dateModified":"2022-07-29T10:22:34+00:00","mainEntityOfPage":{"@id":"https:\/\/www.meydan.tv\/az\/article\/ordu-ile-bagli-yazanlara-xeberdarliq-prokurorluq-senzor-rolunu-oynayir\/"},"wordCount":1660,"publisher":{"@id":"https:\/\/www.meydan.tv\/az\/#organization"},"image":{"@id":"https:\/\/www.meydan.tv\/az\/article\/ordu-ile-bagli-yazanlara-xeberdarliq-prokurorluq-senzor-rolunu-oynayir\/#primaryimage"},"thumbnailUrl":"https:\/\/www.meydan.tv\/wp-content\/uploads\/1612772145436814513_1000x669.jpg","articleSection":["Siyas\u0259t","T\u00f6vsiy\u0259","X\u0259b\u0259rl\u0259r"],"inLanguage":"az"},{"@type":"WebPage","@id":"https:\/\/www.meydan.tv\/az\/article\/ordu-ile-bagli-yazanlara-xeberdarliq-prokurorluq-senzor-rolunu-oynayir\/","url":"https:\/\/www.meydan.tv\/az\/article\/ordu-ile-bagli-yazanlara-xeberdarliq-prokurorluq-senzor-rolunu-oynayir\/","name":"Ordu il\u0259 ba\u011fl\u0131 yazanlara x\u0259b\u0259rdarl\u0131q: \"Prokurorluq senzor rolunu oynay\u0131r\" - MEYDAN.TV","isPartOf":{"@id":"https:\/\/www.meydan.tv\/az\/#website"},"primaryImageOfPage":{"@id":"https:\/\/www.meydan.tv\/az\/article\/ordu-ile-bagli-yazanlara-xeberdarliq-prokurorluq-senzor-rolunu-oynayir\/#primaryimage"},"image":{"@id":"https:\/\/www.meydan.tv\/az\/article\/ordu-ile-bagli-yazanlara-xeberdarliq-prokurorluq-senzor-rolunu-oynayir\/#primaryimage"},"thumbnailUrl":"https:\/\/www.meydan.tv\/wp-content\/uploads\/1612772145436814513_1000x669.jpg","datePublished":"2022-07-29T10:22:32+00:00","dateModified":"2022-07-29T10:22:34+00:00","breadcrumb":{"@id":"https:\/\/www.meydan.tv\/az\/article\/ordu-ile-bagli-yazanlara-xeberdarliq-prokurorluq-senzor-rolunu-oynayir\/#breadcrumb"},"inLanguage":"az","potentialAction":[{"@type":"ReadAction","target":["https:\/\/www.meydan.tv\/az\/article\/ordu-ile-bagli-yazanlara-xeberdarliq-prokurorluq-senzor-rolunu-oynayir\/"]}]},{"@type":"ImageObject","inLanguage":"az","@id":"https:\/\/www.meydan.tv\/az\/article\/ordu-ile-bagli-yazanlara-xeberdarliq-prokurorluq-senzor-rolunu-oynayir\/#primaryimage","url":"https:\/\/www.meydan.tv\/wp-content\/uploads\/1612772145436814513_1000x669.jpg","contentUrl":"https:\/\/www.meydan.tv\/wp-content\/uploads\/1612772145436814513_1000x669.jpg","width":1000,"height":656,"caption":"Foto: Az\u0259rtac"},{"@type":"BreadcrumbList","@id":"https:\/\/www.meydan.tv\/az\/article\/ordu-ile-bagli-yazanlara-xeberdarliq-prokurorluq-senzor-rolunu-oynayir\/#breadcrumb","itemListElement":[{"@type":"ListItem","position":1,"name":"Ana s\u0259hif\u0259","item":"https:\/\/www.meydan.tv\/az\/"},{"@type":"ListItem","position":2,"name":"Siyas\u0259t","item":"https:\/\/www.meydan.tv\/az\/section\/siyaset\/"},{"@type":"ListItem","position":3,"name":"Ordu il\u0259 ba\u011fl\u0131 yazanlara x\u0259b\u0259rdarl\u0131q: &#8220;Prokurorluq senzor rolunu oynay\u0131r&#8221;"}]},{"@type":"WebSite","@id":"https:\/\/www.meydan.tv\/az\/#website","url":"https:\/\/www.meydan.tv\/az\/","name":"MEYDAN.TV","description":"Meydan TV Az\u0259rbaycan\u0131n media m\u0259kan\u0131ndak\u0131 alternativ s\u0259sidir","publisher":{"@id":"https:\/\/www.meydan.tv\/az\/#organization"},"potentialAction":[{"@type":"SearchAction","target":{"@type":"EntryPoint","urlTemplate":"https:\/\/www.meydan.tv\/az\/?s={search_term_string}"},"query-input":{"@type":"PropertyValueSpecification","valueRequired":true,"valueName":"search_term_string"}}],"inLanguage":"az"},{"@type":"Organization","@id":"https:\/\/www.meydan.tv\/az\/#organization","name":"Meydan TV","url":"https:\/\/www.meydan.tv\/az\/","logo":{"@type":"ImageObject","inLanguage":"az","@id":"https:\/\/www.meydan.tv\/az\/#\/schema\/logo\/image\/","url":"https:\/\/www.meydan.tv\/wp-content\/uploads\/2021\/07\/meydan-logo.svg","contentUrl":"https:\/\/www.meydan.tv\/wp-content\/uploads\/2021\/07\/meydan-logo.svg","width":195,"height":46,"caption":"Meydan TV"},"image":{"@id":"https:\/\/www.meydan.tv\/az\/#\/schema\/logo\/image\/"}},{"@type":"Person","@id":"https:\/\/www.meydan.tv\/az\/#\/schema\/person\/9cdbecf90d17180ce1dfbd95b08dcf47","name":"elli","sameAs":["https:\/\/x.com\/elli"]}]}},"_links":{"self":[{"href":"https:\/\/www.meydan.tv\/az\/wp-json\/wp\/v2\/posts\/252054","targetHints":{"allow":["GET"]}}],"collection":[{"href":"https:\/\/www.meydan.tv\/az\/wp-json\/wp\/v2\/posts"}],"about":[{"href":"https:\/\/www.meydan.tv\/az\/wp-json\/wp\/v2\/types\/post"}],"author":[{"embeddable":true,"href":"https:\/\/www.meydan.tv\/az\/wp-json\/wp\/v2\/users\/8"}],"replies":[{"embeddable":true,"href":"https:\/\/www.meydan.tv\/az\/wp-json\/wp\/v2\/comments?post=252054"}],"version-history":[{"count":3,"href":"https:\/\/www.meydan.tv\/az\/wp-json\/wp\/v2\/posts\/252054\/revisions"}],"predecessor-version":[{"id":252057,"href":"https:\/\/www.meydan.tv\/az\/wp-json\/wp\/v2\/posts\/252054\/revisions\/252057"}],"wp:featuredmedia":[{"embeddable":true,"href":"https:\/\/www.meydan.tv\/az\/wp-json\/wp\/v2\/media\/155994"}],"wp:attachment":[{"href":"https:\/\/www.meydan.tv\/az\/wp-json\/wp\/v2\/media?parent=252054"}],"wp:term":[{"taxonomy":"category","embeddable":true,"href":"https:\/\/www.meydan.tv\/az\/wp-json\/wp\/v2\/categories?post=252054"},{"taxonomy":"post_tag","embeddable":true,"href":"https:\/\/www.meydan.tv\/az\/wp-json\/wp\/v2\/tags?post=252054"}],"curies":[{"name":"wp","href":"https:\/\/api.w.org\/{rel}","templated":true}]}}