{"id":252012,"date":"2022-07-28T20:06:26","date_gmt":"2022-07-28T16:06:26","guid":{"rendered":"https:\/\/www.meydan.tv\/?p=252012"},"modified":"2022-07-28T20:06:28","modified_gmt":"2022-07-28T16:06:28","slug":"kendliler-susuzluq-uzunden-torpaqlarini-atib-gedir","status":"publish","type":"post","link":"https:\/\/www.meydan.tv\/az\/article\/kendliler-susuzluq-uzunden-torpaqlarini-atib-gedir\/","title":{"rendered":"\u201cK\u0259ndlil\u0259r susuzluq \u00fcz\u00fcnd\u0259n torpaqlar\u0131n\u0131 at\u0131b gedir\u201d"},"content":{"rendered":"\n<p><\/p>\n\n\n\n<p><em>Xo\u015f\u00e7obanl\u0131 k\u0259nd sakinl\u0259ri su probleminin h\u0259ll olunmamas\u0131ndan \u015fikay\u0259t\u00e7idir<\/em><\/p>\n\n\n\n<p>\u201cH\u0259r h\u0259ft\u0259 20 manat verib 8 tonluq su \u00e7\u0259nini doldururuq. El\u0259 b\u00f6y\u00fck ail\u0259l\u0259r var ki, suyu h\u0259ft\u0259d\u0259 iki d\u0259f\u0259 almal\u0131 olur. Bura k\u0259nd yeridir, k\u0259ndlinin d\u0259 \u00e7\u00f6r\u0259yi torpaqdan, heyvandan \u00e7\u0131x\u0131r. \u018fkin sah\u0259l\u0259ri, heyvanlar\u0131m\u0131z su g\u00f6rm\u00fcrs\u0259, onlar m\u0259hv olursa, b\u0259s biz nec\u0259 ya\u015fayaca\u011f\u0131q?\u201d<\/p>\n\n\n\n<p>Bunu Meydan TV-y\u0259 \u0130mi\u015flinin Xo\u015f\u00e7obanl\u0131 k\u0259nd sakini Samid Na\u011f\u0131yev deyir.<\/p>\n\n\n\n<p>Yay m\u00f6vs\u00fcm\u00fc g\u0259l\u0259nd\u0259 Xo\u015f\u00e7obanl\u0131dan ke\u00e7\u0259n v\u0259 k\u0259ndin su t\u0259l\u0259bat\u0131n\u0131 \u00f6d\u0259y\u0259n arx\u0131n suyu quruyur. Sakinl\u0259r h\u0259m i\u00e7m\u0259li, h\u0259m d\u0259 t\u0259s\u0259rr\u00fcfatda istifad\u0259 olunmal\u0131 suyu pulla almal\u0131 olurlar.<\/p>\n\n\n\n<p>Samid Na\u011f\u0131yevin s\u00f6zl\u0259rin\u0259 g\u00f6r\u0259, haz\u0131rda iki aydan \u00e7oxdur ki, arxa su g\u0259lmir:<\/p>\n\n\n\n<p>\u201cK\u0259ndimizd\u0259n ke\u00e7\u0259n arxa \u201cQ\u0131z\u0131l arx\u201d ad\u0131 da verildi, yen\u0259 suyunu g\u00f6rm\u00fcr\u00fck. Q\u0131z\u0131l arx\u0131n \u00fcz\u0259rind\u0259 24 k\u0259nd yerl\u0259\u015fir. Yuxar\u0131 hiss\u0259d\u0259ki k\u0259ndl\u0259r\u0259 su verilir, ancaq a\u015fa\u011f\u0131 k\u0259ndl\u0259r\u0259 g\u0259l\u0259n arx\u0131n suyunu k\u0259sirl\u0259r\u201d.<\/p>\n\n\n\n<p>K\u0259ndlinin s\u00f6zl\u0259rin\u0259 g\u00f6r\u0259, k\u0259ndd\u0259 \u00e7oxu susuzluqdan \u0259kin i\u015fl\u0259ri apara bilmir dey\u0259, torpa\u011f\u0131n\u0131 at\u0131b, rayon m\u0259rk\u0259zin\u0259 k\u00f6\u00e7\u00fcb.<\/p>\n\n\n\n<p>\u201cHam\u0131 torpa\u011f\u0131n\u0131 at\u0131b gedib, b\u0259s n\u0259 ed\u0259k? K\u0259ndd\u0259 c\u0259mi 50 hektara yax\u0131n \u0259kin sah\u0259si qal\u0131b. Bir hiss\u0259si bostand\u0131r, bir hiss\u0259si pamb\u0131q sah\u0259si\u2026 \u015e\u0259xs\u0259n m\u0259n 1 illiy\u0259 8 hektar torpaq icar\u0259l\u0259mi\u015f\u0259m, 5 hektarda bostan, 3 hektarda pamb\u0131q \u0259kmi\u015f\u0259m. Y\u0131\u011f\u0131ma q\u0259d\u0259r pamb\u0131q az\u0131 3-4 d\u0259f\u0259 suvar\u0131lmal\u0131d\u0131r, ancaq h\u0259l\u0259 bir d\u0259f\u0259 d\u0259 suvar\u0131lmay\u0131b. Bu g\u00fcn s\u0259h\u0259r \u00f6z\u00fcm motorla arx\u0131n dibind\u0259n birt\u0259h\u0259r su vurub, az da olsa suvarma\u011fa \u00e7al\u0131\u015fm\u0131\u015fam. Art\u0131q \u0259kin sah\u0259sind\u0259n qazanc g\u00f6t\u00fcrm\u0259k, yaln\u0131z x\u0259rcl\u0259diyim pulu \u00e7\u0131xarmaq bar\u0259d\u0259 d\u00fc\u015f\u00fcn\u00fcr\u0259m. Ancaq bu gedi\u015fl\u0259 y\u0259qin ki, bu da olmayacaq v\u0259 m\u0259n yen\u0259 m\u00f6vs\u00fcmd\u0259n z\u0259r\u0259rl\u0259 \u00e7\u0131xacam\u201d.<\/p>\n\n\n\n<figure class=\"wp-block-image size-large\"><img decoding=\"async\" width=\"1097\" height=\"821\" data-src=\"https:\/\/www.meydan.tv\/wp-content\/uploads\/photo-2022-07-28-14-59-34-1097x821.jpg\" alt=\"\" class=\"wp-image-252000 lazyload\" src=\"data:image\/svg+xml;base64,PHN2ZyB3aWR0aD0iMSIgaGVpZ2h0PSIxIiB4bWxucz0iaHR0cDovL3d3dy53My5vcmcvMjAwMC9zdmciPjwvc3ZnPg==\" style=\"--smush-placeholder-width: 1097px; --smush-placeholder-aspect-ratio: 1097\/821;\" \/><\/figure>\n\n\n\n<p>Xo\u015f\u00e7obanl\u0131ya su ma\u015f\u0131n\u0131 qon\u015fu rayonlardan g\u0259lir. Sakinl\u0259r ald\u0131qlar\u0131 suyu h\u0259m m\u0259i\u015f\u0259td\u0259 i\u015fl\u0259dirl\u0259r, h\u0259m d\u0259 heyvanlara verirl\u0259r dey\u0259, tez t\u00fck\u0259nir. Ail\u0259l\u0259r ay \u0259rzind\u0259 suya minimum 100-150 manat aras\u0131 pul x\u0259rcl\u0259m\u0259li olurlar. Susuzluq \u00e7ox ail\u0259ni yer-yurdundan did\u0259rgin sal\u0131b.<\/p>\n\n\n\n<p>K\u0259ndin k\u0259nar\u0131ndak\u0131 \u201c\u00c7\u00f6l sah\u0259si\u201d sah\u0259si deyil\u0259n yerd\u0259s\u0259 ill\u0259rdir ki, qurulan su qur\u011fusu dem\u0259k olar ki, f\u0259aliyy\u0259tsiz qal\u0131b. Bu qur\u011fu vasit\u0259sil\u0259 k\u0259nd\u0259 i\u015fm\u0259li su \u00f6t\u00fcr\u00fclm\u0259lidir. Ancaq qur\u011fu ayda vur-tut iki-\u00fc\u00e7 d\u0259f\u0259 i\u015f\u0259 sal\u0131n\u0131r.<\/p>\n\n\n\n<p>K\u0259ndin icra n\u00fcmay\u0259nd\u0259si Cahangir \u018fzizov Xo\u015f\u00e7obanl\u0131ya iyulun \u0259vv\u0259li t\u0259yin edilib. Deyir, g\u0259ldiyi ilk g\u00fcnd\u0259n k\u0259ndd\u0259ki \u0259n b\u00f6y\u00fck problemin su il\u0259 ba\u011fl\u0131 oldu\u011funu g\u00f6r\u00fcb v\u0259 porblemin aradan qald\u0131r\u0131lmas\u0131 \u00fc\u00e7\u00fcn \u0259lind\u0259n g\u0259l\u0259ni edir.<\/p>\n\n\n\n<p>\u0130cra n\u00fcmay\u0259nd\u0259sinin s\u00f6zl\u0259rin\u0259 g\u00f6r\u0259, Xo\u015f\u00e7obanl\u0131ya g\u0259l\u0259n suyun m\u0259nb\u0259yi Nax\u00e7\u0131van Su Anbar\u0131d\u0131r ki, ordan da su az verilir. \u00dcst\u0259lik, su Xo\u015f\u00e7obanl\u0131ya \u00e7at\u0131nca 9 k\u0259ndd\u0259n ke\u00e7ir. Bu da t\u0259zyiqin a\u015fa\u011f\u0131 d\u00fc\u015fm\u0259sin\u0259 s\u0259b\u0259b olur. Ba\u015fqa bir s\u0259b\u0259b kimi is\u0259 rayon \u0259razisind\u0259 suyun topland\u0131\u011f\u0131 ilkin m\u0259nb\u0259y\u0259 yax\u0131n k\u0259ndl\u0259rd\u0259 ya\u015fayanlar\u0131n israf\u00e7\u0131l\u0131\u011f\u0131n\u0131 g\u00f6st\u0259rir. Deyir, \u0259ks\u0259r hallarda k\u0259ndlil\u0259r motor qo\u015fub sudan israf\u00e7\u0131l\u0131qla istifad\u0259 edirl\u0259r dey\u0259, nisb\u0259t\u0259n uzaq k\u0259ndl\u0259r\u0259 su gedib \u00e7atm\u0131r:<\/p>\n\n\n\n<p>\u201cM\u0259n \u00f6z\u00fcm sakinl\u0259rl\u0259 birlikd\u0259 d\u0259f\u0259l\u0259rl\u0259 su idar\u0259sind\u0259 v\u0259 \u201cplatina\u201dda (rayon \u0259razisind\u0259 suyun y\u0131\u011f\u0131ld\u0131\u011f\u0131 ilk m\u0259nb\u0259-anbar) olmu\u015fam. Bu d\u0259qiq\u0259 d\u0259 k\u0259ndd\u0259y\u0259m, rayonun su idar\u0259sinin texnikalar\u0131 kanallarda t\u0259mizl\u0259m\u0259 i\u015fl\u0259ri apar\u0131r. El\u0259 kanallar var ki, 20 il \u0259vv\u0259l qaz\u0131l\u0131b, indi t\u0259mir edirik, t\u0259mizl\u0259yirik, d\u00fc\u015f\u00fcn\u00fcr\u00fck ki\u00e7ik bir motor da qoyaq ki, mal-qaran\u0131n su t\u0259l\u0259bat\u0131 \u00f6d\u0259nsin. K\u0259ndd\u0259 su qur\u011fular\u0131 var, onlar da b\u0259rpa olunub, su h\u0259r g\u00fcn 1 saat verilirdi, xahi\u015f etmi\u015f\u0259m 15 d\u0259qiq\u0259 d\u0259 art\u0131r\u0131ls\u0131n ki, adamlar suyu rahat da\u015f\u0131ya bilsinl\u0259r\u201d.<\/p>\n\n\n\n<figure class=\"wp-block-image size-large\"><img decoding=\"async\" width=\"1097\" height=\"821\" data-src=\"https:\/\/www.meydan.tv\/wp-content\/uploads\/photo-2022-07-28-14-59-34-1-1097x821.jpg\" alt=\"\" class=\"wp-image-252009 lazyload\" src=\"data:image\/svg+xml;base64,PHN2ZyB3aWR0aD0iMSIgaGVpZ2h0PSIxIiB4bWxucz0iaHR0cDovL3d3dy53My5vcmcvMjAwMC9zdmciPjwvc3ZnPg==\" style=\"--smush-placeholder-width: 1097px; --smush-placeholder-aspect-ratio: 1097\/821;\" \/><\/figure>\n\n\n\n<p>\u0130cra n\u00fcmay\u0259nd\u0259sinin s\u00f6zl\u0259rin\u0259 g\u00f6r\u0259, k\u0259ndd\u0259 154 hektarda \u0259kil\u0259n pamb\u0131\u011f\u0131n 100 hektar\u0131 suvar\u0131l\u0131b, haz\u0131rda 30 hektar da n\u00f6vb\u0259li qaydada suvar\u0131lmaqdad\u0131r. O, probleml\u0259ri yaradan s\u0259b\u0259bl\u0259rd\u0259n biri kimi fermerl\u0259rin pamb\u0131\u011f\u0131 plans\u0131z \u0259km\u0259yind\u0259 g\u00f6r\u00fcr:<\/p>\n\n\n\n<p>\u201cQ\u0131\u015f aylar\u0131ndan rayonun su idar\u0259si fermerl\u0259r\u0259 m\u00fcraci\u0259t edir ki, pamb\u0131q \u0259km\u0259k fikrind\u0259 olanlar \u0259vv\u0259lc\u0259 idar\u0259yl\u0259 m\u0259sl\u0259h\u0259tl\u0259\u015fm\u0259 apars\u0131n. \u0130dar\u0259 sah\u0259y\u0259 bax\u0131\u015f ke\u00e7irib g\u00f6rs\u00fcn, h\u0259min \u0259raziy\u0259 su g\u0259lib \u00e7atacaq, ya yox\u2026 Fermerl\u0259rs\u0259 \u00e7ox vaxt m\u00fcraci\u0259t etm\u0259d\u0259n i\u015f\u0259 ba\u015flay\u0131rlar v\u0259 n\u0259tic\u0259d\u0259 pamb\u0131q sah\u0259l\u0259ri susuz qal\u0131r. N\u0259tic\u0259d\u0259 fermer z\u0259r\u0259r\u0259 d\u00fc\u015f\u00fcr, h\u0259m pamb\u0131q \u0259kir, h\u0259m d\u0259 pamb\u0131q t\u0259hvil verm\u0259li oldu\u011fu \u015firk\u0259t\u0259 borclan\u0131r\u201d.<\/p>\n\n\n\n<p>\u0130cra n\u00fcmay\u0259nd\u0259si avqustda k\u0259ndin su t\u0259minat\u0131n\u0131n daha da yax\u015f\u0131la\u015fd\u0131r\u0131laca\u011f\u0131n\u0131 deyir.<\/p>\n","protected":false},"excerpt":{"rendered":"<p>Xo\u015f\u00e7obanl\u0131 k\u0259nd sakinl\u0259ri su probleminin h\u0259ll olunmamas\u0131ndan \u015fikay\u0259t\u00e7idir \u201cH\u0259r h\u0259ft\u0259 &#8230; <\/p>\n<p class=\"read-more-container\"><a title=\"\u201cK\u0259ndlil\u0259r susuzluq \u00fcz\u00fcnd\u0259n torpaqlar\u0131n\u0131 at\u0131b gedir\u201d\" class=\"read-more button\" href=\"https:\/\/www.meydan.tv\/az\/article\/kendliler-susuzluq-uzunden-torpaqlarini-atib-gedir\/#more-252012\" aria-label=\"Read more about \u201cK\u0259ndlil\u0259r susuzluq \u00fcz\u00fcnd\u0259n torpaqlar\u0131n\u0131 at\u0131b gedir\u201d\">Davam\u0131<\/a><\/p>\n","protected":false},"author":8,"featured_media":252006,"comment_status":"closed","ping_status":"closed","sticky":false,"template":"","format":"standard","meta":{"_acf_changed":false,"_sitemap_exclude":false,"_sitemap_priority":"","_sitemap_frequency":"","footnotes":""},"categories":[60,56],"tags":[],"class_list":["post-252012","post","type-post","status-publish","format-standard","has-post-thumbnail","hentry","category-bolge","category-xeberler","infinite-scroll-item","generate-columns","tablet-grid-50","mobile-grid-100","grid-parent","grid-33","no-featured-image-padding"],"acf":[],"yoast_head":"<!-- This site is optimized with the Yoast SEO plugin v27.5 - https:\/\/yoast.com\/product\/yoast-seo-wordpress\/ -->\n<title>\u201cK\u0259ndlil\u0259r susuzluq \u00fcz\u00fcnd\u0259n torpaqlar\u0131n\u0131 at\u0131b gedir\u201d - MEYDAN.TV<\/title>\n<meta name=\"robots\" content=\"index, follow, max-snippet:-1, max-image-preview:large, max-video-preview:-1\" \/>\n<link rel=\"canonical\" href=\"https:\/\/www.meydan.tv\/az\/article\/kendliler-susuzluq-uzunden-torpaqlarini-atib-gedir\/\" \/>\n<meta property=\"og:locale\" content=\"az_AZ\" \/>\n<meta property=\"og:type\" content=\"article\" \/>\n<meta property=\"og:title\" content=\"\u201cK\u0259ndlil\u0259r susuzluq \u00fcz\u00fcnd\u0259n torpaqlar\u0131n\u0131 at\u0131b gedir\u201d - MEYDAN.TV\" \/>\n<meta property=\"og:description\" content=\"Xo\u015f\u00e7obanl\u0131 k\u0259nd sakinl\u0259ri su probleminin h\u0259ll olunmamas\u0131ndan \u015fikay\u0259t\u00e7idir \u201cH\u0259r h\u0259ft\u0259 ... Davam\u0131\" \/>\n<meta property=\"og:url\" content=\"https:\/\/www.meydan.tv\/az\/article\/kendliler-susuzluq-uzunden-torpaqlarini-atib-gedir\/\" \/>\n<meta property=\"og:site_name\" content=\"MEYDAN.TV\" \/>\n<meta property=\"article:published_time\" content=\"2022-07-28T16:06:26+00:00\" \/>\n<meta property=\"article:modified_time\" content=\"2022-07-28T16:06:28+00:00\" \/>\n<meta property=\"og:image\" content=\"https:\/\/www.meydan.tv\/wp-content\/uploads\/photo-2022-07-28-14-59-34-2.jpg\" \/>\n\t<meta property=\"og:image:width\" content=\"1280\" \/>\n\t<meta property=\"og:image:height\" content=\"958\" \/>\n\t<meta property=\"og:image:type\" content=\"image\/jpeg\" \/>\n<meta name=\"author\" content=\"elli\" \/>\n<meta name=\"twitter:card\" content=\"summary_large_image\" \/>\n<meta name=\"twitter:creator\" content=\"@elli\" \/>\n<script type=\"application\/ld+json\" class=\"yoast-schema-graph\">{\"@context\":\"https:\\\/\\\/schema.org\",\"@graph\":[{\"@type\":\"Article\",\"@id\":\"https:\\\/\\\/www.meydan.tv\\\/az\\\/article\\\/kendliler-susuzluq-uzunden-torpaqlarini-atib-gedir\\\/#article\",\"isPartOf\":{\"@id\":\"https:\\\/\\\/www.meydan.tv\\\/az\\\/article\\\/kendliler-susuzluq-uzunden-torpaqlarini-atib-gedir\\\/\"},\"author\":{\"name\":\"elli\",\"@id\":\"https:\\\/\\\/www.meydan.tv\\\/az\\\/#\\\/schema\\\/person\\\/9cdbecf90d17180ce1dfbd95b08dcf47\"},\"headline\":\"\u201cK\u0259ndlil\u0259r susuzluq \u00fcz\u00fcnd\u0259n torpaqlar\u0131n\u0131 at\u0131b gedir\u201d\",\"datePublished\":\"2022-07-28T16:06:26+00:00\",\"dateModified\":\"2022-07-28T16:06:28+00:00\",\"mainEntityOfPage\":{\"@id\":\"https:\\\/\\\/www.meydan.tv\\\/az\\\/article\\\/kendliler-susuzluq-uzunden-torpaqlarini-atib-gedir\\\/\"},\"wordCount\":992,\"publisher\":{\"@id\":\"https:\\\/\\\/www.meydan.tv\\\/az\\\/#organization\"},\"image\":{\"@id\":\"https:\\\/\\\/www.meydan.tv\\\/az\\\/article\\\/kendliler-susuzluq-uzunden-torpaqlarini-atib-gedir\\\/#primaryimage\"},\"thumbnailUrl\":\"https:\\\/\\\/www.meydan.tv\\\/wp-content\\\/uploads\\\/photo-2022-07-28-14-59-34-2.jpg\",\"articleSection\":[\"B\u00f6lg\u0259\",\"X\u0259b\u0259rl\u0259r\"],\"inLanguage\":\"az\"},{\"@type\":\"WebPage\",\"@id\":\"https:\\\/\\\/www.meydan.tv\\\/az\\\/article\\\/kendliler-susuzluq-uzunden-torpaqlarini-atib-gedir\\\/\",\"url\":\"https:\\\/\\\/www.meydan.tv\\\/az\\\/article\\\/kendliler-susuzluq-uzunden-torpaqlarini-atib-gedir\\\/\",\"name\":\"\u201cK\u0259ndlil\u0259r susuzluq \u00fcz\u00fcnd\u0259n torpaqlar\u0131n\u0131 at\u0131b gedir\u201d - MEYDAN.TV\",\"isPartOf\":{\"@id\":\"https:\\\/\\\/www.meydan.tv\\\/az\\\/#website\"},\"primaryImageOfPage\":{\"@id\":\"https:\\\/\\\/www.meydan.tv\\\/az\\\/article\\\/kendliler-susuzluq-uzunden-torpaqlarini-atib-gedir\\\/#primaryimage\"},\"image\":{\"@id\":\"https:\\\/\\\/www.meydan.tv\\\/az\\\/article\\\/kendliler-susuzluq-uzunden-torpaqlarini-atib-gedir\\\/#primaryimage\"},\"thumbnailUrl\":\"https:\\\/\\\/www.meydan.tv\\\/wp-content\\\/uploads\\\/photo-2022-07-28-14-59-34-2.jpg\",\"datePublished\":\"2022-07-28T16:06:26+00:00\",\"dateModified\":\"2022-07-28T16:06:28+00:00\",\"breadcrumb\":{\"@id\":\"https:\\\/\\\/www.meydan.tv\\\/az\\\/article\\\/kendliler-susuzluq-uzunden-torpaqlarini-atib-gedir\\\/#breadcrumb\"},\"inLanguage\":\"az\",\"potentialAction\":[{\"@type\":\"ReadAction\",\"target\":[\"https:\\\/\\\/www.meydan.tv\\\/az\\\/article\\\/kendliler-susuzluq-uzunden-torpaqlarini-atib-gedir\\\/\"]}]},{\"@type\":\"ImageObject\",\"inLanguage\":\"az\",\"@id\":\"https:\\\/\\\/www.meydan.tv\\\/az\\\/article\\\/kendliler-susuzluq-uzunden-torpaqlarini-atib-gedir\\\/#primaryimage\",\"url\":\"https:\\\/\\\/www.meydan.tv\\\/wp-content\\\/uploads\\\/photo-2022-07-28-14-59-34-2.jpg\",\"contentUrl\":\"https:\\\/\\\/www.meydan.tv\\\/wp-content\\\/uploads\\\/photo-2022-07-28-14-59-34-2.jpg\",\"width\":1280,\"height\":958,\"caption\":\"Fotolar: Meydan TV\"},{\"@type\":\"BreadcrumbList\",\"@id\":\"https:\\\/\\\/www.meydan.tv\\\/az\\\/article\\\/kendliler-susuzluq-uzunden-torpaqlarini-atib-gedir\\\/#breadcrumb\",\"itemListElement\":[{\"@type\":\"ListItem\",\"position\":1,\"name\":\"Ana s\u0259hif\u0259\",\"item\":\"https:\\\/\\\/www.meydan.tv\\\/az\\\/\"},{\"@type\":\"ListItem\",\"position\":2,\"name\":\"B\u00f6lg\u0259\",\"item\":\"https:\\\/\\\/www.meydan.tv\\\/az\\\/section\\\/bolge\\\/\"},{\"@type\":\"ListItem\",\"position\":3,\"name\":\"\u201cK\u0259ndlil\u0259r susuzluq \u00fcz\u00fcnd\u0259n torpaqlar\u0131n\u0131 at\u0131b gedir\u201d\"}]},{\"@type\":\"WebSite\",\"@id\":\"https:\\\/\\\/www.meydan.tv\\\/az\\\/#website\",\"url\":\"https:\\\/\\\/www.meydan.tv\\\/az\\\/\",\"name\":\"MEYDAN.TV\",\"description\":\"Meydan TV Az\u0259rbaycan\u0131n media m\u0259kan\u0131ndak\u0131 alternativ s\u0259sidir\",\"publisher\":{\"@id\":\"https:\\\/\\\/www.meydan.tv\\\/az\\\/#organization\"},\"potentialAction\":[{\"@type\":\"SearchAction\",\"target\":{\"@type\":\"EntryPoint\",\"urlTemplate\":\"https:\\\/\\\/www.meydan.tv\\\/az\\\/?s={search_term_string}\"},\"query-input\":{\"@type\":\"PropertyValueSpecification\",\"valueRequired\":true,\"valueName\":\"search_term_string\"}}],\"inLanguage\":\"az\"},{\"@type\":\"Organization\",\"@id\":\"https:\\\/\\\/www.meydan.tv\\\/az\\\/#organization\",\"name\":\"Meydan TV\",\"url\":\"https:\\\/\\\/www.meydan.tv\\\/az\\\/\",\"logo\":{\"@type\":\"ImageObject\",\"inLanguage\":\"az\",\"@id\":\"https:\\\/\\\/www.meydan.tv\\\/az\\\/#\\\/schema\\\/logo\\\/image\\\/\",\"url\":\"https:\\\/\\\/www.meydan.tv\\\/wp-content\\\/uploads\\\/2021\\\/07\\\/meydan-logo.svg\",\"contentUrl\":\"https:\\\/\\\/www.meydan.tv\\\/wp-content\\\/uploads\\\/2021\\\/07\\\/meydan-logo.svg\",\"width\":195,\"height\":46,\"caption\":\"Meydan TV\"},\"image\":{\"@id\":\"https:\\\/\\\/www.meydan.tv\\\/az\\\/#\\\/schema\\\/logo\\\/image\\\/\"}},{\"@type\":\"Person\",\"@id\":\"https:\\\/\\\/www.meydan.tv\\\/az\\\/#\\\/schema\\\/person\\\/9cdbecf90d17180ce1dfbd95b08dcf47\",\"name\":\"elli\",\"sameAs\":[\"https:\\\/\\\/x.com\\\/elli\"]}]}<\/script>\n<!-- \/ Yoast SEO plugin. -->","yoast_head_json":{"title":"\u201cK\u0259ndlil\u0259r susuzluq \u00fcz\u00fcnd\u0259n torpaqlar\u0131n\u0131 at\u0131b gedir\u201d - MEYDAN.TV","robots":{"index":"index","follow":"follow","max-snippet":"max-snippet:-1","max-image-preview":"max-image-preview:large","max-video-preview":"max-video-preview:-1"},"canonical":"https:\/\/www.meydan.tv\/az\/article\/kendliler-susuzluq-uzunden-torpaqlarini-atib-gedir\/","og_locale":"az_AZ","og_type":"article","og_title":"\u201cK\u0259ndlil\u0259r susuzluq \u00fcz\u00fcnd\u0259n torpaqlar\u0131n\u0131 at\u0131b gedir\u201d - MEYDAN.TV","og_description":"Xo\u015f\u00e7obanl\u0131 k\u0259nd sakinl\u0259ri su probleminin h\u0259ll olunmamas\u0131ndan \u015fikay\u0259t\u00e7idir \u201cH\u0259r h\u0259ft\u0259 ... Davam\u0131","og_url":"https:\/\/www.meydan.tv\/az\/article\/kendliler-susuzluq-uzunden-torpaqlarini-atib-gedir\/","og_site_name":"MEYDAN.TV","article_published_time":"2022-07-28T16:06:26+00:00","article_modified_time":"2022-07-28T16:06:28+00:00","og_image":[{"width":1280,"height":958,"url":"https:\/\/www.meydan.tv\/wp-content\/uploads\/photo-2022-07-28-14-59-34-2.jpg","type":"image\/jpeg"}],"author":"elli","twitter_card":"summary_large_image","twitter_creator":"@elli","schema":{"@context":"https:\/\/schema.org","@graph":[{"@type":"Article","@id":"https:\/\/www.meydan.tv\/az\/article\/kendliler-susuzluq-uzunden-torpaqlarini-atib-gedir\/#article","isPartOf":{"@id":"https:\/\/www.meydan.tv\/az\/article\/kendliler-susuzluq-uzunden-torpaqlarini-atib-gedir\/"},"author":{"name":"elli","@id":"https:\/\/www.meydan.tv\/az\/#\/schema\/person\/9cdbecf90d17180ce1dfbd95b08dcf47"},"headline":"\u201cK\u0259ndlil\u0259r susuzluq \u00fcz\u00fcnd\u0259n torpaqlar\u0131n\u0131 at\u0131b gedir\u201d","datePublished":"2022-07-28T16:06:26+00:00","dateModified":"2022-07-28T16:06:28+00:00","mainEntityOfPage":{"@id":"https:\/\/www.meydan.tv\/az\/article\/kendliler-susuzluq-uzunden-torpaqlarini-atib-gedir\/"},"wordCount":992,"publisher":{"@id":"https:\/\/www.meydan.tv\/az\/#organization"},"image":{"@id":"https:\/\/www.meydan.tv\/az\/article\/kendliler-susuzluq-uzunden-torpaqlarini-atib-gedir\/#primaryimage"},"thumbnailUrl":"https:\/\/www.meydan.tv\/wp-content\/uploads\/photo-2022-07-28-14-59-34-2.jpg","articleSection":["B\u00f6lg\u0259","X\u0259b\u0259rl\u0259r"],"inLanguage":"az"},{"@type":"WebPage","@id":"https:\/\/www.meydan.tv\/az\/article\/kendliler-susuzluq-uzunden-torpaqlarini-atib-gedir\/","url":"https:\/\/www.meydan.tv\/az\/article\/kendliler-susuzluq-uzunden-torpaqlarini-atib-gedir\/","name":"\u201cK\u0259ndlil\u0259r susuzluq \u00fcz\u00fcnd\u0259n torpaqlar\u0131n\u0131 at\u0131b gedir\u201d - MEYDAN.TV","isPartOf":{"@id":"https:\/\/www.meydan.tv\/az\/#website"},"primaryImageOfPage":{"@id":"https:\/\/www.meydan.tv\/az\/article\/kendliler-susuzluq-uzunden-torpaqlarini-atib-gedir\/#primaryimage"},"image":{"@id":"https:\/\/www.meydan.tv\/az\/article\/kendliler-susuzluq-uzunden-torpaqlarini-atib-gedir\/#primaryimage"},"thumbnailUrl":"https:\/\/www.meydan.tv\/wp-content\/uploads\/photo-2022-07-28-14-59-34-2.jpg","datePublished":"2022-07-28T16:06:26+00:00","dateModified":"2022-07-28T16:06:28+00:00","breadcrumb":{"@id":"https:\/\/www.meydan.tv\/az\/article\/kendliler-susuzluq-uzunden-torpaqlarini-atib-gedir\/#breadcrumb"},"inLanguage":"az","potentialAction":[{"@type":"ReadAction","target":["https:\/\/www.meydan.tv\/az\/article\/kendliler-susuzluq-uzunden-torpaqlarini-atib-gedir\/"]}]},{"@type":"ImageObject","inLanguage":"az","@id":"https:\/\/www.meydan.tv\/az\/article\/kendliler-susuzluq-uzunden-torpaqlarini-atib-gedir\/#primaryimage","url":"https:\/\/www.meydan.tv\/wp-content\/uploads\/photo-2022-07-28-14-59-34-2.jpg","contentUrl":"https:\/\/www.meydan.tv\/wp-content\/uploads\/photo-2022-07-28-14-59-34-2.jpg","width":1280,"height":958,"caption":"Fotolar: Meydan TV"},{"@type":"BreadcrumbList","@id":"https:\/\/www.meydan.tv\/az\/article\/kendliler-susuzluq-uzunden-torpaqlarini-atib-gedir\/#breadcrumb","itemListElement":[{"@type":"ListItem","position":1,"name":"Ana s\u0259hif\u0259","item":"https:\/\/www.meydan.tv\/az\/"},{"@type":"ListItem","position":2,"name":"B\u00f6lg\u0259","item":"https:\/\/www.meydan.tv\/az\/section\/bolge\/"},{"@type":"ListItem","position":3,"name":"\u201cK\u0259ndlil\u0259r susuzluq \u00fcz\u00fcnd\u0259n torpaqlar\u0131n\u0131 at\u0131b gedir\u201d"}]},{"@type":"WebSite","@id":"https:\/\/www.meydan.tv\/az\/#website","url":"https:\/\/www.meydan.tv\/az\/","name":"MEYDAN.TV","description":"Meydan TV Az\u0259rbaycan\u0131n media m\u0259kan\u0131ndak\u0131 alternativ s\u0259sidir","publisher":{"@id":"https:\/\/www.meydan.tv\/az\/#organization"},"potentialAction":[{"@type":"SearchAction","target":{"@type":"EntryPoint","urlTemplate":"https:\/\/www.meydan.tv\/az\/?s={search_term_string}"},"query-input":{"@type":"PropertyValueSpecification","valueRequired":true,"valueName":"search_term_string"}}],"inLanguage":"az"},{"@type":"Organization","@id":"https:\/\/www.meydan.tv\/az\/#organization","name":"Meydan TV","url":"https:\/\/www.meydan.tv\/az\/","logo":{"@type":"ImageObject","inLanguage":"az","@id":"https:\/\/www.meydan.tv\/az\/#\/schema\/logo\/image\/","url":"https:\/\/www.meydan.tv\/wp-content\/uploads\/2021\/07\/meydan-logo.svg","contentUrl":"https:\/\/www.meydan.tv\/wp-content\/uploads\/2021\/07\/meydan-logo.svg","width":195,"height":46,"caption":"Meydan TV"},"image":{"@id":"https:\/\/www.meydan.tv\/az\/#\/schema\/logo\/image\/"}},{"@type":"Person","@id":"https:\/\/www.meydan.tv\/az\/#\/schema\/person\/9cdbecf90d17180ce1dfbd95b08dcf47","name":"elli","sameAs":["https:\/\/x.com\/elli"]}]}},"_links":{"self":[{"href":"https:\/\/www.meydan.tv\/az\/wp-json\/wp\/v2\/posts\/252012","targetHints":{"allow":["GET"]}}],"collection":[{"href":"https:\/\/www.meydan.tv\/az\/wp-json\/wp\/v2\/posts"}],"about":[{"href":"https:\/\/www.meydan.tv\/az\/wp-json\/wp\/v2\/types\/post"}],"author":[{"embeddable":true,"href":"https:\/\/www.meydan.tv\/az\/wp-json\/wp\/v2\/users\/8"}],"replies":[{"embeddable":true,"href":"https:\/\/www.meydan.tv\/az\/wp-json\/wp\/v2\/comments?post=252012"}],"version-history":[{"count":1,"href":"https:\/\/www.meydan.tv\/az\/wp-json\/wp\/v2\/posts\/252012\/revisions"}],"predecessor-version":[{"id":252014,"href":"https:\/\/www.meydan.tv\/az\/wp-json\/wp\/v2\/posts\/252012\/revisions\/252014"}],"wp:featuredmedia":[{"embeddable":true,"href":"https:\/\/www.meydan.tv\/az\/wp-json\/wp\/v2\/media\/252006"}],"wp:attachment":[{"href":"https:\/\/www.meydan.tv\/az\/wp-json\/wp\/v2\/media?parent=252012"}],"wp:term":[{"taxonomy":"category","embeddable":true,"href":"https:\/\/www.meydan.tv\/az\/wp-json\/wp\/v2\/categories?post=252012"},{"taxonomy":"post_tag","embeddable":true,"href":"https:\/\/www.meydan.tv\/az\/wp-json\/wp\/v2\/tags?post=252012"}],"curies":[{"name":"wp","href":"https:\/\/api.w.org\/{rel}","templated":true}]}}