{"id":251943,"date":"2022-07-28T11:56:31","date_gmt":"2022-07-28T07:56:31","guid":{"rendered":"https:\/\/www.meydan.tv\/?p=251943"},"modified":"2022-07-28T11:56:33","modified_gmt":"2022-07-28T07:56:33","slug":"17-yasli-qizin-intihari-ile-bagli-cinayet-isi-baslanib","status":"publish","type":"post","link":"https:\/\/www.meydan.tv\/az\/article\/17-yasli-qizin-intihari-ile-bagli-cinayet-isi-baslanib\/","title":{"rendered":"17 ya\u015fl\u0131 q\u0131z\u0131n intihar\u0131 il\u0259 ba\u011fl\u0131 cinay\u0259t i\u015fi ba\u015flan\u0131b"},"content":{"rendered":"\n<p><em>Valideynl\u0259rin istintaqa c\u0259lb olundu\u011fu bildirilir<\/em><\/p>\n\n\n\n<p>Nax\u00e7\u0131vanda 17 ya\u015fl\u0131 La\u00e7\u0131n Rzayevan\u0131n intihar\u0131 il\u0259 \u0259laq\u0259dar \u015e\u0259rur Rayon Prokurorlu\u011funda cinay\u0259t i\u015fi ba\u015flan\u0131b. Bu bar\u0259d\u0259 Ba\u015f Prokurorlu\u011fun m\u0259tbuat xidm\u0259ti m\u0259lumat yay\u0131b.<\/p>\n\n\n\n<p>Bildirilir ki, \u015e\u0259rur rayon sakini, 2005-ci il t\u0259v\u0259ll\u00fcdl\u00fc La\u00e7\u0131n Rzayeva iyulun 23-d\u0259 ya\u015fad\u0131\u011f\u0131 evin h\u0259y\u0259tyan\u0131 sah\u0259sind\u0259ki ba\u011fda \u00f6z\u00fcn\u00fc asaraq intihar edib.<\/p>\n\n\n\n<p>17 ya\u015fl\u0131 q\u0131z\u0131n \u00f6l\u00fcm\u00fcnd\u0259n \u00f6nc\u0259 sosial media hesab\u0131nda a\u015fa\u011f\u0131dak\u0131 payla\u015f\u0131m olub:<\/p>\n\n\n\n<p>\u201c\u0130mtahan n\u0259tic\u0259m a\u015fa\u011f\u0131d\u0131r. Evd\u0259 ail\u0259m m\u0259n\u0259 \u00e7ox \u0259s\u0259bil\u0259\u015fdi. \u018fn b\u00f6y\u00fck reaksiyan\u0131 is\u0259 atam verdi. H\u0259l\u0259 bu g\u00fcn i\u015f\u0259 getm\u0259mi\u015fd\u0259n \u0259vv\u0259l m\u0259n\u0259 dedi: <\/p>\n\n\n\n<p>\u201cM\u0259n i\u015fd\u0259n g\u0259l\u0259n\u0259 q\u0259d\u0259r get, \u00f6z\u00fcn\u00fc as, \u00f6ld\u00fcr\u201d. M\u0259n daha bu m\u00fcnasib\u0259t\u0259 dayana bilmir\u0259m. V\u0259 el\u0259 atam\u0131n dediyi kimi ed\u0259c\u0259m. Daha b\u0259sdi\u2026\u201d<\/p>\n\n\n\n<p>Meydan TV-nin prokurorluqdak\u0131 m\u0259nb\u0259d\u0259n \u0259ld\u0259 etdiyi m\u0259lumata g\u00f6r\u0259, La\u00e7\u0131n Rzayevan\u0131n valideynl\u0259ri istintaqa c\u0259lb olunub<\/p>\n","protected":false},"excerpt":{"rendered":"<p>Valideynl\u0259rin istintaqa c\u0259lb olundu\u011fu bildirilir Nax\u00e7\u0131vanda 17 ya\u015fl\u0131 La\u00e7\u0131n Rzayevan\u0131n &#8230; <\/p>\n<p class=\"read-more-container\"><a title=\"17 ya\u015fl\u0131 q\u0131z\u0131n intihar\u0131 il\u0259 ba\u011fl\u0131 cinay\u0259t i\u015fi ba\u015flan\u0131b\" class=\"read-more button\" href=\"https:\/\/www.meydan.tv\/az\/article\/17-yasli-qizin-intihari-ile-bagli-cinayet-isi-baslanib\/#more-251943\" aria-label=\"Read more about 17 ya\u015fl\u0131 q\u0131z\u0131n intihar\u0131 il\u0259 ba\u011fl\u0131 cinay\u0259t i\u015fi ba\u015flan\u0131b\">Davam\u0131<\/a><\/p>\n","protected":false},"author":8,"featured_media":248526,"comment_status":"closed","ping_status":"closed","sticky":false,"template":"","format":"standard","meta":{"_acf_changed":false,"_sitemap_exclude":false,"_sitemap_priority":"","_sitemap_frequency":"","footnotes":""},"categories":[60,56],"tags":[],"class_list":["post-251943","post","type-post","status-publish","format-standard","has-post-thumbnail","hentry","category-bolge","category-xeberler","infinite-scroll-item","generate-columns","tablet-grid-50","mobile-grid-100","grid-parent","grid-33","no-featured-image-padding"],"acf":[],"yoast_head":"<!-- This site is optimized with the Yoast SEO plugin v27.5 - https:\/\/yoast.com\/product\/yoast-seo-wordpress\/ -->\n<title>17 ya\u015fl\u0131 q\u0131z\u0131n intihar\u0131 il\u0259 ba\u011fl\u0131 cinay\u0259t i\u015fi ba\u015flan\u0131b - MEYDAN.TV<\/title>\n<meta name=\"robots\" content=\"index, follow, max-snippet:-1, max-image-preview:large, max-video-preview:-1\" \/>\n<link rel=\"canonical\" href=\"https:\/\/www.meydan.tv\/az\/article\/17-yasli-qizin-intihari-ile-bagli-cinayet-isi-baslanib\/\" \/>\n<meta property=\"og:locale\" content=\"az_AZ\" \/>\n<meta property=\"og:type\" content=\"article\" \/>\n<meta property=\"og:title\" content=\"17 ya\u015fl\u0131 q\u0131z\u0131n intihar\u0131 il\u0259 ba\u011fl\u0131 cinay\u0259t i\u015fi ba\u015flan\u0131b - MEYDAN.TV\" \/>\n<meta property=\"og:description\" content=\"Valideynl\u0259rin istintaqa c\u0259lb olundu\u011fu bildirilir Nax\u00e7\u0131vanda 17 ya\u015fl\u0131 La\u00e7\u0131n Rzayevan\u0131n ... Davam\u0131\" \/>\n<meta property=\"og:url\" content=\"https:\/\/www.meydan.tv\/az\/article\/17-yasli-qizin-intihari-ile-bagli-cinayet-isi-baslanib\/\" \/>\n<meta property=\"og:site_name\" content=\"MEYDAN.TV\" \/>\n<meta property=\"article:published_time\" content=\"2022-07-28T07:56:31+00:00\" \/>\n<meta property=\"article:modified_time\" content=\"2022-07-28T07:56:33+00:00\" \/>\n<meta property=\"og:image\" content=\"https:\/\/www.meydan.tv\/wp-content\/uploads\/shutterstock_1329048371-e1655384901384.jpg\" \/>\n\t<meta property=\"og:image:width\" content=\"1200\" \/>\n\t<meta property=\"og:image:height\" content=\"678\" \/>\n\t<meta property=\"og:image:type\" content=\"image\/jpeg\" \/>\n<meta name=\"author\" content=\"elli\" \/>\n<meta name=\"twitter:card\" content=\"summary_large_image\" \/>\n<meta name=\"twitter:creator\" content=\"@elli\" \/>\n<script type=\"application\/ld+json\" class=\"yoast-schema-graph\">{\"@context\":\"https:\\\/\\\/schema.org\",\"@graph\":[{\"@type\":\"Article\",\"@id\":\"https:\\\/\\\/www.meydan.tv\\\/az\\\/article\\\/17-yasli-qizin-intihari-ile-bagli-cinayet-isi-baslanib\\\/#article\",\"isPartOf\":{\"@id\":\"https:\\\/\\\/www.meydan.tv\\\/az\\\/article\\\/17-yasli-qizin-intihari-ile-bagli-cinayet-isi-baslanib\\\/\"},\"author\":{\"name\":\"elli\",\"@id\":\"https:\\\/\\\/www.meydan.tv\\\/az\\\/#\\\/schema\\\/person\\\/9cdbecf90d17180ce1dfbd95b08dcf47\"},\"headline\":\"17 ya\u015fl\u0131 q\u0131z\u0131n intihar\u0131 il\u0259 ba\u011fl\u0131 cinay\u0259t i\u015fi ba\u015flan\u0131b\",\"datePublished\":\"2022-07-28T07:56:31+00:00\",\"dateModified\":\"2022-07-28T07:56:33+00:00\",\"mainEntityOfPage\":{\"@id\":\"https:\\\/\\\/www.meydan.tv\\\/az\\\/article\\\/17-yasli-qizin-intihari-ile-bagli-cinayet-isi-baslanib\\\/\"},\"wordCount\":215,\"publisher\":{\"@id\":\"https:\\\/\\\/www.meydan.tv\\\/az\\\/#organization\"},\"image\":{\"@id\":\"https:\\\/\\\/www.meydan.tv\\\/az\\\/article\\\/17-yasli-qizin-intihari-ile-bagli-cinayet-isi-baslanib\\\/#primaryimage\"},\"thumbnailUrl\":\"https:\\\/\\\/www.meydan.tv\\\/wp-content\\\/uploads\\\/shutterstock_1329048371-e1655384901384.jpg\",\"articleSection\":[\"B\u00f6lg\u0259\",\"X\u0259b\u0259rl\u0259r\"],\"inLanguage\":\"az\"},{\"@type\":\"WebPage\",\"@id\":\"https:\\\/\\\/www.meydan.tv\\\/az\\\/article\\\/17-yasli-qizin-intihari-ile-bagli-cinayet-isi-baslanib\\\/\",\"url\":\"https:\\\/\\\/www.meydan.tv\\\/az\\\/article\\\/17-yasli-qizin-intihari-ile-bagli-cinayet-isi-baslanib\\\/\",\"name\":\"17 ya\u015fl\u0131 q\u0131z\u0131n intihar\u0131 il\u0259 ba\u011fl\u0131 cinay\u0259t i\u015fi ba\u015flan\u0131b - MEYDAN.TV\",\"isPartOf\":{\"@id\":\"https:\\\/\\\/www.meydan.tv\\\/az\\\/#website\"},\"primaryImageOfPage\":{\"@id\":\"https:\\\/\\\/www.meydan.tv\\\/az\\\/article\\\/17-yasli-qizin-intihari-ile-bagli-cinayet-isi-baslanib\\\/#primaryimage\"},\"image\":{\"@id\":\"https:\\\/\\\/www.meydan.tv\\\/az\\\/article\\\/17-yasli-qizin-intihari-ile-bagli-cinayet-isi-baslanib\\\/#primaryimage\"},\"thumbnailUrl\":\"https:\\\/\\\/www.meydan.tv\\\/wp-content\\\/uploads\\\/shutterstock_1329048371-e1655384901384.jpg\",\"datePublished\":\"2022-07-28T07:56:31+00:00\",\"dateModified\":\"2022-07-28T07:56:33+00:00\",\"breadcrumb\":{\"@id\":\"https:\\\/\\\/www.meydan.tv\\\/az\\\/article\\\/17-yasli-qizin-intihari-ile-bagli-cinayet-isi-baslanib\\\/#breadcrumb\"},\"inLanguage\":\"az\",\"potentialAction\":[{\"@type\":\"ReadAction\",\"target\":[\"https:\\\/\\\/www.meydan.tv\\\/az\\\/article\\\/17-yasli-qizin-intihari-ile-bagli-cinayet-isi-baslanib\\\/\"]}]},{\"@type\":\"ImageObject\",\"inLanguage\":\"az\",\"@id\":\"https:\\\/\\\/www.meydan.tv\\\/az\\\/article\\\/17-yasli-qizin-intihari-ile-bagli-cinayet-isi-baslanib\\\/#primaryimage\",\"url\":\"https:\\\/\\\/www.meydan.tv\\\/wp-content\\\/uploads\\\/shutterstock_1329048371-e1655384901384.jpg\",\"contentUrl\":\"https:\\\/\\\/www.meydan.tv\\\/wp-content\\\/uploads\\\/shutterstock_1329048371-e1655384901384.jpg\",\"width\":1200,\"height\":678,\"caption\":\"\u0130ntihar. M\u0259nb\u0259: Pixel-Shot\\\/shutterstock\"},{\"@type\":\"BreadcrumbList\",\"@id\":\"https:\\\/\\\/www.meydan.tv\\\/az\\\/article\\\/17-yasli-qizin-intihari-ile-bagli-cinayet-isi-baslanib\\\/#breadcrumb\",\"itemListElement\":[{\"@type\":\"ListItem\",\"position\":1,\"name\":\"Ana s\u0259hif\u0259\",\"item\":\"https:\\\/\\\/www.meydan.tv\\\/az\\\/\"},{\"@type\":\"ListItem\",\"position\":2,\"name\":\"B\u00f6lg\u0259\",\"item\":\"https:\\\/\\\/www.meydan.tv\\\/az\\\/section\\\/bolge\\\/\"},{\"@type\":\"ListItem\",\"position\":3,\"name\":\"17 ya\u015fl\u0131 q\u0131z\u0131n intihar\u0131 il\u0259 ba\u011fl\u0131 cinay\u0259t i\u015fi ba\u015flan\u0131b\"}]},{\"@type\":\"WebSite\",\"@id\":\"https:\\\/\\\/www.meydan.tv\\\/az\\\/#website\",\"url\":\"https:\\\/\\\/www.meydan.tv\\\/az\\\/\",\"name\":\"MEYDAN.TV\",\"description\":\"Meydan TV Az\u0259rbaycan\u0131n media m\u0259kan\u0131ndak\u0131 alternativ s\u0259sidir\",\"publisher\":{\"@id\":\"https:\\\/\\\/www.meydan.tv\\\/az\\\/#organization\"},\"potentialAction\":[{\"@type\":\"SearchAction\",\"target\":{\"@type\":\"EntryPoint\",\"urlTemplate\":\"https:\\\/\\\/www.meydan.tv\\\/az\\\/?s={search_term_string}\"},\"query-input\":{\"@type\":\"PropertyValueSpecification\",\"valueRequired\":true,\"valueName\":\"search_term_string\"}}],\"inLanguage\":\"az\"},{\"@type\":\"Organization\",\"@id\":\"https:\\\/\\\/www.meydan.tv\\\/az\\\/#organization\",\"name\":\"Meydan TV\",\"url\":\"https:\\\/\\\/www.meydan.tv\\\/az\\\/\",\"logo\":{\"@type\":\"ImageObject\",\"inLanguage\":\"az\",\"@id\":\"https:\\\/\\\/www.meydan.tv\\\/az\\\/#\\\/schema\\\/logo\\\/image\\\/\",\"url\":\"https:\\\/\\\/www.meydan.tv\\\/wp-content\\\/uploads\\\/2021\\\/07\\\/meydan-logo.svg\",\"contentUrl\":\"https:\\\/\\\/www.meydan.tv\\\/wp-content\\\/uploads\\\/2021\\\/07\\\/meydan-logo.svg\",\"width\":195,\"height\":46,\"caption\":\"Meydan TV\"},\"image\":{\"@id\":\"https:\\\/\\\/www.meydan.tv\\\/az\\\/#\\\/schema\\\/logo\\\/image\\\/\"}},{\"@type\":\"Person\",\"@id\":\"https:\\\/\\\/www.meydan.tv\\\/az\\\/#\\\/schema\\\/person\\\/9cdbecf90d17180ce1dfbd95b08dcf47\",\"name\":\"elli\",\"sameAs\":[\"https:\\\/\\\/x.com\\\/elli\"]}]}<\/script>\n<!-- \/ Yoast SEO plugin. -->","yoast_head_json":{"title":"17 ya\u015fl\u0131 q\u0131z\u0131n intihar\u0131 il\u0259 ba\u011fl\u0131 cinay\u0259t i\u015fi ba\u015flan\u0131b - MEYDAN.TV","robots":{"index":"index","follow":"follow","max-snippet":"max-snippet:-1","max-image-preview":"max-image-preview:large","max-video-preview":"max-video-preview:-1"},"canonical":"https:\/\/www.meydan.tv\/az\/article\/17-yasli-qizin-intihari-ile-bagli-cinayet-isi-baslanib\/","og_locale":"az_AZ","og_type":"article","og_title":"17 ya\u015fl\u0131 q\u0131z\u0131n intihar\u0131 il\u0259 ba\u011fl\u0131 cinay\u0259t i\u015fi ba\u015flan\u0131b - MEYDAN.TV","og_description":"Valideynl\u0259rin istintaqa c\u0259lb olundu\u011fu bildirilir Nax\u00e7\u0131vanda 17 ya\u015fl\u0131 La\u00e7\u0131n Rzayevan\u0131n ... Davam\u0131","og_url":"https:\/\/www.meydan.tv\/az\/article\/17-yasli-qizin-intihari-ile-bagli-cinayet-isi-baslanib\/","og_site_name":"MEYDAN.TV","article_published_time":"2022-07-28T07:56:31+00:00","article_modified_time":"2022-07-28T07:56:33+00:00","og_image":[{"width":1200,"height":678,"url":"https:\/\/www.meydan.tv\/wp-content\/uploads\/shutterstock_1329048371-e1655384901384.jpg","type":"image\/jpeg"}],"author":"elli","twitter_card":"summary_large_image","twitter_creator":"@elli","schema":{"@context":"https:\/\/schema.org","@graph":[{"@type":"Article","@id":"https:\/\/www.meydan.tv\/az\/article\/17-yasli-qizin-intihari-ile-bagli-cinayet-isi-baslanib\/#article","isPartOf":{"@id":"https:\/\/www.meydan.tv\/az\/article\/17-yasli-qizin-intihari-ile-bagli-cinayet-isi-baslanib\/"},"author":{"name":"elli","@id":"https:\/\/www.meydan.tv\/az\/#\/schema\/person\/9cdbecf90d17180ce1dfbd95b08dcf47"},"headline":"17 ya\u015fl\u0131 q\u0131z\u0131n intihar\u0131 il\u0259 ba\u011fl\u0131 cinay\u0259t i\u015fi ba\u015flan\u0131b","datePublished":"2022-07-28T07:56:31+00:00","dateModified":"2022-07-28T07:56:33+00:00","mainEntityOfPage":{"@id":"https:\/\/www.meydan.tv\/az\/article\/17-yasli-qizin-intihari-ile-bagli-cinayet-isi-baslanib\/"},"wordCount":215,"publisher":{"@id":"https:\/\/www.meydan.tv\/az\/#organization"},"image":{"@id":"https:\/\/www.meydan.tv\/az\/article\/17-yasli-qizin-intihari-ile-bagli-cinayet-isi-baslanib\/#primaryimage"},"thumbnailUrl":"https:\/\/www.meydan.tv\/wp-content\/uploads\/shutterstock_1329048371-e1655384901384.jpg","articleSection":["B\u00f6lg\u0259","X\u0259b\u0259rl\u0259r"],"inLanguage":"az"},{"@type":"WebPage","@id":"https:\/\/www.meydan.tv\/az\/article\/17-yasli-qizin-intihari-ile-bagli-cinayet-isi-baslanib\/","url":"https:\/\/www.meydan.tv\/az\/article\/17-yasli-qizin-intihari-ile-bagli-cinayet-isi-baslanib\/","name":"17 ya\u015fl\u0131 q\u0131z\u0131n intihar\u0131 il\u0259 ba\u011fl\u0131 cinay\u0259t i\u015fi ba\u015flan\u0131b - MEYDAN.TV","isPartOf":{"@id":"https:\/\/www.meydan.tv\/az\/#website"},"primaryImageOfPage":{"@id":"https:\/\/www.meydan.tv\/az\/article\/17-yasli-qizin-intihari-ile-bagli-cinayet-isi-baslanib\/#primaryimage"},"image":{"@id":"https:\/\/www.meydan.tv\/az\/article\/17-yasli-qizin-intihari-ile-bagli-cinayet-isi-baslanib\/#primaryimage"},"thumbnailUrl":"https:\/\/www.meydan.tv\/wp-content\/uploads\/shutterstock_1329048371-e1655384901384.jpg","datePublished":"2022-07-28T07:56:31+00:00","dateModified":"2022-07-28T07:56:33+00:00","breadcrumb":{"@id":"https:\/\/www.meydan.tv\/az\/article\/17-yasli-qizin-intihari-ile-bagli-cinayet-isi-baslanib\/#breadcrumb"},"inLanguage":"az","potentialAction":[{"@type":"ReadAction","target":["https:\/\/www.meydan.tv\/az\/article\/17-yasli-qizin-intihari-ile-bagli-cinayet-isi-baslanib\/"]}]},{"@type":"ImageObject","inLanguage":"az","@id":"https:\/\/www.meydan.tv\/az\/article\/17-yasli-qizin-intihari-ile-bagli-cinayet-isi-baslanib\/#primaryimage","url":"https:\/\/www.meydan.tv\/wp-content\/uploads\/shutterstock_1329048371-e1655384901384.jpg","contentUrl":"https:\/\/www.meydan.tv\/wp-content\/uploads\/shutterstock_1329048371-e1655384901384.jpg","width":1200,"height":678,"caption":"\u0130ntihar. M\u0259nb\u0259: Pixel-Shot\/shutterstock"},{"@type":"BreadcrumbList","@id":"https:\/\/www.meydan.tv\/az\/article\/17-yasli-qizin-intihari-ile-bagli-cinayet-isi-baslanib\/#breadcrumb","itemListElement":[{"@type":"ListItem","position":1,"name":"Ana s\u0259hif\u0259","item":"https:\/\/www.meydan.tv\/az\/"},{"@type":"ListItem","position":2,"name":"B\u00f6lg\u0259","item":"https:\/\/www.meydan.tv\/az\/section\/bolge\/"},{"@type":"ListItem","position":3,"name":"17 ya\u015fl\u0131 q\u0131z\u0131n intihar\u0131 il\u0259 ba\u011fl\u0131 cinay\u0259t i\u015fi ba\u015flan\u0131b"}]},{"@type":"WebSite","@id":"https:\/\/www.meydan.tv\/az\/#website","url":"https:\/\/www.meydan.tv\/az\/","name":"MEYDAN.TV","description":"Meydan TV Az\u0259rbaycan\u0131n media m\u0259kan\u0131ndak\u0131 alternativ s\u0259sidir","publisher":{"@id":"https:\/\/www.meydan.tv\/az\/#organization"},"potentialAction":[{"@type":"SearchAction","target":{"@type":"EntryPoint","urlTemplate":"https:\/\/www.meydan.tv\/az\/?s={search_term_string}"},"query-input":{"@type":"PropertyValueSpecification","valueRequired":true,"valueName":"search_term_string"}}],"inLanguage":"az"},{"@type":"Organization","@id":"https:\/\/www.meydan.tv\/az\/#organization","name":"Meydan TV","url":"https:\/\/www.meydan.tv\/az\/","logo":{"@type":"ImageObject","inLanguage":"az","@id":"https:\/\/www.meydan.tv\/az\/#\/schema\/logo\/image\/","url":"https:\/\/www.meydan.tv\/wp-content\/uploads\/2021\/07\/meydan-logo.svg","contentUrl":"https:\/\/www.meydan.tv\/wp-content\/uploads\/2021\/07\/meydan-logo.svg","width":195,"height":46,"caption":"Meydan TV"},"image":{"@id":"https:\/\/www.meydan.tv\/az\/#\/schema\/logo\/image\/"}},{"@type":"Person","@id":"https:\/\/www.meydan.tv\/az\/#\/schema\/person\/9cdbecf90d17180ce1dfbd95b08dcf47","name":"elli","sameAs":["https:\/\/x.com\/elli"]}]}},"_links":{"self":[{"href":"https:\/\/www.meydan.tv\/az\/wp-json\/wp\/v2\/posts\/251943","targetHints":{"allow":["GET"]}}],"collection":[{"href":"https:\/\/www.meydan.tv\/az\/wp-json\/wp\/v2\/posts"}],"about":[{"href":"https:\/\/www.meydan.tv\/az\/wp-json\/wp\/v2\/types\/post"}],"author":[{"embeddable":true,"href":"https:\/\/www.meydan.tv\/az\/wp-json\/wp\/v2\/users\/8"}],"replies":[{"embeddable":true,"href":"https:\/\/www.meydan.tv\/az\/wp-json\/wp\/v2\/comments?post=251943"}],"version-history":[{"count":1,"href":"https:\/\/www.meydan.tv\/az\/wp-json\/wp\/v2\/posts\/251943\/revisions"}],"predecessor-version":[{"id":251944,"href":"https:\/\/www.meydan.tv\/az\/wp-json\/wp\/v2\/posts\/251943\/revisions\/251944"}],"wp:featuredmedia":[{"embeddable":true,"href":"https:\/\/www.meydan.tv\/az\/wp-json\/wp\/v2\/media\/248526"}],"wp:attachment":[{"href":"https:\/\/www.meydan.tv\/az\/wp-json\/wp\/v2\/media?parent=251943"}],"wp:term":[{"taxonomy":"category","embeddable":true,"href":"https:\/\/www.meydan.tv\/az\/wp-json\/wp\/v2\/categories?post=251943"},{"taxonomy":"post_tag","embeddable":true,"href":"https:\/\/www.meydan.tv\/az\/wp-json\/wp\/v2\/tags?post=251943"}],"curies":[{"name":"wp","href":"https:\/\/api.w.org\/{rel}","templated":true}]}}