{"id":251928,"date":"2022-07-27T21:19:27","date_gmt":"2022-07-27T17:19:27","guid":{"rendered":"https:\/\/www.meydan.tv\/?p=251928"},"modified":"2022-07-27T21:19:29","modified_gmt":"2022-07-27T17:19:29","slug":"nermin-isi-uzre-mehkemede-elan-edilen-senedlerde-neler-uze-cixdi","status":"publish","type":"post","link":"https:\/\/www.meydan.tv\/az\/article\/nermin-isi-uzre-mehkemede-elan-edilen-senedlerde-neler-uze-cixdi\/","title":{"rendered":"\u201cN\u0259rmin i\u015fi\u201d \u00fczr\u0259 m\u0259hk\u0259m\u0259d\u0259 elan edil\u0259n s\u0259n\u0259dl\u0259rd\u0259 n\u0259l\u0259r \u00fcz\u0259 \u00e7\u0131xd\u0131?"},"content":{"rendered":"\n<p><\/p>\n\n\n\n<p><em>\u0130lkin S\u00fcleymanov \u015fahid kimi ifad\u0259 verdiyi g\u00fcn evind\u0259n \u015f\u00fcbh\u0259li he\u00e7 n\u0259 tap\u0131lmay\u0131b<\/em><\/p>\n\n\n\n<p>Tovuz rayonunun Dondar Qu\u015f\u00e7u k\u0259ndind\u0259 11 ya\u015fl\u0131 N\u0259rmin Quliyevan\u0131n itkin d\u00fc\u015fm\u0259si v\u0259 47 g\u00fcn sonra k\u0259ndd\u0259 yand\u0131r\u0131lm\u0131\u015f meyitin tap\u0131lmas\u0131yla ba\u011fl\u0131 m\u0259hk\u0259m\u0259 ara\u015fd\u0131rmalar\u0131 davam edir. G\u0259nc\u0259 A\u011f\u0131r Cinay\u0259tl\u0259r M\u0259hk\u0259m\u0259sind\u0259 bu i\u015f \u00fczr\u0259 1 ild\u0259n \u00e7oxdur ged\u0259n m\u0259hk\u0259m\u0259 prosesind\u0259 s\u0259n\u0259dl\u0259rin t\u0259dqiqi m\u0259rh\u0259l\u0259sidir.<\/p>\n\n\n\n<p>\u0130yulun 27-d\u0259 hakim Dada\u015f \u0130manovun s\u0259drliyil\u0259 ke\u00e7iril\u0259n m\u0259hk\u0259m\u0259 iclas\u0131nda cinay\u0259t i\u015finin materiallar\u0131nda olan bir s\u0131ra s\u0259n\u0259dl\u0259r elan edilib. Onlar\u0131n aras\u0131nda azya\u015fl\u0131n\u0131 o\u011furlay\u0131b \u00f6ld\u00fcrm\u0259kd\u0259 t\u0259qsirl\u0259ndiril\u0259n \u0130lkin S\u00fcleymanovun ilk dindirm\u0259sinin protokolu da olub.<\/p>\n\n\n\n<p>Elan edil\u0259n s\u0259n\u0259dd\u0259n m\u0259lum olub ki, 8 yanvar 2020-ci ild\u0259 s\u0259h\u0259r saat 10.00-dan g\u00fcnorta 14.00-a q\u0259d\u0259r \u0130lkin S\u00fcleymanov \u015fahid qismind\u0259 dindirilib. O, h\u0259min ifad\u0259d\u0259 bildirib ki, yanvar\u0131n 6-da ax\u015fam saatlar\u0131nda siqaret \u00e7\u0259km\u0259k \u00fc\u00e7\u00fcn k\u00fc\u00e7\u0259y\u0259 \u00e7\u0131x\u0131b. Darvazan\u0131n qar\u015f\u0131s\u0131nda olanda evl\u0259ril\u0259 \u00fczb\u0259\u00fczd\u0259 yerl\u0259\u015f\u0259n \u0259razid\u0259 n\u0259yins\u0259 yand\u0131\u011f\u0131n\u0131 g\u00f6r\u00fcb. \u00d6nc\u0259 zibil yand\u0131\u011f\u0131n\u0131 z\u0259nn edib. Yax\u0131nl\u0131qdak\u0131 a\u011faclara ziyan d\u0259ym\u0259m\u0259si \u00fc\u00e7\u00fcn d\u0259rhal ora gedib. H\u0259min vaxt yanan\u0131n meyit oldu\u011funu g\u00f6r\u00fcb v\u0259 d\u0259rhal h\u0259min \u0259raziy\u0259 biti\u015fik evin sahibi Nazim V\u0259liyevi \u00e7a\u011f\u0131r\u0131b. Nazim V\u0259liyev d\u0259 g\u0259l\u0259n kimi, polis \u0259m\u0259kda\u015f\u0131 oldu\u011funa g\u00f6r\u0259 Murad S\u00fcleymanovu (\u0130lkin S\u00fcleymanovun \u0259misi o\u011flu v\u0259 qon\u015fusu-red.) \u00e7a\u011f\u0131r\u0131blar.<\/p>\n\n\n\n<p>\u0130lkin S\u00fcleymanovun bir g\u00fcn sonra \u015f\u00fcbh\u0259li \u015f\u0259xs qismind\u0259 verdiyi ifad\u0259d\u0259 is\u0259 cinay\u0259ti k\u00f6n\u00fcll\u00fc \u015f\u0259kild\u0259 etiraf etdiyi iddia olunur.<\/p>\n\n\n\n<p>Elan edil\u0259n s\u0259n\u0259dl\u0259rd\u0259n o da m\u0259lum olub ki, \u0130lkin S\u00fcleymanov \u015fahid qismind\u0259 dindirildiyi g\u00fcn \u2013 8 yanvarda onlar\u0131n evin\u0259 d\u0259 bax\u0131\u015f ke\u00e7irilib. Amma oradan \u015f\u00fcbh\u0259li he\u00e7 n\u0259 tap\u0131lmay\u0131b. Bu, protokolda da \u0259ksini tap\u0131b. Evd\u0259 \u0130lkin S\u00fcleymanova aid \u0259\u015fyalar v\u0259 paltarlar yoxlan\u0131l\u0131b.<\/p>\n\n\n\n<p>Bir g\u00fcn sonra is\u0259 bax\u0131\u015f zaman\u0131 S\u00fcleymanovlar\u0131n h\u0259y\u0259tind\u0259n qan l\u0259k\u0259si tap\u0131ld\u0131\u011f\u0131 iddia olunub.<\/p>\n\n\n\n<figure class=\"wp-block-image size-large\"><img decoding=\"async\" width=\"1095\" height=\"821\" data-src=\"https:\/\/www.meydan.tv\/wp-content\/uploads\/photo-2022-04-07-13-20-32-1095x821.jpg\" alt=\"\" class=\"wp-image-241009 lazyload\" src=\"data:image\/svg+xml;base64,PHN2ZyB3aWR0aD0iMSIgaGVpZ2h0PSIxIiB4bWxucz0iaHR0cDovL3d3dy53My5vcmcvMjAwMC9zdmciPjwvc3ZnPg==\" style=\"--smush-placeholder-width: 1095px; --smush-placeholder-aspect-ratio: 1095\/821;\" \/><figcaption>Murad S\u00fcleymanov. Foto: Meydan TV<\/figcaption><\/figure>\n\n\n\n<p>\u018fvv\u0259lki m\u0259hk\u0259m\u0259 iclaslar\u0131nda dindirm\u0259l\u0259r zaman\u0131 t\u0259qsirl\u0259ndiril\u0259n \u015f\u0259xsin \u0259misi o\u011flu Murad S\u00fcleymanov bildirmi\u015fdi ki, h\u0259min gec\u0259 saat 4 rad\u0259l\u0259rind\u0259 Tovuzun o vaxtk\u0131 polis r\u0259isi \u015eirzad \u018fsg\u0259rov da daxil olmaqla, bir s\u0131ra polis \u0259m\u0259kda\u015flar\u0131 g\u0259lib. Polisl\u0259r gec\u0259 yar\u0131 \u0130lkingilin h\u0259y\u0259tin\u0259 daxil olublar:<\/p>\n\n\n\n<p>\u201cR\u0259is m\u0259n\u0259 dedi ki, &#8220;s\u0259n ke\u00e7 eviniz\u0259&#8221;. M\u0259n d\u0259 getdim. Bilm\u0259dim ki, niy\u0259 ora girirdil\u0259r\u2026\u201d<\/p>\n\n\n\n<p>Murad S\u00fcleymanov h\u0259min vaxt orada olan polisl\u0259rd\u0259n Az\u0259r M\u0259mm\u0259dovun da ad\u0131n\u0131 \u00e7\u0259kmi\u015fdi. Az\u0259r M\u0259mm\u0259dov o gec\u0259 S\u00fcleymanovlar\u0131n h\u0259y\u0259tind\u0259 olmad\u0131\u011f\u0131n\u0131, \u00f6z evind\u0259 yatd\u0131\u011f\u0131n\u0131 des\u0259 d\u0259, telefon anten dair\u0259l\u0259ril\u0259 ba\u011fl\u0131 s\u0259n\u0259d onun dedikl\u0259rinin \u0259ksini g\u00f6st\u0259rmi\u015fdi. M\u0259lum olmu\u015fdu ki, gec\u0259 saat 04.26-da Az\u0259r M\u0259mm\u0259dov \u0130lkin S\u00fcleymanovgilin evinin yan\u0131nda olub. Murad S\u00fcleymanovun dediyi kimi, ona z\u0259ng edib, ondan uzad\u0131c\u0131 ist\u0259yib.<\/p>\n\n\n\n<p>Meyitin m\u00fcayin\u0259sil\u0259 ba\u011fl\u0131 protokol, \u00fcst\u00fcnd\u0259ki paltarlar\u0131n siyah\u0131s\u0131 da m\u0259hk\u0259m\u0259d\u0259 elan edilib. S\u0259n\u0259dd\u0259 b\u00fct\u00fcn paltarlar\u0131n \u00f6l\u00e7\u00fcl\u0259ri yaz\u0131lsa da, meyitin \u00f6z\u00fcn\u00fcn \u00f6l\u00e7\u00fcs\u00fc haqda he\u00e7 n\u0259 yoxdur.<\/p>\n\n\n\n<p>\u0130lkin S\u00fcleymanovun paltarlar\u0131n\u0131n n\u0259 vaxt g\u00f6t\u00fcr\u00fclm\u0259si m\u0259s\u0259l\u0259sind\u0259 v\u0259kill\u0259rl\u0259 prokuror aras\u0131nda fikir ayr\u0131l\u0131\u011f\u0131 yaran\u0131b. V\u0259kill\u0259r bildirib ki, istintaq\u0131n sonunda onlara t\u0259qdim olunan i\u015f materiallar\u0131nda vaxt g\u00f6st\u0259rilm\u0259yib.<\/p>\n\n\n\n<p>Prokuror is\u0259 deyir ki, onda olan protokolda vaxt yaz\u0131l\u0131b.<\/p>\n\n\n\n<p>\u201cBiz\u0259 h\u0259min s\u0259n\u0259dl\u0259ri prokurorluq istintaq\u0131n sonunda fla\u015f diskd\u0259 t\u0259qdim edib. Bel\u0259 \u00e7\u0131x\u0131r ki, sonradan s\u0259n\u0259dl\u0259r\u0259 m\u00fc\u0259yy\u0259n \u0259lav\u0259 v\u0259 d\u0259yi\u015fiklikl\u0259r edilib. \u018fks halda, bizd\u0259ki s\u0259n\u0259dl\u0259rd\u0259 olmay\u0131b, prokurordak\u0131 s\u0259n\u0259dd\u0259 tarixin g\u00f6st\u0259rilm\u0259sini izah etm\u0259k m\u00fcmk\u00fcn deyil\u201d, &#8211; v\u0259kill\u0259r bildirib.<\/p>\n\n\n\n<p>Bu i\u015f \u00fczr\u0259 m\u0259hk\u0259m\u0259 ara\u015fd\u0131rmalar\u0131 avqustun 24-d\u0259 davam ed\u0259c\u0259k.<\/p>\n\n\n\n<p>1973-c\u00fc il t\u0259v\u0259ll\u00fcdl\u00fc \u0130lkin S\u00fcleymanov Cinay\u0259t M\u0259c\u0259ll\u0259sinin 120.2.4 (x\u00fcsusi amans\u0131zl\u0131qla q\u0259sd\u0259n adam \u00f6ld\u00fcrm\u0259), 120.2.9 (t\u0259qsirkar \u015f\u0259xs \u00fc\u00e7\u00fcn a\u015fkar sur\u0259td\u0259 k\u00f6m\u0259ksiz v\u0259ziyy\u0259td\u0259 olan adam\u0131 q\u0259sd\u0259n \u00f6ld\u00fcrm\u0259), 133.2.1 (o\u011furlanm\u0131\u015f \u015f\u0259xs\u0259 \u0259zab verm\u0259), 133.2.4 (yetkinlik ya\u015f\u0131na \u00e7atmayan, k\u00f6m\u0259ksiz v\u0259ziyy\u0259td\u0259 olan \u015f\u0259xs\u0259 \u0259zab verm\u0259), 144-c\u00fc (adam o\u011furlu\u011fu) madd\u0259l\u0259ril\u0259 ittiham olunur.<\/p>\n\n\n\n<p>\u0130ttihama \u0259sas\u0259n, o, sinif yolda\u015f\u0131 \u015e\u0259rif Quliyevin ail\u0259si, u\u015faqlar\u0131 oldu\u011funa g\u00f6r\u0259 onu q\u0131sqan\u0131b, buna g\u00f6r\u0259 d\u0259 onun q\u0131z\u0131 N\u0259rmini o\u011furlayaraq, 47 g\u00fcn sonra q\u0259tl\u0259 yetirib.<\/p>\n\n\n\n<p>\u0130lkin S\u00fcleymanov is\u0259 azya\u015fl\u0131n\u0131n \u00f6l\u00fcm\u00fcn\u0259 aidiyy\u0259ti olmad\u0131\u011f\u0131n\u0131 deyir. \u0130lkin ifad\u0259sind\u0259ki etirafa g\u0259linc\u0259, o bildirib ki, 2020-ci il yanvar\u0131n 6-dan 10-na q\u0259d\u0259r Tovuz rayon Polis \u015e\u00f6b\u0259sind\u0259 i\u015fg\u0259nc\u0259y\u0259 m\u0259ruz qal\u0131b. D\u00f6rd g\u00fcn sonra i\u015fg\u0259nc\u0259l\u0259r\u0259 d\u00f6zm\u0259y\u0259r\u0259k, etiraf ifad\u0259sin\u0259 imza atma\u011fa m\u0259cbur olub.<\/p>\n\n\n\n<p>Ba\u015f Prokurorluq is\u0259 i\u015fg\u0259nc\u0259 iddialar\u0131n\u0131 t\u0259kzib edib.<\/p>\n","protected":false},"excerpt":{"rendered":"<p>\u0130lkin S\u00fcleymanov \u015fahid kimi ifad\u0259 verdiyi g\u00fcn evind\u0259n \u015f\u00fcbh\u0259li he\u00e7 &#8230; <\/p>\n<p class=\"read-more-container\"><a title=\"\u201cN\u0259rmin i\u015fi\u201d \u00fczr\u0259 m\u0259hk\u0259m\u0259d\u0259 elan edil\u0259n s\u0259n\u0259dl\u0259rd\u0259 n\u0259l\u0259r \u00fcz\u0259 \u00e7\u0131xd\u0131?\" class=\"read-more button\" href=\"https:\/\/www.meydan.tv\/az\/article\/nermin-isi-uzre-mehkemede-elan-edilen-senedlerde-neler-uze-cixdi\/#more-251928\" aria-label=\"Read more about \u201cN\u0259rmin i\u015fi\u201d \u00fczr\u0259 m\u0259hk\u0259m\u0259d\u0259 elan edil\u0259n s\u0259n\u0259dl\u0259rd\u0259 n\u0259l\u0259r \u00fcz\u0259 \u00e7\u0131xd\u0131?\">Davam\u0131<\/a><\/p>\n","protected":false},"author":8,"featured_media":241424,"comment_status":"closed","ping_status":"closed","sticky":false,"template":"","format":"standard","meta":{"_acf_changed":false,"_sitemap_exclude":false,"_sitemap_priority":"","_sitemap_frequency":"","footnotes":""},"categories":[60,79,56],"tags":[],"class_list":["post-251928","post","type-post","status-publish","format-standard","has-post-thumbnail","hentry","category-bolge","category-featured","category-xeberler","infinite-scroll-item","generate-columns","tablet-grid-50","mobile-grid-100","grid-parent","grid-33","no-featured-image-padding"],"acf":[],"yoast_head":"<!-- This site is optimized with the Yoast SEO plugin v27.5 - https:\/\/yoast.com\/product\/yoast-seo-wordpress\/ -->\n<title>\u201cN\u0259rmin i\u015fi\u201d \u00fczr\u0259 m\u0259hk\u0259m\u0259d\u0259 elan edil\u0259n s\u0259n\u0259dl\u0259rd\u0259 n\u0259l\u0259r \u00fcz\u0259 \u00e7\u0131xd\u0131? - MEYDAN.TV<\/title>\n<meta name=\"robots\" content=\"index, follow, max-snippet:-1, max-image-preview:large, max-video-preview:-1\" \/>\n<link rel=\"canonical\" href=\"https:\/\/www.meydan.tv\/az\/article\/nermin-isi-uzre-mehkemede-elan-edilen-senedlerde-neler-uze-cixdi\/\" \/>\n<meta property=\"og:locale\" content=\"az_AZ\" \/>\n<meta property=\"og:type\" content=\"article\" \/>\n<meta property=\"og:title\" content=\"\u201cN\u0259rmin i\u015fi\u201d \u00fczr\u0259 m\u0259hk\u0259m\u0259d\u0259 elan edil\u0259n s\u0259n\u0259dl\u0259rd\u0259 n\u0259l\u0259r \u00fcz\u0259 \u00e7\u0131xd\u0131? - MEYDAN.TV\" \/>\n<meta property=\"og:description\" content=\"\u0130lkin S\u00fcleymanov \u015fahid kimi ifad\u0259 verdiyi g\u00fcn evind\u0259n \u015f\u00fcbh\u0259li he\u00e7 ... Davam\u0131\" \/>\n<meta property=\"og:url\" content=\"https:\/\/www.meydan.tv\/az\/article\/nermin-isi-uzre-mehkemede-elan-edilen-senedlerde-neler-uze-cixdi\/\" \/>\n<meta property=\"og:site_name\" content=\"MEYDAN.TV\" \/>\n<meta property=\"article:published_time\" content=\"2022-07-27T17:19:27+00:00\" \/>\n<meta property=\"article:modified_time\" content=\"2022-07-27T17:19:29+00:00\" \/>\n<meta property=\"og:image\" content=\"https:\/\/www.meydan.tv\/wp-content\/uploads\/photo-2022-04-11-16-04-01-e1649746574597.jpg\" \/>\n\t<meta property=\"og:image:width\" content=\"1200\" \/>\n\t<meta property=\"og:image:height\" content=\"711\" \/>\n\t<meta property=\"og:image:type\" content=\"image\/jpeg\" \/>\n<meta name=\"author\" content=\"elli\" \/>\n<meta name=\"twitter:card\" content=\"summary_large_image\" \/>\n<meta name=\"twitter:creator\" content=\"@elli\" \/>\n<script type=\"application\/ld+json\" class=\"yoast-schema-graph\">{\"@context\":\"https:\\\/\\\/schema.org\",\"@graph\":[{\"@type\":\"Article\",\"@id\":\"https:\\\/\\\/www.meydan.tv\\\/az\\\/article\\\/nermin-isi-uzre-mehkemede-elan-edilen-senedlerde-neler-uze-cixdi\\\/#article\",\"isPartOf\":{\"@id\":\"https:\\\/\\\/www.meydan.tv\\\/az\\\/article\\\/nermin-isi-uzre-mehkemede-elan-edilen-senedlerde-neler-uze-cixdi\\\/\"},\"author\":{\"name\":\"elli\",\"@id\":\"https:\\\/\\\/www.meydan.tv\\\/az\\\/#\\\/schema\\\/person\\\/9cdbecf90d17180ce1dfbd95b08dcf47\"},\"headline\":\"\u201cN\u0259rmin i\u015fi\u201d \u00fczr\u0259 m\u0259hk\u0259m\u0259d\u0259 elan edil\u0259n s\u0259n\u0259dl\u0259rd\u0259 n\u0259l\u0259r \u00fcz\u0259 \u00e7\u0131xd\u0131?\",\"datePublished\":\"2022-07-27T17:19:27+00:00\",\"dateModified\":\"2022-07-27T17:19:29+00:00\",\"mainEntityOfPage\":{\"@id\":\"https:\\\/\\\/www.meydan.tv\\\/az\\\/article\\\/nermin-isi-uzre-mehkemede-elan-edilen-senedlerde-neler-uze-cixdi\\\/\"},\"wordCount\":989,\"publisher\":{\"@id\":\"https:\\\/\\\/www.meydan.tv\\\/az\\\/#organization\"},\"image\":{\"@id\":\"https:\\\/\\\/www.meydan.tv\\\/az\\\/article\\\/nermin-isi-uzre-mehkemede-elan-edilen-senedlerde-neler-uze-cixdi\\\/#primaryimage\"},\"thumbnailUrl\":\"https:\\\/\\\/www.meydan.tv\\\/wp-content\\\/uploads\\\/photo-2022-04-11-16-04-01-e1685950918665.jpg\",\"articleSection\":[\"B\u00f6lg\u0259\",\"T\u00f6vsiy\u0259\",\"X\u0259b\u0259rl\u0259r\"],\"inLanguage\":\"az\"},{\"@type\":\"WebPage\",\"@id\":\"https:\\\/\\\/www.meydan.tv\\\/az\\\/article\\\/nermin-isi-uzre-mehkemede-elan-edilen-senedlerde-neler-uze-cixdi\\\/\",\"url\":\"https:\\\/\\\/www.meydan.tv\\\/az\\\/article\\\/nermin-isi-uzre-mehkemede-elan-edilen-senedlerde-neler-uze-cixdi\\\/\",\"name\":\"\u201cN\u0259rmin i\u015fi\u201d \u00fczr\u0259 m\u0259hk\u0259m\u0259d\u0259 elan edil\u0259n s\u0259n\u0259dl\u0259rd\u0259 n\u0259l\u0259r \u00fcz\u0259 \u00e7\u0131xd\u0131? - MEYDAN.TV\",\"isPartOf\":{\"@id\":\"https:\\\/\\\/www.meydan.tv\\\/az\\\/#website\"},\"primaryImageOfPage\":{\"@id\":\"https:\\\/\\\/www.meydan.tv\\\/az\\\/article\\\/nermin-isi-uzre-mehkemede-elan-edilen-senedlerde-neler-uze-cixdi\\\/#primaryimage\"},\"image\":{\"@id\":\"https:\\\/\\\/www.meydan.tv\\\/az\\\/article\\\/nermin-isi-uzre-mehkemede-elan-edilen-senedlerde-neler-uze-cixdi\\\/#primaryimage\"},\"thumbnailUrl\":\"https:\\\/\\\/www.meydan.tv\\\/wp-content\\\/uploads\\\/photo-2022-04-11-16-04-01-e1685950918665.jpg\",\"datePublished\":\"2022-07-27T17:19:27+00:00\",\"dateModified\":\"2022-07-27T17:19:29+00:00\",\"breadcrumb\":{\"@id\":\"https:\\\/\\\/www.meydan.tv\\\/az\\\/article\\\/nermin-isi-uzre-mehkemede-elan-edilen-senedlerde-neler-uze-cixdi\\\/#breadcrumb\"},\"inLanguage\":\"az\",\"potentialAction\":[{\"@type\":\"ReadAction\",\"target\":[\"https:\\\/\\\/www.meydan.tv\\\/az\\\/article\\\/nermin-isi-uzre-mehkemede-elan-edilen-senedlerde-neler-uze-cixdi\\\/\"]}]},{\"@type\":\"ImageObject\",\"inLanguage\":\"az\",\"@id\":\"https:\\\/\\\/www.meydan.tv\\\/az\\\/article\\\/nermin-isi-uzre-mehkemede-elan-edilen-senedlerde-neler-uze-cixdi\\\/#primaryimage\",\"url\":\"https:\\\/\\\/www.meydan.tv\\\/wp-content\\\/uploads\\\/photo-2022-04-11-16-04-01-e1685950918665.jpg\",\"contentUrl\":\"https:\\\/\\\/www.meydan.tv\\\/wp-content\\\/uploads\\\/photo-2022-04-11-16-04-01-e1685950918665.jpg\",\"width\":1200,\"height\":450,\"caption\":\"\u0130lkin S\u00fcleymanov. Foto: Meydan TV\"},{\"@type\":\"BreadcrumbList\",\"@id\":\"https:\\\/\\\/www.meydan.tv\\\/az\\\/article\\\/nermin-isi-uzre-mehkemede-elan-edilen-senedlerde-neler-uze-cixdi\\\/#breadcrumb\",\"itemListElement\":[{\"@type\":\"ListItem\",\"position\":1,\"name\":\"Ana s\u0259hif\u0259\",\"item\":\"https:\\\/\\\/www.meydan.tv\\\/az\\\/\"},{\"@type\":\"ListItem\",\"position\":2,\"name\":\"B\u00f6lg\u0259\",\"item\":\"https:\\\/\\\/www.meydan.tv\\\/az\\\/section\\\/bolge\\\/\"},{\"@type\":\"ListItem\",\"position\":3,\"name\":\"\u201cN\u0259rmin i\u015fi\u201d \u00fczr\u0259 m\u0259hk\u0259m\u0259d\u0259 elan edil\u0259n s\u0259n\u0259dl\u0259rd\u0259 n\u0259l\u0259r \u00fcz\u0259 \u00e7\u0131xd\u0131?\"}]},{\"@type\":\"WebSite\",\"@id\":\"https:\\\/\\\/www.meydan.tv\\\/az\\\/#website\",\"url\":\"https:\\\/\\\/www.meydan.tv\\\/az\\\/\",\"name\":\"MEYDAN.TV\",\"description\":\"Meydan TV Az\u0259rbaycan\u0131n media m\u0259kan\u0131ndak\u0131 alternativ s\u0259sidir\",\"publisher\":{\"@id\":\"https:\\\/\\\/www.meydan.tv\\\/az\\\/#organization\"},\"potentialAction\":[{\"@type\":\"SearchAction\",\"target\":{\"@type\":\"EntryPoint\",\"urlTemplate\":\"https:\\\/\\\/www.meydan.tv\\\/az\\\/?s={search_term_string}\"},\"query-input\":{\"@type\":\"PropertyValueSpecification\",\"valueRequired\":true,\"valueName\":\"search_term_string\"}}],\"inLanguage\":\"az\"},{\"@type\":\"Organization\",\"@id\":\"https:\\\/\\\/www.meydan.tv\\\/az\\\/#organization\",\"name\":\"Meydan TV\",\"url\":\"https:\\\/\\\/www.meydan.tv\\\/az\\\/\",\"logo\":{\"@type\":\"ImageObject\",\"inLanguage\":\"az\",\"@id\":\"https:\\\/\\\/www.meydan.tv\\\/az\\\/#\\\/schema\\\/logo\\\/image\\\/\",\"url\":\"https:\\\/\\\/www.meydan.tv\\\/wp-content\\\/uploads\\\/2021\\\/07\\\/meydan-logo.svg\",\"contentUrl\":\"https:\\\/\\\/www.meydan.tv\\\/wp-content\\\/uploads\\\/2021\\\/07\\\/meydan-logo.svg\",\"width\":195,\"height\":46,\"caption\":\"Meydan TV\"},\"image\":{\"@id\":\"https:\\\/\\\/www.meydan.tv\\\/az\\\/#\\\/schema\\\/logo\\\/image\\\/\"}},{\"@type\":\"Person\",\"@id\":\"https:\\\/\\\/www.meydan.tv\\\/az\\\/#\\\/schema\\\/person\\\/9cdbecf90d17180ce1dfbd95b08dcf47\",\"name\":\"elli\",\"sameAs\":[\"https:\\\/\\\/x.com\\\/elli\"]}]}<\/script>\n<!-- \/ Yoast SEO plugin. -->","yoast_head_json":{"title":"\u201cN\u0259rmin i\u015fi\u201d \u00fczr\u0259 m\u0259hk\u0259m\u0259d\u0259 elan edil\u0259n s\u0259n\u0259dl\u0259rd\u0259 n\u0259l\u0259r \u00fcz\u0259 \u00e7\u0131xd\u0131? - MEYDAN.TV","robots":{"index":"index","follow":"follow","max-snippet":"max-snippet:-1","max-image-preview":"max-image-preview:large","max-video-preview":"max-video-preview:-1"},"canonical":"https:\/\/www.meydan.tv\/az\/article\/nermin-isi-uzre-mehkemede-elan-edilen-senedlerde-neler-uze-cixdi\/","og_locale":"az_AZ","og_type":"article","og_title":"\u201cN\u0259rmin i\u015fi\u201d \u00fczr\u0259 m\u0259hk\u0259m\u0259d\u0259 elan edil\u0259n s\u0259n\u0259dl\u0259rd\u0259 n\u0259l\u0259r \u00fcz\u0259 \u00e7\u0131xd\u0131? - MEYDAN.TV","og_description":"\u0130lkin S\u00fcleymanov \u015fahid kimi ifad\u0259 verdiyi g\u00fcn evind\u0259n \u015f\u00fcbh\u0259li he\u00e7 ... Davam\u0131","og_url":"https:\/\/www.meydan.tv\/az\/article\/nermin-isi-uzre-mehkemede-elan-edilen-senedlerde-neler-uze-cixdi\/","og_site_name":"MEYDAN.TV","article_published_time":"2022-07-27T17:19:27+00:00","article_modified_time":"2022-07-27T17:19:29+00:00","og_image":[{"width":1200,"height":711,"url":"https:\/\/www.meydan.tv\/wp-content\/uploads\/photo-2022-04-11-16-04-01-e1649746574597.jpg","type":"image\/jpeg"}],"author":"elli","twitter_card":"summary_large_image","twitter_creator":"@elli","schema":{"@context":"https:\/\/schema.org","@graph":[{"@type":"Article","@id":"https:\/\/www.meydan.tv\/az\/article\/nermin-isi-uzre-mehkemede-elan-edilen-senedlerde-neler-uze-cixdi\/#article","isPartOf":{"@id":"https:\/\/www.meydan.tv\/az\/article\/nermin-isi-uzre-mehkemede-elan-edilen-senedlerde-neler-uze-cixdi\/"},"author":{"name":"elli","@id":"https:\/\/www.meydan.tv\/az\/#\/schema\/person\/9cdbecf90d17180ce1dfbd95b08dcf47"},"headline":"\u201cN\u0259rmin i\u015fi\u201d \u00fczr\u0259 m\u0259hk\u0259m\u0259d\u0259 elan edil\u0259n s\u0259n\u0259dl\u0259rd\u0259 n\u0259l\u0259r \u00fcz\u0259 \u00e7\u0131xd\u0131?","datePublished":"2022-07-27T17:19:27+00:00","dateModified":"2022-07-27T17:19:29+00:00","mainEntityOfPage":{"@id":"https:\/\/www.meydan.tv\/az\/article\/nermin-isi-uzre-mehkemede-elan-edilen-senedlerde-neler-uze-cixdi\/"},"wordCount":989,"publisher":{"@id":"https:\/\/www.meydan.tv\/az\/#organization"},"image":{"@id":"https:\/\/www.meydan.tv\/az\/article\/nermin-isi-uzre-mehkemede-elan-edilen-senedlerde-neler-uze-cixdi\/#primaryimage"},"thumbnailUrl":"https:\/\/www.meydan.tv\/wp-content\/uploads\/photo-2022-04-11-16-04-01-e1685950918665.jpg","articleSection":["B\u00f6lg\u0259","T\u00f6vsiy\u0259","X\u0259b\u0259rl\u0259r"],"inLanguage":"az"},{"@type":"WebPage","@id":"https:\/\/www.meydan.tv\/az\/article\/nermin-isi-uzre-mehkemede-elan-edilen-senedlerde-neler-uze-cixdi\/","url":"https:\/\/www.meydan.tv\/az\/article\/nermin-isi-uzre-mehkemede-elan-edilen-senedlerde-neler-uze-cixdi\/","name":"\u201cN\u0259rmin i\u015fi\u201d \u00fczr\u0259 m\u0259hk\u0259m\u0259d\u0259 elan edil\u0259n s\u0259n\u0259dl\u0259rd\u0259 n\u0259l\u0259r \u00fcz\u0259 \u00e7\u0131xd\u0131? - MEYDAN.TV","isPartOf":{"@id":"https:\/\/www.meydan.tv\/az\/#website"},"primaryImageOfPage":{"@id":"https:\/\/www.meydan.tv\/az\/article\/nermin-isi-uzre-mehkemede-elan-edilen-senedlerde-neler-uze-cixdi\/#primaryimage"},"image":{"@id":"https:\/\/www.meydan.tv\/az\/article\/nermin-isi-uzre-mehkemede-elan-edilen-senedlerde-neler-uze-cixdi\/#primaryimage"},"thumbnailUrl":"https:\/\/www.meydan.tv\/wp-content\/uploads\/photo-2022-04-11-16-04-01-e1685950918665.jpg","datePublished":"2022-07-27T17:19:27+00:00","dateModified":"2022-07-27T17:19:29+00:00","breadcrumb":{"@id":"https:\/\/www.meydan.tv\/az\/article\/nermin-isi-uzre-mehkemede-elan-edilen-senedlerde-neler-uze-cixdi\/#breadcrumb"},"inLanguage":"az","potentialAction":[{"@type":"ReadAction","target":["https:\/\/www.meydan.tv\/az\/article\/nermin-isi-uzre-mehkemede-elan-edilen-senedlerde-neler-uze-cixdi\/"]}]},{"@type":"ImageObject","inLanguage":"az","@id":"https:\/\/www.meydan.tv\/az\/article\/nermin-isi-uzre-mehkemede-elan-edilen-senedlerde-neler-uze-cixdi\/#primaryimage","url":"https:\/\/www.meydan.tv\/wp-content\/uploads\/photo-2022-04-11-16-04-01-e1685950918665.jpg","contentUrl":"https:\/\/www.meydan.tv\/wp-content\/uploads\/photo-2022-04-11-16-04-01-e1685950918665.jpg","width":1200,"height":450,"caption":"\u0130lkin S\u00fcleymanov. Foto: Meydan TV"},{"@type":"BreadcrumbList","@id":"https:\/\/www.meydan.tv\/az\/article\/nermin-isi-uzre-mehkemede-elan-edilen-senedlerde-neler-uze-cixdi\/#breadcrumb","itemListElement":[{"@type":"ListItem","position":1,"name":"Ana s\u0259hif\u0259","item":"https:\/\/www.meydan.tv\/az\/"},{"@type":"ListItem","position":2,"name":"B\u00f6lg\u0259","item":"https:\/\/www.meydan.tv\/az\/section\/bolge\/"},{"@type":"ListItem","position":3,"name":"\u201cN\u0259rmin i\u015fi\u201d \u00fczr\u0259 m\u0259hk\u0259m\u0259d\u0259 elan edil\u0259n s\u0259n\u0259dl\u0259rd\u0259 n\u0259l\u0259r \u00fcz\u0259 \u00e7\u0131xd\u0131?"}]},{"@type":"WebSite","@id":"https:\/\/www.meydan.tv\/az\/#website","url":"https:\/\/www.meydan.tv\/az\/","name":"MEYDAN.TV","description":"Meydan TV Az\u0259rbaycan\u0131n media m\u0259kan\u0131ndak\u0131 alternativ s\u0259sidir","publisher":{"@id":"https:\/\/www.meydan.tv\/az\/#organization"},"potentialAction":[{"@type":"SearchAction","target":{"@type":"EntryPoint","urlTemplate":"https:\/\/www.meydan.tv\/az\/?s={search_term_string}"},"query-input":{"@type":"PropertyValueSpecification","valueRequired":true,"valueName":"search_term_string"}}],"inLanguage":"az"},{"@type":"Organization","@id":"https:\/\/www.meydan.tv\/az\/#organization","name":"Meydan TV","url":"https:\/\/www.meydan.tv\/az\/","logo":{"@type":"ImageObject","inLanguage":"az","@id":"https:\/\/www.meydan.tv\/az\/#\/schema\/logo\/image\/","url":"https:\/\/www.meydan.tv\/wp-content\/uploads\/2021\/07\/meydan-logo.svg","contentUrl":"https:\/\/www.meydan.tv\/wp-content\/uploads\/2021\/07\/meydan-logo.svg","width":195,"height":46,"caption":"Meydan TV"},"image":{"@id":"https:\/\/www.meydan.tv\/az\/#\/schema\/logo\/image\/"}},{"@type":"Person","@id":"https:\/\/www.meydan.tv\/az\/#\/schema\/person\/9cdbecf90d17180ce1dfbd95b08dcf47","name":"elli","sameAs":["https:\/\/x.com\/elli"]}]}},"_links":{"self":[{"href":"https:\/\/www.meydan.tv\/az\/wp-json\/wp\/v2\/posts\/251928","targetHints":{"allow":["GET"]}}],"collection":[{"href":"https:\/\/www.meydan.tv\/az\/wp-json\/wp\/v2\/posts"}],"about":[{"href":"https:\/\/www.meydan.tv\/az\/wp-json\/wp\/v2\/types\/post"}],"author":[{"embeddable":true,"href":"https:\/\/www.meydan.tv\/az\/wp-json\/wp\/v2\/users\/8"}],"replies":[{"embeddable":true,"href":"https:\/\/www.meydan.tv\/az\/wp-json\/wp\/v2\/comments?post=251928"}],"version-history":[{"count":1,"href":"https:\/\/www.meydan.tv\/az\/wp-json\/wp\/v2\/posts\/251928\/revisions"}],"predecessor-version":[{"id":251929,"href":"https:\/\/www.meydan.tv\/az\/wp-json\/wp\/v2\/posts\/251928\/revisions\/251929"}],"wp:featuredmedia":[{"embeddable":true,"href":"https:\/\/www.meydan.tv\/az\/wp-json\/wp\/v2\/media\/241424"}],"wp:attachment":[{"href":"https:\/\/www.meydan.tv\/az\/wp-json\/wp\/v2\/media?parent=251928"}],"wp:term":[{"taxonomy":"category","embeddable":true,"href":"https:\/\/www.meydan.tv\/az\/wp-json\/wp\/v2\/categories?post=251928"},{"taxonomy":"post_tag","embeddable":true,"href":"https:\/\/www.meydan.tv\/az\/wp-json\/wp\/v2\/tags?post=251928"}],"curies":[{"name":"wp","href":"https:\/\/api.w.org\/{rel}","templated":true}]}}