{"id":251893,"date":"2022-07-27T16:49:37","date_gmt":"2022-07-27T12:49:37","guid":{"rendered":"https:\/\/www.meydan.tv\/?p=251893"},"modified":"2022-07-27T18:36:52","modified_gmt":"2022-07-27T14:36:52","slug":"uvnanli-sosial-yardimin-iki-ayliq-odenisini-istediler-vermedim-legv-etdirdiler","status":"publish","type":"post","link":"https:\/\/www.meydan.tv\/az\/article\/uvnanli-sosial-yardimin-iki-ayliq-odenisini-istediler-vermedim-legv-etdirdiler\/","title":{"rendered":"\u201c\u00dcnvanl\u0131 sosial yard\u0131m\u0131n iki ayl\u0131q \u00f6d\u0259ni\u015fini ist\u0259dil\u0259r, verm\u0259dim, l\u0259\u011fv etdirdil\u0259r\u201d"},"content":{"rendered":"\n<p><\/p>\n\n\n\n<p><em>\u015e\u0259mkir rayon sakini prokurorlu\u011fa m\u00fcraci\u0259t edib<\/em><\/p>\n\n\n\n<p>\u201c\u00dcnvanl\u0131 sosial yard\u0131m t\u0259yin olunandan sonra z\u0259ng vurub dedil\u0259r, iki ay\u0131n pulunu g\u0259tir bu ba\u015fdan ver, biz d\u0259 r\u0259hb\u0259rliy\u0259 \u00e7atd\u0131rmal\u0131y\u0131q. Dedim, yar\u0131m\u00e7\u0131q s\u0259n\u0259d g\u00f6nd\u0259rmisiz, 50 manat alm\u0131s\u0131n\u0131z, sonradan \u0259lav\u0259 t\u0259l\u0259b olunan s\u0259n\u0259dl\u0259ri \u00f6z\u00fcm g\u00f6nd\u0259rmi\u015f\u0259m. M\u0259n h\u0259l\u0259 sosial yard\u0131m k\u00f6\u00e7m\u0259si \u00fc\u00e7\u00fcn kart\u0131 avqustun 11-d\u0259n sonra alacam, \u00fcst\u0259lik d\u0259, bu yard\u0131m\u0131 d\u00f6vl\u0259t t\u0259yin edir, iki ayl\u0131\u011f\u0131n\u0131 siz\u0259 niy\u0259 ba\u011f\u0131\u015flamal\u0131yam? \u0130ki g\u00fcn sonra n\u0259 etdil\u0259rs\u0259, \u00fcnvanl\u0131 sosial yard\u0131m l\u0259\u011fv olundu\u201d.<\/p>\n\n\n\n<p>Bunu Meydan TV-y\u0259 \u015e\u0259mkir sakini Qorxmaz M\u0259mm\u0259dov deyir. Onun s\u00f6zl\u0259rin\u0259 g\u00f6r\u0259, bir m\u00fcdd\u0259t \u0259vv\u0259l \u00fcnvanl\u0131 sosial yard\u0131m t\u0259yin olunmas\u0131 \u00fc\u00e7\u00fcn rayonun \u018fm\u0259k v\u0259 \u018fhalinin Sosial M\u00fcdafi\u0259si M\u0259rk\u0259zin\u0259 m\u00fcraci\u0259t edib. M\u0259rk\u0259zd\u0259n ona \u00fcnvanl\u0131 sosial yard\u0131ma g\u00f6r\u0259 m\u00fcraci\u0259t \u00fc\u00e7\u00fcn t\u0259l\u0259b olunan s\u0259n\u0259dl\u0259rin siyah\u0131s\u0131 verilib. Qorxmaz M\u0259mm\u0259dov da s\u0259n\u0259dl\u0259ri toplayaraq yenid\u0259n m\u0259rk\u0259z\u0259 \u00fcz tutub. Deyir, bu d\u0259f\u0259 m\u0259rk\u0259zin i\u015f\u00e7il\u0259ri onu yax\u0131nl\u0131qdak\u0131 bir ofis\u0259 y\u00f6nl\u0259ndiribl\u0259r. Ofisd\u0259 \u0259yl\u0259\u015f\u0259n S\u0259dr\u0259ddin Abbasovla V\u00fcsal Abbasov (ata-o\u011ful) s\u0259n\u0259dl\u0259ri elektron qaydada nazirliy\u0259 g\u00f6nd\u0259ribl\u0259r. Xidm\u0259t haqq\u0131 olaraq ondan 50 manat al\u0131blar. Qorxmaz M\u0259mm\u0259dov 14 i\u015f g\u00fcn\u00fc g\u00f6zl\u0259y\u0259nd\u0259n sonra n\u0259tic\u0259ni \u00f6yr\u0259nm\u0259k \u00fc\u00e7\u00fcn \u018fm\u0259k v\u0259 \u018fhalinin Sosial M\u00fcdafi\u0259si Nazirliyinin \u201cQaynar x\u0259tt\u201din\u0259 z\u0259ng edib. Ona bildirilib ki, s\u0259n\u0259dl\u0259ri yoxlan\u0131l\u0131r:<\/p>\n\n\n\n<p>\u201cDaha bir ne\u00e7\u0259 g\u00fcn ke\u00e7di, Bak\u0131dan &#8211; nazirlikd\u0259n g\u0259ldil\u0259r. Ev\u0259 baxd\u0131lar, ya\u015fay\u0131\u015f\u0131mla maraqland\u0131lar, dig\u0259r \u0259mlaklar\u0131m\u0131n, torpaq sah\u0259min olub-olmamas\u0131yla ba\u011fl\u0131 \u0259lav\u0259 s\u0259n\u0259dl\u0259ri toplay\u0131b g\u00f6nd\u0259rm\u0259yi tap\u015f\u0131r\u0131b getdil\u0259r. M\u0259n d\u0259 t\u0259l\u0259b olunan aray\u0131\u015flar\u0131 al\u0131b Bak\u0131ya g\u00f6nd\u0259rdim. Daha bir ne\u00e7\u0259 g\u00fcn ke\u00e7dikd\u0259n sonra telefonuma mesaj g\u0259ldi ki, m\u0259n\u0259 1 il m\u00fcdd\u0259tin\u0259, ayl\u0131q 492 manat olmaqla \u00fcnvanl\u0131 sosial yard\u0131m t\u0259yin edilib\u201d.<\/p>\n\n\n\n<p>Ancaq Qorxmaz M\u0259mm\u0259dovum sevinci uzun s\u00fcrm\u0259yib. Dem\u0259sin\u0259 g\u00f6r\u0259, bu x\u0259b\u0259ri alandan 3 g\u00fcn sonra Abbasovlar ona z\u0259ng vuraraq \u0259vv\u0259lc\u0259 g\u00f6zayd\u0131nl\u0131\u011f\u0131 veribl\u0259r, sonrasa t\u0259l\u0259b edibl\u0259r ki, t\u0259yin olunmu\u015f \u00fcnvanl\u0131 sosial yard\u0131m\u0131n iki ayl\u0131q \u00f6d\u0259ni\u015fini bu ba\u015fdan onlara \u00e7atd\u0131rs\u0131n:<\/p>\n\n\n\n<p>\u201cDedil\u0259r, bilirs\u0259n ki, bu yard\u0131m el\u0259-bel\u0259 t\u0259yin olunmur. \u0130ki ayl\u0131\u011f\u0131n\u0131 \u015firinlik kimi verm\u0259lis\u0259n ki, aparaq, r\u0259hb\u0259rliy\u0259 \u00e7atd\u0131raq. Daha o r\u0259hb\u0259rlik kimdir, onu bilm\u0259dim. Dedim, m\u0259n h\u0259l\u0259 o yard\u0131m\u0131 avqustdan alacam, kart m\u0259n\u0259 avqustun 11-d\u0259n sonra veril\u0259c\u0259k. \u00dcst\u0259lik d\u0259, d\u00f6vl\u0259tin t\u0259yin etdiyi yard\u0131m\u0131n yar\u0131s\u0131n\u0131 siz\u0259 niy\u0259 verm\u0259liy\u0259m? S\u0259n\u0259d g\u00f6nd\u0259rmisiniz, buna g\u00f6r\u0259 d\u0259 50 manat xidm\u0259t haqq\u0131 alm\u0131s\u0131n\u0131z. Dedi, biz\u0259 \u00e7atm\u0131r, r\u0259hb\u0259rliy\u0259 \u00e7at\u0131r. Konkret dedim ki, vermir\u0259m. Dedil\u0259r, vermirs\u0259ns\u0259, yard\u0131m da g\u00f6rm\u0259y\u0259c\u0259ks\u0259n\u201d.<\/p>\n\n\n\n<p>Qorxmaz M\u0259mm\u0259dovun s\u00f6zl\u0259rin\u0259 g\u00f6r\u0259, bir ne\u00e7\u0259 g\u00fcn sonra ya\u015fad\u0131\u011f\u0131 \u00fcnvana yen\u0259 iki n\u0259f\u0259r g\u0259lib:<\/p>\n\n\n\n<p>\u201cDedil\u0259r, Bak\u0131dan g\u0259lmi\u015fik, ev \u015f\u0259raitinl\u0259 tan\u0131\u015f olmal\u0131y\u0131q, akt yazmal\u0131y\u0131q. Dedim, \u00f6t\u0259n ay g\u0259ldil\u0259r, getdil\u0259r, yard\u0131m da t\u0259yin olundu. Onlardan biri harasa z\u0259ng vurdu, dedi, \u0259g\u0259r bu \u00fcnvan yoxlan\u0131l\u0131bsa, bizi bura t\u0259krar niy\u0259 yollay\u0131blar? Bu adam n\u0259 dedil\u0259r, n\u0259 dem\u0259dil\u0259rs\u0259, dan\u0131\u015f\u0131\u011f\u0131n\u0131 bitir\u0259nd\u0259n sonra m\u0259n\u0259 dedi ki, a\u011fsaqqal, s\u0259nin yard\u0131m\u0131n l\u0259\u011fv olunub. Dedim, nec\u0259 y\u0259ni l\u0259\u011fv olunub? Dedi, b\u0259li, s\u0259n sonradan \u0259riz\u0259yl\u0259 nazirliy\u0259 t\u0259krar m\u00fcraci\u0259t etmis\u0259n ki, g\u0259lirl\u0259rim art\u0131b, \u00fcnvanl\u0131 sosial yard\u0131ma ehtiyac\u0131m yoxdur, nazirlik d\u0259 \u0259riz\u0259n\u0259 \u0259sas\u0259n yard\u0131m\u0131 l\u0259\u011fv edib\u201d.<\/p>\n\n\n\n<p>Qorxmaz M\u0259mm\u0259dovun s\u00f6zl\u0259rin\u0259 g\u00f6r\u0259, m\u0259s\u0259l\u0259ni ayd\u0131nla\u015fd\u0131rmaq \u00fc\u00e7\u00fcn \u018fm\u0259k v\u0259 \u018fhalinin Sosial M\u00fcdafi\u0259si Nazirliyinin \u201cQaynar x\u0259tt\u201din\u0259 z\u0259ng vurub. Oradan da eyni s\u00f6z\u00fc e\u015fidib:<\/p>\n\n\n\n<p>\u201cM\u0259nd\u0259n soru\u015fdular ki, s\u0259n\u0259dl\u0259ri hardan, nec\u0259 g\u00f6nd\u0259rmis\u0259n? Dedim, rayonda bir ofisd\u0259n elektron qaydada g\u00f6nd\u0259ribl\u0259r. Dedil\u0259r, g\u00fcnah \u00f6z\u00fcnd\u0259dir, g\u0259r\u0259k o i\u015fi \u00f6z\u00fcn g\u00f6r\u0259ydin. Bel\u0259 anlad\u0131m ki, s\u0259n\u0259dl\u0259rimi elektron qaydada g\u00f6nd\u0259r\u0259n \u015f\u0259xs sonradan m\u0259nim ad\u0131mdan \u0259riz\u0259 g\u00f6nd\u0259rib, l\u0259\u011fv etdirib\u201d.<\/p>\n\n\n\n<p>Meydan TV m\u00fcxbiri \u00fcnvanl\u0131 sosial yard\u0131m \u00fc\u00e7\u00fcn Qorxmaz M\u0259mm\u0259dovun s\u0259n\u0259dl\u0259rini elektron qaydada nazirliy\u0259 g\u00f6nd\u0259rmi\u015f V\u00fcsal Abbasovla dan\u0131\u015f\u0131b. V\u00fcsal Abbasov bildirib ki, fiziki \u015f\u0259xs kimi sahibkarl\u0131q f\u0259aliyy\u0259tiyl\u0259 m\u0259\u015f\u011ful olur. Bu f\u0259aliyy\u0259tis\u0259 m\u00fcraci\u0259t ed\u0259n v\u0259t\u0259nda\u015flar\u0131n m\u00fcxt\u0259lif qurumlara elektron s\u0259n\u0259dl\u0259rin g\u00f6nd\u0259rm\u0259sind\u0259n ibar\u0259tdir:<\/p>\n\n\n\n<p>\u201cO adamdan 20 manat xidm\u0259thaqq\u0131 alm\u0131\u015f\u0131q. Dedikl\u0259ri d\u0259 \u015f\u0259r-b\u00f6htand\u0131r. \u018fg\u0259r onun \u00fcnvanl\u0131 sosial yard\u0131m\u0131 l\u0259\u011fv edilibs\u0259, buna g\u00f6r\u0259 bizim n\u0259 g\u00fcnah\u0131m\u0131z var? Getsin, aidiyy\u0259ti \u00fczr\u0259 qurumla ayd\u0131nla\u015fd\u0131rs\u0131n. Ondan xidm\u0259thaqq\u0131dan ba\u015fqa pul ist\u0259m\u0259mi\u015fik\u201d.<\/p>\n\n\n\n<p>Qorxmaz M\u0259mm\u0259dov ba\u015f\u0131na g\u0259l\u0259nl\u0259rl\u0259 ba\u011fl\u0131 rayon prokurorlu\u011funa \u015fikay\u0259t \u0259riz\u0259siyl\u0259 m\u00fcraci\u0259t edib:<\/p>\n\n\n\n<p>\u201c\u0130lyar\u0131m idi ki, \u00fcnvanl\u0131 sosial yard\u0131m\u0131n t\u0259yin olunmas\u0131 \u00fc\u00e7\u00fcn \u00e7abalay\u0131rd\u0131m. \u00d6z\u00fcm a\u011fciy\u0259r x\u0259st\u0259liyind\u0259n, azya\u015fl\u0131 balam a\u011f\u0131r skarliozdan \u0259ziyy\u0259t \u00e7\u0259kir, belind\u0259 mil da\u015f\u0131y\u0131r, indi d\u0259 boynunda s\u00fcr\u0259tl\u0259 \u0259yilm\u0259 gedir. Onu Bak\u0131ya apar\u0131b t\u0259krar \u0259m\u0259liyyat etdirm\u0259liy\u0259m. B\u00fct\u00fcn \u00fcmidl\u0259rimi \u00fcnvanl\u0131 sosial yard\u0131ma ba\u011flam\u0131\u015fd\u0131m. Bu da m\u0259n\u0259 vurduqlar\u0131 z\u0259rb\u0259\u2026 M\u0259n bu i\u015fi bel\u0259 qoymayaca\u011fam, bu, g\u00f6r\u00fcnm\u0259y\u0259n \u00f6zba\u015f\u0131nal\u0131qd\u0131r\u201d, &#8211; o, Meydan TV-y\u0259 deyib.<\/p>\n\n\n\n<p>Meydan TV m\u00fcxbiri \u015e\u0259mkir rayon \u018fm\u0259k v\u0259 \u018fhalinin Sosial M\u00fcdafi\u0259si M\u0259rk\u0259ziyl\u0259 d\u0259 dan\u0131\u015fma\u011fa c\u0259hd edib, ancaq qurumdan he\u00e7 bir cavab ala bilm\u0259yib.<\/p>\n","protected":false},"excerpt":{"rendered":"<p>\u015e\u0259mkir rayon sakini prokurorlu\u011fa m\u00fcraci\u0259t edib \u201c\u00dcnvanl\u0131 sosial yard\u0131m t\u0259yin &#8230; <\/p>\n<p class=\"read-more-container\"><a title=\"\u201c\u00dcnvanl\u0131 sosial yard\u0131m\u0131n iki ayl\u0131q \u00f6d\u0259ni\u015fini ist\u0259dil\u0259r, verm\u0259dim, l\u0259\u011fv etdirdil\u0259r\u201d\" class=\"read-more button\" href=\"https:\/\/www.meydan.tv\/az\/article\/uvnanli-sosial-yardimin-iki-ayliq-odenisini-istediler-vermedim-legv-etdirdiler\/#more-251893\" aria-label=\"Read more about \u201c\u00dcnvanl\u0131 sosial yard\u0131m\u0131n iki ayl\u0131q \u00f6d\u0259ni\u015fini ist\u0259dil\u0259r, verm\u0259dim, l\u0259\u011fv etdirdil\u0259r\u201d\">Davam\u0131<\/a><\/p>\n","protected":false},"author":8,"featured_media":251890,"comment_status":"closed","ping_status":"closed","sticky":false,"template":"","format":"standard","meta":{"_acf_changed":false,"_sitemap_exclude":false,"_sitemap_priority":"","_sitemap_frequency":"","footnotes":""},"categories":[60,56],"tags":[],"class_list":["post-251893","post","type-post","status-publish","format-standard","has-post-thumbnail","hentry","category-bolge","category-xeberler","infinite-scroll-item","generate-columns","tablet-grid-50","mobile-grid-100","grid-parent","grid-33","no-featured-image-padding"],"acf":[],"yoast_head":"<!-- This site is optimized with the Yoast SEO plugin v27.5 - https:\/\/yoast.com\/product\/yoast-seo-wordpress\/ -->\n<title>\u201c\u00dcnvanl\u0131 sosial yard\u0131m\u0131n iki ayl\u0131q \u00f6d\u0259ni\u015fini ist\u0259dil\u0259r, verm\u0259dim, l\u0259\u011fv etdirdil\u0259r\u201d - MEYDAN.TV<\/title>\n<meta name=\"robots\" content=\"index, follow, max-snippet:-1, max-image-preview:large, max-video-preview:-1\" \/>\n<link rel=\"canonical\" href=\"https:\/\/www.meydan.tv\/az\/article\/uvnanli-sosial-yardimin-iki-ayliq-odenisini-istediler-vermedim-legv-etdirdiler\/\" \/>\n<meta property=\"og:locale\" content=\"az_AZ\" \/>\n<meta property=\"og:type\" content=\"article\" \/>\n<meta property=\"og:title\" content=\"\u201c\u00dcnvanl\u0131 sosial yard\u0131m\u0131n iki ayl\u0131q \u00f6d\u0259ni\u015fini ist\u0259dil\u0259r, verm\u0259dim, l\u0259\u011fv etdirdil\u0259r\u201d - MEYDAN.TV\" \/>\n<meta property=\"og:description\" content=\"\u015e\u0259mkir rayon sakini prokurorlu\u011fa m\u00fcraci\u0259t edib \u201c\u00dcnvanl\u0131 sosial yard\u0131m t\u0259yin ... Davam\u0131\" \/>\n<meta property=\"og:url\" content=\"https:\/\/www.meydan.tv\/az\/article\/uvnanli-sosial-yardimin-iki-ayliq-odenisini-istediler-vermedim-legv-etdirdiler\/\" \/>\n<meta property=\"og:site_name\" content=\"MEYDAN.TV\" \/>\n<meta property=\"article:published_time\" content=\"2022-07-27T12:49:37+00:00\" \/>\n<meta property=\"article:modified_time\" content=\"2022-07-27T14:36:52+00:00\" \/>\n<meta property=\"og:image\" content=\"https:\/\/www.meydan.tv\/wp-content\/uploads\/untitled-design-11-5.jpg\" \/>\n\t<meta property=\"og:image:width\" content=\"1200\" \/>\n\t<meta property=\"og:image:height\" content=\"800\" \/>\n\t<meta property=\"og:image:type\" content=\"image\/jpeg\" \/>\n<meta name=\"author\" content=\"elli\" \/>\n<meta name=\"twitter:card\" content=\"summary_large_image\" \/>\n<meta name=\"twitter:creator\" content=\"@elli\" \/>\n<script type=\"application\/ld+json\" class=\"yoast-schema-graph\">{\"@context\":\"https:\\\/\\\/schema.org\",\"@graph\":[{\"@type\":\"Article\",\"@id\":\"https:\\\/\\\/www.meydan.tv\\\/az\\\/article\\\/uvnanli-sosial-yardimin-iki-ayliq-odenisini-istediler-vermedim-legv-etdirdiler\\\/#article\",\"isPartOf\":{\"@id\":\"https:\\\/\\\/www.meydan.tv\\\/az\\\/article\\\/uvnanli-sosial-yardimin-iki-ayliq-odenisini-istediler-vermedim-legv-etdirdiler\\\/\"},\"author\":{\"name\":\"elli\",\"@id\":\"https:\\\/\\\/www.meydan.tv\\\/az\\\/#\\\/schema\\\/person\\\/9cdbecf90d17180ce1dfbd95b08dcf47\"},\"headline\":\"\u201c\u00dcnvanl\u0131 sosial yard\u0131m\u0131n iki ayl\u0131q \u00f6d\u0259ni\u015fini ist\u0259dil\u0259r, verm\u0259dim, l\u0259\u011fv etdirdil\u0259r\u201d\",\"datePublished\":\"2022-07-27T12:49:37+00:00\",\"dateModified\":\"2022-07-27T14:36:52+00:00\",\"mainEntityOfPage\":{\"@id\":\"https:\\\/\\\/www.meydan.tv\\\/az\\\/article\\\/uvnanli-sosial-yardimin-iki-ayliq-odenisini-istediler-vermedim-legv-etdirdiler\\\/\"},\"wordCount\":1162,\"publisher\":{\"@id\":\"https:\\\/\\\/www.meydan.tv\\\/az\\\/#organization\"},\"image\":{\"@id\":\"https:\\\/\\\/www.meydan.tv\\\/az\\\/article\\\/uvnanli-sosial-yardimin-iki-ayliq-odenisini-istediler-vermedim-legv-etdirdiler\\\/#primaryimage\"},\"thumbnailUrl\":\"https:\\\/\\\/www.meydan.tv\\\/wp-content\\\/uploads\\\/untitled-design-11-5.jpg\",\"articleSection\":[\"B\u00f6lg\u0259\",\"X\u0259b\u0259rl\u0259r\"],\"inLanguage\":\"az\"},{\"@type\":\"WebPage\",\"@id\":\"https:\\\/\\\/www.meydan.tv\\\/az\\\/article\\\/uvnanli-sosial-yardimin-iki-ayliq-odenisini-istediler-vermedim-legv-etdirdiler\\\/\",\"url\":\"https:\\\/\\\/www.meydan.tv\\\/az\\\/article\\\/uvnanli-sosial-yardimin-iki-ayliq-odenisini-istediler-vermedim-legv-etdirdiler\\\/\",\"name\":\"\u201c\u00dcnvanl\u0131 sosial yard\u0131m\u0131n iki ayl\u0131q \u00f6d\u0259ni\u015fini ist\u0259dil\u0259r, verm\u0259dim, l\u0259\u011fv etdirdil\u0259r\u201d - MEYDAN.TV\",\"isPartOf\":{\"@id\":\"https:\\\/\\\/www.meydan.tv\\\/az\\\/#website\"},\"primaryImageOfPage\":{\"@id\":\"https:\\\/\\\/www.meydan.tv\\\/az\\\/article\\\/uvnanli-sosial-yardimin-iki-ayliq-odenisini-istediler-vermedim-legv-etdirdiler\\\/#primaryimage\"},\"image\":{\"@id\":\"https:\\\/\\\/www.meydan.tv\\\/az\\\/article\\\/uvnanli-sosial-yardimin-iki-ayliq-odenisini-istediler-vermedim-legv-etdirdiler\\\/#primaryimage\"},\"thumbnailUrl\":\"https:\\\/\\\/www.meydan.tv\\\/wp-content\\\/uploads\\\/untitled-design-11-5.jpg\",\"datePublished\":\"2022-07-27T12:49:37+00:00\",\"dateModified\":\"2022-07-27T14:36:52+00:00\",\"breadcrumb\":{\"@id\":\"https:\\\/\\\/www.meydan.tv\\\/az\\\/article\\\/uvnanli-sosial-yardimin-iki-ayliq-odenisini-istediler-vermedim-legv-etdirdiler\\\/#breadcrumb\"},\"inLanguage\":\"az\",\"potentialAction\":[{\"@type\":\"ReadAction\",\"target\":[\"https:\\\/\\\/www.meydan.tv\\\/az\\\/article\\\/uvnanli-sosial-yardimin-iki-ayliq-odenisini-istediler-vermedim-legv-etdirdiler\\\/\"]}]},{\"@type\":\"ImageObject\",\"inLanguage\":\"az\",\"@id\":\"https:\\\/\\\/www.meydan.tv\\\/az\\\/article\\\/uvnanli-sosial-yardimin-iki-ayliq-odenisini-istediler-vermedim-legv-etdirdiler\\\/#primaryimage\",\"url\":\"https:\\\/\\\/www.meydan.tv\\\/wp-content\\\/uploads\\\/untitled-design-11-5.jpg\",\"contentUrl\":\"https:\\\/\\\/www.meydan.tv\\\/wp-content\\\/uploads\\\/untitled-design-11-5.jpg\",\"width\":1200,\"height\":800,\"caption\":\"Foto: Qorxmaz M\u0259mm\u0259dovun \u015f\u0259xsi arxivind\u0259n\"},{\"@type\":\"BreadcrumbList\",\"@id\":\"https:\\\/\\\/www.meydan.tv\\\/az\\\/article\\\/uvnanli-sosial-yardimin-iki-ayliq-odenisini-istediler-vermedim-legv-etdirdiler\\\/#breadcrumb\",\"itemListElement\":[{\"@type\":\"ListItem\",\"position\":1,\"name\":\"Ana s\u0259hif\u0259\",\"item\":\"https:\\\/\\\/www.meydan.tv\\\/az\\\/\"},{\"@type\":\"ListItem\",\"position\":2,\"name\":\"B\u00f6lg\u0259\",\"item\":\"https:\\\/\\\/www.meydan.tv\\\/az\\\/section\\\/bolge\\\/\"},{\"@type\":\"ListItem\",\"position\":3,\"name\":\"\u201c\u00dcnvanl\u0131 sosial yard\u0131m\u0131n iki ayl\u0131q \u00f6d\u0259ni\u015fini ist\u0259dil\u0259r, verm\u0259dim, l\u0259\u011fv etdirdil\u0259r\u201d\"}]},{\"@type\":\"WebSite\",\"@id\":\"https:\\\/\\\/www.meydan.tv\\\/az\\\/#website\",\"url\":\"https:\\\/\\\/www.meydan.tv\\\/az\\\/\",\"name\":\"MEYDAN.TV\",\"description\":\"Meydan TV Az\u0259rbaycan\u0131n media m\u0259kan\u0131ndak\u0131 alternativ s\u0259sidir\",\"publisher\":{\"@id\":\"https:\\\/\\\/www.meydan.tv\\\/az\\\/#organization\"},\"potentialAction\":[{\"@type\":\"SearchAction\",\"target\":{\"@type\":\"EntryPoint\",\"urlTemplate\":\"https:\\\/\\\/www.meydan.tv\\\/az\\\/?s={search_term_string}\"},\"query-input\":{\"@type\":\"PropertyValueSpecification\",\"valueRequired\":true,\"valueName\":\"search_term_string\"}}],\"inLanguage\":\"az\"},{\"@type\":\"Organization\",\"@id\":\"https:\\\/\\\/www.meydan.tv\\\/az\\\/#organization\",\"name\":\"Meydan TV\",\"url\":\"https:\\\/\\\/www.meydan.tv\\\/az\\\/\",\"logo\":{\"@type\":\"ImageObject\",\"inLanguage\":\"az\",\"@id\":\"https:\\\/\\\/www.meydan.tv\\\/az\\\/#\\\/schema\\\/logo\\\/image\\\/\",\"url\":\"https:\\\/\\\/www.meydan.tv\\\/wp-content\\\/uploads\\\/2021\\\/07\\\/meydan-logo.svg\",\"contentUrl\":\"https:\\\/\\\/www.meydan.tv\\\/wp-content\\\/uploads\\\/2021\\\/07\\\/meydan-logo.svg\",\"width\":195,\"height\":46,\"caption\":\"Meydan TV\"},\"image\":{\"@id\":\"https:\\\/\\\/www.meydan.tv\\\/az\\\/#\\\/schema\\\/logo\\\/image\\\/\"}},{\"@type\":\"Person\",\"@id\":\"https:\\\/\\\/www.meydan.tv\\\/az\\\/#\\\/schema\\\/person\\\/9cdbecf90d17180ce1dfbd95b08dcf47\",\"name\":\"elli\",\"sameAs\":[\"https:\\\/\\\/x.com\\\/elli\"]}]}<\/script>\n<!-- \/ Yoast SEO plugin. -->","yoast_head_json":{"title":"\u201c\u00dcnvanl\u0131 sosial yard\u0131m\u0131n iki ayl\u0131q \u00f6d\u0259ni\u015fini ist\u0259dil\u0259r, verm\u0259dim, l\u0259\u011fv etdirdil\u0259r\u201d - MEYDAN.TV","robots":{"index":"index","follow":"follow","max-snippet":"max-snippet:-1","max-image-preview":"max-image-preview:large","max-video-preview":"max-video-preview:-1"},"canonical":"https:\/\/www.meydan.tv\/az\/article\/uvnanli-sosial-yardimin-iki-ayliq-odenisini-istediler-vermedim-legv-etdirdiler\/","og_locale":"az_AZ","og_type":"article","og_title":"\u201c\u00dcnvanl\u0131 sosial yard\u0131m\u0131n iki ayl\u0131q \u00f6d\u0259ni\u015fini ist\u0259dil\u0259r, verm\u0259dim, l\u0259\u011fv etdirdil\u0259r\u201d - MEYDAN.TV","og_description":"\u015e\u0259mkir rayon sakini prokurorlu\u011fa m\u00fcraci\u0259t edib \u201c\u00dcnvanl\u0131 sosial yard\u0131m t\u0259yin ... Davam\u0131","og_url":"https:\/\/www.meydan.tv\/az\/article\/uvnanli-sosial-yardimin-iki-ayliq-odenisini-istediler-vermedim-legv-etdirdiler\/","og_site_name":"MEYDAN.TV","article_published_time":"2022-07-27T12:49:37+00:00","article_modified_time":"2022-07-27T14:36:52+00:00","og_image":[{"width":1200,"height":800,"url":"https:\/\/www.meydan.tv\/wp-content\/uploads\/untitled-design-11-5.jpg","type":"image\/jpeg"}],"author":"elli","twitter_card":"summary_large_image","twitter_creator":"@elli","schema":{"@context":"https:\/\/schema.org","@graph":[{"@type":"Article","@id":"https:\/\/www.meydan.tv\/az\/article\/uvnanli-sosial-yardimin-iki-ayliq-odenisini-istediler-vermedim-legv-etdirdiler\/#article","isPartOf":{"@id":"https:\/\/www.meydan.tv\/az\/article\/uvnanli-sosial-yardimin-iki-ayliq-odenisini-istediler-vermedim-legv-etdirdiler\/"},"author":{"name":"elli","@id":"https:\/\/www.meydan.tv\/az\/#\/schema\/person\/9cdbecf90d17180ce1dfbd95b08dcf47"},"headline":"\u201c\u00dcnvanl\u0131 sosial yard\u0131m\u0131n iki ayl\u0131q \u00f6d\u0259ni\u015fini ist\u0259dil\u0259r, verm\u0259dim, l\u0259\u011fv etdirdil\u0259r\u201d","datePublished":"2022-07-27T12:49:37+00:00","dateModified":"2022-07-27T14:36:52+00:00","mainEntityOfPage":{"@id":"https:\/\/www.meydan.tv\/az\/article\/uvnanli-sosial-yardimin-iki-ayliq-odenisini-istediler-vermedim-legv-etdirdiler\/"},"wordCount":1162,"publisher":{"@id":"https:\/\/www.meydan.tv\/az\/#organization"},"image":{"@id":"https:\/\/www.meydan.tv\/az\/article\/uvnanli-sosial-yardimin-iki-ayliq-odenisini-istediler-vermedim-legv-etdirdiler\/#primaryimage"},"thumbnailUrl":"https:\/\/www.meydan.tv\/wp-content\/uploads\/untitled-design-11-5.jpg","articleSection":["B\u00f6lg\u0259","X\u0259b\u0259rl\u0259r"],"inLanguage":"az"},{"@type":"WebPage","@id":"https:\/\/www.meydan.tv\/az\/article\/uvnanli-sosial-yardimin-iki-ayliq-odenisini-istediler-vermedim-legv-etdirdiler\/","url":"https:\/\/www.meydan.tv\/az\/article\/uvnanli-sosial-yardimin-iki-ayliq-odenisini-istediler-vermedim-legv-etdirdiler\/","name":"\u201c\u00dcnvanl\u0131 sosial yard\u0131m\u0131n iki ayl\u0131q \u00f6d\u0259ni\u015fini ist\u0259dil\u0259r, verm\u0259dim, l\u0259\u011fv etdirdil\u0259r\u201d - MEYDAN.TV","isPartOf":{"@id":"https:\/\/www.meydan.tv\/az\/#website"},"primaryImageOfPage":{"@id":"https:\/\/www.meydan.tv\/az\/article\/uvnanli-sosial-yardimin-iki-ayliq-odenisini-istediler-vermedim-legv-etdirdiler\/#primaryimage"},"image":{"@id":"https:\/\/www.meydan.tv\/az\/article\/uvnanli-sosial-yardimin-iki-ayliq-odenisini-istediler-vermedim-legv-etdirdiler\/#primaryimage"},"thumbnailUrl":"https:\/\/www.meydan.tv\/wp-content\/uploads\/untitled-design-11-5.jpg","datePublished":"2022-07-27T12:49:37+00:00","dateModified":"2022-07-27T14:36:52+00:00","breadcrumb":{"@id":"https:\/\/www.meydan.tv\/az\/article\/uvnanli-sosial-yardimin-iki-ayliq-odenisini-istediler-vermedim-legv-etdirdiler\/#breadcrumb"},"inLanguage":"az","potentialAction":[{"@type":"ReadAction","target":["https:\/\/www.meydan.tv\/az\/article\/uvnanli-sosial-yardimin-iki-ayliq-odenisini-istediler-vermedim-legv-etdirdiler\/"]}]},{"@type":"ImageObject","inLanguage":"az","@id":"https:\/\/www.meydan.tv\/az\/article\/uvnanli-sosial-yardimin-iki-ayliq-odenisini-istediler-vermedim-legv-etdirdiler\/#primaryimage","url":"https:\/\/www.meydan.tv\/wp-content\/uploads\/untitled-design-11-5.jpg","contentUrl":"https:\/\/www.meydan.tv\/wp-content\/uploads\/untitled-design-11-5.jpg","width":1200,"height":800,"caption":"Foto: Qorxmaz M\u0259mm\u0259dovun \u015f\u0259xsi arxivind\u0259n"},{"@type":"BreadcrumbList","@id":"https:\/\/www.meydan.tv\/az\/article\/uvnanli-sosial-yardimin-iki-ayliq-odenisini-istediler-vermedim-legv-etdirdiler\/#breadcrumb","itemListElement":[{"@type":"ListItem","position":1,"name":"Ana s\u0259hif\u0259","item":"https:\/\/www.meydan.tv\/az\/"},{"@type":"ListItem","position":2,"name":"B\u00f6lg\u0259","item":"https:\/\/www.meydan.tv\/az\/section\/bolge\/"},{"@type":"ListItem","position":3,"name":"\u201c\u00dcnvanl\u0131 sosial yard\u0131m\u0131n iki ayl\u0131q \u00f6d\u0259ni\u015fini ist\u0259dil\u0259r, verm\u0259dim, l\u0259\u011fv etdirdil\u0259r\u201d"}]},{"@type":"WebSite","@id":"https:\/\/www.meydan.tv\/az\/#website","url":"https:\/\/www.meydan.tv\/az\/","name":"MEYDAN.TV","description":"Meydan TV Az\u0259rbaycan\u0131n media m\u0259kan\u0131ndak\u0131 alternativ s\u0259sidir","publisher":{"@id":"https:\/\/www.meydan.tv\/az\/#organization"},"potentialAction":[{"@type":"SearchAction","target":{"@type":"EntryPoint","urlTemplate":"https:\/\/www.meydan.tv\/az\/?s={search_term_string}"},"query-input":{"@type":"PropertyValueSpecification","valueRequired":true,"valueName":"search_term_string"}}],"inLanguage":"az"},{"@type":"Organization","@id":"https:\/\/www.meydan.tv\/az\/#organization","name":"Meydan TV","url":"https:\/\/www.meydan.tv\/az\/","logo":{"@type":"ImageObject","inLanguage":"az","@id":"https:\/\/www.meydan.tv\/az\/#\/schema\/logo\/image\/","url":"https:\/\/www.meydan.tv\/wp-content\/uploads\/2021\/07\/meydan-logo.svg","contentUrl":"https:\/\/www.meydan.tv\/wp-content\/uploads\/2021\/07\/meydan-logo.svg","width":195,"height":46,"caption":"Meydan TV"},"image":{"@id":"https:\/\/www.meydan.tv\/az\/#\/schema\/logo\/image\/"}},{"@type":"Person","@id":"https:\/\/www.meydan.tv\/az\/#\/schema\/person\/9cdbecf90d17180ce1dfbd95b08dcf47","name":"elli","sameAs":["https:\/\/x.com\/elli"]}]}},"_links":{"self":[{"href":"https:\/\/www.meydan.tv\/az\/wp-json\/wp\/v2\/posts\/251893","targetHints":{"allow":["GET"]}}],"collection":[{"href":"https:\/\/www.meydan.tv\/az\/wp-json\/wp\/v2\/posts"}],"about":[{"href":"https:\/\/www.meydan.tv\/az\/wp-json\/wp\/v2\/types\/post"}],"author":[{"embeddable":true,"href":"https:\/\/www.meydan.tv\/az\/wp-json\/wp\/v2\/users\/8"}],"replies":[{"embeddable":true,"href":"https:\/\/www.meydan.tv\/az\/wp-json\/wp\/v2\/comments?post=251893"}],"version-history":[{"count":2,"href":"https:\/\/www.meydan.tv\/az\/wp-json\/wp\/v2\/posts\/251893\/revisions"}],"predecessor-version":[{"id":251922,"href":"https:\/\/www.meydan.tv\/az\/wp-json\/wp\/v2\/posts\/251893\/revisions\/251922"}],"wp:featuredmedia":[{"embeddable":true,"href":"https:\/\/www.meydan.tv\/az\/wp-json\/wp\/v2\/media\/251890"}],"wp:attachment":[{"href":"https:\/\/www.meydan.tv\/az\/wp-json\/wp\/v2\/media?parent=251893"}],"wp:term":[{"taxonomy":"category","embeddable":true,"href":"https:\/\/www.meydan.tv\/az\/wp-json\/wp\/v2\/categories?post=251893"},{"taxonomy":"post_tag","embeddable":true,"href":"https:\/\/www.meydan.tv\/az\/wp-json\/wp\/v2\/tags?post=251893"}],"curies":[{"name":"wp","href":"https:\/\/api.w.org\/{rel}","templated":true}]}}