{"id":251878,"date":"2022-07-27T15:27:28","date_gmt":"2022-07-27T11:27:28","guid":{"rendered":"https:\/\/www.meydan.tv\/?p=251878"},"modified":"2022-07-27T15:27:30","modified_gmt":"2022-07-27T11:27:30","slug":"bulaq-suyunu-elimizden-alib-bize-zeherli-su-verirler","status":"publish","type":"post","link":"https:\/\/www.meydan.tv\/az\/article\/bulaq-suyunu-elimizden-alib-bize-zeherli-su-verirler\/","title":{"rendered":"\u201cBulaq suyunu \u0259limizd\u0259n al\u0131b, biz\u0259 z\u0259h\u0259rli su verirl\u0259r\u201d"},"content":{"rendered":"\n<p><em>Qazax sakini Az\u0259r M\u0259mm\u0259dli: \u201cA\u00e7\u0131q-a\u015fkar korrupsiya layih\u0259sidir&#8230;\u201d<\/em><\/p>\n\n\n\n<p>Qazax sakinl\u0259ri xeyli vaxtd\u0131r ki, su problemi il\u0259 \u00fczl\u0259\u015fib. \u015e\u0259h\u0259rin \u00f6z\u00fcnd\u0259 v\u0259 ona biti\u015fik olan Qarapapaq, A\u011fk\u00f6yn\u0259k k\u0259ndl\u0259rind\u0259 ya\u015fayan sakinl\u0259r t\u0259xmin\u0259n iki h\u0259ft\u0259 susuzluqdan \u0259ziyy\u0259t \u00e7\u0259kibl\u0259r. Bu bar\u0259d\u0259 Meydan TV-y\u0259 dan\u0131\u015fan Qazax sakini Az\u0259r M\u0259mm\u0259dli deyir ki, iyulun 25-d\u0259 ax\u015fam saatlar\u0131ndan su verils\u0259 d\u0259, keyfiyy\u0259ti \u00e7ox a\u015fa\u011f\u0131d\u0131r.<\/p>\n\n\n\n<p><strong>\u201cYeni qoyulan motorlar yand\u0131, tikdikl\u0259ri anbar su saxlam\u0131r\u201d<\/strong><\/p>\n\n\n\n<p>Regionlar\u0131n sosial-iqtisadi inki\u015faf\u0131 D\u00f6vl\u0259t Proqram\u0131 \u00e7\u0259r\u00e7iv\u0259sind\u0259 2019-cu ild\u0259n Qazax\u0131n i\u00e7m\u0259li su v\u0259 tullant\u0131 su sisteml\u0259rinin yenid\u0259n qurulmas\u0131 layih\u0259si icra olunur. R\u0259smi m\u0259lumata g\u00f6r\u0259, 2022-ci ilin mart\u0131nda i\u015fl\u0259r ba\u015fa \u00e7at\u0131b, \u0259hali s\u0131naq m\u0259rh\u0259l\u0259si olaraq yeni su sistemin\u0259 qo\u015fulub.<\/p>\n\n\n\n<p>Az\u0259r M\u0259mm\u0259dli deyir ki, bu layih\u0259d\u0259n \u0259vv\u0259l i\u00e7m\u0259li su t\u0259chizat\u0131 m\u0259s\u0259l\u0259sind\u0259 \u0259halinin v\u0259ziyy\u0259ti xeyli yax\u015f\u0131 idi:<\/p>\n\n\n\n<p>\u201cQazax\u0131n 24 saat y\u00fcks\u0259k t\u0259zyiqli suyu vard\u0131. H\u0259min su da da\u011flardan g\u0259lirdi, t\u0259rt\u0259miz idi. 2019-cu ild\u0259 Qazax\u0131n su v\u0259 kanalizasiya sistemil\u0259 ba\u011fl\u0131 130 milyonluq layih\u0259 t\u0259sdiql\u0259ndi. Onun 58 milyonu su idi, qalan\u0131 is\u0259 kanalizasiya sistemi. B\u00fct\u00fcn \u015f\u0259h\u0259ri darmada\u011f\u0131n el\u0259dil\u0259r ki, su \u00e7\u0259kirik. Bizi d\u0259 b\u0259rbad g\u00fcn\u0259 qoydular. \u015e\u0259h\u0259rd\u0259n 18 kilometr k\u0259nardan 3-4 yerd\u0259 elektrik nasoslar\u0131 qoya-qoya qurunt sular\u0131n\u0131 g\u0259tirib Qazaxa su \u00e7\u0259kdil\u0259r. T\u0259s\u0259vv\u00fcr edin, yeni qoyulan motorlar yand\u0131, tikdikl\u0259ri su anbar\u0131 su saxlam\u0131r\u201d.<\/p>\n\n\n\n<p><strong>\u201cYay\u0131n istisind\u0259 ayaqyolu, yuyunmaq problemil\u0259 \u00fczl\u0259\u015fmi\u015fdik\u201d<\/strong><\/p>\n\n\n\n<p>Qazax sakininin s\u00f6zl\u0259rin\u0259 g\u00f6r\u0259, motorlar s\u0131radan \u00e7\u0131xd\u0131\u011f\u0131na g\u00f6r\u0259 xeyli vaxtd\u0131r \u0259hali susuzluqdan \u0259ziyy\u0259t \u00e7\u0259kirdi. Az\u0259r M\u0259mm\u0259dli deyir ki, Qazax Rayon \u0130cra Hakimiyy\u0259tind\u0259n tutmu\u015f, \u201cAz\u0259rsu\u201d r\u0259hb\u0259rliyin\u0259 q\u0259d\u0259r h\u0259r k\u0259s problemd\u0259n x\u0259b\u0259rdar idi. Amma vaxt\u0131nda t\u0259dbir g\u00f6r\u00fclm\u0259di:<\/p>\n\n\n<div class=\"wp-block-image\">\n<figure class=\"alignright size-large is-resized\"><img decoding=\"async\" data-src=\"https:\/\/www.meydan.tv\/wp-content\/uploads\/photo-2022-07-26-15-51-52-1095x821.jpg\" alt=\"\" class=\"wp-image-251875 lazyload\" width=\"346\" height=\"258\" src=\"data:image\/svg+xml;base64,PHN2ZyB3aWR0aD0iMSIgaGVpZ2h0PSIxIiB4bWxucz0iaHR0cDovL3d3dy53My5vcmcvMjAwMC9zdmciPjwvc3ZnPg==\" style=\"--smush-placeholder-width: 346px; --smush-placeholder-aspect-ratio: 346\/258;\" \/><figcaption>Az\u0259r M\u0259mm\u0259dov. Foto: Meydan TV<\/figcaption><\/figure>\n<\/div>\n\n\n<p>\u201cQazaxda 28 min, o biri iki k\u0259ndd\u0259 d\u0259 7 min \u0259hali susuzlu\u011fa g\u00f6r\u0259 z\u00fclm \u00e7\u0259kdi. Yay\u0131n istisind\u0259 ayaqyolu, yuyunmaq v\u0259 ba\u015fqa probleml\u0259rl\u0259 \u00fczl\u0259\u015fmi\u015fdik. N\u0259 q\u0259d\u0259r \u015fikay\u0259tl\u0259rd\u0259n sonra iyulun 25-d\u0259n m\u00fcv\u0259qq\u0259ti su veribl\u0259r, amma o da yarars\u0131zd\u0131r. \u00c7\u00fcnki suyun keyfiyy\u0259ti \u00e7ox a\u015fa\u011f\u0131d\u0131r. Bu su il\u0259 3-4 il\u0259 Qazaxda \u0259halinin \u0259ks\u0259riyy\u0259ti b\u00f6yr\u0259k x\u0259st\u0259si olacaq. Paltaryuyan ma\u015f\u0131nlar, kombi sistemi s\u0131radan \u00e7\u0131xacaq. Texniki su da ondan yax\u015f\u0131d\u0131r\u201d.<\/p>\n\n\n\n<p><strong>\u201cOnsuz da \u0259sas m\u0259qs\u0259d yeyintidir\u201d<\/strong><\/p>\n\n\n\n<p>Az\u0259r M\u0259mm\u0259dli hesab edir ki, Qazax \u0259halisinin \u00fczl\u0259\u015fdiyi problemin k\u00f6k\u00fcnd\u0259 korrupsiya dayan\u0131r. O, su v\u0259 kanalizasiya sisteminin yenid\u0259n qurulmas\u0131yla ba\u011fl\u0131 i\u015fl\u0259ri \u201ckorrupsiya layih\u0259si\u201d adland\u0131r\u0131b:<\/p>\n\n\n\n<p>\u201cT\u0259bi\u0259td\u0259n g\u0259l\u0259n suyu niy\u0259 k\u0259sdil\u0259r, anlam\u0131ram. Dayand\u0131\u011f\u0131m\u0131z yerd\u0259 ba\u015f\u0131m\u0131za oyun a\u00e7d\u0131lar, bulaq suyunu \u0259limizd\u0259n al\u0131b, biz\u0259 z\u0259h\u0259rli su verirl\u0259r. A\u00e7\u0131q-a\u015fkar korrupsiya layih\u0259sidir, t\u0259z\u0259 qoyulan nasoslar niy\u0259 s\u0131radan \u00e7\u0131xmal\u0131d\u0131r ax\u0131? \u018fs\u0259bimd\u0259n deyir\u0259m ki, o 130 milyonu x\u0259rcl\u0259y\u0259ydiniz, sil\u0259ydiniz, amma suyumuza d\u0259ym\u0259y\u0259ydiniz. Onsuz da \u0259sas m\u0259qs\u0259d yeyintidir&#8230;\u201d<\/p>\n\n\n\n<p>\u201c<strong>Az\u0259rsu\u201d ASC: \u201cProblem h\u0259ll olunub\u201d<\/strong><\/p>\n\n\n\n<p>\u201cAz\u0259rsu\u201d ASC-nin m\u0259tbuat xidm\u0259ti v\u0259 ictimaiyy\u0259tl\u0259 \u0259laq\u0259l\u0259r \u015f\u00f6b\u0259sinin r\u0259hb\u0259ri Anar C\u0259bray\u0131ll\u0131 Qazaxda \u0259halinin bir ne\u00e7\u0259 g\u00fcn su problemind\u0259n \u0259ziyy\u0259t \u00e7\u0259kdiyini t\u0259sdiql\u0259yib. Lakin o bildirib ki, art\u0131q problem h\u0259ll olunub.<\/p>\n\n\n\n<p>Onun s\u00f6zl\u0259rin\u0259 g\u00f6r\u0259, \u201cAz\u0259rsu\u201d ASC-nin s\u0259dr m\u00fcavini Teyyub Cabbarov da Qaza\u011fa gedib, m\u0259s\u0259l\u0259 il\u0259 yerind\u0259 maraqlan\u0131b:<\/p>\n\n\n\n<p>\u201cB\u00fct\u00fcn hidravlik rejiml\u0259r tam t\u0259nziml\u0259nib. Anbarda, x\u0259tl\u0259rd\u0259 normal t\u0259zyiq var, insanlar normal su il\u0259 t\u0259min olunur\u201d.<\/p>\n\n\n<div class=\"wp-block-image\">\n<figure class=\"alignleft size-full is-resized\"><img decoding=\"async\" data-src=\"https:\/\/www.meydan.tv\/wp-content\/uploads\/32144.jpg\" alt=\"Anar C\u0259bray\u0131ll\u0131\" class=\"wp-image-82059 lazyload\" width=\"465\" height=\"247\" src=\"data:image\/svg+xml;base64,PHN2ZyB3aWR0aD0iMSIgaGVpZ2h0PSIxIiB4bWxucz0iaHR0cDovL3d3dy53My5vcmcvMjAwMC9zdmciPjwvc3ZnPg==\" style=\"--smush-placeholder-width: 465px; --smush-placeholder-aspect-ratio: 465\/247;\" \/><figcaption>Foto: Anar C\u0259bray\u0131l\u0131n\u0131n \u015f\u0259xsi arxivind\u0259n<\/figcaption><\/figure>\n<\/div>\n\n\n<p>Su v\u0259 kanalizasiya sistemil\u0259 ba\u011fl\u0131 layih\u0259y\u0259 g\u0259linc\u0259, \u201cAz\u0259rsu\u201d ASC-d\u0259n bildirilib ki, Qazax \u015f\u0259h\u0259rind\u0259 ilk m\u0259rk\u0259zl\u0259\u015fdirilmi\u015f su t\u0259chizat\u0131 sisteml\u0259ri 1970-ci ill\u0259rd\u0259 yarad\u0131l\u0131b. H\u0259min sistem istismara yarars\u0131z v\u0259ziyy\u0259t\u0259 d\u00fc\u015fd\u00fcy\u00fcn\u0259 g\u00f6r\u0259 t\u0259l\u0259bat\u0131 qar\u015f\u0131lamaq iqtidar\u0131nda deyildi:<\/p>\n\n\n\n<p>\u201cBunlar n\u0259z\u0259r\u0259 al\u0131naraq 2019-cu ild\u0259 Az\u0259rbaycan h\u00f6kum\u0259ti v\u0259 \u0130slam \u0130nki\u015faf Bank\u0131n\u0131n birg\u0259 maliyy\u0259l\u0259\u015fdirdiyi layih\u0259 \u00e7\u0259r\u00e7iv\u0259sind\u0259 Qazax \u015f\u0259h\u0259rind\u0259 yeni infrastrukturun yarad\u0131lmas\u0131na ba\u015fland\u0131\u201d.<\/p>\n","protected":false},"excerpt":{"rendered":"<p>Qazax sakini Az\u0259r M\u0259mm\u0259dli: \u201cA\u00e7\u0131q-a\u015fkar korrupsiya layih\u0259sidir&#8230;\u201d Qazax sakinl\u0259ri xeyli &#8230; <\/p>\n<p class=\"read-more-container\"><a title=\"\u201cBulaq suyunu \u0259limizd\u0259n al\u0131b, biz\u0259 z\u0259h\u0259rli su verirl\u0259r\u201d\" class=\"read-more button\" href=\"https:\/\/www.meydan.tv\/az\/article\/bulaq-suyunu-elimizden-alib-bize-zeherli-su-verirler\/#more-251878\" aria-label=\"Read more about \u201cBulaq suyunu \u0259limizd\u0259n al\u0131b, biz\u0259 z\u0259h\u0259rli su verirl\u0259r\u201d\">Davam\u0131<\/a><\/p>\n","protected":false},"author":8,"featured_media":101934,"comment_status":"closed","ping_status":"closed","sticky":false,"template":"","format":"standard","meta":{"_acf_changed":false,"_sitemap_exclude":false,"_sitemap_priority":"","_sitemap_frequency":"","footnotes":""},"categories":[60,79,56],"tags":[],"class_list":["post-251878","post","type-post","status-publish","format-standard","has-post-thumbnail","hentry","category-bolge","category-featured","category-xeberler","infinite-scroll-item","generate-columns","tablet-grid-50","mobile-grid-100","grid-parent","grid-33","no-featured-image-padding"],"acf":[],"yoast_head":"<!-- This site is optimized with the Yoast SEO plugin v27.5 - https:\/\/yoast.com\/product\/yoast-seo-wordpress\/ -->\n<title>\u201cBulaq suyunu \u0259limizd\u0259n al\u0131b, biz\u0259 z\u0259h\u0259rli su verirl\u0259r\u201d - MEYDAN.TV<\/title>\n<meta name=\"robots\" content=\"index, follow, max-snippet:-1, max-image-preview:large, max-video-preview:-1\" \/>\n<link rel=\"canonical\" href=\"https:\/\/www.meydan.tv\/az\/article\/bulaq-suyunu-elimizden-alib-bize-zeherli-su-verirler\/\" \/>\n<meta property=\"og:locale\" content=\"az_AZ\" \/>\n<meta property=\"og:type\" content=\"article\" \/>\n<meta property=\"og:title\" content=\"\u201cBulaq suyunu \u0259limizd\u0259n al\u0131b, biz\u0259 z\u0259h\u0259rli su verirl\u0259r\u201d - MEYDAN.TV\" \/>\n<meta property=\"og:description\" content=\"Qazax sakini Az\u0259r M\u0259mm\u0259dli: \u201cA\u00e7\u0131q-a\u015fkar korrupsiya layih\u0259sidir&#8230;\u201d Qazax sakinl\u0259ri xeyli ... Davam\u0131\" \/>\n<meta property=\"og:url\" content=\"https:\/\/www.meydan.tv\/az\/article\/bulaq-suyunu-elimizden-alib-bize-zeherli-su-verirler\/\" \/>\n<meta property=\"og:site_name\" content=\"MEYDAN.TV\" \/>\n<meta property=\"article:published_time\" content=\"2022-07-27T11:27:28+00:00\" \/>\n<meta property=\"article:modified_time\" content=\"2022-07-27T11:27:30+00:00\" \/>\n<meta property=\"og:image\" content=\"https:\/\/www.meydan.tv\/wp-content\/uploads\/40386.jpg\" \/>\n\t<meta property=\"og:image:width\" content=\"1000\" \/>\n\t<meta property=\"og:image:height\" content=\"541\" \/>\n\t<meta property=\"og:image:type\" content=\"image\/jpeg\" \/>\n<meta name=\"author\" content=\"elli\" \/>\n<meta name=\"twitter:card\" content=\"summary_large_image\" \/>\n<meta name=\"twitter:creator\" content=\"@elli\" \/>\n<script type=\"application\/ld+json\" class=\"yoast-schema-graph\">{\"@context\":\"https:\\\/\\\/schema.org\",\"@graph\":[{\"@type\":\"Article\",\"@id\":\"https:\\\/\\\/www.meydan.tv\\\/az\\\/article\\\/bulaq-suyunu-elimizden-alib-bize-zeherli-su-verirler\\\/#article\",\"isPartOf\":{\"@id\":\"https:\\\/\\\/www.meydan.tv\\\/az\\\/article\\\/bulaq-suyunu-elimizden-alib-bize-zeherli-su-verirler\\\/\"},\"author\":{\"name\":\"elli\",\"@id\":\"https:\\\/\\\/www.meydan.tv\\\/az\\\/#\\\/schema\\\/person\\\/9cdbecf90d17180ce1dfbd95b08dcf47\"},\"headline\":\"\u201cBulaq suyunu \u0259limizd\u0259n al\u0131b, biz\u0259 z\u0259h\u0259rli su verirl\u0259r\u201d\",\"datePublished\":\"2022-07-27T11:27:28+00:00\",\"dateModified\":\"2022-07-27T11:27:30+00:00\",\"mainEntityOfPage\":{\"@id\":\"https:\\\/\\\/www.meydan.tv\\\/az\\\/article\\\/bulaq-suyunu-elimizden-alib-bize-zeherli-su-verirler\\\/\"},\"wordCount\":821,\"publisher\":{\"@id\":\"https:\\\/\\\/www.meydan.tv\\\/az\\\/#organization\"},\"image\":{\"@id\":\"https:\\\/\\\/www.meydan.tv\\\/az\\\/article\\\/bulaq-suyunu-elimizden-alib-bize-zeherli-su-verirler\\\/#primaryimage\"},\"thumbnailUrl\":\"https:\\\/\\\/www.meydan.tv\\\/wp-content\\\/uploads\\\/40386.jpg\",\"articleSection\":[\"B\u00f6lg\u0259\",\"T\u00f6vsiy\u0259\",\"X\u0259b\u0259rl\u0259r\"],\"inLanguage\":\"az\"},{\"@type\":\"WebPage\",\"@id\":\"https:\\\/\\\/www.meydan.tv\\\/az\\\/article\\\/bulaq-suyunu-elimizden-alib-bize-zeherli-su-verirler\\\/\",\"url\":\"https:\\\/\\\/www.meydan.tv\\\/az\\\/article\\\/bulaq-suyunu-elimizden-alib-bize-zeherli-su-verirler\\\/\",\"name\":\"\u201cBulaq suyunu \u0259limizd\u0259n al\u0131b, biz\u0259 z\u0259h\u0259rli su verirl\u0259r\u201d - MEYDAN.TV\",\"isPartOf\":{\"@id\":\"https:\\\/\\\/www.meydan.tv\\\/az\\\/#website\"},\"primaryImageOfPage\":{\"@id\":\"https:\\\/\\\/www.meydan.tv\\\/az\\\/article\\\/bulaq-suyunu-elimizden-alib-bize-zeherli-su-verirler\\\/#primaryimage\"},\"image\":{\"@id\":\"https:\\\/\\\/www.meydan.tv\\\/az\\\/article\\\/bulaq-suyunu-elimizden-alib-bize-zeherli-su-verirler\\\/#primaryimage\"},\"thumbnailUrl\":\"https:\\\/\\\/www.meydan.tv\\\/wp-content\\\/uploads\\\/40386.jpg\",\"datePublished\":\"2022-07-27T11:27:28+00:00\",\"dateModified\":\"2022-07-27T11:27:30+00:00\",\"breadcrumb\":{\"@id\":\"https:\\\/\\\/www.meydan.tv\\\/az\\\/article\\\/bulaq-suyunu-elimizden-alib-bize-zeherli-su-verirler\\\/#breadcrumb\"},\"inLanguage\":\"az\",\"potentialAction\":[{\"@type\":\"ReadAction\",\"target\":[\"https:\\\/\\\/www.meydan.tv\\\/az\\\/article\\\/bulaq-suyunu-elimizden-alib-bize-zeherli-su-verirler\\\/\"]}]},{\"@type\":\"ImageObject\",\"inLanguage\":\"az\",\"@id\":\"https:\\\/\\\/www.meydan.tv\\\/az\\\/article\\\/bulaq-suyunu-elimizden-alib-bize-zeherli-su-verirler\\\/#primaryimage\",\"url\":\"https:\\\/\\\/www.meydan.tv\\\/wp-content\\\/uploads\\\/40386.jpg\",\"contentUrl\":\"https:\\\/\\\/www.meydan.tv\\\/wp-content\\\/uploads\\\/40386.jpg\",\"width\":1000,\"height\":541,\"caption\":\"Foto: Qazax Rayon \u0130cra Hakimiyy\u0259ti\"},{\"@type\":\"BreadcrumbList\",\"@id\":\"https:\\\/\\\/www.meydan.tv\\\/az\\\/article\\\/bulaq-suyunu-elimizden-alib-bize-zeherli-su-verirler\\\/#breadcrumb\",\"itemListElement\":[{\"@type\":\"ListItem\",\"position\":1,\"name\":\"Ana s\u0259hif\u0259\",\"item\":\"https:\\\/\\\/www.meydan.tv\\\/az\\\/\"},{\"@type\":\"ListItem\",\"position\":2,\"name\":\"B\u00f6lg\u0259\",\"item\":\"https:\\\/\\\/www.meydan.tv\\\/az\\\/section\\\/bolge\\\/\"},{\"@type\":\"ListItem\",\"position\":3,\"name\":\"\u201cBulaq suyunu \u0259limizd\u0259n al\u0131b, biz\u0259 z\u0259h\u0259rli su verirl\u0259r\u201d\"}]},{\"@type\":\"WebSite\",\"@id\":\"https:\\\/\\\/www.meydan.tv\\\/az\\\/#website\",\"url\":\"https:\\\/\\\/www.meydan.tv\\\/az\\\/\",\"name\":\"MEYDAN.TV\",\"description\":\"Meydan TV Az\u0259rbaycan\u0131n media m\u0259kan\u0131ndak\u0131 alternativ s\u0259sidir\",\"publisher\":{\"@id\":\"https:\\\/\\\/www.meydan.tv\\\/az\\\/#organization\"},\"potentialAction\":[{\"@type\":\"SearchAction\",\"target\":{\"@type\":\"EntryPoint\",\"urlTemplate\":\"https:\\\/\\\/www.meydan.tv\\\/az\\\/?s={search_term_string}\"},\"query-input\":{\"@type\":\"PropertyValueSpecification\",\"valueRequired\":true,\"valueName\":\"search_term_string\"}}],\"inLanguage\":\"az\"},{\"@type\":\"Organization\",\"@id\":\"https:\\\/\\\/www.meydan.tv\\\/az\\\/#organization\",\"name\":\"Meydan TV\",\"url\":\"https:\\\/\\\/www.meydan.tv\\\/az\\\/\",\"logo\":{\"@type\":\"ImageObject\",\"inLanguage\":\"az\",\"@id\":\"https:\\\/\\\/www.meydan.tv\\\/az\\\/#\\\/schema\\\/logo\\\/image\\\/\",\"url\":\"https:\\\/\\\/www.meydan.tv\\\/wp-content\\\/uploads\\\/2021\\\/07\\\/meydan-logo.svg\",\"contentUrl\":\"https:\\\/\\\/www.meydan.tv\\\/wp-content\\\/uploads\\\/2021\\\/07\\\/meydan-logo.svg\",\"width\":195,\"height\":46,\"caption\":\"Meydan TV\"},\"image\":{\"@id\":\"https:\\\/\\\/www.meydan.tv\\\/az\\\/#\\\/schema\\\/logo\\\/image\\\/\"}},{\"@type\":\"Person\",\"@id\":\"https:\\\/\\\/www.meydan.tv\\\/az\\\/#\\\/schema\\\/person\\\/9cdbecf90d17180ce1dfbd95b08dcf47\",\"name\":\"elli\",\"sameAs\":[\"https:\\\/\\\/x.com\\\/elli\"]}]}<\/script>\n<!-- \/ Yoast SEO plugin. -->","yoast_head_json":{"title":"\u201cBulaq suyunu \u0259limizd\u0259n al\u0131b, biz\u0259 z\u0259h\u0259rli su verirl\u0259r\u201d - MEYDAN.TV","robots":{"index":"index","follow":"follow","max-snippet":"max-snippet:-1","max-image-preview":"max-image-preview:large","max-video-preview":"max-video-preview:-1"},"canonical":"https:\/\/www.meydan.tv\/az\/article\/bulaq-suyunu-elimizden-alib-bize-zeherli-su-verirler\/","og_locale":"az_AZ","og_type":"article","og_title":"\u201cBulaq suyunu \u0259limizd\u0259n al\u0131b, biz\u0259 z\u0259h\u0259rli su verirl\u0259r\u201d - MEYDAN.TV","og_description":"Qazax sakini Az\u0259r M\u0259mm\u0259dli: \u201cA\u00e7\u0131q-a\u015fkar korrupsiya layih\u0259sidir&#8230;\u201d Qazax sakinl\u0259ri xeyli ... Davam\u0131","og_url":"https:\/\/www.meydan.tv\/az\/article\/bulaq-suyunu-elimizden-alib-bize-zeherli-su-verirler\/","og_site_name":"MEYDAN.TV","article_published_time":"2022-07-27T11:27:28+00:00","article_modified_time":"2022-07-27T11:27:30+00:00","og_image":[{"width":1000,"height":541,"url":"https:\/\/www.meydan.tv\/wp-content\/uploads\/40386.jpg","type":"image\/jpeg"}],"author":"elli","twitter_card":"summary_large_image","twitter_creator":"@elli","schema":{"@context":"https:\/\/schema.org","@graph":[{"@type":"Article","@id":"https:\/\/www.meydan.tv\/az\/article\/bulaq-suyunu-elimizden-alib-bize-zeherli-su-verirler\/#article","isPartOf":{"@id":"https:\/\/www.meydan.tv\/az\/article\/bulaq-suyunu-elimizden-alib-bize-zeherli-su-verirler\/"},"author":{"name":"elli","@id":"https:\/\/www.meydan.tv\/az\/#\/schema\/person\/9cdbecf90d17180ce1dfbd95b08dcf47"},"headline":"\u201cBulaq suyunu \u0259limizd\u0259n al\u0131b, biz\u0259 z\u0259h\u0259rli su verirl\u0259r\u201d","datePublished":"2022-07-27T11:27:28+00:00","dateModified":"2022-07-27T11:27:30+00:00","mainEntityOfPage":{"@id":"https:\/\/www.meydan.tv\/az\/article\/bulaq-suyunu-elimizden-alib-bize-zeherli-su-verirler\/"},"wordCount":821,"publisher":{"@id":"https:\/\/www.meydan.tv\/az\/#organization"},"image":{"@id":"https:\/\/www.meydan.tv\/az\/article\/bulaq-suyunu-elimizden-alib-bize-zeherli-su-verirler\/#primaryimage"},"thumbnailUrl":"https:\/\/www.meydan.tv\/wp-content\/uploads\/40386.jpg","articleSection":["B\u00f6lg\u0259","T\u00f6vsiy\u0259","X\u0259b\u0259rl\u0259r"],"inLanguage":"az"},{"@type":"WebPage","@id":"https:\/\/www.meydan.tv\/az\/article\/bulaq-suyunu-elimizden-alib-bize-zeherli-su-verirler\/","url":"https:\/\/www.meydan.tv\/az\/article\/bulaq-suyunu-elimizden-alib-bize-zeherli-su-verirler\/","name":"\u201cBulaq suyunu \u0259limizd\u0259n al\u0131b, biz\u0259 z\u0259h\u0259rli su verirl\u0259r\u201d - MEYDAN.TV","isPartOf":{"@id":"https:\/\/www.meydan.tv\/az\/#website"},"primaryImageOfPage":{"@id":"https:\/\/www.meydan.tv\/az\/article\/bulaq-suyunu-elimizden-alib-bize-zeherli-su-verirler\/#primaryimage"},"image":{"@id":"https:\/\/www.meydan.tv\/az\/article\/bulaq-suyunu-elimizden-alib-bize-zeherli-su-verirler\/#primaryimage"},"thumbnailUrl":"https:\/\/www.meydan.tv\/wp-content\/uploads\/40386.jpg","datePublished":"2022-07-27T11:27:28+00:00","dateModified":"2022-07-27T11:27:30+00:00","breadcrumb":{"@id":"https:\/\/www.meydan.tv\/az\/article\/bulaq-suyunu-elimizden-alib-bize-zeherli-su-verirler\/#breadcrumb"},"inLanguage":"az","potentialAction":[{"@type":"ReadAction","target":["https:\/\/www.meydan.tv\/az\/article\/bulaq-suyunu-elimizden-alib-bize-zeherli-su-verirler\/"]}]},{"@type":"ImageObject","inLanguage":"az","@id":"https:\/\/www.meydan.tv\/az\/article\/bulaq-suyunu-elimizden-alib-bize-zeherli-su-verirler\/#primaryimage","url":"https:\/\/www.meydan.tv\/wp-content\/uploads\/40386.jpg","contentUrl":"https:\/\/www.meydan.tv\/wp-content\/uploads\/40386.jpg","width":1000,"height":541,"caption":"Foto: Qazax Rayon \u0130cra Hakimiyy\u0259ti"},{"@type":"BreadcrumbList","@id":"https:\/\/www.meydan.tv\/az\/article\/bulaq-suyunu-elimizden-alib-bize-zeherli-su-verirler\/#breadcrumb","itemListElement":[{"@type":"ListItem","position":1,"name":"Ana s\u0259hif\u0259","item":"https:\/\/www.meydan.tv\/az\/"},{"@type":"ListItem","position":2,"name":"B\u00f6lg\u0259","item":"https:\/\/www.meydan.tv\/az\/section\/bolge\/"},{"@type":"ListItem","position":3,"name":"\u201cBulaq suyunu \u0259limizd\u0259n al\u0131b, biz\u0259 z\u0259h\u0259rli su verirl\u0259r\u201d"}]},{"@type":"WebSite","@id":"https:\/\/www.meydan.tv\/az\/#website","url":"https:\/\/www.meydan.tv\/az\/","name":"MEYDAN.TV","description":"Meydan TV Az\u0259rbaycan\u0131n media m\u0259kan\u0131ndak\u0131 alternativ s\u0259sidir","publisher":{"@id":"https:\/\/www.meydan.tv\/az\/#organization"},"potentialAction":[{"@type":"SearchAction","target":{"@type":"EntryPoint","urlTemplate":"https:\/\/www.meydan.tv\/az\/?s={search_term_string}"},"query-input":{"@type":"PropertyValueSpecification","valueRequired":true,"valueName":"search_term_string"}}],"inLanguage":"az"},{"@type":"Organization","@id":"https:\/\/www.meydan.tv\/az\/#organization","name":"Meydan TV","url":"https:\/\/www.meydan.tv\/az\/","logo":{"@type":"ImageObject","inLanguage":"az","@id":"https:\/\/www.meydan.tv\/az\/#\/schema\/logo\/image\/","url":"https:\/\/www.meydan.tv\/wp-content\/uploads\/2021\/07\/meydan-logo.svg","contentUrl":"https:\/\/www.meydan.tv\/wp-content\/uploads\/2021\/07\/meydan-logo.svg","width":195,"height":46,"caption":"Meydan TV"},"image":{"@id":"https:\/\/www.meydan.tv\/az\/#\/schema\/logo\/image\/"}},{"@type":"Person","@id":"https:\/\/www.meydan.tv\/az\/#\/schema\/person\/9cdbecf90d17180ce1dfbd95b08dcf47","name":"elli","sameAs":["https:\/\/x.com\/elli"]}]}},"_links":{"self":[{"href":"https:\/\/www.meydan.tv\/az\/wp-json\/wp\/v2\/posts\/251878","targetHints":{"allow":["GET"]}}],"collection":[{"href":"https:\/\/www.meydan.tv\/az\/wp-json\/wp\/v2\/posts"}],"about":[{"href":"https:\/\/www.meydan.tv\/az\/wp-json\/wp\/v2\/types\/post"}],"author":[{"embeddable":true,"href":"https:\/\/www.meydan.tv\/az\/wp-json\/wp\/v2\/users\/8"}],"replies":[{"embeddable":true,"href":"https:\/\/www.meydan.tv\/az\/wp-json\/wp\/v2\/comments?post=251878"}],"version-history":[{"count":1,"href":"https:\/\/www.meydan.tv\/az\/wp-json\/wp\/v2\/posts\/251878\/revisions"}],"predecessor-version":[{"id":251884,"href":"https:\/\/www.meydan.tv\/az\/wp-json\/wp\/v2\/posts\/251878\/revisions\/251884"}],"wp:featuredmedia":[{"embeddable":true,"href":"https:\/\/www.meydan.tv\/az\/wp-json\/wp\/v2\/media\/101934"}],"wp:attachment":[{"href":"https:\/\/www.meydan.tv\/az\/wp-json\/wp\/v2\/media?parent=251878"}],"wp:term":[{"taxonomy":"category","embeddable":true,"href":"https:\/\/www.meydan.tv\/az\/wp-json\/wp\/v2\/categories?post=251878"},{"taxonomy":"post_tag","embeddable":true,"href":"https:\/\/www.meydan.tv\/az\/wp-json\/wp\/v2\/tags?post=251878"}],"curies":[{"name":"wp","href":"https:\/\/api.w.org\/{rel}","templated":true}]}}