{"id":251858,"date":"2022-07-27T14:13:05","date_gmt":"2022-07-27T10:13:05","guid":{"rendered":"https:\/\/www.meydan.tv\/?p=251858"},"modified":"2022-07-27T14:13:08","modified_gmt":"2022-07-27T10:13:08","slug":"muharibe-istirakcisi-tek-isteyim-torpaq-sahesi-goturub-ekin-bicinle-mesgul-olmaqdir","status":"publish","type":"post","link":"https:\/\/www.meydan.tv\/az\/article\/muharibe-istirakcisi-tek-isteyim-torpaq-sahesi-goturub-ekin-bicinle-mesgul-olmaqdir\/","title":{"rendered":"M\u00fcharib\u0259 i\u015ftirak\u00e7\u0131s\u0131: \u201cT\u0259k ist\u0259yim torpaq sah\u0259si g\u00f6t\u00fcr\u00fcb \u0259kin-bi\u00e7inl\u0259 m\u0259\u015f\u011ful olmaqd\u0131r\u201d"},"content":{"rendered":"\n<p><\/p>\n\n\n\n<p><em>\u201cHaz\u0131rda azad olunmu\u015f \u0259razil\u0259rimizd\u0259n birind\u0259 f\u0259hl\u0259 i\u015fl\u0259yir\u0259m, azya\u015fl\u0131 \u00f6vlad\u0131m var, onun \u00fcz\u00fcn\u00fc 15 g\u00fcnd\u0259n bir g\u00f6r\u00fcr\u0259m\u201d<\/em><\/p>\n\n\n\n<p>\u201cM\u00fcharib\u0259d\u0259 ciddi yara almam\u0131\u015fam, ancaq psixologiyam pozulub, g\u0259rgin\u0259m. A\u011f\u0131r i\u015fl\u0259rd\u0259 \u00e7al\u0131\u015fa, gec\u0259l\u0259r rahat yata bilmir\u0259m. T\u0259k ist\u0259yim do\u011fulub, boya-ba\u015fa \u00e7atd\u0131\u011f\u0131m k\u0259ndd\u0259 3-4 sort torpaqd\u0131r, \u0259kin-bi\u00e7inl\u0259 m\u0259\u015f\u011ful olum, ail\u0259mi doland\u0131ra bilim\u201d.<\/p>\n\n\n\n<p>Bunu Meydan TV-y\u0259 \u0130kinci Qaraba\u011f M\u00fcharib\u0259si i\u015ftirak\u00e7\u0131s\u0131 Royal \u015eahin o\u011flu C\u0259biyev deyib. Onun s\u00f6zl\u0259rin\u0259 g\u00f6r\u0259, K\u00fcrd\u0259mir rayonu, Qarabucaq k\u0259ndind\u0259 do\u011fulub, valideynl\u0259ri orada ya\u015fay\u0131r.<\/p>\n\n\n\n<p>\u201cM\u0259n Sabirabad rayonunda qeydiyyatdayam. Burada Rusiyada ya\u015fayan \u0259mimin evind\u0259 m\u00fcv\u0259qq\u0259ti m\u0259skunla\u015fm\u0131\u015fam. El\u0259 buradan da c\u0259bh\u0259y\u0259 getmi\u015f\u0259m\u201d,-C\u0259biyev deyib. \u015eikay\u0259t\u00e7i qeyd edib ki, k\u0259nd\u0259 qay\u0131d\u0131b atas\u0131n\u0131n k\u00f6m\u0259yi il\u0259 \u0259kin i\u015fl\u0259ri il\u0259 m\u0259\u015f\u011ful olmaq ist\u0259yir. Lakin b\u0259l\u0259diyy\u0259 h\u0259min k\u0259ndd\u0259 qeydiyyatda olmad\u0131\u011f\u0131n\u0131 \u0259sas g\u0259tir\u0259r\u0259k torpaq sah\u0259si verm\u0259k ist\u0259mir:<\/p>\n\n\n\n<p>\u201cHaz\u0131rda azad olunmu\u015f \u0259razil\u0259rimizd\u0259n birind\u0259 f\u0259hl\u0259 i\u015fl\u0259yir\u0259m, azya\u015fl\u0131 \u00f6vlad\u0131m var, onun \u00fcz\u00fcn\u00fc 15 g\u00fcnd\u0259n bir g\u00f6r\u00fcr\u0259m. \u0130st\u0259yir\u0259m ki, \u00f6vlad\u0131m yan\u0131mda, g\u00f6z\u00fcm\u00fcn qar\u015f\u0131s\u0131nda b\u00f6y\u00fcs\u00fcn. Sabirabadda i\u015f tapmaq \u00e7\u0259tindir, \u00fcst\u0259lik, \u00f6z k\u0259ndimizd\u0259 yax\u0131nlar\u0131m\u0131n yan\u0131nda ya\u015famaq ist\u0259yir\u0259m\u201d.<\/p>\n\n\n\n<p>K\u00fcrd\u0259mirin Qarabucaq k\u0259ndi rayon m\u0259rk\u0259zind\u0259n 18 km aral\u0131qda yerl\u0259\u015fir. K\u0259ndd\u0259 orta hesabla 90-a yax\u0131n ail\u0259, 500-\u0259 yax\u0131n sakin ya\u015fay\u0131r. K\u0259ndlil\u0259rin \u0259sas dolan\u0131\u015f\u0131\u011f\u0131 \u0259kin-bi\u00e7ind\u0259n \u00e7\u0131x\u0131r.<\/p>\n\n\n\n<p>K\u0259nd b\u0259l\u0259diyy\u0259sinin s\u0259dri Dilar\u0259 K\u0259rimova Meydan TV-y\u0259 bildirib ki, R\u00f6yal C\u0259biyevin atas\u0131 o\u011flu \u00fc\u00e7\u00fcn torpaq sah\u0259si il\u0259 ba\u011fl\u0131 m\u00fcraci\u0259t edib. Ancaq k\u0259ndd\u0259 bo\u015f sah\u0259 qalmay\u0131\u0131b, \u0259kin\u0259 yararl\u0131 torpaqlar icar\u0259y\u0259 verilib:<\/p>\n\n\n\n<p>\u201cKimins\u0259 icar\u0259 m\u00fcdd\u0259ti bits\u0259, sah\u0259 onlara veril\u0259c\u0259k. H\u0259l\u0259lik g\u00f6zl\u0259m\u0259l\u0259rini t\u00f6vsiy\u0259 etmi\u015fik\u201d.<\/p>\n","protected":false},"excerpt":{"rendered":"<p>\u201cHaz\u0131rda azad olunmu\u015f \u0259razil\u0259rimizd\u0259n birind\u0259 f\u0259hl\u0259 i\u015fl\u0259yir\u0259m, azya\u015fl\u0131 \u00f6vlad\u0131m var, &#8230; <\/p>\n<p class=\"read-more-container\"><a title=\"M\u00fcharib\u0259 i\u015ftirak\u00e7\u0131s\u0131: \u201cT\u0259k ist\u0259yim torpaq sah\u0259si g\u00f6t\u00fcr\u00fcb \u0259kin-bi\u00e7inl\u0259 m\u0259\u015f\u011ful olmaqd\u0131r\u201d\" class=\"read-more button\" href=\"https:\/\/www.meydan.tv\/az\/article\/muharibe-istirakcisi-tek-isteyim-torpaq-sahesi-goturub-ekin-bicinle-mesgul-olmaqdir\/#more-251858\" aria-label=\"Read more about M\u00fcharib\u0259 i\u015ftirak\u00e7\u0131s\u0131: \u201cT\u0259k ist\u0259yim torpaq sah\u0259si g\u00f6t\u00fcr\u00fcb \u0259kin-bi\u00e7inl\u0259 m\u0259\u015f\u011ful olmaqd\u0131r\u201d\">Davam\u0131<\/a><\/p>\n","protected":false},"author":8,"featured_media":251855,"comment_status":"closed","ping_status":"closed","sticky":false,"template":"","format":"standard","meta":{"_acf_changed":false,"_sitemap_exclude":false,"_sitemap_priority":"","_sitemap_frequency":"","footnotes":""},"categories":[60,56],"tags":[],"class_list":["post-251858","post","type-post","status-publish","format-standard","has-post-thumbnail","hentry","category-bolge","category-xeberler","infinite-scroll-item","generate-columns","tablet-grid-50","mobile-grid-100","grid-parent","grid-33","no-featured-image-padding"],"acf":[],"yoast_head":"<!-- This site is optimized with the Yoast SEO plugin v27.5 - https:\/\/yoast.com\/product\/yoast-seo-wordpress\/ -->\n<title>M\u00fcharib\u0259 i\u015ftirak\u00e7\u0131s\u0131: \u201cT\u0259k ist\u0259yim torpaq sah\u0259si g\u00f6t\u00fcr\u00fcb \u0259kin-bi\u00e7inl\u0259 m\u0259\u015f\u011ful olmaqd\u0131r\u201d - MEYDAN.TV<\/title>\n<meta name=\"robots\" content=\"index, follow, max-snippet:-1, max-image-preview:large, max-video-preview:-1\" \/>\n<link rel=\"canonical\" href=\"https:\/\/www.meydan.tv\/az\/article\/muharibe-istirakcisi-tek-isteyim-torpaq-sahesi-goturub-ekin-bicinle-mesgul-olmaqdir\/\" \/>\n<meta property=\"og:locale\" content=\"az_AZ\" \/>\n<meta property=\"og:type\" content=\"article\" \/>\n<meta property=\"og:title\" content=\"M\u00fcharib\u0259 i\u015ftirak\u00e7\u0131s\u0131: \u201cT\u0259k ist\u0259yim torpaq sah\u0259si g\u00f6t\u00fcr\u00fcb \u0259kin-bi\u00e7inl\u0259 m\u0259\u015f\u011ful olmaqd\u0131r\u201d - MEYDAN.TV\" \/>\n<meta property=\"og:description\" content=\"\u201cHaz\u0131rda azad olunmu\u015f \u0259razil\u0259rimizd\u0259n birind\u0259 f\u0259hl\u0259 i\u015fl\u0259yir\u0259m, azya\u015fl\u0131 \u00f6vlad\u0131m var, ... Davam\u0131\" \/>\n<meta property=\"og:url\" content=\"https:\/\/www.meydan.tv\/az\/article\/muharibe-istirakcisi-tek-isteyim-torpaq-sahesi-goturub-ekin-bicinle-mesgul-olmaqdir\/\" \/>\n<meta property=\"og:site_name\" content=\"MEYDAN.TV\" \/>\n<meta property=\"article:published_time\" content=\"2022-07-27T10:13:05+00:00\" \/>\n<meta property=\"article:modified_time\" content=\"2022-07-27T10:13:08+00:00\" \/>\n<meta property=\"og:image\" content=\"https:\/\/www.meydan.tv\/wp-content\/uploads\/untitled-design-10-6.jpg\" \/>\n\t<meta property=\"og:image:width\" content=\"1200\" \/>\n\t<meta property=\"og:image:height\" content=\"800\" \/>\n\t<meta property=\"og:image:type\" content=\"image\/jpeg\" \/>\n<meta name=\"author\" content=\"elli\" \/>\n<meta name=\"twitter:card\" content=\"summary_large_image\" \/>\n<meta name=\"twitter:creator\" content=\"@elli\" \/>\n<script type=\"application\/ld+json\" class=\"yoast-schema-graph\">{\"@context\":\"https:\\\/\\\/schema.org\",\"@graph\":[{\"@type\":\"Article\",\"@id\":\"https:\\\/\\\/www.meydan.tv\\\/az\\\/article\\\/muharibe-istirakcisi-tek-isteyim-torpaq-sahesi-goturub-ekin-bicinle-mesgul-olmaqdir\\\/#article\",\"isPartOf\":{\"@id\":\"https:\\\/\\\/www.meydan.tv\\\/az\\\/article\\\/muharibe-istirakcisi-tek-isteyim-torpaq-sahesi-goturub-ekin-bicinle-mesgul-olmaqdir\\\/\"},\"author\":{\"name\":\"elli\",\"@id\":\"https:\\\/\\\/www.meydan.tv\\\/az\\\/#\\\/schema\\\/person\\\/9cdbecf90d17180ce1dfbd95b08dcf47\"},\"headline\":\"M\u00fcharib\u0259 i\u015ftirak\u00e7\u0131s\u0131: \u201cT\u0259k ist\u0259yim torpaq sah\u0259si g\u00f6t\u00fcr\u00fcb \u0259kin-bi\u00e7inl\u0259 m\u0259\u015f\u011ful olmaqd\u0131r\u201d\",\"datePublished\":\"2022-07-27T10:13:05+00:00\",\"dateModified\":\"2022-07-27T10:13:08+00:00\",\"mainEntityOfPage\":{\"@id\":\"https:\\\/\\\/www.meydan.tv\\\/az\\\/article\\\/muharibe-istirakcisi-tek-isteyim-torpaq-sahesi-goturub-ekin-bicinle-mesgul-olmaqdir\\\/\"},\"wordCount\":404,\"publisher\":{\"@id\":\"https:\\\/\\\/www.meydan.tv\\\/az\\\/#organization\"},\"image\":{\"@id\":\"https:\\\/\\\/www.meydan.tv\\\/az\\\/article\\\/muharibe-istirakcisi-tek-isteyim-torpaq-sahesi-goturub-ekin-bicinle-mesgul-olmaqdir\\\/#primaryimage\"},\"thumbnailUrl\":\"https:\\\/\\\/www.meydan.tv\\\/wp-content\\\/uploads\\\/untitled-design-10-6.jpg\",\"articleSection\":[\"B\u00f6lg\u0259\",\"X\u0259b\u0259rl\u0259r\"],\"inLanguage\":\"az\"},{\"@type\":\"WebPage\",\"@id\":\"https:\\\/\\\/www.meydan.tv\\\/az\\\/article\\\/muharibe-istirakcisi-tek-isteyim-torpaq-sahesi-goturub-ekin-bicinle-mesgul-olmaqdir\\\/\",\"url\":\"https:\\\/\\\/www.meydan.tv\\\/az\\\/article\\\/muharibe-istirakcisi-tek-isteyim-torpaq-sahesi-goturub-ekin-bicinle-mesgul-olmaqdir\\\/\",\"name\":\"M\u00fcharib\u0259 i\u015ftirak\u00e7\u0131s\u0131: \u201cT\u0259k ist\u0259yim torpaq sah\u0259si g\u00f6t\u00fcr\u00fcb \u0259kin-bi\u00e7inl\u0259 m\u0259\u015f\u011ful olmaqd\u0131r\u201d - MEYDAN.TV\",\"isPartOf\":{\"@id\":\"https:\\\/\\\/www.meydan.tv\\\/az\\\/#website\"},\"primaryImageOfPage\":{\"@id\":\"https:\\\/\\\/www.meydan.tv\\\/az\\\/article\\\/muharibe-istirakcisi-tek-isteyim-torpaq-sahesi-goturub-ekin-bicinle-mesgul-olmaqdir\\\/#primaryimage\"},\"image\":{\"@id\":\"https:\\\/\\\/www.meydan.tv\\\/az\\\/article\\\/muharibe-istirakcisi-tek-isteyim-torpaq-sahesi-goturub-ekin-bicinle-mesgul-olmaqdir\\\/#primaryimage\"},\"thumbnailUrl\":\"https:\\\/\\\/www.meydan.tv\\\/wp-content\\\/uploads\\\/untitled-design-10-6.jpg\",\"datePublished\":\"2022-07-27T10:13:05+00:00\",\"dateModified\":\"2022-07-27T10:13:08+00:00\",\"breadcrumb\":{\"@id\":\"https:\\\/\\\/www.meydan.tv\\\/az\\\/article\\\/muharibe-istirakcisi-tek-isteyim-torpaq-sahesi-goturub-ekin-bicinle-mesgul-olmaqdir\\\/#breadcrumb\"},\"inLanguage\":\"az\",\"potentialAction\":[{\"@type\":\"ReadAction\",\"target\":[\"https:\\\/\\\/www.meydan.tv\\\/az\\\/article\\\/muharibe-istirakcisi-tek-isteyim-torpaq-sahesi-goturub-ekin-bicinle-mesgul-olmaqdir\\\/\"]}]},{\"@type\":\"ImageObject\",\"inLanguage\":\"az\",\"@id\":\"https:\\\/\\\/www.meydan.tv\\\/az\\\/article\\\/muharibe-istirakcisi-tek-isteyim-torpaq-sahesi-goturub-ekin-bicinle-mesgul-olmaqdir\\\/#primaryimage\",\"url\":\"https:\\\/\\\/www.meydan.tv\\\/wp-content\\\/uploads\\\/untitled-design-10-6.jpg\",\"contentUrl\":\"https:\\\/\\\/www.meydan.tv\\\/wp-content\\\/uploads\\\/untitled-design-10-6.jpg\",\"width\":1200,\"height\":800,\"caption\":\"Foto: Royal C\u0259biyevin \u015f\u0259xsi arxivind\u0259n\"},{\"@type\":\"BreadcrumbList\",\"@id\":\"https:\\\/\\\/www.meydan.tv\\\/az\\\/article\\\/muharibe-istirakcisi-tek-isteyim-torpaq-sahesi-goturub-ekin-bicinle-mesgul-olmaqdir\\\/#breadcrumb\",\"itemListElement\":[{\"@type\":\"ListItem\",\"position\":1,\"name\":\"Ana s\u0259hif\u0259\",\"item\":\"https:\\\/\\\/www.meydan.tv\\\/az\\\/\"},{\"@type\":\"ListItem\",\"position\":2,\"name\":\"B\u00f6lg\u0259\",\"item\":\"https:\\\/\\\/www.meydan.tv\\\/az\\\/section\\\/bolge\\\/\"},{\"@type\":\"ListItem\",\"position\":3,\"name\":\"M\u00fcharib\u0259 i\u015ftirak\u00e7\u0131s\u0131: \u201cT\u0259k ist\u0259yim torpaq sah\u0259si g\u00f6t\u00fcr\u00fcb \u0259kin-bi\u00e7inl\u0259 m\u0259\u015f\u011ful olmaqd\u0131r\u201d\"}]},{\"@type\":\"WebSite\",\"@id\":\"https:\\\/\\\/www.meydan.tv\\\/az\\\/#website\",\"url\":\"https:\\\/\\\/www.meydan.tv\\\/az\\\/\",\"name\":\"MEYDAN.TV\",\"description\":\"Meydan TV Az\u0259rbaycan\u0131n media m\u0259kan\u0131ndak\u0131 alternativ s\u0259sidir\",\"publisher\":{\"@id\":\"https:\\\/\\\/www.meydan.tv\\\/az\\\/#organization\"},\"potentialAction\":[{\"@type\":\"SearchAction\",\"target\":{\"@type\":\"EntryPoint\",\"urlTemplate\":\"https:\\\/\\\/www.meydan.tv\\\/az\\\/?s={search_term_string}\"},\"query-input\":{\"@type\":\"PropertyValueSpecification\",\"valueRequired\":true,\"valueName\":\"search_term_string\"}}],\"inLanguage\":\"az\"},{\"@type\":\"Organization\",\"@id\":\"https:\\\/\\\/www.meydan.tv\\\/az\\\/#organization\",\"name\":\"Meydan TV\",\"url\":\"https:\\\/\\\/www.meydan.tv\\\/az\\\/\",\"logo\":{\"@type\":\"ImageObject\",\"inLanguage\":\"az\",\"@id\":\"https:\\\/\\\/www.meydan.tv\\\/az\\\/#\\\/schema\\\/logo\\\/image\\\/\",\"url\":\"https:\\\/\\\/www.meydan.tv\\\/wp-content\\\/uploads\\\/2021\\\/07\\\/meydan-logo.svg\",\"contentUrl\":\"https:\\\/\\\/www.meydan.tv\\\/wp-content\\\/uploads\\\/2021\\\/07\\\/meydan-logo.svg\",\"width\":195,\"height\":46,\"caption\":\"Meydan TV\"},\"image\":{\"@id\":\"https:\\\/\\\/www.meydan.tv\\\/az\\\/#\\\/schema\\\/logo\\\/image\\\/\"}},{\"@type\":\"Person\",\"@id\":\"https:\\\/\\\/www.meydan.tv\\\/az\\\/#\\\/schema\\\/person\\\/9cdbecf90d17180ce1dfbd95b08dcf47\",\"name\":\"elli\",\"sameAs\":[\"https:\\\/\\\/x.com\\\/elli\"]}]}<\/script>\n<!-- \/ Yoast SEO plugin. -->","yoast_head_json":{"title":"M\u00fcharib\u0259 i\u015ftirak\u00e7\u0131s\u0131: \u201cT\u0259k ist\u0259yim torpaq sah\u0259si g\u00f6t\u00fcr\u00fcb \u0259kin-bi\u00e7inl\u0259 m\u0259\u015f\u011ful olmaqd\u0131r\u201d - MEYDAN.TV","robots":{"index":"index","follow":"follow","max-snippet":"max-snippet:-1","max-image-preview":"max-image-preview:large","max-video-preview":"max-video-preview:-1"},"canonical":"https:\/\/www.meydan.tv\/az\/article\/muharibe-istirakcisi-tek-isteyim-torpaq-sahesi-goturub-ekin-bicinle-mesgul-olmaqdir\/","og_locale":"az_AZ","og_type":"article","og_title":"M\u00fcharib\u0259 i\u015ftirak\u00e7\u0131s\u0131: \u201cT\u0259k ist\u0259yim torpaq sah\u0259si g\u00f6t\u00fcr\u00fcb \u0259kin-bi\u00e7inl\u0259 m\u0259\u015f\u011ful olmaqd\u0131r\u201d - MEYDAN.TV","og_description":"\u201cHaz\u0131rda azad olunmu\u015f \u0259razil\u0259rimizd\u0259n birind\u0259 f\u0259hl\u0259 i\u015fl\u0259yir\u0259m, azya\u015fl\u0131 \u00f6vlad\u0131m var, ... Davam\u0131","og_url":"https:\/\/www.meydan.tv\/az\/article\/muharibe-istirakcisi-tek-isteyim-torpaq-sahesi-goturub-ekin-bicinle-mesgul-olmaqdir\/","og_site_name":"MEYDAN.TV","article_published_time":"2022-07-27T10:13:05+00:00","article_modified_time":"2022-07-27T10:13:08+00:00","og_image":[{"width":1200,"height":800,"url":"https:\/\/www.meydan.tv\/wp-content\/uploads\/untitled-design-10-6.jpg","type":"image\/jpeg"}],"author":"elli","twitter_card":"summary_large_image","twitter_creator":"@elli","schema":{"@context":"https:\/\/schema.org","@graph":[{"@type":"Article","@id":"https:\/\/www.meydan.tv\/az\/article\/muharibe-istirakcisi-tek-isteyim-torpaq-sahesi-goturub-ekin-bicinle-mesgul-olmaqdir\/#article","isPartOf":{"@id":"https:\/\/www.meydan.tv\/az\/article\/muharibe-istirakcisi-tek-isteyim-torpaq-sahesi-goturub-ekin-bicinle-mesgul-olmaqdir\/"},"author":{"name":"elli","@id":"https:\/\/www.meydan.tv\/az\/#\/schema\/person\/9cdbecf90d17180ce1dfbd95b08dcf47"},"headline":"M\u00fcharib\u0259 i\u015ftirak\u00e7\u0131s\u0131: \u201cT\u0259k ist\u0259yim torpaq sah\u0259si g\u00f6t\u00fcr\u00fcb \u0259kin-bi\u00e7inl\u0259 m\u0259\u015f\u011ful olmaqd\u0131r\u201d","datePublished":"2022-07-27T10:13:05+00:00","dateModified":"2022-07-27T10:13:08+00:00","mainEntityOfPage":{"@id":"https:\/\/www.meydan.tv\/az\/article\/muharibe-istirakcisi-tek-isteyim-torpaq-sahesi-goturub-ekin-bicinle-mesgul-olmaqdir\/"},"wordCount":404,"publisher":{"@id":"https:\/\/www.meydan.tv\/az\/#organization"},"image":{"@id":"https:\/\/www.meydan.tv\/az\/article\/muharibe-istirakcisi-tek-isteyim-torpaq-sahesi-goturub-ekin-bicinle-mesgul-olmaqdir\/#primaryimage"},"thumbnailUrl":"https:\/\/www.meydan.tv\/wp-content\/uploads\/untitled-design-10-6.jpg","articleSection":["B\u00f6lg\u0259","X\u0259b\u0259rl\u0259r"],"inLanguage":"az"},{"@type":"WebPage","@id":"https:\/\/www.meydan.tv\/az\/article\/muharibe-istirakcisi-tek-isteyim-torpaq-sahesi-goturub-ekin-bicinle-mesgul-olmaqdir\/","url":"https:\/\/www.meydan.tv\/az\/article\/muharibe-istirakcisi-tek-isteyim-torpaq-sahesi-goturub-ekin-bicinle-mesgul-olmaqdir\/","name":"M\u00fcharib\u0259 i\u015ftirak\u00e7\u0131s\u0131: \u201cT\u0259k ist\u0259yim torpaq sah\u0259si g\u00f6t\u00fcr\u00fcb \u0259kin-bi\u00e7inl\u0259 m\u0259\u015f\u011ful olmaqd\u0131r\u201d - MEYDAN.TV","isPartOf":{"@id":"https:\/\/www.meydan.tv\/az\/#website"},"primaryImageOfPage":{"@id":"https:\/\/www.meydan.tv\/az\/article\/muharibe-istirakcisi-tek-isteyim-torpaq-sahesi-goturub-ekin-bicinle-mesgul-olmaqdir\/#primaryimage"},"image":{"@id":"https:\/\/www.meydan.tv\/az\/article\/muharibe-istirakcisi-tek-isteyim-torpaq-sahesi-goturub-ekin-bicinle-mesgul-olmaqdir\/#primaryimage"},"thumbnailUrl":"https:\/\/www.meydan.tv\/wp-content\/uploads\/untitled-design-10-6.jpg","datePublished":"2022-07-27T10:13:05+00:00","dateModified":"2022-07-27T10:13:08+00:00","breadcrumb":{"@id":"https:\/\/www.meydan.tv\/az\/article\/muharibe-istirakcisi-tek-isteyim-torpaq-sahesi-goturub-ekin-bicinle-mesgul-olmaqdir\/#breadcrumb"},"inLanguage":"az","potentialAction":[{"@type":"ReadAction","target":["https:\/\/www.meydan.tv\/az\/article\/muharibe-istirakcisi-tek-isteyim-torpaq-sahesi-goturub-ekin-bicinle-mesgul-olmaqdir\/"]}]},{"@type":"ImageObject","inLanguage":"az","@id":"https:\/\/www.meydan.tv\/az\/article\/muharibe-istirakcisi-tek-isteyim-torpaq-sahesi-goturub-ekin-bicinle-mesgul-olmaqdir\/#primaryimage","url":"https:\/\/www.meydan.tv\/wp-content\/uploads\/untitled-design-10-6.jpg","contentUrl":"https:\/\/www.meydan.tv\/wp-content\/uploads\/untitled-design-10-6.jpg","width":1200,"height":800,"caption":"Foto: Royal C\u0259biyevin \u015f\u0259xsi arxivind\u0259n"},{"@type":"BreadcrumbList","@id":"https:\/\/www.meydan.tv\/az\/article\/muharibe-istirakcisi-tek-isteyim-torpaq-sahesi-goturub-ekin-bicinle-mesgul-olmaqdir\/#breadcrumb","itemListElement":[{"@type":"ListItem","position":1,"name":"Ana s\u0259hif\u0259","item":"https:\/\/www.meydan.tv\/az\/"},{"@type":"ListItem","position":2,"name":"B\u00f6lg\u0259","item":"https:\/\/www.meydan.tv\/az\/section\/bolge\/"},{"@type":"ListItem","position":3,"name":"M\u00fcharib\u0259 i\u015ftirak\u00e7\u0131s\u0131: \u201cT\u0259k ist\u0259yim torpaq sah\u0259si g\u00f6t\u00fcr\u00fcb \u0259kin-bi\u00e7inl\u0259 m\u0259\u015f\u011ful olmaqd\u0131r\u201d"}]},{"@type":"WebSite","@id":"https:\/\/www.meydan.tv\/az\/#website","url":"https:\/\/www.meydan.tv\/az\/","name":"MEYDAN.TV","description":"Meydan TV Az\u0259rbaycan\u0131n media m\u0259kan\u0131ndak\u0131 alternativ s\u0259sidir","publisher":{"@id":"https:\/\/www.meydan.tv\/az\/#organization"},"potentialAction":[{"@type":"SearchAction","target":{"@type":"EntryPoint","urlTemplate":"https:\/\/www.meydan.tv\/az\/?s={search_term_string}"},"query-input":{"@type":"PropertyValueSpecification","valueRequired":true,"valueName":"search_term_string"}}],"inLanguage":"az"},{"@type":"Organization","@id":"https:\/\/www.meydan.tv\/az\/#organization","name":"Meydan TV","url":"https:\/\/www.meydan.tv\/az\/","logo":{"@type":"ImageObject","inLanguage":"az","@id":"https:\/\/www.meydan.tv\/az\/#\/schema\/logo\/image\/","url":"https:\/\/www.meydan.tv\/wp-content\/uploads\/2021\/07\/meydan-logo.svg","contentUrl":"https:\/\/www.meydan.tv\/wp-content\/uploads\/2021\/07\/meydan-logo.svg","width":195,"height":46,"caption":"Meydan TV"},"image":{"@id":"https:\/\/www.meydan.tv\/az\/#\/schema\/logo\/image\/"}},{"@type":"Person","@id":"https:\/\/www.meydan.tv\/az\/#\/schema\/person\/9cdbecf90d17180ce1dfbd95b08dcf47","name":"elli","sameAs":["https:\/\/x.com\/elli"]}]}},"_links":{"self":[{"href":"https:\/\/www.meydan.tv\/az\/wp-json\/wp\/v2\/posts\/251858","targetHints":{"allow":["GET"]}}],"collection":[{"href":"https:\/\/www.meydan.tv\/az\/wp-json\/wp\/v2\/posts"}],"about":[{"href":"https:\/\/www.meydan.tv\/az\/wp-json\/wp\/v2\/types\/post"}],"author":[{"embeddable":true,"href":"https:\/\/www.meydan.tv\/az\/wp-json\/wp\/v2\/users\/8"}],"replies":[{"embeddable":true,"href":"https:\/\/www.meydan.tv\/az\/wp-json\/wp\/v2\/comments?post=251858"}],"version-history":[{"count":1,"href":"https:\/\/www.meydan.tv\/az\/wp-json\/wp\/v2\/posts\/251858\/revisions"}],"predecessor-version":[{"id":251859,"href":"https:\/\/www.meydan.tv\/az\/wp-json\/wp\/v2\/posts\/251858\/revisions\/251859"}],"wp:featuredmedia":[{"embeddable":true,"href":"https:\/\/www.meydan.tv\/az\/wp-json\/wp\/v2\/media\/251855"}],"wp:attachment":[{"href":"https:\/\/www.meydan.tv\/az\/wp-json\/wp\/v2\/media?parent=251858"}],"wp:term":[{"taxonomy":"category","embeddable":true,"href":"https:\/\/www.meydan.tv\/az\/wp-json\/wp\/v2\/categories?post=251858"},{"taxonomy":"post_tag","embeddable":true,"href":"https:\/\/www.meydan.tv\/az\/wp-json\/wp\/v2\/tags?post=251858"}],"curies":[{"name":"wp","href":"https:\/\/api.w.org\/{rel}","templated":true}]}}