{"id":251837,"date":"2022-07-27T14:01:04","date_gmt":"2022-07-27T10:01:04","guid":{"rendered":"https:\/\/www.meydan.tv\/?p=251837"},"modified":"2022-07-27T14:01:07","modified_gmt":"2022-07-27T10:01:07","slug":"efqan-muxtarli-isi-qoqasvili-vicdan-ezabi-cekir-deye-her-seyi-aciqlayir","status":"publish","type":"post","link":"https:\/\/www.meydan.tv\/az\/article\/efqan-muxtarli-isi-qoqasvili-vicdan-ezabi-cekir-deye-her-seyi-aciqlayir\/","title":{"rendered":"&#8220;\u018ffqan Muxtarl\u0131 i\u015fi&#8221;: &#8220;Qoqa\u015fvili vicdan \u0259zab\u0131 \u00e7\u0259kir dey\u0259 h\u0259r \u015feyi a\u00e7\u0131qlay\u0131r&#8221;"},"content":{"rendered":"\n<p><\/p>\n\n\n\n<p>&#8220;<em>Prokurorluq d\u0259rhal ara\u015fd\u0131rmalara ba\u015flamal\u0131, cinay\u0259tkarlar if\u015fa olunmal\u0131d\u0131r&#8221;<\/em><\/p>\n\n\n\n<p>\u201cJurnalist \u018ffqan Muxtarl\u0131n\u0131n Az\u0259rbaycanda ke\u00e7iril\u0259n m\u0259hk\u0259m\u0259 prosesl\u0259rind\u0259 v\u0259sat\u0259tl\u0259r verilib. Amma b\u00fct\u00fcn m\u0259hk\u0259m\u0259 instansiyalar\u0131nda \u00e7\u0131xar\u0131lan q\u0259rarlar qanunsuzdur. B\u00fct\u00fcn hallarda G\u00fcrc\u00fcstanda m\u00fc\u0259yy\u0259n prosesl\u0259r ba\u015flayandan sonra Az\u0259rbaycanda hans\u0131sa h\u00fcquqi prosedurlar ke\u00e7irm\u0259k imkanlar\u0131 yaranacaq\u201d.<\/p>\n\n\n\n<p>Bunu Meydan TV-y\u0259 jurnalist \u018ffqan Muxtarl\u0131n\u0131n v\u0259kili Nem\u0259t K\u0259rimli G\u00fcrc\u00fcstan D\u00f6vl\u0259t T\u0259hl\u00fck\u0259sizlik Xidm\u0259tinin ke\u00e7mi\u015f r\u0259is m\u00fcavini Soso Qoqa\u015fvilinin h\u0259bsxanadan yayd\u0131\u011f\u0131 m\u0259ktubu \u015f\u0259rh ed\u0259rk\u0259n deyib.<\/p>\n\n\n\n<p>G\u00fcrc\u00fcstan D\u00f6vl\u0259t T\u0259hl\u00fck\u0259sizlik Xidm\u0259tinin (DTX) ke\u00e7mi\u015f r\u0259is m\u00fcavini Soso Qoqa\u015fvili iyulun 26-da Rusitavi h\u0259bsxanas\u0131ndan yazd\u0131\u011f\u0131 m\u0259ktubda \u018ffqan Muxtarl\u0131n\u0131 ke\u00e7mi\u015f Ba\u015f nazir Bidzina \u0130vani\u015fvilinin \u0259mri il\u0259 o\u011furlad\u0131qlar\u0131n\u0131 bildirib.<\/p>\n\n\n\n<figure class=\"wp-block-image size-full\"><img decoding=\"async\" width=\"1156\" height=\"800\" data-src=\"https:\/\/www.meydan.tv\/wp-content\/uploads\/71380992_10219846383820268_9187187053350092800_o.jpg\" alt=\"Jurnalist \u018ffqan Muxtarl\u0131\" class=\"wp-image-130018 lazyload\" src=\"data:image\/svg+xml;base64,PHN2ZyB3aWR0aD0iMSIgaGVpZ2h0PSIxIiB4bWxucz0iaHR0cDovL3d3dy53My5vcmcvMjAwMC9zdmciPjwvc3ZnPg==\" style=\"--smush-placeholder-width: 1156px; --smush-placeholder-aspect-ratio: 1156\/800;\" \/><figcaption>Foto: Meydan.TV<\/figcaption><\/figure>\n\n\n\n<p>\u201cAz\u0259rbaycanl\u0131 jurnalist \u018ffqan Muxtarl\u0131 hakim G\u00fcrc\u00fc Arzusu Partiyas\u0131n\u0131n yarad\u0131c\u0131s\u0131 Bidzina \u0130vani\u015fvilinin \u0259mri il\u0259 Tbilisid\u0259n o\u011furlan\u0131b\u201d, &#8211; dey\u0259 Soso Qoqa\u015fvili <a href=\"https:\/\/www.meydan.tv\/az\/article\/efqan-muxtarli-bidzina-ivanisvilinin-emri-ile-tbilisiden-ogurlanib\/\" target=\"_blank\" rel=\"noreferrer noopener\">yaz\u0131b<\/a>.<\/p>\n\n\n\n<p>O h\u0259m\u00e7inin vur\u011fulay\u0131b ki, i\u015f \u00fczr\u0259 b\u00fct\u00fcn s\u00fcbutlar\u0131 DTX-nin \u018fm\u0259liyyat-Texniki Departamenti m\u0259hv edib.<\/p>\n\n\n\n<p>Nem\u0259t K\u0259rimlinin s\u00f6zl\u0259rin\u0259 g\u00f6r\u0259, onlar haz\u0131rda h\u00fcquqi add\u0131m atsalar, q\u00fcvv\u0259y\u0259 min\u0259n Ali M\u0259hk\u0259m\u0259nin q\u0259rar\u0131n\u0131 g\u00f6st\u0259r\u0259c\u0259kl\u0259r: <\/p>\n\n\n\n<p>\u201cOna g\u00f6r\u0259 Soso Qoqa\u015fvilinin a\u00e7\u0131qlamas\u0131 h\u00fcquqi m\u00fcst\u0259viy\u0259 ke\u00e7\u0259nd\u0259n sonra biz yeni a\u00e7\u0131lm\u0131\u015f hallar \u00fczr\u0259 m\u0259s\u0259l\u0259ni qald\u0131ra bil\u0259c\u0259yik. \u0130kincisi, G\u00fcrc\u00fcstan Az\u0259rbaycandan daha demokratik \u00f6lk\u0259 oldu\u011fundan bu m\u0259zmunlu a\u00e7\u0131qlamalardan sonra cinay\u0259ti \u00f6rt-basd\u0131r etm\u0259k olmur. G\u00f6r\u00fcn\u0259n odur ki, Soso Qoqa\u015fvili \u0130vani\u015fvili il\u0259 cinay\u0259t \u0259laq\u0259sin\u0259 girdiyini etiraf edir. \u00dc\u00e7\u00fcnc\u00fcs\u00fc, o, h\u0259bsxanan\u0131n n\u0259 oldu\u011funu g\u00f6r\u00fcr v\u0259 vicdan \u0259zab\u0131 \u00e7\u0259k\u0259r\u0259k h\u0259r \u015feyi a\u00e7\u0131qlay\u0131r. H\u0259m\u00e7inin Soso Qoqa\u015fvili g\u0259l\u0259c\u0259kd\u0259 cinay\u0259t m\u0259suliyy\u0259tini azaltmaq \u00fc\u00e7\u00fcn bel\u0259 a\u00e7\u0131qlama verir\u201d.<\/p>\n\n\n\n<figure class=\"wp-block-image size-large\"><img decoding=\"async\" data-src=\"https:\/\/www.meydan.tv\/wp-content\/uploads\/untitled_design_1_jfqjl0m-1200x675.png\" alt=\"V\u0259kil Nem\u0259t K\u0259rimli\" class=\"wp-image-129994 lazyload\" src=\"data:image\/svg+xml;base64,PHN2ZyB3aWR0aD0iMSIgaGVpZ2h0PSIxIiB4bWxucz0iaHR0cDovL3d3dy53My5vcmcvMjAwMC9zdmciPjwvc3ZnPg==\" style=\"--smush-placeholder-width: 1200px; --smush-placeholder-aspect-ratio: 1200\/675;\" \/><figcaption>Foto: Nem\u0259t K\u0259rimlinin \u015f\u0259xsi arxivind\u0259n<\/figcaption><\/figure>\n\n\n\n<p>V\u0259kil d\u00fc\u015f\u00fcnm\u00fcr ki, i\u015f \u00fczr\u0259 b\u00fct\u00fcn s\u00fcbutlar\u0131n m\u0259hvi proses\u0259 hans\u0131sa mane\u0259l\u0259r yaradacaq: <\/p>\n\n\n\n<p>\u201cB\u0259li, Soso Qoqa\u015fvili kameralardan g\u00f6r\u00fcnt\u00fcl\u0259rin silindiyini bildirir. Ancaq Muxtarl\u0131n\u0131 bir yox, 3 n\u0259f\u0259r o\u011furlay\u0131b, Soso Qoqa\u015fvili onlar\u0131n adlar\u0131n\u0131 a\u00e7\u0131qlayandan m\u0259nz\u0259r\u0259 tam ayd\u0131n olacaq. \u00c7\u00fcnki onlar da ifad\u0259 ver\u0259c\u0259k v\u0259 jurnalistl\u0259 d\u0259 \u00fczl\u0259\u015fm\u0259l\u0259ri ke\u00e7iril\u0259c\u0259k. H\u0259m\u00e7inin \u018ffqan Muxtarl\u0131 o\u011furlayanlar\u0131n sif\u0259tini yad\u0131nda saxlay\u0131b\u201d.<\/p>\n\n\n\n<p>H\u00fcq\u00fcq\u015f\u00fcnas \u018fl\u0259sg\u0259r M\u0259mm\u0259dli hesab edir ki, Soso Qoqa\u015fvilinin m\u0259ktubu Az\u0259rbaycan t\u0259r\u0259finin d\u0259 m\u0259suliyy\u0259t da\u015f\u0131d\u0131\u011f\u0131n\u0131 ortaya qoyur.<\/p>\n\n\n\n<p>Bu bar\u0259d\u0259 \u018f.M\u0259mm\u0259dli \u201cFacebook\u201d profilind\u0259 <a href=\"https:\/\/www.facebook.com\/elesger\/posts\/pfbid01KmhUCVzct3wyL7JMhEZxoQVNLgKBrRHJUb3LcLtJJi6xjMTMPesse8dEX7k4krYl\" target=\"_blank\" rel=\"noreferrer noopener\">yaz\u0131b<\/a>.<\/p>\n\n\n\n<p>O bildirib ki, Az\u0259rbaycan t\u0259r\u0259fi qanunsuz adam o\u011furlama cinay\u0259tinin h\u0259yata ke\u00e7irilm\u0259sind\u0259 i\u015ftirak edib:<\/p>\n\n\n\n<p> \u201cBununla da saxta saxlan\u0131lma v\u0259 ittiham akt\u0131 t\u0259rtib edilib, h\u0259m\u00e7inin saxta q\u0259rar \u00e7\u0131xar\u0131l\u0131b&#8221;.<\/p>\n\n\n\n<p>H\u00fcquq\u015f\u00fcnas\u0131n fikrinc\u0259, Az\u0259rbaycan\u0131n Ba\u015f Prokurorlu\u011fu d\u0259rhal bu faktla ba\u011fl\u0131 ara\u015fd\u0131rmalara ba\u015flamal\u0131d\u0131r: <\/p>\n\n\n\n<figure class=\"wp-block-image size-large\"><img decoding=\"async\" width=\"1200\" height=\"675\" data-src=\"https:\/\/www.meydan.tv\/wp-content\/uploads\/esger-sayt-cover_1_rd3nvxu-1200x675.png\" alt=\"H\u00fcquq\u015f\u00fcnas \u018fl\u0259sg\u0259r M\u0259mm\u0259dli\" class=\"wp-image-155955 lazyload\" src=\"data:image\/svg+xml;base64,PHN2ZyB3aWR0aD0iMSIgaGVpZ2h0PSIxIiB4bWxucz0iaHR0cDovL3d3dy53My5vcmcvMjAwMC9zdmciPjwvc3ZnPg==\" style=\"--smush-placeholder-width: 1200px; --smush-placeholder-aspect-ratio: 1200\/675;\" \/><figcaption>Foto: &#8220;Facebook&#8221;<\/figcaption><\/figure>\n\n\n\n<p>\u201cBa\u015f Prokurorluq cinay\u0259tkar \u015f\u0259b\u0259k\u0259ni if\u015fa etm\u0259li v\u0259 h\u00fcquq qar\u015f\u0131s\u0131nda cavab verm\u0259si \u00fc\u00e7\u00fcn h\u0259r\u0259k\u0259t\u0259 ke\u00e7m\u0259lidir\u201d.<\/p>\n\n\n\n<p>\u201cD\u00f6vl\u0259tin \u00e7\u0259tiri alt\u0131nda s\u0259lahiyy\u0259tl\u0259rind\u0259n sui-istifad\u0259 ed\u0259r\u0259k jurnalist\u0259, Qaraba\u011f qazisi olan Az\u0259rbaycan v\u0259t\u0259nda\u015f\u0131na qar\u015f\u0131 cinay\u0259t t\u00f6r\u0259dilib. Ard\u0131nca da \u00f6lk\u0259d\u0259n s\u00fcrg\u00fcn edilirc\u0259sin\u0259 \u00e7\u0131xar\u0131lmas\u0131 ciddi konstitusion pozuntudur. Bunun siyasi v\u0259 h\u00fcquqi n\u0259tic\u0259l\u0259ri olmal\u0131d\u0131r\u201d, &#8211; \u018fl\u0259sg\u0259r M\u0259mm\u0259dli bel\u0259 yaz\u0131b.<\/p>\n\n\n\n<p>Oturum izni il\u0259 G\u00fcrc\u00fcstanda ya\u015fayan jurnalist \u018ffqan Muxtarl\u0131 2017-ci il may\u0131n 29-da \u201cyoxa\u201d \u00e7\u0131x\u0131b v\u0259 s\u0259h\u0259ri g\u00fcn Az\u0259rbaycanda h\u0259bs edilib.<\/p>\n\n\n\n<p>Dediyin\u0259 g\u00f6r\u0259, Tbilisid\u0259 saxlan\u0131b, i\u015fg\u0259nc\u0259 verilib, zorla s\u0259rh\u0259d\u0259 g\u0259tiril\u0259r\u0259k Az\u0259rbaycan t\u0259r\u0259fin\u0259 t\u0259hvil verilib. \u00dcst\u0259lik, cibin\u0259 10 min avro pul qoyulub.<\/p>\n\n\n\n<p>Az\u0259rbaycan h\u00f6kum\u0259ti is\u0259 jurnalisti Cinay\u0259t M\u0259c\u0259ll\u0259sinin hakimiyy\u0259t n\u00fcmay\u0259nd\u0259sin\u0259 xidm\u0259ti v\u0259zif\u0259l\u0259rini yerin\u0259 yetir\u0259rk\u0259n ona qar\u015f\u0131 h\u0259yat v\u0259 sa\u011flaml\u0131q \u00fc\u00e7\u00fcn t\u0259hl\u00fck\u0259li olan zor t\u0259tbiq etm\u0259 madd\u0259si (315.2) il\u0259 ittiham edirdi.<\/p>\n\n\n\n<p>Bundan ba\u015fqa, ona d\u00f6vl\u0259t s\u0259rh\u0259dini m\u00fc\u0259yy\u0259n edilmi\u015f s\u0259n\u0259dl\u0259r olmadan v\u0259 ya d\u00f6vl\u0259t s\u0259rh\u0259dinin n\u0259zar\u0259t-burax\u0131l\u0131\u015f m\u0259nt\u0259q\u0259l\u0259rind\u0259n k\u0259narda ke\u00e7m\u0259 (318.1) v\u0259 qa\u00e7aqmal\u00e7\u0131l\u0131q (206.1) madd\u0259l\u0259ri il\u0259 ittiham ir\u0259li s\u00fcr\u00fclm\u00fc\u015fd\u00fc.<\/p>\n\n\n\n<p>H\u0259min ittihamlarla, o, 6 il azadl\u0131qdan m\u0259hrum edilib.<\/p>\n\n\n\n<p>Beyn\u0259lxalq h\u00fcquq m\u00fcdafi\u0259 t\u0259\u015fkilatlar\u0131 \u018ffqan Muxtarl\u0131n\u0131 siyasi m\u0259hbus kimi tan\u0131y\u0131b.<\/p>\n\n\n\n<p>2020-ci il mart\u0131n 17-d\u0259 jurnalist g\u00f6zl\u0259nilm\u0259d\u0259n h\u0259bsd\u0259n azad edilmi\u015f v\u0259 d\u0259rhal Almaniyaya g\u00f6nd\u0259rilmi\u015fdi. Ona Az\u0259rbaycanda do\u011fmalar\u0131 il\u0259 vidala\u015fma\u011fa bel\u0259 imkan verm\u0259mi\u015fdil\u0259r.<\/p>\n\n\n\n<p>H\u0259min vaxt a\u00e7\u0131qlamalar\u0131nda \u018ffqan Muxtarl\u0131 bildirmi\u015fdi ki, hakimiyy\u0259t, sad\u0259c\u0259, onun q\u0259timkan t\u0259dbirini d\u0259yi\u015fib \u2013 h\u0259bsxanan\u0131 \u00f6lk\u0259d\u0259n s\u00fcrg\u00fcnl\u0259 \u0259v\u0259zl\u0259yib.<\/p>\n","protected":false},"excerpt":{"rendered":"<p>&#8220;Prokurorluq d\u0259rhal ara\u015fd\u0131rmalara ba\u015flamal\u0131, cinay\u0259tkarlar if\u015fa olunmal\u0131d\u0131r&#8221; \u201cJurnalist \u018ffqan Muxtarl\u0131n\u0131n &#8230; <\/p>\n<p class=\"read-more-container\"><a title=\"&#8220;\u018ffqan Muxtarl\u0131 i\u015fi&#8221;: &#8220;Qoqa\u015fvili vicdan \u0259zab\u0131 \u00e7\u0259kir dey\u0259 h\u0259r \u015feyi a\u00e7\u0131qlay\u0131r&#8221;\" class=\"read-more button\" href=\"https:\/\/www.meydan.tv\/az\/article\/efqan-muxtarli-isi-qoqasvili-vicdan-ezabi-cekir-deye-her-seyi-aciqlayir\/#more-251837\" aria-label=\"Read more about &#8220;\u018ffqan Muxtarl\u0131 i\u015fi&#8221;: &#8220;Qoqa\u015fvili vicdan \u0259zab\u0131 \u00e7\u0259kir dey\u0259 h\u0259r \u015feyi a\u00e7\u0131qlay\u0131r&#8221;\">Davam\u0131<\/a><\/p>\n","protected":false},"author":8,"featured_media":251841,"comment_status":"closed","ping_status":"closed","sticky":false,"template":"","format":"standard","meta":{"_acf_changed":false,"_sitemap_exclude":false,"_sitemap_priority":"","_sitemap_frequency":"","footnotes":""},"categories":[59,79,56],"tags":[],"class_list":["post-251837","post","type-post","status-publish","format-standard","has-post-thumbnail","hentry","category-siyaset","category-featured","category-xeberler","infinite-scroll-item","generate-columns","tablet-grid-50","mobile-grid-100","grid-parent","grid-33","no-featured-image-padding"],"acf":[],"yoast_head":"<!-- This site is optimized with the Yoast SEO plugin v27.4 - https:\/\/yoast.com\/product\/yoast-seo-wordpress\/ -->\n<title>&quot;\u018ffqan Muxtarl\u0131 i\u015fi&quot;: &quot;Qoqa\u015fvili vicdan \u0259zab\u0131 \u00e7\u0259kir dey\u0259 h\u0259r \u015feyi a\u00e7\u0131qlay\u0131r&quot; - MEYDAN.TV<\/title>\n<meta name=\"robots\" content=\"index, follow, max-snippet:-1, max-image-preview:large, max-video-preview:-1\" \/>\n<link rel=\"canonical\" href=\"https:\/\/www.meydan.tv\/az\/article\/efqan-muxtarli-isi-qoqasvili-vicdan-ezabi-cekir-deye-her-seyi-aciqlayir\/\" \/>\n<meta property=\"og:locale\" content=\"az_AZ\" \/>\n<meta property=\"og:type\" content=\"article\" \/>\n<meta property=\"og:title\" content=\"&quot;\u018ffqan Muxtarl\u0131 i\u015fi&quot;: &quot;Qoqa\u015fvili vicdan \u0259zab\u0131 \u00e7\u0259kir dey\u0259 h\u0259r \u015feyi a\u00e7\u0131qlay\u0131r&quot; - MEYDAN.TV\" \/>\n<meta property=\"og:description\" content=\"&#8220;Prokurorluq d\u0259rhal ara\u015fd\u0131rmalara ba\u015flamal\u0131, cinay\u0259tkarlar if\u015fa olunmal\u0131d\u0131r&#8221; \u201cJurnalist \u018ffqan Muxtarl\u0131n\u0131n ... Davam\u0131\" \/>\n<meta property=\"og:url\" content=\"https:\/\/www.meydan.tv\/az\/article\/efqan-muxtarli-isi-qoqasvili-vicdan-ezabi-cekir-deye-her-seyi-aciqlayir\/\" \/>\n<meta property=\"og:site_name\" content=\"MEYDAN.TV\" \/>\n<meta property=\"article:published_time\" content=\"2022-07-27T10:01:04+00:00\" \/>\n<meta property=\"article:modified_time\" content=\"2022-07-27T10:01:07+00:00\" \/>\n<meta property=\"og:image\" content=\"https:\/\/www.meydan.tv\/wp-content\/uploads\/1557326950-___________________________.jpg\" \/>\n\t<meta property=\"og:image:width\" content=\"1200\" \/>\n\t<meta property=\"og:image:height\" content=\"606\" \/>\n\t<meta property=\"og:image:type\" content=\"image\/jpeg\" \/>\n<meta name=\"author\" content=\"elli\" \/>\n<meta name=\"twitter:card\" content=\"summary_large_image\" \/>\n<meta name=\"twitter:creator\" content=\"@elli\" \/>\n<script type=\"application\/ld+json\" class=\"yoast-schema-graph\">{\"@context\":\"https:\\\/\\\/schema.org\",\"@graph\":[{\"@type\":\"Article\",\"@id\":\"https:\\\/\\\/www.meydan.tv\\\/az\\\/article\\\/efqan-muxtarli-isi-qoqasvili-vicdan-ezabi-cekir-deye-her-seyi-aciqlayir\\\/#article\",\"isPartOf\":{\"@id\":\"https:\\\/\\\/www.meydan.tv\\\/az\\\/article\\\/efqan-muxtarli-isi-qoqasvili-vicdan-ezabi-cekir-deye-her-seyi-aciqlayir\\\/\"},\"author\":{\"name\":\"elli\",\"@id\":\"https:\\\/\\\/www.meydan.tv\\\/az\\\/#\\\/schema\\\/person\\\/9cdbecf90d17180ce1dfbd95b08dcf47\"},\"headline\":\"&#8220;\u018ffqan Muxtarl\u0131 i\u015fi&#8221;: &#8220;Qoqa\u015fvili vicdan \u0259zab\u0131 \u00e7\u0259kir dey\u0259 h\u0259r \u015feyi a\u00e7\u0131qlay\u0131r&#8221;\",\"datePublished\":\"2022-07-27T10:01:04+00:00\",\"dateModified\":\"2022-07-27T10:01:07+00:00\",\"mainEntityOfPage\":{\"@id\":\"https:\\\/\\\/www.meydan.tv\\\/az\\\/article\\\/efqan-muxtarli-isi-qoqasvili-vicdan-ezabi-cekir-deye-her-seyi-aciqlayir\\\/\"},\"wordCount\":981,\"publisher\":{\"@id\":\"https:\\\/\\\/www.meydan.tv\\\/az\\\/#organization\"},\"image\":{\"@id\":\"https:\\\/\\\/www.meydan.tv\\\/az\\\/article\\\/efqan-muxtarli-isi-qoqasvili-vicdan-ezabi-cekir-deye-her-seyi-aciqlayir\\\/#primaryimage\"},\"thumbnailUrl\":\"https:\\\/\\\/www.meydan.tv\\\/wp-content\\\/uploads\\\/1557326950-___________________________.jpg\",\"articleSection\":[\"Siyas\u0259t\",\"T\u00f6vsiy\u0259\",\"X\u0259b\u0259rl\u0259r\"],\"inLanguage\":\"az\"},{\"@type\":\"WebPage\",\"@id\":\"https:\\\/\\\/www.meydan.tv\\\/az\\\/article\\\/efqan-muxtarli-isi-qoqasvili-vicdan-ezabi-cekir-deye-her-seyi-aciqlayir\\\/\",\"url\":\"https:\\\/\\\/www.meydan.tv\\\/az\\\/article\\\/efqan-muxtarli-isi-qoqasvili-vicdan-ezabi-cekir-deye-her-seyi-aciqlayir\\\/\",\"name\":\"\\\"\u018ffqan Muxtarl\u0131 i\u015fi\\\": \\\"Qoqa\u015fvili vicdan \u0259zab\u0131 \u00e7\u0259kir dey\u0259 h\u0259r \u015feyi a\u00e7\u0131qlay\u0131r\\\" - MEYDAN.TV\",\"isPartOf\":{\"@id\":\"https:\\\/\\\/www.meydan.tv\\\/az\\\/#website\"},\"primaryImageOfPage\":{\"@id\":\"https:\\\/\\\/www.meydan.tv\\\/az\\\/article\\\/efqan-muxtarli-isi-qoqasvili-vicdan-ezabi-cekir-deye-her-seyi-aciqlayir\\\/#primaryimage\"},\"image\":{\"@id\":\"https:\\\/\\\/www.meydan.tv\\\/az\\\/article\\\/efqan-muxtarli-isi-qoqasvili-vicdan-ezabi-cekir-deye-her-seyi-aciqlayir\\\/#primaryimage\"},\"thumbnailUrl\":\"https:\\\/\\\/www.meydan.tv\\\/wp-content\\\/uploads\\\/1557326950-___________________________.jpg\",\"datePublished\":\"2022-07-27T10:01:04+00:00\",\"dateModified\":\"2022-07-27T10:01:07+00:00\",\"breadcrumb\":{\"@id\":\"https:\\\/\\\/www.meydan.tv\\\/az\\\/article\\\/efqan-muxtarli-isi-qoqasvili-vicdan-ezabi-cekir-deye-her-seyi-aciqlayir\\\/#breadcrumb\"},\"inLanguage\":\"az\",\"potentialAction\":[{\"@type\":\"ReadAction\",\"target\":[\"https:\\\/\\\/www.meydan.tv\\\/az\\\/article\\\/efqan-muxtarli-isi-qoqasvili-vicdan-ezabi-cekir-deye-her-seyi-aciqlayir\\\/\"]}]},{\"@type\":\"ImageObject\",\"inLanguage\":\"az\",\"@id\":\"https:\\\/\\\/www.meydan.tv\\\/az\\\/article\\\/efqan-muxtarli-isi-qoqasvili-vicdan-ezabi-cekir-deye-her-seyi-aciqlayir\\\/#primaryimage\",\"url\":\"https:\\\/\\\/www.meydan.tv\\\/wp-content\\\/uploads\\\/1557326950-___________________________.jpg\",\"contentUrl\":\"https:\\\/\\\/www.meydan.tv\\\/wp-content\\\/uploads\\\/1557326950-___________________________.jpg\",\"width\":1200,\"height\":606,\"caption\":\"S.Qoqa\u015fvili. M\u0259nb\u0259: 1tv.ge\"},{\"@type\":\"BreadcrumbList\",\"@id\":\"https:\\\/\\\/www.meydan.tv\\\/az\\\/article\\\/efqan-muxtarli-isi-qoqasvili-vicdan-ezabi-cekir-deye-her-seyi-aciqlayir\\\/#breadcrumb\",\"itemListElement\":[{\"@type\":\"ListItem\",\"position\":1,\"name\":\"Ana s\u0259hif\u0259\",\"item\":\"https:\\\/\\\/www.meydan.tv\\\/az\\\/\"},{\"@type\":\"ListItem\",\"position\":2,\"name\":\"Siyas\u0259t\",\"item\":\"https:\\\/\\\/www.meydan.tv\\\/az\\\/section\\\/siyaset\\\/\"},{\"@type\":\"ListItem\",\"position\":3,\"name\":\"&#8220;\u018ffqan Muxtarl\u0131 i\u015fi&#8221;: &#8220;Qoqa\u015fvili vicdan \u0259zab\u0131 \u00e7\u0259kir dey\u0259 h\u0259r \u015feyi a\u00e7\u0131qlay\u0131r&#8221;\"}]},{\"@type\":\"WebSite\",\"@id\":\"https:\\\/\\\/www.meydan.tv\\\/az\\\/#website\",\"url\":\"https:\\\/\\\/www.meydan.tv\\\/az\\\/\",\"name\":\"MEYDAN.TV\",\"description\":\"Meydan TV Az\u0259rbaycan\u0131n media m\u0259kan\u0131ndak\u0131 alternativ s\u0259sidir\",\"publisher\":{\"@id\":\"https:\\\/\\\/www.meydan.tv\\\/az\\\/#organization\"},\"potentialAction\":[{\"@type\":\"SearchAction\",\"target\":{\"@type\":\"EntryPoint\",\"urlTemplate\":\"https:\\\/\\\/www.meydan.tv\\\/az\\\/?s={search_term_string}\"},\"query-input\":{\"@type\":\"PropertyValueSpecification\",\"valueRequired\":true,\"valueName\":\"search_term_string\"}}],\"inLanguage\":\"az\"},{\"@type\":\"Organization\",\"@id\":\"https:\\\/\\\/www.meydan.tv\\\/az\\\/#organization\",\"name\":\"Meydan TV\",\"url\":\"https:\\\/\\\/www.meydan.tv\\\/az\\\/\",\"logo\":{\"@type\":\"ImageObject\",\"inLanguage\":\"az\",\"@id\":\"https:\\\/\\\/www.meydan.tv\\\/az\\\/#\\\/schema\\\/logo\\\/image\\\/\",\"url\":\"https:\\\/\\\/www.meydan.tv\\\/wp-content\\\/uploads\\\/2021\\\/07\\\/meydan-logo.svg\",\"contentUrl\":\"https:\\\/\\\/www.meydan.tv\\\/wp-content\\\/uploads\\\/2021\\\/07\\\/meydan-logo.svg\",\"width\":195,\"height\":46,\"caption\":\"Meydan TV\"},\"image\":{\"@id\":\"https:\\\/\\\/www.meydan.tv\\\/az\\\/#\\\/schema\\\/logo\\\/image\\\/\"}},{\"@type\":\"Person\",\"@id\":\"https:\\\/\\\/www.meydan.tv\\\/az\\\/#\\\/schema\\\/person\\\/9cdbecf90d17180ce1dfbd95b08dcf47\",\"name\":\"elli\",\"sameAs\":[\"https:\\\/\\\/x.com\\\/elli\"]}]}<\/script>\n<!-- \/ Yoast SEO plugin. -->","yoast_head_json":{"title":"\"\u018ffqan Muxtarl\u0131 i\u015fi\": \"Qoqa\u015fvili vicdan \u0259zab\u0131 \u00e7\u0259kir dey\u0259 h\u0259r \u015feyi a\u00e7\u0131qlay\u0131r\" - MEYDAN.TV","robots":{"index":"index","follow":"follow","max-snippet":"max-snippet:-1","max-image-preview":"max-image-preview:large","max-video-preview":"max-video-preview:-1"},"canonical":"https:\/\/www.meydan.tv\/az\/article\/efqan-muxtarli-isi-qoqasvili-vicdan-ezabi-cekir-deye-her-seyi-aciqlayir\/","og_locale":"az_AZ","og_type":"article","og_title":"\"\u018ffqan Muxtarl\u0131 i\u015fi\": \"Qoqa\u015fvili vicdan \u0259zab\u0131 \u00e7\u0259kir dey\u0259 h\u0259r \u015feyi a\u00e7\u0131qlay\u0131r\" - MEYDAN.TV","og_description":"&#8220;Prokurorluq d\u0259rhal ara\u015fd\u0131rmalara ba\u015flamal\u0131, cinay\u0259tkarlar if\u015fa olunmal\u0131d\u0131r&#8221; \u201cJurnalist \u018ffqan Muxtarl\u0131n\u0131n ... Davam\u0131","og_url":"https:\/\/www.meydan.tv\/az\/article\/efqan-muxtarli-isi-qoqasvili-vicdan-ezabi-cekir-deye-her-seyi-aciqlayir\/","og_site_name":"MEYDAN.TV","article_published_time":"2022-07-27T10:01:04+00:00","article_modified_time":"2022-07-27T10:01:07+00:00","og_image":[{"width":1200,"height":606,"url":"https:\/\/www.meydan.tv\/wp-content\/uploads\/1557326950-___________________________.jpg","type":"image\/jpeg"}],"author":"elli","twitter_card":"summary_large_image","twitter_creator":"@elli","schema":{"@context":"https:\/\/schema.org","@graph":[{"@type":"Article","@id":"https:\/\/www.meydan.tv\/az\/article\/efqan-muxtarli-isi-qoqasvili-vicdan-ezabi-cekir-deye-her-seyi-aciqlayir\/#article","isPartOf":{"@id":"https:\/\/www.meydan.tv\/az\/article\/efqan-muxtarli-isi-qoqasvili-vicdan-ezabi-cekir-deye-her-seyi-aciqlayir\/"},"author":{"name":"elli","@id":"https:\/\/www.meydan.tv\/az\/#\/schema\/person\/9cdbecf90d17180ce1dfbd95b08dcf47"},"headline":"&#8220;\u018ffqan Muxtarl\u0131 i\u015fi&#8221;: &#8220;Qoqa\u015fvili vicdan \u0259zab\u0131 \u00e7\u0259kir dey\u0259 h\u0259r \u015feyi a\u00e7\u0131qlay\u0131r&#8221;","datePublished":"2022-07-27T10:01:04+00:00","dateModified":"2022-07-27T10:01:07+00:00","mainEntityOfPage":{"@id":"https:\/\/www.meydan.tv\/az\/article\/efqan-muxtarli-isi-qoqasvili-vicdan-ezabi-cekir-deye-her-seyi-aciqlayir\/"},"wordCount":981,"publisher":{"@id":"https:\/\/www.meydan.tv\/az\/#organization"},"image":{"@id":"https:\/\/www.meydan.tv\/az\/article\/efqan-muxtarli-isi-qoqasvili-vicdan-ezabi-cekir-deye-her-seyi-aciqlayir\/#primaryimage"},"thumbnailUrl":"https:\/\/www.meydan.tv\/wp-content\/uploads\/1557326950-___________________________.jpg","articleSection":["Siyas\u0259t","T\u00f6vsiy\u0259","X\u0259b\u0259rl\u0259r"],"inLanguage":"az"},{"@type":"WebPage","@id":"https:\/\/www.meydan.tv\/az\/article\/efqan-muxtarli-isi-qoqasvili-vicdan-ezabi-cekir-deye-her-seyi-aciqlayir\/","url":"https:\/\/www.meydan.tv\/az\/article\/efqan-muxtarli-isi-qoqasvili-vicdan-ezabi-cekir-deye-her-seyi-aciqlayir\/","name":"\"\u018ffqan Muxtarl\u0131 i\u015fi\": \"Qoqa\u015fvili vicdan \u0259zab\u0131 \u00e7\u0259kir dey\u0259 h\u0259r \u015feyi a\u00e7\u0131qlay\u0131r\" - MEYDAN.TV","isPartOf":{"@id":"https:\/\/www.meydan.tv\/az\/#website"},"primaryImageOfPage":{"@id":"https:\/\/www.meydan.tv\/az\/article\/efqan-muxtarli-isi-qoqasvili-vicdan-ezabi-cekir-deye-her-seyi-aciqlayir\/#primaryimage"},"image":{"@id":"https:\/\/www.meydan.tv\/az\/article\/efqan-muxtarli-isi-qoqasvili-vicdan-ezabi-cekir-deye-her-seyi-aciqlayir\/#primaryimage"},"thumbnailUrl":"https:\/\/www.meydan.tv\/wp-content\/uploads\/1557326950-___________________________.jpg","datePublished":"2022-07-27T10:01:04+00:00","dateModified":"2022-07-27T10:01:07+00:00","breadcrumb":{"@id":"https:\/\/www.meydan.tv\/az\/article\/efqan-muxtarli-isi-qoqasvili-vicdan-ezabi-cekir-deye-her-seyi-aciqlayir\/#breadcrumb"},"inLanguage":"az","potentialAction":[{"@type":"ReadAction","target":["https:\/\/www.meydan.tv\/az\/article\/efqan-muxtarli-isi-qoqasvili-vicdan-ezabi-cekir-deye-her-seyi-aciqlayir\/"]}]},{"@type":"ImageObject","inLanguage":"az","@id":"https:\/\/www.meydan.tv\/az\/article\/efqan-muxtarli-isi-qoqasvili-vicdan-ezabi-cekir-deye-her-seyi-aciqlayir\/#primaryimage","url":"https:\/\/www.meydan.tv\/wp-content\/uploads\/1557326950-___________________________.jpg","contentUrl":"https:\/\/www.meydan.tv\/wp-content\/uploads\/1557326950-___________________________.jpg","width":1200,"height":606,"caption":"S.Qoqa\u015fvili. M\u0259nb\u0259: 1tv.ge"},{"@type":"BreadcrumbList","@id":"https:\/\/www.meydan.tv\/az\/article\/efqan-muxtarli-isi-qoqasvili-vicdan-ezabi-cekir-deye-her-seyi-aciqlayir\/#breadcrumb","itemListElement":[{"@type":"ListItem","position":1,"name":"Ana s\u0259hif\u0259","item":"https:\/\/www.meydan.tv\/az\/"},{"@type":"ListItem","position":2,"name":"Siyas\u0259t","item":"https:\/\/www.meydan.tv\/az\/section\/siyaset\/"},{"@type":"ListItem","position":3,"name":"&#8220;\u018ffqan Muxtarl\u0131 i\u015fi&#8221;: &#8220;Qoqa\u015fvili vicdan \u0259zab\u0131 \u00e7\u0259kir dey\u0259 h\u0259r \u015feyi a\u00e7\u0131qlay\u0131r&#8221;"}]},{"@type":"WebSite","@id":"https:\/\/www.meydan.tv\/az\/#website","url":"https:\/\/www.meydan.tv\/az\/","name":"MEYDAN.TV","description":"Meydan TV Az\u0259rbaycan\u0131n media m\u0259kan\u0131ndak\u0131 alternativ s\u0259sidir","publisher":{"@id":"https:\/\/www.meydan.tv\/az\/#organization"},"potentialAction":[{"@type":"SearchAction","target":{"@type":"EntryPoint","urlTemplate":"https:\/\/www.meydan.tv\/az\/?s={search_term_string}"},"query-input":{"@type":"PropertyValueSpecification","valueRequired":true,"valueName":"search_term_string"}}],"inLanguage":"az"},{"@type":"Organization","@id":"https:\/\/www.meydan.tv\/az\/#organization","name":"Meydan TV","url":"https:\/\/www.meydan.tv\/az\/","logo":{"@type":"ImageObject","inLanguage":"az","@id":"https:\/\/www.meydan.tv\/az\/#\/schema\/logo\/image\/","url":"https:\/\/www.meydan.tv\/wp-content\/uploads\/2021\/07\/meydan-logo.svg","contentUrl":"https:\/\/www.meydan.tv\/wp-content\/uploads\/2021\/07\/meydan-logo.svg","width":195,"height":46,"caption":"Meydan TV"},"image":{"@id":"https:\/\/www.meydan.tv\/az\/#\/schema\/logo\/image\/"}},{"@type":"Person","@id":"https:\/\/www.meydan.tv\/az\/#\/schema\/person\/9cdbecf90d17180ce1dfbd95b08dcf47","name":"elli","sameAs":["https:\/\/x.com\/elli"]}]}},"_links":{"self":[{"href":"https:\/\/www.meydan.tv\/az\/wp-json\/wp\/v2\/posts\/251837","targetHints":{"allow":["GET"]}}],"collection":[{"href":"https:\/\/www.meydan.tv\/az\/wp-json\/wp\/v2\/posts"}],"about":[{"href":"https:\/\/www.meydan.tv\/az\/wp-json\/wp\/v2\/types\/post"}],"author":[{"embeddable":true,"href":"https:\/\/www.meydan.tv\/az\/wp-json\/wp\/v2\/users\/8"}],"replies":[{"embeddable":true,"href":"https:\/\/www.meydan.tv\/az\/wp-json\/wp\/v2\/comments?post=251837"}],"version-history":[{"count":3,"href":"https:\/\/www.meydan.tv\/az\/wp-json\/wp\/v2\/posts\/251837\/revisions"}],"predecessor-version":[{"id":251851,"href":"https:\/\/www.meydan.tv\/az\/wp-json\/wp\/v2\/posts\/251837\/revisions\/251851"}],"wp:featuredmedia":[{"embeddable":true,"href":"https:\/\/www.meydan.tv\/az\/wp-json\/wp\/v2\/media\/251841"}],"wp:attachment":[{"href":"https:\/\/www.meydan.tv\/az\/wp-json\/wp\/v2\/media?parent=251837"}],"wp:term":[{"taxonomy":"category","embeddable":true,"href":"https:\/\/www.meydan.tv\/az\/wp-json\/wp\/v2\/categories?post=251837"},{"taxonomy":"post_tag","embeddable":true,"href":"https:\/\/www.meydan.tv\/az\/wp-json\/wp\/v2\/tags?post=251837"}],"curies":[{"name":"wp","href":"https:\/\/api.w.org\/{rel}","templated":true}]}}