{"id":251835,"date":"2022-07-27T13:25:40","date_gmt":"2022-07-27T09:25:40","guid":{"rendered":"https:\/\/www.meydan.tv\/?p=251835"},"modified":"2022-07-27T13:25:43","modified_gmt":"2022-07-27T09:25:43","slug":"almaniyadan-deportasiya-edilen-axcp-uzvune-6-il-hebs-cezasi-verildi","status":"publish","type":"post","link":"https:\/\/www.meydan.tv\/az\/article\/almaniyadan-deportasiya-edilen-axcp-uzvune-6-il-hebs-cezasi-verildi\/","title":{"rendered":"Almaniyadan deportasiya edil\u0259n AXCP \u00fczv\u00fcn\u0259 6 il h\u0259bs c\u0259zas\u0131 verildi"},"content":{"rendered":"\n<p><\/p>\n\n\n\n<p><em>\u201cNarkotiki cibim\u0259 polisl\u0259r \u00f6zl\u0259ri atd\u0131\u201d<\/em><\/p>\n\n\n\n<p>\u00dc\u00e7 il\u0259 yax\u0131n Almaniyada m\u00fchacir kimi ya\u015fam\u0131\u015f, 2021-ci ilin noyabr\u0131nda Az\u0259rbaycana deportasiya olunub, iki ay sonra h\u0259bs edil\u0259n Az\u0259rbaycan Xalq C\u0259bh\u0259si Partiyas\u0131n\u0131n (AXCP) \u00fczv\u00fc P\u00fcnhan K\u0259rimliy\u0259 h\u00f6km oxunub. \u0130yulun 27-d\u0259 Bak\u0131 A\u011f\u0131r Cinay\u0259tl\u0259r M\u0259hk\u0259m\u0259sind\u0259 hakim Samir \u018fliyevin s\u0259drliyil\u0259 \u00e7\u0131xar\u0131lan h\u00f6km\u0259 \u0259sas\u0259n, o, 6 il azadl\u0131qdan m\u0259hrum edilib. AXCP f\u0259al\u0131 Cinay\u0259t M\u0259c\u0259ll\u0259sinin 234.4.1 v\u0259 234.4.3 (\u0259vv\u0259lc\u0259d\u0259n \u0259lbir olan bir qrup \u015f\u0259xs t\u0259r\u0259find\u0259n sat\u0131\u015f m\u0259qs\u0259dil\u0259 k\u00fclli miqdarda narkotik \u0259ld\u0259 etm\u0259, da\u015f\u0131ma, saxlama) madd\u0259l\u0259ril\u0259 t\u0259qsirli bilinib.<\/p>\n\n\n\n<p>Lakin h\u00f6kmd\u0259n \u0259vv\u0259l P\u00fcnhan K\u0259rimli son s\u00f6z\u00fcnd\u0259 bu ittihamlar\u0131n saxta oldu\u011funu, siyasi kimliyin\u0259 g\u00f6r\u0259 h\u0259bs olundu\u011funu bildirib. O deyib ki, tamamil\u0259 narkotikd\u0259n uzaq adamd\u0131r, saxlan\u0131landa da \u00fcz\u0259rind\u0259 narkotik madd\u0259 olmay\u0131b. Onun s\u00f6zl\u0259rin\u0259 g\u00f6r\u0259, h\u00f6kum\u0259t \u0259leyhin\u0259 t\u0259nqidi fikirl\u0259rin\u0259, Almaniyada olark\u0259n Az\u0259rbaycanda insan haqlar\u0131n\u0131n pozulmas\u0131yla \u0259laq\u0259dar ke\u00e7iril\u0259n etiraz aksiyalar\u0131nda i\u015ftirak\u0131na g\u00f6r\u0259 c\u0259zaland\u0131r\u0131l\u0131b:<\/p>\n\n\n\n<p>\u201cHardad\u0131r bir qrup \u015f\u0259xs? Niy\u0259 ara\u015fd\u0131rmad\u0131lar kimd\u0259n alm\u0131\u015fam, kim\u0259 satacaqd\u0131m? \u00c7\u00fcnki ham\u0131s\u0131 yaland\u0131r. Narkotiki cibim\u0259 polisl\u0259r \u00f6zl\u0259ri atd\u0131\u2026\u201d<\/p>\n\n\n\n<p>O, son s\u00f6z\u00fcnd\u0259 m\u0259hk\u0259m\u0259d\u0259n b\u0259ra\u0259t ist\u0259yib. Bir nec\u0259 d\u0259qiq\u0259lik m\u00fc\u015favir\u0259d\u0259n sonra hakiml\u0259r 6 il azadl\u0131qdan m\u0259hrumetm\u0259 h\u00f6km\u00fcn\u00fc elan edib.<\/p>\n\n\n\n<p>\u0130ndiy\u0259d\u0259k Almaniyadan deportasiya edil\u0259n 6 n\u0259f\u0259r h\u0259bs olunub. Onlardan 5-i haqq\u0131nda cinay\u0259t i\u015fi ba\u015flan\u0131b, 1 n\u0259f\u0259r haqq\u0131nda is\u0259 inzibati h\u0259bs q\u0259rar\u0131 \u00e7\u0131xar\u0131l\u0131b.<\/p>\n\n\n\n<p>Onlar\u0131n ham\u0131s\u0131 \u015f\u0259rl\u0259ndikl\u0259rini deyirl\u0259r. Daxili \u0130\u015fl\u0259r Nazirliyi is\u0259 bu bar\u0259d\u0259 s\u0259sl\u0259n\u0259n fikirl\u0259rin \u0259sass\u0131z oldu\u011funu b\u0259yan edib.<\/p>\n","protected":false},"excerpt":{"rendered":"<p>\u201cNarkotiki cibim\u0259 polisl\u0259r \u00f6zl\u0259ri atd\u0131\u201d \u00dc\u00e7 il\u0259 yax\u0131n Almaniyada m\u00fchacir &#8230; <\/p>\n<p class=\"read-more-container\"><a title=\"Almaniyadan deportasiya edil\u0259n AXCP \u00fczv\u00fcn\u0259 6 il h\u0259bs c\u0259zas\u0131 verildi\" class=\"read-more button\" href=\"https:\/\/www.meydan.tv\/az\/article\/almaniyadan-deportasiya-edilen-axcp-uzvune-6-il-hebs-cezasi-verildi\/#more-251835\" aria-label=\"Read more about Almaniyadan deportasiya edil\u0259n AXCP \u00fczv\u00fcn\u0259 6 il h\u0259bs c\u0259zas\u0131 verildi\">Davam\u0131<\/a><\/p>\n","protected":false},"author":8,"featured_media":246380,"comment_status":"closed","ping_status":"closed","sticky":false,"template":"","format":"standard","meta":{"_acf_changed":false,"_sitemap_exclude":false,"_sitemap_priority":"","_sitemap_frequency":"","footnotes":""},"categories":[59,79,56],"tags":[],"class_list":["post-251835","post","type-post","status-publish","format-standard","has-post-thumbnail","hentry","category-siyaset","category-featured","category-xeberler","infinite-scroll-item","generate-columns","tablet-grid-50","mobile-grid-100","grid-parent","grid-33","no-featured-image-padding"],"acf":[],"yoast_head":"<!-- This site is optimized with the Yoast SEO plugin v27.4 - https:\/\/yoast.com\/product\/yoast-seo-wordpress\/ -->\n<title>Almaniyadan deportasiya edil\u0259n AXCP \u00fczv\u00fcn\u0259 6 il h\u0259bs c\u0259zas\u0131 verildi - MEYDAN.TV<\/title>\n<meta name=\"robots\" content=\"index, follow, max-snippet:-1, max-image-preview:large, max-video-preview:-1\" \/>\n<link rel=\"canonical\" href=\"https:\/\/www.meydan.tv\/az\/article\/almaniyadan-deportasiya-edilen-axcp-uzvune-6-il-hebs-cezasi-verildi\/\" \/>\n<meta property=\"og:locale\" content=\"az_AZ\" \/>\n<meta property=\"og:type\" content=\"article\" \/>\n<meta property=\"og:title\" content=\"Almaniyadan deportasiya edil\u0259n AXCP \u00fczv\u00fcn\u0259 6 il h\u0259bs c\u0259zas\u0131 verildi - MEYDAN.TV\" \/>\n<meta property=\"og:description\" content=\"\u201cNarkotiki cibim\u0259 polisl\u0259r \u00f6zl\u0259ri atd\u0131\u201d \u00dc\u00e7 il\u0259 yax\u0131n Almaniyada m\u00fchacir ... Davam\u0131\" \/>\n<meta property=\"og:url\" content=\"https:\/\/www.meydan.tv\/az\/article\/almaniyadan-deportasiya-edilen-axcp-uzvune-6-il-hebs-cezasi-verildi\/\" \/>\n<meta property=\"og:site_name\" content=\"MEYDAN.TV\" \/>\n<meta property=\"article:published_time\" content=\"2022-07-27T09:25:40+00:00\" \/>\n<meta property=\"article:modified_time\" content=\"2022-07-27T09:25:43+00:00\" \/>\n<meta property=\"og:image\" content=\"https:\/\/www.meydan.tv\/wp-content\/uploads\/020200044056-e1654086566877.jpeg\" \/>\n\t<meta property=\"og:image:width\" content=\"800\" \/>\n\t<meta property=\"og:image:height\" content=\"444\" \/>\n\t<meta property=\"og:image:type\" content=\"image\/jpeg\" \/>\n<meta name=\"author\" content=\"elli\" \/>\n<meta name=\"twitter:card\" content=\"summary_large_image\" \/>\n<meta name=\"twitter:creator\" content=\"@elli\" \/>\n<script type=\"application\/ld+json\" class=\"yoast-schema-graph\">{\"@context\":\"https:\\\/\\\/schema.org\",\"@graph\":[{\"@type\":\"Article\",\"@id\":\"https:\\\/\\\/www.meydan.tv\\\/az\\\/article\\\/almaniyadan-deportasiya-edilen-axcp-uzvune-6-il-hebs-cezasi-verildi\\\/#article\",\"isPartOf\":{\"@id\":\"https:\\\/\\\/www.meydan.tv\\\/az\\\/article\\\/almaniyadan-deportasiya-edilen-axcp-uzvune-6-il-hebs-cezasi-verildi\\\/\"},\"author\":{\"name\":\"elli\",\"@id\":\"https:\\\/\\\/www.meydan.tv\\\/az\\\/#\\\/schema\\\/person\\\/9cdbecf90d17180ce1dfbd95b08dcf47\"},\"headline\":\"Almaniyadan deportasiya edil\u0259n AXCP \u00fczv\u00fcn\u0259 6 il h\u0259bs c\u0259zas\u0131 verildi\",\"datePublished\":\"2022-07-27T09:25:40+00:00\",\"dateModified\":\"2022-07-27T09:25:43+00:00\",\"mainEntityOfPage\":{\"@id\":\"https:\\\/\\\/www.meydan.tv\\\/az\\\/article\\\/almaniyadan-deportasiya-edilen-axcp-uzvune-6-il-hebs-cezasi-verildi\\\/\"},\"wordCount\":358,\"publisher\":{\"@id\":\"https:\\\/\\\/www.meydan.tv\\\/az\\\/#organization\"},\"image\":{\"@id\":\"https:\\\/\\\/www.meydan.tv\\\/az\\\/article\\\/almaniyadan-deportasiya-edilen-axcp-uzvune-6-il-hebs-cezasi-verildi\\\/#primaryimage\"},\"thumbnailUrl\":\"https:\\\/\\\/www.meydan.tv\\\/wp-content\\\/uploads\\\/020200044056-e1654086566877.jpeg\",\"articleSection\":[\"Siyas\u0259t\",\"T\u00f6vsiy\u0259\",\"X\u0259b\u0259rl\u0259r\"],\"inLanguage\":\"az\"},{\"@type\":\"WebPage\",\"@id\":\"https:\\\/\\\/www.meydan.tv\\\/az\\\/article\\\/almaniyadan-deportasiya-edilen-axcp-uzvune-6-il-hebs-cezasi-verildi\\\/\",\"url\":\"https:\\\/\\\/www.meydan.tv\\\/az\\\/article\\\/almaniyadan-deportasiya-edilen-axcp-uzvune-6-il-hebs-cezasi-verildi\\\/\",\"name\":\"Almaniyadan deportasiya edil\u0259n AXCP \u00fczv\u00fcn\u0259 6 il h\u0259bs c\u0259zas\u0131 verildi - MEYDAN.TV\",\"isPartOf\":{\"@id\":\"https:\\\/\\\/www.meydan.tv\\\/az\\\/#website\"},\"primaryImageOfPage\":{\"@id\":\"https:\\\/\\\/www.meydan.tv\\\/az\\\/article\\\/almaniyadan-deportasiya-edilen-axcp-uzvune-6-il-hebs-cezasi-verildi\\\/#primaryimage\"},\"image\":{\"@id\":\"https:\\\/\\\/www.meydan.tv\\\/az\\\/article\\\/almaniyadan-deportasiya-edilen-axcp-uzvune-6-il-hebs-cezasi-verildi\\\/#primaryimage\"},\"thumbnailUrl\":\"https:\\\/\\\/www.meydan.tv\\\/wp-content\\\/uploads\\\/020200044056-e1654086566877.jpeg\",\"datePublished\":\"2022-07-27T09:25:40+00:00\",\"dateModified\":\"2022-07-27T09:25:43+00:00\",\"breadcrumb\":{\"@id\":\"https:\\\/\\\/www.meydan.tv\\\/az\\\/article\\\/almaniyadan-deportasiya-edilen-axcp-uzvune-6-il-hebs-cezasi-verildi\\\/#breadcrumb\"},\"inLanguage\":\"az\",\"potentialAction\":[{\"@type\":\"ReadAction\",\"target\":[\"https:\\\/\\\/www.meydan.tv\\\/az\\\/article\\\/almaniyadan-deportasiya-edilen-axcp-uzvune-6-il-hebs-cezasi-verildi\\\/\"]}]},{\"@type\":\"ImageObject\",\"inLanguage\":\"az\",\"@id\":\"https:\\\/\\\/www.meydan.tv\\\/az\\\/article\\\/almaniyadan-deportasiya-edilen-axcp-uzvune-6-il-hebs-cezasi-verildi\\\/#primaryimage\",\"url\":\"https:\\\/\\\/www.meydan.tv\\\/wp-content\\\/uploads\\\/020200044056-e1654086566877.jpeg\",\"contentUrl\":\"https:\\\/\\\/www.meydan.tv\\\/wp-content\\\/uploads\\\/020200044056-e1654086566877.jpeg\",\"width\":800,\"height\":444,\"caption\":\"P\u00fcnhan K\u0259rimli, Foto: \u015f\u0259xsi hesab\u0131\"},{\"@type\":\"BreadcrumbList\",\"@id\":\"https:\\\/\\\/www.meydan.tv\\\/az\\\/article\\\/almaniyadan-deportasiya-edilen-axcp-uzvune-6-il-hebs-cezasi-verildi\\\/#breadcrumb\",\"itemListElement\":[{\"@type\":\"ListItem\",\"position\":1,\"name\":\"Ana s\u0259hif\u0259\",\"item\":\"https:\\\/\\\/www.meydan.tv\\\/az\\\/\"},{\"@type\":\"ListItem\",\"position\":2,\"name\":\"Siyas\u0259t\",\"item\":\"https:\\\/\\\/www.meydan.tv\\\/az\\\/section\\\/siyaset\\\/\"},{\"@type\":\"ListItem\",\"position\":3,\"name\":\"Almaniyadan deportasiya edil\u0259n AXCP \u00fczv\u00fcn\u0259 6 il h\u0259bs c\u0259zas\u0131 verildi\"}]},{\"@type\":\"WebSite\",\"@id\":\"https:\\\/\\\/www.meydan.tv\\\/az\\\/#website\",\"url\":\"https:\\\/\\\/www.meydan.tv\\\/az\\\/\",\"name\":\"MEYDAN.TV\",\"description\":\"Meydan TV Az\u0259rbaycan\u0131n media m\u0259kan\u0131ndak\u0131 alternativ s\u0259sidir\",\"publisher\":{\"@id\":\"https:\\\/\\\/www.meydan.tv\\\/az\\\/#organization\"},\"potentialAction\":[{\"@type\":\"SearchAction\",\"target\":{\"@type\":\"EntryPoint\",\"urlTemplate\":\"https:\\\/\\\/www.meydan.tv\\\/az\\\/?s={search_term_string}\"},\"query-input\":{\"@type\":\"PropertyValueSpecification\",\"valueRequired\":true,\"valueName\":\"search_term_string\"}}],\"inLanguage\":\"az\"},{\"@type\":\"Organization\",\"@id\":\"https:\\\/\\\/www.meydan.tv\\\/az\\\/#organization\",\"name\":\"Meydan TV\",\"url\":\"https:\\\/\\\/www.meydan.tv\\\/az\\\/\",\"logo\":{\"@type\":\"ImageObject\",\"inLanguage\":\"az\",\"@id\":\"https:\\\/\\\/www.meydan.tv\\\/az\\\/#\\\/schema\\\/logo\\\/image\\\/\",\"url\":\"https:\\\/\\\/www.meydan.tv\\\/wp-content\\\/uploads\\\/2021\\\/07\\\/meydan-logo.svg\",\"contentUrl\":\"https:\\\/\\\/www.meydan.tv\\\/wp-content\\\/uploads\\\/2021\\\/07\\\/meydan-logo.svg\",\"width\":195,\"height\":46,\"caption\":\"Meydan TV\"},\"image\":{\"@id\":\"https:\\\/\\\/www.meydan.tv\\\/az\\\/#\\\/schema\\\/logo\\\/image\\\/\"}},{\"@type\":\"Person\",\"@id\":\"https:\\\/\\\/www.meydan.tv\\\/az\\\/#\\\/schema\\\/person\\\/9cdbecf90d17180ce1dfbd95b08dcf47\",\"name\":\"elli\",\"sameAs\":[\"https:\\\/\\\/x.com\\\/elli\"]}]}<\/script>\n<!-- \/ Yoast SEO plugin. -->","yoast_head_json":{"title":"Almaniyadan deportasiya edil\u0259n AXCP \u00fczv\u00fcn\u0259 6 il h\u0259bs c\u0259zas\u0131 verildi - MEYDAN.TV","robots":{"index":"index","follow":"follow","max-snippet":"max-snippet:-1","max-image-preview":"max-image-preview:large","max-video-preview":"max-video-preview:-1"},"canonical":"https:\/\/www.meydan.tv\/az\/article\/almaniyadan-deportasiya-edilen-axcp-uzvune-6-il-hebs-cezasi-verildi\/","og_locale":"az_AZ","og_type":"article","og_title":"Almaniyadan deportasiya edil\u0259n AXCP \u00fczv\u00fcn\u0259 6 il h\u0259bs c\u0259zas\u0131 verildi - MEYDAN.TV","og_description":"\u201cNarkotiki cibim\u0259 polisl\u0259r \u00f6zl\u0259ri atd\u0131\u201d \u00dc\u00e7 il\u0259 yax\u0131n Almaniyada m\u00fchacir ... Davam\u0131","og_url":"https:\/\/www.meydan.tv\/az\/article\/almaniyadan-deportasiya-edilen-axcp-uzvune-6-il-hebs-cezasi-verildi\/","og_site_name":"MEYDAN.TV","article_published_time":"2022-07-27T09:25:40+00:00","article_modified_time":"2022-07-27T09:25:43+00:00","og_image":[{"width":800,"height":444,"url":"https:\/\/www.meydan.tv\/wp-content\/uploads\/020200044056-e1654086566877.jpeg","type":"image\/jpeg"}],"author":"elli","twitter_card":"summary_large_image","twitter_creator":"@elli","schema":{"@context":"https:\/\/schema.org","@graph":[{"@type":"Article","@id":"https:\/\/www.meydan.tv\/az\/article\/almaniyadan-deportasiya-edilen-axcp-uzvune-6-il-hebs-cezasi-verildi\/#article","isPartOf":{"@id":"https:\/\/www.meydan.tv\/az\/article\/almaniyadan-deportasiya-edilen-axcp-uzvune-6-il-hebs-cezasi-verildi\/"},"author":{"name":"elli","@id":"https:\/\/www.meydan.tv\/az\/#\/schema\/person\/9cdbecf90d17180ce1dfbd95b08dcf47"},"headline":"Almaniyadan deportasiya edil\u0259n AXCP \u00fczv\u00fcn\u0259 6 il h\u0259bs c\u0259zas\u0131 verildi","datePublished":"2022-07-27T09:25:40+00:00","dateModified":"2022-07-27T09:25:43+00:00","mainEntityOfPage":{"@id":"https:\/\/www.meydan.tv\/az\/article\/almaniyadan-deportasiya-edilen-axcp-uzvune-6-il-hebs-cezasi-verildi\/"},"wordCount":358,"publisher":{"@id":"https:\/\/www.meydan.tv\/az\/#organization"},"image":{"@id":"https:\/\/www.meydan.tv\/az\/article\/almaniyadan-deportasiya-edilen-axcp-uzvune-6-il-hebs-cezasi-verildi\/#primaryimage"},"thumbnailUrl":"https:\/\/www.meydan.tv\/wp-content\/uploads\/020200044056-e1654086566877.jpeg","articleSection":["Siyas\u0259t","T\u00f6vsiy\u0259","X\u0259b\u0259rl\u0259r"],"inLanguage":"az"},{"@type":"WebPage","@id":"https:\/\/www.meydan.tv\/az\/article\/almaniyadan-deportasiya-edilen-axcp-uzvune-6-il-hebs-cezasi-verildi\/","url":"https:\/\/www.meydan.tv\/az\/article\/almaniyadan-deportasiya-edilen-axcp-uzvune-6-il-hebs-cezasi-verildi\/","name":"Almaniyadan deportasiya edil\u0259n AXCP \u00fczv\u00fcn\u0259 6 il h\u0259bs c\u0259zas\u0131 verildi - MEYDAN.TV","isPartOf":{"@id":"https:\/\/www.meydan.tv\/az\/#website"},"primaryImageOfPage":{"@id":"https:\/\/www.meydan.tv\/az\/article\/almaniyadan-deportasiya-edilen-axcp-uzvune-6-il-hebs-cezasi-verildi\/#primaryimage"},"image":{"@id":"https:\/\/www.meydan.tv\/az\/article\/almaniyadan-deportasiya-edilen-axcp-uzvune-6-il-hebs-cezasi-verildi\/#primaryimage"},"thumbnailUrl":"https:\/\/www.meydan.tv\/wp-content\/uploads\/020200044056-e1654086566877.jpeg","datePublished":"2022-07-27T09:25:40+00:00","dateModified":"2022-07-27T09:25:43+00:00","breadcrumb":{"@id":"https:\/\/www.meydan.tv\/az\/article\/almaniyadan-deportasiya-edilen-axcp-uzvune-6-il-hebs-cezasi-verildi\/#breadcrumb"},"inLanguage":"az","potentialAction":[{"@type":"ReadAction","target":["https:\/\/www.meydan.tv\/az\/article\/almaniyadan-deportasiya-edilen-axcp-uzvune-6-il-hebs-cezasi-verildi\/"]}]},{"@type":"ImageObject","inLanguage":"az","@id":"https:\/\/www.meydan.tv\/az\/article\/almaniyadan-deportasiya-edilen-axcp-uzvune-6-il-hebs-cezasi-verildi\/#primaryimage","url":"https:\/\/www.meydan.tv\/wp-content\/uploads\/020200044056-e1654086566877.jpeg","contentUrl":"https:\/\/www.meydan.tv\/wp-content\/uploads\/020200044056-e1654086566877.jpeg","width":800,"height":444,"caption":"P\u00fcnhan K\u0259rimli, Foto: \u015f\u0259xsi hesab\u0131"},{"@type":"BreadcrumbList","@id":"https:\/\/www.meydan.tv\/az\/article\/almaniyadan-deportasiya-edilen-axcp-uzvune-6-il-hebs-cezasi-verildi\/#breadcrumb","itemListElement":[{"@type":"ListItem","position":1,"name":"Ana s\u0259hif\u0259","item":"https:\/\/www.meydan.tv\/az\/"},{"@type":"ListItem","position":2,"name":"Siyas\u0259t","item":"https:\/\/www.meydan.tv\/az\/section\/siyaset\/"},{"@type":"ListItem","position":3,"name":"Almaniyadan deportasiya edil\u0259n AXCP \u00fczv\u00fcn\u0259 6 il h\u0259bs c\u0259zas\u0131 verildi"}]},{"@type":"WebSite","@id":"https:\/\/www.meydan.tv\/az\/#website","url":"https:\/\/www.meydan.tv\/az\/","name":"MEYDAN.TV","description":"Meydan TV Az\u0259rbaycan\u0131n media m\u0259kan\u0131ndak\u0131 alternativ s\u0259sidir","publisher":{"@id":"https:\/\/www.meydan.tv\/az\/#organization"},"potentialAction":[{"@type":"SearchAction","target":{"@type":"EntryPoint","urlTemplate":"https:\/\/www.meydan.tv\/az\/?s={search_term_string}"},"query-input":{"@type":"PropertyValueSpecification","valueRequired":true,"valueName":"search_term_string"}}],"inLanguage":"az"},{"@type":"Organization","@id":"https:\/\/www.meydan.tv\/az\/#organization","name":"Meydan TV","url":"https:\/\/www.meydan.tv\/az\/","logo":{"@type":"ImageObject","inLanguage":"az","@id":"https:\/\/www.meydan.tv\/az\/#\/schema\/logo\/image\/","url":"https:\/\/www.meydan.tv\/wp-content\/uploads\/2021\/07\/meydan-logo.svg","contentUrl":"https:\/\/www.meydan.tv\/wp-content\/uploads\/2021\/07\/meydan-logo.svg","width":195,"height":46,"caption":"Meydan TV"},"image":{"@id":"https:\/\/www.meydan.tv\/az\/#\/schema\/logo\/image\/"}},{"@type":"Person","@id":"https:\/\/www.meydan.tv\/az\/#\/schema\/person\/9cdbecf90d17180ce1dfbd95b08dcf47","name":"elli","sameAs":["https:\/\/x.com\/elli"]}]}},"_links":{"self":[{"href":"https:\/\/www.meydan.tv\/az\/wp-json\/wp\/v2\/posts\/251835","targetHints":{"allow":["GET"]}}],"collection":[{"href":"https:\/\/www.meydan.tv\/az\/wp-json\/wp\/v2\/posts"}],"about":[{"href":"https:\/\/www.meydan.tv\/az\/wp-json\/wp\/v2\/types\/post"}],"author":[{"embeddable":true,"href":"https:\/\/www.meydan.tv\/az\/wp-json\/wp\/v2\/users\/8"}],"replies":[{"embeddable":true,"href":"https:\/\/www.meydan.tv\/az\/wp-json\/wp\/v2\/comments?post=251835"}],"version-history":[{"count":1,"href":"https:\/\/www.meydan.tv\/az\/wp-json\/wp\/v2\/posts\/251835\/revisions"}],"predecessor-version":[{"id":251836,"href":"https:\/\/www.meydan.tv\/az\/wp-json\/wp\/v2\/posts\/251835\/revisions\/251836"}],"wp:featuredmedia":[{"embeddable":true,"href":"https:\/\/www.meydan.tv\/az\/wp-json\/wp\/v2\/media\/246380"}],"wp:attachment":[{"href":"https:\/\/www.meydan.tv\/az\/wp-json\/wp\/v2\/media?parent=251835"}],"wp:term":[{"taxonomy":"category","embeddable":true,"href":"https:\/\/www.meydan.tv\/az\/wp-json\/wp\/v2\/categories?post=251835"},{"taxonomy":"post_tag","embeddable":true,"href":"https:\/\/www.meydan.tv\/az\/wp-json\/wp\/v2\/tags?post=251835"}],"curies":[{"name":"wp","href":"https:\/\/api.w.org\/{rel}","templated":true}]}}