{"id":251817,"date":"2022-07-26T21:59:53","date_gmt":"2022-07-26T17:59:53","guid":{"rendered":"https:\/\/www.meydan.tv\/?p=251817"},"modified":"2022-07-26T21:59:55","modified_gmt":"2022-07-26T17:59:55","slug":"musavat-basqaninin-musaviri-hebs-olundu","status":"publish","type":"post","link":"https:\/\/www.meydan.tv\/az\/article\/musavat-basqaninin-musaviri-hebs-olundu\/","title":{"rendered":"M\u00fcsavat ba\u015fqan\u0131n\u0131n m\u00fc\u015faviri h\u0259bs olundu"},"content":{"rendered":"\n<p><\/p>\n\n\n\n<p><em>Arif Hac\u0131l\u0131: \u201cDemokratik islahatlar apard\u0131\u011f\u0131n\u0131 b\u0259yan ed\u0259n hakimiyy\u0259t, \u0259ksin\u0259, repressiya t\u0259dbirl\u0259rini daha da art\u0131r\u0131r\u201d<\/em><\/p>\n\n\n\n<p>M\u00fcsavat ba\u015fqan\u0131n\u0131n m\u00fc\u015faviri, partiyan\u0131n M\u0259clis \u00fczv\u00fc \u018flikram Xur\u015fudov h\u0259bs edilib. Bu bar\u0259d\u0259 Meydan TV-y\u0259 partiyadan veril\u0259n m\u0259lumatda bildirilir ki, polis\u0259 m\u00fcqavim\u0259t ittiham\u0131yla onun haqq\u0131nda 30 sutkal\u0131q inzibati h\u0259bs q\u0259rar\u0131 \u00e7\u0131xar\u0131l\u0131b.<\/p>\n\n\n\n<p>\u018flikram Xur\u015fudovun yax\u0131nlar\u0131 da m\u0259lumat\u0131 t\u0259sdiql\u0259yib. Yax\u0131nlar\u0131n\u0131n dediyin\u0259 g\u00f6r\u0259, iyulun 26-da ax\u015fam saatlar\u0131nda onun \u00f6z\u00fc ail\u0259sil\u0259 telefonla \u0259laq\u0259 saxlay\u0131b: <\/p>\n\n\n\n<p>\u201cAtas\u0131na dedi ki, ona 30 sutka h\u0259bs c\u0259zas\u0131 veribl\u0259r. Art\u0131q Bin\u0259q\u0259did\u0259 yerl\u0259\u015f\u0259n, inzibati qaydada h\u0259bs olunanlar\u0131n saxland\u0131\u011f\u0131 m\u0259nt\u0259q\u0259y\u0259 apar\u0131blar. Oradan z\u0259ng el\u0259mi\u015fdi\u201d.<\/p>\n\n\n\n<p>\u018flikram Xur\u015fudov m\u00fcsavat\u00e7\u0131 f\u0259al Tofiq Yaqublunun t\u0259\u015fkilat\u00e7\u0131l\u0131\u011f\u0131yla iyulun 20-d\u0259 Nazirl\u0259r Kabinetinin qar\u015f\u0131s\u0131nda ke\u00e7iril\u0259n \u201cQuru s\u0259rh\u0259dl\u0259ri a\u00e7\u0131n!\u201d aksiyas\u0131nda i\u015ftirak edib. O, h\u0259min aksiyada saxlansa da, sonradan s\u0259rb\u0259st burax\u0131lm\u0131\u015fd\u0131.<\/p>\n\n\n\n<p>M\u00fcsavat ba\u015fqan\u0131 Arif Hac\u0131l\u0131 bildirib ki, \u018flikram Xur\u015fudovu iyulun 25-d\u0259n polisl\u0259r axtar\u0131rd\u0131lar: <\/p>\n\n\n\n<p>\u201cD\u00fcn\u0259nd\u0259n z\u0259ngl\u0259rl\u0259 axtar\u0131lan \u018flikram b\u0259y bu g\u00fcn guya polis\u0259 tabe olmama ittiham\u0131 il\u0259 30 g\u00fcn m\u00fcdd\u0259tin\u0259 h\u0259bs edilib. Demokratik islahatlar apard\u0131\u011f\u0131n\u0131 b\u0259yan ed\u0259n hakimiyy\u0259t, \u0259ksin\u0259, repressiya t\u0259dbirl\u0259rini daha da art\u0131r\u0131r. Bununla da \u0259sl avtoritar simas\u0131n\u0131 g\u00f6st\u0259rm\u0259kd\u0259 davam edir\u201d.<\/p>\n\n\n\n<p>\u201cQuru s\u0259rh\u0259dl\u0259ri a\u00e7\u0131n!\u201d \u015f\u00fcar\u0131yla ke\u00e7iril\u0259n etiraz aksiyas\u0131nda saxlan\u0131lan ba\u015fqa bir m\u00fcsavat\u00e7\u0131 f\u0259al \u018fziz M\u0259miyev\u0259 d\u0259 30 sutka inzibati h\u0259bs c\u0259zas\u0131 verilib.<\/p>\n","protected":false},"excerpt":{"rendered":"<p>Arif Hac\u0131l\u0131: \u201cDemokratik islahatlar apard\u0131\u011f\u0131n\u0131 b\u0259yan ed\u0259n hakimiyy\u0259t, \u0259ksin\u0259, repressiya &#8230; <\/p>\n<p class=\"read-more-container\"><a title=\"M\u00fcsavat ba\u015fqan\u0131n\u0131n m\u00fc\u015faviri h\u0259bs olundu\" class=\"read-more button\" href=\"https:\/\/www.meydan.tv\/az\/article\/musavat-basqaninin-musaviri-hebs-olundu\/#more-251817\" aria-label=\"Read more about M\u00fcsavat ba\u015fqan\u0131n\u0131n m\u00fc\u015faviri h\u0259bs olundu\">Davam\u0131<\/a><\/p>\n","protected":false},"author":8,"featured_media":103140,"comment_status":"closed","ping_status":"closed","sticky":false,"template":"","format":"standard","meta":{"_acf_changed":false,"_sitemap_exclude":false,"_sitemap_priority":"","_sitemap_frequency":"","footnotes":""},"categories":[59,56],"tags":[],"class_list":["post-251817","post","type-post","status-publish","format-standard","has-post-thumbnail","hentry","category-siyaset","category-xeberler","infinite-scroll-item","generate-columns","tablet-grid-50","mobile-grid-100","grid-parent","grid-33","no-featured-image-padding"],"acf":[],"yoast_head":"<!-- This site is optimized with the Yoast SEO plugin v27.4 - https:\/\/yoast.com\/product\/yoast-seo-wordpress\/ -->\n<title>M\u00fcsavat ba\u015fqan\u0131n\u0131n m\u00fc\u015faviri h\u0259bs olundu - MEYDAN.TV<\/title>\n<meta name=\"robots\" content=\"index, follow, max-snippet:-1, max-image-preview:large, max-video-preview:-1\" \/>\n<link rel=\"canonical\" href=\"https:\/\/www.meydan.tv\/az\/article\/musavat-basqaninin-musaviri-hebs-olundu\/\" \/>\n<meta property=\"og:locale\" content=\"az_AZ\" \/>\n<meta property=\"og:type\" content=\"article\" \/>\n<meta property=\"og:title\" content=\"M\u00fcsavat ba\u015fqan\u0131n\u0131n m\u00fc\u015faviri h\u0259bs olundu - MEYDAN.TV\" \/>\n<meta property=\"og:description\" content=\"Arif Hac\u0131l\u0131: \u201cDemokratik islahatlar apard\u0131\u011f\u0131n\u0131 b\u0259yan ed\u0259n hakimiyy\u0259t, \u0259ksin\u0259, repressiya ... Davam\u0131\" \/>\n<meta property=\"og:url\" content=\"https:\/\/www.meydan.tv\/az\/article\/musavat-basqaninin-musaviri-hebs-olundu\/\" \/>\n<meta property=\"og:site_name\" content=\"MEYDAN.TV\" \/>\n<meta property=\"article:published_time\" content=\"2022-07-26T17:59:53+00:00\" \/>\n<meta property=\"article:modified_time\" content=\"2022-07-26T17:59:55+00:00\" \/>\n<meta property=\"og:image\" content=\"https:\/\/www.meydan.tv\/wp-content\/uploads\/40912-e1658858387371.jpg\" \/>\n\t<meta property=\"og:image:width\" content=\"647\" \/>\n\t<meta property=\"og:image:height\" content=\"310\" \/>\n\t<meta property=\"og:image:type\" content=\"image\/jpeg\" \/>\n<meta name=\"author\" content=\"elli\" \/>\n<meta name=\"twitter:card\" content=\"summary_large_image\" \/>\n<meta name=\"twitter:creator\" content=\"@elli\" \/>\n<script type=\"application\/ld+json\" class=\"yoast-schema-graph\">{\"@context\":\"https:\\\/\\\/schema.org\",\"@graph\":[{\"@type\":\"Article\",\"@id\":\"https:\\\/\\\/www.meydan.tv\\\/az\\\/article\\\/musavat-basqaninin-musaviri-hebs-olundu\\\/#article\",\"isPartOf\":{\"@id\":\"https:\\\/\\\/www.meydan.tv\\\/az\\\/article\\\/musavat-basqaninin-musaviri-hebs-olundu\\\/\"},\"author\":{\"name\":\"elli\",\"@id\":\"https:\\\/\\\/www.meydan.tv\\\/az\\\/#\\\/schema\\\/person\\\/9cdbecf90d17180ce1dfbd95b08dcf47\"},\"headline\":\"M\u00fcsavat ba\u015fqan\u0131n\u0131n m\u00fc\u015faviri h\u0259bs olundu\",\"datePublished\":\"2022-07-26T17:59:53+00:00\",\"dateModified\":\"2022-07-26T17:59:55+00:00\",\"mainEntityOfPage\":{\"@id\":\"https:\\\/\\\/www.meydan.tv\\\/az\\\/article\\\/musavat-basqaninin-musaviri-hebs-olundu\\\/\"},\"wordCount\":319,\"publisher\":{\"@id\":\"https:\\\/\\\/www.meydan.tv\\\/az\\\/#organization\"},\"image\":{\"@id\":\"https:\\\/\\\/www.meydan.tv\\\/az\\\/article\\\/musavat-basqaninin-musaviri-hebs-olundu\\\/#primaryimage\"},\"thumbnailUrl\":\"https:\\\/\\\/www.meydan.tv\\\/wp-content\\\/uploads\\\/40912-e1658858387371.jpg\",\"articleSection\":[\"Siyas\u0259t\",\"X\u0259b\u0259rl\u0259r\"],\"inLanguage\":\"az\"},{\"@type\":\"WebPage\",\"@id\":\"https:\\\/\\\/www.meydan.tv\\\/az\\\/article\\\/musavat-basqaninin-musaviri-hebs-olundu\\\/\",\"url\":\"https:\\\/\\\/www.meydan.tv\\\/az\\\/article\\\/musavat-basqaninin-musaviri-hebs-olundu\\\/\",\"name\":\"M\u00fcsavat ba\u015fqan\u0131n\u0131n m\u00fc\u015faviri h\u0259bs olundu - MEYDAN.TV\",\"isPartOf\":{\"@id\":\"https:\\\/\\\/www.meydan.tv\\\/az\\\/#website\"},\"primaryImageOfPage\":{\"@id\":\"https:\\\/\\\/www.meydan.tv\\\/az\\\/article\\\/musavat-basqaninin-musaviri-hebs-olundu\\\/#primaryimage\"},\"image\":{\"@id\":\"https:\\\/\\\/www.meydan.tv\\\/az\\\/article\\\/musavat-basqaninin-musaviri-hebs-olundu\\\/#primaryimage\"},\"thumbnailUrl\":\"https:\\\/\\\/www.meydan.tv\\\/wp-content\\\/uploads\\\/40912-e1658858387371.jpg\",\"datePublished\":\"2022-07-26T17:59:53+00:00\",\"dateModified\":\"2022-07-26T17:59:55+00:00\",\"breadcrumb\":{\"@id\":\"https:\\\/\\\/www.meydan.tv\\\/az\\\/article\\\/musavat-basqaninin-musaviri-hebs-olundu\\\/#breadcrumb\"},\"inLanguage\":\"az\",\"potentialAction\":[{\"@type\":\"ReadAction\",\"target\":[\"https:\\\/\\\/www.meydan.tv\\\/az\\\/article\\\/musavat-basqaninin-musaviri-hebs-olundu\\\/\"]}]},{\"@type\":\"ImageObject\",\"inLanguage\":\"az\",\"@id\":\"https:\\\/\\\/www.meydan.tv\\\/az\\\/article\\\/musavat-basqaninin-musaviri-hebs-olundu\\\/#primaryimage\",\"url\":\"https:\\\/\\\/www.meydan.tv\\\/wp-content\\\/uploads\\\/40912-e1658858387371.jpg\",\"contentUrl\":\"https:\\\/\\\/www.meydan.tv\\\/wp-content\\\/uploads\\\/40912-e1658858387371.jpg\",\"width\":647,\"height\":310,\"caption\":\"Foto: Meydan TV\"},{\"@type\":\"BreadcrumbList\",\"@id\":\"https:\\\/\\\/www.meydan.tv\\\/az\\\/article\\\/musavat-basqaninin-musaviri-hebs-olundu\\\/#breadcrumb\",\"itemListElement\":[{\"@type\":\"ListItem\",\"position\":1,\"name\":\"Ana s\u0259hif\u0259\",\"item\":\"https:\\\/\\\/www.meydan.tv\\\/az\\\/\"},{\"@type\":\"ListItem\",\"position\":2,\"name\":\"Siyas\u0259t\",\"item\":\"https:\\\/\\\/www.meydan.tv\\\/az\\\/section\\\/siyaset\\\/\"},{\"@type\":\"ListItem\",\"position\":3,\"name\":\"M\u00fcsavat ba\u015fqan\u0131n\u0131n m\u00fc\u015faviri h\u0259bs olundu\"}]},{\"@type\":\"WebSite\",\"@id\":\"https:\\\/\\\/www.meydan.tv\\\/az\\\/#website\",\"url\":\"https:\\\/\\\/www.meydan.tv\\\/az\\\/\",\"name\":\"MEYDAN.TV\",\"description\":\"Meydan TV Az\u0259rbaycan\u0131n media m\u0259kan\u0131ndak\u0131 alternativ s\u0259sidir\",\"publisher\":{\"@id\":\"https:\\\/\\\/www.meydan.tv\\\/az\\\/#organization\"},\"potentialAction\":[{\"@type\":\"SearchAction\",\"target\":{\"@type\":\"EntryPoint\",\"urlTemplate\":\"https:\\\/\\\/www.meydan.tv\\\/az\\\/?s={search_term_string}\"},\"query-input\":{\"@type\":\"PropertyValueSpecification\",\"valueRequired\":true,\"valueName\":\"search_term_string\"}}],\"inLanguage\":\"az\"},{\"@type\":\"Organization\",\"@id\":\"https:\\\/\\\/www.meydan.tv\\\/az\\\/#organization\",\"name\":\"Meydan TV\",\"url\":\"https:\\\/\\\/www.meydan.tv\\\/az\\\/\",\"logo\":{\"@type\":\"ImageObject\",\"inLanguage\":\"az\",\"@id\":\"https:\\\/\\\/www.meydan.tv\\\/az\\\/#\\\/schema\\\/logo\\\/image\\\/\",\"url\":\"https:\\\/\\\/www.meydan.tv\\\/wp-content\\\/uploads\\\/2021\\\/07\\\/meydan-logo.svg\",\"contentUrl\":\"https:\\\/\\\/www.meydan.tv\\\/wp-content\\\/uploads\\\/2021\\\/07\\\/meydan-logo.svg\",\"width\":195,\"height\":46,\"caption\":\"Meydan TV\"},\"image\":{\"@id\":\"https:\\\/\\\/www.meydan.tv\\\/az\\\/#\\\/schema\\\/logo\\\/image\\\/\"}},{\"@type\":\"Person\",\"@id\":\"https:\\\/\\\/www.meydan.tv\\\/az\\\/#\\\/schema\\\/person\\\/9cdbecf90d17180ce1dfbd95b08dcf47\",\"name\":\"elli\",\"sameAs\":[\"https:\\\/\\\/x.com\\\/elli\"]}]}<\/script>\n<!-- \/ Yoast SEO plugin. -->","yoast_head_json":{"title":"M\u00fcsavat ba\u015fqan\u0131n\u0131n m\u00fc\u015faviri h\u0259bs olundu - MEYDAN.TV","robots":{"index":"index","follow":"follow","max-snippet":"max-snippet:-1","max-image-preview":"max-image-preview:large","max-video-preview":"max-video-preview:-1"},"canonical":"https:\/\/www.meydan.tv\/az\/article\/musavat-basqaninin-musaviri-hebs-olundu\/","og_locale":"az_AZ","og_type":"article","og_title":"M\u00fcsavat ba\u015fqan\u0131n\u0131n m\u00fc\u015faviri h\u0259bs olundu - MEYDAN.TV","og_description":"Arif Hac\u0131l\u0131: \u201cDemokratik islahatlar apard\u0131\u011f\u0131n\u0131 b\u0259yan ed\u0259n hakimiyy\u0259t, \u0259ksin\u0259, repressiya ... Davam\u0131","og_url":"https:\/\/www.meydan.tv\/az\/article\/musavat-basqaninin-musaviri-hebs-olundu\/","og_site_name":"MEYDAN.TV","article_published_time":"2022-07-26T17:59:53+00:00","article_modified_time":"2022-07-26T17:59:55+00:00","og_image":[{"width":647,"height":310,"url":"https:\/\/www.meydan.tv\/wp-content\/uploads\/40912-e1658858387371.jpg","type":"image\/jpeg"}],"author":"elli","twitter_card":"summary_large_image","twitter_creator":"@elli","schema":{"@context":"https:\/\/schema.org","@graph":[{"@type":"Article","@id":"https:\/\/www.meydan.tv\/az\/article\/musavat-basqaninin-musaviri-hebs-olundu\/#article","isPartOf":{"@id":"https:\/\/www.meydan.tv\/az\/article\/musavat-basqaninin-musaviri-hebs-olundu\/"},"author":{"name":"elli","@id":"https:\/\/www.meydan.tv\/az\/#\/schema\/person\/9cdbecf90d17180ce1dfbd95b08dcf47"},"headline":"M\u00fcsavat ba\u015fqan\u0131n\u0131n m\u00fc\u015faviri h\u0259bs olundu","datePublished":"2022-07-26T17:59:53+00:00","dateModified":"2022-07-26T17:59:55+00:00","mainEntityOfPage":{"@id":"https:\/\/www.meydan.tv\/az\/article\/musavat-basqaninin-musaviri-hebs-olundu\/"},"wordCount":319,"publisher":{"@id":"https:\/\/www.meydan.tv\/az\/#organization"},"image":{"@id":"https:\/\/www.meydan.tv\/az\/article\/musavat-basqaninin-musaviri-hebs-olundu\/#primaryimage"},"thumbnailUrl":"https:\/\/www.meydan.tv\/wp-content\/uploads\/40912-e1658858387371.jpg","articleSection":["Siyas\u0259t","X\u0259b\u0259rl\u0259r"],"inLanguage":"az"},{"@type":"WebPage","@id":"https:\/\/www.meydan.tv\/az\/article\/musavat-basqaninin-musaviri-hebs-olundu\/","url":"https:\/\/www.meydan.tv\/az\/article\/musavat-basqaninin-musaviri-hebs-olundu\/","name":"M\u00fcsavat ba\u015fqan\u0131n\u0131n m\u00fc\u015faviri h\u0259bs olundu - MEYDAN.TV","isPartOf":{"@id":"https:\/\/www.meydan.tv\/az\/#website"},"primaryImageOfPage":{"@id":"https:\/\/www.meydan.tv\/az\/article\/musavat-basqaninin-musaviri-hebs-olundu\/#primaryimage"},"image":{"@id":"https:\/\/www.meydan.tv\/az\/article\/musavat-basqaninin-musaviri-hebs-olundu\/#primaryimage"},"thumbnailUrl":"https:\/\/www.meydan.tv\/wp-content\/uploads\/40912-e1658858387371.jpg","datePublished":"2022-07-26T17:59:53+00:00","dateModified":"2022-07-26T17:59:55+00:00","breadcrumb":{"@id":"https:\/\/www.meydan.tv\/az\/article\/musavat-basqaninin-musaviri-hebs-olundu\/#breadcrumb"},"inLanguage":"az","potentialAction":[{"@type":"ReadAction","target":["https:\/\/www.meydan.tv\/az\/article\/musavat-basqaninin-musaviri-hebs-olundu\/"]}]},{"@type":"ImageObject","inLanguage":"az","@id":"https:\/\/www.meydan.tv\/az\/article\/musavat-basqaninin-musaviri-hebs-olundu\/#primaryimage","url":"https:\/\/www.meydan.tv\/wp-content\/uploads\/40912-e1658858387371.jpg","contentUrl":"https:\/\/www.meydan.tv\/wp-content\/uploads\/40912-e1658858387371.jpg","width":647,"height":310,"caption":"Foto: Meydan TV"},{"@type":"BreadcrumbList","@id":"https:\/\/www.meydan.tv\/az\/article\/musavat-basqaninin-musaviri-hebs-olundu\/#breadcrumb","itemListElement":[{"@type":"ListItem","position":1,"name":"Ana s\u0259hif\u0259","item":"https:\/\/www.meydan.tv\/az\/"},{"@type":"ListItem","position":2,"name":"Siyas\u0259t","item":"https:\/\/www.meydan.tv\/az\/section\/siyaset\/"},{"@type":"ListItem","position":3,"name":"M\u00fcsavat ba\u015fqan\u0131n\u0131n m\u00fc\u015faviri h\u0259bs olundu"}]},{"@type":"WebSite","@id":"https:\/\/www.meydan.tv\/az\/#website","url":"https:\/\/www.meydan.tv\/az\/","name":"MEYDAN.TV","description":"Meydan TV Az\u0259rbaycan\u0131n media m\u0259kan\u0131ndak\u0131 alternativ s\u0259sidir","publisher":{"@id":"https:\/\/www.meydan.tv\/az\/#organization"},"potentialAction":[{"@type":"SearchAction","target":{"@type":"EntryPoint","urlTemplate":"https:\/\/www.meydan.tv\/az\/?s={search_term_string}"},"query-input":{"@type":"PropertyValueSpecification","valueRequired":true,"valueName":"search_term_string"}}],"inLanguage":"az"},{"@type":"Organization","@id":"https:\/\/www.meydan.tv\/az\/#organization","name":"Meydan TV","url":"https:\/\/www.meydan.tv\/az\/","logo":{"@type":"ImageObject","inLanguage":"az","@id":"https:\/\/www.meydan.tv\/az\/#\/schema\/logo\/image\/","url":"https:\/\/www.meydan.tv\/wp-content\/uploads\/2021\/07\/meydan-logo.svg","contentUrl":"https:\/\/www.meydan.tv\/wp-content\/uploads\/2021\/07\/meydan-logo.svg","width":195,"height":46,"caption":"Meydan TV"},"image":{"@id":"https:\/\/www.meydan.tv\/az\/#\/schema\/logo\/image\/"}},{"@type":"Person","@id":"https:\/\/www.meydan.tv\/az\/#\/schema\/person\/9cdbecf90d17180ce1dfbd95b08dcf47","name":"elli","sameAs":["https:\/\/x.com\/elli"]}]}},"_links":{"self":[{"href":"https:\/\/www.meydan.tv\/az\/wp-json\/wp\/v2\/posts\/251817","targetHints":{"allow":["GET"]}}],"collection":[{"href":"https:\/\/www.meydan.tv\/az\/wp-json\/wp\/v2\/posts"}],"about":[{"href":"https:\/\/www.meydan.tv\/az\/wp-json\/wp\/v2\/types\/post"}],"author":[{"embeddable":true,"href":"https:\/\/www.meydan.tv\/az\/wp-json\/wp\/v2\/users\/8"}],"replies":[{"embeddable":true,"href":"https:\/\/www.meydan.tv\/az\/wp-json\/wp\/v2\/comments?post=251817"}],"version-history":[{"count":1,"href":"https:\/\/www.meydan.tv\/az\/wp-json\/wp\/v2\/posts\/251817\/revisions"}],"predecessor-version":[{"id":251818,"href":"https:\/\/www.meydan.tv\/az\/wp-json\/wp\/v2\/posts\/251817\/revisions\/251818"}],"wp:featuredmedia":[{"embeddable":true,"href":"https:\/\/www.meydan.tv\/az\/wp-json\/wp\/v2\/media\/103140"}],"wp:attachment":[{"href":"https:\/\/www.meydan.tv\/az\/wp-json\/wp\/v2\/media?parent=251817"}],"wp:term":[{"taxonomy":"category","embeddable":true,"href":"https:\/\/www.meydan.tv\/az\/wp-json\/wp\/v2\/categories?post=251817"},{"taxonomy":"post_tag","embeddable":true,"href":"https:\/\/www.meydan.tv\/az\/wp-json\/wp\/v2\/tags?post=251817"}],"curies":[{"name":"wp","href":"https:\/\/api.w.org\/{rel}","templated":true}]}}