{"id":251805,"date":"2022-07-26T20:30:06","date_gmt":"2022-07-26T16:30:06","guid":{"rendered":"https:\/\/www.meydan.tv\/?p=251805"},"modified":"2022-07-26T20:30:12","modified_gmt":"2022-07-26T16:30:12","slug":"sirvanli-sakini-35-ilden-coxdur-eziyyet-cekirik","status":"publish","type":"post","link":"https:\/\/www.meydan.tv\/az\/article\/sirvanli-sakini-35-ilden-coxdur-eziyyet-cekirik\/","title":{"rendered":"\u015eirvanl\u0131 sakini: \u201c35 ild\u0259n \u00e7oxdur \u0259ziyy\u0259t \u00e7\u0259kirik\u201d"},"content":{"rendered":"\n<p><\/p>\n\n\n\n<p><em>Bu \u201cyox\u201dlar\u0131n i\u00e7\u0259risind\u0259 bo\u011fulan k\u0259ndlil\u0259r \u00e7\u0131x\u0131\u015f yolu axtar\u0131r<\/em><\/p>\n\n\n\n<p>\u201cO vaxt \u00f6z k\u0259ndimizi su basd\u0131, evl\u0259r tikib bizi bura k\u00f6\u00e7\u00fcrd\u00fcl\u0259r, o g\u00fcn-bu g\u00fcn, \u0259ziyy\u0259tin i\u00e7ind\u0259yik. G\u0259l\u0259n g\u00fcnd\u0259n s\u00f6z verdil\u0259r qaz x\u0259tti \u00e7\u0259kil\u0259c\u0259k, Sovet h\u00f6kum\u0259ti da\u011f\u0131ld\u0131, ara qar\u0131\u015fd\u0131, qaz x\u0259tti \u00e7\u0259km\u0259k d\u0259 arxa plana ke\u00e7di\u201d.<\/p>\n\n\n\n<p>Bunu Meydan TV-y\u0259 Neft\u00e7alan\u0131n \u015eirvanl\u0131 k\u0259nd sakini Teymur Babayev deyir.<\/p>\n\n\n\n<p><strong>\u201c35 ild\u0259n \u00e7oxdur \u0259ziyy\u0259t \u00e7\u0259kirik\u201d<\/strong><\/p>\n\n\n\n<p>1980-ci ill\u0259rin sonunda rayonun Kurkasa k\u0259ndini su basandan sonra rayonun qurtaraca\u011f\u0131nda \u2013 Bank\u0259 q\u0259s\u0259b\u0259sinin yax\u0131nl\u0131\u011f\u0131nda yer ayr\u0131laraq evl\u0259r tikilib.<\/p>\n\n\n\n<p><strong>\u201cQon\u015fuluqdak\u0131 q\u0259s\u0259b\u0259d\u0259 qaz var, bizd\u0259 yoxdur\u201d<\/strong><\/p>\n\n\n\n<p>Ail\u0259l\u0259r su basm\u0131\u015f k\u0259ndd\u0259n h\u0259min evl\u0259r\u0259 k\u00f6\u00e7\u00fcr\u00fcl\u00fcb, bel\u0259c\u0259, \u015eirvan k\u0259ndi yaran\u0131b. Ancaq sakinl\u0259r 35 ild\u0259n \u00e7oxdur ki, k\u0259ndd\u0259 mavi yanaca\u011f\u0131n olmamas\u0131 \u00fcz\u00fcnd\u0259n \u0259ziyy\u0259t \u00e7\u0259kirl\u0259r. Teymur Babayev s\u00f6z\u00fcn\u0259 davam edir:<\/p>\n\n\n\n<p>\u201cBank\u0259 q\u0259s\u0259b\u0259siyl\u0259 aram\u0131zda 8 kilometrlik m\u0259saf\u0259 var, orda mavi yanacaq var, bizd\u0259 yoxdur. 35 ildir ki, bu ki\u00e7ik k\u0259nd\u0259 qaz x\u0259tti \u00e7\u0259kmirl\u0259r. H\u0259r il \u201cg\u0259l\u0259n il olacaq\u201d deyib, \u0259halini yola verirl\u0259r\u201d.<\/p>\n\n\n\n<p>K\u0259ndd\u0259 70-\u0259 yax\u0131n ail\u0259 ya\u015fay\u0131r. \u018fhali yaz-yay f\u0259sill\u0259rind\u0259 maye qaz balonundan v\u0259 elektrik q\u0131zd\u0131r\u0131c\u0131lardan istifad\u0259 edir.<\/p>\n\n\n\n<p><strong>\u201cYol\u011funlar\u0131 k\u0259s\u0259rdik, indi qada\u011fan edilib\u201d<\/strong><\/p>\n\n\n\n<p>Sakinl\u0259r qaz balonlar\u0131n\u0131 qon\u015fuluqdak\u0131 Bank\u0259 q\u0259s\u0259b\u0259sind\u0259 doldururlar. Pay\u0131z v\u0259 q\u0131\u015f aylar\u0131n\u0131sa bu \u00fcsullarla yola verm\u0259k m\u00fcmk\u00fcn deyil:<\/p>\n\n\n\n<p>\u201c\u018fsas m\u0259\u015f\u0259qq\u0259tl\u0259rimiz oktyabr\u0131n \u0259vv\u0259ll\u0259rind\u0259n ba\u015flay\u0131r. Havalar soyuyanda m\u00fctl\u0259q odun sobas\u0131 yand\u0131rmal\u0131y\u0131q ki, evl\u0259ri isid\u0259 bil\u0259k. Odunusa lapetl\u0259 alanda 120, \u201cKamaz\u201dla alanda 250 manat \u00f6d\u0259yirik. \u015e\u0259xs\u0259n m\u0259n bir soyuq m\u00f6vs\u00fcm\u00fc ba\u015fa vuranad\u0259k \u00fc\u00e7 \u201cKamaz\u201d ma\u015f\u0131n\u0131yla odun almal\u0131 oluram\u201d.<\/p>\n\n\n\n<p>\u018fvv\u0259ll\u0259r \u0259hali k\u0259nd \u0259razisind\u0259ki yol\u011fun a\u011faclar\u0131n\u0131 k\u0259sib yand\u0131r\u0131rlarm\u0131\u015f. Son ill\u0259rd\u0259 bu da qada\u011fan edilib, a\u011fac k\u0259s\u0259n k\u0259ndlil\u0259r c\u0259rim\u0259l\u0259nirl\u0259r.<\/p>\n\n\n\n<p><strong>\u201c\u018fkin sah\u0259l\u0259rimiz susuzluqdan yan\u0131r\u201d<\/strong><\/p>\n\n\n\n<p>K\u0259ndin problemi bununla bitmir. \u018fkin sah\u0259l\u0259ri susuzluqdan yan\u0131r. Teymur Babayev deyir, bir g\u00fcn su olanda, be\u015f gun olmur:<\/p>\n\n\n\n<p>\u201c\u018fhali \u0259lini \u0259kind\u0259n \u00fcz\u00fcb. H\u0259r\u0259nin qap\u0131s\u0131nda 3-5 heyvan\u0131 vard\u0131, daha heyvan saxlamaq da s\u0259rf el\u0259mir, yem bahad\u0131, \u00e7atd\u0131rmaq olmur. Yem \u00e7atd\u0131ra bilm\u0259y\u0259n apar\u0131b heyvan\u0131n\u0131 sat\u0131r. K\u0259ndd\u0259 i\u015fsizlikdir, apreld\u0259n ba\u015flayaraq bal\u0131q ovuna qada\u011fa qoyulur, sentyabrad\u0259k birt\u0259h\u0259r ayaq \u00fcst\u0259 qalma\u011fa \u00e7al\u0131\u015f\u0131r\u0131q. G\u00f6zl\u0259yirik ki, sentyabr ay\u0131 g\u0259lsin, d\u0259nizd\u0259n bal\u0131q ovu m\u00f6vs\u00fcm\u00fc g\u0259lsin, ged\u0259k, bal\u0131q tutaq, yey\u0259k. Xalq\u0131n qeydin\u0259 qalan, maraqlanan yoxdur ki, gedib bir g\u00f6r\u0259k bu k\u0259ndd\u0259 \u0259hali nec\u0259 ya\u015fay\u0131r\u201d.<\/p>\n\n\n\n<p><strong>\u0130cra hakimiyy\u0259ti: \u201cO k\u0259ndl\u0259r d\u0259 qazla\u015fd\u0131r\u0131lacaq\u201d<\/strong><\/p>\n\n\n\n<p>Rayonun Mayak k\u0259ndind\u0259n olan sakinl\u0259r d\u0259 Meydan TV-y\u0259 mavi yanacaq\u011f\u0131n olmamas\u0131ndan, bunun yaratd\u0131\u011f\u0131 \u00e7\u0259tinlikl\u0259rd\u0259n dan\u0131\u015f\u0131b.<\/p>\n\n\n\n<p>Neft\u00e7ala Rayon \u0130cra Hakimiyy\u0259tind\u0259n Meydan TV-y\u0259 bildirilib ki, yax\u0131n ill\u0259rd\u0259 bir ne\u00e7\u0259 k\u0259ndin qazla\u015fd\u0131r\u0131lmas\u0131 \u00fcz\u0259rind\u0259 i\u015f gedir. H\u0259min k\u0259ndl\u0259r aras\u0131nda Mayak v\u0259 \u015eirvanl\u0131 k\u0259ndl\u0259ri d\u0259 var: <\/p>\n\n\n\n<p>\u201cRegionlar\u0131n 2019-2023-c\u00fc ill\u0259rd\u0259 sosial-iqtisadi inki\u015faf\u0131 D\u00f6vl\u0259t Proqram\u0131 \u00e7\u0259r\u00e7iv\u0259sind\u0259 h\u0259min k\u0259ndl\u0259rin d\u0259 qazla\u015fd\u0131r\u0131lmas\u0131 \u00fczr\u0259 layih\u0259l\u0259ndirm\u0259 i\u015fl\u0259ri apar\u0131l\u0131b. Yax\u0131n zamanda h\u0259min k\u0259ndl\u0259rin d\u0259 qazla\u015fd\u0131r\u0131lmas\u0131na ba\u015flan\u0131lacaq\u201d,- qurumdan bildirilib.<\/p>\n","protected":false},"excerpt":{"rendered":"<p>Bu \u201cyox\u201dlar\u0131n i\u00e7\u0259risind\u0259 bo\u011fulan k\u0259ndlil\u0259r \u00e7\u0131x\u0131\u015f yolu axtar\u0131r \u201cO vaxt &#8230; <\/p>\n<p class=\"read-more-container\"><a title=\"\u015eirvanl\u0131 sakini: \u201c35 ild\u0259n \u00e7oxdur \u0259ziyy\u0259t \u00e7\u0259kirik\u201d\" class=\"read-more button\" href=\"https:\/\/www.meydan.tv\/az\/article\/sirvanli-sakini-35-ilden-coxdur-eziyyet-cekirik\/#more-251805\" aria-label=\"Read more about \u015eirvanl\u0131 sakini: \u201c35 ild\u0259n \u00e7oxdur \u0259ziyy\u0259t \u00e7\u0259kirik\u201d\">Davam\u0131<\/a><\/p>\n","protected":false},"author":8,"featured_media":251802,"comment_status":"closed","ping_status":"closed","sticky":false,"template":"","format":"standard","meta":{"_acf_changed":false,"_sitemap_exclude":false,"_sitemap_priority":"","_sitemap_frequency":"","footnotes":""},"categories":[60,79,56],"tags":[],"class_list":["post-251805","post","type-post","status-publish","format-standard","has-post-thumbnail","hentry","category-bolge","category-featured","category-xeberler","infinite-scroll-item","generate-columns","tablet-grid-50","mobile-grid-100","grid-parent","grid-33","no-featured-image-padding"],"acf":[],"yoast_head":"<!-- This site is optimized with the Yoast SEO plugin v27.5 - https:\/\/yoast.com\/product\/yoast-seo-wordpress\/ -->\n<title>\u015eirvanl\u0131 sakini: \u201c35 ild\u0259n \u00e7oxdur \u0259ziyy\u0259t \u00e7\u0259kirik\u201d - MEYDAN.TV<\/title>\n<meta name=\"robots\" content=\"index, follow, max-snippet:-1, max-image-preview:large, max-video-preview:-1\" \/>\n<link rel=\"canonical\" href=\"https:\/\/www.meydan.tv\/az\/article\/sirvanli-sakini-35-ilden-coxdur-eziyyet-cekirik\/\" \/>\n<meta property=\"og:locale\" content=\"az_AZ\" \/>\n<meta property=\"og:type\" content=\"article\" \/>\n<meta property=\"og:title\" content=\"\u015eirvanl\u0131 sakini: \u201c35 ild\u0259n \u00e7oxdur \u0259ziyy\u0259t \u00e7\u0259kirik\u201d - MEYDAN.TV\" \/>\n<meta property=\"og:description\" content=\"Bu \u201cyox\u201dlar\u0131n i\u00e7\u0259risind\u0259 bo\u011fulan k\u0259ndlil\u0259r \u00e7\u0131x\u0131\u015f yolu axtar\u0131r \u201cO vaxt ... Davam\u0131\" \/>\n<meta property=\"og:url\" content=\"https:\/\/www.meydan.tv\/az\/article\/sirvanli-sakini-35-ilden-coxdur-eziyyet-cekirik\/\" \/>\n<meta property=\"og:site_name\" content=\"MEYDAN.TV\" \/>\n<meta property=\"article:published_time\" content=\"2022-07-26T16:30:06+00:00\" \/>\n<meta property=\"article:modified_time\" content=\"2022-07-26T16:30:12+00:00\" \/>\n<meta property=\"og:image\" content=\"https:\/\/www.meydan.tv\/wp-content\/uploads\/untitled-design-8-9.jpg\" \/>\n\t<meta property=\"og:image:width\" content=\"1200\" \/>\n\t<meta property=\"og:image:height\" content=\"800\" \/>\n\t<meta property=\"og:image:type\" content=\"image\/jpeg\" \/>\n<meta name=\"author\" content=\"elli\" \/>\n<meta name=\"twitter:card\" content=\"summary_large_image\" \/>\n<meta name=\"twitter:creator\" content=\"@elli\" \/>\n<script type=\"application\/ld+json\" class=\"yoast-schema-graph\">{\"@context\":\"https:\\\/\\\/schema.org\",\"@graph\":[{\"@type\":\"Article\",\"@id\":\"https:\\\/\\\/www.meydan.tv\\\/az\\\/article\\\/sirvanli-sakini-35-ilden-coxdur-eziyyet-cekirik\\\/#article\",\"isPartOf\":{\"@id\":\"https:\\\/\\\/www.meydan.tv\\\/az\\\/article\\\/sirvanli-sakini-35-ilden-coxdur-eziyyet-cekirik\\\/\"},\"author\":{\"name\":\"elli\",\"@id\":\"https:\\\/\\\/www.meydan.tv\\\/az\\\/#\\\/schema\\\/person\\\/9cdbecf90d17180ce1dfbd95b08dcf47\"},\"headline\":\"\u015eirvanl\u0131 sakini: \u201c35 ild\u0259n \u00e7oxdur \u0259ziyy\u0259t \u00e7\u0259kirik\u201d\",\"datePublished\":\"2022-07-26T16:30:06+00:00\",\"dateModified\":\"2022-07-26T16:30:12+00:00\",\"mainEntityOfPage\":{\"@id\":\"https:\\\/\\\/www.meydan.tv\\\/az\\\/article\\\/sirvanli-sakini-35-ilden-coxdur-eziyyet-cekirik\\\/\"},\"wordCount\":671,\"publisher\":{\"@id\":\"https:\\\/\\\/www.meydan.tv\\\/az\\\/#organization\"},\"image\":{\"@id\":\"https:\\\/\\\/www.meydan.tv\\\/az\\\/article\\\/sirvanli-sakini-35-ilden-coxdur-eziyyet-cekirik\\\/#primaryimage\"},\"thumbnailUrl\":\"https:\\\/\\\/www.meydan.tv\\\/wp-content\\\/uploads\\\/untitled-design-8-9.jpg\",\"articleSection\":[\"B\u00f6lg\u0259\",\"T\u00f6vsiy\u0259\",\"X\u0259b\u0259rl\u0259r\"],\"inLanguage\":\"az\"},{\"@type\":\"WebPage\",\"@id\":\"https:\\\/\\\/www.meydan.tv\\\/az\\\/article\\\/sirvanli-sakini-35-ilden-coxdur-eziyyet-cekirik\\\/\",\"url\":\"https:\\\/\\\/www.meydan.tv\\\/az\\\/article\\\/sirvanli-sakini-35-ilden-coxdur-eziyyet-cekirik\\\/\",\"name\":\"\u015eirvanl\u0131 sakini: \u201c35 ild\u0259n \u00e7oxdur \u0259ziyy\u0259t \u00e7\u0259kirik\u201d - MEYDAN.TV\",\"isPartOf\":{\"@id\":\"https:\\\/\\\/www.meydan.tv\\\/az\\\/#website\"},\"primaryImageOfPage\":{\"@id\":\"https:\\\/\\\/www.meydan.tv\\\/az\\\/article\\\/sirvanli-sakini-35-ilden-coxdur-eziyyet-cekirik\\\/#primaryimage\"},\"image\":{\"@id\":\"https:\\\/\\\/www.meydan.tv\\\/az\\\/article\\\/sirvanli-sakini-35-ilden-coxdur-eziyyet-cekirik\\\/#primaryimage\"},\"thumbnailUrl\":\"https:\\\/\\\/www.meydan.tv\\\/wp-content\\\/uploads\\\/untitled-design-8-9.jpg\",\"datePublished\":\"2022-07-26T16:30:06+00:00\",\"dateModified\":\"2022-07-26T16:30:12+00:00\",\"breadcrumb\":{\"@id\":\"https:\\\/\\\/www.meydan.tv\\\/az\\\/article\\\/sirvanli-sakini-35-ilden-coxdur-eziyyet-cekirik\\\/#breadcrumb\"},\"inLanguage\":\"az\",\"potentialAction\":[{\"@type\":\"ReadAction\",\"target\":[\"https:\\\/\\\/www.meydan.tv\\\/az\\\/article\\\/sirvanli-sakini-35-ilden-coxdur-eziyyet-cekirik\\\/\"]}]},{\"@type\":\"ImageObject\",\"inLanguage\":\"az\",\"@id\":\"https:\\\/\\\/www.meydan.tv\\\/az\\\/article\\\/sirvanli-sakini-35-ilden-coxdur-eziyyet-cekirik\\\/#primaryimage\",\"url\":\"https:\\\/\\\/www.meydan.tv\\\/wp-content\\\/uploads\\\/untitled-design-8-9.jpg\",\"contentUrl\":\"https:\\\/\\\/www.meydan.tv\\\/wp-content\\\/uploads\\\/untitled-design-8-9.jpg\",\"width\":1200,\"height\":800,\"caption\":\"\u015eirvanl\u0131 k\u0259ndi. Foto: Meydan TV\"},{\"@type\":\"BreadcrumbList\",\"@id\":\"https:\\\/\\\/www.meydan.tv\\\/az\\\/article\\\/sirvanli-sakini-35-ilden-coxdur-eziyyet-cekirik\\\/#breadcrumb\",\"itemListElement\":[{\"@type\":\"ListItem\",\"position\":1,\"name\":\"Ana s\u0259hif\u0259\",\"item\":\"https:\\\/\\\/www.meydan.tv\\\/az\\\/\"},{\"@type\":\"ListItem\",\"position\":2,\"name\":\"B\u00f6lg\u0259\",\"item\":\"https:\\\/\\\/www.meydan.tv\\\/az\\\/section\\\/bolge\\\/\"},{\"@type\":\"ListItem\",\"position\":3,\"name\":\"\u015eirvanl\u0131 sakini: \u201c35 ild\u0259n \u00e7oxdur \u0259ziyy\u0259t \u00e7\u0259kirik\u201d\"}]},{\"@type\":\"WebSite\",\"@id\":\"https:\\\/\\\/www.meydan.tv\\\/az\\\/#website\",\"url\":\"https:\\\/\\\/www.meydan.tv\\\/az\\\/\",\"name\":\"MEYDAN.TV\",\"description\":\"Meydan TV Az\u0259rbaycan\u0131n media m\u0259kan\u0131ndak\u0131 alternativ s\u0259sidir\",\"publisher\":{\"@id\":\"https:\\\/\\\/www.meydan.tv\\\/az\\\/#organization\"},\"potentialAction\":[{\"@type\":\"SearchAction\",\"target\":{\"@type\":\"EntryPoint\",\"urlTemplate\":\"https:\\\/\\\/www.meydan.tv\\\/az\\\/?s={search_term_string}\"},\"query-input\":{\"@type\":\"PropertyValueSpecification\",\"valueRequired\":true,\"valueName\":\"search_term_string\"}}],\"inLanguage\":\"az\"},{\"@type\":\"Organization\",\"@id\":\"https:\\\/\\\/www.meydan.tv\\\/az\\\/#organization\",\"name\":\"Meydan TV\",\"url\":\"https:\\\/\\\/www.meydan.tv\\\/az\\\/\",\"logo\":{\"@type\":\"ImageObject\",\"inLanguage\":\"az\",\"@id\":\"https:\\\/\\\/www.meydan.tv\\\/az\\\/#\\\/schema\\\/logo\\\/image\\\/\",\"url\":\"https:\\\/\\\/www.meydan.tv\\\/wp-content\\\/uploads\\\/2021\\\/07\\\/meydan-logo.svg\",\"contentUrl\":\"https:\\\/\\\/www.meydan.tv\\\/wp-content\\\/uploads\\\/2021\\\/07\\\/meydan-logo.svg\",\"width\":195,\"height\":46,\"caption\":\"Meydan TV\"},\"image\":{\"@id\":\"https:\\\/\\\/www.meydan.tv\\\/az\\\/#\\\/schema\\\/logo\\\/image\\\/\"}},{\"@type\":\"Person\",\"@id\":\"https:\\\/\\\/www.meydan.tv\\\/az\\\/#\\\/schema\\\/person\\\/9cdbecf90d17180ce1dfbd95b08dcf47\",\"name\":\"elli\",\"sameAs\":[\"https:\\\/\\\/x.com\\\/elli\"]}]}<\/script>\n<!-- \/ Yoast SEO plugin. -->","yoast_head_json":{"title":"\u015eirvanl\u0131 sakini: \u201c35 ild\u0259n \u00e7oxdur \u0259ziyy\u0259t \u00e7\u0259kirik\u201d - MEYDAN.TV","robots":{"index":"index","follow":"follow","max-snippet":"max-snippet:-1","max-image-preview":"max-image-preview:large","max-video-preview":"max-video-preview:-1"},"canonical":"https:\/\/www.meydan.tv\/az\/article\/sirvanli-sakini-35-ilden-coxdur-eziyyet-cekirik\/","og_locale":"az_AZ","og_type":"article","og_title":"\u015eirvanl\u0131 sakini: \u201c35 ild\u0259n \u00e7oxdur \u0259ziyy\u0259t \u00e7\u0259kirik\u201d - MEYDAN.TV","og_description":"Bu \u201cyox\u201dlar\u0131n i\u00e7\u0259risind\u0259 bo\u011fulan k\u0259ndlil\u0259r \u00e7\u0131x\u0131\u015f yolu axtar\u0131r \u201cO vaxt ... Davam\u0131","og_url":"https:\/\/www.meydan.tv\/az\/article\/sirvanli-sakini-35-ilden-coxdur-eziyyet-cekirik\/","og_site_name":"MEYDAN.TV","article_published_time":"2022-07-26T16:30:06+00:00","article_modified_time":"2022-07-26T16:30:12+00:00","og_image":[{"width":1200,"height":800,"url":"https:\/\/www.meydan.tv\/wp-content\/uploads\/untitled-design-8-9.jpg","type":"image\/jpeg"}],"author":"elli","twitter_card":"summary_large_image","twitter_creator":"@elli","schema":{"@context":"https:\/\/schema.org","@graph":[{"@type":"Article","@id":"https:\/\/www.meydan.tv\/az\/article\/sirvanli-sakini-35-ilden-coxdur-eziyyet-cekirik\/#article","isPartOf":{"@id":"https:\/\/www.meydan.tv\/az\/article\/sirvanli-sakini-35-ilden-coxdur-eziyyet-cekirik\/"},"author":{"name":"elli","@id":"https:\/\/www.meydan.tv\/az\/#\/schema\/person\/9cdbecf90d17180ce1dfbd95b08dcf47"},"headline":"\u015eirvanl\u0131 sakini: \u201c35 ild\u0259n \u00e7oxdur \u0259ziyy\u0259t \u00e7\u0259kirik\u201d","datePublished":"2022-07-26T16:30:06+00:00","dateModified":"2022-07-26T16:30:12+00:00","mainEntityOfPage":{"@id":"https:\/\/www.meydan.tv\/az\/article\/sirvanli-sakini-35-ilden-coxdur-eziyyet-cekirik\/"},"wordCount":671,"publisher":{"@id":"https:\/\/www.meydan.tv\/az\/#organization"},"image":{"@id":"https:\/\/www.meydan.tv\/az\/article\/sirvanli-sakini-35-ilden-coxdur-eziyyet-cekirik\/#primaryimage"},"thumbnailUrl":"https:\/\/www.meydan.tv\/wp-content\/uploads\/untitled-design-8-9.jpg","articleSection":["B\u00f6lg\u0259","T\u00f6vsiy\u0259","X\u0259b\u0259rl\u0259r"],"inLanguage":"az"},{"@type":"WebPage","@id":"https:\/\/www.meydan.tv\/az\/article\/sirvanli-sakini-35-ilden-coxdur-eziyyet-cekirik\/","url":"https:\/\/www.meydan.tv\/az\/article\/sirvanli-sakini-35-ilden-coxdur-eziyyet-cekirik\/","name":"\u015eirvanl\u0131 sakini: \u201c35 ild\u0259n \u00e7oxdur \u0259ziyy\u0259t \u00e7\u0259kirik\u201d - MEYDAN.TV","isPartOf":{"@id":"https:\/\/www.meydan.tv\/az\/#website"},"primaryImageOfPage":{"@id":"https:\/\/www.meydan.tv\/az\/article\/sirvanli-sakini-35-ilden-coxdur-eziyyet-cekirik\/#primaryimage"},"image":{"@id":"https:\/\/www.meydan.tv\/az\/article\/sirvanli-sakini-35-ilden-coxdur-eziyyet-cekirik\/#primaryimage"},"thumbnailUrl":"https:\/\/www.meydan.tv\/wp-content\/uploads\/untitled-design-8-9.jpg","datePublished":"2022-07-26T16:30:06+00:00","dateModified":"2022-07-26T16:30:12+00:00","breadcrumb":{"@id":"https:\/\/www.meydan.tv\/az\/article\/sirvanli-sakini-35-ilden-coxdur-eziyyet-cekirik\/#breadcrumb"},"inLanguage":"az","potentialAction":[{"@type":"ReadAction","target":["https:\/\/www.meydan.tv\/az\/article\/sirvanli-sakini-35-ilden-coxdur-eziyyet-cekirik\/"]}]},{"@type":"ImageObject","inLanguage":"az","@id":"https:\/\/www.meydan.tv\/az\/article\/sirvanli-sakini-35-ilden-coxdur-eziyyet-cekirik\/#primaryimage","url":"https:\/\/www.meydan.tv\/wp-content\/uploads\/untitled-design-8-9.jpg","contentUrl":"https:\/\/www.meydan.tv\/wp-content\/uploads\/untitled-design-8-9.jpg","width":1200,"height":800,"caption":"\u015eirvanl\u0131 k\u0259ndi. Foto: Meydan TV"},{"@type":"BreadcrumbList","@id":"https:\/\/www.meydan.tv\/az\/article\/sirvanli-sakini-35-ilden-coxdur-eziyyet-cekirik\/#breadcrumb","itemListElement":[{"@type":"ListItem","position":1,"name":"Ana s\u0259hif\u0259","item":"https:\/\/www.meydan.tv\/az\/"},{"@type":"ListItem","position":2,"name":"B\u00f6lg\u0259","item":"https:\/\/www.meydan.tv\/az\/section\/bolge\/"},{"@type":"ListItem","position":3,"name":"\u015eirvanl\u0131 sakini: \u201c35 ild\u0259n \u00e7oxdur \u0259ziyy\u0259t \u00e7\u0259kirik\u201d"}]},{"@type":"WebSite","@id":"https:\/\/www.meydan.tv\/az\/#website","url":"https:\/\/www.meydan.tv\/az\/","name":"MEYDAN.TV","description":"Meydan TV Az\u0259rbaycan\u0131n media m\u0259kan\u0131ndak\u0131 alternativ s\u0259sidir","publisher":{"@id":"https:\/\/www.meydan.tv\/az\/#organization"},"potentialAction":[{"@type":"SearchAction","target":{"@type":"EntryPoint","urlTemplate":"https:\/\/www.meydan.tv\/az\/?s={search_term_string}"},"query-input":{"@type":"PropertyValueSpecification","valueRequired":true,"valueName":"search_term_string"}}],"inLanguage":"az"},{"@type":"Organization","@id":"https:\/\/www.meydan.tv\/az\/#organization","name":"Meydan TV","url":"https:\/\/www.meydan.tv\/az\/","logo":{"@type":"ImageObject","inLanguage":"az","@id":"https:\/\/www.meydan.tv\/az\/#\/schema\/logo\/image\/","url":"https:\/\/www.meydan.tv\/wp-content\/uploads\/2021\/07\/meydan-logo.svg","contentUrl":"https:\/\/www.meydan.tv\/wp-content\/uploads\/2021\/07\/meydan-logo.svg","width":195,"height":46,"caption":"Meydan TV"},"image":{"@id":"https:\/\/www.meydan.tv\/az\/#\/schema\/logo\/image\/"}},{"@type":"Person","@id":"https:\/\/www.meydan.tv\/az\/#\/schema\/person\/9cdbecf90d17180ce1dfbd95b08dcf47","name":"elli","sameAs":["https:\/\/x.com\/elli"]}]}},"_links":{"self":[{"href":"https:\/\/www.meydan.tv\/az\/wp-json\/wp\/v2\/posts\/251805","targetHints":{"allow":["GET"]}}],"collection":[{"href":"https:\/\/www.meydan.tv\/az\/wp-json\/wp\/v2\/posts"}],"about":[{"href":"https:\/\/www.meydan.tv\/az\/wp-json\/wp\/v2\/types\/post"}],"author":[{"embeddable":true,"href":"https:\/\/www.meydan.tv\/az\/wp-json\/wp\/v2\/users\/8"}],"replies":[{"embeddable":true,"href":"https:\/\/www.meydan.tv\/az\/wp-json\/wp\/v2\/comments?post=251805"}],"version-history":[{"count":1,"href":"https:\/\/www.meydan.tv\/az\/wp-json\/wp\/v2\/posts\/251805\/revisions"}],"predecessor-version":[{"id":251806,"href":"https:\/\/www.meydan.tv\/az\/wp-json\/wp\/v2\/posts\/251805\/revisions\/251806"}],"wp:featuredmedia":[{"embeddable":true,"href":"https:\/\/www.meydan.tv\/az\/wp-json\/wp\/v2\/media\/251802"}],"wp:attachment":[{"href":"https:\/\/www.meydan.tv\/az\/wp-json\/wp\/v2\/media?parent=251805"}],"wp:term":[{"taxonomy":"category","embeddable":true,"href":"https:\/\/www.meydan.tv\/az\/wp-json\/wp\/v2\/categories?post=251805"},{"taxonomy":"post_tag","embeddable":true,"href":"https:\/\/www.meydan.tv\/az\/wp-json\/wp\/v2\/tags?post=251805"}],"curies":[{"name":"wp","href":"https:\/\/api.w.org\/{rel}","templated":true}]}}