{"id":251753,"date":"2022-07-26T15:05:39","date_gmt":"2022-07-26T11:05:39","guid":{"rendered":"https:\/\/www.meydan.tv\/?p=251753"},"modified":"2022-07-26T15:05:41","modified_gmt":"2022-07-26T11:05:41","slug":"almaniyada-netrebko-ve-eyvazovun-konsertinden-evvel-etiraz-aksiyasi","status":"publish","type":"post","link":"https:\/\/www.meydan.tv\/az\/article\/almaniyada-netrebko-ve-eyvazovun-konsertinden-evvel-etiraz-aksiyasi\/","title":{"rendered":"Almaniyada Netrebko v\u0259 Eyvazovun konsertind\u0259n \u0259vv\u0259l etiraz aksiyas\u0131"},"content":{"rendered":"\n<p><\/p>\n\n\n\n<p><em>\u201cAnna, Ukraynada xeyriyy\u0259 konserti verm\u0259y\u0259 n\u0259 deyirs\u0259n?\u201d \u015f\u00fcar\u0131 s\u0259sl\u0259ndirilib<\/em><\/p>\n\n\n\n<p>Opera m\u00fc\u011f\u0259nnisi Anna Netrebkonun konsertinin ke\u00e7irildiyi Regensburq \u015f\u0259h\u0259rind\u0259ki binan\u0131n giri\u015fi \u00f6n\u00fcnd\u0259 onun Almaniyada \u00e7\u0131x\u0131\u015f\u0131na etiraz ed\u0259n otuz n\u0259f\u0259rin i\u015ftirak\u0131 il\u0259 aksiya ke\u00e7irilib.<\/p>\n\n\n\n<p>Etiraz\u00e7\u0131lar\u0131n \u0259ll\u0259rind\u0259 \u201cAnna, Ukraynada xeyriyy\u0259 konserti verm\u0259y\u0259 n\u0259 deyirs\u0259n?\u201d, \u201cRusiya m\u0259d\u0259niyy\u0259tinin \u015f\u00fcbh\u0259li n\u00fcmay\u0259nd\u0259l\u0259rin\u0259 d\u0259st\u0259k yoxdur\u201d yaz\u0131lan \u015f\u00fcarlar <a href=\"https:\/\/www.br.de\/nachrichten\/kultur\/netrebko-singt-in-regensburg-proteste-vor-dem-schloss,TCOfPY8\" target=\"_blank\" rel=\"noreferrer noopener\">olub.<\/a><\/p>\n\n\n\n<p>Konsertd\u0259n sonra Anna Netrebko \u201c\u0130nstagram\u201d s\u0259hif\u0259sind\u0259 etiraz\u00e7\u0131lara cavab <a href=\"https:\/\/www.instagram.com\/p\/CgY82SCrROE\/\" target=\"_blank\" rel=\"noreferrer noopener\">verib<\/a>.<\/p>\n\n\n\n<p>Otuz n\u0259f\u0259r etiraz\u00e7\u0131ya qar\u015f\u0131 onu dinl\u0259m\u0259y\u0259 g\u0259l\u0259n 3 min n\u0259f\u0259rin oldu\u011funu qeyd edib.<\/p>\n\n\n\n<p>Az\u0259rbaycan\u0131n Xalq artisti Yusif Eyvazov Almaniyada ke\u00e7iril\u0259n konserti &#8220;dostluq, qar\u015f\u0131l\u0131ql\u0131 anla\u015fma v\u0259 b\u00f6y\u00fck s\u0259n\u0259t\u0259 h\u00f6rm\u0259t gec\u0259si&#8221; hesab etdiyini <a href=\"https:\/\/www.instagram.com\/p\/CgZJa_BKmPy\/\" target=\"_blank\" rel=\"noreferrer noopener\">deyib.<\/a><\/p>\n\n\n\n<p>Rusiya fevral\u0131n 24-d\u0259 Ukraynada h\u0259rbi \u0259m\u0259liyyatlara ba\u015flay\u0131b.<\/p>\n\n\n\n<p>H\u0259min tarixd\u0259n etibar\u0259n Avropa \u0130ttifaq\u0131 \u00f6lk\u0259l\u0259ri, h\u0259m\u00e7inin B\u00f6y\u00fck Britaniya, AB\u015e, Kanada v\u0259 dig\u0259r \u00f6lk\u0259l\u0259r Rusiyaya m\u00fcxt\u0259lif sanksiyalar t\u0259tbiq edir.<\/p>\n\n\n\n<p>H\u0259m\u00e7inin bir s\u0131ra beyn\u0259lxalq musiqi, film \u015firk\u0259tl\u0259ri, o c\u00fcml\u0259d\u0259n, teatrlar, kinostudiyalar Rusiya v\u0259 s\u0259n\u0259t\u00e7il\u0259ri il\u0259 \u0259m\u0259kda\u015fl\u0131\u011f\u0131 dayand\u0131r\u0131b.<\/p>\n\n\n\n<p>Amerikan\u0131n Metropoliten-opera Teatr\u0131 is\u0259 Anna Netrebko il\u0259 \u0259m\u0259kda\u015fl\u0131\u011f\u0131n\u0131 Ukraynadak\u0131 h\u0259rbi \u0259m\u0259liyyatlara g\u00f6r\u0259 dayand\u0131r\u0131b.<\/p>\n\n\n\n<p>Teatr r\u0259hb\u0259rliyi opera ifa\u00e7\u0131s\u0131n\u0131 Prezident Vladimir Putinin Ukraynada h\u0259yata ke\u00e7irdiyi h\u0259rbi m\u00fcdaxil\u0259ni pisl\u0259m\u0259diyi \u00fc\u00e7\u00fcn s\u0259hn\u0259d\u0259n uzaqla\u015fd\u0131r\u0131b.<\/p>\n","protected":false},"excerpt":{"rendered":"<p>\u201cAnna, Ukraynada xeyriyy\u0259 konserti verm\u0259y\u0259 n\u0259 deyirs\u0259n?\u201d \u015f\u00fcar\u0131 s\u0259sl\u0259ndirilib Opera &#8230; <\/p>\n<p class=\"read-more-container\"><a title=\"Almaniyada Netrebko v\u0259 Eyvazovun konsertind\u0259n \u0259vv\u0259l etiraz aksiyas\u0131\" class=\"read-more button\" href=\"https:\/\/www.meydan.tv\/az\/article\/almaniyada-netrebko-ve-eyvazovun-konsertinden-evvel-etiraz-aksiyasi\/#more-251753\" aria-label=\"Read more about Almaniyada Netrebko v\u0259 Eyvazovun konsertind\u0259n \u0259vv\u0259l etiraz aksiyas\u0131\">Davam\u0131<\/a><\/p>\n","protected":false},"author":8,"featured_media":237118,"comment_status":"closed","ping_status":"closed","sticky":false,"template":"","format":"standard","meta":{"_acf_changed":false,"_sitemap_exclude":false,"_sitemap_priority":"","_sitemap_frequency":"","footnotes":""},"categories":[52,56],"tags":[],"class_list":["post-251753","post","type-post","status-publish","format-standard","has-post-thumbnail","hentry","category-medeniyyet","category-xeberler","infinite-scroll-item","generate-columns","tablet-grid-50","mobile-grid-100","grid-parent","grid-33","no-featured-image-padding"],"acf":[],"yoast_head":"<!-- This site is optimized with the Yoast SEO plugin v27.5 - https:\/\/yoast.com\/product\/yoast-seo-wordpress\/ -->\n<title>Almaniyada Netrebko v\u0259 Eyvazovun konsertind\u0259n \u0259vv\u0259l etiraz aksiyas\u0131 - MEYDAN.TV<\/title>\n<meta name=\"robots\" content=\"index, follow, max-snippet:-1, max-image-preview:large, max-video-preview:-1\" \/>\n<link rel=\"canonical\" href=\"https:\/\/www.meydan.tv\/az\/article\/almaniyada-netrebko-ve-eyvazovun-konsertinden-evvel-etiraz-aksiyasi\/\" \/>\n<meta property=\"og:locale\" content=\"az_AZ\" \/>\n<meta property=\"og:type\" content=\"article\" \/>\n<meta property=\"og:title\" content=\"Almaniyada Netrebko v\u0259 Eyvazovun konsertind\u0259n \u0259vv\u0259l etiraz aksiyas\u0131 - MEYDAN.TV\" \/>\n<meta property=\"og:description\" content=\"\u201cAnna, Ukraynada xeyriyy\u0259 konserti verm\u0259y\u0259 n\u0259 deyirs\u0259n?\u201d \u015f\u00fcar\u0131 s\u0259sl\u0259ndirilib Opera ... Davam\u0131\" \/>\n<meta property=\"og:url\" content=\"https:\/\/www.meydan.tv\/az\/article\/almaniyada-netrebko-ve-eyvazovun-konsertinden-evvel-etiraz-aksiyasi\/\" \/>\n<meta property=\"og:site_name\" content=\"MEYDAN.TV\" \/>\n<meta property=\"article:published_time\" content=\"2022-07-26T11:05:39+00:00\" \/>\n<meta property=\"article:modified_time\" content=\"2022-07-26T11:05:41+00:00\" \/>\n<meta property=\"og:image\" content=\"https:\/\/www.meydan.tv\/wp-content\/uploads\/shutterstock_164946122-e1646389397911.jpg\" \/>\n\t<meta property=\"og:image:width\" content=\"1200\" \/>\n\t<meta property=\"og:image:height\" content=\"618\" \/>\n\t<meta property=\"og:image:type\" content=\"image\/jpeg\" \/>\n<meta name=\"author\" content=\"elli\" \/>\n<meta name=\"twitter:card\" content=\"summary_large_image\" \/>\n<meta name=\"twitter:creator\" content=\"@elli\" \/>\n<script type=\"application\/ld+json\" class=\"yoast-schema-graph\">{\"@context\":\"https:\\\/\\\/schema.org\",\"@graph\":[{\"@type\":\"Article\",\"@id\":\"https:\\\/\\\/www.meydan.tv\\\/az\\\/article\\\/almaniyada-netrebko-ve-eyvazovun-konsertinden-evvel-etiraz-aksiyasi\\\/#article\",\"isPartOf\":{\"@id\":\"https:\\\/\\\/www.meydan.tv\\\/az\\\/article\\\/almaniyada-netrebko-ve-eyvazovun-konsertinden-evvel-etiraz-aksiyasi\\\/\"},\"author\":{\"name\":\"elli\",\"@id\":\"https:\\\/\\\/www.meydan.tv\\\/az\\\/#\\\/schema\\\/person\\\/9cdbecf90d17180ce1dfbd95b08dcf47\"},\"headline\":\"Almaniyada Netrebko v\u0259 Eyvazovun konsertind\u0259n \u0259vv\u0259l etiraz aksiyas\u0131\",\"datePublished\":\"2022-07-26T11:05:39+00:00\",\"dateModified\":\"2022-07-26T11:05:41+00:00\",\"mainEntityOfPage\":{\"@id\":\"https:\\\/\\\/www.meydan.tv\\\/az\\\/article\\\/almaniyada-netrebko-ve-eyvazovun-konsertinden-evvel-etiraz-aksiyasi\\\/\"},\"wordCount\":295,\"publisher\":{\"@id\":\"https:\\\/\\\/www.meydan.tv\\\/az\\\/#organization\"},\"image\":{\"@id\":\"https:\\\/\\\/www.meydan.tv\\\/az\\\/article\\\/almaniyada-netrebko-ve-eyvazovun-konsertinden-evvel-etiraz-aksiyasi\\\/#primaryimage\"},\"thumbnailUrl\":\"https:\\\/\\\/www.meydan.tv\\\/wp-content\\\/uploads\\\/shutterstock_164946122-e1646389397911.jpg\",\"articleSection\":[\"M\u0259d\u0259niyy\u0259t\",\"X\u0259b\u0259rl\u0259r\"],\"inLanguage\":\"az\"},{\"@type\":\"WebPage\",\"@id\":\"https:\\\/\\\/www.meydan.tv\\\/az\\\/article\\\/almaniyada-netrebko-ve-eyvazovun-konsertinden-evvel-etiraz-aksiyasi\\\/\",\"url\":\"https:\\\/\\\/www.meydan.tv\\\/az\\\/article\\\/almaniyada-netrebko-ve-eyvazovun-konsertinden-evvel-etiraz-aksiyasi\\\/\",\"name\":\"Almaniyada Netrebko v\u0259 Eyvazovun konsertind\u0259n \u0259vv\u0259l etiraz aksiyas\u0131 - MEYDAN.TV\",\"isPartOf\":{\"@id\":\"https:\\\/\\\/www.meydan.tv\\\/az\\\/#website\"},\"primaryImageOfPage\":{\"@id\":\"https:\\\/\\\/www.meydan.tv\\\/az\\\/article\\\/almaniyada-netrebko-ve-eyvazovun-konsertinden-evvel-etiraz-aksiyasi\\\/#primaryimage\"},\"image\":{\"@id\":\"https:\\\/\\\/www.meydan.tv\\\/az\\\/article\\\/almaniyada-netrebko-ve-eyvazovun-konsertinden-evvel-etiraz-aksiyasi\\\/#primaryimage\"},\"thumbnailUrl\":\"https:\\\/\\\/www.meydan.tv\\\/wp-content\\\/uploads\\\/shutterstock_164946122-e1646389397911.jpg\",\"datePublished\":\"2022-07-26T11:05:39+00:00\",\"dateModified\":\"2022-07-26T11:05:41+00:00\",\"breadcrumb\":{\"@id\":\"https:\\\/\\\/www.meydan.tv\\\/az\\\/article\\\/almaniyada-netrebko-ve-eyvazovun-konsertinden-evvel-etiraz-aksiyasi\\\/#breadcrumb\"},\"inLanguage\":\"az\",\"potentialAction\":[{\"@type\":\"ReadAction\",\"target\":[\"https:\\\/\\\/www.meydan.tv\\\/az\\\/article\\\/almaniyada-netrebko-ve-eyvazovun-konsertinden-evvel-etiraz-aksiyasi\\\/\"]}]},{\"@type\":\"ImageObject\",\"inLanguage\":\"az\",\"@id\":\"https:\\\/\\\/www.meydan.tv\\\/az\\\/article\\\/almaniyada-netrebko-ve-eyvazovun-konsertinden-evvel-etiraz-aksiyasi\\\/#primaryimage\",\"url\":\"https:\\\/\\\/www.meydan.tv\\\/wp-content\\\/uploads\\\/shutterstock_164946122-e1646389397911.jpg\",\"contentUrl\":\"https:\\\/\\\/www.meydan.tv\\\/wp-content\\\/uploads\\\/shutterstock_164946122-e1646389397911.jpg\",\"width\":1200,\"height\":618,\"caption\":\"Anna Netrebko. Foto: 360b\\\/shutterstock\"},{\"@type\":\"BreadcrumbList\",\"@id\":\"https:\\\/\\\/www.meydan.tv\\\/az\\\/article\\\/almaniyada-netrebko-ve-eyvazovun-konsertinden-evvel-etiraz-aksiyasi\\\/#breadcrumb\",\"itemListElement\":[{\"@type\":\"ListItem\",\"position\":1,\"name\":\"Ana s\u0259hif\u0259\",\"item\":\"https:\\\/\\\/www.meydan.tv\\\/az\\\/\"},{\"@type\":\"ListItem\",\"position\":2,\"name\":\"X\u0259b\u0259rl\u0259r\",\"item\":\"https:\\\/\\\/www.meydan.tv\\\/az\\\/section\\\/xeberler\\\/\"},{\"@type\":\"ListItem\",\"position\":3,\"name\":\"Almaniyada Netrebko v\u0259 Eyvazovun konsertind\u0259n \u0259vv\u0259l etiraz aksiyas\u0131\"}]},{\"@type\":\"WebSite\",\"@id\":\"https:\\\/\\\/www.meydan.tv\\\/az\\\/#website\",\"url\":\"https:\\\/\\\/www.meydan.tv\\\/az\\\/\",\"name\":\"MEYDAN.TV\",\"description\":\"Meydan TV Az\u0259rbaycan\u0131n media m\u0259kan\u0131ndak\u0131 alternativ s\u0259sidir\",\"publisher\":{\"@id\":\"https:\\\/\\\/www.meydan.tv\\\/az\\\/#organization\"},\"potentialAction\":[{\"@type\":\"SearchAction\",\"target\":{\"@type\":\"EntryPoint\",\"urlTemplate\":\"https:\\\/\\\/www.meydan.tv\\\/az\\\/?s={search_term_string}\"},\"query-input\":{\"@type\":\"PropertyValueSpecification\",\"valueRequired\":true,\"valueName\":\"search_term_string\"}}],\"inLanguage\":\"az\"},{\"@type\":\"Organization\",\"@id\":\"https:\\\/\\\/www.meydan.tv\\\/az\\\/#organization\",\"name\":\"Meydan TV\",\"url\":\"https:\\\/\\\/www.meydan.tv\\\/az\\\/\",\"logo\":{\"@type\":\"ImageObject\",\"inLanguage\":\"az\",\"@id\":\"https:\\\/\\\/www.meydan.tv\\\/az\\\/#\\\/schema\\\/logo\\\/image\\\/\",\"url\":\"https:\\\/\\\/www.meydan.tv\\\/wp-content\\\/uploads\\\/2021\\\/07\\\/meydan-logo.svg\",\"contentUrl\":\"https:\\\/\\\/www.meydan.tv\\\/wp-content\\\/uploads\\\/2021\\\/07\\\/meydan-logo.svg\",\"width\":195,\"height\":46,\"caption\":\"Meydan TV\"},\"image\":{\"@id\":\"https:\\\/\\\/www.meydan.tv\\\/az\\\/#\\\/schema\\\/logo\\\/image\\\/\"}},{\"@type\":\"Person\",\"@id\":\"https:\\\/\\\/www.meydan.tv\\\/az\\\/#\\\/schema\\\/person\\\/9cdbecf90d17180ce1dfbd95b08dcf47\",\"name\":\"elli\",\"sameAs\":[\"https:\\\/\\\/x.com\\\/elli\"]}]}<\/script>\n<!-- \/ Yoast SEO plugin. -->","yoast_head_json":{"title":"Almaniyada Netrebko v\u0259 Eyvazovun konsertind\u0259n \u0259vv\u0259l etiraz aksiyas\u0131 - MEYDAN.TV","robots":{"index":"index","follow":"follow","max-snippet":"max-snippet:-1","max-image-preview":"max-image-preview:large","max-video-preview":"max-video-preview:-1"},"canonical":"https:\/\/www.meydan.tv\/az\/article\/almaniyada-netrebko-ve-eyvazovun-konsertinden-evvel-etiraz-aksiyasi\/","og_locale":"az_AZ","og_type":"article","og_title":"Almaniyada Netrebko v\u0259 Eyvazovun konsertind\u0259n \u0259vv\u0259l etiraz aksiyas\u0131 - MEYDAN.TV","og_description":"\u201cAnna, Ukraynada xeyriyy\u0259 konserti verm\u0259y\u0259 n\u0259 deyirs\u0259n?\u201d \u015f\u00fcar\u0131 s\u0259sl\u0259ndirilib Opera ... Davam\u0131","og_url":"https:\/\/www.meydan.tv\/az\/article\/almaniyada-netrebko-ve-eyvazovun-konsertinden-evvel-etiraz-aksiyasi\/","og_site_name":"MEYDAN.TV","article_published_time":"2022-07-26T11:05:39+00:00","article_modified_time":"2022-07-26T11:05:41+00:00","og_image":[{"width":1200,"height":618,"url":"https:\/\/www.meydan.tv\/wp-content\/uploads\/shutterstock_164946122-e1646389397911.jpg","type":"image\/jpeg"}],"author":"elli","twitter_card":"summary_large_image","twitter_creator":"@elli","schema":{"@context":"https:\/\/schema.org","@graph":[{"@type":"Article","@id":"https:\/\/www.meydan.tv\/az\/article\/almaniyada-netrebko-ve-eyvazovun-konsertinden-evvel-etiraz-aksiyasi\/#article","isPartOf":{"@id":"https:\/\/www.meydan.tv\/az\/article\/almaniyada-netrebko-ve-eyvazovun-konsertinden-evvel-etiraz-aksiyasi\/"},"author":{"name":"elli","@id":"https:\/\/www.meydan.tv\/az\/#\/schema\/person\/9cdbecf90d17180ce1dfbd95b08dcf47"},"headline":"Almaniyada Netrebko v\u0259 Eyvazovun konsertind\u0259n \u0259vv\u0259l etiraz aksiyas\u0131","datePublished":"2022-07-26T11:05:39+00:00","dateModified":"2022-07-26T11:05:41+00:00","mainEntityOfPage":{"@id":"https:\/\/www.meydan.tv\/az\/article\/almaniyada-netrebko-ve-eyvazovun-konsertinden-evvel-etiraz-aksiyasi\/"},"wordCount":295,"publisher":{"@id":"https:\/\/www.meydan.tv\/az\/#organization"},"image":{"@id":"https:\/\/www.meydan.tv\/az\/article\/almaniyada-netrebko-ve-eyvazovun-konsertinden-evvel-etiraz-aksiyasi\/#primaryimage"},"thumbnailUrl":"https:\/\/www.meydan.tv\/wp-content\/uploads\/shutterstock_164946122-e1646389397911.jpg","articleSection":["M\u0259d\u0259niyy\u0259t","X\u0259b\u0259rl\u0259r"],"inLanguage":"az"},{"@type":"WebPage","@id":"https:\/\/www.meydan.tv\/az\/article\/almaniyada-netrebko-ve-eyvazovun-konsertinden-evvel-etiraz-aksiyasi\/","url":"https:\/\/www.meydan.tv\/az\/article\/almaniyada-netrebko-ve-eyvazovun-konsertinden-evvel-etiraz-aksiyasi\/","name":"Almaniyada Netrebko v\u0259 Eyvazovun konsertind\u0259n \u0259vv\u0259l etiraz aksiyas\u0131 - MEYDAN.TV","isPartOf":{"@id":"https:\/\/www.meydan.tv\/az\/#website"},"primaryImageOfPage":{"@id":"https:\/\/www.meydan.tv\/az\/article\/almaniyada-netrebko-ve-eyvazovun-konsertinden-evvel-etiraz-aksiyasi\/#primaryimage"},"image":{"@id":"https:\/\/www.meydan.tv\/az\/article\/almaniyada-netrebko-ve-eyvazovun-konsertinden-evvel-etiraz-aksiyasi\/#primaryimage"},"thumbnailUrl":"https:\/\/www.meydan.tv\/wp-content\/uploads\/shutterstock_164946122-e1646389397911.jpg","datePublished":"2022-07-26T11:05:39+00:00","dateModified":"2022-07-26T11:05:41+00:00","breadcrumb":{"@id":"https:\/\/www.meydan.tv\/az\/article\/almaniyada-netrebko-ve-eyvazovun-konsertinden-evvel-etiraz-aksiyasi\/#breadcrumb"},"inLanguage":"az","potentialAction":[{"@type":"ReadAction","target":["https:\/\/www.meydan.tv\/az\/article\/almaniyada-netrebko-ve-eyvazovun-konsertinden-evvel-etiraz-aksiyasi\/"]}]},{"@type":"ImageObject","inLanguage":"az","@id":"https:\/\/www.meydan.tv\/az\/article\/almaniyada-netrebko-ve-eyvazovun-konsertinden-evvel-etiraz-aksiyasi\/#primaryimage","url":"https:\/\/www.meydan.tv\/wp-content\/uploads\/shutterstock_164946122-e1646389397911.jpg","contentUrl":"https:\/\/www.meydan.tv\/wp-content\/uploads\/shutterstock_164946122-e1646389397911.jpg","width":1200,"height":618,"caption":"Anna Netrebko. Foto: 360b\/shutterstock"},{"@type":"BreadcrumbList","@id":"https:\/\/www.meydan.tv\/az\/article\/almaniyada-netrebko-ve-eyvazovun-konsertinden-evvel-etiraz-aksiyasi\/#breadcrumb","itemListElement":[{"@type":"ListItem","position":1,"name":"Ana s\u0259hif\u0259","item":"https:\/\/www.meydan.tv\/az\/"},{"@type":"ListItem","position":2,"name":"X\u0259b\u0259rl\u0259r","item":"https:\/\/www.meydan.tv\/az\/section\/xeberler\/"},{"@type":"ListItem","position":3,"name":"Almaniyada Netrebko v\u0259 Eyvazovun konsertind\u0259n \u0259vv\u0259l etiraz aksiyas\u0131"}]},{"@type":"WebSite","@id":"https:\/\/www.meydan.tv\/az\/#website","url":"https:\/\/www.meydan.tv\/az\/","name":"MEYDAN.TV","description":"Meydan TV Az\u0259rbaycan\u0131n media m\u0259kan\u0131ndak\u0131 alternativ s\u0259sidir","publisher":{"@id":"https:\/\/www.meydan.tv\/az\/#organization"},"potentialAction":[{"@type":"SearchAction","target":{"@type":"EntryPoint","urlTemplate":"https:\/\/www.meydan.tv\/az\/?s={search_term_string}"},"query-input":{"@type":"PropertyValueSpecification","valueRequired":true,"valueName":"search_term_string"}}],"inLanguage":"az"},{"@type":"Organization","@id":"https:\/\/www.meydan.tv\/az\/#organization","name":"Meydan TV","url":"https:\/\/www.meydan.tv\/az\/","logo":{"@type":"ImageObject","inLanguage":"az","@id":"https:\/\/www.meydan.tv\/az\/#\/schema\/logo\/image\/","url":"https:\/\/www.meydan.tv\/wp-content\/uploads\/2021\/07\/meydan-logo.svg","contentUrl":"https:\/\/www.meydan.tv\/wp-content\/uploads\/2021\/07\/meydan-logo.svg","width":195,"height":46,"caption":"Meydan TV"},"image":{"@id":"https:\/\/www.meydan.tv\/az\/#\/schema\/logo\/image\/"}},{"@type":"Person","@id":"https:\/\/www.meydan.tv\/az\/#\/schema\/person\/9cdbecf90d17180ce1dfbd95b08dcf47","name":"elli","sameAs":["https:\/\/x.com\/elli"]}]}},"_links":{"self":[{"href":"https:\/\/www.meydan.tv\/az\/wp-json\/wp\/v2\/posts\/251753","targetHints":{"allow":["GET"]}}],"collection":[{"href":"https:\/\/www.meydan.tv\/az\/wp-json\/wp\/v2\/posts"}],"about":[{"href":"https:\/\/www.meydan.tv\/az\/wp-json\/wp\/v2\/types\/post"}],"author":[{"embeddable":true,"href":"https:\/\/www.meydan.tv\/az\/wp-json\/wp\/v2\/users\/8"}],"replies":[{"embeddable":true,"href":"https:\/\/www.meydan.tv\/az\/wp-json\/wp\/v2\/comments?post=251753"}],"version-history":[{"count":2,"href":"https:\/\/www.meydan.tv\/az\/wp-json\/wp\/v2\/posts\/251753\/revisions"}],"predecessor-version":[{"id":251759,"href":"https:\/\/www.meydan.tv\/az\/wp-json\/wp\/v2\/posts\/251753\/revisions\/251759"}],"wp:featuredmedia":[{"embeddable":true,"href":"https:\/\/www.meydan.tv\/az\/wp-json\/wp\/v2\/media\/237118"}],"wp:attachment":[{"href":"https:\/\/www.meydan.tv\/az\/wp-json\/wp\/v2\/media?parent=251753"}],"wp:term":[{"taxonomy":"category","embeddable":true,"href":"https:\/\/www.meydan.tv\/az\/wp-json\/wp\/v2\/categories?post=251753"},{"taxonomy":"post_tag","embeddable":true,"href":"https:\/\/www.meydan.tv\/az\/wp-json\/wp\/v2\/tags?post=251753"}],"curies":[{"name":"wp","href":"https:\/\/api.w.org\/{rel}","templated":true}]}}