{"id":251736,"date":"2022-07-26T13:52:11","date_gmt":"2022-07-26T09:52:11","guid":{"rendered":"https:\/\/www.meydan.tv\/?p=251736"},"modified":"2022-07-26T14:26:55","modified_gmt":"2022-07-26T10:26:55","slug":"blinken-eliyevi-ermeni-mehbuslari-azad-etmeye-cagirib","status":"publish","type":"post","link":"https:\/\/www.meydan.tv\/az\/article\/blinken-eliyevi-ermeni-mehbuslari-azad-etmeye-cagirib\/","title":{"rendered":"Blinken \u018fliyevi erm\u0259ni m\u0259hbuslar\u0131 azad etm\u0259y\u0259 \u00e7a\u011f\u0131r\u0131b"},"content":{"rendered":"\n<p><\/p>\n\n\n\n<p><em>&#8220;Erm\u0259nistan itkin d\u00fc\u015f\u0259n 4 min\u0259 yax\u0131n az\u0259rbaycanl\u0131 bar\u0259d\u0259 he\u00e7 bir m\u0259lumat vermir&#8221;<\/em><\/p>\n\n\n\n<p>\u0130yulun 26-da AB\u015e-\u0131n D\u00f6vl\u0259t katibi Antoni Blinken Az\u0259rbaycan Prezidenti \u0130lham \u018fliyevl\u0259 dan\u0131\u015f\u0131b.<\/p>\n\n\n\n<p>M\u0259lumat\u0131 D\u00f6vl\u0259t Departamentinin s\u00f6z\u00e7\u00fcs\u00fc Ned Prays <a href=\"https:\/\/www.amerikaninsesi.org\/a\/6673421.html\" target=\"_blank\" rel=\"noreferrer noopener\">yay\u0131b<\/a>.<\/p>\n\n\n\n<p>O bildirib ki, Blinken \u00f6lk\u0259 r\u0259hb\u0259rl\u0259ri il\u0259 dan\u0131\u015f\u0131qlar\u0131 zaman\u0131 Az\u0259rbaycan v\u0259 Erm\u0259nistan\u0131n s\u00fclh\u0259 nail olmaq \u00fc\u00e7\u00fcn &#8220;tarixi f\u00fcrs\u0259ti&#8221; m\u00fczakir\u0259 edib.<\/p>\n\n\n\n<p>D\u00f6vl\u0259t katibi, h\u0259m\u00e7inin regional n\u0259qliyyat\u0131n v\u0259 kommunikasiya \u0259laq\u0259l\u0259rinin a\u00e7\u0131lmas\u0131na yard\u0131m\u00e7\u0131 olma\u011f\u0131 t\u0259klif edib.<\/p>\n\n\n\n<p>A\u00e7\u0131qlamada Blinkenin Az\u0259rbaycan v\u0259 Erm\u0259nistan xarici i\u015fl\u0259r nazirl\u0259rinin Tbilisi g\u00f6r\u00fc\u015f\u00fcn\u00fc n\u00fcmun\u0259 g\u00f6st\u0259r\u0259r\u0259k ikit\u0259r\u0259fli dialoqun davam etdirilm\u0259sini t\u0259\u015fviq etdiyi vur\u011fulan\u0131b.<\/p>\n\n\n\n<p>D\u00f6vl\u0259t katibinin Avropa \u0130ttifaq\u0131n\u0131n s\u0259yl\u0259ri il\u0259 ke\u00e7iril\u0259n m\u00fczakir\u0259l\u0259r\u0259 d\u0259st\u0259yini ifad\u0259 etdiyi d\u0259 qeyd olunub: &#8220;H\u0259m\u00e7inin \u0259lav\u0259 edib ki, AB\u015e 1994-c\u00fc ild\u0259n etibar\u0259n AT\u018fT-in Minsk Qrupunun h\u0259ms\u0259dri olaraq, Erm\u0259nistan v\u0259 Az\u0259rbaycan\u0131n uzunm\u00fcdd\u0259tli v\u0259 h\u0259rt\u0259r\u0259fli s\u00fclh\u0259 nail olmas\u0131 \u00fc\u00e7\u00fcn d\u0259st\u0259yini g\u00f6st\u0259rm\u0259y\u0259 h\u0259mi\u015f\u0259 haz\u0131rd\u0131r. D\u00f6vl\u0259t katibi Blinkenin Az\u0259rbaycan Prezidenti \u0130lham \u018fliyevi h\u0259r bir erm\u0259ni m\u0259hbusunun azadl\u0131\u011fa burax\u0131lmas\u0131na \u00e7a\u011f\u0131r\u0131b&#8221;.<\/p>\n\n\n\n<p>Ancaq Az\u0259rbaycan t\u0259r\u0259finin yayd\u0131\u011f\u0131 m\u0259lumatda sonuncu abzasda deyil\u0259nl\u0259r \u0259ks olunmay\u0131b.<\/p>\n\n\n\n<p>&#8220;President.az&#8221;\u0131n yayd\u0131\u011f\u0131 x\u0259b\u0259rd\u0259 <a href=\"https:\/\/president.az\/az\/articles\/view\/56748\" target=\"_blank\" rel=\"noreferrer noopener\">bildirilib<\/a> ki, s\u00f6hb\u0259t zaman\u0131 Az\u0259rbaycan il\u0259 Avropa \u0130ttifaq\u0131 Komissiyas\u0131 aras\u0131nda enerji sah\u0259sind\u0259 imzalanm\u0131\u015f anla\u015fma memorandumunun \u0259h\u0259miyy\u0259ti m\u0259mnuniyy\u0259tl\u0259 qeyd olunub:<\/p>\n\n\n\n<p>&#8220;Sonra d\u00f6vl\u0259timizin ba\u015f\u00e7\u0131s\u0131 humanitar m\u0259s\u0259l\u0259l\u0259r\u0259 toxunaraq, birinci Erm\u0259nistan-Az\u0259rbaycan m\u00fcharib\u0259sind\u0259n 3890 n\u0259f\u0259rd\u0259n art\u0131q az\u0259rbaycanl\u0131n\u0131n itkin d\u00fc\u015fm\u00fc\u015f \u015f\u0259xs hesab olundu\u011funu v\u0259 Erm\u0259nistan t\u0259r\u0259fin\u0259 d\u0259f\u0259l\u0259rl\u0259 m\u00fcraci\u0259t edilm\u0259sin\u0259 baxmayaraq, k\u00fctl\u0259vi m\u0259zarl\u0131qlar\u0131n yerl\u0259ri bar\u0259d\u0259 m\u0259lumat verilm\u0259m\u0259sin\u0259 diqq\u0259ti \u00e7\u0259kdi. Prezident \u0130lham \u018fliyev Az\u0259rbaycan\u0131n i\u015f\u011faldan azad olunmu\u015f \u0259razil\u0259rind\u0259 Erm\u0259nistan t\u0259r\u0259find\u0259n k\u00fctl\u0259vi \u015f\u0259kild\u0259 minalar\u0131n basd\u0131r\u0131ld\u0131\u011f\u0131n\u0131 v\u0259 m\u00fcharib\u0259nin ba\u015fa \u00e7atmas\u0131ndan b\u0259ri 240 n\u0259f\u0259rd\u0259n art\u0131q v\u0259t\u0259nda\u015f\u0131m\u0131z\u0131n mina partlay\u0131\u015flar\u0131nda h\u0259lak oldu\u011funu v\u0259 ya sa\u011flaml\u0131\u011f\u0131n\u0131 itirdiyini bildirdi&#8221;.<\/p>\n\n\n\n<figure class=\"wp-block-image size-full\"><img decoding=\"async\" width=\"1200\" height=\"800\" data-src=\"https:\/\/www.meydan.tv\/wp-content\/uploads\/untitled-design-1-35.jpg\" alt=\"\" class=\"wp-image-250177 lazyload\" src=\"data:image\/svg+xml;base64,PHN2ZyB3aWR0aD0iMSIgaGVpZ2h0PSIxIiB4bWxucz0iaHR0cDovL3d3dy53My5vcmcvMjAwMC9zdmciPjwvc3ZnPg==\" style=\"--smush-placeholder-width: 1200px; --smush-placeholder-aspect-ratio: 1200\/800;\" \/><figcaption>Foto: Rauf Mirq\u0259dirovun \u015f\u0259xsi arxivind\u0259n<\/figcaption><\/figure>\n\n\n\n<p>Siyasi \u015f\u0259rh\u00e7i Rauf Mirq\u0259dirov Meydan TV-y\u0259 deyib ki, t\u0259r\u0259fl\u0259rin telefon dan\u0131\u015f\u0131qlar\u0131 bar\u0259d\u0259 m\u0259lumatlar\u0131 f\u0259rqli \u015f\u0259kild\u0259 yaymas\u0131 d\u00fcnya diplomatiyas\u0131 praktikas\u0131nda adi bir hald\u0131r.<\/p>\n\n\n\n<p>Onun s\u00f6zl\u0259rin\u0259 g\u00f6r\u0259, bu istiqam\u0259td\u0259 bir ne\u00e7\u0259 qayda var:<\/p>\n\n\n\n<p>&#8220;Birincisi, t\u0259r\u0259fl\u0259r m\u0259tbuata veril\u0259c\u0259k b\u0259yanat\u0131 raz\u0131la\u015fd\u0131r\u0131rlar. H\u0259r iki t\u0259r\u0259f \u00fcmumi m\u0259tn yay\u0131rlar. \u0130kincisi, t\u0259r\u0259fl\u0259r \u00fcmumiyy\u0259tl\u0259 raz\u0131la\u015fd\u0131rm\u0131rlar; \u0259sas o olur ki, s\u00f6hb\u0259tin m\u0259\u011fzin\u0259 zidd, saxtala\u015fd\u0131r\u0131lm\u0131\u015f m\u0259lumat yaymas\u0131nlar. Amma apar\u0131lan dan\u0131\u015f\u0131qlar\u0131n m\u0259zmunu bar\u0259d\u0259 ist\u0259nil\u0259n h\u0259cmd\u0259 v\u0259 ist\u0259nil\u0259n m\u00f6vzulara toxunmaq \u015f\u0259rtil\u0259 m\u0259lumat yayma\u011f\u0131 raz\u0131la\u015f\u0131rlar. \u018fks\u0259r hallarda t\u0259r\u0259fl\u0259r daha \u00e7ox \u00f6n\u0259m verdikl\u0259ri m\u0259s\u0259l\u0259l\u0259r\u0259 toxunurlar. T\u0259bii ki, onlar\u0131n maraq dair\u0259sin\u0259 daxil olmayan m\u0259lumatlar\u0131 k\u0259narda saxlay\u0131rlar&#8221;.<\/p>\n\n\n\n<p>O, \u0259sirl\u0259r m\u0259s\u0259l\u0259sinin Az\u0259rbaycan\u0131n b\u00fct\u00fcn beyn\u0259lxalq t\u0259r\u0259fda\u015flar\u0131 il\u0259 dan\u0131\u015f\u0131qlar\u0131nda g\u00fcnd\u0259m\u0259 g\u0259ldiyini vur\u011fulay\u0131b: <\/p>\n\n\n\n<p>&#8220;N\u0259 q\u0259d\u0259r ki problem h\u0259ll olunmay\u0131b, bu m\u00f6vzu g\u00fcnd\u0259md\u0259 qalacaq&#8221;.<\/p>\n\n\n\n<p>R.Mirq\u0259dirov d\u00fc\u015f\u00fcnm\u00fcr ki, AB\u015e m\u0259hz Minsk Qrupunun f\u0259aliyy\u0259tini b\u0259rpa etm\u0259k m\u0259qs\u0259di il\u0259 g\u00fcnd\u0259m\u0259 g\u0259tirir: <\/p>\n\n\n\n<p>&#8220;G\u00fcman ki, s\u00f6hb\u0259t Minsk Qrupu h\u0259ms\u0259drl\u0259ri insitutu \u00e7\u0259r\u00e7iv\u0259sind\u0259 m\u00fczakir\u0259 olunmas\u0131 m\u00fcmk\u00fcns\u00fcz m\u0259s\u0259l\u0259l\u0259ri dig\u0259r formatlarda h\u0259ll edilm\u0259sinin mexanizmind\u0259n gedir. Dig\u0259r t\u0259r\u0259fd\u0259n, Minsk Qrupu 11 d\u00f6vl\u0259td\u0259n ibar\u0259t olsa da, h\u0259ms\u0259drl\u0259r institutu s\u0131radan \u00e7\u0131x\u0131b. B\u0259lk\u0259 d\u0259, hans\u0131sa ba\u015fqa \u00e7\u0259r\u00e7iv\u0259d\u0259 bu institutu reanimasiya etm\u0259k bar\u0259d\u0259 d\u00fc\u015f\u00fcn\u00fcrl\u0259r. Ancaq yenid\u0259n \u00fc\u00e7l\u00fcy\u00fcn b\u0259rpas\u0131 m\u00fcmk\u00fcn deyil v\u0259 AB\u015e da bunu ist\u0259mir&#8221;.<\/p>\n\n\n\n<figure class=\"wp-block-image size-full\"><img decoding=\"async\" width=\"1200\" height=\"650\" data-src=\"https:\/\/www.meydan.tv\/wp-content\/uploads\/1528546167_pas.jpg\" alt=\"Elman N\u0259sirov\" class=\"wp-image-147968 lazyload\" src=\"data:image\/svg+xml;base64,PHN2ZyB3aWR0aD0iMSIgaGVpZ2h0PSIxIiB4bWxucz0iaHR0cDovL3d3dy53My5vcmcvMjAwMC9zdmciPjwvc3ZnPg==\" style=\"--smush-placeholder-width: 1200px; --smush-placeholder-aspect-ratio: 1200\/650;\" \/><figcaption>Elman N\u0259sirov, Foto: Az\u0259rtac<\/figcaption><\/figure>\n\n\n\n<p>Deputat Elman N\u0259sirov da Az\u0259rbaycan hakimiyy\u0259tinin erm\u0259ni \u0259sirliyind\u0259 olan az\u0259rbaycan\u0131lar\u0131n m\u0259s\u0259l\u0259sini daim qald\u0131rd\u0131\u011f\u0131n\u0131 bildirib: <\/p>\n\n\n\n<p>&#8220;Yaln\u0131z AB\u015e-la deyil, Fransa v\u0259 Rusiya r\u0259hb\u0259rl\u0259ri il\u0259 g\u00f6r\u00fc\u015fd\u0259, yaxud telefon dan\u0131\u015f\u0131qlar\u0131nda Prezident \u0130lham \u018fliyev \u0259sir m\u0259s\u0259l\u0259sini qald\u0131r\u0131b. Amma Erm\u0259nistan itkin d\u00fc\u015f\u0259n 4 min\u0259 yax\u0131n az\u0259rbaycanl\u0131 bar\u0259d\u0259 he\u00e7 bir m\u0259lumat vermir. Eyni zamanda, d\u00f6vl\u0259t ba\u015f\u00e7\u0131s\u0131 minalanm\u0131\u015f \u0259razil\u0259rd\u0259 onlarla v\u0259t\u0259nda\u015f\u0131n minaya d\u00fc\u015fm\u0259sini d\u0259 qald\u0131rmas\u0131, o dem\u0259kdir ki, Va\u015finqton \u00f6z imkanlar\u0131ndan istifad\u0259 edib k\u00f6m\u0259k etm\u0259lidir&#8221;.<\/p>\n\n\n\n<p> AB\u015e-\u0131n D\u00f6vl\u0259t katibi Antoni Blinken bu g\u00fcn Erm\u0259nistan\u0131n Ba\u015f naziri Nikol Pa\u015finyanla telefonla dan\u0131\u015f\u0131b. Erm\u0259nistan m\u0259tbuat\u0131n\u0131n yazd\u0131\u011f\u0131na <a href=\"https:\/\/news.am\/rus\/news\/713477.html\" target=\"_blank\" rel=\"noreferrer noopener\">g\u00f6r\u0259<\/a>, t\u0259r\u0259fl\u0259r \u00f6lk\u0259l\u0259r aras\u0131ndak\u0131 g\u00fcnd\u0259liyi, el\u0259c\u0259 d\u0259 regionda t\u0259hl\u00fck\u0259sizlik v\u0259 sabitlikl\u0259 ba\u011fl\u0131 m\u0259s\u0259l\u0259l\u0259ri m\u00fczakir\u0259 edibl\u0259r. Eyni zamanda, Erm\u0259nistan v\u0259 Az\u0259rbaycan aras\u0131nda s\u00fclh dan\u0131\u015f\u0131qlar\u0131, Da\u011fl\u0131q Qaraba\u011f probleminin h\u0259lli, regional kommunikasiyalar\u0131n a\u00e7\u0131lmas\u0131, \u0259sirl\u0259rin qaytar\u0131lmas\u0131, itkin d\u00fc\u015f\u0259nl\u0259rin taleyinin \u00f6yr\u0259nilm\u0259si il\u0259 ba\u011fl\u0131 m\u0259s\u0259l\u0259l\u0259r olub.<\/p>\n\n\n\n<p> <\/p>\n\n\n\n<p><strong>Xat\u0131rlatma<\/strong><\/p>\n\n\n\n<p>2020-ci ilin sentyabr\u0131nda Az\u0259rbaycan v\u0259 Erm\u0259nistan silahl\u0131 q\u00fcvv\u0259l\u0259ri aras\u0131nda qar\u015f\u0131durma ba\u015flay\u0131b.<\/p>\n\n\n\n<p>\u00dcmumilikd\u0259 44 g\u00fcn s\u00fcr\u0259n v\u0259 \u0130kinci Qaraba\u011f m\u00fcharib\u0259si adland\u0131r\u0131lan m\u00fcnaqi\u015f\u0259d\u0259 h\u0259r iki t\u0259r\u0259fd\u0259n 6 mind\u0259n art\u0131q h\u0259rb\u00e7i h\u0259lak olub.<\/p>\n\n\n\n<p>Az\u0259rbaycan Da\u011fl\u0131q Qaraba\u011f b\u00f6lg\u0259sinin bir hiss\u0259sin\u0259 v\u0259 \u0259traf 7 rayona n\u0259zar\u0259ti b\u0259rpa edib.<\/p>\n\n\n\n<p>H\u0259min ilin 10 noyabr b\u0259yanat\u0131na (Az\u0259rbaycan, Erm\u0259nistan v\u0259 Rusiya aras\u0131nda imzalan\u0131b) \u0259sas\u0259n, d\u00f6y\u00fc\u015fl\u0259r dayand\u0131r\u0131l\u0131b.<\/p>\n\n\n\n<p>Bundan sonra La\u00e7\u0131n d\u0259hlizind\u0259 v\u0259 Qaraba\u011fda Rusiya s\u00fclhm\u0259raml\u0131lar\u0131 yerl\u0259\u015fdirilib.<\/p>\n\n\n\n<p>\u0130kinci Qaraba\u011f m\u00fcharib\u0259sind\u0259n \u00f6nc\u0259, 1994-c\u00fc ild\u0259 ger\u00e7\u0259kl\u0259\u015f\u0259n at\u0259\u015fk\u0259s raz\u0131la\u015fmas\u0131na q\u0259d\u0259r Az\u0259rbaycan\u0131n Da\u011fl\u0131q Qaraba\u011f b\u00f6lg\u0259si v\u0259 ona biti\u015fik 7 rayonu i\u015f\u011fal edilib.<\/p>\n\n\n\n<p>M\u00fcnaqi\u015f\u0259 SSR\u0130 d\u00f6n\u0259mind\u0259n Erm\u0259nistan\u0131n Az\u0259rbaycana qar\u015f\u0131 \u0259razi iddialar\u0131 il\u0259 ba\u015flay\u0131b.<\/p>\n","protected":false},"excerpt":{"rendered":"<p>&#8220;Erm\u0259nistan itkin d\u00fc\u015f\u0259n 4 min\u0259 yax\u0131n az\u0259rbaycanl\u0131 bar\u0259d\u0259 he\u00e7 bir &#8230; <\/p>\n<p class=\"read-more-container\"><a title=\"Blinken \u018fliyevi erm\u0259ni m\u0259hbuslar\u0131 azad etm\u0259y\u0259 \u00e7a\u011f\u0131r\u0131b\" class=\"read-more button\" href=\"https:\/\/www.meydan.tv\/az\/article\/blinken-eliyevi-ermeni-mehbuslari-azad-etmeye-cagirib\/#more-251736\" aria-label=\"Read more about Blinken \u018fliyevi erm\u0259ni m\u0259hbuslar\u0131 azad etm\u0259y\u0259 \u00e7a\u011f\u0131r\u0131b\">Davam\u0131<\/a><\/p>\n","protected":false},"author":8,"featured_media":251740,"comment_status":"closed","ping_status":"closed","sticky":false,"template":"","format":"standard","meta":{"_acf_changed":false,"_sitemap_exclude":false,"_sitemap_priority":"","_sitemap_frequency":"","footnotes":""},"categories":[59,79,56],"tags":[],"class_list":["post-251736","post","type-post","status-publish","format-standard","has-post-thumbnail","hentry","category-siyaset","category-featured","category-xeberler","infinite-scroll-item","generate-columns","tablet-grid-50","mobile-grid-100","grid-parent","grid-33","no-featured-image-padding"],"acf":[],"yoast_head":"<!-- This site is optimized with the Yoast SEO plugin v27.4 - https:\/\/yoast.com\/product\/yoast-seo-wordpress\/ -->\n<title>Blinken \u018fliyevi erm\u0259ni m\u0259hbuslar\u0131 azad etm\u0259y\u0259 \u00e7a\u011f\u0131r\u0131b - MEYDAN.TV<\/title>\n<meta name=\"robots\" content=\"index, follow, max-snippet:-1, max-image-preview:large, max-video-preview:-1\" \/>\n<link rel=\"canonical\" href=\"https:\/\/www.meydan.tv\/az\/article\/blinken-eliyevi-ermeni-mehbuslari-azad-etmeye-cagirib\/\" \/>\n<meta property=\"og:locale\" content=\"az_AZ\" \/>\n<meta property=\"og:type\" content=\"article\" \/>\n<meta property=\"og:title\" content=\"Blinken \u018fliyevi erm\u0259ni m\u0259hbuslar\u0131 azad etm\u0259y\u0259 \u00e7a\u011f\u0131r\u0131b - MEYDAN.TV\" \/>\n<meta property=\"og:description\" content=\"&#8220;Erm\u0259nistan itkin d\u00fc\u015f\u0259n 4 min\u0259 yax\u0131n az\u0259rbaycanl\u0131 bar\u0259d\u0259 he\u00e7 bir ... Davam\u0131\" \/>\n<meta property=\"og:url\" content=\"https:\/\/www.meydan.tv\/az\/article\/blinken-eliyevi-ermeni-mehbuslari-azad-etmeye-cagirib\/\" \/>\n<meta property=\"og:site_name\" content=\"MEYDAN.TV\" \/>\n<meta property=\"article:published_time\" content=\"2022-07-26T09:52:11+00:00\" \/>\n<meta property=\"article:modified_time\" content=\"2022-07-26T10:26:55+00:00\" \/>\n<meta property=\"og:image\" content=\"https:\/\/www.meydan.tv\/wp-content\/uploads\/16587826252095610508_1000x669-e1658828401687.png\" \/>\n\t<meta property=\"og:image:width\" content=\"1200\" \/>\n\t<meta property=\"og:image:height\" content=\"567\" \/>\n\t<meta property=\"og:image:type\" content=\"image\/png\" \/>\n<meta name=\"author\" content=\"elli\" \/>\n<meta name=\"twitter:card\" content=\"summary_large_image\" \/>\n<meta name=\"twitter:creator\" content=\"@elli\" \/>\n<script type=\"application\/ld+json\" class=\"yoast-schema-graph\">{\"@context\":\"https:\\\/\\\/schema.org\",\"@graph\":[{\"@type\":\"Article\",\"@id\":\"https:\\\/\\\/www.meydan.tv\\\/az\\\/article\\\/blinken-eliyevi-ermeni-mehbuslari-azad-etmeye-cagirib\\\/#article\",\"isPartOf\":{\"@id\":\"https:\\\/\\\/www.meydan.tv\\\/az\\\/article\\\/blinken-eliyevi-ermeni-mehbuslari-azad-etmeye-cagirib\\\/\"},\"author\":{\"name\":\"elli\",\"@id\":\"https:\\\/\\\/www.meydan.tv\\\/az\\\/#\\\/schema\\\/person\\\/9cdbecf90d17180ce1dfbd95b08dcf47\"},\"headline\":\"Blinken \u018fliyevi erm\u0259ni m\u0259hbuslar\u0131 azad etm\u0259y\u0259 \u00e7a\u011f\u0131r\u0131b\",\"datePublished\":\"2022-07-26T09:52:11+00:00\",\"dateModified\":\"2022-07-26T10:26:55+00:00\",\"mainEntityOfPage\":{\"@id\":\"https:\\\/\\\/www.meydan.tv\\\/az\\\/article\\\/blinken-eliyevi-ermeni-mehbuslari-azad-etmeye-cagirib\\\/\"},\"wordCount\":1215,\"publisher\":{\"@id\":\"https:\\\/\\\/www.meydan.tv\\\/az\\\/#organization\"},\"image\":{\"@id\":\"https:\\\/\\\/www.meydan.tv\\\/az\\\/article\\\/blinken-eliyevi-ermeni-mehbuslari-azad-etmeye-cagirib\\\/#primaryimage\"},\"thumbnailUrl\":\"https:\\\/\\\/www.meydan.tv\\\/wp-content\\\/uploads\\\/16587826252095610508_1000x669-e1658828401687.png\",\"articleSection\":[\"Siyas\u0259t\",\"T\u00f6vsiy\u0259\",\"X\u0259b\u0259rl\u0259r\"],\"inLanguage\":\"az\"},{\"@type\":\"WebPage\",\"@id\":\"https:\\\/\\\/www.meydan.tv\\\/az\\\/article\\\/blinken-eliyevi-ermeni-mehbuslari-azad-etmeye-cagirib\\\/\",\"url\":\"https:\\\/\\\/www.meydan.tv\\\/az\\\/article\\\/blinken-eliyevi-ermeni-mehbuslari-azad-etmeye-cagirib\\\/\",\"name\":\"Blinken \u018fliyevi erm\u0259ni m\u0259hbuslar\u0131 azad etm\u0259y\u0259 \u00e7a\u011f\u0131r\u0131b - MEYDAN.TV\",\"isPartOf\":{\"@id\":\"https:\\\/\\\/www.meydan.tv\\\/az\\\/#website\"},\"primaryImageOfPage\":{\"@id\":\"https:\\\/\\\/www.meydan.tv\\\/az\\\/article\\\/blinken-eliyevi-ermeni-mehbuslari-azad-etmeye-cagirib\\\/#primaryimage\"},\"image\":{\"@id\":\"https:\\\/\\\/www.meydan.tv\\\/az\\\/article\\\/blinken-eliyevi-ermeni-mehbuslari-azad-etmeye-cagirib\\\/#primaryimage\"},\"thumbnailUrl\":\"https:\\\/\\\/www.meydan.tv\\\/wp-content\\\/uploads\\\/16587826252095610508_1000x669-e1658828401687.png\",\"datePublished\":\"2022-07-26T09:52:11+00:00\",\"dateModified\":\"2022-07-26T10:26:55+00:00\",\"breadcrumb\":{\"@id\":\"https:\\\/\\\/www.meydan.tv\\\/az\\\/article\\\/blinken-eliyevi-ermeni-mehbuslari-azad-etmeye-cagirib\\\/#breadcrumb\"},\"inLanguage\":\"az\",\"potentialAction\":[{\"@type\":\"ReadAction\",\"target\":[\"https:\\\/\\\/www.meydan.tv\\\/az\\\/article\\\/blinken-eliyevi-ermeni-mehbuslari-azad-etmeye-cagirib\\\/\"]}]},{\"@type\":\"ImageObject\",\"inLanguage\":\"az\",\"@id\":\"https:\\\/\\\/www.meydan.tv\\\/az\\\/article\\\/blinken-eliyevi-ermeni-mehbuslari-azad-etmeye-cagirib\\\/#primaryimage\",\"url\":\"https:\\\/\\\/www.meydan.tv\\\/wp-content\\\/uploads\\\/16587826252095610508_1000x669-e1658828401687.png\",\"contentUrl\":\"https:\\\/\\\/www.meydan.tv\\\/wp-content\\\/uploads\\\/16587826252095610508_1000x669-e1658828401687.png\",\"width\":1200,\"height\":567,\"caption\":\"Foto: Az\u0259rtac\"},{\"@type\":\"BreadcrumbList\",\"@id\":\"https:\\\/\\\/www.meydan.tv\\\/az\\\/article\\\/blinken-eliyevi-ermeni-mehbuslari-azad-etmeye-cagirib\\\/#breadcrumb\",\"itemListElement\":[{\"@type\":\"ListItem\",\"position\":1,\"name\":\"Ana s\u0259hif\u0259\",\"item\":\"https:\\\/\\\/www.meydan.tv\\\/az\\\/\"},{\"@type\":\"ListItem\",\"position\":2,\"name\":\"Siyas\u0259t\",\"item\":\"https:\\\/\\\/www.meydan.tv\\\/az\\\/section\\\/siyaset\\\/\"},{\"@type\":\"ListItem\",\"position\":3,\"name\":\"Blinken \u018fliyevi erm\u0259ni m\u0259hbuslar\u0131 azad etm\u0259y\u0259 \u00e7a\u011f\u0131r\u0131b\"}]},{\"@type\":\"WebSite\",\"@id\":\"https:\\\/\\\/www.meydan.tv\\\/az\\\/#website\",\"url\":\"https:\\\/\\\/www.meydan.tv\\\/az\\\/\",\"name\":\"MEYDAN.TV\",\"description\":\"Meydan TV Az\u0259rbaycan\u0131n media m\u0259kan\u0131ndak\u0131 alternativ s\u0259sidir\",\"publisher\":{\"@id\":\"https:\\\/\\\/www.meydan.tv\\\/az\\\/#organization\"},\"potentialAction\":[{\"@type\":\"SearchAction\",\"target\":{\"@type\":\"EntryPoint\",\"urlTemplate\":\"https:\\\/\\\/www.meydan.tv\\\/az\\\/?s={search_term_string}\"},\"query-input\":{\"@type\":\"PropertyValueSpecification\",\"valueRequired\":true,\"valueName\":\"search_term_string\"}}],\"inLanguage\":\"az\"},{\"@type\":\"Organization\",\"@id\":\"https:\\\/\\\/www.meydan.tv\\\/az\\\/#organization\",\"name\":\"Meydan TV\",\"url\":\"https:\\\/\\\/www.meydan.tv\\\/az\\\/\",\"logo\":{\"@type\":\"ImageObject\",\"inLanguage\":\"az\",\"@id\":\"https:\\\/\\\/www.meydan.tv\\\/az\\\/#\\\/schema\\\/logo\\\/image\\\/\",\"url\":\"https:\\\/\\\/www.meydan.tv\\\/wp-content\\\/uploads\\\/2021\\\/07\\\/meydan-logo.svg\",\"contentUrl\":\"https:\\\/\\\/www.meydan.tv\\\/wp-content\\\/uploads\\\/2021\\\/07\\\/meydan-logo.svg\",\"width\":195,\"height\":46,\"caption\":\"Meydan TV\"},\"image\":{\"@id\":\"https:\\\/\\\/www.meydan.tv\\\/az\\\/#\\\/schema\\\/logo\\\/image\\\/\"}},{\"@type\":\"Person\",\"@id\":\"https:\\\/\\\/www.meydan.tv\\\/az\\\/#\\\/schema\\\/person\\\/9cdbecf90d17180ce1dfbd95b08dcf47\",\"name\":\"elli\",\"sameAs\":[\"https:\\\/\\\/x.com\\\/elli\"]}]}<\/script>\n<!-- \/ Yoast SEO plugin. -->","yoast_head_json":{"title":"Blinken \u018fliyevi erm\u0259ni m\u0259hbuslar\u0131 azad etm\u0259y\u0259 \u00e7a\u011f\u0131r\u0131b - MEYDAN.TV","robots":{"index":"index","follow":"follow","max-snippet":"max-snippet:-1","max-image-preview":"max-image-preview:large","max-video-preview":"max-video-preview:-1"},"canonical":"https:\/\/www.meydan.tv\/az\/article\/blinken-eliyevi-ermeni-mehbuslari-azad-etmeye-cagirib\/","og_locale":"az_AZ","og_type":"article","og_title":"Blinken \u018fliyevi erm\u0259ni m\u0259hbuslar\u0131 azad etm\u0259y\u0259 \u00e7a\u011f\u0131r\u0131b - MEYDAN.TV","og_description":"&#8220;Erm\u0259nistan itkin d\u00fc\u015f\u0259n 4 min\u0259 yax\u0131n az\u0259rbaycanl\u0131 bar\u0259d\u0259 he\u00e7 bir ... Davam\u0131","og_url":"https:\/\/www.meydan.tv\/az\/article\/blinken-eliyevi-ermeni-mehbuslari-azad-etmeye-cagirib\/","og_site_name":"MEYDAN.TV","article_published_time":"2022-07-26T09:52:11+00:00","article_modified_time":"2022-07-26T10:26:55+00:00","og_image":[{"width":1200,"height":567,"url":"https:\/\/www.meydan.tv\/wp-content\/uploads\/16587826252095610508_1000x669-e1658828401687.png","type":"image\/png"}],"author":"elli","twitter_card":"summary_large_image","twitter_creator":"@elli","schema":{"@context":"https:\/\/schema.org","@graph":[{"@type":"Article","@id":"https:\/\/www.meydan.tv\/az\/article\/blinken-eliyevi-ermeni-mehbuslari-azad-etmeye-cagirib\/#article","isPartOf":{"@id":"https:\/\/www.meydan.tv\/az\/article\/blinken-eliyevi-ermeni-mehbuslari-azad-etmeye-cagirib\/"},"author":{"name":"elli","@id":"https:\/\/www.meydan.tv\/az\/#\/schema\/person\/9cdbecf90d17180ce1dfbd95b08dcf47"},"headline":"Blinken \u018fliyevi erm\u0259ni m\u0259hbuslar\u0131 azad etm\u0259y\u0259 \u00e7a\u011f\u0131r\u0131b","datePublished":"2022-07-26T09:52:11+00:00","dateModified":"2022-07-26T10:26:55+00:00","mainEntityOfPage":{"@id":"https:\/\/www.meydan.tv\/az\/article\/blinken-eliyevi-ermeni-mehbuslari-azad-etmeye-cagirib\/"},"wordCount":1215,"publisher":{"@id":"https:\/\/www.meydan.tv\/az\/#organization"},"image":{"@id":"https:\/\/www.meydan.tv\/az\/article\/blinken-eliyevi-ermeni-mehbuslari-azad-etmeye-cagirib\/#primaryimage"},"thumbnailUrl":"https:\/\/www.meydan.tv\/wp-content\/uploads\/16587826252095610508_1000x669-e1658828401687.png","articleSection":["Siyas\u0259t","T\u00f6vsiy\u0259","X\u0259b\u0259rl\u0259r"],"inLanguage":"az"},{"@type":"WebPage","@id":"https:\/\/www.meydan.tv\/az\/article\/blinken-eliyevi-ermeni-mehbuslari-azad-etmeye-cagirib\/","url":"https:\/\/www.meydan.tv\/az\/article\/blinken-eliyevi-ermeni-mehbuslari-azad-etmeye-cagirib\/","name":"Blinken \u018fliyevi erm\u0259ni m\u0259hbuslar\u0131 azad etm\u0259y\u0259 \u00e7a\u011f\u0131r\u0131b - MEYDAN.TV","isPartOf":{"@id":"https:\/\/www.meydan.tv\/az\/#website"},"primaryImageOfPage":{"@id":"https:\/\/www.meydan.tv\/az\/article\/blinken-eliyevi-ermeni-mehbuslari-azad-etmeye-cagirib\/#primaryimage"},"image":{"@id":"https:\/\/www.meydan.tv\/az\/article\/blinken-eliyevi-ermeni-mehbuslari-azad-etmeye-cagirib\/#primaryimage"},"thumbnailUrl":"https:\/\/www.meydan.tv\/wp-content\/uploads\/16587826252095610508_1000x669-e1658828401687.png","datePublished":"2022-07-26T09:52:11+00:00","dateModified":"2022-07-26T10:26:55+00:00","breadcrumb":{"@id":"https:\/\/www.meydan.tv\/az\/article\/blinken-eliyevi-ermeni-mehbuslari-azad-etmeye-cagirib\/#breadcrumb"},"inLanguage":"az","potentialAction":[{"@type":"ReadAction","target":["https:\/\/www.meydan.tv\/az\/article\/blinken-eliyevi-ermeni-mehbuslari-azad-etmeye-cagirib\/"]}]},{"@type":"ImageObject","inLanguage":"az","@id":"https:\/\/www.meydan.tv\/az\/article\/blinken-eliyevi-ermeni-mehbuslari-azad-etmeye-cagirib\/#primaryimage","url":"https:\/\/www.meydan.tv\/wp-content\/uploads\/16587826252095610508_1000x669-e1658828401687.png","contentUrl":"https:\/\/www.meydan.tv\/wp-content\/uploads\/16587826252095610508_1000x669-e1658828401687.png","width":1200,"height":567,"caption":"Foto: Az\u0259rtac"},{"@type":"BreadcrumbList","@id":"https:\/\/www.meydan.tv\/az\/article\/blinken-eliyevi-ermeni-mehbuslari-azad-etmeye-cagirib\/#breadcrumb","itemListElement":[{"@type":"ListItem","position":1,"name":"Ana s\u0259hif\u0259","item":"https:\/\/www.meydan.tv\/az\/"},{"@type":"ListItem","position":2,"name":"Siyas\u0259t","item":"https:\/\/www.meydan.tv\/az\/section\/siyaset\/"},{"@type":"ListItem","position":3,"name":"Blinken \u018fliyevi erm\u0259ni m\u0259hbuslar\u0131 azad etm\u0259y\u0259 \u00e7a\u011f\u0131r\u0131b"}]},{"@type":"WebSite","@id":"https:\/\/www.meydan.tv\/az\/#website","url":"https:\/\/www.meydan.tv\/az\/","name":"MEYDAN.TV","description":"Meydan TV Az\u0259rbaycan\u0131n media m\u0259kan\u0131ndak\u0131 alternativ s\u0259sidir","publisher":{"@id":"https:\/\/www.meydan.tv\/az\/#organization"},"potentialAction":[{"@type":"SearchAction","target":{"@type":"EntryPoint","urlTemplate":"https:\/\/www.meydan.tv\/az\/?s={search_term_string}"},"query-input":{"@type":"PropertyValueSpecification","valueRequired":true,"valueName":"search_term_string"}}],"inLanguage":"az"},{"@type":"Organization","@id":"https:\/\/www.meydan.tv\/az\/#organization","name":"Meydan TV","url":"https:\/\/www.meydan.tv\/az\/","logo":{"@type":"ImageObject","inLanguage":"az","@id":"https:\/\/www.meydan.tv\/az\/#\/schema\/logo\/image\/","url":"https:\/\/www.meydan.tv\/wp-content\/uploads\/2021\/07\/meydan-logo.svg","contentUrl":"https:\/\/www.meydan.tv\/wp-content\/uploads\/2021\/07\/meydan-logo.svg","width":195,"height":46,"caption":"Meydan TV"},"image":{"@id":"https:\/\/www.meydan.tv\/az\/#\/schema\/logo\/image\/"}},{"@type":"Person","@id":"https:\/\/www.meydan.tv\/az\/#\/schema\/person\/9cdbecf90d17180ce1dfbd95b08dcf47","name":"elli","sameAs":["https:\/\/x.com\/elli"]}]}},"_links":{"self":[{"href":"https:\/\/www.meydan.tv\/az\/wp-json\/wp\/v2\/posts\/251736","targetHints":{"allow":["GET"]}}],"collection":[{"href":"https:\/\/www.meydan.tv\/az\/wp-json\/wp\/v2\/posts"}],"about":[{"href":"https:\/\/www.meydan.tv\/az\/wp-json\/wp\/v2\/types\/post"}],"author":[{"embeddable":true,"href":"https:\/\/www.meydan.tv\/az\/wp-json\/wp\/v2\/users\/8"}],"replies":[{"embeddable":true,"href":"https:\/\/www.meydan.tv\/az\/wp-json\/wp\/v2\/comments?post=251736"}],"version-history":[{"count":3,"href":"https:\/\/www.meydan.tv\/az\/wp-json\/wp\/v2\/posts\/251736\/revisions"}],"predecessor-version":[{"id":251752,"href":"https:\/\/www.meydan.tv\/az\/wp-json\/wp\/v2\/posts\/251736\/revisions\/251752"}],"wp:featuredmedia":[{"embeddable":true,"href":"https:\/\/www.meydan.tv\/az\/wp-json\/wp\/v2\/media\/251740"}],"wp:attachment":[{"href":"https:\/\/www.meydan.tv\/az\/wp-json\/wp\/v2\/media?parent=251736"}],"wp:term":[{"taxonomy":"category","embeddable":true,"href":"https:\/\/www.meydan.tv\/az\/wp-json\/wp\/v2\/categories?post=251736"},{"taxonomy":"post_tag","embeddable":true,"href":"https:\/\/www.meydan.tv\/az\/wp-json\/wp\/v2\/tags?post=251736"}],"curies":[{"name":"wp","href":"https:\/\/api.w.org\/{rel}","templated":true}]}}