{"id":251726,"date":"2022-07-26T12:59:06","date_gmt":"2022-07-26T08:59:06","guid":{"rendered":"https:\/\/www.meydan.tv\/?p=251726"},"modified":"2022-07-26T12:59:09","modified_gmt":"2022-07-26T08:59:09","slug":"neftcala-sakini-od-alovlu-qarabagdan-salamat-geldi-bakida-buna-ne-oldu","status":"publish","type":"post","link":"https:\/\/www.meydan.tv\/az\/article\/neftcala-sakini-od-alovlu-qarabagdan-salamat-geldi-bakida-buna-ne-oldu\/","title":{"rendered":"Neft\u00e7ala sakini: \u201cOd-alovlu Qaraba\u011fdan salamat g\u0259ldi, Bak\u0131da buna n\u0259 oldu?\u201d"},"content":{"rendered":"\n<p><\/p>\n\n\n\n<p><em>23 ya\u015fl\u0131 m\u00fcharib\u0259 veteran\u0131 Cavid B\u0259d\u0259lov bir h\u0259ft\u0259dir ki, itkindir<\/em><\/p>\n\n\n\n<p>44 g\u00fcnl\u00fck \u0130kinci Qaraba\u011f M\u00fcharib\u0259sinin i\u015ftirak\u00e7\u0131lar\u0131ndan olmu\u015f 23 ya\u015fl\u0131 Cavid B\u0259d\u0259lov bir h\u0259ft\u0259dir ki, itkin d\u00fc\u015f\u00fcb. \u0130yulun 19-da evd\u0259n \u00e7\u0131xan m\u00fcharib\u0259 veteran\u0131n\u0131 o vaxtdan g\u00f6r\u0259n yoxdur. Bu bar\u0259d\u0259 Meydan TV-y\u0259 atas\u0131 &#8211; 47 ya\u015fl\u0131 Rafiq B\u0259d\u0259lov m\u0259lumat verib.<\/p>\n\n\n\n<p><strong>\u201cK\u0259ndd\u0259 i\u015f yoxdur dey\u0259, ail\u0259ni doland\u0131rmaq \u00fc\u00e7\u00fcn Bak\u0131ya getdi\u201d<\/strong><\/p>\n\n\n\n<p>Neft\u00e7ala rayonunun X\u0259z\u0259r k\u0259ndind\u0259 ya\u015fayan Rafiq B\u0259d\u0259lov dan\u0131\u015f\u0131r ki, o\u011flu da bu k\u0259ndd\u0259 qeydiyyatdad\u0131r. Amma ail\u0259 h\u0259yat\u0131 qurandan sonra paytaxta \u00fcz tutub:<\/p>\n\n\n\n<p>\u201cHe\u00e7 1 il deyil ail\u0259 qurub. K\u0259ndd\u0259 i\u015f yoxdur dey\u0259, Bak\u0131ya getdi. X\u0131rdalanda kiray\u0259 qal\u0131rd\u0131, f\u0259hl\u0259lik el\u0259yirdi. Qayn\u0131 il\u0259 birlikd\u0259 i\u015fl\u0259yirdi. Kiray\u0259 evd\u0259 d\u0259 h\u0259yat yolda\u015f\u0131, qay\u0131nanas\u0131, qayn\u0131 il\u0259 birlikd\u0259 ya\u015fay\u0131rd\u0131\u201d.<\/p>\n\n\n\n<p>Rafiq B\u0259d\u0259lovun dediyin\u0259 g\u00f6r\u0259, Cavid sonuncu d\u0259f\u0259 iyulun 19-da ya\u015fad\u0131\u011f\u0131 evd\u0259n \u00e7\u0131xsa da, ona bu bar\u0259d\u0259 iyulun 21-d\u0259 m\u0259lumat verilib. O da d\u0259rhal Daxili \u0130\u015fl\u0259r Nazirliyinin \u201c102\u201d z\u0259ng m\u0259rk\u0259zin\u0259 x\u0259b\u0259r verib:<\/p>\n\n\n\n<p>\u201cH\u0259r d\u0259f\u0259 deyirl\u0259r ki, \u201caxtar\u0131\u015f apar\u0131l\u0131r\u201d, b\u0259s n\u0259tic\u0259 han\u0131?\u201d<\/p>\n\n\n\n<figure class=\"wp-block-image size-full\"><img decoding=\"async\" width=\"1200\" height=\"800\" data-src=\"https:\/\/www.meydan.tv\/wp-content\/uploads\/untitled-design-7-13.jpg\" alt=\"\" class=\"wp-image-251727 lazyload\" src=\"data:image\/svg+xml;base64,PHN2ZyB3aWR0aD0iMSIgaGVpZ2h0PSIxIiB4bWxucz0iaHR0cDovL3d3dy53My5vcmcvMjAwMC9zdmciPjwvc3ZnPg==\" style=\"--smush-placeholder-width: 1200px; --smush-placeholder-aspect-ratio: 1200\/800;\" \/><figcaption>\u0130tkin d\u00fc\u015f\u0259n m\u00fcharib\u0259 veteran\u0131n\u0131n atas\u0131 &#8211; Rafiq B\u0259d\u0259lov. Foto: Meydan TV<\/figcaption><\/figure>\n\n\n\n<p>\u201cH\u0259r g\u00fcn z\u0259ng el\u0259yib polisl\u0259rd\u0259n soru\u015furam, maraqlan\u0131ram. B\u0259lk\u0259 g\u00fcn\u0259 20 manatl\u0131q kontur yand\u0131r\u0131ram, amma tap\u0131lm\u0131r ki, tap\u0131lm\u0131r. \u201cG\u00f6rd\u00fcm\u201d dey\u0259n yoxdur. H\u0259r yer\u0259 onun haqq\u0131nda m\u0259lumat vermi\u015f\u0259m. H\u0259tta bu g\u00fcn (iyulun 25-d\u0259) Ba\u015f Prokurorlu\u011fa da z\u0259ng el\u0259mi\u015f\u0259m. Xahi\u015f el\u0259mi\u015f\u0259m ki, axtar\u0131\u015f\u0131 g\u00fccl\u0259ndirsinl\u0259r, b\u00fct\u00fcn orqanlar qo\u015fulsun, o\u011flumdan bir x\u0259b\u0259r \u00e7\u0131xs\u0131n. \u00dcr\u0259yimiz partlay\u0131r. Polisl\u0259r h\u0259r d\u0259f\u0259 deyir ki, axtar\u0131\u015f apar\u0131l\u0131r. B\u0259s n\u0259tic\u0259 han\u0131?\u201d.<br>Atas\u0131 deyir ki, Cavid B\u0259d\u0259lovun k\u00fcs\u00fcb evd\u0259n getm\u0259si, valideynl\u0259rind\u0259n x\u0259b\u0259rsiz haradasa qalmas\u0131 hallar\u0131 \u0259vv\u0259ll\u0259r olmay\u0131b. Ona g\u00f6r\u0259 d\u0259 ail\u0259 Cavidin h\u0259yat\u0131ndan \u00e7ox narahatd\u0131lar.<\/p>\n\n\n\n<p><strong>\u201cToyuq-c\u00fcc\u0259 deyil ax\u0131, insand\u0131r\u2026\u201d<\/strong><\/p>\n\n\n\n<p>\u201cO c\u00fcr odlu-alovlu Qaraba\u011fdan sa\u011f-salamat g\u0259lib \u00e7\u0131xd\u0131, indi Bak\u0131da buna n\u0259 oldu? Cavid el\u0259-bel\u0259 o\u011ful deyil, m\u00fcharib\u0259d\u0259ki xidm\u0259tl\u0259rin\u0259 g\u00f6r\u0259 ona 5 medal verilib. N\u0259 q\u0259d\u0259r tank vurmu\u015fdu. H\u0259tta komandiri m\u0259n\u0259 z\u0259ng el\u0259yib t\u0259\u015f\u0259kk\u00fcr\u00fcn\u00fc bildirmi\u015fdi bel\u0259 \u00f6vlad yeti\u015fdirdiyim\u0259 g\u00f6r\u0259. Bu, toyuq-c\u00fcc\u0259 deyil ax\u0131, insand\u0131r, nec\u0259 yoxa \u00e7\u0131xa bil\u0259r?\u201d, &#8211; Rafiq B\u0259d\u0259lov bildirib.<\/p>\n\n\n\n<p>11 noyabr 1999-cu il t\u0259v\u0259ll\u00fcdl\u00fc Cavid B\u0259d\u0259lov evd\u0259n \u00e7\u0131xanda \u00fcst\u00fcnd\u0259 s\u0259n\u0259d g\u00f6t\u00fcrm\u0259yib. \u018fynind\u0259 is\u0259 \u00fcst\u00fcnd\u0259 x\u0259tl\u0259r olan a\u011f k\u00f6yn\u0259k, qara \u015falvar olub.<\/p>\n\n\n\n<p><strong>D\u0130N: \u201cY\u0259qin ki, yax\u0131n g\u00fcnl\u0259rd\u0259 t\u0259hvil veril\u0259c\u0259k\u201d<\/strong><\/p>\n\n\n\n<p>Daxili \u0130\u015fl\u0259r Nazirliyinin m\u0259tbuat xidm\u0259tind\u0259n Meydan TV-y\u0259 bildirilib ki, Cavid B\u0259d\u0259lovun axtar\u0131\u015flar\u0131 davam etdirilir:<\/p>\n\n\n\n<p><br>\u201cOnun yerinin Bak\u0131 \u015f\u0259h\u0259rind\u0259 oldu\u011fu m\u00fc\u0259yy\u0259n edilib. Y\u0259qin ki, yax\u0131n g\u00fcnl\u0259rd\u0259 ail\u0259sin\u0259 t\u0259hvil veril\u0259c\u0259k\u201d.<\/p>\n","protected":false},"excerpt":{"rendered":"<p>23 ya\u015fl\u0131 m\u00fcharib\u0259 veteran\u0131 Cavid B\u0259d\u0259lov bir h\u0259ft\u0259dir ki, itkindir &#8230; <\/p>\n<p class=\"read-more-container\"><a title=\"Neft\u00e7ala sakini: \u201cOd-alovlu Qaraba\u011fdan salamat g\u0259ldi, Bak\u0131da buna n\u0259 oldu?\u201d\" class=\"read-more button\" href=\"https:\/\/www.meydan.tv\/az\/article\/neftcala-sakini-od-alovlu-qarabagdan-salamat-geldi-bakida-buna-ne-oldu\/#more-251726\" aria-label=\"Read more about Neft\u00e7ala sakini: \u201cOd-alovlu Qaraba\u011fdan salamat g\u0259ldi, Bak\u0131da buna n\u0259 oldu?\u201d\">Davam\u0131<\/a><\/p>\n","protected":false},"author":8,"featured_media":251730,"comment_status":"closed","ping_status":"closed","sticky":false,"template":"","format":"standard","meta":{"_acf_changed":false,"_sitemap_exclude":false,"_sitemap_priority":"","_sitemap_frequency":"","footnotes":""},"categories":[60,79,56],"tags":[],"class_list":["post-251726","post","type-post","status-publish","format-standard","has-post-thumbnail","hentry","category-bolge","category-featured","category-xeberler","infinite-scroll-item","generate-columns","tablet-grid-50","mobile-grid-100","grid-parent","grid-33","no-featured-image-padding"],"acf":[],"yoast_head":"<!-- This site is optimized with the Yoast SEO plugin v27.5 - https:\/\/yoast.com\/product\/yoast-seo-wordpress\/ -->\n<title>Neft\u00e7ala sakini: \u201cOd-alovlu Qaraba\u011fdan salamat g\u0259ldi, Bak\u0131da buna n\u0259 oldu?\u201d - MEYDAN.TV<\/title>\n<meta name=\"robots\" content=\"index, follow, max-snippet:-1, max-image-preview:large, max-video-preview:-1\" \/>\n<link rel=\"canonical\" href=\"https:\/\/www.meydan.tv\/az\/article\/neftcala-sakini-od-alovlu-qarabagdan-salamat-geldi-bakida-buna-ne-oldu\/\" \/>\n<meta property=\"og:locale\" content=\"az_AZ\" \/>\n<meta property=\"og:type\" content=\"article\" \/>\n<meta property=\"og:title\" content=\"Neft\u00e7ala sakini: \u201cOd-alovlu Qaraba\u011fdan salamat g\u0259ldi, Bak\u0131da buna n\u0259 oldu?\u201d - MEYDAN.TV\" \/>\n<meta property=\"og:description\" content=\"23 ya\u015fl\u0131 m\u00fcharib\u0259 veteran\u0131 Cavid B\u0259d\u0259lov bir h\u0259ft\u0259dir ki, itkindir ... Davam\u0131\" \/>\n<meta property=\"og:url\" content=\"https:\/\/www.meydan.tv\/az\/article\/neftcala-sakini-od-alovlu-qarabagdan-salamat-geldi-bakida-buna-ne-oldu\/\" \/>\n<meta property=\"og:site_name\" content=\"MEYDAN.TV\" \/>\n<meta property=\"article:published_time\" content=\"2022-07-26T08:59:06+00:00\" \/>\n<meta property=\"article:modified_time\" content=\"2022-07-26T08:59:09+00:00\" \/>\n<meta property=\"og:image\" content=\"https:\/\/www.meydan.tv\/wp-content\/uploads\/veterean.jpg\" \/>\n\t<meta property=\"og:image:width\" content=\"1200\" \/>\n\t<meta property=\"og:image:height\" content=\"758\" \/>\n\t<meta property=\"og:image:type\" content=\"image\/jpeg\" \/>\n<meta name=\"author\" content=\"elli\" \/>\n<meta name=\"twitter:card\" content=\"summary_large_image\" \/>\n<meta name=\"twitter:creator\" content=\"@elli\" \/>\n<script type=\"application\/ld+json\" class=\"yoast-schema-graph\">{\"@context\":\"https:\\\/\\\/schema.org\",\"@graph\":[{\"@type\":\"Article\",\"@id\":\"https:\\\/\\\/www.meydan.tv\\\/az\\\/article\\\/neftcala-sakini-od-alovlu-qarabagdan-salamat-geldi-bakida-buna-ne-oldu\\\/#article\",\"isPartOf\":{\"@id\":\"https:\\\/\\\/www.meydan.tv\\\/az\\\/article\\\/neftcala-sakini-od-alovlu-qarabagdan-salamat-geldi-bakida-buna-ne-oldu\\\/\"},\"author\":{\"name\":\"elli\",\"@id\":\"https:\\\/\\\/www.meydan.tv\\\/az\\\/#\\\/schema\\\/person\\\/9cdbecf90d17180ce1dfbd95b08dcf47\"},\"headline\":\"Neft\u00e7ala sakini: \u201cOd-alovlu Qaraba\u011fdan salamat g\u0259ldi, Bak\u0131da buna n\u0259 oldu?\u201d\",\"datePublished\":\"2022-07-26T08:59:06+00:00\",\"dateModified\":\"2022-07-26T08:59:09+00:00\",\"mainEntityOfPage\":{\"@id\":\"https:\\\/\\\/www.meydan.tv\\\/az\\\/article\\\/neftcala-sakini-od-alovlu-qarabagdan-salamat-geldi-bakida-buna-ne-oldu\\\/\"},\"wordCount\":592,\"publisher\":{\"@id\":\"https:\\\/\\\/www.meydan.tv\\\/az\\\/#organization\"},\"image\":{\"@id\":\"https:\\\/\\\/www.meydan.tv\\\/az\\\/article\\\/neftcala-sakini-od-alovlu-qarabagdan-salamat-geldi-bakida-buna-ne-oldu\\\/#primaryimage\"},\"thumbnailUrl\":\"https:\\\/\\\/www.meydan.tv\\\/wp-content\\\/uploads\\\/veterean.jpg\",\"articleSection\":[\"B\u00f6lg\u0259\",\"T\u00f6vsiy\u0259\",\"X\u0259b\u0259rl\u0259r\"],\"inLanguage\":\"az\"},{\"@type\":\"WebPage\",\"@id\":\"https:\\\/\\\/www.meydan.tv\\\/az\\\/article\\\/neftcala-sakini-od-alovlu-qarabagdan-salamat-geldi-bakida-buna-ne-oldu\\\/\",\"url\":\"https:\\\/\\\/www.meydan.tv\\\/az\\\/article\\\/neftcala-sakini-od-alovlu-qarabagdan-salamat-geldi-bakida-buna-ne-oldu\\\/\",\"name\":\"Neft\u00e7ala sakini: \u201cOd-alovlu Qaraba\u011fdan salamat g\u0259ldi, Bak\u0131da buna n\u0259 oldu?\u201d - MEYDAN.TV\",\"isPartOf\":{\"@id\":\"https:\\\/\\\/www.meydan.tv\\\/az\\\/#website\"},\"primaryImageOfPage\":{\"@id\":\"https:\\\/\\\/www.meydan.tv\\\/az\\\/article\\\/neftcala-sakini-od-alovlu-qarabagdan-salamat-geldi-bakida-buna-ne-oldu\\\/#primaryimage\"},\"image\":{\"@id\":\"https:\\\/\\\/www.meydan.tv\\\/az\\\/article\\\/neftcala-sakini-od-alovlu-qarabagdan-salamat-geldi-bakida-buna-ne-oldu\\\/#primaryimage\"},\"thumbnailUrl\":\"https:\\\/\\\/www.meydan.tv\\\/wp-content\\\/uploads\\\/veterean.jpg\",\"datePublished\":\"2022-07-26T08:59:06+00:00\",\"dateModified\":\"2022-07-26T08:59:09+00:00\",\"breadcrumb\":{\"@id\":\"https:\\\/\\\/www.meydan.tv\\\/az\\\/article\\\/neftcala-sakini-od-alovlu-qarabagdan-salamat-geldi-bakida-buna-ne-oldu\\\/#breadcrumb\"},\"inLanguage\":\"az\",\"potentialAction\":[{\"@type\":\"ReadAction\",\"target\":[\"https:\\\/\\\/www.meydan.tv\\\/az\\\/article\\\/neftcala-sakini-od-alovlu-qarabagdan-salamat-geldi-bakida-buna-ne-oldu\\\/\"]}]},{\"@type\":\"ImageObject\",\"inLanguage\":\"az\",\"@id\":\"https:\\\/\\\/www.meydan.tv\\\/az\\\/article\\\/neftcala-sakini-od-alovlu-qarabagdan-salamat-geldi-bakida-buna-ne-oldu\\\/#primaryimage\",\"url\":\"https:\\\/\\\/www.meydan.tv\\\/wp-content\\\/uploads\\\/veterean.jpg\",\"contentUrl\":\"https:\\\/\\\/www.meydan.tv\\\/wp-content\\\/uploads\\\/veterean.jpg\",\"width\":1200,\"height\":758,\"caption\":\"Cavid B\u0259d\u0259lov. Foto: Ail\u0259 albomundan\"},{\"@type\":\"BreadcrumbList\",\"@id\":\"https:\\\/\\\/www.meydan.tv\\\/az\\\/article\\\/neftcala-sakini-od-alovlu-qarabagdan-salamat-geldi-bakida-buna-ne-oldu\\\/#breadcrumb\",\"itemListElement\":[{\"@type\":\"ListItem\",\"position\":1,\"name\":\"Ana s\u0259hif\u0259\",\"item\":\"https:\\\/\\\/www.meydan.tv\\\/az\\\/\"},{\"@type\":\"ListItem\",\"position\":2,\"name\":\"B\u00f6lg\u0259\",\"item\":\"https:\\\/\\\/www.meydan.tv\\\/az\\\/section\\\/bolge\\\/\"},{\"@type\":\"ListItem\",\"position\":3,\"name\":\"Neft\u00e7ala sakini: \u201cOd-alovlu Qaraba\u011fdan salamat g\u0259ldi, Bak\u0131da buna n\u0259 oldu?\u201d\"}]},{\"@type\":\"WebSite\",\"@id\":\"https:\\\/\\\/www.meydan.tv\\\/az\\\/#website\",\"url\":\"https:\\\/\\\/www.meydan.tv\\\/az\\\/\",\"name\":\"MEYDAN.TV\",\"description\":\"Meydan TV Az\u0259rbaycan\u0131n media m\u0259kan\u0131ndak\u0131 alternativ s\u0259sidir\",\"publisher\":{\"@id\":\"https:\\\/\\\/www.meydan.tv\\\/az\\\/#organization\"},\"potentialAction\":[{\"@type\":\"SearchAction\",\"target\":{\"@type\":\"EntryPoint\",\"urlTemplate\":\"https:\\\/\\\/www.meydan.tv\\\/az\\\/?s={search_term_string}\"},\"query-input\":{\"@type\":\"PropertyValueSpecification\",\"valueRequired\":true,\"valueName\":\"search_term_string\"}}],\"inLanguage\":\"az\"},{\"@type\":\"Organization\",\"@id\":\"https:\\\/\\\/www.meydan.tv\\\/az\\\/#organization\",\"name\":\"Meydan TV\",\"url\":\"https:\\\/\\\/www.meydan.tv\\\/az\\\/\",\"logo\":{\"@type\":\"ImageObject\",\"inLanguage\":\"az\",\"@id\":\"https:\\\/\\\/www.meydan.tv\\\/az\\\/#\\\/schema\\\/logo\\\/image\\\/\",\"url\":\"https:\\\/\\\/www.meydan.tv\\\/wp-content\\\/uploads\\\/2021\\\/07\\\/meydan-logo.svg\",\"contentUrl\":\"https:\\\/\\\/www.meydan.tv\\\/wp-content\\\/uploads\\\/2021\\\/07\\\/meydan-logo.svg\",\"width\":195,\"height\":46,\"caption\":\"Meydan TV\"},\"image\":{\"@id\":\"https:\\\/\\\/www.meydan.tv\\\/az\\\/#\\\/schema\\\/logo\\\/image\\\/\"}},{\"@type\":\"Person\",\"@id\":\"https:\\\/\\\/www.meydan.tv\\\/az\\\/#\\\/schema\\\/person\\\/9cdbecf90d17180ce1dfbd95b08dcf47\",\"name\":\"elli\",\"sameAs\":[\"https:\\\/\\\/x.com\\\/elli\"]}]}<\/script>\n<!-- \/ Yoast SEO plugin. -->","yoast_head_json":{"title":"Neft\u00e7ala sakini: \u201cOd-alovlu Qaraba\u011fdan salamat g\u0259ldi, Bak\u0131da buna n\u0259 oldu?\u201d - MEYDAN.TV","robots":{"index":"index","follow":"follow","max-snippet":"max-snippet:-1","max-image-preview":"max-image-preview:large","max-video-preview":"max-video-preview:-1"},"canonical":"https:\/\/www.meydan.tv\/az\/article\/neftcala-sakini-od-alovlu-qarabagdan-salamat-geldi-bakida-buna-ne-oldu\/","og_locale":"az_AZ","og_type":"article","og_title":"Neft\u00e7ala sakini: \u201cOd-alovlu Qaraba\u011fdan salamat g\u0259ldi, Bak\u0131da buna n\u0259 oldu?\u201d - MEYDAN.TV","og_description":"23 ya\u015fl\u0131 m\u00fcharib\u0259 veteran\u0131 Cavid B\u0259d\u0259lov bir h\u0259ft\u0259dir ki, itkindir ... Davam\u0131","og_url":"https:\/\/www.meydan.tv\/az\/article\/neftcala-sakini-od-alovlu-qarabagdan-salamat-geldi-bakida-buna-ne-oldu\/","og_site_name":"MEYDAN.TV","article_published_time":"2022-07-26T08:59:06+00:00","article_modified_time":"2022-07-26T08:59:09+00:00","og_image":[{"width":1200,"height":758,"url":"https:\/\/www.meydan.tv\/wp-content\/uploads\/veterean.jpg","type":"image\/jpeg"}],"author":"elli","twitter_card":"summary_large_image","twitter_creator":"@elli","schema":{"@context":"https:\/\/schema.org","@graph":[{"@type":"Article","@id":"https:\/\/www.meydan.tv\/az\/article\/neftcala-sakini-od-alovlu-qarabagdan-salamat-geldi-bakida-buna-ne-oldu\/#article","isPartOf":{"@id":"https:\/\/www.meydan.tv\/az\/article\/neftcala-sakini-od-alovlu-qarabagdan-salamat-geldi-bakida-buna-ne-oldu\/"},"author":{"name":"elli","@id":"https:\/\/www.meydan.tv\/az\/#\/schema\/person\/9cdbecf90d17180ce1dfbd95b08dcf47"},"headline":"Neft\u00e7ala sakini: \u201cOd-alovlu Qaraba\u011fdan salamat g\u0259ldi, Bak\u0131da buna n\u0259 oldu?\u201d","datePublished":"2022-07-26T08:59:06+00:00","dateModified":"2022-07-26T08:59:09+00:00","mainEntityOfPage":{"@id":"https:\/\/www.meydan.tv\/az\/article\/neftcala-sakini-od-alovlu-qarabagdan-salamat-geldi-bakida-buna-ne-oldu\/"},"wordCount":592,"publisher":{"@id":"https:\/\/www.meydan.tv\/az\/#organization"},"image":{"@id":"https:\/\/www.meydan.tv\/az\/article\/neftcala-sakini-od-alovlu-qarabagdan-salamat-geldi-bakida-buna-ne-oldu\/#primaryimage"},"thumbnailUrl":"https:\/\/www.meydan.tv\/wp-content\/uploads\/veterean.jpg","articleSection":["B\u00f6lg\u0259","T\u00f6vsiy\u0259","X\u0259b\u0259rl\u0259r"],"inLanguage":"az"},{"@type":"WebPage","@id":"https:\/\/www.meydan.tv\/az\/article\/neftcala-sakini-od-alovlu-qarabagdan-salamat-geldi-bakida-buna-ne-oldu\/","url":"https:\/\/www.meydan.tv\/az\/article\/neftcala-sakini-od-alovlu-qarabagdan-salamat-geldi-bakida-buna-ne-oldu\/","name":"Neft\u00e7ala sakini: \u201cOd-alovlu Qaraba\u011fdan salamat g\u0259ldi, Bak\u0131da buna n\u0259 oldu?\u201d - MEYDAN.TV","isPartOf":{"@id":"https:\/\/www.meydan.tv\/az\/#website"},"primaryImageOfPage":{"@id":"https:\/\/www.meydan.tv\/az\/article\/neftcala-sakini-od-alovlu-qarabagdan-salamat-geldi-bakida-buna-ne-oldu\/#primaryimage"},"image":{"@id":"https:\/\/www.meydan.tv\/az\/article\/neftcala-sakini-od-alovlu-qarabagdan-salamat-geldi-bakida-buna-ne-oldu\/#primaryimage"},"thumbnailUrl":"https:\/\/www.meydan.tv\/wp-content\/uploads\/veterean.jpg","datePublished":"2022-07-26T08:59:06+00:00","dateModified":"2022-07-26T08:59:09+00:00","breadcrumb":{"@id":"https:\/\/www.meydan.tv\/az\/article\/neftcala-sakini-od-alovlu-qarabagdan-salamat-geldi-bakida-buna-ne-oldu\/#breadcrumb"},"inLanguage":"az","potentialAction":[{"@type":"ReadAction","target":["https:\/\/www.meydan.tv\/az\/article\/neftcala-sakini-od-alovlu-qarabagdan-salamat-geldi-bakida-buna-ne-oldu\/"]}]},{"@type":"ImageObject","inLanguage":"az","@id":"https:\/\/www.meydan.tv\/az\/article\/neftcala-sakini-od-alovlu-qarabagdan-salamat-geldi-bakida-buna-ne-oldu\/#primaryimage","url":"https:\/\/www.meydan.tv\/wp-content\/uploads\/veterean.jpg","contentUrl":"https:\/\/www.meydan.tv\/wp-content\/uploads\/veterean.jpg","width":1200,"height":758,"caption":"Cavid B\u0259d\u0259lov. Foto: Ail\u0259 albomundan"},{"@type":"BreadcrumbList","@id":"https:\/\/www.meydan.tv\/az\/article\/neftcala-sakini-od-alovlu-qarabagdan-salamat-geldi-bakida-buna-ne-oldu\/#breadcrumb","itemListElement":[{"@type":"ListItem","position":1,"name":"Ana s\u0259hif\u0259","item":"https:\/\/www.meydan.tv\/az\/"},{"@type":"ListItem","position":2,"name":"B\u00f6lg\u0259","item":"https:\/\/www.meydan.tv\/az\/section\/bolge\/"},{"@type":"ListItem","position":3,"name":"Neft\u00e7ala sakini: \u201cOd-alovlu Qaraba\u011fdan salamat g\u0259ldi, Bak\u0131da buna n\u0259 oldu?\u201d"}]},{"@type":"WebSite","@id":"https:\/\/www.meydan.tv\/az\/#website","url":"https:\/\/www.meydan.tv\/az\/","name":"MEYDAN.TV","description":"Meydan TV Az\u0259rbaycan\u0131n media m\u0259kan\u0131ndak\u0131 alternativ s\u0259sidir","publisher":{"@id":"https:\/\/www.meydan.tv\/az\/#organization"},"potentialAction":[{"@type":"SearchAction","target":{"@type":"EntryPoint","urlTemplate":"https:\/\/www.meydan.tv\/az\/?s={search_term_string}"},"query-input":{"@type":"PropertyValueSpecification","valueRequired":true,"valueName":"search_term_string"}}],"inLanguage":"az"},{"@type":"Organization","@id":"https:\/\/www.meydan.tv\/az\/#organization","name":"Meydan TV","url":"https:\/\/www.meydan.tv\/az\/","logo":{"@type":"ImageObject","inLanguage":"az","@id":"https:\/\/www.meydan.tv\/az\/#\/schema\/logo\/image\/","url":"https:\/\/www.meydan.tv\/wp-content\/uploads\/2021\/07\/meydan-logo.svg","contentUrl":"https:\/\/www.meydan.tv\/wp-content\/uploads\/2021\/07\/meydan-logo.svg","width":195,"height":46,"caption":"Meydan TV"},"image":{"@id":"https:\/\/www.meydan.tv\/az\/#\/schema\/logo\/image\/"}},{"@type":"Person","@id":"https:\/\/www.meydan.tv\/az\/#\/schema\/person\/9cdbecf90d17180ce1dfbd95b08dcf47","name":"elli","sameAs":["https:\/\/x.com\/elli"]}]}},"_links":{"self":[{"href":"https:\/\/www.meydan.tv\/az\/wp-json\/wp\/v2\/posts\/251726","targetHints":{"allow":["GET"]}}],"collection":[{"href":"https:\/\/www.meydan.tv\/az\/wp-json\/wp\/v2\/posts"}],"about":[{"href":"https:\/\/www.meydan.tv\/az\/wp-json\/wp\/v2\/types\/post"}],"author":[{"embeddable":true,"href":"https:\/\/www.meydan.tv\/az\/wp-json\/wp\/v2\/users\/8"}],"replies":[{"embeddable":true,"href":"https:\/\/www.meydan.tv\/az\/wp-json\/wp\/v2\/comments?post=251726"}],"version-history":[{"count":1,"href":"https:\/\/www.meydan.tv\/az\/wp-json\/wp\/v2\/posts\/251726\/revisions"}],"predecessor-version":[{"id":251733,"href":"https:\/\/www.meydan.tv\/az\/wp-json\/wp\/v2\/posts\/251726\/revisions\/251733"}],"wp:featuredmedia":[{"embeddable":true,"href":"https:\/\/www.meydan.tv\/az\/wp-json\/wp\/v2\/media\/251730"}],"wp:attachment":[{"href":"https:\/\/www.meydan.tv\/az\/wp-json\/wp\/v2\/media?parent=251726"}],"wp:term":[{"taxonomy":"category","embeddable":true,"href":"https:\/\/www.meydan.tv\/az\/wp-json\/wp\/v2\/categories?post=251726"},{"taxonomy":"post_tag","embeddable":true,"href":"https:\/\/www.meydan.tv\/az\/wp-json\/wp\/v2\/tags?post=251726"}],"curies":[{"name":"wp","href":"https:\/\/api.w.org\/{rel}","templated":true}]}}