{"id":251684,"date":"2022-07-25T18:05:57","date_gmt":"2022-07-25T14:05:57","guid":{"rendered":"https:\/\/www.meydan.tv\/?p=251684"},"modified":"2022-07-25T18:05:59","modified_gmt":"2022-07-25T14:05:59","slug":"arda-erel-muharibeye-yox-dediyim-ucun-romanim-azerbaycanda-satilmir","status":"publish","type":"post","link":"https:\/\/www.meydan.tv\/az\/article\/arda-erel-muharibeye-yox-dediyim-ucun-romanim-azerbaycanda-satilmir\/","title":{"rendered":"Arda Erel: &#8220;&#8221;M\u00fcharib\u0259y\u0259 yox&#8221; dediyim \u00fc\u00e7\u00fcn roman\u0131m Az\u0259rbaycanda sat\u0131lm\u0131r&#8221;"},"content":{"rendered":"\n<p><em>&#8220;Arda Erelin son statusu yeni kitab\u0131n\u0131 daha \u00e7ox satmaq manevridir&#8221;<\/em><\/p>\n\n\n\n<p>\u201cYeni roman\u0131m \u201cAnam\u0131n bilm\u0259diyi h\u0259r \u015fey\u201d Az\u0259rbaycanda sat\u0131lm\u0131r. \u00c7\u00fcnki \u201cm\u00fcharib\u0259y\u0259 yox\u201d, &#8211; demi\u015fdim. B\u00fct\u00fcn kitablar\u0131m\u0131 qada\u011fan etdil\u0259r. M\u00fcharib\u0259y\u0259 qar\u015f\u0131 olma\u011f\u0131n c\u0259zas\u0131 kitablar\u0131 qada\u011fan etm\u0259k, m\u00fcharib\u0259 ist\u0259m\u0259y\u0259nl\u0259ri z\u0259ifl\u0259tm\u0259kdir\u201d.<\/p>\n\n\n\n<p>Bunu t\u00fcrkiy\u0259li bloq\u00e7u, yaz\u0131\u00e7\u0131 Arda Erel \u201cTwitter\u201dd\u0259 <a href=\"https:\/\/twitter.com\/ardaereel\/status\/1551104462579810304?ref_src=twsrc%5Etfw%7Ctwcamp%5Etweetembed%7Ctwterm%5E1551104462579810304%7Ctwgr%5E%7Ctwcon%5Es1_&amp;ref_url=https%3A%2F%2Fpublish.twitter.com%2F%3Fquery%3Dhttps3A2F2Ftwitter.com2Fardaereel2Fstatus2F1551104462579810304widget%3DTweet\" target=\"_blank\" rel=\"noreferrer noopener\">yaz\u0131b.<\/a><\/p>\n\n\n\n<p>\u0130kinci Qaraba\u011f m\u00fcharib\u0259si zaman\u0131 \u0259vv\u0259lc\u0259 t\u00fcrk yaz\u0131\u00e7\u0131 Elif \u015eafak\u0131n sosial \u015f\u0259b\u0259k\u0259d\u0259 payla\u015fd\u0131\u011f\u0131 video v\u0259 yazd\u0131\u011f\u0131 status Az\u0259rbaycanda \u0259ks reaksiyaya s\u0259b\u0259b olmu\u015fdu.<\/p>\n\n\n\n<p>Yaz\u0131\u00e7\u0131 \u0130kinci Qaraba\u011f M\u00fcharib\u0259si zaman\u0131 artilleriya m\u0259rmisi d\u00fc\u015fm\u0259si n\u0259tic\u0259sind\u0259 ciddi zayan g\u00f6r\u0259n Qazan\u00e7\u0131 kils\u0259sind\u0259 erm\u0259ni musiqi\u00e7inin ifas\u0131n\u0131 payla\u015faraq, \u201cS\u00fclh\u0259 inanan v\u0259 s\u00fclh\u00fc m\u00fcdafi\u0259d\u0259n \u0259l \u00e7\u0259km\u0259y\u0259n h\u0259r k\u0259s \u00fc\u00e7\u00fcnd\u00fcr bu payla\u015f\u0131m\u2026 Da\u011f\u0131nt\u0131lar aras\u0131nda s\u0259n\u0259t\u201d, &#8211; qeydini yazm\u0131\u015fd\u0131.<\/p>\n\n\n\n<p>Eyni videonu yaz\u0131\u00e7\u0131 Arda Erel d\u0259 \u201cTwitter\u201d hesab\u0131nda payla\u015faraq Az\u0259rbaycanla Erm\u0259nistan\u0131 s\u00fclh\u0259 \u00e7a\u011f\u0131rm\u0131\u015fd\u0131.<\/p>\n\n\n\n<p>H\u0259r iki yaz\u0131\u00e7\u0131n\u0131n payla\u015fd\u0131\u011f\u0131 status Az\u0259rbaycanda m\u00fc\u0259yy\u0259n m\u0259nada naraz\u0131l\u0131\u011fa s\u0259b\u0259b olmu\u015fdu.<\/p>\n\n\n\n<p>Bunun ard\u0131nca paytaxtdak\u0131 kitab sat\u0131\u015f\u0131 ma\u011fazalar\u0131 h\u0259r iki yaz\u0131\u00e7\u0131n\u0131n kitablar\u0131n\u0131n sat\u0131\u015f\u0131n\u0131 dayand\u0131rm\u0131\u015fd\u0131.<\/p>\n\n\n\n<p>Meydan TV-nin ara\u015fd\u0131rmas\u0131 zaman\u0131 m\u0259lum olub ki, haz\u0131rda h\u0259min yaz\u0131\u00e7\u0131lar\u0131n kitablar\u0131 h\u0259l\u0259 d\u0259 sat\u0131lm\u0131r.<\/p>\n\n\n\n<p>Arda Erelin kitab\u0131n\u0131 sat\u0131\u015fdan y\u0131\u011f\u0131\u015fd\u0131ran ma\u011fazalardan biri d\u0259 \u201c\u018fli v\u0259 Nino\u201d kitab sat\u0131\u015f\u0131 \u015f\u0259b\u0259k\u0259sidir.<\/p>\n\n\n\n<p>Ma\u011fazan\u0131n r\u0259hb\u0259ri Nigar K\u00f6\u00e7\u0259rli Meydan TV-y\u0259 hans\u0131sa yaz\u0131\u00e7\u0131n\u0131n siyasi bax\u0131\u015flar\u0131na g\u00f6r\u0259 kitab\u0131n\u0131n yasaqlanmas\u0131n\u0131, sat\u0131\u015fdan y\u0131\u011f\u0131\u015fd\u0131r\u0131lmas\u0131n\u0131 do\u011fru hesab etm\u0259diyini deyir: <\/p>\n\n\n\n<p>\u201cBizd\u0259 hans\u0131sa yaz\u0131\u00e7\u0131ya g\u00f6r\u0259 senzura yoxdur. Sad\u0259c\u0259, m\u00fcharib\u0259 vaxt\u0131 yaz\u0131\u00e7\u0131n\u0131n erm\u0259nil\u0259r\u0259 d\u0259st\u0259k payla\u015f\u0131m\u0131 m\u00fc\u015ft\u0259ril\u0259rin \u00e7ox b\u00f6y\u00fck naraz\u0131l\u0131\u011f\u0131na s\u0259b\u0259b oldu. Biz bu add\u0131m\u0131 daha \u00e7ox sat\u0131c\u0131lar\u0131n t\u0259hl\u00fck\u0259sizliyini qorumaq \u00fc\u00e7\u00fcn atd\u0131q. \u00c7\u00fcnki b\u00f6y\u00fck naraz\u0131l\u0131q vard\u0131. Naraz\u0131l\u0131q da olanda r\u0259hb\u0259rliy\u0259 bildirmirl\u0259r, g\u0259lib el\u0259 sat\u0131c\u0131lara deyirl\u0259r. Y\u0259ni sat\u0131c\u0131lara z\u0259rb\u0259 g\u0259lirdi, biz\u0259 yox&#8221;.<\/p>\n\n\n\n<p>&#8220;Hesab etmir\u0259m ki, yaz\u0131\u00e7\u0131n\u0131n bax\u0131\u015flar\u0131na g\u00f6r\u0259 hans\u0131sa kitab\u0131n\u0131 sat\u0131\u015fdan y\u0131\u011f\u0131\u015fd\u0131rmaq laz\u0131md\u0131r. S\u00f6z azadl\u0131\u011f\u0131, yarad\u0131c\u0131l\u0131q azadl\u0131\u011f\u0131 var. Kitablar\u0131 sat\u0131\u015fdan y\u0131\u011f\u0131\u015fd\u0131randa, biz bununla ba\u011fl\u0131 a\u00e7\u0131qlama verm\u0259mi\u015fik ki, etiraz olaraq kitab\u0131 qada\u011fan edirik. Bunu i\u015f\u00e7il\u0259rin t\u0259hl\u00fck\u0259sizliyi \u00fc\u00e7\u00fcn etmi\u015fdik\u201d, &#8211; dey\u0259 o bildirib.<\/p>\n\n\n\n<p>Yaz\u0131\u00e7\u0131 Qan Tural\u0131 m\u0259s\u0259l\u0259y\u0259 m\u00fcnasib\u0259t bildir\u0259rk\u0259n Arda Erelin son statusunu yeni kitab\u0131n\u0131 daha \u00e7ox satmaq manevri kimi d\u0259y\u0259rl\u0259ndirib.<\/p>\n\n\n\n<p>\u201cAz\u0259rbaycanda h\u00fcquqi bax\u0131mdan he\u00e7 bir kitaba senzura t\u0259tbiq oluna bilm\u0259z. Amma ayr\u0131-ayr\u0131 kitab sat\u0131c\u0131lar\u0131 bunu satmaqdan qorxurlarsa, bu, ictimai t\u0259zyiq, ictimai q\u0131naqla ba\u011fl\u0131d\u0131r. Arda Erel tan\u0131nmayan bir yaz\u0131\u00e7\u0131d\u0131r. Bir m\u0259s\u0259l\u0259 d\u0259 var ki, bu kimi variantlardan \u00f6z kitablar\u0131n\u0131n sat\u0131\u015f\u0131 \u00fc\u00e7\u00fcn istifad\u0259 edirl\u0259r\u201d, &#8211; yaz\u0131\u00e7\u0131 deyib.<\/p>\n","protected":false},"excerpt":{"rendered":"<p>&#8220;Arda Erelin son statusu yeni kitab\u0131n\u0131 daha \u00e7ox satmaq manevridir&#8221; &#8230; <\/p>\n<p class=\"read-more-container\"><a title=\"Arda Erel: &#8220;&#8221;M\u00fcharib\u0259y\u0259 yox&#8221; dediyim \u00fc\u00e7\u00fcn roman\u0131m Az\u0259rbaycanda sat\u0131lm\u0131r&#8221;\" class=\"read-more button\" href=\"https:\/\/www.meydan.tv\/az\/article\/arda-erel-muharibeye-yox-dediyim-ucun-romanim-azerbaycanda-satilmir\/#more-251684\" aria-label=\"Read more about Arda Erel: &#8220;&#8221;M\u00fcharib\u0259y\u0259 yox&#8221; dediyim \u00fc\u00e7\u00fcn roman\u0131m Az\u0259rbaycanda sat\u0131lm\u0131r&#8221;\">Davam\u0131<\/a><\/p>\n","protected":false},"author":8,"featured_media":251681,"comment_status":"closed","ping_status":"closed","sticky":false,"template":"","format":"standard","meta":{"_acf_changed":false,"_sitemap_exclude":false,"_sitemap_priority":"","_sitemap_frequency":"","footnotes":""},"categories":[52,56],"tags":[],"class_list":["post-251684","post","type-post","status-publish","format-standard","has-post-thumbnail","hentry","category-medeniyyet","category-xeberler","infinite-scroll-item","generate-columns","tablet-grid-50","mobile-grid-100","grid-parent","grid-33","no-featured-image-padding"],"acf":[],"yoast_head":"<!-- This site is optimized with the Yoast SEO plugin v27.5 - https:\/\/yoast.com\/product\/yoast-seo-wordpress\/ -->\n<title>Arda Erel: &quot;&quot;M\u00fcharib\u0259y\u0259 yox&quot; dediyim \u00fc\u00e7\u00fcn roman\u0131m Az\u0259rbaycanda sat\u0131lm\u0131r&quot; - MEYDAN.TV<\/title>\n<meta name=\"robots\" content=\"index, follow, max-snippet:-1, max-image-preview:large, max-video-preview:-1\" \/>\n<link rel=\"canonical\" href=\"https:\/\/www.meydan.tv\/az\/article\/arda-erel-muharibeye-yox-dediyim-ucun-romanim-azerbaycanda-satilmir\/\" \/>\n<meta property=\"og:locale\" content=\"az_AZ\" \/>\n<meta property=\"og:type\" content=\"article\" \/>\n<meta property=\"og:title\" content=\"Arda Erel: &quot;&quot;M\u00fcharib\u0259y\u0259 yox&quot; dediyim \u00fc\u00e7\u00fcn roman\u0131m Az\u0259rbaycanda sat\u0131lm\u0131r&quot; - MEYDAN.TV\" \/>\n<meta property=\"og:description\" content=\"&#8220;Arda Erelin son statusu yeni kitab\u0131n\u0131 daha \u00e7ox satmaq manevridir&#8221; ... Davam\u0131\" \/>\n<meta property=\"og:url\" content=\"https:\/\/www.meydan.tv\/az\/article\/arda-erel-muharibeye-yox-dediyim-ucun-romanim-azerbaycanda-satilmir\/\" \/>\n<meta property=\"og:site_name\" content=\"MEYDAN.TV\" \/>\n<meta property=\"article:published_time\" content=\"2022-07-25T14:05:57+00:00\" \/>\n<meta property=\"article:modified_time\" content=\"2022-07-25T14:05:59+00:00\" \/>\n<meta property=\"og:image\" content=\"https:\/\/www.meydan.tv\/wp-content\/uploads\/arda-erel-yazar-e1658752887569.jpg\" \/>\n\t<meta property=\"og:image:width\" content=\"1200\" \/>\n\t<meta property=\"og:image:height\" content=\"627\" \/>\n\t<meta property=\"og:image:type\" content=\"image\/jpeg\" \/>\n<meta name=\"author\" content=\"elli\" \/>\n<meta name=\"twitter:card\" content=\"summary_large_image\" \/>\n<meta name=\"twitter:creator\" content=\"@elli\" \/>\n<script type=\"application\/ld+json\" class=\"yoast-schema-graph\">{\"@context\":\"https:\\\/\\\/schema.org\",\"@graph\":[{\"@type\":\"Article\",\"@id\":\"https:\\\/\\\/www.meydan.tv\\\/az\\\/article\\\/arda-erel-muharibeye-yox-dediyim-ucun-romanim-azerbaycanda-satilmir\\\/#article\",\"isPartOf\":{\"@id\":\"https:\\\/\\\/www.meydan.tv\\\/az\\\/article\\\/arda-erel-muharibeye-yox-dediyim-ucun-romanim-azerbaycanda-satilmir\\\/\"},\"author\":{\"name\":\"elli\",\"@id\":\"https:\\\/\\\/www.meydan.tv\\\/az\\\/#\\\/schema\\\/person\\\/9cdbecf90d17180ce1dfbd95b08dcf47\"},\"headline\":\"Arda Erel: &#8220;&#8221;M\u00fcharib\u0259y\u0259 yox&#8221; dediyim \u00fc\u00e7\u00fcn roman\u0131m Az\u0259rbaycanda sat\u0131lm\u0131r&#8221;\",\"datePublished\":\"2022-07-25T14:05:57+00:00\",\"dateModified\":\"2022-07-25T14:05:59+00:00\",\"mainEntityOfPage\":{\"@id\":\"https:\\\/\\\/www.meydan.tv\\\/az\\\/article\\\/arda-erel-muharibeye-yox-dediyim-ucun-romanim-azerbaycanda-satilmir\\\/\"},\"wordCount\":606,\"publisher\":{\"@id\":\"https:\\\/\\\/www.meydan.tv\\\/az\\\/#organization\"},\"image\":{\"@id\":\"https:\\\/\\\/www.meydan.tv\\\/az\\\/article\\\/arda-erel-muharibeye-yox-dediyim-ucun-romanim-azerbaycanda-satilmir\\\/#primaryimage\"},\"thumbnailUrl\":\"https:\\\/\\\/www.meydan.tv\\\/wp-content\\\/uploads\\\/arda-erel-yazar-e1658752887569.jpg\",\"articleSection\":[\"M\u0259d\u0259niyy\u0259t\",\"X\u0259b\u0259rl\u0259r\"],\"inLanguage\":\"az\"},{\"@type\":\"WebPage\",\"@id\":\"https:\\\/\\\/www.meydan.tv\\\/az\\\/article\\\/arda-erel-muharibeye-yox-dediyim-ucun-romanim-azerbaycanda-satilmir\\\/\",\"url\":\"https:\\\/\\\/www.meydan.tv\\\/az\\\/article\\\/arda-erel-muharibeye-yox-dediyim-ucun-romanim-azerbaycanda-satilmir\\\/\",\"name\":\"Arda Erel: \\\"\\\"M\u00fcharib\u0259y\u0259 yox\\\" dediyim \u00fc\u00e7\u00fcn roman\u0131m Az\u0259rbaycanda sat\u0131lm\u0131r\\\" - MEYDAN.TV\",\"isPartOf\":{\"@id\":\"https:\\\/\\\/www.meydan.tv\\\/az\\\/#website\"},\"primaryImageOfPage\":{\"@id\":\"https:\\\/\\\/www.meydan.tv\\\/az\\\/article\\\/arda-erel-muharibeye-yox-dediyim-ucun-romanim-azerbaycanda-satilmir\\\/#primaryimage\"},\"image\":{\"@id\":\"https:\\\/\\\/www.meydan.tv\\\/az\\\/article\\\/arda-erel-muharibeye-yox-dediyim-ucun-romanim-azerbaycanda-satilmir\\\/#primaryimage\"},\"thumbnailUrl\":\"https:\\\/\\\/www.meydan.tv\\\/wp-content\\\/uploads\\\/arda-erel-yazar-e1658752887569.jpg\",\"datePublished\":\"2022-07-25T14:05:57+00:00\",\"dateModified\":\"2022-07-25T14:05:59+00:00\",\"breadcrumb\":{\"@id\":\"https:\\\/\\\/www.meydan.tv\\\/az\\\/article\\\/arda-erel-muharibeye-yox-dediyim-ucun-romanim-azerbaycanda-satilmir\\\/#breadcrumb\"},\"inLanguage\":\"az\",\"potentialAction\":[{\"@type\":\"ReadAction\",\"target\":[\"https:\\\/\\\/www.meydan.tv\\\/az\\\/article\\\/arda-erel-muharibeye-yox-dediyim-ucun-romanim-azerbaycanda-satilmir\\\/\"]}]},{\"@type\":\"ImageObject\",\"inLanguage\":\"az\",\"@id\":\"https:\\\/\\\/www.meydan.tv\\\/az\\\/article\\\/arda-erel-muharibeye-yox-dediyim-ucun-romanim-azerbaycanda-satilmir\\\/#primaryimage\",\"url\":\"https:\\\/\\\/www.meydan.tv\\\/wp-content\\\/uploads\\\/arda-erel-yazar-e1658752887569.jpg\",\"contentUrl\":\"https:\\\/\\\/www.meydan.tv\\\/wp-content\\\/uploads\\\/arda-erel-yazar-e1658752887569.jpg\",\"width\":1200,\"height\":627,\"caption\":\"Arda Erel. M\u0259nb\u0259: \\\"orgito.com\\\"\"},{\"@type\":\"BreadcrumbList\",\"@id\":\"https:\\\/\\\/www.meydan.tv\\\/az\\\/article\\\/arda-erel-muharibeye-yox-dediyim-ucun-romanim-azerbaycanda-satilmir\\\/#breadcrumb\",\"itemListElement\":[{\"@type\":\"ListItem\",\"position\":1,\"name\":\"Ana s\u0259hif\u0259\",\"item\":\"https:\\\/\\\/www.meydan.tv\\\/az\\\/\"},{\"@type\":\"ListItem\",\"position\":2,\"name\":\"M\u0259d\u0259niyy\u0259t\",\"item\":\"https:\\\/\\\/www.meydan.tv\\\/az\\\/section\\\/medeniyyet\\\/\"},{\"@type\":\"ListItem\",\"position\":3,\"name\":\"Arda Erel: &#8220;&#8221;M\u00fcharib\u0259y\u0259 yox&#8221; dediyim \u00fc\u00e7\u00fcn roman\u0131m Az\u0259rbaycanda sat\u0131lm\u0131r&#8221;\"}]},{\"@type\":\"WebSite\",\"@id\":\"https:\\\/\\\/www.meydan.tv\\\/az\\\/#website\",\"url\":\"https:\\\/\\\/www.meydan.tv\\\/az\\\/\",\"name\":\"MEYDAN.TV\",\"description\":\"Meydan TV Az\u0259rbaycan\u0131n media m\u0259kan\u0131ndak\u0131 alternativ s\u0259sidir\",\"publisher\":{\"@id\":\"https:\\\/\\\/www.meydan.tv\\\/az\\\/#organization\"},\"potentialAction\":[{\"@type\":\"SearchAction\",\"target\":{\"@type\":\"EntryPoint\",\"urlTemplate\":\"https:\\\/\\\/www.meydan.tv\\\/az\\\/?s={search_term_string}\"},\"query-input\":{\"@type\":\"PropertyValueSpecification\",\"valueRequired\":true,\"valueName\":\"search_term_string\"}}],\"inLanguage\":\"az\"},{\"@type\":\"Organization\",\"@id\":\"https:\\\/\\\/www.meydan.tv\\\/az\\\/#organization\",\"name\":\"Meydan TV\",\"url\":\"https:\\\/\\\/www.meydan.tv\\\/az\\\/\",\"logo\":{\"@type\":\"ImageObject\",\"inLanguage\":\"az\",\"@id\":\"https:\\\/\\\/www.meydan.tv\\\/az\\\/#\\\/schema\\\/logo\\\/image\\\/\",\"url\":\"https:\\\/\\\/www.meydan.tv\\\/wp-content\\\/uploads\\\/2021\\\/07\\\/meydan-logo.svg\",\"contentUrl\":\"https:\\\/\\\/www.meydan.tv\\\/wp-content\\\/uploads\\\/2021\\\/07\\\/meydan-logo.svg\",\"width\":195,\"height\":46,\"caption\":\"Meydan TV\"},\"image\":{\"@id\":\"https:\\\/\\\/www.meydan.tv\\\/az\\\/#\\\/schema\\\/logo\\\/image\\\/\"}},{\"@type\":\"Person\",\"@id\":\"https:\\\/\\\/www.meydan.tv\\\/az\\\/#\\\/schema\\\/person\\\/9cdbecf90d17180ce1dfbd95b08dcf47\",\"name\":\"elli\",\"sameAs\":[\"https:\\\/\\\/x.com\\\/elli\"]}]}<\/script>\n<!-- \/ Yoast SEO plugin. -->","yoast_head_json":{"title":"Arda Erel: \"\"M\u00fcharib\u0259y\u0259 yox\" dediyim \u00fc\u00e7\u00fcn roman\u0131m Az\u0259rbaycanda sat\u0131lm\u0131r\" - MEYDAN.TV","robots":{"index":"index","follow":"follow","max-snippet":"max-snippet:-1","max-image-preview":"max-image-preview:large","max-video-preview":"max-video-preview:-1"},"canonical":"https:\/\/www.meydan.tv\/az\/article\/arda-erel-muharibeye-yox-dediyim-ucun-romanim-azerbaycanda-satilmir\/","og_locale":"az_AZ","og_type":"article","og_title":"Arda Erel: \"\"M\u00fcharib\u0259y\u0259 yox\" dediyim \u00fc\u00e7\u00fcn roman\u0131m Az\u0259rbaycanda sat\u0131lm\u0131r\" - MEYDAN.TV","og_description":"&#8220;Arda Erelin son statusu yeni kitab\u0131n\u0131 daha \u00e7ox satmaq manevridir&#8221; ... Davam\u0131","og_url":"https:\/\/www.meydan.tv\/az\/article\/arda-erel-muharibeye-yox-dediyim-ucun-romanim-azerbaycanda-satilmir\/","og_site_name":"MEYDAN.TV","article_published_time":"2022-07-25T14:05:57+00:00","article_modified_time":"2022-07-25T14:05:59+00:00","og_image":[{"width":1200,"height":627,"url":"https:\/\/www.meydan.tv\/wp-content\/uploads\/arda-erel-yazar-e1658752887569.jpg","type":"image\/jpeg"}],"author":"elli","twitter_card":"summary_large_image","twitter_creator":"@elli","schema":{"@context":"https:\/\/schema.org","@graph":[{"@type":"Article","@id":"https:\/\/www.meydan.tv\/az\/article\/arda-erel-muharibeye-yox-dediyim-ucun-romanim-azerbaycanda-satilmir\/#article","isPartOf":{"@id":"https:\/\/www.meydan.tv\/az\/article\/arda-erel-muharibeye-yox-dediyim-ucun-romanim-azerbaycanda-satilmir\/"},"author":{"name":"elli","@id":"https:\/\/www.meydan.tv\/az\/#\/schema\/person\/9cdbecf90d17180ce1dfbd95b08dcf47"},"headline":"Arda Erel: &#8220;&#8221;M\u00fcharib\u0259y\u0259 yox&#8221; dediyim \u00fc\u00e7\u00fcn roman\u0131m Az\u0259rbaycanda sat\u0131lm\u0131r&#8221;","datePublished":"2022-07-25T14:05:57+00:00","dateModified":"2022-07-25T14:05:59+00:00","mainEntityOfPage":{"@id":"https:\/\/www.meydan.tv\/az\/article\/arda-erel-muharibeye-yox-dediyim-ucun-romanim-azerbaycanda-satilmir\/"},"wordCount":606,"publisher":{"@id":"https:\/\/www.meydan.tv\/az\/#organization"},"image":{"@id":"https:\/\/www.meydan.tv\/az\/article\/arda-erel-muharibeye-yox-dediyim-ucun-romanim-azerbaycanda-satilmir\/#primaryimage"},"thumbnailUrl":"https:\/\/www.meydan.tv\/wp-content\/uploads\/arda-erel-yazar-e1658752887569.jpg","articleSection":["M\u0259d\u0259niyy\u0259t","X\u0259b\u0259rl\u0259r"],"inLanguage":"az"},{"@type":"WebPage","@id":"https:\/\/www.meydan.tv\/az\/article\/arda-erel-muharibeye-yox-dediyim-ucun-romanim-azerbaycanda-satilmir\/","url":"https:\/\/www.meydan.tv\/az\/article\/arda-erel-muharibeye-yox-dediyim-ucun-romanim-azerbaycanda-satilmir\/","name":"Arda Erel: \"\"M\u00fcharib\u0259y\u0259 yox\" dediyim \u00fc\u00e7\u00fcn roman\u0131m Az\u0259rbaycanda sat\u0131lm\u0131r\" - MEYDAN.TV","isPartOf":{"@id":"https:\/\/www.meydan.tv\/az\/#website"},"primaryImageOfPage":{"@id":"https:\/\/www.meydan.tv\/az\/article\/arda-erel-muharibeye-yox-dediyim-ucun-romanim-azerbaycanda-satilmir\/#primaryimage"},"image":{"@id":"https:\/\/www.meydan.tv\/az\/article\/arda-erel-muharibeye-yox-dediyim-ucun-romanim-azerbaycanda-satilmir\/#primaryimage"},"thumbnailUrl":"https:\/\/www.meydan.tv\/wp-content\/uploads\/arda-erel-yazar-e1658752887569.jpg","datePublished":"2022-07-25T14:05:57+00:00","dateModified":"2022-07-25T14:05:59+00:00","breadcrumb":{"@id":"https:\/\/www.meydan.tv\/az\/article\/arda-erel-muharibeye-yox-dediyim-ucun-romanim-azerbaycanda-satilmir\/#breadcrumb"},"inLanguage":"az","potentialAction":[{"@type":"ReadAction","target":["https:\/\/www.meydan.tv\/az\/article\/arda-erel-muharibeye-yox-dediyim-ucun-romanim-azerbaycanda-satilmir\/"]}]},{"@type":"ImageObject","inLanguage":"az","@id":"https:\/\/www.meydan.tv\/az\/article\/arda-erel-muharibeye-yox-dediyim-ucun-romanim-azerbaycanda-satilmir\/#primaryimage","url":"https:\/\/www.meydan.tv\/wp-content\/uploads\/arda-erel-yazar-e1658752887569.jpg","contentUrl":"https:\/\/www.meydan.tv\/wp-content\/uploads\/arda-erel-yazar-e1658752887569.jpg","width":1200,"height":627,"caption":"Arda Erel. M\u0259nb\u0259: \"orgito.com\""},{"@type":"BreadcrumbList","@id":"https:\/\/www.meydan.tv\/az\/article\/arda-erel-muharibeye-yox-dediyim-ucun-romanim-azerbaycanda-satilmir\/#breadcrumb","itemListElement":[{"@type":"ListItem","position":1,"name":"Ana s\u0259hif\u0259","item":"https:\/\/www.meydan.tv\/az\/"},{"@type":"ListItem","position":2,"name":"M\u0259d\u0259niyy\u0259t","item":"https:\/\/www.meydan.tv\/az\/section\/medeniyyet\/"},{"@type":"ListItem","position":3,"name":"Arda Erel: &#8220;&#8221;M\u00fcharib\u0259y\u0259 yox&#8221; dediyim \u00fc\u00e7\u00fcn roman\u0131m Az\u0259rbaycanda sat\u0131lm\u0131r&#8221;"}]},{"@type":"WebSite","@id":"https:\/\/www.meydan.tv\/az\/#website","url":"https:\/\/www.meydan.tv\/az\/","name":"MEYDAN.TV","description":"Meydan TV Az\u0259rbaycan\u0131n media m\u0259kan\u0131ndak\u0131 alternativ s\u0259sidir","publisher":{"@id":"https:\/\/www.meydan.tv\/az\/#organization"},"potentialAction":[{"@type":"SearchAction","target":{"@type":"EntryPoint","urlTemplate":"https:\/\/www.meydan.tv\/az\/?s={search_term_string}"},"query-input":{"@type":"PropertyValueSpecification","valueRequired":true,"valueName":"search_term_string"}}],"inLanguage":"az"},{"@type":"Organization","@id":"https:\/\/www.meydan.tv\/az\/#organization","name":"Meydan TV","url":"https:\/\/www.meydan.tv\/az\/","logo":{"@type":"ImageObject","inLanguage":"az","@id":"https:\/\/www.meydan.tv\/az\/#\/schema\/logo\/image\/","url":"https:\/\/www.meydan.tv\/wp-content\/uploads\/2021\/07\/meydan-logo.svg","contentUrl":"https:\/\/www.meydan.tv\/wp-content\/uploads\/2021\/07\/meydan-logo.svg","width":195,"height":46,"caption":"Meydan TV"},"image":{"@id":"https:\/\/www.meydan.tv\/az\/#\/schema\/logo\/image\/"}},{"@type":"Person","@id":"https:\/\/www.meydan.tv\/az\/#\/schema\/person\/9cdbecf90d17180ce1dfbd95b08dcf47","name":"elli","sameAs":["https:\/\/x.com\/elli"]}]}},"_links":{"self":[{"href":"https:\/\/www.meydan.tv\/az\/wp-json\/wp\/v2\/posts\/251684","targetHints":{"allow":["GET"]}}],"collection":[{"href":"https:\/\/www.meydan.tv\/az\/wp-json\/wp\/v2\/posts"}],"about":[{"href":"https:\/\/www.meydan.tv\/az\/wp-json\/wp\/v2\/types\/post"}],"author":[{"embeddable":true,"href":"https:\/\/www.meydan.tv\/az\/wp-json\/wp\/v2\/users\/8"}],"replies":[{"embeddable":true,"href":"https:\/\/www.meydan.tv\/az\/wp-json\/wp\/v2\/comments?post=251684"}],"version-history":[{"count":2,"href":"https:\/\/www.meydan.tv\/az\/wp-json\/wp\/v2\/posts\/251684\/revisions"}],"predecessor-version":[{"id":251698,"href":"https:\/\/www.meydan.tv\/az\/wp-json\/wp\/v2\/posts\/251684\/revisions\/251698"}],"wp:featuredmedia":[{"embeddable":true,"href":"https:\/\/www.meydan.tv\/az\/wp-json\/wp\/v2\/media\/251681"}],"wp:attachment":[{"href":"https:\/\/www.meydan.tv\/az\/wp-json\/wp\/v2\/media?parent=251684"}],"wp:term":[{"taxonomy":"category","embeddable":true,"href":"https:\/\/www.meydan.tv\/az\/wp-json\/wp\/v2\/categories?post=251684"},{"taxonomy":"post_tag","embeddable":true,"href":"https:\/\/www.meydan.tv\/az\/wp-json\/wp\/v2\/tags?post=251684"}],"curies":[{"name":"wp","href":"https:\/\/api.w.org\/{rel}","templated":true}]}}