{"id":251666,"date":"2022-07-25T14:37:52","date_gmt":"2022-07-25T10:37:52","guid":{"rendered":"https:\/\/www.meydan.tv\/?p=251666"},"modified":"2022-07-25T14:37:54","modified_gmt":"2022-07-25T10:37:54","slug":"qazi-bayram-mikayilov-meni-asagilayir-tehqir-edir","status":"publish","type":"post","link":"https:\/\/www.meydan.tv\/az\/article\/qazi-bayram-mikayilov-meni-asagilayir-tehqir-edir\/","title":{"rendered":"Qazi: \u201cBayram Mikay\u0131lov m\u0259ni a\u015fa\u011f\u0131lay\u0131r, t\u0259hqir edir\u201d"},"content":{"rendered":"\n<p><\/p>\n\n\n\n<p><em>M\u0259tbuatda ad\u0131 tez-tez hallanan m\u0259mur yeni v\u0259zif\u0259sind\u0259 d\u0259 naraz\u0131l\u0131\u011fa s\u0259b\u0259b olub<\/em><\/p>\n\n\n\n<p>\u201cT\u0259hqir edir, a\u015fa\u011f\u0131lay\u0131r, deyir ki, m\u0259n he\u00e7 kimd\u0259n qorxmuram, \u00e7\u0259kinmir\u0259m, m\u0259nim arxam var, m\u0259n\u0259 he\u00e7 kim he\u00e7 n\u0259 ed\u0259 bilm\u0259z, get n\u0259 edirs\u0259n et\u201d.<\/p>\n\n\n\n<p>Sabirabad rayonu K\u00fcrk\u0259ndi k\u0259nd sakini 22 ya\u015fl\u0131 Ab\u0131\u015f \u0130smay\u0131lov \u0130kinci Qaraba\u011f M\u00fcharib\u0259si qazisidir. O, Meydan TV-y\u0259 m\u00fchafiz\u0259\u00e7i i\u015fl\u0259diyi Sabirabad Rayon M\u0259rk\u0259zi X\u0259st\u0259xanas\u0131nda qar\u015f\u0131la\u015fd\u0131\u011f\u0131 \u00f6zba\u015f\u0131nal\u0131qdan s\u00f6z a\u00e7\u0131r.<\/p>\n\n\n\n<p>Ab\u0131\u015f \u0130smay\u0131lov bir m\u00fcdd\u0259t \u0259vv\u0259l x\u0259st\u0259xanaya m\u00fchafiz\u0259\u00e7i v\u0259zif\u0259sin\u0259 i\u015f\u0259 q\u0259bul edilib. Qazinin s\u00f6zl\u0259rin\u0259 g\u00f6r\u0259, maliyy\u0259 i\u015fl\u0259ri \u00fczr\u0259 direktor m\u00fcavini Bayram Mikay\u0131lovun onunla q\u0259r\u0259zliliyinin k\u00f6k\u00fcnd\u0259 d\u0259 x\u0259st\u0259xanaya i\u015f\u0259 d\u00fcz\u0259l\u0259rk\u0259n r\u00fc\u015fv\u0259t verm\u0259m\u0259si durur:<\/p>\n\n\n\n<p>\u201c9 ayd\u0131r ki, bu x\u0259st\u0259xanada m\u00fchafiz\u0259\u00e7i i\u015fl\u0259yir\u0259m. Sa\u011f olsun, m\u0259ni bura x\u0259st\u0259xanan\u0131n direktoru i\u015f\u0259 g\u00f6t\u00fcrd\u00fc. El\u0259 i\u015f \u00fc\u00e7\u00fcn m\u00fcraci\u0259t ed\u0259n ilk g\u00fcnd\u0259 dedi ki, s\u0259n\u0259dl\u0259rini topla, g\u0259l. Bayram Mikay\u0131lovsa x\u0259st\u0259xanaya 3 ay olar ki, maliyy\u0259 i\u015fl\u0259ri \u00fczr\u0259 direktor t\u0259yin edilib. G\u0259l\u0259n g\u00fcnd\u0259n ara\u015fd\u0131r\u0131b ki, m\u0259n bura m\u00fcharib\u0259 i\u015ftirak\u00e7\u0131s\u0131 kimi i\u015f \u00fc\u00e7\u00fcn a\u011f\u0131z a\u00e7\u0131b, bir q\u0259piksiz i\u015f\u0259 d\u00fcz\u0259lmi\u015f\u0259m. O g\u00fcn \u2013 bu g\u00fcn, ham\u0131n\u0131n i\u00e7\u0259risind\u0259 m\u0259n\u0259 a\u015fa\u011f\u0131lay\u0131c\u0131 s\u00f6zl\u0259r deyir. D\u0259f\u0259l\u0259rl\u0259 i\u015f yolda\u015flar\u0131m\u0131n, x\u0259st\u0259l\u0259rin g\u00f6z\u00fc qar\u015f\u0131s\u0131nda m\u0259ni he\u00e7 bir s\u0259b\u0259b olmadan t\u0259hqir edib\u201d.<\/p>\n\n\n\n<p>Ab\u0131\u015f \u0130smay\u0131lov deyir, Bayram Mikay\u0131lovun bu davran\u0131\u015flar\u0131ndan rayon m\u0259murlar\u0131n\u0131n da x\u0259b\u0259ri var, ancaq t\u0259dbir g\u00f6r\u00fclm\u00fcr:<\/p>\n\n\n\n<p>\u201cBu adam anlam\u0131r ki, m\u0259n m\u00fcharib\u0259d\u0259n psixoloji travmalarla qay\u0131tm\u0131\u015fam. Bundan ham\u0131n\u0131n x\u0259b\u0259ri var. Bununla ba\u011fl\u0131 x\u0259st\u0259xanas\u0131n\u0131n direktoru \u018fnv\u0259r Lumanova, icra hakimiyy\u0259tinin ba\u015f\u00e7\u0131s\u0131 Siraq\u0259ddin Cabbarova, Rayon Polis \u015e\u00f6b\u0259sinin r\u0259isin\u0259, Daxili \u0130\u015fl\u0259r Nazirliyin\u0259, Sabirabad rayonunun Milli M\u0259clisd\u0259ki t\u0259msil\u00e7isi Kamal C\u0259f\u0259rova da yazm\u0131\u015fam\u201d.<\/p>\n\n\n\n<p>\u201cBu adam t\u0259kc\u0259 m\u0259niml\u0259 yox, ba\u015fqa i\u015f\u00e7il\u0259rl\u0259, x\u0259st\u0259xanaya g\u0259l\u0259n v\u0259t\u0259nda\u015flarla da \u00f6z t\u0259rbiy\u0259sin\u0259 uy\u011fun davran\u0131r. Adamlar i\u015fl\u0259rini itirm\u0259m\u0259k \u00fc\u00e7\u00fcn susma\u011fa \u00fcst\u00fcnl\u00fck verirl\u0259r. Ancaq h\u0259r \u015fey bir yer\u0259 q\u0259d\u0259rdir, bunun ax\u0131r\u0131 yoxdur. Bu adam\u0131n \u0259lind\u0259n az qal\u0131ram \u00f6z\u00fcm\u00fc \u00f6ld\u00fcr\u00fcm\u201d, &#8211; qazi deyir.<\/p>\n\n\n\n<p>Ab\u0131\u015f \u0130smay\u0131lov \u0130kinci Qaraba\u011f M\u00fcharib\u0259sind\u0259 F\u00fczulinin, C\u0259bray\u0131l\u0131n, Xocav\u0259ndin v\u0259 K\u0259lb\u0259c\u0259rin azad olunmas\u0131na g\u00f6r\u0259 medallar\u0131 il\u0259 t\u0259ltif edilib. M\u00fcdafi\u0259 Nazirliyinin M\u0259rk\u0259zi H\u0259rbi Poliklinikas\u0131 t\u0259r\u0259find\u0259n ona Az\u0259rbaycan Respublikas\u0131n\u0131n m\u00fcdafi\u0259si zaman\u0131 h\u0259rbi travma almas\u0131 bar\u0259d\u0259 aray\u0131\u015f da verilib.<\/p>\n\n\n\n<p>Meydan TV iddialara m\u00fcnasib\u0259t \u00f6yr\u0259nm\u0259k \u00fc\u00e7\u00fcn Bayram Mikay\u0131lovla \u0259laq\u0259 saxlay\u0131b. Bayram Mikay\u0131lov deyil\u0259nl\u0259ri t\u0259kzib edib:<\/p>\n\n\n\n<p>\u201cBiz ziyal\u0131 adam\u0131q, d\u00f6vl\u0259t\u0259, c\u0259nab Prezident\u0259 xidm\u0259t ed\u0259n insanlar\u0131q. N\u0259inki V\u0259t\u0259n m\u00fcharib\u0259si i\u015ftirak\u00e7\u0131s\u0131n\u0131, s\u0131radan bir v\u0259t\u0259nda\u015f\u0131n da x\u0259trin\u0259 d\u0259y\u0259c\u0259k bir s\u00f6z dem\u0259rik. \u0130nsand\u0131r d\u0259, ola bilsin \u0259s\u0259bil\u0259\u015fib, deyib, burda bel\u0259 \u015fey \u015fey olmay\u0131b.<\/p>\n\n\n\n<p>Meydan TV \u0259m\u0259kda\u015f\u0131 qazinin naraz\u0131l\u0131qlar\u0131 il\u0259 ba\u011fl\u0131 video yayd\u0131\u011f\u0131n\u0131 da xat\u0131rlad\u0131b.<\/p>\n\n\n\n<p>Bayram Mikay\u0131lov: \u201cVideo da \u00e7\u0259kib ki? Biz d\u00f6vl\u0259t\u0259, d\u00f6vl\u0259t\u00e7iliy\u0259 xidm\u0259t ed\u0259n, Allah\u0131 tan\u0131yan adamlar\u0131q. He\u00e7 kimin haqq\u0131na girm\u0259r\u0259m, kimis\u0259 t\u0259hqir etm\u0259r\u0259m. M\u0259n\u0259 yara\u015fmaz. Burda t\u0259z\u0259 i\u015fl\u0259yir\u0259m, Burda t\u0259z\u0259 i\u015fl\u0259yir\u0259m, bu x\u0259st\u0259xanada Qaraba\u011f qazil\u0259ri d\u0259 yat\u0131r, h\u0259r g\u00fcn d\u0259f\u0259l\u0259rl\u0259 ba\u015f \u00e7\u0259kir\u0259m, maraqlan\u0131ram, bu, bizim borcumuzdur. Onlar bizd\u0259n \u00f6tr\u00fc canlar\u0131n\u0131 qaba\u011fa veribl\u0259r. C\u0259nab Prezidentin b\u00fct\u00fcn t\u0259dbirl\u0259rd\u0259 d\u0259 ilk tap\u015f\u0131r\u0131\u011f\u0131 bu olur ki, onlar bizim ba\u015f\u0131m\u0131z\u0131n tac\u0131d\u0131r, biz d\u0259 layiqinc\u0259 xidm\u0259t edirik\u201d.<\/p>\n\n\n\n<p>Meydan TV m\u00fcxbiri Bayram Mikay\u0131lovdan m\u0259s\u0259l\u0259y\u0259 m\u00fcnasib\u0259t \u00f6yr\u0259ndikd\u0259n sonra x\u0259st\u0259xana r\u0259hb\u0259rliyi Ab\u0131\u015f \u0130smay\u0131lova direktor m\u00fcaviniyl\u0259 bar\u0131\u015f\u0131\u011fa g\u0259lm\u0259sini, \u015fikay\u0259tl\u0259rind\u0259n \u0259l \u00e7\u0259km\u0259sini t\u0259klif edib. Bu bar\u0259d\u0259 Meydan TV-y\u0259 t\u0259krar m\u00fcraci\u0259t ed\u0259n Ab\u0131\u015f \u0130smay\u0131lov deyir:<\/p>\n\n\n\n<p>\u201c\u0130ki g\u00fcnd\u00fcr deyirl\u0259r, get ota\u011f\u0131na, s\u0259nd\u0259n \u00fczr ist\u0259y\u0259c\u0259k. Getdim, dedim, m\u0259ni nec\u0259 ki, x\u0259st\u0259xana i\u015f\u00e7il\u0259rinin, m\u00fcalic\u0259 \u00fc\u00e7\u00fcn g\u0259l\u0259n x\u0259st\u0259l\u0259rin yan\u0131nda a\u015fa\u011f\u0131lam\u0131s\u0131z, ictimaiyy\u0259t i\u00e7\u0259risind\u0259 d\u0259 \u00fczr ist\u0259s\u0259niz, q\u0259bul ed\u0259r\u0259m, ikilikd\u0259 ed\u0259c\u0259yiniz \u00fczrxahl\u0131\u011f\u0131 q\u0259bul etmir\u0259m. Dedi, s\u0259n \u0259vv\u0259lc\u0259 get, maraqlan g\u00f6r, m\u0259n bura hans\u0131 yollardan ke\u00e7ib g\u0259lmi\u015f\u0259m. S\u0259n kims\u0259n ki, camaat\u0131n i\u00e7\u0259risind\u0259 s\u0259nd\u0259n \u00fczr ist\u0259yim? Sonra m\u0259ni qovdu\u201d.<\/p>\n\n\n\n<p>Meydan TV Bayram Mikay\u0131lovun Sabirabad rRayon M\u0259rk\u0259zi X\u0259st\u0259xanas\u0131nad\u0259k olan f\u0259aliyy\u0259ti il\u0259 ba\u011fl\u0131 ki\u00e7ik bir ara\u015fd\u0131rma apar\u0131b. M\u0259lum olub ki, o, 2017-ci ild\u0259 D\u00f6vl\u0259t Sosial M\u00fcdafi\u0259 Fondunun (DSMF) Saatl\u0131 rayon \u015f\u00f6b\u0259sinin m\u00fcdiri i\u015fl\u0259y\u0259rk\u0259n rayon sakini, ah\u0131l ya\u015flar\u0131nda olan El\u015f\u0259n Allahyarovu \u00f6z i\u015f ota\u011f\u0131nda a\u015fa\u011f\u0131lay\u0131c\u0131 s\u00f6zl\u0259rl\u0259 t\u0259hqir etdiyin\u0259 g\u00f6r\u0259 i\u015fd\u0259n \u00e7\u0131xar\u0131l\u0131b. H\u0259min d\u00f6vrd\u0259 hadis\u0259nin videog\u00f6r\u00fcnt\u00fcs\u00fc sosial \u015f\u0259b\u0259k\u0259l\u0259rd\u0259 d\u0259 geni\u015f yay\u0131l\u0131b.<\/p>\n\n\n\n<p>El\u0259 h\u0259min il Bak\u0131n\u0131n X\u0259tai rayonu \u0259razisind\u0259 h\u0259yat yolda\u015f\u0131 G\u00fclnar\u0259 C\u0259bray\u0131lovan\u0131 b\u0131\u00e7aqlad\u0131\u011f\u0131na g\u00f6r\u0259 X\u0259tai rayon Polis \u0130dar\u0259sind\u0259 bar\u0259sind\u0259 Cinay\u0259t M\u0259c\u0259ll\u0259sinin 221.3-c\u00fc madd\u0259siyl\u0259 cinay\u0259t i\u015fi ba\u015flan\u0131b. 2019-cu ild\u0259 is\u0259 o, DSMF-nin Sabirabad rayon \u015f\u00f6b\u0259sin\u0259 r\u0259is t\u0259yin edilib. Ancaq v\u0259t\u0259nda\u015flar\u0131n pensiyas\u0131yla ba\u011fl\u0131 k\u00fclli miqdarda pul m\u0259nims\u0259m\u0259d\u0259 iittiham olunaraq i\u015fd\u0259n \u00e7\u0131xar\u0131l\u0131b. H\u0259min vaxt \u018fm\u0259k v\u0259 \u018fhalinin Sosial M\u00fcdafi\u0259si Nazirliyi onun v\u0259zif\u0259sini icra ed\u0259rk\u0259n kobud n\u00f6qsanlara yol verdiyi \u00fc\u00e7\u00fcn i\u015fd\u0259n \u00e7\u0131xar\u0131ld\u0131\u011f\u0131n\u0131 <a href=\"https:\/\/www.bizimyol.info\/az\/news\/199340.html\" target=\"_blank\" rel=\"noreferrer noopener\">bildirib<\/a>.<\/p>\n\n\n\n<p>H\u0259tta onun \u0259m\u0259lin\u0259 h\u00fcquqi qiym\u0259t verilm\u0259si \u00fc\u00e7\u00fcn bar\u0259sind\u0259 toplanm\u0131\u015f materiallar Ba\u015f Prokuror Yan\u0131nda Korrupsiyaya Qar\u015f\u0131 M\u00fcbariz\u0259 Ba\u015f \u0130dar\u0259sin\u0259 g\u00f6nd\u0259rilib, q\u0131sam\u00fcdd\u0259tli h\u0259bsd\u0259 olub. 3 aya yax\u0131nd\u0131r ki, T\u018fB\u0130B onu Sabirabad Rayon M\u0259rk\u0259zi X\u0259st\u0259xanas\u0131na direktorun maliyy\u0259 i\u015fl\u0259ri \u00fczr\u0259 m\u00fcavini v\u0259zif\u0259sin\u0259 t\u0259yin edib.<\/p>\n","protected":false},"excerpt":{"rendered":"<p>M\u0259tbuatda ad\u0131 tez-tez hallanan m\u0259mur yeni v\u0259zif\u0259sind\u0259 d\u0259 naraz\u0131l\u0131\u011fa s\u0259b\u0259b &#8230; <\/p>\n<p class=\"read-more-container\"><a title=\"Qazi: \u201cBayram Mikay\u0131lov m\u0259ni a\u015fa\u011f\u0131lay\u0131r, t\u0259hqir edir\u201d\" class=\"read-more button\" href=\"https:\/\/www.meydan.tv\/az\/article\/qazi-bayram-mikayilov-meni-asagilayir-tehqir-edir\/#more-251666\" aria-label=\"Read more about Qazi: \u201cBayram Mikay\u0131lov m\u0259ni a\u015fa\u011f\u0131lay\u0131r, t\u0259hqir edir\u201d\">Davam\u0131<\/a><\/p>\n","protected":false},"author":8,"featured_media":251663,"comment_status":"closed","ping_status":"closed","sticky":false,"template":"","format":"standard","meta":{"_acf_changed":false,"_sitemap_exclude":false,"_sitemap_priority":"","_sitemap_frequency":"","footnotes":""},"categories":[60,79,56],"tags":[],"class_list":["post-251666","post","type-post","status-publish","format-standard","has-post-thumbnail","hentry","category-bolge","category-featured","category-xeberler","infinite-scroll-item","generate-columns","tablet-grid-50","mobile-grid-100","grid-parent","grid-33","no-featured-image-padding"],"acf":[],"yoast_head":"<!-- This site is optimized with the Yoast SEO plugin v27.5 - https:\/\/yoast.com\/product\/yoast-seo-wordpress\/ -->\n<title>Qazi: \u201cBayram Mikay\u0131lov m\u0259ni a\u015fa\u011f\u0131lay\u0131r, t\u0259hqir edir\u201d - MEYDAN.TV<\/title>\n<meta name=\"robots\" content=\"index, follow, max-snippet:-1, max-image-preview:large, max-video-preview:-1\" \/>\n<link rel=\"canonical\" href=\"https:\/\/www.meydan.tv\/az\/article\/qazi-bayram-mikayilov-meni-asagilayir-tehqir-edir\/\" \/>\n<meta property=\"og:locale\" content=\"az_AZ\" \/>\n<meta property=\"og:type\" content=\"article\" \/>\n<meta property=\"og:title\" content=\"Qazi: \u201cBayram Mikay\u0131lov m\u0259ni a\u015fa\u011f\u0131lay\u0131r, t\u0259hqir edir\u201d - MEYDAN.TV\" \/>\n<meta property=\"og:description\" content=\"M\u0259tbuatda ad\u0131 tez-tez hallanan m\u0259mur yeni v\u0259zif\u0259sind\u0259 d\u0259 naraz\u0131l\u0131\u011fa s\u0259b\u0259b ... Davam\u0131\" \/>\n<meta property=\"og:url\" content=\"https:\/\/www.meydan.tv\/az\/article\/qazi-bayram-mikayilov-meni-asagilayir-tehqir-edir\/\" \/>\n<meta property=\"og:site_name\" content=\"MEYDAN.TV\" \/>\n<meta property=\"article:published_time\" content=\"2022-07-25T10:37:52+00:00\" \/>\n<meta property=\"article:modified_time\" content=\"2022-07-25T10:37:54+00:00\" \/>\n<meta property=\"og:image\" content=\"https:\/\/www.meydan.tv\/wp-content\/uploads\/untitled-design-5-21-e1658745467843.jpg\" \/>\n\t<meta property=\"og:image:width\" content=\"1200\" \/>\n\t<meta property=\"og:image:height\" content=\"555\" \/>\n\t<meta property=\"og:image:type\" content=\"image\/jpeg\" \/>\n<meta name=\"author\" content=\"elli\" \/>\n<meta name=\"twitter:card\" content=\"summary_large_image\" \/>\n<meta name=\"twitter:creator\" content=\"@elli\" \/>\n<script type=\"application\/ld+json\" class=\"yoast-schema-graph\">{\"@context\":\"https:\\\/\\\/schema.org\",\"@graph\":[{\"@type\":\"Article\",\"@id\":\"https:\\\/\\\/www.meydan.tv\\\/az\\\/article\\\/qazi-bayram-mikayilov-meni-asagilayir-tehqir-edir\\\/#article\",\"isPartOf\":{\"@id\":\"https:\\\/\\\/www.meydan.tv\\\/az\\\/article\\\/qazi-bayram-mikayilov-meni-asagilayir-tehqir-edir\\\/\"},\"author\":{\"name\":\"elli\",\"@id\":\"https:\\\/\\\/www.meydan.tv\\\/az\\\/#\\\/schema\\\/person\\\/9cdbecf90d17180ce1dfbd95b08dcf47\"},\"headline\":\"Qazi: \u201cBayram Mikay\u0131lov m\u0259ni a\u015fa\u011f\u0131lay\u0131r, t\u0259hqir edir\u201d\",\"datePublished\":\"2022-07-25T10:37:52+00:00\",\"dateModified\":\"2022-07-25T10:37:54+00:00\",\"mainEntityOfPage\":{\"@id\":\"https:\\\/\\\/www.meydan.tv\\\/az\\\/article\\\/qazi-bayram-mikayilov-meni-asagilayir-tehqir-edir\\\/\"},\"wordCount\":1257,\"publisher\":{\"@id\":\"https:\\\/\\\/www.meydan.tv\\\/az\\\/#organization\"},\"image\":{\"@id\":\"https:\\\/\\\/www.meydan.tv\\\/az\\\/article\\\/qazi-bayram-mikayilov-meni-asagilayir-tehqir-edir\\\/#primaryimage\"},\"thumbnailUrl\":\"https:\\\/\\\/www.meydan.tv\\\/wp-content\\\/uploads\\\/untitled-design-5-21-e1658745467843.jpg\",\"articleSection\":[\"B\u00f6lg\u0259\",\"T\u00f6vsiy\u0259\",\"X\u0259b\u0259rl\u0259r\"],\"inLanguage\":\"az\"},{\"@type\":\"WebPage\",\"@id\":\"https:\\\/\\\/www.meydan.tv\\\/az\\\/article\\\/qazi-bayram-mikayilov-meni-asagilayir-tehqir-edir\\\/\",\"url\":\"https:\\\/\\\/www.meydan.tv\\\/az\\\/article\\\/qazi-bayram-mikayilov-meni-asagilayir-tehqir-edir\\\/\",\"name\":\"Qazi: \u201cBayram Mikay\u0131lov m\u0259ni a\u015fa\u011f\u0131lay\u0131r, t\u0259hqir edir\u201d - MEYDAN.TV\",\"isPartOf\":{\"@id\":\"https:\\\/\\\/www.meydan.tv\\\/az\\\/#website\"},\"primaryImageOfPage\":{\"@id\":\"https:\\\/\\\/www.meydan.tv\\\/az\\\/article\\\/qazi-bayram-mikayilov-meni-asagilayir-tehqir-edir\\\/#primaryimage\"},\"image\":{\"@id\":\"https:\\\/\\\/www.meydan.tv\\\/az\\\/article\\\/qazi-bayram-mikayilov-meni-asagilayir-tehqir-edir\\\/#primaryimage\"},\"thumbnailUrl\":\"https:\\\/\\\/www.meydan.tv\\\/wp-content\\\/uploads\\\/untitled-design-5-21-e1658745467843.jpg\",\"datePublished\":\"2022-07-25T10:37:52+00:00\",\"dateModified\":\"2022-07-25T10:37:54+00:00\",\"breadcrumb\":{\"@id\":\"https:\\\/\\\/www.meydan.tv\\\/az\\\/article\\\/qazi-bayram-mikayilov-meni-asagilayir-tehqir-edir\\\/#breadcrumb\"},\"inLanguage\":\"az\",\"potentialAction\":[{\"@type\":\"ReadAction\",\"target\":[\"https:\\\/\\\/www.meydan.tv\\\/az\\\/article\\\/qazi-bayram-mikayilov-meni-asagilayir-tehqir-edir\\\/\"]}]},{\"@type\":\"ImageObject\",\"inLanguage\":\"az\",\"@id\":\"https:\\\/\\\/www.meydan.tv\\\/az\\\/article\\\/qazi-bayram-mikayilov-meni-asagilayir-tehqir-edir\\\/#primaryimage\",\"url\":\"https:\\\/\\\/www.meydan.tv\\\/wp-content\\\/uploads\\\/untitled-design-5-21-e1658745467843.jpg\",\"contentUrl\":\"https:\\\/\\\/www.meydan.tv\\\/wp-content\\\/uploads\\\/untitled-design-5-21-e1658745467843.jpg\",\"width\":1200,\"height\":555,\"caption\":\"Foto: Ab\u0131\u015f \u0130smay\u0131lovun \u015f\u0259xsi arxivind\u0259n\"},{\"@type\":\"BreadcrumbList\",\"@id\":\"https:\\\/\\\/www.meydan.tv\\\/az\\\/article\\\/qazi-bayram-mikayilov-meni-asagilayir-tehqir-edir\\\/#breadcrumb\",\"itemListElement\":[{\"@type\":\"ListItem\",\"position\":1,\"name\":\"Ana s\u0259hif\u0259\",\"item\":\"https:\\\/\\\/www.meydan.tv\\\/az\\\/\"},{\"@type\":\"ListItem\",\"position\":2,\"name\":\"B\u00f6lg\u0259\",\"item\":\"https:\\\/\\\/www.meydan.tv\\\/az\\\/section\\\/bolge\\\/\"},{\"@type\":\"ListItem\",\"position\":3,\"name\":\"Qazi: \u201cBayram Mikay\u0131lov m\u0259ni a\u015fa\u011f\u0131lay\u0131r, t\u0259hqir edir\u201d\"}]},{\"@type\":\"WebSite\",\"@id\":\"https:\\\/\\\/www.meydan.tv\\\/az\\\/#website\",\"url\":\"https:\\\/\\\/www.meydan.tv\\\/az\\\/\",\"name\":\"MEYDAN.TV\",\"description\":\"Meydan TV Az\u0259rbaycan\u0131n media m\u0259kan\u0131ndak\u0131 alternativ s\u0259sidir\",\"publisher\":{\"@id\":\"https:\\\/\\\/www.meydan.tv\\\/az\\\/#organization\"},\"potentialAction\":[{\"@type\":\"SearchAction\",\"target\":{\"@type\":\"EntryPoint\",\"urlTemplate\":\"https:\\\/\\\/www.meydan.tv\\\/az\\\/?s={search_term_string}\"},\"query-input\":{\"@type\":\"PropertyValueSpecification\",\"valueRequired\":true,\"valueName\":\"search_term_string\"}}],\"inLanguage\":\"az\"},{\"@type\":\"Organization\",\"@id\":\"https:\\\/\\\/www.meydan.tv\\\/az\\\/#organization\",\"name\":\"Meydan TV\",\"url\":\"https:\\\/\\\/www.meydan.tv\\\/az\\\/\",\"logo\":{\"@type\":\"ImageObject\",\"inLanguage\":\"az\",\"@id\":\"https:\\\/\\\/www.meydan.tv\\\/az\\\/#\\\/schema\\\/logo\\\/image\\\/\",\"url\":\"https:\\\/\\\/www.meydan.tv\\\/wp-content\\\/uploads\\\/2021\\\/07\\\/meydan-logo.svg\",\"contentUrl\":\"https:\\\/\\\/www.meydan.tv\\\/wp-content\\\/uploads\\\/2021\\\/07\\\/meydan-logo.svg\",\"width\":195,\"height\":46,\"caption\":\"Meydan TV\"},\"image\":{\"@id\":\"https:\\\/\\\/www.meydan.tv\\\/az\\\/#\\\/schema\\\/logo\\\/image\\\/\"}},{\"@type\":\"Person\",\"@id\":\"https:\\\/\\\/www.meydan.tv\\\/az\\\/#\\\/schema\\\/person\\\/9cdbecf90d17180ce1dfbd95b08dcf47\",\"name\":\"elli\",\"sameAs\":[\"https:\\\/\\\/x.com\\\/elli\"]}]}<\/script>\n<!-- \/ Yoast SEO plugin. -->","yoast_head_json":{"title":"Qazi: \u201cBayram Mikay\u0131lov m\u0259ni a\u015fa\u011f\u0131lay\u0131r, t\u0259hqir edir\u201d - MEYDAN.TV","robots":{"index":"index","follow":"follow","max-snippet":"max-snippet:-1","max-image-preview":"max-image-preview:large","max-video-preview":"max-video-preview:-1"},"canonical":"https:\/\/www.meydan.tv\/az\/article\/qazi-bayram-mikayilov-meni-asagilayir-tehqir-edir\/","og_locale":"az_AZ","og_type":"article","og_title":"Qazi: \u201cBayram Mikay\u0131lov m\u0259ni a\u015fa\u011f\u0131lay\u0131r, t\u0259hqir edir\u201d - MEYDAN.TV","og_description":"M\u0259tbuatda ad\u0131 tez-tez hallanan m\u0259mur yeni v\u0259zif\u0259sind\u0259 d\u0259 naraz\u0131l\u0131\u011fa s\u0259b\u0259b ... Davam\u0131","og_url":"https:\/\/www.meydan.tv\/az\/article\/qazi-bayram-mikayilov-meni-asagilayir-tehqir-edir\/","og_site_name":"MEYDAN.TV","article_published_time":"2022-07-25T10:37:52+00:00","article_modified_time":"2022-07-25T10:37:54+00:00","og_image":[{"width":1200,"height":555,"url":"https:\/\/www.meydan.tv\/wp-content\/uploads\/untitled-design-5-21-e1658745467843.jpg","type":"image\/jpeg"}],"author":"elli","twitter_card":"summary_large_image","twitter_creator":"@elli","schema":{"@context":"https:\/\/schema.org","@graph":[{"@type":"Article","@id":"https:\/\/www.meydan.tv\/az\/article\/qazi-bayram-mikayilov-meni-asagilayir-tehqir-edir\/#article","isPartOf":{"@id":"https:\/\/www.meydan.tv\/az\/article\/qazi-bayram-mikayilov-meni-asagilayir-tehqir-edir\/"},"author":{"name":"elli","@id":"https:\/\/www.meydan.tv\/az\/#\/schema\/person\/9cdbecf90d17180ce1dfbd95b08dcf47"},"headline":"Qazi: \u201cBayram Mikay\u0131lov m\u0259ni a\u015fa\u011f\u0131lay\u0131r, t\u0259hqir edir\u201d","datePublished":"2022-07-25T10:37:52+00:00","dateModified":"2022-07-25T10:37:54+00:00","mainEntityOfPage":{"@id":"https:\/\/www.meydan.tv\/az\/article\/qazi-bayram-mikayilov-meni-asagilayir-tehqir-edir\/"},"wordCount":1257,"publisher":{"@id":"https:\/\/www.meydan.tv\/az\/#organization"},"image":{"@id":"https:\/\/www.meydan.tv\/az\/article\/qazi-bayram-mikayilov-meni-asagilayir-tehqir-edir\/#primaryimage"},"thumbnailUrl":"https:\/\/www.meydan.tv\/wp-content\/uploads\/untitled-design-5-21-e1658745467843.jpg","articleSection":["B\u00f6lg\u0259","T\u00f6vsiy\u0259","X\u0259b\u0259rl\u0259r"],"inLanguage":"az"},{"@type":"WebPage","@id":"https:\/\/www.meydan.tv\/az\/article\/qazi-bayram-mikayilov-meni-asagilayir-tehqir-edir\/","url":"https:\/\/www.meydan.tv\/az\/article\/qazi-bayram-mikayilov-meni-asagilayir-tehqir-edir\/","name":"Qazi: \u201cBayram Mikay\u0131lov m\u0259ni a\u015fa\u011f\u0131lay\u0131r, t\u0259hqir edir\u201d - MEYDAN.TV","isPartOf":{"@id":"https:\/\/www.meydan.tv\/az\/#website"},"primaryImageOfPage":{"@id":"https:\/\/www.meydan.tv\/az\/article\/qazi-bayram-mikayilov-meni-asagilayir-tehqir-edir\/#primaryimage"},"image":{"@id":"https:\/\/www.meydan.tv\/az\/article\/qazi-bayram-mikayilov-meni-asagilayir-tehqir-edir\/#primaryimage"},"thumbnailUrl":"https:\/\/www.meydan.tv\/wp-content\/uploads\/untitled-design-5-21-e1658745467843.jpg","datePublished":"2022-07-25T10:37:52+00:00","dateModified":"2022-07-25T10:37:54+00:00","breadcrumb":{"@id":"https:\/\/www.meydan.tv\/az\/article\/qazi-bayram-mikayilov-meni-asagilayir-tehqir-edir\/#breadcrumb"},"inLanguage":"az","potentialAction":[{"@type":"ReadAction","target":["https:\/\/www.meydan.tv\/az\/article\/qazi-bayram-mikayilov-meni-asagilayir-tehqir-edir\/"]}]},{"@type":"ImageObject","inLanguage":"az","@id":"https:\/\/www.meydan.tv\/az\/article\/qazi-bayram-mikayilov-meni-asagilayir-tehqir-edir\/#primaryimage","url":"https:\/\/www.meydan.tv\/wp-content\/uploads\/untitled-design-5-21-e1658745467843.jpg","contentUrl":"https:\/\/www.meydan.tv\/wp-content\/uploads\/untitled-design-5-21-e1658745467843.jpg","width":1200,"height":555,"caption":"Foto: Ab\u0131\u015f \u0130smay\u0131lovun \u015f\u0259xsi arxivind\u0259n"},{"@type":"BreadcrumbList","@id":"https:\/\/www.meydan.tv\/az\/article\/qazi-bayram-mikayilov-meni-asagilayir-tehqir-edir\/#breadcrumb","itemListElement":[{"@type":"ListItem","position":1,"name":"Ana s\u0259hif\u0259","item":"https:\/\/www.meydan.tv\/az\/"},{"@type":"ListItem","position":2,"name":"B\u00f6lg\u0259","item":"https:\/\/www.meydan.tv\/az\/section\/bolge\/"},{"@type":"ListItem","position":3,"name":"Qazi: \u201cBayram Mikay\u0131lov m\u0259ni a\u015fa\u011f\u0131lay\u0131r, t\u0259hqir edir\u201d"}]},{"@type":"WebSite","@id":"https:\/\/www.meydan.tv\/az\/#website","url":"https:\/\/www.meydan.tv\/az\/","name":"MEYDAN.TV","description":"Meydan TV Az\u0259rbaycan\u0131n media m\u0259kan\u0131ndak\u0131 alternativ s\u0259sidir","publisher":{"@id":"https:\/\/www.meydan.tv\/az\/#organization"},"potentialAction":[{"@type":"SearchAction","target":{"@type":"EntryPoint","urlTemplate":"https:\/\/www.meydan.tv\/az\/?s={search_term_string}"},"query-input":{"@type":"PropertyValueSpecification","valueRequired":true,"valueName":"search_term_string"}}],"inLanguage":"az"},{"@type":"Organization","@id":"https:\/\/www.meydan.tv\/az\/#organization","name":"Meydan TV","url":"https:\/\/www.meydan.tv\/az\/","logo":{"@type":"ImageObject","inLanguage":"az","@id":"https:\/\/www.meydan.tv\/az\/#\/schema\/logo\/image\/","url":"https:\/\/www.meydan.tv\/wp-content\/uploads\/2021\/07\/meydan-logo.svg","contentUrl":"https:\/\/www.meydan.tv\/wp-content\/uploads\/2021\/07\/meydan-logo.svg","width":195,"height":46,"caption":"Meydan TV"},"image":{"@id":"https:\/\/www.meydan.tv\/az\/#\/schema\/logo\/image\/"}},{"@type":"Person","@id":"https:\/\/www.meydan.tv\/az\/#\/schema\/person\/9cdbecf90d17180ce1dfbd95b08dcf47","name":"elli","sameAs":["https:\/\/x.com\/elli"]}]}},"_links":{"self":[{"href":"https:\/\/www.meydan.tv\/az\/wp-json\/wp\/v2\/posts\/251666","targetHints":{"allow":["GET"]}}],"collection":[{"href":"https:\/\/www.meydan.tv\/az\/wp-json\/wp\/v2\/posts"}],"about":[{"href":"https:\/\/www.meydan.tv\/az\/wp-json\/wp\/v2\/types\/post"}],"author":[{"embeddable":true,"href":"https:\/\/www.meydan.tv\/az\/wp-json\/wp\/v2\/users\/8"}],"replies":[{"embeddable":true,"href":"https:\/\/www.meydan.tv\/az\/wp-json\/wp\/v2\/comments?post=251666"}],"version-history":[{"count":1,"href":"https:\/\/www.meydan.tv\/az\/wp-json\/wp\/v2\/posts\/251666\/revisions"}],"predecessor-version":[{"id":251667,"href":"https:\/\/www.meydan.tv\/az\/wp-json\/wp\/v2\/posts\/251666\/revisions\/251667"}],"wp:featuredmedia":[{"embeddable":true,"href":"https:\/\/www.meydan.tv\/az\/wp-json\/wp\/v2\/media\/251663"}],"wp:attachment":[{"href":"https:\/\/www.meydan.tv\/az\/wp-json\/wp\/v2\/media?parent=251666"}],"wp:term":[{"taxonomy":"category","embeddable":true,"href":"https:\/\/www.meydan.tv\/az\/wp-json\/wp\/v2\/categories?post=251666"},{"taxonomy":"post_tag","embeddable":true,"href":"https:\/\/www.meydan.tv\/az\/wp-json\/wp\/v2\/tags?post=251666"}],"curies":[{"name":"wp","href":"https:\/\/api.w.org\/{rel}","templated":true}]}}