{"id":251634,"date":"2022-07-25T12:37:15","date_gmt":"2022-07-25T08:37:15","guid":{"rendered":"https:\/\/www.meydan.tv\/?p=251634"},"modified":"2022-07-25T12:37:17","modified_gmt":"2022-07-25T08:37:17","slug":"vilyam-haciyev-12-il-azadliqdan-mehrum-edildi","status":"publish","type":"post","link":"https:\/\/www.meydan.tv\/az\/article\/vilyam-haciyev-12-il-azadliqdan-mehrum-edildi\/","title":{"rendered":"Vilyam Hac\u0131yev 12 il azadl\u0131qdan m\u0259hrum edildi"},"content":{"rendered":"\n<p><\/p>\n\n\n\n<p><em>\u201cM\u0259n h\u0259mi\u015f\u0259 demi\u015f\u0259m ki, \u0130lham \u018fliyevin \u0259sg\u0259riy\u0259m\u201d<\/em><\/p>\n\n\n\n<p>\u0130mi\u015fli rayonunun ke\u00e7mi\u015f icra ba\u015f\u00e7\u0131s\u0131, 2020-ci ilin may\u0131ndan h\u0259bsd\u0259 olan Vilyam Hac\u0131yevin m\u0259hk\u0259m\u0259si yekunla\u015f\u0131b. \u0130yulun 25-d\u0259 Bak\u0131 A\u011f\u0131r Cinay\u0259tl\u0259r M\u0259hk\u0259m\u0259sind\u0259 ona h\u00f6km oxunub. Hakim Az\u0259r Pa\u015fayevin s\u0259drliyil\u0259 \u00e7\u0131xar\u0131lan h\u00f6km\u0259 \u0259sas\u0259n, Vilyam Hac\u0131yev 12 il azadl\u0131qdan m\u0259hrum edilib. O, Cinay\u0259t M\u0259c\u0259ll\u0259sinin 179 (m\u0259nims\u0259m\u0259), 308 (v\u0259zif\u0259 s\u0259lahiyy\u0259tl\u0259rind\u0259n sui-istifad\u0259 etm\u0259), 313 (v\u0259zif\u0259 saxtakarl\u0131\u011f\u0131), 311 (r\u00fc\u015fv\u0259t alma) v\u0259 ba\u015fqa madd\u0259l\u0259ril\u0259 t\u0259qsirli bilinib.<\/p>\n\n\n\n<p>H\u0259m\u00e7inin Vilyam Hac\u0131yev h\u0259bs olunanda evind\u0259n v\u0259 i\u015f ota\u011f\u0131ndan tap\u0131lan pullar\u0131n (1 milyon 6400 avro, 365 funt sterlinq v\u0259 s.), \u00f6z\u00fcn\u00fcn v\u0259 yax\u0131nlar\u0131n\u0131n ad\u0131na olan metronun &#8220;N\u0259rimanov&#8221; stansiyas\u0131n\u0131n yax\u0131nl\u0131\u011f\u0131nda m\u0259nzil, Nardaran q\u0259s\u0259b\u0259sind\u0259 ba\u011f evi, Ab\u015feron rayonunda bir s\u0131ra evl\u0259r, avtomobill\u0259rin m\u00fcsadir\u0259sin\u0259 q\u0259rar verilib.<\/p>\n\n\n\n<p>H\u00f6km elan olunmam\u0131\u015fdan \u0259vv\u0259l m\u0259hk\u0259m\u0259d\u0259 son s\u00f6z\u00fcn\u00fc dey\u0259n Vilyam Hac\u0131yev 1992-93-c\u00fc ill\u0259rd\u0259 Qaraba\u011f m\u00fcharib\u0259si zaman\u0131 g\u00f6rd\u00fcy\u00fc i\u015fl\u0259rd\u0259n, G\u00f6yg\u00f6l, Samux v\u0259 \u0130mi\u015flinin icra ba\u015f\u00e7\u0131s\u0131 oldu\u011fu d\u00f6vrd\u0259 xidm\u0259tl\u0259rind\u0259n dan\u0131\u015f\u0131b. Deyib ki, Xocal\u0131 faci\u0259sind\u0259n \u00fc\u00e7 g\u00fcn \u0259vv\u0259l o, helikopter g\u00f6nd\u0259rib, \u0259halinin t\u0259xliy\u0259sind\u0259 f\u0259al i\u015ftirak edib. 1992-ci ild\u0259 Heyd\u0259r \u018fliyev Nax\u00e7\u0131van MR Ali M\u0259clisinin s\u0259dri oldu\u011fu d\u00f6vrd\u0259 &#8220;Nax\u00e7\u0131van\u0131n blokadadan azad edilm\u0259sind\u0259 \u015f\u00fcca\u0259tin\u0259 g\u00f6r\u0259&#8221; onun t\u0259r\u0259find\u0259n m\u00fckafatland\u0131r\u0131ld\u0131\u011f\u0131n\u0131 xat\u0131rlad\u0131b:<\/p>\n\n\n\n<p>&#8220;Ulu \u00f6nd\u0259rin 10 may 1992-ci ild\u0259 imzalad\u0131\u011f\u0131 q\u0259rara \u0259sas\u0259n, Nax\u00e7\u0131van Muxtar Respublikas\u0131n\u0131n f\u0259xri v\u0259t\u0259nda\u015f\u0131&#8221; ad\u0131na layiq g\u00f6r\u00fclm\u00fc\u015f\u0259m. Birinci Qaraba\u011f M\u00fcharib\u0259si veteran\u0131yam. Daha sonra Prezident \u0130lham \u018fliyev m\u0259n\u0259 etimad g\u00f6st\u0259rib, Samux, G\u00f6yg\u00f6l, \u0130mi\u015fli rayonlar\u0131na icra ba\u015f\u00e7\u0131s\u0131 t\u0259yin edilm\u0259yim haqda s\u0259r\u0259ncamlar imzalay\u0131b. H\u0259min rayonlara s\u0259f\u0259rl\u0259ri zaman\u0131 xidm\u0259tl\u0259rim\u0259 g\u00f6r\u0259 kameralar qar\u015f\u0131s\u0131nda m\u0259ni t\u0259rifl\u0259yib. \u00c7\u0131x\u0131\u015flar\u0131nda da bildirirdi ki, \u0259vv\u0259ll\u0259r d\u0259 bu rayonlara v\u0259sait ayr\u0131l\u0131rd\u0131, amma yet\u0259rinc\u0259 i\u015fl\u0259r g\u00f6r\u00fclm\u00fcrd\u00fc. M\u0259n c\u0259nab prezident t\u0259r\u0259find\u0259n &#8220;V\u0259t\u0259n\u0259 xidm\u0259t\u0259 g\u00f6r\u0259\u201d ordeni, &#8220;Az\u0259rbaycan Xalq C\u00fcmhuriyy\u0259tinin 100 illiyi&#8221; medal\u0131 il\u0259 t\u0259ltif olunmu\u015fam&#8221;.<\/p>\n\n\n\n<p>O, \u00e7\u0131x\u0131\u015f\u0131n\u0131n sonunda d\u00f6vl\u0259t, xalq v\u0259 prezident qar\u015f\u0131s\u0131nda xidm\u0259tl\u0259rinin n\u0259z\u0259r\u0259 al\u0131nmas\u0131n\u0131, haqq\u0131nda \u0259dal\u0259tli v\u0259 humanist q\u0259rar verilm\u0259sini ist\u0259yib. Vilyam Hac\u0131yev deyir ki, 1270 n\u0259f\u0259r \u0130mi\u015fli sakini onun \u0259fvi \u00fc\u00e7\u00fcn prezident\u0259 imzal\u0131 m\u00fcraci\u0259t g\u00f6nd\u0259rib.<\/p>\n\n\n\n<p>&#8220;M\u0259n h\u0259mi\u015f\u0259 demi\u015f\u0259m ki, \u0130lham \u018fliyevin \u0259sg\u0259riy\u0259m. Bu g\u00fcn d\u0259 \u0130lham \u018fliyevin \u0259sg\u0259ri olaraq qal\u0131ram. D\u00f6vl\u0259tim\u0259, xalq\u0131ma s\u0259daq\u0259tl\u0259 xidm\u0259t etmi\u015f\u0259m. Bu g\u00fcn d\u0259 d\u00f6vl\u0259timin, xalq\u0131m\u0131n prezidentimin yan\u0131ndayam. Xahi\u015f edir\u0259m, xidm\u0259tl\u0259rimi n\u0259z\u0259r\u0259 alaraq, bar\u0259md\u0259 \u0259dal\u0259tli v\u0259 humanist q\u0259rar ver\u0259siniz&#8221;.<\/p>\n\n\n\n<p>Bundan sonra hakiml\u0259r h\u00f6km verm\u0259k \u00fc\u00e7\u00fcn m\u00fc\u015favir\u0259y\u0259 gedib.<\/p>\n\n\n\n<p>Vilyam Hac\u0131yev 2004-2006-c\u0131 ill\u0259rd\u0259 G\u00f6yg\u00f6l rayonunun, 2006-2012-ci ill\u0259rd\u0259 Samuxun, 2012-2020-ci ill\u0259rd\u0259 is\u0259 \u0130mi\u015flinin icra ba\u015f\u00e7\u0131s\u0131 v\u0259zif\u0259sind\u0259 \u00e7al\u0131\u015f\u0131b.<\/p>\n\n\n\n<p>Vilyam Hac\u0131yevin h\u0259bsind\u0259n sonra DTX onun evind\u0259n, qaraj\u0131ndan qutularda milyonlarla manat, xarici valyutada pullar\u0131n, m\u00fcxt\u0259lif ma\u015f\u0131nlar\u0131n \u00e7\u0131xmas\u0131n\u0131 \u0259ks etdir\u0259n g\u00f6r\u00fcnt\u00fcl\u0259r yay\u0131mlam\u0131\u015fd\u0131.<\/p>\n\n\n\n<p>Vilyam Hac\u0131yev \u00f6z\u00fcn\u00fc t\u0259qsirli bilmir, ittihamlar\u0131n \u015f\u0259r-b\u00f6htan oldu\u011funu, sifari\u015fl\u0259 h\u0259bs edildiyini bildirir.<\/p>\n\n\n\n<p>Az\u0259rbaycanda icra ba\u015f\u00e7\u0131lar\u0131n\u0131n h\u0259bs dal\u011fas\u0131 2019-cu ilin dekabr\u0131ndan ba\u015flay\u0131b. \u0130lk h\u0259bs edil\u0259nl\u0259r A\u011fstafa rayonunun icra ba\u015f\u00e7\u0131s\u0131 Nizam\u0259ddin Quliyev v\u0259 Yevlax\u0131n sabiq icra ba\u015f\u00e7\u0131s\u0131 Qoca S\u0259m\u0259dov olub. 2020-ci ilin ilin fevral\u0131nda Neft\u00e7alan\u0131n, mayda is\u0259 Bil\u0259suvar\u0131n v\u0259 \u0130mi\u015flinin icra ba\u015f\u00e7\u0131s\u0131 h\u0259bs edildi. Ard\u0131nca K\u00fcrd\u0259mir, C\u0259lilabad, \u015e\u0259mkir rayonlar\u0131nda da eyni \u0259m\u0259liyyatlar h\u0259yata ke\u00e7irildi.<\/p>\n","protected":false},"excerpt":{"rendered":"<p>\u201cM\u0259n h\u0259mi\u015f\u0259 demi\u015f\u0259m ki, \u0130lham \u018fliyevin \u0259sg\u0259riy\u0259m\u201d \u0130mi\u015fli rayonunun ke\u00e7mi\u015f &#8230; <\/p>\n<p class=\"read-more-container\"><a title=\"Vilyam Hac\u0131yev 12 il azadl\u0131qdan m\u0259hrum edildi\" class=\"read-more button\" href=\"https:\/\/www.meydan.tv\/az\/article\/vilyam-haciyev-12-il-azadliqdan-mehrum-edildi\/#more-251634\" aria-label=\"Read more about Vilyam Hac\u0131yev 12 il azadl\u0131qdan m\u0259hrum edildi\">Davam\u0131<\/a><\/p>\n","protected":false},"author":8,"featured_media":240618,"comment_status":"closed","ping_status":"closed","sticky":false,"template":"","format":"standard","meta":{"_acf_changed":false,"_sitemap_exclude":false,"_sitemap_priority":"","_sitemap_frequency":"","footnotes":""},"categories":[60,79,56],"tags":[],"class_list":["post-251634","post","type-post","status-publish","format-standard","has-post-thumbnail","hentry","category-bolge","category-featured","category-xeberler","infinite-scroll-item","generate-columns","tablet-grid-50","mobile-grid-100","grid-parent","grid-33","no-featured-image-padding"],"acf":[],"yoast_head":"<!-- This site is optimized with the Yoast SEO plugin v27.4 - https:\/\/yoast.com\/product\/yoast-seo-wordpress\/ -->\n<title>Vilyam Hac\u0131yev 12 il azadl\u0131qdan m\u0259hrum edildi - MEYDAN.TV<\/title>\n<meta name=\"robots\" content=\"index, follow, max-snippet:-1, max-image-preview:large, max-video-preview:-1\" \/>\n<link rel=\"canonical\" href=\"https:\/\/www.meydan.tv\/az\/article\/vilyam-haciyev-12-il-azadliqdan-mehrum-edildi\/\" \/>\n<meta property=\"og:locale\" content=\"az_AZ\" \/>\n<meta property=\"og:type\" content=\"article\" \/>\n<meta property=\"og:title\" content=\"Vilyam Hac\u0131yev 12 il azadl\u0131qdan m\u0259hrum edildi - MEYDAN.TV\" \/>\n<meta property=\"og:description\" content=\"\u201cM\u0259n h\u0259mi\u015f\u0259 demi\u015f\u0259m ki, \u0130lham \u018fliyevin \u0259sg\u0259riy\u0259m\u201d \u0130mi\u015fli rayonunun ke\u00e7mi\u015f ... Davam\u0131\" \/>\n<meta property=\"og:url\" content=\"https:\/\/www.meydan.tv\/az\/article\/vilyam-haciyev-12-il-azadliqdan-mehrum-edildi\/\" \/>\n<meta property=\"og:site_name\" content=\"MEYDAN.TV\" \/>\n<meta property=\"article:published_time\" content=\"2022-07-25T08:37:15+00:00\" \/>\n<meta property=\"article:modified_time\" content=\"2022-07-25T08:37:17+00:00\" \/>\n<meta property=\"og:image\" content=\"https:\/\/www.meydan.tv\/wp-content\/uploads\/image_from_ios-25.jpg\" \/>\n\t<meta property=\"og:image:width\" content=\"1422\" \/>\n\t<meta property=\"og:image:height\" content=\"800\" \/>\n\t<meta property=\"og:image:type\" content=\"image\/jpeg\" \/>\n<meta name=\"author\" content=\"elli\" \/>\n<meta name=\"twitter:card\" content=\"summary_large_image\" \/>\n<meta name=\"twitter:creator\" content=\"@elli\" \/>\n<script type=\"application\/ld+json\" class=\"yoast-schema-graph\">{\"@context\":\"https:\\\/\\\/schema.org\",\"@graph\":[{\"@type\":\"Article\",\"@id\":\"https:\\\/\\\/www.meydan.tv\\\/az\\\/article\\\/vilyam-haciyev-12-il-azadliqdan-mehrum-edildi\\\/#article\",\"isPartOf\":{\"@id\":\"https:\\\/\\\/www.meydan.tv\\\/az\\\/article\\\/vilyam-haciyev-12-il-azadliqdan-mehrum-edildi\\\/\"},\"author\":{\"name\":\"elli\",\"@id\":\"https:\\\/\\\/www.meydan.tv\\\/az\\\/#\\\/schema\\\/person\\\/9cdbecf90d17180ce1dfbd95b08dcf47\"},\"headline\":\"Vilyam Hac\u0131yev 12 il azadl\u0131qdan m\u0259hrum edildi\",\"datePublished\":\"2022-07-25T08:37:15+00:00\",\"dateModified\":\"2022-07-25T08:37:17+00:00\",\"mainEntityOfPage\":{\"@id\":\"https:\\\/\\\/www.meydan.tv\\\/az\\\/article\\\/vilyam-haciyev-12-il-azadliqdan-mehrum-edildi\\\/\"},\"wordCount\":769,\"publisher\":{\"@id\":\"https:\\\/\\\/www.meydan.tv\\\/az\\\/#organization\"},\"image\":{\"@id\":\"https:\\\/\\\/www.meydan.tv\\\/az\\\/article\\\/vilyam-haciyev-12-il-azadliqdan-mehrum-edildi\\\/#primaryimage\"},\"thumbnailUrl\":\"https:\\\/\\\/www.meydan.tv\\\/wp-content\\\/uploads\\\/image_from_ios-25.jpg\",\"articleSection\":[\"B\u00f6lg\u0259\",\"T\u00f6vsiy\u0259\",\"X\u0259b\u0259rl\u0259r\"],\"inLanguage\":\"az\"},{\"@type\":\"WebPage\",\"@id\":\"https:\\\/\\\/www.meydan.tv\\\/az\\\/article\\\/vilyam-haciyev-12-il-azadliqdan-mehrum-edildi\\\/\",\"url\":\"https:\\\/\\\/www.meydan.tv\\\/az\\\/article\\\/vilyam-haciyev-12-il-azadliqdan-mehrum-edildi\\\/\",\"name\":\"Vilyam Hac\u0131yev 12 il azadl\u0131qdan m\u0259hrum edildi - MEYDAN.TV\",\"isPartOf\":{\"@id\":\"https:\\\/\\\/www.meydan.tv\\\/az\\\/#website\"},\"primaryImageOfPage\":{\"@id\":\"https:\\\/\\\/www.meydan.tv\\\/az\\\/article\\\/vilyam-haciyev-12-il-azadliqdan-mehrum-edildi\\\/#primaryimage\"},\"image\":{\"@id\":\"https:\\\/\\\/www.meydan.tv\\\/az\\\/article\\\/vilyam-haciyev-12-il-azadliqdan-mehrum-edildi\\\/#primaryimage\"},\"thumbnailUrl\":\"https:\\\/\\\/www.meydan.tv\\\/wp-content\\\/uploads\\\/image_from_ios-25.jpg\",\"datePublished\":\"2022-07-25T08:37:15+00:00\",\"dateModified\":\"2022-07-25T08:37:17+00:00\",\"breadcrumb\":{\"@id\":\"https:\\\/\\\/www.meydan.tv\\\/az\\\/article\\\/vilyam-haciyev-12-il-azadliqdan-mehrum-edildi\\\/#breadcrumb\"},\"inLanguage\":\"az\",\"potentialAction\":[{\"@type\":\"ReadAction\",\"target\":[\"https:\\\/\\\/www.meydan.tv\\\/az\\\/article\\\/vilyam-haciyev-12-il-azadliqdan-mehrum-edildi\\\/\"]}]},{\"@type\":\"ImageObject\",\"inLanguage\":\"az\",\"@id\":\"https:\\\/\\\/www.meydan.tv\\\/az\\\/article\\\/vilyam-haciyev-12-il-azadliqdan-mehrum-edildi\\\/#primaryimage\",\"url\":\"https:\\\/\\\/www.meydan.tv\\\/wp-content\\\/uploads\\\/image_from_ios-25.jpg\",\"contentUrl\":\"https:\\\/\\\/www.meydan.tv\\\/wp-content\\\/uploads\\\/image_from_ios-25.jpg\",\"width\":1422,\"height\":800,\"caption\":\"Vilyam Hac\u0131yev. Foto: Meydan TV\"},{\"@type\":\"BreadcrumbList\",\"@id\":\"https:\\\/\\\/www.meydan.tv\\\/az\\\/article\\\/vilyam-haciyev-12-il-azadliqdan-mehrum-edildi\\\/#breadcrumb\",\"itemListElement\":[{\"@type\":\"ListItem\",\"position\":1,\"name\":\"Ana s\u0259hif\u0259\",\"item\":\"https:\\\/\\\/www.meydan.tv\\\/az\\\/\"},{\"@type\":\"ListItem\",\"position\":2,\"name\":\"B\u00f6lg\u0259\",\"item\":\"https:\\\/\\\/www.meydan.tv\\\/az\\\/section\\\/bolge\\\/\"},{\"@type\":\"ListItem\",\"position\":3,\"name\":\"Vilyam Hac\u0131yev 12 il azadl\u0131qdan m\u0259hrum edildi\"}]},{\"@type\":\"WebSite\",\"@id\":\"https:\\\/\\\/www.meydan.tv\\\/az\\\/#website\",\"url\":\"https:\\\/\\\/www.meydan.tv\\\/az\\\/\",\"name\":\"MEYDAN.TV\",\"description\":\"Meydan TV Az\u0259rbaycan\u0131n media m\u0259kan\u0131ndak\u0131 alternativ s\u0259sidir\",\"publisher\":{\"@id\":\"https:\\\/\\\/www.meydan.tv\\\/az\\\/#organization\"},\"potentialAction\":[{\"@type\":\"SearchAction\",\"target\":{\"@type\":\"EntryPoint\",\"urlTemplate\":\"https:\\\/\\\/www.meydan.tv\\\/az\\\/?s={search_term_string}\"},\"query-input\":{\"@type\":\"PropertyValueSpecification\",\"valueRequired\":true,\"valueName\":\"search_term_string\"}}],\"inLanguage\":\"az\"},{\"@type\":\"Organization\",\"@id\":\"https:\\\/\\\/www.meydan.tv\\\/az\\\/#organization\",\"name\":\"Meydan TV\",\"url\":\"https:\\\/\\\/www.meydan.tv\\\/az\\\/\",\"logo\":{\"@type\":\"ImageObject\",\"inLanguage\":\"az\",\"@id\":\"https:\\\/\\\/www.meydan.tv\\\/az\\\/#\\\/schema\\\/logo\\\/image\\\/\",\"url\":\"https:\\\/\\\/www.meydan.tv\\\/wp-content\\\/uploads\\\/2021\\\/07\\\/meydan-logo.svg\",\"contentUrl\":\"https:\\\/\\\/www.meydan.tv\\\/wp-content\\\/uploads\\\/2021\\\/07\\\/meydan-logo.svg\",\"width\":195,\"height\":46,\"caption\":\"Meydan TV\"},\"image\":{\"@id\":\"https:\\\/\\\/www.meydan.tv\\\/az\\\/#\\\/schema\\\/logo\\\/image\\\/\"}},{\"@type\":\"Person\",\"@id\":\"https:\\\/\\\/www.meydan.tv\\\/az\\\/#\\\/schema\\\/person\\\/9cdbecf90d17180ce1dfbd95b08dcf47\",\"name\":\"elli\",\"sameAs\":[\"https:\\\/\\\/x.com\\\/elli\"]}]}<\/script>\n<!-- \/ Yoast SEO plugin. -->","yoast_head_json":{"title":"Vilyam Hac\u0131yev 12 il azadl\u0131qdan m\u0259hrum edildi - MEYDAN.TV","robots":{"index":"index","follow":"follow","max-snippet":"max-snippet:-1","max-image-preview":"max-image-preview:large","max-video-preview":"max-video-preview:-1"},"canonical":"https:\/\/www.meydan.tv\/az\/article\/vilyam-haciyev-12-il-azadliqdan-mehrum-edildi\/","og_locale":"az_AZ","og_type":"article","og_title":"Vilyam Hac\u0131yev 12 il azadl\u0131qdan m\u0259hrum edildi - MEYDAN.TV","og_description":"\u201cM\u0259n h\u0259mi\u015f\u0259 demi\u015f\u0259m ki, \u0130lham \u018fliyevin \u0259sg\u0259riy\u0259m\u201d \u0130mi\u015fli rayonunun ke\u00e7mi\u015f ... Davam\u0131","og_url":"https:\/\/www.meydan.tv\/az\/article\/vilyam-haciyev-12-il-azadliqdan-mehrum-edildi\/","og_site_name":"MEYDAN.TV","article_published_time":"2022-07-25T08:37:15+00:00","article_modified_time":"2022-07-25T08:37:17+00:00","og_image":[{"width":1422,"height":800,"url":"https:\/\/www.meydan.tv\/wp-content\/uploads\/image_from_ios-25.jpg","type":"image\/jpeg"}],"author":"elli","twitter_card":"summary_large_image","twitter_creator":"@elli","schema":{"@context":"https:\/\/schema.org","@graph":[{"@type":"Article","@id":"https:\/\/www.meydan.tv\/az\/article\/vilyam-haciyev-12-il-azadliqdan-mehrum-edildi\/#article","isPartOf":{"@id":"https:\/\/www.meydan.tv\/az\/article\/vilyam-haciyev-12-il-azadliqdan-mehrum-edildi\/"},"author":{"name":"elli","@id":"https:\/\/www.meydan.tv\/az\/#\/schema\/person\/9cdbecf90d17180ce1dfbd95b08dcf47"},"headline":"Vilyam Hac\u0131yev 12 il azadl\u0131qdan m\u0259hrum edildi","datePublished":"2022-07-25T08:37:15+00:00","dateModified":"2022-07-25T08:37:17+00:00","mainEntityOfPage":{"@id":"https:\/\/www.meydan.tv\/az\/article\/vilyam-haciyev-12-il-azadliqdan-mehrum-edildi\/"},"wordCount":769,"publisher":{"@id":"https:\/\/www.meydan.tv\/az\/#organization"},"image":{"@id":"https:\/\/www.meydan.tv\/az\/article\/vilyam-haciyev-12-il-azadliqdan-mehrum-edildi\/#primaryimage"},"thumbnailUrl":"https:\/\/www.meydan.tv\/wp-content\/uploads\/image_from_ios-25.jpg","articleSection":["B\u00f6lg\u0259","T\u00f6vsiy\u0259","X\u0259b\u0259rl\u0259r"],"inLanguage":"az"},{"@type":"WebPage","@id":"https:\/\/www.meydan.tv\/az\/article\/vilyam-haciyev-12-il-azadliqdan-mehrum-edildi\/","url":"https:\/\/www.meydan.tv\/az\/article\/vilyam-haciyev-12-il-azadliqdan-mehrum-edildi\/","name":"Vilyam Hac\u0131yev 12 il azadl\u0131qdan m\u0259hrum edildi - MEYDAN.TV","isPartOf":{"@id":"https:\/\/www.meydan.tv\/az\/#website"},"primaryImageOfPage":{"@id":"https:\/\/www.meydan.tv\/az\/article\/vilyam-haciyev-12-il-azadliqdan-mehrum-edildi\/#primaryimage"},"image":{"@id":"https:\/\/www.meydan.tv\/az\/article\/vilyam-haciyev-12-il-azadliqdan-mehrum-edildi\/#primaryimage"},"thumbnailUrl":"https:\/\/www.meydan.tv\/wp-content\/uploads\/image_from_ios-25.jpg","datePublished":"2022-07-25T08:37:15+00:00","dateModified":"2022-07-25T08:37:17+00:00","breadcrumb":{"@id":"https:\/\/www.meydan.tv\/az\/article\/vilyam-haciyev-12-il-azadliqdan-mehrum-edildi\/#breadcrumb"},"inLanguage":"az","potentialAction":[{"@type":"ReadAction","target":["https:\/\/www.meydan.tv\/az\/article\/vilyam-haciyev-12-il-azadliqdan-mehrum-edildi\/"]}]},{"@type":"ImageObject","inLanguage":"az","@id":"https:\/\/www.meydan.tv\/az\/article\/vilyam-haciyev-12-il-azadliqdan-mehrum-edildi\/#primaryimage","url":"https:\/\/www.meydan.tv\/wp-content\/uploads\/image_from_ios-25.jpg","contentUrl":"https:\/\/www.meydan.tv\/wp-content\/uploads\/image_from_ios-25.jpg","width":1422,"height":800,"caption":"Vilyam Hac\u0131yev. Foto: Meydan TV"},{"@type":"BreadcrumbList","@id":"https:\/\/www.meydan.tv\/az\/article\/vilyam-haciyev-12-il-azadliqdan-mehrum-edildi\/#breadcrumb","itemListElement":[{"@type":"ListItem","position":1,"name":"Ana s\u0259hif\u0259","item":"https:\/\/www.meydan.tv\/az\/"},{"@type":"ListItem","position":2,"name":"B\u00f6lg\u0259","item":"https:\/\/www.meydan.tv\/az\/section\/bolge\/"},{"@type":"ListItem","position":3,"name":"Vilyam Hac\u0131yev 12 il azadl\u0131qdan m\u0259hrum edildi"}]},{"@type":"WebSite","@id":"https:\/\/www.meydan.tv\/az\/#website","url":"https:\/\/www.meydan.tv\/az\/","name":"MEYDAN.TV","description":"Meydan TV Az\u0259rbaycan\u0131n media m\u0259kan\u0131ndak\u0131 alternativ s\u0259sidir","publisher":{"@id":"https:\/\/www.meydan.tv\/az\/#organization"},"potentialAction":[{"@type":"SearchAction","target":{"@type":"EntryPoint","urlTemplate":"https:\/\/www.meydan.tv\/az\/?s={search_term_string}"},"query-input":{"@type":"PropertyValueSpecification","valueRequired":true,"valueName":"search_term_string"}}],"inLanguage":"az"},{"@type":"Organization","@id":"https:\/\/www.meydan.tv\/az\/#organization","name":"Meydan TV","url":"https:\/\/www.meydan.tv\/az\/","logo":{"@type":"ImageObject","inLanguage":"az","@id":"https:\/\/www.meydan.tv\/az\/#\/schema\/logo\/image\/","url":"https:\/\/www.meydan.tv\/wp-content\/uploads\/2021\/07\/meydan-logo.svg","contentUrl":"https:\/\/www.meydan.tv\/wp-content\/uploads\/2021\/07\/meydan-logo.svg","width":195,"height":46,"caption":"Meydan TV"},"image":{"@id":"https:\/\/www.meydan.tv\/az\/#\/schema\/logo\/image\/"}},{"@type":"Person","@id":"https:\/\/www.meydan.tv\/az\/#\/schema\/person\/9cdbecf90d17180ce1dfbd95b08dcf47","name":"elli","sameAs":["https:\/\/x.com\/elli"]}]}},"_links":{"self":[{"href":"https:\/\/www.meydan.tv\/az\/wp-json\/wp\/v2\/posts\/251634","targetHints":{"allow":["GET"]}}],"collection":[{"href":"https:\/\/www.meydan.tv\/az\/wp-json\/wp\/v2\/posts"}],"about":[{"href":"https:\/\/www.meydan.tv\/az\/wp-json\/wp\/v2\/types\/post"}],"author":[{"embeddable":true,"href":"https:\/\/www.meydan.tv\/az\/wp-json\/wp\/v2\/users\/8"}],"replies":[{"embeddable":true,"href":"https:\/\/www.meydan.tv\/az\/wp-json\/wp\/v2\/comments?post=251634"}],"version-history":[{"count":1,"href":"https:\/\/www.meydan.tv\/az\/wp-json\/wp\/v2\/posts\/251634\/revisions"}],"predecessor-version":[{"id":251635,"href":"https:\/\/www.meydan.tv\/az\/wp-json\/wp\/v2\/posts\/251634\/revisions\/251635"}],"wp:featuredmedia":[{"embeddable":true,"href":"https:\/\/www.meydan.tv\/az\/wp-json\/wp\/v2\/media\/240618"}],"wp:attachment":[{"href":"https:\/\/www.meydan.tv\/az\/wp-json\/wp\/v2\/media?parent=251634"}],"wp:term":[{"taxonomy":"category","embeddable":true,"href":"https:\/\/www.meydan.tv\/az\/wp-json\/wp\/v2\/categories?post=251634"},{"taxonomy":"post_tag","embeddable":true,"href":"https:\/\/www.meydan.tv\/az\/wp-json\/wp\/v2\/tags?post=251634"}],"curies":[{"name":"wp","href":"https:\/\/api.w.org\/{rel}","templated":true}]}}