{"id":251631,"date":"2022-07-25T12:37:29","date_gmt":"2022-07-25T08:37:29","guid":{"rendered":"https:\/\/www.meydan.tv\/?p=251631"},"modified":"2022-07-25T12:37:32","modified_gmt":"2022-07-25T08:37:32","slug":"iii-sevil-qadinlari-serhedleyen-stereotiplerle-bagli-film-festivali","status":"publish","type":"post","link":"https:\/\/www.meydan.tv\/az\/article\/iii-sevil-qadinlari-serhedleyen-stereotiplerle-bagli-film-festivali\/","title":{"rendered":"III Sevil: Qad\u0131nlar\u0131 s\u0259rh\u0259dl\u0259y\u0259n stereotipl\u0259rl\u0259 ba\u011fl\u0131 film festival\u0131"},"content":{"rendered":"\n<p><em>Festival\u0131 Bak\u0131, \u015e\u0259ki v\u0259 L\u0259nk\u0259randa t\u0259\u015fkil olunacaq<\/em><\/p>\n\n\n\n<p>Az\u0259rbaycanda avqustun 13-d\u0259n 20-d\u0259k III Sevil Beyn\u0259lxalq Qad\u0131n S\u0259n\u0259dli Film Festival\u0131 ke\u00e7iril\u0259c\u0259k.<\/p>\n\n\n\n<p>M\u00fcst\u0259qil, regional s\u0259n\u0259dli film festival\u0131 eyni anda h\u0259m Bak\u0131da, h\u0259m d\u0259 \u015e\u0259ki v\u0259 L\u0259nk\u0259randa t\u0259\u015fkil olunacaq.<\/p>\n\n\n\n<p>Festival proqram\u0131 \u00e7\u0259r\u00e7iv\u0259sind\u0259 n\u00fcmayi\u015f olunan filml\u0259r gender m\u0259s\u0259l\u0259l\u0259rin\u0259 toxunur.<\/p>\n\n\n\n<p>\u201cSizd\u0259n biz\u0259 kim d\u00fc\u015f\u0259?\u201d \u015f\u00fcar\u0131 il\u0259 ke\u00e7iril\u0259n builki festival\u0131n m\u00f6vzusu qad\u0131nlar\u0131 s\u0259rh\u0259dl\u0259y\u0259n stereotipl\u0259rl\u0259 ba\u011fl\u0131d\u0131r.<\/p>\n\n\n\n<p>T\u0259dbirin ke\u00e7irilm\u0259sind\u0259 m\u0259qs\u0259d s\u0259n\u0259dli filml\u0259r v\u0259 m\u00fczakir\u0259l\u0259r vasit\u0259sil\u0259 gender m\u0259s\u0259l\u0259l\u0259rini Az\u0259rbaycanda diqq\u0259t m\u0259rk\u0259zind\u0259 saxlamaqd\u0131r.<\/p>\n\n\n\n<p>Se\u00e7ki komissiyas\u0131 t\u0259r\u0259find\u0259n se\u00e7il\u0259n filml\u0259r, \u201c\u018fn yax\u015f\u0131 tammetrajl\u0131 film\u201d, \u201c\u018fn yax\u015f\u0131 q\u0131sametrajl\u0131 s\u0259n\u0259dli film\u201d v\u0259 \u201cYerli s\u0259n\u0259dli film\u201d kateqoriyas\u0131 \u00fczr\u0259 yar\u0131\u015facaqlar.<\/p>\n\n\n\n<p>Festival\u0131n proqram\u0131na h\u0259m\u00e7inin \u00e7oxsayl\u0131 yerli v\u0259 beyn\u0259lxalq filml\u0259rin n\u00fcmayi\u015fi, ustad d\u0259rsl\u0259rinin ke\u00e7irilm\u0259si, m\u00fczakir\u0259l\u0259r ke\u00e7iril\u0259c\u0259k.<\/p>\n\n\n<div class=\"wp-block-image\">\n<figure class=\"alignleft size-large is-resized\"><img decoding=\"async\" data-src=\"https:\/\/www.meydan.tv\/wp-content\/uploads\/seviliii-poster-aze-581x821.jpg\" alt=\"\" class=\"wp-image-251624 lazyload\" width=\"264\" height=\"373\" src=\"data:image\/svg+xml;base64,PHN2ZyB3aWR0aD0iMSIgaGVpZ2h0PSIxIiB4bWxucz0iaHR0cDovL3d3dy53My5vcmcvMjAwMC9zdmciPjwvc3ZnPg==\" style=\"--smush-placeholder-width: 264px; --smush-placeholder-aspect-ratio: 264\/373;\" \/><\/figure>\n<\/div>\n\n\n<p>Festivalda xarici \u00f6lk\u0259l\u0259rd\u0259n olan kinematoqraf\u00e7\u0131lar\u0131n i\u015ftirak\u0131 da g\u00f6zl\u0259nilir.<\/p>\n\n\n\n<p>T\u0259\u015fkilat\u00e7\u0131lar\u0131n bildirdiyin\u0259 g\u00f6r\u0259, proqram\u0131n b\u00fct\u00fcn filml\u0259ri orijinalda n\u00fcmayu\u015f olunacaq.<\/p>\n\n\n\n<p>Az\u0259rbaycan dilind\u0259 titrl\u0259r olacaq.<\/p>\n\n\n\n<p>Festival\u0131n t\u0259\u015fkilat\u00e7\u0131l\u0131q i\u015fl\u0259rind\u0259 \u0259m\u0259kda\u015fl\u0131q \u00fc\u00e7\u00fcn h\u0259r \u00fc\u00e7 \u015f\u0259h\u0259rd\u0259n g\u0259ncl\u0259r c\u0259lb edilib.<\/p>\n\n\n\n<p>Sevil Beyn\u0259lxalq Qad\u0131n S\u0259n\u0259dli Film Festival\u0131 (Sevil BQSFF) 2022-ci il proqram\u0131 \u00e7\u0259r\u00e7iv\u0259sind\u0259 Almaniyan\u0131n \u201cgoEast\u201d film festival\u0131 il\u0259 \u0259m\u0259kda\u015fl\u0131\u011fa ba\u015flay\u0131b.<\/p>\n\n\n\n<p>Bu \u0259m\u0259kda\u015fl\u0131q \u00e7\u0259r\u00e7iv\u0259sind\u0259 \u201cSevilfest\u201din builki qalib rejissoru \u201cgoEast\u201d t\u0259r\u0259find\u0259n t\u0259\u015fkil edil\u0259n \u201cEast-West Talent Lab\u201dda i\u015ftirak haqq\u0131 qazanacaq.<\/p>\n\n\n\n<p>Sevil Film Festival\u0131 2020-ci ilin sentyabr\u0131ndan ke\u00e7irilm\u0259y\u0259 ba\u015flay\u0131b.<\/p>\n\n\n\n<p>Festival m\u00fcst\u0259qil Sevil-BQSFF yerli s\u0259n\u0259dli film sah\u0259sinin inki\u015faf\u0131na t\u00f6hf\u0259 verm\u0259k, bu sah\u0259 \u00fczr\u0259 yerli v\u0259 xarici pe\u015f\u0259karlar aras\u0131nda t\u0259cr\u00fcb\u0259 m\u00fcbadil\u0259si \u00fc\u00e7\u00fcn platforma yaratmaqd\u0131r.<\/p>\n\n\n\n<p>Eyni zamanda, yeni yerli s\u0259n\u0259dli filml\u0259rin, el\u0259c\u0259 d\u0259, beyn\u0259lxalq m\u00fc\u015ft\u0259r\u0259k m\u0259hsullar\u0131n yarad\u0131lmas\u0131n\u0131 t\u0259\u015fviq etm\u0259k, filml\u0259r vasit\u0259sil\u0259 gender m\u0259s\u0259l\u0259l\u0259rin\u0259 diqq\u0259t \u00e7\u0259km\u0259kdir.<\/p>\n\n\n\n<p>\u201cSevil\u201d ad\u0131 Az\u0259rbaycanda qad\u0131n azadl\u0131\u011f\u0131n\u0131 t\u0259msil ed\u0259n C\u0259f\u0259r Cabbarl\u0131n\u0131n Sevil pyesind\u0259n g\u00f6t\u00fcr\u00fcl\u00fcb.<\/p>\n","protected":false},"excerpt":{"rendered":"<p>Festival\u0131 Bak\u0131, \u015e\u0259ki v\u0259 L\u0259nk\u0259randa t\u0259\u015fkil olunacaq Az\u0259rbaycanda avqustun 13-d\u0259n &#8230; <\/p>\n<p class=\"read-more-container\"><a title=\"III Sevil: Qad\u0131nlar\u0131 s\u0259rh\u0259dl\u0259y\u0259n stereotipl\u0259rl\u0259 ba\u011fl\u0131 film festival\u0131\" class=\"read-more button\" href=\"https:\/\/www.meydan.tv\/az\/article\/iii-sevil-qadinlari-serhedleyen-stereotiplerle-bagli-film-festivali\/#more-251631\" aria-label=\"Read more about III Sevil: Qad\u0131nlar\u0131 s\u0259rh\u0259dl\u0259y\u0259n stereotipl\u0259rl\u0259 ba\u011fl\u0131 film festival\u0131\">Davam\u0131<\/a><\/p>\n","protected":false},"author":8,"featured_media":251621,"comment_status":"closed","ping_status":"closed","sticky":false,"template":"","format":"standard","meta":{"_acf_changed":false,"_sitemap_exclude":false,"_sitemap_priority":"","_sitemap_frequency":"","footnotes":""},"categories":[52,56],"tags":[],"class_list":["post-251631","post","type-post","status-publish","format-standard","has-post-thumbnail","hentry","category-medeniyyet","category-xeberler","infinite-scroll-item","generate-columns","tablet-grid-50","mobile-grid-100","grid-parent","grid-33","no-featured-image-padding"],"acf":[],"yoast_head":"<!-- This site is optimized with the Yoast SEO plugin v27.5 - https:\/\/yoast.com\/product\/yoast-seo-wordpress\/ -->\n<title>III Sevil: Qad\u0131nlar\u0131 s\u0259rh\u0259dl\u0259y\u0259n stereotipl\u0259rl\u0259 ba\u011fl\u0131 film festival\u0131 - MEYDAN.TV<\/title>\n<meta name=\"robots\" content=\"index, follow, max-snippet:-1, max-image-preview:large, max-video-preview:-1\" \/>\n<link rel=\"canonical\" href=\"https:\/\/www.meydan.tv\/az\/article\/iii-sevil-qadinlari-serhedleyen-stereotiplerle-bagli-film-festivali\/\" \/>\n<meta property=\"og:locale\" content=\"az_AZ\" \/>\n<meta property=\"og:type\" content=\"article\" \/>\n<meta property=\"og:title\" content=\"III Sevil: Qad\u0131nlar\u0131 s\u0259rh\u0259dl\u0259y\u0259n stereotipl\u0259rl\u0259 ba\u011fl\u0131 film festival\u0131 - MEYDAN.TV\" \/>\n<meta property=\"og:description\" content=\"Festival\u0131 Bak\u0131, \u015e\u0259ki v\u0259 L\u0259nk\u0259randa t\u0259\u015fkil olunacaq Az\u0259rbaycanda avqustun 13-d\u0259n ... Davam\u0131\" \/>\n<meta property=\"og:url\" content=\"https:\/\/www.meydan.tv\/az\/article\/iii-sevil-qadinlari-serhedleyen-stereotiplerle-bagli-film-festivali\/\" \/>\n<meta property=\"og:site_name\" content=\"MEYDAN.TV\" \/>\n<meta property=\"article:published_time\" content=\"2022-07-25T08:37:29+00:00\" \/>\n<meta property=\"article:modified_time\" content=\"2022-07-25T08:37:32+00:00\" \/>\n<meta property=\"og:image\" content=\"https:\/\/www.meydan.tv\/wp-content\/uploads\/image_from_ios-46.jpg\" \/>\n\t<meta property=\"og:image:width\" content=\"1720\" \/>\n\t<meta property=\"og:image:height\" content=\"637\" \/>\n\t<meta property=\"og:image:type\" content=\"image\/jpeg\" \/>\n<meta name=\"author\" content=\"elli\" \/>\n<meta name=\"twitter:card\" content=\"summary_large_image\" \/>\n<meta name=\"twitter:creator\" content=\"@elli\" \/>\n<script type=\"application\/ld+json\" class=\"yoast-schema-graph\">{\"@context\":\"https:\\\/\\\/schema.org\",\"@graph\":[{\"@type\":\"Article\",\"@id\":\"https:\\\/\\\/www.meydan.tv\\\/az\\\/article\\\/iii-sevil-qadinlari-serhedleyen-stereotiplerle-bagli-film-festivali\\\/#article\",\"isPartOf\":{\"@id\":\"https:\\\/\\\/www.meydan.tv\\\/az\\\/article\\\/iii-sevil-qadinlari-serhedleyen-stereotiplerle-bagli-film-festivali\\\/\"},\"author\":{\"name\":\"elli\",\"@id\":\"https:\\\/\\\/www.meydan.tv\\\/az\\\/#\\\/schema\\\/person\\\/9cdbecf90d17180ce1dfbd95b08dcf47\"},\"headline\":\"III Sevil: Qad\u0131nlar\u0131 s\u0259rh\u0259dl\u0259y\u0259n stereotipl\u0259rl\u0259 ba\u011fl\u0131 film festival\u0131\",\"datePublished\":\"2022-07-25T08:37:29+00:00\",\"dateModified\":\"2022-07-25T08:37:32+00:00\",\"mainEntityOfPage\":{\"@id\":\"https:\\\/\\\/www.meydan.tv\\\/az\\\/article\\\/iii-sevil-qadinlari-serhedleyen-stereotiplerle-bagli-film-festivali\\\/\"},\"wordCount\":465,\"publisher\":{\"@id\":\"https:\\\/\\\/www.meydan.tv\\\/az\\\/#organization\"},\"image\":{\"@id\":\"https:\\\/\\\/www.meydan.tv\\\/az\\\/article\\\/iii-sevil-qadinlari-serhedleyen-stereotiplerle-bagli-film-festivali\\\/#primaryimage\"},\"thumbnailUrl\":\"https:\\\/\\\/www.meydan.tv\\\/wp-content\\\/uploads\\\/image_from_ios-46.jpg\",\"articleSection\":[\"M\u0259d\u0259niyy\u0259t\",\"X\u0259b\u0259rl\u0259r\"],\"inLanguage\":\"az\"},{\"@type\":\"WebPage\",\"@id\":\"https:\\\/\\\/www.meydan.tv\\\/az\\\/article\\\/iii-sevil-qadinlari-serhedleyen-stereotiplerle-bagli-film-festivali\\\/\",\"url\":\"https:\\\/\\\/www.meydan.tv\\\/az\\\/article\\\/iii-sevil-qadinlari-serhedleyen-stereotiplerle-bagli-film-festivali\\\/\",\"name\":\"III Sevil: Qad\u0131nlar\u0131 s\u0259rh\u0259dl\u0259y\u0259n stereotipl\u0259rl\u0259 ba\u011fl\u0131 film festival\u0131 - MEYDAN.TV\",\"isPartOf\":{\"@id\":\"https:\\\/\\\/www.meydan.tv\\\/az\\\/#website\"},\"primaryImageOfPage\":{\"@id\":\"https:\\\/\\\/www.meydan.tv\\\/az\\\/article\\\/iii-sevil-qadinlari-serhedleyen-stereotiplerle-bagli-film-festivali\\\/#primaryimage\"},\"image\":{\"@id\":\"https:\\\/\\\/www.meydan.tv\\\/az\\\/article\\\/iii-sevil-qadinlari-serhedleyen-stereotiplerle-bagli-film-festivali\\\/#primaryimage\"},\"thumbnailUrl\":\"https:\\\/\\\/www.meydan.tv\\\/wp-content\\\/uploads\\\/image_from_ios-46.jpg\",\"datePublished\":\"2022-07-25T08:37:29+00:00\",\"dateModified\":\"2022-07-25T08:37:32+00:00\",\"breadcrumb\":{\"@id\":\"https:\\\/\\\/www.meydan.tv\\\/az\\\/article\\\/iii-sevil-qadinlari-serhedleyen-stereotiplerle-bagli-film-festivali\\\/#breadcrumb\"},\"inLanguage\":\"az\",\"potentialAction\":[{\"@type\":\"ReadAction\",\"target\":[\"https:\\\/\\\/www.meydan.tv\\\/az\\\/article\\\/iii-sevil-qadinlari-serhedleyen-stereotiplerle-bagli-film-festivali\\\/\"]}]},{\"@type\":\"ImageObject\",\"inLanguage\":\"az\",\"@id\":\"https:\\\/\\\/www.meydan.tv\\\/az\\\/article\\\/iii-sevil-qadinlari-serhedleyen-stereotiplerle-bagli-film-festivali\\\/#primaryimage\",\"url\":\"https:\\\/\\\/www.meydan.tv\\\/wp-content\\\/uploads\\\/image_from_ios-46.jpg\",\"contentUrl\":\"https:\\\/\\\/www.meydan.tv\\\/wp-content\\\/uploads\\\/image_from_ios-46.jpg\",\"width\":1720,\"height\":637,\"caption\":\"M\u0259nb\u0259: Sevil BQSFF\"},{\"@type\":\"BreadcrumbList\",\"@id\":\"https:\\\/\\\/www.meydan.tv\\\/az\\\/article\\\/iii-sevil-qadinlari-serhedleyen-stereotiplerle-bagli-film-festivali\\\/#breadcrumb\",\"itemListElement\":[{\"@type\":\"ListItem\",\"position\":1,\"name\":\"Ana s\u0259hif\u0259\",\"item\":\"https:\\\/\\\/www.meydan.tv\\\/az\\\/\"},{\"@type\":\"ListItem\",\"position\":2,\"name\":\"M\u0259d\u0259niyy\u0259t\",\"item\":\"https:\\\/\\\/www.meydan.tv\\\/az\\\/section\\\/medeniyyet\\\/\"},{\"@type\":\"ListItem\",\"position\":3,\"name\":\"III Sevil: Qad\u0131nlar\u0131 s\u0259rh\u0259dl\u0259y\u0259n stereotipl\u0259rl\u0259 ba\u011fl\u0131 film festival\u0131\"}]},{\"@type\":\"WebSite\",\"@id\":\"https:\\\/\\\/www.meydan.tv\\\/az\\\/#website\",\"url\":\"https:\\\/\\\/www.meydan.tv\\\/az\\\/\",\"name\":\"MEYDAN.TV\",\"description\":\"Meydan TV Az\u0259rbaycan\u0131n media m\u0259kan\u0131ndak\u0131 alternativ s\u0259sidir\",\"publisher\":{\"@id\":\"https:\\\/\\\/www.meydan.tv\\\/az\\\/#organization\"},\"potentialAction\":[{\"@type\":\"SearchAction\",\"target\":{\"@type\":\"EntryPoint\",\"urlTemplate\":\"https:\\\/\\\/www.meydan.tv\\\/az\\\/?s={search_term_string}\"},\"query-input\":{\"@type\":\"PropertyValueSpecification\",\"valueRequired\":true,\"valueName\":\"search_term_string\"}}],\"inLanguage\":\"az\"},{\"@type\":\"Organization\",\"@id\":\"https:\\\/\\\/www.meydan.tv\\\/az\\\/#organization\",\"name\":\"Meydan TV\",\"url\":\"https:\\\/\\\/www.meydan.tv\\\/az\\\/\",\"logo\":{\"@type\":\"ImageObject\",\"inLanguage\":\"az\",\"@id\":\"https:\\\/\\\/www.meydan.tv\\\/az\\\/#\\\/schema\\\/logo\\\/image\\\/\",\"url\":\"https:\\\/\\\/www.meydan.tv\\\/wp-content\\\/uploads\\\/2021\\\/07\\\/meydan-logo.svg\",\"contentUrl\":\"https:\\\/\\\/www.meydan.tv\\\/wp-content\\\/uploads\\\/2021\\\/07\\\/meydan-logo.svg\",\"width\":195,\"height\":46,\"caption\":\"Meydan TV\"},\"image\":{\"@id\":\"https:\\\/\\\/www.meydan.tv\\\/az\\\/#\\\/schema\\\/logo\\\/image\\\/\"}},{\"@type\":\"Person\",\"@id\":\"https:\\\/\\\/www.meydan.tv\\\/az\\\/#\\\/schema\\\/person\\\/9cdbecf90d17180ce1dfbd95b08dcf47\",\"name\":\"elli\",\"sameAs\":[\"https:\\\/\\\/x.com\\\/elli\"]}]}<\/script>\n<!-- \/ Yoast SEO plugin. -->","yoast_head_json":{"title":"III Sevil: Qad\u0131nlar\u0131 s\u0259rh\u0259dl\u0259y\u0259n stereotipl\u0259rl\u0259 ba\u011fl\u0131 film festival\u0131 - MEYDAN.TV","robots":{"index":"index","follow":"follow","max-snippet":"max-snippet:-1","max-image-preview":"max-image-preview:large","max-video-preview":"max-video-preview:-1"},"canonical":"https:\/\/www.meydan.tv\/az\/article\/iii-sevil-qadinlari-serhedleyen-stereotiplerle-bagli-film-festivali\/","og_locale":"az_AZ","og_type":"article","og_title":"III Sevil: Qad\u0131nlar\u0131 s\u0259rh\u0259dl\u0259y\u0259n stereotipl\u0259rl\u0259 ba\u011fl\u0131 film festival\u0131 - MEYDAN.TV","og_description":"Festival\u0131 Bak\u0131, \u015e\u0259ki v\u0259 L\u0259nk\u0259randa t\u0259\u015fkil olunacaq Az\u0259rbaycanda avqustun 13-d\u0259n ... Davam\u0131","og_url":"https:\/\/www.meydan.tv\/az\/article\/iii-sevil-qadinlari-serhedleyen-stereotiplerle-bagli-film-festivali\/","og_site_name":"MEYDAN.TV","article_published_time":"2022-07-25T08:37:29+00:00","article_modified_time":"2022-07-25T08:37:32+00:00","og_image":[{"width":1720,"height":637,"url":"https:\/\/www.meydan.tv\/wp-content\/uploads\/image_from_ios-46.jpg","type":"image\/jpeg"}],"author":"elli","twitter_card":"summary_large_image","twitter_creator":"@elli","schema":{"@context":"https:\/\/schema.org","@graph":[{"@type":"Article","@id":"https:\/\/www.meydan.tv\/az\/article\/iii-sevil-qadinlari-serhedleyen-stereotiplerle-bagli-film-festivali\/#article","isPartOf":{"@id":"https:\/\/www.meydan.tv\/az\/article\/iii-sevil-qadinlari-serhedleyen-stereotiplerle-bagli-film-festivali\/"},"author":{"name":"elli","@id":"https:\/\/www.meydan.tv\/az\/#\/schema\/person\/9cdbecf90d17180ce1dfbd95b08dcf47"},"headline":"III Sevil: Qad\u0131nlar\u0131 s\u0259rh\u0259dl\u0259y\u0259n stereotipl\u0259rl\u0259 ba\u011fl\u0131 film festival\u0131","datePublished":"2022-07-25T08:37:29+00:00","dateModified":"2022-07-25T08:37:32+00:00","mainEntityOfPage":{"@id":"https:\/\/www.meydan.tv\/az\/article\/iii-sevil-qadinlari-serhedleyen-stereotiplerle-bagli-film-festivali\/"},"wordCount":465,"publisher":{"@id":"https:\/\/www.meydan.tv\/az\/#organization"},"image":{"@id":"https:\/\/www.meydan.tv\/az\/article\/iii-sevil-qadinlari-serhedleyen-stereotiplerle-bagli-film-festivali\/#primaryimage"},"thumbnailUrl":"https:\/\/www.meydan.tv\/wp-content\/uploads\/image_from_ios-46.jpg","articleSection":["M\u0259d\u0259niyy\u0259t","X\u0259b\u0259rl\u0259r"],"inLanguage":"az"},{"@type":"WebPage","@id":"https:\/\/www.meydan.tv\/az\/article\/iii-sevil-qadinlari-serhedleyen-stereotiplerle-bagli-film-festivali\/","url":"https:\/\/www.meydan.tv\/az\/article\/iii-sevil-qadinlari-serhedleyen-stereotiplerle-bagli-film-festivali\/","name":"III Sevil: Qad\u0131nlar\u0131 s\u0259rh\u0259dl\u0259y\u0259n stereotipl\u0259rl\u0259 ba\u011fl\u0131 film festival\u0131 - MEYDAN.TV","isPartOf":{"@id":"https:\/\/www.meydan.tv\/az\/#website"},"primaryImageOfPage":{"@id":"https:\/\/www.meydan.tv\/az\/article\/iii-sevil-qadinlari-serhedleyen-stereotiplerle-bagli-film-festivali\/#primaryimage"},"image":{"@id":"https:\/\/www.meydan.tv\/az\/article\/iii-sevil-qadinlari-serhedleyen-stereotiplerle-bagli-film-festivali\/#primaryimage"},"thumbnailUrl":"https:\/\/www.meydan.tv\/wp-content\/uploads\/image_from_ios-46.jpg","datePublished":"2022-07-25T08:37:29+00:00","dateModified":"2022-07-25T08:37:32+00:00","breadcrumb":{"@id":"https:\/\/www.meydan.tv\/az\/article\/iii-sevil-qadinlari-serhedleyen-stereotiplerle-bagli-film-festivali\/#breadcrumb"},"inLanguage":"az","potentialAction":[{"@type":"ReadAction","target":["https:\/\/www.meydan.tv\/az\/article\/iii-sevil-qadinlari-serhedleyen-stereotiplerle-bagli-film-festivali\/"]}]},{"@type":"ImageObject","inLanguage":"az","@id":"https:\/\/www.meydan.tv\/az\/article\/iii-sevil-qadinlari-serhedleyen-stereotiplerle-bagli-film-festivali\/#primaryimage","url":"https:\/\/www.meydan.tv\/wp-content\/uploads\/image_from_ios-46.jpg","contentUrl":"https:\/\/www.meydan.tv\/wp-content\/uploads\/image_from_ios-46.jpg","width":1720,"height":637,"caption":"M\u0259nb\u0259: Sevil BQSFF"},{"@type":"BreadcrumbList","@id":"https:\/\/www.meydan.tv\/az\/article\/iii-sevil-qadinlari-serhedleyen-stereotiplerle-bagli-film-festivali\/#breadcrumb","itemListElement":[{"@type":"ListItem","position":1,"name":"Ana s\u0259hif\u0259","item":"https:\/\/www.meydan.tv\/az\/"},{"@type":"ListItem","position":2,"name":"M\u0259d\u0259niyy\u0259t","item":"https:\/\/www.meydan.tv\/az\/section\/medeniyyet\/"},{"@type":"ListItem","position":3,"name":"III Sevil: Qad\u0131nlar\u0131 s\u0259rh\u0259dl\u0259y\u0259n stereotipl\u0259rl\u0259 ba\u011fl\u0131 film festival\u0131"}]},{"@type":"WebSite","@id":"https:\/\/www.meydan.tv\/az\/#website","url":"https:\/\/www.meydan.tv\/az\/","name":"MEYDAN.TV","description":"Meydan TV Az\u0259rbaycan\u0131n media m\u0259kan\u0131ndak\u0131 alternativ s\u0259sidir","publisher":{"@id":"https:\/\/www.meydan.tv\/az\/#organization"},"potentialAction":[{"@type":"SearchAction","target":{"@type":"EntryPoint","urlTemplate":"https:\/\/www.meydan.tv\/az\/?s={search_term_string}"},"query-input":{"@type":"PropertyValueSpecification","valueRequired":true,"valueName":"search_term_string"}}],"inLanguage":"az"},{"@type":"Organization","@id":"https:\/\/www.meydan.tv\/az\/#organization","name":"Meydan TV","url":"https:\/\/www.meydan.tv\/az\/","logo":{"@type":"ImageObject","inLanguage":"az","@id":"https:\/\/www.meydan.tv\/az\/#\/schema\/logo\/image\/","url":"https:\/\/www.meydan.tv\/wp-content\/uploads\/2021\/07\/meydan-logo.svg","contentUrl":"https:\/\/www.meydan.tv\/wp-content\/uploads\/2021\/07\/meydan-logo.svg","width":195,"height":46,"caption":"Meydan TV"},"image":{"@id":"https:\/\/www.meydan.tv\/az\/#\/schema\/logo\/image\/"}},{"@type":"Person","@id":"https:\/\/www.meydan.tv\/az\/#\/schema\/person\/9cdbecf90d17180ce1dfbd95b08dcf47","name":"elli","sameAs":["https:\/\/x.com\/elli"]}]}},"_links":{"self":[{"href":"https:\/\/www.meydan.tv\/az\/wp-json\/wp\/v2\/posts\/251631","targetHints":{"allow":["GET"]}}],"collection":[{"href":"https:\/\/www.meydan.tv\/az\/wp-json\/wp\/v2\/posts"}],"about":[{"href":"https:\/\/www.meydan.tv\/az\/wp-json\/wp\/v2\/types\/post"}],"author":[{"embeddable":true,"href":"https:\/\/www.meydan.tv\/az\/wp-json\/wp\/v2\/users\/8"}],"replies":[{"embeddable":true,"href":"https:\/\/www.meydan.tv\/az\/wp-json\/wp\/v2\/comments?post=251631"}],"version-history":[{"count":1,"href":"https:\/\/www.meydan.tv\/az\/wp-json\/wp\/v2\/posts\/251631\/revisions"}],"predecessor-version":[{"id":251633,"href":"https:\/\/www.meydan.tv\/az\/wp-json\/wp\/v2\/posts\/251631\/revisions\/251633"}],"wp:featuredmedia":[{"embeddable":true,"href":"https:\/\/www.meydan.tv\/az\/wp-json\/wp\/v2\/media\/251621"}],"wp:attachment":[{"href":"https:\/\/www.meydan.tv\/az\/wp-json\/wp\/v2\/media?parent=251631"}],"wp:term":[{"taxonomy":"category","embeddable":true,"href":"https:\/\/www.meydan.tv\/az\/wp-json\/wp\/v2\/categories?post=251631"},{"taxonomy":"post_tag","embeddable":true,"href":"https:\/\/www.meydan.tv\/az\/wp-json\/wp\/v2\/tags?post=251631"}],"curies":[{"name":"wp","href":"https:\/\/api.w.org\/{rel}","templated":true}]}}