{"id":251526,"date":"2022-07-22T12:43:07","date_gmt":"2022-07-22T08:43:07","guid":{"rendered":"https:\/\/www.meydan.tv\/?p=251526"},"modified":"2022-07-22T12:43:08","modified_gmt":"2022-07-22T08:43:08","slug":"jurnalistlerin-senedli-filmi-sarayevo-film-festivalinda","status":"publish","type":"post","link":"https:\/\/www.meydan.tv\/az\/article\/jurnalistlerin-senedli-filmi-sarayevo-film-festivalinda\/","title":{"rendered":"Jurnalistl\u0259rin s\u0259n\u0259dli filmi Sarayevo Film Festival\u0131nda"},"content":{"rendered":"\n<p><\/p>\n\n\n\n<p>Az\u0259rbaycandan \u201c\u00c7inar a\u011fac\u0131n\u0131n k\u00f6lg\u0259sind\u0259\u201d filmi m\u00fcbariz\u0259y\u0259 qat\u0131l\u0131b<\/p>\n\n\n\n<p>Az\u0259rbaycan\u0131n s\u0259n\u0259dli filmi Sarayevo Film Festival\u0131n\u0131n proqram\u0131na daxil edilib.<\/p>\n\n\n\n<p>Jurnalist Aynur Elg\u00fcn\u0259\u015fin ilk d\u0259f\u0259 rejissorlu\u011funu etdiyi \u201c\u00c7inar a\u011fac\u0131n\u0131n k\u00f6lg\u0259sind\u0259\u201d (\u201cShadowed by the plane tree\u201d) ekran i\u015fi festival\u0131n s\u0259n\u0259dli film m\u00fcsabiq\u0259 proqram\u0131na sal\u0131n\u0131b.<\/p>\n\n\n\n<p>\u201c\u00c7inar a\u011fac\u0131n\u0131n k\u00f6lg\u0259sind\u0259\u201d q\u0131sametrajl\u0131 hibrid s\u0259n\u0259dli film rejissorun \u015f\u0259xsi hekay\u0259sidir. M\u00fc\u0259llif Aynur Elg\u00fcn\u0259\u015f yeniyetm\u0259yk\u0259n k\u00f6\u00e7k\u00fcn d\u00fc\u015fd\u00fcy\u00fc A\u011fdam \u015f\u0259h\u0259rin\u0259 28 il sonra jurnalist kimi qay\u0131d\u0131r, film boyu A\u011fdam k\u00fc\u00e7\u0259l\u0259rind\u0259 u\u015faql\u0131\u011f\u0131n\u0131n izl\u0259rini axtar\u0131r, da\u011f\u0131nt\u0131lar alt\u0131nda qalm\u0131\u015f xatir\u0259l\u0259rin\u0259 s\u0259yah\u0259t edir.<\/p>\n\n\n\n<p>On s\u0259kkiz d\u0259qiq\u0259lik filmin prod\u00fcsseri jurnalist v\u0259 rejissor Durna S\u0259f\u0259rova, operator v\u0259 montaj\u00e7\u0131s\u0131 M\u0259tl\u0259b <a href=\"https:\/\/www.sff.ba\/en\/news\/11732\/28th-sarajevo-film-festival-51-films-to-compete-for-heart-of-sarajevo-awards\" target=\"_blank\" rel=\"noreferrer noopener\">Muxtarovdur<\/a>.<br>\u201c\u00c7inar a\u011fac\u0131n\u0131n k\u00f6lg\u0259sind\u0259\u201d \u00fcmumilikd\u0259 751 film aras\u0131ndan se\u00e7ilib v\u0259 builki festivalda n\u00fcmayi\u015f olunacaq yegan\u0259 Az\u0259rbaycan filmidir.<\/p>\n\n\n\n<p>Filmin premyeras\u0131 da el\u0259 festivalda realla\u015facaq.<\/p>\n\n\n<div class=\"wp-block-image\">\n<figure class=\"alignright size-large is-resized\"><img decoding=\"async\" data-src=\"https:\/\/www.meydan.tv\/wp-content\/uploads\/img_6304-563x821.jpg\" alt=\"\" class=\"wp-image-251530 lazyload\" width=\"294\" height=\"429\" src=\"data:image\/svg+xml;base64,PHN2ZyB3aWR0aD0iMSIgaGVpZ2h0PSIxIiB4bWxucz0iaHR0cDovL3d3dy53My5vcmcvMjAwMC9zdmciPjwvc3ZnPg==\" style=\"--smush-placeholder-width: 294px; --smush-placeholder-aspect-ratio: 294\/429;\" \/><figcaption>Afi\u015fa<\/figcaption><\/figure>\n<\/div>\n\n\n<p>Festivalda Albaniya, Erm\u0259nistan, Avstriya, Az\u0259rbaycan, Bosniya-Hersoqovina, Bolqar\u0131stan, Xorvatiya, Kipr, Yunan\u0131stan, G\u00fcrc\u00fcstan, Macar\u0131stan, Kosovo, \u015eimali Makedoniya, Malta, Moldova, Monteneqro, Rum\u0131niya, Serbiya, Sloveniya, T\u00fcrkiy\u0259 v\u0259 Ukraynadan olan film v\u0259 kinematoqraf\u00e7\u0131lar qat\u0131l\u0131b.<\/p>\n\n\n\n<p>28-ci d\u0259f\u0259dir ki, t\u0259\u015fkil olunacaq festival\u0131n d\u00f6rd m\u00fcsabiq\u0259 b\u00f6lm\u00fcnd\u0259 \u2013 b\u0259dii, s\u0259n\u0259dli, q\u0131sametrajl\u0131 v\u0259 t\u0259l\u0259b\u0259 filml\u0259ri \u00fczr\u0259 \u00fcmumilikd\u0259 51 film \u201cHeart of Sarayevo\u201d (\u201cSarayevonun \u00fcr\u0259yi\u201d) m\u00fckafatlar\u0131 u\u011frunda m\u00fcbariz\u0259 aparacaq.<\/p>\n\n\n\n<p>T\u0259\u015fkilat\u00e7\u0131lar\u0131n bildirdiyin\u0259 g\u00f6r\u0259, bu il festivala 160 b\u0259dii, 211 s\u0259n\u0259dli, 240 q\u0131sametrajl\u0131 v\u0259 140 t\u0259l\u0259b\u0259 ad\u0131 daxil olmaqla 751 film t\u0259qdim edilib.<\/p>\n\n\n\n<p>\u201c\u00c7inar a\u011fac\u0131n\u0131n k\u00f6lg\u0259sind\u0259\u201d festival\u0131n s\u0259n\u0259dli film b\u00f6lm\u0259sind\u0259 iyirmi iki film yar\u0131\u015facaq.<\/p>\n\n\n\n<p>\u201cXurmalar yeti\u015f\u04d9n vaxt\u201d filmin\u0259 g\u00f6r\u0259 2019-cu ild\u04d9 Sarayevo Film Festival\u0131n\u0131n \u201c\u04d8n yax\u015f\u0131 s\u04d9n\u04d9dli film\u201d m\u00fckafat\u0131n\u0131 qazanm\u0131\u015f az\u0259rbaycanl\u0131 rejissor Hilal Baydarov is\u0259 bu il \u201cS\u04d9n\u04d9dli film\u201d m\u00fcsabiq\u04d9sinin \u00fc\u00e7 m\u00fcnsif \u00fczv\u00fcnd\u0259n biri olacaq.<\/p>\n\n\n\n<p>Dig\u04d9r iki j\u00fcri \u00fczv\u00fc is\u04d9 g\u00fcrc\u00fc rejissor Salome Jashi v\u04d9 Margje De <a href=\"https:\/\/www.sff.ba\/en\/news\/11727\/jury-of-the-competition-programme-documentary-film-of-the-28th-sarajevo-film-festival\" target=\"_blank\" rel=\"noreferrer noopener\">Koningdir<\/a>.<\/p>\n\n\n\n<p>1995-ci ild\u0259n Bosniya v\u0259 Herseqovinan\u0131n paytaxt\u0131 Sarayevoda ke\u00e7irilm\u0259y\u0259 ba\u015flayan bu festival C\u0259nub-\u015f\u0259rqi Avropan\u0131n geni\u015fmiqyasl\u0131 kino t\u0259dbiri hesab olunur.<\/p>\n\n\n\n<p>\u0130lk festival 25 oktyabr- 5 noyabrda Sarayevo m\u00fchasir\u0259si zaman\u0131 ke\u00e7irilib.<\/p>\n\n\n\n<p>H\u0259min vaxt 15 min tama\u015fa\u00e7\u0131s\u0131 olan festival\u0131n haz\u0131rda auditoriyas\u0131 100 mind\u0259n \u00e7oxdur.<\/p>\n\n\n\n<p>Bosniyadak\u0131 m\u00fcharib\u0259nin izl\u0259rini silm\u0259k v\u0259 Sarayevonu yenid\u0259n m\u0259d\u0259niyy\u0259t v\u0259 s\u0259n\u0259t m\u0259rk\u0259zin\u0259 \u00e7evirm\u0259k m\u0259qs\u0259dil\u0259 t\u0259\u015fkil olunan Sarayevo Film Festival\u0131na indiy\u0259 kimi &#8211; aktyorlar Robert de Niro, Ancelina Coli, Bred Pitt, Orlando Blum, Daniel Kreyq, Con Malkovi\u00e7, rejissor Nuri Bilge Ceylan kimi m\u0259\u015fhurlar qat\u0131l\u0131blar.<br>Builki festival avqustun 12-d\u0259n 19-d\u0259k ke\u00e7iril\u0259c\u0259k.<\/p>\n","protected":false},"excerpt":{"rendered":"<p>Az\u0259rbaycandan \u201c\u00c7inar a\u011fac\u0131n\u0131n k\u00f6lg\u0259sind\u0259\u201d filmi m\u00fcbariz\u0259y\u0259 qat\u0131l\u0131b Az\u0259rbaycan\u0131n s\u0259n\u0259dli filmi &#8230; <\/p>\n<p class=\"read-more-container\"><a title=\"Jurnalistl\u0259rin s\u0259n\u0259dli filmi Sarayevo Film Festival\u0131nda\" class=\"read-more button\" href=\"https:\/\/www.meydan.tv\/az\/article\/jurnalistlerin-senedli-filmi-sarayevo-film-festivalinda\/#more-251526\" aria-label=\"Read more about Jurnalistl\u0259rin s\u0259n\u0259dli filmi Sarayevo Film Festival\u0131nda\">Davam\u0131<\/a><\/p>\n","protected":false},"author":8,"featured_media":251527,"comment_status":"closed","ping_status":"closed","sticky":false,"template":"","format":"standard","meta":{"_acf_changed":false,"_sitemap_exclude":false,"_sitemap_priority":"","_sitemap_frequency":"","footnotes":""},"categories":[52,56],"tags":[],"class_list":["post-251526","post","type-post","status-publish","format-standard","has-post-thumbnail","hentry","category-medeniyyet","category-xeberler","infinite-scroll-item","generate-columns","tablet-grid-50","mobile-grid-100","grid-parent","grid-33","no-featured-image-padding"],"acf":[],"yoast_head":"<!-- This site is optimized with the Yoast SEO plugin v27.5 - https:\/\/yoast.com\/product\/yoast-seo-wordpress\/ -->\n<title>Jurnalistl\u0259rin s\u0259n\u0259dli filmi Sarayevo Film Festival\u0131nda - MEYDAN.TV<\/title>\n<meta name=\"robots\" content=\"index, follow, max-snippet:-1, max-image-preview:large, max-video-preview:-1\" \/>\n<link rel=\"canonical\" href=\"https:\/\/www.meydan.tv\/az\/article\/jurnalistlerin-senedli-filmi-sarayevo-film-festivalinda\/\" \/>\n<meta property=\"og:locale\" content=\"az_AZ\" \/>\n<meta property=\"og:type\" content=\"article\" \/>\n<meta property=\"og:title\" content=\"Jurnalistl\u0259rin s\u0259n\u0259dli filmi Sarayevo Film Festival\u0131nda - MEYDAN.TV\" \/>\n<meta property=\"og:description\" content=\"Az\u0259rbaycandan \u201c\u00c7inar a\u011fac\u0131n\u0131n k\u00f6lg\u0259sind\u0259\u201d filmi m\u00fcbariz\u0259y\u0259 qat\u0131l\u0131b Az\u0259rbaycan\u0131n s\u0259n\u0259dli filmi ... Davam\u0131\" \/>\n<meta property=\"og:url\" content=\"https:\/\/www.meydan.tv\/az\/article\/jurnalistlerin-senedli-filmi-sarayevo-film-festivalinda\/\" \/>\n<meta property=\"og:site_name\" content=\"MEYDAN.TV\" \/>\n<meta property=\"article:published_time\" content=\"2022-07-22T08:43:07+00:00\" \/>\n<meta property=\"article:modified_time\" content=\"2022-07-22T08:43:08+00:00\" \/>\n<meta property=\"og:image\" content=\"https:\/\/www.meydan.tv\/wp-content\/uploads\/still_7.jpg\" \/>\n\t<meta property=\"og:image:width\" content=\"1280\" \/>\n\t<meta property=\"og:image:height\" content=\"800\" \/>\n\t<meta property=\"og:image:type\" content=\"image\/jpeg\" \/>\n<meta name=\"author\" content=\"elli\" \/>\n<meta name=\"twitter:card\" content=\"summary_large_image\" \/>\n<meta name=\"twitter:creator\" content=\"@elli\" \/>\n<script type=\"application\/ld+json\" class=\"yoast-schema-graph\">{\"@context\":\"https:\\\/\\\/schema.org\",\"@graph\":[{\"@type\":\"Article\",\"@id\":\"https:\\\/\\\/www.meydan.tv\\\/az\\\/article\\\/jurnalistlerin-senedli-filmi-sarayevo-film-festivalinda\\\/#article\",\"isPartOf\":{\"@id\":\"https:\\\/\\\/www.meydan.tv\\\/az\\\/article\\\/jurnalistlerin-senedli-filmi-sarayevo-film-festivalinda\\\/\"},\"author\":{\"name\":\"elli\",\"@id\":\"https:\\\/\\\/www.meydan.tv\\\/az\\\/#\\\/schema\\\/person\\\/9cdbecf90d17180ce1dfbd95b08dcf47\"},\"headline\":\"Jurnalistl\u0259rin s\u0259n\u0259dli filmi Sarayevo Film Festival\u0131nda\",\"datePublished\":\"2022-07-22T08:43:07+00:00\",\"dateModified\":\"2022-07-22T08:43:08+00:00\",\"mainEntityOfPage\":{\"@id\":\"https:\\\/\\\/www.meydan.tv\\\/az\\\/article\\\/jurnalistlerin-senedli-filmi-sarayevo-film-festivalinda\\\/\"},\"wordCount\":539,\"publisher\":{\"@id\":\"https:\\\/\\\/www.meydan.tv\\\/az\\\/#organization\"},\"image\":{\"@id\":\"https:\\\/\\\/www.meydan.tv\\\/az\\\/article\\\/jurnalistlerin-senedli-filmi-sarayevo-film-festivalinda\\\/#primaryimage\"},\"thumbnailUrl\":\"https:\\\/\\\/www.meydan.tv\\\/wp-content\\\/uploads\\\/still_7.jpg\",\"articleSection\":[\"M\u0259d\u0259niyy\u0259t\",\"X\u0259b\u0259rl\u0259r\"],\"inLanguage\":\"az\"},{\"@type\":\"WebPage\",\"@id\":\"https:\\\/\\\/www.meydan.tv\\\/az\\\/article\\\/jurnalistlerin-senedli-filmi-sarayevo-film-festivalinda\\\/\",\"url\":\"https:\\\/\\\/www.meydan.tv\\\/az\\\/article\\\/jurnalistlerin-senedli-filmi-sarayevo-film-festivalinda\\\/\",\"name\":\"Jurnalistl\u0259rin s\u0259n\u0259dli filmi Sarayevo Film Festival\u0131nda - MEYDAN.TV\",\"isPartOf\":{\"@id\":\"https:\\\/\\\/www.meydan.tv\\\/az\\\/#website\"},\"primaryImageOfPage\":{\"@id\":\"https:\\\/\\\/www.meydan.tv\\\/az\\\/article\\\/jurnalistlerin-senedli-filmi-sarayevo-film-festivalinda\\\/#primaryimage\"},\"image\":{\"@id\":\"https:\\\/\\\/www.meydan.tv\\\/az\\\/article\\\/jurnalistlerin-senedli-filmi-sarayevo-film-festivalinda\\\/#primaryimage\"},\"thumbnailUrl\":\"https:\\\/\\\/www.meydan.tv\\\/wp-content\\\/uploads\\\/still_7.jpg\",\"datePublished\":\"2022-07-22T08:43:07+00:00\",\"dateModified\":\"2022-07-22T08:43:08+00:00\",\"breadcrumb\":{\"@id\":\"https:\\\/\\\/www.meydan.tv\\\/az\\\/article\\\/jurnalistlerin-senedli-filmi-sarayevo-film-festivalinda\\\/#breadcrumb\"},\"inLanguage\":\"az\",\"potentialAction\":[{\"@type\":\"ReadAction\",\"target\":[\"https:\\\/\\\/www.meydan.tv\\\/az\\\/article\\\/jurnalistlerin-senedli-filmi-sarayevo-film-festivalinda\\\/\"]}]},{\"@type\":\"ImageObject\",\"inLanguage\":\"az\",\"@id\":\"https:\\\/\\\/www.meydan.tv\\\/az\\\/article\\\/jurnalistlerin-senedli-filmi-sarayevo-film-festivalinda\\\/#primaryimage\",\"url\":\"https:\\\/\\\/www.meydan.tv\\\/wp-content\\\/uploads\\\/still_7.jpg\",\"contentUrl\":\"https:\\\/\\\/www.meydan.tv\\\/wp-content\\\/uploads\\\/still_7.jpg\",\"width\":1280,\"height\":800,\"caption\":\"Filmd\u0259n kadr\"},{\"@type\":\"BreadcrumbList\",\"@id\":\"https:\\\/\\\/www.meydan.tv\\\/az\\\/article\\\/jurnalistlerin-senedli-filmi-sarayevo-film-festivalinda\\\/#breadcrumb\",\"itemListElement\":[{\"@type\":\"ListItem\",\"position\":1,\"name\":\"Ana s\u0259hif\u0259\",\"item\":\"https:\\\/\\\/www.meydan.tv\\\/az\\\/\"},{\"@type\":\"ListItem\",\"position\":2,\"name\":\"M\u0259d\u0259niyy\u0259t\",\"item\":\"https:\\\/\\\/www.meydan.tv\\\/az\\\/section\\\/medeniyyet\\\/\"},{\"@type\":\"ListItem\",\"position\":3,\"name\":\"Jurnalistl\u0259rin s\u0259n\u0259dli filmi Sarayevo Film Festival\u0131nda\"}]},{\"@type\":\"WebSite\",\"@id\":\"https:\\\/\\\/www.meydan.tv\\\/az\\\/#website\",\"url\":\"https:\\\/\\\/www.meydan.tv\\\/az\\\/\",\"name\":\"MEYDAN.TV\",\"description\":\"Meydan TV Az\u0259rbaycan\u0131n media m\u0259kan\u0131ndak\u0131 alternativ s\u0259sidir\",\"publisher\":{\"@id\":\"https:\\\/\\\/www.meydan.tv\\\/az\\\/#organization\"},\"potentialAction\":[{\"@type\":\"SearchAction\",\"target\":{\"@type\":\"EntryPoint\",\"urlTemplate\":\"https:\\\/\\\/www.meydan.tv\\\/az\\\/?s={search_term_string}\"},\"query-input\":{\"@type\":\"PropertyValueSpecification\",\"valueRequired\":true,\"valueName\":\"search_term_string\"}}],\"inLanguage\":\"az\"},{\"@type\":\"Organization\",\"@id\":\"https:\\\/\\\/www.meydan.tv\\\/az\\\/#organization\",\"name\":\"Meydan TV\",\"url\":\"https:\\\/\\\/www.meydan.tv\\\/az\\\/\",\"logo\":{\"@type\":\"ImageObject\",\"inLanguage\":\"az\",\"@id\":\"https:\\\/\\\/www.meydan.tv\\\/az\\\/#\\\/schema\\\/logo\\\/image\\\/\",\"url\":\"https:\\\/\\\/www.meydan.tv\\\/wp-content\\\/uploads\\\/2021\\\/07\\\/meydan-logo.svg\",\"contentUrl\":\"https:\\\/\\\/www.meydan.tv\\\/wp-content\\\/uploads\\\/2021\\\/07\\\/meydan-logo.svg\",\"width\":195,\"height\":46,\"caption\":\"Meydan TV\"},\"image\":{\"@id\":\"https:\\\/\\\/www.meydan.tv\\\/az\\\/#\\\/schema\\\/logo\\\/image\\\/\"}},{\"@type\":\"Person\",\"@id\":\"https:\\\/\\\/www.meydan.tv\\\/az\\\/#\\\/schema\\\/person\\\/9cdbecf90d17180ce1dfbd95b08dcf47\",\"name\":\"elli\",\"sameAs\":[\"https:\\\/\\\/x.com\\\/elli\"]}]}<\/script>\n<!-- \/ Yoast SEO plugin. -->","yoast_head_json":{"title":"Jurnalistl\u0259rin s\u0259n\u0259dli filmi Sarayevo Film Festival\u0131nda - MEYDAN.TV","robots":{"index":"index","follow":"follow","max-snippet":"max-snippet:-1","max-image-preview":"max-image-preview:large","max-video-preview":"max-video-preview:-1"},"canonical":"https:\/\/www.meydan.tv\/az\/article\/jurnalistlerin-senedli-filmi-sarayevo-film-festivalinda\/","og_locale":"az_AZ","og_type":"article","og_title":"Jurnalistl\u0259rin s\u0259n\u0259dli filmi Sarayevo Film Festival\u0131nda - MEYDAN.TV","og_description":"Az\u0259rbaycandan \u201c\u00c7inar a\u011fac\u0131n\u0131n k\u00f6lg\u0259sind\u0259\u201d filmi m\u00fcbariz\u0259y\u0259 qat\u0131l\u0131b Az\u0259rbaycan\u0131n s\u0259n\u0259dli filmi ... Davam\u0131","og_url":"https:\/\/www.meydan.tv\/az\/article\/jurnalistlerin-senedli-filmi-sarayevo-film-festivalinda\/","og_site_name":"MEYDAN.TV","article_published_time":"2022-07-22T08:43:07+00:00","article_modified_time":"2022-07-22T08:43:08+00:00","og_image":[{"width":1280,"height":800,"url":"https:\/\/www.meydan.tv\/wp-content\/uploads\/still_7.jpg","type":"image\/jpeg"}],"author":"elli","twitter_card":"summary_large_image","twitter_creator":"@elli","schema":{"@context":"https:\/\/schema.org","@graph":[{"@type":"Article","@id":"https:\/\/www.meydan.tv\/az\/article\/jurnalistlerin-senedli-filmi-sarayevo-film-festivalinda\/#article","isPartOf":{"@id":"https:\/\/www.meydan.tv\/az\/article\/jurnalistlerin-senedli-filmi-sarayevo-film-festivalinda\/"},"author":{"name":"elli","@id":"https:\/\/www.meydan.tv\/az\/#\/schema\/person\/9cdbecf90d17180ce1dfbd95b08dcf47"},"headline":"Jurnalistl\u0259rin s\u0259n\u0259dli filmi Sarayevo Film Festival\u0131nda","datePublished":"2022-07-22T08:43:07+00:00","dateModified":"2022-07-22T08:43:08+00:00","mainEntityOfPage":{"@id":"https:\/\/www.meydan.tv\/az\/article\/jurnalistlerin-senedli-filmi-sarayevo-film-festivalinda\/"},"wordCount":539,"publisher":{"@id":"https:\/\/www.meydan.tv\/az\/#organization"},"image":{"@id":"https:\/\/www.meydan.tv\/az\/article\/jurnalistlerin-senedli-filmi-sarayevo-film-festivalinda\/#primaryimage"},"thumbnailUrl":"https:\/\/www.meydan.tv\/wp-content\/uploads\/still_7.jpg","articleSection":["M\u0259d\u0259niyy\u0259t","X\u0259b\u0259rl\u0259r"],"inLanguage":"az"},{"@type":"WebPage","@id":"https:\/\/www.meydan.tv\/az\/article\/jurnalistlerin-senedli-filmi-sarayevo-film-festivalinda\/","url":"https:\/\/www.meydan.tv\/az\/article\/jurnalistlerin-senedli-filmi-sarayevo-film-festivalinda\/","name":"Jurnalistl\u0259rin s\u0259n\u0259dli filmi Sarayevo Film Festival\u0131nda - MEYDAN.TV","isPartOf":{"@id":"https:\/\/www.meydan.tv\/az\/#website"},"primaryImageOfPage":{"@id":"https:\/\/www.meydan.tv\/az\/article\/jurnalistlerin-senedli-filmi-sarayevo-film-festivalinda\/#primaryimage"},"image":{"@id":"https:\/\/www.meydan.tv\/az\/article\/jurnalistlerin-senedli-filmi-sarayevo-film-festivalinda\/#primaryimage"},"thumbnailUrl":"https:\/\/www.meydan.tv\/wp-content\/uploads\/still_7.jpg","datePublished":"2022-07-22T08:43:07+00:00","dateModified":"2022-07-22T08:43:08+00:00","breadcrumb":{"@id":"https:\/\/www.meydan.tv\/az\/article\/jurnalistlerin-senedli-filmi-sarayevo-film-festivalinda\/#breadcrumb"},"inLanguage":"az","potentialAction":[{"@type":"ReadAction","target":["https:\/\/www.meydan.tv\/az\/article\/jurnalistlerin-senedli-filmi-sarayevo-film-festivalinda\/"]}]},{"@type":"ImageObject","inLanguage":"az","@id":"https:\/\/www.meydan.tv\/az\/article\/jurnalistlerin-senedli-filmi-sarayevo-film-festivalinda\/#primaryimage","url":"https:\/\/www.meydan.tv\/wp-content\/uploads\/still_7.jpg","contentUrl":"https:\/\/www.meydan.tv\/wp-content\/uploads\/still_7.jpg","width":1280,"height":800,"caption":"Filmd\u0259n kadr"},{"@type":"BreadcrumbList","@id":"https:\/\/www.meydan.tv\/az\/article\/jurnalistlerin-senedli-filmi-sarayevo-film-festivalinda\/#breadcrumb","itemListElement":[{"@type":"ListItem","position":1,"name":"Ana s\u0259hif\u0259","item":"https:\/\/www.meydan.tv\/az\/"},{"@type":"ListItem","position":2,"name":"M\u0259d\u0259niyy\u0259t","item":"https:\/\/www.meydan.tv\/az\/section\/medeniyyet\/"},{"@type":"ListItem","position":3,"name":"Jurnalistl\u0259rin s\u0259n\u0259dli filmi Sarayevo Film Festival\u0131nda"}]},{"@type":"WebSite","@id":"https:\/\/www.meydan.tv\/az\/#website","url":"https:\/\/www.meydan.tv\/az\/","name":"MEYDAN.TV","description":"Meydan TV Az\u0259rbaycan\u0131n media m\u0259kan\u0131ndak\u0131 alternativ s\u0259sidir","publisher":{"@id":"https:\/\/www.meydan.tv\/az\/#organization"},"potentialAction":[{"@type":"SearchAction","target":{"@type":"EntryPoint","urlTemplate":"https:\/\/www.meydan.tv\/az\/?s={search_term_string}"},"query-input":{"@type":"PropertyValueSpecification","valueRequired":true,"valueName":"search_term_string"}}],"inLanguage":"az"},{"@type":"Organization","@id":"https:\/\/www.meydan.tv\/az\/#organization","name":"Meydan TV","url":"https:\/\/www.meydan.tv\/az\/","logo":{"@type":"ImageObject","inLanguage":"az","@id":"https:\/\/www.meydan.tv\/az\/#\/schema\/logo\/image\/","url":"https:\/\/www.meydan.tv\/wp-content\/uploads\/2021\/07\/meydan-logo.svg","contentUrl":"https:\/\/www.meydan.tv\/wp-content\/uploads\/2021\/07\/meydan-logo.svg","width":195,"height":46,"caption":"Meydan TV"},"image":{"@id":"https:\/\/www.meydan.tv\/az\/#\/schema\/logo\/image\/"}},{"@type":"Person","@id":"https:\/\/www.meydan.tv\/az\/#\/schema\/person\/9cdbecf90d17180ce1dfbd95b08dcf47","name":"elli","sameAs":["https:\/\/x.com\/elli"]}]}},"_links":{"self":[{"href":"https:\/\/www.meydan.tv\/az\/wp-json\/wp\/v2\/posts\/251526","targetHints":{"allow":["GET"]}}],"collection":[{"href":"https:\/\/www.meydan.tv\/az\/wp-json\/wp\/v2\/posts"}],"about":[{"href":"https:\/\/www.meydan.tv\/az\/wp-json\/wp\/v2\/types\/post"}],"author":[{"embeddable":true,"href":"https:\/\/www.meydan.tv\/az\/wp-json\/wp\/v2\/users\/8"}],"replies":[{"embeddable":true,"href":"https:\/\/www.meydan.tv\/az\/wp-json\/wp\/v2\/comments?post=251526"}],"version-history":[{"count":1,"href":"https:\/\/www.meydan.tv\/az\/wp-json\/wp\/v2\/posts\/251526\/revisions"}],"predecessor-version":[{"id":251533,"href":"https:\/\/www.meydan.tv\/az\/wp-json\/wp\/v2\/posts\/251526\/revisions\/251533"}],"wp:featuredmedia":[{"embeddable":true,"href":"https:\/\/www.meydan.tv\/az\/wp-json\/wp\/v2\/media\/251527"}],"wp:attachment":[{"href":"https:\/\/www.meydan.tv\/az\/wp-json\/wp\/v2\/media?parent=251526"}],"wp:term":[{"taxonomy":"category","embeddable":true,"href":"https:\/\/www.meydan.tv\/az\/wp-json\/wp\/v2\/categories?post=251526"},{"taxonomy":"post_tag","embeddable":true,"href":"https:\/\/www.meydan.tv\/az\/wp-json\/wp\/v2\/tags?post=251526"}],"curies":[{"name":"wp","href":"https:\/\/api.w.org\/{rel}","templated":true}]}}