{"id":251512,"date":"2022-07-21T20:26:25","date_gmt":"2022-07-21T16:26:25","guid":{"rendered":"https:\/\/www.meydan.tv\/?p=251512"},"modified":"2022-07-21T20:26:27","modified_gmt":"2022-07-21T16:26:27","slug":"hebs-olunan-fealin-atasi-onunla-goruse-bilmir","status":"publish","type":"post","link":"https:\/\/www.meydan.tv\/az\/article\/hebs-olunan-fealin-atasi-onunla-goruse-bilmir\/","title":{"rendered":"H\u0259bs olunan f\u0259al\u0131n atas\u0131 onunla g\u00f6r\u00fc\u015f\u0259 bilmir"},"content":{"rendered":"\n<p><em>\u201cAfrika c\u0259ng\u0259lliyind\u0259 ya\u015fay\u0131r\u0131q?!\u201d<\/em><\/p>\n\n\n\n<p>\u0130yulun 20-d\u0259 Nazirl\u0259r Kabinetinin qar\u015f\u0131s\u0131nda \u00f6lk\u0259nin quru s\u0259rh\u0259dl\u0259rinin a\u00e7\u0131lmas\u0131 t\u0259l\u0259bil\u0259 ke\u00e7iril\u0259n aksiyada saxlan\u0131lan v\u0259 30 sutka h\u0259bs c\u0259zas\u0131 alan M\u00fcsavat Partiyas\u0131n\u0131n G\u0259ncl\u0259r T\u0259\u015fkilat\u0131n\u0131n \u0130dar\u0259 Hey\u0259tinin \u00fczv\u00fc \u018fziz M\u0259miyevin ail\u0259 \u00fczvl\u0259ri onunla g\u00f6r\u00fc\u015f\u0259 bilmir.<\/p>\n\n\n\n<p>Bu bar\u0259d\u0259 Meydan TV-y\u0259 onun atas\u0131 \u0130ltifat M\u0259miyev m\u0259lumat ver\u0259r\u0259k bildirib ki, iyulun 21-d\u0259 Daxili \u0130\u015fl\u0259r Nazirliyinin \u0130nzibati H\u0259bs Olunanlar\u0131n Saxlanma M\u0259nt\u0259q\u0259sin\u0259 gedib. Lakin ona o\u011flu il\u0259 g\u00f6r\u00fc\u015fm\u0259y\u0259 icaz\u0259 verm\u0259yibl\u0259r.<\/p>\n\n\n\n<p>\u0130ltifat M\u0259miyev o\u011fluna i\u015fg\u0259nc\u0259 verilm\u0259sind\u0259n \u015f\u00fcbh\u0259l\u0259nir. D\u00fc\u015f\u00fcn\u00fcr ki, \u00fcz\u0259rind\u0259ki x\u0259sar\u0259t izl\u0259rini g\u00f6r\u0259 bilm\u0259m\u0259si \u00fc\u00e7\u00fcn ona o\u011flu il\u0259 g\u00f6r\u00fc\u015fm\u0259y\u0259 imkan vermirl\u0259r:<\/p>\n\n\n\n<p>\u201cDeyirl\u0259r ki, karantindir, ona g\u00f6r\u0259 g\u00f6r\u00fc\u015fm\u0259k olmaz. Hardad\u0131r karantin qada\u011fas\u0131, g\u00f6st\u0259rsinl\u0259r. Biz Afrika c\u0259ng\u0259llikl\u0259rind\u0259 ya\u015fay\u0131r\u0131q?! Deyirl\u0259r ki, d\u00fcn\u0259n m\u0259hk\u0259m\u0259si olub. B\u0259s bu insan\u0131n ail\u0259sin\u0259 bu haqda niy\u0259 m\u0259lumat verilm\u0259yib? Ail\u0259y\u0259 m\u0259lumat verilm\u0259si qanunda yaz\u0131l\u0131b. Burada sivil qanunlar i\u015fl\u0259mirs\u0259, dem\u0259li, c\u0259ng\u0259llikdir. Y\u0259qin ki, i\u015fg\u0259nc\u0259 izl\u0259rin\u0259 g\u00f6r\u0259 g\u00f6r\u00fc\u015fm\u0259y\u0259 qoymurlar. B\u0259lk\u0259 d\u0259 d\u0259y\u0259n z\u0259rb\u0259l\u0259rd\u0259n \u018fzizin daxili orqanlar\u0131 partlay\u0131b, \u00e7ox narahatam\u2026\u201d<\/p>\n\n\n\n<p>\u0130ltifat M\u0259miyev hesab edir ki, o\u011flu ictimai-siyasi f\u0259all\u0131\u011f\u0131na g\u00f6r\u0259 c\u0259zaland\u0131r\u0131l\u0131b. Ata deyir ki, \u018fziz M\u0259miyev dinc aksiyaya ged\u0259rk\u0259n yolda zorak\u0131l\u0131qla saxlan\u0131laraq apar\u0131b:<\/p>\n\n\n\n<p>\u201cDeyirl\u0259r ki, polis\u0259 m\u00fcqavim\u0259t g\u00f6st\u0259rib. Harda g\u00f6st\u0259rdi, s\u00fcbut qoysunlar ortaya. Konstitusiyada \u0259ks olunan fikir v\u0259 s\u00f6z azadl\u0131\u011f\u0131, s\u0259rb\u0259st topla\u015fma azadl\u0131\u011f\u0131 harda qald\u0131? Adam\u0131 buna g\u00f6r\u0259 h\u0259bs ed\u0259rl\u0259r?\u201d<\/p>\n\n\n\n<p>Daxili \u0130\u015fl\u0259r Nazirliyinin m\u0259tbuat xidm\u0259tind\u0259n bildirilib ki, \u018fziz M\u0259miyevin d\u00f6y\u00fclm\u0259si haqda iddialar \u0259sass\u0131zd\u0131r. Atas\u0131n\u0131n onunla g\u00f6r\u00fc\u015f\u00fcn\u0259 icaz\u0259 verilm\u0259m\u0259sin\u0259 g\u0259linc\u0259, nazirlikd\u0259n deyilib ki, g\u00f6r\u00fc\u015fd\u0259n \u00f6nc\u0259 m\u00fctl\u0259q D\u0130N-\u0259 m\u00fcraci\u0259 olunmal\u0131, raz\u0131l\u0131q al\u0131nmal\u0131d\u0131r.<\/p>\n\n\n\n<p>29 ya\u015fl\u0131 \u018fziz M\u0259miyev haqq\u0131nda iyulun 20-d\u0259 S\u0259bail Rayon M\u0259hk\u0259m\u0259sind\u0259 30 sutkal\u0131q h\u0259bs q\u0259rar\u0131 \u00e7\u0131xar\u0131l\u0131b. Onun haqq\u0131nda \u0130nzibati X\u0259talar M\u0259c\u0259ll\u0259sinin 535.1 (polisin qanuni t\u0259l\u0259bin\u0259 tabe olmama) madd\u0259sil\u0259 inzibati x\u0259ta protokolu t\u0259rtib edilib.<\/p>\n\n\n\n<p>\u018fziz M\u0259miyev saxland\u0131qdan sonra Post-Patrul Xidm\u0259tinin avtomobilind\u0259 aksiyada dig\u0259r saxlan\u0131lanlarla birlikd\u0259 apar\u0131lark\u0259n \u00e7\u0259kilmi\u015f videog\u00f6r\u00fcnt\u00fcl\u0259r sosial \u015f\u0259b\u0259k\u0259l\u0259rd\u0259 yay\u0131l\u0131b. H\u0259min g\u00f6r\u00fcnt\u00fcl\u0259rd\u0259 siyasi f\u0259al polisl\u0259rin aksiya i\u015ftirak\u00e7\u0131lar\u0131na qar\u015f\u0131 el\u0259dikl\u0259rini t\u0259nqid edir:<\/p>\n\n\n\n<p>\u201cSiz qul, k\u00f6l\u0259siz. Saxta insanlara bizi s\u00f6yd\u00fcr\u00fcrs\u00fcn\u00fcz. Vaxt g\u0259l\u0259c\u0259k siz imdad dil\u0259y\u0259c\u0259ksiniz. Bu, n\u0259 ya\u015fay\u0131\u015fd\u0131r siz ya\u015fay\u0131rs\u0131z?\u201d<\/p>\n\n\n\n<p>\u018fziz M\u0259miyevin bu fikirl\u0259rin\u0259 g\u00f6r\u0259 c\u0259zaland\u0131r\u0131ld\u0131\u011f\u0131 ehtimal edilir.<\/p>\n","protected":false},"excerpt":{"rendered":"<p>\u201cAfrika c\u0259ng\u0259lliyind\u0259 ya\u015fay\u0131r\u0131q?!\u201d \u0130yulun 20-d\u0259 Nazirl\u0259r Kabinetinin qar\u015f\u0131s\u0131nda \u00f6lk\u0259nin quru &#8230; <\/p>\n<p class=\"read-more-container\"><a title=\"H\u0259bs olunan f\u0259al\u0131n atas\u0131 onunla g\u00f6r\u00fc\u015f\u0259 bilmir\" class=\"read-more button\" href=\"https:\/\/www.meydan.tv\/az\/article\/hebs-olunan-fealin-atasi-onunla-goruse-bilmir\/#more-251512\" aria-label=\"Read more about H\u0259bs olunan f\u0259al\u0131n atas\u0131 onunla g\u00f6r\u00fc\u015f\u0259 bilmir\">Davam\u0131<\/a><\/p>\n","protected":false},"author":12,"featured_media":240674,"comment_status":"closed","ping_status":"closed","sticky":false,"template":"","format":"standard","meta":{"_acf_changed":false,"_sitemap_exclude":false,"_sitemap_priority":"","_sitemap_frequency":"","footnotes":""},"categories":[79,56],"tags":[],"class_list":["post-251512","post","type-post","status-publish","format-standard","has-post-thumbnail","hentry","category-featured","category-xeberler","infinite-scroll-item","generate-columns","tablet-grid-50","mobile-grid-100","grid-parent","grid-33","no-featured-image-padding"],"acf":[],"yoast_head":"<!-- This site is optimized with the Yoast SEO plugin v27.5 - https:\/\/yoast.com\/product\/yoast-seo-wordpress\/ -->\n<title>H\u0259bs olunan f\u0259al\u0131n atas\u0131 onunla g\u00f6r\u00fc\u015f\u0259 bilmir - MEYDAN.TV<\/title>\n<meta name=\"robots\" content=\"index, follow, max-snippet:-1, max-image-preview:large, max-video-preview:-1\" \/>\n<link rel=\"canonical\" href=\"https:\/\/www.meydan.tv\/az\/article\/hebs-olunan-fealin-atasi-onunla-goruse-bilmir\/\" \/>\n<meta property=\"og:locale\" content=\"az_AZ\" \/>\n<meta property=\"og:type\" content=\"article\" \/>\n<meta property=\"og:title\" content=\"H\u0259bs olunan f\u0259al\u0131n atas\u0131 onunla g\u00f6r\u00fc\u015f\u0259 bilmir - MEYDAN.TV\" \/>\n<meta property=\"og:description\" content=\"\u201cAfrika c\u0259ng\u0259lliyind\u0259 ya\u015fay\u0131r\u0131q?!\u201d \u0130yulun 20-d\u0259 Nazirl\u0259r Kabinetinin qar\u015f\u0131s\u0131nda \u00f6lk\u0259nin quru ... Davam\u0131\" \/>\n<meta property=\"og:url\" content=\"https:\/\/www.meydan.tv\/az\/article\/hebs-olunan-fealin-atasi-onunla-goruse-bilmir\/\" \/>\n<meta property=\"og:site_name\" content=\"MEYDAN.TV\" \/>\n<meta property=\"article:published_time\" content=\"2022-07-21T16:26:25+00:00\" \/>\n<meta property=\"article:modified_time\" content=\"2022-07-21T16:26:27+00:00\" \/>\n<meta property=\"og:image\" content=\"https:\/\/www.meydan.tv\/wp-content\/uploads\/277765478_5304551039564317_795857375046221865_n.jpeg\" \/>\n\t<meta property=\"og:image:width\" content=\"1200\" \/>\n\t<meta property=\"og:image:height\" content=\"646\" \/>\n\t<meta property=\"og:image:type\" content=\"image\/jpeg\" \/>\n<meta name=\"author\" content=\"aleks\" \/>\n<meta name=\"twitter:card\" content=\"summary_large_image\" \/>\n<script type=\"application\/ld+json\" class=\"yoast-schema-graph\">{\"@context\":\"https:\\\/\\\/schema.org\",\"@graph\":[{\"@type\":\"Article\",\"@id\":\"https:\\\/\\\/www.meydan.tv\\\/az\\\/article\\\/hebs-olunan-fealin-atasi-onunla-goruse-bilmir\\\/#article\",\"isPartOf\":{\"@id\":\"https:\\\/\\\/www.meydan.tv\\\/az\\\/article\\\/hebs-olunan-fealin-atasi-onunla-goruse-bilmir\\\/\"},\"author\":{\"name\":\"aleks\",\"@id\":\"https:\\\/\\\/www.meydan.tv\\\/az\\\/#\\\/schema\\\/person\\\/476e9360e593fa131d5d71d51866f8da\"},\"headline\":\"H\u0259bs olunan f\u0259al\u0131n atas\u0131 onunla g\u00f6r\u00fc\u015f\u0259 bilmir\",\"datePublished\":\"2022-07-21T16:26:25+00:00\",\"dateModified\":\"2022-07-21T16:26:27+00:00\",\"mainEntityOfPage\":{\"@id\":\"https:\\\/\\\/www.meydan.tv\\\/az\\\/article\\\/hebs-olunan-fealin-atasi-onunla-goruse-bilmir\\\/\"},\"wordCount\":577,\"publisher\":{\"@id\":\"https:\\\/\\\/www.meydan.tv\\\/az\\\/#organization\"},\"image\":{\"@id\":\"https:\\\/\\\/www.meydan.tv\\\/az\\\/article\\\/hebs-olunan-fealin-atasi-onunla-goruse-bilmir\\\/#primaryimage\"},\"thumbnailUrl\":\"https:\\\/\\\/www.meydan.tv\\\/wp-content\\\/uploads\\\/277765478_5304551039564317_795857375046221865_n.jpeg\",\"articleSection\":[\"T\u00f6vsiy\u0259\",\"X\u0259b\u0259rl\u0259r\"],\"inLanguage\":\"az\"},{\"@type\":\"WebPage\",\"@id\":\"https:\\\/\\\/www.meydan.tv\\\/az\\\/article\\\/hebs-olunan-fealin-atasi-onunla-goruse-bilmir\\\/\",\"url\":\"https:\\\/\\\/www.meydan.tv\\\/az\\\/article\\\/hebs-olunan-fealin-atasi-onunla-goruse-bilmir\\\/\",\"name\":\"H\u0259bs olunan f\u0259al\u0131n atas\u0131 onunla g\u00f6r\u00fc\u015f\u0259 bilmir - MEYDAN.TV\",\"isPartOf\":{\"@id\":\"https:\\\/\\\/www.meydan.tv\\\/az\\\/#website\"},\"primaryImageOfPage\":{\"@id\":\"https:\\\/\\\/www.meydan.tv\\\/az\\\/article\\\/hebs-olunan-fealin-atasi-onunla-goruse-bilmir\\\/#primaryimage\"},\"image\":{\"@id\":\"https:\\\/\\\/www.meydan.tv\\\/az\\\/article\\\/hebs-olunan-fealin-atasi-onunla-goruse-bilmir\\\/#primaryimage\"},\"thumbnailUrl\":\"https:\\\/\\\/www.meydan.tv\\\/wp-content\\\/uploads\\\/277765478_5304551039564317_795857375046221865_n.jpeg\",\"datePublished\":\"2022-07-21T16:26:25+00:00\",\"dateModified\":\"2022-07-21T16:26:27+00:00\",\"breadcrumb\":{\"@id\":\"https:\\\/\\\/www.meydan.tv\\\/az\\\/article\\\/hebs-olunan-fealin-atasi-onunla-goruse-bilmir\\\/#breadcrumb\"},\"inLanguage\":\"az\",\"potentialAction\":[{\"@type\":\"ReadAction\",\"target\":[\"https:\\\/\\\/www.meydan.tv\\\/az\\\/article\\\/hebs-olunan-fealin-atasi-onunla-goruse-bilmir\\\/\"]}]},{\"@type\":\"ImageObject\",\"inLanguage\":\"az\",\"@id\":\"https:\\\/\\\/www.meydan.tv\\\/az\\\/article\\\/hebs-olunan-fealin-atasi-onunla-goruse-bilmir\\\/#primaryimage\",\"url\":\"https:\\\/\\\/www.meydan.tv\\\/wp-content\\\/uploads\\\/277765478_5304551039564317_795857375046221865_n.jpeg\",\"contentUrl\":\"https:\\\/\\\/www.meydan.tv\\\/wp-content\\\/uploads\\\/277765478_5304551039564317_795857375046221865_n.jpeg\",\"width\":1200,\"height\":646,\"caption\":\"Foto: \u018fziz M\u0259miyevin \u015f\u0259xsi arxivind\u0259n\"},{\"@type\":\"BreadcrumbList\",\"@id\":\"https:\\\/\\\/www.meydan.tv\\\/az\\\/article\\\/hebs-olunan-fealin-atasi-onunla-goruse-bilmir\\\/#breadcrumb\",\"itemListElement\":[{\"@type\":\"ListItem\",\"position\":1,\"name\":\"Ana s\u0259hif\u0259\",\"item\":\"https:\\\/\\\/www.meydan.tv\\\/az\\\/\"},{\"@type\":\"ListItem\",\"position\":2,\"name\":\"X\u0259b\u0259rl\u0259r\",\"item\":\"https:\\\/\\\/www.meydan.tv\\\/az\\\/section\\\/xeberler\\\/\"},{\"@type\":\"ListItem\",\"position\":3,\"name\":\"H\u0259bs olunan f\u0259al\u0131n atas\u0131 onunla g\u00f6r\u00fc\u015f\u0259 bilmir\"}]},{\"@type\":\"WebSite\",\"@id\":\"https:\\\/\\\/www.meydan.tv\\\/az\\\/#website\",\"url\":\"https:\\\/\\\/www.meydan.tv\\\/az\\\/\",\"name\":\"MEYDAN.TV\",\"description\":\"Meydan TV Az\u0259rbaycan\u0131n media m\u0259kan\u0131ndak\u0131 alternativ s\u0259sidir\",\"publisher\":{\"@id\":\"https:\\\/\\\/www.meydan.tv\\\/az\\\/#organization\"},\"potentialAction\":[{\"@type\":\"SearchAction\",\"target\":{\"@type\":\"EntryPoint\",\"urlTemplate\":\"https:\\\/\\\/www.meydan.tv\\\/az\\\/?s={search_term_string}\"},\"query-input\":{\"@type\":\"PropertyValueSpecification\",\"valueRequired\":true,\"valueName\":\"search_term_string\"}}],\"inLanguage\":\"az\"},{\"@type\":\"Organization\",\"@id\":\"https:\\\/\\\/www.meydan.tv\\\/az\\\/#organization\",\"name\":\"Meydan TV\",\"url\":\"https:\\\/\\\/www.meydan.tv\\\/az\\\/\",\"logo\":{\"@type\":\"ImageObject\",\"inLanguage\":\"az\",\"@id\":\"https:\\\/\\\/www.meydan.tv\\\/az\\\/#\\\/schema\\\/logo\\\/image\\\/\",\"url\":\"https:\\\/\\\/www.meydan.tv\\\/wp-content\\\/uploads\\\/2021\\\/07\\\/meydan-logo.svg\",\"contentUrl\":\"https:\\\/\\\/www.meydan.tv\\\/wp-content\\\/uploads\\\/2021\\\/07\\\/meydan-logo.svg\",\"width\":195,\"height\":46,\"caption\":\"Meydan TV\"},\"image\":{\"@id\":\"https:\\\/\\\/www.meydan.tv\\\/az\\\/#\\\/schema\\\/logo\\\/image\\\/\"}},{\"@type\":\"Person\",\"@id\":\"https:\\\/\\\/www.meydan.tv\\\/az\\\/#\\\/schema\\\/person\\\/476e9360e593fa131d5d71d51866f8da\",\"name\":\"aleks\"}]}<\/script>\n<!-- \/ Yoast SEO plugin. -->","yoast_head_json":{"title":"H\u0259bs olunan f\u0259al\u0131n atas\u0131 onunla g\u00f6r\u00fc\u015f\u0259 bilmir - MEYDAN.TV","robots":{"index":"index","follow":"follow","max-snippet":"max-snippet:-1","max-image-preview":"max-image-preview:large","max-video-preview":"max-video-preview:-1"},"canonical":"https:\/\/www.meydan.tv\/az\/article\/hebs-olunan-fealin-atasi-onunla-goruse-bilmir\/","og_locale":"az_AZ","og_type":"article","og_title":"H\u0259bs olunan f\u0259al\u0131n atas\u0131 onunla g\u00f6r\u00fc\u015f\u0259 bilmir - MEYDAN.TV","og_description":"\u201cAfrika c\u0259ng\u0259lliyind\u0259 ya\u015fay\u0131r\u0131q?!\u201d \u0130yulun 20-d\u0259 Nazirl\u0259r Kabinetinin qar\u015f\u0131s\u0131nda \u00f6lk\u0259nin quru ... Davam\u0131","og_url":"https:\/\/www.meydan.tv\/az\/article\/hebs-olunan-fealin-atasi-onunla-goruse-bilmir\/","og_site_name":"MEYDAN.TV","article_published_time":"2022-07-21T16:26:25+00:00","article_modified_time":"2022-07-21T16:26:27+00:00","og_image":[{"width":1200,"height":646,"url":"https:\/\/www.meydan.tv\/wp-content\/uploads\/277765478_5304551039564317_795857375046221865_n.jpeg","type":"image\/jpeg"}],"author":"aleks","twitter_card":"summary_large_image","schema":{"@context":"https:\/\/schema.org","@graph":[{"@type":"Article","@id":"https:\/\/www.meydan.tv\/az\/article\/hebs-olunan-fealin-atasi-onunla-goruse-bilmir\/#article","isPartOf":{"@id":"https:\/\/www.meydan.tv\/az\/article\/hebs-olunan-fealin-atasi-onunla-goruse-bilmir\/"},"author":{"name":"aleks","@id":"https:\/\/www.meydan.tv\/az\/#\/schema\/person\/476e9360e593fa131d5d71d51866f8da"},"headline":"H\u0259bs olunan f\u0259al\u0131n atas\u0131 onunla g\u00f6r\u00fc\u015f\u0259 bilmir","datePublished":"2022-07-21T16:26:25+00:00","dateModified":"2022-07-21T16:26:27+00:00","mainEntityOfPage":{"@id":"https:\/\/www.meydan.tv\/az\/article\/hebs-olunan-fealin-atasi-onunla-goruse-bilmir\/"},"wordCount":577,"publisher":{"@id":"https:\/\/www.meydan.tv\/az\/#organization"},"image":{"@id":"https:\/\/www.meydan.tv\/az\/article\/hebs-olunan-fealin-atasi-onunla-goruse-bilmir\/#primaryimage"},"thumbnailUrl":"https:\/\/www.meydan.tv\/wp-content\/uploads\/277765478_5304551039564317_795857375046221865_n.jpeg","articleSection":["T\u00f6vsiy\u0259","X\u0259b\u0259rl\u0259r"],"inLanguage":"az"},{"@type":"WebPage","@id":"https:\/\/www.meydan.tv\/az\/article\/hebs-olunan-fealin-atasi-onunla-goruse-bilmir\/","url":"https:\/\/www.meydan.tv\/az\/article\/hebs-olunan-fealin-atasi-onunla-goruse-bilmir\/","name":"H\u0259bs olunan f\u0259al\u0131n atas\u0131 onunla g\u00f6r\u00fc\u015f\u0259 bilmir - MEYDAN.TV","isPartOf":{"@id":"https:\/\/www.meydan.tv\/az\/#website"},"primaryImageOfPage":{"@id":"https:\/\/www.meydan.tv\/az\/article\/hebs-olunan-fealin-atasi-onunla-goruse-bilmir\/#primaryimage"},"image":{"@id":"https:\/\/www.meydan.tv\/az\/article\/hebs-olunan-fealin-atasi-onunla-goruse-bilmir\/#primaryimage"},"thumbnailUrl":"https:\/\/www.meydan.tv\/wp-content\/uploads\/277765478_5304551039564317_795857375046221865_n.jpeg","datePublished":"2022-07-21T16:26:25+00:00","dateModified":"2022-07-21T16:26:27+00:00","breadcrumb":{"@id":"https:\/\/www.meydan.tv\/az\/article\/hebs-olunan-fealin-atasi-onunla-goruse-bilmir\/#breadcrumb"},"inLanguage":"az","potentialAction":[{"@type":"ReadAction","target":["https:\/\/www.meydan.tv\/az\/article\/hebs-olunan-fealin-atasi-onunla-goruse-bilmir\/"]}]},{"@type":"ImageObject","inLanguage":"az","@id":"https:\/\/www.meydan.tv\/az\/article\/hebs-olunan-fealin-atasi-onunla-goruse-bilmir\/#primaryimage","url":"https:\/\/www.meydan.tv\/wp-content\/uploads\/277765478_5304551039564317_795857375046221865_n.jpeg","contentUrl":"https:\/\/www.meydan.tv\/wp-content\/uploads\/277765478_5304551039564317_795857375046221865_n.jpeg","width":1200,"height":646,"caption":"Foto: \u018fziz M\u0259miyevin \u015f\u0259xsi arxivind\u0259n"},{"@type":"BreadcrumbList","@id":"https:\/\/www.meydan.tv\/az\/article\/hebs-olunan-fealin-atasi-onunla-goruse-bilmir\/#breadcrumb","itemListElement":[{"@type":"ListItem","position":1,"name":"Ana s\u0259hif\u0259","item":"https:\/\/www.meydan.tv\/az\/"},{"@type":"ListItem","position":2,"name":"X\u0259b\u0259rl\u0259r","item":"https:\/\/www.meydan.tv\/az\/section\/xeberler\/"},{"@type":"ListItem","position":3,"name":"H\u0259bs olunan f\u0259al\u0131n atas\u0131 onunla g\u00f6r\u00fc\u015f\u0259 bilmir"}]},{"@type":"WebSite","@id":"https:\/\/www.meydan.tv\/az\/#website","url":"https:\/\/www.meydan.tv\/az\/","name":"MEYDAN.TV","description":"Meydan TV Az\u0259rbaycan\u0131n media m\u0259kan\u0131ndak\u0131 alternativ s\u0259sidir","publisher":{"@id":"https:\/\/www.meydan.tv\/az\/#organization"},"potentialAction":[{"@type":"SearchAction","target":{"@type":"EntryPoint","urlTemplate":"https:\/\/www.meydan.tv\/az\/?s={search_term_string}"},"query-input":{"@type":"PropertyValueSpecification","valueRequired":true,"valueName":"search_term_string"}}],"inLanguage":"az"},{"@type":"Organization","@id":"https:\/\/www.meydan.tv\/az\/#organization","name":"Meydan TV","url":"https:\/\/www.meydan.tv\/az\/","logo":{"@type":"ImageObject","inLanguage":"az","@id":"https:\/\/www.meydan.tv\/az\/#\/schema\/logo\/image\/","url":"https:\/\/www.meydan.tv\/wp-content\/uploads\/2021\/07\/meydan-logo.svg","contentUrl":"https:\/\/www.meydan.tv\/wp-content\/uploads\/2021\/07\/meydan-logo.svg","width":195,"height":46,"caption":"Meydan TV"},"image":{"@id":"https:\/\/www.meydan.tv\/az\/#\/schema\/logo\/image\/"}},{"@type":"Person","@id":"https:\/\/www.meydan.tv\/az\/#\/schema\/person\/476e9360e593fa131d5d71d51866f8da","name":"aleks"}]}},"_links":{"self":[{"href":"https:\/\/www.meydan.tv\/az\/wp-json\/wp\/v2\/posts\/251512","targetHints":{"allow":["GET"]}}],"collection":[{"href":"https:\/\/www.meydan.tv\/az\/wp-json\/wp\/v2\/posts"}],"about":[{"href":"https:\/\/www.meydan.tv\/az\/wp-json\/wp\/v2\/types\/post"}],"author":[{"embeddable":true,"href":"https:\/\/www.meydan.tv\/az\/wp-json\/wp\/v2\/users\/12"}],"replies":[{"embeddable":true,"href":"https:\/\/www.meydan.tv\/az\/wp-json\/wp\/v2\/comments?post=251512"}],"version-history":[{"count":1,"href":"https:\/\/www.meydan.tv\/az\/wp-json\/wp\/v2\/posts\/251512\/revisions"}],"predecessor-version":[{"id":251513,"href":"https:\/\/www.meydan.tv\/az\/wp-json\/wp\/v2\/posts\/251512\/revisions\/251513"}],"wp:featuredmedia":[{"embeddable":true,"href":"https:\/\/www.meydan.tv\/az\/wp-json\/wp\/v2\/media\/240674"}],"wp:attachment":[{"href":"https:\/\/www.meydan.tv\/az\/wp-json\/wp\/v2\/media?parent=251512"}],"wp:term":[{"taxonomy":"category","embeddable":true,"href":"https:\/\/www.meydan.tv\/az\/wp-json\/wp\/v2\/categories?post=251512"},{"taxonomy":"post_tag","embeddable":true,"href":"https:\/\/www.meydan.tv\/az\/wp-json\/wp\/v2\/tags?post=251512"}],"curies":[{"name":"wp","href":"https:\/\/api.w.org\/{rel}","templated":true}]}}