{"id":251504,"date":"2022-07-21T18:30:45","date_gmt":"2022-07-21T14:30:45","guid":{"rendered":"https:\/\/www.meydan.tv\/?p=251504"},"modified":"2022-07-21T18:30:47","modified_gmt":"2022-07-21T14:30:47","slug":"isfar-sarabski-14-qremmi-sahibi-ile-eyni-sehnede","status":"publish","type":"post","link":"https:\/\/www.meydan.tv\/az\/article\/isfar-sarabski-14-qremmi-sahibi-ile-eyni-sehnede\/","title":{"rendered":"\u0130sfar Sarabski 14 \u201cQremmi\u201d sahibi il\u0259 eyni s\u0259hn\u0259d\u0259"},"content":{"rendered":"\n<p><em>Festival a\u00e7\u0131q havada ke\u00e7irilib<\/em><\/p>\n\n\n\n<p>\u018fm\u0259kdar artist, piano\u00e7u v\u0259 b\u0259st\u0259kar \u0130sfar Sarabski Fransada ke\u00e7iril\u0259n \u201cJazz \u00e0 S\u00e8te\u201d caz festival\u0131nda i\u015ftirak <a href=\"https:\/\/www.instagram.com\/p\/CfvsRGvDcK7\/\" target=\"_blank\" rel=\"noreferrer noopener\">edib.<\/a><\/p>\n\n\n\n<p>T\u0259dbird\u0259 onu kontrabasda Makar Novikov, z\u0259rb al\u0259tind\u0259 Sa\u015fa Ma\u015fin m\u00fc\u015fayi\u0259t edib.<\/p>\n\n\n\n<p>Az\u0259rbaycan\u0131 t\u0259msil ed\u0259n musiqi\u00e7il\u0259r amerikal\u0131 piano\u00e7u v\u0259 b\u0259st\u0259kar, 14 \u201cQremmi\u201d m\u00fckafat\u0131 laureat\u0131 Herbi Henkokla eyni s\u0259hn\u0259ni b\u00f6l\u00fc\u015f\u00fcbl\u0259r.<\/p>\n\n\n\n<p>\u201cJazz \u00e0 S\u00e8te\u201d caz festival\u0131 1988-ci ild\u0259n etibar\u0259n h\u0259r iyul ay\u0131nda \u201cTh\u00e9\u00e2tre de la Mer\u201dda ke\u00e7irilir.<\/p>\n\n\n\n<p>Festival\u0131n unikall\u0131\u011f\u0131 ondad\u0131r ki, b\u00fct\u00fcn ax\u015fam konsertl\u0259ri a\u00e7\u0131q havada, Aral\u0131q d\u0259nizi fonunda t\u0259\u015fkil olunur.<\/p>\n\n\n\n<p>Builki festival iyulun 15-d\u0259n 21-d\u0259k davam edib.<\/p>\n\n\n\n<p>\u0130sfar Sarabski 1989-cu ild\u0259 Bak\u0131da do\u011fulub.<\/p>\n\n\n\n<p>Az\u0259rbaycan opera m\u00fc\u011f\u0259nnisi, Xalq artisti H\u00fcseynqulu Sarabskinin n\u0259tic\u0259sidir.<\/p>\n\n\n\n<p>\u0130sfar Sarabski \u0130sve\u00e7r\u0259, Norve\u00e7, Fransa, Rusiya, G\u00fcrc\u00fcstanda ke\u00e7iril\u0259n festivallarda i\u015ftirak edib.<\/p>\n\n\n\n<p>2011-ci ild\u0259 moskval\u0131 Aleksandr Ma\u015fin (z\u0259rb al\u0259tl\u0259ri) v\u0259 Makar Novikov (kontrabass) il\u0259 b\u0259rab\u0259r \u201c\u0130sfar Sarabskinin triosu\u201dnu yarad\u0131b.<\/p>\n\n\n\n<p>Sarabskinin triosu Amerikan\u0131n v\u0259 Avropan\u0131n bir \u00e7ox festival\u0131nda v\u0259 konsertl\u0259rind\u0259 i\u015ftirak edib.<\/p>\n\n\n\n<figure class=\"wp-block-image size-large\"><img decoding=\"async\" width=\"1095\" height=\"821\" data-src=\"https:\/\/www.meydan.tv\/wp-content\/uploads\/isfar-1095x821.jpg\" alt=\"\" class=\"wp-image-251476 lazyload\" src=\"data:image\/svg+xml;base64,PHN2ZyB3aWR0aD0iMSIgaGVpZ2h0PSIxIiB4bWxucz0iaHR0cDovL3d3dy53My5vcmcvMjAwMC9zdmciPjwvc3ZnPg==\" style=\"--smush-placeholder-width: 1095px; --smush-placeholder-aspect-ratio: 1095\/821;\" \/><figcaption>M\u0259nb\u0259: 1news.az<\/figcaption><\/figure>\n\n\n\n<p>\u0130sfar Sarabski h\u0259m d\u0259 \u201cRoyal Philharmonic Concert Orchestra\u201d ( Kral Filarmonik konsert orkestri ), Oleq Lundstremin orkestri il\u0259 b\u0259rab\u0259r \u2013 \u0130gor Butman, Ben Williams, Mark Guiliana, Alan Hampton, Pat Senatore, Greg Swiller, Erik Klass, Christian Veber, Samuel Rohrer, Malcolm Creese, James Maddren kimi musiqi\u00e7il\u0259rl\u0259 d\u0259 \u00e7\u0131x\u0131\u015f edib.<\/p>\n\n\n\n<p>Sarabski \u201cNovruz\u201d, \u201cG-Man\u201d, \u201cGeneration\u201d, \u201cEdge\u201d, \u201cDeja Vu\u201d, \u201c\u0413\u0440\u0443\u0441\u0442\u043d\u044b\u0439 \u0432\u0435\u0447\u0435\u0440\u201d, \u201cLast Chance\u201d, \u201cPreludiya\u201d, \u201cAgent\u201d, \u201cRevival\u201d, \u201cEastern Market\u201d, \u201cNow I\u2019m Here\u201d, \u201cIn Transit to New York\u201d, \u201cButa\u201d, \u201cLullaby\u201d, \u201cLimping Stranger\u201d, \u201cCobra Dance\u201d, \u201cIn Memory of V. Mustafazade\u201d \u0259s\u0259rl\u0259rinin m\u00fc\u0259llifidir.<\/p>\n\n\n\n<p>O, 2009-cu ild\u0259 \u0130sve\u00e7d\u0259 ke\u00e7iril\u0259n 43-c\u00fc \u201cMontr\u00f6\u201d Caz Festival\u0131n\u0131n qalibi olub.<\/p>\n\n\n\n<p>2019-cu ild\u0259 o, d\u00fcnyan\u0131n \u0259n m\u0259\u015fhur s\u0259syazma studiyas\u0131 olan \u201cWarner Music Group\u201dla i\u015f m\u00fcqavil\u0259si <a href=\"https:\/\/d9mc3ts4czbpr.cloudfront.net\/az\/article\/isfar-sarabski-qarabag-atlari-sayesinde-en-meshur-sesyazma-studiyasi-ile-muqavile-imzalayib\/\" target=\"_blank\" rel=\"noreferrer noopener\">imzalay\u0131b.<\/a><\/p>\n","protected":false},"excerpt":{"rendered":"<p>Festival a\u00e7\u0131q havada ke\u00e7irilib \u018fm\u0259kdar artist, piano\u00e7u v\u0259 b\u0259st\u0259kar \u0130sfar &#8230; <\/p>\n<p class=\"read-more-container\"><a title=\"\u0130sfar Sarabski 14 \u201cQremmi\u201d sahibi il\u0259 eyni s\u0259hn\u0259d\u0259\" class=\"read-more button\" href=\"https:\/\/www.meydan.tv\/az\/article\/isfar-sarabski-14-qremmi-sahibi-ile-eyni-sehnede\/#more-251504\" aria-label=\"Read more about \u0130sfar Sarabski 14 \u201cQremmi\u201d sahibi il\u0259 eyni s\u0259hn\u0259d\u0259\">Davam\u0131<\/a><\/p>\n","protected":false},"author":8,"featured_media":251479,"comment_status":"closed","ping_status":"closed","sticky":false,"template":"","format":"standard","meta":{"_acf_changed":false,"_sitemap_exclude":false,"_sitemap_priority":"","_sitemap_frequency":"","footnotes":""},"categories":[52,56],"tags":[],"class_list":["post-251504","post","type-post","status-publish","format-standard","has-post-thumbnail","hentry","category-medeniyyet","category-xeberler","infinite-scroll-item","generate-columns","tablet-grid-50","mobile-grid-100","grid-parent","grid-33","no-featured-image-padding"],"acf":[],"yoast_head":"<!-- This site is optimized with the Yoast SEO plugin v27.5 - https:\/\/yoast.com\/product\/yoast-seo-wordpress\/ -->\n<title>\u0130sfar Sarabski 14 \u201cQremmi\u201d sahibi il\u0259 eyni s\u0259hn\u0259d\u0259 - MEYDAN.TV<\/title>\n<meta name=\"robots\" content=\"index, follow, max-snippet:-1, max-image-preview:large, max-video-preview:-1\" \/>\n<link rel=\"canonical\" href=\"https:\/\/www.meydan.tv\/az\/article\/isfar-sarabski-14-qremmi-sahibi-ile-eyni-sehnede\/\" \/>\n<meta property=\"og:locale\" content=\"az_AZ\" \/>\n<meta property=\"og:type\" content=\"article\" \/>\n<meta property=\"og:title\" content=\"\u0130sfar Sarabski 14 \u201cQremmi\u201d sahibi il\u0259 eyni s\u0259hn\u0259d\u0259 - MEYDAN.TV\" \/>\n<meta property=\"og:description\" content=\"Festival a\u00e7\u0131q havada ke\u00e7irilib \u018fm\u0259kdar artist, piano\u00e7u v\u0259 b\u0259st\u0259kar \u0130sfar ... Davam\u0131\" \/>\n<meta property=\"og:url\" content=\"https:\/\/www.meydan.tv\/az\/article\/isfar-sarabski-14-qremmi-sahibi-ile-eyni-sehnede\/\" \/>\n<meta property=\"og:site_name\" content=\"MEYDAN.TV\" \/>\n<meta property=\"article:published_time\" content=\"2022-07-21T14:30:45+00:00\" \/>\n<meta property=\"article:modified_time\" content=\"2022-07-21T14:30:47+00:00\" \/>\n<meta property=\"og:image\" content=\"https:\/\/www.meydan.tv\/wp-content\/uploads\/download-41.jpg\" \/>\n\t<meta property=\"og:image:width\" content=\"1200\" \/>\n\t<meta property=\"og:image:height\" content=\"800\" \/>\n\t<meta property=\"og:image:type\" content=\"image\/jpeg\" \/>\n<meta name=\"author\" content=\"elli\" \/>\n<meta name=\"twitter:card\" content=\"summary_large_image\" \/>\n<meta name=\"twitter:creator\" content=\"@elli\" \/>\n<script type=\"application\/ld+json\" class=\"yoast-schema-graph\">{\"@context\":\"https:\\\/\\\/schema.org\",\"@graph\":[{\"@type\":\"Article\",\"@id\":\"https:\\\/\\\/www.meydan.tv\\\/az\\\/article\\\/isfar-sarabski-14-qremmi-sahibi-ile-eyni-sehnede\\\/#article\",\"isPartOf\":{\"@id\":\"https:\\\/\\\/www.meydan.tv\\\/az\\\/article\\\/isfar-sarabski-14-qremmi-sahibi-ile-eyni-sehnede\\\/\"},\"author\":{\"name\":\"elli\",\"@id\":\"https:\\\/\\\/www.meydan.tv\\\/az\\\/#\\\/schema\\\/person\\\/9cdbecf90d17180ce1dfbd95b08dcf47\"},\"headline\":\"\u0130sfar Sarabski 14 \u201cQremmi\u201d sahibi il\u0259 eyni s\u0259hn\u0259d\u0259\",\"datePublished\":\"2022-07-21T14:30:45+00:00\",\"dateModified\":\"2022-07-21T14:30:47+00:00\",\"mainEntityOfPage\":{\"@id\":\"https:\\\/\\\/www.meydan.tv\\\/az\\\/article\\\/isfar-sarabski-14-qremmi-sahibi-ile-eyni-sehnede\\\/\"},\"wordCount\":395,\"publisher\":{\"@id\":\"https:\\\/\\\/www.meydan.tv\\\/az\\\/#organization\"},\"image\":{\"@id\":\"https:\\\/\\\/www.meydan.tv\\\/az\\\/article\\\/isfar-sarabski-14-qremmi-sahibi-ile-eyni-sehnede\\\/#primaryimage\"},\"thumbnailUrl\":\"https:\\\/\\\/www.meydan.tv\\\/wp-content\\\/uploads\\\/download-41.jpg\",\"articleSection\":[\"M\u0259d\u0259niyy\u0259t\",\"X\u0259b\u0259rl\u0259r\"],\"inLanguage\":\"az\"},{\"@type\":\"WebPage\",\"@id\":\"https:\\\/\\\/www.meydan.tv\\\/az\\\/article\\\/isfar-sarabski-14-qremmi-sahibi-ile-eyni-sehnede\\\/\",\"url\":\"https:\\\/\\\/www.meydan.tv\\\/az\\\/article\\\/isfar-sarabski-14-qremmi-sahibi-ile-eyni-sehnede\\\/\",\"name\":\"\u0130sfar Sarabski 14 \u201cQremmi\u201d sahibi il\u0259 eyni s\u0259hn\u0259d\u0259 - MEYDAN.TV\",\"isPartOf\":{\"@id\":\"https:\\\/\\\/www.meydan.tv\\\/az\\\/#website\"},\"primaryImageOfPage\":{\"@id\":\"https:\\\/\\\/www.meydan.tv\\\/az\\\/article\\\/isfar-sarabski-14-qremmi-sahibi-ile-eyni-sehnede\\\/#primaryimage\"},\"image\":{\"@id\":\"https:\\\/\\\/www.meydan.tv\\\/az\\\/article\\\/isfar-sarabski-14-qremmi-sahibi-ile-eyni-sehnede\\\/#primaryimage\"},\"thumbnailUrl\":\"https:\\\/\\\/www.meydan.tv\\\/wp-content\\\/uploads\\\/download-41.jpg\",\"datePublished\":\"2022-07-21T14:30:45+00:00\",\"dateModified\":\"2022-07-21T14:30:47+00:00\",\"breadcrumb\":{\"@id\":\"https:\\\/\\\/www.meydan.tv\\\/az\\\/article\\\/isfar-sarabski-14-qremmi-sahibi-ile-eyni-sehnede\\\/#breadcrumb\"},\"inLanguage\":\"az\",\"potentialAction\":[{\"@type\":\"ReadAction\",\"target\":[\"https:\\\/\\\/www.meydan.tv\\\/az\\\/article\\\/isfar-sarabski-14-qremmi-sahibi-ile-eyni-sehnede\\\/\"]}]},{\"@type\":\"ImageObject\",\"inLanguage\":\"az\",\"@id\":\"https:\\\/\\\/www.meydan.tv\\\/az\\\/article\\\/isfar-sarabski-14-qremmi-sahibi-ile-eyni-sehnede\\\/#primaryimage\",\"url\":\"https:\\\/\\\/www.meydan.tv\\\/wp-content\\\/uploads\\\/download-41.jpg\",\"contentUrl\":\"https:\\\/\\\/www.meydan.tv\\\/wp-content\\\/uploads\\\/download-41.jpg\",\"width\":1200,\"height\":800,\"caption\":\"M\u0259nb\u0259: 1news.az\"},{\"@type\":\"BreadcrumbList\",\"@id\":\"https:\\\/\\\/www.meydan.tv\\\/az\\\/article\\\/isfar-sarabski-14-qremmi-sahibi-ile-eyni-sehnede\\\/#breadcrumb\",\"itemListElement\":[{\"@type\":\"ListItem\",\"position\":1,\"name\":\"Ana s\u0259hif\u0259\",\"item\":\"https:\\\/\\\/www.meydan.tv\\\/az\\\/\"},{\"@type\":\"ListItem\",\"position\":2,\"name\":\"M\u0259d\u0259niyy\u0259t\",\"item\":\"https:\\\/\\\/www.meydan.tv\\\/az\\\/section\\\/medeniyyet\\\/\"},{\"@type\":\"ListItem\",\"position\":3,\"name\":\"\u0130sfar Sarabski 14 \u201cQremmi\u201d sahibi il\u0259 eyni s\u0259hn\u0259d\u0259\"}]},{\"@type\":\"WebSite\",\"@id\":\"https:\\\/\\\/www.meydan.tv\\\/az\\\/#website\",\"url\":\"https:\\\/\\\/www.meydan.tv\\\/az\\\/\",\"name\":\"MEYDAN.TV\",\"description\":\"Meydan TV Az\u0259rbaycan\u0131n media m\u0259kan\u0131ndak\u0131 alternativ s\u0259sidir\",\"publisher\":{\"@id\":\"https:\\\/\\\/www.meydan.tv\\\/az\\\/#organization\"},\"potentialAction\":[{\"@type\":\"SearchAction\",\"target\":{\"@type\":\"EntryPoint\",\"urlTemplate\":\"https:\\\/\\\/www.meydan.tv\\\/az\\\/?s={search_term_string}\"},\"query-input\":{\"@type\":\"PropertyValueSpecification\",\"valueRequired\":true,\"valueName\":\"search_term_string\"}}],\"inLanguage\":\"az\"},{\"@type\":\"Organization\",\"@id\":\"https:\\\/\\\/www.meydan.tv\\\/az\\\/#organization\",\"name\":\"Meydan TV\",\"url\":\"https:\\\/\\\/www.meydan.tv\\\/az\\\/\",\"logo\":{\"@type\":\"ImageObject\",\"inLanguage\":\"az\",\"@id\":\"https:\\\/\\\/www.meydan.tv\\\/az\\\/#\\\/schema\\\/logo\\\/image\\\/\",\"url\":\"https:\\\/\\\/www.meydan.tv\\\/wp-content\\\/uploads\\\/2021\\\/07\\\/meydan-logo.svg\",\"contentUrl\":\"https:\\\/\\\/www.meydan.tv\\\/wp-content\\\/uploads\\\/2021\\\/07\\\/meydan-logo.svg\",\"width\":195,\"height\":46,\"caption\":\"Meydan TV\"},\"image\":{\"@id\":\"https:\\\/\\\/www.meydan.tv\\\/az\\\/#\\\/schema\\\/logo\\\/image\\\/\"}},{\"@type\":\"Person\",\"@id\":\"https:\\\/\\\/www.meydan.tv\\\/az\\\/#\\\/schema\\\/person\\\/9cdbecf90d17180ce1dfbd95b08dcf47\",\"name\":\"elli\",\"sameAs\":[\"https:\\\/\\\/x.com\\\/elli\"]}]}<\/script>\n<!-- \/ Yoast SEO plugin. -->","yoast_head_json":{"title":"\u0130sfar Sarabski 14 \u201cQremmi\u201d sahibi il\u0259 eyni s\u0259hn\u0259d\u0259 - MEYDAN.TV","robots":{"index":"index","follow":"follow","max-snippet":"max-snippet:-1","max-image-preview":"max-image-preview:large","max-video-preview":"max-video-preview:-1"},"canonical":"https:\/\/www.meydan.tv\/az\/article\/isfar-sarabski-14-qremmi-sahibi-ile-eyni-sehnede\/","og_locale":"az_AZ","og_type":"article","og_title":"\u0130sfar Sarabski 14 \u201cQremmi\u201d sahibi il\u0259 eyni s\u0259hn\u0259d\u0259 - MEYDAN.TV","og_description":"Festival a\u00e7\u0131q havada ke\u00e7irilib \u018fm\u0259kdar artist, piano\u00e7u v\u0259 b\u0259st\u0259kar \u0130sfar ... Davam\u0131","og_url":"https:\/\/www.meydan.tv\/az\/article\/isfar-sarabski-14-qremmi-sahibi-ile-eyni-sehnede\/","og_site_name":"MEYDAN.TV","article_published_time":"2022-07-21T14:30:45+00:00","article_modified_time":"2022-07-21T14:30:47+00:00","og_image":[{"width":1200,"height":800,"url":"https:\/\/www.meydan.tv\/wp-content\/uploads\/download-41.jpg","type":"image\/jpeg"}],"author":"elli","twitter_card":"summary_large_image","twitter_creator":"@elli","schema":{"@context":"https:\/\/schema.org","@graph":[{"@type":"Article","@id":"https:\/\/www.meydan.tv\/az\/article\/isfar-sarabski-14-qremmi-sahibi-ile-eyni-sehnede\/#article","isPartOf":{"@id":"https:\/\/www.meydan.tv\/az\/article\/isfar-sarabski-14-qremmi-sahibi-ile-eyni-sehnede\/"},"author":{"name":"elli","@id":"https:\/\/www.meydan.tv\/az\/#\/schema\/person\/9cdbecf90d17180ce1dfbd95b08dcf47"},"headline":"\u0130sfar Sarabski 14 \u201cQremmi\u201d sahibi il\u0259 eyni s\u0259hn\u0259d\u0259","datePublished":"2022-07-21T14:30:45+00:00","dateModified":"2022-07-21T14:30:47+00:00","mainEntityOfPage":{"@id":"https:\/\/www.meydan.tv\/az\/article\/isfar-sarabski-14-qremmi-sahibi-ile-eyni-sehnede\/"},"wordCount":395,"publisher":{"@id":"https:\/\/www.meydan.tv\/az\/#organization"},"image":{"@id":"https:\/\/www.meydan.tv\/az\/article\/isfar-sarabski-14-qremmi-sahibi-ile-eyni-sehnede\/#primaryimage"},"thumbnailUrl":"https:\/\/www.meydan.tv\/wp-content\/uploads\/download-41.jpg","articleSection":["M\u0259d\u0259niyy\u0259t","X\u0259b\u0259rl\u0259r"],"inLanguage":"az"},{"@type":"WebPage","@id":"https:\/\/www.meydan.tv\/az\/article\/isfar-sarabski-14-qremmi-sahibi-ile-eyni-sehnede\/","url":"https:\/\/www.meydan.tv\/az\/article\/isfar-sarabski-14-qremmi-sahibi-ile-eyni-sehnede\/","name":"\u0130sfar Sarabski 14 \u201cQremmi\u201d sahibi il\u0259 eyni s\u0259hn\u0259d\u0259 - MEYDAN.TV","isPartOf":{"@id":"https:\/\/www.meydan.tv\/az\/#website"},"primaryImageOfPage":{"@id":"https:\/\/www.meydan.tv\/az\/article\/isfar-sarabski-14-qremmi-sahibi-ile-eyni-sehnede\/#primaryimage"},"image":{"@id":"https:\/\/www.meydan.tv\/az\/article\/isfar-sarabski-14-qremmi-sahibi-ile-eyni-sehnede\/#primaryimage"},"thumbnailUrl":"https:\/\/www.meydan.tv\/wp-content\/uploads\/download-41.jpg","datePublished":"2022-07-21T14:30:45+00:00","dateModified":"2022-07-21T14:30:47+00:00","breadcrumb":{"@id":"https:\/\/www.meydan.tv\/az\/article\/isfar-sarabski-14-qremmi-sahibi-ile-eyni-sehnede\/#breadcrumb"},"inLanguage":"az","potentialAction":[{"@type":"ReadAction","target":["https:\/\/www.meydan.tv\/az\/article\/isfar-sarabski-14-qremmi-sahibi-ile-eyni-sehnede\/"]}]},{"@type":"ImageObject","inLanguage":"az","@id":"https:\/\/www.meydan.tv\/az\/article\/isfar-sarabski-14-qremmi-sahibi-ile-eyni-sehnede\/#primaryimage","url":"https:\/\/www.meydan.tv\/wp-content\/uploads\/download-41.jpg","contentUrl":"https:\/\/www.meydan.tv\/wp-content\/uploads\/download-41.jpg","width":1200,"height":800,"caption":"M\u0259nb\u0259: 1news.az"},{"@type":"BreadcrumbList","@id":"https:\/\/www.meydan.tv\/az\/article\/isfar-sarabski-14-qremmi-sahibi-ile-eyni-sehnede\/#breadcrumb","itemListElement":[{"@type":"ListItem","position":1,"name":"Ana s\u0259hif\u0259","item":"https:\/\/www.meydan.tv\/az\/"},{"@type":"ListItem","position":2,"name":"M\u0259d\u0259niyy\u0259t","item":"https:\/\/www.meydan.tv\/az\/section\/medeniyyet\/"},{"@type":"ListItem","position":3,"name":"\u0130sfar Sarabski 14 \u201cQremmi\u201d sahibi il\u0259 eyni s\u0259hn\u0259d\u0259"}]},{"@type":"WebSite","@id":"https:\/\/www.meydan.tv\/az\/#website","url":"https:\/\/www.meydan.tv\/az\/","name":"MEYDAN.TV","description":"Meydan TV Az\u0259rbaycan\u0131n media m\u0259kan\u0131ndak\u0131 alternativ s\u0259sidir","publisher":{"@id":"https:\/\/www.meydan.tv\/az\/#organization"},"potentialAction":[{"@type":"SearchAction","target":{"@type":"EntryPoint","urlTemplate":"https:\/\/www.meydan.tv\/az\/?s={search_term_string}"},"query-input":{"@type":"PropertyValueSpecification","valueRequired":true,"valueName":"search_term_string"}}],"inLanguage":"az"},{"@type":"Organization","@id":"https:\/\/www.meydan.tv\/az\/#organization","name":"Meydan TV","url":"https:\/\/www.meydan.tv\/az\/","logo":{"@type":"ImageObject","inLanguage":"az","@id":"https:\/\/www.meydan.tv\/az\/#\/schema\/logo\/image\/","url":"https:\/\/www.meydan.tv\/wp-content\/uploads\/2021\/07\/meydan-logo.svg","contentUrl":"https:\/\/www.meydan.tv\/wp-content\/uploads\/2021\/07\/meydan-logo.svg","width":195,"height":46,"caption":"Meydan TV"},"image":{"@id":"https:\/\/www.meydan.tv\/az\/#\/schema\/logo\/image\/"}},{"@type":"Person","@id":"https:\/\/www.meydan.tv\/az\/#\/schema\/person\/9cdbecf90d17180ce1dfbd95b08dcf47","name":"elli","sameAs":["https:\/\/x.com\/elli"]}]}},"_links":{"self":[{"href":"https:\/\/www.meydan.tv\/az\/wp-json\/wp\/v2\/posts\/251504","targetHints":{"allow":["GET"]}}],"collection":[{"href":"https:\/\/www.meydan.tv\/az\/wp-json\/wp\/v2\/posts"}],"about":[{"href":"https:\/\/www.meydan.tv\/az\/wp-json\/wp\/v2\/types\/post"}],"author":[{"embeddable":true,"href":"https:\/\/www.meydan.tv\/az\/wp-json\/wp\/v2\/users\/8"}],"replies":[{"embeddable":true,"href":"https:\/\/www.meydan.tv\/az\/wp-json\/wp\/v2\/comments?post=251504"}],"version-history":[{"count":2,"href":"https:\/\/www.meydan.tv\/az\/wp-json\/wp\/v2\/posts\/251504\/revisions"}],"predecessor-version":[{"id":251509,"href":"https:\/\/www.meydan.tv\/az\/wp-json\/wp\/v2\/posts\/251504\/revisions\/251509"}],"wp:featuredmedia":[{"embeddable":true,"href":"https:\/\/www.meydan.tv\/az\/wp-json\/wp\/v2\/media\/251479"}],"wp:attachment":[{"href":"https:\/\/www.meydan.tv\/az\/wp-json\/wp\/v2\/media?parent=251504"}],"wp:term":[{"taxonomy":"category","embeddable":true,"href":"https:\/\/www.meydan.tv\/az\/wp-json\/wp\/v2\/categories?post=251504"},{"taxonomy":"post_tag","embeddable":true,"href":"https:\/\/www.meydan.tv\/az\/wp-json\/wp\/v2\/tags?post=251504"}],"curies":[{"name":"wp","href":"https:\/\/api.w.org\/{rel}","templated":true}]}}