{"id":251488,"date":"2022-07-21T17:25:31","date_gmt":"2022-07-21T13:25:31","guid":{"rendered":"https:\/\/www.meydan.tv\/?p=251488"},"modified":"2022-07-21T17:25:33","modified_gmt":"2022-07-21T13:25:33","slug":"muayinede-saglamligimi-itirdiyim-tesdiq-olunsa-da-elillik-derecesi-teyin-edilmedi","status":"publish","type":"post","link":"https:\/\/www.meydan.tv\/az\/article\/muayinede-saglamligimi-itirdiyim-tesdiq-olunsa-da-elillik-derecesi-teyin-edilmedi\/","title":{"rendered":"\u201cM\u00fcayin\u0259d\u0259 sa\u011flaml\u0131\u011f\u0131m\u0131 itirdiyim t\u0259sdiq olunsa da, \u0259lillik d\u0259r\u0259c\u0259si t\u0259yin edilm\u0259di\u201d"},"content":{"rendered":"\n<p><em>B\u0259rd\u0259 sakini: \u201cArt\u0131q can\u0131mdan bezmi\u015f\u0259m\u201d<\/em><\/p>\n\n\n\n<p>\u201cM\u00fcharib\u0259 vaxt\u0131 B\u0259rd\u0259y\u0259 at\u0131lan raket n\u0259tic\u0259sind\u0259 a\u011f\u0131r yaralanm\u0131\u015fam, iki d\u0259f\u0259 \u00e7\u0259tin \u0259m\u0259liyyat ke\u00e7irmi\u015f\u0259m. Sa\u011flaml\u0131\u011f\u0131m\u0131 itirs\u0259m d\u0259, indiy\u0259d\u0259k \u0259lillik d\u0259r\u0259c\u0259si ala bilmir\u0259m\u201d.<\/p>\n\n\n\n<p>Bunu Meydan TV-y\u0259 \u00fcnvanlad\u0131\u011f\u0131 m\u00fcraci\u0259tind\u0259 B\u0259rd\u0259 rayon sakini, 1980-c\u0131 il t\u0259v\u0259ll\u00fcdl\u00fc Telman Orucov bildirib.<\/p>\n\n\n\n<p>Telman Orucov 2020-ci ilin oktyabr\u0131n 28-d\u0259 B\u0259rd\u0259nin bombalanmas\u0131 zaman\u0131 yaralan\u0131b. \u015eikay\u0259t\u00e7inin s\u00f6zl\u0259rin\u0259 g\u00f6r\u0259, d\u0259f\u0259l\u0259rl\u0259 \u0259lillik \u00fc\u00e7\u00fcn m\u00fcraci\u0259t edib, iki d\u0259f\u0259 \u0259yani m\u00fcayin\u0259d\u0259n ke\u00e7irilib:<\/p>\n\n\n\n<p>\u201cPrezident\u0259 \u015fikay\u0259t yazd\u0131m. Bundan sonra Ekspertiza M\u0259rk\u0259zinin s\u0259dr m\u00fcavini, ham\u0131n\u0131n Sahil Babayevin qohumu kimi tan\u0131d\u0131\u011f\u0131 M\u0259tan\u0259t M\u0259mm\u0259dova cavab g\u00f6nd\u0259rdi ki, \u0259yani m\u00fcayin\u0259d\u0259 \u0259lillik a\u015fkar olunub, ancaq Forma 88-d\u0259 n\u0259s\u0259 d\u00fcz g\u0259lmir. Dem\u0259li, \u0259yani m\u00fcayin\u0259d\u0259 sa\u011flaml\u0131\u011f\u0131m\u0131 itirdiyim t\u0259sdiq olunubsa, m\u0259n\u0259 \u0259lillik verilm\u0259lidir\u201d.<\/p>\n\n\n\n<figure class=\"wp-block-image size-large\"><img decoding=\"async\" width=\"616\" height=\"821\" data-src=\"https:\/\/www.meydan.tv\/wp-content\/uploads\/5b65371e-33f1-4aff-a687-c4462cc25e30-616x821.jpg\" alt=\"\" class=\"wp-image-251495 lazyload\" src=\"data:image\/svg+xml;base64,PHN2ZyB3aWR0aD0iMSIgaGVpZ2h0PSIxIiB4bWxucz0iaHR0cDovL3d3dy53My5vcmcvMjAwMC9zdmciPjwvc3ZnPg==\" style=\"--smush-placeholder-width: 616px; --smush-placeholder-aspect-ratio: 616\/821;\" \/><\/figure>\n\n\n\n<p>Foto: Meydan TV<\/p>\n\n\n\n<p>Telman Orucov deyir ki, sol t\u0259r\u0259fd\u0259n budundan, qar\u0131n bo\u015flu\u011fundan, a\u011fciy\u0259rind\u0259n x\u0259sar\u0259t al\u0131b, sol qolu i\u015fl\u0259mir. \u0130kinci d\u0259f\u0259 \u0259m\u0259liyyat\u0131 \u00f6zhesab\u0131na etdirib, 2500 manat x\u0259rcinin \u00e7\u0131xd\u0131\u011f\u0131n\u0131 deyir.<\/p>\n\n\n\n<p>\u201cBirinci d\u0259f\u0259 Yevlaxda hospitalda m\u00fcalic\u0259 ald\u0131\u011f\u0131m vaxt\u0131 AzTV \u00e7\u0259kili\u015f etdi, dedil\u0259r ki, siz\u0259 g\u00f6st\u0259ril\u0259n yard\u0131m\u0131 t\u0259rifl\u0259yin. Ma\u015f\u0131n\u0131ma ciddi ziyan d\u0259ydi, c\u0259mi 800 manat s\u0131\u011forta \u00f6d\u0259ni\u015f etdi, hans\u0131 ki, z\u0259r\u0259r \u00fc\u00e7 min\u0259 yax\u0131n idi. \u015eikay\u0259t edirdim, m\u0259ni B\u0259rd\u0259 Rayon Polis \u015e\u00f6b\u0259sin\u0259 y\u00f6nl\u0259ndirirdil\u0259r. Onlar da \u00e7a\u011f\u0131r\u0131rd\u0131lar, deyirdil\u0259r ki, yax\u015f\u0131 olacaq, narahat olma. He\u00e7 bilmir\u0259m ki, m\u0259nim \u015fikay\u0259timi polis\u0259 niy\u0259 y\u00f6nd\u0259rirl\u0259r, he\u00e7 onlar \u00f6zl\u0259ri d\u0259 bilmirl\u0259r\u201d,-Orucov dan\u0131\u015f\u0131b.<\/p>\n\n\n\n<figure class=\"wp-block-image size-large\"><img decoding=\"async\" width=\"616\" height=\"821\" data-src=\"https:\/\/www.meydan.tv\/wp-content\/uploads\/50949efb-ea66-49d1-b745-cd3666551209-616x821.jpg\" alt=\"\" class=\"wp-image-251492 lazyload\" src=\"data:image\/svg+xml;base64,PHN2ZyB3aWR0aD0iMSIgaGVpZ2h0PSIxIiB4bWxucz0iaHR0cDovL3d3dy53My5vcmcvMjAwMC9zdmciPjwvc3ZnPg==\" style=\"--smush-placeholder-width: 616px; --smush-placeholder-aspect-ratio: 616\/821;\" \/><\/figure>\n\n\n\n<p>Foto: Meydan TV<\/p>\n\n\n\n<p>\u015eikay\u0259t\u00e7i bildirib ki, sakitl\u0259\u015fdiricil\u0259r q\u0259bul edir, a\u011fr\u0131lar\u0131 g\u00fccl\u00fc oldu\u011fundan bu d\u0259rmanlar da t\u0259sir etmir. Art\u0131q d\u0259rman alma\u011fa da maddi imkan\u0131 yetmir:<\/p>\n\n\n\n<p>\u201cYolda\u015f\u0131m m\u00fc\u0259llimdir, m\u0259n \u00e7\u00f6r\u0259kpulu, anam da pensiya al\u0131r. 4 n\u0259f\u0259rlik ail\u0259nin qazanc\u0131 m\u00fcalic\u0259l\u0259rim\u0259, d\u0259rmanlara b\u0259s etmir. Art\u0131q can\u0131mdan bezmi\u015f\u0259m\u201d.<\/p>\n\n\n\n<p>B\u0259rd\u0259 Rayon \u0130cra Hakimiyy\u0259tind\u0259n bildiribl\u0259r ki, terrordan z\u0259r\u0259r \u00e7\u0259k\u0259nl\u0259r\u0259, o c\u00fcml\u0259d\u0259n Telman Orucova yard\u0131m edilib. Lakin \u0259lillik t\u0259yinat\u0131 icra hakimiyy\u0259tinin s\u0259lahiyy\u0259tind\u0259 deyil.<\/p>\n\n\n\n<figure class=\"wp-block-image size-large\"><img decoding=\"async\" width=\"499\" height=\"821\" data-src=\"https:\/\/www.meydan.tv\/wp-content\/uploads\/4da14d1c-f805-469b-a176-21402b979959-499x821.jpg\" alt=\"\" class=\"wp-image-251489 lazyload\" src=\"data:image\/svg+xml;base64,PHN2ZyB3aWR0aD0iMSIgaGVpZ2h0PSIxIiB4bWxucz0iaHR0cDovL3d3dy53My5vcmcvMjAwMC9zdmciPjwvc3ZnPg==\" style=\"--smush-placeholder-width: 499px; --smush-placeholder-aspect-ratio: 499\/821;\" \/><\/figure>\n\n\n\n<p>Foto: Meydan TV<\/p>\n\n\n\n<p>\u018fm\u0259k v\u0259 \u018fhalinin Sosial M\u00fcdafi\u0259 Nazirliyind\u0259n Meydan TV-y\u0259 bildirilib ki, Telman \u0130ld\u0131r\u0131m o\u011flu Orucov \u0259lilliyinin qiym\u0259tl\u0259ndirilm\u0259si m\u0259qs\u0259dil\u0259 10 may 2022-ci ild\u0259 D\u00f6vl\u0259t Tibbi Sosial Ekspertiza v\u0259 Reabilitasiya Agentliyind\u0259 \u0259yani m\u00fcayin\u0259y\u0259 edilib.<\/p>\n\n\n\n<p>Onun sa\u011flaml\u0131q v\u0259ziyy\u0259tinin m\u00fcayin\u0259si zaman\u0131 \u0259lilliy\u0259 \u0259sas ver\u0259n \u0259lam\u0259tl\u0259rin olmad\u0131\u011f\u0131 m\u00fc\u0259yy\u0259n olunub. Bu bax\u0131mdan, qanunvericiliy\u0259 uy\u011fun olaraq ona imtina q\u0259rar\u0131 verilib.<\/p>\n","protected":false},"excerpt":{"rendered":"<p>B\u0259rd\u0259 sakini: \u201cArt\u0131q can\u0131mdan bezmi\u015f\u0259m\u201d \u201cM\u00fcharib\u0259 vaxt\u0131 B\u0259rd\u0259y\u0259 at\u0131lan raket &#8230; <\/p>\n<p class=\"read-more-container\"><a title=\"\u201cM\u00fcayin\u0259d\u0259 sa\u011flaml\u0131\u011f\u0131m\u0131 itirdiyim t\u0259sdiq olunsa da, \u0259lillik d\u0259r\u0259c\u0259si t\u0259yin edilm\u0259di\u201d\" class=\"read-more button\" href=\"https:\/\/www.meydan.tv\/az\/article\/muayinede-saglamligimi-itirdiyim-tesdiq-olunsa-da-elillik-derecesi-teyin-edilmedi\/#more-251488\" aria-label=\"Read more about \u201cM\u00fcayin\u0259d\u0259 sa\u011flaml\u0131\u011f\u0131m\u0131 itirdiyim t\u0259sdiq olunsa da, \u0259lillik d\u0259r\u0259c\u0259si t\u0259yin edilm\u0259di\u201d\">Davam\u0131<\/a><\/p>\n","protected":false},"author":8,"featured_media":251498,"comment_status":"closed","ping_status":"closed","sticky":false,"template":"","format":"standard","meta":{"_acf_changed":false,"_sitemap_exclude":false,"_sitemap_priority":"","_sitemap_frequency":"","footnotes":""},"categories":[60,79,56],"tags":[],"class_list":["post-251488","post","type-post","status-publish","format-standard","has-post-thumbnail","hentry","category-bolge","category-featured","category-xeberler","infinite-scroll-item","generate-columns","tablet-grid-50","mobile-grid-100","grid-parent","grid-33","no-featured-image-padding"],"acf":[],"yoast_head":"<!-- This site is optimized with the Yoast SEO plugin v27.5 - https:\/\/yoast.com\/product\/yoast-seo-wordpress\/ -->\n<title>\u201cM\u00fcayin\u0259d\u0259 sa\u011flaml\u0131\u011f\u0131m\u0131 itirdiyim t\u0259sdiq olunsa da, \u0259lillik d\u0259r\u0259c\u0259si t\u0259yin edilm\u0259di\u201d - MEYDAN.TV<\/title>\n<meta name=\"robots\" content=\"index, follow, max-snippet:-1, max-image-preview:large, max-video-preview:-1\" \/>\n<link rel=\"canonical\" href=\"https:\/\/www.meydan.tv\/az\/article\/muayinede-saglamligimi-itirdiyim-tesdiq-olunsa-da-elillik-derecesi-teyin-edilmedi\/\" \/>\n<meta property=\"og:locale\" content=\"az_AZ\" \/>\n<meta property=\"og:type\" content=\"article\" \/>\n<meta property=\"og:title\" content=\"\u201cM\u00fcayin\u0259d\u0259 sa\u011flaml\u0131\u011f\u0131m\u0131 itirdiyim t\u0259sdiq olunsa da, \u0259lillik d\u0259r\u0259c\u0259si t\u0259yin edilm\u0259di\u201d - MEYDAN.TV\" \/>\n<meta property=\"og:description\" content=\"B\u0259rd\u0259 sakini: \u201cArt\u0131q can\u0131mdan bezmi\u015f\u0259m\u201d \u201cM\u00fcharib\u0259 vaxt\u0131 B\u0259rd\u0259y\u0259 at\u0131lan raket ... Davam\u0131\" \/>\n<meta property=\"og:url\" content=\"https:\/\/www.meydan.tv\/az\/article\/muayinede-saglamligimi-itirdiyim-tesdiq-olunsa-da-elillik-derecesi-teyin-edilmedi\/\" \/>\n<meta property=\"og:site_name\" content=\"MEYDAN.TV\" \/>\n<meta property=\"article:published_time\" content=\"2022-07-21T13:25:31+00:00\" \/>\n<meta property=\"article:modified_time\" content=\"2022-07-21T13:25:33+00:00\" \/>\n<meta property=\"og:image\" content=\"https:\/\/www.meydan.tv\/wp-content\/uploads\/8fd5c7dd-e941-48a7-af82-e572f1a47400.jpg\" \/>\n\t<meta property=\"og:image:width\" content=\"1200\" \/>\n\t<meta property=\"og:image:height\" content=\"900\" \/>\n\t<meta property=\"og:image:type\" content=\"image\/jpeg\" \/>\n<meta name=\"author\" content=\"elli\" \/>\n<meta name=\"twitter:card\" content=\"summary_large_image\" \/>\n<meta name=\"twitter:creator\" content=\"@elli\" \/>\n<script type=\"application\/ld+json\" class=\"yoast-schema-graph\">{\"@context\":\"https:\\\/\\\/schema.org\",\"@graph\":[{\"@type\":\"Article\",\"@id\":\"https:\\\/\\\/www.meydan.tv\\\/az\\\/article\\\/muayinede-saglamligimi-itirdiyim-tesdiq-olunsa-da-elillik-derecesi-teyin-edilmedi\\\/#article\",\"isPartOf\":{\"@id\":\"https:\\\/\\\/www.meydan.tv\\\/az\\\/article\\\/muayinede-saglamligimi-itirdiyim-tesdiq-olunsa-da-elillik-derecesi-teyin-edilmedi\\\/\"},\"author\":{\"name\":\"elli\",\"@id\":\"https:\\\/\\\/www.meydan.tv\\\/az\\\/#\\\/schema\\\/person\\\/9cdbecf90d17180ce1dfbd95b08dcf47\"},\"headline\":\"\u201cM\u00fcayin\u0259d\u0259 sa\u011flaml\u0131\u011f\u0131m\u0131 itirdiyim t\u0259sdiq olunsa da, \u0259lillik d\u0259r\u0259c\u0259si t\u0259yin edilm\u0259di\u201d\",\"datePublished\":\"2022-07-21T13:25:31+00:00\",\"dateModified\":\"2022-07-21T13:25:33+00:00\",\"mainEntityOfPage\":{\"@id\":\"https:\\\/\\\/www.meydan.tv\\\/az\\\/article\\\/muayinede-saglamligimi-itirdiyim-tesdiq-olunsa-da-elillik-derecesi-teyin-edilmedi\\\/\"},\"wordCount\":544,\"publisher\":{\"@id\":\"https:\\\/\\\/www.meydan.tv\\\/az\\\/#organization\"},\"image\":{\"@id\":\"https:\\\/\\\/www.meydan.tv\\\/az\\\/article\\\/muayinede-saglamligimi-itirdiyim-tesdiq-olunsa-da-elillik-derecesi-teyin-edilmedi\\\/#primaryimage\"},\"thumbnailUrl\":\"https:\\\/\\\/www.meydan.tv\\\/wp-content\\\/uploads\\\/8fd5c7dd-e941-48a7-af82-e572f1a47400.jpg\",\"articleSection\":[\"B\u00f6lg\u0259\",\"T\u00f6vsiy\u0259\",\"X\u0259b\u0259rl\u0259r\"],\"inLanguage\":\"az\"},{\"@type\":\"WebPage\",\"@id\":\"https:\\\/\\\/www.meydan.tv\\\/az\\\/article\\\/muayinede-saglamligimi-itirdiyim-tesdiq-olunsa-da-elillik-derecesi-teyin-edilmedi\\\/\",\"url\":\"https:\\\/\\\/www.meydan.tv\\\/az\\\/article\\\/muayinede-saglamligimi-itirdiyim-tesdiq-olunsa-da-elillik-derecesi-teyin-edilmedi\\\/\",\"name\":\"\u201cM\u00fcayin\u0259d\u0259 sa\u011flaml\u0131\u011f\u0131m\u0131 itirdiyim t\u0259sdiq olunsa da, \u0259lillik d\u0259r\u0259c\u0259si t\u0259yin edilm\u0259di\u201d - MEYDAN.TV\",\"isPartOf\":{\"@id\":\"https:\\\/\\\/www.meydan.tv\\\/az\\\/#website\"},\"primaryImageOfPage\":{\"@id\":\"https:\\\/\\\/www.meydan.tv\\\/az\\\/article\\\/muayinede-saglamligimi-itirdiyim-tesdiq-olunsa-da-elillik-derecesi-teyin-edilmedi\\\/#primaryimage\"},\"image\":{\"@id\":\"https:\\\/\\\/www.meydan.tv\\\/az\\\/article\\\/muayinede-saglamligimi-itirdiyim-tesdiq-olunsa-da-elillik-derecesi-teyin-edilmedi\\\/#primaryimage\"},\"thumbnailUrl\":\"https:\\\/\\\/www.meydan.tv\\\/wp-content\\\/uploads\\\/8fd5c7dd-e941-48a7-af82-e572f1a47400.jpg\",\"datePublished\":\"2022-07-21T13:25:31+00:00\",\"dateModified\":\"2022-07-21T13:25:33+00:00\",\"breadcrumb\":{\"@id\":\"https:\\\/\\\/www.meydan.tv\\\/az\\\/article\\\/muayinede-saglamligimi-itirdiyim-tesdiq-olunsa-da-elillik-derecesi-teyin-edilmedi\\\/#breadcrumb\"},\"inLanguage\":\"az\",\"potentialAction\":[{\"@type\":\"ReadAction\",\"target\":[\"https:\\\/\\\/www.meydan.tv\\\/az\\\/article\\\/muayinede-saglamligimi-itirdiyim-tesdiq-olunsa-da-elillik-derecesi-teyin-edilmedi\\\/\"]}]},{\"@type\":\"ImageObject\",\"inLanguage\":\"az\",\"@id\":\"https:\\\/\\\/www.meydan.tv\\\/az\\\/article\\\/muayinede-saglamligimi-itirdiyim-tesdiq-olunsa-da-elillik-derecesi-teyin-edilmedi\\\/#primaryimage\",\"url\":\"https:\\\/\\\/www.meydan.tv\\\/wp-content\\\/uploads\\\/8fd5c7dd-e941-48a7-af82-e572f1a47400.jpg\",\"contentUrl\":\"https:\\\/\\\/www.meydan.tv\\\/wp-content\\\/uploads\\\/8fd5c7dd-e941-48a7-af82-e572f1a47400.jpg\",\"width\":1200,\"height\":900,\"caption\":\"Foto: Telman Orucovun \u015f\u0259xsi arxivind\u0259n\"},{\"@type\":\"BreadcrumbList\",\"@id\":\"https:\\\/\\\/www.meydan.tv\\\/az\\\/article\\\/muayinede-saglamligimi-itirdiyim-tesdiq-olunsa-da-elillik-derecesi-teyin-edilmedi\\\/#breadcrumb\",\"itemListElement\":[{\"@type\":\"ListItem\",\"position\":1,\"name\":\"Ana s\u0259hif\u0259\",\"item\":\"https:\\\/\\\/www.meydan.tv\\\/az\\\/\"},{\"@type\":\"ListItem\",\"position\":2,\"name\":\"B\u00f6lg\u0259\",\"item\":\"https:\\\/\\\/www.meydan.tv\\\/az\\\/section\\\/bolge\\\/\"},{\"@type\":\"ListItem\",\"position\":3,\"name\":\"\u201cM\u00fcayin\u0259d\u0259 sa\u011flaml\u0131\u011f\u0131m\u0131 itirdiyim t\u0259sdiq olunsa da, \u0259lillik d\u0259r\u0259c\u0259si t\u0259yin edilm\u0259di\u201d\"}]},{\"@type\":\"WebSite\",\"@id\":\"https:\\\/\\\/www.meydan.tv\\\/az\\\/#website\",\"url\":\"https:\\\/\\\/www.meydan.tv\\\/az\\\/\",\"name\":\"MEYDAN.TV\",\"description\":\"Meydan TV Az\u0259rbaycan\u0131n media m\u0259kan\u0131ndak\u0131 alternativ s\u0259sidir\",\"publisher\":{\"@id\":\"https:\\\/\\\/www.meydan.tv\\\/az\\\/#organization\"},\"potentialAction\":[{\"@type\":\"SearchAction\",\"target\":{\"@type\":\"EntryPoint\",\"urlTemplate\":\"https:\\\/\\\/www.meydan.tv\\\/az\\\/?s={search_term_string}\"},\"query-input\":{\"@type\":\"PropertyValueSpecification\",\"valueRequired\":true,\"valueName\":\"search_term_string\"}}],\"inLanguage\":\"az\"},{\"@type\":\"Organization\",\"@id\":\"https:\\\/\\\/www.meydan.tv\\\/az\\\/#organization\",\"name\":\"Meydan TV\",\"url\":\"https:\\\/\\\/www.meydan.tv\\\/az\\\/\",\"logo\":{\"@type\":\"ImageObject\",\"inLanguage\":\"az\",\"@id\":\"https:\\\/\\\/www.meydan.tv\\\/az\\\/#\\\/schema\\\/logo\\\/image\\\/\",\"url\":\"https:\\\/\\\/www.meydan.tv\\\/wp-content\\\/uploads\\\/2021\\\/07\\\/meydan-logo.svg\",\"contentUrl\":\"https:\\\/\\\/www.meydan.tv\\\/wp-content\\\/uploads\\\/2021\\\/07\\\/meydan-logo.svg\",\"width\":195,\"height\":46,\"caption\":\"Meydan TV\"},\"image\":{\"@id\":\"https:\\\/\\\/www.meydan.tv\\\/az\\\/#\\\/schema\\\/logo\\\/image\\\/\"}},{\"@type\":\"Person\",\"@id\":\"https:\\\/\\\/www.meydan.tv\\\/az\\\/#\\\/schema\\\/person\\\/9cdbecf90d17180ce1dfbd95b08dcf47\",\"name\":\"elli\",\"sameAs\":[\"https:\\\/\\\/x.com\\\/elli\"]}]}<\/script>\n<!-- \/ Yoast SEO plugin. -->","yoast_head_json":{"title":"\u201cM\u00fcayin\u0259d\u0259 sa\u011flaml\u0131\u011f\u0131m\u0131 itirdiyim t\u0259sdiq olunsa da, \u0259lillik d\u0259r\u0259c\u0259si t\u0259yin edilm\u0259di\u201d - MEYDAN.TV","robots":{"index":"index","follow":"follow","max-snippet":"max-snippet:-1","max-image-preview":"max-image-preview:large","max-video-preview":"max-video-preview:-1"},"canonical":"https:\/\/www.meydan.tv\/az\/article\/muayinede-saglamligimi-itirdiyim-tesdiq-olunsa-da-elillik-derecesi-teyin-edilmedi\/","og_locale":"az_AZ","og_type":"article","og_title":"\u201cM\u00fcayin\u0259d\u0259 sa\u011flaml\u0131\u011f\u0131m\u0131 itirdiyim t\u0259sdiq olunsa da, \u0259lillik d\u0259r\u0259c\u0259si t\u0259yin edilm\u0259di\u201d - MEYDAN.TV","og_description":"B\u0259rd\u0259 sakini: \u201cArt\u0131q can\u0131mdan bezmi\u015f\u0259m\u201d \u201cM\u00fcharib\u0259 vaxt\u0131 B\u0259rd\u0259y\u0259 at\u0131lan raket ... Davam\u0131","og_url":"https:\/\/www.meydan.tv\/az\/article\/muayinede-saglamligimi-itirdiyim-tesdiq-olunsa-da-elillik-derecesi-teyin-edilmedi\/","og_site_name":"MEYDAN.TV","article_published_time":"2022-07-21T13:25:31+00:00","article_modified_time":"2022-07-21T13:25:33+00:00","og_image":[{"width":1200,"height":900,"url":"https:\/\/www.meydan.tv\/wp-content\/uploads\/8fd5c7dd-e941-48a7-af82-e572f1a47400.jpg","type":"image\/jpeg"}],"author":"elli","twitter_card":"summary_large_image","twitter_creator":"@elli","schema":{"@context":"https:\/\/schema.org","@graph":[{"@type":"Article","@id":"https:\/\/www.meydan.tv\/az\/article\/muayinede-saglamligimi-itirdiyim-tesdiq-olunsa-da-elillik-derecesi-teyin-edilmedi\/#article","isPartOf":{"@id":"https:\/\/www.meydan.tv\/az\/article\/muayinede-saglamligimi-itirdiyim-tesdiq-olunsa-da-elillik-derecesi-teyin-edilmedi\/"},"author":{"name":"elli","@id":"https:\/\/www.meydan.tv\/az\/#\/schema\/person\/9cdbecf90d17180ce1dfbd95b08dcf47"},"headline":"\u201cM\u00fcayin\u0259d\u0259 sa\u011flaml\u0131\u011f\u0131m\u0131 itirdiyim t\u0259sdiq olunsa da, \u0259lillik d\u0259r\u0259c\u0259si t\u0259yin edilm\u0259di\u201d","datePublished":"2022-07-21T13:25:31+00:00","dateModified":"2022-07-21T13:25:33+00:00","mainEntityOfPage":{"@id":"https:\/\/www.meydan.tv\/az\/article\/muayinede-saglamligimi-itirdiyim-tesdiq-olunsa-da-elillik-derecesi-teyin-edilmedi\/"},"wordCount":544,"publisher":{"@id":"https:\/\/www.meydan.tv\/az\/#organization"},"image":{"@id":"https:\/\/www.meydan.tv\/az\/article\/muayinede-saglamligimi-itirdiyim-tesdiq-olunsa-da-elillik-derecesi-teyin-edilmedi\/#primaryimage"},"thumbnailUrl":"https:\/\/www.meydan.tv\/wp-content\/uploads\/8fd5c7dd-e941-48a7-af82-e572f1a47400.jpg","articleSection":["B\u00f6lg\u0259","T\u00f6vsiy\u0259","X\u0259b\u0259rl\u0259r"],"inLanguage":"az"},{"@type":"WebPage","@id":"https:\/\/www.meydan.tv\/az\/article\/muayinede-saglamligimi-itirdiyim-tesdiq-olunsa-da-elillik-derecesi-teyin-edilmedi\/","url":"https:\/\/www.meydan.tv\/az\/article\/muayinede-saglamligimi-itirdiyim-tesdiq-olunsa-da-elillik-derecesi-teyin-edilmedi\/","name":"\u201cM\u00fcayin\u0259d\u0259 sa\u011flaml\u0131\u011f\u0131m\u0131 itirdiyim t\u0259sdiq olunsa da, \u0259lillik d\u0259r\u0259c\u0259si t\u0259yin edilm\u0259di\u201d - MEYDAN.TV","isPartOf":{"@id":"https:\/\/www.meydan.tv\/az\/#website"},"primaryImageOfPage":{"@id":"https:\/\/www.meydan.tv\/az\/article\/muayinede-saglamligimi-itirdiyim-tesdiq-olunsa-da-elillik-derecesi-teyin-edilmedi\/#primaryimage"},"image":{"@id":"https:\/\/www.meydan.tv\/az\/article\/muayinede-saglamligimi-itirdiyim-tesdiq-olunsa-da-elillik-derecesi-teyin-edilmedi\/#primaryimage"},"thumbnailUrl":"https:\/\/www.meydan.tv\/wp-content\/uploads\/8fd5c7dd-e941-48a7-af82-e572f1a47400.jpg","datePublished":"2022-07-21T13:25:31+00:00","dateModified":"2022-07-21T13:25:33+00:00","breadcrumb":{"@id":"https:\/\/www.meydan.tv\/az\/article\/muayinede-saglamligimi-itirdiyim-tesdiq-olunsa-da-elillik-derecesi-teyin-edilmedi\/#breadcrumb"},"inLanguage":"az","potentialAction":[{"@type":"ReadAction","target":["https:\/\/www.meydan.tv\/az\/article\/muayinede-saglamligimi-itirdiyim-tesdiq-olunsa-da-elillik-derecesi-teyin-edilmedi\/"]}]},{"@type":"ImageObject","inLanguage":"az","@id":"https:\/\/www.meydan.tv\/az\/article\/muayinede-saglamligimi-itirdiyim-tesdiq-olunsa-da-elillik-derecesi-teyin-edilmedi\/#primaryimage","url":"https:\/\/www.meydan.tv\/wp-content\/uploads\/8fd5c7dd-e941-48a7-af82-e572f1a47400.jpg","contentUrl":"https:\/\/www.meydan.tv\/wp-content\/uploads\/8fd5c7dd-e941-48a7-af82-e572f1a47400.jpg","width":1200,"height":900,"caption":"Foto: Telman Orucovun \u015f\u0259xsi arxivind\u0259n"},{"@type":"BreadcrumbList","@id":"https:\/\/www.meydan.tv\/az\/article\/muayinede-saglamligimi-itirdiyim-tesdiq-olunsa-da-elillik-derecesi-teyin-edilmedi\/#breadcrumb","itemListElement":[{"@type":"ListItem","position":1,"name":"Ana s\u0259hif\u0259","item":"https:\/\/www.meydan.tv\/az\/"},{"@type":"ListItem","position":2,"name":"B\u00f6lg\u0259","item":"https:\/\/www.meydan.tv\/az\/section\/bolge\/"},{"@type":"ListItem","position":3,"name":"\u201cM\u00fcayin\u0259d\u0259 sa\u011flaml\u0131\u011f\u0131m\u0131 itirdiyim t\u0259sdiq olunsa da, \u0259lillik d\u0259r\u0259c\u0259si t\u0259yin edilm\u0259di\u201d"}]},{"@type":"WebSite","@id":"https:\/\/www.meydan.tv\/az\/#website","url":"https:\/\/www.meydan.tv\/az\/","name":"MEYDAN.TV","description":"Meydan TV Az\u0259rbaycan\u0131n media m\u0259kan\u0131ndak\u0131 alternativ s\u0259sidir","publisher":{"@id":"https:\/\/www.meydan.tv\/az\/#organization"},"potentialAction":[{"@type":"SearchAction","target":{"@type":"EntryPoint","urlTemplate":"https:\/\/www.meydan.tv\/az\/?s={search_term_string}"},"query-input":{"@type":"PropertyValueSpecification","valueRequired":true,"valueName":"search_term_string"}}],"inLanguage":"az"},{"@type":"Organization","@id":"https:\/\/www.meydan.tv\/az\/#organization","name":"Meydan TV","url":"https:\/\/www.meydan.tv\/az\/","logo":{"@type":"ImageObject","inLanguage":"az","@id":"https:\/\/www.meydan.tv\/az\/#\/schema\/logo\/image\/","url":"https:\/\/www.meydan.tv\/wp-content\/uploads\/2021\/07\/meydan-logo.svg","contentUrl":"https:\/\/www.meydan.tv\/wp-content\/uploads\/2021\/07\/meydan-logo.svg","width":195,"height":46,"caption":"Meydan TV"},"image":{"@id":"https:\/\/www.meydan.tv\/az\/#\/schema\/logo\/image\/"}},{"@type":"Person","@id":"https:\/\/www.meydan.tv\/az\/#\/schema\/person\/9cdbecf90d17180ce1dfbd95b08dcf47","name":"elli","sameAs":["https:\/\/x.com\/elli"]}]}},"_links":{"self":[{"href":"https:\/\/www.meydan.tv\/az\/wp-json\/wp\/v2\/posts\/251488","targetHints":{"allow":["GET"]}}],"collection":[{"href":"https:\/\/www.meydan.tv\/az\/wp-json\/wp\/v2\/posts"}],"about":[{"href":"https:\/\/www.meydan.tv\/az\/wp-json\/wp\/v2\/types\/post"}],"author":[{"embeddable":true,"href":"https:\/\/www.meydan.tv\/az\/wp-json\/wp\/v2\/users\/8"}],"replies":[{"embeddable":true,"href":"https:\/\/www.meydan.tv\/az\/wp-json\/wp\/v2\/comments?post=251488"}],"version-history":[{"count":1,"href":"https:\/\/www.meydan.tv\/az\/wp-json\/wp\/v2\/posts\/251488\/revisions"}],"predecessor-version":[{"id":251501,"href":"https:\/\/www.meydan.tv\/az\/wp-json\/wp\/v2\/posts\/251488\/revisions\/251501"}],"wp:featuredmedia":[{"embeddable":true,"href":"https:\/\/www.meydan.tv\/az\/wp-json\/wp\/v2\/media\/251498"}],"wp:attachment":[{"href":"https:\/\/www.meydan.tv\/az\/wp-json\/wp\/v2\/media?parent=251488"}],"wp:term":[{"taxonomy":"category","embeddable":true,"href":"https:\/\/www.meydan.tv\/az\/wp-json\/wp\/v2\/categories?post=251488"},{"taxonomy":"post_tag","embeddable":true,"href":"https:\/\/www.meydan.tv\/az\/wp-json\/wp\/v2\/tags?post=251488"}],"curies":[{"name":"wp","href":"https:\/\/api.w.org\/{rel}","templated":true}]}}