{"id":251434,"date":"2022-07-21T14:50:22","date_gmt":"2022-07-21T10:50:22","guid":{"rendered":"https:\/\/www.meydan.tv\/?p=251434"},"modified":"2022-07-21T14:50:24","modified_gmt":"2022-07-21T10:50:24","slug":"col-besdeli-sakinleri-suyun-istiqametini-oz-ekin-sahelerine-deyisirler-kendler-susuz-qalir","status":"publish","type":"post","link":"https:\/\/www.meydan.tv\/az\/article\/col-besdeli-sakinleri-suyun-istiqametini-oz-ekin-sahelerine-deyisirler-kendler-susuz-qalir\/","title":{"rendered":"\u00c7\u00f6l Be\u015fd\u0259li sakinl\u0259ri: \u201cSuyun istiqam\u0259tini \u00f6z \u0259kin sah\u0259l\u0259rin\u0259 d\u0259yi\u015firl\u0259r, k\u0259ndl\u0259r susuz qal\u0131r\u201d"},"content":{"rendered":"\n<p><\/p>\n\n\n\n<p><em>\u015eikay\u0259t\u00e7il\u0259r deyir ki, susuzluqdan b\u00fct\u00fcn \u0259kin sah\u0259l\u0259ri \u201ck\u00fcl\u0259 d\u00f6n\u00fcb\u201d<\/em><\/p>\n\n\n\n<p>\u201cH\u0259r s\u0259h\u0259r yuxudan oyanan kimi su kanal\u0131na t\u0259r\u0259f qa\u00e7\u0131r\u0131q. Deyirik, bird\u0259n kanala su g\u0259l\u0259r, x\u0259b\u0259rimiz olmaz\u201d.<\/p>\n\n\n\n<p>S\u0259h\u0259rl\u0259rini m\u00f6c\u00fcz\u0259 arzusuyla a\u00e7anlar Sabirabad\u0131n \u00c7\u00f6l Be\u015fd\u0259li k\u0259ndinin sakinl\u0259ridir. S\u0259h\u0259rl\u0259r g\u00f6zl\u0259rini ova-ova k\u0259ndin ortas\u0131ndan ke\u00e7\u0259n su kanal\u0131n\u0131 yoxlama\u011fa gedirl\u0259r. Ancaq h\u0259r d\u0259f\u0259 d\u0259 bo\u015f vedr\u0259l\u0259ri yell\u0259d\u0259-yell\u0259d\u0259 geri d\u00f6n\u00fcrl\u0259r. Uzun ill\u0259rdir ki, \u00c7\u00f6l Be\u015fd\u0259li v\u0259 qon\u015fuluqdak\u0131 k\u0259ndl\u0259rd\u0259 ya\u015fayanlar yay f\u0259sli g\u0259l\u0259nd\u0259n ta pay\u0131zad\u0259k susuzluqdan \u0259ziyy\u0259t \u00e7\u0259kirl\u0259r.<\/p>\n\n\n\n<p>\u201cK\u0259ndd\u0259 filtirl\u0259nmi\u015f su \u00f6t\u00fcr\u00fcl\u0259n krantlar\u0131m\u0131z var, ancaq he\u00e7 vaxt su g\u0259lmir. Ona g\u00f6r\u0259 d\u0259 kanal\u0131n suyunu duruldub, i\u015fl\u0259d\u0259rdik. Ne\u00e7\u0259 ildir ki, yay g\u0259l\u0259nd\u0259 kanalda da su olmur. G\u0259lib baxsan\u0131z, g\u00f6r\u0259c\u0259ksiniz ki, kanal\u0131n i\u00e7\u0259risind\u0259 ya u\u015faqlar oynay\u0131r, ya da in\u0259kl\u0259r yat\u0131r\u201d, &#8211; k\u0259nd sakini Samir\u0259 \u018fliyeva Meydan TV-y\u0259 dan\u0131\u015f\u0131r.<\/p>\n\n\n\n<p><strong>M\u0259rh\u0259m\u0259tli qon\u015fular<\/strong><\/p>\n\n\n\n<p>Samir\u0259 xan\u0131m deyir, \u00e7ox vaxt bu k\u0259ndd\u0259 bir qon\u015fu \u00f6z su problemini dig\u0259r qon\u015funun hesab\u0131na h\u0259ll edir:<\/p>\n\n\n\n<p>\u201cBayaq siz z\u0259ng ed\u0259nd\u0259, m\u0259n 5-6 k\u00fc\u00e7\u0259 o t\u0259r\u0259fd\u0259 ya\u015fayan qon\u015funun hovuzundan su da\u015f\u0131y\u0131rd\u0131m. Kimin bir az imkan\u0131 varsa, hovuz tikir, suyu da pulla al\u0131r, hovuzunda h\u0259mi\u015f\u0259 suyu olur. M\u0259nim kimi imkans\u0131zlar da gedib ordan su g\u00f6t\u00fcr\u00fcr, sa\u011f olsun bel\u0259 qon\u015fu\u201d.<\/p>\n\n\n\n<p>Samir\u0259 \u018fliyevan\u0131n iddias\u0131na g\u00f6r\u0259, \u0259g\u0259r k\u0259ndd\u0259n ke\u00e7\u0259n su kanal\u0131na m\u00fcdaxil\u0259 olmasa, ham\u0131 su g\u00f6r\u0259r:<\/p>\n\n\n\n<p>\u201cK\u0259ndimizd\u0259n 2 kilometr qaba\u011fa gets\u0259niz, g\u00f6r\u0259c\u0259ksiniz ki, kanalda su var. Sad\u0259c\u0259, kanal\u0131n k\u0259ndimiz\u0259 t\u0259r\u0259f olan qolunun qar\u015f\u0131s\u0131n\u0131 k\u0259sibl\u0259r, suyun istiqam\u0259tini m\u0259murlar\u0131n \u0259kin sah\u0259l\u0259rin\u0259 d\u0259yi\u015fibl\u0259r. Bunu rayonda suya n\u0259zar\u0259t ed\u0259n h\u0259r bir m\u0259mur yax\u015f\u0131 g\u00f6r\u00fcr, x\u0259b\u0259ri d\u0259 var. \u00c7\u00fcnki bunu ed\u0259n d\u0259 el\u0259 \u00f6zl\u0259ridir\u201d.<\/p>\n\n\n\n<p><strong>Susuzluq pamb\u0131q\u00e7\u0131n\u0131 yar\u0131 yolda qoyub<\/strong><\/p>\n\n\n\n<p>K\u0259ndin \u0259razisind\u0259ki sah\u0259l\u0259rd\u0259 pamb\u0131q \u0259kinin\u0259 \u00fcst\u00fcnl\u00fck ver\u0259n h\u00f6kum\u0259t suvarma m\u0259s\u0259l\u0259sini h\u0259ll ets\u0259 d\u0259, su vaxt\u0131nda verilm\u0259diyi \u00fc\u00e7\u00fcn sah\u0259l\u0259r \u201ck\u00fcl\u0259 d\u00f6n\u00fcr\u201d. M\u0259s\u0259l\u0259n, k\u0259nd sakini Avtandil \u018fliyev bir ne\u00e7\u0259 ildir ki, pamb\u0131q\u00e7\u0131l\u0131qla m\u0259\u015f\u011ful olur. Ancaq h\u0259l il bu i\u015fd\u0259n z\u0259r\u0259rl\u0259 \u00e7\u0131x\u0131r. S\u0259b\u0259b eynidir \u2013 su q\u0131tl\u0131\u011f\u0131. \u0130ddia edir ki, bu q\u0131tl\u0131\u011f\u0131 yaradan rayonda suya n\u0259zar\u0259t ed\u0259nl\u0259rdir:<\/p>\n\n\n\n<p>\u201cBir azdan m\u0259hsul y\u0131\u011f\u0131m\u0131 ba\u015flayacaq, zavoda pamb\u0131q t\u0259hvil verm\u0259liy\u0259m, ancaq yen\u0259 m\u0259hsul g\u00f6t\u00fcr\u0259 bilm\u0259y\u0259c\u0259m. Kim \u00e7ox pul verirs\u0259, su da onun \u0259kin sah\u0259sin\u0259 y\u00f6n\u0259ldilir\u201d.<\/p>\n\n\n\n<figure class=\"wp-block-image size-large\"><img decoding=\"async\" width=\"1095\" height=\"821\" data-src=\"https:\/\/www.meydan.tv\/wp-content\/uploads\/pambiq_sahesi-1095x821.jpg\" alt=\"\" class=\"wp-image-251435 lazyload\" src=\"data:image\/svg+xml;base64,PHN2ZyB3aWR0aD0iMSIgaGVpZ2h0PSIxIiB4bWxucz0iaHR0cDovL3d3dy53My5vcmcvMjAwMC9zdmciPjwvc3ZnPg==\" style=\"--smush-placeholder-width: 1095px; --smush-placeholder-aspect-ratio: 1095\/821;\" \/><figcaption>Foto: Meydan TV<\/figcaption><\/figure>\n\n\n\n<p>Avtandil \u018fliyev deyir, k\u0259ndd\u0259 i\u015fsizlikdir. \u0130nsanlar g\u00f6zl\u0259rini \u0259kin\u0259 dikib. Sah\u0259l\u0259rin susuzluqdan yanmas\u0131sa ail\u0259l\u0259rin ac qalmas\u0131na b\u0259rab\u0259rdir.<\/p>\n\n\n\n<p>\u201cMeliorasiya v\u0259 Su T\u0259s\u0259rr\u00fcfat\u0131\u201d ASC-nin Sabirabad Suvarma Sisteml\u0259ri \u0130dar\u0259si is\u0259 iddialar\u0131 q\u0259bul etmir. \u0130dar\u0259d\u0259n Meydan TV-y\u0259 bildirilib ki, sah\u0259l\u0259rin suvar\u0131lmas\u0131 \u00fc\u00e7\u00fcn kifay\u0259t q\u0259d\u0259r su ehtiyat\u0131 var: \u201cHam\u0131 ist\u0259yir ki, birinci onun sah\u0259si suvar\u0131ls\u0131n. Ancaq bu i\u015f n\u00f6vb\u0259lilik qaydas\u0131nda olur\u201d.<\/p>\n\n\n\n<p>Rayonun Su-Kanal \u0130dar\u0259sind\u0259ns\u0259 i\u00e7m\u0259li su problemin\u0259 ayd\u0131nl\u0131q g\u0259tirilib:<\/p>\n\n\n\n<p>\u201cG\u0259lin, birlikd\u0259 ged\u0259k kanala baxaq, g\u00f6r\u0259k harda qaz\u0131l\u0131b, istiqam\u0259ti d\u0259yi\u015fdirilibmi? Kanalda su havan\u0131n quraql\u0131q ke\u00e7m\u0259si s\u0259b\u0259bind\u0259n quruyub. Bir ne\u00e7\u0259 k\u0259ndin su t\u0259minat\u0131yla ba\u011fl\u0131 alternativ yollar ara\u015fd\u0131r\u0131l\u0131r\u201d.<\/p>\n\n\n\n<p>2016-c\u0131 ild\u0259n ba\u015flayaraq pamb\u0131q\u00e7\u0131l\u0131\u011f\u0131n inki\u015faf etdirilm\u0259si h\u00f6kum\u0259tin \u0259sas diqq\u0259t ay\u0131rd\u0131\u011f\u0131 sah\u0259l\u0259rd\u0259n birin\u0259 \u00e7evrilmi\u015fdi. H\u00f6kum\u0259t bu sah\u0259ni inki\u015faf etdirm\u0259kl\u0259 h\u0259m yeni i\u015f yerl\u0259rinin a\u00e7\u0131lmas\u0131n\u0131, h\u0259m d\u0259 \u00f6lk\u0259y\u0259 valyuta ax\u0131n\u0131n\u0131 art\u0131rma\u011f\u0131 d\u00fc\u015f\u00fcnd\u00fcy\u00fcn\u00fc b\u0259yan etmi\u015fdi. H\u0259min il prezidentin verdiyi s\u0259r\u0259ncamla emal m\u00fc\u0259ssis\u0259l\u0259rin\u0259 sat\u0131lm\u0131\u015f h\u0259r kiloqram xam pamb\u0131\u011fa g\u00f6r\u0259, istehsal\u00e7\u0131lara 0,1 manat subsidiya verilm\u0259si d\u0259 q\u0259rara al\u0131nm\u0131\u015fd\u0131. Prezident bildirmi\u015fdi ki, 2017-ci ild\u0259 pamb\u0131q\u00e7\u0131l\u0131qda 200 mind\u0259n \u00e7ox insan i\u015fl\u0259 t\u0259min olunacaq. Ancaq b\u0259zi ekspertl\u0259r h\u00f6kum\u0259tin pamb\u0131q\u00e7\u0131l\u0131\u011f\u0131n inki\u015faf\u0131na x\u00fcsusi diqq\u0259t ay\u0131rmas\u0131n\u0131 perspektivsiz hesab edirdil\u0259r. Onlar deyirdil\u0259r ki, pamb\u0131q\u00e7\u0131l\u0131\u011f\u0131n neftl\u0259 m\u00fcqayis\u0259d\u0259 \u0259ziyy\u0259ti \u00e7ox, g\u0259liri is\u0259 azd\u0131r. H\u00f6kum\u0259tin pamb\u0131q layih\u0259sind\u0259n 5 il ke\u00e7ib v\u0259 \u00f6t\u0259n m\u00fcdd\u0259t \u0259rzind\u0259 bu layih\u0259 \u00f6z\u00fcn\u00fc do\u011frultmay\u0131b. Fermerl\u0259r bildirirl\u0259r ki, buna \u0259sas s\u0259b\u0259b susuzluq olub. Daha d\u0259qiqi, ya quraql\u0131q \u00fcz\u00fcnd\u0259n su tap\u0131lmay\u0131b, ya da su yaln\u0131z m\u0259murlar\u0131n pamb\u0131q sah\u0259l\u0259rin\u0259 verilib. N\u0259tic\u0259d\u0259, \u00f6t\u0259n 5 il \u0259rzind\u0259 k\u0259ndlil\u0259r\u0259 m\u0259xsus y\u00fczl\u0259rl\u0259 hektar pamb\u0131q sah\u0259l\u0259ri yan\u0131b.<\/p>\n","protected":false},"excerpt":{"rendered":"<p>\u015eikay\u0259t\u00e7il\u0259r deyir ki, susuzluqdan b\u00fct\u00fcn \u0259kin sah\u0259l\u0259ri \u201ck\u00fcl\u0259 d\u00f6n\u00fcb\u201d \u201cH\u0259r &#8230; <\/p>\n<p class=\"read-more-container\"><a title=\"\u00c7\u00f6l Be\u015fd\u0259li sakinl\u0259ri: \u201cSuyun istiqam\u0259tini \u00f6z \u0259kin sah\u0259l\u0259rin\u0259 d\u0259yi\u015firl\u0259r, k\u0259ndl\u0259r susuz qal\u0131r\u201d\" class=\"read-more button\" href=\"https:\/\/www.meydan.tv\/az\/article\/col-besdeli-sakinleri-suyun-istiqametini-oz-ekin-sahelerine-deyisirler-kendler-susuz-qalir\/#more-251434\" aria-label=\"Read more about \u00c7\u00f6l Be\u015fd\u0259li sakinl\u0259ri: \u201cSuyun istiqam\u0259tini \u00f6z \u0259kin sah\u0259l\u0259rin\u0259 d\u0259yi\u015firl\u0259r, k\u0259ndl\u0259r susuz qal\u0131r\u201d\">Davam\u0131<\/a><\/p>\n","protected":false},"author":8,"featured_media":251441,"comment_status":"closed","ping_status":"closed","sticky":false,"template":"","format":"standard","meta":{"_acf_changed":false,"_sitemap_exclude":false,"_sitemap_priority":"","_sitemap_frequency":"","footnotes":""},"categories":[60,79,56],"tags":[],"class_list":["post-251434","post","type-post","status-publish","format-standard","has-post-thumbnail","hentry","category-bolge","category-featured","category-xeberler","infinite-scroll-item","generate-columns","tablet-grid-50","mobile-grid-100","grid-parent","grid-33","no-featured-image-padding"],"acf":[],"yoast_head":"<!-- This site is optimized with the Yoast SEO plugin v27.5 - https:\/\/yoast.com\/product\/yoast-seo-wordpress\/ -->\n<title>\u00c7\u00f6l Be\u015fd\u0259li sakinl\u0259ri: \u201cSuyun istiqam\u0259tini \u00f6z \u0259kin sah\u0259l\u0259rin\u0259 d\u0259yi\u015firl\u0259r, k\u0259ndl\u0259r susuz qal\u0131r\u201d - MEYDAN.TV<\/title>\n<meta name=\"robots\" content=\"index, follow, max-snippet:-1, max-image-preview:large, max-video-preview:-1\" \/>\n<link rel=\"canonical\" href=\"https:\/\/www.meydan.tv\/az\/article\/col-besdeli-sakinleri-suyun-istiqametini-oz-ekin-sahelerine-deyisirler-kendler-susuz-qalir\/\" \/>\n<meta property=\"og:locale\" content=\"az_AZ\" \/>\n<meta property=\"og:type\" content=\"article\" \/>\n<meta property=\"og:title\" content=\"\u00c7\u00f6l Be\u015fd\u0259li sakinl\u0259ri: \u201cSuyun istiqam\u0259tini \u00f6z \u0259kin sah\u0259l\u0259rin\u0259 d\u0259yi\u015firl\u0259r, k\u0259ndl\u0259r susuz qal\u0131r\u201d - MEYDAN.TV\" \/>\n<meta property=\"og:description\" content=\"\u015eikay\u0259t\u00e7il\u0259r deyir ki, susuzluqdan b\u00fct\u00fcn \u0259kin sah\u0259l\u0259ri \u201ck\u00fcl\u0259 d\u00f6n\u00fcb\u201d \u201cH\u0259r ... Davam\u0131\" \/>\n<meta property=\"og:url\" content=\"https:\/\/www.meydan.tv\/az\/article\/col-besdeli-sakinleri-suyun-istiqametini-oz-ekin-sahelerine-deyisirler-kendler-susuz-qalir\/\" \/>\n<meta property=\"og:site_name\" content=\"MEYDAN.TV\" \/>\n<meta property=\"article:published_time\" content=\"2022-07-21T10:50:22+00:00\" \/>\n<meta property=\"article:modified_time\" content=\"2022-07-21T10:50:24+00:00\" \/>\n<meta property=\"og:image\" content=\"https:\/\/www.meydan.tv\/wp-content\/uploads\/untitled-design-1-37.jpg\" \/>\n\t<meta property=\"og:image:width\" content=\"1200\" \/>\n\t<meta property=\"og:image:height\" content=\"800\" \/>\n\t<meta property=\"og:image:type\" content=\"image\/jpeg\" \/>\n<meta name=\"author\" content=\"elli\" \/>\n<meta name=\"twitter:card\" content=\"summary_large_image\" \/>\n<meta name=\"twitter:creator\" content=\"@elli\" \/>\n<script type=\"application\/ld+json\" class=\"yoast-schema-graph\">{\"@context\":\"https:\\\/\\\/schema.org\",\"@graph\":[{\"@type\":\"Article\",\"@id\":\"https:\\\/\\\/www.meydan.tv\\\/az\\\/article\\\/col-besdeli-sakinleri-suyun-istiqametini-oz-ekin-sahelerine-deyisirler-kendler-susuz-qalir\\\/#article\",\"isPartOf\":{\"@id\":\"https:\\\/\\\/www.meydan.tv\\\/az\\\/article\\\/col-besdeli-sakinleri-suyun-istiqametini-oz-ekin-sahelerine-deyisirler-kendler-susuz-qalir\\\/\"},\"author\":{\"name\":\"elli\",\"@id\":\"https:\\\/\\\/www.meydan.tv\\\/az\\\/#\\\/schema\\\/person\\\/9cdbecf90d17180ce1dfbd95b08dcf47\"},\"headline\":\"\u00c7\u00f6l Be\u015fd\u0259li sakinl\u0259ri: \u201cSuyun istiqam\u0259tini \u00f6z \u0259kin sah\u0259l\u0259rin\u0259 d\u0259yi\u015firl\u0259r, k\u0259ndl\u0259r susuz qal\u0131r\u201d\",\"datePublished\":\"2022-07-21T10:50:22+00:00\",\"dateModified\":\"2022-07-21T10:50:24+00:00\",\"mainEntityOfPage\":{\"@id\":\"https:\\\/\\\/www.meydan.tv\\\/az\\\/article\\\/col-besdeli-sakinleri-suyun-istiqametini-oz-ekin-sahelerine-deyisirler-kendler-susuz-qalir\\\/\"},\"wordCount\":984,\"publisher\":{\"@id\":\"https:\\\/\\\/www.meydan.tv\\\/az\\\/#organization\"},\"image\":{\"@id\":\"https:\\\/\\\/www.meydan.tv\\\/az\\\/article\\\/col-besdeli-sakinleri-suyun-istiqametini-oz-ekin-sahelerine-deyisirler-kendler-susuz-qalir\\\/#primaryimage\"},\"thumbnailUrl\":\"https:\\\/\\\/www.meydan.tv\\\/wp-content\\\/uploads\\\/untitled-design-1-37.jpg\",\"articleSection\":[\"B\u00f6lg\u0259\",\"T\u00f6vsiy\u0259\",\"X\u0259b\u0259rl\u0259r\"],\"inLanguage\":\"az\"},{\"@type\":\"WebPage\",\"@id\":\"https:\\\/\\\/www.meydan.tv\\\/az\\\/article\\\/col-besdeli-sakinleri-suyun-istiqametini-oz-ekin-sahelerine-deyisirler-kendler-susuz-qalir\\\/\",\"url\":\"https:\\\/\\\/www.meydan.tv\\\/az\\\/article\\\/col-besdeli-sakinleri-suyun-istiqametini-oz-ekin-sahelerine-deyisirler-kendler-susuz-qalir\\\/\",\"name\":\"\u00c7\u00f6l Be\u015fd\u0259li sakinl\u0259ri: \u201cSuyun istiqam\u0259tini \u00f6z \u0259kin sah\u0259l\u0259rin\u0259 d\u0259yi\u015firl\u0259r, k\u0259ndl\u0259r susuz qal\u0131r\u201d - MEYDAN.TV\",\"isPartOf\":{\"@id\":\"https:\\\/\\\/www.meydan.tv\\\/az\\\/#website\"},\"primaryImageOfPage\":{\"@id\":\"https:\\\/\\\/www.meydan.tv\\\/az\\\/article\\\/col-besdeli-sakinleri-suyun-istiqametini-oz-ekin-sahelerine-deyisirler-kendler-susuz-qalir\\\/#primaryimage\"},\"image\":{\"@id\":\"https:\\\/\\\/www.meydan.tv\\\/az\\\/article\\\/col-besdeli-sakinleri-suyun-istiqametini-oz-ekin-sahelerine-deyisirler-kendler-susuz-qalir\\\/#primaryimage\"},\"thumbnailUrl\":\"https:\\\/\\\/www.meydan.tv\\\/wp-content\\\/uploads\\\/untitled-design-1-37.jpg\",\"datePublished\":\"2022-07-21T10:50:22+00:00\",\"dateModified\":\"2022-07-21T10:50:24+00:00\",\"breadcrumb\":{\"@id\":\"https:\\\/\\\/www.meydan.tv\\\/az\\\/article\\\/col-besdeli-sakinleri-suyun-istiqametini-oz-ekin-sahelerine-deyisirler-kendler-susuz-qalir\\\/#breadcrumb\"},\"inLanguage\":\"az\",\"potentialAction\":[{\"@type\":\"ReadAction\",\"target\":[\"https:\\\/\\\/www.meydan.tv\\\/az\\\/article\\\/col-besdeli-sakinleri-suyun-istiqametini-oz-ekin-sahelerine-deyisirler-kendler-susuz-qalir\\\/\"]}]},{\"@type\":\"ImageObject\",\"inLanguage\":\"az\",\"@id\":\"https:\\\/\\\/www.meydan.tv\\\/az\\\/article\\\/col-besdeli-sakinleri-suyun-istiqametini-oz-ekin-sahelerine-deyisirler-kendler-susuz-qalir\\\/#primaryimage\",\"url\":\"https:\\\/\\\/www.meydan.tv\\\/wp-content\\\/uploads\\\/untitled-design-1-37.jpg\",\"contentUrl\":\"https:\\\/\\\/www.meydan.tv\\\/wp-content\\\/uploads\\\/untitled-design-1-37.jpg\",\"width\":1200,\"height\":800,\"caption\":\"Foto: Meydan TV\"},{\"@type\":\"BreadcrumbList\",\"@id\":\"https:\\\/\\\/www.meydan.tv\\\/az\\\/article\\\/col-besdeli-sakinleri-suyun-istiqametini-oz-ekin-sahelerine-deyisirler-kendler-susuz-qalir\\\/#breadcrumb\",\"itemListElement\":[{\"@type\":\"ListItem\",\"position\":1,\"name\":\"Ana s\u0259hif\u0259\",\"item\":\"https:\\\/\\\/www.meydan.tv\\\/az\\\/\"},{\"@type\":\"ListItem\",\"position\":2,\"name\":\"B\u00f6lg\u0259\",\"item\":\"https:\\\/\\\/www.meydan.tv\\\/az\\\/section\\\/bolge\\\/\"},{\"@type\":\"ListItem\",\"position\":3,\"name\":\"\u00c7\u00f6l Be\u015fd\u0259li sakinl\u0259ri: \u201cSuyun istiqam\u0259tini \u00f6z \u0259kin sah\u0259l\u0259rin\u0259 d\u0259yi\u015firl\u0259r, k\u0259ndl\u0259r susuz qal\u0131r\u201d\"}]},{\"@type\":\"WebSite\",\"@id\":\"https:\\\/\\\/www.meydan.tv\\\/az\\\/#website\",\"url\":\"https:\\\/\\\/www.meydan.tv\\\/az\\\/\",\"name\":\"MEYDAN.TV\",\"description\":\"Meydan TV Az\u0259rbaycan\u0131n media m\u0259kan\u0131ndak\u0131 alternativ s\u0259sidir\",\"publisher\":{\"@id\":\"https:\\\/\\\/www.meydan.tv\\\/az\\\/#organization\"},\"potentialAction\":[{\"@type\":\"SearchAction\",\"target\":{\"@type\":\"EntryPoint\",\"urlTemplate\":\"https:\\\/\\\/www.meydan.tv\\\/az\\\/?s={search_term_string}\"},\"query-input\":{\"@type\":\"PropertyValueSpecification\",\"valueRequired\":true,\"valueName\":\"search_term_string\"}}],\"inLanguage\":\"az\"},{\"@type\":\"Organization\",\"@id\":\"https:\\\/\\\/www.meydan.tv\\\/az\\\/#organization\",\"name\":\"Meydan TV\",\"url\":\"https:\\\/\\\/www.meydan.tv\\\/az\\\/\",\"logo\":{\"@type\":\"ImageObject\",\"inLanguage\":\"az\",\"@id\":\"https:\\\/\\\/www.meydan.tv\\\/az\\\/#\\\/schema\\\/logo\\\/image\\\/\",\"url\":\"https:\\\/\\\/www.meydan.tv\\\/wp-content\\\/uploads\\\/2021\\\/07\\\/meydan-logo.svg\",\"contentUrl\":\"https:\\\/\\\/www.meydan.tv\\\/wp-content\\\/uploads\\\/2021\\\/07\\\/meydan-logo.svg\",\"width\":195,\"height\":46,\"caption\":\"Meydan TV\"},\"image\":{\"@id\":\"https:\\\/\\\/www.meydan.tv\\\/az\\\/#\\\/schema\\\/logo\\\/image\\\/\"}},{\"@type\":\"Person\",\"@id\":\"https:\\\/\\\/www.meydan.tv\\\/az\\\/#\\\/schema\\\/person\\\/9cdbecf90d17180ce1dfbd95b08dcf47\",\"name\":\"elli\",\"sameAs\":[\"https:\\\/\\\/x.com\\\/elli\"]}]}<\/script>\n<!-- \/ Yoast SEO plugin. -->","yoast_head_json":{"title":"\u00c7\u00f6l Be\u015fd\u0259li sakinl\u0259ri: \u201cSuyun istiqam\u0259tini \u00f6z \u0259kin sah\u0259l\u0259rin\u0259 d\u0259yi\u015firl\u0259r, k\u0259ndl\u0259r susuz qal\u0131r\u201d - MEYDAN.TV","robots":{"index":"index","follow":"follow","max-snippet":"max-snippet:-1","max-image-preview":"max-image-preview:large","max-video-preview":"max-video-preview:-1"},"canonical":"https:\/\/www.meydan.tv\/az\/article\/col-besdeli-sakinleri-suyun-istiqametini-oz-ekin-sahelerine-deyisirler-kendler-susuz-qalir\/","og_locale":"az_AZ","og_type":"article","og_title":"\u00c7\u00f6l Be\u015fd\u0259li sakinl\u0259ri: \u201cSuyun istiqam\u0259tini \u00f6z \u0259kin sah\u0259l\u0259rin\u0259 d\u0259yi\u015firl\u0259r, k\u0259ndl\u0259r susuz qal\u0131r\u201d - MEYDAN.TV","og_description":"\u015eikay\u0259t\u00e7il\u0259r deyir ki, susuzluqdan b\u00fct\u00fcn \u0259kin sah\u0259l\u0259ri \u201ck\u00fcl\u0259 d\u00f6n\u00fcb\u201d \u201cH\u0259r ... Davam\u0131","og_url":"https:\/\/www.meydan.tv\/az\/article\/col-besdeli-sakinleri-suyun-istiqametini-oz-ekin-sahelerine-deyisirler-kendler-susuz-qalir\/","og_site_name":"MEYDAN.TV","article_published_time":"2022-07-21T10:50:22+00:00","article_modified_time":"2022-07-21T10:50:24+00:00","og_image":[{"width":1200,"height":800,"url":"https:\/\/www.meydan.tv\/wp-content\/uploads\/untitled-design-1-37.jpg","type":"image\/jpeg"}],"author":"elli","twitter_card":"summary_large_image","twitter_creator":"@elli","schema":{"@context":"https:\/\/schema.org","@graph":[{"@type":"Article","@id":"https:\/\/www.meydan.tv\/az\/article\/col-besdeli-sakinleri-suyun-istiqametini-oz-ekin-sahelerine-deyisirler-kendler-susuz-qalir\/#article","isPartOf":{"@id":"https:\/\/www.meydan.tv\/az\/article\/col-besdeli-sakinleri-suyun-istiqametini-oz-ekin-sahelerine-deyisirler-kendler-susuz-qalir\/"},"author":{"name":"elli","@id":"https:\/\/www.meydan.tv\/az\/#\/schema\/person\/9cdbecf90d17180ce1dfbd95b08dcf47"},"headline":"\u00c7\u00f6l Be\u015fd\u0259li sakinl\u0259ri: \u201cSuyun istiqam\u0259tini \u00f6z \u0259kin sah\u0259l\u0259rin\u0259 d\u0259yi\u015firl\u0259r, k\u0259ndl\u0259r susuz qal\u0131r\u201d","datePublished":"2022-07-21T10:50:22+00:00","dateModified":"2022-07-21T10:50:24+00:00","mainEntityOfPage":{"@id":"https:\/\/www.meydan.tv\/az\/article\/col-besdeli-sakinleri-suyun-istiqametini-oz-ekin-sahelerine-deyisirler-kendler-susuz-qalir\/"},"wordCount":984,"publisher":{"@id":"https:\/\/www.meydan.tv\/az\/#organization"},"image":{"@id":"https:\/\/www.meydan.tv\/az\/article\/col-besdeli-sakinleri-suyun-istiqametini-oz-ekin-sahelerine-deyisirler-kendler-susuz-qalir\/#primaryimage"},"thumbnailUrl":"https:\/\/www.meydan.tv\/wp-content\/uploads\/untitled-design-1-37.jpg","articleSection":["B\u00f6lg\u0259","T\u00f6vsiy\u0259","X\u0259b\u0259rl\u0259r"],"inLanguage":"az"},{"@type":"WebPage","@id":"https:\/\/www.meydan.tv\/az\/article\/col-besdeli-sakinleri-suyun-istiqametini-oz-ekin-sahelerine-deyisirler-kendler-susuz-qalir\/","url":"https:\/\/www.meydan.tv\/az\/article\/col-besdeli-sakinleri-suyun-istiqametini-oz-ekin-sahelerine-deyisirler-kendler-susuz-qalir\/","name":"\u00c7\u00f6l Be\u015fd\u0259li sakinl\u0259ri: \u201cSuyun istiqam\u0259tini \u00f6z \u0259kin sah\u0259l\u0259rin\u0259 d\u0259yi\u015firl\u0259r, k\u0259ndl\u0259r susuz qal\u0131r\u201d - MEYDAN.TV","isPartOf":{"@id":"https:\/\/www.meydan.tv\/az\/#website"},"primaryImageOfPage":{"@id":"https:\/\/www.meydan.tv\/az\/article\/col-besdeli-sakinleri-suyun-istiqametini-oz-ekin-sahelerine-deyisirler-kendler-susuz-qalir\/#primaryimage"},"image":{"@id":"https:\/\/www.meydan.tv\/az\/article\/col-besdeli-sakinleri-suyun-istiqametini-oz-ekin-sahelerine-deyisirler-kendler-susuz-qalir\/#primaryimage"},"thumbnailUrl":"https:\/\/www.meydan.tv\/wp-content\/uploads\/untitled-design-1-37.jpg","datePublished":"2022-07-21T10:50:22+00:00","dateModified":"2022-07-21T10:50:24+00:00","breadcrumb":{"@id":"https:\/\/www.meydan.tv\/az\/article\/col-besdeli-sakinleri-suyun-istiqametini-oz-ekin-sahelerine-deyisirler-kendler-susuz-qalir\/#breadcrumb"},"inLanguage":"az","potentialAction":[{"@type":"ReadAction","target":["https:\/\/www.meydan.tv\/az\/article\/col-besdeli-sakinleri-suyun-istiqametini-oz-ekin-sahelerine-deyisirler-kendler-susuz-qalir\/"]}]},{"@type":"ImageObject","inLanguage":"az","@id":"https:\/\/www.meydan.tv\/az\/article\/col-besdeli-sakinleri-suyun-istiqametini-oz-ekin-sahelerine-deyisirler-kendler-susuz-qalir\/#primaryimage","url":"https:\/\/www.meydan.tv\/wp-content\/uploads\/untitled-design-1-37.jpg","contentUrl":"https:\/\/www.meydan.tv\/wp-content\/uploads\/untitled-design-1-37.jpg","width":1200,"height":800,"caption":"Foto: Meydan TV"},{"@type":"BreadcrumbList","@id":"https:\/\/www.meydan.tv\/az\/article\/col-besdeli-sakinleri-suyun-istiqametini-oz-ekin-sahelerine-deyisirler-kendler-susuz-qalir\/#breadcrumb","itemListElement":[{"@type":"ListItem","position":1,"name":"Ana s\u0259hif\u0259","item":"https:\/\/www.meydan.tv\/az\/"},{"@type":"ListItem","position":2,"name":"B\u00f6lg\u0259","item":"https:\/\/www.meydan.tv\/az\/section\/bolge\/"},{"@type":"ListItem","position":3,"name":"\u00c7\u00f6l Be\u015fd\u0259li sakinl\u0259ri: \u201cSuyun istiqam\u0259tini \u00f6z \u0259kin sah\u0259l\u0259rin\u0259 d\u0259yi\u015firl\u0259r, k\u0259ndl\u0259r susuz qal\u0131r\u201d"}]},{"@type":"WebSite","@id":"https:\/\/www.meydan.tv\/az\/#website","url":"https:\/\/www.meydan.tv\/az\/","name":"MEYDAN.TV","description":"Meydan TV Az\u0259rbaycan\u0131n media m\u0259kan\u0131ndak\u0131 alternativ s\u0259sidir","publisher":{"@id":"https:\/\/www.meydan.tv\/az\/#organization"},"potentialAction":[{"@type":"SearchAction","target":{"@type":"EntryPoint","urlTemplate":"https:\/\/www.meydan.tv\/az\/?s={search_term_string}"},"query-input":{"@type":"PropertyValueSpecification","valueRequired":true,"valueName":"search_term_string"}}],"inLanguage":"az"},{"@type":"Organization","@id":"https:\/\/www.meydan.tv\/az\/#organization","name":"Meydan TV","url":"https:\/\/www.meydan.tv\/az\/","logo":{"@type":"ImageObject","inLanguage":"az","@id":"https:\/\/www.meydan.tv\/az\/#\/schema\/logo\/image\/","url":"https:\/\/www.meydan.tv\/wp-content\/uploads\/2021\/07\/meydan-logo.svg","contentUrl":"https:\/\/www.meydan.tv\/wp-content\/uploads\/2021\/07\/meydan-logo.svg","width":195,"height":46,"caption":"Meydan TV"},"image":{"@id":"https:\/\/www.meydan.tv\/az\/#\/schema\/logo\/image\/"}},{"@type":"Person","@id":"https:\/\/www.meydan.tv\/az\/#\/schema\/person\/9cdbecf90d17180ce1dfbd95b08dcf47","name":"elli","sameAs":["https:\/\/x.com\/elli"]}]}},"_links":{"self":[{"href":"https:\/\/www.meydan.tv\/az\/wp-json\/wp\/v2\/posts\/251434","targetHints":{"allow":["GET"]}}],"collection":[{"href":"https:\/\/www.meydan.tv\/az\/wp-json\/wp\/v2\/posts"}],"about":[{"href":"https:\/\/www.meydan.tv\/az\/wp-json\/wp\/v2\/types\/post"}],"author":[{"embeddable":true,"href":"https:\/\/www.meydan.tv\/az\/wp-json\/wp\/v2\/users\/8"}],"replies":[{"embeddable":true,"href":"https:\/\/www.meydan.tv\/az\/wp-json\/wp\/v2\/comments?post=251434"}],"version-history":[{"count":1,"href":"https:\/\/www.meydan.tv\/az\/wp-json\/wp\/v2\/posts\/251434\/revisions"}],"predecessor-version":[{"id":251446,"href":"https:\/\/www.meydan.tv\/az\/wp-json\/wp\/v2\/posts\/251434\/revisions\/251446"}],"wp:featuredmedia":[{"embeddable":true,"href":"https:\/\/www.meydan.tv\/az\/wp-json\/wp\/v2\/media\/251441"}],"wp:attachment":[{"href":"https:\/\/www.meydan.tv\/az\/wp-json\/wp\/v2\/media?parent=251434"}],"wp:term":[{"taxonomy":"category","embeddable":true,"href":"https:\/\/www.meydan.tv\/az\/wp-json\/wp\/v2\/categories?post=251434"},{"taxonomy":"post_tag","embeddable":true,"href":"https:\/\/www.meydan.tv\/az\/wp-json\/wp\/v2\/tags?post=251434"}],"curies":[{"name":"wp","href":"https:\/\/api.w.org\/{rel}","templated":true}]}}