{"id":251383,"date":"2022-07-20T17:47:39","date_gmt":"2022-07-20T13:47:39","guid":{"rendered":"https:\/\/www.meydan.tv\/?p=251383"},"modified":"2022-07-20T19:38:09","modified_gmt":"2022-07-20T15:38:09","slug":"bakida-quru-serhedleri-acin-telebiyle-aksiya","status":"publish","type":"post","link":"https:\/\/www.meydan.tv\/az\/article\/bakida-quru-serhedleri-acin-telebiyle-aksiya\/","title":{"rendered":"\u201cQuru s\u0259rh\u0259di a\u00e7\u0131n!\u201d t\u0259l\u0259biyl\u0259 aksiyada saxlan\u0131lan siyasi f\u0259ala 30 sutka c\u0259za &#8211; Yenil\u0259nib"},"content":{"rendered":"\n<figure class=\"wp-block-embed is-type-video is-provider-youtube wp-block-embed-youtube wp-embed-aspect-16-9 wp-has-aspect-ratio\"><div class=\"wp-block-embed__wrapper\">\n<iframe title=\"Nazirl\u0259r Kabinetinin qar\u015f\u0131s\u0131nda \u201cQuru s\u0259rh\u0259dl\u0259ri a\u00e7\u0131n!\u201d t\u0259l\u0259bi il\u0259 aksiya\" width=\"1200\" height=\"675\" data-src=\"https:\/\/www.youtube.com\/embed\/r_rzwe2Jwno?feature=oembed\" frameborder=\"0\" allow=\"accelerometer; autoplay; clipboard-write; encrypted-media; gyroscope; picture-in-picture\" allowfullscreen src=\"data:image\/svg+xml;base64,PHN2ZyB3aWR0aD0iMSIgaGVpZ2h0PSIxIiB4bWxucz0iaHR0cDovL3d3dy53My5vcmcvMjAwMC9zdmciPjwvc3ZnPg==\" class=\"lazyload\" data-load-mode=\"1\"><\/iframe>\n<\/div><\/figure>\n\n\n\n<!--more-->\n\n\n\n<p>M\u00fcsavat Partiyas\u0131n\u0131n G\u0259ncl\u0259r T\u0259\u015fkilat\u0131n\u0131n \u0130dar\u0259 Hey\u0259tinin \u00fczv\u00fc \u018fziz M\u0259miyev haqq\u0131nda h\u0259bs q\u0259rar\u0131 \u00e7\u0131xar\u0131l\u0131b. M\u0259hk\u0259m\u0259nin q\u0259rar\u0131yla o, polisin qanuni t\u0259l\u0259bin\u0259 tabe olmamaqda t\u0259qsirli bilin\u0259r\u0259k, 30 sutka inzibati h\u0259bs c\u0259zas\u0131 verilib.<\/p>\n\n\n\n<p>Daxili \u0130\u015fl\u0259r Nazirliyinin m\u0259tbuat xidm\u0259tinin b\u00f6lm\u0259 r\u0259isi Zeyni H\u00fcseynov deyib ki, \u018fziz M\u0259miyev polisl\u0259rin qanuni t\u0259l\u0259bin\u0259 riay\u0259t etm\u0259yib, onlara m\u00fcqavim\u0259t g\u00f6st\u0259rib. Bu s\u0259b\u0259bd\u0259n bar\u0259sind\u0259 inzibati protokol t\u0259rtib olunub: \u201cO saxlan\u0131laraq bar\u0259sind\u0259 toplanm\u0131\u015f materiallarla birlikd\u0259 m\u0259hk\u0259m\u0259y\u0259 g\u00f6nd\u0259rilib\u201d.<\/p>\n\n\n\n<figure class=\"wp-block-image size-large\"><img decoding=\"async\" width=\"822\" height=\"821\" data-src=\"https:\/\/www.meydan.tv\/wp-content\/uploads\/295081768_487127806555004_7097067293935044242_n-822x821.jpg\" alt=\"\" class=\"wp-image-251394 lazyload\" src=\"data:image\/svg+xml;base64,PHN2ZyB3aWR0aD0iMSIgaGVpZ2h0PSIxIiB4bWxucz0iaHR0cDovL3d3dy53My5vcmcvMjAwMC9zdmciPjwvc3ZnPg==\" style=\"--smush-placeholder-width: 822px; --smush-placeholder-aspect-ratio: 822\/821;\" \/><figcaption>M\u00fcsavat Partiyas\u0131n\u0131n G\u0259ncl\u0259r T\u0259\u015fkilat\u0131n\u0131n \u0130dar\u0259 Hey\u0259tinin \u00fczv\u00fc \u018fziz M\u0259miyev<\/figcaption><\/figure>\n\n\n\n<p>M\u00fcsavat Partiyas\u0131 29 ya\u015fl\u0131 f\u0259al\u0131n i\u015fg\u0259nc\u0259y\u0259 m\u0259ruz qalmas\u0131ndan narahatd\u0131r. Partiya ba\u015fqan\u0131n\u0131n m\u00fcavini S\u0259xav\u0259t Soltanl\u0131 \u018fziz M\u0259miyevin h\u0259bsinin qanunsuz v\u0259 \u0259sass\u0131z oldu\u011funu bildirib:<\/p>\n\n\n\n<p>\u201cBiz onun qanunsuz saxlanmas\u0131ndan, haz\u0131rda ona qar\u015f\u0131 fiziki i\u015fg\u0259nc\u0259nin davam etm\u0259sind\u0259n ciddi narahat\u0131q\u201d.<\/p>\n\n\n\n<p>\u018fziz M\u0259miyev saxland\u0131qdan sonra Post-Patrul Xidm\u0259tinin avtomobilind\u0259 dig\u0259r saxlan\u0131lanlarla birlikd\u0259 apar\u0131lark\u0259n \u00e7\u0259kilmi\u015f videog\u00f6r\u00fcnt\u00fcl\u0259r sosial \u015f\u0259b\u0259k\u0259l\u0259rd\u0259 yay\u0131l\u0131b. H\u0259min g\u00f6r\u00fcnt\u00fcl\u0259rd\u0259 siyasi f\u0259al polisl\u0259rin aksiya i\u015ftirak\u00e7\u0131lar\u0131na qar\u015f\u0131 el\u0259dikl\u0259rini t\u0259nqid edir:<\/p>\n\n\n\n<p>\u201cSiz qul, k\u00f6l\u0259siz. Saxta insanlara bizi s\u00f6yd\u00fcr\u00fcrs\u00fcn\u00fcz. Vaxt g\u0259l\u0259c\u0259k siz imdad dil\u0259y\u0259c\u0259ksiniz. Bu n\u0259 ya\u015fay\u0131\u015fd\u0131r siz ya\u015fay\u0131rs\u0131z?\u201d<\/p>\n\n\n\n<p>\u018fziz M\u0259miyevin bu fikirl\u0259rin\u0259 g\u00f6r\u0259 c\u0259zaland\u0131r\u0131ld\u0131\u011f\u0131 ehtimal edilir.<\/p>\n\n\n\n<hr class=\"wp-block-separator has-alpha-channel-opacity\"\/>\n\n\n\n<p>\u201cM\u00fcdafi\u0259 X\u0259tti\u201d \u0130nsan Haqlar\u0131 T\u0259\u015fkilat\u0131 aksiyada saxlan\u0131lanlar\u0131n siyah\u0131s\u0131n\u0131 t\u0259rtib edib:<\/p>\n\n\n\n<p>1. Tofiq Yaqublu (Milli \u015eura, M\u00fcavat Partiyas\u0131)<br>2. Seymur H\u0259zi (AXCP)<br>3. G\u00fclnar\u0259 Rahimova (AXCP)<br>4. Afa C\u0259f\u0259rova (AXCP)<br>5. R\u00f6v\u015f\u0259n R\u0259himov (AXCP)<br>6. Yegana R\u00fcst\u0259mova (ictimai f\u0259al)<br>7. Anar H\u00fcseynov (AXCP)<br>8. Babek Hesenov(AXCP)<br>9. Quliyev S\u0259yyad (AXCP)<br>10. T\u00fcnzal\u0259 Amirova (AXCP)<br>11. Elnur Quliyev (AXCP)<br>12. R\u00f6v\u015f\u0259n S\u0259f\u0259rov (AXCP)<br>13. K\u00f6n\u00fcl \u018fhm\u0259dova (AXCP)<br>14. Emin X\u0259lil (aktivist)<br>15. Mehriban H\u00fcseynli ( AXCP)<br>16. Elvin \u018fliyev (AXCP)<br>17. Yunis Novruzov (AXCP)<br>18. T\u0259ran\u0259 S\u0259f\u0259rsoy (ADR)<br>19. Faiq Na\u011f\u0131yev (AXCP)<br>20. Said Bakuvi (AXCP)<br>21. \u018fnv\u0259r A\u011famal\u0131zad\u0259 (ADR)<br>22. Orxan Cahangirov (AXCP)<br>23. Ramiz C\u0259f\u0259rov (AXCP)<br>24. K\u0259nan Zeynalov (AXCP)<br>25. Amrah Tahmazov (ictimai f\u0259al )<br>26. Elmir Abbasov (N\u0130DA)<br>27.B\u0259xtiyar H\u00fcseynov (AXCP)<br>28. \u018fziz M\u0259miyev (M\u00fcsavat)<br>29. \u018flikram Xur\u015fudov (M\u00fcsavat)<br>30. C\u0259mil Hac\u0131yev (siyasi f\u0259al)<br>31.M\u0259tan\u0259t Mahmarzayeva (AXCP)<br>32. Elmira Etibarova (AXCP)<br>33.P\u0259rvin Hac\u0131yev (AXCP)<br>34. Novruz Ta\u011f\u0131yev (AXCP)<br>35. B\u0259hram M\u0259nsimov (AXCP)<br>36. Atilla Xan (ictimai f\u0259al)<br>37.Elvin Mustafayev ( ictimai f\u0259al)<br>38.N\u0259rmin\u0259 xan\u0131m (soayd\u0131 d\u0259qiql\u0259\u015fdir m\u00fcmk\u00fcn olmay\u0131b)<br>38.Sara xan\u0131m (soyad\u0131 d\u0259qiql\u0259\u015fdirm\u0259k m\u00fcmk\u00fcn olmay\u0131b)<br>39.Nazil\u0259 xan\u0131m (soyad\u0131 d\u0259qiql\u0259\u015fdirm\u0259k m\u00fcmk\u00fcn olmay\u0131b)<br>40. R\u0259\u015fad Axundov ( M\u00fcsavat)<br>41. Sevinc G\u00f6z\u0259lova (AXCP)<br>42.\u015eirvan Sultanov ( AXCP)<\/p>\n\n\n\n<p>Saxlan\u0131lanlar ham\u0131s\u0131 sonradan s\u0259rb\u0259st burax\u0131lsa da, \u018fziz M\u0259miyev bar\u0259sind\u0259 \u0130XM 535-1 ci madd\u0259si il\u0259 inzibati icraat ba\u015flan\u0131l\u0131b, S\u0259bail Rayon M\u0259hk\u0259m\u0259sind\u0259 \u018fziz M\u0259miyev\u0259 30 sutka inzibati h\u0259bs q\u0259rar\u0131 \u00e7\u0131xar\u0131l\u0131b.<\/p>\n\n\n\n<figure class=\"wp-block-image size-large\"><img decoding=\"async\" width=\"1200\" height=\"800\" data-src=\"https:\/\/www.meydan.tv\/wp-content\/uploads\/293353070_161421609738145_7695965609910282880_n-1200x800.jpg\" alt=\"\" class=\"wp-image-251389 lazyload\" src=\"data:image\/svg+xml;base64,PHN2ZyB3aWR0aD0iMSIgaGVpZ2h0PSIxIiB4bWxucz0iaHR0cDovL3d3dy53My5vcmcvMjAwMC9zdmciPjwvc3ZnPg==\" style=\"--smush-placeholder-width: 1200px; --smush-placeholder-aspect-ratio: 1200\/800;\" \/><figcaption>\u018fziz M\u0259miyevin saxlanma an\u0131<\/figcaption><\/figure>\n\n\n\n<p>\u201cM\u00fcdafi\u0259 X\u0259tti\u201d Az\u0259rbaycan h\u00f6kum\u0259tin\u0259 \u00e7a\u011f\u0131r\u0131\u015f edir ki, \u0130nsan h\u00fcquqlar\u0131n\u0131n v\u0259 \u0259sas azadl\u0131qlar\u0131n m\u00fcdafi\u0259si haqq\u0131nda Avropa Konvensiyas\u0131n\u0131n 11-ci madd\u0259sind\u0259, Az\u0259rbaycan Respublikas\u0131 Konstitusiyas\u0131n\u0131n 49-cu madd\u0259sind\u0259 n\u0259z\u0259rd\u0259 tutulmu\u015f y\u0131\u011f\u0131ncaqlar v\u0259 birl\u0259\u015fm\u0259k, s\u0259rb\u0259st topla\u015fmaq azadl\u0131qlar\u0131na h\u00f6rm\u0259tl\u0259 yana\u015fs\u0131n.<\/p>\n\n\n\n<hr class=\"wp-block-separator has-alpha-channel-opacity\"\/>\n\n\n\n<p><em>Aksiyan\u0131n polis t\u0259r\u0259find\u0259n da\u011f\u0131d\u0131ld\u0131\u011f\u0131 bildirilir<\/em><\/p>\n\n\n\n<p>\u0130yulun 20-d\u0259 Bak\u0131da Nazirl\u0259r Kabinetinin binas\u0131 qar\u015f\u0131s\u0131nda quru s\u0259rh\u0259dl\u0259rin a\u00e7\u0131lmas\u0131 t\u0259l\u0259bi il\u0259 aksiya ke\u00e7irilib.<\/p>\n\n\n\n<p>Tofiq Yaqublunun t\u0259\u015f\u0259bb\u00fcs\u00fc v\u0259 Milli \u015euran\u0131n d\u0259st\u0259yi il\u0259 ke\u00e7iril\u0259n \u201cQuru s\u0259rh\u0259dl\u0259ri a\u00e7\u0131n!\u201d t\u0259l\u0259bli aksiya polis \u0259m\u0259kda\u015flar\u0131 t\u0259r\u0259find\u0259n da\u011f\u0131d\u0131l\u0131b.<\/p>\n\n\n\n<p>Nazirl\u0259r Kabinetinin binas\u0131na ged\u0259n yol polis d\u0259st\u0259l\u0259ri t\u0259r\u0259find\u0259n ba\u011flan\u0131b, aksiya i\u015ftirak\u00e7\u0131lar\u0131n\u0131n dig\u0259r k\u00fc\u00e7\u0259l\u0259r\u0259 ke\u00e7m\u0259m\u0259si \u00fc\u00e7\u00fcn \u00f6nl\u0259ri k\u0259silib.<\/p>\n\n\n\n<p>Aksiyaya \u00e7\u0131xan f\u0259allar \u201cS\u0259rh\u0259dl\u0259ri ba\u011flama, xalq\u0131 \u0259sir saxlama\u201d v\u0259 \u201c\u0130stefa\u201d \u015f\u00fcarlar\u0131 s\u0259sl\u0259ndiribl\u0259r.<\/p>\n\n\n\n<p>Etirazlar zaman\u0131 aksiyan\u0131n t\u0259\u015fkilat\u00e7\u0131s\u0131 M\u00fcsavat Partiyas\u0131n\u0131n v\u0259 Milli \u015euras\u0131n\u0131n \u00fczv\u00fc Tofiq Yaqublu v\u0259 Az\u0259rbaycan Xalq C\u0259bh\u0259si Partiyas\u0131n\u0131n (AXCP) s\u0259dr m\u00fcavini Seymur H\u0259zi, partiya f\u0259allar\u0131ndan Bab\u0259k H\u0259s\u0259nov, Pa\u015fa Umudov, Mehriban H\u00fcseynli, G\u00fclnara R\u0259himova, R\u00f6v\u015f\u0259n R\u0259himov, R\u00f6v\u015f\u0259n S\u0259f\u0259rov, Yegan\u0259 R\u00fcst\u0259mova, M\u0259tan\u0259t Turan, Elnur Quliyev, Orxan Cahangirov, S\u0259yyad Quliyev, K\u00f6n\u00fcl \u018fhm\u0259dova, Elvin \u018fliyev, T\u00fcnzal\u0259 \u018fmirova, S\u0259id Bakuvi, Qafqaz C\u0259f\u0259rov, K\u0259nan Basqall\u0131, Yunis Novruzov, Novruz Ta\u011f\u0131yev, P\u0259rvin Hac\u0131yev, B\u0259xtiyar H\u00fcseyn, \u015eirvan Soltanl\u0131 v\u0259 ba\u015fqalar\u0131, h\u0259m\u00e7inin M\u00fcsavat Partiyas\u0131ndan \u018flikram Xur\u015fidov, \u018fziz M\u0259miyev, Az\u0259rbaycan Demokratiya v\u0259 Rifah Partiyas\u0131ndan T\u0259ran\u0259 S\u0259f\u0259rsoy, \u018fnv\u0259r A\u011famal\u0131zad\u0259, N\u0130DA V\u0259t\u0259nda\u015f H\u0259r\u0259kat\u0131ndan Elmir Abbasov, ictimai f\u0259allardan Emin X\u0259lilov, C\u0259mil Hac\u0131yev v\u0259 \u018fmrah T\u0259hm\u0259zov saxlan\u0131l\u0131b.<\/p>\n\n\n\n<p>Polis \u0259m\u0259kda\u015flar\u0131 etiraz \u015f\u00fcarlar\u0131 il\u0259 \u00e7\u0131x\u0131\u015f ed\u0259n aksiya i\u015ftirak\u00e7\u0131lar\u0131n\u0131 zor g\u00fcc\u00fcn\u0259 xidm\u0259ti ma\u015f\u0131nlar\u0131na yerl\u0259\u015fdiribl\u0259r. AXCP \u00fczv\u00fc K\u00f6n\u00fcl \u018fhm\u0259dovan\u0131 xidm\u0259ti ma\u015f\u0131na mindir\u0259n qad\u0131n polis \u0259m\u0259kda\u015flar onun a\u011fz\u0131n\u0131 qapama\u011fa \u00e7al\u0131\u015f\u0131blar. <\/p>\n\n\n\n<p>\u00dcmumilikd\u0259 40-a yax\u0131n aksiya i\u015ftirak\u00e7\u0131s\u0131n\u0131n saxlan\u0131ld\u0131\u011f\u0131 bildirilir. Onlar m\u00fcxt\u0259lif polis b\u00f6lm\u0259l\u0259rin\u0259 apar\u0131ld\u0131qdan bir m\u00fcdd\u0259t sonra s\u0259rb\u0259st burax\u0131l\u0131blar.<\/p>\n\n\n\n<p>Saxlan\u0131lanlardan m\u00fcsavat\u00e7\u0131 \u018fziz M\u0259miyevd\u0259n is\u0259 6 saatd\u0131r x\u0259b\u0259r yoxdur. <\/p>\n\n\n\n<p>AXCP s\u0259dri \u018fli K\u0259rimli <a href=\"https:\/\/www.facebook.com\/karimliali\/videos\/999476250747734\" target=\"_blank\" rel=\"noreferrer noopener\">&#8220;Facebook&#8221;<\/a> hesab\u0131nda aksiyan\u0131n da\u011f\u0131d\u0131lmas\u0131n\u0131 pisl\u0259yib: &#8220;Xalq\u0131m\u0131z\u0131 v\u0259 beyn\u0259lxalq al\u0259mi Az\u0259rbaycanda s\u0259rb\u0259st topla\u015fma azadl\u0131\u011f\u0131n\u0131n qada\u011fan olunmas\u0131na v\u0259 polis zorak\u0131l\u0131\u011f\u0131na etiraz etm\u0259y\u0259 \u00e7a\u011f\u0131r\u0131r\u0131q&#8221;.<\/p>\n\n\n\n<p>&#8220;\u0130\u015fg\u0259nc\u0259l\u0259r \u018fleyhin\u0259 Ara\u015fd\u0131rmalar M\u0259rk\u0259zi\u201d v\u0259 &#8220;\u0130nsan H\u00fcquqlar\u0131 v\u0259 Qanunlar\u0131n T\u0259bli\u011fi\u201d insan h\u00fcquqlar\u0131 t\u0259\u015fkilatlar\u0131 h\u00f6kum\u0259td\u0259n v\u0259t\u0259nda\u015flar\u0131n s\u0259rb\u0259st topla\u015fma h\u00fcquqlar\u0131na h\u00f6rm\u0259tl\u0259 yana\u015fma\u011f\u0131 t\u0259l\u0259b edib.<\/p>\n\n\n\n<p>Bu bar\u0259d\u0259 h\u0259r iki t\u0259\u015fkilat birg\u0259 b\u0259yanat yay\u0131b.<\/p>\n\n\n\n<p>H\u00fcquq m\u00fcdafi\u0259 t\u0259\u015fkilatlar\u0131 bu davran\u0131\u015f\u0131 Az\u0259rbaycan Konstitusiyas\u0131n\u0131n v\u0259 \u00f6lk\u0259nin qo\u015fuldu\u011fu beyn\u0259lxalq insan h\u00fcquqlar\u0131 konvensiyalar\u0131n\u0131n v\u0259 b\u0259yannam\u0259l\u0259rinin pozulmas\u0131 kimi d\u0259y\u0259rl\u0259ndirib: H\u00f6kum\u0259ti g\u00f6t\u00fcrd\u00fcy\u00fc \u00f6hd\u0259likl\u0259r\u0259 v\u0259 \u0259sas qanuna riay\u0259t ed\u0259r\u0259k v\u0259t\u0259nda\u015flar\u0131n Konstitusiyada \u0259ks olunmu\u015f s\u0259rb\u0259st topla\u015fma, azad ifad\u0259, siyasi f\u0259aliyy\u0259t h\u00fcquqlar\u0131n\u0131 tan\u0131ma\u011fa \u00e7a\u011f\u0131r\u0131r\u0131q&#8221;.<\/p>\n\n\n\n<p>Daxili \u0130\u015fl\u0259r Nazirliyi aksiyan\u0131n da\u011f\u0131d\u0131lmas\u0131 v\u0259 i\u015ftirak\u00e7\u0131lar\u0131n saxlan\u0131lmas\u0131 il\u0259 ba\u011fl\u0131 h\u0259l\u0259 ki h\u0259r hans\u0131 bir r\u0259smi a\u00e7\u0131qlama yaymay\u0131b.<\/p>\n\n\n\n<p>\u0130yulun 9-da Bak\u0131 \u015e\u0259h\u0259r \u0130cra Hakimiyy\u0259tin\u0259 Nazirl\u0259r Kabinetinin qar\u015f\u0131s\u0131nda quru s\u0259rh\u0259dl\u0259rin a\u00e7\u0131lmas\u0131 t\u0259l\u0259bi il\u0259 aksiya ke\u00e7irilm\u0259si il\u0259 \u0259laq\u0259dar m\u00fcraci\u0259t ed\u0259n Tofiq Yaqublu r\u0259dd cavab\u0131 <a href=\"https:\/\/d9mc3ts4czbpr.cloudfront.net\/az\/article\/tofiq-yaqublunun-aksiya-telebine-redd-cavabi-verilib\/\" target=\"_blank\" rel=\"noreferrer noopener\">al\u0131b<\/a>.<\/p>\n\n\n\n<p>Daxili \u0130\u015fl\u0259r Nazirliyind\u0259n d\u0259 icra hakimiyy\u0259ti orqanlar\u0131 il\u0259 raz\u0131la\u015fd\u0131r\u0131lmam\u0131\u015f aksiyan\u0131n, k\u00fctl\u0259vi toplant\u0131n\u0131n ke\u00e7irilm\u0259sinin yolverilm\u0259z oldu\u011fu bildirilib.<\/p>\n\n\n\n<p>\u0130yulun 1-d\u0259 Az\u0259rbaycan T\u00fcrkiy\u0259 il\u0259 quru s\u0259rh\u0259di sentyabr\u0131n 1-n\u0259 kimi ba\u011flay\u0131b.<\/p>\n\n\n\n<p>S\u0259b\u0259b kimi pandemiya <a href=\"https:\/\/d9mc3ts4czbpr.cloudfront.net\/az\/article\/azerbaycan-turkiye-ile-de-quru-serhedi-bagladi\/\" target=\"_blank\" rel=\"noreferrer noopener\">g\u00f6st\u0259rilib.<\/a><\/p>\n\n\n\n<p>Ekspertl\u0259rin fikrinc\u0259, quru s\u0259rh\u0259dl\u0259ri ba\u011fl\u0131 oldu\u011fundan insanlar m\u0259cbur\u0259n monopolist \u015firk\u0259tl\u0259rin bahal\u0131 aviabiletl\u0259rini alaraq xaric\u0259 gedir. Azt\u0259minatl\u0131 ail\u0259l\u0259r is\u0259 bu sah\u0259d\u0259 ciddi probleml\u0259r ya\u015fay\u0131r.<\/p>\n\n\n\n<p>Prezident \u0130lham \u018fliyev bu ilin alt\u0131 ay\u0131n\u0131n yekunlar\u0131na h\u0259sr olunan m\u00fc\u015favir\u0259d\u0259 deyib ki, quru s\u0259rh\u0259dl\u0259rin ba\u011flanmas\u0131 x\u0259st\u0259liyin yay\u0131lmas\u0131n\u0131n qar\u015f\u0131s\u0131n\u0131 almaq \u00fc\u00e7\u00fcn at\u0131lan add\u0131md\u0131r: &#8220;Bizim quru s\u0259rh\u0259dl\u0259rimiz ba\u011fl\u0131d\u0131r v\u0259 ba\u011fl\u0131 olmal\u0131d\u0131r. N\u0259 \u00fc\u00e7\u00fcn? \u0130nsanlar x\u0259st\u0259l\u0259nm\u0259sin. \u00c7\u00fcnki \u0259n \u00e7ox bu x\u0259st\u0259liyin yay\u0131lma istiqam\u0259ti quru s\u0259rh\u0259dl\u0259ridir.<\/p>\n\n\n\n<p>Ona g\u00f6r\u0259 biz s\u0259rh\u0259dl\u0259rimizi ba\u011fl\u0131 saxlay\u0131r\u0131q v\u0259 d\u00fcz d\u0259 edirik. N\u0259 q\u0259d\u0259r laz\u0131md\u0131rsa, o q\u0259d\u0259r d\u0259 s\u0259rh\u0259dl\u0259ri ba\u011fl\u0131 saxlayaca\u011f\u0131q &#8211; quru s\u0259rh\u0259dl\u0259rind\u0259n s\u00f6hb\u0259t gedir. Bunu edirik ki, insanlar\u0131n sa\u011flaml\u0131\u011f\u0131n\u0131 qoruyaq, insanlar\u0131 itirm\u0259y\u0259k. Bizim m\u0259qs\u0259dimiz budur. Biz COVID d\u00f6vr\u00fcnd\u0259 milyardlarla v\u0259sait ay\u0131rm\u0131\u015f\u0131q, indi m\u0259n bunu t\u0259krarlamaq ist\u0259mir\u0259m\u201d.<\/p>\n","protected":false},"excerpt":{"rendered":"","protected":false},"author":8,"featured_media":251367,"comment_status":"closed","ping_status":"closed","sticky":false,"template":"","format":"standard","meta":{"_acf_changed":false,"_sitemap_exclude":false,"_sitemap_priority":"","_sitemap_frequency":"","footnotes":""},"categories":[59,56],"tags":[],"class_list":["post-251383","post","type-post","status-publish","format-standard","has-post-thumbnail","hentry","category-siyaset","category-xeberler","infinite-scroll-item","generate-columns","tablet-grid-50","mobile-grid-100","grid-parent","grid-33","no-featured-image-padding"],"acf":[],"yoast_head":"<!-- This site is optimized with the Yoast SEO plugin v27.4 - https:\/\/yoast.com\/product\/yoast-seo-wordpress\/ -->\n<title>\u201cQuru s\u0259rh\u0259di a\u00e7\u0131n!\u201d t\u0259l\u0259biyl\u0259 aksiyada saxlan\u0131lan siyasi f\u0259ala 30 sutka c\u0259za - Yenil\u0259nib - MEYDAN.TV<\/title>\n<meta name=\"robots\" content=\"index, follow, max-snippet:-1, max-image-preview:large, max-video-preview:-1\" \/>\n<link rel=\"canonical\" href=\"https:\/\/www.meydan.tv\/az\/article\/bakida-quru-serhedleri-acin-telebiyle-aksiya\/\" \/>\n<meta property=\"og:locale\" content=\"az_AZ\" \/>\n<meta property=\"og:type\" content=\"article\" \/>\n<meta property=\"og:title\" content=\"\u201cQuru s\u0259rh\u0259di a\u00e7\u0131n!\u201d t\u0259l\u0259biyl\u0259 aksiyada saxlan\u0131lan siyasi f\u0259ala 30 sutka c\u0259za - Yenil\u0259nib - MEYDAN.TV\" \/>\n<meta property=\"og:url\" content=\"https:\/\/www.meydan.tv\/az\/article\/bakida-quru-serhedleri-acin-telebiyle-aksiya\/\" \/>\n<meta property=\"og:site_name\" content=\"MEYDAN.TV\" \/>\n<meta property=\"article:published_time\" content=\"2022-07-20T13:47:39+00:00\" \/>\n<meta property=\"article:modified_time\" content=\"2022-07-20T15:38:09+00:00\" \/>\n<meta property=\"og:image\" content=\"https:\/\/www.meydan.tv\/wp-content\/uploads\/08a40000-e1658324853266.jpg\" \/>\n\t<meta property=\"og:image:width\" content=\"1200\" \/>\n\t<meta property=\"og:image:height\" content=\"534\" \/>\n\t<meta property=\"og:image:type\" content=\"image\/jpeg\" \/>\n<meta name=\"author\" content=\"elli\" \/>\n<meta name=\"twitter:card\" content=\"summary_large_image\" \/>\n<meta name=\"twitter:creator\" content=\"@elli\" \/>\n<script type=\"application\/ld+json\" class=\"yoast-schema-graph\">{\"@context\":\"https:\\\/\\\/schema.org\",\"@graph\":[{\"@type\":\"Article\",\"@id\":\"https:\\\/\\\/www.meydan.tv\\\/az\\\/article\\\/bakida-quru-serhedleri-acin-telebiyle-aksiya\\\/#article\",\"isPartOf\":{\"@id\":\"https:\\\/\\\/www.meydan.tv\\\/az\\\/article\\\/bakida-quru-serhedleri-acin-telebiyle-aksiya\\\/\"},\"author\":{\"name\":\"elli\",\"@id\":\"https:\\\/\\\/www.meydan.tv\\\/az\\\/#\\\/schema\\\/person\\\/9cdbecf90d17180ce1dfbd95b08dcf47\"},\"headline\":\"\u201cQuru s\u0259rh\u0259di a\u00e7\u0131n!\u201d t\u0259l\u0259biyl\u0259 aksiyada saxlan\u0131lan siyasi f\u0259ala 30 sutka c\u0259za &#8211; Yenil\u0259nib\",\"datePublished\":\"2022-07-20T13:47:39+00:00\",\"dateModified\":\"2022-07-20T15:38:09+00:00\",\"mainEntityOfPage\":{\"@id\":\"https:\\\/\\\/www.meydan.tv\\\/az\\\/article\\\/bakida-quru-serhedleri-acin-telebiyle-aksiya\\\/\"},\"wordCount\":1661,\"publisher\":{\"@id\":\"https:\\\/\\\/www.meydan.tv\\\/az\\\/#organization\"},\"image\":{\"@id\":\"https:\\\/\\\/www.meydan.tv\\\/az\\\/article\\\/bakida-quru-serhedleri-acin-telebiyle-aksiya\\\/#primaryimage\"},\"thumbnailUrl\":\"https:\\\/\\\/www.meydan.tv\\\/wp-content\\\/uploads\\\/08a40000-e1658324853266.jpg\",\"articleSection\":[\"Siyas\u0259t\",\"X\u0259b\u0259rl\u0259r\"],\"inLanguage\":\"az\"},{\"@type\":\"WebPage\",\"@id\":\"https:\\\/\\\/www.meydan.tv\\\/az\\\/article\\\/bakida-quru-serhedleri-acin-telebiyle-aksiya\\\/\",\"url\":\"https:\\\/\\\/www.meydan.tv\\\/az\\\/article\\\/bakida-quru-serhedleri-acin-telebiyle-aksiya\\\/\",\"name\":\"\u201cQuru s\u0259rh\u0259di a\u00e7\u0131n!\u201d t\u0259l\u0259biyl\u0259 aksiyada saxlan\u0131lan siyasi f\u0259ala 30 sutka c\u0259za - Yenil\u0259nib - MEYDAN.TV\",\"isPartOf\":{\"@id\":\"https:\\\/\\\/www.meydan.tv\\\/az\\\/#website\"},\"primaryImageOfPage\":{\"@id\":\"https:\\\/\\\/www.meydan.tv\\\/az\\\/article\\\/bakida-quru-serhedleri-acin-telebiyle-aksiya\\\/#primaryimage\"},\"image\":{\"@id\":\"https:\\\/\\\/www.meydan.tv\\\/az\\\/article\\\/bakida-quru-serhedleri-acin-telebiyle-aksiya\\\/#primaryimage\"},\"thumbnailUrl\":\"https:\\\/\\\/www.meydan.tv\\\/wp-content\\\/uploads\\\/08a40000-e1658324853266.jpg\",\"datePublished\":\"2022-07-20T13:47:39+00:00\",\"dateModified\":\"2022-07-20T15:38:09+00:00\",\"breadcrumb\":{\"@id\":\"https:\\\/\\\/www.meydan.tv\\\/az\\\/article\\\/bakida-quru-serhedleri-acin-telebiyle-aksiya\\\/#breadcrumb\"},\"inLanguage\":\"az\",\"potentialAction\":[{\"@type\":\"ReadAction\",\"target\":[\"https:\\\/\\\/www.meydan.tv\\\/az\\\/article\\\/bakida-quru-serhedleri-acin-telebiyle-aksiya\\\/\"]}]},{\"@type\":\"ImageObject\",\"inLanguage\":\"az\",\"@id\":\"https:\\\/\\\/www.meydan.tv\\\/az\\\/article\\\/bakida-quru-serhedleri-acin-telebiyle-aksiya\\\/#primaryimage\",\"url\":\"https:\\\/\\\/www.meydan.tv\\\/wp-content\\\/uploads\\\/08a40000-e1658324853266.jpg\",\"contentUrl\":\"https:\\\/\\\/www.meydan.tv\\\/wp-content\\\/uploads\\\/08a40000-e1658324853266.jpg\",\"width\":1200,\"height\":534,\"caption\":\"Foto: Meydan TV\"},{\"@type\":\"BreadcrumbList\",\"@id\":\"https:\\\/\\\/www.meydan.tv\\\/az\\\/article\\\/bakida-quru-serhedleri-acin-telebiyle-aksiya\\\/#breadcrumb\",\"itemListElement\":[{\"@type\":\"ListItem\",\"position\":1,\"name\":\"Ana s\u0259hif\u0259\",\"item\":\"https:\\\/\\\/www.meydan.tv\\\/az\\\/\"},{\"@type\":\"ListItem\",\"position\":2,\"name\":\"Siyas\u0259t\",\"item\":\"https:\\\/\\\/www.meydan.tv\\\/az\\\/section\\\/siyaset\\\/\"},{\"@type\":\"ListItem\",\"position\":3,\"name\":\"\u201cQuru s\u0259rh\u0259di a\u00e7\u0131n!\u201d t\u0259l\u0259biyl\u0259 aksiyada saxlan\u0131lan siyasi f\u0259ala 30 sutka c\u0259za &#8211; Yenil\u0259nib\"}]},{\"@type\":\"WebSite\",\"@id\":\"https:\\\/\\\/www.meydan.tv\\\/az\\\/#website\",\"url\":\"https:\\\/\\\/www.meydan.tv\\\/az\\\/\",\"name\":\"MEYDAN.TV\",\"description\":\"Meydan TV Az\u0259rbaycan\u0131n media m\u0259kan\u0131ndak\u0131 alternativ s\u0259sidir\",\"publisher\":{\"@id\":\"https:\\\/\\\/www.meydan.tv\\\/az\\\/#organization\"},\"potentialAction\":[{\"@type\":\"SearchAction\",\"target\":{\"@type\":\"EntryPoint\",\"urlTemplate\":\"https:\\\/\\\/www.meydan.tv\\\/az\\\/?s={search_term_string}\"},\"query-input\":{\"@type\":\"PropertyValueSpecification\",\"valueRequired\":true,\"valueName\":\"search_term_string\"}}],\"inLanguage\":\"az\"},{\"@type\":\"Organization\",\"@id\":\"https:\\\/\\\/www.meydan.tv\\\/az\\\/#organization\",\"name\":\"Meydan TV\",\"url\":\"https:\\\/\\\/www.meydan.tv\\\/az\\\/\",\"logo\":{\"@type\":\"ImageObject\",\"inLanguage\":\"az\",\"@id\":\"https:\\\/\\\/www.meydan.tv\\\/az\\\/#\\\/schema\\\/logo\\\/image\\\/\",\"url\":\"https:\\\/\\\/www.meydan.tv\\\/wp-content\\\/uploads\\\/2021\\\/07\\\/meydan-logo.svg\",\"contentUrl\":\"https:\\\/\\\/www.meydan.tv\\\/wp-content\\\/uploads\\\/2021\\\/07\\\/meydan-logo.svg\",\"width\":195,\"height\":46,\"caption\":\"Meydan TV\"},\"image\":{\"@id\":\"https:\\\/\\\/www.meydan.tv\\\/az\\\/#\\\/schema\\\/logo\\\/image\\\/\"}},{\"@type\":\"Person\",\"@id\":\"https:\\\/\\\/www.meydan.tv\\\/az\\\/#\\\/schema\\\/person\\\/9cdbecf90d17180ce1dfbd95b08dcf47\",\"name\":\"elli\",\"sameAs\":[\"https:\\\/\\\/x.com\\\/elli\"]}]}<\/script>\n<!-- \/ Yoast SEO plugin. -->","yoast_head_json":{"title":"\u201cQuru s\u0259rh\u0259di a\u00e7\u0131n!\u201d t\u0259l\u0259biyl\u0259 aksiyada saxlan\u0131lan siyasi f\u0259ala 30 sutka c\u0259za - Yenil\u0259nib - MEYDAN.TV","robots":{"index":"index","follow":"follow","max-snippet":"max-snippet:-1","max-image-preview":"max-image-preview:large","max-video-preview":"max-video-preview:-1"},"canonical":"https:\/\/www.meydan.tv\/az\/article\/bakida-quru-serhedleri-acin-telebiyle-aksiya\/","og_locale":"az_AZ","og_type":"article","og_title":"\u201cQuru s\u0259rh\u0259di a\u00e7\u0131n!\u201d t\u0259l\u0259biyl\u0259 aksiyada saxlan\u0131lan siyasi f\u0259ala 30 sutka c\u0259za - Yenil\u0259nib - MEYDAN.TV","og_url":"https:\/\/www.meydan.tv\/az\/article\/bakida-quru-serhedleri-acin-telebiyle-aksiya\/","og_site_name":"MEYDAN.TV","article_published_time":"2022-07-20T13:47:39+00:00","article_modified_time":"2022-07-20T15:38:09+00:00","og_image":[{"width":1200,"height":534,"url":"https:\/\/www.meydan.tv\/wp-content\/uploads\/08a40000-e1658324853266.jpg","type":"image\/jpeg"}],"author":"elli","twitter_card":"summary_large_image","twitter_creator":"@elli","schema":{"@context":"https:\/\/schema.org","@graph":[{"@type":"Article","@id":"https:\/\/www.meydan.tv\/az\/article\/bakida-quru-serhedleri-acin-telebiyle-aksiya\/#article","isPartOf":{"@id":"https:\/\/www.meydan.tv\/az\/article\/bakida-quru-serhedleri-acin-telebiyle-aksiya\/"},"author":{"name":"elli","@id":"https:\/\/www.meydan.tv\/az\/#\/schema\/person\/9cdbecf90d17180ce1dfbd95b08dcf47"},"headline":"\u201cQuru s\u0259rh\u0259di a\u00e7\u0131n!\u201d t\u0259l\u0259biyl\u0259 aksiyada saxlan\u0131lan siyasi f\u0259ala 30 sutka c\u0259za &#8211; Yenil\u0259nib","datePublished":"2022-07-20T13:47:39+00:00","dateModified":"2022-07-20T15:38:09+00:00","mainEntityOfPage":{"@id":"https:\/\/www.meydan.tv\/az\/article\/bakida-quru-serhedleri-acin-telebiyle-aksiya\/"},"wordCount":1661,"publisher":{"@id":"https:\/\/www.meydan.tv\/az\/#organization"},"image":{"@id":"https:\/\/www.meydan.tv\/az\/article\/bakida-quru-serhedleri-acin-telebiyle-aksiya\/#primaryimage"},"thumbnailUrl":"https:\/\/www.meydan.tv\/wp-content\/uploads\/08a40000-e1658324853266.jpg","articleSection":["Siyas\u0259t","X\u0259b\u0259rl\u0259r"],"inLanguage":"az"},{"@type":"WebPage","@id":"https:\/\/www.meydan.tv\/az\/article\/bakida-quru-serhedleri-acin-telebiyle-aksiya\/","url":"https:\/\/www.meydan.tv\/az\/article\/bakida-quru-serhedleri-acin-telebiyle-aksiya\/","name":"\u201cQuru s\u0259rh\u0259di a\u00e7\u0131n!\u201d t\u0259l\u0259biyl\u0259 aksiyada saxlan\u0131lan siyasi f\u0259ala 30 sutka c\u0259za - Yenil\u0259nib - MEYDAN.TV","isPartOf":{"@id":"https:\/\/www.meydan.tv\/az\/#website"},"primaryImageOfPage":{"@id":"https:\/\/www.meydan.tv\/az\/article\/bakida-quru-serhedleri-acin-telebiyle-aksiya\/#primaryimage"},"image":{"@id":"https:\/\/www.meydan.tv\/az\/article\/bakida-quru-serhedleri-acin-telebiyle-aksiya\/#primaryimage"},"thumbnailUrl":"https:\/\/www.meydan.tv\/wp-content\/uploads\/08a40000-e1658324853266.jpg","datePublished":"2022-07-20T13:47:39+00:00","dateModified":"2022-07-20T15:38:09+00:00","breadcrumb":{"@id":"https:\/\/www.meydan.tv\/az\/article\/bakida-quru-serhedleri-acin-telebiyle-aksiya\/#breadcrumb"},"inLanguage":"az","potentialAction":[{"@type":"ReadAction","target":["https:\/\/www.meydan.tv\/az\/article\/bakida-quru-serhedleri-acin-telebiyle-aksiya\/"]}]},{"@type":"ImageObject","inLanguage":"az","@id":"https:\/\/www.meydan.tv\/az\/article\/bakida-quru-serhedleri-acin-telebiyle-aksiya\/#primaryimage","url":"https:\/\/www.meydan.tv\/wp-content\/uploads\/08a40000-e1658324853266.jpg","contentUrl":"https:\/\/www.meydan.tv\/wp-content\/uploads\/08a40000-e1658324853266.jpg","width":1200,"height":534,"caption":"Foto: Meydan TV"},{"@type":"BreadcrumbList","@id":"https:\/\/www.meydan.tv\/az\/article\/bakida-quru-serhedleri-acin-telebiyle-aksiya\/#breadcrumb","itemListElement":[{"@type":"ListItem","position":1,"name":"Ana s\u0259hif\u0259","item":"https:\/\/www.meydan.tv\/az\/"},{"@type":"ListItem","position":2,"name":"Siyas\u0259t","item":"https:\/\/www.meydan.tv\/az\/section\/siyaset\/"},{"@type":"ListItem","position":3,"name":"\u201cQuru s\u0259rh\u0259di a\u00e7\u0131n!\u201d t\u0259l\u0259biyl\u0259 aksiyada saxlan\u0131lan siyasi f\u0259ala 30 sutka c\u0259za &#8211; Yenil\u0259nib"}]},{"@type":"WebSite","@id":"https:\/\/www.meydan.tv\/az\/#website","url":"https:\/\/www.meydan.tv\/az\/","name":"MEYDAN.TV","description":"Meydan TV Az\u0259rbaycan\u0131n media m\u0259kan\u0131ndak\u0131 alternativ s\u0259sidir","publisher":{"@id":"https:\/\/www.meydan.tv\/az\/#organization"},"potentialAction":[{"@type":"SearchAction","target":{"@type":"EntryPoint","urlTemplate":"https:\/\/www.meydan.tv\/az\/?s={search_term_string}"},"query-input":{"@type":"PropertyValueSpecification","valueRequired":true,"valueName":"search_term_string"}}],"inLanguage":"az"},{"@type":"Organization","@id":"https:\/\/www.meydan.tv\/az\/#organization","name":"Meydan TV","url":"https:\/\/www.meydan.tv\/az\/","logo":{"@type":"ImageObject","inLanguage":"az","@id":"https:\/\/www.meydan.tv\/az\/#\/schema\/logo\/image\/","url":"https:\/\/www.meydan.tv\/wp-content\/uploads\/2021\/07\/meydan-logo.svg","contentUrl":"https:\/\/www.meydan.tv\/wp-content\/uploads\/2021\/07\/meydan-logo.svg","width":195,"height":46,"caption":"Meydan TV"},"image":{"@id":"https:\/\/www.meydan.tv\/az\/#\/schema\/logo\/image\/"}},{"@type":"Person","@id":"https:\/\/www.meydan.tv\/az\/#\/schema\/person\/9cdbecf90d17180ce1dfbd95b08dcf47","name":"elli","sameAs":["https:\/\/x.com\/elli"]}]}},"_links":{"self":[{"href":"https:\/\/www.meydan.tv\/az\/wp-json\/wp\/v2\/posts\/251383","targetHints":{"allow":["GET"]}}],"collection":[{"href":"https:\/\/www.meydan.tv\/az\/wp-json\/wp\/v2\/posts"}],"about":[{"href":"https:\/\/www.meydan.tv\/az\/wp-json\/wp\/v2\/types\/post"}],"author":[{"embeddable":true,"href":"https:\/\/www.meydan.tv\/az\/wp-json\/wp\/v2\/users\/8"}],"replies":[{"embeddable":true,"href":"https:\/\/www.meydan.tv\/az\/wp-json\/wp\/v2\/comments?post=251383"}],"version-history":[{"count":3,"href":"https:\/\/www.meydan.tv\/az\/wp-json\/wp\/v2\/posts\/251383\/revisions"}],"predecessor-version":[{"id":251397,"href":"https:\/\/www.meydan.tv\/az\/wp-json\/wp\/v2\/posts\/251383\/revisions\/251397"}],"wp:featuredmedia":[{"embeddable":true,"href":"https:\/\/www.meydan.tv\/az\/wp-json\/wp\/v2\/media\/251367"}],"wp:attachment":[{"href":"https:\/\/www.meydan.tv\/az\/wp-json\/wp\/v2\/media?parent=251383"}],"wp:term":[{"taxonomy":"category","embeddable":true,"href":"https:\/\/www.meydan.tv\/az\/wp-json\/wp\/v2\/categories?post=251383"},{"taxonomy":"post_tag","embeddable":true,"href":"https:\/\/www.meydan.tv\/az\/wp-json\/wp\/v2\/tags?post=251383"}],"curies":[{"name":"wp","href":"https:\/\/api.w.org\/{rel}","templated":true}]}}