{"id":251353,"date":"2022-07-20T15:50:48","date_gmt":"2022-07-20T11:50:48","guid":{"rendered":"https:\/\/www.meydan.tv\/?p=251353"},"modified":"2022-07-20T15:50:49","modified_gmt":"2022-07-20T11:50:49","slug":"goycay-sakini-polis-adami-cezasiz-buraxib-deye-sekseke-icinde-yasayiram","status":"publish","type":"post","link":"https:\/\/www.meydan.tv\/az\/article\/goycay-sakini-polis-adami-cezasiz-buraxib-deye-sekseke-icinde-yasayiram\/","title":{"rendered":"G\u00f6y\u00e7ay sakini: \u201cPolis adam\u0131 c\u0259zas\u0131z burax\u0131b dey\u0259 s\u0259ks\u0259k\u0259 i\u00e7ind\u0259 ya\u015fay\u0131ram\u201d"},"content":{"rendered":"\n<p><\/p>\n\n\n\n<p><em>T\u00f6vl\u0259si, in\u0259kl\u0259ti yanan \u015f\u0259xs qon\u015fusundan \u015fikay\u0259t\u00e7idir<\/em><\/p>\n\n\n\n<p>\u201cYan\u011f\u0131ns\u00f6nd\u00fcr\u0259nl\u0259r yeti\u015finc\u0259 t\u00f6vl\u0259 d\u0259 k\u00fcl\u0259 g\u00f6nd\u00fc, in\u0259kl\u0259r d\u0259. Hadis\u0259nin \u00fcst\u00fcnd\u0259n d\u00f6rd ay ke\u00e7ib, hadis\u0259ni t\u00f6r\u0259d\u0259n adam g\u00f6z\u00fcm\u00fcz\u00fcn \u00f6n\u00fcnd\u0259 g\u0259zir, d\u0259ymi\u015f z\u0259r\u0259ri \u00f6d\u0259mir, polis d\u0259 bir t\u0259dbir g\u00f6rm\u00fcr\u201d.<\/p>\n\n\n\n<p>G\u00f6y\u00e7ay rayonunun \u015e\u0259k\u0259r k\u0259nd sakini Raqif Salmanov Meydan TV-y\u0259 dan\u0131\u015f\u0131r ki, bu ilin mart\u0131nda onun v\u0259 11 ya\u015fl\u0131 o\u011flunun g\u00f6z\u00fc \u00f6n\u00fcnd\u0259 mal-qara t\u00f6vl\u0259si yand\u0131r\u0131l\u0131b. Hadis\u0259 yerin\u0259 g\u0259l\u0259n yan\u011f\u0131ns\u00f6nd\u00fcr\u0259nl\u0259rin m\u00fcdaxil\u0259sin\u0259 baxmayaraq, t\u00f6vl\u0259 tamamil\u0259 yan\u0131b.<\/p>\n\n\n\n<p><strong>\u201cM\u0259n\u0259 10 min manat z\u0259r\u0259r vurub\u201d<\/strong><\/p>\n\n\n\n<p>\u015eikay\u0259t\u00e7inin s\u00f6zl\u0259rin\u0259 g\u00f6r\u0259, n\u0259tic\u0259d\u0259 t\u00f6vl\u0259nin i\u00e7\u0259risind\u0259ki iki iribuynuzlu heyvan da t\u0259l\u0259f olub:<\/p>\n\n\n\n<p>\u201cH\u0259y\u0259timizd\u0259 t\u0259s\u0259rr\u00fcfat i\u015fl\u0259riyl\u0259 m\u0259\u015f\u011fulduq. Yusif adl\u0131 h\u0259mk\u0259ndlim q\u0259fil t\u00f6vl\u0259ni al\u0131\u015fd\u0131r\u0131b, qa\u00e7d\u0131. Ondan iki g\u00fcn \u0259vv\u0259ls\u0259 ot tayam\u0131za od vurmu\u015fdu. H\u0259r iki faktla ba\u011fl\u0131 polis\u0259 m\u00fcraci\u0259t etmi\u015f\u0259m, izahat\u0131m\u0131 al\u0131blar. Yanan \u0259mlaka v\u0259 mal-qaraya bax\u0131\u015f ke\u00e7irilib, d\u0259ymi\u015f z\u0259r\u0259r 10 min manat m\u0259bl\u0259\u011find\u0259 hesablan\u0131b. Polis dedi, ist\u0259yirs\u0259ns\u0259, g\u0259tirsin, 7 min versin, s\u00f6hb\u0259t ba\u011flans\u0131n. Raz\u0131la\u015fd\u0131m. Ancaq z\u0259r\u0259ri vuran adam he\u00e7 o 7 min manat\u0131 da vermir ax\u0131\u2026\u201d<\/p>\n\n\n\n<p>Raqif Salmanov deyir, hadis\u0259ni qon\u015fuluqda ya\u015fayan Yusif adl\u0131 \u015f\u0259xs t\u00f6r\u0259dib:<\/p>\n\n\n\n<p>\u201cQon\u015fu kimi h\u0259mi\u015f\u0259 m\u00fcnasib\u0259timiz yax\u015f\u0131 olub. Atas\u0131 deyir, Yusifin bu h\u0259r\u0259k\u0259ti onun \u00fc\u00e7\u00fcn d\u0259 g\u00f6zl\u0259nilm\u0259z olub. Deyir\u0259m, ay Yusif, niy\u0259 od vurdun mal-qarama, ax\u0131 m\u0259n tifill\u0259rimi b\u00f6y\u00fctm\u0259k \u00fc\u00e7\u00fcn g\u00f6z\u00fcm\u00fc o in\u0259kl\u0259r\u0259 dikmi\u015fdim. Deyir: \u201c\u0130sve\u00e7 sortudur, sizd\u0259 var, bizd\u0259 yoxdur, ist\u0259dim ki, sizd\u0259 d\u0259 olmas\u0131n. \u0130sve\u00e7 sort heyvanlar\u0131n \u0259ti, s\u00fcd\u00fc \u00e7ox olur\u201d. M\u0259nim h\u0259r in\u0259yimin 5 min manat d\u0259y\u0259ri vard\u0131. Birinin qarn\u0131nda balas\u0131 da vard\u0131 yananda\u2026 Bax, bel\u0259 bir m\u0259rdim\u0259zar h\u0259r\u0259k\u0259tl\u0259 \u00fcz-\u00fcz\u0259 qalm\u0131\u015f\u0131q. Gedir\u0259m polis\u0259, deyir\u0259m, kas\u0131b adamam, k\u00fclf\u0259tim var, dolan\u0131\u015f\u0131\u011f\u0131m o in\u0259kl\u0259r idi. He\u00e7 olmasa g\u0259tirsin z\u0259r\u0259ri \u00f6d\u0259sin, gedim heyvan al\u0131m, ba\u015f\u0131m\u0131n \u00e7ar\u0259sin\u0259 bax\u0131m\u201d.<\/p>\n\n\n<div class=\"wp-block-image\">\n<figure class=\"alignleft size-full is-resized\"><img decoding=\"async\" data-src=\"https:\/\/www.meydan.tv\/wp-content\/uploads\/rafiq.jpeg\" alt=\"\" class=\"wp-image-251354 lazyload\" width=\"355\" height=\"400\" src=\"data:image\/svg+xml;base64,PHN2ZyB3aWR0aD0iMSIgaGVpZ2h0PSIxIiB4bWxucz0iaHR0cDovL3d3dy53My5vcmcvMjAwMC9zdmciPjwvc3ZnPg==\" style=\"--smush-placeholder-width: 355px; --smush-placeholder-aspect-ratio: 355\/400;\" \/><figcaption>Foto: Raqif Salmanovun \u015f\u0259xsi arxivind\u0259n<\/figcaption><\/figure>\n<\/div>\n\n\n<p><strong>\u201cO, c\u0259zas\u0131z qald\u0131qca, m\u0259nim h\u0259y\u0259can\u0131m art\u0131r\u201d<\/strong><\/p>\n\n\n\n<p>Raqif Salmanov hesab edir ki, polis h\u0259r\u0259k\u0259t\u0259 ke\u00e7m\u0259dikc\u0259, \u0259vv\u0259l ot tayas\u0131n\u0131, sonra t\u00f6vl\u0259sini yand\u0131ran \u015f\u0259xs bu c\u0259zas\u0131zl\u0131qdan istifad\u0259 edib daha a\u011f\u0131r cinay\u0259t\u0259 \u0259l ata bil\u0259r:<\/p>\n\n\n\n<p>\u201cTayalar\u0131m\u0131 yand\u0131rd\u0131, polis dinm\u0259di, t\u00f6vl\u0259mi, mal-qaram\u0131 yand\u0131rd\u0131, polis yen\u0259 dinmir. O, c\u0259zas\u0131z qald\u0131qca, m\u0259nim h\u0259y\u0259can\u0131m art\u0131r. \u0130\u00e7\u0259risind\u0259 in\u0259kl\u0259r olan t\u00f6vl\u0259y\u0259 od vuran adam sabah g\u0259lib i\u00e7\u0259risind\u0259 u\u015faqlar\u0131m olan evimi d\u0259 yand\u0131rar. M\u0259n s\u0259ks\u0259k\u0259 i\u00e7ind\u0259 qalm\u0131\u015fam. Bel\u0259 \u00e7\u0131x\u0131r ki, polis bu adam\u0131 c\u0259zas\u0131z buraxacaq dey\u0259, m\u0259n \u00f6mr\u00fcm boyu s\u0259ks\u0259k\u0259 i\u00e7ind\u0259 ya\u015famal\u0131yam, gec\u0259-g\u00fcnd\u00fcz aya\u011f\u0131m\u0131 k\u0259nara atmamal\u0131yam, evimi qon\u015fudan qorumal\u0131yam ki, bird\u0259n kefin\u0259 d\u00fc\u015f\u0259r, g\u0259lib yand\u0131rar\u2026\u201d<\/p>\n\n\n\n<p>G\u00f6y\u00e7ay Rayon Polis \u015e\u00f6b\u0259sind\u0259n Meydan TV-y\u0259 bildirilib ki, mart\u0131n 26-da g\u00fcnorta saatlar\u0131nda \u015e\u0259k\u0259r k\u0259nd sakini Raqif Salmanovun h\u0259y\u0259tind\u0259ki mal t\u00f6vl\u0259si i\u00e7\u0259risind\u0259ki iki heyvanla birlikd\u0259 yan\u0131b. Raqif Salmanov t\u00f6vl\u0259nin yanmas\u0131nda k\u0259nd sakini Yusif P\u0259nahovdan \u015f\u00fcbh\u0259l\u0259ndiyini bildirib. Raqif Salmanovun v\u0259 ail\u0259 \u00fczvl\u0259rinin, h\u0259m\u00e7inin Yusif P\u0259nahovun izahatlar\u0131 al\u0131n\u0131b. Faktla ba\u011fl\u0131 ara\u015fd\u0131rmalar davam edir.<\/p>\n","protected":false},"excerpt":{"rendered":"<p>T\u00f6vl\u0259si, in\u0259kl\u0259ti yanan \u015f\u0259xs qon\u015fusundan \u015fikay\u0259t\u00e7idir \u201cYan\u011f\u0131ns\u00f6nd\u00fcr\u0259nl\u0259r yeti\u015finc\u0259 t\u00f6vl\u0259 d\u0259 &#8230; <\/p>\n<p class=\"read-more-container\"><a title=\"G\u00f6y\u00e7ay sakini: \u201cPolis adam\u0131 c\u0259zas\u0131z burax\u0131b dey\u0259 s\u0259ks\u0259k\u0259 i\u00e7ind\u0259 ya\u015fay\u0131ram\u201d\" class=\"read-more button\" href=\"https:\/\/www.meydan.tv\/az\/article\/goycay-sakini-polis-adami-cezasiz-buraxib-deye-sekseke-icinde-yasayiram\/#more-251353\" aria-label=\"Read more about G\u00f6y\u00e7ay sakini: \u201cPolis adam\u0131 c\u0259zas\u0131z burax\u0131b dey\u0259 s\u0259ks\u0259k\u0259 i\u00e7ind\u0259 ya\u015fay\u0131ram\u201d\">Davam\u0131<\/a><\/p>\n","protected":false},"author":8,"featured_media":239399,"comment_status":"closed","ping_status":"closed","sticky":false,"template":"","format":"standard","meta":{"_acf_changed":false,"_sitemap_exclude":false,"_sitemap_priority":"","_sitemap_frequency":"","footnotes":""},"categories":[60,79,56],"tags":[],"class_list":["post-251353","post","type-post","status-publish","format-standard","has-post-thumbnail","hentry","category-bolge","category-featured","category-xeberler","infinite-scroll-item","generate-columns","tablet-grid-50","mobile-grid-100","grid-parent","grid-33","no-featured-image-padding"],"acf":[],"yoast_head":"<!-- This site is optimized with the Yoast SEO plugin v27.5 - https:\/\/yoast.com\/product\/yoast-seo-wordpress\/ -->\n<title>G\u00f6y\u00e7ay sakini: \u201cPolis adam\u0131 c\u0259zas\u0131z burax\u0131b dey\u0259 s\u0259ks\u0259k\u0259 i\u00e7ind\u0259 ya\u015fay\u0131ram\u201d - MEYDAN.TV<\/title>\n<meta name=\"robots\" content=\"index, follow, max-snippet:-1, max-image-preview:large, max-video-preview:-1\" \/>\n<link rel=\"canonical\" href=\"https:\/\/www.meydan.tv\/az\/article\/goycay-sakini-polis-adami-cezasiz-buraxib-deye-sekseke-icinde-yasayiram\/\" \/>\n<meta property=\"og:locale\" content=\"az_AZ\" \/>\n<meta property=\"og:type\" content=\"article\" \/>\n<meta property=\"og:title\" content=\"G\u00f6y\u00e7ay sakini: \u201cPolis adam\u0131 c\u0259zas\u0131z burax\u0131b dey\u0259 s\u0259ks\u0259k\u0259 i\u00e7ind\u0259 ya\u015fay\u0131ram\u201d - MEYDAN.TV\" \/>\n<meta property=\"og:description\" content=\"T\u00f6vl\u0259si, in\u0259kl\u0259ti yanan \u015f\u0259xs qon\u015fusundan \u015fikay\u0259t\u00e7idir \u201cYan\u011f\u0131ns\u00f6nd\u00fcr\u0259nl\u0259r yeti\u015finc\u0259 t\u00f6vl\u0259 d\u0259 ... Davam\u0131\" \/>\n<meta property=\"og:url\" content=\"https:\/\/www.meydan.tv\/az\/article\/goycay-sakini-polis-adami-cezasiz-buraxib-deye-sekseke-icinde-yasayiram\/\" \/>\n<meta property=\"og:site_name\" content=\"MEYDAN.TV\" \/>\n<meta property=\"article:published_time\" content=\"2022-07-20T11:50:48+00:00\" \/>\n<meta property=\"article:modified_time\" content=\"2022-07-20T11:50:49+00:00\" \/>\n<meta property=\"og:image\" content=\"https:\/\/www.meydan.tv\/wp-content\/uploads\/img-20220317-wa0003.jpg\" \/>\n\t<meta property=\"og:image:width\" content=\"1200\" \/>\n\t<meta property=\"og:image:height\" content=\"960\" \/>\n\t<meta property=\"og:image:type\" content=\"image\/jpeg\" \/>\n<meta name=\"author\" content=\"elli\" \/>\n<meta name=\"twitter:card\" content=\"summary_large_image\" \/>\n<meta name=\"twitter:creator\" content=\"@elli\" \/>\n<script type=\"application\/ld+json\" class=\"yoast-schema-graph\">{\"@context\":\"https:\\\/\\\/schema.org\",\"@graph\":[{\"@type\":\"Article\",\"@id\":\"https:\\\/\\\/www.meydan.tv\\\/az\\\/article\\\/goycay-sakini-polis-adami-cezasiz-buraxib-deye-sekseke-icinde-yasayiram\\\/#article\",\"isPartOf\":{\"@id\":\"https:\\\/\\\/www.meydan.tv\\\/az\\\/article\\\/goycay-sakini-polis-adami-cezasiz-buraxib-deye-sekseke-icinde-yasayiram\\\/\"},\"author\":{\"name\":\"elli\",\"@id\":\"https:\\\/\\\/www.meydan.tv\\\/az\\\/#\\\/schema\\\/person\\\/9cdbecf90d17180ce1dfbd95b08dcf47\"},\"headline\":\"G\u00f6y\u00e7ay sakini: \u201cPolis adam\u0131 c\u0259zas\u0131z burax\u0131b dey\u0259 s\u0259ks\u0259k\u0259 i\u00e7ind\u0259 ya\u015fay\u0131ram\u201d\",\"datePublished\":\"2022-07-20T11:50:48+00:00\",\"dateModified\":\"2022-07-20T11:50:49+00:00\",\"mainEntityOfPage\":{\"@id\":\"https:\\\/\\\/www.meydan.tv\\\/az\\\/article\\\/goycay-sakini-polis-adami-cezasiz-buraxib-deye-sekseke-icinde-yasayiram\\\/\"},\"wordCount\":711,\"publisher\":{\"@id\":\"https:\\\/\\\/www.meydan.tv\\\/az\\\/#organization\"},\"image\":{\"@id\":\"https:\\\/\\\/www.meydan.tv\\\/az\\\/article\\\/goycay-sakini-polis-adami-cezasiz-buraxib-deye-sekseke-icinde-yasayiram\\\/#primaryimage\"},\"thumbnailUrl\":\"https:\\\/\\\/www.meydan.tv\\\/wp-content\\\/uploads\\\/img-20220317-wa0003.jpg\",\"articleSection\":[\"B\u00f6lg\u0259\",\"T\u00f6vsiy\u0259\",\"X\u0259b\u0259rl\u0259r\"],\"inLanguage\":\"az\"},{\"@type\":\"WebPage\",\"@id\":\"https:\\\/\\\/www.meydan.tv\\\/az\\\/article\\\/goycay-sakini-polis-adami-cezasiz-buraxib-deye-sekseke-icinde-yasayiram\\\/\",\"url\":\"https:\\\/\\\/www.meydan.tv\\\/az\\\/article\\\/goycay-sakini-polis-adami-cezasiz-buraxib-deye-sekseke-icinde-yasayiram\\\/\",\"name\":\"G\u00f6y\u00e7ay sakini: \u201cPolis adam\u0131 c\u0259zas\u0131z burax\u0131b dey\u0259 s\u0259ks\u0259k\u0259 i\u00e7ind\u0259 ya\u015fay\u0131ram\u201d - MEYDAN.TV\",\"isPartOf\":{\"@id\":\"https:\\\/\\\/www.meydan.tv\\\/az\\\/#website\"},\"primaryImageOfPage\":{\"@id\":\"https:\\\/\\\/www.meydan.tv\\\/az\\\/article\\\/goycay-sakini-polis-adami-cezasiz-buraxib-deye-sekseke-icinde-yasayiram\\\/#primaryimage\"},\"image\":{\"@id\":\"https:\\\/\\\/www.meydan.tv\\\/az\\\/article\\\/goycay-sakini-polis-adami-cezasiz-buraxib-deye-sekseke-icinde-yasayiram\\\/#primaryimage\"},\"thumbnailUrl\":\"https:\\\/\\\/www.meydan.tv\\\/wp-content\\\/uploads\\\/img-20220317-wa0003.jpg\",\"datePublished\":\"2022-07-20T11:50:48+00:00\",\"dateModified\":\"2022-07-20T11:50:49+00:00\",\"breadcrumb\":{\"@id\":\"https:\\\/\\\/www.meydan.tv\\\/az\\\/article\\\/goycay-sakini-polis-adami-cezasiz-buraxib-deye-sekseke-icinde-yasayiram\\\/#breadcrumb\"},\"inLanguage\":\"az\",\"potentialAction\":[{\"@type\":\"ReadAction\",\"target\":[\"https:\\\/\\\/www.meydan.tv\\\/az\\\/article\\\/goycay-sakini-polis-adami-cezasiz-buraxib-deye-sekseke-icinde-yasayiram\\\/\"]}]},{\"@type\":\"ImageObject\",\"inLanguage\":\"az\",\"@id\":\"https:\\\/\\\/www.meydan.tv\\\/az\\\/article\\\/goycay-sakini-polis-adami-cezasiz-buraxib-deye-sekseke-icinde-yasayiram\\\/#primaryimage\",\"url\":\"https:\\\/\\\/www.meydan.tv\\\/wp-content\\\/uploads\\\/img-20220317-wa0003.jpg\",\"contentUrl\":\"https:\\\/\\\/www.meydan.tv\\\/wp-content\\\/uploads\\\/img-20220317-wa0003.jpg\",\"width\":1200,\"height\":960,\"caption\":\"G\u00f6y\u00e7ay Rayon Polis \u015e\u00f6b\u0259si. Foto: D\u0130N\"},{\"@type\":\"BreadcrumbList\",\"@id\":\"https:\\\/\\\/www.meydan.tv\\\/az\\\/article\\\/goycay-sakini-polis-adami-cezasiz-buraxib-deye-sekseke-icinde-yasayiram\\\/#breadcrumb\",\"itemListElement\":[{\"@type\":\"ListItem\",\"position\":1,\"name\":\"Ana s\u0259hif\u0259\",\"item\":\"https:\\\/\\\/www.meydan.tv\\\/az\\\/\"},{\"@type\":\"ListItem\",\"position\":2,\"name\":\"B\u00f6lg\u0259\",\"item\":\"https:\\\/\\\/www.meydan.tv\\\/az\\\/section\\\/bolge\\\/\"},{\"@type\":\"ListItem\",\"position\":3,\"name\":\"G\u00f6y\u00e7ay sakini: \u201cPolis adam\u0131 c\u0259zas\u0131z burax\u0131b dey\u0259 s\u0259ks\u0259k\u0259 i\u00e7ind\u0259 ya\u015fay\u0131ram\u201d\"}]},{\"@type\":\"WebSite\",\"@id\":\"https:\\\/\\\/www.meydan.tv\\\/az\\\/#website\",\"url\":\"https:\\\/\\\/www.meydan.tv\\\/az\\\/\",\"name\":\"MEYDAN.TV\",\"description\":\"Meydan TV Az\u0259rbaycan\u0131n media m\u0259kan\u0131ndak\u0131 alternativ s\u0259sidir\",\"publisher\":{\"@id\":\"https:\\\/\\\/www.meydan.tv\\\/az\\\/#organization\"},\"potentialAction\":[{\"@type\":\"SearchAction\",\"target\":{\"@type\":\"EntryPoint\",\"urlTemplate\":\"https:\\\/\\\/www.meydan.tv\\\/az\\\/?s={search_term_string}\"},\"query-input\":{\"@type\":\"PropertyValueSpecification\",\"valueRequired\":true,\"valueName\":\"search_term_string\"}}],\"inLanguage\":\"az\"},{\"@type\":\"Organization\",\"@id\":\"https:\\\/\\\/www.meydan.tv\\\/az\\\/#organization\",\"name\":\"Meydan TV\",\"url\":\"https:\\\/\\\/www.meydan.tv\\\/az\\\/\",\"logo\":{\"@type\":\"ImageObject\",\"inLanguage\":\"az\",\"@id\":\"https:\\\/\\\/www.meydan.tv\\\/az\\\/#\\\/schema\\\/logo\\\/image\\\/\",\"url\":\"https:\\\/\\\/www.meydan.tv\\\/wp-content\\\/uploads\\\/2021\\\/07\\\/meydan-logo.svg\",\"contentUrl\":\"https:\\\/\\\/www.meydan.tv\\\/wp-content\\\/uploads\\\/2021\\\/07\\\/meydan-logo.svg\",\"width\":195,\"height\":46,\"caption\":\"Meydan TV\"},\"image\":{\"@id\":\"https:\\\/\\\/www.meydan.tv\\\/az\\\/#\\\/schema\\\/logo\\\/image\\\/\"}},{\"@type\":\"Person\",\"@id\":\"https:\\\/\\\/www.meydan.tv\\\/az\\\/#\\\/schema\\\/person\\\/9cdbecf90d17180ce1dfbd95b08dcf47\",\"name\":\"elli\",\"sameAs\":[\"https:\\\/\\\/x.com\\\/elli\"]}]}<\/script>\n<!-- \/ Yoast SEO plugin. -->","yoast_head_json":{"title":"G\u00f6y\u00e7ay sakini: \u201cPolis adam\u0131 c\u0259zas\u0131z burax\u0131b dey\u0259 s\u0259ks\u0259k\u0259 i\u00e7ind\u0259 ya\u015fay\u0131ram\u201d - MEYDAN.TV","robots":{"index":"index","follow":"follow","max-snippet":"max-snippet:-1","max-image-preview":"max-image-preview:large","max-video-preview":"max-video-preview:-1"},"canonical":"https:\/\/www.meydan.tv\/az\/article\/goycay-sakini-polis-adami-cezasiz-buraxib-deye-sekseke-icinde-yasayiram\/","og_locale":"az_AZ","og_type":"article","og_title":"G\u00f6y\u00e7ay sakini: \u201cPolis adam\u0131 c\u0259zas\u0131z burax\u0131b dey\u0259 s\u0259ks\u0259k\u0259 i\u00e7ind\u0259 ya\u015fay\u0131ram\u201d - MEYDAN.TV","og_description":"T\u00f6vl\u0259si, in\u0259kl\u0259ti yanan \u015f\u0259xs qon\u015fusundan \u015fikay\u0259t\u00e7idir \u201cYan\u011f\u0131ns\u00f6nd\u00fcr\u0259nl\u0259r yeti\u015finc\u0259 t\u00f6vl\u0259 d\u0259 ... Davam\u0131","og_url":"https:\/\/www.meydan.tv\/az\/article\/goycay-sakini-polis-adami-cezasiz-buraxib-deye-sekseke-icinde-yasayiram\/","og_site_name":"MEYDAN.TV","article_published_time":"2022-07-20T11:50:48+00:00","article_modified_time":"2022-07-20T11:50:49+00:00","og_image":[{"width":1200,"height":960,"url":"https:\/\/www.meydan.tv\/wp-content\/uploads\/img-20220317-wa0003.jpg","type":"image\/jpeg"}],"author":"elli","twitter_card":"summary_large_image","twitter_creator":"@elli","schema":{"@context":"https:\/\/schema.org","@graph":[{"@type":"Article","@id":"https:\/\/www.meydan.tv\/az\/article\/goycay-sakini-polis-adami-cezasiz-buraxib-deye-sekseke-icinde-yasayiram\/#article","isPartOf":{"@id":"https:\/\/www.meydan.tv\/az\/article\/goycay-sakini-polis-adami-cezasiz-buraxib-deye-sekseke-icinde-yasayiram\/"},"author":{"name":"elli","@id":"https:\/\/www.meydan.tv\/az\/#\/schema\/person\/9cdbecf90d17180ce1dfbd95b08dcf47"},"headline":"G\u00f6y\u00e7ay sakini: \u201cPolis adam\u0131 c\u0259zas\u0131z burax\u0131b dey\u0259 s\u0259ks\u0259k\u0259 i\u00e7ind\u0259 ya\u015fay\u0131ram\u201d","datePublished":"2022-07-20T11:50:48+00:00","dateModified":"2022-07-20T11:50:49+00:00","mainEntityOfPage":{"@id":"https:\/\/www.meydan.tv\/az\/article\/goycay-sakini-polis-adami-cezasiz-buraxib-deye-sekseke-icinde-yasayiram\/"},"wordCount":711,"publisher":{"@id":"https:\/\/www.meydan.tv\/az\/#organization"},"image":{"@id":"https:\/\/www.meydan.tv\/az\/article\/goycay-sakini-polis-adami-cezasiz-buraxib-deye-sekseke-icinde-yasayiram\/#primaryimage"},"thumbnailUrl":"https:\/\/www.meydan.tv\/wp-content\/uploads\/img-20220317-wa0003.jpg","articleSection":["B\u00f6lg\u0259","T\u00f6vsiy\u0259","X\u0259b\u0259rl\u0259r"],"inLanguage":"az"},{"@type":"WebPage","@id":"https:\/\/www.meydan.tv\/az\/article\/goycay-sakini-polis-adami-cezasiz-buraxib-deye-sekseke-icinde-yasayiram\/","url":"https:\/\/www.meydan.tv\/az\/article\/goycay-sakini-polis-adami-cezasiz-buraxib-deye-sekseke-icinde-yasayiram\/","name":"G\u00f6y\u00e7ay sakini: \u201cPolis adam\u0131 c\u0259zas\u0131z burax\u0131b dey\u0259 s\u0259ks\u0259k\u0259 i\u00e7ind\u0259 ya\u015fay\u0131ram\u201d - MEYDAN.TV","isPartOf":{"@id":"https:\/\/www.meydan.tv\/az\/#website"},"primaryImageOfPage":{"@id":"https:\/\/www.meydan.tv\/az\/article\/goycay-sakini-polis-adami-cezasiz-buraxib-deye-sekseke-icinde-yasayiram\/#primaryimage"},"image":{"@id":"https:\/\/www.meydan.tv\/az\/article\/goycay-sakini-polis-adami-cezasiz-buraxib-deye-sekseke-icinde-yasayiram\/#primaryimage"},"thumbnailUrl":"https:\/\/www.meydan.tv\/wp-content\/uploads\/img-20220317-wa0003.jpg","datePublished":"2022-07-20T11:50:48+00:00","dateModified":"2022-07-20T11:50:49+00:00","breadcrumb":{"@id":"https:\/\/www.meydan.tv\/az\/article\/goycay-sakini-polis-adami-cezasiz-buraxib-deye-sekseke-icinde-yasayiram\/#breadcrumb"},"inLanguage":"az","potentialAction":[{"@type":"ReadAction","target":["https:\/\/www.meydan.tv\/az\/article\/goycay-sakini-polis-adami-cezasiz-buraxib-deye-sekseke-icinde-yasayiram\/"]}]},{"@type":"ImageObject","inLanguage":"az","@id":"https:\/\/www.meydan.tv\/az\/article\/goycay-sakini-polis-adami-cezasiz-buraxib-deye-sekseke-icinde-yasayiram\/#primaryimage","url":"https:\/\/www.meydan.tv\/wp-content\/uploads\/img-20220317-wa0003.jpg","contentUrl":"https:\/\/www.meydan.tv\/wp-content\/uploads\/img-20220317-wa0003.jpg","width":1200,"height":960,"caption":"G\u00f6y\u00e7ay Rayon Polis \u015e\u00f6b\u0259si. Foto: D\u0130N"},{"@type":"BreadcrumbList","@id":"https:\/\/www.meydan.tv\/az\/article\/goycay-sakini-polis-adami-cezasiz-buraxib-deye-sekseke-icinde-yasayiram\/#breadcrumb","itemListElement":[{"@type":"ListItem","position":1,"name":"Ana s\u0259hif\u0259","item":"https:\/\/www.meydan.tv\/az\/"},{"@type":"ListItem","position":2,"name":"B\u00f6lg\u0259","item":"https:\/\/www.meydan.tv\/az\/section\/bolge\/"},{"@type":"ListItem","position":3,"name":"G\u00f6y\u00e7ay sakini: \u201cPolis adam\u0131 c\u0259zas\u0131z burax\u0131b dey\u0259 s\u0259ks\u0259k\u0259 i\u00e7ind\u0259 ya\u015fay\u0131ram\u201d"}]},{"@type":"WebSite","@id":"https:\/\/www.meydan.tv\/az\/#website","url":"https:\/\/www.meydan.tv\/az\/","name":"MEYDAN.TV","description":"Meydan TV Az\u0259rbaycan\u0131n media m\u0259kan\u0131ndak\u0131 alternativ s\u0259sidir","publisher":{"@id":"https:\/\/www.meydan.tv\/az\/#organization"},"potentialAction":[{"@type":"SearchAction","target":{"@type":"EntryPoint","urlTemplate":"https:\/\/www.meydan.tv\/az\/?s={search_term_string}"},"query-input":{"@type":"PropertyValueSpecification","valueRequired":true,"valueName":"search_term_string"}}],"inLanguage":"az"},{"@type":"Organization","@id":"https:\/\/www.meydan.tv\/az\/#organization","name":"Meydan TV","url":"https:\/\/www.meydan.tv\/az\/","logo":{"@type":"ImageObject","inLanguage":"az","@id":"https:\/\/www.meydan.tv\/az\/#\/schema\/logo\/image\/","url":"https:\/\/www.meydan.tv\/wp-content\/uploads\/2021\/07\/meydan-logo.svg","contentUrl":"https:\/\/www.meydan.tv\/wp-content\/uploads\/2021\/07\/meydan-logo.svg","width":195,"height":46,"caption":"Meydan TV"},"image":{"@id":"https:\/\/www.meydan.tv\/az\/#\/schema\/logo\/image\/"}},{"@type":"Person","@id":"https:\/\/www.meydan.tv\/az\/#\/schema\/person\/9cdbecf90d17180ce1dfbd95b08dcf47","name":"elli","sameAs":["https:\/\/x.com\/elli"]}]}},"_links":{"self":[{"href":"https:\/\/www.meydan.tv\/az\/wp-json\/wp\/v2\/posts\/251353","targetHints":{"allow":["GET"]}}],"collection":[{"href":"https:\/\/www.meydan.tv\/az\/wp-json\/wp\/v2\/posts"}],"about":[{"href":"https:\/\/www.meydan.tv\/az\/wp-json\/wp\/v2\/types\/post"}],"author":[{"embeddable":true,"href":"https:\/\/www.meydan.tv\/az\/wp-json\/wp\/v2\/users\/8"}],"replies":[{"embeddable":true,"href":"https:\/\/www.meydan.tv\/az\/wp-json\/wp\/v2\/comments?post=251353"}],"version-history":[{"count":1,"href":"https:\/\/www.meydan.tv\/az\/wp-json\/wp\/v2\/posts\/251353\/revisions"}],"predecessor-version":[{"id":251357,"href":"https:\/\/www.meydan.tv\/az\/wp-json\/wp\/v2\/posts\/251353\/revisions\/251357"}],"wp:featuredmedia":[{"embeddable":true,"href":"https:\/\/www.meydan.tv\/az\/wp-json\/wp\/v2\/media\/239399"}],"wp:attachment":[{"href":"https:\/\/www.meydan.tv\/az\/wp-json\/wp\/v2\/media?parent=251353"}],"wp:term":[{"taxonomy":"category","embeddable":true,"href":"https:\/\/www.meydan.tv\/az\/wp-json\/wp\/v2\/categories?post=251353"},{"taxonomy":"post_tag","embeddable":true,"href":"https:\/\/www.meydan.tv\/az\/wp-json\/wp\/v2\/tags?post=251353"}],"curies":[{"name":"wp","href":"https:\/\/api.w.org\/{rel}","templated":true}]}}