{"id":251319,"date":"2022-07-20T13:10:01","date_gmt":"2022-07-20T09:10:01","guid":{"rendered":"https:\/\/www.meydan.tv\/?p=251319"},"modified":"2022-07-20T13:10:07","modified_gmt":"2022-07-20T09:10:07","slug":"samaxi-sakini-qapini-gec-acdigina-gore-arvadini-doyub-oldurduyunu-deyir","status":"publish","type":"post","link":"https:\/\/www.meydan.tv\/az\/article\/samaxi-sakini-qapini-gec-acdigina-gore-arvadini-doyub-oldurduyunu-deyir\/","title":{"rendered":"\u015eamax\u0131 sakini qap\u0131n\u0131 gec a\u00e7d\u0131\u011f\u0131na g\u00f6r\u0259 arvad\u0131n\u0131 d\u00f6y\u00fcb \u00f6ld\u00fcrd\u00fcy\u00fcn\u00fc deyir"},"content":{"rendered":"\n<p><em>M\u0259hk\u0259m\u0259 prosesi yekunla\u015fd\u0131, 4 u\u015faq atas\u0131na h\u00f6km oxundu<\/em><\/p>\n\n\n\n<p>\u015eamax\u0131da 37 ya\u015fl\u0131 \u015eakir C\u0259f\u0259rov h\u0259yat yolda\u015f\u0131 S\u0259kin\u0259 Quliyevan\u0131 qap\u0131n\u0131 gec a\u00e7d\u0131\u011f\u0131na g\u00f6r\u0259 d\u00f6y\u00fcb \u00f6ld\u00fcrd\u00fcy\u00fcn\u00fc deyir. 32 ya\u015fl\u0131 S\u0259kin\u0259 h\u0259m d\u0259 onun xalas\u0131 q\u0131z\u0131 olub. Onlar\u0131n birg\u0259 nikahdan ikisi q\u0131z, ikisi o\u011flan olmaqla, 4 \u00f6vladlar\u0131 var. U\u015faqlardan \u0259n b\u00f6y\u00fcy\u00fc 14, \u0259n ki\u00e7iyi is\u0259 6 ya\u015f\u0131ndad\u0131r.<\/p>\n\n\n\n<p>\u015eakir C\u0259f\u0259rov etiraf edib ki, hadis\u0259 ba\u015f ver\u0259rk\u0259n o, s\u0259rxo\u015f v\u0259ziyy\u0259td\u0259 olub. Gec\u0259 saat 2 rad\u0259l\u0259rind\u0259 ev\u0259 g\u0259lib, darvazan\u0131 d\u00f6ys\u0259 d\u0259, a\u00e7an olmay\u0131b. O, qap\u0131n\u0131n a\u00e7\u0131lmas\u0131n\u0131 g\u00f6zl\u0259m\u0259d\u0259n hasara \u00e7\u0131xmaqla evin h\u0259y\u0259tin\u0259 d\u00fc\u015f\u00fcb. H\u0259yat yolda\u015f\u0131n\u0131n hamamda oldu\u011funu g\u00f6r\u00fcb. Ona qap\u0131n\u0131 gec a\u00e7mas\u0131n\u0131 irad tutub.<\/p>\n\n\n\n<p>\u015eakir C\u0259f\u0259rovun s\u00f6zl\u0259rin\u0259 g\u00f6r\u0259, h\u0259min vaxt arvad\u0131n\u0131n ona \u201cg\u00f6rm\u00fcrs\u0259n, \u0259limd\u0259 i\u015fim var\u201d deyib cavab qaytarmas\u0131ndan \u0259s\u0259bil\u0259\u015fib v\u0259 onu d\u00f6ym\u0259y\u0259 ba\u015flay\u0131b. S\u0259s-k\u00fcy\u0259 u\u015faqlar yuxudan oyan\u0131b.<\/p>\n\n\n\n<p>Z\u0259rb\u0259l\u0259rd\u0259n S\u0259kin\u0259 Quliyevan\u0131n sif\u0259ti qan i\u00e7ind\u0259 olub. B\u00f6y\u00fck q\u0131z\u0131 Aysu su g\u0259tirib, o, sif\u0259tini yuyub. Paltarlar\u0131n\u0131n \u00fcst\u00fc qan v\u0259 \u00fcz\u00fcn\u00fc yuyanda ya\u015f oldu\u011funa g\u00f6r\u0259 onlar\u0131 \u00e7\u0131xar\u0131b. H\u0259min vaxt S\u0259kin\u0259nin v\u0259ziyy\u0259tinin yax\u015f\u0131 olmad\u0131\u011f\u0131n\u0131 g\u00f6r\u00fcbl\u0259r. \u015eakir C\u0259f\u0259rov onu apar\u0131b yatd\u0131\u011f\u0131 \u00e7arpay\u0131ya uzad\u0131b, u\u015faqlar da gedib yat\u0131b.<\/p>\n\n\n\n<p>\u201cOna dedim ki, ba\u015f\u0131n a\u011fr\u0131y\u0131rsa, h\u0259kim \u00e7a\u011f\u0131r\u0131m. Dedi ki, yox, z\u0259ng el\u0259m\u0259, yoxsa s\u0259ni tutacaqlar\u2026\u201d, &#8211; \u015eakir C\u0259f\u0259rov ifad\u0259sind\u0259 bildirib.<\/p>\n\n\n\n<p>Onun s\u00f6zl\u0259rin\u0259 g\u00f6r\u0259, s\u0259h\u0259r saatlar\u0131nda yuxudan oyananda h\u0259yat yolda\u015f\u0131n\u0131n b\u0259d\u0259ninin soyuq oldu\u011funu, n\u0259f\u0259s almad\u0131\u011f\u0131n\u0131 g\u00f6r\u00fcb, onun \u00f6ld\u00fcy\u00fcn\u00fc ba\u015fa d\u00fc\u015f\u00fcb. \u018fvv\u0259lc\u0259 u\u015faqlar\u0131 oyad\u0131b, atas\u0131gil\u0259 apar\u0131b qoyub, \u00f6z\u00fc is\u0259 polis \u015f\u00f6b\u0259sin\u0259 ged\u0259r\u0259k t\u0259slim olub.<\/p>\n\n\n\n<p>Hadis\u0259 yerin\u0259 g\u0259l\u0259nl\u0259r S\u0259kin\u0259 Quliyevan\u0131n sa\u00e7\u0131n\u0131n bir hiss\u0259sinin q\u0131rx\u0131lm\u0131\u015f, bir hiss\u0259sinin is\u0259 q\u0131sa k\u0259silmi\u015f v\u0259ziyy\u0259td\u0259 oldu\u011funu g\u00f6r\u00fcb. Lakin \u015eakir C\u0259f\u0259rov arvad\u0131n\u0131n ba\u015f\u0131n\u0131 zorla q\u0131rxmas\u0131 haqda ittiham\u0131 q\u0259bul etmir. O deyib ki, S\u0259kin\u0259nin ba\u015f\u0131 m\u00f6hk\u0259m a\u011fr\u0131d\u0131\u011f\u0131na g\u00f6r\u0259 hadis\u0259d\u0259n bir g\u00fcn \u0259vv\u0259l sa\u00e7\u0131n\u0131 q\u0131rxaca\u011f\u0131n\u0131 demi\u015fdi. Hadis\u0259 g\u00fcn\u00fc gec\u0259 ev\u0259 g\u0259l\u0259nd\u0259 d\u0259 hamamda onun sa\u00e7\u0131n\u0131n bir hiss\u0259sini q\u0131rxd\u0131\u011f\u0131n\u0131 g\u00f6r\u00fcb. Davadan sonra ara sakitl\u0259\u015f\u0259nd\u0259 d\u0259 S\u0259kin\u0259d\u0259n soru\u015fub ki, niy\u0259 bir hiss\u0259sini q\u0131rx\u0131b, bir hiss\u0259sini saxlay\u0131b? O is\u0259 cavab\u0131nda sa\u00e7q\u0131rxan ma\u015f\u0131n\u0131n xarab oldu\u011funu deyib v\u0259 t\u0259klif edib ki, qalan hiss\u0259ni qay\u00e7\u0131 il\u0259 k\u0259ssin.<\/p>\n\n\n\n<p>H\u00fcquq-m\u00fchafiz\u0259 orqanlar\u0131n\u0131n \u0259m\u0259kda\u015flar\u0131 evd\u0259n \u00fcst\u00fcnd\u0259n qan olan qay\u00e7\u0131, sa\u00e7q\u0131rxan ma\u015f\u0131n v\u0259 t\u00fck topas\u0131 da tap\u0131blar.<\/p>\n\n\n\n<p>\u015eakir C\u0259f\u0259rov x\u00fcsusi amans\u0131zl\u0131qla q\u0259sd\u0259n adam \u00f6ld\u00fcrm\u0259kd\u0259 ittiham edil\u0259r\u0259k m\u0259hk\u0259m\u0259 qar\u015f\u0131s\u0131na \u00e7\u0131xar\u0131l\u0131b. O, \u0259m\u0259lind\u0259n \u00e7ox pe\u015fman oldu\u011funu deyib. Bununla bel\u0259, \u00f6z\u00fcn\u00fc Cinay\u0259t M\u0259c\u0259ll\u0259sinin 120.2.4 (x\u00fcsusi amans\u0131zl\u0131qla q\u0259sd\u0259n adam \u00f6ld\u00fcrm\u0259) madd\u0259sil\u0259 t\u0259qsirli bilm\u0259yib. Deyib ki, h\u0259yat yolda\u015f\u0131n\u0131 \u00f6ld\u00fcrm\u0259k niyy\u0259ti olmay\u0131b. O, \u0259m\u0259linin Cinay\u0259t M\u0259c\u0259ll\u0259sinin 126.3 (q\u0259sd\u0259n b\u0259d\u0259n\u0259 a\u011f\u0131r x\u0259sar\u0259t yetirm\u0259, \u00f6l\u00fcm\u0259 s\u0259b\u0259b olduqda) madd\u0259sin\u0259 t\u00f6vsif edilm\u0259sini ist\u0259yib.<\/p>\n\n\n\n<p>Z\u0259r\u0259r\u00e7\u0259kmi\u015fin h\u00fcquqi varisi qismind\u0259 tan\u0131nan S\u0259kin\u0259nin anas\u0131 \u015e\u00fckuf\u0259 \u0130slamova q\u0131z\u0131n\u0131n ba\u015f\u0131n\u0131 q\u0131rxmaq niyy\u0259tind\u0259 olmad\u0131\u011f\u0131n\u0131 bildirib. O da hesab edir ki, onun ba\u015f\u0131n\u0131 \u015eakir C\u0259f\u0259rov q\u0131rx\u0131b.<\/p>\n\n\n\n<p>Anas\u0131 onu da deyib ki, \u015eakirl\u0259 S\u0259kin\u0259 xalaq\u0131z\u0131 v\u0259 xalao\u011flu olsa da, onlar bir-birini sevib, \u00f6z ist\u0259kl\u0259ril\u0259 ail\u0259 qurublar.<\/p>\n\n\n\n<p>Sumqay\u0131t A\u011f\u0131r Cinay\u0259tl\u0259r M\u0259hk\u0259m\u0259si bug\u00fcnl\u0259rd\u0259 bu i\u015f \u00fczr\u0259 h\u00f6km \u00e7\u0131xar\u0131b. \u015eakir C\u0259f\u0259rov x\u00fcsusi amans\u0131zl\u0131qla q\u0259sd\u0259n adam \u00f6ld\u00fcrm\u0259kd\u0259 t\u0259qsirli bilin\u0259r\u0259k, 18 il azadl\u0131qdan m\u0259hrum edilib.<\/p>\n","protected":false},"excerpt":{"rendered":"<p>M\u0259hk\u0259m\u0259 prosesi yekunla\u015fd\u0131, 4 u\u015faq atas\u0131na h\u00f6km oxundu \u015eamax\u0131da 37 &#8230; <\/p>\n<p class=\"read-more-container\"><a title=\"\u015eamax\u0131 sakini qap\u0131n\u0131 gec a\u00e7d\u0131\u011f\u0131na g\u00f6r\u0259 arvad\u0131n\u0131 d\u00f6y\u00fcb \u00f6ld\u00fcrd\u00fcy\u00fcn\u00fc deyir\" class=\"read-more button\" href=\"https:\/\/www.meydan.tv\/az\/article\/samaxi-sakini-qapini-gec-acdigina-gore-arvadini-doyub-oldurduyunu-deyir\/#more-251319\" aria-label=\"Read more about \u015eamax\u0131 sakini qap\u0131n\u0131 gec a\u00e7d\u0131\u011f\u0131na g\u00f6r\u0259 arvad\u0131n\u0131 d\u00f6y\u00fcb \u00f6ld\u00fcrd\u00fcy\u00fcn\u00fc deyir\">Davam\u0131<\/a><\/p>\n","protected":false},"author":8,"featured_media":251320,"comment_status":"closed","ping_status":"closed","sticky":false,"template":"","format":"standard","meta":{"_acf_changed":false,"_sitemap_exclude":false,"_sitemap_priority":"","_sitemap_frequency":"","footnotes":""},"categories":[60,56],"tags":[],"class_list":["post-251319","post","type-post","status-publish","format-standard","has-post-thumbnail","hentry","category-bolge","category-xeberler","infinite-scroll-item","generate-columns","tablet-grid-50","mobile-grid-100","grid-parent","grid-33","no-featured-image-padding"],"acf":[],"yoast_head":"<!-- This site is optimized with the Yoast SEO plugin v27.5 - https:\/\/yoast.com\/product\/yoast-seo-wordpress\/ -->\n<title>\u015eamax\u0131 sakini qap\u0131n\u0131 gec a\u00e7d\u0131\u011f\u0131na g\u00f6r\u0259 arvad\u0131n\u0131 d\u00f6y\u00fcb \u00f6ld\u00fcrd\u00fcy\u00fcn\u00fc deyir - MEYDAN.TV<\/title>\n<meta name=\"robots\" content=\"index, follow, max-snippet:-1, max-image-preview:large, max-video-preview:-1\" \/>\n<link rel=\"canonical\" href=\"https:\/\/www.meydan.tv\/az\/article\/samaxi-sakini-qapini-gec-acdigina-gore-arvadini-doyub-oldurduyunu-deyir\/\" \/>\n<meta property=\"og:locale\" content=\"az_AZ\" \/>\n<meta property=\"og:type\" content=\"article\" \/>\n<meta property=\"og:title\" content=\"\u015eamax\u0131 sakini qap\u0131n\u0131 gec a\u00e7d\u0131\u011f\u0131na g\u00f6r\u0259 arvad\u0131n\u0131 d\u00f6y\u00fcb \u00f6ld\u00fcrd\u00fcy\u00fcn\u00fc deyir - MEYDAN.TV\" \/>\n<meta property=\"og:description\" content=\"M\u0259hk\u0259m\u0259 prosesi yekunla\u015fd\u0131, 4 u\u015faq atas\u0131na h\u00f6km oxundu \u015eamax\u0131da 37 ... Davam\u0131\" \/>\n<meta property=\"og:url\" content=\"https:\/\/www.meydan.tv\/az\/article\/samaxi-sakini-qapini-gec-acdigina-gore-arvadini-doyub-oldurduyunu-deyir\/\" \/>\n<meta property=\"og:site_name\" content=\"MEYDAN.TV\" \/>\n<meta property=\"article:published_time\" content=\"2022-07-20T09:10:01+00:00\" \/>\n<meta property=\"article:modified_time\" content=\"2022-07-20T09:10:07+00:00\" \/>\n<meta property=\"og:image\" content=\"https:\/\/www.meydan.tv\/wp-content\/uploads\/trend_sumqayit_mehkeme_kompleksi_070921_28.jpg\" \/>\n\t<meta property=\"og:image:width\" content=\"1200\" \/>\n\t<meta property=\"og:image:height\" content=\"900\" \/>\n\t<meta property=\"og:image:type\" content=\"image\/jpeg\" \/>\n<meta name=\"author\" content=\"elli\" \/>\n<meta name=\"twitter:card\" content=\"summary_large_image\" \/>\n<meta name=\"twitter:creator\" content=\"@elli\" \/>\n<script type=\"application\/ld+json\" class=\"yoast-schema-graph\">{\"@context\":\"https:\\\/\\\/schema.org\",\"@graph\":[{\"@type\":\"Article\",\"@id\":\"https:\\\/\\\/www.meydan.tv\\\/az\\\/article\\\/samaxi-sakini-qapini-gec-acdigina-gore-arvadini-doyub-oldurduyunu-deyir\\\/#article\",\"isPartOf\":{\"@id\":\"https:\\\/\\\/www.meydan.tv\\\/az\\\/article\\\/samaxi-sakini-qapini-gec-acdigina-gore-arvadini-doyub-oldurduyunu-deyir\\\/\"},\"author\":{\"name\":\"elli\",\"@id\":\"https:\\\/\\\/www.meydan.tv\\\/az\\\/#\\\/schema\\\/person\\\/9cdbecf90d17180ce1dfbd95b08dcf47\"},\"headline\":\"\u015eamax\u0131 sakini qap\u0131n\u0131 gec a\u00e7d\u0131\u011f\u0131na g\u00f6r\u0259 arvad\u0131n\u0131 d\u00f6y\u00fcb \u00f6ld\u00fcrd\u00fcy\u00fcn\u00fc deyir\",\"datePublished\":\"2022-07-20T09:10:01+00:00\",\"dateModified\":\"2022-07-20T09:10:07+00:00\",\"mainEntityOfPage\":{\"@id\":\"https:\\\/\\\/www.meydan.tv\\\/az\\\/article\\\/samaxi-sakini-qapini-gec-acdigina-gore-arvadini-doyub-oldurduyunu-deyir\\\/\"},\"wordCount\":815,\"publisher\":{\"@id\":\"https:\\\/\\\/www.meydan.tv\\\/az\\\/#organization\"},\"image\":{\"@id\":\"https:\\\/\\\/www.meydan.tv\\\/az\\\/article\\\/samaxi-sakini-qapini-gec-acdigina-gore-arvadini-doyub-oldurduyunu-deyir\\\/#primaryimage\"},\"thumbnailUrl\":\"https:\\\/\\\/www.meydan.tv\\\/wp-content\\\/uploads\\\/trend_sumqayit_mehkeme_kompleksi_070921_28.jpg\",\"articleSection\":[\"B\u00f6lg\u0259\",\"X\u0259b\u0259rl\u0259r\"],\"inLanguage\":\"az\"},{\"@type\":\"WebPage\",\"@id\":\"https:\\\/\\\/www.meydan.tv\\\/az\\\/article\\\/samaxi-sakini-qapini-gec-acdigina-gore-arvadini-doyub-oldurduyunu-deyir\\\/\",\"url\":\"https:\\\/\\\/www.meydan.tv\\\/az\\\/article\\\/samaxi-sakini-qapini-gec-acdigina-gore-arvadini-doyub-oldurduyunu-deyir\\\/\",\"name\":\"\u015eamax\u0131 sakini qap\u0131n\u0131 gec a\u00e7d\u0131\u011f\u0131na g\u00f6r\u0259 arvad\u0131n\u0131 d\u00f6y\u00fcb \u00f6ld\u00fcrd\u00fcy\u00fcn\u00fc deyir - MEYDAN.TV\",\"isPartOf\":{\"@id\":\"https:\\\/\\\/www.meydan.tv\\\/az\\\/#website\"},\"primaryImageOfPage\":{\"@id\":\"https:\\\/\\\/www.meydan.tv\\\/az\\\/article\\\/samaxi-sakini-qapini-gec-acdigina-gore-arvadini-doyub-oldurduyunu-deyir\\\/#primaryimage\"},\"image\":{\"@id\":\"https:\\\/\\\/www.meydan.tv\\\/az\\\/article\\\/samaxi-sakini-qapini-gec-acdigina-gore-arvadini-doyub-oldurduyunu-deyir\\\/#primaryimage\"},\"thumbnailUrl\":\"https:\\\/\\\/www.meydan.tv\\\/wp-content\\\/uploads\\\/trend_sumqayit_mehkeme_kompleksi_070921_28.jpg\",\"datePublished\":\"2022-07-20T09:10:01+00:00\",\"dateModified\":\"2022-07-20T09:10:07+00:00\",\"breadcrumb\":{\"@id\":\"https:\\\/\\\/www.meydan.tv\\\/az\\\/article\\\/samaxi-sakini-qapini-gec-acdigina-gore-arvadini-doyub-oldurduyunu-deyir\\\/#breadcrumb\"},\"inLanguage\":\"az\",\"potentialAction\":[{\"@type\":\"ReadAction\",\"target\":[\"https:\\\/\\\/www.meydan.tv\\\/az\\\/article\\\/samaxi-sakini-qapini-gec-acdigina-gore-arvadini-doyub-oldurduyunu-deyir\\\/\"]}]},{\"@type\":\"ImageObject\",\"inLanguage\":\"az\",\"@id\":\"https:\\\/\\\/www.meydan.tv\\\/az\\\/article\\\/samaxi-sakini-qapini-gec-acdigina-gore-arvadini-doyub-oldurduyunu-deyir\\\/#primaryimage\",\"url\":\"https:\\\/\\\/www.meydan.tv\\\/wp-content\\\/uploads\\\/trend_sumqayit_mehkeme_kompleksi_070921_28.jpg\",\"contentUrl\":\"https:\\\/\\\/www.meydan.tv\\\/wp-content\\\/uploads\\\/trend_sumqayit_mehkeme_kompleksi_070921_28.jpg\",\"width\":1200,\"height\":900,\"caption\":\"Sumqay\u0131t A\u011f\u0131r Cinay\u0259tl\u0259r M\u0259hk\u0259m\u0259si. M\u0259nb\u0259: \\\"Trend\\\"\"},{\"@type\":\"BreadcrumbList\",\"@id\":\"https:\\\/\\\/www.meydan.tv\\\/az\\\/article\\\/samaxi-sakini-qapini-gec-acdigina-gore-arvadini-doyub-oldurduyunu-deyir\\\/#breadcrumb\",\"itemListElement\":[{\"@type\":\"ListItem\",\"position\":1,\"name\":\"Ana s\u0259hif\u0259\",\"item\":\"https:\\\/\\\/www.meydan.tv\\\/az\\\/\"},{\"@type\":\"ListItem\",\"position\":2,\"name\":\"B\u00f6lg\u0259\",\"item\":\"https:\\\/\\\/www.meydan.tv\\\/az\\\/section\\\/bolge\\\/\"},{\"@type\":\"ListItem\",\"position\":3,\"name\":\"\u015eamax\u0131 sakini qap\u0131n\u0131 gec a\u00e7d\u0131\u011f\u0131na g\u00f6r\u0259 arvad\u0131n\u0131 d\u00f6y\u00fcb \u00f6ld\u00fcrd\u00fcy\u00fcn\u00fc deyir\"}]},{\"@type\":\"WebSite\",\"@id\":\"https:\\\/\\\/www.meydan.tv\\\/az\\\/#website\",\"url\":\"https:\\\/\\\/www.meydan.tv\\\/az\\\/\",\"name\":\"MEYDAN.TV\",\"description\":\"Meydan TV Az\u0259rbaycan\u0131n media m\u0259kan\u0131ndak\u0131 alternativ s\u0259sidir\",\"publisher\":{\"@id\":\"https:\\\/\\\/www.meydan.tv\\\/az\\\/#organization\"},\"potentialAction\":[{\"@type\":\"SearchAction\",\"target\":{\"@type\":\"EntryPoint\",\"urlTemplate\":\"https:\\\/\\\/www.meydan.tv\\\/az\\\/?s={search_term_string}\"},\"query-input\":{\"@type\":\"PropertyValueSpecification\",\"valueRequired\":true,\"valueName\":\"search_term_string\"}}],\"inLanguage\":\"az\"},{\"@type\":\"Organization\",\"@id\":\"https:\\\/\\\/www.meydan.tv\\\/az\\\/#organization\",\"name\":\"Meydan TV\",\"url\":\"https:\\\/\\\/www.meydan.tv\\\/az\\\/\",\"logo\":{\"@type\":\"ImageObject\",\"inLanguage\":\"az\",\"@id\":\"https:\\\/\\\/www.meydan.tv\\\/az\\\/#\\\/schema\\\/logo\\\/image\\\/\",\"url\":\"https:\\\/\\\/www.meydan.tv\\\/wp-content\\\/uploads\\\/2021\\\/07\\\/meydan-logo.svg\",\"contentUrl\":\"https:\\\/\\\/www.meydan.tv\\\/wp-content\\\/uploads\\\/2021\\\/07\\\/meydan-logo.svg\",\"width\":195,\"height\":46,\"caption\":\"Meydan TV\"},\"image\":{\"@id\":\"https:\\\/\\\/www.meydan.tv\\\/az\\\/#\\\/schema\\\/logo\\\/image\\\/\"}},{\"@type\":\"Person\",\"@id\":\"https:\\\/\\\/www.meydan.tv\\\/az\\\/#\\\/schema\\\/person\\\/9cdbecf90d17180ce1dfbd95b08dcf47\",\"name\":\"elli\",\"sameAs\":[\"https:\\\/\\\/x.com\\\/elli\"]}]}<\/script>\n<!-- \/ Yoast SEO plugin. -->","yoast_head_json":{"title":"\u015eamax\u0131 sakini qap\u0131n\u0131 gec a\u00e7d\u0131\u011f\u0131na g\u00f6r\u0259 arvad\u0131n\u0131 d\u00f6y\u00fcb \u00f6ld\u00fcrd\u00fcy\u00fcn\u00fc deyir - MEYDAN.TV","robots":{"index":"index","follow":"follow","max-snippet":"max-snippet:-1","max-image-preview":"max-image-preview:large","max-video-preview":"max-video-preview:-1"},"canonical":"https:\/\/www.meydan.tv\/az\/article\/samaxi-sakini-qapini-gec-acdigina-gore-arvadini-doyub-oldurduyunu-deyir\/","og_locale":"az_AZ","og_type":"article","og_title":"\u015eamax\u0131 sakini qap\u0131n\u0131 gec a\u00e7d\u0131\u011f\u0131na g\u00f6r\u0259 arvad\u0131n\u0131 d\u00f6y\u00fcb \u00f6ld\u00fcrd\u00fcy\u00fcn\u00fc deyir - MEYDAN.TV","og_description":"M\u0259hk\u0259m\u0259 prosesi yekunla\u015fd\u0131, 4 u\u015faq atas\u0131na h\u00f6km oxundu \u015eamax\u0131da 37 ... Davam\u0131","og_url":"https:\/\/www.meydan.tv\/az\/article\/samaxi-sakini-qapini-gec-acdigina-gore-arvadini-doyub-oldurduyunu-deyir\/","og_site_name":"MEYDAN.TV","article_published_time":"2022-07-20T09:10:01+00:00","article_modified_time":"2022-07-20T09:10:07+00:00","og_image":[{"width":1200,"height":900,"url":"https:\/\/www.meydan.tv\/wp-content\/uploads\/trend_sumqayit_mehkeme_kompleksi_070921_28.jpg","type":"image\/jpeg"}],"author":"elli","twitter_card":"summary_large_image","twitter_creator":"@elli","schema":{"@context":"https:\/\/schema.org","@graph":[{"@type":"Article","@id":"https:\/\/www.meydan.tv\/az\/article\/samaxi-sakini-qapini-gec-acdigina-gore-arvadini-doyub-oldurduyunu-deyir\/#article","isPartOf":{"@id":"https:\/\/www.meydan.tv\/az\/article\/samaxi-sakini-qapini-gec-acdigina-gore-arvadini-doyub-oldurduyunu-deyir\/"},"author":{"name":"elli","@id":"https:\/\/www.meydan.tv\/az\/#\/schema\/person\/9cdbecf90d17180ce1dfbd95b08dcf47"},"headline":"\u015eamax\u0131 sakini qap\u0131n\u0131 gec a\u00e7d\u0131\u011f\u0131na g\u00f6r\u0259 arvad\u0131n\u0131 d\u00f6y\u00fcb \u00f6ld\u00fcrd\u00fcy\u00fcn\u00fc deyir","datePublished":"2022-07-20T09:10:01+00:00","dateModified":"2022-07-20T09:10:07+00:00","mainEntityOfPage":{"@id":"https:\/\/www.meydan.tv\/az\/article\/samaxi-sakini-qapini-gec-acdigina-gore-arvadini-doyub-oldurduyunu-deyir\/"},"wordCount":815,"publisher":{"@id":"https:\/\/www.meydan.tv\/az\/#organization"},"image":{"@id":"https:\/\/www.meydan.tv\/az\/article\/samaxi-sakini-qapini-gec-acdigina-gore-arvadini-doyub-oldurduyunu-deyir\/#primaryimage"},"thumbnailUrl":"https:\/\/www.meydan.tv\/wp-content\/uploads\/trend_sumqayit_mehkeme_kompleksi_070921_28.jpg","articleSection":["B\u00f6lg\u0259","X\u0259b\u0259rl\u0259r"],"inLanguage":"az"},{"@type":"WebPage","@id":"https:\/\/www.meydan.tv\/az\/article\/samaxi-sakini-qapini-gec-acdigina-gore-arvadini-doyub-oldurduyunu-deyir\/","url":"https:\/\/www.meydan.tv\/az\/article\/samaxi-sakini-qapini-gec-acdigina-gore-arvadini-doyub-oldurduyunu-deyir\/","name":"\u015eamax\u0131 sakini qap\u0131n\u0131 gec a\u00e7d\u0131\u011f\u0131na g\u00f6r\u0259 arvad\u0131n\u0131 d\u00f6y\u00fcb \u00f6ld\u00fcrd\u00fcy\u00fcn\u00fc deyir - MEYDAN.TV","isPartOf":{"@id":"https:\/\/www.meydan.tv\/az\/#website"},"primaryImageOfPage":{"@id":"https:\/\/www.meydan.tv\/az\/article\/samaxi-sakini-qapini-gec-acdigina-gore-arvadini-doyub-oldurduyunu-deyir\/#primaryimage"},"image":{"@id":"https:\/\/www.meydan.tv\/az\/article\/samaxi-sakini-qapini-gec-acdigina-gore-arvadini-doyub-oldurduyunu-deyir\/#primaryimage"},"thumbnailUrl":"https:\/\/www.meydan.tv\/wp-content\/uploads\/trend_sumqayit_mehkeme_kompleksi_070921_28.jpg","datePublished":"2022-07-20T09:10:01+00:00","dateModified":"2022-07-20T09:10:07+00:00","breadcrumb":{"@id":"https:\/\/www.meydan.tv\/az\/article\/samaxi-sakini-qapini-gec-acdigina-gore-arvadini-doyub-oldurduyunu-deyir\/#breadcrumb"},"inLanguage":"az","potentialAction":[{"@type":"ReadAction","target":["https:\/\/www.meydan.tv\/az\/article\/samaxi-sakini-qapini-gec-acdigina-gore-arvadini-doyub-oldurduyunu-deyir\/"]}]},{"@type":"ImageObject","inLanguage":"az","@id":"https:\/\/www.meydan.tv\/az\/article\/samaxi-sakini-qapini-gec-acdigina-gore-arvadini-doyub-oldurduyunu-deyir\/#primaryimage","url":"https:\/\/www.meydan.tv\/wp-content\/uploads\/trend_sumqayit_mehkeme_kompleksi_070921_28.jpg","contentUrl":"https:\/\/www.meydan.tv\/wp-content\/uploads\/trend_sumqayit_mehkeme_kompleksi_070921_28.jpg","width":1200,"height":900,"caption":"Sumqay\u0131t A\u011f\u0131r Cinay\u0259tl\u0259r M\u0259hk\u0259m\u0259si. M\u0259nb\u0259: \"Trend\""},{"@type":"BreadcrumbList","@id":"https:\/\/www.meydan.tv\/az\/article\/samaxi-sakini-qapini-gec-acdigina-gore-arvadini-doyub-oldurduyunu-deyir\/#breadcrumb","itemListElement":[{"@type":"ListItem","position":1,"name":"Ana s\u0259hif\u0259","item":"https:\/\/www.meydan.tv\/az\/"},{"@type":"ListItem","position":2,"name":"B\u00f6lg\u0259","item":"https:\/\/www.meydan.tv\/az\/section\/bolge\/"},{"@type":"ListItem","position":3,"name":"\u015eamax\u0131 sakini qap\u0131n\u0131 gec a\u00e7d\u0131\u011f\u0131na g\u00f6r\u0259 arvad\u0131n\u0131 d\u00f6y\u00fcb \u00f6ld\u00fcrd\u00fcy\u00fcn\u00fc deyir"}]},{"@type":"WebSite","@id":"https:\/\/www.meydan.tv\/az\/#website","url":"https:\/\/www.meydan.tv\/az\/","name":"MEYDAN.TV","description":"Meydan TV Az\u0259rbaycan\u0131n media m\u0259kan\u0131ndak\u0131 alternativ s\u0259sidir","publisher":{"@id":"https:\/\/www.meydan.tv\/az\/#organization"},"potentialAction":[{"@type":"SearchAction","target":{"@type":"EntryPoint","urlTemplate":"https:\/\/www.meydan.tv\/az\/?s={search_term_string}"},"query-input":{"@type":"PropertyValueSpecification","valueRequired":true,"valueName":"search_term_string"}}],"inLanguage":"az"},{"@type":"Organization","@id":"https:\/\/www.meydan.tv\/az\/#organization","name":"Meydan TV","url":"https:\/\/www.meydan.tv\/az\/","logo":{"@type":"ImageObject","inLanguage":"az","@id":"https:\/\/www.meydan.tv\/az\/#\/schema\/logo\/image\/","url":"https:\/\/www.meydan.tv\/wp-content\/uploads\/2021\/07\/meydan-logo.svg","contentUrl":"https:\/\/www.meydan.tv\/wp-content\/uploads\/2021\/07\/meydan-logo.svg","width":195,"height":46,"caption":"Meydan TV"},"image":{"@id":"https:\/\/www.meydan.tv\/az\/#\/schema\/logo\/image\/"}},{"@type":"Person","@id":"https:\/\/www.meydan.tv\/az\/#\/schema\/person\/9cdbecf90d17180ce1dfbd95b08dcf47","name":"elli","sameAs":["https:\/\/x.com\/elli"]}]}},"_links":{"self":[{"href":"https:\/\/www.meydan.tv\/az\/wp-json\/wp\/v2\/posts\/251319","targetHints":{"allow":["GET"]}}],"collection":[{"href":"https:\/\/www.meydan.tv\/az\/wp-json\/wp\/v2\/posts"}],"about":[{"href":"https:\/\/www.meydan.tv\/az\/wp-json\/wp\/v2\/types\/post"}],"author":[{"embeddable":true,"href":"https:\/\/www.meydan.tv\/az\/wp-json\/wp\/v2\/users\/8"}],"replies":[{"embeddable":true,"href":"https:\/\/www.meydan.tv\/az\/wp-json\/wp\/v2\/comments?post=251319"}],"version-history":[{"count":1,"href":"https:\/\/www.meydan.tv\/az\/wp-json\/wp\/v2\/posts\/251319\/revisions"}],"predecessor-version":[{"id":251324,"href":"https:\/\/www.meydan.tv\/az\/wp-json\/wp\/v2\/posts\/251319\/revisions\/251324"}],"wp:featuredmedia":[{"embeddable":true,"href":"https:\/\/www.meydan.tv\/az\/wp-json\/wp\/v2\/media\/251320"}],"wp:attachment":[{"href":"https:\/\/www.meydan.tv\/az\/wp-json\/wp\/v2\/media?parent=251319"}],"wp:term":[{"taxonomy":"category","embeddable":true,"href":"https:\/\/www.meydan.tv\/az\/wp-json\/wp\/v2\/categories?post=251319"},{"taxonomy":"post_tag","embeddable":true,"href":"https:\/\/www.meydan.tv\/az\/wp-json\/wp\/v2\/tags?post=251319"}],"curies":[{"name":"wp","href":"https:\/\/api.w.org\/{rel}","templated":true}]}}