{"id":251278,"date":"2022-07-19T15:57:18","date_gmt":"2022-07-19T11:57:18","guid":{"rendered":"https:\/\/www.meydan.tv\/?p=251278"},"modified":"2022-07-19T15:57:20","modified_gmt":"2022-07-19T11:57:20","slug":"mekteblini-doymekde-gunahlandirilan-direktor-da-isden-cixarilib","status":"publish","type":"post","link":"https:\/\/www.meydan.tv\/az\/article\/mekteblini-doymekde-gunahlandirilan-direktor-da-isden-cixarilib\/","title":{"rendered":"M\u0259kt\u0259blini d\u00f6ym\u0259kd\u0259 ittiham edil\u0259n direktor da i\u015fd\u0259n \u00e7\u0131xar\u0131l\u0131b"},"content":{"rendered":"\n<p><\/p>\n\n\n\n<p><em>Hadis\u0259 il\u0259 ba\u011fl\u0131 cinay\u0259t i\u015fi ba\u015flan\u0131l\u0131b<\/em><\/p>\n\n\n\n<p>L\u0259nk\u0259randa icra ba\u015f\u00e7\u0131s\u0131n\u0131n m\u00fcavini il\u0259 \u0259lbir olaraq yeniyetm\u0259ni d\u00f6ym\u0259kd\u0259 ittiham edil\u0259n m\u0259kt\u0259b direktorunun da i\u015fd\u0259n \u00e7\u0131xar\u0131ld\u0131\u011f\u0131 <a href=\"https:\/\/report.az\/hadise\/lenkeranda-mekteblinin-doyulmesine-gore-direktor-isden-cixarilib\/\" target=\"_blank\" rel=\"noreferrer noopener\">deyilir<\/a>.<\/p>\n\n\n\n<p>Bildirilir ki, V.\u018fliyev ad\u0131na 4 n\u00f6mr\u0259li humanitar t\u0259may\u00fcll\u00fc m\u0259kt\u0259b-liseyin direktoru Yegan\u0259 \u018fsg\u0259rovan\u0131n tutdu\u011fu v\u0259zif\u0259d\u0259n azad edilm\u0259sin\u0259 dair s\u0259n\u0259d imzalan\u0131b.<\/p>\n\n\n\n<p>L\u0259nk\u0259randa yeniyetm\u0259 q\u0131z\u0131n sinif yolda\u015f\u0131n\u0131n ail\u0259si t\u0259r\u0259find\u0259n d\u00f6y\u00fclm\u0259si il\u0259 ba\u011fl\u0131 m\u0259lumat <a href=\"https:\/\/d9mc3ts4czbpr.cloudfront.net\/az\/article\/prokurorluq-doyulen-yeniyetme-ile-bagli-arasdirma-aparildigini-deyir\/\" target=\"_blank\" rel=\"noreferrer noopener\">yay\u0131l\u0131b.<\/a><\/p>\n\n\n\n<p>Yeniyetm\u0259nin anas\u0131 L\u0259man Camalovan\u0131n verdiyi m\u0259lumata g\u00f6r\u0259, L\u0259nk\u0259ran Rayon \u0130cra Hakimiyy\u0259ti ba\u015f\u00e7\u0131s\u0131n\u0131n m\u00fcavini Rasil\u0259 \u018fliyeva (Arifq\u0131z\u0131)  m\u0259kt\u0259bin direktoru il\u0259 birg\u0259 q\u0131z\u0131n\u0131 d\u00f6y\u00fcb.<\/p>\n\n\n\n<p>L\u0259nk\u0259ran Rayon Prokurorlu\u011funda apar\u0131lan ara\u015fd\u0131rmalar zaman\u0131 \u015fagird\u0259 fiziki t\u0259zyiq g\u00f6st\u0259rlidyi <a href=\"https:\/\/d9mc3ts4czbpr.cloudfront.net\/az\/article\/mektebli-qizi-doymekde-gunahlandirilan-memur-isden-cixarilib\/\" target=\"_blank\" rel=\"noreferrer noopener\">t\u0259sdiql\u0259nib.<\/a><\/p>\n\n\n\n<p>Faktla ba\u011fl\u0131 L\u0259nk\u0259ran Rayon Prokurorlu\u011funda Cinay\u0259t M\u0259c\u0259ll\u0259sinin 309.1-ci (v\u0259zif\u0259 s\u0259lahiyy\u0259tl\u0259rini a\u015fma) madd\u0259si il\u0259 cinay\u0259t i\u015fi ba\u015flan\u0131b.<\/p>\n\n\n\n<p>\u0130yulun 18-d\u0259 L\u0259nk\u0259ran Rayon \u0130cra Hakimiyy\u0259tinin ba\u015f\u00e7\u0131s\u0131 Taleh Qara\u015fovun m\u00fcvafiq \u0259mri il\u0259 Rasil\u0259 Arifq\u0131z\u0131 tutdu\u011fu v\u0259zif\u0259d\u0259n uzaqla\u015fd\u0131r\u0131l\u0131b.<\/p>\n","protected":false},"excerpt":{"rendered":"<p>Hadis\u0259 il\u0259 ba\u011fl\u0131 cinay\u0259t i\u015fi ba\u015flan\u0131l\u0131b L\u0259nk\u0259randa icra ba\u015f\u00e7\u0131s\u0131n\u0131n m\u00fcavini &#8230; <\/p>\n<p class=\"read-more-container\"><a title=\"M\u0259kt\u0259blini d\u00f6ym\u0259kd\u0259 ittiham edil\u0259n direktor da i\u015fd\u0259n \u00e7\u0131xar\u0131l\u0131b\" class=\"read-more button\" href=\"https:\/\/www.meydan.tv\/az\/article\/mekteblini-doymekde-gunahlandirilan-direktor-da-isden-cixarilib\/#more-251278\" aria-label=\"Read more about M\u0259kt\u0259blini d\u00f6ym\u0259kd\u0259 ittiham edil\u0259n direktor da i\u015fd\u0259n \u00e7\u0131xar\u0131l\u0131b\">Davam\u0131<\/a><\/p>\n","protected":false},"author":8,"featured_media":251279,"comment_status":"closed","ping_status":"closed","sticky":false,"template":"","format":"standard","meta":{"_acf_changed":false,"_sitemap_exclude":false,"_sitemap_priority":"","_sitemap_frequency":"","footnotes":""},"categories":[60,56],"tags":[],"class_list":["post-251278","post","type-post","status-publish","format-standard","has-post-thumbnail","hentry","category-bolge","category-xeberler","infinite-scroll-item","generate-columns","tablet-grid-50","mobile-grid-100","grid-parent","grid-33","no-featured-image-padding"],"acf":[],"yoast_head":"<!-- This site is optimized with the Yoast SEO plugin v27.5 - https:\/\/yoast.com\/product\/yoast-seo-wordpress\/ -->\n<title>M\u0259kt\u0259blini d\u00f6ym\u0259kd\u0259 ittiham edil\u0259n direktor da i\u015fd\u0259n \u00e7\u0131xar\u0131l\u0131b - MEYDAN.TV<\/title>\n<meta name=\"robots\" content=\"index, follow, max-snippet:-1, max-image-preview:large, max-video-preview:-1\" \/>\n<link rel=\"canonical\" href=\"https:\/\/www.meydan.tv\/az\/article\/mekteblini-doymekde-gunahlandirilan-direktor-da-isden-cixarilib\/\" \/>\n<meta property=\"og:locale\" content=\"az_AZ\" \/>\n<meta property=\"og:type\" content=\"article\" \/>\n<meta property=\"og:title\" content=\"M\u0259kt\u0259blini d\u00f6ym\u0259kd\u0259 ittiham edil\u0259n direktor da i\u015fd\u0259n \u00e7\u0131xar\u0131l\u0131b - MEYDAN.TV\" \/>\n<meta property=\"og:description\" content=\"Hadis\u0259 il\u0259 ba\u011fl\u0131 cinay\u0259t i\u015fi ba\u015flan\u0131l\u0131b L\u0259nk\u0259randa icra ba\u015f\u00e7\u0131s\u0131n\u0131n m\u00fcavini ... Davam\u0131\" \/>\n<meta property=\"og:url\" content=\"https:\/\/www.meydan.tv\/az\/article\/mekteblini-doymekde-gunahlandirilan-direktor-da-isden-cixarilib\/\" \/>\n<meta property=\"og:site_name\" content=\"MEYDAN.TV\" \/>\n<meta property=\"article:published_time\" content=\"2022-07-19T11:57:18+00:00\" \/>\n<meta property=\"article:modified_time\" content=\"2022-07-19T11:57:20+00:00\" \/>\n<meta property=\"og:image\" content=\"https:\/\/www.meydan.tv\/wp-content\/uploads\/a396d760-a255-3f9c-b9f8-3a3c10483ffd_850-e1658231405296.jpg\" \/>\n\t<meta property=\"og:image:width\" content=\"1200\" \/>\n\t<meta property=\"og:image:height\" content=\"639\" \/>\n\t<meta property=\"og:image:type\" content=\"image\/jpeg\" \/>\n<meta name=\"author\" content=\"elli\" \/>\n<meta name=\"twitter:card\" content=\"summary_large_image\" \/>\n<meta name=\"twitter:creator\" content=\"@elli\" \/>\n<script type=\"application\/ld+json\" class=\"yoast-schema-graph\">{\"@context\":\"https:\\\/\\\/schema.org\",\"@graph\":[{\"@type\":\"Article\",\"@id\":\"https:\\\/\\\/www.meydan.tv\\\/az\\\/article\\\/mekteblini-doymekde-gunahlandirilan-direktor-da-isden-cixarilib\\\/#article\",\"isPartOf\":{\"@id\":\"https:\\\/\\\/www.meydan.tv\\\/az\\\/article\\\/mekteblini-doymekde-gunahlandirilan-direktor-da-isden-cixarilib\\\/\"},\"author\":{\"name\":\"elli\",\"@id\":\"https:\\\/\\\/www.meydan.tv\\\/az\\\/#\\\/schema\\\/person\\\/9cdbecf90d17180ce1dfbd95b08dcf47\"},\"headline\":\"M\u0259kt\u0259blini d\u00f6ym\u0259kd\u0259 ittiham edil\u0259n direktor da i\u015fd\u0259n \u00e7\u0131xar\u0131l\u0131b\",\"datePublished\":\"2022-07-19T11:57:18+00:00\",\"dateModified\":\"2022-07-19T11:57:20+00:00\",\"mainEntityOfPage\":{\"@id\":\"https:\\\/\\\/www.meydan.tv\\\/az\\\/article\\\/mekteblini-doymekde-gunahlandirilan-direktor-da-isden-cixarilib\\\/\"},\"wordCount\":255,\"publisher\":{\"@id\":\"https:\\\/\\\/www.meydan.tv\\\/az\\\/#organization\"},\"image\":{\"@id\":\"https:\\\/\\\/www.meydan.tv\\\/az\\\/article\\\/mekteblini-doymekde-gunahlandirilan-direktor-da-isden-cixarilib\\\/#primaryimage\"},\"thumbnailUrl\":\"https:\\\/\\\/www.meydan.tv\\\/wp-content\\\/uploads\\\/a396d760-a255-3f9c-b9f8-3a3c10483ffd_850-e1658231405296.jpg\",\"articleSection\":[\"B\u00f6lg\u0259\",\"X\u0259b\u0259rl\u0259r\"],\"inLanguage\":\"az\"},{\"@type\":\"WebPage\",\"@id\":\"https:\\\/\\\/www.meydan.tv\\\/az\\\/article\\\/mekteblini-doymekde-gunahlandirilan-direktor-da-isden-cixarilib\\\/\",\"url\":\"https:\\\/\\\/www.meydan.tv\\\/az\\\/article\\\/mekteblini-doymekde-gunahlandirilan-direktor-da-isden-cixarilib\\\/\",\"name\":\"M\u0259kt\u0259blini d\u00f6ym\u0259kd\u0259 ittiham edil\u0259n direktor da i\u015fd\u0259n \u00e7\u0131xar\u0131l\u0131b - MEYDAN.TV\",\"isPartOf\":{\"@id\":\"https:\\\/\\\/www.meydan.tv\\\/az\\\/#website\"},\"primaryImageOfPage\":{\"@id\":\"https:\\\/\\\/www.meydan.tv\\\/az\\\/article\\\/mekteblini-doymekde-gunahlandirilan-direktor-da-isden-cixarilib\\\/#primaryimage\"},\"image\":{\"@id\":\"https:\\\/\\\/www.meydan.tv\\\/az\\\/article\\\/mekteblini-doymekde-gunahlandirilan-direktor-da-isden-cixarilib\\\/#primaryimage\"},\"thumbnailUrl\":\"https:\\\/\\\/www.meydan.tv\\\/wp-content\\\/uploads\\\/a396d760-a255-3f9c-b9f8-3a3c10483ffd_850-e1658231405296.jpg\",\"datePublished\":\"2022-07-19T11:57:18+00:00\",\"dateModified\":\"2022-07-19T11:57:20+00:00\",\"breadcrumb\":{\"@id\":\"https:\\\/\\\/www.meydan.tv\\\/az\\\/article\\\/mekteblini-doymekde-gunahlandirilan-direktor-da-isden-cixarilib\\\/#breadcrumb\"},\"inLanguage\":\"az\",\"potentialAction\":[{\"@type\":\"ReadAction\",\"target\":[\"https:\\\/\\\/www.meydan.tv\\\/az\\\/article\\\/mekteblini-doymekde-gunahlandirilan-direktor-da-isden-cixarilib\\\/\"]}]},{\"@type\":\"ImageObject\",\"inLanguage\":\"az\",\"@id\":\"https:\\\/\\\/www.meydan.tv\\\/az\\\/article\\\/mekteblini-doymekde-gunahlandirilan-direktor-da-isden-cixarilib\\\/#primaryimage\",\"url\":\"https:\\\/\\\/www.meydan.tv\\\/wp-content\\\/uploads\\\/a396d760-a255-3f9c-b9f8-3a3c10483ffd_850-e1658231405296.jpg\",\"contentUrl\":\"https:\\\/\\\/www.meydan.tv\\\/wp-content\\\/uploads\\\/a396d760-a255-3f9c-b9f8-3a3c10483ffd_850-e1658231405296.jpg\",\"width\":1200,\"height\":639,\"caption\":\"Yegan\u0259 \u018fsg\u0259rova. Foto: \\\"Facebook\\\"\"},{\"@type\":\"BreadcrumbList\",\"@id\":\"https:\\\/\\\/www.meydan.tv\\\/az\\\/article\\\/mekteblini-doymekde-gunahlandirilan-direktor-da-isden-cixarilib\\\/#breadcrumb\",\"itemListElement\":[{\"@type\":\"ListItem\",\"position\":1,\"name\":\"Ana s\u0259hif\u0259\",\"item\":\"https:\\\/\\\/www.meydan.tv\\\/az\\\/\"},{\"@type\":\"ListItem\",\"position\":2,\"name\":\"B\u00f6lg\u0259\",\"item\":\"https:\\\/\\\/www.meydan.tv\\\/az\\\/section\\\/bolge\\\/\"},{\"@type\":\"ListItem\",\"position\":3,\"name\":\"M\u0259kt\u0259blini d\u00f6ym\u0259kd\u0259 ittiham edil\u0259n direktor da i\u015fd\u0259n \u00e7\u0131xar\u0131l\u0131b\"}]},{\"@type\":\"WebSite\",\"@id\":\"https:\\\/\\\/www.meydan.tv\\\/az\\\/#website\",\"url\":\"https:\\\/\\\/www.meydan.tv\\\/az\\\/\",\"name\":\"MEYDAN.TV\",\"description\":\"Meydan TV Az\u0259rbaycan\u0131n media m\u0259kan\u0131ndak\u0131 alternativ s\u0259sidir\",\"publisher\":{\"@id\":\"https:\\\/\\\/www.meydan.tv\\\/az\\\/#organization\"},\"potentialAction\":[{\"@type\":\"SearchAction\",\"target\":{\"@type\":\"EntryPoint\",\"urlTemplate\":\"https:\\\/\\\/www.meydan.tv\\\/az\\\/?s={search_term_string}\"},\"query-input\":{\"@type\":\"PropertyValueSpecification\",\"valueRequired\":true,\"valueName\":\"search_term_string\"}}],\"inLanguage\":\"az\"},{\"@type\":\"Organization\",\"@id\":\"https:\\\/\\\/www.meydan.tv\\\/az\\\/#organization\",\"name\":\"Meydan TV\",\"url\":\"https:\\\/\\\/www.meydan.tv\\\/az\\\/\",\"logo\":{\"@type\":\"ImageObject\",\"inLanguage\":\"az\",\"@id\":\"https:\\\/\\\/www.meydan.tv\\\/az\\\/#\\\/schema\\\/logo\\\/image\\\/\",\"url\":\"https:\\\/\\\/www.meydan.tv\\\/wp-content\\\/uploads\\\/2021\\\/07\\\/meydan-logo.svg\",\"contentUrl\":\"https:\\\/\\\/www.meydan.tv\\\/wp-content\\\/uploads\\\/2021\\\/07\\\/meydan-logo.svg\",\"width\":195,\"height\":46,\"caption\":\"Meydan TV\"},\"image\":{\"@id\":\"https:\\\/\\\/www.meydan.tv\\\/az\\\/#\\\/schema\\\/logo\\\/image\\\/\"}},{\"@type\":\"Person\",\"@id\":\"https:\\\/\\\/www.meydan.tv\\\/az\\\/#\\\/schema\\\/person\\\/9cdbecf90d17180ce1dfbd95b08dcf47\",\"name\":\"elli\",\"sameAs\":[\"https:\\\/\\\/x.com\\\/elli\"]}]}<\/script>\n<!-- \/ Yoast SEO plugin. -->","yoast_head_json":{"title":"M\u0259kt\u0259blini d\u00f6ym\u0259kd\u0259 ittiham edil\u0259n direktor da i\u015fd\u0259n \u00e7\u0131xar\u0131l\u0131b - MEYDAN.TV","robots":{"index":"index","follow":"follow","max-snippet":"max-snippet:-1","max-image-preview":"max-image-preview:large","max-video-preview":"max-video-preview:-1"},"canonical":"https:\/\/www.meydan.tv\/az\/article\/mekteblini-doymekde-gunahlandirilan-direktor-da-isden-cixarilib\/","og_locale":"az_AZ","og_type":"article","og_title":"M\u0259kt\u0259blini d\u00f6ym\u0259kd\u0259 ittiham edil\u0259n direktor da i\u015fd\u0259n \u00e7\u0131xar\u0131l\u0131b - MEYDAN.TV","og_description":"Hadis\u0259 il\u0259 ba\u011fl\u0131 cinay\u0259t i\u015fi ba\u015flan\u0131l\u0131b L\u0259nk\u0259randa icra ba\u015f\u00e7\u0131s\u0131n\u0131n m\u00fcavini ... Davam\u0131","og_url":"https:\/\/www.meydan.tv\/az\/article\/mekteblini-doymekde-gunahlandirilan-direktor-da-isden-cixarilib\/","og_site_name":"MEYDAN.TV","article_published_time":"2022-07-19T11:57:18+00:00","article_modified_time":"2022-07-19T11:57:20+00:00","og_image":[{"width":1200,"height":639,"url":"https:\/\/www.meydan.tv\/wp-content\/uploads\/a396d760-a255-3f9c-b9f8-3a3c10483ffd_850-e1658231405296.jpg","type":"image\/jpeg"}],"author":"elli","twitter_card":"summary_large_image","twitter_creator":"@elli","schema":{"@context":"https:\/\/schema.org","@graph":[{"@type":"Article","@id":"https:\/\/www.meydan.tv\/az\/article\/mekteblini-doymekde-gunahlandirilan-direktor-da-isden-cixarilib\/#article","isPartOf":{"@id":"https:\/\/www.meydan.tv\/az\/article\/mekteblini-doymekde-gunahlandirilan-direktor-da-isden-cixarilib\/"},"author":{"name":"elli","@id":"https:\/\/www.meydan.tv\/az\/#\/schema\/person\/9cdbecf90d17180ce1dfbd95b08dcf47"},"headline":"M\u0259kt\u0259blini d\u00f6ym\u0259kd\u0259 ittiham edil\u0259n direktor da i\u015fd\u0259n \u00e7\u0131xar\u0131l\u0131b","datePublished":"2022-07-19T11:57:18+00:00","dateModified":"2022-07-19T11:57:20+00:00","mainEntityOfPage":{"@id":"https:\/\/www.meydan.tv\/az\/article\/mekteblini-doymekde-gunahlandirilan-direktor-da-isden-cixarilib\/"},"wordCount":255,"publisher":{"@id":"https:\/\/www.meydan.tv\/az\/#organization"},"image":{"@id":"https:\/\/www.meydan.tv\/az\/article\/mekteblini-doymekde-gunahlandirilan-direktor-da-isden-cixarilib\/#primaryimage"},"thumbnailUrl":"https:\/\/www.meydan.tv\/wp-content\/uploads\/a396d760-a255-3f9c-b9f8-3a3c10483ffd_850-e1658231405296.jpg","articleSection":["B\u00f6lg\u0259","X\u0259b\u0259rl\u0259r"],"inLanguage":"az"},{"@type":"WebPage","@id":"https:\/\/www.meydan.tv\/az\/article\/mekteblini-doymekde-gunahlandirilan-direktor-da-isden-cixarilib\/","url":"https:\/\/www.meydan.tv\/az\/article\/mekteblini-doymekde-gunahlandirilan-direktor-da-isden-cixarilib\/","name":"M\u0259kt\u0259blini d\u00f6ym\u0259kd\u0259 ittiham edil\u0259n direktor da i\u015fd\u0259n \u00e7\u0131xar\u0131l\u0131b - MEYDAN.TV","isPartOf":{"@id":"https:\/\/www.meydan.tv\/az\/#website"},"primaryImageOfPage":{"@id":"https:\/\/www.meydan.tv\/az\/article\/mekteblini-doymekde-gunahlandirilan-direktor-da-isden-cixarilib\/#primaryimage"},"image":{"@id":"https:\/\/www.meydan.tv\/az\/article\/mekteblini-doymekde-gunahlandirilan-direktor-da-isden-cixarilib\/#primaryimage"},"thumbnailUrl":"https:\/\/www.meydan.tv\/wp-content\/uploads\/a396d760-a255-3f9c-b9f8-3a3c10483ffd_850-e1658231405296.jpg","datePublished":"2022-07-19T11:57:18+00:00","dateModified":"2022-07-19T11:57:20+00:00","breadcrumb":{"@id":"https:\/\/www.meydan.tv\/az\/article\/mekteblini-doymekde-gunahlandirilan-direktor-da-isden-cixarilib\/#breadcrumb"},"inLanguage":"az","potentialAction":[{"@type":"ReadAction","target":["https:\/\/www.meydan.tv\/az\/article\/mekteblini-doymekde-gunahlandirilan-direktor-da-isden-cixarilib\/"]}]},{"@type":"ImageObject","inLanguage":"az","@id":"https:\/\/www.meydan.tv\/az\/article\/mekteblini-doymekde-gunahlandirilan-direktor-da-isden-cixarilib\/#primaryimage","url":"https:\/\/www.meydan.tv\/wp-content\/uploads\/a396d760-a255-3f9c-b9f8-3a3c10483ffd_850-e1658231405296.jpg","contentUrl":"https:\/\/www.meydan.tv\/wp-content\/uploads\/a396d760-a255-3f9c-b9f8-3a3c10483ffd_850-e1658231405296.jpg","width":1200,"height":639,"caption":"Yegan\u0259 \u018fsg\u0259rova. Foto: \"Facebook\""},{"@type":"BreadcrumbList","@id":"https:\/\/www.meydan.tv\/az\/article\/mekteblini-doymekde-gunahlandirilan-direktor-da-isden-cixarilib\/#breadcrumb","itemListElement":[{"@type":"ListItem","position":1,"name":"Ana s\u0259hif\u0259","item":"https:\/\/www.meydan.tv\/az\/"},{"@type":"ListItem","position":2,"name":"B\u00f6lg\u0259","item":"https:\/\/www.meydan.tv\/az\/section\/bolge\/"},{"@type":"ListItem","position":3,"name":"M\u0259kt\u0259blini d\u00f6ym\u0259kd\u0259 ittiham edil\u0259n direktor da i\u015fd\u0259n \u00e7\u0131xar\u0131l\u0131b"}]},{"@type":"WebSite","@id":"https:\/\/www.meydan.tv\/az\/#website","url":"https:\/\/www.meydan.tv\/az\/","name":"MEYDAN.TV","description":"Meydan TV Az\u0259rbaycan\u0131n media m\u0259kan\u0131ndak\u0131 alternativ s\u0259sidir","publisher":{"@id":"https:\/\/www.meydan.tv\/az\/#organization"},"potentialAction":[{"@type":"SearchAction","target":{"@type":"EntryPoint","urlTemplate":"https:\/\/www.meydan.tv\/az\/?s={search_term_string}"},"query-input":{"@type":"PropertyValueSpecification","valueRequired":true,"valueName":"search_term_string"}}],"inLanguage":"az"},{"@type":"Organization","@id":"https:\/\/www.meydan.tv\/az\/#organization","name":"Meydan TV","url":"https:\/\/www.meydan.tv\/az\/","logo":{"@type":"ImageObject","inLanguage":"az","@id":"https:\/\/www.meydan.tv\/az\/#\/schema\/logo\/image\/","url":"https:\/\/www.meydan.tv\/wp-content\/uploads\/2021\/07\/meydan-logo.svg","contentUrl":"https:\/\/www.meydan.tv\/wp-content\/uploads\/2021\/07\/meydan-logo.svg","width":195,"height":46,"caption":"Meydan TV"},"image":{"@id":"https:\/\/www.meydan.tv\/az\/#\/schema\/logo\/image\/"}},{"@type":"Person","@id":"https:\/\/www.meydan.tv\/az\/#\/schema\/person\/9cdbecf90d17180ce1dfbd95b08dcf47","name":"elli","sameAs":["https:\/\/x.com\/elli"]}]}},"_links":{"self":[{"href":"https:\/\/www.meydan.tv\/az\/wp-json\/wp\/v2\/posts\/251278","targetHints":{"allow":["GET"]}}],"collection":[{"href":"https:\/\/www.meydan.tv\/az\/wp-json\/wp\/v2\/posts"}],"about":[{"href":"https:\/\/www.meydan.tv\/az\/wp-json\/wp\/v2\/types\/post"}],"author":[{"embeddable":true,"href":"https:\/\/www.meydan.tv\/az\/wp-json\/wp\/v2\/users\/8"}],"replies":[{"embeddable":true,"href":"https:\/\/www.meydan.tv\/az\/wp-json\/wp\/v2\/comments?post=251278"}],"version-history":[{"count":2,"href":"https:\/\/www.meydan.tv\/az\/wp-json\/wp\/v2\/posts\/251278\/revisions"}],"predecessor-version":[{"id":251284,"href":"https:\/\/www.meydan.tv\/az\/wp-json\/wp\/v2\/posts\/251278\/revisions\/251284"}],"wp:featuredmedia":[{"embeddable":true,"href":"https:\/\/www.meydan.tv\/az\/wp-json\/wp\/v2\/media\/251279"}],"wp:attachment":[{"href":"https:\/\/www.meydan.tv\/az\/wp-json\/wp\/v2\/media?parent=251278"}],"wp:term":[{"taxonomy":"category","embeddable":true,"href":"https:\/\/www.meydan.tv\/az\/wp-json\/wp\/v2\/categories?post=251278"},{"taxonomy":"post_tag","embeddable":true,"href":"https:\/\/www.meydan.tv\/az\/wp-json\/wp\/v2\/tags?post=251278"}],"curies":[{"name":"wp","href":"https:\/\/api.w.org\/{rel}","templated":true}]}}