{"id":251235,"date":"2022-07-19T13:04:41","date_gmt":"2022-07-19T09:04:41","guid":{"rendered":"https:\/\/www.meydan.tv\/?p=251235"},"modified":"2022-07-19T13:04:43","modified_gmt":"2022-07-19T09:04:43","slug":"rusiyada-senetcilerin-siyasi-cixislarina-mehdudiyyet-qoyulur","status":"publish","type":"post","link":"https:\/\/www.meydan.tv\/az\/article\/rusiyada-senetcilerin-siyasi-cixislarina-mehdudiyyet-qoyulur\/","title":{"rendered":"Rusiyada s\u0259n\u0259t\u00e7il\u0259rin siyasi \u00e7\u0131x\u0131\u015flar\u0131na m\u0259hdudiyy\u0259t qoyulur"},"content":{"rendered":"\n<p><\/p>\n\n\n\n<p><em>T\u0259\u015fkilat\u00e7\u0131lar ifa\u00e7\u0131larla siyasi motivli \u00e7\u0131x\u0131\u015flar\u0131 \u00f6nl\u0259m\u0259k \u00fc\u00e7\u00fcn m\u00fcqavil\u0259 ba\u011flayacaqlar<\/em><\/p>\n\n\n\n<p>Rus s\u0259n\u0259t\u00e7il\u0259r s\u0259hn\u0259d\u0259 siyasi m\u00f6vzularda, x\u00fcsus\u0259n d\u0259 Ukraynadak\u0131 h\u0259rbi \u0259m\u0259liyyatlarla ba\u011fl\u0131 b\u0259yanatla \u00e7\u0131x\u0131\u015f ed\u0259 bilm\u0259y\u0259c\u0259kl\u0259r.<\/p>\n\n\n\n<p>Rusiyan\u0131n irimiqyasl\u0131 konsert t\u0259\u015fkilat\u0131 \u015firk\u0259tl\u0259ri hans\u0131sa ifa\u00e7\u0131n\u0131n konsertini t\u0259\u015fkil ed\u0259n zaman onunla siyasi motivli \u00e7\u0131x\u0131\u015f\u0131n\u0131 \u00f6nl\u0259y\u0259c\u0259k m\u00fcqavil\u0259 <a href=\"https:\/\/www.rbc.ru\/technology_and_media\/18\/07\/2022\/62d148df9a7947724236c581\" target=\"_blank\" rel=\"noreferrer noopener\">imzalayacaqlar.<\/a><\/p>\n\n\n\n<p>M\u00fcqavil\u0259y\u0259 \u0259sas\u0259n, ifa\u00e7\u0131 konsert zaman\u0131 h\u0259r hans\u0131 siyasi m\u00f6vzudan yay\u0131nma\u011f\u0131 \u00f6hd\u0259sin\u0259 g\u00f6t\u00fcr\u00fcr. H\u0259m\u00e7inin Ukraynadak\u0131 h\u0259rbi \u0259m\u0259liyyat\u0131n gedi\u015fiat\u0131 il\u0259 ba\u011fl\u0131 h\u0259r hans\u0131 yolla, o c\u00fcml\u0259d\u0259n audiovizual vasit\u0259l\u0259rl\u0259 m\u0259lumat yaymaq h\u00fcququ yoxdur.<\/p>\n\n\n\n<p>Bundan ba\u015fqa, s\u0259n\u0259t\u00e7i Ukraynan\u0131n d\u00f6vl\u0259t r\u0259mzl\u0259rind\u0259n, yaxud da buna b\u0259nz\u0259r atributlardan istifad\u0259 ed\u0259 bilm\u0259z.<\/p>\n\n\n\n<p>Bu qaydalara \u0259m\u0259l etm\u0259y\u0259n s\u0259n\u0259t\u00e7inin konserti t\u0259xir\u0259 sal\u0131n\u0131r. \u00dcst\u0259lik, t\u0259\u015fkilati x\u0259rcl\u0259rin ham\u0131s\u0131n\u0131 \u00f6z\u00fc \u00f6d\u0259m\u0259li olur.<\/p>\n\n\n\n<p>M\u00fcqavil\u0259d\u0259 500 min rubl m\u0259bl\u0259\u011find\u0259 c\u0259rim\u0259 d\u0259 n\u0259z\u0259rd\u0259 tutulub ki, musiqi\u00e7il\u0259r onu pozandan sonra \u00fc\u00e7 g\u00fcn \u0259rzind\u0259 \u00f6d\u0259m\u0259li olacaqlar.<\/p>\n\n\n\n<p>Musiqi \u015firk\u0259tl\u0259ri bu add\u0131m\u0131 onunla \u0259laq\u0259l\u0259ndiribl\u0259r ki, geni\u015fmiqyasl\u0131 konsertl\u0259rin t\u0259xir\u0259 sal\u0131nmas\u0131 b\u00f6y\u00fck maliyy\u0259 itkil\u0259ri il\u0259 n\u0259tic\u0259l\u0259nir.<\/p>\n\n\n\n<p>Rusiya fevral\u0131n 24-d\u0259 Ukraynada h\u0259rbi \u0259m\u0259liyyatlara ba\u015flay\u0131b.<\/p>\n\n\n\n<p>Ard\u0131nca Avropa \u0130ttifaq\u0131 \u00f6lk\u0259l\u0259ri, h\u0259m\u00e7inin B\u00f6y\u00fck Britaniya, AB\u015e, Kanada Rusiyaya m\u00fcxt\u0259lif sanksiyalar qoyub.<\/p>\n\n\n\n<p>Sanksiyalar iqtisadiyyat, siyas\u0259tl\u0259 yana\u015f\u0131, m\u0259d\u0259niyy\u0259t sah\u0259sind\u0259n d\u0259 yan ke\u00e7m\u0259yib.<\/p>\n\n\n\n<p>Rusiya bir s\u0131ra beyn\u0259lxalq musiqi v\u0259 kino festivvallar\u0131ndan k\u0259narla\u015fd\u0131r\u0131l\u0131b.<\/p>\n\n\n\n<p>H\u0259m\u00e7inin rus s\u0259n\u0259t\u00e7il\u0259rin\u0259 qada\u011falar t\u0259tbiq edilib.<\/p>\n\n\n\n<p>M\u00fcharib\u0259 ba\u015flayandan sonra bir s\u0131ra rus s\u0259n\u0259t\u00e7il\u0259ri etiraz olaraq Rusiyan\u0131 t\u0259rk edibl\u0259r.<\/p>\n","protected":false},"excerpt":{"rendered":"<p>T\u0259\u015fkilat\u00e7\u0131lar ifa\u00e7\u0131larla siyasi motivli \u00e7\u0131x\u0131\u015flar\u0131 \u00f6nl\u0259m\u0259k \u00fc\u00e7\u00fcn m\u00fcqavil\u0259 ba\u011flayacaqlar Rus &#8230; <\/p>\n<p class=\"read-more-container\"><a title=\"Rusiyada s\u0259n\u0259t\u00e7il\u0259rin siyasi \u00e7\u0131x\u0131\u015flar\u0131na m\u0259hdudiyy\u0259t qoyulur\" class=\"read-more button\" href=\"https:\/\/www.meydan.tv\/az\/article\/rusiyada-senetcilerin-siyasi-cixislarina-mehdudiyyet-qoyulur\/#more-251235\" aria-label=\"Read more about Rusiyada s\u0259n\u0259t\u00e7il\u0259rin siyasi \u00e7\u0131x\u0131\u015flar\u0131na m\u0259hdudiyy\u0259t qoyulur\">Davam\u0131<\/a><\/p>\n","protected":false},"author":8,"featured_media":235263,"comment_status":"closed","ping_status":"closed","sticky":false,"template":"","format":"standard","meta":{"_acf_changed":false,"_sitemap_exclude":false,"_sitemap_priority":"","_sitemap_frequency":"","footnotes":""},"categories":[52,56],"tags":[],"class_list":["post-251235","post","type-post","status-publish","format-standard","has-post-thumbnail","hentry","category-medeniyyet","category-xeberler","infinite-scroll-item","generate-columns","tablet-grid-50","mobile-grid-100","grid-parent","grid-33","no-featured-image-padding"],"acf":[],"yoast_head":"<!-- This site is optimized with the Yoast SEO plugin v27.5 - https:\/\/yoast.com\/product\/yoast-seo-wordpress\/ -->\n<title>Rusiyada s\u0259n\u0259t\u00e7il\u0259rin siyasi \u00e7\u0131x\u0131\u015flar\u0131na m\u0259hdudiyy\u0259t qoyulur - MEYDAN.TV<\/title>\n<meta name=\"robots\" content=\"index, follow, max-snippet:-1, max-image-preview:large, max-video-preview:-1\" \/>\n<link rel=\"canonical\" href=\"https:\/\/www.meydan.tv\/az\/article\/rusiyada-senetcilerin-siyasi-cixislarina-mehdudiyyet-qoyulur\/\" \/>\n<meta property=\"og:locale\" content=\"az_AZ\" \/>\n<meta property=\"og:type\" content=\"article\" \/>\n<meta property=\"og:title\" content=\"Rusiyada s\u0259n\u0259t\u00e7il\u0259rin siyasi \u00e7\u0131x\u0131\u015flar\u0131na m\u0259hdudiyy\u0259t qoyulur - MEYDAN.TV\" \/>\n<meta property=\"og:description\" content=\"T\u0259\u015fkilat\u00e7\u0131lar ifa\u00e7\u0131larla siyasi motivli \u00e7\u0131x\u0131\u015flar\u0131 \u00f6nl\u0259m\u0259k \u00fc\u00e7\u00fcn m\u00fcqavil\u0259 ba\u011flayacaqlar Rus ... Davam\u0131\" \/>\n<meta property=\"og:url\" content=\"https:\/\/www.meydan.tv\/az\/article\/rusiyada-senetcilerin-siyasi-cixislarina-mehdudiyyet-qoyulur\/\" \/>\n<meta property=\"og:site_name\" content=\"MEYDAN.TV\" \/>\n<meta property=\"article:published_time\" content=\"2022-07-19T09:04:41+00:00\" \/>\n<meta property=\"article:modified_time\" content=\"2022-07-19T09:04:43+00:00\" \/>\n<meta property=\"og:image\" content=\"https:\/\/www.meydan.tv\/wp-content\/uploads\/2022-02-22t112121z_1_lynxmpei1l0go_rtroptp_4_ukraine-crisis-russia-flights.jpg\" \/>\n\t<meta property=\"og:image:width\" content=\"1200\" \/>\n\t<meta property=\"og:image:height\" content=\"754\" \/>\n\t<meta property=\"og:image:type\" content=\"image\/jpeg\" \/>\n<meta name=\"author\" content=\"elli\" \/>\n<meta name=\"twitter:card\" content=\"summary_large_image\" \/>\n<meta name=\"twitter:creator\" content=\"@elli\" \/>\n<script type=\"application\/ld+json\" class=\"yoast-schema-graph\">{\"@context\":\"https:\\\/\\\/schema.org\",\"@graph\":[{\"@type\":\"Article\",\"@id\":\"https:\\\/\\\/www.meydan.tv\\\/az\\\/article\\\/rusiyada-senetcilerin-siyasi-cixislarina-mehdudiyyet-qoyulur\\\/#article\",\"isPartOf\":{\"@id\":\"https:\\\/\\\/www.meydan.tv\\\/az\\\/article\\\/rusiyada-senetcilerin-siyasi-cixislarina-mehdudiyyet-qoyulur\\\/\"},\"author\":{\"name\":\"elli\",\"@id\":\"https:\\\/\\\/www.meydan.tv\\\/az\\\/#\\\/schema\\\/person\\\/9cdbecf90d17180ce1dfbd95b08dcf47\"},\"headline\":\"Rusiyada s\u0259n\u0259t\u00e7il\u0259rin siyasi \u00e7\u0131x\u0131\u015flar\u0131na m\u0259hdudiyy\u0259t qoyulur\",\"datePublished\":\"2022-07-19T09:04:41+00:00\",\"dateModified\":\"2022-07-19T09:04:43+00:00\",\"mainEntityOfPage\":{\"@id\":\"https:\\\/\\\/www.meydan.tv\\\/az\\\/article\\\/rusiyada-senetcilerin-siyasi-cixislarina-mehdudiyyet-qoyulur\\\/\"},\"wordCount\":373,\"publisher\":{\"@id\":\"https:\\\/\\\/www.meydan.tv\\\/az\\\/#organization\"},\"image\":{\"@id\":\"https:\\\/\\\/www.meydan.tv\\\/az\\\/article\\\/rusiyada-senetcilerin-siyasi-cixislarina-mehdudiyyet-qoyulur\\\/#primaryimage\"},\"thumbnailUrl\":\"https:\\\/\\\/www.meydan.tv\\\/wp-content\\\/uploads\\\/2022-02-22t112121z_1_lynxmpei1l0go_rtroptp_4_ukraine-crisis-russia-flights.jpg\",\"articleSection\":[\"M\u0259d\u0259niyy\u0259t\",\"X\u0259b\u0259rl\u0259r\"],\"inLanguage\":\"az\"},{\"@type\":\"WebPage\",\"@id\":\"https:\\\/\\\/www.meydan.tv\\\/az\\\/article\\\/rusiyada-senetcilerin-siyasi-cixislarina-mehdudiyyet-qoyulur\\\/\",\"url\":\"https:\\\/\\\/www.meydan.tv\\\/az\\\/article\\\/rusiyada-senetcilerin-siyasi-cixislarina-mehdudiyyet-qoyulur\\\/\",\"name\":\"Rusiyada s\u0259n\u0259t\u00e7il\u0259rin siyasi \u00e7\u0131x\u0131\u015flar\u0131na m\u0259hdudiyy\u0259t qoyulur - MEYDAN.TV\",\"isPartOf\":{\"@id\":\"https:\\\/\\\/www.meydan.tv\\\/az\\\/#website\"},\"primaryImageOfPage\":{\"@id\":\"https:\\\/\\\/www.meydan.tv\\\/az\\\/article\\\/rusiyada-senetcilerin-siyasi-cixislarina-mehdudiyyet-qoyulur\\\/#primaryimage\"},\"image\":{\"@id\":\"https:\\\/\\\/www.meydan.tv\\\/az\\\/article\\\/rusiyada-senetcilerin-siyasi-cixislarina-mehdudiyyet-qoyulur\\\/#primaryimage\"},\"thumbnailUrl\":\"https:\\\/\\\/www.meydan.tv\\\/wp-content\\\/uploads\\\/2022-02-22t112121z_1_lynxmpei1l0go_rtroptp_4_ukraine-crisis-russia-flights.jpg\",\"datePublished\":\"2022-07-19T09:04:41+00:00\",\"dateModified\":\"2022-07-19T09:04:43+00:00\",\"breadcrumb\":{\"@id\":\"https:\\\/\\\/www.meydan.tv\\\/az\\\/article\\\/rusiyada-senetcilerin-siyasi-cixislarina-mehdudiyyet-qoyulur\\\/#breadcrumb\"},\"inLanguage\":\"az\",\"potentialAction\":[{\"@type\":\"ReadAction\",\"target\":[\"https:\\\/\\\/www.meydan.tv\\\/az\\\/article\\\/rusiyada-senetcilerin-siyasi-cixislarina-mehdudiyyet-qoyulur\\\/\"]}]},{\"@type\":\"ImageObject\",\"inLanguage\":\"az\",\"@id\":\"https:\\\/\\\/www.meydan.tv\\\/az\\\/article\\\/rusiyada-senetcilerin-siyasi-cixislarina-mehdudiyyet-qoyulur\\\/#primaryimage\",\"url\":\"https:\\\/\\\/www.meydan.tv\\\/wp-content\\\/uploads\\\/2022-02-22t112121z_1_lynxmpei1l0go_rtroptp_4_ukraine-crisis-russia-flights.jpg\",\"contentUrl\":\"https:\\\/\\\/www.meydan.tv\\\/wp-content\\\/uploads\\\/2022-02-22t112121z_1_lynxmpei1l0go_rtroptp_4_ukraine-crisis-russia-flights.jpg\",\"width\":1200,\"height\":754,\"caption\":\"Rusiya, M\u0259nb\u0259: Reuters\"},{\"@type\":\"BreadcrumbList\",\"@id\":\"https:\\\/\\\/www.meydan.tv\\\/az\\\/article\\\/rusiyada-senetcilerin-siyasi-cixislarina-mehdudiyyet-qoyulur\\\/#breadcrumb\",\"itemListElement\":[{\"@type\":\"ListItem\",\"position\":1,\"name\":\"Ana s\u0259hif\u0259\",\"item\":\"https:\\\/\\\/www.meydan.tv\\\/az\\\/\"},{\"@type\":\"ListItem\",\"position\":2,\"name\":\"M\u0259d\u0259niyy\u0259t\",\"item\":\"https:\\\/\\\/www.meydan.tv\\\/az\\\/section\\\/medeniyyet\\\/\"},{\"@type\":\"ListItem\",\"position\":3,\"name\":\"Rusiyada s\u0259n\u0259t\u00e7il\u0259rin siyasi \u00e7\u0131x\u0131\u015flar\u0131na m\u0259hdudiyy\u0259t qoyulur\"}]},{\"@type\":\"WebSite\",\"@id\":\"https:\\\/\\\/www.meydan.tv\\\/az\\\/#website\",\"url\":\"https:\\\/\\\/www.meydan.tv\\\/az\\\/\",\"name\":\"MEYDAN.TV\",\"description\":\"Meydan TV Az\u0259rbaycan\u0131n media m\u0259kan\u0131ndak\u0131 alternativ s\u0259sidir\",\"publisher\":{\"@id\":\"https:\\\/\\\/www.meydan.tv\\\/az\\\/#organization\"},\"potentialAction\":[{\"@type\":\"SearchAction\",\"target\":{\"@type\":\"EntryPoint\",\"urlTemplate\":\"https:\\\/\\\/www.meydan.tv\\\/az\\\/?s={search_term_string}\"},\"query-input\":{\"@type\":\"PropertyValueSpecification\",\"valueRequired\":true,\"valueName\":\"search_term_string\"}}],\"inLanguage\":\"az\"},{\"@type\":\"Organization\",\"@id\":\"https:\\\/\\\/www.meydan.tv\\\/az\\\/#organization\",\"name\":\"Meydan TV\",\"url\":\"https:\\\/\\\/www.meydan.tv\\\/az\\\/\",\"logo\":{\"@type\":\"ImageObject\",\"inLanguage\":\"az\",\"@id\":\"https:\\\/\\\/www.meydan.tv\\\/az\\\/#\\\/schema\\\/logo\\\/image\\\/\",\"url\":\"https:\\\/\\\/www.meydan.tv\\\/wp-content\\\/uploads\\\/2021\\\/07\\\/meydan-logo.svg\",\"contentUrl\":\"https:\\\/\\\/www.meydan.tv\\\/wp-content\\\/uploads\\\/2021\\\/07\\\/meydan-logo.svg\",\"width\":195,\"height\":46,\"caption\":\"Meydan TV\"},\"image\":{\"@id\":\"https:\\\/\\\/www.meydan.tv\\\/az\\\/#\\\/schema\\\/logo\\\/image\\\/\"}},{\"@type\":\"Person\",\"@id\":\"https:\\\/\\\/www.meydan.tv\\\/az\\\/#\\\/schema\\\/person\\\/9cdbecf90d17180ce1dfbd95b08dcf47\",\"name\":\"elli\",\"sameAs\":[\"https:\\\/\\\/x.com\\\/elli\"]}]}<\/script>\n<!-- \/ Yoast SEO plugin. -->","yoast_head_json":{"title":"Rusiyada s\u0259n\u0259t\u00e7il\u0259rin siyasi \u00e7\u0131x\u0131\u015flar\u0131na m\u0259hdudiyy\u0259t qoyulur - MEYDAN.TV","robots":{"index":"index","follow":"follow","max-snippet":"max-snippet:-1","max-image-preview":"max-image-preview:large","max-video-preview":"max-video-preview:-1"},"canonical":"https:\/\/www.meydan.tv\/az\/article\/rusiyada-senetcilerin-siyasi-cixislarina-mehdudiyyet-qoyulur\/","og_locale":"az_AZ","og_type":"article","og_title":"Rusiyada s\u0259n\u0259t\u00e7il\u0259rin siyasi \u00e7\u0131x\u0131\u015flar\u0131na m\u0259hdudiyy\u0259t qoyulur - MEYDAN.TV","og_description":"T\u0259\u015fkilat\u00e7\u0131lar ifa\u00e7\u0131larla siyasi motivli \u00e7\u0131x\u0131\u015flar\u0131 \u00f6nl\u0259m\u0259k \u00fc\u00e7\u00fcn m\u00fcqavil\u0259 ba\u011flayacaqlar Rus ... Davam\u0131","og_url":"https:\/\/www.meydan.tv\/az\/article\/rusiyada-senetcilerin-siyasi-cixislarina-mehdudiyyet-qoyulur\/","og_site_name":"MEYDAN.TV","article_published_time":"2022-07-19T09:04:41+00:00","article_modified_time":"2022-07-19T09:04:43+00:00","og_image":[{"width":1200,"height":754,"url":"https:\/\/www.meydan.tv\/wp-content\/uploads\/2022-02-22t112121z_1_lynxmpei1l0go_rtroptp_4_ukraine-crisis-russia-flights.jpg","type":"image\/jpeg"}],"author":"elli","twitter_card":"summary_large_image","twitter_creator":"@elli","schema":{"@context":"https:\/\/schema.org","@graph":[{"@type":"Article","@id":"https:\/\/www.meydan.tv\/az\/article\/rusiyada-senetcilerin-siyasi-cixislarina-mehdudiyyet-qoyulur\/#article","isPartOf":{"@id":"https:\/\/www.meydan.tv\/az\/article\/rusiyada-senetcilerin-siyasi-cixislarina-mehdudiyyet-qoyulur\/"},"author":{"name":"elli","@id":"https:\/\/www.meydan.tv\/az\/#\/schema\/person\/9cdbecf90d17180ce1dfbd95b08dcf47"},"headline":"Rusiyada s\u0259n\u0259t\u00e7il\u0259rin siyasi \u00e7\u0131x\u0131\u015flar\u0131na m\u0259hdudiyy\u0259t qoyulur","datePublished":"2022-07-19T09:04:41+00:00","dateModified":"2022-07-19T09:04:43+00:00","mainEntityOfPage":{"@id":"https:\/\/www.meydan.tv\/az\/article\/rusiyada-senetcilerin-siyasi-cixislarina-mehdudiyyet-qoyulur\/"},"wordCount":373,"publisher":{"@id":"https:\/\/www.meydan.tv\/az\/#organization"},"image":{"@id":"https:\/\/www.meydan.tv\/az\/article\/rusiyada-senetcilerin-siyasi-cixislarina-mehdudiyyet-qoyulur\/#primaryimage"},"thumbnailUrl":"https:\/\/www.meydan.tv\/wp-content\/uploads\/2022-02-22t112121z_1_lynxmpei1l0go_rtroptp_4_ukraine-crisis-russia-flights.jpg","articleSection":["M\u0259d\u0259niyy\u0259t","X\u0259b\u0259rl\u0259r"],"inLanguage":"az"},{"@type":"WebPage","@id":"https:\/\/www.meydan.tv\/az\/article\/rusiyada-senetcilerin-siyasi-cixislarina-mehdudiyyet-qoyulur\/","url":"https:\/\/www.meydan.tv\/az\/article\/rusiyada-senetcilerin-siyasi-cixislarina-mehdudiyyet-qoyulur\/","name":"Rusiyada s\u0259n\u0259t\u00e7il\u0259rin siyasi \u00e7\u0131x\u0131\u015flar\u0131na m\u0259hdudiyy\u0259t qoyulur - MEYDAN.TV","isPartOf":{"@id":"https:\/\/www.meydan.tv\/az\/#website"},"primaryImageOfPage":{"@id":"https:\/\/www.meydan.tv\/az\/article\/rusiyada-senetcilerin-siyasi-cixislarina-mehdudiyyet-qoyulur\/#primaryimage"},"image":{"@id":"https:\/\/www.meydan.tv\/az\/article\/rusiyada-senetcilerin-siyasi-cixislarina-mehdudiyyet-qoyulur\/#primaryimage"},"thumbnailUrl":"https:\/\/www.meydan.tv\/wp-content\/uploads\/2022-02-22t112121z_1_lynxmpei1l0go_rtroptp_4_ukraine-crisis-russia-flights.jpg","datePublished":"2022-07-19T09:04:41+00:00","dateModified":"2022-07-19T09:04:43+00:00","breadcrumb":{"@id":"https:\/\/www.meydan.tv\/az\/article\/rusiyada-senetcilerin-siyasi-cixislarina-mehdudiyyet-qoyulur\/#breadcrumb"},"inLanguage":"az","potentialAction":[{"@type":"ReadAction","target":["https:\/\/www.meydan.tv\/az\/article\/rusiyada-senetcilerin-siyasi-cixislarina-mehdudiyyet-qoyulur\/"]}]},{"@type":"ImageObject","inLanguage":"az","@id":"https:\/\/www.meydan.tv\/az\/article\/rusiyada-senetcilerin-siyasi-cixislarina-mehdudiyyet-qoyulur\/#primaryimage","url":"https:\/\/www.meydan.tv\/wp-content\/uploads\/2022-02-22t112121z_1_lynxmpei1l0go_rtroptp_4_ukraine-crisis-russia-flights.jpg","contentUrl":"https:\/\/www.meydan.tv\/wp-content\/uploads\/2022-02-22t112121z_1_lynxmpei1l0go_rtroptp_4_ukraine-crisis-russia-flights.jpg","width":1200,"height":754,"caption":"Rusiya, M\u0259nb\u0259: Reuters"},{"@type":"BreadcrumbList","@id":"https:\/\/www.meydan.tv\/az\/article\/rusiyada-senetcilerin-siyasi-cixislarina-mehdudiyyet-qoyulur\/#breadcrumb","itemListElement":[{"@type":"ListItem","position":1,"name":"Ana s\u0259hif\u0259","item":"https:\/\/www.meydan.tv\/az\/"},{"@type":"ListItem","position":2,"name":"M\u0259d\u0259niyy\u0259t","item":"https:\/\/www.meydan.tv\/az\/section\/medeniyyet\/"},{"@type":"ListItem","position":3,"name":"Rusiyada s\u0259n\u0259t\u00e7il\u0259rin siyasi \u00e7\u0131x\u0131\u015flar\u0131na m\u0259hdudiyy\u0259t qoyulur"}]},{"@type":"WebSite","@id":"https:\/\/www.meydan.tv\/az\/#website","url":"https:\/\/www.meydan.tv\/az\/","name":"MEYDAN.TV","description":"Meydan TV Az\u0259rbaycan\u0131n media m\u0259kan\u0131ndak\u0131 alternativ s\u0259sidir","publisher":{"@id":"https:\/\/www.meydan.tv\/az\/#organization"},"potentialAction":[{"@type":"SearchAction","target":{"@type":"EntryPoint","urlTemplate":"https:\/\/www.meydan.tv\/az\/?s={search_term_string}"},"query-input":{"@type":"PropertyValueSpecification","valueRequired":true,"valueName":"search_term_string"}}],"inLanguage":"az"},{"@type":"Organization","@id":"https:\/\/www.meydan.tv\/az\/#organization","name":"Meydan TV","url":"https:\/\/www.meydan.tv\/az\/","logo":{"@type":"ImageObject","inLanguage":"az","@id":"https:\/\/www.meydan.tv\/az\/#\/schema\/logo\/image\/","url":"https:\/\/www.meydan.tv\/wp-content\/uploads\/2021\/07\/meydan-logo.svg","contentUrl":"https:\/\/www.meydan.tv\/wp-content\/uploads\/2021\/07\/meydan-logo.svg","width":195,"height":46,"caption":"Meydan TV"},"image":{"@id":"https:\/\/www.meydan.tv\/az\/#\/schema\/logo\/image\/"}},{"@type":"Person","@id":"https:\/\/www.meydan.tv\/az\/#\/schema\/person\/9cdbecf90d17180ce1dfbd95b08dcf47","name":"elli","sameAs":["https:\/\/x.com\/elli"]}]}},"_links":{"self":[{"href":"https:\/\/www.meydan.tv\/az\/wp-json\/wp\/v2\/posts\/251235","targetHints":{"allow":["GET"]}}],"collection":[{"href":"https:\/\/www.meydan.tv\/az\/wp-json\/wp\/v2\/posts"}],"about":[{"href":"https:\/\/www.meydan.tv\/az\/wp-json\/wp\/v2\/types\/post"}],"author":[{"embeddable":true,"href":"https:\/\/www.meydan.tv\/az\/wp-json\/wp\/v2\/users\/8"}],"replies":[{"embeddable":true,"href":"https:\/\/www.meydan.tv\/az\/wp-json\/wp\/v2\/comments?post=251235"}],"version-history":[{"count":1,"href":"https:\/\/www.meydan.tv\/az\/wp-json\/wp\/v2\/posts\/251235\/revisions"}],"predecessor-version":[{"id":251236,"href":"https:\/\/www.meydan.tv\/az\/wp-json\/wp\/v2\/posts\/251235\/revisions\/251236"}],"wp:featuredmedia":[{"embeddable":true,"href":"https:\/\/www.meydan.tv\/az\/wp-json\/wp\/v2\/media\/235263"}],"wp:attachment":[{"href":"https:\/\/www.meydan.tv\/az\/wp-json\/wp\/v2\/media?parent=251235"}],"wp:term":[{"taxonomy":"category","embeddable":true,"href":"https:\/\/www.meydan.tv\/az\/wp-json\/wp\/v2\/categories?post=251235"},{"taxonomy":"post_tag","embeddable":true,"href":"https:\/\/www.meydan.tv\/az\/wp-json\/wp\/v2\/tags?post=251235"}],"curies":[{"name":"wp","href":"https:\/\/api.w.org\/{rel}","templated":true}]}}