{"id":251232,"date":"2022-07-19T13:00:06","date_gmt":"2022-07-19T09:00:06","guid":{"rendered":"https:\/\/www.meydan.tv\/?p=251232"},"modified":"2022-07-19T13:00:08","modified_gmt":"2022-07-19T09:00:08","slug":"zengilana-mecburi-kockunlerin-ilk-kocu-yola-salinib","status":"publish","type":"post","link":"https:\/\/www.meydan.tv\/az\/article\/zengilana-mecburi-kockunlerin-ilk-kocu-yola-salinib\/","title":{"rendered":"Z\u0259ngilana m\u0259cburi k\u00f6\u00e7k\u00fcnl\u0259rin ilk k\u00f6\u00e7\u00fc yola sal\u0131n\u0131b"},"content":{"rendered":"\n<p><\/p>\n\n\n\n<p><em>Sakinl\u0259rin \u201cA\u011f\u0131ll\u0131 k\u0259nd\u201d konsepsiyas\u0131na uy\u011fun k\u00f6\u00e7\u00fcr\u00fcld\u00fcy\u00fc bildirilir<\/em><\/p>\n\n\n\n<p>\u0130yulun 19-da Z\u0259ngilan rayonunun A\u011fal\u0131 k\u0259ndin\u0259 \u0259halinin ilkin k\u00f6\u00e7\u00fcr\u00fclm\u0259sin\u0259 start verilib.<\/p>\n\n\n\n<p>Birinci m\u0259rh\u0259l\u0259d\u0259 Ab\u015feronun Masaz\u0131r q\u0259s\u0259b\u0259sind\u0259 yerl\u0259\u015f\u0259n \u201cZ\u0259ngilan \u015f\u0259h\u0259rciyi&#8221;nd\u0259n k\u00f6\u00e7k\u00fcnl\u0259rin ilk qrupu Daxili \u0130\u015fl\u0259r Nazirliyinin \u0259m\u0259kda\u015flar\u0131n\u0131n m\u00fc\u015fayi\u0259ti il\u0259 \u00f6z yurd-yuvalar\u0131na yola sal\u0131n\u0131b.<\/p>\n\n\n\n<p>Bu bar\u0259d\u0259 &#8220;Az\u0259rtac&#8221;a Prezidentin \u015e\u0259rqi Z\u0259ng\u0259zur iqtisadi rayonuna daxil olan Z\u0259ngilan \u00fczr\u0259 x\u00fcsusi n\u00fcmay\u0259nd\u0259si Vahid Hac\u0131yev <a href=\"https:\/\/azertag.az\/xeber\/Qarabaga_Boyuk_Qayidis_Agali_kendinin_ilk_sakinleri_yola_salinib-2219783\" target=\"_blank\" rel=\"noreferrer noopener\">dan\u0131\u015f\u0131b<\/a>.<\/p>\n\n\n\n<figure class=\"wp-block-image size-full\"><img decoding=\"async\" width=\"1200\" height=\"709\" data-src=\"https:\/\/www.meydan.tv\/wp-content\/uploads\/w_1616582125733182641131_1000x669.jpg\" alt=\"\" class=\"wp-image-251226 lazyload\" src=\"data:image\/svg+xml;base64,PHN2ZyB3aWR0aD0iMSIgaGVpZ2h0PSIxIiB4bWxucz0iaHR0cDovL3d3dy53My5vcmcvMjAwMC9zdmciPjwvc3ZnPg==\" style=\"--smush-placeholder-width: 1200px; --smush-placeholder-aspect-ratio: 1200\/709;\" \/><\/figure>\n\n\n\n<p>O, \u00fcmumilikd\u0259 \u201cA\u011f\u0131ll\u0131 k\u0259nd\u201d konsepsiyas\u0131na uy\u011fun qurulan A\u011fal\u0131 k\u0259ndin\u0259 4 m\u0259rh\u0259l\u0259d\u0259 k\u00f6\u00e7\u00fcr\u00fcl\u0259c\u0259k 41 ail\u0259nin, t\u0259xmin\u0259n 200 n\u0259f\u0259rin h\u0259r c\u00fcr \u015f\u0259raitl\u0259 t\u0259min olunaca\u011f\u0131n\u0131 vur\u011fulay\u0131b: <\/p>\n\n\n\n<p>&#8220;A\u011fal\u0131da m\u0259skunla\u015facaq sakinl\u0259r y\u00fcks\u0259kkeyfiyy\u0259tli, \u201ca\u011f\u0131ll\u0131\u201d texnologiyalarla t\u0259chiz edilmi\u015f evl\u0259rl\u0259 t\u0259min olunacaqlar. Burada ya\u015fayacaq \u0259halinin m\u0259\u015f\u011fulluq, sosial, t\u0259hsil, tibbi m\u0259s\u0259l\u0259l\u0259ri m\u00fcvafiq qurumlar t\u0259r\u0259find\u0259n h\u0259ll edil\u0259c\u0259k&#8221;.<\/p>\n\n\n\n<p>\u0130\u015f\u011fala q\u0259d\u0259r bu inzibati \u0259razi 3 k\u0259ndi birl\u0259\u015fdirib.<\/p>\n\n\n\n<p>H\u0259min d\u00f6vrd\u0259 Birinci A\u011fal\u0131da 40 ail\u0259 (154 n\u0259f\u0259r), \u0130kinci A\u011fal\u0131da 60 ail\u0259 (245 n\u0259f\u0259r), \u00dc\u00e7\u00fcnc\u00fc A\u011fal\u0131da 161 ail\u0259 (675 n\u0259f\u0259r) ya\u015fay\u0131b.<\/p>\n\n\n\n<p>Haz\u0131rda bu k\u0259ndl\u0259rd\u0259n olan ail\u0259l\u0259rin \u00fcmumi say\u0131 352-dir (1504 n\u0259f\u0259r).<\/p>\n\n\n\n<figure class=\"wp-block-image size-full\"><img decoding=\"async\" width=\"1201\" height=\"706\" data-src=\"https:\/\/www.meydan.tv\/wp-content\/uploads\/w_1616582125736117916309_1000x669.jpg\" alt=\"\" class=\"wp-image-251223 lazyload\" src=\"data:image\/svg+xml;base64,PHN2ZyB3aWR0aD0iMSIgaGVpZ2h0PSIxIiB4bWxucz0iaHR0cDovL3d3dy53My5vcmcvMjAwMC9zdmciPjwvc3ZnPg==\" style=\"--smush-placeholder-width: 1201px; --smush-placeholder-aspect-ratio: 1201\/706;\" \/><\/figure>\n\n\n\n<p>Yeni A\u011fal\u0131 k\u0259ndin\u0259 d\u00f6rd m\u0259rh\u0259l\u0259d\u0259 41 ail\u0259 k\u00f6\u00e7\u00fcr\u00fcl\u0259c\u0259k.<\/p>\n\n\n\n<p>\u0130lk k\u00f6\u00e7\u00fcr\u00fclm\u0259 is\u0259 10 ail\u0259 olacaq.<\/p>\n\n\n\n<p>Erm\u0259nistan ordusu 1993-c\u00fc ilin 29 oktyabr\u0131nda Z\u0259ngilan rayonunu \u0259l\u0259 ke\u00e7irib.<\/p>\n\n\n\n<p>2020-ci ilin 20 noyabr\u0131nda is\u0259 rayon Az\u0259rbaycan Silahl\u0131 Q\u00fcvv\u0259l\u0259ri t\u0259r\u0259find\u0259n geri qaytar\u0131l\u0131b.<\/p>\n","protected":false},"excerpt":{"rendered":"<p>Sakinl\u0259rin \u201cA\u011f\u0131ll\u0131 k\u0259nd\u201d konsepsiyas\u0131na uy\u011fun k\u00f6\u00e7\u00fcr\u00fcld\u00fcy\u00fc bildirilir \u0130yulun 19-da Z\u0259ngilan &#8230; <\/p>\n<p class=\"read-more-container\"><a title=\"Z\u0259ngilana m\u0259cburi k\u00f6\u00e7k\u00fcnl\u0259rin ilk k\u00f6\u00e7\u00fc yola sal\u0131n\u0131b\" class=\"read-more button\" href=\"https:\/\/www.meydan.tv\/az\/article\/zengilana-mecburi-kockunlerin-ilk-kocu-yola-salinib\/#more-251232\" aria-label=\"Read more about Z\u0259ngilana m\u0259cburi k\u00f6\u00e7k\u00fcnl\u0259rin ilk k\u00f6\u00e7\u00fc yola sal\u0131n\u0131b\">Davam\u0131<\/a><\/p>\n","protected":false},"author":8,"featured_media":251229,"comment_status":"closed","ping_status":"closed","sticky":false,"template":"","format":"standard","meta":{"_acf_changed":false,"_sitemap_exclude":false,"_sitemap_priority":"","_sitemap_frequency":"","footnotes":""},"categories":[56],"tags":[],"class_list":["post-251232","post","type-post","status-publish","format-standard","has-post-thumbnail","hentry","category-xeberler","infinite-scroll-item","generate-columns","tablet-grid-50","mobile-grid-100","grid-parent","grid-33","no-featured-image-padding"],"acf":[],"yoast_head":"<!-- This site is optimized with the Yoast SEO plugin v27.5 - https:\/\/yoast.com\/product\/yoast-seo-wordpress\/ -->\n<title>Z\u0259ngilana m\u0259cburi k\u00f6\u00e7k\u00fcnl\u0259rin ilk k\u00f6\u00e7\u00fc yola sal\u0131n\u0131b - MEYDAN.TV<\/title>\n<meta name=\"robots\" content=\"index, follow, max-snippet:-1, max-image-preview:large, max-video-preview:-1\" \/>\n<link rel=\"canonical\" href=\"https:\/\/www.meydan.tv\/az\/article\/zengilana-mecburi-kockunlerin-ilk-kocu-yola-salinib\/\" \/>\n<meta property=\"og:locale\" content=\"az_AZ\" \/>\n<meta property=\"og:type\" content=\"article\" \/>\n<meta property=\"og:title\" content=\"Z\u0259ngilana m\u0259cburi k\u00f6\u00e7k\u00fcnl\u0259rin ilk k\u00f6\u00e7\u00fc yola sal\u0131n\u0131b - MEYDAN.TV\" \/>\n<meta property=\"og:description\" content=\"Sakinl\u0259rin \u201cA\u011f\u0131ll\u0131 k\u0259nd\u201d konsepsiyas\u0131na uy\u011fun k\u00f6\u00e7\u00fcr\u00fcld\u00fcy\u00fc bildirilir \u0130yulun 19-da Z\u0259ngilan ... Davam\u0131\" \/>\n<meta property=\"og:url\" content=\"https:\/\/www.meydan.tv\/az\/article\/zengilana-mecburi-kockunlerin-ilk-kocu-yola-salinib\/\" \/>\n<meta property=\"og:site_name\" content=\"MEYDAN.TV\" \/>\n<meta property=\"article:published_time\" content=\"2022-07-19T09:00:06+00:00\" \/>\n<meta property=\"article:modified_time\" content=\"2022-07-19T09:00:08+00:00\" \/>\n<meta property=\"og:image\" content=\"https:\/\/www.meydan.tv\/wp-content\/uploads\/w_1616582125733213137208_1000x669.jpg\" \/>\n\t<meta property=\"og:image:width\" content=\"1201\" \/>\n\t<meta property=\"og:image:height\" content=\"713\" \/>\n\t<meta property=\"og:image:type\" content=\"image\/jpeg\" \/>\n<meta name=\"author\" content=\"elli\" \/>\n<meta name=\"twitter:card\" content=\"summary_large_image\" \/>\n<meta name=\"twitter:creator\" content=\"@elli\" \/>\n<script type=\"application\/ld+json\" class=\"yoast-schema-graph\">{\"@context\":\"https:\\\/\\\/schema.org\",\"@graph\":[{\"@type\":\"Article\",\"@id\":\"https:\\\/\\\/www.meydan.tv\\\/az\\\/article\\\/zengilana-mecburi-kockunlerin-ilk-kocu-yola-salinib\\\/#article\",\"isPartOf\":{\"@id\":\"https:\\\/\\\/www.meydan.tv\\\/az\\\/article\\\/zengilana-mecburi-kockunlerin-ilk-kocu-yola-salinib\\\/\"},\"author\":{\"name\":\"elli\",\"@id\":\"https:\\\/\\\/www.meydan.tv\\\/az\\\/#\\\/schema\\\/person\\\/9cdbecf90d17180ce1dfbd95b08dcf47\"},\"headline\":\"Z\u0259ngilana m\u0259cburi k\u00f6\u00e7k\u00fcnl\u0259rin ilk k\u00f6\u00e7\u00fc yola sal\u0131n\u0131b\",\"datePublished\":\"2022-07-19T09:00:06+00:00\",\"dateModified\":\"2022-07-19T09:00:08+00:00\",\"mainEntityOfPage\":{\"@id\":\"https:\\\/\\\/www.meydan.tv\\\/az\\\/article\\\/zengilana-mecburi-kockunlerin-ilk-kocu-yola-salinib\\\/\"},\"wordCount\":333,\"publisher\":{\"@id\":\"https:\\\/\\\/www.meydan.tv\\\/az\\\/#organization\"},\"image\":{\"@id\":\"https:\\\/\\\/www.meydan.tv\\\/az\\\/article\\\/zengilana-mecburi-kockunlerin-ilk-kocu-yola-salinib\\\/#primaryimage\"},\"thumbnailUrl\":\"https:\\\/\\\/www.meydan.tv\\\/wp-content\\\/uploads\\\/w_1616582125733213137208_1000x669.jpg\",\"articleSection\":[\"X\u0259b\u0259rl\u0259r\"],\"inLanguage\":\"az\"},{\"@type\":\"WebPage\",\"@id\":\"https:\\\/\\\/www.meydan.tv\\\/az\\\/article\\\/zengilana-mecburi-kockunlerin-ilk-kocu-yola-salinib\\\/\",\"url\":\"https:\\\/\\\/www.meydan.tv\\\/az\\\/article\\\/zengilana-mecburi-kockunlerin-ilk-kocu-yola-salinib\\\/\",\"name\":\"Z\u0259ngilana m\u0259cburi k\u00f6\u00e7k\u00fcnl\u0259rin ilk k\u00f6\u00e7\u00fc yola sal\u0131n\u0131b - MEYDAN.TV\",\"isPartOf\":{\"@id\":\"https:\\\/\\\/www.meydan.tv\\\/az\\\/#website\"},\"primaryImageOfPage\":{\"@id\":\"https:\\\/\\\/www.meydan.tv\\\/az\\\/article\\\/zengilana-mecburi-kockunlerin-ilk-kocu-yola-salinib\\\/#primaryimage\"},\"image\":{\"@id\":\"https:\\\/\\\/www.meydan.tv\\\/az\\\/article\\\/zengilana-mecburi-kockunlerin-ilk-kocu-yola-salinib\\\/#primaryimage\"},\"thumbnailUrl\":\"https:\\\/\\\/www.meydan.tv\\\/wp-content\\\/uploads\\\/w_1616582125733213137208_1000x669.jpg\",\"datePublished\":\"2022-07-19T09:00:06+00:00\",\"dateModified\":\"2022-07-19T09:00:08+00:00\",\"breadcrumb\":{\"@id\":\"https:\\\/\\\/www.meydan.tv\\\/az\\\/article\\\/zengilana-mecburi-kockunlerin-ilk-kocu-yola-salinib\\\/#breadcrumb\"},\"inLanguage\":\"az\",\"potentialAction\":[{\"@type\":\"ReadAction\",\"target\":[\"https:\\\/\\\/www.meydan.tv\\\/az\\\/article\\\/zengilana-mecburi-kockunlerin-ilk-kocu-yola-salinib\\\/\"]}]},{\"@type\":\"ImageObject\",\"inLanguage\":\"az\",\"@id\":\"https:\\\/\\\/www.meydan.tv\\\/az\\\/article\\\/zengilana-mecburi-kockunlerin-ilk-kocu-yola-salinib\\\/#primaryimage\",\"url\":\"https:\\\/\\\/www.meydan.tv\\\/wp-content\\\/uploads\\\/w_1616582125733213137208_1000x669.jpg\",\"contentUrl\":\"https:\\\/\\\/www.meydan.tv\\\/wp-content\\\/uploads\\\/w_1616582125733213137208_1000x669.jpg\",\"width\":1201,\"height\":713,\"caption\":\"Fotolar: \\\"Az\u0259rtac\\\"\"},{\"@type\":\"BreadcrumbList\",\"@id\":\"https:\\\/\\\/www.meydan.tv\\\/az\\\/article\\\/zengilana-mecburi-kockunlerin-ilk-kocu-yola-salinib\\\/#breadcrumb\",\"itemListElement\":[{\"@type\":\"ListItem\",\"position\":1,\"name\":\"Ana s\u0259hif\u0259\",\"item\":\"https:\\\/\\\/www.meydan.tv\\\/az\\\/\"},{\"@type\":\"ListItem\",\"position\":2,\"name\":\"X\u0259b\u0259rl\u0259r\",\"item\":\"https:\\\/\\\/www.meydan.tv\\\/az\\\/section\\\/xeberler\\\/\"},{\"@type\":\"ListItem\",\"position\":3,\"name\":\"Z\u0259ngilana m\u0259cburi k\u00f6\u00e7k\u00fcnl\u0259rin ilk k\u00f6\u00e7\u00fc yola sal\u0131n\u0131b\"}]},{\"@type\":\"WebSite\",\"@id\":\"https:\\\/\\\/www.meydan.tv\\\/az\\\/#website\",\"url\":\"https:\\\/\\\/www.meydan.tv\\\/az\\\/\",\"name\":\"MEYDAN.TV\",\"description\":\"Meydan TV Az\u0259rbaycan\u0131n media m\u0259kan\u0131ndak\u0131 alternativ s\u0259sidir\",\"publisher\":{\"@id\":\"https:\\\/\\\/www.meydan.tv\\\/az\\\/#organization\"},\"potentialAction\":[{\"@type\":\"SearchAction\",\"target\":{\"@type\":\"EntryPoint\",\"urlTemplate\":\"https:\\\/\\\/www.meydan.tv\\\/az\\\/?s={search_term_string}\"},\"query-input\":{\"@type\":\"PropertyValueSpecification\",\"valueRequired\":true,\"valueName\":\"search_term_string\"}}],\"inLanguage\":\"az\"},{\"@type\":\"Organization\",\"@id\":\"https:\\\/\\\/www.meydan.tv\\\/az\\\/#organization\",\"name\":\"Meydan TV\",\"url\":\"https:\\\/\\\/www.meydan.tv\\\/az\\\/\",\"logo\":{\"@type\":\"ImageObject\",\"inLanguage\":\"az\",\"@id\":\"https:\\\/\\\/www.meydan.tv\\\/az\\\/#\\\/schema\\\/logo\\\/image\\\/\",\"url\":\"https:\\\/\\\/www.meydan.tv\\\/wp-content\\\/uploads\\\/2021\\\/07\\\/meydan-logo.svg\",\"contentUrl\":\"https:\\\/\\\/www.meydan.tv\\\/wp-content\\\/uploads\\\/2021\\\/07\\\/meydan-logo.svg\",\"width\":195,\"height\":46,\"caption\":\"Meydan TV\"},\"image\":{\"@id\":\"https:\\\/\\\/www.meydan.tv\\\/az\\\/#\\\/schema\\\/logo\\\/image\\\/\"}},{\"@type\":\"Person\",\"@id\":\"https:\\\/\\\/www.meydan.tv\\\/az\\\/#\\\/schema\\\/person\\\/9cdbecf90d17180ce1dfbd95b08dcf47\",\"name\":\"elli\",\"sameAs\":[\"https:\\\/\\\/x.com\\\/elli\"]}]}<\/script>\n<!-- \/ Yoast SEO plugin. -->","yoast_head_json":{"title":"Z\u0259ngilana m\u0259cburi k\u00f6\u00e7k\u00fcnl\u0259rin ilk k\u00f6\u00e7\u00fc yola sal\u0131n\u0131b - MEYDAN.TV","robots":{"index":"index","follow":"follow","max-snippet":"max-snippet:-1","max-image-preview":"max-image-preview:large","max-video-preview":"max-video-preview:-1"},"canonical":"https:\/\/www.meydan.tv\/az\/article\/zengilana-mecburi-kockunlerin-ilk-kocu-yola-salinib\/","og_locale":"az_AZ","og_type":"article","og_title":"Z\u0259ngilana m\u0259cburi k\u00f6\u00e7k\u00fcnl\u0259rin ilk k\u00f6\u00e7\u00fc yola sal\u0131n\u0131b - MEYDAN.TV","og_description":"Sakinl\u0259rin \u201cA\u011f\u0131ll\u0131 k\u0259nd\u201d konsepsiyas\u0131na uy\u011fun k\u00f6\u00e7\u00fcr\u00fcld\u00fcy\u00fc bildirilir \u0130yulun 19-da Z\u0259ngilan ... Davam\u0131","og_url":"https:\/\/www.meydan.tv\/az\/article\/zengilana-mecburi-kockunlerin-ilk-kocu-yola-salinib\/","og_site_name":"MEYDAN.TV","article_published_time":"2022-07-19T09:00:06+00:00","article_modified_time":"2022-07-19T09:00:08+00:00","og_image":[{"width":1201,"height":713,"url":"https:\/\/www.meydan.tv\/wp-content\/uploads\/w_1616582125733213137208_1000x669.jpg","type":"image\/jpeg"}],"author":"elli","twitter_card":"summary_large_image","twitter_creator":"@elli","schema":{"@context":"https:\/\/schema.org","@graph":[{"@type":"Article","@id":"https:\/\/www.meydan.tv\/az\/article\/zengilana-mecburi-kockunlerin-ilk-kocu-yola-salinib\/#article","isPartOf":{"@id":"https:\/\/www.meydan.tv\/az\/article\/zengilana-mecburi-kockunlerin-ilk-kocu-yola-salinib\/"},"author":{"name":"elli","@id":"https:\/\/www.meydan.tv\/az\/#\/schema\/person\/9cdbecf90d17180ce1dfbd95b08dcf47"},"headline":"Z\u0259ngilana m\u0259cburi k\u00f6\u00e7k\u00fcnl\u0259rin ilk k\u00f6\u00e7\u00fc yola sal\u0131n\u0131b","datePublished":"2022-07-19T09:00:06+00:00","dateModified":"2022-07-19T09:00:08+00:00","mainEntityOfPage":{"@id":"https:\/\/www.meydan.tv\/az\/article\/zengilana-mecburi-kockunlerin-ilk-kocu-yola-salinib\/"},"wordCount":333,"publisher":{"@id":"https:\/\/www.meydan.tv\/az\/#organization"},"image":{"@id":"https:\/\/www.meydan.tv\/az\/article\/zengilana-mecburi-kockunlerin-ilk-kocu-yola-salinib\/#primaryimage"},"thumbnailUrl":"https:\/\/www.meydan.tv\/wp-content\/uploads\/w_1616582125733213137208_1000x669.jpg","articleSection":["X\u0259b\u0259rl\u0259r"],"inLanguage":"az"},{"@type":"WebPage","@id":"https:\/\/www.meydan.tv\/az\/article\/zengilana-mecburi-kockunlerin-ilk-kocu-yola-salinib\/","url":"https:\/\/www.meydan.tv\/az\/article\/zengilana-mecburi-kockunlerin-ilk-kocu-yola-salinib\/","name":"Z\u0259ngilana m\u0259cburi k\u00f6\u00e7k\u00fcnl\u0259rin ilk k\u00f6\u00e7\u00fc yola sal\u0131n\u0131b - MEYDAN.TV","isPartOf":{"@id":"https:\/\/www.meydan.tv\/az\/#website"},"primaryImageOfPage":{"@id":"https:\/\/www.meydan.tv\/az\/article\/zengilana-mecburi-kockunlerin-ilk-kocu-yola-salinib\/#primaryimage"},"image":{"@id":"https:\/\/www.meydan.tv\/az\/article\/zengilana-mecburi-kockunlerin-ilk-kocu-yola-salinib\/#primaryimage"},"thumbnailUrl":"https:\/\/www.meydan.tv\/wp-content\/uploads\/w_1616582125733213137208_1000x669.jpg","datePublished":"2022-07-19T09:00:06+00:00","dateModified":"2022-07-19T09:00:08+00:00","breadcrumb":{"@id":"https:\/\/www.meydan.tv\/az\/article\/zengilana-mecburi-kockunlerin-ilk-kocu-yola-salinib\/#breadcrumb"},"inLanguage":"az","potentialAction":[{"@type":"ReadAction","target":["https:\/\/www.meydan.tv\/az\/article\/zengilana-mecburi-kockunlerin-ilk-kocu-yola-salinib\/"]}]},{"@type":"ImageObject","inLanguage":"az","@id":"https:\/\/www.meydan.tv\/az\/article\/zengilana-mecburi-kockunlerin-ilk-kocu-yola-salinib\/#primaryimage","url":"https:\/\/www.meydan.tv\/wp-content\/uploads\/w_1616582125733213137208_1000x669.jpg","contentUrl":"https:\/\/www.meydan.tv\/wp-content\/uploads\/w_1616582125733213137208_1000x669.jpg","width":1201,"height":713,"caption":"Fotolar: \"Az\u0259rtac\""},{"@type":"BreadcrumbList","@id":"https:\/\/www.meydan.tv\/az\/article\/zengilana-mecburi-kockunlerin-ilk-kocu-yola-salinib\/#breadcrumb","itemListElement":[{"@type":"ListItem","position":1,"name":"Ana s\u0259hif\u0259","item":"https:\/\/www.meydan.tv\/az\/"},{"@type":"ListItem","position":2,"name":"X\u0259b\u0259rl\u0259r","item":"https:\/\/www.meydan.tv\/az\/section\/xeberler\/"},{"@type":"ListItem","position":3,"name":"Z\u0259ngilana m\u0259cburi k\u00f6\u00e7k\u00fcnl\u0259rin ilk k\u00f6\u00e7\u00fc yola sal\u0131n\u0131b"}]},{"@type":"WebSite","@id":"https:\/\/www.meydan.tv\/az\/#website","url":"https:\/\/www.meydan.tv\/az\/","name":"MEYDAN.TV","description":"Meydan TV Az\u0259rbaycan\u0131n media m\u0259kan\u0131ndak\u0131 alternativ s\u0259sidir","publisher":{"@id":"https:\/\/www.meydan.tv\/az\/#organization"},"potentialAction":[{"@type":"SearchAction","target":{"@type":"EntryPoint","urlTemplate":"https:\/\/www.meydan.tv\/az\/?s={search_term_string}"},"query-input":{"@type":"PropertyValueSpecification","valueRequired":true,"valueName":"search_term_string"}}],"inLanguage":"az"},{"@type":"Organization","@id":"https:\/\/www.meydan.tv\/az\/#organization","name":"Meydan TV","url":"https:\/\/www.meydan.tv\/az\/","logo":{"@type":"ImageObject","inLanguage":"az","@id":"https:\/\/www.meydan.tv\/az\/#\/schema\/logo\/image\/","url":"https:\/\/www.meydan.tv\/wp-content\/uploads\/2021\/07\/meydan-logo.svg","contentUrl":"https:\/\/www.meydan.tv\/wp-content\/uploads\/2021\/07\/meydan-logo.svg","width":195,"height":46,"caption":"Meydan TV"},"image":{"@id":"https:\/\/www.meydan.tv\/az\/#\/schema\/logo\/image\/"}},{"@type":"Person","@id":"https:\/\/www.meydan.tv\/az\/#\/schema\/person\/9cdbecf90d17180ce1dfbd95b08dcf47","name":"elli","sameAs":["https:\/\/x.com\/elli"]}]}},"_links":{"self":[{"href":"https:\/\/www.meydan.tv\/az\/wp-json\/wp\/v2\/posts\/251232","targetHints":{"allow":["GET"]}}],"collection":[{"href":"https:\/\/www.meydan.tv\/az\/wp-json\/wp\/v2\/posts"}],"about":[{"href":"https:\/\/www.meydan.tv\/az\/wp-json\/wp\/v2\/types\/post"}],"author":[{"embeddable":true,"href":"https:\/\/www.meydan.tv\/az\/wp-json\/wp\/v2\/users\/8"}],"replies":[{"embeddable":true,"href":"https:\/\/www.meydan.tv\/az\/wp-json\/wp\/v2\/comments?post=251232"}],"version-history":[{"count":3,"href":"https:\/\/www.meydan.tv\/az\/wp-json\/wp\/v2\/posts\/251232\/revisions"}],"predecessor-version":[{"id":251237,"href":"https:\/\/www.meydan.tv\/az\/wp-json\/wp\/v2\/posts\/251232\/revisions\/251237"}],"wp:featuredmedia":[{"embeddable":true,"href":"https:\/\/www.meydan.tv\/az\/wp-json\/wp\/v2\/media\/251229"}],"wp:attachment":[{"href":"https:\/\/www.meydan.tv\/az\/wp-json\/wp\/v2\/media?parent=251232"}],"wp:term":[{"taxonomy":"category","embeddable":true,"href":"https:\/\/www.meydan.tv\/az\/wp-json\/wp\/v2\/categories?post=251232"},{"taxonomy":"post_tag","embeddable":true,"href":"https:\/\/www.meydan.tv\/az\/wp-json\/wp\/v2\/tags?post=251232"}],"curies":[{"name":"wp","href":"https:\/\/api.w.org\/{rel}","templated":true}]}}