{"id":251197,"date":"2022-07-18T20:31:25","date_gmt":"2022-07-18T16:31:25","guid":{"rendered":"https:\/\/www.meydan.tv\/?p=251197"},"modified":"2022-07-18T22:53:59","modified_gmt":"2022-07-18T18:53:59","slug":"prezidentin-evf-etdiyi-musiqici-yeniden-hebs-olunub","status":"publish","type":"post","link":"https:\/\/www.meydan.tv\/az\/article\/prezidentin-evf-etdiyi-musiqici-yeniden-hebs-olunub\/","title":{"rendered":"Prezidentin \u0259fv etdiyi musiqi\u00e7i yenid\u0259n h\u0259bs olunub"},"content":{"rendered":"\n<p><em>Musiqi\u00e7inin s\u00fcr\u00fcc\u00fcl\u00fck v\u0259siq\u0259sinin m\u00fcdd\u0259tinin bitdiyi m\u0259lum olub<\/em><\/p>\n\n\n\n<p>AB\u015e-\u0131n ke\u00e7mi\u015f prezidenti Donald Tramp t\u0259r\u0259find\u0259n \u0259fv edil\u0259n rep\u00e7i Kodak Blek yenid\u0259n Florida \u015ftat\u0131nda h\u0259bs olunub.<\/p>\n\n\n\n<p>Polisl\u0259r onun avtomobilini yoxlamaq \u00fc\u00e7\u00fcn <a href=\"https:\/\/edition.cnn.com\/2022\/07\/16\/entertainment\/rapper-kodak-black-arrested-florida\/index.html\" target=\"_blank\" rel=\"noreferrer noopener\">saxlay\u0131blar.<\/a><\/p>\n\n\n\n<p>Musiqi\u00e7inin s\u00fcr\u00fcc\u00fcl\u00fck v\u0259siq\u0259sinin v\u0259 avtomobilin s\u0259n\u0259dl\u0259rinin m\u00fcdd\u0259tinin bitdiyi m\u0259lum olub.<\/p>\n\n\n\n<p>H\u0259m\u00e7inin idar\u0259 etdiyi avtomobilin \u015f\u00fc\u015f\u0259l\u0259ri qanunla icaz\u0259 veril\u0259nd\u0259n daha \u00e7ox t\u00fcndl\u0259\u015fdirilib.<\/p>\n\n\n\n<p>Ma\u015f\u0131nda h\u0259m d\u0259 31 tablet as\u0131l\u0131l\u0131q yaradan a\u011fr\u0131k\u0259sici \u201cOxycodone\u201d tap\u0131l\u0131b.<\/p>\n\n\n\n<p>Kodak Blek 2019-cu ilin noyabr\u0131nda qanunsuz silah \u0259ld\u0259 etdiyin\u0259 g\u00f6r\u0259 \u00fc\u00e7 ild\u0259n \u00e7ox m\u00fcdd\u0259t\u0259 azadl\u0131qdan m\u0259hrum edilib.<\/p>\n\n\n\n<p>Donald Tramp prezidentliyinin son g\u00fcnl\u0259rind\u0259 rep\u00e7ini m\u0259d\u0259niyy\u0259t v\u0259 c\u0259miyy\u0259t\u0259 xidm\u0259tl\u0259rin\u0259 g\u00f6r\u0259 \u0259fv edib.<\/p>\n\n\n\n<p>Kodak Blek 2014-c\u00fc ild\u0259 \u201cNo Flockin\u201d sinql\u0131 il\u0259 tan\u0131n\u0131b.<\/p>\n\n\n\n<p>Onun deb\u00fct albomu \u201cPainting Pictures\u201d \u0259n \u00e7ox dinl\u0259nil\u0259n musiqil\u0259r siyah\u0131s\u0131nda yer al\u0131b.<\/p>\n","protected":false},"excerpt":{"rendered":"<p>Musiqi\u00e7inin s\u00fcr\u00fcc\u00fcl\u00fck v\u0259siq\u0259sinin m\u00fcdd\u0259tinin bitdiyi m\u0259lum olub AB\u015e-\u0131n ke\u00e7mi\u015f prezidenti &#8230; <\/p>\n<p class=\"read-more-container\"><a title=\"Prezidentin \u0259fv etdiyi musiqi\u00e7i yenid\u0259n h\u0259bs olunub\" class=\"read-more button\" href=\"https:\/\/www.meydan.tv\/az\/article\/prezidentin-evf-etdiyi-musiqici-yeniden-hebs-olunub\/#more-251197\" aria-label=\"Read more about Prezidentin \u0259fv etdiyi musiqi\u00e7i yenid\u0259n h\u0259bs olunub\">Davam\u0131<\/a><\/p>\n","protected":false},"author":8,"featured_media":251198,"comment_status":"closed","ping_status":"closed","sticky":false,"template":"","format":"standard","meta":{"_acf_changed":false,"_sitemap_exclude":false,"_sitemap_priority":"","_sitemap_frequency":"","footnotes":""},"categories":[52,56],"tags":[],"class_list":["post-251197","post","type-post","status-publish","format-standard","has-post-thumbnail","hentry","category-medeniyyet","category-xeberler","infinite-scroll-item","generate-columns","tablet-grid-50","mobile-grid-100","grid-parent","grid-33","no-featured-image-padding"],"acf":[],"yoast_head":"<!-- This site is optimized with the Yoast SEO plugin v27.5 - https:\/\/yoast.com\/product\/yoast-seo-wordpress\/ -->\n<title>Prezidentin \u0259fv etdiyi musiqi\u00e7i yenid\u0259n h\u0259bs olunub - MEYDAN.TV<\/title>\n<meta name=\"robots\" content=\"index, follow, max-snippet:-1, max-image-preview:large, max-video-preview:-1\" \/>\n<link rel=\"canonical\" href=\"https:\/\/www.meydan.tv\/az\/article\/prezidentin-evf-etdiyi-musiqici-yeniden-hebs-olunub\/\" \/>\n<meta property=\"og:locale\" content=\"az_AZ\" \/>\n<meta property=\"og:type\" content=\"article\" \/>\n<meta property=\"og:title\" content=\"Prezidentin \u0259fv etdiyi musiqi\u00e7i yenid\u0259n h\u0259bs olunub - MEYDAN.TV\" \/>\n<meta property=\"og:description\" content=\"Musiqi\u00e7inin s\u00fcr\u00fcc\u00fcl\u00fck v\u0259siq\u0259sinin m\u00fcdd\u0259tinin bitdiyi m\u0259lum olub AB\u015e-\u0131n ke\u00e7mi\u015f prezidenti ... Davam\u0131\" \/>\n<meta property=\"og:url\" content=\"https:\/\/www.meydan.tv\/az\/article\/prezidentin-evf-etdiyi-musiqici-yeniden-hebs-olunub\/\" \/>\n<meta property=\"og:site_name\" content=\"MEYDAN.TV\" \/>\n<meta property=\"article:published_time\" content=\"2022-07-18T16:31:25+00:00\" \/>\n<meta property=\"article:modified_time\" content=\"2022-07-18T18:53:59+00:00\" \/>\n<meta property=\"og:image\" content=\"https:\/\/www.meydan.tv\/wp-content\/uploads\/220715224602-kodak-black-file-exlarge-169-e1658161841481.jpg\" \/>\n\t<meta property=\"og:image:width\" content=\"1200\" \/>\n\t<meta property=\"og:image:height\" content=\"465\" \/>\n\t<meta property=\"og:image:type\" content=\"image\/jpeg\" \/>\n<meta name=\"author\" content=\"elli\" \/>\n<meta name=\"twitter:card\" content=\"summary_large_image\" \/>\n<meta name=\"twitter:creator\" content=\"@elli\" \/>\n<script type=\"application\/ld+json\" class=\"yoast-schema-graph\">{\"@context\":\"https:\\\/\\\/schema.org\",\"@graph\":[{\"@type\":\"Article\",\"@id\":\"https:\\\/\\\/www.meydan.tv\\\/az\\\/article\\\/prezidentin-evf-etdiyi-musiqici-yeniden-hebs-olunub\\\/#article\",\"isPartOf\":{\"@id\":\"https:\\\/\\\/www.meydan.tv\\\/az\\\/article\\\/prezidentin-evf-etdiyi-musiqici-yeniden-hebs-olunub\\\/\"},\"author\":{\"name\":\"elli\",\"@id\":\"https:\\\/\\\/www.meydan.tv\\\/az\\\/#\\\/schema\\\/person\\\/9cdbecf90d17180ce1dfbd95b08dcf47\"},\"headline\":\"Prezidentin \u0259fv etdiyi musiqi\u00e7i yenid\u0259n h\u0259bs olunub\",\"datePublished\":\"2022-07-18T16:31:25+00:00\",\"dateModified\":\"2022-07-18T18:53:59+00:00\",\"mainEntityOfPage\":{\"@id\":\"https:\\\/\\\/www.meydan.tv\\\/az\\\/article\\\/prezidentin-evf-etdiyi-musiqici-yeniden-hebs-olunub\\\/\"},\"wordCount\":199,\"publisher\":{\"@id\":\"https:\\\/\\\/www.meydan.tv\\\/az\\\/#organization\"},\"image\":{\"@id\":\"https:\\\/\\\/www.meydan.tv\\\/az\\\/article\\\/prezidentin-evf-etdiyi-musiqici-yeniden-hebs-olunub\\\/#primaryimage\"},\"thumbnailUrl\":\"https:\\\/\\\/www.meydan.tv\\\/wp-content\\\/uploads\\\/220715224602-kodak-black-file-exlarge-169-e1658161841481.jpg\",\"articleSection\":[\"M\u0259d\u0259niyy\u0259t\",\"X\u0259b\u0259rl\u0259r\"],\"inLanguage\":\"az\"},{\"@type\":\"WebPage\",\"@id\":\"https:\\\/\\\/www.meydan.tv\\\/az\\\/article\\\/prezidentin-evf-etdiyi-musiqici-yeniden-hebs-olunub\\\/\",\"url\":\"https:\\\/\\\/www.meydan.tv\\\/az\\\/article\\\/prezidentin-evf-etdiyi-musiqici-yeniden-hebs-olunub\\\/\",\"name\":\"Prezidentin \u0259fv etdiyi musiqi\u00e7i yenid\u0259n h\u0259bs olunub - MEYDAN.TV\",\"isPartOf\":{\"@id\":\"https:\\\/\\\/www.meydan.tv\\\/az\\\/#website\"},\"primaryImageOfPage\":{\"@id\":\"https:\\\/\\\/www.meydan.tv\\\/az\\\/article\\\/prezidentin-evf-etdiyi-musiqici-yeniden-hebs-olunub\\\/#primaryimage\"},\"image\":{\"@id\":\"https:\\\/\\\/www.meydan.tv\\\/az\\\/article\\\/prezidentin-evf-etdiyi-musiqici-yeniden-hebs-olunub\\\/#primaryimage\"},\"thumbnailUrl\":\"https:\\\/\\\/www.meydan.tv\\\/wp-content\\\/uploads\\\/220715224602-kodak-black-file-exlarge-169-e1658161841481.jpg\",\"datePublished\":\"2022-07-18T16:31:25+00:00\",\"dateModified\":\"2022-07-18T18:53:59+00:00\",\"breadcrumb\":{\"@id\":\"https:\\\/\\\/www.meydan.tv\\\/az\\\/article\\\/prezidentin-evf-etdiyi-musiqici-yeniden-hebs-olunub\\\/#breadcrumb\"},\"inLanguage\":\"az\",\"potentialAction\":[{\"@type\":\"ReadAction\",\"target\":[\"https:\\\/\\\/www.meydan.tv\\\/az\\\/article\\\/prezidentin-evf-etdiyi-musiqici-yeniden-hebs-olunub\\\/\"]}]},{\"@type\":\"ImageObject\",\"inLanguage\":\"az\",\"@id\":\"https:\\\/\\\/www.meydan.tv\\\/az\\\/article\\\/prezidentin-evf-etdiyi-musiqici-yeniden-hebs-olunub\\\/#primaryimage\",\"url\":\"https:\\\/\\\/www.meydan.tv\\\/wp-content\\\/uploads\\\/220715224602-kodak-black-file-exlarge-169-e1658161841481.jpg\",\"contentUrl\":\"https:\\\/\\\/www.meydan.tv\\\/wp-content\\\/uploads\\\/220715224602-kodak-black-file-exlarge-169-e1658161841481.jpg\",\"width\":1200,\"height\":465,\"caption\":\"Kodak Blek. M\u0259nb\u0259: \\\"edition.cnn.com\\\"\"},{\"@type\":\"BreadcrumbList\",\"@id\":\"https:\\\/\\\/www.meydan.tv\\\/az\\\/article\\\/prezidentin-evf-etdiyi-musiqici-yeniden-hebs-olunub\\\/#breadcrumb\",\"itemListElement\":[{\"@type\":\"ListItem\",\"position\":1,\"name\":\"Ana s\u0259hif\u0259\",\"item\":\"https:\\\/\\\/www.meydan.tv\\\/az\\\/\"},{\"@type\":\"ListItem\",\"position\":2,\"name\":\"M\u0259d\u0259niyy\u0259t\",\"item\":\"https:\\\/\\\/www.meydan.tv\\\/az\\\/section\\\/medeniyyet\\\/\"},{\"@type\":\"ListItem\",\"position\":3,\"name\":\"Prezidentin \u0259fv etdiyi musiqi\u00e7i yenid\u0259n h\u0259bs olunub\"}]},{\"@type\":\"WebSite\",\"@id\":\"https:\\\/\\\/www.meydan.tv\\\/az\\\/#website\",\"url\":\"https:\\\/\\\/www.meydan.tv\\\/az\\\/\",\"name\":\"MEYDAN.TV\",\"description\":\"Meydan TV Az\u0259rbaycan\u0131n media m\u0259kan\u0131ndak\u0131 alternativ s\u0259sidir\",\"publisher\":{\"@id\":\"https:\\\/\\\/www.meydan.tv\\\/az\\\/#organization\"},\"potentialAction\":[{\"@type\":\"SearchAction\",\"target\":{\"@type\":\"EntryPoint\",\"urlTemplate\":\"https:\\\/\\\/www.meydan.tv\\\/az\\\/?s={search_term_string}\"},\"query-input\":{\"@type\":\"PropertyValueSpecification\",\"valueRequired\":true,\"valueName\":\"search_term_string\"}}],\"inLanguage\":\"az\"},{\"@type\":\"Organization\",\"@id\":\"https:\\\/\\\/www.meydan.tv\\\/az\\\/#organization\",\"name\":\"Meydan TV\",\"url\":\"https:\\\/\\\/www.meydan.tv\\\/az\\\/\",\"logo\":{\"@type\":\"ImageObject\",\"inLanguage\":\"az\",\"@id\":\"https:\\\/\\\/www.meydan.tv\\\/az\\\/#\\\/schema\\\/logo\\\/image\\\/\",\"url\":\"https:\\\/\\\/www.meydan.tv\\\/wp-content\\\/uploads\\\/2021\\\/07\\\/meydan-logo.svg\",\"contentUrl\":\"https:\\\/\\\/www.meydan.tv\\\/wp-content\\\/uploads\\\/2021\\\/07\\\/meydan-logo.svg\",\"width\":195,\"height\":46,\"caption\":\"Meydan TV\"},\"image\":{\"@id\":\"https:\\\/\\\/www.meydan.tv\\\/az\\\/#\\\/schema\\\/logo\\\/image\\\/\"}},{\"@type\":\"Person\",\"@id\":\"https:\\\/\\\/www.meydan.tv\\\/az\\\/#\\\/schema\\\/person\\\/9cdbecf90d17180ce1dfbd95b08dcf47\",\"name\":\"elli\",\"sameAs\":[\"https:\\\/\\\/x.com\\\/elli\"]}]}<\/script>\n<!-- \/ Yoast SEO plugin. -->","yoast_head_json":{"title":"Prezidentin \u0259fv etdiyi musiqi\u00e7i yenid\u0259n h\u0259bs olunub - MEYDAN.TV","robots":{"index":"index","follow":"follow","max-snippet":"max-snippet:-1","max-image-preview":"max-image-preview:large","max-video-preview":"max-video-preview:-1"},"canonical":"https:\/\/www.meydan.tv\/az\/article\/prezidentin-evf-etdiyi-musiqici-yeniden-hebs-olunub\/","og_locale":"az_AZ","og_type":"article","og_title":"Prezidentin \u0259fv etdiyi musiqi\u00e7i yenid\u0259n h\u0259bs olunub - MEYDAN.TV","og_description":"Musiqi\u00e7inin s\u00fcr\u00fcc\u00fcl\u00fck v\u0259siq\u0259sinin m\u00fcdd\u0259tinin bitdiyi m\u0259lum olub AB\u015e-\u0131n ke\u00e7mi\u015f prezidenti ... Davam\u0131","og_url":"https:\/\/www.meydan.tv\/az\/article\/prezidentin-evf-etdiyi-musiqici-yeniden-hebs-olunub\/","og_site_name":"MEYDAN.TV","article_published_time":"2022-07-18T16:31:25+00:00","article_modified_time":"2022-07-18T18:53:59+00:00","og_image":[{"width":1200,"height":465,"url":"https:\/\/www.meydan.tv\/wp-content\/uploads\/220715224602-kodak-black-file-exlarge-169-e1658161841481.jpg","type":"image\/jpeg"}],"author":"elli","twitter_card":"summary_large_image","twitter_creator":"@elli","schema":{"@context":"https:\/\/schema.org","@graph":[{"@type":"Article","@id":"https:\/\/www.meydan.tv\/az\/article\/prezidentin-evf-etdiyi-musiqici-yeniden-hebs-olunub\/#article","isPartOf":{"@id":"https:\/\/www.meydan.tv\/az\/article\/prezidentin-evf-etdiyi-musiqici-yeniden-hebs-olunub\/"},"author":{"name":"elli","@id":"https:\/\/www.meydan.tv\/az\/#\/schema\/person\/9cdbecf90d17180ce1dfbd95b08dcf47"},"headline":"Prezidentin \u0259fv etdiyi musiqi\u00e7i yenid\u0259n h\u0259bs olunub","datePublished":"2022-07-18T16:31:25+00:00","dateModified":"2022-07-18T18:53:59+00:00","mainEntityOfPage":{"@id":"https:\/\/www.meydan.tv\/az\/article\/prezidentin-evf-etdiyi-musiqici-yeniden-hebs-olunub\/"},"wordCount":199,"publisher":{"@id":"https:\/\/www.meydan.tv\/az\/#organization"},"image":{"@id":"https:\/\/www.meydan.tv\/az\/article\/prezidentin-evf-etdiyi-musiqici-yeniden-hebs-olunub\/#primaryimage"},"thumbnailUrl":"https:\/\/www.meydan.tv\/wp-content\/uploads\/220715224602-kodak-black-file-exlarge-169-e1658161841481.jpg","articleSection":["M\u0259d\u0259niyy\u0259t","X\u0259b\u0259rl\u0259r"],"inLanguage":"az"},{"@type":"WebPage","@id":"https:\/\/www.meydan.tv\/az\/article\/prezidentin-evf-etdiyi-musiqici-yeniden-hebs-olunub\/","url":"https:\/\/www.meydan.tv\/az\/article\/prezidentin-evf-etdiyi-musiqici-yeniden-hebs-olunub\/","name":"Prezidentin \u0259fv etdiyi musiqi\u00e7i yenid\u0259n h\u0259bs olunub - MEYDAN.TV","isPartOf":{"@id":"https:\/\/www.meydan.tv\/az\/#website"},"primaryImageOfPage":{"@id":"https:\/\/www.meydan.tv\/az\/article\/prezidentin-evf-etdiyi-musiqici-yeniden-hebs-olunub\/#primaryimage"},"image":{"@id":"https:\/\/www.meydan.tv\/az\/article\/prezidentin-evf-etdiyi-musiqici-yeniden-hebs-olunub\/#primaryimage"},"thumbnailUrl":"https:\/\/www.meydan.tv\/wp-content\/uploads\/220715224602-kodak-black-file-exlarge-169-e1658161841481.jpg","datePublished":"2022-07-18T16:31:25+00:00","dateModified":"2022-07-18T18:53:59+00:00","breadcrumb":{"@id":"https:\/\/www.meydan.tv\/az\/article\/prezidentin-evf-etdiyi-musiqici-yeniden-hebs-olunub\/#breadcrumb"},"inLanguage":"az","potentialAction":[{"@type":"ReadAction","target":["https:\/\/www.meydan.tv\/az\/article\/prezidentin-evf-etdiyi-musiqici-yeniden-hebs-olunub\/"]}]},{"@type":"ImageObject","inLanguage":"az","@id":"https:\/\/www.meydan.tv\/az\/article\/prezidentin-evf-etdiyi-musiqici-yeniden-hebs-olunub\/#primaryimage","url":"https:\/\/www.meydan.tv\/wp-content\/uploads\/220715224602-kodak-black-file-exlarge-169-e1658161841481.jpg","contentUrl":"https:\/\/www.meydan.tv\/wp-content\/uploads\/220715224602-kodak-black-file-exlarge-169-e1658161841481.jpg","width":1200,"height":465,"caption":"Kodak Blek. M\u0259nb\u0259: \"edition.cnn.com\""},{"@type":"BreadcrumbList","@id":"https:\/\/www.meydan.tv\/az\/article\/prezidentin-evf-etdiyi-musiqici-yeniden-hebs-olunub\/#breadcrumb","itemListElement":[{"@type":"ListItem","position":1,"name":"Ana s\u0259hif\u0259","item":"https:\/\/www.meydan.tv\/az\/"},{"@type":"ListItem","position":2,"name":"M\u0259d\u0259niyy\u0259t","item":"https:\/\/www.meydan.tv\/az\/section\/medeniyyet\/"},{"@type":"ListItem","position":3,"name":"Prezidentin \u0259fv etdiyi musiqi\u00e7i yenid\u0259n h\u0259bs olunub"}]},{"@type":"WebSite","@id":"https:\/\/www.meydan.tv\/az\/#website","url":"https:\/\/www.meydan.tv\/az\/","name":"MEYDAN.TV","description":"Meydan TV Az\u0259rbaycan\u0131n media m\u0259kan\u0131ndak\u0131 alternativ s\u0259sidir","publisher":{"@id":"https:\/\/www.meydan.tv\/az\/#organization"},"potentialAction":[{"@type":"SearchAction","target":{"@type":"EntryPoint","urlTemplate":"https:\/\/www.meydan.tv\/az\/?s={search_term_string}"},"query-input":{"@type":"PropertyValueSpecification","valueRequired":true,"valueName":"search_term_string"}}],"inLanguage":"az"},{"@type":"Organization","@id":"https:\/\/www.meydan.tv\/az\/#organization","name":"Meydan TV","url":"https:\/\/www.meydan.tv\/az\/","logo":{"@type":"ImageObject","inLanguage":"az","@id":"https:\/\/www.meydan.tv\/az\/#\/schema\/logo\/image\/","url":"https:\/\/www.meydan.tv\/wp-content\/uploads\/2021\/07\/meydan-logo.svg","contentUrl":"https:\/\/www.meydan.tv\/wp-content\/uploads\/2021\/07\/meydan-logo.svg","width":195,"height":46,"caption":"Meydan TV"},"image":{"@id":"https:\/\/www.meydan.tv\/az\/#\/schema\/logo\/image\/"}},{"@type":"Person","@id":"https:\/\/www.meydan.tv\/az\/#\/schema\/person\/9cdbecf90d17180ce1dfbd95b08dcf47","name":"elli","sameAs":["https:\/\/x.com\/elli"]}]}},"_links":{"self":[{"href":"https:\/\/www.meydan.tv\/az\/wp-json\/wp\/v2\/posts\/251197","targetHints":{"allow":["GET"]}}],"collection":[{"href":"https:\/\/www.meydan.tv\/az\/wp-json\/wp\/v2\/posts"}],"about":[{"href":"https:\/\/www.meydan.tv\/az\/wp-json\/wp\/v2\/types\/post"}],"author":[{"embeddable":true,"href":"https:\/\/www.meydan.tv\/az\/wp-json\/wp\/v2\/users\/8"}],"replies":[{"embeddable":true,"href":"https:\/\/www.meydan.tv\/az\/wp-json\/wp\/v2\/comments?post=251197"}],"version-history":[{"count":3,"href":"https:\/\/www.meydan.tv\/az\/wp-json\/wp\/v2\/posts\/251197\/revisions"}],"predecessor-version":[{"id":251219,"href":"https:\/\/www.meydan.tv\/az\/wp-json\/wp\/v2\/posts\/251197\/revisions\/251219"}],"wp:featuredmedia":[{"embeddable":true,"href":"https:\/\/www.meydan.tv\/az\/wp-json\/wp\/v2\/media\/251198"}],"wp:attachment":[{"href":"https:\/\/www.meydan.tv\/az\/wp-json\/wp\/v2\/media?parent=251197"}],"wp:term":[{"taxonomy":"category","embeddable":true,"href":"https:\/\/www.meydan.tv\/az\/wp-json\/wp\/v2\/categories?post=251197"},{"taxonomy":"post_tag","embeddable":true,"href":"https:\/\/www.meydan.tv\/az\/wp-json\/wp\/v2\/tags?post=251197"}],"curies":[{"name":"wp","href":"https:\/\/api.w.org\/{rel}","templated":true}]}}