{"id":251183,"date":"2022-07-18T19:03:27","date_gmt":"2022-07-18T15:03:27","guid":{"rendered":"https:\/\/www.meydan.tv\/?p=251183"},"modified":"2022-07-19T08:11:02","modified_gmt":"2022-07-19T04:11:02","slug":"mektebli-qizi-doymekde-gunahlandirilan-memur-isden-cixarilib","status":"publish","type":"post","link":"https:\/\/www.meydan.tv\/az\/article\/mektebli-qizi-doymekde-gunahlandirilan-memur-isden-cixarilib\/","title":{"rendered":"M\u0259kt\u0259bli q\u0131z\u0131 d\u00f6ym\u0259kd\u0259 g\u00fcnahland\u0131r\u0131lan m\u0259mur i\u015fd\u0259n \u00e7\u0131xar\u0131l\u0131b"},"content":{"rendered":"\n<p><strong><em>Onun \u015fagird\u0259 x\u0259sar\u0259t yetirm\u0259si s\u00fcbuta yetirilib<\/em><\/strong><\/p>\n\n\n\n<p>L\u0259nk\u0259randa yeniyetm\u0259 q\u0131z\u0131n icra ba\u015f\u00e7\u0131s\u0131n\u0131n m\u00fcavini t\u0259r\u0259find\u0259n d\u00f6y\u00fclm\u0259si t\u0259sdiql\u0259nib.<\/p>\n\n\n\n<p>Ba\u015f Prokurorlu\u011fun m\u0259lumat\u0131nda bildirilir ki, L\u0259nk\u0259ran Rayon Prokurorlu\u011funda apar\u0131lan ara\u015fd\u0131rma zaman\u0131 rayonun icra ba\u015f\u00e7\u0131s\u0131n\u0131n m\u00fcavini Rasil\u0259 Arifq\u0131z\u0131 v\u0259 V.\u018fliyev ad\u0131na 4 n\u00f6mr\u0259li humanitar t\u0259may\u00fcll\u00fc m\u0259kt\u0259b-liseyinin direktoru Yegan\u0259 \u018fsg\u0259rova h\u0259min m\u0259kt\u0259bin 9-cu sinif \u015fagirdin\u0259 qar\u015f\u0131 fiziki zorak\u0131l\u0131q <a href=\"https:\/\/genprosecutor.gov.az\/az\/post\/5388\">t\u0259tbiq edibl\u0259r<\/a>.<\/p>\n\n\n\n<p>Ke\u00e7irilmi\u015f m\u0259hk\u0259m\u0259-tibb ekspertizas\u0131n\u0131n r\u0259yin\u0259 \u0259sas\u0259n, \u015fagirdin b\u0259d\u0259nind\u0259 d\u0259r\u0259c\u0259l\u0259ri t\u0259yin edilm\u0259y\u0259n x\u0259sar\u0259tl\u0259r a\u015fkarlan\u0131b.<\/p>\n\n\n\n<p>Ara\u015fd\u0131rma zaman\u0131 m\u00fc\u0259yy\u0259n edilib ki, Rasil\u0259 Arifq\u0131z\u0131 iyulun 14-d\u0259 saat 9 rad\u0259l\u0259rind\u0259 \u015fagird G\u00fcnel \u018fliyevan\u0131 (\u015f\u0259rti olaraq) \u00f6z xidm\u0259ti s\u00fcr\u00fcc\u00fcs\u00fc vasit\u0259sil\u0259 attestat verilm\u0259si b\u0259han\u0259si il\u0259 evin\u0259 g\u0259tirdib.<\/p>\n\n\n\n<p>Sonra da m\u0259kt\u0259bin direktoru Yegan\u0259 \u018fsk\u0259rova il\u0259 birg\u0259 \u015fagirdin irad\u0259sin\u0259 zidd olaraq mobil telefonunu \u0259lind\u0259n al\u0131b, \u015f\u0259xsi m\u0259lumatlar\u0131n\u0131 yax\u0131n qohumlar\u0131n\u0131n mobil telefonlar\u0131na g\u00f6nd\u0259rm\u0259kl\u0259 sonuncunun h\u00fcquqlar\u0131na v\u0259 qanuni m\u0259nafel\u0259rin\u0259 m\u00fch\u00fcm z\u0259r\u0259r vurublar.<\/p>\n\n\n\n<p>Faktla ba\u011fl\u0131 L\u0259nk\u0259ran Rayon Prokurorlu\u011funda Cinay\u0259t M\u0259c\u0259ll\u0259sinin 309.1-ci (v\u0259zif\u0259 s\u0259lahiyy\u0259tl\u0259rini a\u015fma) madd\u0259si il\u0259 cinay\u0259t i\u015fi ba\u015flan\u0131b.<\/p>\n\n\n\n<p>Eyni zamanda, icra ba\u015f\u00e7\u0131s\u0131n\u0131n m\u00fcavini Rasil\u0259 Arifq\u0131z\u0131 v\u0259 m\u0259kt\u0259b direktoru Yegan\u0259 \u018fsk\u0259rovan\u0131n bar\u0259l\u0259rind\u0259 qanunla n\u0259z\u0259rd\u0259 tutulmu\u015f t\u0259dbirl\u0259rin g\u00f6r\u00fclm\u0259si \u00fc\u00e7\u00fcn L\u0259nk\u0259ran Rayon \u0130cra Hakimiyy\u0259ti v\u0259 L\u0259nk\u0259ran-Astara Regional T\u0259hsil \u0130dar\u0259sin\u0259 m\u00fcvafiq t\u0259qdimatlar g\u00f6nd\u0259rilib.<\/p>\n\n\n\n<p>Bir g\u00fcn \u00f6nc\u0259 Rasil\u0259 \u018fliyeva yeniyetm\u0259nin evind\u0259 d\u00f6y\u00fclm\u0259si fakt\u0131n\u0131 t\u0259kzib etmi\u015fdi:<\/p>\n\n\n\n<p>\u201cV\u0259zif\u0259d\u0259y\u0259m dey\u0259 yap\u0131\u015f\u0131las\u0131 adam m\u0259n\u0259m? Ax\u0131 m\u0259nim d\u0259 s\u0259hh\u0259tim v\u0259 evimd\u0259 a\u011f\u0131r \u0259m\u0259liyyatdan \u00e7\u0131xm\u0131\u015f x\u0259st\u0259m var. Aliy\u0259nin anas\u0131 \u00e7ox \u015fey iddia ed\u0259 bil\u0259r. Yalan m\u0259lumatlard\u0131r. Onun anas\u0131 ha\u00e7andan ortaya \u00e7\u0131xd\u0131? O, he\u00e7 bilmir ki, q\u0131z\u0131 kiml\u0259 ya\u015fay\u0131r v\u0259 onu kim saxlay\u0131r. Onun q\u0131z\u0131 \u0259xlaqs\u0131zd\u0131r v\u0259 biab\u0131r\u00e7\u0131 videolar\u0131 var. \u015eagirdl\u0259rin ad\u0131ndan ona-buna videolar at\u0131b. Bel\u0259 q\u0131z\u0131n m\u0259kt\u0259bd\u0259 qal\u0131b oxumas\u0131 d\u00fczg\u00fcn deyil. M\u0259nim q\u0131z\u0131mla da r\u0259fiq\u0259 deyil v\u0259 ola bilm\u0259z. O, hans\u0131 ail\u0259d\u0259 b\u00f6y\u00fcy\u00fcb, bilinmir. Aliy\u0259nin xalas\u0131 kimdi, onu \u0259vv\u0259l kim saxlay\u0131b, gedin onlar\u0131 <a href=\"https:\/\/d9mc3ts4czbpr.cloudfront.net\/az\/article\/prokurorluq-doyulen-yeniyetme-ile-bagli-arasdirma-aparildigini-deyir\/\">ara\u015fd\u0131r\u0131n<\/a>\u201d.<\/p>\n\n\n\n<p>L\u0259nk\u0259ran Rayon \u0130cra Hakimiyy\u0259tinin ba\u015f\u00e7\u0131s\u0131 Taleh Qara\u015fovun m\u00fcvafiq \u0259mri il\u0259 Rasil\u0259 Arifq\u0131z\u0131 tutdu\u011fu v\u0259zif\u0259d\u0259n uzaqla\u015fd\u0131r\u0131l\u0131b.<\/p>\n","protected":false},"excerpt":{"rendered":"<p>Onun \u015fagird\u0259 x\u0259sar\u0259t yetirm\u0259si s\u00fcbuta yetirilib L\u0259nk\u0259randa yeniyetm\u0259 q\u0131z\u0131n icra &#8230; <\/p>\n<p class=\"read-more-container\"><a title=\"M\u0259kt\u0259bli q\u0131z\u0131 d\u00f6ym\u0259kd\u0259 g\u00fcnahland\u0131r\u0131lan m\u0259mur i\u015fd\u0259n \u00e7\u0131xar\u0131l\u0131b\" class=\"read-more button\" href=\"https:\/\/www.meydan.tv\/az\/article\/mektebli-qizi-doymekde-gunahlandirilan-memur-isden-cixarilib\/#more-251183\" aria-label=\"Read more about M\u0259kt\u0259bli q\u0131z\u0131 d\u00f6ym\u0259kd\u0259 g\u00fcnahland\u0131r\u0131lan m\u0259mur i\u015fd\u0259n \u00e7\u0131xar\u0131l\u0131b\">Davam\u0131<\/a><\/p>\n","protected":false},"author":14,"featured_media":251184,"comment_status":"closed","ping_status":"closed","sticky":false,"template":"","format":"standard","meta":{"_acf_changed":false,"_sitemap_exclude":false,"_sitemap_priority":"","_sitemap_frequency":"","footnotes":""},"categories":[56],"tags":[],"class_list":["post-251183","post","type-post","status-publish","format-standard","has-post-thumbnail","hentry","category-xeberler","infinite-scroll-item","generate-columns","tablet-grid-50","mobile-grid-100","grid-parent","grid-33","no-featured-image-padding"],"acf":[],"yoast_head":"<!-- This site is optimized with the Yoast SEO plugin v27.5 - https:\/\/yoast.com\/product\/yoast-seo-wordpress\/ -->\n<title>M\u0259kt\u0259bli q\u0131z\u0131 d\u00f6ym\u0259kd\u0259 g\u00fcnahland\u0131r\u0131lan m\u0259mur i\u015fd\u0259n \u00e7\u0131xar\u0131l\u0131b - MEYDAN.TV<\/title>\n<meta name=\"robots\" content=\"index, follow, max-snippet:-1, max-image-preview:large, max-video-preview:-1\" \/>\n<link rel=\"canonical\" href=\"https:\/\/www.meydan.tv\/az\/article\/mektebli-qizi-doymekde-gunahlandirilan-memur-isden-cixarilib\/\" \/>\n<meta property=\"og:locale\" content=\"az_AZ\" \/>\n<meta property=\"og:type\" content=\"article\" \/>\n<meta property=\"og:title\" content=\"M\u0259kt\u0259bli q\u0131z\u0131 d\u00f6ym\u0259kd\u0259 g\u00fcnahland\u0131r\u0131lan m\u0259mur i\u015fd\u0259n \u00e7\u0131xar\u0131l\u0131b - MEYDAN.TV\" \/>\n<meta property=\"og:description\" content=\"Onun \u015fagird\u0259 x\u0259sar\u0259t yetirm\u0259si s\u00fcbuta yetirilib L\u0259nk\u0259randa yeniyetm\u0259 q\u0131z\u0131n icra ... Davam\u0131\" \/>\n<meta property=\"og:url\" content=\"https:\/\/www.meydan.tv\/az\/article\/mektebli-qizi-doymekde-gunahlandirilan-memur-isden-cixarilib\/\" \/>\n<meta property=\"og:site_name\" content=\"MEYDAN.TV\" \/>\n<meta property=\"article:published_time\" content=\"2022-07-18T15:03:27+00:00\" \/>\n<meta property=\"article:modified_time\" content=\"2022-07-19T04:11:02+00:00\" \/>\n<meta property=\"og:image\" content=\"https:\/\/www.meydan.tv\/wp-content\/uploads\/427225_wswge60oe1-e1658203850358.jpg\" \/>\n\t<meta property=\"og:image:width\" content=\"1200\" \/>\n\t<meta property=\"og:image:height\" content=\"465\" \/>\n\t<meta property=\"og:image:type\" content=\"image\/jpeg\" \/>\n<meta name=\"author\" content=\"roma\" \/>\n<meta name=\"twitter:card\" content=\"summary_large_image\" \/>\n<script type=\"application\/ld+json\" class=\"yoast-schema-graph\">{\"@context\":\"https:\\\/\\\/schema.org\",\"@graph\":[{\"@type\":\"Article\",\"@id\":\"https:\\\/\\\/www.meydan.tv\\\/az\\\/article\\\/mektebli-qizi-doymekde-gunahlandirilan-memur-isden-cixarilib\\\/#article\",\"isPartOf\":{\"@id\":\"https:\\\/\\\/www.meydan.tv\\\/az\\\/article\\\/mektebli-qizi-doymekde-gunahlandirilan-memur-isden-cixarilib\\\/\"},\"author\":{\"name\":\"roma\",\"@id\":\"https:\\\/\\\/www.meydan.tv\\\/az\\\/#\\\/schema\\\/person\\\/8f23e01c4de63326c13c319fb65ee65d\"},\"headline\":\"M\u0259kt\u0259bli q\u0131z\u0131 d\u00f6ym\u0259kd\u0259 g\u00fcnahland\u0131r\u0131lan m\u0259mur i\u015fd\u0259n \u00e7\u0131xar\u0131l\u0131b\",\"datePublished\":\"2022-07-18T15:03:27+00:00\",\"dateModified\":\"2022-07-19T04:11:02+00:00\",\"mainEntityOfPage\":{\"@id\":\"https:\\\/\\\/www.meydan.tv\\\/az\\\/article\\\/mektebli-qizi-doymekde-gunahlandirilan-memur-isden-cixarilib\\\/\"},\"wordCount\":531,\"publisher\":{\"@id\":\"https:\\\/\\\/www.meydan.tv\\\/az\\\/#organization\"},\"image\":{\"@id\":\"https:\\\/\\\/www.meydan.tv\\\/az\\\/article\\\/mektebli-qizi-doymekde-gunahlandirilan-memur-isden-cixarilib\\\/#primaryimage\"},\"thumbnailUrl\":\"https:\\\/\\\/www.meydan.tv\\\/wp-content\\\/uploads\\\/427225_wswge60oe1-e1658203850358.jpg\",\"articleSection\":[\"X\u0259b\u0259rl\u0259r\"],\"inLanguage\":\"az\"},{\"@type\":\"WebPage\",\"@id\":\"https:\\\/\\\/www.meydan.tv\\\/az\\\/article\\\/mektebli-qizi-doymekde-gunahlandirilan-memur-isden-cixarilib\\\/\",\"url\":\"https:\\\/\\\/www.meydan.tv\\\/az\\\/article\\\/mektebli-qizi-doymekde-gunahlandirilan-memur-isden-cixarilib\\\/\",\"name\":\"M\u0259kt\u0259bli q\u0131z\u0131 d\u00f6ym\u0259kd\u0259 g\u00fcnahland\u0131r\u0131lan m\u0259mur i\u015fd\u0259n \u00e7\u0131xar\u0131l\u0131b - MEYDAN.TV\",\"isPartOf\":{\"@id\":\"https:\\\/\\\/www.meydan.tv\\\/az\\\/#website\"},\"primaryImageOfPage\":{\"@id\":\"https:\\\/\\\/www.meydan.tv\\\/az\\\/article\\\/mektebli-qizi-doymekde-gunahlandirilan-memur-isden-cixarilib\\\/#primaryimage\"},\"image\":{\"@id\":\"https:\\\/\\\/www.meydan.tv\\\/az\\\/article\\\/mektebli-qizi-doymekde-gunahlandirilan-memur-isden-cixarilib\\\/#primaryimage\"},\"thumbnailUrl\":\"https:\\\/\\\/www.meydan.tv\\\/wp-content\\\/uploads\\\/427225_wswge60oe1-e1658203850358.jpg\",\"datePublished\":\"2022-07-18T15:03:27+00:00\",\"dateModified\":\"2022-07-19T04:11:02+00:00\",\"breadcrumb\":{\"@id\":\"https:\\\/\\\/www.meydan.tv\\\/az\\\/article\\\/mektebli-qizi-doymekde-gunahlandirilan-memur-isden-cixarilib\\\/#breadcrumb\"},\"inLanguage\":\"az\",\"potentialAction\":[{\"@type\":\"ReadAction\",\"target\":[\"https:\\\/\\\/www.meydan.tv\\\/az\\\/article\\\/mektebli-qizi-doymekde-gunahlandirilan-memur-isden-cixarilib\\\/\"]}]},{\"@type\":\"ImageObject\",\"inLanguage\":\"az\",\"@id\":\"https:\\\/\\\/www.meydan.tv\\\/az\\\/article\\\/mektebli-qizi-doymekde-gunahlandirilan-memur-isden-cixarilib\\\/#primaryimage\",\"url\":\"https:\\\/\\\/www.meydan.tv\\\/wp-content\\\/uploads\\\/427225_wswge60oe1-e1658203850358.jpg\",\"contentUrl\":\"https:\\\/\\\/www.meydan.tv\\\/wp-content\\\/uploads\\\/427225_wswge60oe1-e1658203850358.jpg\",\"width\":1200,\"height\":465,\"caption\":\"Rasil\u0259 Arifq\u0131z\u0131. Foto: Sosial \u015f\u0259b\u0259k\u0259\"},{\"@type\":\"BreadcrumbList\",\"@id\":\"https:\\\/\\\/www.meydan.tv\\\/az\\\/article\\\/mektebli-qizi-doymekde-gunahlandirilan-memur-isden-cixarilib\\\/#breadcrumb\",\"itemListElement\":[{\"@type\":\"ListItem\",\"position\":1,\"name\":\"Ana s\u0259hif\u0259\",\"item\":\"https:\\\/\\\/www.meydan.tv\\\/az\\\/\"},{\"@type\":\"ListItem\",\"position\":2,\"name\":\"X\u0259b\u0259rl\u0259r\",\"item\":\"https:\\\/\\\/www.meydan.tv\\\/az\\\/section\\\/xeberler\\\/\"},{\"@type\":\"ListItem\",\"position\":3,\"name\":\"M\u0259kt\u0259bli q\u0131z\u0131 d\u00f6ym\u0259kd\u0259 g\u00fcnahland\u0131r\u0131lan m\u0259mur i\u015fd\u0259n \u00e7\u0131xar\u0131l\u0131b\"}]},{\"@type\":\"WebSite\",\"@id\":\"https:\\\/\\\/www.meydan.tv\\\/az\\\/#website\",\"url\":\"https:\\\/\\\/www.meydan.tv\\\/az\\\/\",\"name\":\"MEYDAN.TV\",\"description\":\"Meydan TV Az\u0259rbaycan\u0131n media m\u0259kan\u0131ndak\u0131 alternativ s\u0259sidir\",\"publisher\":{\"@id\":\"https:\\\/\\\/www.meydan.tv\\\/az\\\/#organization\"},\"potentialAction\":[{\"@type\":\"SearchAction\",\"target\":{\"@type\":\"EntryPoint\",\"urlTemplate\":\"https:\\\/\\\/www.meydan.tv\\\/az\\\/?s={search_term_string}\"},\"query-input\":{\"@type\":\"PropertyValueSpecification\",\"valueRequired\":true,\"valueName\":\"search_term_string\"}}],\"inLanguage\":\"az\"},{\"@type\":\"Organization\",\"@id\":\"https:\\\/\\\/www.meydan.tv\\\/az\\\/#organization\",\"name\":\"Meydan TV\",\"url\":\"https:\\\/\\\/www.meydan.tv\\\/az\\\/\",\"logo\":{\"@type\":\"ImageObject\",\"inLanguage\":\"az\",\"@id\":\"https:\\\/\\\/www.meydan.tv\\\/az\\\/#\\\/schema\\\/logo\\\/image\\\/\",\"url\":\"https:\\\/\\\/www.meydan.tv\\\/wp-content\\\/uploads\\\/2021\\\/07\\\/meydan-logo.svg\",\"contentUrl\":\"https:\\\/\\\/www.meydan.tv\\\/wp-content\\\/uploads\\\/2021\\\/07\\\/meydan-logo.svg\",\"width\":195,\"height\":46,\"caption\":\"Meydan TV\"},\"image\":{\"@id\":\"https:\\\/\\\/www.meydan.tv\\\/az\\\/#\\\/schema\\\/logo\\\/image\\\/\"}},{\"@type\":\"Person\",\"@id\":\"https:\\\/\\\/www.meydan.tv\\\/az\\\/#\\\/schema\\\/person\\\/8f23e01c4de63326c13c319fb65ee65d\",\"name\":\"roma\"}]}<\/script>\n<!-- \/ Yoast SEO plugin. -->","yoast_head_json":{"title":"M\u0259kt\u0259bli q\u0131z\u0131 d\u00f6ym\u0259kd\u0259 g\u00fcnahland\u0131r\u0131lan m\u0259mur i\u015fd\u0259n \u00e7\u0131xar\u0131l\u0131b - MEYDAN.TV","robots":{"index":"index","follow":"follow","max-snippet":"max-snippet:-1","max-image-preview":"max-image-preview:large","max-video-preview":"max-video-preview:-1"},"canonical":"https:\/\/www.meydan.tv\/az\/article\/mektebli-qizi-doymekde-gunahlandirilan-memur-isden-cixarilib\/","og_locale":"az_AZ","og_type":"article","og_title":"M\u0259kt\u0259bli q\u0131z\u0131 d\u00f6ym\u0259kd\u0259 g\u00fcnahland\u0131r\u0131lan m\u0259mur i\u015fd\u0259n \u00e7\u0131xar\u0131l\u0131b - MEYDAN.TV","og_description":"Onun \u015fagird\u0259 x\u0259sar\u0259t yetirm\u0259si s\u00fcbuta yetirilib L\u0259nk\u0259randa yeniyetm\u0259 q\u0131z\u0131n icra ... Davam\u0131","og_url":"https:\/\/www.meydan.tv\/az\/article\/mektebli-qizi-doymekde-gunahlandirilan-memur-isden-cixarilib\/","og_site_name":"MEYDAN.TV","article_published_time":"2022-07-18T15:03:27+00:00","article_modified_time":"2022-07-19T04:11:02+00:00","og_image":[{"width":1200,"height":465,"url":"https:\/\/www.meydan.tv\/wp-content\/uploads\/427225_wswge60oe1-e1658203850358.jpg","type":"image\/jpeg"}],"author":"roma","twitter_card":"summary_large_image","schema":{"@context":"https:\/\/schema.org","@graph":[{"@type":"Article","@id":"https:\/\/www.meydan.tv\/az\/article\/mektebli-qizi-doymekde-gunahlandirilan-memur-isden-cixarilib\/#article","isPartOf":{"@id":"https:\/\/www.meydan.tv\/az\/article\/mektebli-qizi-doymekde-gunahlandirilan-memur-isden-cixarilib\/"},"author":{"name":"roma","@id":"https:\/\/www.meydan.tv\/az\/#\/schema\/person\/8f23e01c4de63326c13c319fb65ee65d"},"headline":"M\u0259kt\u0259bli q\u0131z\u0131 d\u00f6ym\u0259kd\u0259 g\u00fcnahland\u0131r\u0131lan m\u0259mur i\u015fd\u0259n \u00e7\u0131xar\u0131l\u0131b","datePublished":"2022-07-18T15:03:27+00:00","dateModified":"2022-07-19T04:11:02+00:00","mainEntityOfPage":{"@id":"https:\/\/www.meydan.tv\/az\/article\/mektebli-qizi-doymekde-gunahlandirilan-memur-isden-cixarilib\/"},"wordCount":531,"publisher":{"@id":"https:\/\/www.meydan.tv\/az\/#organization"},"image":{"@id":"https:\/\/www.meydan.tv\/az\/article\/mektebli-qizi-doymekde-gunahlandirilan-memur-isden-cixarilib\/#primaryimage"},"thumbnailUrl":"https:\/\/www.meydan.tv\/wp-content\/uploads\/427225_wswge60oe1-e1658203850358.jpg","articleSection":["X\u0259b\u0259rl\u0259r"],"inLanguage":"az"},{"@type":"WebPage","@id":"https:\/\/www.meydan.tv\/az\/article\/mektebli-qizi-doymekde-gunahlandirilan-memur-isden-cixarilib\/","url":"https:\/\/www.meydan.tv\/az\/article\/mektebli-qizi-doymekde-gunahlandirilan-memur-isden-cixarilib\/","name":"M\u0259kt\u0259bli q\u0131z\u0131 d\u00f6ym\u0259kd\u0259 g\u00fcnahland\u0131r\u0131lan m\u0259mur i\u015fd\u0259n \u00e7\u0131xar\u0131l\u0131b - MEYDAN.TV","isPartOf":{"@id":"https:\/\/www.meydan.tv\/az\/#website"},"primaryImageOfPage":{"@id":"https:\/\/www.meydan.tv\/az\/article\/mektebli-qizi-doymekde-gunahlandirilan-memur-isden-cixarilib\/#primaryimage"},"image":{"@id":"https:\/\/www.meydan.tv\/az\/article\/mektebli-qizi-doymekde-gunahlandirilan-memur-isden-cixarilib\/#primaryimage"},"thumbnailUrl":"https:\/\/www.meydan.tv\/wp-content\/uploads\/427225_wswge60oe1-e1658203850358.jpg","datePublished":"2022-07-18T15:03:27+00:00","dateModified":"2022-07-19T04:11:02+00:00","breadcrumb":{"@id":"https:\/\/www.meydan.tv\/az\/article\/mektebli-qizi-doymekde-gunahlandirilan-memur-isden-cixarilib\/#breadcrumb"},"inLanguage":"az","potentialAction":[{"@type":"ReadAction","target":["https:\/\/www.meydan.tv\/az\/article\/mektebli-qizi-doymekde-gunahlandirilan-memur-isden-cixarilib\/"]}]},{"@type":"ImageObject","inLanguage":"az","@id":"https:\/\/www.meydan.tv\/az\/article\/mektebli-qizi-doymekde-gunahlandirilan-memur-isden-cixarilib\/#primaryimage","url":"https:\/\/www.meydan.tv\/wp-content\/uploads\/427225_wswge60oe1-e1658203850358.jpg","contentUrl":"https:\/\/www.meydan.tv\/wp-content\/uploads\/427225_wswge60oe1-e1658203850358.jpg","width":1200,"height":465,"caption":"Rasil\u0259 Arifq\u0131z\u0131. Foto: Sosial \u015f\u0259b\u0259k\u0259"},{"@type":"BreadcrumbList","@id":"https:\/\/www.meydan.tv\/az\/article\/mektebli-qizi-doymekde-gunahlandirilan-memur-isden-cixarilib\/#breadcrumb","itemListElement":[{"@type":"ListItem","position":1,"name":"Ana s\u0259hif\u0259","item":"https:\/\/www.meydan.tv\/az\/"},{"@type":"ListItem","position":2,"name":"X\u0259b\u0259rl\u0259r","item":"https:\/\/www.meydan.tv\/az\/section\/xeberler\/"},{"@type":"ListItem","position":3,"name":"M\u0259kt\u0259bli q\u0131z\u0131 d\u00f6ym\u0259kd\u0259 g\u00fcnahland\u0131r\u0131lan m\u0259mur i\u015fd\u0259n \u00e7\u0131xar\u0131l\u0131b"}]},{"@type":"WebSite","@id":"https:\/\/www.meydan.tv\/az\/#website","url":"https:\/\/www.meydan.tv\/az\/","name":"MEYDAN.TV","description":"Meydan TV Az\u0259rbaycan\u0131n media m\u0259kan\u0131ndak\u0131 alternativ s\u0259sidir","publisher":{"@id":"https:\/\/www.meydan.tv\/az\/#organization"},"potentialAction":[{"@type":"SearchAction","target":{"@type":"EntryPoint","urlTemplate":"https:\/\/www.meydan.tv\/az\/?s={search_term_string}"},"query-input":{"@type":"PropertyValueSpecification","valueRequired":true,"valueName":"search_term_string"}}],"inLanguage":"az"},{"@type":"Organization","@id":"https:\/\/www.meydan.tv\/az\/#organization","name":"Meydan TV","url":"https:\/\/www.meydan.tv\/az\/","logo":{"@type":"ImageObject","inLanguage":"az","@id":"https:\/\/www.meydan.tv\/az\/#\/schema\/logo\/image\/","url":"https:\/\/www.meydan.tv\/wp-content\/uploads\/2021\/07\/meydan-logo.svg","contentUrl":"https:\/\/www.meydan.tv\/wp-content\/uploads\/2021\/07\/meydan-logo.svg","width":195,"height":46,"caption":"Meydan TV"},"image":{"@id":"https:\/\/www.meydan.tv\/az\/#\/schema\/logo\/image\/"}},{"@type":"Person","@id":"https:\/\/www.meydan.tv\/az\/#\/schema\/person\/8f23e01c4de63326c13c319fb65ee65d","name":"roma"}]}},"_links":{"self":[{"href":"https:\/\/www.meydan.tv\/az\/wp-json\/wp\/v2\/posts\/251183","targetHints":{"allow":["GET"]}}],"collection":[{"href":"https:\/\/www.meydan.tv\/az\/wp-json\/wp\/v2\/posts"}],"about":[{"href":"https:\/\/www.meydan.tv\/az\/wp-json\/wp\/v2\/types\/post"}],"author":[{"embeddable":true,"href":"https:\/\/www.meydan.tv\/az\/wp-json\/wp\/v2\/users\/14"}],"replies":[{"embeddable":true,"href":"https:\/\/www.meydan.tv\/az\/wp-json\/wp\/v2\/comments?post=251183"}],"version-history":[{"count":2,"href":"https:\/\/www.meydan.tv\/az\/wp-json\/wp\/v2\/posts\/251183\/revisions"}],"predecessor-version":[{"id":251220,"href":"https:\/\/www.meydan.tv\/az\/wp-json\/wp\/v2\/posts\/251183\/revisions\/251220"}],"wp:featuredmedia":[{"embeddable":true,"href":"https:\/\/www.meydan.tv\/az\/wp-json\/wp\/v2\/media\/251184"}],"wp:attachment":[{"href":"https:\/\/www.meydan.tv\/az\/wp-json\/wp\/v2\/media?parent=251183"}],"wp:term":[{"taxonomy":"category","embeddable":true,"href":"https:\/\/www.meydan.tv\/az\/wp-json\/wp\/v2\/categories?post=251183"},{"taxonomy":"post_tag","embeddable":true,"href":"https:\/\/www.meydan.tv\/az\/wp-json\/wp\/v2\/tags?post=251183"}],"curies":[{"name":"wp","href":"https:\/\/api.w.org\/{rel}","templated":true}]}}