{"id":251174,"date":"2022-07-18T17:55:16","date_gmt":"2022-07-18T13:55:16","guid":{"rendered":"https:\/\/www.meydan.tv\/?p=251174"},"modified":"2022-07-18T17:55:18","modified_gmt":"2022-07-18T13:55:18","slug":"azerbaycan-ve-avropa-komissiyasi-arasinda-anlasma-memorandumu-imzalanib","status":"publish","type":"post","link":"https:\/\/www.meydan.tv\/az\/article\/azerbaycan-ve-avropa-komissiyasi-arasinda-anlasma-memorandumu-imzalanib\/","title":{"rendered":"Az\u0259rbaycan v\u0259 Avropa Komissiyas\u0131 aras\u0131nda Anla\u015fma Memorandumu imzalan\u0131b"},"content":{"rendered":"\n<p><em>S\u0259n\u0259dd\u0259 metan qaz\u0131n\u0131n azald\u0131lmas\u0131 il\u0259 ba\u011fl\u0131 \u00f6hd\u0259likl\u0259rimiz qeyd olunur<\/em><\/p>\n\n\n\n<p>\u0130yulun 18-d\u0259 Az\u0259rbaycan il\u0259 Avropa \u0130ttifaq\u0131 aras\u0131nda enerji sah\u0259sind\u0259 Strateji T\u0259r\u0259fda\u015fl\u0131\u011fa dair Anla\u015fma Memorandumu imzalan\u0131b.<\/p>\n\n\n\n<p>S\u0259n\u0259di Az\u0259rbaycan\u0131n Prezidenti \u0130lham \u018fliyev v\u0259 Avropa Komissiyas\u0131n\u0131n Prezidenti Ursula Fon der Leyen imzalay\u0131blar.<\/p>\n\n\n\n<p>\u0130mzalanma m\u0259rasimind\u0259n sonra Ursula Fon der Leyen deyib ki, s\u0259n\u0259d enerji sah\u0259sind\u0259 \u0259m\u0259kda\u015fl\u0131\u011f\u0131 daha da g\u00fccl\u0259ndir\u0259c\u0259k.<\/p>\n\n\n\n<p>Onun s\u00f6zl\u0259rin\u0259 g\u00f6r\u0259, Avropa \u0130ttifaq\u0131 ilkin olaraq Az\u0259rbaycandan qaz ixrac\u0131n\u0131 iki d\u0259f\u0259 art\u0131racaq:<\/p>\n\n\n\n<p>&#8220;Bug\u00fcnk\u00fc s\u0259n\u0259d vasit\u0259sil\u0259 C\u0259nub Qaz D\u0259hlizinin geni\u015fl\u0259ndirilm\u0259sin\u0259 sadiqliyimizi ifad\u0259 edirik. Bu layih\u0259 art\u0131q Br\u00fcssel \u00fc\u00e7\u00fcn \u00e7ox \u00f6n\u0259mlidir. H\u0259r il 8 milyard kub metr qaz\u0131 Avropaya \u00f6t\u00fcr\u00fcr\u00fck, yax\u0131n ill\u0259rd\u0259 onun h\u0259cmini 20 milyard kub metr\u0259 \u00e7atd\u0131raca\u011f\u0131q. G\u0259l\u0259n il h\u0259cmi 12 milyard kub metr\u0259 \u00e7atd\u0131raca\u011f\u0131q v\u0259 bu Rusiyadan k\u0259sil\u0259n qaz\u0131 kompensasiya etm\u0259y\u0259 qatq\u0131da bulunacaq v\u0259 Avropan\u0131n enerji t\u0259minat\u0131na \u0259h\u0259miyy\u0259tli t\u00f6hf\u0259 ver\u0259c\u0259k\u201d.<\/p>\n\n\n\n<p>Avropa Komissiyas\u0131n\u0131n Prezidenti bildirib ki, memorandumda ikinci \u0259sas m\u0259qam b\u0259rpa olunan enerji il\u0259 ba\u011fl\u0131d\u0131r:<\/p>\n\n\n\n<p>&#8220;Bu sah\u0259d\u0259 Az\u0259rbaycan\u0131n \u00e7ox b\u00f6y\u00fck potensial\u0131 var. C\u0259nab Prezident d\u0259 bunu qeyd etdi. Bu x\u00fcsusil\u0259 k\u00fcl\u0259k v\u0259 ya\u015f\u0131l hidrogen sah\u0259sind\u0259 b\u00f6y\u00fckd\u00fcr v\u0259 biz bunlar\u0131 g\u00f6r\u00fc\u015f\u00fcm\u00fczd\u0259 \u0259trafl\u0131 m\u00fczakir\u0259 etdik. \u0130mzalad\u0131\u011f\u0131m\u0131z s\u0259n\u0259dl\u0259 bu sah\u0259d\u0259 dayan\u0131ql\u0131 \u0259m\u0259kda\u015fl\u0131\u011f\u0131m\u0131z\u0131n \u0259sas\u0131n\u0131 qoyduq\u201d.<\/p>\n\n\n\n<p>Ursula Fon der Leyen deyib ki, Az\u0259rbaycan t\u0259dric\u0259n Avropa \u0130ttifaq\u0131 \u00fc\u00e7\u00fcn enerji sah\u0259sind\u0259 apar\u0131c\u0131 partnyora \u00e7evril\u0259c\u0259k:<\/p>\n\n\n\n<p>\u201cH\u0259m\u00e7inin, bizim qaz sah\u0259sind\u0259 \u0259m\u0259kda\u015fl\u0131\u011f\u0131m\u0131z iqlim d\u0259yi\u015fikliyi il\u0259 ba\u011fl\u0131 m\u0259suliyy\u0259timizl\u0259 ard\u0131c\u0131l olmal\u0131d\u0131r. M\u0259s\u0259l\u0259n, metan qaz\u0131n\u0131n azald\u0131lmas\u0131 kimi. Bu s\u0259n\u0259dd\u0259 metan qaz\u0131n\u0131n azald\u0131lmas\u0131 il\u0259 ba\u011fl\u0131 \u00f6hd\u0259likl\u0259rimiz qeyd olunur. M\u0259n Az\u0259rbaycan\u0131 t\u0259\u015fviq edir\u0259m ki, metan qaz\u0131ndan imtina il\u0259 ba\u011fl\u0131 119 \u00f6lk\u0259nin qo\u015fuldu\u011fu raz\u0131la\u015fmaya da qo\u015fulsun\u201d.<\/p>\n\n\n\n<p>\u0130lham \u018fliyev is\u0259 memorandumu g\u0259l\u0259c\u0259k \u00fc\u00e7\u00fcn bir n\u00f6v &#8220;yol x\u0259rit\u0259si&#8221; adland\u0131r\u0131b:<\/p>\n\n\n\n<p>&#8220;Bizim daha \u0259vv\u0259l planla\u015fd\u0131rd\u0131qlar\u0131m\u0131z\u0131n ham\u0131s\u0131n\u0131 h\u0259yata ke\u00e7irdiyimizi n\u0259z\u0259r\u0259 alsaq, \u0259min\u0259m ki, biz b\u00f6y\u00fck u\u011fur g\u00f6r\u0259c\u0259yik. Bu g\u00fcn m\u00fczakir\u0259 etdiyimiz dig\u0259r m\u0259s\u0259l\u0259l\u0259r aras\u0131nda kommunikasiya, \u0259laq\u0259 d\u0259 var idi. Az\u0259rbaycan\u0131n co\u011frafi m\u00f6vqeyini v\u0259 modern n\u0259qliyyat infrastrukturunu n\u0259z\u0259r\u0259 alsaq, bizim potensial\u0131m\u0131z\u0131n \u0259laq\u0259l\u0259ndirilm\u0259si istiqam\u0259tind\u0259 daha f\u0259al i\u015fl\u0259m\u0259yimiz\u0259 ehtiyac var. \u00c7\u00fcnki burada, X\u0259z\u0259rin q\u0259rb sahilind\u0259 Az\u0259rbaycan X\u0259z\u0259rd\u0259 \u0259n b\u00f6y\u00fck ticar\u0259t donanmas\u0131na, modern infrastruktura, g\u0259miqay\u0131rma zavoduna, yeni d\u0259niz liman\u0131na v\u0259 bizi b\u00fct\u00fcn qon\u015fular\u0131m\u0131zla \u0259laq\u0259l\u0259ndir\u0259n d\u0259mir yoluna malikdir\u201d.<\/p>\n\n\n\n<p>\u0130lham \u018fliyev deyib ki, Qaraba\u011f\u0131n v\u0259 \u015e\u0259rqi Z\u0259ng\u0259zurun azad edilmi\u015f \u0259razil\u0259rind\u0259 g\u00fcn\u0259\u015f v\u0259 k\u00fcl\u0259k enerjisi stansiyalar\u0131n\u0131n potensial\u0131 9200 meqavatd\u0131r:<\/p>\n\n\n\n<p>&#8220;X\u0259z\u0259r d\u0259nizinin k\u00fcl\u0259k enerjisi potensial\u0131 157 geqavatd\u0131r. Bel\u0259likl\u0259, bizim h\u0259qiq\u0259t\u0259n d\u0259 n\u0259h\u0259ng resurs bazam\u0131z var\u201d.<\/p>\n\n\n\n<p>\u201cBiz \u0259m\u0259kda\u015fl\u0131\u011f\u0131n m\u00fcsb\u0259t faydalar\u0131n\u0131 art\u0131q g\u00f6r\u00fcr\u00fck. Enerji t\u0259hl\u00fck\u0259sizliyi m\u0259s\u0259l\u0259l\u0259ri bu g\u00fcn h\u0259r zamank\u0131ndan daha \u00f6n\u0259mlidir. Avropa \u0130ttifaq\u0131 v\u0259 Az\u0259rbaycan aras\u0131nda enerji sah\u0259sind\u0259 uzunm\u00fcdd\u0259tli, proqnozla\u015fd\u0131r\u0131la bil\u0259n v\u0259 \u00e7ox etibarl\u0131 \u0259m\u0259kda\u015fl\u0131q t\u0259bii ki, b\u00f6y\u00fck bir aktivdir&#8221;, &#8211; prezident deyib.<\/p>\n\n\n\n<p>\u0130lham \u018fliyevin s\u00f6zl\u0259rin\u0259 g\u00f6r\u0259, Avropa \u0130ttifaq\u0131 v\u0259 Az\u0259rbaycan aras\u0131nda yeni raz\u0131la\u015fma \u00fcz\u0259rind\u0259 i\u015f gedir:<\/p>\n\n\n\n<p>&#8220;Bu m\u0259s\u0259l\u0259ni xan\u0131m Prezidentl\u0259 m\u00fczakir\u0259 etdik. \u00dcmidvaram ki, qar\u015f\u0131dak\u0131 aylarda bunu tamamlaya bil\u0259rik. \u018flb\u0259tt\u0259 bu bizim ikit\u0259r\u0259fli \u0259m\u0259kda\u015fl\u0131\u011f\u0131m\u0131za vacib t\u00f6hf\u0259 olard\u0131\u201d.<\/p>\n","protected":false},"excerpt":{"rendered":"<p>S\u0259n\u0259dd\u0259 metan qaz\u0131n\u0131n azald\u0131lmas\u0131 il\u0259 ba\u011fl\u0131 \u00f6hd\u0259likl\u0259rimiz qeyd olunur \u0130yulun &#8230; <\/p>\n<p class=\"read-more-container\"><a title=\"Az\u0259rbaycan v\u0259 Avropa Komissiyas\u0131 aras\u0131nda Anla\u015fma Memorandumu imzalan\u0131b\" class=\"read-more button\" href=\"https:\/\/www.meydan.tv\/az\/article\/azerbaycan-ve-avropa-komissiyasi-arasinda-anlasma-memorandumu-imzalanib\/#more-251174\" aria-label=\"Read more about Az\u0259rbaycan v\u0259 Avropa Komissiyas\u0131 aras\u0131nda Anla\u015fma Memorandumu imzalan\u0131b\">Davam\u0131<\/a><\/p>\n","protected":false},"author":8,"featured_media":251166,"comment_status":"closed","ping_status":"closed","sticky":false,"template":"","format":"standard","meta":{"_acf_changed":false,"_sitemap_exclude":false,"_sitemap_priority":"","_sitemap_frequency":"","footnotes":""},"categories":[59,56],"tags":[],"class_list":["post-251174","post","type-post","status-publish","format-standard","has-post-thumbnail","hentry","category-siyaset","category-xeberler","infinite-scroll-item","generate-columns","tablet-grid-50","mobile-grid-100","grid-parent","grid-33","no-featured-image-padding"],"acf":[],"yoast_head":"<!-- This site is optimized with the Yoast SEO plugin v27.4 - https:\/\/yoast.com\/product\/yoast-seo-wordpress\/ -->\n<title>Az\u0259rbaycan v\u0259 Avropa Komissiyas\u0131 aras\u0131nda Anla\u015fma Memorandumu imzalan\u0131b - MEYDAN.TV<\/title>\n<meta name=\"robots\" content=\"index, follow, max-snippet:-1, max-image-preview:large, max-video-preview:-1\" \/>\n<link rel=\"canonical\" href=\"https:\/\/www.meydan.tv\/az\/article\/azerbaycan-ve-avropa-komissiyasi-arasinda-anlasma-memorandumu-imzalanib\/\" \/>\n<meta property=\"og:locale\" content=\"az_AZ\" \/>\n<meta property=\"og:type\" content=\"article\" \/>\n<meta property=\"og:title\" content=\"Az\u0259rbaycan v\u0259 Avropa Komissiyas\u0131 aras\u0131nda Anla\u015fma Memorandumu imzalan\u0131b - MEYDAN.TV\" \/>\n<meta property=\"og:description\" content=\"S\u0259n\u0259dd\u0259 metan qaz\u0131n\u0131n azald\u0131lmas\u0131 il\u0259 ba\u011fl\u0131 \u00f6hd\u0259likl\u0259rimiz qeyd olunur \u0130yulun ... Davam\u0131\" \/>\n<meta property=\"og:url\" content=\"https:\/\/www.meydan.tv\/az\/article\/azerbaycan-ve-avropa-komissiyasi-arasinda-anlasma-memorandumu-imzalanib\/\" \/>\n<meta property=\"og:site_name\" content=\"MEYDAN.TV\" \/>\n<meta property=\"article:published_time\" content=\"2022-07-18T13:55:16+00:00\" \/>\n<meta property=\"article:modified_time\" content=\"2022-07-18T13:55:18+00:00\" \/>\n<meta property=\"og:image\" content=\"https:\/\/www.meydan.tv\/wp-content\/uploads\/16581490782546658252_1000x669.jpg\" \/>\n\t<meta property=\"og:image:width\" content=\"1200\" \/>\n\t<meta property=\"og:image:height\" content=\"756\" \/>\n\t<meta property=\"og:image:type\" content=\"image\/jpeg\" \/>\n<meta name=\"author\" content=\"elli\" \/>\n<meta name=\"twitter:card\" content=\"summary_large_image\" \/>\n<meta name=\"twitter:creator\" content=\"@elli\" \/>\n<script type=\"application\/ld+json\" class=\"yoast-schema-graph\">{\"@context\":\"https:\\\/\\\/schema.org\",\"@graph\":[{\"@type\":\"Article\",\"@id\":\"https:\\\/\\\/www.meydan.tv\\\/az\\\/article\\\/azerbaycan-ve-avropa-komissiyasi-arasinda-anlasma-memorandumu-imzalanib\\\/#article\",\"isPartOf\":{\"@id\":\"https:\\\/\\\/www.meydan.tv\\\/az\\\/article\\\/azerbaycan-ve-avropa-komissiyasi-arasinda-anlasma-memorandumu-imzalanib\\\/\"},\"author\":{\"name\":\"elli\",\"@id\":\"https:\\\/\\\/www.meydan.tv\\\/az\\\/#\\\/schema\\\/person\\\/9cdbecf90d17180ce1dfbd95b08dcf47\"},\"headline\":\"Az\u0259rbaycan v\u0259 Avropa Komissiyas\u0131 aras\u0131nda Anla\u015fma Memorandumu imzalan\u0131b\",\"datePublished\":\"2022-07-18T13:55:16+00:00\",\"dateModified\":\"2022-07-18T13:55:18+00:00\",\"mainEntityOfPage\":{\"@id\":\"https:\\\/\\\/www.meydan.tv\\\/az\\\/article\\\/azerbaycan-ve-avropa-komissiyasi-arasinda-anlasma-memorandumu-imzalanib\\\/\"},\"wordCount\":754,\"publisher\":{\"@id\":\"https:\\\/\\\/www.meydan.tv\\\/az\\\/#organization\"},\"image\":{\"@id\":\"https:\\\/\\\/www.meydan.tv\\\/az\\\/article\\\/azerbaycan-ve-avropa-komissiyasi-arasinda-anlasma-memorandumu-imzalanib\\\/#primaryimage\"},\"thumbnailUrl\":\"https:\\\/\\\/www.meydan.tv\\\/wp-content\\\/uploads\\\/16581490782546658252_1000x669.jpg\",\"articleSection\":[\"Siyas\u0259t\",\"X\u0259b\u0259rl\u0259r\"],\"inLanguage\":\"az\"},{\"@type\":\"WebPage\",\"@id\":\"https:\\\/\\\/www.meydan.tv\\\/az\\\/article\\\/azerbaycan-ve-avropa-komissiyasi-arasinda-anlasma-memorandumu-imzalanib\\\/\",\"url\":\"https:\\\/\\\/www.meydan.tv\\\/az\\\/article\\\/azerbaycan-ve-avropa-komissiyasi-arasinda-anlasma-memorandumu-imzalanib\\\/\",\"name\":\"Az\u0259rbaycan v\u0259 Avropa Komissiyas\u0131 aras\u0131nda Anla\u015fma Memorandumu imzalan\u0131b - MEYDAN.TV\",\"isPartOf\":{\"@id\":\"https:\\\/\\\/www.meydan.tv\\\/az\\\/#website\"},\"primaryImageOfPage\":{\"@id\":\"https:\\\/\\\/www.meydan.tv\\\/az\\\/article\\\/azerbaycan-ve-avropa-komissiyasi-arasinda-anlasma-memorandumu-imzalanib\\\/#primaryimage\"},\"image\":{\"@id\":\"https:\\\/\\\/www.meydan.tv\\\/az\\\/article\\\/azerbaycan-ve-avropa-komissiyasi-arasinda-anlasma-memorandumu-imzalanib\\\/#primaryimage\"},\"thumbnailUrl\":\"https:\\\/\\\/www.meydan.tv\\\/wp-content\\\/uploads\\\/16581490782546658252_1000x669.jpg\",\"datePublished\":\"2022-07-18T13:55:16+00:00\",\"dateModified\":\"2022-07-18T13:55:18+00:00\",\"breadcrumb\":{\"@id\":\"https:\\\/\\\/www.meydan.tv\\\/az\\\/article\\\/azerbaycan-ve-avropa-komissiyasi-arasinda-anlasma-memorandumu-imzalanib\\\/#breadcrumb\"},\"inLanguage\":\"az\",\"potentialAction\":[{\"@type\":\"ReadAction\",\"target\":[\"https:\\\/\\\/www.meydan.tv\\\/az\\\/article\\\/azerbaycan-ve-avropa-komissiyasi-arasinda-anlasma-memorandumu-imzalanib\\\/\"]}]},{\"@type\":\"ImageObject\",\"inLanguage\":\"az\",\"@id\":\"https:\\\/\\\/www.meydan.tv\\\/az\\\/article\\\/azerbaycan-ve-avropa-komissiyasi-arasinda-anlasma-memorandumu-imzalanib\\\/#primaryimage\",\"url\":\"https:\\\/\\\/www.meydan.tv\\\/wp-content\\\/uploads\\\/16581490782546658252_1000x669.jpg\",\"contentUrl\":\"https:\\\/\\\/www.meydan.tv\\\/wp-content\\\/uploads\\\/16581490782546658252_1000x669.jpg\",\"width\":1200,\"height\":756,\"caption\":\"\u0130mzalanma m\u0259rasimi. Foto: \\\"Az\u0259rtac\\\"\"},{\"@type\":\"BreadcrumbList\",\"@id\":\"https:\\\/\\\/www.meydan.tv\\\/az\\\/article\\\/azerbaycan-ve-avropa-komissiyasi-arasinda-anlasma-memorandumu-imzalanib\\\/#breadcrumb\",\"itemListElement\":[{\"@type\":\"ListItem\",\"position\":1,\"name\":\"Ana s\u0259hif\u0259\",\"item\":\"https:\\\/\\\/www.meydan.tv\\\/az\\\/\"},{\"@type\":\"ListItem\",\"position\":2,\"name\":\"Siyas\u0259t\",\"item\":\"https:\\\/\\\/www.meydan.tv\\\/az\\\/section\\\/siyaset\\\/\"},{\"@type\":\"ListItem\",\"position\":3,\"name\":\"Az\u0259rbaycan v\u0259 Avropa Komissiyas\u0131 aras\u0131nda Anla\u015fma Memorandumu imzalan\u0131b\"}]},{\"@type\":\"WebSite\",\"@id\":\"https:\\\/\\\/www.meydan.tv\\\/az\\\/#website\",\"url\":\"https:\\\/\\\/www.meydan.tv\\\/az\\\/\",\"name\":\"MEYDAN.TV\",\"description\":\"Meydan TV Az\u0259rbaycan\u0131n media m\u0259kan\u0131ndak\u0131 alternativ s\u0259sidir\",\"publisher\":{\"@id\":\"https:\\\/\\\/www.meydan.tv\\\/az\\\/#organization\"},\"potentialAction\":[{\"@type\":\"SearchAction\",\"target\":{\"@type\":\"EntryPoint\",\"urlTemplate\":\"https:\\\/\\\/www.meydan.tv\\\/az\\\/?s={search_term_string}\"},\"query-input\":{\"@type\":\"PropertyValueSpecification\",\"valueRequired\":true,\"valueName\":\"search_term_string\"}}],\"inLanguage\":\"az\"},{\"@type\":\"Organization\",\"@id\":\"https:\\\/\\\/www.meydan.tv\\\/az\\\/#organization\",\"name\":\"Meydan TV\",\"url\":\"https:\\\/\\\/www.meydan.tv\\\/az\\\/\",\"logo\":{\"@type\":\"ImageObject\",\"inLanguage\":\"az\",\"@id\":\"https:\\\/\\\/www.meydan.tv\\\/az\\\/#\\\/schema\\\/logo\\\/image\\\/\",\"url\":\"https:\\\/\\\/www.meydan.tv\\\/wp-content\\\/uploads\\\/2021\\\/07\\\/meydan-logo.svg\",\"contentUrl\":\"https:\\\/\\\/www.meydan.tv\\\/wp-content\\\/uploads\\\/2021\\\/07\\\/meydan-logo.svg\",\"width\":195,\"height\":46,\"caption\":\"Meydan TV\"},\"image\":{\"@id\":\"https:\\\/\\\/www.meydan.tv\\\/az\\\/#\\\/schema\\\/logo\\\/image\\\/\"}},{\"@type\":\"Person\",\"@id\":\"https:\\\/\\\/www.meydan.tv\\\/az\\\/#\\\/schema\\\/person\\\/9cdbecf90d17180ce1dfbd95b08dcf47\",\"name\":\"elli\",\"sameAs\":[\"https:\\\/\\\/x.com\\\/elli\"]}]}<\/script>\n<!-- \/ Yoast SEO plugin. -->","yoast_head_json":{"title":"Az\u0259rbaycan v\u0259 Avropa Komissiyas\u0131 aras\u0131nda Anla\u015fma Memorandumu imzalan\u0131b - MEYDAN.TV","robots":{"index":"index","follow":"follow","max-snippet":"max-snippet:-1","max-image-preview":"max-image-preview:large","max-video-preview":"max-video-preview:-1"},"canonical":"https:\/\/www.meydan.tv\/az\/article\/azerbaycan-ve-avropa-komissiyasi-arasinda-anlasma-memorandumu-imzalanib\/","og_locale":"az_AZ","og_type":"article","og_title":"Az\u0259rbaycan v\u0259 Avropa Komissiyas\u0131 aras\u0131nda Anla\u015fma Memorandumu imzalan\u0131b - MEYDAN.TV","og_description":"S\u0259n\u0259dd\u0259 metan qaz\u0131n\u0131n azald\u0131lmas\u0131 il\u0259 ba\u011fl\u0131 \u00f6hd\u0259likl\u0259rimiz qeyd olunur \u0130yulun ... Davam\u0131","og_url":"https:\/\/www.meydan.tv\/az\/article\/azerbaycan-ve-avropa-komissiyasi-arasinda-anlasma-memorandumu-imzalanib\/","og_site_name":"MEYDAN.TV","article_published_time":"2022-07-18T13:55:16+00:00","article_modified_time":"2022-07-18T13:55:18+00:00","og_image":[{"width":1200,"height":756,"url":"https:\/\/www.meydan.tv\/wp-content\/uploads\/16581490782546658252_1000x669.jpg","type":"image\/jpeg"}],"author":"elli","twitter_card":"summary_large_image","twitter_creator":"@elli","schema":{"@context":"https:\/\/schema.org","@graph":[{"@type":"Article","@id":"https:\/\/www.meydan.tv\/az\/article\/azerbaycan-ve-avropa-komissiyasi-arasinda-anlasma-memorandumu-imzalanib\/#article","isPartOf":{"@id":"https:\/\/www.meydan.tv\/az\/article\/azerbaycan-ve-avropa-komissiyasi-arasinda-anlasma-memorandumu-imzalanib\/"},"author":{"name":"elli","@id":"https:\/\/www.meydan.tv\/az\/#\/schema\/person\/9cdbecf90d17180ce1dfbd95b08dcf47"},"headline":"Az\u0259rbaycan v\u0259 Avropa Komissiyas\u0131 aras\u0131nda Anla\u015fma Memorandumu imzalan\u0131b","datePublished":"2022-07-18T13:55:16+00:00","dateModified":"2022-07-18T13:55:18+00:00","mainEntityOfPage":{"@id":"https:\/\/www.meydan.tv\/az\/article\/azerbaycan-ve-avropa-komissiyasi-arasinda-anlasma-memorandumu-imzalanib\/"},"wordCount":754,"publisher":{"@id":"https:\/\/www.meydan.tv\/az\/#organization"},"image":{"@id":"https:\/\/www.meydan.tv\/az\/article\/azerbaycan-ve-avropa-komissiyasi-arasinda-anlasma-memorandumu-imzalanib\/#primaryimage"},"thumbnailUrl":"https:\/\/www.meydan.tv\/wp-content\/uploads\/16581490782546658252_1000x669.jpg","articleSection":["Siyas\u0259t","X\u0259b\u0259rl\u0259r"],"inLanguage":"az"},{"@type":"WebPage","@id":"https:\/\/www.meydan.tv\/az\/article\/azerbaycan-ve-avropa-komissiyasi-arasinda-anlasma-memorandumu-imzalanib\/","url":"https:\/\/www.meydan.tv\/az\/article\/azerbaycan-ve-avropa-komissiyasi-arasinda-anlasma-memorandumu-imzalanib\/","name":"Az\u0259rbaycan v\u0259 Avropa Komissiyas\u0131 aras\u0131nda Anla\u015fma Memorandumu imzalan\u0131b - MEYDAN.TV","isPartOf":{"@id":"https:\/\/www.meydan.tv\/az\/#website"},"primaryImageOfPage":{"@id":"https:\/\/www.meydan.tv\/az\/article\/azerbaycan-ve-avropa-komissiyasi-arasinda-anlasma-memorandumu-imzalanib\/#primaryimage"},"image":{"@id":"https:\/\/www.meydan.tv\/az\/article\/azerbaycan-ve-avropa-komissiyasi-arasinda-anlasma-memorandumu-imzalanib\/#primaryimage"},"thumbnailUrl":"https:\/\/www.meydan.tv\/wp-content\/uploads\/16581490782546658252_1000x669.jpg","datePublished":"2022-07-18T13:55:16+00:00","dateModified":"2022-07-18T13:55:18+00:00","breadcrumb":{"@id":"https:\/\/www.meydan.tv\/az\/article\/azerbaycan-ve-avropa-komissiyasi-arasinda-anlasma-memorandumu-imzalanib\/#breadcrumb"},"inLanguage":"az","potentialAction":[{"@type":"ReadAction","target":["https:\/\/www.meydan.tv\/az\/article\/azerbaycan-ve-avropa-komissiyasi-arasinda-anlasma-memorandumu-imzalanib\/"]}]},{"@type":"ImageObject","inLanguage":"az","@id":"https:\/\/www.meydan.tv\/az\/article\/azerbaycan-ve-avropa-komissiyasi-arasinda-anlasma-memorandumu-imzalanib\/#primaryimage","url":"https:\/\/www.meydan.tv\/wp-content\/uploads\/16581490782546658252_1000x669.jpg","contentUrl":"https:\/\/www.meydan.tv\/wp-content\/uploads\/16581490782546658252_1000x669.jpg","width":1200,"height":756,"caption":"\u0130mzalanma m\u0259rasimi. Foto: \"Az\u0259rtac\""},{"@type":"BreadcrumbList","@id":"https:\/\/www.meydan.tv\/az\/article\/azerbaycan-ve-avropa-komissiyasi-arasinda-anlasma-memorandumu-imzalanib\/#breadcrumb","itemListElement":[{"@type":"ListItem","position":1,"name":"Ana s\u0259hif\u0259","item":"https:\/\/www.meydan.tv\/az\/"},{"@type":"ListItem","position":2,"name":"Siyas\u0259t","item":"https:\/\/www.meydan.tv\/az\/section\/siyaset\/"},{"@type":"ListItem","position":3,"name":"Az\u0259rbaycan v\u0259 Avropa Komissiyas\u0131 aras\u0131nda Anla\u015fma Memorandumu imzalan\u0131b"}]},{"@type":"WebSite","@id":"https:\/\/www.meydan.tv\/az\/#website","url":"https:\/\/www.meydan.tv\/az\/","name":"MEYDAN.TV","description":"Meydan TV Az\u0259rbaycan\u0131n media m\u0259kan\u0131ndak\u0131 alternativ s\u0259sidir","publisher":{"@id":"https:\/\/www.meydan.tv\/az\/#organization"},"potentialAction":[{"@type":"SearchAction","target":{"@type":"EntryPoint","urlTemplate":"https:\/\/www.meydan.tv\/az\/?s={search_term_string}"},"query-input":{"@type":"PropertyValueSpecification","valueRequired":true,"valueName":"search_term_string"}}],"inLanguage":"az"},{"@type":"Organization","@id":"https:\/\/www.meydan.tv\/az\/#organization","name":"Meydan TV","url":"https:\/\/www.meydan.tv\/az\/","logo":{"@type":"ImageObject","inLanguage":"az","@id":"https:\/\/www.meydan.tv\/az\/#\/schema\/logo\/image\/","url":"https:\/\/www.meydan.tv\/wp-content\/uploads\/2021\/07\/meydan-logo.svg","contentUrl":"https:\/\/www.meydan.tv\/wp-content\/uploads\/2021\/07\/meydan-logo.svg","width":195,"height":46,"caption":"Meydan TV"},"image":{"@id":"https:\/\/www.meydan.tv\/az\/#\/schema\/logo\/image\/"}},{"@type":"Person","@id":"https:\/\/www.meydan.tv\/az\/#\/schema\/person\/9cdbecf90d17180ce1dfbd95b08dcf47","name":"elli","sameAs":["https:\/\/x.com\/elli"]}]}},"_links":{"self":[{"href":"https:\/\/www.meydan.tv\/az\/wp-json\/wp\/v2\/posts\/251174","targetHints":{"allow":["GET"]}}],"collection":[{"href":"https:\/\/www.meydan.tv\/az\/wp-json\/wp\/v2\/posts"}],"about":[{"href":"https:\/\/www.meydan.tv\/az\/wp-json\/wp\/v2\/types\/post"}],"author":[{"embeddable":true,"href":"https:\/\/www.meydan.tv\/az\/wp-json\/wp\/v2\/users\/8"}],"replies":[{"embeddable":true,"href":"https:\/\/www.meydan.tv\/az\/wp-json\/wp\/v2\/comments?post=251174"}],"version-history":[{"count":1,"href":"https:\/\/www.meydan.tv\/az\/wp-json\/wp\/v2\/posts\/251174\/revisions"}],"predecessor-version":[{"id":251175,"href":"https:\/\/www.meydan.tv\/az\/wp-json\/wp\/v2\/posts\/251174\/revisions\/251175"}],"wp:featuredmedia":[{"embeddable":true,"href":"https:\/\/www.meydan.tv\/az\/wp-json\/wp\/v2\/media\/251166"}],"wp:attachment":[{"href":"https:\/\/www.meydan.tv\/az\/wp-json\/wp\/v2\/media?parent=251174"}],"wp:term":[{"taxonomy":"category","embeddable":true,"href":"https:\/\/www.meydan.tv\/az\/wp-json\/wp\/v2\/categories?post=251174"},{"taxonomy":"post_tag","embeddable":true,"href":"https:\/\/www.meydan.tv\/az\/wp-json\/wp\/v2\/tags?post=251174"}],"curies":[{"name":"wp","href":"https:\/\/api.w.org\/{rel}","templated":true}]}}