{"id":251147,"date":"2022-07-18T16:00:06","date_gmt":"2022-07-18T12:00:06","guid":{"rendered":"https:\/\/www.meydan.tv\/?p=251147"},"modified":"2022-07-18T16:00:08","modified_gmt":"2022-07-18T12:00:08","slug":"sadilli-sakinleri-bir-neferin-erkoyunluyu-yuze-yaxin-aileni-susuz-qoyub","status":"publish","type":"post","link":"https:\/\/www.meydan.tv\/az\/article\/sadilli-sakinleri-bir-neferin-erkoyunluyu-yuze-yaxin-aileni-susuz-qoyub\/","title":{"rendered":"Sad\u0131ll\u0131 sakinl\u0259ri: \u201cBir n\u0259f\u0259rin \u0259rk\u00f6y\u00fcnl\u00fcy\u00fc y\u00fcz\u0259 yax\u0131n ail\u0259ni susuz qoyub\u201d"},"content":{"rendered":"\n<p><\/p>\n\n\n\n<p><em>\u201cPulu al\u0131b qoyur cibin\u0259, q\u0259bz d\u0259 vermir, 1 aydan sonra deyir, s\u0259n pul verm\u0259din\u201d<\/em><\/p>\n\n\n\n<p>\u201cSuyu k\u0259sir, adamlar\u0131 incidir, ist\u0259diyi vaxt pul al\u0131b suyu ba\u015fqa k\u00fc\u00e7\u0259l\u0259r\u0259 verir, y\u00fcz\u0259 yax\u0131n ail\u0259 susuzluqdan \u0259ziyy\u0259t \u00e7\u0259kir\u201d.<\/p>\n\n\n\n<p>G\u0259nc\u0259nin Sad\u0131ll\u0131 q\u0259s\u0259b\u0259sinin 10 v\u0259 11-ci k\u00fc\u00e7\u0259l\u0259rind\u0259 ya\u015fayan sakinl\u0259r yay g\u0259l\u0259nd\u0259n suya h\u0259sr\u0259t qal\u0131blar. Onar bu bar\u0259d\u0259 Meydan TV-y\u0259 dan\u0131\u015f\u0131blar.<\/p>\n\n\n\n<p><strong>\u201cPul al\u0131b, ba\u015fqa k\u00fc\u00e7\u0259l\u0259r\u0259 x\u0259tt \u00e7\u0259km\u0259y\u0259 ba\u015flad\u0131\u201d<\/strong><\/p>\n\n\n\n<p>11-ci k\u00fc\u00e7\u0259d\u0259 ya\u015fayan Alim Heyd\u0259rov deyir, t\u0259xmin\u0259n 28 il \u0259vv\u0259l 10, 11 v\u0259 12-ci k\u00fc\u00e7\u0259l\u0259rd\u0259 ya\u015fayan sakinl\u0259r susuzluq problemini h\u0259ll etm\u0259k \u00fc\u00e7\u00fcn y\u0131\u011f\u0131\u015faraq \u00f6z v\u0259saitl\u0259ri hesab\u0131na artezian quyusu qazd\u0131r\u0131blar. Quyuya n\u0259zar\u0259ti d\u0259 12-ci k\u00fc\u00e7\u0259d\u0259 ya\u015fayan Maarif Rzayev\u0259 h\u0259val\u0259 edibl\u0259r. Ancaq son ill\u0259r Maarif Rzayev m\u0259h\u0259ll\u0259l\u0259ri susuz qoyub:<\/p>\n\n\n\n<p>\u201cQuyuya n\u0259zar\u0259ti bir n\u0259f\u0259r\u0259 tap\u015f\u0131rmaq laz\u0131m idi. Biz d\u0259 Maarifi se\u00e7dik. \u018fvv\u0259lki ill\u0259rd\u0259 h\u0259r \u015fey qaydas\u0131nda gedirdi. Ancaq sonradan Maarif aidiyy\u0259ti olmayan k\u00fc\u00e7\u0259l\u0259rd\u0259ki evl\u0259rd\u0259n pul al\u0131b, quyudan x\u0259tt \u00e7\u0259km\u0259l\u0259rin\u0259 imkan yaratd\u0131. Bir s\u00f6zl\u0259, dedi, quyu m\u0259nimdir, \u00f6z\u00fcm bil\u0259r\u0259m. Bu \u00f6zba\u015f\u0131nal\u0131\u011f\u0131 az imi\u015f, indi d\u0259 \u00f6z\u00fcm\u00fcz\u00fc susuz qoyub\u201d.<\/p>\n\n\n\n<p>\u201c<strong>Pulu al\u0131b qoyur cibin\u0259, q\u0259bz d\u0259 vermir\u201d<\/strong><\/p>\n\n\n\n<p>Sakinin s\u00f6zl\u0259rin\u0259 g\u00f6r\u0259, m\u0259h\u0259ll\u0259l\u0259rd\u0259 kas\u0131b ail\u0259l\u0259r var ki, supulunu vaxt\u0131nda \u00f6d\u0259y\u0259 bilmir. Maarif Rzayev d\u0259 bunu b\u0259han\u0259 g\u0259tir\u0259r\u0259k ham\u0131n\u0131n suyunu k\u0259sir:<\/p>\n\n\n\n<p>\u201c\u00d6d\u0259ni\u015fi gecikdir\u0259n kas\u0131b ail\u0259l\u0259r var. H\u0259min ail\u0259l\u0259r\u0259 g\u00f6r\u0259 b\u00fct\u00fcn m\u0259h\u0259ll\u0259l\u0259r susuz qal\u0131r. Deyirik, supulu \u00f6d\u0259m\u0259y\u0259n evl\u0259r\u0259 ged\u0259n x\u0259tl\u0259ri ba\u011fla, qalanlar\u0131n suyunu ver. Deyir, gedin, pulu al\u0131n, g\u0259tirin verin m\u0259n\u0259, suyu a\u00e7\u0131m. Ham\u0131dan supulu verm\u0259y\u0259nin qisas\u0131n\u0131 al\u0131r\u201d.<\/p>\n\n\n\n<p>Sakinin iddias\u0131na g\u00f6r\u0259, Maarif Rzayev adamba\u015f\u0131na ayl\u0131q supulu 3 manat, u\u015faqlara g\u00f6r\u0259 1 manat 50 q\u0259pikd\u0259n hesablay\u0131r. Ayl\u0131q \u00f6d\u0259ni\u015fin m\u0259bl\u0259\u011fini d\u0259 Maarif Rzayev sakinl\u0259rl\u0259 raz\u0131la\u015fd\u0131rmadan, t\u0259kba\u015f\u0131na m\u00fc\u0259yy\u0259nl\u0259\u015fdirib:<\/p>\n\n\n\n<p>\u201cPulu al\u0131b qoyur cibin\u0259, q\u0259bz d\u0259 vermir, 1 aydan sonra deyir, s\u0259n pul verm\u0259din. Gah da deyir, yad\u0131mdan \u00e7\u0131x\u0131b, g\u0259tir, t\u0259z\u0259d\u0259n \u00f6d\u0259\u2026 Adamlar ay \u0259rzind\u0259 g\u00f6z\u00fcdolusu su g\u00f6rm\u00fcr, s\u0259h\u0259r saat 5-d\u0259, 6-da suyu a\u00e7\u0131r, ham\u0131 yatan vaxt\u0131 su verir, yuxudan oyan\u0131nca yen\u0259 k\u0259sir. Bir s\u00f6zl\u0259, \u0259s\u0259bl\u0259rimizi pozur. Bu boyda m\u0259h\u0259ll\u0259l\u0259r bir n\u0259f\u0259rin \u0259rk\u00f6y\u00fcnl\u00fcy\u00fc \u00fcz\u00fcnd\u0259n susuz qal\u0131b. Ancaq \u00f6d\u0259ni\u015f vaxt\u0131 \u00e7atanda supulu t\u0259l\u0259b edir\u201d.<\/p>\n\n\n\n<p>\u201c<strong>Deyirl\u0259r, m\u00fcdaxil\u0259 ed\u0259 bilm\u0259rik\u201d<\/strong><\/p>\n\n\n\n<p>Sakinl\u0259r d\u0259f\u0259l\u0259rl\u0259 G\u0259nc\u0259d\u0259ki Su \u0130dar\u0259sin\u0259 m\u00fcraci\u0259t edirl\u0259r. Dem\u0259l\u0259rin\u0259 g\u00f6r\u0259, onlara bildirilir ki, artezian d\u00f6vl\u0259tin balans\u0131nda olmad\u0131\u011f\u0131na g\u00f6r\u0259, m\u00fcdaxil\u0259 ed\u0259 bilm\u0259zl\u0259r:<\/p>\n\n\n\n<p>\u201cSu idar\u0259sinin r\u0259isin\u0259 deyir ki, quyu m\u0259nimdir, s\u0259n\u0259dim d\u0259 var. Ancaq he\u00e7 bir s\u0259n\u0259d d\u0259 ortaya \u00e7\u0131xara bilmir. Deyir, \u0259g\u0259r m\u0259ni uzaqla\u015fd\u0131rmaq ist\u0259yirl\u0259rs\u0259, onda quyuya n\u0259zar\u0259t o\u011fluma verilsin\u201d.<\/p>\n\n\n\n<p>Sakinl\u0259rin ist\u0259diyi odur ki, su quyusu d\u00f6vl\u0259tin balans\u0131na ke\u00e7irilsin. D\u00fc\u015f\u00fcn\u00fcrl\u0259r ki, bel\u0259 olarsa, h\u0259m sudan korluq \u00e7\u0259km\u0259zl\u0259r, h\u0259m d\u0259 \u00f6d\u0259dikl\u0259ri supuluna g\u00f6r\u0259 onlara q\u0259bz veril\u0259r.<\/p>\n\n\n\n<p>Su quyusuna n\u0259zar\u0259t ed\u0259n Maarif Rzayevs\u0259 sakinl\u0259rl\u0259 raz\u0131la\u015fm\u0131r:<\/p>\n\n\n\n<p>\u201c30 ildir quyuya m\u0259n n\u0259zar\u0259t edir\u0259m. \u015eirk\u0259t kimi qeydiyyatdan ke\u00e7mi\u015f\u0259m, V\u00d6EN-im var, q\u0131\u015fboyu su fasil\u0259siz verilir, yayda suyun s\u0259viyy\u0259si a\u015fa\u011f\u0131 d\u00fc\u015fd\u00fcy\u00fcn\u0259 g\u00f6r\u0259 suyun verilm\u0259sind\u0259 l\u0259ngim\u0259l\u0259r olur. Ancaq g\u0259lib yoxlaya bil\u0259rsiniz d\u0259, b\u00fct\u00fcn evl\u0259r\u0259 su verilir. Siz onlardan soru\u015fun, hans\u0131n\u0131n qap\u0131s\u0131na su ma\u015f\u0131n\u0131 g\u0259lir? Su g\u0259lm\u0259y\u0259n su ma\u015f\u0131n\u0131 \u00e7a\u011f\u0131rar, su alar, bel\u0259 \u015fey d\u0259 yoxdur, \u00e7\u00fcnki su var. Supulu y\u0131\u011f\u0131ram, q\u0259bz verir\u0259m, toplad\u0131\u011f\u0131m pulu da h\u0259r g\u00fcn 20-25 manat smartkarta vururam, g\u0259lib yoxlaya da bil\u0259rl\u0259r. B\u0259li, \u0259vv\u0259ll\u0259r ba\u015fqa k\u00fc\u00e7\u0259l\u0259r\u0259 d\u0259 su verirdim, ancaq sakinl\u0259rin \u015fikay\u0259tl\u0259rind\u0259n sonra k\u0259sdim. O ki qald\u0131 artezian quyusunun d\u00f6vl\u0259tin balans\u0131na ke\u00e7m\u0259sin\u0259, m\u0259n \u00f6z\u00fcm d\u0259 d\u0259f\u0259l\u0259rl\u0259 Bak\u0131ya getmi\u015f\u0259m, \u201cAz\u0259rsu\u201d ASC-y\u0259 m\u00fcraci\u0259t etmi\u015f\u0259m ki, ad\u0131mdan \u00e7\u0131xar\u0131ls\u0131n, sakinl\u0259r kimi se\u00e7irl\u0259r, se\u00e7sinl\u0259r, n\u0259zar\u0259t h\u0259min adama verilsin\u201d.<\/p>\n\n\n\n<p>K\u0259p\u0259z Rayon \u0130cra Hakimiyy\u0259tind\u0259n bildirilib ki, sakinl\u0259r quruma \u0259riz\u0259yl\u0259 m\u00fcraci\u0259t ets\u0259l\u0259r, m\u0259s\u0259l\u0259 ara\u015fd\u0131r\u0131lar v\u0259 su quyusunun d\u00f6vl\u0259tin balans\u0131na ke\u00e7m\u0259si \u00fc\u00e7\u00fcn t\u0259dbir g\u00f6r\u00fcl\u0259r.<\/p>\n","protected":false},"excerpt":{"rendered":"<p>\u201cPulu al\u0131b qoyur cibin\u0259, q\u0259bz d\u0259 vermir, 1 aydan sonra &#8230; <\/p>\n<p class=\"read-more-container\"><a title=\"Sad\u0131ll\u0131 sakinl\u0259ri: \u201cBir n\u0259f\u0259rin \u0259rk\u00f6y\u00fcnl\u00fcy\u00fc y\u00fcz\u0259 yax\u0131n ail\u0259ni susuz qoyub\u201d\" class=\"read-more button\" href=\"https:\/\/www.meydan.tv\/az\/article\/sadilli-sakinleri-bir-neferin-erkoyunluyu-yuze-yaxin-aileni-susuz-qoyub\/#more-251147\" aria-label=\"Read more about Sad\u0131ll\u0131 sakinl\u0259ri: \u201cBir n\u0259f\u0259rin \u0259rk\u00f6y\u00fcnl\u00fcy\u00fc y\u00fcz\u0259 yax\u0131n ail\u0259ni susuz qoyub\u201d\">Davam\u0131<\/a><\/p>\n","protected":false},"author":8,"featured_media":251148,"comment_status":"closed","ping_status":"closed","sticky":false,"template":"","format":"standard","meta":{"_acf_changed":false,"_sitemap_exclude":false,"_sitemap_priority":"","_sitemap_frequency":"","footnotes":""},"categories":[60,56],"tags":[],"class_list":["post-251147","post","type-post","status-publish","format-standard","has-post-thumbnail","hentry","category-bolge","category-xeberler","infinite-scroll-item","generate-columns","tablet-grid-50","mobile-grid-100","grid-parent","grid-33","no-featured-image-padding"],"acf":[],"yoast_head":"<!-- This site is optimized with the Yoast SEO plugin v27.5 - https:\/\/yoast.com\/product\/yoast-seo-wordpress\/ -->\n<title>Sad\u0131ll\u0131 sakinl\u0259ri: \u201cBir n\u0259f\u0259rin \u0259rk\u00f6y\u00fcnl\u00fcy\u00fc y\u00fcz\u0259 yax\u0131n ail\u0259ni susuz qoyub\u201d - MEYDAN.TV<\/title>\n<meta name=\"robots\" content=\"index, follow, max-snippet:-1, max-image-preview:large, max-video-preview:-1\" \/>\n<link rel=\"canonical\" href=\"https:\/\/www.meydan.tv\/az\/article\/sadilli-sakinleri-bir-neferin-erkoyunluyu-yuze-yaxin-aileni-susuz-qoyub\/\" \/>\n<meta property=\"og:locale\" content=\"az_AZ\" \/>\n<meta property=\"og:type\" content=\"article\" \/>\n<meta property=\"og:title\" content=\"Sad\u0131ll\u0131 sakinl\u0259ri: \u201cBir n\u0259f\u0259rin \u0259rk\u00f6y\u00fcnl\u00fcy\u00fc y\u00fcz\u0259 yax\u0131n ail\u0259ni susuz qoyub\u201d - MEYDAN.TV\" \/>\n<meta property=\"og:description\" content=\"\u201cPulu al\u0131b qoyur cibin\u0259, q\u0259bz d\u0259 vermir, 1 aydan sonra ... Davam\u0131\" \/>\n<meta property=\"og:url\" content=\"https:\/\/www.meydan.tv\/az\/article\/sadilli-sakinleri-bir-neferin-erkoyunluyu-yuze-yaxin-aileni-susuz-qoyub\/\" \/>\n<meta property=\"og:site_name\" content=\"MEYDAN.TV\" \/>\n<meta property=\"article:published_time\" content=\"2022-07-18T12:00:06+00:00\" \/>\n<meta property=\"article:modified_time\" content=\"2022-07-18T12:00:08+00:00\" \/>\n<meta property=\"og:image\" content=\"https:\/\/www.meydan.tv\/wp-content\/uploads\/shutterstock_2146425607.jpg\" \/>\n\t<meta property=\"og:image:width\" content=\"1200\" \/>\n\t<meta property=\"og:image:height\" content=\"800\" \/>\n\t<meta property=\"og:image:type\" content=\"image\/jpeg\" \/>\n<meta name=\"author\" content=\"elli\" \/>\n<meta name=\"twitter:card\" content=\"summary_large_image\" \/>\n<meta name=\"twitter:creator\" content=\"@elli\" \/>\n<script type=\"application\/ld+json\" class=\"yoast-schema-graph\">{\"@context\":\"https:\\\/\\\/schema.org\",\"@graph\":[{\"@type\":\"Article\",\"@id\":\"https:\\\/\\\/www.meydan.tv\\\/az\\\/article\\\/sadilli-sakinleri-bir-neferin-erkoyunluyu-yuze-yaxin-aileni-susuz-qoyub\\\/#article\",\"isPartOf\":{\"@id\":\"https:\\\/\\\/www.meydan.tv\\\/az\\\/article\\\/sadilli-sakinleri-bir-neferin-erkoyunluyu-yuze-yaxin-aileni-susuz-qoyub\\\/\"},\"author\":{\"name\":\"elli\",\"@id\":\"https:\\\/\\\/www.meydan.tv\\\/az\\\/#\\\/schema\\\/person\\\/9cdbecf90d17180ce1dfbd95b08dcf47\"},\"headline\":\"Sad\u0131ll\u0131 sakinl\u0259ri: \u201cBir n\u0259f\u0259rin \u0259rk\u00f6y\u00fcnl\u00fcy\u00fc y\u00fcz\u0259 yax\u0131n ail\u0259ni susuz qoyub\u201d\",\"datePublished\":\"2022-07-18T12:00:06+00:00\",\"dateModified\":\"2022-07-18T12:00:08+00:00\",\"mainEntityOfPage\":{\"@id\":\"https:\\\/\\\/www.meydan.tv\\\/az\\\/article\\\/sadilli-sakinleri-bir-neferin-erkoyunluyu-yuze-yaxin-aileni-susuz-qoyub\\\/\"},\"wordCount\":926,\"publisher\":{\"@id\":\"https:\\\/\\\/www.meydan.tv\\\/az\\\/#organization\"},\"image\":{\"@id\":\"https:\\\/\\\/www.meydan.tv\\\/az\\\/article\\\/sadilli-sakinleri-bir-neferin-erkoyunluyu-yuze-yaxin-aileni-susuz-qoyub\\\/#primaryimage\"},\"thumbnailUrl\":\"https:\\\/\\\/www.meydan.tv\\\/wp-content\\\/uploads\\\/shutterstock_2146425607.jpg\",\"articleSection\":[\"B\u00f6lg\u0259\",\"X\u0259b\u0259rl\u0259r\"],\"inLanguage\":\"az\"},{\"@type\":\"WebPage\",\"@id\":\"https:\\\/\\\/www.meydan.tv\\\/az\\\/article\\\/sadilli-sakinleri-bir-neferin-erkoyunluyu-yuze-yaxin-aileni-susuz-qoyub\\\/\",\"url\":\"https:\\\/\\\/www.meydan.tv\\\/az\\\/article\\\/sadilli-sakinleri-bir-neferin-erkoyunluyu-yuze-yaxin-aileni-susuz-qoyub\\\/\",\"name\":\"Sad\u0131ll\u0131 sakinl\u0259ri: \u201cBir n\u0259f\u0259rin \u0259rk\u00f6y\u00fcnl\u00fcy\u00fc y\u00fcz\u0259 yax\u0131n ail\u0259ni susuz qoyub\u201d - MEYDAN.TV\",\"isPartOf\":{\"@id\":\"https:\\\/\\\/www.meydan.tv\\\/az\\\/#website\"},\"primaryImageOfPage\":{\"@id\":\"https:\\\/\\\/www.meydan.tv\\\/az\\\/article\\\/sadilli-sakinleri-bir-neferin-erkoyunluyu-yuze-yaxin-aileni-susuz-qoyub\\\/#primaryimage\"},\"image\":{\"@id\":\"https:\\\/\\\/www.meydan.tv\\\/az\\\/article\\\/sadilli-sakinleri-bir-neferin-erkoyunluyu-yuze-yaxin-aileni-susuz-qoyub\\\/#primaryimage\"},\"thumbnailUrl\":\"https:\\\/\\\/www.meydan.tv\\\/wp-content\\\/uploads\\\/shutterstock_2146425607.jpg\",\"datePublished\":\"2022-07-18T12:00:06+00:00\",\"dateModified\":\"2022-07-18T12:00:08+00:00\",\"breadcrumb\":{\"@id\":\"https:\\\/\\\/www.meydan.tv\\\/az\\\/article\\\/sadilli-sakinleri-bir-neferin-erkoyunluyu-yuze-yaxin-aileni-susuz-qoyub\\\/#breadcrumb\"},\"inLanguage\":\"az\",\"potentialAction\":[{\"@type\":\"ReadAction\",\"target\":[\"https:\\\/\\\/www.meydan.tv\\\/az\\\/article\\\/sadilli-sakinleri-bir-neferin-erkoyunluyu-yuze-yaxin-aileni-susuz-qoyub\\\/\"]}]},{\"@type\":\"ImageObject\",\"inLanguage\":\"az\",\"@id\":\"https:\\\/\\\/www.meydan.tv\\\/az\\\/article\\\/sadilli-sakinleri-bir-neferin-erkoyunluyu-yuze-yaxin-aileni-susuz-qoyub\\\/#primaryimage\",\"url\":\"https:\\\/\\\/www.meydan.tv\\\/wp-content\\\/uploads\\\/shutterstock_2146425607.jpg\",\"contentUrl\":\"https:\\\/\\\/www.meydan.tv\\\/wp-content\\\/uploads\\\/shutterstock_2146425607.jpg\",\"width\":1200,\"height\":800,\"caption\":\"Foto: MasyuraN\\\/shutterstock\"},{\"@type\":\"BreadcrumbList\",\"@id\":\"https:\\\/\\\/www.meydan.tv\\\/az\\\/article\\\/sadilli-sakinleri-bir-neferin-erkoyunluyu-yuze-yaxin-aileni-susuz-qoyub\\\/#breadcrumb\",\"itemListElement\":[{\"@type\":\"ListItem\",\"position\":1,\"name\":\"Ana s\u0259hif\u0259\",\"item\":\"https:\\\/\\\/www.meydan.tv\\\/az\\\/\"},{\"@type\":\"ListItem\",\"position\":2,\"name\":\"B\u00f6lg\u0259\",\"item\":\"https:\\\/\\\/www.meydan.tv\\\/az\\\/section\\\/bolge\\\/\"},{\"@type\":\"ListItem\",\"position\":3,\"name\":\"Sad\u0131ll\u0131 sakinl\u0259ri: \u201cBir n\u0259f\u0259rin \u0259rk\u00f6y\u00fcnl\u00fcy\u00fc y\u00fcz\u0259 yax\u0131n ail\u0259ni susuz qoyub\u201d\"}]},{\"@type\":\"WebSite\",\"@id\":\"https:\\\/\\\/www.meydan.tv\\\/az\\\/#website\",\"url\":\"https:\\\/\\\/www.meydan.tv\\\/az\\\/\",\"name\":\"MEYDAN.TV\",\"description\":\"Meydan TV Az\u0259rbaycan\u0131n media m\u0259kan\u0131ndak\u0131 alternativ s\u0259sidir\",\"publisher\":{\"@id\":\"https:\\\/\\\/www.meydan.tv\\\/az\\\/#organization\"},\"potentialAction\":[{\"@type\":\"SearchAction\",\"target\":{\"@type\":\"EntryPoint\",\"urlTemplate\":\"https:\\\/\\\/www.meydan.tv\\\/az\\\/?s={search_term_string}\"},\"query-input\":{\"@type\":\"PropertyValueSpecification\",\"valueRequired\":true,\"valueName\":\"search_term_string\"}}],\"inLanguage\":\"az\"},{\"@type\":\"Organization\",\"@id\":\"https:\\\/\\\/www.meydan.tv\\\/az\\\/#organization\",\"name\":\"Meydan TV\",\"url\":\"https:\\\/\\\/www.meydan.tv\\\/az\\\/\",\"logo\":{\"@type\":\"ImageObject\",\"inLanguage\":\"az\",\"@id\":\"https:\\\/\\\/www.meydan.tv\\\/az\\\/#\\\/schema\\\/logo\\\/image\\\/\",\"url\":\"https:\\\/\\\/www.meydan.tv\\\/wp-content\\\/uploads\\\/2021\\\/07\\\/meydan-logo.svg\",\"contentUrl\":\"https:\\\/\\\/www.meydan.tv\\\/wp-content\\\/uploads\\\/2021\\\/07\\\/meydan-logo.svg\",\"width\":195,\"height\":46,\"caption\":\"Meydan TV\"},\"image\":{\"@id\":\"https:\\\/\\\/www.meydan.tv\\\/az\\\/#\\\/schema\\\/logo\\\/image\\\/\"}},{\"@type\":\"Person\",\"@id\":\"https:\\\/\\\/www.meydan.tv\\\/az\\\/#\\\/schema\\\/person\\\/9cdbecf90d17180ce1dfbd95b08dcf47\",\"name\":\"elli\",\"sameAs\":[\"https:\\\/\\\/x.com\\\/elli\"]}]}<\/script>\n<!-- \/ Yoast SEO plugin. -->","yoast_head_json":{"title":"Sad\u0131ll\u0131 sakinl\u0259ri: \u201cBir n\u0259f\u0259rin \u0259rk\u00f6y\u00fcnl\u00fcy\u00fc y\u00fcz\u0259 yax\u0131n ail\u0259ni susuz qoyub\u201d - MEYDAN.TV","robots":{"index":"index","follow":"follow","max-snippet":"max-snippet:-1","max-image-preview":"max-image-preview:large","max-video-preview":"max-video-preview:-1"},"canonical":"https:\/\/www.meydan.tv\/az\/article\/sadilli-sakinleri-bir-neferin-erkoyunluyu-yuze-yaxin-aileni-susuz-qoyub\/","og_locale":"az_AZ","og_type":"article","og_title":"Sad\u0131ll\u0131 sakinl\u0259ri: \u201cBir n\u0259f\u0259rin \u0259rk\u00f6y\u00fcnl\u00fcy\u00fc y\u00fcz\u0259 yax\u0131n ail\u0259ni susuz qoyub\u201d - MEYDAN.TV","og_description":"\u201cPulu al\u0131b qoyur cibin\u0259, q\u0259bz d\u0259 vermir, 1 aydan sonra ... Davam\u0131","og_url":"https:\/\/www.meydan.tv\/az\/article\/sadilli-sakinleri-bir-neferin-erkoyunluyu-yuze-yaxin-aileni-susuz-qoyub\/","og_site_name":"MEYDAN.TV","article_published_time":"2022-07-18T12:00:06+00:00","article_modified_time":"2022-07-18T12:00:08+00:00","og_image":[{"width":1200,"height":800,"url":"https:\/\/www.meydan.tv\/wp-content\/uploads\/shutterstock_2146425607.jpg","type":"image\/jpeg"}],"author":"elli","twitter_card":"summary_large_image","twitter_creator":"@elli","schema":{"@context":"https:\/\/schema.org","@graph":[{"@type":"Article","@id":"https:\/\/www.meydan.tv\/az\/article\/sadilli-sakinleri-bir-neferin-erkoyunluyu-yuze-yaxin-aileni-susuz-qoyub\/#article","isPartOf":{"@id":"https:\/\/www.meydan.tv\/az\/article\/sadilli-sakinleri-bir-neferin-erkoyunluyu-yuze-yaxin-aileni-susuz-qoyub\/"},"author":{"name":"elli","@id":"https:\/\/www.meydan.tv\/az\/#\/schema\/person\/9cdbecf90d17180ce1dfbd95b08dcf47"},"headline":"Sad\u0131ll\u0131 sakinl\u0259ri: \u201cBir n\u0259f\u0259rin \u0259rk\u00f6y\u00fcnl\u00fcy\u00fc y\u00fcz\u0259 yax\u0131n ail\u0259ni susuz qoyub\u201d","datePublished":"2022-07-18T12:00:06+00:00","dateModified":"2022-07-18T12:00:08+00:00","mainEntityOfPage":{"@id":"https:\/\/www.meydan.tv\/az\/article\/sadilli-sakinleri-bir-neferin-erkoyunluyu-yuze-yaxin-aileni-susuz-qoyub\/"},"wordCount":926,"publisher":{"@id":"https:\/\/www.meydan.tv\/az\/#organization"},"image":{"@id":"https:\/\/www.meydan.tv\/az\/article\/sadilli-sakinleri-bir-neferin-erkoyunluyu-yuze-yaxin-aileni-susuz-qoyub\/#primaryimage"},"thumbnailUrl":"https:\/\/www.meydan.tv\/wp-content\/uploads\/shutterstock_2146425607.jpg","articleSection":["B\u00f6lg\u0259","X\u0259b\u0259rl\u0259r"],"inLanguage":"az"},{"@type":"WebPage","@id":"https:\/\/www.meydan.tv\/az\/article\/sadilli-sakinleri-bir-neferin-erkoyunluyu-yuze-yaxin-aileni-susuz-qoyub\/","url":"https:\/\/www.meydan.tv\/az\/article\/sadilli-sakinleri-bir-neferin-erkoyunluyu-yuze-yaxin-aileni-susuz-qoyub\/","name":"Sad\u0131ll\u0131 sakinl\u0259ri: \u201cBir n\u0259f\u0259rin \u0259rk\u00f6y\u00fcnl\u00fcy\u00fc y\u00fcz\u0259 yax\u0131n ail\u0259ni susuz qoyub\u201d - MEYDAN.TV","isPartOf":{"@id":"https:\/\/www.meydan.tv\/az\/#website"},"primaryImageOfPage":{"@id":"https:\/\/www.meydan.tv\/az\/article\/sadilli-sakinleri-bir-neferin-erkoyunluyu-yuze-yaxin-aileni-susuz-qoyub\/#primaryimage"},"image":{"@id":"https:\/\/www.meydan.tv\/az\/article\/sadilli-sakinleri-bir-neferin-erkoyunluyu-yuze-yaxin-aileni-susuz-qoyub\/#primaryimage"},"thumbnailUrl":"https:\/\/www.meydan.tv\/wp-content\/uploads\/shutterstock_2146425607.jpg","datePublished":"2022-07-18T12:00:06+00:00","dateModified":"2022-07-18T12:00:08+00:00","breadcrumb":{"@id":"https:\/\/www.meydan.tv\/az\/article\/sadilli-sakinleri-bir-neferin-erkoyunluyu-yuze-yaxin-aileni-susuz-qoyub\/#breadcrumb"},"inLanguage":"az","potentialAction":[{"@type":"ReadAction","target":["https:\/\/www.meydan.tv\/az\/article\/sadilli-sakinleri-bir-neferin-erkoyunluyu-yuze-yaxin-aileni-susuz-qoyub\/"]}]},{"@type":"ImageObject","inLanguage":"az","@id":"https:\/\/www.meydan.tv\/az\/article\/sadilli-sakinleri-bir-neferin-erkoyunluyu-yuze-yaxin-aileni-susuz-qoyub\/#primaryimage","url":"https:\/\/www.meydan.tv\/wp-content\/uploads\/shutterstock_2146425607.jpg","contentUrl":"https:\/\/www.meydan.tv\/wp-content\/uploads\/shutterstock_2146425607.jpg","width":1200,"height":800,"caption":"Foto: MasyuraN\/shutterstock"},{"@type":"BreadcrumbList","@id":"https:\/\/www.meydan.tv\/az\/article\/sadilli-sakinleri-bir-neferin-erkoyunluyu-yuze-yaxin-aileni-susuz-qoyub\/#breadcrumb","itemListElement":[{"@type":"ListItem","position":1,"name":"Ana s\u0259hif\u0259","item":"https:\/\/www.meydan.tv\/az\/"},{"@type":"ListItem","position":2,"name":"B\u00f6lg\u0259","item":"https:\/\/www.meydan.tv\/az\/section\/bolge\/"},{"@type":"ListItem","position":3,"name":"Sad\u0131ll\u0131 sakinl\u0259ri: \u201cBir n\u0259f\u0259rin \u0259rk\u00f6y\u00fcnl\u00fcy\u00fc y\u00fcz\u0259 yax\u0131n ail\u0259ni susuz qoyub\u201d"}]},{"@type":"WebSite","@id":"https:\/\/www.meydan.tv\/az\/#website","url":"https:\/\/www.meydan.tv\/az\/","name":"MEYDAN.TV","description":"Meydan TV Az\u0259rbaycan\u0131n media m\u0259kan\u0131ndak\u0131 alternativ s\u0259sidir","publisher":{"@id":"https:\/\/www.meydan.tv\/az\/#organization"},"potentialAction":[{"@type":"SearchAction","target":{"@type":"EntryPoint","urlTemplate":"https:\/\/www.meydan.tv\/az\/?s={search_term_string}"},"query-input":{"@type":"PropertyValueSpecification","valueRequired":true,"valueName":"search_term_string"}}],"inLanguage":"az"},{"@type":"Organization","@id":"https:\/\/www.meydan.tv\/az\/#organization","name":"Meydan TV","url":"https:\/\/www.meydan.tv\/az\/","logo":{"@type":"ImageObject","inLanguage":"az","@id":"https:\/\/www.meydan.tv\/az\/#\/schema\/logo\/image\/","url":"https:\/\/www.meydan.tv\/wp-content\/uploads\/2021\/07\/meydan-logo.svg","contentUrl":"https:\/\/www.meydan.tv\/wp-content\/uploads\/2021\/07\/meydan-logo.svg","width":195,"height":46,"caption":"Meydan TV"},"image":{"@id":"https:\/\/www.meydan.tv\/az\/#\/schema\/logo\/image\/"}},{"@type":"Person","@id":"https:\/\/www.meydan.tv\/az\/#\/schema\/person\/9cdbecf90d17180ce1dfbd95b08dcf47","name":"elli","sameAs":["https:\/\/x.com\/elli"]}]}},"_links":{"self":[{"href":"https:\/\/www.meydan.tv\/az\/wp-json\/wp\/v2\/posts\/251147","targetHints":{"allow":["GET"]}}],"collection":[{"href":"https:\/\/www.meydan.tv\/az\/wp-json\/wp\/v2\/posts"}],"about":[{"href":"https:\/\/www.meydan.tv\/az\/wp-json\/wp\/v2\/types\/post"}],"author":[{"embeddable":true,"href":"https:\/\/www.meydan.tv\/az\/wp-json\/wp\/v2\/users\/8"}],"replies":[{"embeddable":true,"href":"https:\/\/www.meydan.tv\/az\/wp-json\/wp\/v2\/comments?post=251147"}],"version-history":[{"count":1,"href":"https:\/\/www.meydan.tv\/az\/wp-json\/wp\/v2\/posts\/251147\/revisions"}],"predecessor-version":[{"id":251151,"href":"https:\/\/www.meydan.tv\/az\/wp-json\/wp\/v2\/posts\/251147\/revisions\/251151"}],"wp:featuredmedia":[{"embeddable":true,"href":"https:\/\/www.meydan.tv\/az\/wp-json\/wp\/v2\/media\/251148"}],"wp:attachment":[{"href":"https:\/\/www.meydan.tv\/az\/wp-json\/wp\/v2\/media?parent=251147"}],"wp:term":[{"taxonomy":"category","embeddable":true,"href":"https:\/\/www.meydan.tv\/az\/wp-json\/wp\/v2\/categories?post=251147"},{"taxonomy":"post_tag","embeddable":true,"href":"https:\/\/www.meydan.tv\/az\/wp-json\/wp\/v2\/tags?post=251147"}],"curies":[{"name":"wp","href":"https:\/\/api.w.org\/{rel}","templated":true}]}}