{"id":251119,"date":"2022-07-18T14:14:38","date_gmt":"2022-07-18T10:14:38","guid":{"rendered":"https:\/\/www.meydan.tv\/?p=251119"},"modified":"2022-07-18T14:14:38","modified_gmt":"2022-07-18T10:14:38","slug":"vilyam-haciyevin-vekili-bir-sehve-gore-xidmetlerin-ustunden-xett-cekmek-olmaz","status":"publish","type":"post","link":"https:\/\/www.meydan.tv\/az\/article\/vilyam-haciyevin-vekili-bir-sehve-gore-xidmetlerin-ustunden-xett-cekmek-olmaz\/","title":{"rendered":"Vilyam Hac\u0131yevin v\u0259kili: \u201cBir s\u0259hv\u0259 g\u00f6r\u0259 xidm\u0259tl\u0259rin \u00fcst\u00fcnd\u0259n x\u0259tt \u00e7\u0259km\u0259k olmaz\u201d"},"content":{"rendered":"\n<p><\/p>\n\n\n\n<p>\u201c<em>C\u0259za islah olunma\u011fa xidm\u0259t etm\u0259lidir\u201d<\/em><\/p>\n\n\n\n<p>\u0130mi\u015flinin iki ild\u0259n \u00e7oxdur h\u0259bsd\u0259 olan ke\u00e7mi\u015f icra ba\u015f\u00e7\u0131s\u0131 Vilyam Hac\u0131yevin v\u0259kili Yusif \u0130smay\u0131lov prokurorun onun m\u00fcv\u0259kkilin\u0259 13 il h\u0259bs c\u0259zas\u0131 ist\u0259m\u0259sinin ba\u015fad\u00fc\u015f\u00fcl\u0259n olmad\u0131\u011f\u0131n\u0131 deyir. V\u0259kil iyulun 18-d\u0259 Bak\u0131 A\u011f\u0131r Cinay\u0259tl\u0259r M\u0259hk\u0259m\u0259sind\u0259 Vilyam Hac\u0131yevin i\u015fi \u00fczr\u0259 prosesd\u0259 \u00e7\u0131x\u0131\u015f edib.<\/p>\n\n\n\n<p>O bildirib ki, prokurorun t\u0259l\u0259b etdiyi h\u0259bs c\u0259zas\u0131 h\u0259ddind\u0259n art\u0131q a\u011f\u0131rd\u0131r, Vilyam Hac\u0131yevin d\u00f6vl\u0259t qar\u015f\u0131s\u0131ndak\u0131 xidm\u0259tl\u0259ri, buna g\u00f6r\u0259 \u00f6lk\u0259 r\u0259hb\u0259rliyi t\u0259r\u0259find\u0259n ona veril\u0259n t\u0259ltifl\u0259r n\u0259z\u0259r\u0259 al\u0131nmay\u0131b.<\/p>\n\n\n\n<p>\u201cVilyam Hac\u0131yev\u0259 etimad g\u00f6st\u0259rilib, o da bu etimad\u0131 do\u011fruldub. Bir s\u0259hv\u0259 g\u00f6r\u0259 xidm\u0259tl\u0259rin \u00fcst\u00fcnd\u0259n x\u0259tt \u00e7\u0259km\u0259k olmaz. C\u0259za islah olunma\u011fa xidm\u0259t etm\u0259lidir\u201d.<\/p>\n\n\n\n<p>M\u00fcdafi\u0259\u00e7i Vilyam Hac\u0131yevin s\u0259hh\u0259tind\u0259ki probleml\u0259r\u0259 diqq\u0259t \u00e7\u0259kib. Xat\u0131rlad\u0131b ki, onun durumu il\u0259 \u0259laq\u0259dar bir ne\u00e7\u0259 d\u0259f\u0259 m\u0259hk\u0259m\u0259 iclaslar\u0131 t\u0259xir\u0259 sal\u0131n\u0131b.<\/p>\n\n\n\n<p>V\u0259kil \u00e7\u0131x\u0131\u015f\u0131n\u0131n sonunda sabiq icra ba\u015f\u00e7\u0131s\u0131na b\u0259ra\u0259t verilm\u0259sini, onun bar\u0259sind\u0259 cinay\u0259t i\u015fin\u0259 xitam verilm\u0259sini ist\u0259yib.<\/p>\n\n\n\n<p>Vilyam Hac\u0131yev \u00f6z\u00fc is\u0259 son s\u00f6z\u00fcn\u0259 haz\u0131rla\u015fmaq \u00fc\u00e7\u00fcn 10 g\u00fcn vaxt ist\u0259yib.<\/p>\n\n\n\n<p>M\u0259hk\u0259m\u0259 ona iyulun 25-n\u0259 q\u0259d\u0259r vaxt verib.<\/p>\n\n\n\n<p>Vilyam Hac\u0131yev Cinay\u0259t M\u0259c\u0259ll\u0259sinin 179.4 (x\u00fcsusil\u0259 k\u00fclli miqdarda m\u0259nims\u0259m\u0259), 311 (r\u00fc\u015fv\u0259t alma) v\u0259 ba\u015fqa madd\u0259l\u0259ril\u0259 ittiham olunur. Prokuror ona 13 il azadl\u0131qdan m\u0259hrumetm\u0259 c\u0259zas\u0131, evind\u0259n v\u0259 i\u015f ota\u011f\u0131ndan tap\u0131lan pullar da daxil olmaqla, 6 milyondan art\u0131q pul v\u0259 \u0259mlak\u0131n\u0131n m\u00fcsadir\u0259 olunmas\u0131n\u0131 t\u0259klif edib.<\/p>\n\n\n\n<p>Vilyam Hac\u0131yev 2004-2006-c\u0131 ill\u0259rd\u0259 G\u00f6yg\u00f6l rayonunun, 2006-2012-ci ill\u0259rd\u0259 Samuxun, 2012-2020-ci ill\u0259rd\u0259 is\u0259 \u0130mi\u015flinin icra ba\u015f\u00e7\u0131s\u0131 v\u0259zif\u0259sind\u0259 \u00e7al\u0131\u015f\u0131b.<\/p>\n\n\n\n<p>Vilyam Hac\u0131yevin h\u0259bsind\u0259n sonra DTX onun evind\u0259n, qaraj\u0131ndan qutularda milyonlarla manat, xarici valyutada pullar\u0131n, m\u00fcxt\u0259lif ma\u015f\u0131nlar\u0131n \u00e7\u0131xmas\u0131n\u0131 \u0259ks etdir\u0259n g\u00f6r\u00fcnt\u00fcl\u0259r yay\u0131mlam\u0131\u015fd\u0131.<\/p>\n\n\n\n<p>Vilyam Hac\u0131yev \u00f6z\u00fcn\u00fc t\u0259qsirli bilmir, ittihamlar\u0131n \u015f\u0259r-b\u00f6htan oldu\u011funu, sifari\u015fl\u0259 h\u0259bs edildiyini bildirir.<\/p>\n\n\n\n<p>Az\u0259rbaycanda icra ba\u015f\u00e7\u0131lar\u0131n\u0131n h\u0259bs dal\u011fas\u0131 2019-cu ilin dekabr\u0131ndan ba\u015flay\u0131b. \u0130lk h\u0259bs edil\u0259nl\u0259r A\u011fstafa rayonunun icra ba\u015f\u00e7\u0131s\u0131 Nizam\u0259ddin Quliyev v\u0259 Yevlax\u0131n sabiq icra ba\u015f\u00e7\u0131s\u0131 Qoca S\u0259m\u0259dov olub. 2020-ci ilin ilin fevral\u0131nda Neft\u00e7alan\u0131n, mayda is\u0259 Bil\u0259suvar\u0131n v\u0259 \u0130mi\u015flinin icra ba\u015f\u00e7\u0131s\u0131 h\u0259bs edildi. Ard\u0131nca K\u00fcrd\u0259mir, C\u0259lilabad, \u015e\u0259mkir rayonlar\u0131nda da eyni \u0259m\u0259liyyatlar h\u0259yata ke\u00e7irildi.<\/p>\n","protected":false},"excerpt":{"rendered":"<p>\u201cC\u0259za islah olunma\u011fa xidm\u0259t etm\u0259lidir\u201d \u0130mi\u015flinin iki ild\u0259n \u00e7oxdur h\u0259bsd\u0259 &#8230; <\/p>\n<p class=\"read-more-container\"><a title=\"Vilyam Hac\u0131yevin v\u0259kili: \u201cBir s\u0259hv\u0259 g\u00f6r\u0259 xidm\u0259tl\u0259rin \u00fcst\u00fcnd\u0259n x\u0259tt \u00e7\u0259km\u0259k olmaz\u201d\" class=\"read-more button\" href=\"https:\/\/www.meydan.tv\/az\/article\/vilyam-haciyevin-vekili-bir-sehve-gore-xidmetlerin-ustunden-xett-cekmek-olmaz\/#more-251119\" aria-label=\"Read more about Vilyam Hac\u0131yevin v\u0259kili: \u201cBir s\u0259hv\u0259 g\u00f6r\u0259 xidm\u0259tl\u0259rin \u00fcst\u00fcnd\u0259n x\u0259tt \u00e7\u0259km\u0259k olmaz\u201d\">Davam\u0131<\/a><\/p>\n","protected":false},"author":8,"featured_media":240618,"comment_status":"closed","ping_status":"","sticky":false,"template":"","format":"standard","meta":{"_acf_changed":false,"_sitemap_exclude":false,"_sitemap_priority":"","_sitemap_frequency":"","footnotes":""},"categories":[60,79,56],"tags":[],"class_list":["post-251119","post","type-post","status-publish","format-standard","has-post-thumbnail","hentry","category-bolge","category-featured","category-xeberler","infinite-scroll-item","generate-columns","tablet-grid-50","mobile-grid-100","grid-parent","grid-33","no-featured-image-padding"],"acf":[],"yoast_head":"<!-- This site is optimized with the Yoast SEO plugin v27.5 - https:\/\/yoast.com\/product\/yoast-seo-wordpress\/ -->\n<title>Vilyam Hac\u0131yevin v\u0259kili: \u201cBir s\u0259hv\u0259 g\u00f6r\u0259 xidm\u0259tl\u0259rin \u00fcst\u00fcnd\u0259n x\u0259tt \u00e7\u0259km\u0259k olmaz\u201d - MEYDAN.TV<\/title>\n<meta name=\"robots\" content=\"index, follow, max-snippet:-1, max-image-preview:large, max-video-preview:-1\" \/>\n<link rel=\"canonical\" href=\"https:\/\/www.meydan.tv\/az\/article\/vilyam-haciyevin-vekili-bir-sehve-gore-xidmetlerin-ustunden-xett-cekmek-olmaz\/\" \/>\n<meta property=\"og:locale\" content=\"az_AZ\" \/>\n<meta property=\"og:type\" content=\"article\" \/>\n<meta property=\"og:title\" content=\"Vilyam Hac\u0131yevin v\u0259kili: \u201cBir s\u0259hv\u0259 g\u00f6r\u0259 xidm\u0259tl\u0259rin \u00fcst\u00fcnd\u0259n x\u0259tt \u00e7\u0259km\u0259k olmaz\u201d - MEYDAN.TV\" \/>\n<meta property=\"og:description\" content=\"\u201cC\u0259za islah olunma\u011fa xidm\u0259t etm\u0259lidir\u201d \u0130mi\u015flinin iki ild\u0259n \u00e7oxdur h\u0259bsd\u0259 ... Davam\u0131\" \/>\n<meta property=\"og:url\" content=\"https:\/\/www.meydan.tv\/az\/article\/vilyam-haciyevin-vekili-bir-sehve-gore-xidmetlerin-ustunden-xett-cekmek-olmaz\/\" \/>\n<meta property=\"og:site_name\" content=\"MEYDAN.TV\" \/>\n<meta property=\"article:published_time\" content=\"2022-07-18T10:14:38+00:00\" \/>\n<meta name=\"author\" content=\"elli\" \/>\n<meta name=\"twitter:card\" content=\"summary_large_image\" \/>\n<meta name=\"twitter:creator\" content=\"@elli\" \/>\n<script type=\"application\/ld+json\" class=\"yoast-schema-graph\">{\"@context\":\"https:\\\/\\\/schema.org\",\"@graph\":[{\"@type\":\"Article\",\"@id\":\"https:\\\/\\\/www.meydan.tv\\\/az\\\/article\\\/vilyam-haciyevin-vekili-bir-sehve-gore-xidmetlerin-ustunden-xett-cekmek-olmaz\\\/#article\",\"isPartOf\":{\"@id\":\"https:\\\/\\\/www.meydan.tv\\\/az\\\/article\\\/vilyam-haciyevin-vekili-bir-sehve-gore-xidmetlerin-ustunden-xett-cekmek-olmaz\\\/\"},\"author\":{\"name\":\"elli\",\"@id\":\"https:\\\/\\\/www.meydan.tv\\\/az\\\/#\\\/schema\\\/person\\\/9cdbecf90d17180ce1dfbd95b08dcf47\"},\"headline\":\"Vilyam Hac\u0131yevin v\u0259kili: \u201cBir s\u0259hv\u0259 g\u00f6r\u0259 xidm\u0259tl\u0259rin \u00fcst\u00fcnd\u0259n x\u0259tt \u00e7\u0259km\u0259k olmaz\u201d\",\"datePublished\":\"2022-07-18T10:14:38+00:00\",\"mainEntityOfPage\":{\"@id\":\"https:\\\/\\\/www.meydan.tv\\\/az\\\/article\\\/vilyam-haciyevin-vekili-bir-sehve-gore-xidmetlerin-ustunden-xett-cekmek-olmaz\\\/\"},\"wordCount\":522,\"publisher\":{\"@id\":\"https:\\\/\\\/www.meydan.tv\\\/az\\\/#organization\"},\"image\":{\"@id\":\"https:\\\/\\\/www.meydan.tv\\\/az\\\/article\\\/vilyam-haciyevin-vekili-bir-sehve-gore-xidmetlerin-ustunden-xett-cekmek-olmaz\\\/#primaryimage\"},\"thumbnailUrl\":\"https:\\\/\\\/www.meydan.tv\\\/wp-content\\\/uploads\\\/image_from_ios-25.jpg\",\"articleSection\":[\"B\u00f6lg\u0259\",\"T\u00f6vsiy\u0259\",\"X\u0259b\u0259rl\u0259r\"],\"inLanguage\":\"az\"},{\"@type\":\"WebPage\",\"@id\":\"https:\\\/\\\/www.meydan.tv\\\/az\\\/article\\\/vilyam-haciyevin-vekili-bir-sehve-gore-xidmetlerin-ustunden-xett-cekmek-olmaz\\\/\",\"url\":\"https:\\\/\\\/www.meydan.tv\\\/az\\\/article\\\/vilyam-haciyevin-vekili-bir-sehve-gore-xidmetlerin-ustunden-xett-cekmek-olmaz\\\/\",\"name\":\"Vilyam Hac\u0131yevin v\u0259kili: \u201cBir s\u0259hv\u0259 g\u00f6r\u0259 xidm\u0259tl\u0259rin \u00fcst\u00fcnd\u0259n x\u0259tt \u00e7\u0259km\u0259k olmaz\u201d - MEYDAN.TV\",\"isPartOf\":{\"@id\":\"https:\\\/\\\/www.meydan.tv\\\/az\\\/#website\"},\"primaryImageOfPage\":{\"@id\":\"https:\\\/\\\/www.meydan.tv\\\/az\\\/article\\\/vilyam-haciyevin-vekili-bir-sehve-gore-xidmetlerin-ustunden-xett-cekmek-olmaz\\\/#primaryimage\"},\"image\":{\"@id\":\"https:\\\/\\\/www.meydan.tv\\\/az\\\/article\\\/vilyam-haciyevin-vekili-bir-sehve-gore-xidmetlerin-ustunden-xett-cekmek-olmaz\\\/#primaryimage\"},\"thumbnailUrl\":\"https:\\\/\\\/www.meydan.tv\\\/wp-content\\\/uploads\\\/image_from_ios-25.jpg\",\"datePublished\":\"2022-07-18T10:14:38+00:00\",\"breadcrumb\":{\"@id\":\"https:\\\/\\\/www.meydan.tv\\\/az\\\/article\\\/vilyam-haciyevin-vekili-bir-sehve-gore-xidmetlerin-ustunden-xett-cekmek-olmaz\\\/#breadcrumb\"},\"inLanguage\":\"az\",\"potentialAction\":[{\"@type\":\"ReadAction\",\"target\":[\"https:\\\/\\\/www.meydan.tv\\\/az\\\/article\\\/vilyam-haciyevin-vekili-bir-sehve-gore-xidmetlerin-ustunden-xett-cekmek-olmaz\\\/\"]}]},{\"@type\":\"ImageObject\",\"inLanguage\":\"az\",\"@id\":\"https:\\\/\\\/www.meydan.tv\\\/az\\\/article\\\/vilyam-haciyevin-vekili-bir-sehve-gore-xidmetlerin-ustunden-xett-cekmek-olmaz\\\/#primaryimage\",\"url\":\"https:\\\/\\\/www.meydan.tv\\\/wp-content\\\/uploads\\\/image_from_ios-25.jpg\",\"contentUrl\":\"https:\\\/\\\/www.meydan.tv\\\/wp-content\\\/uploads\\\/image_from_ios-25.jpg\",\"width\":1422,\"height\":800,\"caption\":\"Vilyam Hac\u0131yev. Foto: Meydan TV\"},{\"@type\":\"BreadcrumbList\",\"@id\":\"https:\\\/\\\/www.meydan.tv\\\/az\\\/article\\\/vilyam-haciyevin-vekili-bir-sehve-gore-xidmetlerin-ustunden-xett-cekmek-olmaz\\\/#breadcrumb\",\"itemListElement\":[{\"@type\":\"ListItem\",\"position\":1,\"name\":\"Ana s\u0259hif\u0259\",\"item\":\"https:\\\/\\\/www.meydan.tv\\\/az\\\/\"},{\"@type\":\"ListItem\",\"position\":2,\"name\":\"B\u00f6lg\u0259\",\"item\":\"https:\\\/\\\/www.meydan.tv\\\/az\\\/section\\\/bolge\\\/\"},{\"@type\":\"ListItem\",\"position\":3,\"name\":\"Vilyam Hac\u0131yevin v\u0259kili: \u201cBir s\u0259hv\u0259 g\u00f6r\u0259 xidm\u0259tl\u0259rin \u00fcst\u00fcnd\u0259n x\u0259tt \u00e7\u0259km\u0259k olmaz\u201d\"}]},{\"@type\":\"WebSite\",\"@id\":\"https:\\\/\\\/www.meydan.tv\\\/az\\\/#website\",\"url\":\"https:\\\/\\\/www.meydan.tv\\\/az\\\/\",\"name\":\"MEYDAN.TV\",\"description\":\"Meydan TV Az\u0259rbaycan\u0131n media m\u0259kan\u0131ndak\u0131 alternativ s\u0259sidir\",\"publisher\":{\"@id\":\"https:\\\/\\\/www.meydan.tv\\\/az\\\/#organization\"},\"potentialAction\":[{\"@type\":\"SearchAction\",\"target\":{\"@type\":\"EntryPoint\",\"urlTemplate\":\"https:\\\/\\\/www.meydan.tv\\\/az\\\/?s={search_term_string}\"},\"query-input\":{\"@type\":\"PropertyValueSpecification\",\"valueRequired\":true,\"valueName\":\"search_term_string\"}}],\"inLanguage\":\"az\"},{\"@type\":\"Organization\",\"@id\":\"https:\\\/\\\/www.meydan.tv\\\/az\\\/#organization\",\"name\":\"Meydan TV\",\"url\":\"https:\\\/\\\/www.meydan.tv\\\/az\\\/\",\"logo\":{\"@type\":\"ImageObject\",\"inLanguage\":\"az\",\"@id\":\"https:\\\/\\\/www.meydan.tv\\\/az\\\/#\\\/schema\\\/logo\\\/image\\\/\",\"url\":\"https:\\\/\\\/www.meydan.tv\\\/wp-content\\\/uploads\\\/2021\\\/07\\\/meydan-logo.svg\",\"contentUrl\":\"https:\\\/\\\/www.meydan.tv\\\/wp-content\\\/uploads\\\/2021\\\/07\\\/meydan-logo.svg\",\"width\":195,\"height\":46,\"caption\":\"Meydan TV\"},\"image\":{\"@id\":\"https:\\\/\\\/www.meydan.tv\\\/az\\\/#\\\/schema\\\/logo\\\/image\\\/\"}},{\"@type\":\"Person\",\"@id\":\"https:\\\/\\\/www.meydan.tv\\\/az\\\/#\\\/schema\\\/person\\\/9cdbecf90d17180ce1dfbd95b08dcf47\",\"name\":\"elli\",\"sameAs\":[\"https:\\\/\\\/x.com\\\/elli\"]}]}<\/script>\n<!-- \/ Yoast SEO plugin. -->","yoast_head_json":{"title":"Vilyam Hac\u0131yevin v\u0259kili: \u201cBir s\u0259hv\u0259 g\u00f6r\u0259 xidm\u0259tl\u0259rin \u00fcst\u00fcnd\u0259n x\u0259tt \u00e7\u0259km\u0259k olmaz\u201d - MEYDAN.TV","robots":{"index":"index","follow":"follow","max-snippet":"max-snippet:-1","max-image-preview":"max-image-preview:large","max-video-preview":"max-video-preview:-1"},"canonical":"https:\/\/www.meydan.tv\/az\/article\/vilyam-haciyevin-vekili-bir-sehve-gore-xidmetlerin-ustunden-xett-cekmek-olmaz\/","og_locale":"az_AZ","og_type":"article","og_title":"Vilyam Hac\u0131yevin v\u0259kili: \u201cBir s\u0259hv\u0259 g\u00f6r\u0259 xidm\u0259tl\u0259rin \u00fcst\u00fcnd\u0259n x\u0259tt \u00e7\u0259km\u0259k olmaz\u201d - MEYDAN.TV","og_description":"\u201cC\u0259za islah olunma\u011fa xidm\u0259t etm\u0259lidir\u201d \u0130mi\u015flinin iki ild\u0259n \u00e7oxdur h\u0259bsd\u0259 ... Davam\u0131","og_url":"https:\/\/www.meydan.tv\/az\/article\/vilyam-haciyevin-vekili-bir-sehve-gore-xidmetlerin-ustunden-xett-cekmek-olmaz\/","og_site_name":"MEYDAN.TV","article_published_time":"2022-07-18T10:14:38+00:00","author":"elli","twitter_card":"summary_large_image","twitter_creator":"@elli","schema":{"@context":"https:\/\/schema.org","@graph":[{"@type":"Article","@id":"https:\/\/www.meydan.tv\/az\/article\/vilyam-haciyevin-vekili-bir-sehve-gore-xidmetlerin-ustunden-xett-cekmek-olmaz\/#article","isPartOf":{"@id":"https:\/\/www.meydan.tv\/az\/article\/vilyam-haciyevin-vekili-bir-sehve-gore-xidmetlerin-ustunden-xett-cekmek-olmaz\/"},"author":{"name":"elli","@id":"https:\/\/www.meydan.tv\/az\/#\/schema\/person\/9cdbecf90d17180ce1dfbd95b08dcf47"},"headline":"Vilyam Hac\u0131yevin v\u0259kili: \u201cBir s\u0259hv\u0259 g\u00f6r\u0259 xidm\u0259tl\u0259rin \u00fcst\u00fcnd\u0259n x\u0259tt \u00e7\u0259km\u0259k olmaz\u201d","datePublished":"2022-07-18T10:14:38+00:00","mainEntityOfPage":{"@id":"https:\/\/www.meydan.tv\/az\/article\/vilyam-haciyevin-vekili-bir-sehve-gore-xidmetlerin-ustunden-xett-cekmek-olmaz\/"},"wordCount":522,"publisher":{"@id":"https:\/\/www.meydan.tv\/az\/#organization"},"image":{"@id":"https:\/\/www.meydan.tv\/az\/article\/vilyam-haciyevin-vekili-bir-sehve-gore-xidmetlerin-ustunden-xett-cekmek-olmaz\/#primaryimage"},"thumbnailUrl":"https:\/\/www.meydan.tv\/wp-content\/uploads\/image_from_ios-25.jpg","articleSection":["B\u00f6lg\u0259","T\u00f6vsiy\u0259","X\u0259b\u0259rl\u0259r"],"inLanguage":"az"},{"@type":"WebPage","@id":"https:\/\/www.meydan.tv\/az\/article\/vilyam-haciyevin-vekili-bir-sehve-gore-xidmetlerin-ustunden-xett-cekmek-olmaz\/","url":"https:\/\/www.meydan.tv\/az\/article\/vilyam-haciyevin-vekili-bir-sehve-gore-xidmetlerin-ustunden-xett-cekmek-olmaz\/","name":"Vilyam Hac\u0131yevin v\u0259kili: \u201cBir s\u0259hv\u0259 g\u00f6r\u0259 xidm\u0259tl\u0259rin \u00fcst\u00fcnd\u0259n x\u0259tt \u00e7\u0259km\u0259k olmaz\u201d - MEYDAN.TV","isPartOf":{"@id":"https:\/\/www.meydan.tv\/az\/#website"},"primaryImageOfPage":{"@id":"https:\/\/www.meydan.tv\/az\/article\/vilyam-haciyevin-vekili-bir-sehve-gore-xidmetlerin-ustunden-xett-cekmek-olmaz\/#primaryimage"},"image":{"@id":"https:\/\/www.meydan.tv\/az\/article\/vilyam-haciyevin-vekili-bir-sehve-gore-xidmetlerin-ustunden-xett-cekmek-olmaz\/#primaryimage"},"thumbnailUrl":"https:\/\/www.meydan.tv\/wp-content\/uploads\/image_from_ios-25.jpg","datePublished":"2022-07-18T10:14:38+00:00","breadcrumb":{"@id":"https:\/\/www.meydan.tv\/az\/article\/vilyam-haciyevin-vekili-bir-sehve-gore-xidmetlerin-ustunden-xett-cekmek-olmaz\/#breadcrumb"},"inLanguage":"az","potentialAction":[{"@type":"ReadAction","target":["https:\/\/www.meydan.tv\/az\/article\/vilyam-haciyevin-vekili-bir-sehve-gore-xidmetlerin-ustunden-xett-cekmek-olmaz\/"]}]},{"@type":"ImageObject","inLanguage":"az","@id":"https:\/\/www.meydan.tv\/az\/article\/vilyam-haciyevin-vekili-bir-sehve-gore-xidmetlerin-ustunden-xett-cekmek-olmaz\/#primaryimage","url":"https:\/\/www.meydan.tv\/wp-content\/uploads\/image_from_ios-25.jpg","contentUrl":"https:\/\/www.meydan.tv\/wp-content\/uploads\/image_from_ios-25.jpg","width":1422,"height":800,"caption":"Vilyam Hac\u0131yev. Foto: Meydan TV"},{"@type":"BreadcrumbList","@id":"https:\/\/www.meydan.tv\/az\/article\/vilyam-haciyevin-vekili-bir-sehve-gore-xidmetlerin-ustunden-xett-cekmek-olmaz\/#breadcrumb","itemListElement":[{"@type":"ListItem","position":1,"name":"Ana s\u0259hif\u0259","item":"https:\/\/www.meydan.tv\/az\/"},{"@type":"ListItem","position":2,"name":"B\u00f6lg\u0259","item":"https:\/\/www.meydan.tv\/az\/section\/bolge\/"},{"@type":"ListItem","position":3,"name":"Vilyam Hac\u0131yevin v\u0259kili: \u201cBir s\u0259hv\u0259 g\u00f6r\u0259 xidm\u0259tl\u0259rin \u00fcst\u00fcnd\u0259n x\u0259tt \u00e7\u0259km\u0259k olmaz\u201d"}]},{"@type":"WebSite","@id":"https:\/\/www.meydan.tv\/az\/#website","url":"https:\/\/www.meydan.tv\/az\/","name":"MEYDAN.TV","description":"Meydan TV Az\u0259rbaycan\u0131n media m\u0259kan\u0131ndak\u0131 alternativ s\u0259sidir","publisher":{"@id":"https:\/\/www.meydan.tv\/az\/#organization"},"potentialAction":[{"@type":"SearchAction","target":{"@type":"EntryPoint","urlTemplate":"https:\/\/www.meydan.tv\/az\/?s={search_term_string}"},"query-input":{"@type":"PropertyValueSpecification","valueRequired":true,"valueName":"search_term_string"}}],"inLanguage":"az"},{"@type":"Organization","@id":"https:\/\/www.meydan.tv\/az\/#organization","name":"Meydan TV","url":"https:\/\/www.meydan.tv\/az\/","logo":{"@type":"ImageObject","inLanguage":"az","@id":"https:\/\/www.meydan.tv\/az\/#\/schema\/logo\/image\/","url":"https:\/\/www.meydan.tv\/wp-content\/uploads\/2021\/07\/meydan-logo.svg","contentUrl":"https:\/\/www.meydan.tv\/wp-content\/uploads\/2021\/07\/meydan-logo.svg","width":195,"height":46,"caption":"Meydan TV"},"image":{"@id":"https:\/\/www.meydan.tv\/az\/#\/schema\/logo\/image\/"}},{"@type":"Person","@id":"https:\/\/www.meydan.tv\/az\/#\/schema\/person\/9cdbecf90d17180ce1dfbd95b08dcf47","name":"elli","sameAs":["https:\/\/x.com\/elli"]}]}},"_links":{"self":[{"href":"https:\/\/www.meydan.tv\/az\/wp-json\/wp\/v2\/posts\/251119","targetHints":{"allow":["GET"]}}],"collection":[{"href":"https:\/\/www.meydan.tv\/az\/wp-json\/wp\/v2\/posts"}],"about":[{"href":"https:\/\/www.meydan.tv\/az\/wp-json\/wp\/v2\/types\/post"}],"author":[{"embeddable":true,"href":"https:\/\/www.meydan.tv\/az\/wp-json\/wp\/v2\/users\/8"}],"replies":[{"embeddable":true,"href":"https:\/\/www.meydan.tv\/az\/wp-json\/wp\/v2\/comments?post=251119"}],"version-history":[{"count":1,"href":"https:\/\/www.meydan.tv\/az\/wp-json\/wp\/v2\/posts\/251119\/revisions"}],"predecessor-version":[{"id":251120,"href":"https:\/\/www.meydan.tv\/az\/wp-json\/wp\/v2\/posts\/251119\/revisions\/251120"}],"wp:featuredmedia":[{"embeddable":true,"href":"https:\/\/www.meydan.tv\/az\/wp-json\/wp\/v2\/media\/240618"}],"wp:attachment":[{"href":"https:\/\/www.meydan.tv\/az\/wp-json\/wp\/v2\/media?parent=251119"}],"wp:term":[{"taxonomy":"category","embeddable":true,"href":"https:\/\/www.meydan.tv\/az\/wp-json\/wp\/v2\/categories?post=251119"},{"taxonomy":"post_tag","embeddable":true,"href":"https:\/\/www.meydan.tv\/az\/wp-json\/wp\/v2\/tags?post=251119"}],"curies":[{"name":"wp","href":"https:\/\/api.w.org\/{rel}","templated":true}]}}