{"id":251074,"date":"2022-07-18T12:04:55","date_gmt":"2022-07-18T08:04:55","guid":{"rendered":"https:\/\/www.meydan.tv\/?p=251074"},"modified":"2022-07-18T12:04:57","modified_gmt":"2022-07-18T08:04:57","slug":"semkir-sakini-oten-her-gun-qizimin-ve-ailemin-heyatina-tehlukedir","status":"publish","type":"post","link":"https:\/\/www.meydan.tv\/az\/article\/semkir-sakini-oten-her-gun-qizimin-ve-ailemin-heyatina-tehlukedir\/","title":{"rendered":"\u015e\u0259mkir sakini: \u201c\u00d6t\u0259n h\u0259r g\u00fcn q\u0131z\u0131m\u0131n v\u0259 ail\u0259min h\u0259yat\u0131na t\u0259hl\u00fck\u0259dir\u201d"},"content":{"rendered":"\n<p><\/p>\n\n\n\n<p><em>Dilq\u0259m Yusifov: \u201cT\u0259\u0259ss\u00fcf ki, rayon prokurorlu\u011fu haqq-\u0259dal\u0259ti b\u0259rq\u0259rar etm\u0259k \u0259v\u0259zin\u0259 ba\u015fqa yol tutdu\u201d<\/em><\/p>\n\n\n\n<p>\u015e\u0259mkir sakinl\u0259ri Dilq\u0259m Yusifov v\u0259 B\u0259sti Yusifova \u00f6vladlar\u0131 Yegan\u0259nin h\u0259yat\u0131n\u0131n t\u0259hl\u00fck\u0259 alt\u0131nda oldu\u011funu iddia edir. Deyirl\u0259r ki, s\u0259b\u0259b Yegan\u0259 Yusifovan\u0131n rayonda i\u015f adam\u0131 Arzu Cabbarovun \u00f6l\u00fcm\u00fcyl\u0259 ba\u011fl\u0131 h\u0259qiq\u0259tl\u0259ri Meydan TV-y\u0259 dan\u0131\u015fmaqla <a href=\"https:\/\/www.meydan.tv\/az\/article\/polis-reisinin-muavini-is-adaminin-olumunde-gunahlandirilir\/\" target=\"_blank\" rel=\"noreferrer noopener\">ictimail\u0259\u015fdirm\u0259sidir<\/a>.<\/p>\n\n\n\n<p>Valideynl\u0259rin s\u00f6zl\u0259rin\u0259 g\u00f6r\u0259, Yegan\u0259 Yusifova t\u0259zyiq v\u0259 t\u0259hdidl\u0259r \u00fcz\u00fcnd\u0259n xeyli vaxtd\u0131r qa\u00e7\u0131b gizl\u0259nib.<\/p>\n\n\n\n<p>\u201c<strong>Q\u0131z\u0131m\u0131 polis \u015f\u00f6b\u0259sind\u0259 d\u00f6y\u00fcbl\u0259r\u201d<\/strong><\/p>\n\n\n\n<p>Dilq\u0259m Yusifov hesab edir ki, Arzu Cabbarovun \u00f6l\u00fcm\u00fcnd\u0259 \u0259li olan \u015f\u0259xsl\u0259r m\u0259suliyy\u0259td\u0259n k\u0259narda saxlan\u0131l\u0131r. \u015e\u0259mkir sakini buna g\u00f6r\u0259 rayonun prokuroru Az\u0259r H\u0259t\u0259mov v\u0259 i\u015fin istintaq\u0131n\u0131 aparan m\u00fcst\u0259ntiq Nicat M\u0259mm\u0259dlini ittiham edir. Deyir ki, onlar ger\u00e7\u0259k v\u0259ziyy\u0259ti bil\u0259-bil\u0259 i\u015f adam\u0131n\u0131n \u00f6l\u00fcm\u00fcnd\u0259 \u0259li olan polisl\u0259rin \u0259m\u0259ll\u0259rini \u00f6rt-basd\u0131r el\u0259m\u0259k \u00fc\u00e7\u00fcn m\u00fcxt\u0259lif yollara \u0259l at\u0131rlar.<\/p>\n\n\n\n<p>Onun s\u00f6zl\u0259rin\u0259 g\u00f6r\u0259, q\u0131z\u0131 yalan ifad\u0259 verm\u0259k \u00fc\u00e7\u00fcn g\u00fcnl\u0259rl\u0259 i\u015fg\u0259nc\u0259y\u0259 m\u0259ruz qal\u0131b:<\/p>\n\n\n\n<p>\u201cProkuror Az\u0259r H\u0259t\u0259movun g\u00f6st\u0259ri\u015fil\u0259 q\u0131z\u0131m\u0131 t\u0259l\u0259sik ax\u015fam saat 10 rad\u0259l\u0259rind\u0259 evd\u0259n polis idar\u0259sin\u0259 apar\u0131ld\u0131. Polisl\u0259r Yegan\u0259ni evd\u0259n aparanda ail\u0259m\u0259 deyibl\u0259r ki, guya Arzunun adamlar\u0131 onu axtar\u0131r, bird\u0259n \u00f6ld\u00fcr\u0259rl\u0259r, bunlar da onun t\u0259hl\u00fck\u0259sizliyinin qay\u011f\u0131s\u0131na qal\u0131rlar. Yegan\u0259ni g\u00fcnl\u0259rl\u0259 polis \u015f\u00f6b\u0259sind\u0259 saxlay\u0131blar. May\u0131n 8-d\u0259n 13-n\u0259 q\u0259d\u0259r Yegan\u0259 h\u0259r g\u00fcn anas\u0131na z\u0259ng edir ki, polis \u015f\u00f6b\u0259sind\u0259y\u0259m. O m\u00fcdd\u0259td\u0259 q\u0131z\u0131m\u0131 \u015f\u00f6b\u0259d\u0259 d\u00f6y\u00fcb, ekspertd\u0259n d\u0259 x\u0259sar\u0259tl\u0259r bar\u0259d\u0259 r\u0259y al\u0131blar. Bel\u0259 r\u0259smil\u0259\u015fdiribl\u0259r ki, guya Arzu Cabbarov \u00f6l\u00fcm\u00fcnd\u0259n \u0259vv\u0259l q\u0131z\u0131mla dala\u015f\u0131b, ona x\u0259sar\u0259tl\u0259r yetirib\u2026\u201d.<\/p>\n\n\n\n<p>\u201c<strong>Polisl\u0259r G\u0259nc\u0259d\u0259 kiray\u0259 ev tutub, q\u0131z\u0131m\u0131 ora yerl\u0259\u015fdiribl\u0259r\u201d<\/strong><\/p>\n\n\n\n<p>Dilq\u0259m Yusifov deyir ki, may\u0131n 13-d\u0259 Yegan\u0259ni \u015e\u0259mkir Rayon Polis \u015e\u00f6b\u0259sind\u0259n \u00e7\u0131xar\u0131b G\u0259nc\u0259y\u0259 apar\u0131blar. Atas\u0131n\u0131n dediyin\u0259 g\u00f6r\u0259, onu Yeni G\u0259nc\u0259 adlanan \u0259razid\u0259 kiray\u0259 tutulan ev\u0259 yerl\u0259\u015fdiribl\u0259r. O iddia edir ki, Yegan\u0259 Yusifovan\u0131 aparanlar \u015e\u0259mkir Rayon Polis \u015e\u00f6b\u0259sinin \u0259m\u0259kda\u015flar\u0131 Etibar Yaqubov v\u0259 Firuz \u0130brahimov olub:<\/p>\n\n\n\n<p>\u201cH\u0259min g\u00fcn Etibar ya\u015fad\u0131\u011f\u0131m\u0131z ev\u0259 g\u0259lib deyib ki, n\u0259v\u0259m Emiri aparmal\u0131d\u0131r. Yolda\u015f\u0131m Etibardan soru\u015fub ki, n\u0259v\u0259mi hara apar\u0131rsan? Deyib ki, Arzu Cabbarovun adamlar\u0131 u\u015fa\u011fa da n\u0259s\u0259 ed\u0259 bil\u0259rl\u0259r, ona g\u00f6r\u0259 Yegan\u0259nin yan\u0131na apar\u0131r. Yegan\u0259 G\u0259nc\u0259d\u0259 qald\u0131\u011f\u0131 m\u00fcdd\u0259td\u0259 bank kart\u0131na Etibar, Firuz, Bayram d\u0259f\u0259l\u0259rl\u0259 pul g\u00f6nd\u0259rib\u201d.<\/p>\n\n\n\n<p>Yegan\u0259 Yusifovadan videokamera qar\u015f\u0131s\u0131nda ifad\u0259 al\u0131n\u0131b ki, m\u0259rhum Arzu Cabbarov onunla g\u00f6r\u00fc\u015f zaman\u0131 d\u0259rman at\u0131b, bunun t\u0259sirind\u0259n adekvat olmayan h\u0259r\u0259k\u0259tl\u0259r edib. Bu \u00fczd\u0259n aralar\u0131nda m\u00fcbahis\u0259 yaran\u0131b:<\/p>\n\n\n\n<p>\u201cH\u0259m d\u0259rman atm\u0131\u015fd\u0131, h\u0259m d\u0259 i\u00e7kili idi, ona g\u00f6r\u0259 g\u00f6z\u00fc he\u00e7 n\u0259 g\u00f6rm\u00fcrd\u00fc. M\u0259niml\u0259 dava el\u0259m\u0259y\u0259 ba\u015flad\u0131. M\u0259n ona m\u00fcqavim\u0259t g\u00f6st\u0259rirdim. M\u0259n\u0259 x\u0259sar\u0259t yetirirdi. Bu zaman k\u00f6m\u0259y\u0259 polisl\u0259ri \u00e7a\u011f\u0131rd\u0131m. Arzu da polisl\u0259ri g\u00f6r\u00fcb \u0259s\u0259bil\u0259\u015fdi, \u00f6z\u00fcn\u00fc do\u011frama\u011fa ba\u015flad\u0131\u2026\u201d.<\/p>\n\n\n\n<p><strong>\u201cO videodan \u0259vv\u0259l q\u0131z\u0131ma n\u0259l\u0259r etdirib, m\u0259n\u0259 m\u0259lumdur\u201d<\/strong><\/p>\n\n\n\n<p>Dilq\u0259m Yusifov deyir ki, q\u0131z\u0131n\u0131n polis \u015f\u00f6b\u0259sind\u0259ki t\u0259zyiql\u0259rd\u0259n sonra bu ifad\u0259ni verm\u0259kd\u0259n ba\u015fqa \u00e7ar\u0259si olmay\u0131b. Onun s\u00f6zl\u0259rin\u0259 g\u00f6r\u0259, bu ifad\u0259 d\u0259 m\u00fcst\u0259ntiqin fantaziyas\u0131n\u0131n n\u0259tic\u0259sidir:<\/p>\n\n\n\n<p>\u201cOnun fantaziyas\u0131na uy\u011fun ifad\u0259 verm\u0259s\u0259ydi, i\u015fg\u0259nc\u0259 g\u00fcnl\u0259rl\u0259 davam ed\u0259c\u0259kdi. \u0130ndi m\u0259n\u0259 deyir ki, \u201cs\u0259nin q\u0131z\u0131na g\u00fcld\u0259n a\u011f\u0131r s\u00f6z dem\u0259mi\u015f\u0259m, video il\u0259 dindirmi\u015f\u0259m\u201d. O videodan \u0259vv\u0259l q\u0131z\u0131ma n\u0259l\u0259r etdirdiyi m\u0259n\u0259 m\u0259lumdur\u2026\u201d<\/p>\n\n\n\n<p>Atas\u0131 bildirib ki, Yegan\u0259 Yusifova ba\u015f\u0131na g\u0259l\u0259nl\u0259ri Meydan TV vasit\u0259sil\u0259 ictimail\u0259\u015fdir\u0259nd\u0259n sonra onlara qar\u015f\u0131 t\u0259zyiql\u0259r d\u0259 art\u0131b. Q\u0131z\u0131n\u0131n t\u0259zyiql\u0259r \u00fcz\u00fcnd\u0259n gizl\u0259ndiyini dey\u0259n Dilq\u0259m Yusifov uzun m\u00fcdd\u0259t ondan x\u0259b\u0259r tuta bilm\u0259dikl\u0259rini, \u00f6vlad\u0131n\u0131n ba\u015f\u0131na g\u0259l\u0259c\u0259kl\u0259r\u0259 g\u00f6r\u0259 \u00e7ox narahat olduqlar\u0131n\u0131 vur\u011fulay\u0131b.<\/p>\n\n\n\n<p>\u201cXahi\u015f edir\u0259m, Ba\u015f prokuror Kamran \u018fliyev, daxili i\u015fl\u0259r naziri Vilay\u0259t Eyvazov bu m\u0259s\u0259l\u0259y\u0259 h\u0259ssas yana\u015fs\u0131n. M\u0259n h\u0259m \u00f6vlad\u0131m\u0131n, ail\u0259min t\u0259hl\u00fck\u0259sizliyinin t\u0259min olunmas\u0131n\u0131, h\u0259m d\u0259 Arzu Cabbarovun qan\u0131n\u0131n batmas\u0131na imkan verilm\u0259m\u0259sini xahi\u015f edir\u0259m. Arzu Cabbarov \u00e7ox d\u0259y\u0259rli insan idi, onun ba\u015f\u0131na bu oyunu a\u00e7d\u0131lar. Bu cinay\u0259td\u0259 \u0259li olanlar\u0131n he\u00e7 biri m\u0259suliyy\u0259td\u0259n k\u0259narda qalmamal\u0131d\u0131r. \u0130st\u0259r Arzu Cabbarovun ba\u015f\u0131na g\u0259l\u0259nl\u0259r, ist\u0259rs\u0259 d\u0259 sonra q\u0131z\u0131ma qar\u015f\u0131 olanlarla ba\u011fl\u0131 ciddi s\u00fcbutlar var. Sad\u0259c\u0259, ara\u015fd\u0131r\u0131b g\u00fcnahkar\u0131 c\u0259zaland\u0131ran laz\u0131md\u0131. \u00c7ox t\u0259\u0259ss\u00fcf ki, rayon prokurorlu\u011fu haqq-\u0259dal\u0259ti b\u0259rq\u0259rar etm\u0259k \u0259v\u0259zin\u0259 ba\u015fqa yol tutdu. H\u0259tta cinay\u0259ti gizl\u0259tm\u0259k \u00fc\u00e7\u00fcn Arzuya x\u0259sar\u0259t yetiril\u0259n evin sahibin\u0259 d\u0259 qondarma ittihamla i\u015f ba\u015flay\u0131blar. \u00d6t\u0259n h\u0259r g\u00fcn q\u0131z\u0131m\u0131n v\u0259 ail\u0259 \u00fczvl\u0259rimin h\u0259yat\u0131na t\u0259hl\u00fck\u0259dir. \u015e\u0259mkird\u0259 y\u00fczl\u0259rl\u0259 insan bu d\u0259st\u0259nin qurban\u0131d\u0131r. Sad\u0259c\u0259, ham\u0131 oturub g\u00f6zl\u0259yir ki, onlardan he\u00e7 olmasa, biri tutulsun, g\u0259lib bir-bir ham\u0131 fakt\u0131n\u0131 dey\u0259c\u0259k\u2026\u201d<\/p>\n\n\n\n<p><strong>Yegan\u0259 Yusifova \u0259vv\u0259l Meydan TV-y\u0259 n\u0259 deyib?<\/strong><\/p>\n\n\n\n<p>Yegan\u0259 Yusifova m\u00fcsahib\u0259sind\u0259 bildirmi\u015fdi ki, bir ne\u00e7\u0259 ayd\u0131r \u015e\u0259mkir Rayon Polis \u015e\u00f6b\u0259sinin \u0259m\u0259kda\u015flar\u0131 rayondak\u0131 sahibkarlar\u0131 onlar\u0131n \u015f\u0259xsi h\u0259yat\u0131na aid r\u00fcsvayedici m\u0259lumatlar\u0131 yay\u0131b, biab\u0131r etm\u0259kl\u0259 h\u0259d\u0259l\u0259yib, onlardan pul al\u0131rd\u0131. Dediyin\u0259 g\u00f6r\u0259, polisl\u0259r ona h\u0259min sahibkarlar\u0131n n\u00f6mr\u0259l\u0259rini verir, o da z\u0259ng edib tan\u0131\u015f olur, onlarla r\u0259fiq\u0259sinin evind\u0259 g\u00f6r\u00fc\u015f\u00fcrd\u00fc. G\u00f6r\u00fc\u015f zaman\u0131 \u0259vv\u0259lc\u0259d\u0259n orada olan polis \u0259m\u0259kda\u015f\u0131 \u00e7\u0131x\u0131b, onlar\u0131 yaxalay\u0131r v\u0259 ba\u015f ver\u0259nl\u0259rl\u0259 ba\u011fl\u0131 m\u0259lumat\u0131n, g\u00f6r\u00fcnt\u00fcl\u0259rin yay\u0131lmamas\u0131ndan \u00f6tr\u00fc ki\u015fid\u0259n pul t\u0259l\u0259b edilir.<\/p>\n\n\n\n<p>Bu \u00fcsulla indiy\u0259d\u0259k bir s\u0131ra \u015f\u0259xsl\u0259rd\u0259n pul al\u0131nd\u0131\u011f\u0131n\u0131 dey\u0259n Yegan\u0259 Yusifovan\u0131n s\u00f6zl\u0259rin\u0259 g\u00f6r\u0259 ba\u015f ver\u0259nl\u0259rd\u0259n polis \u015f\u00f6b\u0259sinin r\u0259hb\u0259rliyi r\u0259is m\u00fcavini s\u0259viyy\u0259sind\u0259 m\u0259lumatl\u0131yd\u0131.<\/p>\n\n\n\n<p>O bildirib ki, Arzu Cabbarovla g\u00f6r\u00fc\u015fm\u0259si d\u0259 polisl\u0259rin plan v\u0259 t\u0259limat\u0131 \u0259sas\u0131nda h\u0259yata ke\u00e7irilib. May\u0131n 7-d\u0259 onu r\u0259fiq\u0259si T\u0259ran\u0259nin evin\u0259 apar\u0131b. Orada olduqlar\u0131 vaxt gizl\u0259n\u0259n polis \u0259m\u0259kda\u015f\u0131 Firuz \u0130brahimov \u0259lind\u0259ki mobil telefonla \u00e7\u0259kib:<\/p>\n\n\n\n<p>\u201cArzu onlar\u0131n h\u0259r\u0259k\u0259tl\u0259rind\u0259n bezmi\u015f \u015f\u0259kild\u0259 etiraz\u0131n\u0131 bildirdi. Bu zaman aralar\u0131nda m\u00fcbahis\u0259, h\u0259tta dava d\u00fc\u015fd\u00fc. Firuz \u0130brahimov dava zaman\u0131 qap\u0131n\u0131n q\u0131r\u0131lm\u0131\u015f \u015f\u00fc\u015f\u0259sinin q\u0131r\u0131nt\u0131s\u0131n\u0131 yerd\u0259n g\u00f6t\u00fcr\u00fcb, Arzunun b\u0259d\u0259nin\u0259 z\u0259rb\u0259l\u0259r vurdu. Z\u0259rb\u0259l\u0259rd\u0259n biri Arzunun sol qolundak\u0131 arteriya damar\u0131na d\u0259ydi. D\u0259rhal m\u0259n h\u0259min vaxt \u00e7\u00f6ld\u0259 g\u00f6zl\u0259y\u0259n ba\u015fqa polisl\u0259rd\u0259n Etibara z\u0259ng el\u0259yib i\u00e7\u0259ri \u00e7a\u011f\u0131rd\u0131m. Evd\u0259 divardak\u0131 qan l\u0259k\u0259l\u0259rin\u0259 g\u00f6r\u0259 Firuz z\u0259ng el\u0259di ki, sprey boya al\u0131b g\u0259tirsinl\u0259r. Etibar Arzunu \u00f6z ma\u015f\u0131n\u0131na qoyub x\u0259st\u0259xanaya apard\u0131\u2026\u201d<\/p>\n\n\n\n<p>M\u0259rhum Arzu Cabbarov yolda olark\u0259n \u201cWhatsapp\u201d proqram\u0131 vasit\u0259sil\u0259 qohumlar\u0131na s\u0259sli mesaj g\u00f6nd\u0259r\u0259r\u0259k, do\u011fran\u0131ld\u0131\u011f\u0131n\u0131 x\u0259b\u0259r verib, x\u0259st\u0259xanaya g\u0259lm\u0259l\u0259rini ist\u0259yib.<\/p>\n\n\n\n<p><strong>Daxili \u0130\u015fl\u0259r Nazirliyi: \u201cMahiyy\u0259ti d\u0259yi\u015fm\u0259k ist\u0259yirl\u0259r\u201d<\/strong><\/p>\n\n\n\n<p>\u015e\u0259mkird\u0259 sahibkar Arzu Cabbarovun polisl\u0259rin ssenarisin\u0259 uy\u011fun olaraq, ev\u0259 g\u0259tirilm\u0259si v\u0259 polis \u0259m\u0259kda\u015f\u0131n\u0131n yetirdiyi x\u0259sar\u0259t n\u0259tic\u0259sind\u0259 \u00f6lm\u0259si haqda iddian\u0131 Daxili \u0130\u015fl\u0259r Nazirliyi t\u0259kzib edib. Nazirliyin m\u0259tbuat xidm\u0259tinin \u015f\u00f6b\u0259 r\u0259isi El\u015fad Hac\u0131yev bildirib ki, bu haqda deyil\u0259nl\u0259r \u0259sass\u0131zd\u0131r, b\u00f6htan xarakteri da\u015f\u0131y\u0131r.<\/p>\n\n\n\n<p>\u201cAil\u0259 \u00fczvl\u0259ri Arzu Cabbarovun \u00f6l\u00fcm\u00fcn\u00fcn t\u0259\u015fkil olundu\u011funu dem\u0259kl\u0259, onun Yegan\u0259 Yusifovan\u0131n evind\u0259 olmas\u0131 v\u0259 s. hallar\u0131n mahiyy\u0259tini d\u0259yi\u015fm\u0259k ist\u0259yir. Ail\u0259 ist\u0259yir ki, \u015e\u0259mkir rayonunda m\u0259rhum bar\u0259d\u0259 yay\u0131lan qeyri-etik m\u0259zmunlu faktlar \u00f6rt-basd\u0131r olunsun, \u00f6l\u00fcm\u00fcn s\u0259b\u0259bkar\u0131 kimi \u015e\u0259mkir Rayon Polis \u015e\u00f6b\u0259si \u0259m\u0259kda\u015flar\u0131n\u0131 g\u00f6st\u0259rsin. Ancaq bu uydurma iddialar h\u0259qiq\u0259tin \u00fcst\u00fcnd\u0259n x\u0259tt \u00e7\u0259km\u0259k g\u00fcc\u00fcnd\u0259 deyil, istintaqda \u0259sasl\u0131 s\u00fcbutlar var.<\/p>\n\n\n\n<p>Yegan\u0259 Yusifovan\u0131n evind\u0259 ba\u015f ver\u0259n m\u00fcnaqi\u015f\u0259d\u0259 qap\u0131 \u015f\u00fc\u015f\u0259sinin s\u0131nmas\u0131ndan x\u0259sar\u0259t alan \u015f\u0259xsin h\u0259min gec\u0259 qad\u0131n t\u0259r\u0259find\u0259n hans\u0131 m\u0259qs\u0259dl\u0259 ev\u0259 \u00e7a\u011f\u0131r\u0131lmas\u0131 fakt\u0131, el\u0259c\u0259 d\u0259, m\u0259rhumun \u201cViagra\u201d d\u0259rman\u0131ndan istifad\u0259 etm\u0259si b\u00fct\u00fcn suallara cavabd\u0131r\u201d.<\/p>\n\n\n\n<p>D\u0130N r\u0259smisi \u0259lav\u0259 edib ki, Yegan\u0259 Yusifovan\u0131n \u00f6z\u00fcn\u00fcn d\u0259 d\u0259l\u0259duzluq \u0259m\u0259ll\u0259ril\u0259 ba\u011fl\u0131 5-d\u0259n \u00e7ox epizod \u00fczr\u0259 cinay\u0259t fakt\u0131 var v\u0259 istintaq gedir.<\/p>\n\n\n\n<p>Nazirliyin m\u0259lumat\u0131nda iddia olunur ki, polis \u0259m\u0259kda\u015flar\u0131 hadis\u0259 yerin\u0259 Yegan\u0259 Yusiufovan\u0131n m\u00fcraci\u0259ti \u0259sas\u0131nda gedib. Polisl\u0259r ora g\u0259l\u0259nd\u0259 onunla Arzu Cabbarov aras\u0131nda m\u00fcbahis\u0259nin davam etdiyini g\u00f6r\u00fcbl\u0259r:<\/p>\n\n\n\n<p>\u201cBu zaman Arzu Cabbarovla profilaktiki s\u00f6hb\u0259tl\u0259r apararaq onu sakitl\u0259\u015fdirm\u0259y\u0259 \u00e7al\u0131\u015f\u0131blar. Lakin Arzu Cabbarov aqressiv h\u0259r\u0259k\u0259tl\u0259rini davam etdirib, polisin qanuni t\u0259l\u0259bl\u0259rin\u0259 tabe olmayaraq, evin qap\u0131s\u0131ndak\u0131 p\u0259nc\u0259r\u0259nin \u015f\u00fc\u015f\u0259sini s\u0131nd\u0131r\u0131b, h\u0259min \u015f\u00fc\u015f\u0259 il\u0259 sol qolunun dirs\u0259k b\u00fck\u00fcm\u00fcn\u00fc k\u0259sib. Polis \u0259m\u0259kda\u015flar\u0131 onu \u015e\u0259mkir rayon M\u0259rk\u0259zi X\u0259st\u0259xanas\u0131na \u00e7atd\u0131r\u0131b. Arzu Cabbarov d\u0259rhal \u0259m\u0259liyyat edils\u0259 d\u0259, az sonra v\u0259fat edib\u201d.<\/p>\n\n\n\n<p><strong>Cinay\u0259t i\u015fi \u015e\u0259mkir Prokurorlu\u011fundan al\u0131n\u0131b<\/strong><\/p>\n\n\n\n<p>Arzu Cabbarovun \u00f6l\u00fcm\u00fcyl\u0259 \u0259laq\u0259dar Cinay\u0259t M\u0259c\u0259ll\u0259sinin 125-ci (\u00f6z\u00fcn\u00fc \u00f6ld\u00fcrm\u0259 h\u0259ddin\u0259 \u00e7atd\u0131rma) madd\u0259sil\u0259 cinay\u0259t i\u015fi ba\u015flan\u0131b. Ba\u015f Prokurorluqdan Meydan TV-y\u0259 bildirilib ki, bu cinay\u0259t i\u015finin istintaq\u0131 \u0259vv\u0259l \u015e\u0259mkir Rayon Prokurorlu\u011funda apar\u0131lsa da, sonradan oradan al\u0131n\u0131b, Ba\u015f Prokurorlu\u011fun \u0130stintaq idar\u0259sin\u0259 verilib:<\/p>\n\n\n\n<p>\u201cCinay\u0259t i\u015finin istintaq\u0131 davam edir. Qeyd edil\u0259n cinay\u0259t i\u015fi \u00fczr\u0259 z\u0259ruri ifad\u0259l\u0259r al\u0131nm\u0131\u015f, ekspertizalar t\u0259yin edilmi\u015f, dig\u0259r z\u0259ruri prosessual h\u0259r\u0259k\u0259tl\u0259r icra edilir\u201d.<\/p>\n","protected":false},"excerpt":{"rendered":"<p>Dilq\u0259m Yusifov: \u201cT\u0259\u0259ss\u00fcf ki, rayon prokurorlu\u011fu haqq-\u0259dal\u0259ti b\u0259rq\u0259rar etm\u0259k \u0259v\u0259zin\u0259 &#8230; <\/p>\n<p class=\"read-more-container\"><a title=\"\u015e\u0259mkir sakini: \u201c\u00d6t\u0259n h\u0259r g\u00fcn q\u0131z\u0131m\u0131n v\u0259 ail\u0259min h\u0259yat\u0131na t\u0259hl\u00fck\u0259dir\u201d\" class=\"read-more button\" href=\"https:\/\/www.meydan.tv\/az\/article\/semkir-sakini-oten-her-gun-qizimin-ve-ailemin-heyatina-tehlukedir\/#more-251074\" aria-label=\"Read more about \u015e\u0259mkir sakini: \u201c\u00d6t\u0259n h\u0259r g\u00fcn q\u0131z\u0131m\u0131n v\u0259 ail\u0259min h\u0259yat\u0131na t\u0259hl\u00fck\u0259dir\u201d\">Davam\u0131<\/a><\/p>\n","protected":false},"author":8,"featured_media":251066,"comment_status":"closed","ping_status":"closed","sticky":false,"template":"","format":"standard","meta":{"_acf_changed":false,"_sitemap_exclude":false,"_sitemap_priority":"","_sitemap_frequency":"","footnotes":""},"categories":[60,56],"tags":[],"class_list":["post-251074","post","type-post","status-publish","format-standard","has-post-thumbnail","hentry","category-bolge","category-xeberler","infinite-scroll-item","generate-columns","tablet-grid-50","mobile-grid-100","grid-parent","grid-33","no-featured-image-padding"],"acf":[],"yoast_head":"<!-- This site is optimized with the Yoast SEO plugin v27.5 - https:\/\/yoast.com\/product\/yoast-seo-wordpress\/ -->\n<title>\u015e\u0259mkir sakini: \u201c\u00d6t\u0259n h\u0259r g\u00fcn q\u0131z\u0131m\u0131n v\u0259 ail\u0259min h\u0259yat\u0131na t\u0259hl\u00fck\u0259dir\u201d - MEYDAN.TV<\/title>\n<meta name=\"robots\" content=\"index, follow, max-snippet:-1, max-image-preview:large, max-video-preview:-1\" \/>\n<link rel=\"canonical\" href=\"https:\/\/www.meydan.tv\/az\/article\/semkir-sakini-oten-her-gun-qizimin-ve-ailemin-heyatina-tehlukedir\/\" \/>\n<meta property=\"og:locale\" content=\"az_AZ\" \/>\n<meta property=\"og:type\" content=\"article\" \/>\n<meta property=\"og:title\" content=\"\u015e\u0259mkir sakini: \u201c\u00d6t\u0259n h\u0259r g\u00fcn q\u0131z\u0131m\u0131n v\u0259 ail\u0259min h\u0259yat\u0131na t\u0259hl\u00fck\u0259dir\u201d - MEYDAN.TV\" \/>\n<meta property=\"og:description\" content=\"Dilq\u0259m Yusifov: \u201cT\u0259\u0259ss\u00fcf ki, rayon prokurorlu\u011fu haqq-\u0259dal\u0259ti b\u0259rq\u0259rar etm\u0259k \u0259v\u0259zin\u0259 ... Davam\u0131\" \/>\n<meta property=\"og:url\" content=\"https:\/\/www.meydan.tv\/az\/article\/semkir-sakini-oten-her-gun-qizimin-ve-ailemin-heyatina-tehlukedir\/\" \/>\n<meta property=\"og:site_name\" content=\"MEYDAN.TV\" \/>\n<meta property=\"article:published_time\" content=\"2022-07-18T08:04:55+00:00\" \/>\n<meta property=\"article:modified_time\" content=\"2022-07-18T08:04:57+00:00\" \/>\n<meta property=\"og:image\" content=\"https:\/\/www.meydan.tv\/wp-content\/uploads\/77bb63a7-5890-4e5a-a19d-564edca9e094_720-e1658131478195.jpg\" \/>\n\t<meta property=\"og:image:width\" content=\"1200\" \/>\n\t<meta property=\"og:image:height\" content=\"765\" \/>\n\t<meta property=\"og:image:type\" content=\"image\/jpeg\" \/>\n<meta name=\"author\" content=\"elli\" \/>\n<meta name=\"twitter:card\" content=\"summary_large_image\" \/>\n<meta name=\"twitter:creator\" content=\"@elli\" \/>\n<script type=\"application\/ld+json\" class=\"yoast-schema-graph\">{\"@context\":\"https:\\\/\\\/schema.org\",\"@graph\":[{\"@type\":\"Article\",\"@id\":\"https:\\\/\\\/www.meydan.tv\\\/az\\\/article\\\/semkir-sakini-oten-her-gun-qizimin-ve-ailemin-heyatina-tehlukedir\\\/#article\",\"isPartOf\":{\"@id\":\"https:\\\/\\\/www.meydan.tv\\\/az\\\/article\\\/semkir-sakini-oten-her-gun-qizimin-ve-ailemin-heyatina-tehlukedir\\\/\"},\"author\":{\"name\":\"elli\",\"@id\":\"https:\\\/\\\/www.meydan.tv\\\/az\\\/#\\\/schema\\\/person\\\/9cdbecf90d17180ce1dfbd95b08dcf47\"},\"headline\":\"\u015e\u0259mkir sakini: \u201c\u00d6t\u0259n h\u0259r g\u00fcn q\u0131z\u0131m\u0131n v\u0259 ail\u0259min h\u0259yat\u0131na t\u0259hl\u00fck\u0259dir\u201d\",\"datePublished\":\"2022-07-18T08:04:55+00:00\",\"dateModified\":\"2022-07-18T08:04:57+00:00\",\"mainEntityOfPage\":{\"@id\":\"https:\\\/\\\/www.meydan.tv\\\/az\\\/article\\\/semkir-sakini-oten-her-gun-qizimin-ve-ailemin-heyatina-tehlukedir\\\/\"},\"wordCount\":2000,\"publisher\":{\"@id\":\"https:\\\/\\\/www.meydan.tv\\\/az\\\/#organization\"},\"image\":{\"@id\":\"https:\\\/\\\/www.meydan.tv\\\/az\\\/article\\\/semkir-sakini-oten-her-gun-qizimin-ve-ailemin-heyatina-tehlukedir\\\/#primaryimage\"},\"thumbnailUrl\":\"https:\\\/\\\/www.meydan.tv\\\/wp-content\\\/uploads\\\/77bb63a7-5890-4e5a-a19d-564edca9e094_720-e1658131478195.jpg\",\"articleSection\":[\"B\u00f6lg\u0259\",\"X\u0259b\u0259rl\u0259r\"],\"inLanguage\":\"az\"},{\"@type\":\"WebPage\",\"@id\":\"https:\\\/\\\/www.meydan.tv\\\/az\\\/article\\\/semkir-sakini-oten-her-gun-qizimin-ve-ailemin-heyatina-tehlukedir\\\/\",\"url\":\"https:\\\/\\\/www.meydan.tv\\\/az\\\/article\\\/semkir-sakini-oten-her-gun-qizimin-ve-ailemin-heyatina-tehlukedir\\\/\",\"name\":\"\u015e\u0259mkir sakini: \u201c\u00d6t\u0259n h\u0259r g\u00fcn q\u0131z\u0131m\u0131n v\u0259 ail\u0259min h\u0259yat\u0131na t\u0259hl\u00fck\u0259dir\u201d - MEYDAN.TV\",\"isPartOf\":{\"@id\":\"https:\\\/\\\/www.meydan.tv\\\/az\\\/#website\"},\"primaryImageOfPage\":{\"@id\":\"https:\\\/\\\/www.meydan.tv\\\/az\\\/article\\\/semkir-sakini-oten-her-gun-qizimin-ve-ailemin-heyatina-tehlukedir\\\/#primaryimage\"},\"image\":{\"@id\":\"https:\\\/\\\/www.meydan.tv\\\/az\\\/article\\\/semkir-sakini-oten-her-gun-qizimin-ve-ailemin-heyatina-tehlukedir\\\/#primaryimage\"},\"thumbnailUrl\":\"https:\\\/\\\/www.meydan.tv\\\/wp-content\\\/uploads\\\/77bb63a7-5890-4e5a-a19d-564edca9e094_720-e1658131478195.jpg\",\"datePublished\":\"2022-07-18T08:04:55+00:00\",\"dateModified\":\"2022-07-18T08:04:57+00:00\",\"breadcrumb\":{\"@id\":\"https:\\\/\\\/www.meydan.tv\\\/az\\\/article\\\/semkir-sakini-oten-her-gun-qizimin-ve-ailemin-heyatina-tehlukedir\\\/#breadcrumb\"},\"inLanguage\":\"az\",\"potentialAction\":[{\"@type\":\"ReadAction\",\"target\":[\"https:\\\/\\\/www.meydan.tv\\\/az\\\/article\\\/semkir-sakini-oten-her-gun-qizimin-ve-ailemin-heyatina-tehlukedir\\\/\"]}]},{\"@type\":\"ImageObject\",\"inLanguage\":\"az\",\"@id\":\"https:\\\/\\\/www.meydan.tv\\\/az\\\/article\\\/semkir-sakini-oten-her-gun-qizimin-ve-ailemin-heyatina-tehlukedir\\\/#primaryimage\",\"url\":\"https:\\\/\\\/www.meydan.tv\\\/wp-content\\\/uploads\\\/77bb63a7-5890-4e5a-a19d-564edca9e094_720-e1658131478195.jpg\",\"contentUrl\":\"https:\\\/\\\/www.meydan.tv\\\/wp-content\\\/uploads\\\/77bb63a7-5890-4e5a-a19d-564edca9e094_720-e1658131478195.jpg\",\"width\":1200,\"height\":765,\"caption\":\"Dilq\u0259m v\u0259 B\u0259sti Yusifovlar. Foto: Meydan TV\"},{\"@type\":\"BreadcrumbList\",\"@id\":\"https:\\\/\\\/www.meydan.tv\\\/az\\\/article\\\/semkir-sakini-oten-her-gun-qizimin-ve-ailemin-heyatina-tehlukedir\\\/#breadcrumb\",\"itemListElement\":[{\"@type\":\"ListItem\",\"position\":1,\"name\":\"Ana s\u0259hif\u0259\",\"item\":\"https:\\\/\\\/www.meydan.tv\\\/az\\\/\"},{\"@type\":\"ListItem\",\"position\":2,\"name\":\"B\u00f6lg\u0259\",\"item\":\"https:\\\/\\\/www.meydan.tv\\\/az\\\/section\\\/bolge\\\/\"},{\"@type\":\"ListItem\",\"position\":3,\"name\":\"\u015e\u0259mkir sakini: \u201c\u00d6t\u0259n h\u0259r g\u00fcn q\u0131z\u0131m\u0131n v\u0259 ail\u0259min h\u0259yat\u0131na t\u0259hl\u00fck\u0259dir\u201d\"}]},{\"@type\":\"WebSite\",\"@id\":\"https:\\\/\\\/www.meydan.tv\\\/az\\\/#website\",\"url\":\"https:\\\/\\\/www.meydan.tv\\\/az\\\/\",\"name\":\"MEYDAN.TV\",\"description\":\"Meydan TV Az\u0259rbaycan\u0131n media m\u0259kan\u0131ndak\u0131 alternativ s\u0259sidir\",\"publisher\":{\"@id\":\"https:\\\/\\\/www.meydan.tv\\\/az\\\/#organization\"},\"potentialAction\":[{\"@type\":\"SearchAction\",\"target\":{\"@type\":\"EntryPoint\",\"urlTemplate\":\"https:\\\/\\\/www.meydan.tv\\\/az\\\/?s={search_term_string}\"},\"query-input\":{\"@type\":\"PropertyValueSpecification\",\"valueRequired\":true,\"valueName\":\"search_term_string\"}}],\"inLanguage\":\"az\"},{\"@type\":\"Organization\",\"@id\":\"https:\\\/\\\/www.meydan.tv\\\/az\\\/#organization\",\"name\":\"Meydan TV\",\"url\":\"https:\\\/\\\/www.meydan.tv\\\/az\\\/\",\"logo\":{\"@type\":\"ImageObject\",\"inLanguage\":\"az\",\"@id\":\"https:\\\/\\\/www.meydan.tv\\\/az\\\/#\\\/schema\\\/logo\\\/image\\\/\",\"url\":\"https:\\\/\\\/www.meydan.tv\\\/wp-content\\\/uploads\\\/2021\\\/07\\\/meydan-logo.svg\",\"contentUrl\":\"https:\\\/\\\/www.meydan.tv\\\/wp-content\\\/uploads\\\/2021\\\/07\\\/meydan-logo.svg\",\"width\":195,\"height\":46,\"caption\":\"Meydan TV\"},\"image\":{\"@id\":\"https:\\\/\\\/www.meydan.tv\\\/az\\\/#\\\/schema\\\/logo\\\/image\\\/\"}},{\"@type\":\"Person\",\"@id\":\"https:\\\/\\\/www.meydan.tv\\\/az\\\/#\\\/schema\\\/person\\\/9cdbecf90d17180ce1dfbd95b08dcf47\",\"name\":\"elli\",\"sameAs\":[\"https:\\\/\\\/x.com\\\/elli\"]}]}<\/script>\n<!-- \/ Yoast SEO plugin. -->","yoast_head_json":{"title":"\u015e\u0259mkir sakini: \u201c\u00d6t\u0259n h\u0259r g\u00fcn q\u0131z\u0131m\u0131n v\u0259 ail\u0259min h\u0259yat\u0131na t\u0259hl\u00fck\u0259dir\u201d - MEYDAN.TV","robots":{"index":"index","follow":"follow","max-snippet":"max-snippet:-1","max-image-preview":"max-image-preview:large","max-video-preview":"max-video-preview:-1"},"canonical":"https:\/\/www.meydan.tv\/az\/article\/semkir-sakini-oten-her-gun-qizimin-ve-ailemin-heyatina-tehlukedir\/","og_locale":"az_AZ","og_type":"article","og_title":"\u015e\u0259mkir sakini: \u201c\u00d6t\u0259n h\u0259r g\u00fcn q\u0131z\u0131m\u0131n v\u0259 ail\u0259min h\u0259yat\u0131na t\u0259hl\u00fck\u0259dir\u201d - MEYDAN.TV","og_description":"Dilq\u0259m Yusifov: \u201cT\u0259\u0259ss\u00fcf ki, rayon prokurorlu\u011fu haqq-\u0259dal\u0259ti b\u0259rq\u0259rar etm\u0259k \u0259v\u0259zin\u0259 ... Davam\u0131","og_url":"https:\/\/www.meydan.tv\/az\/article\/semkir-sakini-oten-her-gun-qizimin-ve-ailemin-heyatina-tehlukedir\/","og_site_name":"MEYDAN.TV","article_published_time":"2022-07-18T08:04:55+00:00","article_modified_time":"2022-07-18T08:04:57+00:00","og_image":[{"width":1200,"height":765,"url":"https:\/\/www.meydan.tv\/wp-content\/uploads\/77bb63a7-5890-4e5a-a19d-564edca9e094_720-e1658131478195.jpg","type":"image\/jpeg"}],"author":"elli","twitter_card":"summary_large_image","twitter_creator":"@elli","schema":{"@context":"https:\/\/schema.org","@graph":[{"@type":"Article","@id":"https:\/\/www.meydan.tv\/az\/article\/semkir-sakini-oten-her-gun-qizimin-ve-ailemin-heyatina-tehlukedir\/#article","isPartOf":{"@id":"https:\/\/www.meydan.tv\/az\/article\/semkir-sakini-oten-her-gun-qizimin-ve-ailemin-heyatina-tehlukedir\/"},"author":{"name":"elli","@id":"https:\/\/www.meydan.tv\/az\/#\/schema\/person\/9cdbecf90d17180ce1dfbd95b08dcf47"},"headline":"\u015e\u0259mkir sakini: \u201c\u00d6t\u0259n h\u0259r g\u00fcn q\u0131z\u0131m\u0131n v\u0259 ail\u0259min h\u0259yat\u0131na t\u0259hl\u00fck\u0259dir\u201d","datePublished":"2022-07-18T08:04:55+00:00","dateModified":"2022-07-18T08:04:57+00:00","mainEntityOfPage":{"@id":"https:\/\/www.meydan.tv\/az\/article\/semkir-sakini-oten-her-gun-qizimin-ve-ailemin-heyatina-tehlukedir\/"},"wordCount":2000,"publisher":{"@id":"https:\/\/www.meydan.tv\/az\/#organization"},"image":{"@id":"https:\/\/www.meydan.tv\/az\/article\/semkir-sakini-oten-her-gun-qizimin-ve-ailemin-heyatina-tehlukedir\/#primaryimage"},"thumbnailUrl":"https:\/\/www.meydan.tv\/wp-content\/uploads\/77bb63a7-5890-4e5a-a19d-564edca9e094_720-e1658131478195.jpg","articleSection":["B\u00f6lg\u0259","X\u0259b\u0259rl\u0259r"],"inLanguage":"az"},{"@type":"WebPage","@id":"https:\/\/www.meydan.tv\/az\/article\/semkir-sakini-oten-her-gun-qizimin-ve-ailemin-heyatina-tehlukedir\/","url":"https:\/\/www.meydan.tv\/az\/article\/semkir-sakini-oten-her-gun-qizimin-ve-ailemin-heyatina-tehlukedir\/","name":"\u015e\u0259mkir sakini: \u201c\u00d6t\u0259n h\u0259r g\u00fcn q\u0131z\u0131m\u0131n v\u0259 ail\u0259min h\u0259yat\u0131na t\u0259hl\u00fck\u0259dir\u201d - MEYDAN.TV","isPartOf":{"@id":"https:\/\/www.meydan.tv\/az\/#website"},"primaryImageOfPage":{"@id":"https:\/\/www.meydan.tv\/az\/article\/semkir-sakini-oten-her-gun-qizimin-ve-ailemin-heyatina-tehlukedir\/#primaryimage"},"image":{"@id":"https:\/\/www.meydan.tv\/az\/article\/semkir-sakini-oten-her-gun-qizimin-ve-ailemin-heyatina-tehlukedir\/#primaryimage"},"thumbnailUrl":"https:\/\/www.meydan.tv\/wp-content\/uploads\/77bb63a7-5890-4e5a-a19d-564edca9e094_720-e1658131478195.jpg","datePublished":"2022-07-18T08:04:55+00:00","dateModified":"2022-07-18T08:04:57+00:00","breadcrumb":{"@id":"https:\/\/www.meydan.tv\/az\/article\/semkir-sakini-oten-her-gun-qizimin-ve-ailemin-heyatina-tehlukedir\/#breadcrumb"},"inLanguage":"az","potentialAction":[{"@type":"ReadAction","target":["https:\/\/www.meydan.tv\/az\/article\/semkir-sakini-oten-her-gun-qizimin-ve-ailemin-heyatina-tehlukedir\/"]}]},{"@type":"ImageObject","inLanguage":"az","@id":"https:\/\/www.meydan.tv\/az\/article\/semkir-sakini-oten-her-gun-qizimin-ve-ailemin-heyatina-tehlukedir\/#primaryimage","url":"https:\/\/www.meydan.tv\/wp-content\/uploads\/77bb63a7-5890-4e5a-a19d-564edca9e094_720-e1658131478195.jpg","contentUrl":"https:\/\/www.meydan.tv\/wp-content\/uploads\/77bb63a7-5890-4e5a-a19d-564edca9e094_720-e1658131478195.jpg","width":1200,"height":765,"caption":"Dilq\u0259m v\u0259 B\u0259sti Yusifovlar. Foto: Meydan TV"},{"@type":"BreadcrumbList","@id":"https:\/\/www.meydan.tv\/az\/article\/semkir-sakini-oten-her-gun-qizimin-ve-ailemin-heyatina-tehlukedir\/#breadcrumb","itemListElement":[{"@type":"ListItem","position":1,"name":"Ana s\u0259hif\u0259","item":"https:\/\/www.meydan.tv\/az\/"},{"@type":"ListItem","position":2,"name":"B\u00f6lg\u0259","item":"https:\/\/www.meydan.tv\/az\/section\/bolge\/"},{"@type":"ListItem","position":3,"name":"\u015e\u0259mkir sakini: \u201c\u00d6t\u0259n h\u0259r g\u00fcn q\u0131z\u0131m\u0131n v\u0259 ail\u0259min h\u0259yat\u0131na t\u0259hl\u00fck\u0259dir\u201d"}]},{"@type":"WebSite","@id":"https:\/\/www.meydan.tv\/az\/#website","url":"https:\/\/www.meydan.tv\/az\/","name":"MEYDAN.TV","description":"Meydan TV Az\u0259rbaycan\u0131n media m\u0259kan\u0131ndak\u0131 alternativ s\u0259sidir","publisher":{"@id":"https:\/\/www.meydan.tv\/az\/#organization"},"potentialAction":[{"@type":"SearchAction","target":{"@type":"EntryPoint","urlTemplate":"https:\/\/www.meydan.tv\/az\/?s={search_term_string}"},"query-input":{"@type":"PropertyValueSpecification","valueRequired":true,"valueName":"search_term_string"}}],"inLanguage":"az"},{"@type":"Organization","@id":"https:\/\/www.meydan.tv\/az\/#organization","name":"Meydan TV","url":"https:\/\/www.meydan.tv\/az\/","logo":{"@type":"ImageObject","inLanguage":"az","@id":"https:\/\/www.meydan.tv\/az\/#\/schema\/logo\/image\/","url":"https:\/\/www.meydan.tv\/wp-content\/uploads\/2021\/07\/meydan-logo.svg","contentUrl":"https:\/\/www.meydan.tv\/wp-content\/uploads\/2021\/07\/meydan-logo.svg","width":195,"height":46,"caption":"Meydan TV"},"image":{"@id":"https:\/\/www.meydan.tv\/az\/#\/schema\/logo\/image\/"}},{"@type":"Person","@id":"https:\/\/www.meydan.tv\/az\/#\/schema\/person\/9cdbecf90d17180ce1dfbd95b08dcf47","name":"elli","sameAs":["https:\/\/x.com\/elli"]}]}},"_links":{"self":[{"href":"https:\/\/www.meydan.tv\/az\/wp-json\/wp\/v2\/posts\/251074","targetHints":{"allow":["GET"]}}],"collection":[{"href":"https:\/\/www.meydan.tv\/az\/wp-json\/wp\/v2\/posts"}],"about":[{"href":"https:\/\/www.meydan.tv\/az\/wp-json\/wp\/v2\/types\/post"}],"author":[{"embeddable":true,"href":"https:\/\/www.meydan.tv\/az\/wp-json\/wp\/v2\/users\/8"}],"replies":[{"embeddable":true,"href":"https:\/\/www.meydan.tv\/az\/wp-json\/wp\/v2\/comments?post=251074"}],"version-history":[{"count":1,"href":"https:\/\/www.meydan.tv\/az\/wp-json\/wp\/v2\/posts\/251074\/revisions"}],"predecessor-version":[{"id":251075,"href":"https:\/\/www.meydan.tv\/az\/wp-json\/wp\/v2\/posts\/251074\/revisions\/251075"}],"wp:featuredmedia":[{"embeddable":true,"href":"https:\/\/www.meydan.tv\/az\/wp-json\/wp\/v2\/media\/251066"}],"wp:attachment":[{"href":"https:\/\/www.meydan.tv\/az\/wp-json\/wp\/v2\/media?parent=251074"}],"wp:term":[{"taxonomy":"category","embeddable":true,"href":"https:\/\/www.meydan.tv\/az\/wp-json\/wp\/v2\/categories?post=251074"},{"taxonomy":"post_tag","embeddable":true,"href":"https:\/\/www.meydan.tv\/az\/wp-json\/wp\/v2\/tags?post=251074"}],"curies":[{"name":"wp","href":"https:\/\/api.w.org\/{rel}","templated":true}]}}