{"id":251062,"date":"2022-07-17T16:04:14","date_gmt":"2022-07-17T12:04:14","guid":{"rendered":"https:\/\/www.meydan.tv\/?p=251062"},"modified":"2022-07-17T16:05:07","modified_gmt":"2022-07-17T12:05:07","slug":"doyusde-3-defe-yaralanan-qazi-hele-de-elillik-derecesi-ala-bilmir","status":"publish","type":"post","link":"https:\/\/www.meydan.tv\/az\/article\/doyusde-3-defe-yaralanan-qazi-hele-de-elillik-derecesi-ala-bilmir\/","title":{"rendered":"\u201cD\u00f6y\u00fc\u015fd\u0259 3 d\u0259f\u0259 yaralanan qazi h\u0259l\u0259 d\u0259 \u0259lillik d\u0259r\u0259c\u0259si ala bilmir\u201d"},"content":{"rendered":"\n<p><\/p>\n\n\n\n<p><em>Yax\u0131nlar\u0131 deyir ki, X\u0259yal Abbasova h\u0259m maddi, h\u0259m d\u0259 m\u0259n\u0259vi d\u0259st\u0259k laz\u0131md\u0131r<\/em><\/p>\n\n\n\n<p>\u201c\u0130kinci Qaraba\u011f M\u00fcharib\u0259si qazisi X\u0259yal Abbasov \u00e7\u0259tin v\u0259ziyy\u0259td\u0259 ya\u015fay\u0131r, qazinin probleml\u0259ri il\u0259 maraqlanan yoxdur\u201d.<\/p>\n\n\n\n<p>Bu s\u00f6zl\u0259ri Meydan TV-y\u0259 qazinin yax\u0131nlar\u0131 deyibl\u0259r.<\/p>\n\n\n\n<p>X\u0259yal Abbasov 7 il Daxili Qo\u015funlar\u0131n X\u00fcsusi T\u0259yinatl\u0131lar\u0131nda xidm\u0259td\u0259 olub. M\u00fcharib\u0259 zaman\u0131 Murov da\u011f\u0131 istiqam\u0259tind\u0259 d\u00f6y\u00fc\u015fl\u0259r\u0259 qat\u0131l\u0131b. Orada yaralan\u0131b. M\u00fcdafi\u0259 Nazirliyinin M\u0259rk\u0259zi H\u0259rbi Klinik Hospital\u0131nda m\u00fcalic\u0259 olunark\u0259n Prezident \u0130lham \u018fliyevl\u0259 g\u00f6r\u00fc\u015f\u0259n h\u0259rb\u00e7il\u0259rd\u0259n biridir.<\/p>\n\n\n\n<p>Yax\u0131nlar\u0131 deyirl\u0259r ki, X\u0259yal \u00f6z \u0259riz\u0259si il\u0259 m\u00fcalic\u0259d\u0259n imtina ed\u0259r\u0259k yenid\u0259n d\u00f6y\u00fc\u015fl\u0259r\u0259 qat\u0131l\u0131b. C\u0259bray\u0131lda, sonra Hadrutda d\u00f6y\u00fc\u015fl\u0259rin birind\u0259 yen\u0259 yaralanaraq k\u0259ll\u0259-beyin travmas\u0131 al\u0131b. Bu d\u0259f\u0259 Neft\u00e7ala hospital\u0131nda m\u00fcalic\u0259 al\u0131b v\u0259 yenid\u0259n d\u00f6y\u00fc\u015f\u0259 qat\u0131l\u0131b.<\/p>\n\n\n\n<p>\u201c\u0130kinci d\u0259f\u0259 d\u00f6y\u00fc\u015f\u0259 qat\u0131landa b\u0259d\u0259nind\u0259 17 q\u0259lp\u0259 olub. \u00dc\u00e7\u00fcnc\u00fc d\u0259f\u0259 \u015eu\u015fa istiqam\u0259tind\u0259 d\u00f6y\u00fc\u015fl\u0259rd\u0259 i\u015ftirak edib. H\u0259min istiqam\u0259td\u0259 avtomobill\u0259ri da\u011fdan a\u015f\u0131b v\u0259 o, yenid\u0259n a\u011f\u0131r yaralanaraq x\u0259st\u0259xanaya \u00e7atd\u0131r\u0131l\u0131b. \u0130ndi is\u0259 onun probleml\u0259ri he\u00e7 kimi maraqland\u0131rm\u0131r\u201d,- d\u00f6vl\u0259t m\u00fc\u0259ssis\u0259sind\u0259 \u00e7al\u0131\u015fd\u0131\u011f\u0131 \u00fc\u00e7\u00fcn ad\u0131n\u0131n \u00e7\u0259kilm\u0259sini ist\u0259m\u0259y\u0259n yax\u0131n\u0131 dan\u0131\u015f\u0131b.<\/p>\n\n\n\n<p>D\u00f6y\u00fc\u015fd\u0259 \u00fc\u00e7 d\u0259f\u0259 a\u011f\u0131r yaralanan X\u0259yal h\u0259l\u0259 d\u0259 \u0259lillik d\u0259r\u0259c\u0259si ala bilmir, iki azya\u015fl\u0131 \u00f6vlad\u0131 il\u0259 valideynl\u0259rinin himay\u0259sind\u0259 ya\u015fay\u0131r.<\/p>\n\n\n<div class=\"wp-block-image\">\n<figure class=\"alignleft size-large is-resized\"><img decoding=\"async\" data-src=\"https:\/\/www.meydan.tv\/wp-content\/uploads\/9012cc59-42fc-4965-bf86-7b6cbb598f34-547x821.jpg\" alt=\"\" class=\"wp-image-251059 lazyload\" width=\"367\" height=\"551\" src=\"data:image\/svg+xml;base64,PHN2ZyB3aWR0aD0iMSIgaGVpZ2h0PSIxIiB4bWxucz0iaHR0cDovL3d3dy53My5vcmcvMjAwMC9zdmciPjwvc3ZnPg==\" style=\"--smush-placeholder-width: 367px; --smush-placeholder-aspect-ratio: 367\/551;\" \/><\/figure>\n<\/div>\n\n\n<p>Ail\u0259 \u00fczvl\u0259ri deyir ki, Goranboy Rayon \u0130cra Hakimiyy\u0259tin\u0259, rayon b\u0259l\u0259diyy\u0259sin\u0259 torpaq \u00fc\u00e7\u00fcn m\u00fcraci\u0259t ets\u0259l\u0259r d\u0259, ist\u0259kl\u0259rin\u0259 baxan yoxdur.<\/p>\n\n\n\n<p>\u201cMing\u0259\u00e7evird\u0259 psixiatr m\u00fcayin\u0259sin\u0259 getmi\u015fdi. Deyir ki, Goranboyda get-g\u0259l\u0259 sal\u0131rlar. Ming\u0259\u00e7evird\u0259 is\u0259 \u0259ksin\u0259 onu xo\u015f qar\u015f\u0131lay\u0131blar. Sakitl\u0259\u015fdirici d\u0259rmanlar q\u0259bul edir, ayaq\u00fcst\u0259 \u00e7ox qala bilmir. X\u0259yala h\u0259m maddi, h\u0259m d\u0259 m\u0259n\u0259vi yard\u0131m laz\u0131md\u0131r\u201d, &#8211; yax\u0131n\u0131 deyib.<\/p>\n\n\n\n<p>Goranboy Rayon \u0130cra Hakimiyy\u0259tind\u0259n Meydan TV-y\u0259 bildiribl\u0259r ki, qurumda \u015f\u0259hid ail\u0259l\u0259ri v\u0259 qazil\u0259rl\u0259 ba\u011fl\u0131 komissiya f\u0259aliyy\u0259t g\u00f6st\u0259rir. Qazil\u0259r q\u0259bul edil\u0259r\u0259k m\u00fcraci\u0259tl\u0259ri dinl\u0259nilir. X\u0259yal Abbasova da torpaq sah\u0259si t\u0259klif edilib. O ki qald\u0131 \u0259lillik d\u0259r\u0259c\u0259sin\u0259, icra hakimiyy\u0259ti yaln\u0131z aidiyyat\u0131 quruma m\u00fcraci\u0259t \u00fc\u00e7\u00fcn istiqam\u0259tl\u0259ndir\u0259 bil\u0259r.<\/p>\n\n\n\n<p>Meydan TV-nin \u018fm\u0259k v\u0259 \u018fhalinin Sosial M\u00fcdafi\u0259si Nazirliyin\u0259 \u00fcnvanlad\u0131\u011f\u0131 sor\u011fu is\u0259 cavabland\u0131r\u0131lmay\u0131b.<\/p>\n","protected":false},"excerpt":{"rendered":"<p>Yax\u0131nlar\u0131 deyir ki, X\u0259yal Abbasova h\u0259m maddi, h\u0259m d\u0259 m\u0259n\u0259vi &#8230; <\/p>\n<p class=\"read-more-container\"><a title=\"\u201cD\u00f6y\u00fc\u015fd\u0259 3 d\u0259f\u0259 yaralanan qazi h\u0259l\u0259 d\u0259 \u0259lillik d\u0259r\u0259c\u0259si ala bilmir\u201d\" class=\"read-more button\" href=\"https:\/\/www.meydan.tv\/az\/article\/doyusde-3-defe-yaralanan-qazi-hele-de-elillik-derecesi-ala-bilmir\/#more-251062\" aria-label=\"Read more about \u201cD\u00f6y\u00fc\u015fd\u0259 3 d\u0259f\u0259 yaralanan qazi h\u0259l\u0259 d\u0259 \u0259lillik d\u0259r\u0259c\u0259si ala bilmir\u201d\">Davam\u0131<\/a><\/p>\n","protected":false},"author":8,"featured_media":251056,"comment_status":"closed","ping_status":"closed","sticky":false,"template":"","format":"standard","meta":{"_acf_changed":false,"_sitemap_exclude":false,"_sitemap_priority":"","_sitemap_frequency":"","footnotes":""},"categories":[60,56],"tags":[],"class_list":["post-251062","post","type-post","status-publish","format-standard","has-post-thumbnail","hentry","category-bolge","category-xeberler","infinite-scroll-item","generate-columns","tablet-grid-50","mobile-grid-100","grid-parent","grid-33","no-featured-image-padding"],"acf":[],"yoast_head":"<!-- This site is optimized with the Yoast SEO plugin v27.5 - https:\/\/yoast.com\/product\/yoast-seo-wordpress\/ -->\n<title>\u201cD\u00f6y\u00fc\u015fd\u0259 3 d\u0259f\u0259 yaralanan qazi h\u0259l\u0259 d\u0259 \u0259lillik d\u0259r\u0259c\u0259si ala bilmir\u201d - MEYDAN.TV<\/title>\n<meta name=\"robots\" content=\"index, follow, max-snippet:-1, max-image-preview:large, max-video-preview:-1\" \/>\n<link rel=\"canonical\" href=\"https:\/\/www.meydan.tv\/az\/article\/doyusde-3-defe-yaralanan-qazi-hele-de-elillik-derecesi-ala-bilmir\/\" \/>\n<meta property=\"og:locale\" content=\"az_AZ\" \/>\n<meta property=\"og:type\" content=\"article\" \/>\n<meta property=\"og:title\" content=\"\u201cD\u00f6y\u00fc\u015fd\u0259 3 d\u0259f\u0259 yaralanan qazi h\u0259l\u0259 d\u0259 \u0259lillik d\u0259r\u0259c\u0259si ala bilmir\u201d - MEYDAN.TV\" \/>\n<meta property=\"og:description\" content=\"Yax\u0131nlar\u0131 deyir ki, X\u0259yal Abbasova h\u0259m maddi, h\u0259m d\u0259 m\u0259n\u0259vi ... Davam\u0131\" \/>\n<meta property=\"og:url\" content=\"https:\/\/www.meydan.tv\/az\/article\/doyusde-3-defe-yaralanan-qazi-hele-de-elillik-derecesi-ala-bilmir\/\" \/>\n<meta property=\"og:site_name\" content=\"MEYDAN.TV\" \/>\n<meta property=\"article:published_time\" content=\"2022-07-17T12:04:14+00:00\" \/>\n<meta property=\"article:modified_time\" content=\"2022-07-17T12:05:07+00:00\" \/>\n<meta property=\"og:image\" content=\"https:\/\/www.meydan.tv\/wp-content\/uploads\/untitled-design-7-12-e1658059445650.jpg\" \/>\n\t<meta property=\"og:image:width\" content=\"1200\" \/>\n\t<meta property=\"og:image:height\" content=\"723\" \/>\n\t<meta property=\"og:image:type\" content=\"image\/jpeg\" \/>\n<meta name=\"author\" content=\"elli\" \/>\n<meta name=\"twitter:card\" content=\"summary_large_image\" \/>\n<meta name=\"twitter:creator\" content=\"@elli\" \/>\n<script type=\"application\/ld+json\" class=\"yoast-schema-graph\">{\"@context\":\"https:\\\/\\\/schema.org\",\"@graph\":[{\"@type\":\"Article\",\"@id\":\"https:\\\/\\\/www.meydan.tv\\\/az\\\/article\\\/doyusde-3-defe-yaralanan-qazi-hele-de-elillik-derecesi-ala-bilmir\\\/#article\",\"isPartOf\":{\"@id\":\"https:\\\/\\\/www.meydan.tv\\\/az\\\/article\\\/doyusde-3-defe-yaralanan-qazi-hele-de-elillik-derecesi-ala-bilmir\\\/\"},\"author\":{\"name\":\"elli\",\"@id\":\"https:\\\/\\\/www.meydan.tv\\\/az\\\/#\\\/schema\\\/person\\\/9cdbecf90d17180ce1dfbd95b08dcf47\"},\"headline\":\"\u201cD\u00f6y\u00fc\u015fd\u0259 3 d\u0259f\u0259 yaralanan qazi h\u0259l\u0259 d\u0259 \u0259lillik d\u0259r\u0259c\u0259si ala bilmir\u201d\",\"datePublished\":\"2022-07-17T12:04:14+00:00\",\"dateModified\":\"2022-07-17T12:05:07+00:00\",\"mainEntityOfPage\":{\"@id\":\"https:\\\/\\\/www.meydan.tv\\\/az\\\/article\\\/doyusde-3-defe-yaralanan-qazi-hele-de-elillik-derecesi-ala-bilmir\\\/\"},\"wordCount\":493,\"publisher\":{\"@id\":\"https:\\\/\\\/www.meydan.tv\\\/az\\\/#organization\"},\"image\":{\"@id\":\"https:\\\/\\\/www.meydan.tv\\\/az\\\/article\\\/doyusde-3-defe-yaralanan-qazi-hele-de-elillik-derecesi-ala-bilmir\\\/#primaryimage\"},\"thumbnailUrl\":\"https:\\\/\\\/www.meydan.tv\\\/wp-content\\\/uploads\\\/untitled-design-7-12-e1658059445650.jpg\",\"articleSection\":[\"B\u00f6lg\u0259\",\"X\u0259b\u0259rl\u0259r\"],\"inLanguage\":\"az\"},{\"@type\":\"WebPage\",\"@id\":\"https:\\\/\\\/www.meydan.tv\\\/az\\\/article\\\/doyusde-3-defe-yaralanan-qazi-hele-de-elillik-derecesi-ala-bilmir\\\/\",\"url\":\"https:\\\/\\\/www.meydan.tv\\\/az\\\/article\\\/doyusde-3-defe-yaralanan-qazi-hele-de-elillik-derecesi-ala-bilmir\\\/\",\"name\":\"\u201cD\u00f6y\u00fc\u015fd\u0259 3 d\u0259f\u0259 yaralanan qazi h\u0259l\u0259 d\u0259 \u0259lillik d\u0259r\u0259c\u0259si ala bilmir\u201d - MEYDAN.TV\",\"isPartOf\":{\"@id\":\"https:\\\/\\\/www.meydan.tv\\\/az\\\/#website\"},\"primaryImageOfPage\":{\"@id\":\"https:\\\/\\\/www.meydan.tv\\\/az\\\/article\\\/doyusde-3-defe-yaralanan-qazi-hele-de-elillik-derecesi-ala-bilmir\\\/#primaryimage\"},\"image\":{\"@id\":\"https:\\\/\\\/www.meydan.tv\\\/az\\\/article\\\/doyusde-3-defe-yaralanan-qazi-hele-de-elillik-derecesi-ala-bilmir\\\/#primaryimage\"},\"thumbnailUrl\":\"https:\\\/\\\/www.meydan.tv\\\/wp-content\\\/uploads\\\/untitled-design-7-12-e1658059445650.jpg\",\"datePublished\":\"2022-07-17T12:04:14+00:00\",\"dateModified\":\"2022-07-17T12:05:07+00:00\",\"breadcrumb\":{\"@id\":\"https:\\\/\\\/www.meydan.tv\\\/az\\\/article\\\/doyusde-3-defe-yaralanan-qazi-hele-de-elillik-derecesi-ala-bilmir\\\/#breadcrumb\"},\"inLanguage\":\"az\",\"potentialAction\":[{\"@type\":\"ReadAction\",\"target\":[\"https:\\\/\\\/www.meydan.tv\\\/az\\\/article\\\/doyusde-3-defe-yaralanan-qazi-hele-de-elillik-derecesi-ala-bilmir\\\/\"]}]},{\"@type\":\"ImageObject\",\"inLanguage\":\"az\",\"@id\":\"https:\\\/\\\/www.meydan.tv\\\/az\\\/article\\\/doyusde-3-defe-yaralanan-qazi-hele-de-elillik-derecesi-ala-bilmir\\\/#primaryimage\",\"url\":\"https:\\\/\\\/www.meydan.tv\\\/wp-content\\\/uploads\\\/untitled-design-7-12-e1658059445650.jpg\",\"contentUrl\":\"https:\\\/\\\/www.meydan.tv\\\/wp-content\\\/uploads\\\/untitled-design-7-12-e1658059445650.jpg\",\"width\":1200,\"height\":723,\"caption\":\"X\u0259yal Abbasov. Fotolar: Meydan TV\"},{\"@type\":\"BreadcrumbList\",\"@id\":\"https:\\\/\\\/www.meydan.tv\\\/az\\\/article\\\/doyusde-3-defe-yaralanan-qazi-hele-de-elillik-derecesi-ala-bilmir\\\/#breadcrumb\",\"itemListElement\":[{\"@type\":\"ListItem\",\"position\":1,\"name\":\"Ana s\u0259hif\u0259\",\"item\":\"https:\\\/\\\/www.meydan.tv\\\/az\\\/\"},{\"@type\":\"ListItem\",\"position\":2,\"name\":\"B\u00f6lg\u0259\",\"item\":\"https:\\\/\\\/www.meydan.tv\\\/az\\\/section\\\/bolge\\\/\"},{\"@type\":\"ListItem\",\"position\":3,\"name\":\"\u201cD\u00f6y\u00fc\u015fd\u0259 3 d\u0259f\u0259 yaralanan qazi h\u0259l\u0259 d\u0259 \u0259lillik d\u0259r\u0259c\u0259si ala bilmir\u201d\"}]},{\"@type\":\"WebSite\",\"@id\":\"https:\\\/\\\/www.meydan.tv\\\/az\\\/#website\",\"url\":\"https:\\\/\\\/www.meydan.tv\\\/az\\\/\",\"name\":\"MEYDAN.TV\",\"description\":\"Meydan TV Az\u0259rbaycan\u0131n media m\u0259kan\u0131ndak\u0131 alternativ s\u0259sidir\",\"publisher\":{\"@id\":\"https:\\\/\\\/www.meydan.tv\\\/az\\\/#organization\"},\"potentialAction\":[{\"@type\":\"SearchAction\",\"target\":{\"@type\":\"EntryPoint\",\"urlTemplate\":\"https:\\\/\\\/www.meydan.tv\\\/az\\\/?s={search_term_string}\"},\"query-input\":{\"@type\":\"PropertyValueSpecification\",\"valueRequired\":true,\"valueName\":\"search_term_string\"}}],\"inLanguage\":\"az\"},{\"@type\":\"Organization\",\"@id\":\"https:\\\/\\\/www.meydan.tv\\\/az\\\/#organization\",\"name\":\"Meydan TV\",\"url\":\"https:\\\/\\\/www.meydan.tv\\\/az\\\/\",\"logo\":{\"@type\":\"ImageObject\",\"inLanguage\":\"az\",\"@id\":\"https:\\\/\\\/www.meydan.tv\\\/az\\\/#\\\/schema\\\/logo\\\/image\\\/\",\"url\":\"https:\\\/\\\/www.meydan.tv\\\/wp-content\\\/uploads\\\/2021\\\/07\\\/meydan-logo.svg\",\"contentUrl\":\"https:\\\/\\\/www.meydan.tv\\\/wp-content\\\/uploads\\\/2021\\\/07\\\/meydan-logo.svg\",\"width\":195,\"height\":46,\"caption\":\"Meydan TV\"},\"image\":{\"@id\":\"https:\\\/\\\/www.meydan.tv\\\/az\\\/#\\\/schema\\\/logo\\\/image\\\/\"}},{\"@type\":\"Person\",\"@id\":\"https:\\\/\\\/www.meydan.tv\\\/az\\\/#\\\/schema\\\/person\\\/9cdbecf90d17180ce1dfbd95b08dcf47\",\"name\":\"elli\",\"sameAs\":[\"https:\\\/\\\/x.com\\\/elli\"]}]}<\/script>\n<!-- \/ Yoast SEO plugin. -->","yoast_head_json":{"title":"\u201cD\u00f6y\u00fc\u015fd\u0259 3 d\u0259f\u0259 yaralanan qazi h\u0259l\u0259 d\u0259 \u0259lillik d\u0259r\u0259c\u0259si ala bilmir\u201d - MEYDAN.TV","robots":{"index":"index","follow":"follow","max-snippet":"max-snippet:-1","max-image-preview":"max-image-preview:large","max-video-preview":"max-video-preview:-1"},"canonical":"https:\/\/www.meydan.tv\/az\/article\/doyusde-3-defe-yaralanan-qazi-hele-de-elillik-derecesi-ala-bilmir\/","og_locale":"az_AZ","og_type":"article","og_title":"\u201cD\u00f6y\u00fc\u015fd\u0259 3 d\u0259f\u0259 yaralanan qazi h\u0259l\u0259 d\u0259 \u0259lillik d\u0259r\u0259c\u0259si ala bilmir\u201d - MEYDAN.TV","og_description":"Yax\u0131nlar\u0131 deyir ki, X\u0259yal Abbasova h\u0259m maddi, h\u0259m d\u0259 m\u0259n\u0259vi ... Davam\u0131","og_url":"https:\/\/www.meydan.tv\/az\/article\/doyusde-3-defe-yaralanan-qazi-hele-de-elillik-derecesi-ala-bilmir\/","og_site_name":"MEYDAN.TV","article_published_time":"2022-07-17T12:04:14+00:00","article_modified_time":"2022-07-17T12:05:07+00:00","og_image":[{"width":1200,"height":723,"url":"https:\/\/www.meydan.tv\/wp-content\/uploads\/untitled-design-7-12-e1658059445650.jpg","type":"image\/jpeg"}],"author":"elli","twitter_card":"summary_large_image","twitter_creator":"@elli","schema":{"@context":"https:\/\/schema.org","@graph":[{"@type":"Article","@id":"https:\/\/www.meydan.tv\/az\/article\/doyusde-3-defe-yaralanan-qazi-hele-de-elillik-derecesi-ala-bilmir\/#article","isPartOf":{"@id":"https:\/\/www.meydan.tv\/az\/article\/doyusde-3-defe-yaralanan-qazi-hele-de-elillik-derecesi-ala-bilmir\/"},"author":{"name":"elli","@id":"https:\/\/www.meydan.tv\/az\/#\/schema\/person\/9cdbecf90d17180ce1dfbd95b08dcf47"},"headline":"\u201cD\u00f6y\u00fc\u015fd\u0259 3 d\u0259f\u0259 yaralanan qazi h\u0259l\u0259 d\u0259 \u0259lillik d\u0259r\u0259c\u0259si ala bilmir\u201d","datePublished":"2022-07-17T12:04:14+00:00","dateModified":"2022-07-17T12:05:07+00:00","mainEntityOfPage":{"@id":"https:\/\/www.meydan.tv\/az\/article\/doyusde-3-defe-yaralanan-qazi-hele-de-elillik-derecesi-ala-bilmir\/"},"wordCount":493,"publisher":{"@id":"https:\/\/www.meydan.tv\/az\/#organization"},"image":{"@id":"https:\/\/www.meydan.tv\/az\/article\/doyusde-3-defe-yaralanan-qazi-hele-de-elillik-derecesi-ala-bilmir\/#primaryimage"},"thumbnailUrl":"https:\/\/www.meydan.tv\/wp-content\/uploads\/untitled-design-7-12-e1658059445650.jpg","articleSection":["B\u00f6lg\u0259","X\u0259b\u0259rl\u0259r"],"inLanguage":"az"},{"@type":"WebPage","@id":"https:\/\/www.meydan.tv\/az\/article\/doyusde-3-defe-yaralanan-qazi-hele-de-elillik-derecesi-ala-bilmir\/","url":"https:\/\/www.meydan.tv\/az\/article\/doyusde-3-defe-yaralanan-qazi-hele-de-elillik-derecesi-ala-bilmir\/","name":"\u201cD\u00f6y\u00fc\u015fd\u0259 3 d\u0259f\u0259 yaralanan qazi h\u0259l\u0259 d\u0259 \u0259lillik d\u0259r\u0259c\u0259si ala bilmir\u201d - MEYDAN.TV","isPartOf":{"@id":"https:\/\/www.meydan.tv\/az\/#website"},"primaryImageOfPage":{"@id":"https:\/\/www.meydan.tv\/az\/article\/doyusde-3-defe-yaralanan-qazi-hele-de-elillik-derecesi-ala-bilmir\/#primaryimage"},"image":{"@id":"https:\/\/www.meydan.tv\/az\/article\/doyusde-3-defe-yaralanan-qazi-hele-de-elillik-derecesi-ala-bilmir\/#primaryimage"},"thumbnailUrl":"https:\/\/www.meydan.tv\/wp-content\/uploads\/untitled-design-7-12-e1658059445650.jpg","datePublished":"2022-07-17T12:04:14+00:00","dateModified":"2022-07-17T12:05:07+00:00","breadcrumb":{"@id":"https:\/\/www.meydan.tv\/az\/article\/doyusde-3-defe-yaralanan-qazi-hele-de-elillik-derecesi-ala-bilmir\/#breadcrumb"},"inLanguage":"az","potentialAction":[{"@type":"ReadAction","target":["https:\/\/www.meydan.tv\/az\/article\/doyusde-3-defe-yaralanan-qazi-hele-de-elillik-derecesi-ala-bilmir\/"]}]},{"@type":"ImageObject","inLanguage":"az","@id":"https:\/\/www.meydan.tv\/az\/article\/doyusde-3-defe-yaralanan-qazi-hele-de-elillik-derecesi-ala-bilmir\/#primaryimage","url":"https:\/\/www.meydan.tv\/wp-content\/uploads\/untitled-design-7-12-e1658059445650.jpg","contentUrl":"https:\/\/www.meydan.tv\/wp-content\/uploads\/untitled-design-7-12-e1658059445650.jpg","width":1200,"height":723,"caption":"X\u0259yal Abbasov. Fotolar: Meydan TV"},{"@type":"BreadcrumbList","@id":"https:\/\/www.meydan.tv\/az\/article\/doyusde-3-defe-yaralanan-qazi-hele-de-elillik-derecesi-ala-bilmir\/#breadcrumb","itemListElement":[{"@type":"ListItem","position":1,"name":"Ana s\u0259hif\u0259","item":"https:\/\/www.meydan.tv\/az\/"},{"@type":"ListItem","position":2,"name":"B\u00f6lg\u0259","item":"https:\/\/www.meydan.tv\/az\/section\/bolge\/"},{"@type":"ListItem","position":3,"name":"\u201cD\u00f6y\u00fc\u015fd\u0259 3 d\u0259f\u0259 yaralanan qazi h\u0259l\u0259 d\u0259 \u0259lillik d\u0259r\u0259c\u0259si ala bilmir\u201d"}]},{"@type":"WebSite","@id":"https:\/\/www.meydan.tv\/az\/#website","url":"https:\/\/www.meydan.tv\/az\/","name":"MEYDAN.TV","description":"Meydan TV Az\u0259rbaycan\u0131n media m\u0259kan\u0131ndak\u0131 alternativ s\u0259sidir","publisher":{"@id":"https:\/\/www.meydan.tv\/az\/#organization"},"potentialAction":[{"@type":"SearchAction","target":{"@type":"EntryPoint","urlTemplate":"https:\/\/www.meydan.tv\/az\/?s={search_term_string}"},"query-input":{"@type":"PropertyValueSpecification","valueRequired":true,"valueName":"search_term_string"}}],"inLanguage":"az"},{"@type":"Organization","@id":"https:\/\/www.meydan.tv\/az\/#organization","name":"Meydan TV","url":"https:\/\/www.meydan.tv\/az\/","logo":{"@type":"ImageObject","inLanguage":"az","@id":"https:\/\/www.meydan.tv\/az\/#\/schema\/logo\/image\/","url":"https:\/\/www.meydan.tv\/wp-content\/uploads\/2021\/07\/meydan-logo.svg","contentUrl":"https:\/\/www.meydan.tv\/wp-content\/uploads\/2021\/07\/meydan-logo.svg","width":195,"height":46,"caption":"Meydan TV"},"image":{"@id":"https:\/\/www.meydan.tv\/az\/#\/schema\/logo\/image\/"}},{"@type":"Person","@id":"https:\/\/www.meydan.tv\/az\/#\/schema\/person\/9cdbecf90d17180ce1dfbd95b08dcf47","name":"elli","sameAs":["https:\/\/x.com\/elli"]}]}},"_links":{"self":[{"href":"https:\/\/www.meydan.tv\/az\/wp-json\/wp\/v2\/posts\/251062","targetHints":{"allow":["GET"]}}],"collection":[{"href":"https:\/\/www.meydan.tv\/az\/wp-json\/wp\/v2\/posts"}],"about":[{"href":"https:\/\/www.meydan.tv\/az\/wp-json\/wp\/v2\/types\/post"}],"author":[{"embeddable":true,"href":"https:\/\/www.meydan.tv\/az\/wp-json\/wp\/v2\/users\/8"}],"replies":[{"embeddable":true,"href":"https:\/\/www.meydan.tv\/az\/wp-json\/wp\/v2\/comments?post=251062"}],"version-history":[{"count":2,"href":"https:\/\/www.meydan.tv\/az\/wp-json\/wp\/v2\/posts\/251062\/revisions"}],"predecessor-version":[{"id":251064,"href":"https:\/\/www.meydan.tv\/az\/wp-json\/wp\/v2\/posts\/251062\/revisions\/251064"}],"wp:featuredmedia":[{"embeddable":true,"href":"https:\/\/www.meydan.tv\/az\/wp-json\/wp\/v2\/media\/251056"}],"wp:attachment":[{"href":"https:\/\/www.meydan.tv\/az\/wp-json\/wp\/v2\/media?parent=251062"}],"wp:term":[{"taxonomy":"category","embeddable":true,"href":"https:\/\/www.meydan.tv\/az\/wp-json\/wp\/v2\/categories?post=251062"},{"taxonomy":"post_tag","embeddable":true,"href":"https:\/\/www.meydan.tv\/az\/wp-json\/wp\/v2\/tags?post=251062"}],"curies":[{"name":"wp","href":"https:\/\/api.w.org\/{rel}","templated":true}]}}