{"id":251040,"date":"2022-07-17T15:26:43","date_gmt":"2022-07-17T11:26:43","guid":{"rendered":"https:\/\/www.meydan.tv\/?p=251040"},"modified":"2022-07-17T15:26:45","modified_gmt":"2022-07-17T11:26:45","slug":"prokurorluq-doyulen-yeniyetme-ile-bagli-arasdirma-aparildigini-deyir","status":"publish","type":"post","link":"https:\/\/www.meydan.tv\/az\/article\/prokurorluq-doyulen-yeniyetme-ile-bagli-arasdirma-aparildigini-deyir\/","title":{"rendered":"Prokurorluq d\u00f6y\u00fcl\u0259n yeniyetm\u0259 il\u0259 ba\u011fl\u0131 ara\u015fd\u0131rma apar\u0131ld\u0131\u011f\u0131n\u0131 deyir"},"content":{"rendered":"\n<p><strong><em>\u201cM\u0259hk\u0259m\u0259-tibb ekspertizas\u0131 t\u0259yin edilib v\u0259 dig\u0259r prosessual h\u0259r\u0259k\u0259tl\u0259r yerin\u0259 yetirilib\u201d<\/em><\/strong><\/p>\n\n\n\n<p>L\u0259nk\u0259ran \u015f\u0259h\u0259rind\u0259 yeniyetm\u0259 q\u0131z\u0131n sinif yolda\u015f\u0131n\u0131n ail\u0259si t\u0259r\u0259find\u0259n d\u00f6y\u00fcld\u00fcy\u00fc bildirilir. Yeniyetm\u0259nin anas\u0131 L\u0259man Camalovan\u0131n verdiyi m\u0259lumata g\u00f6r\u0259, hadis\u0259 L\u0259nk\u0259ran Rayon \u0130cra Hakimiyy\u0259ti ba\u015f\u00e7\u0131s\u0131n\u0131n m\u00fcavini R\u0259sil\u0259 \u018fliyevan\u0131n m\u0259nzilind\u0259 ba\u015f verib. Bel\u0259 ki, yeniyetm\u0259 R\u0259sil\u0259 \u018fliyevan\u0131n q\u0131z\u0131 il\u0259 eyni sinifd\u0259 oxuyurmu\u015f.<\/p>\n\n\n\n<p>4 sayl\u0131 orta m\u0259kt\u0259bin direktoru Yegan\u0259 \u018fsg\u0259rovan\u0131n q\u0131z\u0131 attestat verm\u0259k ad\u0131 il\u0259 ev\u0259 \u00e7a\u011f\u0131r\u0131ld\u0131\u011f\u0131 v\u0259 orada d\u00f6y\u00fcld\u00fcy\u00fc bildirilir. Yeniyetm\u0259nin anas\u0131 deyir ki, q\u0131z\u0131n\u0131n d\u00f6y\u00fclm\u0259sin\u0259 s\u0259b\u0259b yeniyetm\u0259l\u0259rin telefonla mesajla\u015fmas\u0131 olub. Ana m\u00fcavinin q\u0131z\u0131n\u0131n onun \u00f6vlad\u0131n\u0131n telefonundan istifad\u0259 etdiyini deyir.<\/p>\n\n\n\n<p>\u201cEvd\u0259 R\u0259sil\u0259nin anas\u0131, ba\u015fqa bir qad\u0131n, t\u0259mizlik\u00e7i olub. Telefonla q\u0131z\u0131m\u0131n ba\u015f\u0131na, \u0259l v\u0259 t\u0259pikl\u0259 is\u0259 \u00fcz\u00fcn\u0259, b\u0259d\u0259nin\u0259 a\u011f\u0131r x\u0259sar\u0259tl\u0259r yetirib. Q\u0131z\u0131m yalvar\u0131b, m\u0259n\u0259 z\u0259ng etm\u0259k ist\u0259diyini deyib, amma icaz\u0259 verilm\u0259yib\u201d.<\/p>\n\n\n\n<p>Valideynin s\u00f6zl\u0259rin\u0259 g\u00f6r\u0259, hadis\u0259d\u0259n sonra R\u0259sil\u0259 \u018fliyeva onu v\u0259 q\u0131z\u0131n\u0131 \u0259xlaqs\u0131z, pozgun kimi q\u0259l\u0259m\u0259 verib.<\/p>\n\n\n\n<figure class=\"wp-block-embed is-type-video is-provider-youtube wp-block-embed-youtube wp-embed-aspect-16-9 wp-has-aspect-ratio\"><div class=\"wp-block-embed__wrapper\">\n<iframe title=\"L\u0259nk\u0259randa \u0130cra ba\u015f\u00e7\u0131s\u0131n\u0131n m\u00fcavini direktorun g\u00f6z\u00fc qar\u015f\u0131s\u0131nda m\u0259kt\u0259bli q\u0131za \u0130\u015eG\u018fNC\u018f verdi \u2013 FAKT\" width=\"1200\" height=\"675\" data-src=\"https:\/\/www.youtube.com\/embed\/9hwmpTYmJeo?feature=oembed\" frameborder=\"0\" allow=\"accelerometer; autoplay; clipboard-write; encrypted-media; gyroscope; picture-in-picture\" allowfullscreen src=\"data:image\/svg+xml;base64,PHN2ZyB3aWR0aD0iMSIgaGVpZ2h0PSIxIiB4bWxucz0iaHR0cDovL3d3dy53My5vcmcvMjAwMC9zdmciPjwvc3ZnPg==\" class=\"lazyload\" data-load-mode=\"1\"><\/iframe>\n<\/div><\/figure>\n\n\n\n<p>L\u0259nk\u0259ran rayon icra ba\u015f\u00e7\u0131s\u0131n\u0131n m\u00fcavini, \u0130ctimai-siyasi v\u0259 humanitar m\u0259s\u0259l\u0259l\u0259r \u015f\u00f6b\u0259sinin m\u00fcdiri R\u0259sil\u0259 \u018fliyeva yeniyetm\u0259nin evind\u0259 d\u00f6y\u00fclm\u0259si fakt\u0131n\u0131 <a href=\"https:\/\/axar.az\/news\/toplum\/660728.html\">t\u0259kzib edib<\/a>.<\/p>\n\n\n\n<p>\u201cV\u0259zif\u0259d\u0259y\u0259m dey\u0259 yap\u0131\u015f\u0131las\u0131 adam m\u0259n\u0259m? Ax\u0131 m\u0259nim d\u0259 s\u0259hh\u0259tim v\u0259 evimd\u0259 a\u011f\u0131r \u0259m\u0259liyyatdan \u00e7\u0131xm\u0131\u015f x\u0259st\u0259m var. Aliy\u0259nin anas\u0131 \u00e7ox \u015fey iddia ed\u0259 bil\u0259r. Yalan m\u0259lumatlard\u0131r. Onun anas\u0131 ha\u00e7andan ortaya \u00e7\u0131xd\u0131? O, he\u00e7 bilmir ki, q\u0131z\u0131 kiml\u0259 ya\u015fay\u0131r v\u0259 onu kim saxlay\u0131r. Onun q\u0131z\u0131 \u0259xlaqs\u0131zd\u0131r v\u0259 biab\u0131r\u00e7\u0131 videolar\u0131 var. \u015eagirdl\u0259rin ad\u0131ndan ona-buna videolar at\u0131b. Bel\u0259 q\u0131z\u0131n m\u0259kt\u0259bd\u0259 qal\u0131b oxumas\u0131 d\u00fczg\u00fcn deyil. M\u0259nim q\u0131z\u0131mla da r\u0259fiq\u0259 deyil v\u0259 ola bilm\u0259z. O, hans\u0131 ail\u0259d\u0259 b\u00f6y\u00fcy\u00fcb, bilinmir. Aliy\u0259nin xalas\u0131 kimdi, onu \u0259vv\u0259l kim saxlay\u0131b, gedin onlar\u0131 ara\u015fd\u0131r\u0131n\u201d.<\/p>\n\n\n\n<p>Ba\u015f Prokurorluq da hadis\u0259 il\u0259 ba\u011fl\u0131 m\u0259lumat yay\u0131b. Bildirilir ki, qeyd edil\u0259n faktla ba\u011fl\u0131 d\u0259rhal L\u0259nk\u0259ran Rayon Prokurorlu\u011funda ara\u015fd\u0131rma ba\u015flan\u0131b, hadis\u0259nin \u015fahidi olmu\u015f \u015f\u0259xsl\u0259rin izahatlar\u0131 al\u0131n\u0131b, m\u0259hk\u0259m\u0259-tibb ekspertizas\u0131 t\u0259yin edilib v\u0259 dig\u0259r prosessual h\u0259r\u0259k\u0259tl\u0259r yerin\u0259 yetirilib.<\/p>\n\n\n\n<p>\u201cQanunvericilikl\u0259 n\u0259z\u0259rd\u0259 tutulmu\u015f q\u0131sa m\u00fcdd\u0259t \u0259rzind\u0259 z\u0259ruri q\u0259rarlar\u0131n q\u0259bul edilm\u0259si v\u0259 ictimaiyy\u0259tin m\u0259lumatland\u0131r\u0131lmas\u0131 t\u0259min edil\u0259c\u0259kdir\u201d, &#8211; m\u0259lumatda deyilir.<\/p>\n","protected":false},"excerpt":{"rendered":"<p>\u201cM\u0259hk\u0259m\u0259-tibb ekspertizas\u0131 t\u0259yin edilib v\u0259 dig\u0259r prosessual h\u0259r\u0259k\u0259tl\u0259r yerin\u0259 yetirilib\u201d &#8230; <\/p>\n<p class=\"read-more-container\"><a title=\"Prokurorluq d\u00f6y\u00fcl\u0259n yeniyetm\u0259 il\u0259 ba\u011fl\u0131 ara\u015fd\u0131rma apar\u0131ld\u0131\u011f\u0131n\u0131 deyir\" class=\"read-more button\" href=\"https:\/\/www.meydan.tv\/az\/article\/prokurorluq-doyulen-yeniyetme-ile-bagli-arasdirma-aparildigini-deyir\/#more-251040\" aria-label=\"Read more about Prokurorluq d\u00f6y\u00fcl\u0259n yeniyetm\u0259 il\u0259 ba\u011fl\u0131 ara\u015fd\u0131rma apar\u0131ld\u0131\u011f\u0131n\u0131 deyir\">Davam\u0131<\/a><\/p>\n","protected":false},"author":14,"featured_media":251041,"comment_status":"closed","ping_status":"closed","sticky":false,"template":"","format":"standard","meta":{"_acf_changed":false,"_sitemap_exclude":false,"_sitemap_priority":"","_sitemap_frequency":"","footnotes":""},"categories":[56],"tags":[],"class_list":["post-251040","post","type-post","status-publish","format-standard","has-post-thumbnail","hentry","category-xeberler","infinite-scroll-item","generate-columns","tablet-grid-50","mobile-grid-100","grid-parent","grid-33","no-featured-image-padding"],"acf":[],"yoast_head":"<!-- This site is optimized with the Yoast SEO plugin v27.5 - https:\/\/yoast.com\/product\/yoast-seo-wordpress\/ -->\n<title>Prokurorluq d\u00f6y\u00fcl\u0259n yeniyetm\u0259 il\u0259 ba\u011fl\u0131 ara\u015fd\u0131rma apar\u0131ld\u0131\u011f\u0131n\u0131 deyir - MEYDAN.TV<\/title>\n<meta name=\"robots\" content=\"index, follow, max-snippet:-1, max-image-preview:large, max-video-preview:-1\" \/>\n<link rel=\"canonical\" href=\"https:\/\/www.meydan.tv\/az\/article\/prokurorluq-doyulen-yeniyetme-ile-bagli-arasdirma-aparildigini-deyir\/\" \/>\n<meta property=\"og:locale\" content=\"az_AZ\" \/>\n<meta property=\"og:type\" content=\"article\" \/>\n<meta property=\"og:title\" content=\"Prokurorluq d\u00f6y\u00fcl\u0259n yeniyetm\u0259 il\u0259 ba\u011fl\u0131 ara\u015fd\u0131rma apar\u0131ld\u0131\u011f\u0131n\u0131 deyir - MEYDAN.TV\" \/>\n<meta property=\"og:description\" content=\"\u201cM\u0259hk\u0259m\u0259-tibb ekspertizas\u0131 t\u0259yin edilib v\u0259 dig\u0259r prosessual h\u0259r\u0259k\u0259tl\u0259r yerin\u0259 yetirilib\u201d ... Davam\u0131\" \/>\n<meta property=\"og:url\" content=\"https:\/\/www.meydan.tv\/az\/article\/prokurorluq-doyulen-yeniyetme-ile-bagli-arasdirma-aparildigini-deyir\/\" \/>\n<meta property=\"og:site_name\" content=\"MEYDAN.TV\" \/>\n<meta property=\"article:published_time\" content=\"2022-07-17T11:26:43+00:00\" \/>\n<meta property=\"article:modified_time\" content=\"2022-07-17T11:26:45+00:00\" \/>\n<meta property=\"og:image\" content=\"https:\/\/www.meydan.tv\/wp-content\/uploads\/resile.jpg\" \/>\n\t<meta property=\"og:image:width\" content=\"1000\" \/>\n\t<meta property=\"og:image:height\" content=\"586\" \/>\n\t<meta property=\"og:image:type\" content=\"image\/jpeg\" \/>\n<meta name=\"author\" content=\"roma\" \/>\n<meta name=\"twitter:card\" content=\"summary_large_image\" \/>\n<script type=\"application\/ld+json\" class=\"yoast-schema-graph\">{\"@context\":\"https:\\\/\\\/schema.org\",\"@graph\":[{\"@type\":\"Article\",\"@id\":\"https:\\\/\\\/www.meydan.tv\\\/az\\\/article\\\/prokurorluq-doyulen-yeniyetme-ile-bagli-arasdirma-aparildigini-deyir\\\/#article\",\"isPartOf\":{\"@id\":\"https:\\\/\\\/www.meydan.tv\\\/az\\\/article\\\/prokurorluq-doyulen-yeniyetme-ile-bagli-arasdirma-aparildigini-deyir\\\/\"},\"author\":{\"name\":\"roma\",\"@id\":\"https:\\\/\\\/www.meydan.tv\\\/az\\\/#\\\/schema\\\/person\\\/8f23e01c4de63326c13c319fb65ee65d\"},\"headline\":\"Prokurorluq d\u00f6y\u00fcl\u0259n yeniyetm\u0259 il\u0259 ba\u011fl\u0131 ara\u015fd\u0131rma apar\u0131ld\u0131\u011f\u0131n\u0131 deyir\",\"datePublished\":\"2022-07-17T11:26:43+00:00\",\"dateModified\":\"2022-07-17T11:26:45+00:00\",\"mainEntityOfPage\":{\"@id\":\"https:\\\/\\\/www.meydan.tv\\\/az\\\/article\\\/prokurorluq-doyulen-yeniyetme-ile-bagli-arasdirma-aparildigini-deyir\\\/\"},\"wordCount\":529,\"publisher\":{\"@id\":\"https:\\\/\\\/www.meydan.tv\\\/az\\\/#organization\"},\"image\":{\"@id\":\"https:\\\/\\\/www.meydan.tv\\\/az\\\/article\\\/prokurorluq-doyulen-yeniyetme-ile-bagli-arasdirma-aparildigini-deyir\\\/#primaryimage\"},\"thumbnailUrl\":\"https:\\\/\\\/www.meydan.tv\\\/wp-content\\\/uploads\\\/resile.jpg\",\"articleSection\":[\"X\u0259b\u0259rl\u0259r\"],\"inLanguage\":\"az\"},{\"@type\":\"WebPage\",\"@id\":\"https:\\\/\\\/www.meydan.tv\\\/az\\\/article\\\/prokurorluq-doyulen-yeniyetme-ile-bagli-arasdirma-aparildigini-deyir\\\/\",\"url\":\"https:\\\/\\\/www.meydan.tv\\\/az\\\/article\\\/prokurorluq-doyulen-yeniyetme-ile-bagli-arasdirma-aparildigini-deyir\\\/\",\"name\":\"Prokurorluq d\u00f6y\u00fcl\u0259n yeniyetm\u0259 il\u0259 ba\u011fl\u0131 ara\u015fd\u0131rma apar\u0131ld\u0131\u011f\u0131n\u0131 deyir - MEYDAN.TV\",\"isPartOf\":{\"@id\":\"https:\\\/\\\/www.meydan.tv\\\/az\\\/#website\"},\"primaryImageOfPage\":{\"@id\":\"https:\\\/\\\/www.meydan.tv\\\/az\\\/article\\\/prokurorluq-doyulen-yeniyetme-ile-bagli-arasdirma-aparildigini-deyir\\\/#primaryimage\"},\"image\":{\"@id\":\"https:\\\/\\\/www.meydan.tv\\\/az\\\/article\\\/prokurorluq-doyulen-yeniyetme-ile-bagli-arasdirma-aparildigini-deyir\\\/#primaryimage\"},\"thumbnailUrl\":\"https:\\\/\\\/www.meydan.tv\\\/wp-content\\\/uploads\\\/resile.jpg\",\"datePublished\":\"2022-07-17T11:26:43+00:00\",\"dateModified\":\"2022-07-17T11:26:45+00:00\",\"breadcrumb\":{\"@id\":\"https:\\\/\\\/www.meydan.tv\\\/az\\\/article\\\/prokurorluq-doyulen-yeniyetme-ile-bagli-arasdirma-aparildigini-deyir\\\/#breadcrumb\"},\"inLanguage\":\"az\",\"potentialAction\":[{\"@type\":\"ReadAction\",\"target\":[\"https:\\\/\\\/www.meydan.tv\\\/az\\\/article\\\/prokurorluq-doyulen-yeniyetme-ile-bagli-arasdirma-aparildigini-deyir\\\/\"]}]},{\"@type\":\"ImageObject\",\"inLanguage\":\"az\",\"@id\":\"https:\\\/\\\/www.meydan.tv\\\/az\\\/article\\\/prokurorluq-doyulen-yeniyetme-ile-bagli-arasdirma-aparildigini-deyir\\\/#primaryimage\",\"url\":\"https:\\\/\\\/www.meydan.tv\\\/wp-content\\\/uploads\\\/resile.jpg\",\"contentUrl\":\"https:\\\/\\\/www.meydan.tv\\\/wp-content\\\/uploads\\\/resile.jpg\",\"width\":1000,\"height\":586,\"caption\":\"R\u0259sil\u0259 \u018fliyeva\"},{\"@type\":\"BreadcrumbList\",\"@id\":\"https:\\\/\\\/www.meydan.tv\\\/az\\\/article\\\/prokurorluq-doyulen-yeniyetme-ile-bagli-arasdirma-aparildigini-deyir\\\/#breadcrumb\",\"itemListElement\":[{\"@type\":\"ListItem\",\"position\":1,\"name\":\"Ana s\u0259hif\u0259\",\"item\":\"https:\\\/\\\/www.meydan.tv\\\/az\\\/\"},{\"@type\":\"ListItem\",\"position\":2,\"name\":\"X\u0259b\u0259rl\u0259r\",\"item\":\"https:\\\/\\\/www.meydan.tv\\\/az\\\/section\\\/xeberler\\\/\"},{\"@type\":\"ListItem\",\"position\":3,\"name\":\"Prokurorluq d\u00f6y\u00fcl\u0259n yeniyetm\u0259 il\u0259 ba\u011fl\u0131 ara\u015fd\u0131rma apar\u0131ld\u0131\u011f\u0131n\u0131 deyir\"}]},{\"@type\":\"WebSite\",\"@id\":\"https:\\\/\\\/www.meydan.tv\\\/az\\\/#website\",\"url\":\"https:\\\/\\\/www.meydan.tv\\\/az\\\/\",\"name\":\"MEYDAN.TV\",\"description\":\"Meydan TV Az\u0259rbaycan\u0131n media m\u0259kan\u0131ndak\u0131 alternativ s\u0259sidir\",\"publisher\":{\"@id\":\"https:\\\/\\\/www.meydan.tv\\\/az\\\/#organization\"},\"potentialAction\":[{\"@type\":\"SearchAction\",\"target\":{\"@type\":\"EntryPoint\",\"urlTemplate\":\"https:\\\/\\\/www.meydan.tv\\\/az\\\/?s={search_term_string}\"},\"query-input\":{\"@type\":\"PropertyValueSpecification\",\"valueRequired\":true,\"valueName\":\"search_term_string\"}}],\"inLanguage\":\"az\"},{\"@type\":\"Organization\",\"@id\":\"https:\\\/\\\/www.meydan.tv\\\/az\\\/#organization\",\"name\":\"Meydan TV\",\"url\":\"https:\\\/\\\/www.meydan.tv\\\/az\\\/\",\"logo\":{\"@type\":\"ImageObject\",\"inLanguage\":\"az\",\"@id\":\"https:\\\/\\\/www.meydan.tv\\\/az\\\/#\\\/schema\\\/logo\\\/image\\\/\",\"url\":\"https:\\\/\\\/www.meydan.tv\\\/wp-content\\\/uploads\\\/2021\\\/07\\\/meydan-logo.svg\",\"contentUrl\":\"https:\\\/\\\/www.meydan.tv\\\/wp-content\\\/uploads\\\/2021\\\/07\\\/meydan-logo.svg\",\"width\":195,\"height\":46,\"caption\":\"Meydan TV\"},\"image\":{\"@id\":\"https:\\\/\\\/www.meydan.tv\\\/az\\\/#\\\/schema\\\/logo\\\/image\\\/\"}},{\"@type\":\"Person\",\"@id\":\"https:\\\/\\\/www.meydan.tv\\\/az\\\/#\\\/schema\\\/person\\\/8f23e01c4de63326c13c319fb65ee65d\",\"name\":\"roma\"}]}<\/script>\n<!-- \/ Yoast SEO plugin. -->","yoast_head_json":{"title":"Prokurorluq d\u00f6y\u00fcl\u0259n yeniyetm\u0259 il\u0259 ba\u011fl\u0131 ara\u015fd\u0131rma apar\u0131ld\u0131\u011f\u0131n\u0131 deyir - MEYDAN.TV","robots":{"index":"index","follow":"follow","max-snippet":"max-snippet:-1","max-image-preview":"max-image-preview:large","max-video-preview":"max-video-preview:-1"},"canonical":"https:\/\/www.meydan.tv\/az\/article\/prokurorluq-doyulen-yeniyetme-ile-bagli-arasdirma-aparildigini-deyir\/","og_locale":"az_AZ","og_type":"article","og_title":"Prokurorluq d\u00f6y\u00fcl\u0259n yeniyetm\u0259 il\u0259 ba\u011fl\u0131 ara\u015fd\u0131rma apar\u0131ld\u0131\u011f\u0131n\u0131 deyir - MEYDAN.TV","og_description":"\u201cM\u0259hk\u0259m\u0259-tibb ekspertizas\u0131 t\u0259yin edilib v\u0259 dig\u0259r prosessual h\u0259r\u0259k\u0259tl\u0259r yerin\u0259 yetirilib\u201d ... Davam\u0131","og_url":"https:\/\/www.meydan.tv\/az\/article\/prokurorluq-doyulen-yeniyetme-ile-bagli-arasdirma-aparildigini-deyir\/","og_site_name":"MEYDAN.TV","article_published_time":"2022-07-17T11:26:43+00:00","article_modified_time":"2022-07-17T11:26:45+00:00","og_image":[{"width":1000,"height":586,"url":"https:\/\/www.meydan.tv\/wp-content\/uploads\/resile.jpg","type":"image\/jpeg"}],"author":"roma","twitter_card":"summary_large_image","schema":{"@context":"https:\/\/schema.org","@graph":[{"@type":"Article","@id":"https:\/\/www.meydan.tv\/az\/article\/prokurorluq-doyulen-yeniyetme-ile-bagli-arasdirma-aparildigini-deyir\/#article","isPartOf":{"@id":"https:\/\/www.meydan.tv\/az\/article\/prokurorluq-doyulen-yeniyetme-ile-bagli-arasdirma-aparildigini-deyir\/"},"author":{"name":"roma","@id":"https:\/\/www.meydan.tv\/az\/#\/schema\/person\/8f23e01c4de63326c13c319fb65ee65d"},"headline":"Prokurorluq d\u00f6y\u00fcl\u0259n yeniyetm\u0259 il\u0259 ba\u011fl\u0131 ara\u015fd\u0131rma apar\u0131ld\u0131\u011f\u0131n\u0131 deyir","datePublished":"2022-07-17T11:26:43+00:00","dateModified":"2022-07-17T11:26:45+00:00","mainEntityOfPage":{"@id":"https:\/\/www.meydan.tv\/az\/article\/prokurorluq-doyulen-yeniyetme-ile-bagli-arasdirma-aparildigini-deyir\/"},"wordCount":529,"publisher":{"@id":"https:\/\/www.meydan.tv\/az\/#organization"},"image":{"@id":"https:\/\/www.meydan.tv\/az\/article\/prokurorluq-doyulen-yeniyetme-ile-bagli-arasdirma-aparildigini-deyir\/#primaryimage"},"thumbnailUrl":"https:\/\/www.meydan.tv\/wp-content\/uploads\/resile.jpg","articleSection":["X\u0259b\u0259rl\u0259r"],"inLanguage":"az"},{"@type":"WebPage","@id":"https:\/\/www.meydan.tv\/az\/article\/prokurorluq-doyulen-yeniyetme-ile-bagli-arasdirma-aparildigini-deyir\/","url":"https:\/\/www.meydan.tv\/az\/article\/prokurorluq-doyulen-yeniyetme-ile-bagli-arasdirma-aparildigini-deyir\/","name":"Prokurorluq d\u00f6y\u00fcl\u0259n yeniyetm\u0259 il\u0259 ba\u011fl\u0131 ara\u015fd\u0131rma apar\u0131ld\u0131\u011f\u0131n\u0131 deyir - MEYDAN.TV","isPartOf":{"@id":"https:\/\/www.meydan.tv\/az\/#website"},"primaryImageOfPage":{"@id":"https:\/\/www.meydan.tv\/az\/article\/prokurorluq-doyulen-yeniyetme-ile-bagli-arasdirma-aparildigini-deyir\/#primaryimage"},"image":{"@id":"https:\/\/www.meydan.tv\/az\/article\/prokurorluq-doyulen-yeniyetme-ile-bagli-arasdirma-aparildigini-deyir\/#primaryimage"},"thumbnailUrl":"https:\/\/www.meydan.tv\/wp-content\/uploads\/resile.jpg","datePublished":"2022-07-17T11:26:43+00:00","dateModified":"2022-07-17T11:26:45+00:00","breadcrumb":{"@id":"https:\/\/www.meydan.tv\/az\/article\/prokurorluq-doyulen-yeniyetme-ile-bagli-arasdirma-aparildigini-deyir\/#breadcrumb"},"inLanguage":"az","potentialAction":[{"@type":"ReadAction","target":["https:\/\/www.meydan.tv\/az\/article\/prokurorluq-doyulen-yeniyetme-ile-bagli-arasdirma-aparildigini-deyir\/"]}]},{"@type":"ImageObject","inLanguage":"az","@id":"https:\/\/www.meydan.tv\/az\/article\/prokurorluq-doyulen-yeniyetme-ile-bagli-arasdirma-aparildigini-deyir\/#primaryimage","url":"https:\/\/www.meydan.tv\/wp-content\/uploads\/resile.jpg","contentUrl":"https:\/\/www.meydan.tv\/wp-content\/uploads\/resile.jpg","width":1000,"height":586,"caption":"R\u0259sil\u0259 \u018fliyeva"},{"@type":"BreadcrumbList","@id":"https:\/\/www.meydan.tv\/az\/article\/prokurorluq-doyulen-yeniyetme-ile-bagli-arasdirma-aparildigini-deyir\/#breadcrumb","itemListElement":[{"@type":"ListItem","position":1,"name":"Ana s\u0259hif\u0259","item":"https:\/\/www.meydan.tv\/az\/"},{"@type":"ListItem","position":2,"name":"X\u0259b\u0259rl\u0259r","item":"https:\/\/www.meydan.tv\/az\/section\/xeberler\/"},{"@type":"ListItem","position":3,"name":"Prokurorluq d\u00f6y\u00fcl\u0259n yeniyetm\u0259 il\u0259 ba\u011fl\u0131 ara\u015fd\u0131rma apar\u0131ld\u0131\u011f\u0131n\u0131 deyir"}]},{"@type":"WebSite","@id":"https:\/\/www.meydan.tv\/az\/#website","url":"https:\/\/www.meydan.tv\/az\/","name":"MEYDAN.TV","description":"Meydan TV Az\u0259rbaycan\u0131n media m\u0259kan\u0131ndak\u0131 alternativ s\u0259sidir","publisher":{"@id":"https:\/\/www.meydan.tv\/az\/#organization"},"potentialAction":[{"@type":"SearchAction","target":{"@type":"EntryPoint","urlTemplate":"https:\/\/www.meydan.tv\/az\/?s={search_term_string}"},"query-input":{"@type":"PropertyValueSpecification","valueRequired":true,"valueName":"search_term_string"}}],"inLanguage":"az"},{"@type":"Organization","@id":"https:\/\/www.meydan.tv\/az\/#organization","name":"Meydan TV","url":"https:\/\/www.meydan.tv\/az\/","logo":{"@type":"ImageObject","inLanguage":"az","@id":"https:\/\/www.meydan.tv\/az\/#\/schema\/logo\/image\/","url":"https:\/\/www.meydan.tv\/wp-content\/uploads\/2021\/07\/meydan-logo.svg","contentUrl":"https:\/\/www.meydan.tv\/wp-content\/uploads\/2021\/07\/meydan-logo.svg","width":195,"height":46,"caption":"Meydan TV"},"image":{"@id":"https:\/\/www.meydan.tv\/az\/#\/schema\/logo\/image\/"}},{"@type":"Person","@id":"https:\/\/www.meydan.tv\/az\/#\/schema\/person\/8f23e01c4de63326c13c319fb65ee65d","name":"roma"}]}},"_links":{"self":[{"href":"https:\/\/www.meydan.tv\/az\/wp-json\/wp\/v2\/posts\/251040","targetHints":{"allow":["GET"]}}],"collection":[{"href":"https:\/\/www.meydan.tv\/az\/wp-json\/wp\/v2\/posts"}],"about":[{"href":"https:\/\/www.meydan.tv\/az\/wp-json\/wp\/v2\/types\/post"}],"author":[{"embeddable":true,"href":"https:\/\/www.meydan.tv\/az\/wp-json\/wp\/v2\/users\/14"}],"replies":[{"embeddable":true,"href":"https:\/\/www.meydan.tv\/az\/wp-json\/wp\/v2\/comments?post=251040"}],"version-history":[{"count":1,"href":"https:\/\/www.meydan.tv\/az\/wp-json\/wp\/v2\/posts\/251040\/revisions"}],"predecessor-version":[{"id":251044,"href":"https:\/\/www.meydan.tv\/az\/wp-json\/wp\/v2\/posts\/251040\/revisions\/251044"}],"wp:featuredmedia":[{"embeddable":true,"href":"https:\/\/www.meydan.tv\/az\/wp-json\/wp\/v2\/media\/251041"}],"wp:attachment":[{"href":"https:\/\/www.meydan.tv\/az\/wp-json\/wp\/v2\/media?parent=251040"}],"wp:term":[{"taxonomy":"category","embeddable":true,"href":"https:\/\/www.meydan.tv\/az\/wp-json\/wp\/v2\/categories?post=251040"},{"taxonomy":"post_tag","embeddable":true,"href":"https:\/\/www.meydan.tv\/az\/wp-json\/wp\/v2\/tags?post=251040"}],"curies":[{"name":"wp","href":"https:\/\/api.w.org\/{rel}","templated":true}]}}