{"id":251035,"date":"2022-07-16T23:17:21","date_gmt":"2022-07-16T19:17:21","guid":{"rendered":"https:\/\/www.meydan.tv\/?p=251035"},"modified":"2022-07-16T23:17:23","modified_gmt":"2022-07-16T19:17:23","slug":"intihar-eden-qazinin-qardasi-merhumu-gozden-salmaqla-mesguldurlar","status":"publish","type":"post","link":"https:\/\/www.meydan.tv\/az\/article\/intihar-eden-qazinin-qardasi-merhumu-gozden-salmaqla-mesguldurlar\/","title":{"rendered":"\u0130ntihar ed\u0259n qazinin qarda\u015f\u0131: \u201cM\u0259rhumu g\u00f6zd\u0259n salmaqla m\u0259\u015f\u011fuldurlar\u201d"},"content":{"rendered":"\n<p><\/p>\n\n\n\n<p><em>\u201cMa\u015fallah\u0131n ma\u015f\u0131na mindirilm\u0259si \u0259razid\u0259ki m\u00fc\u015fahid\u0259 kameras\u0131na da d\u00fc\u015f\u00fcb\u201d<\/em><\/p>\n\n\n\n<p>\u201cH\u0259l\u0259 istintaq gedir, ortada he\u00e7 n\u0259 yoxdur, deyirl\u0259r, guya qarda\u015f\u0131m kim\u0259s\u0259 mesaj yaz\u0131b, narahat edib. Deyirik, \u00e7\u0131xar\u0131n, g\u00f6st\u0259rin g\u00f6r\u0259k, o n\u0259 mesajd\u0131r el\u0259, kim\u0259 yaz\u0131l\u0131b? \u00d6z\u00fcn\u00fc \u00f6ld\u00fcr\u0259ni namussuz \u00e7\u0131xarmaq, bu da bunlar\u0131n t\u0259z\u0259 metodudur dey\u0259s\u0259n. Ba\u015f\u00e7\u0131 indid\u0259n m\u0259rhum qarda\u015f\u0131m\u0131n namussuz olmas\u0131yla ba\u011fl\u0131 ictimai r\u0259y formala\u015fd\u0131rma\u011fa \u00e7al\u0131\u015f\u0131r\u201d.<\/p>\n\n\n\n<p>Bunu Meydan TV-y\u0259 Sabirabadda bir ay \u0259vv\u0259l \u00f6z\u00fcn\u00fc asaraq intihar etmi\u015f Ma\u015fallah M\u0259n\u0259fovun qarda\u015f\u0131 M\u0259d\u0259t M\u0259n\u0259fov deyir.<\/p>\n\n\n\n<p>Bir ne\u00e7\u0259 g\u00fcn \u0259vv\u0259l Sabirabadda \u00f6z\u00fcn\u00fc yand\u0131raraq intihar ed\u0259n \u0130kinci Qaraba\u011f M\u00fcharib\u0259sinin qazisi Elvin C\u0259f\u0259rovun d\u0259fn m\u0259rasimin\u0259 rayonun icra ba\u015f\u00e7\u0131s\u0131 Siraq\u0259ddin C\u0259f\u0259rov da gedib. O, m\u00fcsahib\u0259 ver\u0259rk\u0259n m\u00fcxbirin bir ay \u0259vv\u0259l \u00f6z\u00fcn\u00fc asaraq h\u0259yat\u0131na son qoymu\u015f dig\u0259r qazi Ma\u015fallah M\u0259n\u0259fovla ba\u011fl\u0131 sual\u0131n\u0131 bel\u0259 cavabland\u0131r\u0131b: <\/p>\n\n\n\n<p>\u201cM\u0259n burda a\u00e7\u0131qlama verm\u0259k ist\u0259mir\u0259m ki, ba\u015fqa qazil\u0259r d\u0259 g\u00f6zd\u0259n d\u00fc\u015fs\u00fcn. Orda namus m\u0259s\u0259l\u0259si\u2026 M\u00fcmk\u00fcn istiqam\u0259tl\u0259r ona gedir. Bu m\u0259s\u0259l\u0259l\u0259ri g\u0259lin saxlayaq\u201d.<\/p>\n\n\n\n<p>\u0130cra ba\u015f\u00e7\u0131s\u0131n\u0131n bu s\u00f6zl\u0259ri Ma\u015fallah M\u0259n\u0259fovun ail\u0259sini q\u0259z\u0259bl\u0259ndirib. M\u0259d\u0259t M\u0259n\u0259fov deyir, Siraq\u0259ddin Cabbarovun bu videom\u00fcsahib\u0259sind\u0259n sonra \u2013 iyulun 14-d\u0259 o, icra ba\u015f\u00e7\u0131s\u0131 il\u0259 g\u00f6r\u00fc\u015f\u00fcb.<\/p>\n\n\n\n<p>M\u0259d\u0259t M\u0259n\u0259fov:<\/p>\n\n\n\n<p>\u201cBa\u015f\u00e7\u0131ya sual verdim ki, sizi n\u0259 m\u0259cbur edirdi qarda\u015f\u0131m haqq\u0131nda o s\u00f6zl\u0259ri dey\u0259siz? Deyir: \u201cMesaj yaz\u0131b q\u0131za. M\u0259n onu bilirs\u0259n niy\u0259 dedim? S\u0259nin qarda\u015f\u0131n \u00e7ox ab\u0131rl\u0131 adam idi, o, ba\u015fqa qazil\u0259rd\u0259n f\u0259rql\u0259nirdi, icra hakimiyy\u0259tin\u0259 g\u0259l\u0259nd\u0259 d\u0259 ba\u015fqalar\u0131 kimi s\u0259sini ba\u015f\u0131na atm\u0131rd\u0131, sakit adam idi. \u00d6z\u00fcm el\u0259 dedim ki, bu i\u015fin \u00fcst\u00fcn\u00fc tez a\u00e7s\u0131nlar\u201d. Deyir\u0259m, bir rayonun icra ba\u015f\u00e7\u0131s\u0131 \u2013 y\u0259ni rayonun birinci \u015f\u0259xsi \u00f6l\u00fcm\u00fcn\u00fcn s\u0259b\u0259bl\u0259ri ara\u015fd\u0131r\u0131l\u0131b ortal\u0131\u011fa \u00e7\u0131xar\u0131lmam\u0131\u015f bir \u015f\u0259xs bar\u0259sind\u0259 bunu nec\u0259 dey\u0259 bil\u0259r? Demirsiniz kim\u0259s\u0259 mesaj yaz\u0131b? Biz onun telefonuna baxm\u0131\u015f\u0131q, orda mesaj g\u00f6rm\u0259mi\u015fik, telefonu da istintaqa vermi\u015fik ki, qoy ara\u015fd\u0131rs\u0131nlar. Niy\u0259 faci\u0259li \u00f6lm\u00fc\u015f birini r\u00fcsvay etm\u0259kd\u0259n \u00f6tr\u00fc \u0259linizd\u0259n g\u0259l\u0259ni edirsiniz? Dayan\u0131b, \u00fcz\u00fcm\u0259 bax\u0131r, he\u00e7 n\u0259 demir\u201d.<\/p>\n\n\n\n<p>M\u0259d\u0259t M\u0259n\u0259fov qarda\u015f\u0131n\u0131n m\u00fcharib\u0259d\u0259n qay\u0131dandan sonra uzun m\u00fcdd\u0259t i\u015f axtard\u0131\u011f\u0131n\u0131, bir m\u00fcdd\u0259t \u0259vv\u0259l rayondak\u0131 \u201c\u018fmin\u201d marketl\u0259r \u015f\u0259b\u0259k\u0259sind\u0259 i\u015fl\u0259 t\u0259min olundu\u011funu deyir:<\/p>\n\n\n\n<p>\u201c\u00c7ox kas\u0131b ail\u0259yik. Ma\u015fallah maddi s\u0131x\u0131nt\u0131lar\u0131yla ba\u011fl\u0131 tez-tez icra hakimiyy\u0259tin\u0259, k\u0259ndd\u0259ki icra n\u00fcmay\u0259nd\u0259liyin\u0259, b\u0259l\u0259diyy\u0259y\u0259 m\u00fcraci\u0259t edirdi. Ancaq he\u00e7 bir k\u00f6m\u0259klik olunmurdu. D\u00f6yd\u00fcy\u00fc qap\u0131lardan bo\u015f v\u0259dl\u0259rl\u0259 geri qaytar\u0131l\u0131rd\u0131. Bir ne\u00e7\u0259 ay \u0259vv\u0259l icra ba\u015f\u00e7\u0131s\u0131 qarda\u015f\u0131m\u0131 \u201c\u018fmin\u201d market\u0259 g\u00f6nd\u0259rdi, dedi, tap\u015f\u0131rm\u0131\u015fam, get, orda s\u0259n\u0259 i\u015f ver\u0259c\u0259kl\u0259r. S\u0259h\u0259r saat 8-d\u0259n gec\u0259 saat 11-\u0259 kimi i\u015fl\u0259yirdi, 276 manat maa\u015f al\u0131rd\u0131. Marketin sahibin\u0259 tez-tez maa\u015f\u0131n azl\u0131\u011f\u0131ndan, m\u00fcdd\u0259ti \u00f6tm\u00fc\u015f \u0259rzaqlar\u0131n adamlara sat\u0131lmas\u0131ndan \u015fikay\u0259tl\u0259nirdi. Market sahibinin Ma\u015fallah\u0131 g\u00f6r\u0259n g\u00f6z\u00fc yox idi. Sad\u0259c\u0259, ba\u015f\u00e7\u0131n\u0131n tap\u015f\u0131r\u0131\u011f\u0131yla i\u015f\u0259 g\u00f6t\u00fcr\u00fclm\u00fc\u015fd\u00fc dey\u0259, i\u015fd\u0259n \u00e7\u0131xara bilmirdi\u201d.<\/p>\n\n\n\n<p>M\u0259d\u0259t M\u0259n\u0259fov deyir, Ma\u015fallah \u00f6z\u00fcn\u00fc \u00f6ld\u00fcrm\u0259mi\u015fd\u0259n bir ne\u00e7\u0259 saat \u0259vv\u0259l \u2013 iyunun 15-d\u0259 ax\u015fam saat 23 rad\u0259l\u0259rind\u0259 i\u015fl\u0259diyi ma\u011fazan\u0131n qar\u015f\u0131s\u0131na \u00fc\u00e7 ma\u015f\u0131n g\u0259lib. Ma\u015fallah\u0131 zorla ma\u015f\u0131nlardan birin\u0259 mindir\u0259r\u0259k apar\u0131blar:<\/p>\n\n\n\n<p>\u201cMa\u015fallah\u0131n ma\u015f\u0131na mindirilm\u0259si \u0259razid\u0259ki m\u00fc\u015fahid\u0259 kameras\u0131na da d\u00fc\u015f\u00fcb. Ma\u015f\u0131n\u0131n sahibi d\u0259, onu zorla ma\u015f\u0131na mindirib aparanlar da rayon adamlar\u0131d\u0131r, tan\u0131y\u0131r\u0131q. Ma\u015fallah ev\u0259 gec\u0259 saatlar\u0131nda g\u0259lib. H\u0259y\u0259canl\u0131 olub, yata bilm\u0259yib, s\u0259h\u0259r saat 7 rad\u0259l\u0259rind\u0259 evd\u0259kil\u0259r\u0259 bir s\u00f6z dem\u0259d\u0259n evd\u0259n \u00e7\u0131x\u0131b, pay torpa\u011f\u0131na ged\u0259r\u0259k orada \u00f6z\u00fcn\u00fc s\u00f6y\u00fcd a\u011fac\u0131ndan as\u0131b. Biz o g\u00f6r\u00fcnt\u00fcl\u0259ri d\u0259 istintaqa vermi\u015fik. Ancaq hadis\u0259nin \u00fcst\u00fcnd\u0259n bir ay ke\u00e7m\u0259sin\u0259 baxmayaraq qarda\u015f\u0131m\u0131 \u00f6z\u00fcn\u00fc \u00f6ld\u00fcrm\u0259 h\u0259ddin\u0259 \u00e7atd\u0131rm\u0131\u015f adamlar h\u0259l\u0259 d\u0259 azadl\u0131qda g\u0259zir. Biz n\u0259 ba\u015f verdiyini bilmirik, qarda\u015f\u0131m biz\u0259 he\u00e7 n\u0259 dem\u0259yib. Biz d\u0259 ist\u0259yirik ki, bu i\u015fin \u00fcst\u00fc a\u00e7\u0131ls\u0131n. Qarda\u015f\u0131m\u0131 \u00f6z\u00fcn\u00fc \u00f6ld\u00fcrm\u0259k h\u0259ddin\u0259 \u00e7atd\u0131ran kiml\u0259r olubsa, c\u0259zaland\u0131r\u0131ls\u0131nlar. Ancaq d\u00fczg\u00fcn ara\u015fd\u0131r\u0131ls\u0131n, \u00f6l\u0259nin dal\u0131yca \u201cnamus m\u0259s\u0259l\u0259siydi\u201d deyib, bu ba\u015fdan ictimaiyy\u0259ti \u00e7a\u015fd\u0131rmas\u0131nlar. A\u00e7\u0131q-a\u015fkar g\u00f6r\u00fcn\u00fcr ki, prokurorluq i\u015fin \u00fcst\u00fcn\u00fc \u00f6rt-basd\u0131r etm\u0259y\u0259 \u00e7al\u0131\u015f\u0131r\u201d.<\/p>\n\n\n\n<p>Sabirabad Rayon Prokurorlu\u011fundan bildirilib ki, Ma\u015fallah M\u0259n\u0259fovun \u00f6l\u00fcm\u00fcyl\u0259 ba\u011fl\u0131 Sabirabad Rayon Prokurorlu\u011funda Cinay\u0259t M\u0259c\u0259ll\u0259sinin 125-ci (\u00d6z\u00fcn\u00fc \u00f6ld\u00fcrm\u0259 h\u0259ddin\u0259 \u00e7atd\u0131rma) madd\u0259siyl\u0259 cinay\u0259t i\u015fi ba\u015flan\u0131b, istintaq davam edir. Ma\u015fallah M\u0259n\u0259fovun h\u00fcquqi varisi kimi qarda\u015f\u0131 A\u011fag\u00fcl M\u0259n\u0259fov tan\u0131n\u0131b.<\/p>\n\n\n\n<p>M\u0259rhumun ail\u0259 \u00fczvl\u0259ri Ba\u015f prokurorun istintaq\u0131 n\u0259zar\u0259t\u0259 g\u00f6t\u00fcrm\u0259sini ist\u0259yir.<\/p>\n","protected":false},"excerpt":{"rendered":"<p>\u201cMa\u015fallah\u0131n ma\u015f\u0131na mindirilm\u0259si \u0259razid\u0259ki m\u00fc\u015fahid\u0259 kameras\u0131na da d\u00fc\u015f\u00fcb\u201d \u201cH\u0259l\u0259 istintaq &#8230; <\/p>\n<p class=\"read-more-container\"><a title=\"\u0130ntihar ed\u0259n qazinin qarda\u015f\u0131: \u201cM\u0259rhumu g\u00f6zd\u0259n salmaqla m\u0259\u015f\u011fuldurlar\u201d\" class=\"read-more button\" href=\"https:\/\/www.meydan.tv\/az\/article\/intihar-eden-qazinin-qardasi-merhumu-gozden-salmaqla-mesguldurlar\/#more-251035\" aria-label=\"Read more about \u0130ntihar ed\u0259n qazinin qarda\u015f\u0131: \u201cM\u0259rhumu g\u00f6zd\u0259n salmaqla m\u0259\u015f\u011fuldurlar\u201d\">Davam\u0131<\/a><\/p>\n","protected":false},"author":8,"featured_media":251032,"comment_status":"closed","ping_status":"closed","sticky":false,"template":"","format":"standard","meta":{"_acf_changed":false,"_sitemap_exclude":false,"_sitemap_priority":"","_sitemap_frequency":"","footnotes":""},"categories":[60,56],"tags":[],"class_list":["post-251035","post","type-post","status-publish","format-standard","has-post-thumbnail","hentry","category-bolge","category-xeberler","infinite-scroll-item","generate-columns","tablet-grid-50","mobile-grid-100","grid-parent","grid-33","no-featured-image-padding"],"acf":[],"yoast_head":"<!-- This site is optimized with the Yoast SEO plugin v27.5 - https:\/\/yoast.com\/product\/yoast-seo-wordpress\/ -->\n<title>\u0130ntihar ed\u0259n qazinin qarda\u015f\u0131: \u201cM\u0259rhumu g\u00f6zd\u0259n salmaqla m\u0259\u015f\u011fuldurlar\u201d - MEYDAN.TV<\/title>\n<meta name=\"robots\" content=\"index, follow, max-snippet:-1, max-image-preview:large, max-video-preview:-1\" \/>\n<link rel=\"canonical\" href=\"https:\/\/www.meydan.tv\/az\/article\/intihar-eden-qazinin-qardasi-merhumu-gozden-salmaqla-mesguldurlar\/\" \/>\n<meta property=\"og:locale\" content=\"az_AZ\" \/>\n<meta property=\"og:type\" content=\"article\" \/>\n<meta property=\"og:title\" content=\"\u0130ntihar ed\u0259n qazinin qarda\u015f\u0131: \u201cM\u0259rhumu g\u00f6zd\u0259n salmaqla m\u0259\u015f\u011fuldurlar\u201d - MEYDAN.TV\" \/>\n<meta property=\"og:description\" content=\"\u201cMa\u015fallah\u0131n ma\u015f\u0131na mindirilm\u0259si \u0259razid\u0259ki m\u00fc\u015fahid\u0259 kameras\u0131na da d\u00fc\u015f\u00fcb\u201d \u201cH\u0259l\u0259 istintaq ... Davam\u0131\" \/>\n<meta property=\"og:url\" content=\"https:\/\/www.meydan.tv\/az\/article\/intihar-eden-qazinin-qardasi-merhumu-gozden-salmaqla-mesguldurlar\/\" \/>\n<meta property=\"og:site_name\" content=\"MEYDAN.TV\" \/>\n<meta property=\"article:published_time\" content=\"2022-07-16T19:17:21+00:00\" \/>\n<meta property=\"article:modified_time\" content=\"2022-07-16T19:17:23+00:00\" \/>\n<meta property=\"og:image\" content=\"https:\/\/www.meydan.tv\/wp-content\/uploads\/mashallah_medetov-e1657999030393.jpg\" \/>\n\t<meta property=\"og:image:width\" content=\"1200\" \/>\n\t<meta property=\"og:image:height\" content=\"540\" \/>\n\t<meta property=\"og:image:type\" content=\"image\/jpeg\" \/>\n<meta name=\"author\" content=\"elli\" \/>\n<meta name=\"twitter:card\" content=\"summary_large_image\" \/>\n<meta name=\"twitter:creator\" content=\"@elli\" \/>\n<script type=\"application\/ld+json\" class=\"yoast-schema-graph\">{\"@context\":\"https:\\\/\\\/schema.org\",\"@graph\":[{\"@type\":\"Article\",\"@id\":\"https:\\\/\\\/www.meydan.tv\\\/az\\\/article\\\/intihar-eden-qazinin-qardasi-merhumu-gozden-salmaqla-mesguldurlar\\\/#article\",\"isPartOf\":{\"@id\":\"https:\\\/\\\/www.meydan.tv\\\/az\\\/article\\\/intihar-eden-qazinin-qardasi-merhumu-gozden-salmaqla-mesguldurlar\\\/\"},\"author\":{\"name\":\"elli\",\"@id\":\"https:\\\/\\\/www.meydan.tv\\\/az\\\/#\\\/schema\\\/person\\\/9cdbecf90d17180ce1dfbd95b08dcf47\"},\"headline\":\"\u0130ntihar ed\u0259n qazinin qarda\u015f\u0131: \u201cM\u0259rhumu g\u00f6zd\u0259n salmaqla m\u0259\u015f\u011fuldurlar\u201d\",\"datePublished\":\"2022-07-16T19:17:21+00:00\",\"dateModified\":\"2022-07-16T19:17:23+00:00\",\"mainEntityOfPage\":{\"@id\":\"https:\\\/\\\/www.meydan.tv\\\/az\\\/article\\\/intihar-eden-qazinin-qardasi-merhumu-gozden-salmaqla-mesguldurlar\\\/\"},\"wordCount\":1029,\"publisher\":{\"@id\":\"https:\\\/\\\/www.meydan.tv\\\/az\\\/#organization\"},\"image\":{\"@id\":\"https:\\\/\\\/www.meydan.tv\\\/az\\\/article\\\/intihar-eden-qazinin-qardasi-merhumu-gozden-salmaqla-mesguldurlar\\\/#primaryimage\"},\"thumbnailUrl\":\"https:\\\/\\\/www.meydan.tv\\\/wp-content\\\/uploads\\\/mashallah_medetov-e1657999030393.jpg\",\"articleSection\":[\"B\u00f6lg\u0259\",\"X\u0259b\u0259rl\u0259r\"],\"inLanguage\":\"az\"},{\"@type\":\"WebPage\",\"@id\":\"https:\\\/\\\/www.meydan.tv\\\/az\\\/article\\\/intihar-eden-qazinin-qardasi-merhumu-gozden-salmaqla-mesguldurlar\\\/\",\"url\":\"https:\\\/\\\/www.meydan.tv\\\/az\\\/article\\\/intihar-eden-qazinin-qardasi-merhumu-gozden-salmaqla-mesguldurlar\\\/\",\"name\":\"\u0130ntihar ed\u0259n qazinin qarda\u015f\u0131: \u201cM\u0259rhumu g\u00f6zd\u0259n salmaqla m\u0259\u015f\u011fuldurlar\u201d - MEYDAN.TV\",\"isPartOf\":{\"@id\":\"https:\\\/\\\/www.meydan.tv\\\/az\\\/#website\"},\"primaryImageOfPage\":{\"@id\":\"https:\\\/\\\/www.meydan.tv\\\/az\\\/article\\\/intihar-eden-qazinin-qardasi-merhumu-gozden-salmaqla-mesguldurlar\\\/#primaryimage\"},\"image\":{\"@id\":\"https:\\\/\\\/www.meydan.tv\\\/az\\\/article\\\/intihar-eden-qazinin-qardasi-merhumu-gozden-salmaqla-mesguldurlar\\\/#primaryimage\"},\"thumbnailUrl\":\"https:\\\/\\\/www.meydan.tv\\\/wp-content\\\/uploads\\\/mashallah_medetov-e1657999030393.jpg\",\"datePublished\":\"2022-07-16T19:17:21+00:00\",\"dateModified\":\"2022-07-16T19:17:23+00:00\",\"breadcrumb\":{\"@id\":\"https:\\\/\\\/www.meydan.tv\\\/az\\\/article\\\/intihar-eden-qazinin-qardasi-merhumu-gozden-salmaqla-mesguldurlar\\\/#breadcrumb\"},\"inLanguage\":\"az\",\"potentialAction\":[{\"@type\":\"ReadAction\",\"target\":[\"https:\\\/\\\/www.meydan.tv\\\/az\\\/article\\\/intihar-eden-qazinin-qardasi-merhumu-gozden-salmaqla-mesguldurlar\\\/\"]}]},{\"@type\":\"ImageObject\",\"inLanguage\":\"az\",\"@id\":\"https:\\\/\\\/www.meydan.tv\\\/az\\\/article\\\/intihar-eden-qazinin-qardasi-merhumu-gozden-salmaqla-mesguldurlar\\\/#primaryimage\",\"url\":\"https:\\\/\\\/www.meydan.tv\\\/wp-content\\\/uploads\\\/mashallah_medetov-e1657999030393.jpg\",\"contentUrl\":\"https:\\\/\\\/www.meydan.tv\\\/wp-content\\\/uploads\\\/mashallah_medetov-e1657999030393.jpg\",\"width\":1200,\"height\":540,\"caption\":\"Foto: Ma\u015fallah M\u0259n\u0259fovun yax\u0131nlar\u0131n\u0131n arxivind\u0259n\"},{\"@type\":\"BreadcrumbList\",\"@id\":\"https:\\\/\\\/www.meydan.tv\\\/az\\\/article\\\/intihar-eden-qazinin-qardasi-merhumu-gozden-salmaqla-mesguldurlar\\\/#breadcrumb\",\"itemListElement\":[{\"@type\":\"ListItem\",\"position\":1,\"name\":\"Ana s\u0259hif\u0259\",\"item\":\"https:\\\/\\\/www.meydan.tv\\\/az\\\/\"},{\"@type\":\"ListItem\",\"position\":2,\"name\":\"B\u00f6lg\u0259\",\"item\":\"https:\\\/\\\/www.meydan.tv\\\/az\\\/section\\\/bolge\\\/\"},{\"@type\":\"ListItem\",\"position\":3,\"name\":\"\u0130ntihar ed\u0259n qazinin qarda\u015f\u0131: \u201cM\u0259rhumu g\u00f6zd\u0259n salmaqla m\u0259\u015f\u011fuldurlar\u201d\"}]},{\"@type\":\"WebSite\",\"@id\":\"https:\\\/\\\/www.meydan.tv\\\/az\\\/#website\",\"url\":\"https:\\\/\\\/www.meydan.tv\\\/az\\\/\",\"name\":\"MEYDAN.TV\",\"description\":\"Meydan TV Az\u0259rbaycan\u0131n media m\u0259kan\u0131ndak\u0131 alternativ s\u0259sidir\",\"publisher\":{\"@id\":\"https:\\\/\\\/www.meydan.tv\\\/az\\\/#organization\"},\"potentialAction\":[{\"@type\":\"SearchAction\",\"target\":{\"@type\":\"EntryPoint\",\"urlTemplate\":\"https:\\\/\\\/www.meydan.tv\\\/az\\\/?s={search_term_string}\"},\"query-input\":{\"@type\":\"PropertyValueSpecification\",\"valueRequired\":true,\"valueName\":\"search_term_string\"}}],\"inLanguage\":\"az\"},{\"@type\":\"Organization\",\"@id\":\"https:\\\/\\\/www.meydan.tv\\\/az\\\/#organization\",\"name\":\"Meydan TV\",\"url\":\"https:\\\/\\\/www.meydan.tv\\\/az\\\/\",\"logo\":{\"@type\":\"ImageObject\",\"inLanguage\":\"az\",\"@id\":\"https:\\\/\\\/www.meydan.tv\\\/az\\\/#\\\/schema\\\/logo\\\/image\\\/\",\"url\":\"https:\\\/\\\/www.meydan.tv\\\/wp-content\\\/uploads\\\/2021\\\/07\\\/meydan-logo.svg\",\"contentUrl\":\"https:\\\/\\\/www.meydan.tv\\\/wp-content\\\/uploads\\\/2021\\\/07\\\/meydan-logo.svg\",\"width\":195,\"height\":46,\"caption\":\"Meydan TV\"},\"image\":{\"@id\":\"https:\\\/\\\/www.meydan.tv\\\/az\\\/#\\\/schema\\\/logo\\\/image\\\/\"}},{\"@type\":\"Person\",\"@id\":\"https:\\\/\\\/www.meydan.tv\\\/az\\\/#\\\/schema\\\/person\\\/9cdbecf90d17180ce1dfbd95b08dcf47\",\"name\":\"elli\",\"sameAs\":[\"https:\\\/\\\/x.com\\\/elli\"]}]}<\/script>\n<!-- \/ Yoast SEO plugin. -->","yoast_head_json":{"title":"\u0130ntihar ed\u0259n qazinin qarda\u015f\u0131: \u201cM\u0259rhumu g\u00f6zd\u0259n salmaqla m\u0259\u015f\u011fuldurlar\u201d - MEYDAN.TV","robots":{"index":"index","follow":"follow","max-snippet":"max-snippet:-1","max-image-preview":"max-image-preview:large","max-video-preview":"max-video-preview:-1"},"canonical":"https:\/\/www.meydan.tv\/az\/article\/intihar-eden-qazinin-qardasi-merhumu-gozden-salmaqla-mesguldurlar\/","og_locale":"az_AZ","og_type":"article","og_title":"\u0130ntihar ed\u0259n qazinin qarda\u015f\u0131: \u201cM\u0259rhumu g\u00f6zd\u0259n salmaqla m\u0259\u015f\u011fuldurlar\u201d - MEYDAN.TV","og_description":"\u201cMa\u015fallah\u0131n ma\u015f\u0131na mindirilm\u0259si \u0259razid\u0259ki m\u00fc\u015fahid\u0259 kameras\u0131na da d\u00fc\u015f\u00fcb\u201d \u201cH\u0259l\u0259 istintaq ... Davam\u0131","og_url":"https:\/\/www.meydan.tv\/az\/article\/intihar-eden-qazinin-qardasi-merhumu-gozden-salmaqla-mesguldurlar\/","og_site_name":"MEYDAN.TV","article_published_time":"2022-07-16T19:17:21+00:00","article_modified_time":"2022-07-16T19:17:23+00:00","og_image":[{"width":1200,"height":540,"url":"https:\/\/www.meydan.tv\/wp-content\/uploads\/mashallah_medetov-e1657999030393.jpg","type":"image\/jpeg"}],"author":"elli","twitter_card":"summary_large_image","twitter_creator":"@elli","schema":{"@context":"https:\/\/schema.org","@graph":[{"@type":"Article","@id":"https:\/\/www.meydan.tv\/az\/article\/intihar-eden-qazinin-qardasi-merhumu-gozden-salmaqla-mesguldurlar\/#article","isPartOf":{"@id":"https:\/\/www.meydan.tv\/az\/article\/intihar-eden-qazinin-qardasi-merhumu-gozden-salmaqla-mesguldurlar\/"},"author":{"name":"elli","@id":"https:\/\/www.meydan.tv\/az\/#\/schema\/person\/9cdbecf90d17180ce1dfbd95b08dcf47"},"headline":"\u0130ntihar ed\u0259n qazinin qarda\u015f\u0131: \u201cM\u0259rhumu g\u00f6zd\u0259n salmaqla m\u0259\u015f\u011fuldurlar\u201d","datePublished":"2022-07-16T19:17:21+00:00","dateModified":"2022-07-16T19:17:23+00:00","mainEntityOfPage":{"@id":"https:\/\/www.meydan.tv\/az\/article\/intihar-eden-qazinin-qardasi-merhumu-gozden-salmaqla-mesguldurlar\/"},"wordCount":1029,"publisher":{"@id":"https:\/\/www.meydan.tv\/az\/#organization"},"image":{"@id":"https:\/\/www.meydan.tv\/az\/article\/intihar-eden-qazinin-qardasi-merhumu-gozden-salmaqla-mesguldurlar\/#primaryimage"},"thumbnailUrl":"https:\/\/www.meydan.tv\/wp-content\/uploads\/mashallah_medetov-e1657999030393.jpg","articleSection":["B\u00f6lg\u0259","X\u0259b\u0259rl\u0259r"],"inLanguage":"az"},{"@type":"WebPage","@id":"https:\/\/www.meydan.tv\/az\/article\/intihar-eden-qazinin-qardasi-merhumu-gozden-salmaqla-mesguldurlar\/","url":"https:\/\/www.meydan.tv\/az\/article\/intihar-eden-qazinin-qardasi-merhumu-gozden-salmaqla-mesguldurlar\/","name":"\u0130ntihar ed\u0259n qazinin qarda\u015f\u0131: \u201cM\u0259rhumu g\u00f6zd\u0259n salmaqla m\u0259\u015f\u011fuldurlar\u201d - MEYDAN.TV","isPartOf":{"@id":"https:\/\/www.meydan.tv\/az\/#website"},"primaryImageOfPage":{"@id":"https:\/\/www.meydan.tv\/az\/article\/intihar-eden-qazinin-qardasi-merhumu-gozden-salmaqla-mesguldurlar\/#primaryimage"},"image":{"@id":"https:\/\/www.meydan.tv\/az\/article\/intihar-eden-qazinin-qardasi-merhumu-gozden-salmaqla-mesguldurlar\/#primaryimage"},"thumbnailUrl":"https:\/\/www.meydan.tv\/wp-content\/uploads\/mashallah_medetov-e1657999030393.jpg","datePublished":"2022-07-16T19:17:21+00:00","dateModified":"2022-07-16T19:17:23+00:00","breadcrumb":{"@id":"https:\/\/www.meydan.tv\/az\/article\/intihar-eden-qazinin-qardasi-merhumu-gozden-salmaqla-mesguldurlar\/#breadcrumb"},"inLanguage":"az","potentialAction":[{"@type":"ReadAction","target":["https:\/\/www.meydan.tv\/az\/article\/intihar-eden-qazinin-qardasi-merhumu-gozden-salmaqla-mesguldurlar\/"]}]},{"@type":"ImageObject","inLanguage":"az","@id":"https:\/\/www.meydan.tv\/az\/article\/intihar-eden-qazinin-qardasi-merhumu-gozden-salmaqla-mesguldurlar\/#primaryimage","url":"https:\/\/www.meydan.tv\/wp-content\/uploads\/mashallah_medetov-e1657999030393.jpg","contentUrl":"https:\/\/www.meydan.tv\/wp-content\/uploads\/mashallah_medetov-e1657999030393.jpg","width":1200,"height":540,"caption":"Foto: Ma\u015fallah M\u0259n\u0259fovun yax\u0131nlar\u0131n\u0131n arxivind\u0259n"},{"@type":"BreadcrumbList","@id":"https:\/\/www.meydan.tv\/az\/article\/intihar-eden-qazinin-qardasi-merhumu-gozden-salmaqla-mesguldurlar\/#breadcrumb","itemListElement":[{"@type":"ListItem","position":1,"name":"Ana s\u0259hif\u0259","item":"https:\/\/www.meydan.tv\/az\/"},{"@type":"ListItem","position":2,"name":"B\u00f6lg\u0259","item":"https:\/\/www.meydan.tv\/az\/section\/bolge\/"},{"@type":"ListItem","position":3,"name":"\u0130ntihar ed\u0259n qazinin qarda\u015f\u0131: \u201cM\u0259rhumu g\u00f6zd\u0259n salmaqla m\u0259\u015f\u011fuldurlar\u201d"}]},{"@type":"WebSite","@id":"https:\/\/www.meydan.tv\/az\/#website","url":"https:\/\/www.meydan.tv\/az\/","name":"MEYDAN.TV","description":"Meydan TV Az\u0259rbaycan\u0131n media m\u0259kan\u0131ndak\u0131 alternativ s\u0259sidir","publisher":{"@id":"https:\/\/www.meydan.tv\/az\/#organization"},"potentialAction":[{"@type":"SearchAction","target":{"@type":"EntryPoint","urlTemplate":"https:\/\/www.meydan.tv\/az\/?s={search_term_string}"},"query-input":{"@type":"PropertyValueSpecification","valueRequired":true,"valueName":"search_term_string"}}],"inLanguage":"az"},{"@type":"Organization","@id":"https:\/\/www.meydan.tv\/az\/#organization","name":"Meydan TV","url":"https:\/\/www.meydan.tv\/az\/","logo":{"@type":"ImageObject","inLanguage":"az","@id":"https:\/\/www.meydan.tv\/az\/#\/schema\/logo\/image\/","url":"https:\/\/www.meydan.tv\/wp-content\/uploads\/2021\/07\/meydan-logo.svg","contentUrl":"https:\/\/www.meydan.tv\/wp-content\/uploads\/2021\/07\/meydan-logo.svg","width":195,"height":46,"caption":"Meydan TV"},"image":{"@id":"https:\/\/www.meydan.tv\/az\/#\/schema\/logo\/image\/"}},{"@type":"Person","@id":"https:\/\/www.meydan.tv\/az\/#\/schema\/person\/9cdbecf90d17180ce1dfbd95b08dcf47","name":"elli","sameAs":["https:\/\/x.com\/elli"]}]}},"_links":{"self":[{"href":"https:\/\/www.meydan.tv\/az\/wp-json\/wp\/v2\/posts\/251035","targetHints":{"allow":["GET"]}}],"collection":[{"href":"https:\/\/www.meydan.tv\/az\/wp-json\/wp\/v2\/posts"}],"about":[{"href":"https:\/\/www.meydan.tv\/az\/wp-json\/wp\/v2\/types\/post"}],"author":[{"embeddable":true,"href":"https:\/\/www.meydan.tv\/az\/wp-json\/wp\/v2\/users\/8"}],"replies":[{"embeddable":true,"href":"https:\/\/www.meydan.tv\/az\/wp-json\/wp\/v2\/comments?post=251035"}],"version-history":[{"count":1,"href":"https:\/\/www.meydan.tv\/az\/wp-json\/wp\/v2\/posts\/251035\/revisions"}],"predecessor-version":[{"id":251036,"href":"https:\/\/www.meydan.tv\/az\/wp-json\/wp\/v2\/posts\/251035\/revisions\/251036"}],"wp:featuredmedia":[{"embeddable":true,"href":"https:\/\/www.meydan.tv\/az\/wp-json\/wp\/v2\/media\/251032"}],"wp:attachment":[{"href":"https:\/\/www.meydan.tv\/az\/wp-json\/wp\/v2\/media?parent=251035"}],"wp:term":[{"taxonomy":"category","embeddable":true,"href":"https:\/\/www.meydan.tv\/az\/wp-json\/wp\/v2\/categories?post=251035"},{"taxonomy":"post_tag","embeddable":true,"href":"https:\/\/www.meydan.tv\/az\/wp-json\/wp\/v2\/tags?post=251035"}],"curies":[{"name":"wp","href":"https:\/\/api.w.org\/{rel}","templated":true}]}}