{"id":250989,"date":"2022-07-16T14:08:40","date_gmt":"2022-07-16T10:08:40","guid":{"rendered":"https:\/\/www.meydan.tv\/?p=250989"},"modified":"2022-07-16T14:08:43","modified_gmt":"2022-07-16T10:08:43","slug":"danx-emekdaslarinin-rusvet-aldigi-iddia-olunur-video","status":"publish","type":"post","link":"https:\/\/www.meydan.tv\/az\/article\/danx-emekdaslarinin-rusvet-aldigi-iddia-olunur-video\/","title":{"rendered":"DANX \u0259m\u0259kda\u015flar\u0131n\u0131n r\u00fc\u015fv\u0259t ald\u0131\u011f\u0131 iddia olunur &#8211; V\u0130DEO"},"content":{"rendered":"\n<figure class=\"wp-block-embed is-type-video is-provider-youtube wp-block-embed-youtube wp-embed-aspect-16-9 wp-has-aspect-ratio\"><div class=\"wp-block-embed__wrapper\">\n<iframe title=\"DANX \u0259m\u0259kda\u015flar\u0131n\u0131n r\u00fc\u015fv\u0259t ald\u0131\u011f\u0131 iddia olunur\" width=\"1200\" height=\"675\" data-src=\"https:\/\/www.youtube.com\/embed\/VcmtCm8B52E?feature=oembed\" frameborder=\"0\" allow=\"accelerometer; autoplay; clipboard-write; encrypted-media; gyroscope; picture-in-picture\" allowfullscreen src=\"data:image\/svg+xml;base64,PHN2ZyB3aWR0aD0iMSIgaGVpZ2h0PSIxIiB4bWxucz0iaHR0cDovL3d3dy53My5vcmcvMjAwMC9zdmciPjwvc3ZnPg==\" class=\"lazyload\" data-load-mode=\"1\"><\/iframe>\n<\/div><\/figure>\n\n\n\n<!--more-->\n\n\n\n<p>Y\u00fck da\u015f\u0131nmas\u0131 il\u0259 m\u0259\u015f\u011ful olan s\u00fcr\u00fcc\u00fcl\u0259r Qarada\u011f rayonu \u0259razisind\u0259ki yoxlama m\u0259nt\u0259q\u0259sind\u0259 onlardan r\u00fc\u015fv\u0259t ist\u0259nildiyini bildirirl\u0259r. Meydan TV-y\u0259 g\u00f6nd\u0259ril\u0259n videoda s\u00fcr\u00fcc\u00fc il\u0259 m\u00fcf\u0259tti\u015f aras\u0131ndak\u0131 dialoq g\u00f6r\u00fcnt\u00fcl\u0259nib. G\u00f6r\u00fcnt\u00fcd\u0259n bel\u0259 ayd\u0131n olur ki,\u00a0 D\u00f6vl\u0259t Avtomobil N\u0259qliyyat\u0131 Xidm\u0259tinin m\u00fcf\u0259tti\u015fi s\u00fcr\u00fcc\u00fcd\u0259n f\u0259rql\u0259nm\u0259 ni\u015fan\u0131na g\u00f6r\u0259 70 manat t\u0259l\u0259b edir. Videoda qurumun \u015f\u00f6b\u0259 r\u0259isi Zaur Qas\u0131mov da \u0259ks olunub. \u00a0<\/p>\n\n\n\n<p>D\u00f6vl\u0259t Avtomobil N\u0259qliyyat\u0131 Xidm\u0259tind\u0259n Meydan TV-y\u0259 bildirilib ki, qurumla \u201cAvtomobil N\u0259qliyyat\u0131 il\u0259 Da\u015f\u0131malar\u0131n T\u0259\u015fkili\u201d MMC-nin \u0259m\u0259kda\u015flar\u0131 eyni \u015firk\u0259t\u0259 m\u0259xsus bir ne\u00e7\u0259 avton\u0259qliyyat vasit\u0259sinin qanunvericiliy\u0259 \u0259sas\u0259n t\u0259l\u0259b olunan \u201cF\u0259rql\u0259nm\u0259 ni\u015fan\u0131\u201d almadan y\u00fckda\u015f\u0131ma xidm\u0259ti g\u00f6st\u0259rdikl\u0259rini a\u015fkar edibl\u0259r:&nbsp;<\/p>\n\n\n\n<p>\u201cAvton\u0259qliyyat vasit\u0259l\u0259rinin m\u0259xsus oldu\u011fu \u015firk\u0259tin n\u00fcmay\u0259nd\u0259si da\u015f\u0131ma f\u0259aliyy\u0259tin\u0259 g\u00f6r\u0259 qanunvericilikl\u0259 n\u0259z\u0259rd\u0259 tutulan \u201cF\u0259rql\u0259nm\u0259 ni\u015fan\u0131\u201d olmadan xidm\u0259t g\u00f6st\u0259rdikl\u0259rini t\u0259sdiql\u0259yib. &nbsp;<\/p>\n\n\n\n<p>Lakin Mehman M\u0259mm\u0259dov adl\u0131 k\u0259nar bir \u015f\u0259xs xidm\u0259tin \u0259m\u0259kda\u015flar\u0131na yax\u0131nla\u015f\u0131b. Telefonla video \u00e7\u0259kili\u015f ed\u0259r\u0259k iradlar bildirib v\u0259 onlar\u0131n xidm\u0259ti v\u0259zif\u0259l\u0259rini yerin\u0259 yetirm\u0259l\u0259rin\u0259 mane olub. \u018fm\u0259kda\u015flar Daxili \u0130\u015fl\u0259r Nazirliyinin \u201c102\u201d xidm\u0259tin\u0259 m\u00fcraci\u0259t edildiyini bildirdikd\u0259 o, t\u0259l\u0259sik \u0259razid\u0259n uzaqla\u015f\u0131b. Hadis\u0259 il\u0259 ba\u011fl\u0131 m\u00fcvafiq akt t\u0259rtib edilib\u201d. &nbsp;<\/p>\n\n\n\n<p>Qurumdan bildirilib ki, bundan sonra Mehman M\u0259mm\u0259dov sosial \u015f\u0259b\u0259k\u0259l\u0259rd\u0259 D\u00f6vl\u0259t Avtomobil N\u0259qliyyat\u0131 Xidm\u0259ti v\u0259 \u201cAvtomobil N\u0259qliyyat\u0131 il\u0259 Da\u015f\u0131malar\u0131n T\u0259\u015fkili\u201d MMC-y\u0259 qar\u015f\u0131 b\u00f6htan xarakterli payla\u015f\u0131mlar edir:&nbsp;<\/p>\n\n\n\n<p>\u201cBildirm\u0259k ist\u0259yirik ki, D\u00f6vl\u0259t Avtomobil N\u0259qliyyat\u0131 Xidm\u0259ti t\u0259r\u0259find\u0259n 2022-ci il fevral\u0131n 1-d\u0259n etibar\u0259n \u201cF\u0259rql\u0259nm\u0259 ni\u015fan\u0131\u201dn\u0131n h\u0259m d\u0259 onlayn qaydada verilm\u0259si t\u0259min edilib. M\u0259qs\u0259d da\u015f\u0131y\u0131c\u0131lar\u0131n v\u0259 s\u00fcr\u00fcc\u00fcl\u0259rin rahatl\u0131\u011f\u0131n\u0131n t\u0259min edilm\u0259si, fiziki t\u0259maslar\u0131n minimuma endirilm\u0259si v\u0259 sui-istifad\u0259 hallar\u0131n\u0131n qar\u015f\u0131s\u0131n\u0131n al\u0131nmas\u0131d\u0131r\u201d. &nbsp;<\/p>\n\n\n\n<p>Az\u0259rbaycan Respublikas\u0131n\u0131n Vergil\u0259r M\u0259c\u0259ll\u0259sinin 220-ci madd\u0259sin\u0259 \u0259sas\u0259n, avtomobil n\u0259qliyyat\u0131 vasit\u0259l\u0259ri il\u0259 s\u0259rni\u015fin v\u0259 y\u00fck da\u015f\u0131malar\u0131n\u0131 h\u0259yata ke\u00e7ir\u0259n vergi \u00f6d\u0259yicil\u0259ri sad\u0259l\u0259\u015fdirilmi\u015f vergi \u00f6d\u0259yicil\u0259ridir. Bu vergi \u201cF\u0259rql\u0259nm\u0259 ni\u015fanlar\u0131\u201d vasit\u0259sil\u0259 \u00f6d\u0259nilir.<\/p>\n","protected":false},"excerpt":{"rendered":"","protected":false},"author":14,"featured_media":250990,"comment_status":"closed","ping_status":"closed","sticky":false,"template":"","format":"standard","meta":{"_acf_changed":false,"_sitemap_exclude":false,"_sitemap_priority":"","_sitemap_frequency":"","footnotes":""},"categories":[63],"tags":[],"class_list":["post-250989","post","type-post","status-publish","format-standard","has-post-thumbnail","hentry","category-video-2","infinite-scroll-item","generate-columns","tablet-grid-50","mobile-grid-100","grid-parent","grid-33","no-featured-image-padding"],"acf":[],"yoast_head":"<!-- This site is optimized with the Yoast SEO plugin v27.5 - https:\/\/yoast.com\/product\/yoast-seo-wordpress\/ -->\n<title>DANX \u0259m\u0259kda\u015flar\u0131n\u0131n r\u00fc\u015fv\u0259t ald\u0131\u011f\u0131 iddia olunur - V\u0130DEO - MEYDAN.TV<\/title>\n<meta name=\"robots\" content=\"index, follow, max-snippet:-1, max-image-preview:large, max-video-preview:-1\" \/>\n<link rel=\"canonical\" href=\"https:\/\/www.meydan.tv\/az\/article\/danx-emekdaslarinin-rusvet-aldigi-iddia-olunur-video\/\" \/>\n<meta property=\"og:locale\" content=\"az_AZ\" \/>\n<meta property=\"og:type\" content=\"article\" \/>\n<meta property=\"og:title\" content=\"DANX \u0259m\u0259kda\u015flar\u0131n\u0131n r\u00fc\u015fv\u0259t ald\u0131\u011f\u0131 iddia olunur - V\u0130DEO - MEYDAN.TV\" \/>\n<meta property=\"og:url\" content=\"https:\/\/www.meydan.tv\/az\/article\/danx-emekdaslarinin-rusvet-aldigi-iddia-olunur-video\/\" \/>\n<meta property=\"og:site_name\" content=\"MEYDAN.TV\" \/>\n<meta property=\"article:published_time\" content=\"2022-07-16T10:08:40+00:00\" \/>\n<meta property=\"article:modified_time\" content=\"2022-07-16T10:08:43+00:00\" \/>\n<meta property=\"og:image\" content=\"https:\/\/www.meydan.tv\/wp-content\/uploads\/78768.png\" \/>\n\t<meta property=\"og:image:width\" content=\"1280\" \/>\n\t<meta property=\"og:image:height\" content=\"720\" \/>\n\t<meta property=\"og:image:type\" content=\"image\/png\" \/>\n<meta name=\"author\" content=\"roma\" \/>\n<meta name=\"twitter:card\" content=\"summary_large_image\" \/>\n<script type=\"application\/ld+json\" class=\"yoast-schema-graph\">{\"@context\":\"https:\\\/\\\/schema.org\",\"@graph\":[{\"@type\":\"Article\",\"@id\":\"https:\\\/\\\/www.meydan.tv\\\/az\\\/article\\\/danx-emekdaslarinin-rusvet-aldigi-iddia-olunur-video\\\/#article\",\"isPartOf\":{\"@id\":\"https:\\\/\\\/www.meydan.tv\\\/az\\\/article\\\/danx-emekdaslarinin-rusvet-aldigi-iddia-olunur-video\\\/\"},\"author\":{\"name\":\"roma\",\"@id\":\"https:\\\/\\\/www.meydan.tv\\\/az\\\/#\\\/schema\\\/person\\\/8f23e01c4de63326c13c319fb65ee65d\"},\"headline\":\"DANX \u0259m\u0259kda\u015flar\u0131n\u0131n r\u00fc\u015fv\u0259t ald\u0131\u011f\u0131 iddia olunur &#8211; V\u0130DEO\",\"datePublished\":\"2022-07-16T10:08:40+00:00\",\"dateModified\":\"2022-07-16T10:08:43+00:00\",\"mainEntityOfPage\":{\"@id\":\"https:\\\/\\\/www.meydan.tv\\\/az\\\/article\\\/danx-emekdaslarinin-rusvet-aldigi-iddia-olunur-video\\\/\"},\"wordCount\":491,\"publisher\":{\"@id\":\"https:\\\/\\\/www.meydan.tv\\\/az\\\/#organization\"},\"image\":{\"@id\":\"https:\\\/\\\/www.meydan.tv\\\/az\\\/article\\\/danx-emekdaslarinin-rusvet-aldigi-iddia-olunur-video\\\/#primaryimage\"},\"thumbnailUrl\":\"https:\\\/\\\/www.meydan.tv\\\/wp-content\\\/uploads\\\/78768.png\",\"articleSection\":[\"Video\"],\"inLanguage\":\"az\"},{\"@type\":\"WebPage\",\"@id\":\"https:\\\/\\\/www.meydan.tv\\\/az\\\/article\\\/danx-emekdaslarinin-rusvet-aldigi-iddia-olunur-video\\\/\",\"url\":\"https:\\\/\\\/www.meydan.tv\\\/az\\\/article\\\/danx-emekdaslarinin-rusvet-aldigi-iddia-olunur-video\\\/\",\"name\":\"DANX \u0259m\u0259kda\u015flar\u0131n\u0131n r\u00fc\u015fv\u0259t ald\u0131\u011f\u0131 iddia olunur - V\u0130DEO - MEYDAN.TV\",\"isPartOf\":{\"@id\":\"https:\\\/\\\/www.meydan.tv\\\/az\\\/#website\"},\"primaryImageOfPage\":{\"@id\":\"https:\\\/\\\/www.meydan.tv\\\/az\\\/article\\\/danx-emekdaslarinin-rusvet-aldigi-iddia-olunur-video\\\/#primaryimage\"},\"image\":{\"@id\":\"https:\\\/\\\/www.meydan.tv\\\/az\\\/article\\\/danx-emekdaslarinin-rusvet-aldigi-iddia-olunur-video\\\/#primaryimage\"},\"thumbnailUrl\":\"https:\\\/\\\/www.meydan.tv\\\/wp-content\\\/uploads\\\/78768.png\",\"datePublished\":\"2022-07-16T10:08:40+00:00\",\"dateModified\":\"2022-07-16T10:08:43+00:00\",\"breadcrumb\":{\"@id\":\"https:\\\/\\\/www.meydan.tv\\\/az\\\/article\\\/danx-emekdaslarinin-rusvet-aldigi-iddia-olunur-video\\\/#breadcrumb\"},\"inLanguage\":\"az\",\"potentialAction\":[{\"@type\":\"ReadAction\",\"target\":[\"https:\\\/\\\/www.meydan.tv\\\/az\\\/article\\\/danx-emekdaslarinin-rusvet-aldigi-iddia-olunur-video\\\/\"]}]},{\"@type\":\"ImageObject\",\"inLanguage\":\"az\",\"@id\":\"https:\\\/\\\/www.meydan.tv\\\/az\\\/article\\\/danx-emekdaslarinin-rusvet-aldigi-iddia-olunur-video\\\/#primaryimage\",\"url\":\"https:\\\/\\\/www.meydan.tv\\\/wp-content\\\/uploads\\\/78768.png\",\"contentUrl\":\"https:\\\/\\\/www.meydan.tv\\\/wp-content\\\/uploads\\\/78768.png\",\"width\":1280,\"height\":720},{\"@type\":\"BreadcrumbList\",\"@id\":\"https:\\\/\\\/www.meydan.tv\\\/az\\\/article\\\/danx-emekdaslarinin-rusvet-aldigi-iddia-olunur-video\\\/#breadcrumb\",\"itemListElement\":[{\"@type\":\"ListItem\",\"position\":1,\"name\":\"Ana s\u0259hif\u0259\",\"item\":\"https:\\\/\\\/www.meydan.tv\\\/az\\\/\"},{\"@type\":\"ListItem\",\"position\":2,\"name\":\"Video\",\"item\":\"https:\\\/\\\/www.meydan.tv\\\/az\\\/section\\\/video-2\\\/\"},{\"@type\":\"ListItem\",\"position\":3,\"name\":\"DANX \u0259m\u0259kda\u015flar\u0131n\u0131n r\u00fc\u015fv\u0259t ald\u0131\u011f\u0131 iddia olunur &#8211; V\u0130DEO\"}]},{\"@type\":\"WebSite\",\"@id\":\"https:\\\/\\\/www.meydan.tv\\\/az\\\/#website\",\"url\":\"https:\\\/\\\/www.meydan.tv\\\/az\\\/\",\"name\":\"MEYDAN.TV\",\"description\":\"Meydan TV Az\u0259rbaycan\u0131n media m\u0259kan\u0131ndak\u0131 alternativ s\u0259sidir\",\"publisher\":{\"@id\":\"https:\\\/\\\/www.meydan.tv\\\/az\\\/#organization\"},\"potentialAction\":[{\"@type\":\"SearchAction\",\"target\":{\"@type\":\"EntryPoint\",\"urlTemplate\":\"https:\\\/\\\/www.meydan.tv\\\/az\\\/?s={search_term_string}\"},\"query-input\":{\"@type\":\"PropertyValueSpecification\",\"valueRequired\":true,\"valueName\":\"search_term_string\"}}],\"inLanguage\":\"az\"},{\"@type\":\"Organization\",\"@id\":\"https:\\\/\\\/www.meydan.tv\\\/az\\\/#organization\",\"name\":\"Meydan TV\",\"url\":\"https:\\\/\\\/www.meydan.tv\\\/az\\\/\",\"logo\":{\"@type\":\"ImageObject\",\"inLanguage\":\"az\",\"@id\":\"https:\\\/\\\/www.meydan.tv\\\/az\\\/#\\\/schema\\\/logo\\\/image\\\/\",\"url\":\"https:\\\/\\\/www.meydan.tv\\\/wp-content\\\/uploads\\\/2021\\\/07\\\/meydan-logo.svg\",\"contentUrl\":\"https:\\\/\\\/www.meydan.tv\\\/wp-content\\\/uploads\\\/2021\\\/07\\\/meydan-logo.svg\",\"width\":195,\"height\":46,\"caption\":\"Meydan TV\"},\"image\":{\"@id\":\"https:\\\/\\\/www.meydan.tv\\\/az\\\/#\\\/schema\\\/logo\\\/image\\\/\"}},{\"@type\":\"Person\",\"@id\":\"https:\\\/\\\/www.meydan.tv\\\/az\\\/#\\\/schema\\\/person\\\/8f23e01c4de63326c13c319fb65ee65d\",\"name\":\"roma\"}]}<\/script>\n<!-- \/ Yoast SEO plugin. -->","yoast_head_json":{"title":"DANX \u0259m\u0259kda\u015flar\u0131n\u0131n r\u00fc\u015fv\u0259t ald\u0131\u011f\u0131 iddia olunur - V\u0130DEO - MEYDAN.TV","robots":{"index":"index","follow":"follow","max-snippet":"max-snippet:-1","max-image-preview":"max-image-preview:large","max-video-preview":"max-video-preview:-1"},"canonical":"https:\/\/www.meydan.tv\/az\/article\/danx-emekdaslarinin-rusvet-aldigi-iddia-olunur-video\/","og_locale":"az_AZ","og_type":"article","og_title":"DANX \u0259m\u0259kda\u015flar\u0131n\u0131n r\u00fc\u015fv\u0259t ald\u0131\u011f\u0131 iddia olunur - V\u0130DEO - MEYDAN.TV","og_url":"https:\/\/www.meydan.tv\/az\/article\/danx-emekdaslarinin-rusvet-aldigi-iddia-olunur-video\/","og_site_name":"MEYDAN.TV","article_published_time":"2022-07-16T10:08:40+00:00","article_modified_time":"2022-07-16T10:08:43+00:00","og_image":[{"width":1280,"height":720,"url":"https:\/\/www.meydan.tv\/wp-content\/uploads\/78768.png","type":"image\/png"}],"author":"roma","twitter_card":"summary_large_image","schema":{"@context":"https:\/\/schema.org","@graph":[{"@type":"Article","@id":"https:\/\/www.meydan.tv\/az\/article\/danx-emekdaslarinin-rusvet-aldigi-iddia-olunur-video\/#article","isPartOf":{"@id":"https:\/\/www.meydan.tv\/az\/article\/danx-emekdaslarinin-rusvet-aldigi-iddia-olunur-video\/"},"author":{"name":"roma","@id":"https:\/\/www.meydan.tv\/az\/#\/schema\/person\/8f23e01c4de63326c13c319fb65ee65d"},"headline":"DANX \u0259m\u0259kda\u015flar\u0131n\u0131n r\u00fc\u015fv\u0259t ald\u0131\u011f\u0131 iddia olunur &#8211; V\u0130DEO","datePublished":"2022-07-16T10:08:40+00:00","dateModified":"2022-07-16T10:08:43+00:00","mainEntityOfPage":{"@id":"https:\/\/www.meydan.tv\/az\/article\/danx-emekdaslarinin-rusvet-aldigi-iddia-olunur-video\/"},"wordCount":491,"publisher":{"@id":"https:\/\/www.meydan.tv\/az\/#organization"},"image":{"@id":"https:\/\/www.meydan.tv\/az\/article\/danx-emekdaslarinin-rusvet-aldigi-iddia-olunur-video\/#primaryimage"},"thumbnailUrl":"https:\/\/www.meydan.tv\/wp-content\/uploads\/78768.png","articleSection":["Video"],"inLanguage":"az"},{"@type":"WebPage","@id":"https:\/\/www.meydan.tv\/az\/article\/danx-emekdaslarinin-rusvet-aldigi-iddia-olunur-video\/","url":"https:\/\/www.meydan.tv\/az\/article\/danx-emekdaslarinin-rusvet-aldigi-iddia-olunur-video\/","name":"DANX \u0259m\u0259kda\u015flar\u0131n\u0131n r\u00fc\u015fv\u0259t ald\u0131\u011f\u0131 iddia olunur - V\u0130DEO - MEYDAN.TV","isPartOf":{"@id":"https:\/\/www.meydan.tv\/az\/#website"},"primaryImageOfPage":{"@id":"https:\/\/www.meydan.tv\/az\/article\/danx-emekdaslarinin-rusvet-aldigi-iddia-olunur-video\/#primaryimage"},"image":{"@id":"https:\/\/www.meydan.tv\/az\/article\/danx-emekdaslarinin-rusvet-aldigi-iddia-olunur-video\/#primaryimage"},"thumbnailUrl":"https:\/\/www.meydan.tv\/wp-content\/uploads\/78768.png","datePublished":"2022-07-16T10:08:40+00:00","dateModified":"2022-07-16T10:08:43+00:00","breadcrumb":{"@id":"https:\/\/www.meydan.tv\/az\/article\/danx-emekdaslarinin-rusvet-aldigi-iddia-olunur-video\/#breadcrumb"},"inLanguage":"az","potentialAction":[{"@type":"ReadAction","target":["https:\/\/www.meydan.tv\/az\/article\/danx-emekdaslarinin-rusvet-aldigi-iddia-olunur-video\/"]}]},{"@type":"ImageObject","inLanguage":"az","@id":"https:\/\/www.meydan.tv\/az\/article\/danx-emekdaslarinin-rusvet-aldigi-iddia-olunur-video\/#primaryimage","url":"https:\/\/www.meydan.tv\/wp-content\/uploads\/78768.png","contentUrl":"https:\/\/www.meydan.tv\/wp-content\/uploads\/78768.png","width":1280,"height":720},{"@type":"BreadcrumbList","@id":"https:\/\/www.meydan.tv\/az\/article\/danx-emekdaslarinin-rusvet-aldigi-iddia-olunur-video\/#breadcrumb","itemListElement":[{"@type":"ListItem","position":1,"name":"Ana s\u0259hif\u0259","item":"https:\/\/www.meydan.tv\/az\/"},{"@type":"ListItem","position":2,"name":"Video","item":"https:\/\/www.meydan.tv\/az\/section\/video-2\/"},{"@type":"ListItem","position":3,"name":"DANX \u0259m\u0259kda\u015flar\u0131n\u0131n r\u00fc\u015fv\u0259t ald\u0131\u011f\u0131 iddia olunur &#8211; V\u0130DEO"}]},{"@type":"WebSite","@id":"https:\/\/www.meydan.tv\/az\/#website","url":"https:\/\/www.meydan.tv\/az\/","name":"MEYDAN.TV","description":"Meydan TV Az\u0259rbaycan\u0131n media m\u0259kan\u0131ndak\u0131 alternativ s\u0259sidir","publisher":{"@id":"https:\/\/www.meydan.tv\/az\/#organization"},"potentialAction":[{"@type":"SearchAction","target":{"@type":"EntryPoint","urlTemplate":"https:\/\/www.meydan.tv\/az\/?s={search_term_string}"},"query-input":{"@type":"PropertyValueSpecification","valueRequired":true,"valueName":"search_term_string"}}],"inLanguage":"az"},{"@type":"Organization","@id":"https:\/\/www.meydan.tv\/az\/#organization","name":"Meydan TV","url":"https:\/\/www.meydan.tv\/az\/","logo":{"@type":"ImageObject","inLanguage":"az","@id":"https:\/\/www.meydan.tv\/az\/#\/schema\/logo\/image\/","url":"https:\/\/www.meydan.tv\/wp-content\/uploads\/2021\/07\/meydan-logo.svg","contentUrl":"https:\/\/www.meydan.tv\/wp-content\/uploads\/2021\/07\/meydan-logo.svg","width":195,"height":46,"caption":"Meydan TV"},"image":{"@id":"https:\/\/www.meydan.tv\/az\/#\/schema\/logo\/image\/"}},{"@type":"Person","@id":"https:\/\/www.meydan.tv\/az\/#\/schema\/person\/8f23e01c4de63326c13c319fb65ee65d","name":"roma"}]}},"_links":{"self":[{"href":"https:\/\/www.meydan.tv\/az\/wp-json\/wp\/v2\/posts\/250989","targetHints":{"allow":["GET"]}}],"collection":[{"href":"https:\/\/www.meydan.tv\/az\/wp-json\/wp\/v2\/posts"}],"about":[{"href":"https:\/\/www.meydan.tv\/az\/wp-json\/wp\/v2\/types\/post"}],"author":[{"embeddable":true,"href":"https:\/\/www.meydan.tv\/az\/wp-json\/wp\/v2\/users\/14"}],"replies":[{"embeddable":true,"href":"https:\/\/www.meydan.tv\/az\/wp-json\/wp\/v2\/comments?post=250989"}],"version-history":[{"count":2,"href":"https:\/\/www.meydan.tv\/az\/wp-json\/wp\/v2\/posts\/250989\/revisions"}],"predecessor-version":[{"id":251005,"href":"https:\/\/www.meydan.tv\/az\/wp-json\/wp\/v2\/posts\/250989\/revisions\/251005"}],"wp:featuredmedia":[{"embeddable":true,"href":"https:\/\/www.meydan.tv\/az\/wp-json\/wp\/v2\/media\/250990"}],"wp:attachment":[{"href":"https:\/\/www.meydan.tv\/az\/wp-json\/wp\/v2\/media?parent=250989"}],"wp:term":[{"taxonomy":"category","embeddable":true,"href":"https:\/\/www.meydan.tv\/az\/wp-json\/wp\/v2\/categories?post=250989"},{"taxonomy":"post_tag","embeddable":true,"href":"https:\/\/www.meydan.tv\/az\/wp-json\/wp\/v2\/tags?post=250989"}],"curies":[{"name":"wp","href":"https:\/\/api.w.org\/{rel}","templated":true}]}}