{"id":250942,"date":"2022-07-15T15:32:37","date_gmt":"2022-07-15T11:32:37","guid":{"rendered":"https:\/\/www.meydan.tv\/?p=250942"},"modified":"2022-07-15T15:32:39","modified_gmt":"2022-07-15T11:32:39","slug":"xezerin-sahilinde-rok-festivali","status":"publish","type":"post","link":"https:\/\/www.meydan.tv\/az\/article\/xezerin-sahilinde-rok-festivali\/","title":{"rendered":"\u201cX\u0259z\u0259rin sahilind\u0259\u201d rok festival\u0131"},"content":{"rendered":"\n<p><\/p>\n\n\n\n<p><em>Festival \u00e7\u0259r\u00e7iv\u0259sind\u0259 rok ifa\u00e7\u0131lar\u0131 v\u0259 qruplar\u0131 \u00e7\u0131x\u0131\u015f ed\u0259c\u0259kl\u0259r<\/em><\/p>\n\n\n\n<p>Bak\u0131da \u201cX\u0259z\u0259rin sahilind\u0259\u201d adl\u0131 rok festival\u0131 ke\u00e7iril\u0259c\u0259k.<\/p>\n\n\n\n<p>Festival iyulun 30-da S\u0259bail rayonu, \u015e\u0131x \u00e7im\u0259rliyind\u0259 t\u0259\u015fkil <a href=\"https:\/\/iticket.az\/events\/concerts\/xezerin-sahilinde-named-rock-festival\" target=\"_blank\" rel=\"noreferrer noopener\">olunacaq.<\/a><\/p>\n\n\n\n<p>Festival\u0131n i\u015ftirak\u00e7\u0131lar\u0131 v\u0259 qruplar\u0131n\u0131n siyah\u0131s\u0131n\u0131 t\u0259qdim edirik:<\/p>\n\n\n\n<p><em>\u2022 Rasim M\u00fcz\u0259ff\u0259rli<br>\u2022 S\u0130RR<br>\u2022 Qara D\u0259rvi\u015f<br>\u2022 D\u0259d\u0259 Baba<br>\u2022 Glass<br>\u2022 Grey<br>\u2022 Coda<br>\u2022 AynaBand<br>\u2022 Royal Musa<br>\u2022 Joseph Abbas<br>\u2022 Namik Faradj<br>\u2022 H\u0259bib Mirz\u0259<br>\u2022 Mir\u0259l\u0259m Musazad\u0259<\/em><\/p>\n\n\n\n<p>Az\u0259rbaycanda rok janr\u0131 1960-c\u0131 ild\u0259n yaranma\u011fa ba\u015flay\u0131b.<\/p>\n\n\n\n<p>Rok qruplar is\u0259 \u0259sas\u0259n 1970-80 ci ill\u0259rd\u0259 universitetl\u0259rin t\u0259l\u0259b\u0259 birlikl\u0259rind\u0259 inki\u015faf edib.<\/p>\n\n\n\n<p>Az\u0259rbaycan rokunun yaranmas\u0131nda v\u0259 inki\u015faf\u0131nda \u201c\u00dc\u00e7 alov\u201d, \u201cEksperiment OK\u201d v\u0259 \u201cA\u015f\u0131qlar\u201d qrupu b\u00f6y\u00fck rol oynay\u0131b.<\/p>\n\n\n\n<p>\u201cYuxu\u201d, \u201cSpark\u201d, \u201cMozalan\u201d, \u201cSirr\u201d v\u0259 dig\u0259rl\u0259ri d\u0259 Az\u0259rbaycan\u0131n \u0259n m\u0259\u015fhur rok qruplar\u0131ndan hesab edilir.<\/p>\n\n\n\n<p>Az\u0259rbaycanda ilk rok festival\u0131 1968-ci ild\u0259 ke\u00e7irilib.<\/p>\n","protected":false},"excerpt":{"rendered":"<p>Festival \u00e7\u0259r\u00e7iv\u0259sind\u0259 rok ifa\u00e7\u0131lar\u0131 v\u0259 qruplar\u0131 \u00e7\u0131x\u0131\u015f ed\u0259c\u0259kl\u0259r Bak\u0131da \u201cX\u0259z\u0259rin &#8230; <\/p>\n<p class=\"read-more-container\"><a title=\"\u201cX\u0259z\u0259rin sahilind\u0259\u201d rok festival\u0131\" class=\"read-more button\" href=\"https:\/\/www.meydan.tv\/az\/article\/xezerin-sahilinde-rok-festivali\/#more-250942\" aria-label=\"Read more about \u201cX\u0259z\u0259rin sahilind\u0259\u201d rok festival\u0131\">Davam\u0131<\/a><\/p>\n","protected":false},"author":8,"featured_media":250943,"comment_status":"closed","ping_status":"closed","sticky":false,"template":"","format":"standard","meta":{"_acf_changed":false,"_sitemap_exclude":false,"_sitemap_priority":"","_sitemap_frequency":"","footnotes":""},"categories":[52,56],"tags":[],"class_list":["post-250942","post","type-post","status-publish","format-standard","has-post-thumbnail","hentry","category-medeniyyet","category-xeberler","infinite-scroll-item","generate-columns","tablet-grid-50","mobile-grid-100","grid-parent","grid-33","no-featured-image-padding"],"acf":[],"yoast_head":"<!-- This site is optimized with the Yoast SEO plugin v27.5 - https:\/\/yoast.com\/product\/yoast-seo-wordpress\/ -->\n<title>\u201cX\u0259z\u0259rin sahilind\u0259\u201d rok festival\u0131 - MEYDAN.TV<\/title>\n<meta name=\"robots\" content=\"index, follow, max-snippet:-1, max-image-preview:large, max-video-preview:-1\" \/>\n<link rel=\"canonical\" href=\"https:\/\/www.meydan.tv\/az\/article\/xezerin-sahilinde-rok-festivali\/\" \/>\n<meta property=\"og:locale\" content=\"az_AZ\" \/>\n<meta property=\"og:type\" content=\"article\" \/>\n<meta property=\"og:title\" content=\"\u201cX\u0259z\u0259rin sahilind\u0259\u201d rok festival\u0131 - MEYDAN.TV\" \/>\n<meta property=\"og:description\" content=\"Festival \u00e7\u0259r\u00e7iv\u0259sind\u0259 rok ifa\u00e7\u0131lar\u0131 v\u0259 qruplar\u0131 \u00e7\u0131x\u0131\u015f ed\u0259c\u0259kl\u0259r Bak\u0131da \u201cX\u0259z\u0259rin ... Davam\u0131\" \/>\n<meta property=\"og:url\" content=\"https:\/\/www.meydan.tv\/az\/article\/xezerin-sahilinde-rok-festivali\/\" \/>\n<meta property=\"og:site_name\" content=\"MEYDAN.TV\" \/>\n<meta property=\"article:published_time\" content=\"2022-07-15T11:32:37+00:00\" \/>\n<meta property=\"article:modified_time\" content=\"2022-07-15T11:32:39+00:00\" \/>\n<meta property=\"og:image\" content=\"https:\/\/www.meydan.tv\/wp-content\/uploads\/mjk7pf-e1657884400607.jpg\" \/>\n\t<meta property=\"og:image:width\" content=\"1199\" \/>\n\t<meta property=\"og:image:height\" content=\"1037\" \/>\n\t<meta property=\"og:image:type\" content=\"image\/jpeg\" \/>\n<meta name=\"author\" content=\"elli\" \/>\n<meta name=\"twitter:card\" content=\"summary_large_image\" \/>\n<meta name=\"twitter:creator\" content=\"@elli\" \/>\n<script type=\"application\/ld+json\" class=\"yoast-schema-graph\">{\"@context\":\"https:\\\/\\\/schema.org\",\"@graph\":[{\"@type\":\"Article\",\"@id\":\"https:\\\/\\\/www.meydan.tv\\\/az\\\/article\\\/xezerin-sahilinde-rok-festivali\\\/#article\",\"isPartOf\":{\"@id\":\"https:\\\/\\\/www.meydan.tv\\\/az\\\/article\\\/xezerin-sahilinde-rok-festivali\\\/\"},\"author\":{\"name\":\"elli\",\"@id\":\"https:\\\/\\\/www.meydan.tv\\\/az\\\/#\\\/schema\\\/person\\\/9cdbecf90d17180ce1dfbd95b08dcf47\"},\"headline\":\"\u201cX\u0259z\u0259rin sahilind\u0259\u201d rok festival\u0131\",\"datePublished\":\"2022-07-15T11:32:37+00:00\",\"dateModified\":\"2022-07-15T11:32:39+00:00\",\"mainEntityOfPage\":{\"@id\":\"https:\\\/\\\/www.meydan.tv\\\/az\\\/article\\\/xezerin-sahilinde-rok-festivali\\\/\"},\"wordCount\":172,\"publisher\":{\"@id\":\"https:\\\/\\\/www.meydan.tv\\\/az\\\/#organization\"},\"image\":{\"@id\":\"https:\\\/\\\/www.meydan.tv\\\/az\\\/article\\\/xezerin-sahilinde-rok-festivali\\\/#primaryimage\"},\"thumbnailUrl\":\"https:\\\/\\\/www.meydan.tv\\\/wp-content\\\/uploads\\\/mjk7pf-e1657884400607.jpg\",\"articleSection\":[\"M\u0259d\u0259niyy\u0259t\",\"X\u0259b\u0259rl\u0259r\"],\"inLanguage\":\"az\"},{\"@type\":\"WebPage\",\"@id\":\"https:\\\/\\\/www.meydan.tv\\\/az\\\/article\\\/xezerin-sahilinde-rok-festivali\\\/\",\"url\":\"https:\\\/\\\/www.meydan.tv\\\/az\\\/article\\\/xezerin-sahilinde-rok-festivali\\\/\",\"name\":\"\u201cX\u0259z\u0259rin sahilind\u0259\u201d rok festival\u0131 - MEYDAN.TV\",\"isPartOf\":{\"@id\":\"https:\\\/\\\/www.meydan.tv\\\/az\\\/#website\"},\"primaryImageOfPage\":{\"@id\":\"https:\\\/\\\/www.meydan.tv\\\/az\\\/article\\\/xezerin-sahilinde-rok-festivali\\\/#primaryimage\"},\"image\":{\"@id\":\"https:\\\/\\\/www.meydan.tv\\\/az\\\/article\\\/xezerin-sahilinde-rok-festivali\\\/#primaryimage\"},\"thumbnailUrl\":\"https:\\\/\\\/www.meydan.tv\\\/wp-content\\\/uploads\\\/mjk7pf-e1657884400607.jpg\",\"datePublished\":\"2022-07-15T11:32:37+00:00\",\"dateModified\":\"2022-07-15T11:32:39+00:00\",\"breadcrumb\":{\"@id\":\"https:\\\/\\\/www.meydan.tv\\\/az\\\/article\\\/xezerin-sahilinde-rok-festivali\\\/#breadcrumb\"},\"inLanguage\":\"az\",\"potentialAction\":[{\"@type\":\"ReadAction\",\"target\":[\"https:\\\/\\\/www.meydan.tv\\\/az\\\/article\\\/xezerin-sahilinde-rok-festivali\\\/\"]}]},{\"@type\":\"ImageObject\",\"inLanguage\":\"az\",\"@id\":\"https:\\\/\\\/www.meydan.tv\\\/az\\\/article\\\/xezerin-sahilinde-rok-festivali\\\/#primaryimage\",\"url\":\"https:\\\/\\\/www.meydan.tv\\\/wp-content\\\/uploads\\\/mjk7pf-e1657884400607.jpg\",\"contentUrl\":\"https:\\\/\\\/www.meydan.tv\\\/wp-content\\\/uploads\\\/mjk7pf-e1657884400607.jpg\",\"width\":1199,\"height\":1037,\"caption\":\"M\u0259nb\u0259: \\\"alamy.com\\\"\"},{\"@type\":\"BreadcrumbList\",\"@id\":\"https:\\\/\\\/www.meydan.tv\\\/az\\\/article\\\/xezerin-sahilinde-rok-festivali\\\/#breadcrumb\",\"itemListElement\":[{\"@type\":\"ListItem\",\"position\":1,\"name\":\"Ana s\u0259hif\u0259\",\"item\":\"https:\\\/\\\/www.meydan.tv\\\/az\\\/\"},{\"@type\":\"ListItem\",\"position\":2,\"name\":\"M\u0259d\u0259niyy\u0259t\",\"item\":\"https:\\\/\\\/www.meydan.tv\\\/az\\\/section\\\/medeniyyet\\\/\"},{\"@type\":\"ListItem\",\"position\":3,\"name\":\"\u201cX\u0259z\u0259rin sahilind\u0259\u201d rok festival\u0131\"}]},{\"@type\":\"WebSite\",\"@id\":\"https:\\\/\\\/www.meydan.tv\\\/az\\\/#website\",\"url\":\"https:\\\/\\\/www.meydan.tv\\\/az\\\/\",\"name\":\"MEYDAN.TV\",\"description\":\"Meydan TV Az\u0259rbaycan\u0131n media m\u0259kan\u0131ndak\u0131 alternativ s\u0259sidir\",\"publisher\":{\"@id\":\"https:\\\/\\\/www.meydan.tv\\\/az\\\/#organization\"},\"potentialAction\":[{\"@type\":\"SearchAction\",\"target\":{\"@type\":\"EntryPoint\",\"urlTemplate\":\"https:\\\/\\\/www.meydan.tv\\\/az\\\/?s={search_term_string}\"},\"query-input\":{\"@type\":\"PropertyValueSpecification\",\"valueRequired\":true,\"valueName\":\"search_term_string\"}}],\"inLanguage\":\"az\"},{\"@type\":\"Organization\",\"@id\":\"https:\\\/\\\/www.meydan.tv\\\/az\\\/#organization\",\"name\":\"Meydan TV\",\"url\":\"https:\\\/\\\/www.meydan.tv\\\/az\\\/\",\"logo\":{\"@type\":\"ImageObject\",\"inLanguage\":\"az\",\"@id\":\"https:\\\/\\\/www.meydan.tv\\\/az\\\/#\\\/schema\\\/logo\\\/image\\\/\",\"url\":\"https:\\\/\\\/www.meydan.tv\\\/wp-content\\\/uploads\\\/2021\\\/07\\\/meydan-logo.svg\",\"contentUrl\":\"https:\\\/\\\/www.meydan.tv\\\/wp-content\\\/uploads\\\/2021\\\/07\\\/meydan-logo.svg\",\"width\":195,\"height\":46,\"caption\":\"Meydan TV\"},\"image\":{\"@id\":\"https:\\\/\\\/www.meydan.tv\\\/az\\\/#\\\/schema\\\/logo\\\/image\\\/\"}},{\"@type\":\"Person\",\"@id\":\"https:\\\/\\\/www.meydan.tv\\\/az\\\/#\\\/schema\\\/person\\\/9cdbecf90d17180ce1dfbd95b08dcf47\",\"name\":\"elli\",\"sameAs\":[\"https:\\\/\\\/x.com\\\/elli\"]}]}<\/script>\n<!-- \/ Yoast SEO plugin. -->","yoast_head_json":{"title":"\u201cX\u0259z\u0259rin sahilind\u0259\u201d rok festival\u0131 - MEYDAN.TV","robots":{"index":"index","follow":"follow","max-snippet":"max-snippet:-1","max-image-preview":"max-image-preview:large","max-video-preview":"max-video-preview:-1"},"canonical":"https:\/\/www.meydan.tv\/az\/article\/xezerin-sahilinde-rok-festivali\/","og_locale":"az_AZ","og_type":"article","og_title":"\u201cX\u0259z\u0259rin sahilind\u0259\u201d rok festival\u0131 - MEYDAN.TV","og_description":"Festival \u00e7\u0259r\u00e7iv\u0259sind\u0259 rok ifa\u00e7\u0131lar\u0131 v\u0259 qruplar\u0131 \u00e7\u0131x\u0131\u015f ed\u0259c\u0259kl\u0259r Bak\u0131da \u201cX\u0259z\u0259rin ... Davam\u0131","og_url":"https:\/\/www.meydan.tv\/az\/article\/xezerin-sahilinde-rok-festivali\/","og_site_name":"MEYDAN.TV","article_published_time":"2022-07-15T11:32:37+00:00","article_modified_time":"2022-07-15T11:32:39+00:00","og_image":[{"width":1199,"height":1037,"url":"https:\/\/www.meydan.tv\/wp-content\/uploads\/mjk7pf-e1657884400607.jpg","type":"image\/jpeg"}],"author":"elli","twitter_card":"summary_large_image","twitter_creator":"@elli","schema":{"@context":"https:\/\/schema.org","@graph":[{"@type":"Article","@id":"https:\/\/www.meydan.tv\/az\/article\/xezerin-sahilinde-rok-festivali\/#article","isPartOf":{"@id":"https:\/\/www.meydan.tv\/az\/article\/xezerin-sahilinde-rok-festivali\/"},"author":{"name":"elli","@id":"https:\/\/www.meydan.tv\/az\/#\/schema\/person\/9cdbecf90d17180ce1dfbd95b08dcf47"},"headline":"\u201cX\u0259z\u0259rin sahilind\u0259\u201d rok festival\u0131","datePublished":"2022-07-15T11:32:37+00:00","dateModified":"2022-07-15T11:32:39+00:00","mainEntityOfPage":{"@id":"https:\/\/www.meydan.tv\/az\/article\/xezerin-sahilinde-rok-festivali\/"},"wordCount":172,"publisher":{"@id":"https:\/\/www.meydan.tv\/az\/#organization"},"image":{"@id":"https:\/\/www.meydan.tv\/az\/article\/xezerin-sahilinde-rok-festivali\/#primaryimage"},"thumbnailUrl":"https:\/\/www.meydan.tv\/wp-content\/uploads\/mjk7pf-e1657884400607.jpg","articleSection":["M\u0259d\u0259niyy\u0259t","X\u0259b\u0259rl\u0259r"],"inLanguage":"az"},{"@type":"WebPage","@id":"https:\/\/www.meydan.tv\/az\/article\/xezerin-sahilinde-rok-festivali\/","url":"https:\/\/www.meydan.tv\/az\/article\/xezerin-sahilinde-rok-festivali\/","name":"\u201cX\u0259z\u0259rin sahilind\u0259\u201d rok festival\u0131 - MEYDAN.TV","isPartOf":{"@id":"https:\/\/www.meydan.tv\/az\/#website"},"primaryImageOfPage":{"@id":"https:\/\/www.meydan.tv\/az\/article\/xezerin-sahilinde-rok-festivali\/#primaryimage"},"image":{"@id":"https:\/\/www.meydan.tv\/az\/article\/xezerin-sahilinde-rok-festivali\/#primaryimage"},"thumbnailUrl":"https:\/\/www.meydan.tv\/wp-content\/uploads\/mjk7pf-e1657884400607.jpg","datePublished":"2022-07-15T11:32:37+00:00","dateModified":"2022-07-15T11:32:39+00:00","breadcrumb":{"@id":"https:\/\/www.meydan.tv\/az\/article\/xezerin-sahilinde-rok-festivali\/#breadcrumb"},"inLanguage":"az","potentialAction":[{"@type":"ReadAction","target":["https:\/\/www.meydan.tv\/az\/article\/xezerin-sahilinde-rok-festivali\/"]}]},{"@type":"ImageObject","inLanguage":"az","@id":"https:\/\/www.meydan.tv\/az\/article\/xezerin-sahilinde-rok-festivali\/#primaryimage","url":"https:\/\/www.meydan.tv\/wp-content\/uploads\/mjk7pf-e1657884400607.jpg","contentUrl":"https:\/\/www.meydan.tv\/wp-content\/uploads\/mjk7pf-e1657884400607.jpg","width":1199,"height":1037,"caption":"M\u0259nb\u0259: \"alamy.com\""},{"@type":"BreadcrumbList","@id":"https:\/\/www.meydan.tv\/az\/article\/xezerin-sahilinde-rok-festivali\/#breadcrumb","itemListElement":[{"@type":"ListItem","position":1,"name":"Ana s\u0259hif\u0259","item":"https:\/\/www.meydan.tv\/az\/"},{"@type":"ListItem","position":2,"name":"M\u0259d\u0259niyy\u0259t","item":"https:\/\/www.meydan.tv\/az\/section\/medeniyyet\/"},{"@type":"ListItem","position":3,"name":"\u201cX\u0259z\u0259rin sahilind\u0259\u201d rok festival\u0131"}]},{"@type":"WebSite","@id":"https:\/\/www.meydan.tv\/az\/#website","url":"https:\/\/www.meydan.tv\/az\/","name":"MEYDAN.TV","description":"Meydan TV Az\u0259rbaycan\u0131n media m\u0259kan\u0131ndak\u0131 alternativ s\u0259sidir","publisher":{"@id":"https:\/\/www.meydan.tv\/az\/#organization"},"potentialAction":[{"@type":"SearchAction","target":{"@type":"EntryPoint","urlTemplate":"https:\/\/www.meydan.tv\/az\/?s={search_term_string}"},"query-input":{"@type":"PropertyValueSpecification","valueRequired":true,"valueName":"search_term_string"}}],"inLanguage":"az"},{"@type":"Organization","@id":"https:\/\/www.meydan.tv\/az\/#organization","name":"Meydan TV","url":"https:\/\/www.meydan.tv\/az\/","logo":{"@type":"ImageObject","inLanguage":"az","@id":"https:\/\/www.meydan.tv\/az\/#\/schema\/logo\/image\/","url":"https:\/\/www.meydan.tv\/wp-content\/uploads\/2021\/07\/meydan-logo.svg","contentUrl":"https:\/\/www.meydan.tv\/wp-content\/uploads\/2021\/07\/meydan-logo.svg","width":195,"height":46,"caption":"Meydan TV"},"image":{"@id":"https:\/\/www.meydan.tv\/az\/#\/schema\/logo\/image\/"}},{"@type":"Person","@id":"https:\/\/www.meydan.tv\/az\/#\/schema\/person\/9cdbecf90d17180ce1dfbd95b08dcf47","name":"elli","sameAs":["https:\/\/x.com\/elli"]}]}},"_links":{"self":[{"href":"https:\/\/www.meydan.tv\/az\/wp-json\/wp\/v2\/posts\/250942","targetHints":{"allow":["GET"]}}],"collection":[{"href":"https:\/\/www.meydan.tv\/az\/wp-json\/wp\/v2\/posts"}],"about":[{"href":"https:\/\/www.meydan.tv\/az\/wp-json\/wp\/v2\/types\/post"}],"author":[{"embeddable":true,"href":"https:\/\/www.meydan.tv\/az\/wp-json\/wp\/v2\/users\/8"}],"replies":[{"embeddable":true,"href":"https:\/\/www.meydan.tv\/az\/wp-json\/wp\/v2\/comments?post=250942"}],"version-history":[{"count":1,"href":"https:\/\/www.meydan.tv\/az\/wp-json\/wp\/v2\/posts\/250942\/revisions"}],"predecessor-version":[{"id":250946,"href":"https:\/\/www.meydan.tv\/az\/wp-json\/wp\/v2\/posts\/250942\/revisions\/250946"}],"wp:featuredmedia":[{"embeddable":true,"href":"https:\/\/www.meydan.tv\/az\/wp-json\/wp\/v2\/media\/250943"}],"wp:attachment":[{"href":"https:\/\/www.meydan.tv\/az\/wp-json\/wp\/v2\/media?parent=250942"}],"wp:term":[{"taxonomy":"category","embeddable":true,"href":"https:\/\/www.meydan.tv\/az\/wp-json\/wp\/v2\/categories?post=250942"},{"taxonomy":"post_tag","embeddable":true,"href":"https:\/\/www.meydan.tv\/az\/wp-json\/wp\/v2\/tags?post=250942"}],"curies":[{"name":"wp","href":"https:\/\/api.w.org\/{rel}","templated":true}]}}