{"id":250938,"date":"2022-07-15T15:14:21","date_gmt":"2022-07-15T11:14:21","guid":{"rendered":"https:\/\/www.meydan.tv\/?p=250938"},"modified":"2022-07-15T15:14:24","modified_gmt":"2022-07-15T11:14:24","slug":"vilyam-haciyevin-emellerine-ulu-onder-prezident-qiymet-verib","status":"publish","type":"post","link":"https:\/\/www.meydan.tv\/az\/article\/vilyam-haciyevin-emellerine-ulu-onder-prezident-qiymet-verib\/","title":{"rendered":"\u201cVilyam Hac\u0131yevin \u0259m\u0259ll\u0259rin\u0259 ulu \u00f6nd\u0259r, prezident qiym\u0259t verib\u201d"},"content":{"rendered":"\n<p><\/p>\n\n\n\n<p><em>H\u0259bsd\u0259ki icra ba\u015f\u00e7\u0131s\u0131ndan 7.5 milyon pul t\u0259l\u0259b olunur<\/em><\/p>\n\n\n\n<p>8 il \u0130mi\u015flinin icra ba\u015f\u00e7\u0131s\u0131 olmu\u015f, iki ild\u0259n \u00e7oxdur h\u0259bsd\u0259 saxlan\u0131lan Vilyam Hac\u0131yevin m\u0259hk\u0259m\u0259si yekunla\u015fmaq \u00fczr\u0259dir. Art\u0131q m\u0259hk\u0259m\u0259 istintaq\u0131 ba\u015fa \u00e7at\u0131b.<\/p>\n\n\n\n<p>Bak\u0131 A\u011f\u0131r Cinay\u0259tl\u0259r M\u0259hk\u0259m\u0259sind\u0259 iyulun 15-d\u0259 ke\u00e7iril\u0259n m\u0259hk\u0259m\u0259 iclas\u0131nda m\u00fcxt\u0259lif d\u00f6vl\u0259t orqanlar\u0131n\u0131n t\u0259msil\u00e7il\u0259ri Vilyam Hac\u0131yevd\u0259n \u00fcmumilikd\u0259 7.5 milyon manatl\u0131q ziyan\u0131n \u00f6d\u0259nilm\u0259sini t\u0259l\u0259b edibl\u0259r. Ayr\u0131-ayr\u0131l\u0131qda \u0130mi\u015fli Rayon \u0130cra Hakimiyy\u0259ti 6 milyon 641 min, DOST M\u0259rk\u0259zi (Dayan\u0131ql\u0131 v\u0259 Operativ Sosial T\u0259minat) 674 min, \u0130mi\u015fli rayon X\u0259st\u0259xanas\u0131 67 min 830 manat, M\u0259d\u0259niyy\u0259t v\u0259 Turizm \u0130dar\u0259si 31 min 267 manatl\u0131q m\u00fclki iddia qald\u0131r\u0131b. Onlar\u0131n n\u00fcmay\u0259nd\u0259l\u0259ri m\u0259hk\u0259m\u0259d\u0259 bildirib ki, m\u0259nims\u0259m\u0259, v\u0259zif\u0259 s\u0259lahiyy\u0259tl\u0259rind\u0259n sui-istifad\u0259 n\u0259tic\u0259sind\u0259 t\u0259msil etdikl\u0259ri qurumlara bu q\u0259d\u0259r ziyan d\u0259yib v\u0259 Vilyam Hac\u0131yevd\u0259n h\u0259min v\u0259saitl\u0259rin \u00f6d\u0259nilm\u0259sini t\u0259l\u0259b edirl\u0259r.<\/p>\n\n\n\n<p>Sabiq icra ba\u015f\u00e7\u0131s\u0131n\u0131n v\u0259kili Elmar K\u0259rimov buna etiraz edib:<\/p>\n\n\n\n<p>\u201cNiy\u0259 bu t\u0259l\u0259bl\u0259ri m\u0259nim m\u00fcv\u0259kkilim\u0259 \u00fcnvanlay\u0131blar, anla\u015f\u0131lan deyil. O v\u0259saitl\u0259rin Vilyam Hac\u0131yev t\u0259r\u0259find\u0259n m\u0259nims\u0259nilm\u0259sini s\u00fcbut ed\u0259n he\u00e7 bir fakt yoxdur\u201d.<\/p>\n\n\n\n<p>V\u0259kilin s\u00f6zl\u0259rin\u0259 g\u00f6r\u0259, aylarla davam ed\u0259n m\u0259hk\u0259m\u0259 prosesind\u0259 Vilyam Hac\u0131yev\u0259 qar\u015f\u0131 ittihamlar\u0131n he\u00e7 biri t\u0259sdiqini tapmay\u0131b. O vur\u011fulay\u0131b ki, 100-d\u0259n art\u0131q \u015fahid dindirilib, icra hakimiyy\u0259tinin ba\u015f m\u00fchasibi C\u0259mil Musayev istisna olmaqla, he\u00e7 bir \u015fahid Vilyam Hac\u0131yev\u0259 pul verdiyini dem\u0259yib:<\/p>\n\n\n\n<p>\u201c\u015eahidl\u0259r istintaqa ifad\u0259l\u0259rini t\u0259sdiql\u0259m\u0259dil\u0259r. El\u0259 ifad\u0259 verm\u0259dikl\u0259rini dedil\u0259r. \u018fksin\u0259, C\u0259mil Musayev\u0259 pul verdikl\u0259rini dedil\u0259r. C\u0259mil Musayev bu g\u00fcn d\u0259 v\u0259zif\u0259d\u0259 qalmaqda davam edir, onun haqq\u0131nda he\u00e7 bir t\u0259dbir g\u00f6r\u00fclm\u0259yib. He\u00e7 bir m\u00f6t\u0259b\u0259r s\u00fcbut olmadan adam\u0131 a\u011f\u0131r cinay\u0259td\u0259 ittiham el\u0259m\u0259k absurddur. M\u0259n d\u0259 iddia ed\u0259 bil\u0259r\u0259m ki, kim\u0259s\u0259 pul vermi\u015f\u0259m. M\u0259nim dem\u0259yiml\u0259 deyil ax\u0131, \u0259lav\u0259 s\u00fcbutlar laz\u0131md\u0131r\u201d.<\/p>\n\n\n\n<p>M\u00fcdafi\u0259\u00e7i Vilyam Hac\u0131yev\u0259 verilmi\u015f qanunsuz silah saxlama ittiham\u0131ndan da dan\u0131\u015f\u0131b. Onun s\u00f6zl\u0259rin\u0259 g\u00f6r\u0259, ov t\u00fcf\u0259nginin d\u0259, patronlar\u0131n da s\u0259n\u0259dl\u0259ri var, ma\u011fazadan al\u0131nd\u0131\u011f\u0131 t\u0259sdiql\u0259nib:<\/p>\n\n\n\n<p>\u201cBallistik ekspertiza ke\u00e7irib m\u00fc\u0259yy\u0259nl\u0259\u015fdiribl\u0259r ki, patronlardan hans\u0131ndasa bar\u0131t bir az \u00e7oxdur. Buna g\u00f6r\u0259 adama ittiham ver\u0259rl\u0259r? Kim ma\u011fazadan patron alanda onu \u0259vv\u0259lc\u0259 laboratoriyaya apar\u0131b yoxlatd\u0131r\u0131r?\u201d<\/p>\n\n\n\n<p>V\u0259kil sabiq icra ba\u015f\u00e7\u0131s\u0131n\u0131n \u00f6z\u00fc v\u0259 qohumlar\u0131n\u0131n ad\u0131na olan \u0259mlaklar\u0131n m\u00fcsadir\u0259sil\u0259 ba\u011fl\u0131 prokurorun t\u0259klifin\u0259 d\u0259 m\u00fcnasib\u0259t bildirib. O iddia edib ki, Hac\u0131yevl\u0259r \u0259silzad\u0259 n\u0259sil olub, h\u0259mi\u015f\u0259 yax\u015f\u0131 imkanlara sahib olublar. Prokurorun m\u00fcsadir\u0259sini t\u0259klif etdiyi, haz\u0131rda \u00fcz\u0259rind\u0259 h\u0259bs olan \u0259mlaklar da o, \u0130mi\u015flinin icra ba\u015f\u00e7\u0131s\u0131 i\u015fl\u0259diyi d\u00f6vrd\u0259n xeyli \u0259vv\u0259l \u0259ld\u0259 olunub. \u00dcst\u0259lik, h\u0259min \u0259mlaklar\u0131n m\u00fclkiyy\u0259t\u00e7isi Vilyam Hac\u0131yev deyil, ba\u015fqa adamlard\u0131r.<\/p>\n\n\n\n<p>\u201cVilyam Hac\u0131yev b\u00fct\u00fcn \u00f6mr\u00fcn\u00fc d\u00f6vl\u0259t\u0259 v\u0259 d\u00f6vl\u0259t\u00e7iliy\u0259 xidm\u0259t\u0259 h\u0259sr edib. O, Qaraba\u011f m\u00fcharib\u0259si veteran\u0131d\u0131r. V\u0259t\u0259nin a\u011f\u0131r vaxtlar\u0131nda m\u00fcharib\u0259d\u0259 i\u015ftirak edib. Prokuror deyir ki, onun i\u015find\u0259 y\u00fcng\u00fcll\u0259\u015fdirici hal yoxdur. Bu, y\u00fcng\u00fcll\u0259\u015fdirici hal deyil? \u00dcmummilli lider Heyd\u0259r \u018fliyevin onunla ba\u011fl\u0131 imzalad\u0131\u011f\u0131 v\u0259siq\u0259 var. Orada g\u00f6st\u0259rilib ki, Nax\u00e7\u0131van Muxtar Respublikas\u0131n\u0131n m\u00fcdafi\u0259si zaman\u0131 g\u00f6st\u0259rdiyi \u015f\u00fcca\u0259t\u0259 g\u00f6r\u0259 \u201cNax\u00e7\u0131van\u0131n f\u0259xri v\u0259t\u0259nda\u015f\u0131\u201d ad\u0131 il\u0259 t\u0259ltif olunur. Bu ad yegan\u0259 ona verilib. Haz\u0131rk\u0131 prezident onu \u201cV\u0259t\u0259n\u0259 xidm\u0259t\u0259 g\u00f6r\u0259\u201d ordeni il\u0259 t\u0259ltif edib. Ona Az\u0259rbaycan Xalq C\u00fcmhuriyy\u0259tinin yubiley medal\u0131 verilib. Prezidentin \u0130mi\u015fliy\u0259 s\u0259f\u0259ri zaman\u0131 onun g\u00f6rd\u00fcy\u00fc i\u015fl\u0259rl\u0259 ba\u011fl\u0131 s\u0259sl\u0259ndirdiyi fikirl\u0259r var\u201d, &#8211; bunu da v\u0259kil Elmar K\u0259rimov deyib.<\/p>\n\n\n\n<p>O \u0259lav\u0259 edib ki, sabiq icra ba\u015f\u00e7\u0131s\u0131n\u0131n s\u0259hh\u0259tind\u0259 ciddi probleml\u0259r var, \u0259m\u0259liyyat olunmal\u0131d\u0131r.<\/p>\n\n\n\n<p>Vilyam Hac\u0131yevin dig\u0259r v\u0259kili is\u0259 bildirib ki, onu yaln\u0131z s\u0259hl\u0259nkarl\u0131qda q\u0131namaq olar:<\/p>\n\n\n\n<p>\u201cOla bil\u0259r ki, \u0259traf\u0131ndak\u0131 insanlara inan\u0131b, onlar\u0131n etdiyi \u0259m\u0259ld\u0259n x\u0259b\u0259ri olmay\u0131b. Amma \u00f6z\u00fcn\u00fcn bil\u0259r\u0259kd\u0259n cinay\u0259t t\u00f6r\u0259tm\u0259si haqda he\u00e7 bir s\u00fcbut-d\u0259lil yoxdur. \u0130ndi ham\u0131 k\u0259narda qal\u0131b, h\u0259r \u015feyi icra ba\u015f\u00e7\u0131s\u0131 olub dey\u0259, onun \u00fcz\u0259rin\u0259 qoyublar. Vilyam Hac\u0131yevin \u0259m\u0259ll\u0259rin\u0259 ulu \u00f6nd\u0259r, prezident qiym\u0259t verib. Bu da onun nec\u0259 i\u015fl\u0259m\u0259sinin g\u00f6st\u0259ricisidir\u201d.<\/p>\n\n\n\n<p>Vilyam Hac\u0131yevin m\u0259hk\u0259m\u0259si iyulun 18-d\u0259 dig\u0259r v\u0259kilinin \u00e7\u0131x\u0131\u015f\u0131 v\u0259 \u00f6z\u00fcn\u00fcn son s\u00f6z\u00fc il\u0259 davam ed\u0259c\u0259k.<\/p>\n\n\n\n<p>Vilyam Hac\u0131yev Cinay\u0259t M\u0259c\u0259ll\u0259sinin 179.4 (x\u00fcsusil\u0259 k\u00fclli miqdarda m\u0259nims\u0259m\u0259), 311 (r\u00fc\u015fv\u0259t alma) v\u0259 ba\u015fqa madd\u0259l\u0259ril\u0259 ittiham olunur.<\/p>\n\n\n\n<p>O, 2004-2006-c\u0131 ill\u0259rd\u0259 G\u00f6yg\u00f6l rayonunun, 2006-2012-ci ill\u0259rd\u0259 Samuxun, 2012-2020-ci ill\u0259rd\u0259 is\u0259 \u0130mi\u015flinin icra ba\u015f\u00e7\u0131s\u0131 v\u0259zif\u0259sind\u0259 \u00e7al\u0131\u015f\u0131b.<\/p>\n\n\n\n<p>Vilyam Hac\u0131yevin h\u0259bsind\u0259n sonra DTX onun evind\u0259n, qaraj\u0131ndan qutularda milyonlarla manat, xarici valtitada pullar\u0131n, m\u00fcxt\u0259lif ma\u015f\u0131nlar\u0131n \u00e7\u0131xmas\u0131n\u0131 \u0259ks etdir\u0259n g\u00f6r\u00fcnt\u00fcl\u0259r yay\u0131mlam\u0131\u015fd\u0131.<\/p>\n\n\n\n<p>Vilyam Hac\u0131yev \u00f6z\u00fcn\u00fc t\u0259qsirli bilmir, ittihamlar\u0131n \u015f\u0259r-b\u00f6htan oldu\u011funu, sifari\u015fl\u0259 h\u0259bs edildiyini bildirir.<\/p>\n\n\n\n<p>Az\u0259rbaycanda icra ba\u015f\u00e7\u0131lar\u0131n\u0131n h\u0259bs dal\u011fas\u0131 2019-cu ilin dekabr\u0131ndan ba\u015flay\u0131b. \u0130lk h\u0259bs edil\u0259nl\u0259r A\u011fstafa rayonunun icra ba\u015f\u00e7\u0131s\u0131 Nizam\u0259ddin Quliyev v\u0259 Yevlax\u0131n sabiq icra ba\u015f\u00e7\u0131s\u0131 Qoca S\u0259m\u0259dov olub. 2020-ci ilin ilin fevral\u0131nda Neft\u00e7alan\u0131n, mayda is\u0259 Bil\u0259suvar\u0131n v\u0259 \u0130mi\u015flinin icra ba\u015f\u00e7\u0131s\u0131 h\u0259bs edildi. Ard\u0131nca K\u00fcrd\u0259mir, C\u0259lilabad, \u015e\u0259mkir rayonlar\u0131nda da eyni \u0259m\u0259liyyatlar h\u0259yata ke\u00e7irildi.<\/p>\n","protected":false},"excerpt":{"rendered":"<p>H\u0259bsd\u0259ki icra ba\u015f\u00e7\u0131s\u0131ndan 7.5 milyon pul t\u0259l\u0259b olunur 8 il &#8230; <\/p>\n<p class=\"read-more-container\"><a title=\"\u201cVilyam Hac\u0131yevin \u0259m\u0259ll\u0259rin\u0259 ulu \u00f6nd\u0259r, prezident qiym\u0259t verib\u201d\" class=\"read-more button\" href=\"https:\/\/www.meydan.tv\/az\/article\/vilyam-haciyevin-emellerine-ulu-onder-prezident-qiymet-verib\/#more-250938\" aria-label=\"Read more about \u201cVilyam Hac\u0131yevin \u0259m\u0259ll\u0259rin\u0259 ulu \u00f6nd\u0259r, prezident qiym\u0259t verib\u201d\">Davam\u0131<\/a><\/p>\n","protected":false},"author":8,"featured_media":240618,"comment_status":"closed","ping_status":"closed","sticky":false,"template":"","format":"standard","meta":{"_acf_changed":false,"_sitemap_exclude":false,"_sitemap_priority":"","_sitemap_frequency":"","footnotes":""},"categories":[60,79,56],"tags":[],"class_list":["post-250938","post","type-post","status-publish","format-standard","has-post-thumbnail","hentry","category-bolge","category-featured","category-xeberler","infinite-scroll-item","generate-columns","tablet-grid-50","mobile-grid-100","grid-parent","grid-33","no-featured-image-padding"],"acf":[],"yoast_head":"<!-- This site is optimized with the Yoast SEO plugin v27.5 - https:\/\/yoast.com\/product\/yoast-seo-wordpress\/ -->\n<title>\u201cVilyam Hac\u0131yevin \u0259m\u0259ll\u0259rin\u0259 ulu \u00f6nd\u0259r, prezident qiym\u0259t verib\u201d - MEYDAN.TV<\/title>\n<meta name=\"robots\" content=\"index, follow, max-snippet:-1, max-image-preview:large, max-video-preview:-1\" \/>\n<link rel=\"canonical\" href=\"https:\/\/www.meydan.tv\/az\/article\/vilyam-haciyevin-emellerine-ulu-onder-prezident-qiymet-verib\/\" \/>\n<meta property=\"og:locale\" content=\"az_AZ\" \/>\n<meta property=\"og:type\" content=\"article\" \/>\n<meta property=\"og:title\" content=\"\u201cVilyam Hac\u0131yevin \u0259m\u0259ll\u0259rin\u0259 ulu \u00f6nd\u0259r, prezident qiym\u0259t verib\u201d - MEYDAN.TV\" \/>\n<meta property=\"og:description\" content=\"H\u0259bsd\u0259ki icra ba\u015f\u00e7\u0131s\u0131ndan 7.5 milyon pul t\u0259l\u0259b olunur 8 il ... Davam\u0131\" \/>\n<meta property=\"og:url\" content=\"https:\/\/www.meydan.tv\/az\/article\/vilyam-haciyevin-emellerine-ulu-onder-prezident-qiymet-verib\/\" \/>\n<meta property=\"og:site_name\" content=\"MEYDAN.TV\" \/>\n<meta property=\"article:published_time\" content=\"2022-07-15T11:14:21+00:00\" \/>\n<meta property=\"article:modified_time\" content=\"2022-07-15T11:14:24+00:00\" \/>\n<meta property=\"og:image\" content=\"https:\/\/www.meydan.tv\/wp-content\/uploads\/image_from_ios-25.jpg\" \/>\n\t<meta property=\"og:image:width\" content=\"1422\" \/>\n\t<meta property=\"og:image:height\" content=\"800\" \/>\n\t<meta property=\"og:image:type\" content=\"image\/jpeg\" \/>\n<meta name=\"author\" content=\"elli\" \/>\n<meta name=\"twitter:card\" content=\"summary_large_image\" \/>\n<meta name=\"twitter:creator\" content=\"@elli\" \/>\n<script type=\"application\/ld+json\" class=\"yoast-schema-graph\">{\"@context\":\"https:\\\/\\\/schema.org\",\"@graph\":[{\"@type\":\"Article\",\"@id\":\"https:\\\/\\\/www.meydan.tv\\\/az\\\/article\\\/vilyam-haciyevin-emellerine-ulu-onder-prezident-qiymet-verib\\\/#article\",\"isPartOf\":{\"@id\":\"https:\\\/\\\/www.meydan.tv\\\/az\\\/article\\\/vilyam-haciyevin-emellerine-ulu-onder-prezident-qiymet-verib\\\/\"},\"author\":{\"name\":\"elli\",\"@id\":\"https:\\\/\\\/www.meydan.tv\\\/az\\\/#\\\/schema\\\/person\\\/9cdbecf90d17180ce1dfbd95b08dcf47\"},\"headline\":\"\u201cVilyam Hac\u0131yevin \u0259m\u0259ll\u0259rin\u0259 ulu \u00f6nd\u0259r, prezident qiym\u0259t verib\u201d\",\"datePublished\":\"2022-07-15T11:14:21+00:00\",\"dateModified\":\"2022-07-15T11:14:24+00:00\",\"mainEntityOfPage\":{\"@id\":\"https:\\\/\\\/www.meydan.tv\\\/az\\\/article\\\/vilyam-haciyevin-emellerine-ulu-onder-prezident-qiymet-verib\\\/\"},\"wordCount\":1130,\"publisher\":{\"@id\":\"https:\\\/\\\/www.meydan.tv\\\/az\\\/#organization\"},\"image\":{\"@id\":\"https:\\\/\\\/www.meydan.tv\\\/az\\\/article\\\/vilyam-haciyevin-emellerine-ulu-onder-prezident-qiymet-verib\\\/#primaryimage\"},\"thumbnailUrl\":\"https:\\\/\\\/www.meydan.tv\\\/wp-content\\\/uploads\\\/image_from_ios-25.jpg\",\"articleSection\":[\"B\u00f6lg\u0259\",\"T\u00f6vsiy\u0259\",\"X\u0259b\u0259rl\u0259r\"],\"inLanguage\":\"az\"},{\"@type\":\"WebPage\",\"@id\":\"https:\\\/\\\/www.meydan.tv\\\/az\\\/article\\\/vilyam-haciyevin-emellerine-ulu-onder-prezident-qiymet-verib\\\/\",\"url\":\"https:\\\/\\\/www.meydan.tv\\\/az\\\/article\\\/vilyam-haciyevin-emellerine-ulu-onder-prezident-qiymet-verib\\\/\",\"name\":\"\u201cVilyam Hac\u0131yevin \u0259m\u0259ll\u0259rin\u0259 ulu \u00f6nd\u0259r, prezident qiym\u0259t verib\u201d - MEYDAN.TV\",\"isPartOf\":{\"@id\":\"https:\\\/\\\/www.meydan.tv\\\/az\\\/#website\"},\"primaryImageOfPage\":{\"@id\":\"https:\\\/\\\/www.meydan.tv\\\/az\\\/article\\\/vilyam-haciyevin-emellerine-ulu-onder-prezident-qiymet-verib\\\/#primaryimage\"},\"image\":{\"@id\":\"https:\\\/\\\/www.meydan.tv\\\/az\\\/article\\\/vilyam-haciyevin-emellerine-ulu-onder-prezident-qiymet-verib\\\/#primaryimage\"},\"thumbnailUrl\":\"https:\\\/\\\/www.meydan.tv\\\/wp-content\\\/uploads\\\/image_from_ios-25.jpg\",\"datePublished\":\"2022-07-15T11:14:21+00:00\",\"dateModified\":\"2022-07-15T11:14:24+00:00\",\"breadcrumb\":{\"@id\":\"https:\\\/\\\/www.meydan.tv\\\/az\\\/article\\\/vilyam-haciyevin-emellerine-ulu-onder-prezident-qiymet-verib\\\/#breadcrumb\"},\"inLanguage\":\"az\",\"potentialAction\":[{\"@type\":\"ReadAction\",\"target\":[\"https:\\\/\\\/www.meydan.tv\\\/az\\\/article\\\/vilyam-haciyevin-emellerine-ulu-onder-prezident-qiymet-verib\\\/\"]}]},{\"@type\":\"ImageObject\",\"inLanguage\":\"az\",\"@id\":\"https:\\\/\\\/www.meydan.tv\\\/az\\\/article\\\/vilyam-haciyevin-emellerine-ulu-onder-prezident-qiymet-verib\\\/#primaryimage\",\"url\":\"https:\\\/\\\/www.meydan.tv\\\/wp-content\\\/uploads\\\/image_from_ios-25.jpg\",\"contentUrl\":\"https:\\\/\\\/www.meydan.tv\\\/wp-content\\\/uploads\\\/image_from_ios-25.jpg\",\"width\":1422,\"height\":800,\"caption\":\"Vilyam Hac\u0131yev. Foto: Meydan TV\"},{\"@type\":\"BreadcrumbList\",\"@id\":\"https:\\\/\\\/www.meydan.tv\\\/az\\\/article\\\/vilyam-haciyevin-emellerine-ulu-onder-prezident-qiymet-verib\\\/#breadcrumb\",\"itemListElement\":[{\"@type\":\"ListItem\",\"position\":1,\"name\":\"Ana s\u0259hif\u0259\",\"item\":\"https:\\\/\\\/www.meydan.tv\\\/az\\\/\"},{\"@type\":\"ListItem\",\"position\":2,\"name\":\"B\u00f6lg\u0259\",\"item\":\"https:\\\/\\\/www.meydan.tv\\\/az\\\/section\\\/bolge\\\/\"},{\"@type\":\"ListItem\",\"position\":3,\"name\":\"\u201cVilyam Hac\u0131yevin \u0259m\u0259ll\u0259rin\u0259 ulu \u00f6nd\u0259r, prezident qiym\u0259t verib\u201d\"}]},{\"@type\":\"WebSite\",\"@id\":\"https:\\\/\\\/www.meydan.tv\\\/az\\\/#website\",\"url\":\"https:\\\/\\\/www.meydan.tv\\\/az\\\/\",\"name\":\"MEYDAN.TV\",\"description\":\"Meydan TV Az\u0259rbaycan\u0131n media m\u0259kan\u0131ndak\u0131 alternativ s\u0259sidir\",\"publisher\":{\"@id\":\"https:\\\/\\\/www.meydan.tv\\\/az\\\/#organization\"},\"potentialAction\":[{\"@type\":\"SearchAction\",\"target\":{\"@type\":\"EntryPoint\",\"urlTemplate\":\"https:\\\/\\\/www.meydan.tv\\\/az\\\/?s={search_term_string}\"},\"query-input\":{\"@type\":\"PropertyValueSpecification\",\"valueRequired\":true,\"valueName\":\"search_term_string\"}}],\"inLanguage\":\"az\"},{\"@type\":\"Organization\",\"@id\":\"https:\\\/\\\/www.meydan.tv\\\/az\\\/#organization\",\"name\":\"Meydan TV\",\"url\":\"https:\\\/\\\/www.meydan.tv\\\/az\\\/\",\"logo\":{\"@type\":\"ImageObject\",\"inLanguage\":\"az\",\"@id\":\"https:\\\/\\\/www.meydan.tv\\\/az\\\/#\\\/schema\\\/logo\\\/image\\\/\",\"url\":\"https:\\\/\\\/www.meydan.tv\\\/wp-content\\\/uploads\\\/2021\\\/07\\\/meydan-logo.svg\",\"contentUrl\":\"https:\\\/\\\/www.meydan.tv\\\/wp-content\\\/uploads\\\/2021\\\/07\\\/meydan-logo.svg\",\"width\":195,\"height\":46,\"caption\":\"Meydan TV\"},\"image\":{\"@id\":\"https:\\\/\\\/www.meydan.tv\\\/az\\\/#\\\/schema\\\/logo\\\/image\\\/\"}},{\"@type\":\"Person\",\"@id\":\"https:\\\/\\\/www.meydan.tv\\\/az\\\/#\\\/schema\\\/person\\\/9cdbecf90d17180ce1dfbd95b08dcf47\",\"name\":\"elli\",\"sameAs\":[\"https:\\\/\\\/x.com\\\/elli\"]}]}<\/script>\n<!-- \/ Yoast SEO plugin. -->","yoast_head_json":{"title":"\u201cVilyam Hac\u0131yevin \u0259m\u0259ll\u0259rin\u0259 ulu \u00f6nd\u0259r, prezident qiym\u0259t verib\u201d - MEYDAN.TV","robots":{"index":"index","follow":"follow","max-snippet":"max-snippet:-1","max-image-preview":"max-image-preview:large","max-video-preview":"max-video-preview:-1"},"canonical":"https:\/\/www.meydan.tv\/az\/article\/vilyam-haciyevin-emellerine-ulu-onder-prezident-qiymet-verib\/","og_locale":"az_AZ","og_type":"article","og_title":"\u201cVilyam Hac\u0131yevin \u0259m\u0259ll\u0259rin\u0259 ulu \u00f6nd\u0259r, prezident qiym\u0259t verib\u201d - MEYDAN.TV","og_description":"H\u0259bsd\u0259ki icra ba\u015f\u00e7\u0131s\u0131ndan 7.5 milyon pul t\u0259l\u0259b olunur 8 il ... Davam\u0131","og_url":"https:\/\/www.meydan.tv\/az\/article\/vilyam-haciyevin-emellerine-ulu-onder-prezident-qiymet-verib\/","og_site_name":"MEYDAN.TV","article_published_time":"2022-07-15T11:14:21+00:00","article_modified_time":"2022-07-15T11:14:24+00:00","og_image":[{"width":1422,"height":800,"url":"https:\/\/www.meydan.tv\/wp-content\/uploads\/image_from_ios-25.jpg","type":"image\/jpeg"}],"author":"elli","twitter_card":"summary_large_image","twitter_creator":"@elli","schema":{"@context":"https:\/\/schema.org","@graph":[{"@type":"Article","@id":"https:\/\/www.meydan.tv\/az\/article\/vilyam-haciyevin-emellerine-ulu-onder-prezident-qiymet-verib\/#article","isPartOf":{"@id":"https:\/\/www.meydan.tv\/az\/article\/vilyam-haciyevin-emellerine-ulu-onder-prezident-qiymet-verib\/"},"author":{"name":"elli","@id":"https:\/\/www.meydan.tv\/az\/#\/schema\/person\/9cdbecf90d17180ce1dfbd95b08dcf47"},"headline":"\u201cVilyam Hac\u0131yevin \u0259m\u0259ll\u0259rin\u0259 ulu \u00f6nd\u0259r, prezident qiym\u0259t verib\u201d","datePublished":"2022-07-15T11:14:21+00:00","dateModified":"2022-07-15T11:14:24+00:00","mainEntityOfPage":{"@id":"https:\/\/www.meydan.tv\/az\/article\/vilyam-haciyevin-emellerine-ulu-onder-prezident-qiymet-verib\/"},"wordCount":1130,"publisher":{"@id":"https:\/\/www.meydan.tv\/az\/#organization"},"image":{"@id":"https:\/\/www.meydan.tv\/az\/article\/vilyam-haciyevin-emellerine-ulu-onder-prezident-qiymet-verib\/#primaryimage"},"thumbnailUrl":"https:\/\/www.meydan.tv\/wp-content\/uploads\/image_from_ios-25.jpg","articleSection":["B\u00f6lg\u0259","T\u00f6vsiy\u0259","X\u0259b\u0259rl\u0259r"],"inLanguage":"az"},{"@type":"WebPage","@id":"https:\/\/www.meydan.tv\/az\/article\/vilyam-haciyevin-emellerine-ulu-onder-prezident-qiymet-verib\/","url":"https:\/\/www.meydan.tv\/az\/article\/vilyam-haciyevin-emellerine-ulu-onder-prezident-qiymet-verib\/","name":"\u201cVilyam Hac\u0131yevin \u0259m\u0259ll\u0259rin\u0259 ulu \u00f6nd\u0259r, prezident qiym\u0259t verib\u201d - MEYDAN.TV","isPartOf":{"@id":"https:\/\/www.meydan.tv\/az\/#website"},"primaryImageOfPage":{"@id":"https:\/\/www.meydan.tv\/az\/article\/vilyam-haciyevin-emellerine-ulu-onder-prezident-qiymet-verib\/#primaryimage"},"image":{"@id":"https:\/\/www.meydan.tv\/az\/article\/vilyam-haciyevin-emellerine-ulu-onder-prezident-qiymet-verib\/#primaryimage"},"thumbnailUrl":"https:\/\/www.meydan.tv\/wp-content\/uploads\/image_from_ios-25.jpg","datePublished":"2022-07-15T11:14:21+00:00","dateModified":"2022-07-15T11:14:24+00:00","breadcrumb":{"@id":"https:\/\/www.meydan.tv\/az\/article\/vilyam-haciyevin-emellerine-ulu-onder-prezident-qiymet-verib\/#breadcrumb"},"inLanguage":"az","potentialAction":[{"@type":"ReadAction","target":["https:\/\/www.meydan.tv\/az\/article\/vilyam-haciyevin-emellerine-ulu-onder-prezident-qiymet-verib\/"]}]},{"@type":"ImageObject","inLanguage":"az","@id":"https:\/\/www.meydan.tv\/az\/article\/vilyam-haciyevin-emellerine-ulu-onder-prezident-qiymet-verib\/#primaryimage","url":"https:\/\/www.meydan.tv\/wp-content\/uploads\/image_from_ios-25.jpg","contentUrl":"https:\/\/www.meydan.tv\/wp-content\/uploads\/image_from_ios-25.jpg","width":1422,"height":800,"caption":"Vilyam Hac\u0131yev. Foto: Meydan TV"},{"@type":"BreadcrumbList","@id":"https:\/\/www.meydan.tv\/az\/article\/vilyam-haciyevin-emellerine-ulu-onder-prezident-qiymet-verib\/#breadcrumb","itemListElement":[{"@type":"ListItem","position":1,"name":"Ana s\u0259hif\u0259","item":"https:\/\/www.meydan.tv\/az\/"},{"@type":"ListItem","position":2,"name":"B\u00f6lg\u0259","item":"https:\/\/www.meydan.tv\/az\/section\/bolge\/"},{"@type":"ListItem","position":3,"name":"\u201cVilyam Hac\u0131yevin \u0259m\u0259ll\u0259rin\u0259 ulu \u00f6nd\u0259r, prezident qiym\u0259t verib\u201d"}]},{"@type":"WebSite","@id":"https:\/\/www.meydan.tv\/az\/#website","url":"https:\/\/www.meydan.tv\/az\/","name":"MEYDAN.TV","description":"Meydan TV Az\u0259rbaycan\u0131n media m\u0259kan\u0131ndak\u0131 alternativ s\u0259sidir","publisher":{"@id":"https:\/\/www.meydan.tv\/az\/#organization"},"potentialAction":[{"@type":"SearchAction","target":{"@type":"EntryPoint","urlTemplate":"https:\/\/www.meydan.tv\/az\/?s={search_term_string}"},"query-input":{"@type":"PropertyValueSpecification","valueRequired":true,"valueName":"search_term_string"}}],"inLanguage":"az"},{"@type":"Organization","@id":"https:\/\/www.meydan.tv\/az\/#organization","name":"Meydan TV","url":"https:\/\/www.meydan.tv\/az\/","logo":{"@type":"ImageObject","inLanguage":"az","@id":"https:\/\/www.meydan.tv\/az\/#\/schema\/logo\/image\/","url":"https:\/\/www.meydan.tv\/wp-content\/uploads\/2021\/07\/meydan-logo.svg","contentUrl":"https:\/\/www.meydan.tv\/wp-content\/uploads\/2021\/07\/meydan-logo.svg","width":195,"height":46,"caption":"Meydan TV"},"image":{"@id":"https:\/\/www.meydan.tv\/az\/#\/schema\/logo\/image\/"}},{"@type":"Person","@id":"https:\/\/www.meydan.tv\/az\/#\/schema\/person\/9cdbecf90d17180ce1dfbd95b08dcf47","name":"elli","sameAs":["https:\/\/x.com\/elli"]}]}},"_links":{"self":[{"href":"https:\/\/www.meydan.tv\/az\/wp-json\/wp\/v2\/posts\/250938","targetHints":{"allow":["GET"]}}],"collection":[{"href":"https:\/\/www.meydan.tv\/az\/wp-json\/wp\/v2\/posts"}],"about":[{"href":"https:\/\/www.meydan.tv\/az\/wp-json\/wp\/v2\/types\/post"}],"author":[{"embeddable":true,"href":"https:\/\/www.meydan.tv\/az\/wp-json\/wp\/v2\/users\/8"}],"replies":[{"embeddable":true,"href":"https:\/\/www.meydan.tv\/az\/wp-json\/wp\/v2\/comments?post=250938"}],"version-history":[{"count":1,"href":"https:\/\/www.meydan.tv\/az\/wp-json\/wp\/v2\/posts\/250938\/revisions"}],"predecessor-version":[{"id":250939,"href":"https:\/\/www.meydan.tv\/az\/wp-json\/wp\/v2\/posts\/250938\/revisions\/250939"}],"wp:featuredmedia":[{"embeddable":true,"href":"https:\/\/www.meydan.tv\/az\/wp-json\/wp\/v2\/media\/240618"}],"wp:attachment":[{"href":"https:\/\/www.meydan.tv\/az\/wp-json\/wp\/v2\/media?parent=250938"}],"wp:term":[{"taxonomy":"category","embeddable":true,"href":"https:\/\/www.meydan.tv\/az\/wp-json\/wp\/v2\/categories?post=250938"},{"taxonomy":"post_tag","embeddable":true,"href":"https:\/\/www.meydan.tv\/az\/wp-json\/wp\/v2\/tags?post=250938"}],"curies":[{"name":"wp","href":"https:\/\/api.w.org\/{rel}","templated":true}]}}