{"id":250891,"date":"2022-07-14T17:34:46","date_gmt":"2022-07-14T13:34:46","guid":{"rendered":"https:\/\/www.meydan.tv\/?p=250891"},"modified":"2022-07-14T22:28:19","modified_gmt":"2022-07-14T18:28:19","slug":"tulu-sakini-taxta-evde-odun-sobasi-yandiririq-sam-isiginda-otururuq","status":"publish","type":"post","link":"https:\/\/www.meydan.tv\/az\/article\/tulu-sakini-taxta-evde-odun-sobasi-yandiririq-sam-isiginda-otururuq\/","title":{"rendered":"T\u00fcl\u00fc sakini: \u201cTaxta evd\u0259 odun sobas\u0131 yand\u0131r\u0131r\u0131q, \u015fam i\u015f\u0131\u011f\u0131nda otururuq\u201d"},"content":{"rendered":"\n<figure class=\"wp-block-audio\"><audio controls src=\"https:\/\/www.meydan.tv\/wp-content\/uploads\/tulukendi_elnara_kasib.mp3\"><\/audio><\/figure>\n\n\n\n<p><em>\u201cEvd\u0259 ilan, \u0259qr\u0259b \u00f6ld\u00fcrm\u0259kd\u0259n bu i\u015fin pe\u015f\u0259kar\u0131 olmu\u015fuq\u201d<\/em><\/p>\n\n\n\n<p>\u201cAptekl\u0259r\u0259, ma\u011fazalara borcumuz ba\u015fm\u0131zdan a\u015f\u0131r. \u0130\u015f \u00fc\u00e7\u00fcn m\u00fcraci\u0259t edirik, deyirl\u0259r, i\u015f yoxdur, ba\u015f\u0131n\u0131z\u0131 saxlay\u0131n. \u0130ld\u0259 bir d\u0259f\u0259 f\u0131nd\u0131q y\u0131\u011f\u0131m\u0131 olur, gedir\u0259m, y\u0131\u011f\u0131ram, h\u0259r f\u0131nd\u0131q m\u00f6vs\u00fcm\u00fcnd\u0259 iki ay f\u0131nd\u0131q y\u0131\u011f\u0131ram, toplam 500 manat qazanc\u0131m olur, o pulla da aptekl\u0259r\u0259, ma\u011fazalara y\u0131\u011f\u0131lan borcun ki\u00e7ik hiss\u0259sini \u00f6d\u0259y\u0259 bilir\u0259m. Art\u0131q bel\u0259 ya\u015famaqdan bezmi\u015fik\u201d.<\/p>\n\n\n\n<p>Bunu Meydan TV-y\u0259 Balak\u0259nin T\u00fcl\u00fc k\u0259nd sakini Elnar\u0259 Qaraki\u015fiyeva deyir.<\/p>\n\n\n\n<figure class=\"wp-block-image size-full\"><img decoding=\"async\" width=\"1200\" height=\"800\" data-src=\"https:\/\/www.meydan.tv\/wp-content\/uploads\/untitled-design-4-25.jpg\" alt=\"\" class=\"wp-image-250878 lazyload\" src=\"data:image\/svg+xml;base64,PHN2ZyB3aWR0aD0iMSIgaGVpZ2h0PSIxIiB4bWxucz0iaHR0cDovL3d3dy53My5vcmcvMjAwMC9zdmciPjwvc3ZnPg==\" style=\"--smush-placeholder-width: 1200px; --smush-placeholder-aspect-ratio: 1200\/800;\" \/><figcaption>Elnar\u0259 Qaraki\u015fiyeva. Foto: Meydan TV<\/figcaption><\/figure>\n\n\n\n<p><\/p>\n\n\n\n<p><strong>Ev y\u0131\u011f\u0131\u015fd\u0131r\u0131r, f\u0131nd\u0131q sah\u0259l\u0259rind\u0259 i\u015fl\u0259yir, amma\u2026<\/strong><\/p>\n\n\n\n<p>Elnar\u0259 xan\u0131m\u0131n \u00fc\u00e7 \u00f6vlad\u0131 var. Dan\u0131\u015f\u0131r ki, o\u011flu h\u0259rbi xidm\u0259td\u0259dir. 22 ya\u015fl\u0131 q\u0131z\u0131 xeyli m\u00fcdd\u0259tdir ki, \u00f6z\u00fcn\u0259 i\u015f tapa bilmir. 17 ya\u015fl\u0131 o\u011flu g\u00fcn\u0259muzd i\u015fl\u0259r tapanda ev\u0259 10 manat g\u0259tirir. \u00d6z\u00fc is\u0259 evl\u0259r\u0259 y\u0131r-y\u0131\u011f\u0131\u015fa da gedir. M\u00f6vs\u00fcmi i\u015fl\u0259r tapma\u011fa \u00e7al\u015f\u0131r, d\u00fc\u015f\u0259nd\u0259 f\u0131nd\u0131q sah\u0259l\u0259rind\u0259 f\u0131nd\u0131q y\u0131\u011f\u0131r. Ancaq b\u00fct\u00fcn bunlar dolan\u0131\u015f\u0131\u011fa yetmir:<\/p>\n\n\n\n<p>\u201cQ\u0131z\u0131m\u0131n boyu inki\u015faf etm\u0259diyin\u0259 g\u00f6r\u0259 he\u00e7 yerd\u0259 i\u015f tapa bilmir. \u00d6z\u00fcm psixoloji problemli insanam. Ya\u015fad\u0131\u011f\u0131m ev taxtadand\u0131r, k\u0259narlar\u0131n\u0131 bo\u015f un kis\u0259l\u0259riyl\u0259 ba\u011flam\u0131\u015f\u0131q. Deyirl\u0259r, s\u00f6k, da\u015fdan ev tik, qaz x\u0259tti \u00e7\u0259k\u0259k. Yay-q\u0131\u015f odun sobas\u0131ndan istifad\u0259 edirik. D\u0259f\u0259l\u0259rl\u0259 yan\u011f\u0131n olub, \u015f\u00fck\u00fcr ki, \u00fcst\u00fcn\u0259 tez d\u00fc\u015f\u00fcb, s\u00f6nd\u00fcrm\u00fc\u015f\u00fck\u201d.<\/p>\n\n\n\n<figure class=\"wp-block-image size-full\"><img decoding=\"async\" width=\"1000\" height=\"750\" data-src=\"https:\/\/www.meydan.tv\/wp-content\/uploads\/ev4.jpeg\" alt=\"\" class=\"wp-image-250887 lazyload\" src=\"data:image\/svg+xml;base64,PHN2ZyB3aWR0aD0iMSIgaGVpZ2h0PSIxIiB4bWxucz0iaHR0cDovL3d3dy53My5vcmcvMjAwMC9zdmciPjwvc3ZnPg==\" style=\"--smush-placeholder-width: 1000px; --smush-placeholder-aspect-ratio: 1000\/750;\" \/><figcaption>Qaraki\u015fiyevl\u0259rin evi. Foto: Meydan TV<\/figcaption><\/figure>\n\n\n\n<p><strong>\u201cAptekl\u0259r d\u0259 daha m\u0259n\u0259 d\u0259rman satm\u0131r\u201d<\/strong><\/p>\n\n\n\n<p>Taxta ev h\u0259m d\u0259 \u00e7ox vaxt \u015famla i\u015f\u0131qland\u0131r\u0131l\u0131r. \u00c7\u00fcnki ail\u0259 ehtiyac \u00fcz\u00fcnd\u0259n i\u015f\u0131qpulu da \u00f6d\u0259y\u0259 bilm\u0259y\u0259nd\u0259 i\u015f\u0131qs\u0131z qal\u0131r:<\/p>\n\n\n\n<p>\u201cDediyim kimi, 21-ci \u0259srd\u0259 biz h\u0259l\u0259 d\u0259 taxta evd\u0259 sobadan istifad\u0259 edirik, i\u015f\u0131qpulu \u00f6d\u0259y\u0259 bilm\u0259y\u0259nd\u0259 d\u0259 \u015fam i\u015f\u0131\u011f\u0131nda otururuq. Q\u0131\u015f\u0131 \u0259l-aya\u011f\u0131m\u0131z dona-dona \u00f6t\u00fcr\u00fcr\u00fck, yay\u0131n da ba\u015fqa \u0259zab\u0131 var. \u00c7\u00f6l\u00fcn ilan\u0131, qurd-qu\u015fu evd\u0259n \u0259skik olmur. Bu yax\u0131nlarda u\u015faq yor\u011fan\u0131 qald\u0131r\u0131b yerin\u0259 girm\u0259k ist\u0259y\u0259nd\u0259 g\u00f6rd\u00fck ki, d\u00f6\u015f\u0259yin \u00fcst\u00fcnd\u0259 ilan q\u0131vr\u0131l\u0131b, qal\u0131b. \u0130lan, \u0259qr\u0259b \u00f6ld\u00fcrm\u0259kd\u0259n bu i\u015fin pe\u015f\u0259kar\u0131 olmu\u015fuq\u201d.<\/p>\n\n\n\n<p>Elnar\u0259 xan\u0131m panik ataklardan \u0259ziyy\u0259t \u00e7\u0259kir. Ancaq imkans\u0131zl\u0131qdan m\u00fcalic\u0259 ala bilmir. Rayon x\u0259st\u0259xanas\u0131nda bir h\u0259kim aradabir \u00f6z\u00fc ona d\u0259rmanlar al\u0131b verir. Deyir, aptekl\u0259r\u0259 borcu y\u0131\u011f\u0131ld\u0131\u011f\u0131na g\u00f6r\u0259, art\u0131q aptekl\u0259r d\u0259 ona d\u0259rman satm\u0131r.<\/p>\n\n\n\n<figure class=\"wp-block-image size-large\"><img decoding=\"async\" width=\"1095\" height=\"821\" data-src=\"https:\/\/www.meydan.tv\/wp-content\/uploads\/ev3-1095x821.jpeg\" alt=\"\" class=\"wp-image-250884 lazyload\" src=\"data:image\/svg+xml;base64,PHN2ZyB3aWR0aD0iMSIgaGVpZ2h0PSIxIiB4bWxucz0iaHR0cDovL3d3dy53My5vcmcvMjAwMC9zdmciPjwvc3ZnPg==\" style=\"--smush-placeholder-width: 1095px; --smush-placeholder-aspect-ratio: 1095\/821;\" \/><figcaption>Qaraki\u015fiyevl\u0259rin evi. Foto: Meydan TV<\/figcaption><\/figure>\n\n\n\n<p>\u201c<strong>Deyirl\u0259r, halald\u0131r s\u0259n\u0259, bu \u015f\u0259raitd\u0259 v\u0259t\u0259n\u0259 \u0259sg\u0259r b\u00f6y\u00fcd\u00fcrs\u0259n\u201d<\/strong><\/p>\n\n\n\n<p>Elnar\u0259 Qaraki\u015fiyeva taxta evin yerind\u0259 da\u015fdan ev tikm\u0259k \u00fc\u00e7\u00fcn icra hakimiyy\u0259tind\u0259n k\u00f6m\u0259k ist\u0259yib. \u0130cra hakimiyy\u0259ti tikinti material\u0131 \u00fc\u00e7\u00fcn onu k\u0259nd b\u0259l\u0259diyy\u0259sinin \u00fcst\u00fcn\u0259 g\u00f6nd\u0259rib. B\u0259l\u0259diyy\u0259d\u0259ns\u0259 xan\u0131ma bildirilib ki, fondda pul yoxdur:<\/p>\n\n\n\n<p>\u201c\u0130cra hakimiyy\u0259tind\u0259n g\u0259lib bir ne\u00e7\u0259 d\u0259f\u0259 ev\u0259 bax\u0131blar. H\u0259r d\u0259f\u0259 d\u0259 deyirl\u0259r, halald\u0131r s\u0259n\u0259, s\u0259n yax\u015f\u0131 anasan ki, bu c\u00fcr \u015f\u0259raitd\u0259 v\u0259t\u0259n \u00fc\u00e7\u00fcn \u0259sg\u0259rl\u0259r b\u00f6y\u00fcd\u00fcrs\u0259n. Bu, h\u0259r adam\u0131n i\u015fi deyil. Yaz\u0131qlar\u0131 g\u0259lir, deyirl\u0259r, g\u00f6r\u0259k n\u0259 ed\u0259 bilirik, \u00e7\u0131x\u0131b gedirl\u0259r. Ancaq bir m\u00fcdd\u0259td\u0259n sonra cavab verirl\u0259r ki, s\u0259n\u0259 ev \u015f\u0259raitini d\u00fcz\u0259ltm\u0259k bizim s\u0259lahiyy\u0259timiz\u0259 aid deyil\u201d.<\/p>\n\n\n\n<figure class=\"wp-block-image size-large\"><img decoding=\"async\" width=\"616\" height=\"821\" data-src=\"https:\/\/www.meydan.tv\/wp-content\/uploads\/nazirlik_mektub-616x821.jpeg\" alt=\"\" class=\"wp-image-250881 lazyload\" src=\"data:image\/svg+xml;base64,PHN2ZyB3aWR0aD0iMSIgaGVpZ2h0PSIxIiB4bWxucz0iaHR0cDovL3d3dy53My5vcmcvMjAwMC9zdmciPjwvc3ZnPg==\" style=\"--smush-placeholder-width: 616px; --smush-placeholder-aspect-ratio: 616\/821;\" \/><figcaption> \u018fm\u0259k v\u0259 \u018fhalinin Sosial M\u00fcdafi\u0259si Nazirliyinin cavab\u0131. Foto: Meydan TV<\/figcaption><\/figure>\n\n\n\n<p>Elnar\u0259 Qaraki\u015fiyeva \u018fm\u0259k v\u0259 \u018fhalinin Sosial M\u00fcdafi\u0259si Nazirliyin\u0259 d\u0259 m\u00fcraci\u0259t edib. Nazirliyin Tikilm\u0259kd\u0259 Olan Obyektl\u0259rin M\u00fcdiriyy\u0259ti t\u0259r\u0259find\u0259n ail\u0259y\u0259 g\u00f6nd\u0259ril\u0259n m\u0259ktubda qeyd olunub ki, qurum yaln\u0131z m\u00fcharib\u0259 \u0259lill\u0259ri v\u0259 \u015f\u0259hid ail\u0259l\u0259rinin m\u0259nzil \u015f\u0259raitinin yax\u015f\u0131la\u015fd\u0131r\u0131lmas\u0131yla m\u0259\u015f\u011ful olur. V\u0259t\u0259nda\u015flar\u0131n ya\u015fay\u0131\u015f evl\u0259rinin t\u0259mir olunmas\u0131 \u00fc\u00e7\u00fcn nazirliy\u0259 b\u00fcdc\u0259d\u0259n v\u0259sait ayr\u0131lm\u0131r.<\/p>\n\n\n\n<p>Elnar\u0259 xan\u0131m quruma \u00fcnvanl\u0131 sosial yard\u0131m \u00fc\u00e7\u00fcn d\u0259 m\u00fcraci\u0259t edib. Ona cavab verilib ki, \u00fcnvanl\u0131 sosial yard\u0131m t\u0259yinat\u0131 \u00fc\u00e7\u00fcn ail\u0259 \u00fczvl\u0259ri i\u015fl\u0259m\u0259lidir, r\u0259smi g\u0259lir yerl\u0259ri olmal\u0131d\u0131r.<\/p>\n\n\n\n<p>Balak\u0259n Rayon \u0130cra Hakimiyy\u0259tind\u0259n Meydan TV-y\u0259 bildirilib ki, ail\u0259 m\u0259nzil-m\u0259i\u015f\u0259t \u015f\u0259raitini \u00f6z\u00fc d\u00fcz\u0259ltm\u0259lidir.<\/p>\n\n\n\n<figure class=\"wp-block-image size-large\"><img decoding=\"async\" width=\"616\" height=\"821\" data-src=\"https:\/\/www.meydan.tv\/wp-content\/uploads\/icrahakimiyyeti_mektub-616x821.jpeg\" alt=\"\" class=\"wp-image-250872 lazyload\" src=\"data:image\/svg+xml;base64,PHN2ZyB3aWR0aD0iMSIgaGVpZ2h0PSIxIiB4bWxucz0iaHR0cDovL3d3dy53My5vcmcvMjAwMC9zdmciPjwvc3ZnPg==\" style=\"--smush-placeholder-width: 616px; --smush-placeholder-aspect-ratio: 616\/821;\" \/><figcaption>\u0130cra hakimiyy\u0259tinin cavab\u0131. Foto: Meydan TV<\/figcaption><\/figure>\n\n\n\n<p>\u201cElnar\u0259 Qaraki\u015fiyeva quruma m\u00fcraci\u0259t edib, ona h\u0259m r\u0259smi, h\u0259m d\u0259 \u015fifahi bildirilib ki, d\u00f6vl\u0259t t\u0259r\u0259find\u0259n evl\u0259 t\u0259min olunma g\u00fcz\u0259\u015fti h\u0259l\u0259lik yaln\u0131z m\u00fcharib\u0259 \u0259lill\u0259rin\u0259 v\u0259 \u015f\u0259hid ail\u0259l\u0259rin\u0259 \u015famil olunur. \u0130\u015fl\u0259 t\u0259min olunma m\u0259s\u0259l\u0259sin\u0259 g\u0259linc\u0259, ail\u0259 \u00fczvl\u0259ri D\u00f6vl\u0259t M\u0259\u015f\u011fulluq Agentliyinin \u015e\u0259ki-Zaqatala Regional M\u0259\u015f\u0259ulluq Filial\u0131na m\u00fcraci\u0259t ets\u0259, daha do\u011fru olar\u201d, &#8211; icra hakimiyy\u0259tind\u0259n bildirilib.<\/p>\n","protected":false},"excerpt":{"rendered":"<p>\u201cEvd\u0259 ilan, \u0259qr\u0259b \u00f6ld\u00fcrm\u0259kd\u0259n bu i\u015fin pe\u015f\u0259kar\u0131 olmu\u015fuq\u201d \u201cAptekl\u0259r\u0259, ma\u011fazalara &#8230; <\/p>\n<p class=\"read-more-container\"><a title=\"T\u00fcl\u00fc sakini: \u201cTaxta evd\u0259 odun sobas\u0131 yand\u0131r\u0131r\u0131q, \u015fam i\u015f\u0131\u011f\u0131nda otururuq\u201d\" class=\"read-more button\" href=\"https:\/\/www.meydan.tv\/az\/article\/tulu-sakini-taxta-evde-odun-sobasi-yandiririq-sam-isiginda-otururuq\/#more-250891\" aria-label=\"Read more about T\u00fcl\u00fc sakini: \u201cTaxta evd\u0259 odun sobas\u0131 yand\u0131r\u0131r\u0131q, \u015fam i\u015f\u0131\u011f\u0131nda otururuq\u201d\">Davam\u0131<\/a><\/p>\n","protected":false},"author":8,"featured_media":250875,"comment_status":"closed","ping_status":"closed","sticky":false,"template":"","format":"standard","meta":{"_acf_changed":false,"_sitemap_exclude":false,"_sitemap_priority":"","_sitemap_frequency":"","footnotes":""},"categories":[60,79,56],"tags":[],"class_list":["post-250891","post","type-post","status-publish","format-standard","has-post-thumbnail","hentry","category-bolge","category-featured","category-xeberler","infinite-scroll-item","generate-columns","tablet-grid-50","mobile-grid-100","grid-parent","grid-33","no-featured-image-padding"],"acf":[],"yoast_head":"<!-- This site is optimized with the Yoast SEO plugin v27.5 - https:\/\/yoast.com\/product\/yoast-seo-wordpress\/ -->\n<title>T\u00fcl\u00fc sakini: \u201cTaxta evd\u0259 odun sobas\u0131 yand\u0131r\u0131r\u0131q, \u015fam i\u015f\u0131\u011f\u0131nda otururuq\u201d - MEYDAN.TV<\/title>\n<meta name=\"robots\" content=\"index, follow, max-snippet:-1, max-image-preview:large, max-video-preview:-1\" \/>\n<link rel=\"canonical\" href=\"https:\/\/www.meydan.tv\/az\/article\/tulu-sakini-taxta-evde-odun-sobasi-yandiririq-sam-isiginda-otururuq\/\" \/>\n<meta property=\"og:locale\" content=\"az_AZ\" \/>\n<meta property=\"og:type\" content=\"article\" \/>\n<meta property=\"og:title\" content=\"T\u00fcl\u00fc sakini: \u201cTaxta evd\u0259 odun sobas\u0131 yand\u0131r\u0131r\u0131q, \u015fam i\u015f\u0131\u011f\u0131nda otururuq\u201d - MEYDAN.TV\" \/>\n<meta property=\"og:description\" content=\"\u201cEvd\u0259 ilan, \u0259qr\u0259b \u00f6ld\u00fcrm\u0259kd\u0259n bu i\u015fin pe\u015f\u0259kar\u0131 olmu\u015fuq\u201d \u201cAptekl\u0259r\u0259, ma\u011fazalara ... Davam\u0131\" \/>\n<meta property=\"og:url\" content=\"https:\/\/www.meydan.tv\/az\/article\/tulu-sakini-taxta-evde-odun-sobasi-yandiririq-sam-isiginda-otururuq\/\" \/>\n<meta property=\"og:site_name\" content=\"MEYDAN.TV\" \/>\n<meta property=\"article:published_time\" content=\"2022-07-14T13:34:46+00:00\" \/>\n<meta property=\"article:modified_time\" content=\"2022-07-14T18:28:19+00:00\" \/>\n<meta property=\"og:image\" content=\"https:\/\/www.meydan.tv\/wp-content\/uploads\/ev1.jpeg\" \/>\n\t<meta property=\"og:image:width\" content=\"1200\" \/>\n\t<meta property=\"og:image:height\" content=\"900\" \/>\n\t<meta property=\"og:image:type\" content=\"image\/jpeg\" \/>\n<meta name=\"author\" content=\"elli\" \/>\n<meta name=\"twitter:card\" content=\"summary_large_image\" \/>\n<meta name=\"twitter:creator\" content=\"@elli\" \/>\n<script type=\"application\/ld+json\" class=\"yoast-schema-graph\">{\"@context\":\"https:\\\/\\\/schema.org\",\"@graph\":[{\"@type\":\"Article\",\"@id\":\"https:\\\/\\\/www.meydan.tv\\\/az\\\/article\\\/tulu-sakini-taxta-evde-odun-sobasi-yandiririq-sam-isiginda-otururuq\\\/#article\",\"isPartOf\":{\"@id\":\"https:\\\/\\\/www.meydan.tv\\\/az\\\/article\\\/tulu-sakini-taxta-evde-odun-sobasi-yandiririq-sam-isiginda-otururuq\\\/\"},\"author\":{\"name\":\"elli\",\"@id\":\"https:\\\/\\\/www.meydan.tv\\\/az\\\/#\\\/schema\\\/person\\\/9cdbecf90d17180ce1dfbd95b08dcf47\"},\"headline\":\"T\u00fcl\u00fc sakini: \u201cTaxta evd\u0259 odun sobas\u0131 yand\u0131r\u0131r\u0131q, \u015fam i\u015f\u0131\u011f\u0131nda otururuq\u201d\",\"datePublished\":\"2022-07-14T13:34:46+00:00\",\"dateModified\":\"2022-07-14T18:28:19+00:00\",\"mainEntityOfPage\":{\"@id\":\"https:\\\/\\\/www.meydan.tv\\\/az\\\/article\\\/tulu-sakini-taxta-evde-odun-sobasi-yandiririq-sam-isiginda-otururuq\\\/\"},\"wordCount\":934,\"publisher\":{\"@id\":\"https:\\\/\\\/www.meydan.tv\\\/az\\\/#organization\"},\"image\":{\"@id\":\"https:\\\/\\\/www.meydan.tv\\\/az\\\/article\\\/tulu-sakini-taxta-evde-odun-sobasi-yandiririq-sam-isiginda-otururuq\\\/#primaryimage\"},\"thumbnailUrl\":\"https:\\\/\\\/www.meydan.tv\\\/wp-content\\\/uploads\\\/ev1.jpeg\",\"articleSection\":[\"B\u00f6lg\u0259\",\"T\u00f6vsiy\u0259\",\"X\u0259b\u0259rl\u0259r\"],\"inLanguage\":\"az\"},{\"@type\":\"WebPage\",\"@id\":\"https:\\\/\\\/www.meydan.tv\\\/az\\\/article\\\/tulu-sakini-taxta-evde-odun-sobasi-yandiririq-sam-isiginda-otururuq\\\/\",\"url\":\"https:\\\/\\\/www.meydan.tv\\\/az\\\/article\\\/tulu-sakini-taxta-evde-odun-sobasi-yandiririq-sam-isiginda-otururuq\\\/\",\"name\":\"T\u00fcl\u00fc sakini: \u201cTaxta evd\u0259 odun sobas\u0131 yand\u0131r\u0131r\u0131q, \u015fam i\u015f\u0131\u011f\u0131nda otururuq\u201d - MEYDAN.TV\",\"isPartOf\":{\"@id\":\"https:\\\/\\\/www.meydan.tv\\\/az\\\/#website\"},\"primaryImageOfPage\":{\"@id\":\"https:\\\/\\\/www.meydan.tv\\\/az\\\/article\\\/tulu-sakini-taxta-evde-odun-sobasi-yandiririq-sam-isiginda-otururuq\\\/#primaryimage\"},\"image\":{\"@id\":\"https:\\\/\\\/www.meydan.tv\\\/az\\\/article\\\/tulu-sakini-taxta-evde-odun-sobasi-yandiririq-sam-isiginda-otururuq\\\/#primaryimage\"},\"thumbnailUrl\":\"https:\\\/\\\/www.meydan.tv\\\/wp-content\\\/uploads\\\/ev1.jpeg\",\"datePublished\":\"2022-07-14T13:34:46+00:00\",\"dateModified\":\"2022-07-14T18:28:19+00:00\",\"breadcrumb\":{\"@id\":\"https:\\\/\\\/www.meydan.tv\\\/az\\\/article\\\/tulu-sakini-taxta-evde-odun-sobasi-yandiririq-sam-isiginda-otururuq\\\/#breadcrumb\"},\"inLanguage\":\"az\",\"potentialAction\":[{\"@type\":\"ReadAction\",\"target\":[\"https:\\\/\\\/www.meydan.tv\\\/az\\\/article\\\/tulu-sakini-taxta-evde-odun-sobasi-yandiririq-sam-isiginda-otururuq\\\/\"]}]},{\"@type\":\"ImageObject\",\"inLanguage\":\"az\",\"@id\":\"https:\\\/\\\/www.meydan.tv\\\/az\\\/article\\\/tulu-sakini-taxta-evde-odun-sobasi-yandiririq-sam-isiginda-otururuq\\\/#primaryimage\",\"url\":\"https:\\\/\\\/www.meydan.tv\\\/wp-content\\\/uploads\\\/ev1.jpeg\",\"contentUrl\":\"https:\\\/\\\/www.meydan.tv\\\/wp-content\\\/uploads\\\/ev1.jpeg\",\"width\":1200,\"height\":900},{\"@type\":\"BreadcrumbList\",\"@id\":\"https:\\\/\\\/www.meydan.tv\\\/az\\\/article\\\/tulu-sakini-taxta-evde-odun-sobasi-yandiririq-sam-isiginda-otururuq\\\/#breadcrumb\",\"itemListElement\":[{\"@type\":\"ListItem\",\"position\":1,\"name\":\"Ana s\u0259hif\u0259\",\"item\":\"https:\\\/\\\/www.meydan.tv\\\/az\\\/\"},{\"@type\":\"ListItem\",\"position\":2,\"name\":\"B\u00f6lg\u0259\",\"item\":\"https:\\\/\\\/www.meydan.tv\\\/az\\\/section\\\/bolge\\\/\"},{\"@type\":\"ListItem\",\"position\":3,\"name\":\"T\u00fcl\u00fc sakini: \u201cTaxta evd\u0259 odun sobas\u0131 yand\u0131r\u0131r\u0131q, \u015fam i\u015f\u0131\u011f\u0131nda otururuq\u201d\"}]},{\"@type\":\"WebSite\",\"@id\":\"https:\\\/\\\/www.meydan.tv\\\/az\\\/#website\",\"url\":\"https:\\\/\\\/www.meydan.tv\\\/az\\\/\",\"name\":\"MEYDAN.TV\",\"description\":\"Meydan TV Az\u0259rbaycan\u0131n media m\u0259kan\u0131ndak\u0131 alternativ s\u0259sidir\",\"publisher\":{\"@id\":\"https:\\\/\\\/www.meydan.tv\\\/az\\\/#organization\"},\"potentialAction\":[{\"@type\":\"SearchAction\",\"target\":{\"@type\":\"EntryPoint\",\"urlTemplate\":\"https:\\\/\\\/www.meydan.tv\\\/az\\\/?s={search_term_string}\"},\"query-input\":{\"@type\":\"PropertyValueSpecification\",\"valueRequired\":true,\"valueName\":\"search_term_string\"}}],\"inLanguage\":\"az\"},{\"@type\":\"Organization\",\"@id\":\"https:\\\/\\\/www.meydan.tv\\\/az\\\/#organization\",\"name\":\"Meydan TV\",\"url\":\"https:\\\/\\\/www.meydan.tv\\\/az\\\/\",\"logo\":{\"@type\":\"ImageObject\",\"inLanguage\":\"az\",\"@id\":\"https:\\\/\\\/www.meydan.tv\\\/az\\\/#\\\/schema\\\/logo\\\/image\\\/\",\"url\":\"https:\\\/\\\/www.meydan.tv\\\/wp-content\\\/uploads\\\/2021\\\/07\\\/meydan-logo.svg\",\"contentUrl\":\"https:\\\/\\\/www.meydan.tv\\\/wp-content\\\/uploads\\\/2021\\\/07\\\/meydan-logo.svg\",\"width\":195,\"height\":46,\"caption\":\"Meydan TV\"},\"image\":{\"@id\":\"https:\\\/\\\/www.meydan.tv\\\/az\\\/#\\\/schema\\\/logo\\\/image\\\/\"}},{\"@type\":\"Person\",\"@id\":\"https:\\\/\\\/www.meydan.tv\\\/az\\\/#\\\/schema\\\/person\\\/9cdbecf90d17180ce1dfbd95b08dcf47\",\"name\":\"elli\",\"sameAs\":[\"https:\\\/\\\/x.com\\\/elli\"]}]}<\/script>\n<!-- \/ Yoast SEO plugin. -->","yoast_head_json":{"title":"T\u00fcl\u00fc sakini: \u201cTaxta evd\u0259 odun sobas\u0131 yand\u0131r\u0131r\u0131q, \u015fam i\u015f\u0131\u011f\u0131nda otururuq\u201d - MEYDAN.TV","robots":{"index":"index","follow":"follow","max-snippet":"max-snippet:-1","max-image-preview":"max-image-preview:large","max-video-preview":"max-video-preview:-1"},"canonical":"https:\/\/www.meydan.tv\/az\/article\/tulu-sakini-taxta-evde-odun-sobasi-yandiririq-sam-isiginda-otururuq\/","og_locale":"az_AZ","og_type":"article","og_title":"T\u00fcl\u00fc sakini: \u201cTaxta evd\u0259 odun sobas\u0131 yand\u0131r\u0131r\u0131q, \u015fam i\u015f\u0131\u011f\u0131nda otururuq\u201d - MEYDAN.TV","og_description":"\u201cEvd\u0259 ilan, \u0259qr\u0259b \u00f6ld\u00fcrm\u0259kd\u0259n bu i\u015fin pe\u015f\u0259kar\u0131 olmu\u015fuq\u201d \u201cAptekl\u0259r\u0259, ma\u011fazalara ... Davam\u0131","og_url":"https:\/\/www.meydan.tv\/az\/article\/tulu-sakini-taxta-evde-odun-sobasi-yandiririq-sam-isiginda-otururuq\/","og_site_name":"MEYDAN.TV","article_published_time":"2022-07-14T13:34:46+00:00","article_modified_time":"2022-07-14T18:28:19+00:00","og_image":[{"width":1200,"height":900,"url":"https:\/\/www.meydan.tv\/wp-content\/uploads\/ev1.jpeg","type":"image\/jpeg"}],"author":"elli","twitter_card":"summary_large_image","twitter_creator":"@elli","schema":{"@context":"https:\/\/schema.org","@graph":[{"@type":"Article","@id":"https:\/\/www.meydan.tv\/az\/article\/tulu-sakini-taxta-evde-odun-sobasi-yandiririq-sam-isiginda-otururuq\/#article","isPartOf":{"@id":"https:\/\/www.meydan.tv\/az\/article\/tulu-sakini-taxta-evde-odun-sobasi-yandiririq-sam-isiginda-otururuq\/"},"author":{"name":"elli","@id":"https:\/\/www.meydan.tv\/az\/#\/schema\/person\/9cdbecf90d17180ce1dfbd95b08dcf47"},"headline":"T\u00fcl\u00fc sakini: \u201cTaxta evd\u0259 odun sobas\u0131 yand\u0131r\u0131r\u0131q, \u015fam i\u015f\u0131\u011f\u0131nda otururuq\u201d","datePublished":"2022-07-14T13:34:46+00:00","dateModified":"2022-07-14T18:28:19+00:00","mainEntityOfPage":{"@id":"https:\/\/www.meydan.tv\/az\/article\/tulu-sakini-taxta-evde-odun-sobasi-yandiririq-sam-isiginda-otururuq\/"},"wordCount":934,"publisher":{"@id":"https:\/\/www.meydan.tv\/az\/#organization"},"image":{"@id":"https:\/\/www.meydan.tv\/az\/article\/tulu-sakini-taxta-evde-odun-sobasi-yandiririq-sam-isiginda-otururuq\/#primaryimage"},"thumbnailUrl":"https:\/\/www.meydan.tv\/wp-content\/uploads\/ev1.jpeg","articleSection":["B\u00f6lg\u0259","T\u00f6vsiy\u0259","X\u0259b\u0259rl\u0259r"],"inLanguage":"az"},{"@type":"WebPage","@id":"https:\/\/www.meydan.tv\/az\/article\/tulu-sakini-taxta-evde-odun-sobasi-yandiririq-sam-isiginda-otururuq\/","url":"https:\/\/www.meydan.tv\/az\/article\/tulu-sakini-taxta-evde-odun-sobasi-yandiririq-sam-isiginda-otururuq\/","name":"T\u00fcl\u00fc sakini: \u201cTaxta evd\u0259 odun sobas\u0131 yand\u0131r\u0131r\u0131q, \u015fam i\u015f\u0131\u011f\u0131nda otururuq\u201d - MEYDAN.TV","isPartOf":{"@id":"https:\/\/www.meydan.tv\/az\/#website"},"primaryImageOfPage":{"@id":"https:\/\/www.meydan.tv\/az\/article\/tulu-sakini-taxta-evde-odun-sobasi-yandiririq-sam-isiginda-otururuq\/#primaryimage"},"image":{"@id":"https:\/\/www.meydan.tv\/az\/article\/tulu-sakini-taxta-evde-odun-sobasi-yandiririq-sam-isiginda-otururuq\/#primaryimage"},"thumbnailUrl":"https:\/\/www.meydan.tv\/wp-content\/uploads\/ev1.jpeg","datePublished":"2022-07-14T13:34:46+00:00","dateModified":"2022-07-14T18:28:19+00:00","breadcrumb":{"@id":"https:\/\/www.meydan.tv\/az\/article\/tulu-sakini-taxta-evde-odun-sobasi-yandiririq-sam-isiginda-otururuq\/#breadcrumb"},"inLanguage":"az","potentialAction":[{"@type":"ReadAction","target":["https:\/\/www.meydan.tv\/az\/article\/tulu-sakini-taxta-evde-odun-sobasi-yandiririq-sam-isiginda-otururuq\/"]}]},{"@type":"ImageObject","inLanguage":"az","@id":"https:\/\/www.meydan.tv\/az\/article\/tulu-sakini-taxta-evde-odun-sobasi-yandiririq-sam-isiginda-otururuq\/#primaryimage","url":"https:\/\/www.meydan.tv\/wp-content\/uploads\/ev1.jpeg","contentUrl":"https:\/\/www.meydan.tv\/wp-content\/uploads\/ev1.jpeg","width":1200,"height":900},{"@type":"BreadcrumbList","@id":"https:\/\/www.meydan.tv\/az\/article\/tulu-sakini-taxta-evde-odun-sobasi-yandiririq-sam-isiginda-otururuq\/#breadcrumb","itemListElement":[{"@type":"ListItem","position":1,"name":"Ana s\u0259hif\u0259","item":"https:\/\/www.meydan.tv\/az\/"},{"@type":"ListItem","position":2,"name":"B\u00f6lg\u0259","item":"https:\/\/www.meydan.tv\/az\/section\/bolge\/"},{"@type":"ListItem","position":3,"name":"T\u00fcl\u00fc sakini: \u201cTaxta evd\u0259 odun sobas\u0131 yand\u0131r\u0131r\u0131q, \u015fam i\u015f\u0131\u011f\u0131nda otururuq\u201d"}]},{"@type":"WebSite","@id":"https:\/\/www.meydan.tv\/az\/#website","url":"https:\/\/www.meydan.tv\/az\/","name":"MEYDAN.TV","description":"Meydan TV Az\u0259rbaycan\u0131n media m\u0259kan\u0131ndak\u0131 alternativ s\u0259sidir","publisher":{"@id":"https:\/\/www.meydan.tv\/az\/#organization"},"potentialAction":[{"@type":"SearchAction","target":{"@type":"EntryPoint","urlTemplate":"https:\/\/www.meydan.tv\/az\/?s={search_term_string}"},"query-input":{"@type":"PropertyValueSpecification","valueRequired":true,"valueName":"search_term_string"}}],"inLanguage":"az"},{"@type":"Organization","@id":"https:\/\/www.meydan.tv\/az\/#organization","name":"Meydan TV","url":"https:\/\/www.meydan.tv\/az\/","logo":{"@type":"ImageObject","inLanguage":"az","@id":"https:\/\/www.meydan.tv\/az\/#\/schema\/logo\/image\/","url":"https:\/\/www.meydan.tv\/wp-content\/uploads\/2021\/07\/meydan-logo.svg","contentUrl":"https:\/\/www.meydan.tv\/wp-content\/uploads\/2021\/07\/meydan-logo.svg","width":195,"height":46,"caption":"Meydan TV"},"image":{"@id":"https:\/\/www.meydan.tv\/az\/#\/schema\/logo\/image\/"}},{"@type":"Person","@id":"https:\/\/www.meydan.tv\/az\/#\/schema\/person\/9cdbecf90d17180ce1dfbd95b08dcf47","name":"elli","sameAs":["https:\/\/x.com\/elli"]}]}},"_links":{"self":[{"href":"https:\/\/www.meydan.tv\/az\/wp-json\/wp\/v2\/posts\/250891","targetHints":{"allow":["GET"]}}],"collection":[{"href":"https:\/\/www.meydan.tv\/az\/wp-json\/wp\/v2\/posts"}],"about":[{"href":"https:\/\/www.meydan.tv\/az\/wp-json\/wp\/v2\/types\/post"}],"author":[{"embeddable":true,"href":"https:\/\/www.meydan.tv\/az\/wp-json\/wp\/v2\/users\/8"}],"replies":[{"embeddable":true,"href":"https:\/\/www.meydan.tv\/az\/wp-json\/wp\/v2\/comments?post=250891"}],"version-history":[{"count":2,"href":"https:\/\/www.meydan.tv\/az\/wp-json\/wp\/v2\/posts\/250891\/revisions"}],"predecessor-version":[{"id":250907,"href":"https:\/\/www.meydan.tv\/az\/wp-json\/wp\/v2\/posts\/250891\/revisions\/250907"}],"wp:featuredmedia":[{"embeddable":true,"href":"https:\/\/www.meydan.tv\/az\/wp-json\/wp\/v2\/media\/250875"}],"wp:attachment":[{"href":"https:\/\/www.meydan.tv\/az\/wp-json\/wp\/v2\/media?parent=250891"}],"wp:term":[{"taxonomy":"category","embeddable":true,"href":"https:\/\/www.meydan.tv\/az\/wp-json\/wp\/v2\/categories?post=250891"},{"taxonomy":"post_tag","embeddable":true,"href":"https:\/\/www.meydan.tv\/az\/wp-json\/wp\/v2\/tags?post=250891"}],"curies":[{"name":"wp","href":"https:\/\/api.w.org\/{rel}","templated":true}]}}